{"id":4511,"date":"2019-06-21T01:30:06","date_gmt":"2019-06-20T22:30:06","guid":{"rendered":"https:\/\/super-news.info\/hu\/megerositette-az-amerikai-hadsereg-hogy-lelottek-az-egyik-dronjat\/"},"modified":"2019-06-21T01:30:07","modified_gmt":"2019-06-20T22:30:07","slug":"megerositette-az-amerikai-hadsereg-hogy-lelottek-az-egyik-dronjat","status":"publish","type":"post","link":"https:\/\/super-news.info\/hu\/megerositette-az-amerikai-hadsereg-hogy-lelottek-az-egyik-dronjat\/","title":{"rendered":"Meger\u0151s\u00edtette az amerikai hadsereg, hogy lel\u0151tt\u00e9k az egyik dr\u00f3nj\u00e1t"},"content":{"rendered":"<p> [ad_1]<br \/>\n<\/p>\n<p>\n\t\t\t\t\t\t\t\tEgy ir\u00e1ni rak\u00e9ta lel\u0151tte az amerikai haditenger\u00e9szet egyik felder\u00edt\u0151 dr\u00f3nj\u00e1t a Hormuzi-szoros felett \u2013 er\u0151s\u00edtette meg az Egyes\u00fclt \u00c1llamok k\u00f6zel-keleti katonai m\u0171veletei\u00e9rt felel\u0151s K\u00f6z\u00e9ps\u0151 Parancsnoks\u00e1ga (Centcom) cs\u00fct\u00f6rt\u00f6k\u00f6n.\t\t\t\t\t\t\t<\/p>\n<div>\n<p>A Centcom azt \u00e1ll\u00edtotta, hogy a teher\u00e1ni k\u00f6zl\u00e9sekkel ellent\u00e9tben az incidens nem Ir\u00e1n l\u00e9gter\u00e9ben, hanem nemzetk\u00f6zi l\u00e9gt\u00e9rben t\u00f6rt\u00e9nt. \u201eIndokolatlan t\u00e1mad\u00e1sra ker\u00fclt sor egy amerikai felder\u00edt\u0151 eszk\u00f6z ellen nemzetk\u00f6zi l\u00e9gt\u00e9rben\u201d \u2013 mondta Bill Urban, a K\u00f6z\u00e9ps\u0151 Parancsnoks\u00e1g sz\u00f3viv\u0151je.<\/p>\n<div id=\"attachment_1583807\" style=\"width: 1410px\" class=\"wp-caption alignnone\">\n<p class=\"wp-caption-text\">RQ-4A Global Hawk t\u00edpus\u00fa dr\u00f3n, egy ilyen t\u00edpust semmis\u00edtett meg a Forradalmi G\u00e1rda<br \/>Fot\u00f3: ibtimes.com<\/p>\n<\/div>\n<p>Az IRNA \u00e1llami h\u00edr\u00fcgyn\u00f6ks\u00e9g \u00fagy \u00e9rtes\u00fclt, hogy az ir\u00e1ni Forradalmi G\u00e1rda a d\u00e9l-ir\u00e1ni Hormuzg\u00e1n tartom\u00e1ny f\u00f6l\u00f6tt semmis\u00edtette meg az RQ-4A Global Hawk t\u00edpus\u00fa dr\u00f3nt k\u00f6z\u00e9p-eur\u00f3pai id\u0151 szerint cs\u00fct\u00f6rt\u00f6k hajnali f\u00e9l kett\u0151kor.<\/p>\n<p>Hosszein Szalami t\u00e1bornok, az ir\u00e1ni fegyveres er\u0151k elitcsapat\u00e1nak sz\u00e1m\u00edt\u00f3 Forradalmi G\u00e1rda parancsnoka szerint az akci\u00f3 Washingtonnak sz\u00e1nt vil\u00e1gos \u00fczenet volt. Szalami lesz\u00f6gezte, hogy az orsz\u00e1g hat\u00e1rai s\u00e9rthetetlenek. Hangs\u00falyozta, hogy Teher\u00e1n nem akar h\u00e1bor\u00fat, de k\u00e9sz megv\u00e9deni mag\u00e1t.<\/p>\n<p>Abb\u00e1sz M\u00faszavi ir\u00e1ni k\u00fcl\u00fcgyi sz\u00f3viv\u0151 provok\u00e1ci\u00f3nak nevezte az amerikai dr\u00f3n behatol\u00e1s\u00e1t ir\u00e1ni l\u00e9gt\u00e9rbe, \u00e9s arra figyelmeztetett, hogy az ehhez hasonl\u00f3 t\u00f6rv\u00e9nytelen l\u00e9p\u00e9seknek k\u00f6vetkezm\u00e9nyei lesznek.<\/p>\n<p>Washington \u00e9s Teher\u00e1n k\u00f6z\u00f6tt tov\u00e1bb fokoz\u00f3dott a fesz\u00fclts\u00e9g a h\u00e9ten. Az amerikai v\u00e9delmi miniszt\u00e9rium az ir\u00e1ni fenyeget\u00e9sre hivatkozva h\u00e9tf\u0151n jelezte, hogy tov\u00e1bbi ezer katon\u00e1t vez\u00e9nyel a K\u00f6zel-Keletre.<\/p>\n<p>Kedden Ali Samk\u00e1ni, az ir\u00e1ni legfels\u0151bb nemzetbiztons\u00e1gi tan\u00e1cs vezet\u0151je azt mondta, hogy Ir\u00e1n leleplezte \u00e9s felsz\u00e1molta az amerikai K\u00f6zponti H\u00edrszerz\u0151 \u00dcgyn\u00f6ks\u00e9g (CIA) internetes k\u00e9mh\u00e1l\u00f3zat\u00e1t. Samk\u00e1ni bejelent\u00e9se nem sokkal azut\u00e1n t\u00f6rt\u00e9nt, hogy John Bolton amerikai nemzetbiztons\u00e1gi tan\u00e1csad\u00f3 elismerte, hogy Washington kiberm\u0171veleteket hajt v\u00e9gre m\u00e1s orsz\u00e1gok ellen.<\/p>\n<p>Szerd\u00e1n Washington ism\u00e9t Teher\u00e1nt tette felel\u0151ss\u00e9 a m\u00falt h\u00e9ten az Om\u00e1ni-\u00f6b\u00f6lben k\u00e9t tart\u00e1lyhaj\u00f3 ellen elk\u00f6vetett szabot\u00e1zsakci\u00f3\u00e9rt. Az incidens k\u00f6r\u00fclm\u00e9nyei egyel\u0151re ismeretlenek, \u00e9s Ir\u00e1n tagadja a Feh\u00e9r H\u00e1z v\u00e1djait.<\/p>\n<p>Az iszl\u00e1m k\u00f6zt\u00e1rsas\u00e1g szerd\u00e1n meger\u0151s\u00edtette, hogy nem hosszabb\u00edtja meg a 2015-\u00f6s t\u00f6bbhatalmi atomalku megment\u00e9s\u00e9re adott hatvannapos hat\u00e1rid\u0151t, \u00e9s a szerz\u0151d\u00e9s tov\u00e1bbi \u00f6t r\u00e9szes\u00e9nek \u2013 Nagy-Britanni\u00e1nak, Franciaorsz\u00e1gnak, N\u00e9metorsz\u00e1gnak, K\u00edn\u00e1nak \u00e9s Oroszorsz\u00e1gnak \u2013 j\u00falius 7-\u00e9ig maradt ideje cselekedni.<\/p>\n<p>Ir\u00e1n kor\u00e1bban m\u00e1r kijelentette, hogy a tov\u00e1bbiakban korl\u00e1tozni fogja a nukle\u00e1ris meg\u00e1llapod\u00e1s egyes r\u00e9szeinek teljes\u00edt\u00e9s\u00e9t, mert az Egyes\u00fclt \u00c1llamok egy \u00e9ve egyoldal\u00faan felmondta a szerz\u0151d\u00e9st, \u00e9s \u00fajraind\u00edtotta a kor\u00e1bban felf\u00fcggesztett szankci\u00f3kat az iszl\u00e1m k\u00f6zt\u00e1rsas\u00e1ggal szemben.<\/p>\n<\/p><\/div>\n<p><script>\n    window.fbAsyncInit = function() {\n        FB.init({\n            appId      : \"204760236815359\",\n            xfbml      : true,\n            version    : \"v2.12\"\n        });\n        FB.AppEvents.logPageView();\n    };<\/p>\n<p>    (function(d, s, id){\n        var js, fjs = d.getElementsByTagName(s)[0];\n        if (d.getElementById(id)) {return;}\n        js = d.createElement(s); js.id = id;\n        js.src = \"http:\/\/connect.facebook.net\/hu_HU\/sdk.js\";\n        fjs.parentNode.insertBefore(js, fjs);\n    }(document, \"script\", \"facebook-jssdk\"));\n<\/script><br \/>\n<br \/>[ad_2]<br \/>\n<br \/><a href=\"https:\/\/www.vg.hu\/kozelet\/kozeleti-hirek\/megerositette-az-amerikai-hadsereg-hogy-lelottek-az-egyik-dronjat-1583753\/\">Source link <\/a><\/p>\n","protected":false},"excerpt":{"rendered":"<p>[ad_1] Egy ir\u00e1ni rak\u00e9ta lel\u0151tte az amerikai haditenger\u00e9szet egyik felder\u00edt\u0151 dr\u00f3nj\u00e1t a Hormuzi-szoros felett \u2013 er\u0151s\u00edtette meg az Egyes\u00fclt \u00c1llamok k\u00f6zel-keleti katonai m\u0171veletei\u00e9rt felel\u0151s K\u00f6z\u00e9ps\u0151 Parancsnoks\u00e1ga (Centcom) cs\u00fct\u00f6rt\u00f6k\u00f6n. A Centcom azt \u00e1ll\u00edtotta, hogy a teher\u00e1ni k\u00f6zl\u00e9sekkel ellent\u00e9tben az incidens nem Ir\u00e1n l\u00e9gter\u00e9ben, hanem nemzetk\u00f6zi l\u00e9gt\u00e9rben t\u00f6rt\u00e9nt. \u201eIndokolatlan t\u00e1mad\u00e1sra ker\u00fclt sor egy amerikai felder\u00edt\u0151 eszk\u00f6z ellen [&hellip;]<\/p>\n","protected":false},"author":2,"featured_media":4512,"comment_status":"open","ping_status":"open","sticky":false,"template":"","format":"standard","meta":{"footnotes":""},"categories":[1],"tags":[],"class_list":["post-4511","post","type-post","status-publish","format-standard","has-post-thumbnail","hentry","category-penzugyi-hirek"],"yoast_head":"<!-- This site is optimized with the Yoast SEO plugin v27.4 - https:\/\/yoast.com\/product\/yoast-seo-wordpress\/ -->\n<title>Meger\u0151s\u00edtette az amerikai hadsereg, hogy lel\u0151tt\u00e9k az egyik dr\u00f3nj\u00e1t - Super News<\/title>\n<meta name=\"robots\" content=\"index, follow, max-snippet:-1, max-image-preview:large, max-video-preview:-1\" \/>\n<link rel=\"canonical\" href=\"https:\/\/super-news.info\/hu\/megerositette-az-amerikai-hadsereg-hogy-lelottek-az-egyik-dronjat\/\" \/>\n<meta property=\"og:locale\" content=\"hu_HU\" \/>\n<meta property=\"og:type\" content=\"article\" \/>\n<meta property=\"og:title\" content=\"Meger\u0151s\u00edtette az amerikai hadsereg, hogy lel\u0151tt\u00e9k az egyik dr\u00f3nj\u00e1t - Super News\" \/>\n<meta property=\"og:description\" content=\"[ad_1] Egy ir\u00e1ni rak\u00e9ta lel\u0151tte az amerikai haditenger\u00e9szet egyik felder\u00edt\u0151 dr\u00f3nj\u00e1t a Hormuzi-szoros felett \u2013 er\u0151s\u00edtette meg az Egyes\u00fclt \u00c1llamok k\u00f6zel-keleti katonai m\u0171veletei\u00e9rt felel\u0151s K\u00f6z\u00e9ps\u0151 Parancsnoks\u00e1ga (Centcom) cs\u00fct\u00f6rt\u00f6k\u00f6n. A Centcom azt \u00e1ll\u00edtotta, hogy a teher\u00e1ni k\u00f6zl\u00e9sekkel ellent\u00e9tben az incidens nem Ir\u00e1n l\u00e9gter\u00e9ben, hanem nemzetk\u00f6zi l\u00e9gt\u00e9rben t\u00f6rt\u00e9nt. \u201eIndokolatlan t\u00e1mad\u00e1sra ker\u00fclt sor egy amerikai felder\u00edt\u0151 eszk\u00f6z ellen [&hellip;]\" \/>\n<meta property=\"og:url\" content=\"https:\/\/super-news.info\/hu\/megerositette-az-amerikai-hadsereg-hogy-lelottek-az-egyik-dronjat\/\" \/>\n<meta property=\"og:site_name\" content=\"Super News\" \/>\n<meta property=\"article:published_time\" content=\"2019-06-20T22:30:06+00:00\" \/>\n<meta property=\"article:modified_time\" content=\"2019-06-20T22:30:07+00:00\" \/>\n<meta property=\"og:image\" content=\"https:\/\/super-news.info\/hu\/wp-content\/uploads\/sites\/3\/2019\/06\/Meger\u0151s\u00edtette-az-amerikai-hadsereg-hogy-lel\u0151tt\u00e9k-az-egyik-dr\u00f3nj\u00e1t.jpg\" \/>\n\t<meta property=\"og:image:width\" content=\"1400\" \/>\n\t<meta property=\"og:image:height\" content=\"932\" \/>\n\t<meta property=\"og:image:type\" content=\"image\/jpeg\" \/>\n<meta name=\"author\" content=\"super-news\" \/>\n<meta name=\"twitter:card\" content=\"summary_large_image\" \/>\n<meta name=\"twitter:label1\" content=\"Szerz\u0151:\" \/>\n\t<meta name=\"twitter:data1\" content=\"super-news\" \/>\n\t<meta name=\"twitter:label2\" content=\"Becs\u00fclt olvas\u00e1si id\u0151\" \/>\n\t<meta name=\"twitter:data2\" content=\"3 perc\" \/>\n<script type=\"application\/ld+json\" class=\"yoast-schema-graph\">{\"@context\":\"https:\\\/\\\/schema.org\",\"@graph\":[{\"@type\":\"Article\",\"@id\":\"https:\\\/\\\/super-news.info\\\/hu\\\/megerositette-az-amerikai-hadsereg-hogy-lelottek-az-egyik-dronjat\\\/#article\",\"isPartOf\":{\"@id\":\"https:\\\/\\\/super-news.info\\\/hu\\\/megerositette-az-amerikai-hadsereg-hogy-lelottek-az-egyik-dronjat\\\/\"},\"author\":{\"name\":\"super-news\",\"@id\":\"https:\\\/\\\/super-news.info\\\/hu\\\/#\\\/schema\\\/person\\\/2d4068cb2f39cd10008c2fce578a7356\"},\"headline\":\"Meger\u0151s\u00edtette az amerikai hadsereg, hogy lel\u0151tt\u00e9k az egyik dr\u00f3nj\u00e1t\",\"datePublished\":\"2019-06-20T22:30:06+00:00\",\"dateModified\":\"2019-06-20T22:30:07+00:00\",\"mainEntityOfPage\":{\"@id\":\"https:\\\/\\\/super-news.info\\\/hu\\\/megerositette-az-amerikai-hadsereg-hogy-lelottek-az-egyik-dronjat\\\/\"},\"wordCount\":594,\"commentCount\":0,\"image\":{\"@id\":\"https:\\\/\\\/super-news.info\\\/hu\\\/megerositette-az-amerikai-hadsereg-hogy-lelottek-az-egyik-dronjat\\\/#primaryimage\"},\"thumbnailUrl\":\"https:\\\/\\\/super-news.info\\\/hu\\\/wp-content\\\/uploads\\\/sites\\\/3\\\/2019\\\/06\\\/Meger\u0151s\u00edtette-az-amerikai-hadsereg-hogy-lel\u0151tt\u00e9k-az-egyik-dr\u00f3nj\u00e1t.jpg\",\"articleSection\":[\"P\u00c9NZ\u00dcGYI H\u00cdREK\"],\"inLanguage\":\"hu\",\"potentialAction\":[{\"@type\":\"CommentAction\",\"name\":\"Comment\",\"target\":[\"https:\\\/\\\/super-news.info\\\/hu\\\/megerositette-az-amerikai-hadsereg-hogy-lelottek-az-egyik-dronjat\\\/#respond\"]}]},{\"@type\":\"WebPage\",\"@id\":\"https:\\\/\\\/super-news.info\\\/hu\\\/megerositette-az-amerikai-hadsereg-hogy-lelottek-az-egyik-dronjat\\\/\",\"url\":\"https:\\\/\\\/super-news.info\\\/hu\\\/megerositette-az-amerikai-hadsereg-hogy-lelottek-az-egyik-dronjat\\\/\",\"name\":\"Meger\u0151s\u00edtette az amerikai hadsereg, hogy lel\u0151tt\u00e9k az egyik dr\u00f3nj\u00e1t - Super News\",\"isPartOf\":{\"@id\":\"https:\\\/\\\/super-news.info\\\/hu\\\/#website\"},\"primaryImageOfPage\":{\"@id\":\"https:\\\/\\\/super-news.info\\\/hu\\\/megerositette-az-amerikai-hadsereg-hogy-lelottek-az-egyik-dronjat\\\/#primaryimage\"},\"image\":{\"@id\":\"https:\\\/\\\/super-news.info\\\/hu\\\/megerositette-az-amerikai-hadsereg-hogy-lelottek-az-egyik-dronjat\\\/#primaryimage\"},\"thumbnailUrl\":\"https:\\\/\\\/super-news.info\\\/hu\\\/wp-content\\\/uploads\\\/sites\\\/3\\\/2019\\\/06\\\/Meger\u0151s\u00edtette-az-amerikai-hadsereg-hogy-lel\u0151tt\u00e9k-az-egyik-dr\u00f3nj\u00e1t.jpg\",\"datePublished\":\"2019-06-20T22:30:06+00:00\",\"dateModified\":\"2019-06-20T22:30:07+00:00\",\"author\":{\"@id\":\"https:\\\/\\\/super-news.info\\\/hu\\\/#\\\/schema\\\/person\\\/2d4068cb2f39cd10008c2fce578a7356\"},\"breadcrumb\":{\"@id\":\"https:\\\/\\\/super-news.info\\\/hu\\\/megerositette-az-amerikai-hadsereg-hogy-lelottek-az-egyik-dronjat\\\/#breadcrumb\"},\"inLanguage\":\"hu\",\"potentialAction\":[{\"@type\":\"ReadAction\",\"target\":[\"https:\\\/\\\/super-news.info\\\/hu\\\/megerositette-az-amerikai-hadsereg-hogy-lelottek-az-egyik-dronjat\\\/\"]}]},{\"@type\":\"ImageObject\",\"inLanguage\":\"hu\",\"@id\":\"https:\\\/\\\/super-news.info\\\/hu\\\/megerositette-az-amerikai-hadsereg-hogy-lelottek-az-egyik-dronjat\\\/#primaryimage\",\"url\":\"https:\\\/\\\/super-news.info\\\/hu\\\/wp-content\\\/uploads\\\/sites\\\/3\\\/2019\\\/06\\\/Meger\u0151s\u00edtette-az-amerikai-hadsereg-hogy-lel\u0151tt\u00e9k-az-egyik-dr\u00f3nj\u00e1t.jpg\",\"contentUrl\":\"https:\\\/\\\/super-news.info\\\/hu\\\/wp-content\\\/uploads\\\/sites\\\/3\\\/2019\\\/06\\\/Meger\u0151s\u00edtette-az-amerikai-hadsereg-hogy-lel\u0151tt\u00e9k-az-egyik-dr\u00f3nj\u00e1t.jpg\",\"width\":1400,\"height\":932,\"caption\":\"Meger\u0151s\u00edtette az amerikai hadsereg, hogy lel\u0151tt\u00e9k az egyik dr\u00f3nj\u00e1t\"},{\"@type\":\"BreadcrumbList\",\"@id\":\"https:\\\/\\\/super-news.info\\\/hu\\\/megerositette-az-amerikai-hadsereg-hogy-lelottek-az-egyik-dronjat\\\/#breadcrumb\",\"itemListElement\":[{\"@type\":\"ListItem\",\"position\":1,\"name\":\"\u0413\u043b\u0430\u0432\u043d\u0430\u044f \u0441\u0442\u0440\u0430\u043d\u0438\u0446\u0430\",\"item\":\"https:\\\/\\\/super-news.info\\\/hu\\\/\"},{\"@type\":\"ListItem\",\"position\":2,\"name\":\"Meger\u0151s\u00edtette az amerikai hadsereg, hogy lel\u0151tt\u00e9k az egyik dr\u00f3nj\u00e1t\"}]},{\"@type\":\"WebSite\",\"@id\":\"https:\\\/\\\/super-news.info\\\/hu\\\/#website\",\"url\":\"https:\\\/\\\/super-news.info\\\/hu\\\/\",\"name\":\"Super News\",\"description\":\"Super News Magyarorsz\u00e1g\",\"potentialAction\":[{\"@type\":\"SearchAction\",\"target\":{\"@type\":\"EntryPoint\",\"urlTemplate\":\"https:\\\/\\\/super-news.info\\\/hu\\\/?s={search_term_string}\"},\"query-input\":{\"@type\":\"PropertyValueSpecification\",\"valueRequired\":true,\"valueName\":\"search_term_string\"}}],\"inLanguage\":\"hu\"},{\"@type\":\"Person\",\"@id\":\"https:\\\/\\\/super-news.info\\\/hu\\\/#\\\/schema\\\/person\\\/2d4068cb2f39cd10008c2fce578a7356\",\"name\":\"super-news\",\"image\":{\"@type\":\"ImageObject\",\"inLanguage\":\"hu\",\"@id\":\"https:\\\/\\\/secure.gravatar.com\\\/avatar\\\/64ebac40b93f26a154f8a9b5b6fdccfc46f442b26b3dd6756dbff3bf9dc76fd7?s=96&d=mm&r=g\",\"url\":\"https:\\\/\\\/secure.gravatar.com\\\/avatar\\\/64ebac40b93f26a154f8a9b5b6fdccfc46f442b26b3dd6756dbff3bf9dc76fd7?s=96&d=mm&r=g\",\"contentUrl\":\"https:\\\/\\\/secure.gravatar.com\\\/avatar\\\/64ebac40b93f26a154f8a9b5b6fdccfc46f442b26b3dd6756dbff3bf9dc76fd7?s=96&d=mm&r=g\",\"caption\":\"super-news\"},\"url\":\"https:\\\/\\\/super-news.info\\\/hu\\\/author\\\/pt\\\/\"}]}<\/script>\n<!-- \/ Yoast SEO plugin. -->","yoast_head_json":{"title":"Meger\u0151s\u00edtette az amerikai hadsereg, hogy lel\u0151tt\u00e9k az egyik dr\u00f3nj\u00e1t - Super News","robots":{"index":"index","follow":"follow","max-snippet":"max-snippet:-1","max-image-preview":"max-image-preview:large","max-video-preview":"max-video-preview:-1"},"canonical":"https:\/\/super-news.info\/hu\/megerositette-az-amerikai-hadsereg-hogy-lelottek-az-egyik-dronjat\/","og_locale":"hu_HU","og_type":"article","og_title":"Meger\u0151s\u00edtette az amerikai hadsereg, hogy lel\u0151tt\u00e9k az egyik dr\u00f3nj\u00e1t - Super News","og_description":"[ad_1] Egy ir\u00e1ni rak\u00e9ta lel\u0151tte az amerikai haditenger\u00e9szet egyik felder\u00edt\u0151 dr\u00f3nj\u00e1t a Hormuzi-szoros felett \u2013 er\u0151s\u00edtette meg az Egyes\u00fclt \u00c1llamok k\u00f6zel-keleti katonai m\u0171veletei\u00e9rt felel\u0151s K\u00f6z\u00e9ps\u0151 Parancsnoks\u00e1ga (Centcom) cs\u00fct\u00f6rt\u00f6k\u00f6n. A Centcom azt \u00e1ll\u00edtotta, hogy a teher\u00e1ni k\u00f6zl\u00e9sekkel ellent\u00e9tben az incidens nem Ir\u00e1n l\u00e9gter\u00e9ben, hanem nemzetk\u00f6zi l\u00e9gt\u00e9rben t\u00f6rt\u00e9nt. \u201eIndokolatlan t\u00e1mad\u00e1sra ker\u00fclt sor egy amerikai felder\u00edt\u0151 eszk\u00f6z ellen [&hellip;]","og_url":"https:\/\/super-news.info\/hu\/megerositette-az-amerikai-hadsereg-hogy-lelottek-az-egyik-dronjat\/","og_site_name":"Super News","article_published_time":"2019-06-20T22:30:06+00:00","article_modified_time":"2019-06-20T22:30:07+00:00","og_image":[{"width":1400,"height":932,"url":"https:\/\/super-news.info\/hu\/wp-content\/uploads\/sites\/3\/2019\/06\/Meger\u0151s\u00edtette-az-amerikai-hadsereg-hogy-lel\u0151tt\u00e9k-az-egyik-dr\u00f3nj\u00e1t.jpg","type":"image\/jpeg"}],"author":"super-news","twitter_card":"summary_large_image","twitter_misc":{"Szerz\u0151:":"super-news","Becs\u00fclt olvas\u00e1si id\u0151":"3 perc"},"schema":{"@context":"https:\/\/schema.org","@graph":[{"@type":"Article","@id":"https:\/\/super-news.info\/hu\/megerositette-az-amerikai-hadsereg-hogy-lelottek-az-egyik-dronjat\/#article","isPartOf":{"@id":"https:\/\/super-news.info\/hu\/megerositette-az-amerikai-hadsereg-hogy-lelottek-az-egyik-dronjat\/"},"author":{"name":"super-news","@id":"https:\/\/super-news.info\/hu\/#\/schema\/person\/2d4068cb2f39cd10008c2fce578a7356"},"headline":"Meger\u0151s\u00edtette az amerikai hadsereg, hogy lel\u0151tt\u00e9k az egyik dr\u00f3nj\u00e1t","datePublished":"2019-06-20T22:30:06+00:00","dateModified":"2019-06-20T22:30:07+00:00","mainEntityOfPage":{"@id":"https:\/\/super-news.info\/hu\/megerositette-az-amerikai-hadsereg-hogy-lelottek-az-egyik-dronjat\/"},"wordCount":594,"commentCount":0,"image":{"@id":"https:\/\/super-news.info\/hu\/megerositette-az-amerikai-hadsereg-hogy-lelottek-az-egyik-dronjat\/#primaryimage"},"thumbnailUrl":"https:\/\/super-news.info\/hu\/wp-content\/uploads\/sites\/3\/2019\/06\/Meger\u0151s\u00edtette-az-amerikai-hadsereg-hogy-lel\u0151tt\u00e9k-az-egyik-dr\u00f3nj\u00e1t.jpg","articleSection":["P\u00c9NZ\u00dcGYI H\u00cdREK"],"inLanguage":"hu","potentialAction":[{"@type":"CommentAction","name":"Comment","target":["https:\/\/super-news.info\/hu\/megerositette-az-amerikai-hadsereg-hogy-lelottek-az-egyik-dronjat\/#respond"]}]},{"@type":"WebPage","@id":"https:\/\/super-news.info\/hu\/megerositette-az-amerikai-hadsereg-hogy-lelottek-az-egyik-dronjat\/","url":"https:\/\/super-news.info\/hu\/megerositette-az-amerikai-hadsereg-hogy-lelottek-az-egyik-dronjat\/","name":"Meger\u0151s\u00edtette az amerikai hadsereg, hogy lel\u0151tt\u00e9k az egyik dr\u00f3nj\u00e1t - Super News","isPartOf":{"@id":"https:\/\/super-news.info\/hu\/#website"},"primaryImageOfPage":{"@id":"https:\/\/super-news.info\/hu\/megerositette-az-amerikai-hadsereg-hogy-lelottek-az-egyik-dronjat\/#primaryimage"},"image":{"@id":"https:\/\/super-news.info\/hu\/megerositette-az-amerikai-hadsereg-hogy-lelottek-az-egyik-dronjat\/#primaryimage"},"thumbnailUrl":"https:\/\/super-news.info\/hu\/wp-content\/uploads\/sites\/3\/2019\/06\/Meger\u0151s\u00edtette-az-amerikai-hadsereg-hogy-lel\u0151tt\u00e9k-az-egyik-dr\u00f3nj\u00e1t.jpg","datePublished":"2019-06-20T22:30:06+00:00","dateModified":"2019-06-20T22:30:07+00:00","author":{"@id":"https:\/\/super-news.info\/hu\/#\/schema\/person\/2d4068cb2f39cd10008c2fce578a7356"},"breadcrumb":{"@id":"https:\/\/super-news.info\/hu\/megerositette-az-amerikai-hadsereg-hogy-lelottek-az-egyik-dronjat\/#breadcrumb"},"inLanguage":"hu","potentialAction":[{"@type":"ReadAction","target":["https:\/\/super-news.info\/hu\/megerositette-az-amerikai-hadsereg-hogy-lelottek-az-egyik-dronjat\/"]}]},{"@type":"ImageObject","inLanguage":"hu","@id":"https:\/\/super-news.info\/hu\/megerositette-az-amerikai-hadsereg-hogy-lelottek-az-egyik-dronjat\/#primaryimage","url":"https:\/\/super-news.info\/hu\/wp-content\/uploads\/sites\/3\/2019\/06\/Meger\u0151s\u00edtette-az-amerikai-hadsereg-hogy-lel\u0151tt\u00e9k-az-egyik-dr\u00f3nj\u00e1t.jpg","contentUrl":"https:\/\/super-news.info\/hu\/wp-content\/uploads\/sites\/3\/2019\/06\/Meger\u0151s\u00edtette-az-amerikai-hadsereg-hogy-lel\u0151tt\u00e9k-az-egyik-dr\u00f3nj\u00e1t.jpg","width":1400,"height":932,"caption":"Meger\u0151s\u00edtette az amerikai hadsereg, hogy lel\u0151tt\u00e9k az egyik dr\u00f3nj\u00e1t"},{"@type":"BreadcrumbList","@id":"https:\/\/super-news.info\/hu\/megerositette-az-amerikai-hadsereg-hogy-lelottek-az-egyik-dronjat\/#breadcrumb","itemListElement":[{"@type":"ListItem","position":1,"name":"\u0413\u043b\u0430\u0432\u043d\u0430\u044f \u0441\u0442\u0440\u0430\u043d\u0438\u0446\u0430","item":"https:\/\/super-news.info\/hu\/"},{"@type":"ListItem","position":2,"name":"Meger\u0151s\u00edtette az amerikai hadsereg, hogy lel\u0151tt\u00e9k az egyik dr\u00f3nj\u00e1t"}]},{"@type":"WebSite","@id":"https:\/\/super-news.info\/hu\/#website","url":"https:\/\/super-news.info\/hu\/","name":"Super News","description":"Super News Magyarorsz\u00e1g","potentialAction":[{"@type":"SearchAction","target":{"@type":"EntryPoint","urlTemplate":"https:\/\/super-news.info\/hu\/?s={search_term_string}"},"query-input":{"@type":"PropertyValueSpecification","valueRequired":true,"valueName":"search_term_string"}}],"inLanguage":"hu"},{"@type":"Person","@id":"https:\/\/super-news.info\/hu\/#\/schema\/person\/2d4068cb2f39cd10008c2fce578a7356","name":"super-news","image":{"@type":"ImageObject","inLanguage":"hu","@id":"https:\/\/secure.gravatar.com\/avatar\/64ebac40b93f26a154f8a9b5b6fdccfc46f442b26b3dd6756dbff3bf9dc76fd7?s=96&d=mm&r=g","url":"https:\/\/secure.gravatar.com\/avatar\/64ebac40b93f26a154f8a9b5b6fdccfc46f442b26b3dd6756dbff3bf9dc76fd7?s=96&d=mm&r=g","contentUrl":"https:\/\/secure.gravatar.com\/avatar\/64ebac40b93f26a154f8a9b5b6fdccfc46f442b26b3dd6756dbff3bf9dc76fd7?s=96&d=mm&r=g","caption":"super-news"},"url":"https:\/\/super-news.info\/hu\/author\/pt\/"}]}},"_links":{"self":[{"href":"https:\/\/super-news.info\/hu\/wp-json\/wp\/v2\/posts\/4511","targetHints":{"allow":["GET"]}}],"collection":[{"href":"https:\/\/super-news.info\/hu\/wp-json\/wp\/v2\/posts"}],"about":[{"href":"https:\/\/super-news.info\/hu\/wp-json\/wp\/v2\/types\/post"}],"author":[{"embeddable":true,"href":"https:\/\/super-news.info\/hu\/wp-json\/wp\/v2\/users\/2"}],"replies":[{"embeddable":true,"href":"https:\/\/super-news.info\/hu\/wp-json\/wp\/v2\/comments?post=4511"}],"version-history":[{"count":1,"href":"https:\/\/super-news.info\/hu\/wp-json\/wp\/v2\/posts\/4511\/revisions"}],"predecessor-version":[{"id":4513,"href":"https:\/\/super-news.info\/hu\/wp-json\/wp\/v2\/posts\/4511\/revisions\/4513"}],"wp:featuredmedia":[{"embeddable":true,"href":"https:\/\/super-news.info\/hu\/wp-json\/wp\/v2\/media\/4512"}],"wp:attachment":[{"href":"https:\/\/super-news.info\/hu\/wp-json\/wp\/v2\/media?parent=4511"}],"wp:term":[{"taxonomy":"category","embeddable":true,"href":"https:\/\/super-news.info\/hu\/wp-json\/wp\/v2\/categories?post=4511"},{"taxonomy":"post_tag","embeddable":true,"href":"https:\/\/super-news.info\/hu\/wp-json\/wp\/v2\/tags?post=4511"}],"curies":[{"name":"wp","href":"https:\/\/api.w.org\/{rel}","templated":true}]}}