{"id":4508,"date":"2019-06-21T00:32:24","date_gmt":"2019-06-20T21:32:24","guid":{"rendered":"https:\/\/super-news.info\/hu\/kina-konstruktiv-szerepet-vallalna-a-koreai-felsziget-atommentesiteseben\/"},"modified":"2019-06-21T00:32:25","modified_gmt":"2019-06-20T21:32:25","slug":"kina-konstruktiv-szerepet-vallalna-a-koreai-felsziget-atommentesiteseben","status":"publish","type":"post","link":"https:\/\/super-news.info\/hu\/kina-konstruktiv-szerepet-vallalna-a-koreai-felsziget-atommentesiteseben\/","title":{"rendered":"K\u00edna konstrukt\u00edv szerepet v\u00e1llalna a Koreai-f\u00e9lsziget atommentes\u00edt\u00e9s\u00e9ben"},"content":{"rendered":"<p> [ad_1]<br \/>\n<\/p>\n<p>\n\t\t\t\t\t\t\t\tPhenjanban tal\u00e1lkozott Kim Dzsong Un \u00e9szak-koreai vezet\u0151vel a k\u00ednai eln\u00f6k, Hszi Csin-ping.\t\t\t\t\t\t\t<\/p>\n<div>\n<p>K\u00edna konstrukt\u00edv szerepet k\u00edv\u00e1n bet\u00f6lteni a Koreai-f\u00e9lsziget atommentes\u00edt\u00e9s\u00e9ben \u2013 jelentette ki Hszi Csin-ping k\u00ednai eln\u00f6k, amikor cs\u00fct\u00f6rt\u00f6k\u00f6n Phenjanban tal\u00e1lkozott Kim Dzsong Un \u00e9szak-koreai vezet\u0151vel.<\/p>\n<p>A k\u00ednai \u00e1llami m\u00e9dia tud\u00f3s\u00edt\u00e1sa szerint Hszi a tal\u00e1lkoz\u00f3n hangs\u00falyozta: rem\u00e9li, hogy Phenjan \u00e9s Washington folytatja az egyeztet\u00e9seket, \u00e9s tov\u00e1bbi el\u0151rel\u00e9p\u00e9seket tesznek az \u00fcgyben. K\u00edna \u00e9s \u00c9szak-Korea bar\u00e1ti viszony\u00e1t nem fogja megingatni a nemzetk\u00f6zi helyzet \u2013 emelte ki Hszi, akinek a szem\u00e9ly\u00e9ben 14 \u00e9v \u00f3ta el\u0151sz\u00f6r l\u00e1togatott k\u00ednai eln\u00f6k \u00c9szak-Kore\u00e1ba.<\/p>\n<p>A phenjani rept\u00e9ren csaknem t\u00edzezer ember k\u00f6sz\u00f6nt\u00f6tte vir\u00e1gokkal \u00e9s \u00fcdvrivalg\u00e1ssal a k\u00e9tnapos l\u00e1togat\u00e1sra \u00e9rkez\u0151 Hszit. A feles\u00e9g\u00e9vel, Peng Li-j\u00fcannal Phenjanba \u00e9rkez\u0151 Hszit Kim Dzsong Un \u00e9s feles\u00e9ge, Ri Szol Dzsu fogadta a rept\u00e9ren, ahol egy\u00fctt tekintett\u00e9k meg a k\u00ednai deleg\u00e1ci\u00f3 tisztelet\u00e9re rendezett fegyveres d\u00edszk\u00f6sz\u00f6nt\u00e9st \u2013 sz\u00e1molt be a Hszinhua.<\/p>\n<p>Meg\u00e9rkez\u00e9se ut\u00e1n Hszi t\u00e1rgyal\u00f3asztalhoz \u00fclt Kim Dzsong Unnal. A CCTV k\u00ednai \u00e1llami telev\u00edzi\u00f3 riportja szerint a k\u00ednai eln\u00f6k felh\u00edvta az \u00e9szak-koreai vezet\u0151 figyelm\u00e9t:<\/p>\n<p>a nemzetk\u00f6zi k\u00f6z\u00f6ss\u00e9g azt v\u00e1rja \u00c9szak-Kore\u00e1t\u00f3l \u00e9s az Egyes\u00fclt \u00c1llamokt\u00f3l, hogy vegy\u00e9k fel ism\u00e9t az eredm\u00e9nyes p\u00e1rbesz\u00e9d fonal\u00e1t. Hszi r\u00e1mutatott: a Koreai-f\u00e9lsziget helyzete befoly\u00e1solja a r\u00e9gi\u00f3 b\u00e9k\u00e9j\u00e9t \u00e9s stabilit\u00e1s\u00e1t.<\/p>\n<div id=\"attachment_657449\" style=\"width: 1410px\" class=\"wp-caption alignnone\">\n<p class=\"wp-caption-text\">Hszi Csin-ping, a K\u00ednai N\u00e9pk\u00f6zt\u00e1rsas\u00e1g eln\u00f6ke<br \/>Fot\u00f3: AFP<\/p>\n<\/div>\n<p>A k\u00ednai eln\u00f6k az \u00e9szak-koreai vezet\u0151 megh\u00edv\u00e1s\u00e1ra \u00e9rkezett Phenjanba egy h\u00e9ttel az el\u0151tt, hogy Oszak\u00e1ban a G20-as orsz\u00e1gcsoport cs\u00facstal\u00e1lkoz\u00f3j\u00e1n Donald Trump amerikai eln\u00f6kkel tal\u00e1lkozik majd. Az id\u0151z\u00edt\u00e9s sokak szerint annak tudhat\u00f3 be, hogy Peking igyekszik szorosabbra f\u0171zni kapcsolat\u00e1t \u00c9szak-Kore\u00e1val, hogy ebb\u0151l el\u0151nyt kov\u00e1csolhasson mag\u00e1nak az amerikai-k\u00ednai kereskedelmi t\u00e1rgyal\u00e1sok sor\u00e1n.<\/p>\n<p>Donald Trump amerikai eln\u00f6k febru\u00e1rban Hanoiban tal\u00e1lkozott az \u00e9szak-koreai vezet\u0151vel, hogy meg\u00e1llapodjanak a Koreai-f\u00e9lsziget atommentes\u00edt\u00e9s\u00e9r\u0151l, a cs\u00facstal\u00e1lkoz\u00f3 azonban eredm\u00e9nytelen\u00fcl z\u00e1rult. Peking szint\u00e9n t\u00e1mogatja a teljes atommentes\u00edt\u00e9st, de t\u00f6bb alkalommal \u00e9rvelt a szankci\u00f3k enyh\u00edt\u00e9se mellett arra hivatkozva, hogy a t\u00fal szigor\u00fa szankci\u00f3k az \u00e9szak-koreaiak meg\u00e9lhet\u00e9s\u00e9t vesz\u00e9lyeztetik.<\/p>\n<p>Washington ezzel szemben azzal v\u00e1dolja Pekinget, hogy titokban megszegi a szankci\u00f3kat \u00e9s egyebek mellett olajat sz\u00e1ll\u00edt \u00c9szak-Kore\u00e1nak.<\/p>\n<p>K\u00edna \u00c9szak-Korea legfontosabb kereskedelmi partnere, az orsz\u00e1g K\u00edn\u00e1ba ir\u00e1nyul\u00f3 exportja azonban a tavalyi \u00e9vben a szankci\u00f3k hat\u00e1s\u00e1ra 87 sz\u00e1zal\u00e9kkal esett vissza 2017-hez viszony\u00edtva \u2013 mutat r\u00e1 a SCMP, mely egy diplom\u00e1ciai forr\u00e1sra hivatkozva azt is \u00edrta, hogy K\u00edna nagy mennyis\u00e9g\u0171 humanit\u00e1rius seg\u00edts\u00e9get aj\u00e1nlhat fel szomsz\u00e9dj\u00e1nak a t\u00f6bbi k\u00f6z\u00f6tt \u00e9lelmiszerek \u00e9s m\u0171tr\u00e1gya form\u00e1j\u00e1ban, melyekkel enyh\u00edthetn\u00e9 a szankci\u00f3k hat\u00e1s\u00e1t.<\/p>\n<p>K\u00edna \u00e9s \u00c9szak-Korea sz\u00f6vets\u00e9ges orsz\u00e1gok, az id\u00e9n \u00fcnneplik diplom\u00e1ciai kapcsolatfelv\u00e9tel\u00fck 70. \u00e9vfordul\u00f3j\u00e1t, kapcsolatuk azonban Kim 2011-es hatalomra ker\u00fcl\u00e9se ut\u00e1n fesz\u00fcltt\u00e9 v\u00e1lt, Peking ugyanis nem n\u00e9zte j\u00f3 szemmel a szomsz\u00e9dj\u00e1ban zajl\u00f3 atomfegyver-k\u00eds\u00e9rleteket. A tavalyi \u00e9v viszont fordul\u00f3pontot jelentett, Kim legels\u0151 k\u00fclf\u00f6ldi \u00fatja ugyanis K\u00edn\u00e1ba vezetett, ahov\u00e1 tov\u00e1bbi h\u00e1rom alkalommal l\u00e1togatott m\u00e9g el a m\u00falt \u00e9vben.<\/p>\n<\/p><\/div>\n<p><script>\n    window.fbAsyncInit = function() {\n        FB.init({\n            appId      : \"204760236815359\",\n            xfbml      : true,\n            version    : \"v2.12\"\n        });\n        FB.AppEvents.logPageView();\n    };<\/p>\n<p>    (function(d, s, id){\n        var js, fjs = d.getElementsByTagName(s)[0];\n        if (d.getElementById(id)) {return;}\n        js = d.createElement(s); js.id = id;\n        js.src = \"http:\/\/connect.facebook.net\/hu_HU\/sdk.js\";\n        fjs.parentNode.insertBefore(js, fjs);\n    }(document, \"script\", \"facebook-jssdk\"));\n<\/script><br \/>\n<br \/>[ad_2]<br \/>\n<br \/><a href=\"https:\/\/www.vg.hu\/kozelet\/politika\/kina-1583639\/\">Source link <\/a><\/p>\n","protected":false},"excerpt":{"rendered":"<p>[ad_1] Phenjanban tal\u00e1lkozott Kim Dzsong Un \u00e9szak-koreai vezet\u0151vel a k\u00ednai eln\u00f6k, Hszi Csin-ping. K\u00edna konstrukt\u00edv szerepet k\u00edv\u00e1n bet\u00f6lteni a Koreai-f\u00e9lsziget atommentes\u00edt\u00e9s\u00e9ben \u2013 jelentette ki Hszi Csin-ping k\u00ednai eln\u00f6k, amikor cs\u00fct\u00f6rt\u00f6k\u00f6n Phenjanban tal\u00e1lkozott Kim Dzsong Un \u00e9szak-koreai vezet\u0151vel. A k\u00ednai \u00e1llami m\u00e9dia tud\u00f3s\u00edt\u00e1sa szerint Hszi a tal\u00e1lkoz\u00f3n hangs\u00falyozta: rem\u00e9li, hogy Phenjan \u00e9s Washington folytatja az egyeztet\u00e9seket, [&hellip;]<\/p>\n","protected":false},"author":2,"featured_media":4509,"comment_status":"open","ping_status":"open","sticky":false,"template":"","format":"standard","meta":{"footnotes":""},"categories":[1],"tags":[],"class_list":["post-4508","post","type-post","status-publish","format-standard","has-post-thumbnail","hentry","category-penzugyi-hirek"],"yoast_head":"<!-- This site is optimized with the Yoast SEO plugin v27.4 - https:\/\/yoast.com\/product\/yoast-seo-wordpress\/ -->\n<title>K\u00edna konstrukt\u00edv szerepet v\u00e1llalna a Koreai-f\u00e9lsziget atommentes\u00edt\u00e9s\u00e9ben - Super News<\/title>\n<meta name=\"robots\" content=\"index, follow, max-snippet:-1, max-image-preview:large, max-video-preview:-1\" \/>\n<link rel=\"canonical\" href=\"https:\/\/super-news.info\/hu\/kina-konstruktiv-szerepet-vallalna-a-koreai-felsziget-atommentesiteseben\/\" \/>\n<meta property=\"og:locale\" content=\"hu_HU\" \/>\n<meta property=\"og:type\" content=\"article\" \/>\n<meta property=\"og:title\" content=\"K\u00edna konstrukt\u00edv szerepet v\u00e1llalna a Koreai-f\u00e9lsziget atommentes\u00edt\u00e9s\u00e9ben - Super News\" \/>\n<meta property=\"og:description\" content=\"[ad_1] Phenjanban tal\u00e1lkozott Kim Dzsong Un \u00e9szak-koreai vezet\u0151vel a k\u00ednai eln\u00f6k, Hszi Csin-ping. K\u00edna konstrukt\u00edv szerepet k\u00edv\u00e1n bet\u00f6lteni a Koreai-f\u00e9lsziget atommentes\u00edt\u00e9s\u00e9ben \u2013 jelentette ki Hszi Csin-ping k\u00ednai eln\u00f6k, amikor cs\u00fct\u00f6rt\u00f6k\u00f6n Phenjanban tal\u00e1lkozott Kim Dzsong Un \u00e9szak-koreai vezet\u0151vel. A k\u00ednai \u00e1llami m\u00e9dia tud\u00f3s\u00edt\u00e1sa szerint Hszi a tal\u00e1lkoz\u00f3n hangs\u00falyozta: rem\u00e9li, hogy Phenjan \u00e9s Washington folytatja az egyeztet\u00e9seket, [&hellip;]\" \/>\n<meta property=\"og:url\" content=\"https:\/\/super-news.info\/hu\/kina-konstruktiv-szerepet-vallalna-a-koreai-felsziget-atommentesiteseben\/\" \/>\n<meta property=\"og:site_name\" content=\"Super News\" \/>\n<meta property=\"article:published_time\" content=\"2019-06-20T21:32:24+00:00\" \/>\n<meta property=\"article:modified_time\" content=\"2019-06-20T21:32:25+00:00\" \/>\n<meta property=\"og:image\" content=\"https:\/\/super-news.info\/hu\/wp-content\/uploads\/sites\/3\/2019\/06\/K\u00edna-konstrukt\u00edv-szerepet-v\u00e1llalna-a-Koreai-f\u00e9lsziget-atommentes\u00edt\u00e9s\u00e9ben.jpg\" \/>\n\t<meta property=\"og:image:width\" content=\"1400\" \/>\n\t<meta property=\"og:image:height\" content=\"1113\" \/>\n\t<meta property=\"og:image:type\" content=\"image\/jpeg\" \/>\n<meta name=\"author\" content=\"super-news\" \/>\n<meta name=\"twitter:card\" content=\"summary_large_image\" \/>\n<meta name=\"twitter:label1\" content=\"Szerz\u0151:\" \/>\n\t<meta name=\"twitter:data1\" content=\"super-news\" \/>\n\t<meta name=\"twitter:label2\" content=\"Becs\u00fclt olvas\u00e1si id\u0151\" \/>\n\t<meta name=\"twitter:data2\" content=\"3 perc\" \/>\n<script type=\"application\/ld+json\" class=\"yoast-schema-graph\">{\"@context\":\"https:\\\/\\\/schema.org\",\"@graph\":[{\"@type\":\"Article\",\"@id\":\"https:\\\/\\\/super-news.info\\\/hu\\\/kina-konstruktiv-szerepet-vallalna-a-koreai-felsziget-atommentesiteseben\\\/#article\",\"isPartOf\":{\"@id\":\"https:\\\/\\\/super-news.info\\\/hu\\\/kina-konstruktiv-szerepet-vallalna-a-koreai-felsziget-atommentesiteseben\\\/\"},\"author\":{\"name\":\"super-news\",\"@id\":\"https:\\\/\\\/super-news.info\\\/hu\\\/#\\\/schema\\\/person\\\/2d4068cb2f39cd10008c2fce578a7356\"},\"headline\":\"K\u00edna konstrukt\u00edv szerepet v\u00e1llalna a Koreai-f\u00e9lsziget atommentes\u00edt\u00e9s\u00e9ben\",\"datePublished\":\"2019-06-20T21:32:24+00:00\",\"dateModified\":\"2019-06-20T21:32:25+00:00\",\"mainEntityOfPage\":{\"@id\":\"https:\\\/\\\/super-news.info\\\/hu\\\/kina-konstruktiv-szerepet-vallalna-a-koreai-felsziget-atommentesiteseben\\\/\"},\"wordCount\":666,\"commentCount\":0,\"image\":{\"@id\":\"https:\\\/\\\/super-news.info\\\/hu\\\/kina-konstruktiv-szerepet-vallalna-a-koreai-felsziget-atommentesiteseben\\\/#primaryimage\"},\"thumbnailUrl\":\"https:\\\/\\\/super-news.info\\\/hu\\\/wp-content\\\/uploads\\\/sites\\\/3\\\/2019\\\/06\\\/K\u00edna-konstrukt\u00edv-szerepet-v\u00e1llalna-a-Koreai-f\u00e9lsziget-atommentes\u00edt\u00e9s\u00e9ben.jpg\",\"articleSection\":[\"P\u00c9NZ\u00dcGYI H\u00cdREK\"],\"inLanguage\":\"hu\",\"potentialAction\":[{\"@type\":\"CommentAction\",\"name\":\"Comment\",\"target\":[\"https:\\\/\\\/super-news.info\\\/hu\\\/kina-konstruktiv-szerepet-vallalna-a-koreai-felsziget-atommentesiteseben\\\/#respond\"]}]},{\"@type\":\"WebPage\",\"@id\":\"https:\\\/\\\/super-news.info\\\/hu\\\/kina-konstruktiv-szerepet-vallalna-a-koreai-felsziget-atommentesiteseben\\\/\",\"url\":\"https:\\\/\\\/super-news.info\\\/hu\\\/kina-konstruktiv-szerepet-vallalna-a-koreai-felsziget-atommentesiteseben\\\/\",\"name\":\"K\u00edna konstrukt\u00edv szerepet v\u00e1llalna a Koreai-f\u00e9lsziget atommentes\u00edt\u00e9s\u00e9ben - Super News\",\"isPartOf\":{\"@id\":\"https:\\\/\\\/super-news.info\\\/hu\\\/#website\"},\"primaryImageOfPage\":{\"@id\":\"https:\\\/\\\/super-news.info\\\/hu\\\/kina-konstruktiv-szerepet-vallalna-a-koreai-felsziget-atommentesiteseben\\\/#primaryimage\"},\"image\":{\"@id\":\"https:\\\/\\\/super-news.info\\\/hu\\\/kina-konstruktiv-szerepet-vallalna-a-koreai-felsziget-atommentesiteseben\\\/#primaryimage\"},\"thumbnailUrl\":\"https:\\\/\\\/super-news.info\\\/hu\\\/wp-content\\\/uploads\\\/sites\\\/3\\\/2019\\\/06\\\/K\u00edna-konstrukt\u00edv-szerepet-v\u00e1llalna-a-Koreai-f\u00e9lsziget-atommentes\u00edt\u00e9s\u00e9ben.jpg\",\"datePublished\":\"2019-06-20T21:32:24+00:00\",\"dateModified\":\"2019-06-20T21:32:25+00:00\",\"author\":{\"@id\":\"https:\\\/\\\/super-news.info\\\/hu\\\/#\\\/schema\\\/person\\\/2d4068cb2f39cd10008c2fce578a7356\"},\"breadcrumb\":{\"@id\":\"https:\\\/\\\/super-news.info\\\/hu\\\/kina-konstruktiv-szerepet-vallalna-a-koreai-felsziget-atommentesiteseben\\\/#breadcrumb\"},\"inLanguage\":\"hu\",\"potentialAction\":[{\"@type\":\"ReadAction\",\"target\":[\"https:\\\/\\\/super-news.info\\\/hu\\\/kina-konstruktiv-szerepet-vallalna-a-koreai-felsziget-atommentesiteseben\\\/\"]}]},{\"@type\":\"ImageObject\",\"inLanguage\":\"hu\",\"@id\":\"https:\\\/\\\/super-news.info\\\/hu\\\/kina-konstruktiv-szerepet-vallalna-a-koreai-felsziget-atommentesiteseben\\\/#primaryimage\",\"url\":\"https:\\\/\\\/super-news.info\\\/hu\\\/wp-content\\\/uploads\\\/sites\\\/3\\\/2019\\\/06\\\/K\u00edna-konstrukt\u00edv-szerepet-v\u00e1llalna-a-Koreai-f\u00e9lsziget-atommentes\u00edt\u00e9s\u00e9ben.jpg\",\"contentUrl\":\"https:\\\/\\\/super-news.info\\\/hu\\\/wp-content\\\/uploads\\\/sites\\\/3\\\/2019\\\/06\\\/K\u00edna-konstrukt\u00edv-szerepet-v\u00e1llalna-a-Koreai-f\u00e9lsziget-atommentes\u00edt\u00e9s\u00e9ben.jpg\",\"width\":1400,\"height\":1113,\"caption\":\"K\u00edna konstrukt\u00edv szerepet v\u00e1llalna a Koreai-f\u00e9lsziget atommentes\u00edt\u00e9s\u00e9ben\"},{\"@type\":\"BreadcrumbList\",\"@id\":\"https:\\\/\\\/super-news.info\\\/hu\\\/kina-konstruktiv-szerepet-vallalna-a-koreai-felsziget-atommentesiteseben\\\/#breadcrumb\",\"itemListElement\":[{\"@type\":\"ListItem\",\"position\":1,\"name\":\"\u0413\u043b\u0430\u0432\u043d\u0430\u044f \u0441\u0442\u0440\u0430\u043d\u0438\u0446\u0430\",\"item\":\"https:\\\/\\\/super-news.info\\\/hu\\\/\"},{\"@type\":\"ListItem\",\"position\":2,\"name\":\"K\u00edna konstrukt\u00edv szerepet v\u00e1llalna a Koreai-f\u00e9lsziget atommentes\u00edt\u00e9s\u00e9ben\"}]},{\"@type\":\"WebSite\",\"@id\":\"https:\\\/\\\/super-news.info\\\/hu\\\/#website\",\"url\":\"https:\\\/\\\/super-news.info\\\/hu\\\/\",\"name\":\"Super News\",\"description\":\"Super News Magyarorsz\u00e1g\",\"potentialAction\":[{\"@type\":\"SearchAction\",\"target\":{\"@type\":\"EntryPoint\",\"urlTemplate\":\"https:\\\/\\\/super-news.info\\\/hu\\\/?s={search_term_string}\"},\"query-input\":{\"@type\":\"PropertyValueSpecification\",\"valueRequired\":true,\"valueName\":\"search_term_string\"}}],\"inLanguage\":\"hu\"},{\"@type\":\"Person\",\"@id\":\"https:\\\/\\\/super-news.info\\\/hu\\\/#\\\/schema\\\/person\\\/2d4068cb2f39cd10008c2fce578a7356\",\"name\":\"super-news\",\"image\":{\"@type\":\"ImageObject\",\"inLanguage\":\"hu\",\"@id\":\"https:\\\/\\\/secure.gravatar.com\\\/avatar\\\/64ebac40b93f26a154f8a9b5b6fdccfc46f442b26b3dd6756dbff3bf9dc76fd7?s=96&d=mm&r=g\",\"url\":\"https:\\\/\\\/secure.gravatar.com\\\/avatar\\\/64ebac40b93f26a154f8a9b5b6fdccfc46f442b26b3dd6756dbff3bf9dc76fd7?s=96&d=mm&r=g\",\"contentUrl\":\"https:\\\/\\\/secure.gravatar.com\\\/avatar\\\/64ebac40b93f26a154f8a9b5b6fdccfc46f442b26b3dd6756dbff3bf9dc76fd7?s=96&d=mm&r=g\",\"caption\":\"super-news\"},\"url\":\"https:\\\/\\\/super-news.info\\\/hu\\\/author\\\/pt\\\/\"}]}<\/script>\n<!-- \/ Yoast SEO plugin. -->","yoast_head_json":{"title":"K\u00edna konstrukt\u00edv szerepet v\u00e1llalna a Koreai-f\u00e9lsziget atommentes\u00edt\u00e9s\u00e9ben - Super News","robots":{"index":"index","follow":"follow","max-snippet":"max-snippet:-1","max-image-preview":"max-image-preview:large","max-video-preview":"max-video-preview:-1"},"canonical":"https:\/\/super-news.info\/hu\/kina-konstruktiv-szerepet-vallalna-a-koreai-felsziget-atommentesiteseben\/","og_locale":"hu_HU","og_type":"article","og_title":"K\u00edna konstrukt\u00edv szerepet v\u00e1llalna a Koreai-f\u00e9lsziget atommentes\u00edt\u00e9s\u00e9ben - Super News","og_description":"[ad_1] Phenjanban tal\u00e1lkozott Kim Dzsong Un \u00e9szak-koreai vezet\u0151vel a k\u00ednai eln\u00f6k, Hszi Csin-ping. K\u00edna konstrukt\u00edv szerepet k\u00edv\u00e1n bet\u00f6lteni a Koreai-f\u00e9lsziget atommentes\u00edt\u00e9s\u00e9ben \u2013 jelentette ki Hszi Csin-ping k\u00ednai eln\u00f6k, amikor cs\u00fct\u00f6rt\u00f6k\u00f6n Phenjanban tal\u00e1lkozott Kim Dzsong Un \u00e9szak-koreai vezet\u0151vel. A k\u00ednai \u00e1llami m\u00e9dia tud\u00f3s\u00edt\u00e1sa szerint Hszi a tal\u00e1lkoz\u00f3n hangs\u00falyozta: rem\u00e9li, hogy Phenjan \u00e9s Washington folytatja az egyeztet\u00e9seket, [&hellip;]","og_url":"https:\/\/super-news.info\/hu\/kina-konstruktiv-szerepet-vallalna-a-koreai-felsziget-atommentesiteseben\/","og_site_name":"Super News","article_published_time":"2019-06-20T21:32:24+00:00","article_modified_time":"2019-06-20T21:32:25+00:00","og_image":[{"width":1400,"height":1113,"url":"https:\/\/super-news.info\/hu\/wp-content\/uploads\/sites\/3\/2019\/06\/K\u00edna-konstrukt\u00edv-szerepet-v\u00e1llalna-a-Koreai-f\u00e9lsziget-atommentes\u00edt\u00e9s\u00e9ben.jpg","type":"image\/jpeg"}],"author":"super-news","twitter_card":"summary_large_image","twitter_misc":{"Szerz\u0151:":"super-news","Becs\u00fclt olvas\u00e1si id\u0151":"3 perc"},"schema":{"@context":"https:\/\/schema.org","@graph":[{"@type":"Article","@id":"https:\/\/super-news.info\/hu\/kina-konstruktiv-szerepet-vallalna-a-koreai-felsziget-atommentesiteseben\/#article","isPartOf":{"@id":"https:\/\/super-news.info\/hu\/kina-konstruktiv-szerepet-vallalna-a-koreai-felsziget-atommentesiteseben\/"},"author":{"name":"super-news","@id":"https:\/\/super-news.info\/hu\/#\/schema\/person\/2d4068cb2f39cd10008c2fce578a7356"},"headline":"K\u00edna konstrukt\u00edv szerepet v\u00e1llalna a Koreai-f\u00e9lsziget atommentes\u00edt\u00e9s\u00e9ben","datePublished":"2019-06-20T21:32:24+00:00","dateModified":"2019-06-20T21:32:25+00:00","mainEntityOfPage":{"@id":"https:\/\/super-news.info\/hu\/kina-konstruktiv-szerepet-vallalna-a-koreai-felsziget-atommentesiteseben\/"},"wordCount":666,"commentCount":0,"image":{"@id":"https:\/\/super-news.info\/hu\/kina-konstruktiv-szerepet-vallalna-a-koreai-felsziget-atommentesiteseben\/#primaryimage"},"thumbnailUrl":"https:\/\/super-news.info\/hu\/wp-content\/uploads\/sites\/3\/2019\/06\/K\u00edna-konstrukt\u00edv-szerepet-v\u00e1llalna-a-Koreai-f\u00e9lsziget-atommentes\u00edt\u00e9s\u00e9ben.jpg","articleSection":["P\u00c9NZ\u00dcGYI H\u00cdREK"],"inLanguage":"hu","potentialAction":[{"@type":"CommentAction","name":"Comment","target":["https:\/\/super-news.info\/hu\/kina-konstruktiv-szerepet-vallalna-a-koreai-felsziget-atommentesiteseben\/#respond"]}]},{"@type":"WebPage","@id":"https:\/\/super-news.info\/hu\/kina-konstruktiv-szerepet-vallalna-a-koreai-felsziget-atommentesiteseben\/","url":"https:\/\/super-news.info\/hu\/kina-konstruktiv-szerepet-vallalna-a-koreai-felsziget-atommentesiteseben\/","name":"K\u00edna konstrukt\u00edv szerepet v\u00e1llalna a Koreai-f\u00e9lsziget atommentes\u00edt\u00e9s\u00e9ben - Super News","isPartOf":{"@id":"https:\/\/super-news.info\/hu\/#website"},"primaryImageOfPage":{"@id":"https:\/\/super-news.info\/hu\/kina-konstruktiv-szerepet-vallalna-a-koreai-felsziget-atommentesiteseben\/#primaryimage"},"image":{"@id":"https:\/\/super-news.info\/hu\/kina-konstruktiv-szerepet-vallalna-a-koreai-felsziget-atommentesiteseben\/#primaryimage"},"thumbnailUrl":"https:\/\/super-news.info\/hu\/wp-content\/uploads\/sites\/3\/2019\/06\/K\u00edna-konstrukt\u00edv-szerepet-v\u00e1llalna-a-Koreai-f\u00e9lsziget-atommentes\u00edt\u00e9s\u00e9ben.jpg","datePublished":"2019-06-20T21:32:24+00:00","dateModified":"2019-06-20T21:32:25+00:00","author":{"@id":"https:\/\/super-news.info\/hu\/#\/schema\/person\/2d4068cb2f39cd10008c2fce578a7356"},"breadcrumb":{"@id":"https:\/\/super-news.info\/hu\/kina-konstruktiv-szerepet-vallalna-a-koreai-felsziget-atommentesiteseben\/#breadcrumb"},"inLanguage":"hu","potentialAction":[{"@type":"ReadAction","target":["https:\/\/super-news.info\/hu\/kina-konstruktiv-szerepet-vallalna-a-koreai-felsziget-atommentesiteseben\/"]}]},{"@type":"ImageObject","inLanguage":"hu","@id":"https:\/\/super-news.info\/hu\/kina-konstruktiv-szerepet-vallalna-a-koreai-felsziget-atommentesiteseben\/#primaryimage","url":"https:\/\/super-news.info\/hu\/wp-content\/uploads\/sites\/3\/2019\/06\/K\u00edna-konstrukt\u00edv-szerepet-v\u00e1llalna-a-Koreai-f\u00e9lsziget-atommentes\u00edt\u00e9s\u00e9ben.jpg","contentUrl":"https:\/\/super-news.info\/hu\/wp-content\/uploads\/sites\/3\/2019\/06\/K\u00edna-konstrukt\u00edv-szerepet-v\u00e1llalna-a-Koreai-f\u00e9lsziget-atommentes\u00edt\u00e9s\u00e9ben.jpg","width":1400,"height":1113,"caption":"K\u00edna konstrukt\u00edv szerepet v\u00e1llalna a Koreai-f\u00e9lsziget atommentes\u00edt\u00e9s\u00e9ben"},{"@type":"BreadcrumbList","@id":"https:\/\/super-news.info\/hu\/kina-konstruktiv-szerepet-vallalna-a-koreai-felsziget-atommentesiteseben\/#breadcrumb","itemListElement":[{"@type":"ListItem","position":1,"name":"\u0413\u043b\u0430\u0432\u043d\u0430\u044f \u0441\u0442\u0440\u0430\u043d\u0438\u0446\u0430","item":"https:\/\/super-news.info\/hu\/"},{"@type":"ListItem","position":2,"name":"K\u00edna konstrukt\u00edv szerepet v\u00e1llalna a Koreai-f\u00e9lsziget atommentes\u00edt\u00e9s\u00e9ben"}]},{"@type":"WebSite","@id":"https:\/\/super-news.info\/hu\/#website","url":"https:\/\/super-news.info\/hu\/","name":"Super News","description":"Super News Magyarorsz\u00e1g","potentialAction":[{"@type":"SearchAction","target":{"@type":"EntryPoint","urlTemplate":"https:\/\/super-news.info\/hu\/?s={search_term_string}"},"query-input":{"@type":"PropertyValueSpecification","valueRequired":true,"valueName":"search_term_string"}}],"inLanguage":"hu"},{"@type":"Person","@id":"https:\/\/super-news.info\/hu\/#\/schema\/person\/2d4068cb2f39cd10008c2fce578a7356","name":"super-news","image":{"@type":"ImageObject","inLanguage":"hu","@id":"https:\/\/secure.gravatar.com\/avatar\/64ebac40b93f26a154f8a9b5b6fdccfc46f442b26b3dd6756dbff3bf9dc76fd7?s=96&d=mm&r=g","url":"https:\/\/secure.gravatar.com\/avatar\/64ebac40b93f26a154f8a9b5b6fdccfc46f442b26b3dd6756dbff3bf9dc76fd7?s=96&d=mm&r=g","contentUrl":"https:\/\/secure.gravatar.com\/avatar\/64ebac40b93f26a154f8a9b5b6fdccfc46f442b26b3dd6756dbff3bf9dc76fd7?s=96&d=mm&r=g","caption":"super-news"},"url":"https:\/\/super-news.info\/hu\/author\/pt\/"}]}},"_links":{"self":[{"href":"https:\/\/super-news.info\/hu\/wp-json\/wp\/v2\/posts\/4508","targetHints":{"allow":["GET"]}}],"collection":[{"href":"https:\/\/super-news.info\/hu\/wp-json\/wp\/v2\/posts"}],"about":[{"href":"https:\/\/super-news.info\/hu\/wp-json\/wp\/v2\/types\/post"}],"author":[{"embeddable":true,"href":"https:\/\/super-news.info\/hu\/wp-json\/wp\/v2\/users\/2"}],"replies":[{"embeddable":true,"href":"https:\/\/super-news.info\/hu\/wp-json\/wp\/v2\/comments?post=4508"}],"version-history":[{"count":1,"href":"https:\/\/super-news.info\/hu\/wp-json\/wp\/v2\/posts\/4508\/revisions"}],"predecessor-version":[{"id":4510,"href":"https:\/\/super-news.info\/hu\/wp-json\/wp\/v2\/posts\/4508\/revisions\/4510"}],"wp:featuredmedia":[{"embeddable":true,"href":"https:\/\/super-news.info\/hu\/wp-json\/wp\/v2\/media\/4509"}],"wp:attachment":[{"href":"https:\/\/super-news.info\/hu\/wp-json\/wp\/v2\/media?parent=4508"}],"wp:term":[{"taxonomy":"category","embeddable":true,"href":"https:\/\/super-news.info\/hu\/wp-json\/wp\/v2\/categories?post=4508"},{"taxonomy":"post_tag","embeddable":true,"href":"https:\/\/super-news.info\/hu\/wp-json\/wp\/v2\/tags?post=4508"}],"curies":[{"name":"wp","href":"https:\/\/api.w.org\/{rel}","templated":true}]}}