{"id":4502,"date":"2019-06-20T23:37:33","date_gmt":"2019-06-20T20:37:33","guid":{"rendered":"https:\/\/super-news.info\/hu\/buntetesre-szamithat-a-wizz-air\/"},"modified":"2019-06-20T23:37:34","modified_gmt":"2019-06-20T20:37:34","slug":"buntetesre-szamithat-a-wizz-air","status":"publish","type":"post","link":"https:\/\/super-news.info\/hu\/buntetesre-szamithat-a-wizz-air\/","title":{"rendered":"B\u00fcntet\u00e9sre sz\u00e1m\u00edthat a Wizz Air"},"content":{"rendered":"<p> [ad_1]<br \/>\n<\/p>\n<p>\n\t\t\t\t\t\t\t\tA Wizz Air j\u00e1ratt\u00f6rl\u00e9s\u00e9nek komoly k\u00f6vetkezm\u00e9nyei lehetnek a Minisztereln\u00f6ks\u00e9get vezet\u0151 miniszter t\u00e1j\u00e9koztat\u00e1sa szerint. &#13;\n\t\t\t\t\t\t\t<\/p>\n<div>\n<p>Fogyaszt\u00f3v\u00e9delmi elj\u00e1r\u00e1st ind\u00edt a korm\u00e1ny \u00e9s a lehet\u0151 legszigor\u00fabb b\u00edrs\u00e1g kiszab\u00e1s\u00e1t javasolja a hat\u00f3s\u00e1goknak \u2013 mondta Guly\u00e1s Gergely Minisztereln\u00f6ks\u00e9get vezet\u0151 miniszter a cs\u00fct\u00f6rt\u00f6ki korm\u00e1nyinf\u00f3n a Wizz Air szerdai j\u00e1ratt\u00f6rl\u00e9s\u00e9vel kapcsolatban.<\/p>\n<p>Guly\u00e1s felh\u00edvta r\u00e1 a figyelmet, hogy kor\u00e1bban is hasonl\u00f3an szigor\u00faan j\u00e1rtak el ilyen esetekben.<\/p>\n<div id=\"attachment_1584125\" style=\"width: 1410px\" class=\"wp-caption alignnone\">\n<p class=\"wp-caption-text\">Budapest, 2019. j\u00fanius 20. Guly\u00e1s Gergely, a Minisztereln\u00f6ks\u00e9get vezet\u0151 miniszter a Korm\u00e1nyinf\u00f3 sajt\u00f3t\u00e1j\u00e9koztat\u00f3n<br \/>Fot\u00f3: MTI\/Kov\u00e1cs Attila<\/p>\n<\/div>\n<p>A 24.hu cikke szerint t\u00f6bb mint h\u00e1rom \u00f3ra v\u00e1rakoztat\u00e1s ut\u00e1n t\u00f6r\u00f6lte a Wizz Air szerd\u00e1n este a Br\u00fcsszelb\u0151l Budapestre tart\u00f3 j\u00e1rat\u00e1t, \u00e9s seg\u00edts\u00e9gny\u00fajt\u00e1s n\u00e9lk\u00fcl hagyt\u00e1k az utasokat a rept\u00e9ren. De nem csak ott, hanem t\u00f6bb Angol desztin\u00e1ci\u00f3 eset\u00e9ben is gondok voltak.<\/p>\n<h3>Az elindul\u00e1s is neh\u00e9zkes volt<\/h3>\n<p>Az Index \u00edrta meg tegnap, hogy a l\u00e9git\u00e1rsas\u00e1g szerdai Budapestr\u0151l Br\u00fcsszel Charleroi-ba indul\u00f3 j\u00e1rata a tervezett 18 \u00f3ra 20 perces indul\u00e1s helyett v\u00e9g\u00fcl f\u00e9l 11-kor sz\u00e1llt fel. A megpr\u00f3b\u00e1ltat\u00e1sok akkor kezd\u0151dtek, amikor az eredeti \u00fatic\u00e9l helyett N\u00e9metorsz\u00e1gban, K\u00f6ln-Bonn rep\u00fcl\u0151ter\u00e9n sz\u00e1lltak le, mivel el\u0151bbi \u00e9jf\u00e9lkor bez\u00e1r. Egyes olvas\u00f3i besz\u00e1mol\u00f3k szerint az utasoknak \u00f6nk\u00f6lts\u00e9gen kellett megoldani, hogy eljussanak abba a sz\u00e1llod\u00e1ba, amit a Wizz Air jel\u00f6lt ki nekik.<\/p>\n<div id=\"attachment_1089529\" style=\"width: 1403px\" class=\"wp-caption alignnone\"><img loading=\"lazy\" decoding=\"async\" class=\"size-full wp-image-1089529\" src=\"https:\/\/super-news.info\/hu\/wp-content\/uploads\/sites\/3\/2019\/06\/Buntetesre-szamithat-a-Wizz-Air.jpg\" alt=\"\" width=\"1393\" height=\"969\"  \/><\/p>\n<p class=\"wp-caption-text\">Hosszas v\u00e1rakoz\u00e1s ut\u00e1n indultak el az utasok, v\u00e9g\u00fcl nem Br\u00fcsszelben sz\u00e1lltak le<br \/>Fot\u00f3: F\u00f6ldi D. Attila<\/p>\n<\/div>\n<p>A Br\u00fcsszelbe indul\u00f3 g\u00e9p tervezett indul\u00e1si ideje egy\u00e9bk\u00e9nt az\u00e9rt sem volt tarthat\u00f3, mert megs\u00e9r\u00fclt a fut\u00f3p\u00e1lya fel\u00fclete a budapesti rep\u00fcl\u0151t\u00e9r 13R\/31L fut\u00f3p\u00e1ly\u00e1j\u00e1n, ez\u00e9rt a rep\u00fcl\u0151teret le kellett z\u00e1rni, pont 18 \u00f3ra 20 perct\u0151l. A fut\u00f3p\u00e1ly\u00e1b\u00f3l kifordult egy betondarab, amely miatt a Wizz Air Stockholmb\u00f3l Budapestre \u00e9rkez\u0151 rep\u00fcl\u0151g\u00e9pe defektet kapott.<\/p>\n<p>M\u00e1rciusban tisztess\u00e9gtelen kereskedelmi gyakorlat miatt els\u0151 fokon tizen\u00f6tmilli\u00f3 forintos b\u00edrs\u00e1got szabott ki a F\u0151v\u00e1rosi Korm\u00e1nyhivatal a Wizz Air diszkont l\u00e9git\u00e1rsas\u00e1gra. A 2019. janu\u00e1r 26-\u00e1n Dubajb\u00f3l Budapestre tart\u00f3 j\u00e1rat\u00e1nak utasai ugyanis csak a budapesti lesz\u00e1ll\u00e1st k\u00f6vet\u0151en kaptak t\u00e1j\u00e9koztat\u00e1st arr\u00f3l, hogy a feladott poggy\u00e1szok egy r\u00e9sze nem \u00e9rkezett meg.<\/p>\n<\/p><\/div>\n<p><script>\n    window.fbAsyncInit = function() {\n        FB.init({\n            appId      : \"204760236815359\",\n            xfbml      : true,\n            version    : \"v2.12\"\n        });\n        FB.AppEvents.logPageView();\n    };<\/p>\n<p>    (function(d, s, id){\n        var js, fjs = d.getElementsByTagName(s)[0];\n        if (d.getElementById(id)) {return;}\n        js = d.createElement(s); js.id = id;\n        js.src = \"http:\/\/connect.facebook.net\/hu_HU\/sdk.js\";\n        fjs.parentNode.insertBefore(js, fjs);\n    }(document, \"script\", \"facebook-jssdk\"));\n<\/script><br \/>\n<br \/>[ad_2]<br \/>\n<br \/><a href=\"https:\/\/www.vg.hu\/kozelet\/kozeleti-hirek\/wizz-air-1584065\/\">Source link <\/a><\/p>\n","protected":false},"excerpt":{"rendered":"<p>[ad_1] A Wizz Air j\u00e1ratt\u00f6rl\u00e9s\u00e9nek komoly k\u00f6vetkezm\u00e9nyei lehetnek a Minisztereln\u00f6ks\u00e9get vezet\u0151 miniszter t\u00e1j\u00e9koztat\u00e1sa szerint. &#13; Fogyaszt\u00f3v\u00e9delmi elj\u00e1r\u00e1st ind\u00edt a korm\u00e1ny \u00e9s a lehet\u0151 legszigor\u00fabb b\u00edrs\u00e1g kiszab\u00e1s\u00e1t javasolja a hat\u00f3s\u00e1goknak \u2013 mondta Guly\u00e1s Gergely Minisztereln\u00f6ks\u00e9get vezet\u0151 miniszter a cs\u00fct\u00f6rt\u00f6ki korm\u00e1nyinf\u00f3n a Wizz Air szerdai j\u00e1ratt\u00f6rl\u00e9s\u00e9vel kapcsolatban. Guly\u00e1s felh\u00edvta r\u00e1 a figyelmet, hogy kor\u00e1bban is hasonl\u00f3an szigor\u00faan [&hellip;]<\/p>\n","protected":false},"author":2,"featured_media":4503,"comment_status":"open","ping_status":"open","sticky":false,"template":"","format":"standard","meta":{"footnotes":""},"categories":[1],"tags":[],"class_list":["post-4502","post","type-post","status-publish","format-standard","has-post-thumbnail","hentry","category-penzugyi-hirek"],"yoast_head":"<!-- This site is optimized with the Yoast SEO plugin v27.4 - https:\/\/yoast.com\/product\/yoast-seo-wordpress\/ -->\n<title>B\u00fcntet\u00e9sre sz\u00e1m\u00edthat a Wizz Air - Super News<\/title>\n<meta name=\"robots\" content=\"index, follow, max-snippet:-1, max-image-preview:large, max-video-preview:-1\" \/>\n<link rel=\"canonical\" href=\"https:\/\/super-news.info\/hu\/buntetesre-szamithat-a-wizz-air\/\" \/>\n<meta property=\"og:locale\" content=\"hu_HU\" \/>\n<meta property=\"og:type\" content=\"article\" \/>\n<meta property=\"og:title\" content=\"B\u00fcntet\u00e9sre sz\u00e1m\u00edthat a Wizz Air - Super News\" \/>\n<meta property=\"og:description\" content=\"[ad_1] A Wizz Air j\u00e1ratt\u00f6rl\u00e9s\u00e9nek komoly k\u00f6vetkezm\u00e9nyei lehetnek a Minisztereln\u00f6ks\u00e9get vezet\u0151 miniszter t\u00e1j\u00e9koztat\u00e1sa szerint. &#013; Fogyaszt\u00f3v\u00e9delmi elj\u00e1r\u00e1st ind\u00edt a korm\u00e1ny \u00e9s a lehet\u0151 legszigor\u00fabb b\u00edrs\u00e1g kiszab\u00e1s\u00e1t javasolja a hat\u00f3s\u00e1goknak \u2013 mondta Guly\u00e1s Gergely Minisztereln\u00f6ks\u00e9get vezet\u0151 miniszter a cs\u00fct\u00f6rt\u00f6ki korm\u00e1nyinf\u00f3n a Wizz Air szerdai j\u00e1ratt\u00f6rl\u00e9s\u00e9vel kapcsolatban. Guly\u00e1s felh\u00edvta r\u00e1 a figyelmet, hogy kor\u00e1bban is hasonl\u00f3an szigor\u00faan [&hellip;]\" \/>\n<meta property=\"og:url\" content=\"https:\/\/super-news.info\/hu\/buntetesre-szamithat-a-wizz-air\/\" \/>\n<meta property=\"og:site_name\" content=\"Super News\" \/>\n<meta property=\"article:published_time\" content=\"2019-06-20T20:37:33+00:00\" \/>\n<meta property=\"article:modified_time\" content=\"2019-06-20T20:37:34+00:00\" \/>\n<meta property=\"og:image\" content=\"https:\/\/super-news.info\/hu\/wp-content\/uploads\/sites\/3\/2019\/06\/B\u00fcntet\u00e9sre-sz\u00e1m\u00edthat-a-Wizz-Air.jpeg\" \/>\n\t<meta property=\"og:image:width\" content=\"1400\" \/>\n\t<meta property=\"og:image:height\" content=\"932\" \/>\n\t<meta property=\"og:image:type\" content=\"image\/jpeg\" \/>\n<meta name=\"author\" content=\"super-news\" \/>\n<meta name=\"twitter:card\" content=\"summary_large_image\" \/>\n<meta name=\"twitter:label1\" content=\"Szerz\u0151:\" \/>\n\t<meta name=\"twitter:data1\" content=\"super-news\" \/>\n\t<meta name=\"twitter:label2\" content=\"Becs\u00fclt olvas\u00e1si id\u0151\" \/>\n\t<meta name=\"twitter:data2\" content=\"2 perc\" \/>\n<script type=\"application\/ld+json\" class=\"yoast-schema-graph\">{\"@context\":\"https:\\\/\\\/schema.org\",\"@graph\":[{\"@type\":\"Article\",\"@id\":\"https:\\\/\\\/super-news.info\\\/hu\\\/buntetesre-szamithat-a-wizz-air\\\/#article\",\"isPartOf\":{\"@id\":\"https:\\\/\\\/super-news.info\\\/hu\\\/buntetesre-szamithat-a-wizz-air\\\/\"},\"author\":{\"name\":\"super-news\",\"@id\":\"https:\\\/\\\/super-news.info\\\/hu\\\/#\\\/schema\\\/person\\\/2d4068cb2f39cd10008c2fce578a7356\"},\"headline\":\"B\u00fcntet\u00e9sre sz\u00e1m\u00edthat a Wizz Air\",\"datePublished\":\"2019-06-20T20:37:33+00:00\",\"dateModified\":\"2019-06-20T20:37:34+00:00\",\"mainEntityOfPage\":{\"@id\":\"https:\\\/\\\/super-news.info\\\/hu\\\/buntetesre-szamithat-a-wizz-air\\\/\"},\"wordCount\":478,\"commentCount\":0,\"image\":{\"@id\":\"https:\\\/\\\/super-news.info\\\/hu\\\/buntetesre-szamithat-a-wizz-air\\\/#primaryimage\"},\"thumbnailUrl\":\"https:\\\/\\\/super-news.info\\\/hu\\\/wp-content\\\/uploads\\\/sites\\\/3\\\/2019\\\/06\\\/B\u00fcntet\u00e9sre-sz\u00e1m\u00edthat-a-Wizz-Air.jpeg\",\"articleSection\":[\"P\u00c9NZ\u00dcGYI H\u00cdREK\"],\"inLanguage\":\"hu\",\"potentialAction\":[{\"@type\":\"CommentAction\",\"name\":\"Comment\",\"target\":[\"https:\\\/\\\/super-news.info\\\/hu\\\/buntetesre-szamithat-a-wizz-air\\\/#respond\"]}]},{\"@type\":\"WebPage\",\"@id\":\"https:\\\/\\\/super-news.info\\\/hu\\\/buntetesre-szamithat-a-wizz-air\\\/\",\"url\":\"https:\\\/\\\/super-news.info\\\/hu\\\/buntetesre-szamithat-a-wizz-air\\\/\",\"name\":\"B\u00fcntet\u00e9sre sz\u00e1m\u00edthat a Wizz Air - Super News\",\"isPartOf\":{\"@id\":\"https:\\\/\\\/super-news.info\\\/hu\\\/#website\"},\"primaryImageOfPage\":{\"@id\":\"https:\\\/\\\/super-news.info\\\/hu\\\/buntetesre-szamithat-a-wizz-air\\\/#primaryimage\"},\"image\":{\"@id\":\"https:\\\/\\\/super-news.info\\\/hu\\\/buntetesre-szamithat-a-wizz-air\\\/#primaryimage\"},\"thumbnailUrl\":\"https:\\\/\\\/super-news.info\\\/hu\\\/wp-content\\\/uploads\\\/sites\\\/3\\\/2019\\\/06\\\/B\u00fcntet\u00e9sre-sz\u00e1m\u00edthat-a-Wizz-Air.jpeg\",\"datePublished\":\"2019-06-20T20:37:33+00:00\",\"dateModified\":\"2019-06-20T20:37:34+00:00\",\"author\":{\"@id\":\"https:\\\/\\\/super-news.info\\\/hu\\\/#\\\/schema\\\/person\\\/2d4068cb2f39cd10008c2fce578a7356\"},\"breadcrumb\":{\"@id\":\"https:\\\/\\\/super-news.info\\\/hu\\\/buntetesre-szamithat-a-wizz-air\\\/#breadcrumb\"},\"inLanguage\":\"hu\",\"potentialAction\":[{\"@type\":\"ReadAction\",\"target\":[\"https:\\\/\\\/super-news.info\\\/hu\\\/buntetesre-szamithat-a-wizz-air\\\/\"]}]},{\"@type\":\"ImageObject\",\"inLanguage\":\"hu\",\"@id\":\"https:\\\/\\\/super-news.info\\\/hu\\\/buntetesre-szamithat-a-wizz-air\\\/#primaryimage\",\"url\":\"https:\\\/\\\/super-news.info\\\/hu\\\/wp-content\\\/uploads\\\/sites\\\/3\\\/2019\\\/06\\\/B\u00fcntet\u00e9sre-sz\u00e1m\u00edthat-a-Wizz-Air.jpeg\",\"contentUrl\":\"https:\\\/\\\/super-news.info\\\/hu\\\/wp-content\\\/uploads\\\/sites\\\/3\\\/2019\\\/06\\\/B\u00fcntet\u00e9sre-sz\u00e1m\u00edthat-a-Wizz-Air.jpeg\",\"width\":1400,\"height\":932,\"caption\":\"B\u00fcntet\u00e9sre sz\u00e1m\u00edthat a Wizz Air\"},{\"@type\":\"BreadcrumbList\",\"@id\":\"https:\\\/\\\/super-news.info\\\/hu\\\/buntetesre-szamithat-a-wizz-air\\\/#breadcrumb\",\"itemListElement\":[{\"@type\":\"ListItem\",\"position\":1,\"name\":\"\u0413\u043b\u0430\u0432\u043d\u0430\u044f \u0441\u0442\u0440\u0430\u043d\u0438\u0446\u0430\",\"item\":\"https:\\\/\\\/super-news.info\\\/hu\\\/\"},{\"@type\":\"ListItem\",\"position\":2,\"name\":\"B\u00fcntet\u00e9sre sz\u00e1m\u00edthat a Wizz Air\"}]},{\"@type\":\"WebSite\",\"@id\":\"https:\\\/\\\/super-news.info\\\/hu\\\/#website\",\"url\":\"https:\\\/\\\/super-news.info\\\/hu\\\/\",\"name\":\"Super News\",\"description\":\"Super News Magyarorsz\u00e1g\",\"potentialAction\":[{\"@type\":\"SearchAction\",\"target\":{\"@type\":\"EntryPoint\",\"urlTemplate\":\"https:\\\/\\\/super-news.info\\\/hu\\\/?s={search_term_string}\"},\"query-input\":{\"@type\":\"PropertyValueSpecification\",\"valueRequired\":true,\"valueName\":\"search_term_string\"}}],\"inLanguage\":\"hu\"},{\"@type\":\"Person\",\"@id\":\"https:\\\/\\\/super-news.info\\\/hu\\\/#\\\/schema\\\/person\\\/2d4068cb2f39cd10008c2fce578a7356\",\"name\":\"super-news\",\"image\":{\"@type\":\"ImageObject\",\"inLanguage\":\"hu\",\"@id\":\"https:\\\/\\\/secure.gravatar.com\\\/avatar\\\/64ebac40b93f26a154f8a9b5b6fdccfc46f442b26b3dd6756dbff3bf9dc76fd7?s=96&d=mm&r=g\",\"url\":\"https:\\\/\\\/secure.gravatar.com\\\/avatar\\\/64ebac40b93f26a154f8a9b5b6fdccfc46f442b26b3dd6756dbff3bf9dc76fd7?s=96&d=mm&r=g\",\"contentUrl\":\"https:\\\/\\\/secure.gravatar.com\\\/avatar\\\/64ebac40b93f26a154f8a9b5b6fdccfc46f442b26b3dd6756dbff3bf9dc76fd7?s=96&d=mm&r=g\",\"caption\":\"super-news\"},\"url\":\"https:\\\/\\\/super-news.info\\\/hu\\\/author\\\/pt\\\/\"}]}<\/script>\n<!-- \/ Yoast SEO plugin. -->","yoast_head_json":{"title":"B\u00fcntet\u00e9sre sz\u00e1m\u00edthat a Wizz Air - Super News","robots":{"index":"index","follow":"follow","max-snippet":"max-snippet:-1","max-image-preview":"max-image-preview:large","max-video-preview":"max-video-preview:-1"},"canonical":"https:\/\/super-news.info\/hu\/buntetesre-szamithat-a-wizz-air\/","og_locale":"hu_HU","og_type":"article","og_title":"B\u00fcntet\u00e9sre sz\u00e1m\u00edthat a Wizz Air - Super News","og_description":"[ad_1] A Wizz Air j\u00e1ratt\u00f6rl\u00e9s\u00e9nek komoly k\u00f6vetkezm\u00e9nyei lehetnek a Minisztereln\u00f6ks\u00e9get vezet\u0151 miniszter t\u00e1j\u00e9koztat\u00e1sa szerint. &#13; Fogyaszt\u00f3v\u00e9delmi elj\u00e1r\u00e1st ind\u00edt a korm\u00e1ny \u00e9s a lehet\u0151 legszigor\u00fabb b\u00edrs\u00e1g kiszab\u00e1s\u00e1t javasolja a hat\u00f3s\u00e1goknak \u2013 mondta Guly\u00e1s Gergely Minisztereln\u00f6ks\u00e9get vezet\u0151 miniszter a cs\u00fct\u00f6rt\u00f6ki korm\u00e1nyinf\u00f3n a Wizz Air szerdai j\u00e1ratt\u00f6rl\u00e9s\u00e9vel kapcsolatban. Guly\u00e1s felh\u00edvta r\u00e1 a figyelmet, hogy kor\u00e1bban is hasonl\u00f3an szigor\u00faan [&hellip;]","og_url":"https:\/\/super-news.info\/hu\/buntetesre-szamithat-a-wizz-air\/","og_site_name":"Super News","article_published_time":"2019-06-20T20:37:33+00:00","article_modified_time":"2019-06-20T20:37:34+00:00","og_image":[{"width":1400,"height":932,"url":"https:\/\/super-news.info\/hu\/wp-content\/uploads\/sites\/3\/2019\/06\/B\u00fcntet\u00e9sre-sz\u00e1m\u00edthat-a-Wizz-Air.jpeg","type":"image\/jpeg"}],"author":"super-news","twitter_card":"summary_large_image","twitter_misc":{"Szerz\u0151:":"super-news","Becs\u00fclt olvas\u00e1si id\u0151":"2 perc"},"schema":{"@context":"https:\/\/schema.org","@graph":[{"@type":"Article","@id":"https:\/\/super-news.info\/hu\/buntetesre-szamithat-a-wizz-air\/#article","isPartOf":{"@id":"https:\/\/super-news.info\/hu\/buntetesre-szamithat-a-wizz-air\/"},"author":{"name":"super-news","@id":"https:\/\/super-news.info\/hu\/#\/schema\/person\/2d4068cb2f39cd10008c2fce578a7356"},"headline":"B\u00fcntet\u00e9sre sz\u00e1m\u00edthat a Wizz Air","datePublished":"2019-06-20T20:37:33+00:00","dateModified":"2019-06-20T20:37:34+00:00","mainEntityOfPage":{"@id":"https:\/\/super-news.info\/hu\/buntetesre-szamithat-a-wizz-air\/"},"wordCount":478,"commentCount":0,"image":{"@id":"https:\/\/super-news.info\/hu\/buntetesre-szamithat-a-wizz-air\/#primaryimage"},"thumbnailUrl":"https:\/\/super-news.info\/hu\/wp-content\/uploads\/sites\/3\/2019\/06\/B\u00fcntet\u00e9sre-sz\u00e1m\u00edthat-a-Wizz-Air.jpeg","articleSection":["P\u00c9NZ\u00dcGYI H\u00cdREK"],"inLanguage":"hu","potentialAction":[{"@type":"CommentAction","name":"Comment","target":["https:\/\/super-news.info\/hu\/buntetesre-szamithat-a-wizz-air\/#respond"]}]},{"@type":"WebPage","@id":"https:\/\/super-news.info\/hu\/buntetesre-szamithat-a-wizz-air\/","url":"https:\/\/super-news.info\/hu\/buntetesre-szamithat-a-wizz-air\/","name":"B\u00fcntet\u00e9sre sz\u00e1m\u00edthat a Wizz Air - Super News","isPartOf":{"@id":"https:\/\/super-news.info\/hu\/#website"},"primaryImageOfPage":{"@id":"https:\/\/super-news.info\/hu\/buntetesre-szamithat-a-wizz-air\/#primaryimage"},"image":{"@id":"https:\/\/super-news.info\/hu\/buntetesre-szamithat-a-wizz-air\/#primaryimage"},"thumbnailUrl":"https:\/\/super-news.info\/hu\/wp-content\/uploads\/sites\/3\/2019\/06\/B\u00fcntet\u00e9sre-sz\u00e1m\u00edthat-a-Wizz-Air.jpeg","datePublished":"2019-06-20T20:37:33+00:00","dateModified":"2019-06-20T20:37:34+00:00","author":{"@id":"https:\/\/super-news.info\/hu\/#\/schema\/person\/2d4068cb2f39cd10008c2fce578a7356"},"breadcrumb":{"@id":"https:\/\/super-news.info\/hu\/buntetesre-szamithat-a-wizz-air\/#breadcrumb"},"inLanguage":"hu","potentialAction":[{"@type":"ReadAction","target":["https:\/\/super-news.info\/hu\/buntetesre-szamithat-a-wizz-air\/"]}]},{"@type":"ImageObject","inLanguage":"hu","@id":"https:\/\/super-news.info\/hu\/buntetesre-szamithat-a-wizz-air\/#primaryimage","url":"https:\/\/super-news.info\/hu\/wp-content\/uploads\/sites\/3\/2019\/06\/B\u00fcntet\u00e9sre-sz\u00e1m\u00edthat-a-Wizz-Air.jpeg","contentUrl":"https:\/\/super-news.info\/hu\/wp-content\/uploads\/sites\/3\/2019\/06\/B\u00fcntet\u00e9sre-sz\u00e1m\u00edthat-a-Wizz-Air.jpeg","width":1400,"height":932,"caption":"B\u00fcntet\u00e9sre sz\u00e1m\u00edthat a Wizz Air"},{"@type":"BreadcrumbList","@id":"https:\/\/super-news.info\/hu\/buntetesre-szamithat-a-wizz-air\/#breadcrumb","itemListElement":[{"@type":"ListItem","position":1,"name":"\u0413\u043b\u0430\u0432\u043d\u0430\u044f \u0441\u0442\u0440\u0430\u043d\u0438\u0446\u0430","item":"https:\/\/super-news.info\/hu\/"},{"@type":"ListItem","position":2,"name":"B\u00fcntet\u00e9sre sz\u00e1m\u00edthat a Wizz Air"}]},{"@type":"WebSite","@id":"https:\/\/super-news.info\/hu\/#website","url":"https:\/\/super-news.info\/hu\/","name":"Super News","description":"Super News Magyarorsz\u00e1g","potentialAction":[{"@type":"SearchAction","target":{"@type":"EntryPoint","urlTemplate":"https:\/\/super-news.info\/hu\/?s={search_term_string}"},"query-input":{"@type":"PropertyValueSpecification","valueRequired":true,"valueName":"search_term_string"}}],"inLanguage":"hu"},{"@type":"Person","@id":"https:\/\/super-news.info\/hu\/#\/schema\/person\/2d4068cb2f39cd10008c2fce578a7356","name":"super-news","image":{"@type":"ImageObject","inLanguage":"hu","@id":"https:\/\/secure.gravatar.com\/avatar\/64ebac40b93f26a154f8a9b5b6fdccfc46f442b26b3dd6756dbff3bf9dc76fd7?s=96&d=mm&r=g","url":"https:\/\/secure.gravatar.com\/avatar\/64ebac40b93f26a154f8a9b5b6fdccfc46f442b26b3dd6756dbff3bf9dc76fd7?s=96&d=mm&r=g","contentUrl":"https:\/\/secure.gravatar.com\/avatar\/64ebac40b93f26a154f8a9b5b6fdccfc46f442b26b3dd6756dbff3bf9dc76fd7?s=96&d=mm&r=g","caption":"super-news"},"url":"https:\/\/super-news.info\/hu\/author\/pt\/"}]}},"_links":{"self":[{"href":"https:\/\/super-news.info\/hu\/wp-json\/wp\/v2\/posts\/4502","targetHints":{"allow":["GET"]}}],"collection":[{"href":"https:\/\/super-news.info\/hu\/wp-json\/wp\/v2\/posts"}],"about":[{"href":"https:\/\/super-news.info\/hu\/wp-json\/wp\/v2\/types\/post"}],"author":[{"embeddable":true,"href":"https:\/\/super-news.info\/hu\/wp-json\/wp\/v2\/users\/2"}],"replies":[{"embeddable":true,"href":"https:\/\/super-news.info\/hu\/wp-json\/wp\/v2\/comments?post=4502"}],"version-history":[{"count":1,"href":"https:\/\/super-news.info\/hu\/wp-json\/wp\/v2\/posts\/4502\/revisions"}],"predecessor-version":[{"id":4504,"href":"https:\/\/super-news.info\/hu\/wp-json\/wp\/v2\/posts\/4502\/revisions\/4504"}],"wp:featuredmedia":[{"embeddable":true,"href":"https:\/\/super-news.info\/hu\/wp-json\/wp\/v2\/media\/4503"}],"wp:attachment":[{"href":"https:\/\/super-news.info\/hu\/wp-json\/wp\/v2\/media?parent=4502"}],"wp:term":[{"taxonomy":"category","embeddable":true,"href":"https:\/\/super-news.info\/hu\/wp-json\/wp\/v2\/categories?post=4502"},{"taxonomy":"post_tag","embeddable":true,"href":"https:\/\/super-news.info\/hu\/wp-json\/wp\/v2\/tags?post=4502"}],"curies":[{"name":"wp","href":"https:\/\/api.w.org\/{rel}","templated":true}]}}