{"id":4499,"date":"2019-06-20T22:42:35","date_gmt":"2019-06-20T19:42:35","guid":{"rendered":"https:\/\/super-news.info\/hu\/elarvereztek-azt-a-fegyvert-amellyel-vincent-van-gogh-lelotte-magat\/"},"modified":"2019-06-20T22:42:36","modified_gmt":"2019-06-20T19:42:36","slug":"elarvereztek-azt-a-fegyvert-amellyel-vincent-van-gogh-lelotte-magat","status":"publish","type":"post","link":"https:\/\/super-news.info\/hu\/elarvereztek-azt-a-fegyvert-amellyel-vincent-van-gogh-lelotte-magat\/","title":{"rendered":"El\u00e1rverezt\u00e9k azt a fegyvert, amellyel Vincent van Gogh lel\u0151tte mag\u00e1t"},"content":{"rendered":"<p> [ad_1]<br \/>\n<\/p>\n<div>\n<p>T\u00f6bb mint 160 ezer eur\u00f3\u00e9rt kelt el egy szerdai p\u00e1rizsi \u00e1rver\u00e9sen az a Lefaucheux m\u00e1rk\u00e1j\u00fa pisztoly, amellyel Vincent van Gogh 1890-ben, 37 \u00e9vesen \u00f6ngyilkoss\u00e1got k\u00f6vetett el.<\/p>\n<p>A Drouot aukci\u00f3sh\u00e1z 40 \u00e9s 60 ezer eur\u00f3 k\u00f6z\u00f6tti le\u00fct\u00e9si \u00e1rra sz\u00e1m\u00edtott, \u00faj tulajdonosa, egy mag\u00e1ngy\u0171jt\u0151, aki nem k\u00edv\u00e1nta kil\u00e9t\u00e9t felfedni, 162 500 eur\u00f3t fizetett \u00e9rte.<\/p>\n<p>Amikor van Gogh 1890. j\u00falius 27-\u00e9n megl\u0151tte mag\u00e1t, m\u00e9g vissza tudott v\u00e1nszorogni abba a fogad\u00f3ba, ahol annak idej\u00e9n lakott, \u00e1m 30 \u00f3r\u00e1val k\u00e9s\u0151bb belehalt s\u00e9r\u00fcl\u00e9seibe.<\/p>\n<p>A h\u00e9t millim\u00e9teres kaliber\u0171 pisztolyt csak 1965-ben tal\u00e1lt\u00e1k meg, egy f\u00f6ldj\u00e9t m\u0171vel\u0151 gazda bukkant r\u00e1 a P\u00e1rizst\u00f3l \u00e9szakra eltrtl\u0151 Auvers-sur-Oise t\u00e9rs\u00e9g\u00e9ben l\u00e9v\u0151 mez\u0151n, ahol a fest\u0151 hal\u00e1losan megsebes\u00edtette mag\u00e1t. A korr\u00f3zi\u00f3 m\u00e9rt\u00e9k\u00e9b\u0151l a szakemberek arra k\u00f6vetkeztettek, hogy a fegyvert 50-60 \u00e9ve rejthette a f\u00f6ld.<\/p>\n<div id=\"attachment_1584722\" style=\"width: 1410px\" class=\"wp-caption aligncenter\">\n<p class=\"wp-caption-text\">Fot\u00f3: AFP<\/p>\n<\/div>\n<p>A revolver korl\u00e1tozott t\u0171zereje magyar\u00e1zatot ad arra, hogy a k\u00f6zelr\u0151l leadott l\u00f6v\u00e9s mi\u00e9rt pattant meg van Gogh bord\u00e1j\u00e1n. A goly\u00f3 lefel\u00e9 pattant \u00e9s t\u00fal m\u00e9lyen hatolt be a fest\u0151m\u0171v\u00e9sz test\u00e9be ahhoz, hogy kock\u00e1zat n\u00e9lk\u00fcl el lehetett volna t\u00e1vol\u00edtani, ez\u00e9rt halt bele a l\u00f6v\u00e9sbe 30 \u00f3r\u00e1val k\u00e9s\u0151bb.<\/p>\n<p>Felfedez\u00e9se ut\u00e1n a revolvert \u00e1tadt\u00e1k az auvers-sur-oise-i Ravoux fogad\u00f3 tulajdonos\u00e1nak, az egyes szak\u00e9rt\u0151k \u00e1ltal \u201ea m\u0171v\u00e9szett\u00f6rt\u00e9net legh\u00edresebb fegyver\u00e9nek\u201d tartott revolver az\u00f3ta is a csal\u00e1d tulajdon\u00e1ban maradt. 2012-ben mutatt\u00e1k be a nyilv\u00e1noss\u00e1gnak. 2016-ban ki\u00e1ll\u00edtott\u00e1k az amszterdami Van Gogh M\u00fazeumban egy, a holland fest\u0151 t\u00e9boly\u00e1nak okait firtat\u00f3 t\u00e1rlaton.<\/p>\n<p>Amerikai kutat\u00f3k 2011-ben azzal \u00e1lltak el\u0151, hogy van Gogh nem is lett \u00f6ngyilkos, a fest\u0151t v\u00e9letlen\u00fcl tal\u00e1lta el egy goly\u00f3, amikor fiatalok a revolverrel j\u00e1tszottak a mez\u0151n.<\/p>\n<p>Val\u00f3sz\u00edn\u0171leg sosem tudj\u00e1k k\u00e9ts\u00e9get kiz\u00e1r\u00f3an bizony\u00edtani, hogy ez a fegyver sebezte hal\u00e1lra a h\u00edres fest\u0151t, szak\u00e9rt\u0151k szerint azonban er\u0151s \u00e9rvek sz\u00f3lnak amellett, hogy a revolvernek k\u00f6ze van Vincent van Gogh hal\u00e1l\u00e1hoz, b\u00e1rhogy is t\u00f6rt\u00e9nt az.<br \/>2016-ban egy m\u00e1sik Lefaucheux pisztoly 435 ezer eur\u00f3\u00e9rt kelt el P\u00e1rizsban a Christie\u2019s aukci\u00f3sh\u00e1zn\u00e1l, a hatl\u00f6vet\u0171 revolverrel Paul Verlaine megpr\u00f3b\u00e1lta meg\u00f6lni Arthur Rimbaud-t egy 1873. j\u00faliusi d\u00e9lut\u00e1non Br\u00fcsszelben. Az akkoriban divatos m\u00e1rk\u00e1nak sz\u00e1m\u00edt\u00f3 Lefaucheux gy\u00e1rtm\u00e1ny\u00fa, 7 millim\u00e9teres kaliber\u0171, hatl\u00f6vet\u0171 revolver le\u00fct\u00e9si \u00e1r\u00e1t 50-60 ezer eur\u00f3 k\u00f6z\u00f6tti \u00f6sszegre (15,5-18,7 milli\u00f3 forint) becs\u00fclt\u00e9k.<\/p>\n<\/p><\/div>\n<p><script>\n    window.fbAsyncInit = function() {\n        FB.init({\n            appId      : \"204760236815359\",\n            xfbml      : true,\n            version    : \"v2.12\"\n        });\n        FB.AppEvents.logPageView();\n    };<\/p>\n<p>    (function(d, s, id){\n        var js, fjs = d.getElementsByTagName(s)[0];\n        if (d.getElementById(id)) {return;}\n        js = d.createElement(s); js.id = id;\n        js.src = \"http:\/\/connect.facebook.net\/hu_HU\/sdk.js\";\n        fjs.parentNode.insertBefore(js, fjs);\n    }(document, \"script\", \"facebook-jssdk\"));\n<\/script><br \/>\n<br \/>[ad_2]<br \/>\n<br \/><a href=\"https:\/\/www.vg.hu\/vallalatok\/mutargy\/elarvereztek-azt-a-fegyvert-amellyel-vincent-van-gogh-lelotte-magat-1584710\/\">Source link <\/a><\/p>\n","protected":false},"excerpt":{"rendered":"<p>[ad_1] T\u00f6bb mint 160 ezer eur\u00f3\u00e9rt kelt el egy szerdai p\u00e1rizsi \u00e1rver\u00e9sen az a Lefaucheux m\u00e1rk\u00e1j\u00fa pisztoly, amellyel Vincent van Gogh 1890-ben, 37 \u00e9vesen \u00f6ngyilkoss\u00e1got k\u00f6vetett el. A Drouot aukci\u00f3sh\u00e1z 40 \u00e9s 60 ezer eur\u00f3 k\u00f6z\u00f6tti le\u00fct\u00e9si \u00e1rra sz\u00e1m\u00edtott, \u00faj tulajdonosa, egy mag\u00e1ngy\u0171jt\u0151, aki nem k\u00edv\u00e1nta kil\u00e9t\u00e9t felfedni, 162 500 eur\u00f3t fizetett \u00e9rte. Amikor van [&hellip;]<\/p>\n","protected":false},"author":2,"featured_media":4500,"comment_status":"open","ping_status":"open","sticky":false,"template":"","format":"standard","meta":{"footnotes":""},"categories":[1],"tags":[],"class_list":["post-4499","post","type-post","status-publish","format-standard","has-post-thumbnail","hentry","category-penzugyi-hirek"],"yoast_head":"<!-- This site is optimized with the Yoast SEO plugin v27.4 - https:\/\/yoast.com\/product\/yoast-seo-wordpress\/ -->\n<title>El\u00e1rverezt\u00e9k azt a fegyvert, amellyel Vincent van Gogh lel\u0151tte mag\u00e1t - Super News<\/title>\n<meta name=\"robots\" content=\"index, follow, max-snippet:-1, max-image-preview:large, max-video-preview:-1\" \/>\n<link rel=\"canonical\" href=\"https:\/\/super-news.info\/hu\/elarvereztek-azt-a-fegyvert-amellyel-vincent-van-gogh-lelotte-magat\/\" \/>\n<meta property=\"og:locale\" content=\"hu_HU\" \/>\n<meta property=\"og:type\" content=\"article\" \/>\n<meta property=\"og:title\" content=\"El\u00e1rverezt\u00e9k azt a fegyvert, amellyel Vincent van Gogh lel\u0151tte mag\u00e1t - Super News\" \/>\n<meta property=\"og:description\" content=\"[ad_1] T\u00f6bb mint 160 ezer eur\u00f3\u00e9rt kelt el egy szerdai p\u00e1rizsi \u00e1rver\u00e9sen az a Lefaucheux m\u00e1rk\u00e1j\u00fa pisztoly, amellyel Vincent van Gogh 1890-ben, 37 \u00e9vesen \u00f6ngyilkoss\u00e1got k\u00f6vetett el. A Drouot aukci\u00f3sh\u00e1z 40 \u00e9s 60 ezer eur\u00f3 k\u00f6z\u00f6tti le\u00fct\u00e9si \u00e1rra sz\u00e1m\u00edtott, \u00faj tulajdonosa, egy mag\u00e1ngy\u0171jt\u0151, aki nem k\u00edv\u00e1nta kil\u00e9t\u00e9t felfedni, 162 500 eur\u00f3t fizetett \u00e9rte. Amikor van [&hellip;]\" \/>\n<meta property=\"og:url\" content=\"https:\/\/super-news.info\/hu\/elarvereztek-azt-a-fegyvert-amellyel-vincent-van-gogh-lelotte-magat\/\" \/>\n<meta property=\"og:site_name\" content=\"Super News\" \/>\n<meta property=\"article:published_time\" content=\"2019-06-20T19:42:35+00:00\" \/>\n<meta property=\"article:modified_time\" content=\"2019-06-20T19:42:36+00:00\" \/>\n<meta property=\"og:image\" content=\"https:\/\/super-news.info\/hu\/wp-content\/uploads\/sites\/3\/2019\/06\/El\u00e1rverezt\u00e9k-azt-a-fegyvert-amellyel-Vincent-van-Gogh-lel\u0151tte-mag\u00e1t.jpg\" \/>\n\t<meta property=\"og:image:width\" content=\"1400\" \/>\n\t<meta property=\"og:image:height\" content=\"972\" \/>\n\t<meta property=\"og:image:type\" content=\"image\/jpeg\" \/>\n<meta name=\"author\" content=\"super-news\" \/>\n<meta name=\"twitter:card\" content=\"summary_large_image\" \/>\n<meta name=\"twitter:label1\" content=\"Szerz\u0151:\" \/>\n\t<meta name=\"twitter:data1\" content=\"super-news\" \/>\n\t<meta name=\"twitter:label2\" content=\"Becs\u00fclt olvas\u00e1si id\u0151\" \/>\n\t<meta name=\"twitter:data2\" content=\"2 perc\" \/>\n<script type=\"application\/ld+json\" class=\"yoast-schema-graph\">{\"@context\":\"https:\\\/\\\/schema.org\",\"@graph\":[{\"@type\":\"Article\",\"@id\":\"https:\\\/\\\/super-news.info\\\/hu\\\/elarvereztek-azt-a-fegyvert-amellyel-vincent-van-gogh-lelotte-magat\\\/#article\",\"isPartOf\":{\"@id\":\"https:\\\/\\\/super-news.info\\\/hu\\\/elarvereztek-azt-a-fegyvert-amellyel-vincent-van-gogh-lelotte-magat\\\/\"},\"author\":{\"name\":\"super-news\",\"@id\":\"https:\\\/\\\/super-news.info\\\/hu\\\/#\\\/schema\\\/person\\\/2d4068cb2f39cd10008c2fce578a7356\"},\"headline\":\"El\u00e1rverezt\u00e9k azt a fegyvert, amellyel Vincent van Gogh lel\u0151tte mag\u00e1t\",\"datePublished\":\"2019-06-20T19:42:35+00:00\",\"dateModified\":\"2019-06-20T19:42:36+00:00\",\"mainEntityOfPage\":{\"@id\":\"https:\\\/\\\/super-news.info\\\/hu\\\/elarvereztek-azt-a-fegyvert-amellyel-vincent-van-gogh-lelotte-magat\\\/\"},\"wordCount\":506,\"commentCount\":0,\"image\":{\"@id\":\"https:\\\/\\\/super-news.info\\\/hu\\\/elarvereztek-azt-a-fegyvert-amellyel-vincent-van-gogh-lelotte-magat\\\/#primaryimage\"},\"thumbnailUrl\":\"https:\\\/\\\/super-news.info\\\/hu\\\/wp-content\\\/uploads\\\/sites\\\/3\\\/2019\\\/06\\\/El\u00e1rverezt\u00e9k-azt-a-fegyvert-amellyel-Vincent-van-Gogh-lel\u0151tte-mag\u00e1t.jpg\",\"articleSection\":[\"P\u00c9NZ\u00dcGYI H\u00cdREK\"],\"inLanguage\":\"hu\",\"potentialAction\":[{\"@type\":\"CommentAction\",\"name\":\"Comment\",\"target\":[\"https:\\\/\\\/super-news.info\\\/hu\\\/elarvereztek-azt-a-fegyvert-amellyel-vincent-van-gogh-lelotte-magat\\\/#respond\"]}]},{\"@type\":\"WebPage\",\"@id\":\"https:\\\/\\\/super-news.info\\\/hu\\\/elarvereztek-azt-a-fegyvert-amellyel-vincent-van-gogh-lelotte-magat\\\/\",\"url\":\"https:\\\/\\\/super-news.info\\\/hu\\\/elarvereztek-azt-a-fegyvert-amellyel-vincent-van-gogh-lelotte-magat\\\/\",\"name\":\"El\u00e1rverezt\u00e9k azt a fegyvert, amellyel Vincent van Gogh lel\u0151tte mag\u00e1t - Super News\",\"isPartOf\":{\"@id\":\"https:\\\/\\\/super-news.info\\\/hu\\\/#website\"},\"primaryImageOfPage\":{\"@id\":\"https:\\\/\\\/super-news.info\\\/hu\\\/elarvereztek-azt-a-fegyvert-amellyel-vincent-van-gogh-lelotte-magat\\\/#primaryimage\"},\"image\":{\"@id\":\"https:\\\/\\\/super-news.info\\\/hu\\\/elarvereztek-azt-a-fegyvert-amellyel-vincent-van-gogh-lelotte-magat\\\/#primaryimage\"},\"thumbnailUrl\":\"https:\\\/\\\/super-news.info\\\/hu\\\/wp-content\\\/uploads\\\/sites\\\/3\\\/2019\\\/06\\\/El\u00e1rverezt\u00e9k-azt-a-fegyvert-amellyel-Vincent-van-Gogh-lel\u0151tte-mag\u00e1t.jpg\",\"datePublished\":\"2019-06-20T19:42:35+00:00\",\"dateModified\":\"2019-06-20T19:42:36+00:00\",\"author\":{\"@id\":\"https:\\\/\\\/super-news.info\\\/hu\\\/#\\\/schema\\\/person\\\/2d4068cb2f39cd10008c2fce578a7356\"},\"breadcrumb\":{\"@id\":\"https:\\\/\\\/super-news.info\\\/hu\\\/elarvereztek-azt-a-fegyvert-amellyel-vincent-van-gogh-lelotte-magat\\\/#breadcrumb\"},\"inLanguage\":\"hu\",\"potentialAction\":[{\"@type\":\"ReadAction\",\"target\":[\"https:\\\/\\\/super-news.info\\\/hu\\\/elarvereztek-azt-a-fegyvert-amellyel-vincent-van-gogh-lelotte-magat\\\/\"]}]},{\"@type\":\"ImageObject\",\"inLanguage\":\"hu\",\"@id\":\"https:\\\/\\\/super-news.info\\\/hu\\\/elarvereztek-azt-a-fegyvert-amellyel-vincent-van-gogh-lelotte-magat\\\/#primaryimage\",\"url\":\"https:\\\/\\\/super-news.info\\\/hu\\\/wp-content\\\/uploads\\\/sites\\\/3\\\/2019\\\/06\\\/El\u00e1rverezt\u00e9k-azt-a-fegyvert-amellyel-Vincent-van-Gogh-lel\u0151tte-mag\u00e1t.jpg\",\"contentUrl\":\"https:\\\/\\\/super-news.info\\\/hu\\\/wp-content\\\/uploads\\\/sites\\\/3\\\/2019\\\/06\\\/El\u00e1rverezt\u00e9k-azt-a-fegyvert-amellyel-Vincent-van-Gogh-lel\u0151tte-mag\u00e1t.jpg\",\"width\":1400,\"height\":972,\"caption\":\"El\u00e1rverezt\u00e9k azt a fegyvert, amellyel Vincent van Gogh lel\u0151tte mag\u00e1t\"},{\"@type\":\"BreadcrumbList\",\"@id\":\"https:\\\/\\\/super-news.info\\\/hu\\\/elarvereztek-azt-a-fegyvert-amellyel-vincent-van-gogh-lelotte-magat\\\/#breadcrumb\",\"itemListElement\":[{\"@type\":\"ListItem\",\"position\":1,\"name\":\"\u0413\u043b\u0430\u0432\u043d\u0430\u044f \u0441\u0442\u0440\u0430\u043d\u0438\u0446\u0430\",\"item\":\"https:\\\/\\\/super-news.info\\\/hu\\\/\"},{\"@type\":\"ListItem\",\"position\":2,\"name\":\"El\u00e1rverezt\u00e9k azt a fegyvert, amellyel Vincent van Gogh lel\u0151tte mag\u00e1t\"}]},{\"@type\":\"WebSite\",\"@id\":\"https:\\\/\\\/super-news.info\\\/hu\\\/#website\",\"url\":\"https:\\\/\\\/super-news.info\\\/hu\\\/\",\"name\":\"Super News\",\"description\":\"Super News Magyarorsz\u00e1g\",\"potentialAction\":[{\"@type\":\"SearchAction\",\"target\":{\"@type\":\"EntryPoint\",\"urlTemplate\":\"https:\\\/\\\/super-news.info\\\/hu\\\/?s={search_term_string}\"},\"query-input\":{\"@type\":\"PropertyValueSpecification\",\"valueRequired\":true,\"valueName\":\"search_term_string\"}}],\"inLanguage\":\"hu\"},{\"@type\":\"Person\",\"@id\":\"https:\\\/\\\/super-news.info\\\/hu\\\/#\\\/schema\\\/person\\\/2d4068cb2f39cd10008c2fce578a7356\",\"name\":\"super-news\",\"image\":{\"@type\":\"ImageObject\",\"inLanguage\":\"hu\",\"@id\":\"https:\\\/\\\/secure.gravatar.com\\\/avatar\\\/64ebac40b93f26a154f8a9b5b6fdccfc46f442b26b3dd6756dbff3bf9dc76fd7?s=96&d=mm&r=g\",\"url\":\"https:\\\/\\\/secure.gravatar.com\\\/avatar\\\/64ebac40b93f26a154f8a9b5b6fdccfc46f442b26b3dd6756dbff3bf9dc76fd7?s=96&d=mm&r=g\",\"contentUrl\":\"https:\\\/\\\/secure.gravatar.com\\\/avatar\\\/64ebac40b93f26a154f8a9b5b6fdccfc46f442b26b3dd6756dbff3bf9dc76fd7?s=96&d=mm&r=g\",\"caption\":\"super-news\"},\"url\":\"https:\\\/\\\/super-news.info\\\/hu\\\/author\\\/pt\\\/\"}]}<\/script>\n<!-- \/ Yoast SEO plugin. -->","yoast_head_json":{"title":"El\u00e1rverezt\u00e9k azt a fegyvert, amellyel Vincent van Gogh lel\u0151tte mag\u00e1t - Super News","robots":{"index":"index","follow":"follow","max-snippet":"max-snippet:-1","max-image-preview":"max-image-preview:large","max-video-preview":"max-video-preview:-1"},"canonical":"https:\/\/super-news.info\/hu\/elarvereztek-azt-a-fegyvert-amellyel-vincent-van-gogh-lelotte-magat\/","og_locale":"hu_HU","og_type":"article","og_title":"El\u00e1rverezt\u00e9k azt a fegyvert, amellyel Vincent van Gogh lel\u0151tte mag\u00e1t - Super News","og_description":"[ad_1] T\u00f6bb mint 160 ezer eur\u00f3\u00e9rt kelt el egy szerdai p\u00e1rizsi \u00e1rver\u00e9sen az a Lefaucheux m\u00e1rk\u00e1j\u00fa pisztoly, amellyel Vincent van Gogh 1890-ben, 37 \u00e9vesen \u00f6ngyilkoss\u00e1got k\u00f6vetett el. A Drouot aukci\u00f3sh\u00e1z 40 \u00e9s 60 ezer eur\u00f3 k\u00f6z\u00f6tti le\u00fct\u00e9si \u00e1rra sz\u00e1m\u00edtott, \u00faj tulajdonosa, egy mag\u00e1ngy\u0171jt\u0151, aki nem k\u00edv\u00e1nta kil\u00e9t\u00e9t felfedni, 162 500 eur\u00f3t fizetett \u00e9rte. Amikor van [&hellip;]","og_url":"https:\/\/super-news.info\/hu\/elarvereztek-azt-a-fegyvert-amellyel-vincent-van-gogh-lelotte-magat\/","og_site_name":"Super News","article_published_time":"2019-06-20T19:42:35+00:00","article_modified_time":"2019-06-20T19:42:36+00:00","og_image":[{"width":1400,"height":972,"url":"https:\/\/super-news.info\/hu\/wp-content\/uploads\/sites\/3\/2019\/06\/El\u00e1rverezt\u00e9k-azt-a-fegyvert-amellyel-Vincent-van-Gogh-lel\u0151tte-mag\u00e1t.jpg","type":"image\/jpeg"}],"author":"super-news","twitter_card":"summary_large_image","twitter_misc":{"Szerz\u0151:":"super-news","Becs\u00fclt olvas\u00e1si id\u0151":"2 perc"},"schema":{"@context":"https:\/\/schema.org","@graph":[{"@type":"Article","@id":"https:\/\/super-news.info\/hu\/elarvereztek-azt-a-fegyvert-amellyel-vincent-van-gogh-lelotte-magat\/#article","isPartOf":{"@id":"https:\/\/super-news.info\/hu\/elarvereztek-azt-a-fegyvert-amellyel-vincent-van-gogh-lelotte-magat\/"},"author":{"name":"super-news","@id":"https:\/\/super-news.info\/hu\/#\/schema\/person\/2d4068cb2f39cd10008c2fce578a7356"},"headline":"El\u00e1rverezt\u00e9k azt a fegyvert, amellyel Vincent van Gogh lel\u0151tte mag\u00e1t","datePublished":"2019-06-20T19:42:35+00:00","dateModified":"2019-06-20T19:42:36+00:00","mainEntityOfPage":{"@id":"https:\/\/super-news.info\/hu\/elarvereztek-azt-a-fegyvert-amellyel-vincent-van-gogh-lelotte-magat\/"},"wordCount":506,"commentCount":0,"image":{"@id":"https:\/\/super-news.info\/hu\/elarvereztek-azt-a-fegyvert-amellyel-vincent-van-gogh-lelotte-magat\/#primaryimage"},"thumbnailUrl":"https:\/\/super-news.info\/hu\/wp-content\/uploads\/sites\/3\/2019\/06\/El\u00e1rverezt\u00e9k-azt-a-fegyvert-amellyel-Vincent-van-Gogh-lel\u0151tte-mag\u00e1t.jpg","articleSection":["P\u00c9NZ\u00dcGYI H\u00cdREK"],"inLanguage":"hu","potentialAction":[{"@type":"CommentAction","name":"Comment","target":["https:\/\/super-news.info\/hu\/elarvereztek-azt-a-fegyvert-amellyel-vincent-van-gogh-lelotte-magat\/#respond"]}]},{"@type":"WebPage","@id":"https:\/\/super-news.info\/hu\/elarvereztek-azt-a-fegyvert-amellyel-vincent-van-gogh-lelotte-magat\/","url":"https:\/\/super-news.info\/hu\/elarvereztek-azt-a-fegyvert-amellyel-vincent-van-gogh-lelotte-magat\/","name":"El\u00e1rverezt\u00e9k azt a fegyvert, amellyel Vincent van Gogh lel\u0151tte mag\u00e1t - Super News","isPartOf":{"@id":"https:\/\/super-news.info\/hu\/#website"},"primaryImageOfPage":{"@id":"https:\/\/super-news.info\/hu\/elarvereztek-azt-a-fegyvert-amellyel-vincent-van-gogh-lelotte-magat\/#primaryimage"},"image":{"@id":"https:\/\/super-news.info\/hu\/elarvereztek-azt-a-fegyvert-amellyel-vincent-van-gogh-lelotte-magat\/#primaryimage"},"thumbnailUrl":"https:\/\/super-news.info\/hu\/wp-content\/uploads\/sites\/3\/2019\/06\/El\u00e1rverezt\u00e9k-azt-a-fegyvert-amellyel-Vincent-van-Gogh-lel\u0151tte-mag\u00e1t.jpg","datePublished":"2019-06-20T19:42:35+00:00","dateModified":"2019-06-20T19:42:36+00:00","author":{"@id":"https:\/\/super-news.info\/hu\/#\/schema\/person\/2d4068cb2f39cd10008c2fce578a7356"},"breadcrumb":{"@id":"https:\/\/super-news.info\/hu\/elarvereztek-azt-a-fegyvert-amellyel-vincent-van-gogh-lelotte-magat\/#breadcrumb"},"inLanguage":"hu","potentialAction":[{"@type":"ReadAction","target":["https:\/\/super-news.info\/hu\/elarvereztek-azt-a-fegyvert-amellyel-vincent-van-gogh-lelotte-magat\/"]}]},{"@type":"ImageObject","inLanguage":"hu","@id":"https:\/\/super-news.info\/hu\/elarvereztek-azt-a-fegyvert-amellyel-vincent-van-gogh-lelotte-magat\/#primaryimage","url":"https:\/\/super-news.info\/hu\/wp-content\/uploads\/sites\/3\/2019\/06\/El\u00e1rverezt\u00e9k-azt-a-fegyvert-amellyel-Vincent-van-Gogh-lel\u0151tte-mag\u00e1t.jpg","contentUrl":"https:\/\/super-news.info\/hu\/wp-content\/uploads\/sites\/3\/2019\/06\/El\u00e1rverezt\u00e9k-azt-a-fegyvert-amellyel-Vincent-van-Gogh-lel\u0151tte-mag\u00e1t.jpg","width":1400,"height":972,"caption":"El\u00e1rverezt\u00e9k azt a fegyvert, amellyel Vincent van Gogh lel\u0151tte mag\u00e1t"},{"@type":"BreadcrumbList","@id":"https:\/\/super-news.info\/hu\/elarvereztek-azt-a-fegyvert-amellyel-vincent-van-gogh-lelotte-magat\/#breadcrumb","itemListElement":[{"@type":"ListItem","position":1,"name":"\u0413\u043b\u0430\u0432\u043d\u0430\u044f \u0441\u0442\u0440\u0430\u043d\u0438\u0446\u0430","item":"https:\/\/super-news.info\/hu\/"},{"@type":"ListItem","position":2,"name":"El\u00e1rverezt\u00e9k azt a fegyvert, amellyel Vincent van Gogh lel\u0151tte mag\u00e1t"}]},{"@type":"WebSite","@id":"https:\/\/super-news.info\/hu\/#website","url":"https:\/\/super-news.info\/hu\/","name":"Super News","description":"Super News Magyarorsz\u00e1g","potentialAction":[{"@type":"SearchAction","target":{"@type":"EntryPoint","urlTemplate":"https:\/\/super-news.info\/hu\/?s={search_term_string}"},"query-input":{"@type":"PropertyValueSpecification","valueRequired":true,"valueName":"search_term_string"}}],"inLanguage":"hu"},{"@type":"Person","@id":"https:\/\/super-news.info\/hu\/#\/schema\/person\/2d4068cb2f39cd10008c2fce578a7356","name":"super-news","image":{"@type":"ImageObject","inLanguage":"hu","@id":"https:\/\/secure.gravatar.com\/avatar\/64ebac40b93f26a154f8a9b5b6fdccfc46f442b26b3dd6756dbff3bf9dc76fd7?s=96&d=mm&r=g","url":"https:\/\/secure.gravatar.com\/avatar\/64ebac40b93f26a154f8a9b5b6fdccfc46f442b26b3dd6756dbff3bf9dc76fd7?s=96&d=mm&r=g","contentUrl":"https:\/\/secure.gravatar.com\/avatar\/64ebac40b93f26a154f8a9b5b6fdccfc46f442b26b3dd6756dbff3bf9dc76fd7?s=96&d=mm&r=g","caption":"super-news"},"url":"https:\/\/super-news.info\/hu\/author\/pt\/"}]}},"_links":{"self":[{"href":"https:\/\/super-news.info\/hu\/wp-json\/wp\/v2\/posts\/4499","targetHints":{"allow":["GET"]}}],"collection":[{"href":"https:\/\/super-news.info\/hu\/wp-json\/wp\/v2\/posts"}],"about":[{"href":"https:\/\/super-news.info\/hu\/wp-json\/wp\/v2\/types\/post"}],"author":[{"embeddable":true,"href":"https:\/\/super-news.info\/hu\/wp-json\/wp\/v2\/users\/2"}],"replies":[{"embeddable":true,"href":"https:\/\/super-news.info\/hu\/wp-json\/wp\/v2\/comments?post=4499"}],"version-history":[{"count":1,"href":"https:\/\/super-news.info\/hu\/wp-json\/wp\/v2\/posts\/4499\/revisions"}],"predecessor-version":[{"id":4501,"href":"https:\/\/super-news.info\/hu\/wp-json\/wp\/v2\/posts\/4499\/revisions\/4501"}],"wp:featuredmedia":[{"embeddable":true,"href":"https:\/\/super-news.info\/hu\/wp-json\/wp\/v2\/media\/4500"}],"wp:attachment":[{"href":"https:\/\/super-news.info\/hu\/wp-json\/wp\/v2\/media?parent=4499"}],"wp:term":[{"taxonomy":"category","embeddable":true,"href":"https:\/\/super-news.info\/hu\/wp-json\/wp\/v2\/categories?post=4499"},{"taxonomy":"post_tag","embeddable":true,"href":"https:\/\/super-news.info\/hu\/wp-json\/wp\/v2\/tags?post=4499"}],"curies":[{"name":"wp","href":"https:\/\/api.w.org\/{rel}","templated":true}]}}