{"id":4491,"date":"2019-06-20T20:55:20","date_gmt":"2019-06-20T17:55:20","guid":{"rendered":"https:\/\/super-news.info\/hu\/ujra-ket-palyaval-uzemel-a-liszt-ferenc-repuloter\/"},"modified":"2019-06-20T20:55:21","modified_gmt":"2019-06-20T17:55:21","slug":"ujra-ket-palyaval-uzemel-a-liszt-ferenc-repuloter","status":"publish","type":"post","link":"https:\/\/super-news.info\/hu\/ujra-ket-palyaval-uzemel-a-liszt-ferenc-repuloter\/","title":{"rendered":"\u00dajra k\u00e9t p\u00e1ly\u00e1val \u00fczemel a Liszt Ferenc-rep\u00fcl\u0151t\u00e9r"},"content":{"rendered":"<p> [ad_1]<br \/>\n<\/p>\n<div>\n<p>Megnyitott\u00e1k cs\u00fct\u00f6rt\u00f6k d\u00e9lut\u00e1n a Budapest Liszt Ferenc Nemzetk\u00f6zi Rep\u00fcl\u0151t\u00e9ren a 2-es fut\u00f3p\u00e1ly\u00e1t, amelyet karbantart\u00e1s \u00e9s a m\u0171szeres lesz\u00e1ll\u00edt\u00f3 berendez\u00e9s (ILS) telep\u00edt\u00e9se miatt z\u00e1rtak le \u00e1prilisban.<\/p>\n<p>A Budapest Airport k\u00f6zlem\u00e9nye szerint<\/p>\n<p>a tervezett nyolc h\u00e9t leforg\u00e1sa alatt k\u00e9sz\u00fcltek el az 1,3 milli\u00e1rd forintba ker\u00fcl\u0151 fel\u00faj\u00edt\u00e1ssal. A legfontosabb beruh\u00e1z\u00e1s a m\u0171szeres lesz\u00e1ll\u00edt\u00f3-berendez\u00e9s cser\u00e9je volt,<\/p>\n<p>mostant\u00f3l az el\u00e9rhet\u0151 legkorszer\u0171bb \u00e9s megb\u00edzhat\u00f3bb r\u00e1di\u00f3navig\u00e1ci\u00f3s rendszer \u00fczemel a R\u00e1koshegy fel\u0151li p\u00e1lyav\u00e9gen, \u00edgy a rep\u00fcl\u0151g\u00e9pek mostant\u00f3l ak\u00e1r 15 m\u00e9teres f\u00fcgg\u0151leges \u00e9s 50 m\u00e9teres v\u00edzszintes l\u00e1t\u00e1st\u00e1vols\u00e1g mellett is le tudnak sz\u00e1llni.<\/p>\n<div id=\"attachment_838517\" style=\"width: 1410px\" class=\"wp-caption aligncenter\">\n<p class=\"wp-caption-text\">Fot\u00f3: V\u00e9mi Zolt\u00e1n \/ VG<\/p>\n<\/div>\n<p>A rendszer telep\u00edt\u00e9s\u00e9vel egyidej\u0171leg kicser\u00e9ltek 70 es\u0151v\u00edz elvezet\u0151 akn\u00e1t, ahol kellett, kicser\u00e9lt\u00e9k a p\u00e1ly\u00e1ba \u00e9p\u00edtett l\u00e1mp\u00e1k vezet\u00e9keit, kijav\u00edtott\u00e1k a beton kisebb hib\u00e1it. Ez alatt az id\u0151 alatt megtiszt\u00edtott\u00e1k a betont a r\u00e1\u00e9gett guminyomokt\u00f3l, \u00e9s \u00fajrafestett\u00e9k a p\u00e1ly\u00e1n l\u00e9v\u0151 jelz\u00e9seket, amik seg\u00edtik a pil\u00f3t\u00e1k t\u00e1j\u00e9koz\u00f3d\u00e1s\u00e1t.<\/p>\n<p>A Budapest Airport k\u00f6zlem\u00e9ny\u00e9ben megk\u00f6sz\u00f6nte Vecs\u00e9s lak\u00f3inak a t\u00fcrelm\u00e9t, akiknek a fel\u00faj\u00edt\u00e1s miatt ideiglenesen a megszokottn\u00e1l t\u00f6bb rep\u00fcl\u0151g\u00e9p elhalad\u00e1s\u00e1val kellett sz\u00e1molniuk.<\/p>\n<\/p><\/div>\n<p><script>\n    window.fbAsyncInit = function() {\n        FB.init({\n            appId      : \"204760236815359\",\n            xfbml      : true,\n            version    : \"v2.12\"\n        });\n        FB.AppEvents.logPageView();\n    };<\/p>\n<p>    (function(d, s, id){\n        var js, fjs = d.getElementsByTagName(s)[0];\n        if (d.getElementById(id)) {return;}\n        js = d.createElement(s); js.id = id;\n        js.src = \"http:\/\/connect.facebook.net\/hu_HU\/sdk.js\";\n        fjs.parentNode.insertBefore(js, fjs);\n    }(document, \"script\", \"facebook-jssdk\"));\n<\/script><br \/>\n<br \/>[ad_2]<br \/>\n<br \/><a href=\"https:\/\/www.vg.hu\/vallalatok\/kozlekedes\/ujra-ket-palyaval-uzemel-a-liszt-ferenc-repuloter-1584707\/\">Source link <\/a><\/p>\n","protected":false},"excerpt":{"rendered":"<p>[ad_1] Megnyitott\u00e1k cs\u00fct\u00f6rt\u00f6k d\u00e9lut\u00e1n a Budapest Liszt Ferenc Nemzetk\u00f6zi Rep\u00fcl\u0151t\u00e9ren a 2-es fut\u00f3p\u00e1ly\u00e1t, amelyet karbantart\u00e1s \u00e9s a m\u0171szeres lesz\u00e1ll\u00edt\u00f3 berendez\u00e9s (ILS) telep\u00edt\u00e9se miatt z\u00e1rtak le \u00e1prilisban. A Budapest Airport k\u00f6zlem\u00e9nye szerint a tervezett nyolc h\u00e9t leforg\u00e1sa alatt k\u00e9sz\u00fcltek el az 1,3 milli\u00e1rd forintba ker\u00fcl\u0151 fel\u00faj\u00edt\u00e1ssal. A legfontosabb beruh\u00e1z\u00e1s a m\u0171szeres lesz\u00e1ll\u00edt\u00f3-berendez\u00e9s cser\u00e9je volt, mostant\u00f3l az [&hellip;]<\/p>\n","protected":false},"author":2,"featured_media":4492,"comment_status":"open","ping_status":"open","sticky":false,"template":"","format":"standard","meta":{"footnotes":""},"categories":[1],"tags":[],"class_list":["post-4491","post","type-post","status-publish","format-standard","has-post-thumbnail","hentry","category-penzugyi-hirek"],"yoast_head":"<!-- This site is optimized with the Yoast SEO plugin v27.4 - https:\/\/yoast.com\/product\/yoast-seo-wordpress\/ -->\n<title>\u00dajra k\u00e9t p\u00e1ly\u00e1val \u00fczemel a Liszt Ferenc-rep\u00fcl\u0151t\u00e9r - Super News<\/title>\n<meta name=\"robots\" content=\"index, follow, max-snippet:-1, max-image-preview:large, max-video-preview:-1\" \/>\n<link rel=\"canonical\" href=\"https:\/\/super-news.info\/hu\/ujra-ket-palyaval-uzemel-a-liszt-ferenc-repuloter\/\" \/>\n<meta property=\"og:locale\" content=\"hu_HU\" \/>\n<meta property=\"og:type\" content=\"article\" \/>\n<meta property=\"og:title\" content=\"\u00dajra k\u00e9t p\u00e1ly\u00e1val \u00fczemel a Liszt Ferenc-rep\u00fcl\u0151t\u00e9r - Super News\" \/>\n<meta property=\"og:description\" content=\"[ad_1] Megnyitott\u00e1k cs\u00fct\u00f6rt\u00f6k d\u00e9lut\u00e1n a Budapest Liszt Ferenc Nemzetk\u00f6zi Rep\u00fcl\u0151t\u00e9ren a 2-es fut\u00f3p\u00e1ly\u00e1t, amelyet karbantart\u00e1s \u00e9s a m\u0171szeres lesz\u00e1ll\u00edt\u00f3 berendez\u00e9s (ILS) telep\u00edt\u00e9se miatt z\u00e1rtak le \u00e1prilisban. A Budapest Airport k\u00f6zlem\u00e9nye szerint a tervezett nyolc h\u00e9t leforg\u00e1sa alatt k\u00e9sz\u00fcltek el az 1,3 milli\u00e1rd forintba ker\u00fcl\u0151 fel\u00faj\u00edt\u00e1ssal. A legfontosabb beruh\u00e1z\u00e1s a m\u0171szeres lesz\u00e1ll\u00edt\u00f3-berendez\u00e9s cser\u00e9je volt, mostant\u00f3l az [&hellip;]\" \/>\n<meta property=\"og:url\" content=\"https:\/\/super-news.info\/hu\/ujra-ket-palyaval-uzemel-a-liszt-ferenc-repuloter\/\" \/>\n<meta property=\"og:site_name\" content=\"Super News\" \/>\n<meta property=\"article:published_time\" content=\"2019-06-20T17:55:20+00:00\" \/>\n<meta property=\"article:modified_time\" content=\"2019-06-20T17:55:21+00:00\" \/>\n<meta property=\"og:image\" content=\"https:\/\/super-news.info\/hu\/wp-content\/uploads\/sites\/3\/2019\/06\/\u00dajra-k\u00e9t-p\u00e1ly\u00e1val-\u00fczemel-a-Liszt-Ferenc-rep\u00fcl\u0151t\u00e9r.jpg\" \/>\n\t<meta property=\"og:image:width\" content=\"1400\" \/>\n\t<meta property=\"og:image:height\" content=\"1050\" \/>\n\t<meta property=\"og:image:type\" content=\"image\/jpeg\" \/>\n<meta name=\"author\" content=\"super-news\" \/>\n<meta name=\"twitter:card\" content=\"summary_large_image\" \/>\n<meta name=\"twitter:label1\" content=\"Szerz\u0151:\" \/>\n\t<meta name=\"twitter:data1\" content=\"super-news\" \/>\n\t<meta name=\"twitter:label2\" content=\"Becs\u00fclt olvas\u00e1si id\u0151\" \/>\n\t<meta name=\"twitter:data2\" content=\"1 perc\" \/>\n<script type=\"application\/ld+json\" class=\"yoast-schema-graph\">{\"@context\":\"https:\\\/\\\/schema.org\",\"@graph\":[{\"@type\":\"Article\",\"@id\":\"https:\\\/\\\/super-news.info\\\/hu\\\/ujra-ket-palyaval-uzemel-a-liszt-ferenc-repuloter\\\/#article\",\"isPartOf\":{\"@id\":\"https:\\\/\\\/super-news.info\\\/hu\\\/ujra-ket-palyaval-uzemel-a-liszt-ferenc-repuloter\\\/\"},\"author\":{\"name\":\"super-news\",\"@id\":\"https:\\\/\\\/super-news.info\\\/hu\\\/#\\\/schema\\\/person\\\/2d4068cb2f39cd10008c2fce578a7356\"},\"headline\":\"\u00dajra k\u00e9t p\u00e1ly\u00e1val \u00fczemel a Liszt Ferenc-rep\u00fcl\u0151t\u00e9r\",\"datePublished\":\"2019-06-20T17:55:20+00:00\",\"dateModified\":\"2019-06-20T17:55:21+00:00\",\"mainEntityOfPage\":{\"@id\":\"https:\\\/\\\/super-news.info\\\/hu\\\/ujra-ket-palyaval-uzemel-a-liszt-ferenc-repuloter\\\/\"},\"wordCount\":291,\"commentCount\":0,\"image\":{\"@id\":\"https:\\\/\\\/super-news.info\\\/hu\\\/ujra-ket-palyaval-uzemel-a-liszt-ferenc-repuloter\\\/#primaryimage\"},\"thumbnailUrl\":\"https:\\\/\\\/super-news.info\\\/hu\\\/wp-content\\\/uploads\\\/sites\\\/3\\\/2019\\\/06\\\/\u00dajra-k\u00e9t-p\u00e1ly\u00e1val-\u00fczemel-a-Liszt-Ferenc-rep\u00fcl\u0151t\u00e9r.jpg\",\"articleSection\":[\"P\u00c9NZ\u00dcGYI H\u00cdREK\"],\"inLanguage\":\"hu\",\"potentialAction\":[{\"@type\":\"CommentAction\",\"name\":\"Comment\",\"target\":[\"https:\\\/\\\/super-news.info\\\/hu\\\/ujra-ket-palyaval-uzemel-a-liszt-ferenc-repuloter\\\/#respond\"]}]},{\"@type\":\"WebPage\",\"@id\":\"https:\\\/\\\/super-news.info\\\/hu\\\/ujra-ket-palyaval-uzemel-a-liszt-ferenc-repuloter\\\/\",\"url\":\"https:\\\/\\\/super-news.info\\\/hu\\\/ujra-ket-palyaval-uzemel-a-liszt-ferenc-repuloter\\\/\",\"name\":\"\u00dajra k\u00e9t p\u00e1ly\u00e1val \u00fczemel a Liszt Ferenc-rep\u00fcl\u0151t\u00e9r - Super News\",\"isPartOf\":{\"@id\":\"https:\\\/\\\/super-news.info\\\/hu\\\/#website\"},\"primaryImageOfPage\":{\"@id\":\"https:\\\/\\\/super-news.info\\\/hu\\\/ujra-ket-palyaval-uzemel-a-liszt-ferenc-repuloter\\\/#primaryimage\"},\"image\":{\"@id\":\"https:\\\/\\\/super-news.info\\\/hu\\\/ujra-ket-palyaval-uzemel-a-liszt-ferenc-repuloter\\\/#primaryimage\"},\"thumbnailUrl\":\"https:\\\/\\\/super-news.info\\\/hu\\\/wp-content\\\/uploads\\\/sites\\\/3\\\/2019\\\/06\\\/\u00dajra-k\u00e9t-p\u00e1ly\u00e1val-\u00fczemel-a-Liszt-Ferenc-rep\u00fcl\u0151t\u00e9r.jpg\",\"datePublished\":\"2019-06-20T17:55:20+00:00\",\"dateModified\":\"2019-06-20T17:55:21+00:00\",\"author\":{\"@id\":\"https:\\\/\\\/super-news.info\\\/hu\\\/#\\\/schema\\\/person\\\/2d4068cb2f39cd10008c2fce578a7356\"},\"breadcrumb\":{\"@id\":\"https:\\\/\\\/super-news.info\\\/hu\\\/ujra-ket-palyaval-uzemel-a-liszt-ferenc-repuloter\\\/#breadcrumb\"},\"inLanguage\":\"hu\",\"potentialAction\":[{\"@type\":\"ReadAction\",\"target\":[\"https:\\\/\\\/super-news.info\\\/hu\\\/ujra-ket-palyaval-uzemel-a-liszt-ferenc-repuloter\\\/\"]}]},{\"@type\":\"ImageObject\",\"inLanguage\":\"hu\",\"@id\":\"https:\\\/\\\/super-news.info\\\/hu\\\/ujra-ket-palyaval-uzemel-a-liszt-ferenc-repuloter\\\/#primaryimage\",\"url\":\"https:\\\/\\\/super-news.info\\\/hu\\\/wp-content\\\/uploads\\\/sites\\\/3\\\/2019\\\/06\\\/\u00dajra-k\u00e9t-p\u00e1ly\u00e1val-\u00fczemel-a-Liszt-Ferenc-rep\u00fcl\u0151t\u00e9r.jpg\",\"contentUrl\":\"https:\\\/\\\/super-news.info\\\/hu\\\/wp-content\\\/uploads\\\/sites\\\/3\\\/2019\\\/06\\\/\u00dajra-k\u00e9t-p\u00e1ly\u00e1val-\u00fczemel-a-Liszt-Ferenc-rep\u00fcl\u0151t\u00e9r.jpg\",\"width\":1400,\"height\":1050,\"caption\":\"\u00dajra k\u00e9t p\u00e1ly\u00e1val \u00fczemel a Liszt Ferenc-rep\u00fcl\u0151t\u00e9r\"},{\"@type\":\"BreadcrumbList\",\"@id\":\"https:\\\/\\\/super-news.info\\\/hu\\\/ujra-ket-palyaval-uzemel-a-liszt-ferenc-repuloter\\\/#breadcrumb\",\"itemListElement\":[{\"@type\":\"ListItem\",\"position\":1,\"name\":\"\u0413\u043b\u0430\u0432\u043d\u0430\u044f \u0441\u0442\u0440\u0430\u043d\u0438\u0446\u0430\",\"item\":\"https:\\\/\\\/super-news.info\\\/hu\\\/\"},{\"@type\":\"ListItem\",\"position\":2,\"name\":\"\u00dajra k\u00e9t p\u00e1ly\u00e1val \u00fczemel a Liszt Ferenc-rep\u00fcl\u0151t\u00e9r\"}]},{\"@type\":\"WebSite\",\"@id\":\"https:\\\/\\\/super-news.info\\\/hu\\\/#website\",\"url\":\"https:\\\/\\\/super-news.info\\\/hu\\\/\",\"name\":\"Super News\",\"description\":\"Super News Magyarorsz\u00e1g\",\"potentialAction\":[{\"@type\":\"SearchAction\",\"target\":{\"@type\":\"EntryPoint\",\"urlTemplate\":\"https:\\\/\\\/super-news.info\\\/hu\\\/?s={search_term_string}\"},\"query-input\":{\"@type\":\"PropertyValueSpecification\",\"valueRequired\":true,\"valueName\":\"search_term_string\"}}],\"inLanguage\":\"hu\"},{\"@type\":\"Person\",\"@id\":\"https:\\\/\\\/super-news.info\\\/hu\\\/#\\\/schema\\\/person\\\/2d4068cb2f39cd10008c2fce578a7356\",\"name\":\"super-news\",\"image\":{\"@type\":\"ImageObject\",\"inLanguage\":\"hu\",\"@id\":\"https:\\\/\\\/secure.gravatar.com\\\/avatar\\\/64ebac40b93f26a154f8a9b5b6fdccfc46f442b26b3dd6756dbff3bf9dc76fd7?s=96&d=mm&r=g\",\"url\":\"https:\\\/\\\/secure.gravatar.com\\\/avatar\\\/64ebac40b93f26a154f8a9b5b6fdccfc46f442b26b3dd6756dbff3bf9dc76fd7?s=96&d=mm&r=g\",\"contentUrl\":\"https:\\\/\\\/secure.gravatar.com\\\/avatar\\\/64ebac40b93f26a154f8a9b5b6fdccfc46f442b26b3dd6756dbff3bf9dc76fd7?s=96&d=mm&r=g\",\"caption\":\"super-news\"},\"url\":\"https:\\\/\\\/super-news.info\\\/hu\\\/author\\\/pt\\\/\"}]}<\/script>\n<!-- \/ Yoast SEO plugin. -->","yoast_head_json":{"title":"\u00dajra k\u00e9t p\u00e1ly\u00e1val \u00fczemel a Liszt Ferenc-rep\u00fcl\u0151t\u00e9r - Super News","robots":{"index":"index","follow":"follow","max-snippet":"max-snippet:-1","max-image-preview":"max-image-preview:large","max-video-preview":"max-video-preview:-1"},"canonical":"https:\/\/super-news.info\/hu\/ujra-ket-palyaval-uzemel-a-liszt-ferenc-repuloter\/","og_locale":"hu_HU","og_type":"article","og_title":"\u00dajra k\u00e9t p\u00e1ly\u00e1val \u00fczemel a Liszt Ferenc-rep\u00fcl\u0151t\u00e9r - Super News","og_description":"[ad_1] Megnyitott\u00e1k cs\u00fct\u00f6rt\u00f6k d\u00e9lut\u00e1n a Budapest Liszt Ferenc Nemzetk\u00f6zi Rep\u00fcl\u0151t\u00e9ren a 2-es fut\u00f3p\u00e1ly\u00e1t, amelyet karbantart\u00e1s \u00e9s a m\u0171szeres lesz\u00e1ll\u00edt\u00f3 berendez\u00e9s (ILS) telep\u00edt\u00e9se miatt z\u00e1rtak le \u00e1prilisban. A Budapest Airport k\u00f6zlem\u00e9nye szerint a tervezett nyolc h\u00e9t leforg\u00e1sa alatt k\u00e9sz\u00fcltek el az 1,3 milli\u00e1rd forintba ker\u00fcl\u0151 fel\u00faj\u00edt\u00e1ssal. A legfontosabb beruh\u00e1z\u00e1s a m\u0171szeres lesz\u00e1ll\u00edt\u00f3-berendez\u00e9s cser\u00e9je volt, mostant\u00f3l az [&hellip;]","og_url":"https:\/\/super-news.info\/hu\/ujra-ket-palyaval-uzemel-a-liszt-ferenc-repuloter\/","og_site_name":"Super News","article_published_time":"2019-06-20T17:55:20+00:00","article_modified_time":"2019-06-20T17:55:21+00:00","og_image":[{"width":1400,"height":1050,"url":"https:\/\/super-news.info\/hu\/wp-content\/uploads\/sites\/3\/2019\/06\/\u00dajra-k\u00e9t-p\u00e1ly\u00e1val-\u00fczemel-a-Liszt-Ferenc-rep\u00fcl\u0151t\u00e9r.jpg","type":"image\/jpeg"}],"author":"super-news","twitter_card":"summary_large_image","twitter_misc":{"Szerz\u0151:":"super-news","Becs\u00fclt olvas\u00e1si id\u0151":"1 perc"},"schema":{"@context":"https:\/\/schema.org","@graph":[{"@type":"Article","@id":"https:\/\/super-news.info\/hu\/ujra-ket-palyaval-uzemel-a-liszt-ferenc-repuloter\/#article","isPartOf":{"@id":"https:\/\/super-news.info\/hu\/ujra-ket-palyaval-uzemel-a-liszt-ferenc-repuloter\/"},"author":{"name":"super-news","@id":"https:\/\/super-news.info\/hu\/#\/schema\/person\/2d4068cb2f39cd10008c2fce578a7356"},"headline":"\u00dajra k\u00e9t p\u00e1ly\u00e1val \u00fczemel a Liszt Ferenc-rep\u00fcl\u0151t\u00e9r","datePublished":"2019-06-20T17:55:20+00:00","dateModified":"2019-06-20T17:55:21+00:00","mainEntityOfPage":{"@id":"https:\/\/super-news.info\/hu\/ujra-ket-palyaval-uzemel-a-liszt-ferenc-repuloter\/"},"wordCount":291,"commentCount":0,"image":{"@id":"https:\/\/super-news.info\/hu\/ujra-ket-palyaval-uzemel-a-liszt-ferenc-repuloter\/#primaryimage"},"thumbnailUrl":"https:\/\/super-news.info\/hu\/wp-content\/uploads\/sites\/3\/2019\/06\/\u00dajra-k\u00e9t-p\u00e1ly\u00e1val-\u00fczemel-a-Liszt-Ferenc-rep\u00fcl\u0151t\u00e9r.jpg","articleSection":["P\u00c9NZ\u00dcGYI H\u00cdREK"],"inLanguage":"hu","potentialAction":[{"@type":"CommentAction","name":"Comment","target":["https:\/\/super-news.info\/hu\/ujra-ket-palyaval-uzemel-a-liszt-ferenc-repuloter\/#respond"]}]},{"@type":"WebPage","@id":"https:\/\/super-news.info\/hu\/ujra-ket-palyaval-uzemel-a-liszt-ferenc-repuloter\/","url":"https:\/\/super-news.info\/hu\/ujra-ket-palyaval-uzemel-a-liszt-ferenc-repuloter\/","name":"\u00dajra k\u00e9t p\u00e1ly\u00e1val \u00fczemel a Liszt Ferenc-rep\u00fcl\u0151t\u00e9r - Super News","isPartOf":{"@id":"https:\/\/super-news.info\/hu\/#website"},"primaryImageOfPage":{"@id":"https:\/\/super-news.info\/hu\/ujra-ket-palyaval-uzemel-a-liszt-ferenc-repuloter\/#primaryimage"},"image":{"@id":"https:\/\/super-news.info\/hu\/ujra-ket-palyaval-uzemel-a-liszt-ferenc-repuloter\/#primaryimage"},"thumbnailUrl":"https:\/\/super-news.info\/hu\/wp-content\/uploads\/sites\/3\/2019\/06\/\u00dajra-k\u00e9t-p\u00e1ly\u00e1val-\u00fczemel-a-Liszt-Ferenc-rep\u00fcl\u0151t\u00e9r.jpg","datePublished":"2019-06-20T17:55:20+00:00","dateModified":"2019-06-20T17:55:21+00:00","author":{"@id":"https:\/\/super-news.info\/hu\/#\/schema\/person\/2d4068cb2f39cd10008c2fce578a7356"},"breadcrumb":{"@id":"https:\/\/super-news.info\/hu\/ujra-ket-palyaval-uzemel-a-liszt-ferenc-repuloter\/#breadcrumb"},"inLanguage":"hu","potentialAction":[{"@type":"ReadAction","target":["https:\/\/super-news.info\/hu\/ujra-ket-palyaval-uzemel-a-liszt-ferenc-repuloter\/"]}]},{"@type":"ImageObject","inLanguage":"hu","@id":"https:\/\/super-news.info\/hu\/ujra-ket-palyaval-uzemel-a-liszt-ferenc-repuloter\/#primaryimage","url":"https:\/\/super-news.info\/hu\/wp-content\/uploads\/sites\/3\/2019\/06\/\u00dajra-k\u00e9t-p\u00e1ly\u00e1val-\u00fczemel-a-Liszt-Ferenc-rep\u00fcl\u0151t\u00e9r.jpg","contentUrl":"https:\/\/super-news.info\/hu\/wp-content\/uploads\/sites\/3\/2019\/06\/\u00dajra-k\u00e9t-p\u00e1ly\u00e1val-\u00fczemel-a-Liszt-Ferenc-rep\u00fcl\u0151t\u00e9r.jpg","width":1400,"height":1050,"caption":"\u00dajra k\u00e9t p\u00e1ly\u00e1val \u00fczemel a Liszt Ferenc-rep\u00fcl\u0151t\u00e9r"},{"@type":"BreadcrumbList","@id":"https:\/\/super-news.info\/hu\/ujra-ket-palyaval-uzemel-a-liszt-ferenc-repuloter\/#breadcrumb","itemListElement":[{"@type":"ListItem","position":1,"name":"\u0413\u043b\u0430\u0432\u043d\u0430\u044f \u0441\u0442\u0440\u0430\u043d\u0438\u0446\u0430","item":"https:\/\/super-news.info\/hu\/"},{"@type":"ListItem","position":2,"name":"\u00dajra k\u00e9t p\u00e1ly\u00e1val \u00fczemel a Liszt Ferenc-rep\u00fcl\u0151t\u00e9r"}]},{"@type":"WebSite","@id":"https:\/\/super-news.info\/hu\/#website","url":"https:\/\/super-news.info\/hu\/","name":"Super News","description":"Super News Magyarorsz\u00e1g","potentialAction":[{"@type":"SearchAction","target":{"@type":"EntryPoint","urlTemplate":"https:\/\/super-news.info\/hu\/?s={search_term_string}"},"query-input":{"@type":"PropertyValueSpecification","valueRequired":true,"valueName":"search_term_string"}}],"inLanguage":"hu"},{"@type":"Person","@id":"https:\/\/super-news.info\/hu\/#\/schema\/person\/2d4068cb2f39cd10008c2fce578a7356","name":"super-news","image":{"@type":"ImageObject","inLanguage":"hu","@id":"https:\/\/secure.gravatar.com\/avatar\/64ebac40b93f26a154f8a9b5b6fdccfc46f442b26b3dd6756dbff3bf9dc76fd7?s=96&d=mm&r=g","url":"https:\/\/secure.gravatar.com\/avatar\/64ebac40b93f26a154f8a9b5b6fdccfc46f442b26b3dd6756dbff3bf9dc76fd7?s=96&d=mm&r=g","contentUrl":"https:\/\/secure.gravatar.com\/avatar\/64ebac40b93f26a154f8a9b5b6fdccfc46f442b26b3dd6756dbff3bf9dc76fd7?s=96&d=mm&r=g","caption":"super-news"},"url":"https:\/\/super-news.info\/hu\/author\/pt\/"}]}},"_links":{"self":[{"href":"https:\/\/super-news.info\/hu\/wp-json\/wp\/v2\/posts\/4491","targetHints":{"allow":["GET"]}}],"collection":[{"href":"https:\/\/super-news.info\/hu\/wp-json\/wp\/v2\/posts"}],"about":[{"href":"https:\/\/super-news.info\/hu\/wp-json\/wp\/v2\/types\/post"}],"author":[{"embeddable":true,"href":"https:\/\/super-news.info\/hu\/wp-json\/wp\/v2\/users\/2"}],"replies":[{"embeddable":true,"href":"https:\/\/super-news.info\/hu\/wp-json\/wp\/v2\/comments?post=4491"}],"version-history":[{"count":1,"href":"https:\/\/super-news.info\/hu\/wp-json\/wp\/v2\/posts\/4491\/revisions"}],"predecessor-version":[{"id":4493,"href":"https:\/\/super-news.info\/hu\/wp-json\/wp\/v2\/posts\/4491\/revisions\/4493"}],"wp:featuredmedia":[{"embeddable":true,"href":"https:\/\/super-news.info\/hu\/wp-json\/wp\/v2\/media\/4492"}],"wp:attachment":[{"href":"https:\/\/super-news.info\/hu\/wp-json\/wp\/v2\/media?parent=4491"}],"wp:term":[{"taxonomy":"category","embeddable":true,"href":"https:\/\/super-news.info\/hu\/wp-json\/wp\/v2\/categories?post=4491"},{"taxonomy":"post_tag","embeddable":true,"href":"https:\/\/super-news.info\/hu\/wp-json\/wp\/v2\/tags?post=4491"}],"curies":[{"name":"wp","href":"https:\/\/api.w.org\/{rel}","templated":true}]}}