{"id":4480,"date":"2019-06-20T18:13:26","date_gmt":"2019-06-20T15:13:26","guid":{"rendered":"https:\/\/super-news.info\/hu\/europai-ertekeles-az-innovacios-teljesitmenyrol\/"},"modified":"2019-06-20T18:13:28","modified_gmt":"2019-06-20T15:13:28","slug":"europai-ertekeles-az-innovacios-teljesitmenyrol","status":"publish","type":"post","link":"https:\/\/super-news.info\/hu\/europai-ertekeles-az-innovacios-teljesitmenyrol\/","title":{"rendered":"Eur\u00f3pai \u00e9rt\u00e9kel\u00e9s az innov\u00e1ci\u00f3s teljes\u00edtm\u00e9nyr\u0151l"},"content":{"rendered":"<p> [ad_1]<br \/>\n<\/p>\n<div>\n<p>Magyarorsz\u00e1g innov\u00e1ci\u00f3s versenyk\u00e9pess\u00e9gi poz\u00edci\u00f3ja a frissen megjelent EU-s jelent\u00e9s (European Innovation Scoreboard 2019) alapj\u00e1n 2018-hoz k\u00e9pest k\u00e9thelynyit romlott:<\/p>\n<blockquote>\n<p>28 orsz\u00e1g k\u00f6z\u00f6tt a 23. helyre cs\u00fasztunk vissza. Csehorsz\u00e1g egy hellyel rontotta a poz\u00edci\u00f3j\u00e1t, Szlov\u00e1kia eggyel jav\u00edtotta. Lengyelorsz\u00e1g\u00e9 nem v\u00e1ltozott.<\/p>\n<\/blockquote>\n<p>A 28 orsz\u00e1g k\u00f6z\u00f6tt most Csehorsz\u00e1g a 14., Szlov\u00e1kia a 22., Magyarorsz\u00e1g a 23. \u00e9s Lengyelorsz\u00e1g a 25. helyen van. \u00c9rdekes, hogy N\u00e9metorsz\u00e1g is rontott a poz\u00edci\u00f3j\u00e1n:<\/p>\n<blockquote>\n<p>a hetedikr\u0151l a nyolcadik helyre ker\u00fclt. Ausztria viszont el\u0151rel\u00e9pett a tizedikr\u0151l a kilencedik helyre. A list\u00e1t Sv\u00e9dorsz\u00e1g, Finnorsz\u00e1g \u00e9s D\u00e1nia vezeti.<\/p>\n<\/blockquote>\n<p>A V4-orsz\u00e1gok valamennyien az \u00fagynevezett m\u00e9rs\u00e9kelten innov\u00e1l\u00f3 orsz\u00e1gok csoportj\u00e1ban vannak. A rangsort az Eur\u00f3pai Uni\u00f3 27 mutat\u00f3 \u00e1tlagos \u00e9rt\u00e9ke alapj\u00e1n hat\u00e1rozza meg. Ezek k\u00f6z\u00f6tt vannak \u00fagynevezett ok jelleg\u0171 \u00e9s okozati mutat\u00f3k. Ok jelleg\u0171 mutat\u00f3 p\u00e9ld\u00e1ul a GDP-ar\u00e1nyos kutat\u00e1s-fejleszt\u00e9si r\u00e1ford\u00edt\u00e1s, a feln\u0151ttk\u00e9pz\u00e9sben val\u00f3 r\u00e9szv\u00e9tel, a fels\u0151fok\u00fa k\u00e9pz\u00e9sben r\u00e9szt vev\u0151k ar\u00e1nya \u00e9s a vizsg\u00e1lt id\u0151szakban term\u00e9k-, technol\u00f3gia-, marketing- vagy szervezeti innov\u00e1ci\u00f3t v\u00e9grehajt\u00f3 c\u00e9gek ar\u00e1nya.<\/p>\n<p>Okozat vagy k\u00f6vetkezm\u00e9ny a szabadalmak sz\u00e1ma, a tud\u00e1sintenz\u00edv szolg\u00e1ltat\u00e1si export \u00e9s a k\u00f6zepes \u00e9s cs\u00facstechnol\u00f3gi\u00e1s term\u00e9kek exportj\u00e1nak ar\u00e1nya a teljes exportban, illetve az adott piacon \u00faj vagy az export\u00e1l\u00f3 c\u00e9g sz\u00e1m\u00e1ra \u00faj, innovat\u00edv term\u00e9k ar\u00e1nya az \u00e9rt\u00e9kes\u00edt\u00e9sben. Nyilv\u00e1nval\u00f3, hogy az ok jelleg\u0171 \u00e9s az okozati mutat\u00f3k k\u00f6z\u00f6tt \u00f6sszef\u00fcgg\u00e9s van, \u00e1m ezek er\u0151ss\u00e9g\u00e9t a tanulm\u00e1ny nem elemzi.<\/p>\n<blockquote>\n<p>Mi okozta Magyarorsz\u00e1g lecs\u00fasz\u00e1s\u00e1t?<\/p>\n<\/blockquote>\n<p>Az EU-\u00e1tlaghoz k\u00e9pest a legrosszabb, 33,4 sz\u00e1zal\u00e9kos eredm\u00e9nyt az \u00e1llami innov\u00e1ci\u00f3s r\u00e1ford\u00edt\u00e1sok, az innovat\u00edv kkv-k ar\u00e1nya (31,5 sz\u00e1zal\u00e9k), valamint a szabadalmak \u00e9s egy\u00e9b \u00faj szellemi term\u00e9kek elismertet\u00e9se ter\u00e9n \u00e9rt\u00fck el. (\u00c1tlagos poz\u00edci\u00f3nk az EU-\u00e1tlaghoz m\u00e9rve 41,2 sz\u00e1zal\u00e9k.) De romlott a poz\u00edci\u00f3nk a fels\u0151fok\u00fa v\u00e9gzetts\u00e9g\u0171ek ar\u00e1nya \u00e9s a feln\u0151ttk\u00e9pz\u00e9sben r\u00e9szt vev\u0151k ar\u00e1nya tekintet\u00e9ben is. Az Eurostat szerint 2018-ban Magyarorsz\u00e1gon a 30\u201334 \u00e9ves korcsoportban fels\u0151fok\u00fa v\u00e9gzetts\u00e9ge 33,7 sz\u00e1zal\u00e9knak van. Ezzel az EU-ban a 25. helyen vagyunk. A lengyel \u00e9rt\u00e9k 45,7, az EU-s \u00e1tlag 40,7 sz\u00e1zal\u00e9k.<\/p>\n<blockquote>\n<p>De rosszul \u00e1llunk a tudom\u00e1nyos, technikai, m\u0171szaki fels\u0151fok\u00fa v\u00e9gzetts\u00e9g\u0171ek \u00e9s az ezen a ter\u00fcleten PhD-t elnyertek ar\u00e1nya tekintet\u00e9ben is.<\/p>\n<\/blockquote>\n<p>A 25\u201364 \u00e9ves korcsoportb\u00f3l feln\u0151ttk\u00e9pz\u00e9sben r\u00e9szt vev\u0151k ar\u00e1nya 2018-ban Magyarorsz\u00e1gon 6 sz\u00e1zal\u00e9k volt. Az EU-s \u00e1tlag 11,1, az osztr\u00e1k 15,1 sz\u00e1zal\u00e9k. De \u00e9rdemes felfigyelni r\u00e1, hogy a list\u00e1t vezet\u0151 Sv\u00e9dorsz\u00e1gban az adott korcsoportban 29,2, Finnorsz\u00e1gban 28,5 \u00e9s D\u00e1ni\u00e1ban 23,5 sz\u00e1zal\u00e9k friss\u00edti \u00e1lland\u00f3an a tud\u00e1s\u00e1t, ami nyilv\u00e1nval\u00f3an fontos innov\u00e1ci\u00f3s felt\u00e9tel.<\/p>\n<div id=\"attachment_1583774\" style=\"width: 1410px\" class=\"wp-caption aligncenter\">\n<p class=\"wp-caption-text\">Fot\u00f3: Shutterstock<\/p>\n<\/div>\n<p>Legjobb poz\u00edci\u00f3nkat a m\u00e1r sokszor eml\u00edtett ter\u00fcleten, a sz\u00e9les s\u00e1v\u00fa interneth\u00e1l\u00f3zat ki\u00e9p\u00edtetts\u00e9g\u00e9ben \u00e9rt\u00fck el. Term\u00e9szetesen a technika rendelkez\u00e9sre \u00e1ll\u00e1sa kev\u00e9s, ha hi\u00e1nyoss\u00e1gok vannak az alkalmaz\u00e1shoz sz\u00fcks\u00e9ges tud\u00e1s ter\u00fclet\u00e9n. Ezzel kapcsolatban megjegyzend\u0151, hogy a c\u00e9gek \u00e1ltal a munkav\u00e1llal\u00f3knak ny\u00fajtott infokommunik\u00e1ci\u00f3s tov\u00e1bbk\u00e9pz\u00e9s ter\u00e9n is csak az EU-s \u00e1tlag 68,4 sz\u00e1zal\u00e9k\u00e1t \u00e9rt\u00fck el 2018-ban \u2013 b\u00e1r ebben folyamatos a javul\u00e1s, 2011-ben m\u00e9g csak 60 sz\u00e1zal\u00e9kon \u00e1llt ez a mutat\u00f3.<\/p>\n<p>Tal\u00e1lhatunk a tanulm\u00e1nyban n\u00e9h\u00e1ny tov\u00e1bbi figyelemre \u00e9rdemes adatot is. Az EU-s \u00e1tlaghoz k\u00e9pest alacsony n\u00e1lunk a tud\u00e1sintenz\u00edv szolg\u00e1ltat\u00e1sokban foglalkoztatottak ar\u00e1nya. Ez nyilv\u00e1n nem meglep\u0151 a v\u00e9gzetts\u00e9gi eredm\u00e9nyeink alapj\u00e1n. Nyilv\u00e1nval\u00f3 viszont, hogy ez is g\u00e1tolja az innov\u00e1ci\u00f3s poz\u00edci\u00f3nk javul\u00e1s\u00e1t. Ugyanakkor \u00e9ppen az uni\u00f3s \u00e1tlag k\u00e9tszerese n\u00e1lunk a k\u00fclf\u00f6ldi c\u00e9gek ar\u00e1nya a Fel\u0151\u00e1ll\u00edt\u00e1s\u00e1ban, mik\u00f6zben ismert, hogy ezen c\u00e9gek t\u00f6bbs\u00e9ge nem Magyarorsz\u00e1gra helyezi \u00e9rt\u00e9kl\u00e1nca innov\u00e1ci\u00f3s szakasz\u00e1t.<\/p>\n<blockquote>\n<p>Ezzel cseng \u00f6ssze az az adat, hogy eur\u00f3pai m\u00e9rt\u00e9kkel kiemelked\u0151 kutat\u00e1s-fejleszt\u00e9si kiad\u00e1sa Magyarorsz\u00e1gon egyetlen c\u00e9gnek van. Meg kell azonban eml\u00edten\u00fcnk azt is, hogy kutat\u00e1s-fejleszt\u00e9si kiad\u00e1sok tekintet\u00e9ben a c\u00e9ges r\u00e1ford\u00edt\u00e1sok ar\u00e1nya l\u00e9nyegesen magasabb, mint az \u00e1llam\u00e9.<\/p>\n<\/blockquote>\n<p>V\u00e9g\u00fcl m\u00e9g egy, ritk\u00e1n emlegetett, de fontos szempont:<\/p>\n<blockquote>\n<p>a region\u00e1lis innov\u00e1ci\u00f3s teljes\u00edtm\u00e9ny. Magyarorsz\u00e1g nyolc r\u00e9gi\u00f3j\u00e1nak (K\u00f6z\u00e9p-Magyarorsz\u00e1g sz\u00e9tv\u00e1lt Budapest \u00e9s Pest r\u00e9gi\u00f3ra 2018. janu\u00e1r 1-j\u00e9vel) innov\u00e1ci\u00f3s teljes\u00edtm\u00e9ny\u00e9ben \u00f3ri\u00e1si k\u00fcl\u00f6nbs\u00e9gek vannak.<\/p>\n<\/blockquote>\n<p>Az EU 238 r\u00e9gi\u00f3ja k\u00f6z\u00f6tt Budapest a 130. helyen \u00e1ll az EU-s \u00e1tlagteljes\u00edtm\u00e9ny 80,6 sz\u00e1zal\u00e9k\u00e1val. Ezzel szemben az \u00e9szak-alf\u00f6ldi r\u00e9gi\u00f3 a 210., 49,7 sz\u00e1zal\u00e9kos teljes\u00edtm\u00e9nnyel. A n\u00e1lunk sokkal jobb \u00e1tlagos innov\u00e1ci\u00f3s helyez\u00e9s\u0171 Csehorsz\u00e1gban a leggyeng\u00e9bben teljes\u00edt\u0151 r\u00e9gi\u00f3 is a 146. helyen van. A legjobb pedig a 87. A jelent\u0151s region\u00e1lis k\u00fcl\u00f6nbs\u00e9gek nyilv\u00e1n lerontj\u00e1k az orsz\u00e1gos innov\u00e1ci\u00f3s teljes\u00edtm\u00e9nyt.<\/p>\n<p>A tanulm\u00e1nyb\u00f3l levonhat\u00f3 k\u00f6vetkeztet\u00e9sek nem lephetnek meg senkit, hiszen az eml\u00edtett probl\u00e9m\u00e1k hosszabb ideje a vit\u00e1k k\u00f6z\u00e9ppontj\u00e1ban vannak. Nevezetesen, hogy az innov\u00e1ci\u00f3s teljes\u00edtm\u00e9ny sokt\u00e9nyez\u0151s jelens\u00e9g, ez\u00e9rt nem lehet egy-egy elem\u00e9t kiemelni, \u00e9s azt tenni felel\u0151ss\u00e9 a gyenge teljes\u00edtm\u00e9ny\u00e9rt. Ha \u00e9rdemi el\u0151rel\u00e9p\u00e9st akarunk el\u00e9rni, akkor nem meg\u00faszhat\u00f3 a rendszerben val\u00f3 gondolkod\u00e1s \u00e9s a gyenge teljes\u00edtm\u00e9ny okainak szigor\u00faan objekt\u00edv felt\u00e1r\u00e1sa.<\/p>\n<p>Ennek r\u00e9sz\u00e9t k\u00e9pezi annak elismer\u00e9se, hogy a technikai, technol\u00f3giai beruh\u00e1z\u00e1sok nem hozhatj\u00e1k meg a k\u00edv\u00e1nt eredm\u00e9nyt a hum\u00e1n vagyonba, a tud\u00e1sba \u00e9s a region\u00e1lis kiegyenl\u00edt\u00e9sbe t\u00f6rt\u00e9n\u0151 beruh\u00e1z\u00e1sok n\u00e9lk\u00fcl.<\/p>\n<\/p><\/div>\n<p><script>\n    window.fbAsyncInit = function() {\n        FB.init({\n            appId      : \"204760236815359\",\n            xfbml      : true,\n            version    : \"v2.12\"\n        });\n        FB.AppEvents.logPageView();\n    };<\/p>\n<p>    (function(d, s, id){\n        var js, fjs = d.getElementsByTagName(s)[0];\n        if (d.getElementById(id)) {return;}\n        js = d.createElement(s); js.id = id;\n        js.src = \"http:\/\/connect.facebook.net\/hu_HU\/sdk.js\";\n        fjs.parentNode.insertBefore(js, fjs);\n    }(document, \"script\", \"facebook-jssdk\"));\n<\/script><br \/>\n<br \/>[ad_2]<br \/>\n<br \/><a href=\"https:\/\/www.vg.hu\/velemeny\/elemzes\/europai-ertekeles-az-innovacios-teljesitmenyrol-2-1583762\/\">Source link <\/a><\/p>\n","protected":false},"excerpt":{"rendered":"<p>[ad_1] Magyarorsz\u00e1g innov\u00e1ci\u00f3s versenyk\u00e9pess\u00e9gi poz\u00edci\u00f3ja a frissen megjelent EU-s jelent\u00e9s (European Innovation Scoreboard 2019) alapj\u00e1n 2018-hoz k\u00e9pest k\u00e9thelynyit romlott: 28 orsz\u00e1g k\u00f6z\u00f6tt a 23. helyre cs\u00fasztunk vissza. Csehorsz\u00e1g egy hellyel rontotta a poz\u00edci\u00f3j\u00e1t, Szlov\u00e1kia eggyel jav\u00edtotta. Lengyelorsz\u00e1g\u00e9 nem v\u00e1ltozott. A 28 orsz\u00e1g k\u00f6z\u00f6tt most Csehorsz\u00e1g a 14., Szlov\u00e1kia a 22., Magyarorsz\u00e1g a 23. \u00e9s Lengyelorsz\u00e1g [&hellip;]<\/p>\n","protected":false},"author":2,"featured_media":4481,"comment_status":"open","ping_status":"open","sticky":false,"template":"","format":"standard","meta":{"footnotes":""},"categories":[1],"tags":[],"class_list":["post-4480","post","type-post","status-publish","format-standard","has-post-thumbnail","hentry","category-penzugyi-hirek"],"yoast_head":"<!-- This site is optimized with the Yoast SEO plugin v27.4 - https:\/\/yoast.com\/product\/yoast-seo-wordpress\/ -->\n<title>Eur\u00f3pai \u00e9rt\u00e9kel\u00e9s az innov\u00e1ci\u00f3s teljes\u00edtm\u00e9nyr\u0151l - Super News<\/title>\n<meta name=\"robots\" content=\"index, follow, max-snippet:-1, max-image-preview:large, max-video-preview:-1\" \/>\n<link rel=\"canonical\" href=\"https:\/\/super-news.info\/hu\/europai-ertekeles-az-innovacios-teljesitmenyrol\/\" \/>\n<meta property=\"og:locale\" content=\"hu_HU\" \/>\n<meta property=\"og:type\" content=\"article\" \/>\n<meta property=\"og:title\" content=\"Eur\u00f3pai \u00e9rt\u00e9kel\u00e9s az innov\u00e1ci\u00f3s teljes\u00edtm\u00e9nyr\u0151l - Super News\" \/>\n<meta property=\"og:description\" content=\"[ad_1] Magyarorsz\u00e1g innov\u00e1ci\u00f3s versenyk\u00e9pess\u00e9gi poz\u00edci\u00f3ja a frissen megjelent EU-s jelent\u00e9s (European Innovation Scoreboard 2019) alapj\u00e1n 2018-hoz k\u00e9pest k\u00e9thelynyit romlott: 28 orsz\u00e1g k\u00f6z\u00f6tt a 23. helyre cs\u00fasztunk vissza. Csehorsz\u00e1g egy hellyel rontotta a poz\u00edci\u00f3j\u00e1t, Szlov\u00e1kia eggyel jav\u00edtotta. Lengyelorsz\u00e1g\u00e9 nem v\u00e1ltozott. A 28 orsz\u00e1g k\u00f6z\u00f6tt most Csehorsz\u00e1g a 14., Szlov\u00e1kia a 22., Magyarorsz\u00e1g a 23. \u00e9s Lengyelorsz\u00e1g [&hellip;]\" \/>\n<meta property=\"og:url\" content=\"https:\/\/super-news.info\/hu\/europai-ertekeles-az-innovacios-teljesitmenyrol\/\" \/>\n<meta property=\"og:site_name\" content=\"Super News\" \/>\n<meta property=\"article:published_time\" content=\"2019-06-20T15:13:26+00:00\" \/>\n<meta property=\"article:modified_time\" content=\"2019-06-20T15:13:28+00:00\" \/>\n<meta property=\"og:image\" content=\"https:\/\/super-news.info\/hu\/wp-content\/uploads\/sites\/3\/2019\/06\/Eur\u00f3pai-\u00e9rt\u00e9kel\u00e9s-az-innov\u00e1ci\u00f3s-teljes\u00edtm\u00e9nyr\u0151l.jpg\" \/>\n\t<meta property=\"og:image:width\" content=\"1400\" \/>\n\t<meta property=\"og:image:height\" content=\"933\" \/>\n\t<meta property=\"og:image:type\" content=\"image\/jpeg\" \/>\n<meta name=\"author\" content=\"super-news\" \/>\n<meta name=\"twitter:card\" content=\"summary_large_image\" \/>\n<meta name=\"twitter:label1\" content=\"Szerz\u0151:\" \/>\n\t<meta name=\"twitter:data1\" content=\"super-news\" \/>\n\t<meta name=\"twitter:label2\" content=\"Becs\u00fclt olvas\u00e1si id\u0151\" \/>\n\t<meta name=\"twitter:data2\" content=\"6 perc\" \/>\n<script type=\"application\/ld+json\" class=\"yoast-schema-graph\">{\"@context\":\"https:\\\/\\\/schema.org\",\"@graph\":[{\"@type\":\"Article\",\"@id\":\"https:\\\/\\\/super-news.info\\\/hu\\\/europai-ertekeles-az-innovacios-teljesitmenyrol\\\/#article\",\"isPartOf\":{\"@id\":\"https:\\\/\\\/super-news.info\\\/hu\\\/europai-ertekeles-az-innovacios-teljesitmenyrol\\\/\"},\"author\":{\"name\":\"super-news\",\"@id\":\"https:\\\/\\\/super-news.info\\\/hu\\\/#\\\/schema\\\/person\\\/2d4068cb2f39cd10008c2fce578a7356\"},\"headline\":\"Eur\u00f3pai \u00e9rt\u00e9kel\u00e9s az innov\u00e1ci\u00f3s teljes\u00edtm\u00e9nyr\u0151l\",\"datePublished\":\"2019-06-20T15:13:26+00:00\",\"dateModified\":\"2019-06-20T15:13:28+00:00\",\"mainEntityOfPage\":{\"@id\":\"https:\\\/\\\/super-news.info\\\/hu\\\/europai-ertekeles-az-innovacios-teljesitmenyrol\\\/\"},\"wordCount\":1126,\"commentCount\":0,\"image\":{\"@id\":\"https:\\\/\\\/super-news.info\\\/hu\\\/europai-ertekeles-az-innovacios-teljesitmenyrol\\\/#primaryimage\"},\"thumbnailUrl\":\"https:\\\/\\\/super-news.info\\\/hu\\\/wp-content\\\/uploads\\\/sites\\\/3\\\/2019\\\/06\\\/Eur\u00f3pai-\u00e9rt\u00e9kel\u00e9s-az-innov\u00e1ci\u00f3s-teljes\u00edtm\u00e9nyr\u0151l.jpg\",\"articleSection\":[\"P\u00c9NZ\u00dcGYI H\u00cdREK\"],\"inLanguage\":\"hu\",\"potentialAction\":[{\"@type\":\"CommentAction\",\"name\":\"Comment\",\"target\":[\"https:\\\/\\\/super-news.info\\\/hu\\\/europai-ertekeles-az-innovacios-teljesitmenyrol\\\/#respond\"]}]},{\"@type\":\"WebPage\",\"@id\":\"https:\\\/\\\/super-news.info\\\/hu\\\/europai-ertekeles-az-innovacios-teljesitmenyrol\\\/\",\"url\":\"https:\\\/\\\/super-news.info\\\/hu\\\/europai-ertekeles-az-innovacios-teljesitmenyrol\\\/\",\"name\":\"Eur\u00f3pai \u00e9rt\u00e9kel\u00e9s az innov\u00e1ci\u00f3s teljes\u00edtm\u00e9nyr\u0151l - Super News\",\"isPartOf\":{\"@id\":\"https:\\\/\\\/super-news.info\\\/hu\\\/#website\"},\"primaryImageOfPage\":{\"@id\":\"https:\\\/\\\/super-news.info\\\/hu\\\/europai-ertekeles-az-innovacios-teljesitmenyrol\\\/#primaryimage\"},\"image\":{\"@id\":\"https:\\\/\\\/super-news.info\\\/hu\\\/europai-ertekeles-az-innovacios-teljesitmenyrol\\\/#primaryimage\"},\"thumbnailUrl\":\"https:\\\/\\\/super-news.info\\\/hu\\\/wp-content\\\/uploads\\\/sites\\\/3\\\/2019\\\/06\\\/Eur\u00f3pai-\u00e9rt\u00e9kel\u00e9s-az-innov\u00e1ci\u00f3s-teljes\u00edtm\u00e9nyr\u0151l.jpg\",\"datePublished\":\"2019-06-20T15:13:26+00:00\",\"dateModified\":\"2019-06-20T15:13:28+00:00\",\"author\":{\"@id\":\"https:\\\/\\\/super-news.info\\\/hu\\\/#\\\/schema\\\/person\\\/2d4068cb2f39cd10008c2fce578a7356\"},\"breadcrumb\":{\"@id\":\"https:\\\/\\\/super-news.info\\\/hu\\\/europai-ertekeles-az-innovacios-teljesitmenyrol\\\/#breadcrumb\"},\"inLanguage\":\"hu\",\"potentialAction\":[{\"@type\":\"ReadAction\",\"target\":[\"https:\\\/\\\/super-news.info\\\/hu\\\/europai-ertekeles-az-innovacios-teljesitmenyrol\\\/\"]}]},{\"@type\":\"ImageObject\",\"inLanguage\":\"hu\",\"@id\":\"https:\\\/\\\/super-news.info\\\/hu\\\/europai-ertekeles-az-innovacios-teljesitmenyrol\\\/#primaryimage\",\"url\":\"https:\\\/\\\/super-news.info\\\/hu\\\/wp-content\\\/uploads\\\/sites\\\/3\\\/2019\\\/06\\\/Eur\u00f3pai-\u00e9rt\u00e9kel\u00e9s-az-innov\u00e1ci\u00f3s-teljes\u00edtm\u00e9nyr\u0151l.jpg\",\"contentUrl\":\"https:\\\/\\\/super-news.info\\\/hu\\\/wp-content\\\/uploads\\\/sites\\\/3\\\/2019\\\/06\\\/Eur\u00f3pai-\u00e9rt\u00e9kel\u00e9s-az-innov\u00e1ci\u00f3s-teljes\u00edtm\u00e9nyr\u0151l.jpg\",\"width\":1400,\"height\":933,\"caption\":\"Eur\u00f3pai \u00e9rt\u00e9kel\u00e9s az innov\u00e1ci\u00f3s teljes\u00edtm\u00e9nyr\u0151l\"},{\"@type\":\"BreadcrumbList\",\"@id\":\"https:\\\/\\\/super-news.info\\\/hu\\\/europai-ertekeles-az-innovacios-teljesitmenyrol\\\/#breadcrumb\",\"itemListElement\":[{\"@type\":\"ListItem\",\"position\":1,\"name\":\"\u0413\u043b\u0430\u0432\u043d\u0430\u044f \u0441\u0442\u0440\u0430\u043d\u0438\u0446\u0430\",\"item\":\"https:\\\/\\\/super-news.info\\\/hu\\\/\"},{\"@type\":\"ListItem\",\"position\":2,\"name\":\"Eur\u00f3pai \u00e9rt\u00e9kel\u00e9s az innov\u00e1ci\u00f3s teljes\u00edtm\u00e9nyr\u0151l\"}]},{\"@type\":\"WebSite\",\"@id\":\"https:\\\/\\\/super-news.info\\\/hu\\\/#website\",\"url\":\"https:\\\/\\\/super-news.info\\\/hu\\\/\",\"name\":\"Super News\",\"description\":\"Super News Magyarorsz\u00e1g\",\"potentialAction\":[{\"@type\":\"SearchAction\",\"target\":{\"@type\":\"EntryPoint\",\"urlTemplate\":\"https:\\\/\\\/super-news.info\\\/hu\\\/?s={search_term_string}\"},\"query-input\":{\"@type\":\"PropertyValueSpecification\",\"valueRequired\":true,\"valueName\":\"search_term_string\"}}],\"inLanguage\":\"hu\"},{\"@type\":\"Person\",\"@id\":\"https:\\\/\\\/super-news.info\\\/hu\\\/#\\\/schema\\\/person\\\/2d4068cb2f39cd10008c2fce578a7356\",\"name\":\"super-news\",\"image\":{\"@type\":\"ImageObject\",\"inLanguage\":\"hu\",\"@id\":\"https:\\\/\\\/secure.gravatar.com\\\/avatar\\\/64ebac40b93f26a154f8a9b5b6fdccfc46f442b26b3dd6756dbff3bf9dc76fd7?s=96&d=mm&r=g\",\"url\":\"https:\\\/\\\/secure.gravatar.com\\\/avatar\\\/64ebac40b93f26a154f8a9b5b6fdccfc46f442b26b3dd6756dbff3bf9dc76fd7?s=96&d=mm&r=g\",\"contentUrl\":\"https:\\\/\\\/secure.gravatar.com\\\/avatar\\\/64ebac40b93f26a154f8a9b5b6fdccfc46f442b26b3dd6756dbff3bf9dc76fd7?s=96&d=mm&r=g\",\"caption\":\"super-news\"},\"url\":\"https:\\\/\\\/super-news.info\\\/hu\\\/author\\\/pt\\\/\"}]}<\/script>\n<!-- \/ Yoast SEO plugin. -->","yoast_head_json":{"title":"Eur\u00f3pai \u00e9rt\u00e9kel\u00e9s az innov\u00e1ci\u00f3s teljes\u00edtm\u00e9nyr\u0151l - Super News","robots":{"index":"index","follow":"follow","max-snippet":"max-snippet:-1","max-image-preview":"max-image-preview:large","max-video-preview":"max-video-preview:-1"},"canonical":"https:\/\/super-news.info\/hu\/europai-ertekeles-az-innovacios-teljesitmenyrol\/","og_locale":"hu_HU","og_type":"article","og_title":"Eur\u00f3pai \u00e9rt\u00e9kel\u00e9s az innov\u00e1ci\u00f3s teljes\u00edtm\u00e9nyr\u0151l - Super News","og_description":"[ad_1] Magyarorsz\u00e1g innov\u00e1ci\u00f3s versenyk\u00e9pess\u00e9gi poz\u00edci\u00f3ja a frissen megjelent EU-s jelent\u00e9s (European Innovation Scoreboard 2019) alapj\u00e1n 2018-hoz k\u00e9pest k\u00e9thelynyit romlott: 28 orsz\u00e1g k\u00f6z\u00f6tt a 23. helyre cs\u00fasztunk vissza. Csehorsz\u00e1g egy hellyel rontotta a poz\u00edci\u00f3j\u00e1t, Szlov\u00e1kia eggyel jav\u00edtotta. Lengyelorsz\u00e1g\u00e9 nem v\u00e1ltozott. A 28 orsz\u00e1g k\u00f6z\u00f6tt most Csehorsz\u00e1g a 14., Szlov\u00e1kia a 22., Magyarorsz\u00e1g a 23. \u00e9s Lengyelorsz\u00e1g [&hellip;]","og_url":"https:\/\/super-news.info\/hu\/europai-ertekeles-az-innovacios-teljesitmenyrol\/","og_site_name":"Super News","article_published_time":"2019-06-20T15:13:26+00:00","article_modified_time":"2019-06-20T15:13:28+00:00","og_image":[{"width":1400,"height":933,"url":"https:\/\/super-news.info\/hu\/wp-content\/uploads\/sites\/3\/2019\/06\/Eur\u00f3pai-\u00e9rt\u00e9kel\u00e9s-az-innov\u00e1ci\u00f3s-teljes\u00edtm\u00e9nyr\u0151l.jpg","type":"image\/jpeg"}],"author":"super-news","twitter_card":"summary_large_image","twitter_misc":{"Szerz\u0151:":"super-news","Becs\u00fclt olvas\u00e1si id\u0151":"6 perc"},"schema":{"@context":"https:\/\/schema.org","@graph":[{"@type":"Article","@id":"https:\/\/super-news.info\/hu\/europai-ertekeles-az-innovacios-teljesitmenyrol\/#article","isPartOf":{"@id":"https:\/\/super-news.info\/hu\/europai-ertekeles-az-innovacios-teljesitmenyrol\/"},"author":{"name":"super-news","@id":"https:\/\/super-news.info\/hu\/#\/schema\/person\/2d4068cb2f39cd10008c2fce578a7356"},"headline":"Eur\u00f3pai \u00e9rt\u00e9kel\u00e9s az innov\u00e1ci\u00f3s teljes\u00edtm\u00e9nyr\u0151l","datePublished":"2019-06-20T15:13:26+00:00","dateModified":"2019-06-20T15:13:28+00:00","mainEntityOfPage":{"@id":"https:\/\/super-news.info\/hu\/europai-ertekeles-az-innovacios-teljesitmenyrol\/"},"wordCount":1126,"commentCount":0,"image":{"@id":"https:\/\/super-news.info\/hu\/europai-ertekeles-az-innovacios-teljesitmenyrol\/#primaryimage"},"thumbnailUrl":"https:\/\/super-news.info\/hu\/wp-content\/uploads\/sites\/3\/2019\/06\/Eur\u00f3pai-\u00e9rt\u00e9kel\u00e9s-az-innov\u00e1ci\u00f3s-teljes\u00edtm\u00e9nyr\u0151l.jpg","articleSection":["P\u00c9NZ\u00dcGYI H\u00cdREK"],"inLanguage":"hu","potentialAction":[{"@type":"CommentAction","name":"Comment","target":["https:\/\/super-news.info\/hu\/europai-ertekeles-az-innovacios-teljesitmenyrol\/#respond"]}]},{"@type":"WebPage","@id":"https:\/\/super-news.info\/hu\/europai-ertekeles-az-innovacios-teljesitmenyrol\/","url":"https:\/\/super-news.info\/hu\/europai-ertekeles-az-innovacios-teljesitmenyrol\/","name":"Eur\u00f3pai \u00e9rt\u00e9kel\u00e9s az innov\u00e1ci\u00f3s teljes\u00edtm\u00e9nyr\u0151l - Super News","isPartOf":{"@id":"https:\/\/super-news.info\/hu\/#website"},"primaryImageOfPage":{"@id":"https:\/\/super-news.info\/hu\/europai-ertekeles-az-innovacios-teljesitmenyrol\/#primaryimage"},"image":{"@id":"https:\/\/super-news.info\/hu\/europai-ertekeles-az-innovacios-teljesitmenyrol\/#primaryimage"},"thumbnailUrl":"https:\/\/super-news.info\/hu\/wp-content\/uploads\/sites\/3\/2019\/06\/Eur\u00f3pai-\u00e9rt\u00e9kel\u00e9s-az-innov\u00e1ci\u00f3s-teljes\u00edtm\u00e9nyr\u0151l.jpg","datePublished":"2019-06-20T15:13:26+00:00","dateModified":"2019-06-20T15:13:28+00:00","author":{"@id":"https:\/\/super-news.info\/hu\/#\/schema\/person\/2d4068cb2f39cd10008c2fce578a7356"},"breadcrumb":{"@id":"https:\/\/super-news.info\/hu\/europai-ertekeles-az-innovacios-teljesitmenyrol\/#breadcrumb"},"inLanguage":"hu","potentialAction":[{"@type":"ReadAction","target":["https:\/\/super-news.info\/hu\/europai-ertekeles-az-innovacios-teljesitmenyrol\/"]}]},{"@type":"ImageObject","inLanguage":"hu","@id":"https:\/\/super-news.info\/hu\/europai-ertekeles-az-innovacios-teljesitmenyrol\/#primaryimage","url":"https:\/\/super-news.info\/hu\/wp-content\/uploads\/sites\/3\/2019\/06\/Eur\u00f3pai-\u00e9rt\u00e9kel\u00e9s-az-innov\u00e1ci\u00f3s-teljes\u00edtm\u00e9nyr\u0151l.jpg","contentUrl":"https:\/\/super-news.info\/hu\/wp-content\/uploads\/sites\/3\/2019\/06\/Eur\u00f3pai-\u00e9rt\u00e9kel\u00e9s-az-innov\u00e1ci\u00f3s-teljes\u00edtm\u00e9nyr\u0151l.jpg","width":1400,"height":933,"caption":"Eur\u00f3pai \u00e9rt\u00e9kel\u00e9s az innov\u00e1ci\u00f3s teljes\u00edtm\u00e9nyr\u0151l"},{"@type":"BreadcrumbList","@id":"https:\/\/super-news.info\/hu\/europai-ertekeles-az-innovacios-teljesitmenyrol\/#breadcrumb","itemListElement":[{"@type":"ListItem","position":1,"name":"\u0413\u043b\u0430\u0432\u043d\u0430\u044f \u0441\u0442\u0440\u0430\u043d\u0438\u0446\u0430","item":"https:\/\/super-news.info\/hu\/"},{"@type":"ListItem","position":2,"name":"Eur\u00f3pai \u00e9rt\u00e9kel\u00e9s az innov\u00e1ci\u00f3s teljes\u00edtm\u00e9nyr\u0151l"}]},{"@type":"WebSite","@id":"https:\/\/super-news.info\/hu\/#website","url":"https:\/\/super-news.info\/hu\/","name":"Super News","description":"Super News Magyarorsz\u00e1g","potentialAction":[{"@type":"SearchAction","target":{"@type":"EntryPoint","urlTemplate":"https:\/\/super-news.info\/hu\/?s={search_term_string}"},"query-input":{"@type":"PropertyValueSpecification","valueRequired":true,"valueName":"search_term_string"}}],"inLanguage":"hu"},{"@type":"Person","@id":"https:\/\/super-news.info\/hu\/#\/schema\/person\/2d4068cb2f39cd10008c2fce578a7356","name":"super-news","image":{"@type":"ImageObject","inLanguage":"hu","@id":"https:\/\/secure.gravatar.com\/avatar\/64ebac40b93f26a154f8a9b5b6fdccfc46f442b26b3dd6756dbff3bf9dc76fd7?s=96&d=mm&r=g","url":"https:\/\/secure.gravatar.com\/avatar\/64ebac40b93f26a154f8a9b5b6fdccfc46f442b26b3dd6756dbff3bf9dc76fd7?s=96&d=mm&r=g","contentUrl":"https:\/\/secure.gravatar.com\/avatar\/64ebac40b93f26a154f8a9b5b6fdccfc46f442b26b3dd6756dbff3bf9dc76fd7?s=96&d=mm&r=g","caption":"super-news"},"url":"https:\/\/super-news.info\/hu\/author\/pt\/"}]}},"_links":{"self":[{"href":"https:\/\/super-news.info\/hu\/wp-json\/wp\/v2\/posts\/4480","targetHints":{"allow":["GET"]}}],"collection":[{"href":"https:\/\/super-news.info\/hu\/wp-json\/wp\/v2\/posts"}],"about":[{"href":"https:\/\/super-news.info\/hu\/wp-json\/wp\/v2\/types\/post"}],"author":[{"embeddable":true,"href":"https:\/\/super-news.info\/hu\/wp-json\/wp\/v2\/users\/2"}],"replies":[{"embeddable":true,"href":"https:\/\/super-news.info\/hu\/wp-json\/wp\/v2\/comments?post=4480"}],"version-history":[{"count":1,"href":"https:\/\/super-news.info\/hu\/wp-json\/wp\/v2\/posts\/4480\/revisions"}],"predecessor-version":[{"id":4482,"href":"https:\/\/super-news.info\/hu\/wp-json\/wp\/v2\/posts\/4480\/revisions\/4482"}],"wp:featuredmedia":[{"embeddable":true,"href":"https:\/\/super-news.info\/hu\/wp-json\/wp\/v2\/media\/4481"}],"wp:attachment":[{"href":"https:\/\/super-news.info\/hu\/wp-json\/wp\/v2\/media?parent=4480"}],"wp:term":[{"taxonomy":"category","embeddable":true,"href":"https:\/\/super-news.info\/hu\/wp-json\/wp\/v2\/categories?post=4480"},{"taxonomy":"post_tag","embeddable":true,"href":"https:\/\/super-news.info\/hu\/wp-json\/wp\/v2\/tags?post=4480"}],"curies":[{"name":"wp","href":"https:\/\/api.w.org\/{rel}","templated":true}]}}