{"id":4477,"date":"2019-06-20T17:20:25","date_gmt":"2019-06-20T14:20:25","guid":{"rendered":"https:\/\/super-news.info\/hu\/vilagbajnok-lenne-2022-ig-liu-shaoang\/"},"modified":"2019-06-20T17:20:26","modified_gmt":"2019-06-20T14:20:26","slug":"vilagbajnok-lenne-2022-ig-liu-shaoang","status":"publish","type":"post","link":"https:\/\/super-news.info\/hu\/vilagbajnok-lenne-2022-ig-liu-shaoang\/","title":{"rendered":"Vil\u00e1gbajnok lenne 2022-ig Liu Shaoang"},"content":{"rendered":"<p> [ad_1]<br \/>\n<\/p>\n<p>\n\t\t\t\t\t\t\t\tMind\u00f6ssze hat h\u00e9t pihen\u0151 ut\u00e1n m\u00e1just\u00f3l m\u00e1r \u00fajra kem\u00e9nyen edzenek a magyar r\u00f6vidp\u00e1ly\u00e1s gyorskorcsoly\u00e1z\u00f3k, akik k\u00f6z\u00fcl az olimpiai \u00e9s Eur\u00f3pa-bajnok Liu Shaoang egyik f\u0151 c\u00e9lja, hogy megszerezze a kollekci\u00f3j\u00e1b\u00f3l m\u00e9g hi\u00e1nyz\u00f3 vil\u00e1gbajnoki arany\u00e9rmet.\t\t\t\t\t\t\t<\/p>\n<div>\n<p>\u201eEz mindennapi motiv\u00e1ci\u00f3t jelent a sz\u00e1momra, meg is \u00edg\u00e9rtem magamnak, hogy legk\u00e9s\u0151bb a 2022-es olimpiai ciklus v\u00e9g\u00e9ig vil\u00e1gbajnok leszek\u201d \u2013 mondta Liu Shaoang a Magyar Orsz\u00e1gos Korcsoly\u00e1z\u00f3 Sz\u00f6vets\u00e9g (MOKSZ) cs\u00fct\u00f6rt\u00f6ki sajt\u00f3t\u00e1j\u00e9koztat\u00f3j\u00e1t k\u00f6vet\u0151en.<\/p>\n<div id=\"attachment_1293931\" style=\"width: 1410px\" class=\"wp-caption alignnone\">\n<p class=\"wp-caption-text\">Liu Shaolin S\u00e1ndor (b), miut\u00e1n arany\u00e9rmet nyert m\u00e1sodikk\u00e9nt c\u00e9lba \u00e9r\u00f5 \u00f6ccse, Liu Shaoang (j) el\u00f5tt a dordrechti r\u00f6vidp\u00e1ly\u00e1s gyorskorcsolya Eur\u00f3pa-bajnoks\u00e1g f\u00e9rfi 1500 m\u00e9ter\u00e9n 2019. janu\u00e1r 12-\u00e9n.<br \/>Fot\u00f3: MTI\/EPA\/ANP\/Vincent Jannink<\/p>\n<\/div>\n<p>A phjongcshangi t\u00e9li j\u00e1t\u00e9kokon gy\u0151ztes magyar v\u00e1lt\u00f3 tagja kifejtette: a k\u00f6vetkez\u0151 id\u00e9ny az\u00e9rt is fontos a sz\u00e1mukra, mert nagyon k\u00e9sz\u00fclnek arra, hogy mind szervez\u0151i szinten, mind az eredm\u00e9nyess\u00e9get tekintve sikeres legyen j\u00f6v\u0151 janu\u00e1rban a debreceni Eur\u00f3pa-bajnoks\u00e1g.<\/p>\n<p>A k\u00f6vetkez\u0151 id\u00e9nnyel kapcsolatban annyit mondott: nem tudja meg\u00edg\u00e9rni, hogy ezent\u00fal minden versenyt megnyernek, hiszen sokszor apr\u00f3s\u00e1gokon m\u00falik, ki lesz az els\u0151 vagy m\u00e1sodik, de azt igen, hogy testv\u00e9r\u00e9vel, Liu Shaolin S\u00e1ndorral egy\u00fctt mindent megtesznek az\u00e9rt, hogy a top 3-ban v\u00e9gezzenek.<\/p>\n<p>B\u00e1nhidi \u00c1kos, a v\u00e1logatott csapatmenedzsere t\u00f6bbek k\u00f6z\u00f6tt arr\u00f3l besz\u00e9lt, hogy j\u00faliusban olaszorsz\u00e1gi magaslati edz\u0151t\u00e1boroz\u00e1ssal folytatj\u00e1k a felk\u00e9sz\u00fcl\u00e9st az el\u0151tt\u00fck \u00e1ll\u00f3 szezonra. \u201eA Phjongcshang ut\u00e1ni szezont k\u00f6vet\u0151 sz\u00fcnetnek id\u00e9n mind\u00f6ssze a fel\u00e9t, hat hetet t\u00f6lt\u00f6tt\u00fcnk pihen\u00e9ssel, m\u00e1just\u00f3l pedig kem\u00e9ny alapoz\u00f3 edz\u00e9sekkel k\u00e9sz\u00fcl\u00fcnk\u201d \u2013 \u00e1rulta el B\u00e1nhidi \u00c1kos.<\/p>\n<p>Az \u00fajs\u00e1g\u00edr\u00f3k \u00e1ltal koll\u00e9gan\u0151j\u00e9vel, Csang Csinggel az \u00e9v edz\u0151j\u00e9nek megv\u00e1lasztott szakvezet\u0151 elmondta, hogy a f\u00e9rfi v\u00e1logatott 11, a n\u0151i pedig hatf\u0151s kerettel kezdte meg a gyakorl\u00e1st. \u201eJ\u00falius v\u00e9g\u00e9n az olaszorsz\u00e1gi Courmayeurba utazunk h\u00e1rom h\u00e9tre, ahol a Mont Blanc l\u00e1b\u00e1n\u00e1l 1500 m\u00e9teren folytatjuk a felk\u00e9sz\u00fcl\u00e9st\u201d \u2013 tette hozz\u00e1.<\/p>\n<p>B\u00e1nhidi a k\u00f6vetkez\u0151 id\u00e9nyr\u0151l kifejtette, szeptemberben a Gyakorl\u00f3 J\u00e9gcsarnokban rendezend\u0151 orsz\u00e1gos bajnoks\u00e1ggal kezdik a szezont, majd a hat vil\u00e1gkupafutam el\u0151tt m\u00e9g egy-k\u00e9t nemzetk\u00f6zi versenyen szeretn\u00e9nek rajthoz \u00e1llni, a szezont pedig a k\u00e9t f\u0151 verseny, az itthoni Eb \u00e9s a vil\u00e1gbajnoks\u00e1g fogja z\u00e1rni. Hozz\u00e1tette: Knoch Viktor visszavonul\u00e1s\u00e1t k\u00f6vet\u0151en t\u00f6bb junior versenyz\u0151vel t\u00f6lt\u00f6tt\u00e9k fel a f\u00e9rfi v\u00e1logatott keretet, amelyben nincsenek b\u00e9relt helyek, mindenki maximalista.<\/p>\n<p>\u201eA fiatalok is nagyon er\u0151sek, \u00e9s ott kopogtatnak a v\u00e1logatott kapuj\u00e1n, de ez a fejl\u0151d\u00e9s mozgat\u00f3rug\u00f3ja\u201d \u2013 \u00e1llap\u00edtotta meg B\u00e1nhidi, aki arr\u00f3l is besz\u00e9lt, hogy a n\u0151i vonalon is \u201ebivalyer\u0151s\u201d v\u00e1lt\u00f3 van kialakul\u00f3ban, amely szerinte m\u00e1r a j\u00f6v\u0151 \u00e9vben megmutathatja az igazi erej\u00e9t. \u201eA legut\u00f3bbi Eb-n az \u00f6sszetettben a f\u00e9rfiakn\u00e1l k\u00e9t magyar \u00e1llt a dobog\u00f3 tetej\u00e9n, ezt neh\u00e9z lesz fel\u00fclm\u00falni, de azon lesz\u00fcnk, hogy a lehet\u0151 legt\u00f6bb \u00e9rtemmel gazdag\u00edtsuk magunkat\u201d \u2013 f\u0171zte hozz\u00e1.<\/p>\n<p>A sajt\u00f3t\u00e1j\u00e9koztat\u00f3n jelentett\u00e9k be, hogy a MOKSZ kib\u0151v\u00edtette a Porsche Hung\u00e1ri\u00e1val 2017 \u00f3ta \u00e9rv\u00e9nyben l\u00e9v\u0151 meg\u00e1llapod\u00e1st, \u00edgy ezent\u00fal a c\u00e9g m\u00e1r 15 g\u00e9pj\u00e1rm\u0171vet \u2013 k\u00f6zt\u00fck egy mikrobuszt \u2013 biztos\u00edt a sz\u00f6vets\u00e9g r\u00e9sz\u00e9re, melyb\u0151l t\u00edzet a versenyz\u0151k haszn\u00e1lhatnak, k\u00f6zt\u00fck a pontoz\u00e1sos szak\u00e1g legjobbja, T\u00f3th Ivett is.<\/p>\n<\/p><\/div>\n<p><script>\n    window.fbAsyncInit = function() {\n        FB.init({\n            appId      : \"204760236815359\",\n            xfbml      : true,\n            version    : \"v2.12\"\n        });\n        FB.AppEvents.logPageView();\n    };<\/p>\n<p>    (function(d, s, id){\n        var js, fjs = d.getElementsByTagName(s)[0];\n        if (d.getElementById(id)) {return;}\n        js = d.createElement(s); js.id = id;\n        js.src = \"http:\/\/connect.facebook.net\/hu_HU\/sdk.js\";\n        fjs.parentNode.insertBefore(js, fjs);\n    }(document, \"script\", \"facebook-jssdk\"));\n<\/script><br \/>\n<br \/>[ad_2]<br \/>\n<br \/><a href=\"https:\/\/www.vg.hu\/kozelet\/liu-shaoang-1583519\/\">Source link <\/a><\/p>\n","protected":false},"excerpt":{"rendered":"<p>[ad_1] Mind\u00f6ssze hat h\u00e9t pihen\u0151 ut\u00e1n m\u00e1just\u00f3l m\u00e1r \u00fajra kem\u00e9nyen edzenek a magyar r\u00f6vidp\u00e1ly\u00e1s gyorskorcsoly\u00e1z\u00f3k, akik k\u00f6z\u00fcl az olimpiai \u00e9s Eur\u00f3pa-bajnok Liu Shaoang egyik f\u0151 c\u00e9lja, hogy megszerezze a kollekci\u00f3j\u00e1b\u00f3l m\u00e9g hi\u00e1nyz\u00f3 vil\u00e1gbajnoki arany\u00e9rmet. \u201eEz mindennapi motiv\u00e1ci\u00f3t jelent a sz\u00e1momra, meg is \u00edg\u00e9rtem magamnak, hogy legk\u00e9s\u0151bb a 2022-es olimpiai ciklus v\u00e9g\u00e9ig vil\u00e1gbajnok leszek\u201d \u2013 mondta [&hellip;]<\/p>\n","protected":false},"author":2,"featured_media":4478,"comment_status":"open","ping_status":"open","sticky":false,"template":"","format":"standard","meta":{"footnotes":""},"categories":[1],"tags":[],"class_list":["post-4477","post","type-post","status-publish","format-standard","has-post-thumbnail","hentry","category-penzugyi-hirek"],"yoast_head":"<!-- This site is optimized with the Yoast SEO plugin v27.4 - https:\/\/yoast.com\/product\/yoast-seo-wordpress\/ -->\n<title>Vil\u00e1gbajnok lenne 2022-ig Liu Shaoang - Super News<\/title>\n<meta name=\"robots\" content=\"index, follow, max-snippet:-1, max-image-preview:large, max-video-preview:-1\" \/>\n<link rel=\"canonical\" href=\"https:\/\/super-news.info\/hu\/vilagbajnok-lenne-2022-ig-liu-shaoang\/\" \/>\n<meta property=\"og:locale\" content=\"hu_HU\" \/>\n<meta property=\"og:type\" content=\"article\" \/>\n<meta property=\"og:title\" content=\"Vil\u00e1gbajnok lenne 2022-ig Liu Shaoang - Super News\" \/>\n<meta property=\"og:description\" content=\"[ad_1] Mind\u00f6ssze hat h\u00e9t pihen\u0151 ut\u00e1n m\u00e1just\u00f3l m\u00e1r \u00fajra kem\u00e9nyen edzenek a magyar r\u00f6vidp\u00e1ly\u00e1s gyorskorcsoly\u00e1z\u00f3k, akik k\u00f6z\u00fcl az olimpiai \u00e9s Eur\u00f3pa-bajnok Liu Shaoang egyik f\u0151 c\u00e9lja, hogy megszerezze a kollekci\u00f3j\u00e1b\u00f3l m\u00e9g hi\u00e1nyz\u00f3 vil\u00e1gbajnoki arany\u00e9rmet. \u201eEz mindennapi motiv\u00e1ci\u00f3t jelent a sz\u00e1momra, meg is \u00edg\u00e9rtem magamnak, hogy legk\u00e9s\u0151bb a 2022-es olimpiai ciklus v\u00e9g\u00e9ig vil\u00e1gbajnok leszek\u201d \u2013 mondta [&hellip;]\" \/>\n<meta property=\"og:url\" content=\"https:\/\/super-news.info\/hu\/vilagbajnok-lenne-2022-ig-liu-shaoang\/\" \/>\n<meta property=\"og:site_name\" content=\"Super News\" \/>\n<meta property=\"article:published_time\" content=\"2019-06-20T14:20:25+00:00\" \/>\n<meta property=\"article:modified_time\" content=\"2019-06-20T14:20:26+00:00\" \/>\n<meta property=\"og:image\" content=\"https:\/\/super-news.info\/hu\/wp-content\/uploads\/sites\/3\/2019\/06\/Vil\u00e1gbajnok-lenne-2022-ig-Liu-Shaoang.jpg\" \/>\n\t<meta property=\"og:image:width\" content=\"1400\" \/>\n\t<meta property=\"og:image:height\" content=\"933\" \/>\n\t<meta property=\"og:image:type\" content=\"image\/jpeg\" \/>\n<meta name=\"author\" content=\"super-news\" \/>\n<meta name=\"twitter:card\" content=\"summary_large_image\" \/>\n<meta name=\"twitter:label1\" content=\"Szerz\u0151:\" \/>\n\t<meta name=\"twitter:data1\" content=\"super-news\" \/>\n\t<meta name=\"twitter:label2\" content=\"Becs\u00fclt olvas\u00e1si id\u0151\" \/>\n\t<meta name=\"twitter:data2\" content=\"3 perc\" \/>\n<script type=\"application\/ld+json\" class=\"yoast-schema-graph\">{\"@context\":\"https:\\\/\\\/schema.org\",\"@graph\":[{\"@type\":\"Article\",\"@id\":\"https:\\\/\\\/super-news.info\\\/hu\\\/vilagbajnok-lenne-2022-ig-liu-shaoang\\\/#article\",\"isPartOf\":{\"@id\":\"https:\\\/\\\/super-news.info\\\/hu\\\/vilagbajnok-lenne-2022-ig-liu-shaoang\\\/\"},\"author\":{\"name\":\"super-news\",\"@id\":\"https:\\\/\\\/super-news.info\\\/hu\\\/#\\\/schema\\\/person\\\/2d4068cb2f39cd10008c2fce578a7356\"},\"headline\":\"Vil\u00e1gbajnok lenne 2022-ig Liu Shaoang\",\"datePublished\":\"2019-06-20T14:20:25+00:00\",\"dateModified\":\"2019-06-20T14:20:26+00:00\",\"mainEntityOfPage\":{\"@id\":\"https:\\\/\\\/super-news.info\\\/hu\\\/vilagbajnok-lenne-2022-ig-liu-shaoang\\\/\"},\"wordCount\":698,\"commentCount\":0,\"image\":{\"@id\":\"https:\\\/\\\/super-news.info\\\/hu\\\/vilagbajnok-lenne-2022-ig-liu-shaoang\\\/#primaryimage\"},\"thumbnailUrl\":\"https:\\\/\\\/super-news.info\\\/hu\\\/wp-content\\\/uploads\\\/sites\\\/3\\\/2019\\\/06\\\/Vil\u00e1gbajnok-lenne-2022-ig-Liu-Shaoang.jpg\",\"articleSection\":[\"P\u00c9NZ\u00dcGYI H\u00cdREK\"],\"inLanguage\":\"hu\",\"potentialAction\":[{\"@type\":\"CommentAction\",\"name\":\"Comment\",\"target\":[\"https:\\\/\\\/super-news.info\\\/hu\\\/vilagbajnok-lenne-2022-ig-liu-shaoang\\\/#respond\"]}]},{\"@type\":\"WebPage\",\"@id\":\"https:\\\/\\\/super-news.info\\\/hu\\\/vilagbajnok-lenne-2022-ig-liu-shaoang\\\/\",\"url\":\"https:\\\/\\\/super-news.info\\\/hu\\\/vilagbajnok-lenne-2022-ig-liu-shaoang\\\/\",\"name\":\"Vil\u00e1gbajnok lenne 2022-ig Liu Shaoang - Super News\",\"isPartOf\":{\"@id\":\"https:\\\/\\\/super-news.info\\\/hu\\\/#website\"},\"primaryImageOfPage\":{\"@id\":\"https:\\\/\\\/super-news.info\\\/hu\\\/vilagbajnok-lenne-2022-ig-liu-shaoang\\\/#primaryimage\"},\"image\":{\"@id\":\"https:\\\/\\\/super-news.info\\\/hu\\\/vilagbajnok-lenne-2022-ig-liu-shaoang\\\/#primaryimage\"},\"thumbnailUrl\":\"https:\\\/\\\/super-news.info\\\/hu\\\/wp-content\\\/uploads\\\/sites\\\/3\\\/2019\\\/06\\\/Vil\u00e1gbajnok-lenne-2022-ig-Liu-Shaoang.jpg\",\"datePublished\":\"2019-06-20T14:20:25+00:00\",\"dateModified\":\"2019-06-20T14:20:26+00:00\",\"author\":{\"@id\":\"https:\\\/\\\/super-news.info\\\/hu\\\/#\\\/schema\\\/person\\\/2d4068cb2f39cd10008c2fce578a7356\"},\"breadcrumb\":{\"@id\":\"https:\\\/\\\/super-news.info\\\/hu\\\/vilagbajnok-lenne-2022-ig-liu-shaoang\\\/#breadcrumb\"},\"inLanguage\":\"hu\",\"potentialAction\":[{\"@type\":\"ReadAction\",\"target\":[\"https:\\\/\\\/super-news.info\\\/hu\\\/vilagbajnok-lenne-2022-ig-liu-shaoang\\\/\"]}]},{\"@type\":\"ImageObject\",\"inLanguage\":\"hu\",\"@id\":\"https:\\\/\\\/super-news.info\\\/hu\\\/vilagbajnok-lenne-2022-ig-liu-shaoang\\\/#primaryimage\",\"url\":\"https:\\\/\\\/super-news.info\\\/hu\\\/wp-content\\\/uploads\\\/sites\\\/3\\\/2019\\\/06\\\/Vil\u00e1gbajnok-lenne-2022-ig-Liu-Shaoang.jpg\",\"contentUrl\":\"https:\\\/\\\/super-news.info\\\/hu\\\/wp-content\\\/uploads\\\/sites\\\/3\\\/2019\\\/06\\\/Vil\u00e1gbajnok-lenne-2022-ig-Liu-Shaoang.jpg\",\"width\":1400,\"height\":933,\"caption\":\"Vil\u00e1gbajnok lenne 2022-ig Liu Shaoang\"},{\"@type\":\"BreadcrumbList\",\"@id\":\"https:\\\/\\\/super-news.info\\\/hu\\\/vilagbajnok-lenne-2022-ig-liu-shaoang\\\/#breadcrumb\",\"itemListElement\":[{\"@type\":\"ListItem\",\"position\":1,\"name\":\"\u0413\u043b\u0430\u0432\u043d\u0430\u044f \u0441\u0442\u0440\u0430\u043d\u0438\u0446\u0430\",\"item\":\"https:\\\/\\\/super-news.info\\\/hu\\\/\"},{\"@type\":\"ListItem\",\"position\":2,\"name\":\"Vil\u00e1gbajnok lenne 2022-ig Liu Shaoang\"}]},{\"@type\":\"WebSite\",\"@id\":\"https:\\\/\\\/super-news.info\\\/hu\\\/#website\",\"url\":\"https:\\\/\\\/super-news.info\\\/hu\\\/\",\"name\":\"Super News\",\"description\":\"Super News Magyarorsz\u00e1g\",\"potentialAction\":[{\"@type\":\"SearchAction\",\"target\":{\"@type\":\"EntryPoint\",\"urlTemplate\":\"https:\\\/\\\/super-news.info\\\/hu\\\/?s={search_term_string}\"},\"query-input\":{\"@type\":\"PropertyValueSpecification\",\"valueRequired\":true,\"valueName\":\"search_term_string\"}}],\"inLanguage\":\"hu\"},{\"@type\":\"Person\",\"@id\":\"https:\\\/\\\/super-news.info\\\/hu\\\/#\\\/schema\\\/person\\\/2d4068cb2f39cd10008c2fce578a7356\",\"name\":\"super-news\",\"image\":{\"@type\":\"ImageObject\",\"inLanguage\":\"hu\",\"@id\":\"https:\\\/\\\/secure.gravatar.com\\\/avatar\\\/64ebac40b93f26a154f8a9b5b6fdccfc46f442b26b3dd6756dbff3bf9dc76fd7?s=96&d=mm&r=g\",\"url\":\"https:\\\/\\\/secure.gravatar.com\\\/avatar\\\/64ebac40b93f26a154f8a9b5b6fdccfc46f442b26b3dd6756dbff3bf9dc76fd7?s=96&d=mm&r=g\",\"contentUrl\":\"https:\\\/\\\/secure.gravatar.com\\\/avatar\\\/64ebac40b93f26a154f8a9b5b6fdccfc46f442b26b3dd6756dbff3bf9dc76fd7?s=96&d=mm&r=g\",\"caption\":\"super-news\"},\"url\":\"https:\\\/\\\/super-news.info\\\/hu\\\/author\\\/pt\\\/\"}]}<\/script>\n<!-- \/ Yoast SEO plugin. -->","yoast_head_json":{"title":"Vil\u00e1gbajnok lenne 2022-ig Liu Shaoang - Super News","robots":{"index":"index","follow":"follow","max-snippet":"max-snippet:-1","max-image-preview":"max-image-preview:large","max-video-preview":"max-video-preview:-1"},"canonical":"https:\/\/super-news.info\/hu\/vilagbajnok-lenne-2022-ig-liu-shaoang\/","og_locale":"hu_HU","og_type":"article","og_title":"Vil\u00e1gbajnok lenne 2022-ig Liu Shaoang - Super News","og_description":"[ad_1] Mind\u00f6ssze hat h\u00e9t pihen\u0151 ut\u00e1n m\u00e1just\u00f3l m\u00e1r \u00fajra kem\u00e9nyen edzenek a magyar r\u00f6vidp\u00e1ly\u00e1s gyorskorcsoly\u00e1z\u00f3k, akik k\u00f6z\u00fcl az olimpiai \u00e9s Eur\u00f3pa-bajnok Liu Shaoang egyik f\u0151 c\u00e9lja, hogy megszerezze a kollekci\u00f3j\u00e1b\u00f3l m\u00e9g hi\u00e1nyz\u00f3 vil\u00e1gbajnoki arany\u00e9rmet. \u201eEz mindennapi motiv\u00e1ci\u00f3t jelent a sz\u00e1momra, meg is \u00edg\u00e9rtem magamnak, hogy legk\u00e9s\u0151bb a 2022-es olimpiai ciklus v\u00e9g\u00e9ig vil\u00e1gbajnok leszek\u201d \u2013 mondta [&hellip;]","og_url":"https:\/\/super-news.info\/hu\/vilagbajnok-lenne-2022-ig-liu-shaoang\/","og_site_name":"Super News","article_published_time":"2019-06-20T14:20:25+00:00","article_modified_time":"2019-06-20T14:20:26+00:00","og_image":[{"width":1400,"height":933,"url":"https:\/\/super-news.info\/hu\/wp-content\/uploads\/sites\/3\/2019\/06\/Vil\u00e1gbajnok-lenne-2022-ig-Liu-Shaoang.jpg","type":"image\/jpeg"}],"author":"super-news","twitter_card":"summary_large_image","twitter_misc":{"Szerz\u0151:":"super-news","Becs\u00fclt olvas\u00e1si id\u0151":"3 perc"},"schema":{"@context":"https:\/\/schema.org","@graph":[{"@type":"Article","@id":"https:\/\/super-news.info\/hu\/vilagbajnok-lenne-2022-ig-liu-shaoang\/#article","isPartOf":{"@id":"https:\/\/super-news.info\/hu\/vilagbajnok-lenne-2022-ig-liu-shaoang\/"},"author":{"name":"super-news","@id":"https:\/\/super-news.info\/hu\/#\/schema\/person\/2d4068cb2f39cd10008c2fce578a7356"},"headline":"Vil\u00e1gbajnok lenne 2022-ig Liu Shaoang","datePublished":"2019-06-20T14:20:25+00:00","dateModified":"2019-06-20T14:20:26+00:00","mainEntityOfPage":{"@id":"https:\/\/super-news.info\/hu\/vilagbajnok-lenne-2022-ig-liu-shaoang\/"},"wordCount":698,"commentCount":0,"image":{"@id":"https:\/\/super-news.info\/hu\/vilagbajnok-lenne-2022-ig-liu-shaoang\/#primaryimage"},"thumbnailUrl":"https:\/\/super-news.info\/hu\/wp-content\/uploads\/sites\/3\/2019\/06\/Vil\u00e1gbajnok-lenne-2022-ig-Liu-Shaoang.jpg","articleSection":["P\u00c9NZ\u00dcGYI H\u00cdREK"],"inLanguage":"hu","potentialAction":[{"@type":"CommentAction","name":"Comment","target":["https:\/\/super-news.info\/hu\/vilagbajnok-lenne-2022-ig-liu-shaoang\/#respond"]}]},{"@type":"WebPage","@id":"https:\/\/super-news.info\/hu\/vilagbajnok-lenne-2022-ig-liu-shaoang\/","url":"https:\/\/super-news.info\/hu\/vilagbajnok-lenne-2022-ig-liu-shaoang\/","name":"Vil\u00e1gbajnok lenne 2022-ig Liu Shaoang - Super News","isPartOf":{"@id":"https:\/\/super-news.info\/hu\/#website"},"primaryImageOfPage":{"@id":"https:\/\/super-news.info\/hu\/vilagbajnok-lenne-2022-ig-liu-shaoang\/#primaryimage"},"image":{"@id":"https:\/\/super-news.info\/hu\/vilagbajnok-lenne-2022-ig-liu-shaoang\/#primaryimage"},"thumbnailUrl":"https:\/\/super-news.info\/hu\/wp-content\/uploads\/sites\/3\/2019\/06\/Vil\u00e1gbajnok-lenne-2022-ig-Liu-Shaoang.jpg","datePublished":"2019-06-20T14:20:25+00:00","dateModified":"2019-06-20T14:20:26+00:00","author":{"@id":"https:\/\/super-news.info\/hu\/#\/schema\/person\/2d4068cb2f39cd10008c2fce578a7356"},"breadcrumb":{"@id":"https:\/\/super-news.info\/hu\/vilagbajnok-lenne-2022-ig-liu-shaoang\/#breadcrumb"},"inLanguage":"hu","potentialAction":[{"@type":"ReadAction","target":["https:\/\/super-news.info\/hu\/vilagbajnok-lenne-2022-ig-liu-shaoang\/"]}]},{"@type":"ImageObject","inLanguage":"hu","@id":"https:\/\/super-news.info\/hu\/vilagbajnok-lenne-2022-ig-liu-shaoang\/#primaryimage","url":"https:\/\/super-news.info\/hu\/wp-content\/uploads\/sites\/3\/2019\/06\/Vil\u00e1gbajnok-lenne-2022-ig-Liu-Shaoang.jpg","contentUrl":"https:\/\/super-news.info\/hu\/wp-content\/uploads\/sites\/3\/2019\/06\/Vil\u00e1gbajnok-lenne-2022-ig-Liu-Shaoang.jpg","width":1400,"height":933,"caption":"Vil\u00e1gbajnok lenne 2022-ig Liu Shaoang"},{"@type":"BreadcrumbList","@id":"https:\/\/super-news.info\/hu\/vilagbajnok-lenne-2022-ig-liu-shaoang\/#breadcrumb","itemListElement":[{"@type":"ListItem","position":1,"name":"\u0413\u043b\u0430\u0432\u043d\u0430\u044f \u0441\u0442\u0440\u0430\u043d\u0438\u0446\u0430","item":"https:\/\/super-news.info\/hu\/"},{"@type":"ListItem","position":2,"name":"Vil\u00e1gbajnok lenne 2022-ig Liu Shaoang"}]},{"@type":"WebSite","@id":"https:\/\/super-news.info\/hu\/#website","url":"https:\/\/super-news.info\/hu\/","name":"Super News","description":"Super News Magyarorsz\u00e1g","potentialAction":[{"@type":"SearchAction","target":{"@type":"EntryPoint","urlTemplate":"https:\/\/super-news.info\/hu\/?s={search_term_string}"},"query-input":{"@type":"PropertyValueSpecification","valueRequired":true,"valueName":"search_term_string"}}],"inLanguage":"hu"},{"@type":"Person","@id":"https:\/\/super-news.info\/hu\/#\/schema\/person\/2d4068cb2f39cd10008c2fce578a7356","name":"super-news","image":{"@type":"ImageObject","inLanguage":"hu","@id":"https:\/\/secure.gravatar.com\/avatar\/64ebac40b93f26a154f8a9b5b6fdccfc46f442b26b3dd6756dbff3bf9dc76fd7?s=96&d=mm&r=g","url":"https:\/\/secure.gravatar.com\/avatar\/64ebac40b93f26a154f8a9b5b6fdccfc46f442b26b3dd6756dbff3bf9dc76fd7?s=96&d=mm&r=g","contentUrl":"https:\/\/secure.gravatar.com\/avatar\/64ebac40b93f26a154f8a9b5b6fdccfc46f442b26b3dd6756dbff3bf9dc76fd7?s=96&d=mm&r=g","caption":"super-news"},"url":"https:\/\/super-news.info\/hu\/author\/pt\/"}]}},"_links":{"self":[{"href":"https:\/\/super-news.info\/hu\/wp-json\/wp\/v2\/posts\/4477","targetHints":{"allow":["GET"]}}],"collection":[{"href":"https:\/\/super-news.info\/hu\/wp-json\/wp\/v2\/posts"}],"about":[{"href":"https:\/\/super-news.info\/hu\/wp-json\/wp\/v2\/types\/post"}],"author":[{"embeddable":true,"href":"https:\/\/super-news.info\/hu\/wp-json\/wp\/v2\/users\/2"}],"replies":[{"embeddable":true,"href":"https:\/\/super-news.info\/hu\/wp-json\/wp\/v2\/comments?post=4477"}],"version-history":[{"count":1,"href":"https:\/\/super-news.info\/hu\/wp-json\/wp\/v2\/posts\/4477\/revisions"}],"predecessor-version":[{"id":4479,"href":"https:\/\/super-news.info\/hu\/wp-json\/wp\/v2\/posts\/4477\/revisions\/4479"}],"wp:featuredmedia":[{"embeddable":true,"href":"https:\/\/super-news.info\/hu\/wp-json\/wp\/v2\/media\/4478"}],"wp:attachment":[{"href":"https:\/\/super-news.info\/hu\/wp-json\/wp\/v2\/media?parent=4477"}],"wp:term":[{"taxonomy":"category","embeddable":true,"href":"https:\/\/super-news.info\/hu\/wp-json\/wp\/v2\/categories?post=4477"},{"taxonomy":"post_tag","embeddable":true,"href":"https:\/\/super-news.info\/hu\/wp-json\/wp\/v2\/tags?post=4477"}],"curies":[{"name":"wp","href":"https:\/\/api.w.org\/{rel}","templated":true}]}}