{"id":4471,"date":"2019-06-20T16:28:37","date_gmt":"2019-06-20T13:28:37","guid":{"rendered":"https:\/\/super-news.info\/hu\/az-unionak-valaszolnia-kell-a-klimakihivasra\/"},"modified":"2019-06-20T16:28:38","modified_gmt":"2019-06-20T13:28:38","slug":"az-unionak-valaszolnia-kell-a-klimakihivasra","status":"publish","type":"post","link":"https:\/\/super-news.info\/hu\/az-unionak-valaszolnia-kell-a-klimakihivasra\/","title":{"rendered":"Az uni\u00f3nak v\u00e1laszolnia kell a kl\u00edmakih\u00edv\u00e1sra"},"content":{"rendered":"<p> [ad_1]<br \/>\n<\/p>\n<div>\n<p>A vil\u00e1g els\u0151 nagyobb gazdas\u00e1ga, amely az \u00fcvegh\u00e1zhat\u00e1s\u00fa g\u00e1zok emisszi\u00f3j\u00e1nak cs\u00f6kkent\u00e9s\u00e9re konkr\u00e9t c\u00e9lt hat\u00e1rozott meg a 2020 ut\u00e1ni id\u0151szakra, az Eur\u00f3pai Uni\u00f3 volt 2015 elej\u00e9n, amikor k\u00f6telezetts\u00e9get v\u00e1llalt arra, hogy 2030-ra legal\u00e1bb 40 sz\u00e1zal\u00e9kkal cs\u00f6kkenti az emisszi\u00f3 m\u00e9rt\u00e9k\u00e9t az 1990-es szinthez k\u00e9pest. Ezzel elind\u00edtott egy glob\u00e1lis mozgalmat, amely a 2015 v\u00e9g\u00e9n elfogadott p\u00e1rizsi kl\u00edmameg\u00e1llapod\u00e1sban cs\u00facsosodott ki.<\/p>\n<p>Most az uni\u00f3nak lehet\u0151s\u00e9ge van arra, hogy ism\u00e9t a kl\u00edmav\u00e9delmi t\u00f6rekv\u00e9sek \u00e9l\u00e9re \u00e1lljon. A vezet\u0151i jelenleg azt vitatj\u00e1k meg (a ma kezd\u0151d\u0151 k\u00e9tnapos EU-cs\u00facson \u2013 a szerk.), hogy az uni\u00f3 milyen \u00e1ll\u00e1spontot k\u00e9pviseljen az ENSZ szeptemberi kl\u00edmacs\u00facs\u00e1n, amely Ant\u00f3nio Guterres ENSZ-f\u0151titk\u00e1r rem\u00e9nyei szerint politikai ugr\u00f3deszka lesz az emisszi\u00f3 cs\u00f6kkent\u00e9s\u00e9re vonatkoz\u00f3 \u00fajabb v\u00e1llal\u00e1soknak.<\/p>\n<p>Az Eur\u00f3pai Tan\u00e1csnak kell kezdenie a sort azzal, hogy t\u00e1mogatja az Eur\u00f3pai Parlament \u00e1ltal m\u00e1rciusban elfogadott 55 sz\u00e1zal\u00e9kos emisszi\u00f3cs\u00f6kkent\u00e9si c\u00e9lt az 1990-es szinthez k\u00e9pest. A p\u00e1rizsi kl\u00edmaegyezm\u00e9ny el\u0151\u00edrja a r\u00e9szt vev\u0151 tagorsz\u00e1goknak, hogy \u00f6t\u00e9vente vizsg\u00e1lj\u00e1k fel\u00fcl kor\u00e1bbi v\u00e1llal\u00e1sukat. Az els\u0151 ilyen fel\u00fclvizsg\u00e1lat \u00e9ppen id\u00e9n esed\u00e9kes.<\/p>\n<p>Az ENSZ szerint mintegy nyolcvan orsz\u00e1g m\u00e1r jelezte, hogy n\u00f6velni fogja v\u00e1llal\u00e1s\u00e1t az idei kl\u00edmacs\u00facson. Az EU-nak ki kell haszn\u00e1lnia ezt a pillanatot, illetve az egyre jobb lehet\u0151s\u00e9geket, amelyek a vil\u00e1ggazdas\u00e1g m\u00e9g gyorsabb dekarboniz\u00e1l\u00e1s\u00e1nak ir\u00e1ny\u00e1ba mutatnak.<\/p>\n<p>A glob\u00e1lis \u00e1tlagh\u0151m\u00e9rs\u00e9klet m\u00e1r 1\u202fCelsius-fokkal meghaladja az iparosod\u00e1s el\u0151tti id\u0151szak szintj\u00e9t, \u00e9s tov\u00e1bbra is \u00e9vtizedenk\u00e9nt 0,2 Celsius-fokkal n\u00f6vekszik.<\/p>\n<p>Hamarosan el\u00e9rj\u00fck azt a szintet, amikor a F\u00f6ld 1,5 Celsius-fokkal lesz melegebb. Ha pedig felel\u0151tlen\u00fcl tov\u00e1bb haladunk ezen az \u00faton, akkor elker\u00fclhetetlenn\u00e9 v\u00e1lik, hogy a bolyg\u00f3 h\u0151m\u00e9rs\u00e9klete 2 Celsius-fokkal vagy ann\u00e1l is nagyobb m\u00e9rt\u00e9kben emelkedjen.<\/p>\n<p>Ahogy azt az \u00c9ghajlat-v\u00e1ltoz\u00e1si Korm\u00e1nyk\u00f6zi Test\u00fclet (IPCC) egy\u00e9rtelm\u0171v\u00e9 tette, a gazdas\u00e1gi n\u00f6veked\u00e9s j\u00f3val lass\u00fabb lesz egy olyan vil\u00e1gban, ahol a h\u0151m\u00e9rs\u00e9klet 2 Celsius-fokkal \u2013 \u00e9s nem legfeljebb 1,5 Celsius-fokkal \u2013 magasabb. Tov\u00e1bb\u00e1 a tengerek emelked\u0151 szintj\u00e9nek, a puszt\u00edt\u00f3 erd\u0151t\u00fczeknek, a savasod\u00f3 \u00f3ce\u00e1noknak, illetve a sz\u00e9ls\u0151s\u00e9ges id\u0151j\u00e1r\u00e1snak a k\u00f6vetkezm\u00e9nyei m\u00e9g s\u00falyosabbak, k\u00f6lts\u00e9gesebbek lesznek.<\/p>\n<p>Az IPCC szerint a legrosszabb szcen\u00e1ri\u00f3 elker\u00fcl\u00e9s\u00e9hez az \u00fcvegh\u00e1zhat\u00e1s\u00fa g\u00e1zok glob\u00e1lis kibocs\u00e1t\u00e1s\u00e1t 45 sz\u00e1zal\u00e9kkal kell cs\u00f6kkenteni 2030-ra a 2010-es szinthez k\u00e9pest, majd 2050-re el kell \u00e9rni a nett\u00f3 z\u00e9r\u00f3 emisszi\u00f3t. A kl\u00edmakutat\u00f3k folyamatos figyelmeztet\u00e9sei ellen\u00e9re a glob\u00e1lis emisszi\u00f3 m\u00e9rt\u00e9ke m\u00e9g mindig n\u00f6vekszik, bele\u00e9rtve Eur\u00f3p\u00e1t is.<\/p>\n<div id=\"attachment_850685\" style=\"width: 1410px\" class=\"wp-caption aligncenter\">\n<p class=\"wp-caption-text\">Fot\u00f3: AFP\/Vera Kostamo\/Sputnik<\/p>\n<\/div>\n<p>A maga r\u00e9sz\u00e9r\u0151l az EU egy olyan terven dolgozik, amelynek c\u00e9lja, hogy 2050-re nett\u00f3 z\u00e9r\u00f3 emisszi\u00f3t \u00e9rj\u00fcnk el. Mik\u00f6zben azonban a hossz\u00fa t\u00e1v\u00fa dekarboniz\u00e1ci\u00f3s strat\u00e9gi\u00e1k \u00fcdv\u00f6zlend\u0151k, nem helyettes\u00edtik a r\u00f6vid t\u00e1v\u00fa int\u00e9zked\u00e9seket, \u00e9s nem is lehet \u0151ket a glob\u00e1lis felmeleged\u00e9st kezel\u0151 csodaszernek tekinteni. A glob\u00e1lis emisszi\u00f3 2030-ra t\u00f6rt\u00e9n\u0151 megfelez\u00e9s\u00e9t c\u00e9lz\u00f3 er\u0151fesz\u00edt\u00e9sek n\u00e9lk\u00fcl nem sz\u00e1m\u00edthatunk biztons\u00e1gos j\u00f6v\u0151re.<\/p>\n<p>Szerencs\u00e9re az EU kedvez\u0151 poz\u00edci\u00f3ban van ahhoz, hogy a kl\u00edmav\u00e9delmi t\u00f6rekv\u00e9sek \u00e9l\u00e9re \u00e1lljon. A meg\u00fajul\u00f3 alap\u00fa energi\u00e1ra \u00e9s az energiahat\u00e9konys\u00e1gra vonatkoz\u00f3, tavaly elfogadott \u00faj c\u00e9lok alapj\u00e1n 2030-ra 45 sz\u00e1zal\u00e9kkal cs\u00f6kkenhet az emisszi\u00f3 m\u00e9rt\u00e9ke, szemben a 2015-ben kit\u0171z\u00f6tt 40 sz\u00e1zal\u00e9kos cs\u00f6kkent\u00e9si c\u00e9llal. M\u00e9g kedvez\u0151bb a helyzet abb\u00f3l a szempontb\u00f3l, hogy az adatok szerint az uni\u00f3 m\u00e9g enn\u00e9l is ambici\u00f3zusabb c\u00e9lokat t\u0171zhet ki. A Climate Action Tracker nemr\u00e9giben megjelent jelent\u00e9se szerint 2030-ra 52 sz\u00e1zal\u00e9kkal cs\u00f6kkenhet az emisszi\u00f3, ha az EU villamosenergia-rendszere, a lak\u00f3ingatlanok \u00e9s a k\u00f6z\u00fati \u00e9s vas\u00fati szem\u00e9lysz\u00e1ll\u00edt\u00e1s okozta g\u00e1zkibocs\u00e1t\u00e1st nagyobb m\u00e9rt\u00e9kben fogj\u00e1k vissza. A jelent\u00e9sben az is olvashat\u00f3, hogy a legfeljebb 1,5 Celsius-fokos felmeleged\u00e9snek megfelel\u0151 emisszi\u00f3cs\u00f6kkent\u00e9s 350 ezer \u00faj \u00e1ll\u00e1st hozna l\u00e9tre 2030-ra, k\u00fcl\u00f6n\u00f6sk\u00e9ppen a sz\u00e9l- \u00e9s a napenergia ter\u00fclet\u00e9n.<\/p>\n<p>Nem lehetett volna tet\u0151 al\u00e1 hozni a p\u00e1rizsi kl\u00edmameg\u00e1llapod\u00e1st 2015-ben az EU vezet\u0151 szerepe n\u00e9lk\u00fcl, amely id\u0151ben ambici\u00f3zus c\u00e9lokat t\u0171z\u00f6tt ki, \u00e9s seg\u00edtett \u00e1thidalni a diplom\u00e1ciai k\u00fcl\u00f6nb\u00f6z\u0151s\u00e9geket. Most d\u00f6nt\u0151 pillanathoz \u00e9rkezt\u00fcnk, ami azt jelenti, hogy Eur\u00f3p\u00e1nak ism\u00e9t a folyamatok \u00e9l\u00e9re kell \u00e1llnia.<\/p>\n<p style=\"text-align: right;\"><em>Copyright: Project Syndicate, 2019<\/em><br \/><em>www.project-syndicate.org<\/em><\/p>\n<\/p><\/div>\n<p><script>\n    window.fbAsyncInit = function() {\n        FB.init({\n            appId      : \"204760236815359\",\n            xfbml      : true,\n            version    : \"v2.12\"\n        });\n        FB.AppEvents.logPageView();\n    };<\/p>\n<p>    (function(d, s, id){\n        var js, fjs = d.getElementsByTagName(s)[0];\n        if (d.getElementById(id)) {return;}\n        js = d.createElement(s); js.id = id;\n        js.src = \"http:\/\/connect.facebook.net\/hu_HU\/sdk.js\";\n        fjs.parentNode.insertBefore(js, fjs);\n    }(document, \"script\", \"facebook-jssdk\"));\n<\/script><br \/>\n<br \/>[ad_2]<br \/>\n<br \/><a href=\"https:\/\/www.vg.hu\/velemeny\/a-kozgazdaszok\/az-unionak-valaszolnia-kell-a-klimakihivasra-2-1583309\/\">Source link <\/a><\/p>\n","protected":false},"excerpt":{"rendered":"<p>[ad_1] A vil\u00e1g els\u0151 nagyobb gazdas\u00e1ga, amely az \u00fcvegh\u00e1zhat\u00e1s\u00fa g\u00e1zok emisszi\u00f3j\u00e1nak cs\u00f6kkent\u00e9s\u00e9re konkr\u00e9t c\u00e9lt hat\u00e1rozott meg a 2020 ut\u00e1ni id\u0151szakra, az Eur\u00f3pai Uni\u00f3 volt 2015 elej\u00e9n, amikor k\u00f6telezetts\u00e9get v\u00e1llalt arra, hogy 2030-ra legal\u00e1bb 40 sz\u00e1zal\u00e9kkal cs\u00f6kkenti az emisszi\u00f3 m\u00e9rt\u00e9k\u00e9t az 1990-es szinthez k\u00e9pest. Ezzel elind\u00edtott egy glob\u00e1lis mozgalmat, amely a 2015 v\u00e9g\u00e9n elfogadott p\u00e1rizsi kl\u00edmameg\u00e1llapod\u00e1sban [&hellip;]<\/p>\n","protected":false},"author":2,"featured_media":4472,"comment_status":"open","ping_status":"open","sticky":false,"template":"","format":"standard","meta":{"footnotes":""},"categories":[1],"tags":[],"class_list":["post-4471","post","type-post","status-publish","format-standard","has-post-thumbnail","hentry","category-penzugyi-hirek"],"yoast_head":"<!-- This site is optimized with the Yoast SEO plugin v27.4 - https:\/\/yoast.com\/product\/yoast-seo-wordpress\/ -->\n<title>Az uni\u00f3nak v\u00e1laszolnia kell a kl\u00edmakih\u00edv\u00e1sra - Super News<\/title>\n<meta name=\"robots\" content=\"index, follow, max-snippet:-1, max-image-preview:large, max-video-preview:-1\" \/>\n<link rel=\"canonical\" href=\"https:\/\/super-news.info\/hu\/az-unionak-valaszolnia-kell-a-klimakihivasra\/\" \/>\n<meta property=\"og:locale\" content=\"hu_HU\" \/>\n<meta property=\"og:type\" content=\"article\" \/>\n<meta property=\"og:title\" content=\"Az uni\u00f3nak v\u00e1laszolnia kell a kl\u00edmakih\u00edv\u00e1sra - Super News\" \/>\n<meta property=\"og:description\" content=\"[ad_1] A vil\u00e1g els\u0151 nagyobb gazdas\u00e1ga, amely az \u00fcvegh\u00e1zhat\u00e1s\u00fa g\u00e1zok emisszi\u00f3j\u00e1nak cs\u00f6kkent\u00e9s\u00e9re konkr\u00e9t c\u00e9lt hat\u00e1rozott meg a 2020 ut\u00e1ni id\u0151szakra, az Eur\u00f3pai Uni\u00f3 volt 2015 elej\u00e9n, amikor k\u00f6telezetts\u00e9get v\u00e1llalt arra, hogy 2030-ra legal\u00e1bb 40 sz\u00e1zal\u00e9kkal cs\u00f6kkenti az emisszi\u00f3 m\u00e9rt\u00e9k\u00e9t az 1990-es szinthez k\u00e9pest. Ezzel elind\u00edtott egy glob\u00e1lis mozgalmat, amely a 2015 v\u00e9g\u00e9n elfogadott p\u00e1rizsi kl\u00edmameg\u00e1llapod\u00e1sban [&hellip;]\" \/>\n<meta property=\"og:url\" content=\"https:\/\/super-news.info\/hu\/az-unionak-valaszolnia-kell-a-klimakihivasra\/\" \/>\n<meta property=\"og:site_name\" content=\"Super News\" \/>\n<meta property=\"article:published_time\" content=\"2019-06-20T13:28:37+00:00\" \/>\n<meta property=\"article:modified_time\" content=\"2019-06-20T13:28:38+00:00\" \/>\n<meta property=\"og:image\" content=\"https:\/\/super-news.info\/hu\/wp-content\/uploads\/sites\/3\/2019\/06\/Az-uni\u00f3nak-v\u00e1laszolnia-kell-a-kl\u00edmakih\u00edv\u00e1sra.jpg\" \/>\n\t<meta property=\"og:image:width\" content=\"1400\" \/>\n\t<meta property=\"og:image:height\" content=\"933\" \/>\n\t<meta property=\"og:image:type\" content=\"image\/jpeg\" \/>\n<meta name=\"author\" content=\"super-news\" \/>\n<meta name=\"twitter:card\" content=\"summary_large_image\" \/>\n<meta name=\"twitter:label1\" content=\"Szerz\u0151:\" \/>\n\t<meta name=\"twitter:data1\" content=\"super-news\" \/>\n\t<meta name=\"twitter:label2\" content=\"Becs\u00fclt olvas\u00e1si id\u0151\" \/>\n\t<meta name=\"twitter:data2\" content=\"4 perc\" \/>\n<script type=\"application\/ld+json\" class=\"yoast-schema-graph\">{\"@context\":\"https:\\\/\\\/schema.org\",\"@graph\":[{\"@type\":\"Article\",\"@id\":\"https:\\\/\\\/super-news.info\\\/hu\\\/az-unionak-valaszolnia-kell-a-klimakihivasra\\\/#article\",\"isPartOf\":{\"@id\":\"https:\\\/\\\/super-news.info\\\/hu\\\/az-unionak-valaszolnia-kell-a-klimakihivasra\\\/\"},\"author\":{\"name\":\"super-news\",\"@id\":\"https:\\\/\\\/super-news.info\\\/hu\\\/#\\\/schema\\\/person\\\/2d4068cb2f39cd10008c2fce578a7356\"},\"headline\":\"Az uni\u00f3nak v\u00e1laszolnia kell a kl\u00edmakih\u00edv\u00e1sra\",\"datePublished\":\"2019-06-20T13:28:37+00:00\",\"dateModified\":\"2019-06-20T13:28:38+00:00\",\"mainEntityOfPage\":{\"@id\":\"https:\\\/\\\/super-news.info\\\/hu\\\/az-unionak-valaszolnia-kell-a-klimakihivasra\\\/\"},\"wordCount\":897,\"commentCount\":0,\"image\":{\"@id\":\"https:\\\/\\\/super-news.info\\\/hu\\\/az-unionak-valaszolnia-kell-a-klimakihivasra\\\/#primaryimage\"},\"thumbnailUrl\":\"https:\\\/\\\/super-news.info\\\/hu\\\/wp-content\\\/uploads\\\/sites\\\/3\\\/2019\\\/06\\\/Az-uni\u00f3nak-v\u00e1laszolnia-kell-a-kl\u00edmakih\u00edv\u00e1sra.jpg\",\"articleSection\":[\"P\u00c9NZ\u00dcGYI H\u00cdREK\"],\"inLanguage\":\"hu\",\"potentialAction\":[{\"@type\":\"CommentAction\",\"name\":\"Comment\",\"target\":[\"https:\\\/\\\/super-news.info\\\/hu\\\/az-unionak-valaszolnia-kell-a-klimakihivasra\\\/#respond\"]}]},{\"@type\":\"WebPage\",\"@id\":\"https:\\\/\\\/super-news.info\\\/hu\\\/az-unionak-valaszolnia-kell-a-klimakihivasra\\\/\",\"url\":\"https:\\\/\\\/super-news.info\\\/hu\\\/az-unionak-valaszolnia-kell-a-klimakihivasra\\\/\",\"name\":\"Az uni\u00f3nak v\u00e1laszolnia kell a kl\u00edmakih\u00edv\u00e1sra - Super News\",\"isPartOf\":{\"@id\":\"https:\\\/\\\/super-news.info\\\/hu\\\/#website\"},\"primaryImageOfPage\":{\"@id\":\"https:\\\/\\\/super-news.info\\\/hu\\\/az-unionak-valaszolnia-kell-a-klimakihivasra\\\/#primaryimage\"},\"image\":{\"@id\":\"https:\\\/\\\/super-news.info\\\/hu\\\/az-unionak-valaszolnia-kell-a-klimakihivasra\\\/#primaryimage\"},\"thumbnailUrl\":\"https:\\\/\\\/super-news.info\\\/hu\\\/wp-content\\\/uploads\\\/sites\\\/3\\\/2019\\\/06\\\/Az-uni\u00f3nak-v\u00e1laszolnia-kell-a-kl\u00edmakih\u00edv\u00e1sra.jpg\",\"datePublished\":\"2019-06-20T13:28:37+00:00\",\"dateModified\":\"2019-06-20T13:28:38+00:00\",\"author\":{\"@id\":\"https:\\\/\\\/super-news.info\\\/hu\\\/#\\\/schema\\\/person\\\/2d4068cb2f39cd10008c2fce578a7356\"},\"breadcrumb\":{\"@id\":\"https:\\\/\\\/super-news.info\\\/hu\\\/az-unionak-valaszolnia-kell-a-klimakihivasra\\\/#breadcrumb\"},\"inLanguage\":\"hu\",\"potentialAction\":[{\"@type\":\"ReadAction\",\"target\":[\"https:\\\/\\\/super-news.info\\\/hu\\\/az-unionak-valaszolnia-kell-a-klimakihivasra\\\/\"]}]},{\"@type\":\"ImageObject\",\"inLanguage\":\"hu\",\"@id\":\"https:\\\/\\\/super-news.info\\\/hu\\\/az-unionak-valaszolnia-kell-a-klimakihivasra\\\/#primaryimage\",\"url\":\"https:\\\/\\\/super-news.info\\\/hu\\\/wp-content\\\/uploads\\\/sites\\\/3\\\/2019\\\/06\\\/Az-uni\u00f3nak-v\u00e1laszolnia-kell-a-kl\u00edmakih\u00edv\u00e1sra.jpg\",\"contentUrl\":\"https:\\\/\\\/super-news.info\\\/hu\\\/wp-content\\\/uploads\\\/sites\\\/3\\\/2019\\\/06\\\/Az-uni\u00f3nak-v\u00e1laszolnia-kell-a-kl\u00edmakih\u00edv\u00e1sra.jpg\",\"width\":1400,\"height\":933,\"caption\":\"Az uni\u00f3nak v\u00e1laszolnia kell a kl\u00edmakih\u00edv\u00e1sra\"},{\"@type\":\"BreadcrumbList\",\"@id\":\"https:\\\/\\\/super-news.info\\\/hu\\\/az-unionak-valaszolnia-kell-a-klimakihivasra\\\/#breadcrumb\",\"itemListElement\":[{\"@type\":\"ListItem\",\"position\":1,\"name\":\"\u0413\u043b\u0430\u0432\u043d\u0430\u044f \u0441\u0442\u0440\u0430\u043d\u0438\u0446\u0430\",\"item\":\"https:\\\/\\\/super-news.info\\\/hu\\\/\"},{\"@type\":\"ListItem\",\"position\":2,\"name\":\"Az uni\u00f3nak v\u00e1laszolnia kell a kl\u00edmakih\u00edv\u00e1sra\"}]},{\"@type\":\"WebSite\",\"@id\":\"https:\\\/\\\/super-news.info\\\/hu\\\/#website\",\"url\":\"https:\\\/\\\/super-news.info\\\/hu\\\/\",\"name\":\"Super News\",\"description\":\"Super News Magyarorsz\u00e1g\",\"potentialAction\":[{\"@type\":\"SearchAction\",\"target\":{\"@type\":\"EntryPoint\",\"urlTemplate\":\"https:\\\/\\\/super-news.info\\\/hu\\\/?s={search_term_string}\"},\"query-input\":{\"@type\":\"PropertyValueSpecification\",\"valueRequired\":true,\"valueName\":\"search_term_string\"}}],\"inLanguage\":\"hu\"},{\"@type\":\"Person\",\"@id\":\"https:\\\/\\\/super-news.info\\\/hu\\\/#\\\/schema\\\/person\\\/2d4068cb2f39cd10008c2fce578a7356\",\"name\":\"super-news\",\"image\":{\"@type\":\"ImageObject\",\"inLanguage\":\"hu\",\"@id\":\"https:\\\/\\\/secure.gravatar.com\\\/avatar\\\/64ebac40b93f26a154f8a9b5b6fdccfc46f442b26b3dd6756dbff3bf9dc76fd7?s=96&d=mm&r=g\",\"url\":\"https:\\\/\\\/secure.gravatar.com\\\/avatar\\\/64ebac40b93f26a154f8a9b5b6fdccfc46f442b26b3dd6756dbff3bf9dc76fd7?s=96&d=mm&r=g\",\"contentUrl\":\"https:\\\/\\\/secure.gravatar.com\\\/avatar\\\/64ebac40b93f26a154f8a9b5b6fdccfc46f442b26b3dd6756dbff3bf9dc76fd7?s=96&d=mm&r=g\",\"caption\":\"super-news\"},\"url\":\"https:\\\/\\\/super-news.info\\\/hu\\\/author\\\/pt\\\/\"}]}<\/script>\n<!-- \/ Yoast SEO plugin. -->","yoast_head_json":{"title":"Az uni\u00f3nak v\u00e1laszolnia kell a kl\u00edmakih\u00edv\u00e1sra - Super News","robots":{"index":"index","follow":"follow","max-snippet":"max-snippet:-1","max-image-preview":"max-image-preview:large","max-video-preview":"max-video-preview:-1"},"canonical":"https:\/\/super-news.info\/hu\/az-unionak-valaszolnia-kell-a-klimakihivasra\/","og_locale":"hu_HU","og_type":"article","og_title":"Az uni\u00f3nak v\u00e1laszolnia kell a kl\u00edmakih\u00edv\u00e1sra - Super News","og_description":"[ad_1] A vil\u00e1g els\u0151 nagyobb gazdas\u00e1ga, amely az \u00fcvegh\u00e1zhat\u00e1s\u00fa g\u00e1zok emisszi\u00f3j\u00e1nak cs\u00f6kkent\u00e9s\u00e9re konkr\u00e9t c\u00e9lt hat\u00e1rozott meg a 2020 ut\u00e1ni id\u0151szakra, az Eur\u00f3pai Uni\u00f3 volt 2015 elej\u00e9n, amikor k\u00f6telezetts\u00e9get v\u00e1llalt arra, hogy 2030-ra legal\u00e1bb 40 sz\u00e1zal\u00e9kkal cs\u00f6kkenti az emisszi\u00f3 m\u00e9rt\u00e9k\u00e9t az 1990-es szinthez k\u00e9pest. Ezzel elind\u00edtott egy glob\u00e1lis mozgalmat, amely a 2015 v\u00e9g\u00e9n elfogadott p\u00e1rizsi kl\u00edmameg\u00e1llapod\u00e1sban [&hellip;]","og_url":"https:\/\/super-news.info\/hu\/az-unionak-valaszolnia-kell-a-klimakihivasra\/","og_site_name":"Super News","article_published_time":"2019-06-20T13:28:37+00:00","article_modified_time":"2019-06-20T13:28:38+00:00","og_image":[{"width":1400,"height":933,"url":"https:\/\/super-news.info\/hu\/wp-content\/uploads\/sites\/3\/2019\/06\/Az-uni\u00f3nak-v\u00e1laszolnia-kell-a-kl\u00edmakih\u00edv\u00e1sra.jpg","type":"image\/jpeg"}],"author":"super-news","twitter_card":"summary_large_image","twitter_misc":{"Szerz\u0151:":"super-news","Becs\u00fclt olvas\u00e1si id\u0151":"4 perc"},"schema":{"@context":"https:\/\/schema.org","@graph":[{"@type":"Article","@id":"https:\/\/super-news.info\/hu\/az-unionak-valaszolnia-kell-a-klimakihivasra\/#article","isPartOf":{"@id":"https:\/\/super-news.info\/hu\/az-unionak-valaszolnia-kell-a-klimakihivasra\/"},"author":{"name":"super-news","@id":"https:\/\/super-news.info\/hu\/#\/schema\/person\/2d4068cb2f39cd10008c2fce578a7356"},"headline":"Az uni\u00f3nak v\u00e1laszolnia kell a kl\u00edmakih\u00edv\u00e1sra","datePublished":"2019-06-20T13:28:37+00:00","dateModified":"2019-06-20T13:28:38+00:00","mainEntityOfPage":{"@id":"https:\/\/super-news.info\/hu\/az-unionak-valaszolnia-kell-a-klimakihivasra\/"},"wordCount":897,"commentCount":0,"image":{"@id":"https:\/\/super-news.info\/hu\/az-unionak-valaszolnia-kell-a-klimakihivasra\/#primaryimage"},"thumbnailUrl":"https:\/\/super-news.info\/hu\/wp-content\/uploads\/sites\/3\/2019\/06\/Az-uni\u00f3nak-v\u00e1laszolnia-kell-a-kl\u00edmakih\u00edv\u00e1sra.jpg","articleSection":["P\u00c9NZ\u00dcGYI H\u00cdREK"],"inLanguage":"hu","potentialAction":[{"@type":"CommentAction","name":"Comment","target":["https:\/\/super-news.info\/hu\/az-unionak-valaszolnia-kell-a-klimakihivasra\/#respond"]}]},{"@type":"WebPage","@id":"https:\/\/super-news.info\/hu\/az-unionak-valaszolnia-kell-a-klimakihivasra\/","url":"https:\/\/super-news.info\/hu\/az-unionak-valaszolnia-kell-a-klimakihivasra\/","name":"Az uni\u00f3nak v\u00e1laszolnia kell a kl\u00edmakih\u00edv\u00e1sra - Super News","isPartOf":{"@id":"https:\/\/super-news.info\/hu\/#website"},"primaryImageOfPage":{"@id":"https:\/\/super-news.info\/hu\/az-unionak-valaszolnia-kell-a-klimakihivasra\/#primaryimage"},"image":{"@id":"https:\/\/super-news.info\/hu\/az-unionak-valaszolnia-kell-a-klimakihivasra\/#primaryimage"},"thumbnailUrl":"https:\/\/super-news.info\/hu\/wp-content\/uploads\/sites\/3\/2019\/06\/Az-uni\u00f3nak-v\u00e1laszolnia-kell-a-kl\u00edmakih\u00edv\u00e1sra.jpg","datePublished":"2019-06-20T13:28:37+00:00","dateModified":"2019-06-20T13:28:38+00:00","author":{"@id":"https:\/\/super-news.info\/hu\/#\/schema\/person\/2d4068cb2f39cd10008c2fce578a7356"},"breadcrumb":{"@id":"https:\/\/super-news.info\/hu\/az-unionak-valaszolnia-kell-a-klimakihivasra\/#breadcrumb"},"inLanguage":"hu","potentialAction":[{"@type":"ReadAction","target":["https:\/\/super-news.info\/hu\/az-unionak-valaszolnia-kell-a-klimakihivasra\/"]}]},{"@type":"ImageObject","inLanguage":"hu","@id":"https:\/\/super-news.info\/hu\/az-unionak-valaszolnia-kell-a-klimakihivasra\/#primaryimage","url":"https:\/\/super-news.info\/hu\/wp-content\/uploads\/sites\/3\/2019\/06\/Az-uni\u00f3nak-v\u00e1laszolnia-kell-a-kl\u00edmakih\u00edv\u00e1sra.jpg","contentUrl":"https:\/\/super-news.info\/hu\/wp-content\/uploads\/sites\/3\/2019\/06\/Az-uni\u00f3nak-v\u00e1laszolnia-kell-a-kl\u00edmakih\u00edv\u00e1sra.jpg","width":1400,"height":933,"caption":"Az uni\u00f3nak v\u00e1laszolnia kell a kl\u00edmakih\u00edv\u00e1sra"},{"@type":"BreadcrumbList","@id":"https:\/\/super-news.info\/hu\/az-unionak-valaszolnia-kell-a-klimakihivasra\/#breadcrumb","itemListElement":[{"@type":"ListItem","position":1,"name":"\u0413\u043b\u0430\u0432\u043d\u0430\u044f \u0441\u0442\u0440\u0430\u043d\u0438\u0446\u0430","item":"https:\/\/super-news.info\/hu\/"},{"@type":"ListItem","position":2,"name":"Az uni\u00f3nak v\u00e1laszolnia kell a kl\u00edmakih\u00edv\u00e1sra"}]},{"@type":"WebSite","@id":"https:\/\/super-news.info\/hu\/#website","url":"https:\/\/super-news.info\/hu\/","name":"Super News","description":"Super News Magyarorsz\u00e1g","potentialAction":[{"@type":"SearchAction","target":{"@type":"EntryPoint","urlTemplate":"https:\/\/super-news.info\/hu\/?s={search_term_string}"},"query-input":{"@type":"PropertyValueSpecification","valueRequired":true,"valueName":"search_term_string"}}],"inLanguage":"hu"},{"@type":"Person","@id":"https:\/\/super-news.info\/hu\/#\/schema\/person\/2d4068cb2f39cd10008c2fce578a7356","name":"super-news","image":{"@type":"ImageObject","inLanguage":"hu","@id":"https:\/\/secure.gravatar.com\/avatar\/64ebac40b93f26a154f8a9b5b6fdccfc46f442b26b3dd6756dbff3bf9dc76fd7?s=96&d=mm&r=g","url":"https:\/\/secure.gravatar.com\/avatar\/64ebac40b93f26a154f8a9b5b6fdccfc46f442b26b3dd6756dbff3bf9dc76fd7?s=96&d=mm&r=g","contentUrl":"https:\/\/secure.gravatar.com\/avatar\/64ebac40b93f26a154f8a9b5b6fdccfc46f442b26b3dd6756dbff3bf9dc76fd7?s=96&d=mm&r=g","caption":"super-news"},"url":"https:\/\/super-news.info\/hu\/author\/pt\/"}]}},"_links":{"self":[{"href":"https:\/\/super-news.info\/hu\/wp-json\/wp\/v2\/posts\/4471","targetHints":{"allow":["GET"]}}],"collection":[{"href":"https:\/\/super-news.info\/hu\/wp-json\/wp\/v2\/posts"}],"about":[{"href":"https:\/\/super-news.info\/hu\/wp-json\/wp\/v2\/types\/post"}],"author":[{"embeddable":true,"href":"https:\/\/super-news.info\/hu\/wp-json\/wp\/v2\/users\/2"}],"replies":[{"embeddable":true,"href":"https:\/\/super-news.info\/hu\/wp-json\/wp\/v2\/comments?post=4471"}],"version-history":[{"count":1,"href":"https:\/\/super-news.info\/hu\/wp-json\/wp\/v2\/posts\/4471\/revisions"}],"predecessor-version":[{"id":4473,"href":"https:\/\/super-news.info\/hu\/wp-json\/wp\/v2\/posts\/4471\/revisions\/4473"}],"wp:featuredmedia":[{"embeddable":true,"href":"https:\/\/super-news.info\/hu\/wp-json\/wp\/v2\/media\/4472"}],"wp:attachment":[{"href":"https:\/\/super-news.info\/hu\/wp-json\/wp\/v2\/media?parent=4471"}],"wp:term":[{"taxonomy":"category","embeddable":true,"href":"https:\/\/super-news.info\/hu\/wp-json\/wp\/v2\/categories?post=4471"},{"taxonomy":"post_tag","embeddable":true,"href":"https:\/\/super-news.info\/hu\/wp-json\/wp\/v2\/tags?post=4471"}],"curies":[{"name":"wp","href":"https:\/\/api.w.org\/{rel}","templated":true}]}}