{"id":4465,"date":"2019-06-20T14:40:32","date_gmt":"2019-06-20T11:40:32","guid":{"rendered":"https:\/\/super-news.info\/hu\/jovore-is-lesz-nemzeti-konzultacio\/"},"modified":"2019-06-20T14:40:34","modified_gmt":"2019-06-20T11:40:34","slug":"jovore-is-lesz-nemzeti-konzultacio","status":"publish","type":"post","link":"https:\/\/super-news.info\/hu\/jovore-is-lesz-nemzeti-konzultacio\/","title":{"rendered":"J\u00f6v\u0151re is lesz nemzeti konzult\u00e1ci\u00f3"},"content":{"rendered":"<p> [ad_1]<br \/>\n<\/p>\n<div>\n<blockquote>\n<p>A korm\u00e1ny szeretn\u00e9 a nemzeti konzult\u00e1ci\u00f3kat folytatni, \u00e9s \u2013 ak\u00e1rcsak id\u00e9n \u2013 j\u00f6v\u0151re is ind\u00edt olyat, amelyik a k\u00f6vetkez\u0151 k\u00f6lts\u00e9gvet\u00e9s megalapoz\u00e1s\u00e1t k\u00e9sz\u00edti el\u0151<\/p>\n<\/blockquote>\n<p>\u2013 mondta Rog\u00e1n Antal, a Minisztereln\u00f6ki Kabinetiroda vezet\u0151je az Orsz\u00e1ggy\u0171l\u00e9s igazs\u00e1g\u00fcgyi bizotts\u00e1g\u00e1nak cs\u00fct\u00f6rt\u00f6ki \u00fcl\u00e9s\u00e9n.<\/p>\n<p>A miniszter azt mondta, hogy a 2020-as k\u00f6lts\u00e9gvet\u00e9s is az emberek v\u00e9lem\u00e9ny\u00e9t figyelembe vev\u0151 csal\u00e1dv\u00e9delmi akci\u00f3terven alapszik. K\u00f6z\u00f6lte,<\/p>\n<p>a csal\u00e1dok t\u00e1mogat\u00e1s\u00e1ra m\u00e1r most ezermilli\u00e1rd forinttal t\u00f6bbet ford\u00edtanak a k\u00f6lts\u00e9gvet\u00e9sben, mint 2010-ben, az utols\u00f3 Gyurcs\u00e1ny-korm\u00e1ny idej\u00e9n beny\u00fajtott b\u00fcdzs\u00e9ben tett\u00e9k.<\/p>\n<p>Ezt az \u00f6sszeget 2020-ra, a csal\u00e1dv\u00e9delmi akci\u00f3terv elfogad\u00e1s\u00e1val tov\u00e1bbi t\u00f6bb mint 200 milli\u00e1rd forinttal emelik meg \u2013 tette hozz\u00e1.<\/p>\n<div id=\"attachment_1583207\" style=\"width: 1410px\" class=\"wp-caption aligncenter\">\n<p class=\"wp-caption-text\">Rog\u00e1n Antal, a Minisztereln\u00f6ki Kabinetirod\u00e1t vezet\u0151 miniszter<br \/>Forr\u00e1s: MTI\/Kosztics\u00e1k Szil\u00e1rd<\/p>\n<\/div>\n<p>A magyar gazdas\u00e1g megfelel\u0151 \u00fctemben b\u0151v\u00fcl, \u00e1m a roml\u00f3 nemzetk\u00f6zi k\u00f6rnyezet miatt a n\u00f6veked\u00e9s fenntart\u00e1s\u00e1ra kell \u00f6sszpontos\u00edtani \u2013 mondta Rog\u00e1n. \u00c9ves meghallgat\u00e1s\u00e1n azt is mondta, hogy a n\u00f6veked\u00e9st \u00f6szt\u00f6nz\u0151 korm\u00e1nyzati d\u00f6nt\u00e9sek k\u00f6z\u00f6tt fontos a turizmus t\u00e1mogat\u00e1sa is. Az \u00f6szt\u00f6nz\u0151 int\u00e9zked\u00e9seket azzal indokolta, hogy<\/p>\n<p>az \u00e1gazat teljes\u00edtm\u00e9nye k\u00e9tszer olyan gyorsan b\u0151v\u00fcl, mint a magyar gazdas\u00e1g eg\u00e9sze, a GDP-n bel\u00fcl 11 sz\u00e1zal\u00e9kot \u00e9rt el tavaly a turizmus.<\/p>\n<p>\u00d6sszes\u00edt\u00e9se szerint turisztikai c\u00e9lpontok fejleszt\u00e9s\u00e9re, valamint sz\u00e1ll\u00e1shelyek \u00e9p\u00edt\u00e9s\u00e9re \u00e9s korszer\u0171s\u00edt\u00e9s\u00e9re 2030-ig k\u00f6zel 900 milli\u00e1rd forint juthat.<\/p>\n<\/p><\/div>\n<p><script>\n    window.fbAsyncInit = function() {\n        FB.init({\n            appId      : \"204760236815359\",\n            xfbml      : true,\n            version    : \"v2.12\"\n        });\n        FB.AppEvents.logPageView();\n    };<\/p>\n<p>    (function(d, s, id){\n        var js, fjs = d.getElementsByTagName(s)[0];\n        if (d.getElementById(id)) {return;}\n        js = d.createElement(s); js.id = id;\n        js.src = \"http:\/\/connect.facebook.net\/hu_HU\/sdk.js\";\n        fjs.parentNode.insertBefore(js, fjs);\n    }(document, \"script\", \"facebook-jssdk\"));\n<\/script><br \/>\n<br \/>[ad_2]<br \/>\n<br \/><a href=\"https:\/\/www.vg.hu\/gazdasag\/gazdasagpolitika\/jovore-is-lesz-nemzeti-konzultacio-1583201\/\">Source link <\/a><\/p>\n","protected":false},"excerpt":{"rendered":"<p>[ad_1] A korm\u00e1ny szeretn\u00e9 a nemzeti konzult\u00e1ci\u00f3kat folytatni, \u00e9s \u2013 ak\u00e1rcsak id\u00e9n \u2013 j\u00f6v\u0151re is ind\u00edt olyat, amelyik a k\u00f6vetkez\u0151 k\u00f6lts\u00e9gvet\u00e9s megalapoz\u00e1s\u00e1t k\u00e9sz\u00edti el\u0151 \u2013 mondta Rog\u00e1n Antal, a Minisztereln\u00f6ki Kabinetiroda vezet\u0151je az Orsz\u00e1ggy\u0171l\u00e9s igazs\u00e1g\u00fcgyi bizotts\u00e1g\u00e1nak cs\u00fct\u00f6rt\u00f6ki \u00fcl\u00e9s\u00e9n. A miniszter azt mondta, hogy a 2020-as k\u00f6lts\u00e9gvet\u00e9s is az emberek v\u00e9lem\u00e9ny\u00e9t figyelembe vev\u0151 csal\u00e1dv\u00e9delmi akci\u00f3terven alapszik. [&hellip;]<\/p>\n","protected":false},"author":2,"featured_media":4466,"comment_status":"open","ping_status":"open","sticky":false,"template":"","format":"standard","meta":{"footnotes":""},"categories":[1],"tags":[],"class_list":["post-4465","post","type-post","status-publish","format-standard","has-post-thumbnail","hentry","category-penzugyi-hirek"],"yoast_head":"<!-- This site is optimized with the Yoast SEO plugin v27.4 - https:\/\/yoast.com\/product\/yoast-seo-wordpress\/ -->\n<title>J\u00f6v\u0151re is lesz nemzeti konzult\u00e1ci\u00f3 - Super News<\/title>\n<meta name=\"robots\" content=\"index, follow, max-snippet:-1, max-image-preview:large, max-video-preview:-1\" \/>\n<link rel=\"canonical\" href=\"https:\/\/super-news.info\/hu\/jovore-is-lesz-nemzeti-konzultacio\/\" \/>\n<meta property=\"og:locale\" content=\"hu_HU\" \/>\n<meta property=\"og:type\" content=\"article\" \/>\n<meta property=\"og:title\" content=\"J\u00f6v\u0151re is lesz nemzeti konzult\u00e1ci\u00f3 - Super News\" \/>\n<meta property=\"og:description\" content=\"[ad_1] A korm\u00e1ny szeretn\u00e9 a nemzeti konzult\u00e1ci\u00f3kat folytatni, \u00e9s \u2013 ak\u00e1rcsak id\u00e9n \u2013 j\u00f6v\u0151re is ind\u00edt olyat, amelyik a k\u00f6vetkez\u0151 k\u00f6lts\u00e9gvet\u00e9s megalapoz\u00e1s\u00e1t k\u00e9sz\u00edti el\u0151 \u2013 mondta Rog\u00e1n Antal, a Minisztereln\u00f6ki Kabinetiroda vezet\u0151je az Orsz\u00e1ggy\u0171l\u00e9s igazs\u00e1g\u00fcgyi bizotts\u00e1g\u00e1nak cs\u00fct\u00f6rt\u00f6ki \u00fcl\u00e9s\u00e9n. A miniszter azt mondta, hogy a 2020-as k\u00f6lts\u00e9gvet\u00e9s is az emberek v\u00e9lem\u00e9ny\u00e9t figyelembe vev\u0151 csal\u00e1dv\u00e9delmi akci\u00f3terven alapszik. [&hellip;]\" \/>\n<meta property=\"og:url\" content=\"https:\/\/super-news.info\/hu\/jovore-is-lesz-nemzeti-konzultacio\/\" \/>\n<meta property=\"og:site_name\" content=\"Super News\" \/>\n<meta property=\"article:published_time\" content=\"2019-06-20T11:40:32+00:00\" \/>\n<meta property=\"article:modified_time\" content=\"2019-06-20T11:40:34+00:00\" \/>\n<meta property=\"og:image\" content=\"https:\/\/super-news.info\/hu\/wp-content\/uploads\/sites\/3\/2019\/06\/J\u00f6v\u0151re-is-lesz-nemzeti-konzult\u00e1ci\u00f3.jpg\" \/>\n\t<meta property=\"og:image:width\" content=\"1400\" \/>\n\t<meta property=\"og:image:height\" content=\"933\" \/>\n\t<meta property=\"og:image:type\" content=\"image\/jpeg\" \/>\n<meta name=\"author\" content=\"super-news\" \/>\n<meta name=\"twitter:card\" content=\"summary_large_image\" \/>\n<meta name=\"twitter:label1\" content=\"Szerz\u0151:\" \/>\n\t<meta name=\"twitter:data1\" content=\"super-news\" \/>\n\t<meta name=\"twitter:label2\" content=\"Becs\u00fclt olvas\u00e1si id\u0151\" \/>\n\t<meta name=\"twitter:data2\" content=\"2 perc\" \/>\n<script type=\"application\/ld+json\" class=\"yoast-schema-graph\">{\"@context\":\"https:\\\/\\\/schema.org\",\"@graph\":[{\"@type\":\"Article\",\"@id\":\"https:\\\/\\\/super-news.info\\\/hu\\\/jovore-is-lesz-nemzeti-konzultacio\\\/#article\",\"isPartOf\":{\"@id\":\"https:\\\/\\\/super-news.info\\\/hu\\\/jovore-is-lesz-nemzeti-konzultacio\\\/\"},\"author\":{\"name\":\"super-news\",\"@id\":\"https:\\\/\\\/super-news.info\\\/hu\\\/#\\\/schema\\\/person\\\/2d4068cb2f39cd10008c2fce578a7356\"},\"headline\":\"J\u00f6v\u0151re is lesz nemzeti konzult\u00e1ci\u00f3\",\"datePublished\":\"2019-06-20T11:40:32+00:00\",\"dateModified\":\"2019-06-20T11:40:34+00:00\",\"mainEntityOfPage\":{\"@id\":\"https:\\\/\\\/super-news.info\\\/hu\\\/jovore-is-lesz-nemzeti-konzultacio\\\/\"},\"wordCount\":315,\"commentCount\":0,\"image\":{\"@id\":\"https:\\\/\\\/super-news.info\\\/hu\\\/jovore-is-lesz-nemzeti-konzultacio\\\/#primaryimage\"},\"thumbnailUrl\":\"https:\\\/\\\/super-news.info\\\/hu\\\/wp-content\\\/uploads\\\/sites\\\/3\\\/2019\\\/06\\\/J\u00f6v\u0151re-is-lesz-nemzeti-konzult\u00e1ci\u00f3.jpg\",\"articleSection\":[\"P\u00c9NZ\u00dcGYI H\u00cdREK\"],\"inLanguage\":\"hu\",\"potentialAction\":[{\"@type\":\"CommentAction\",\"name\":\"Comment\",\"target\":[\"https:\\\/\\\/super-news.info\\\/hu\\\/jovore-is-lesz-nemzeti-konzultacio\\\/#respond\"]}]},{\"@type\":\"WebPage\",\"@id\":\"https:\\\/\\\/super-news.info\\\/hu\\\/jovore-is-lesz-nemzeti-konzultacio\\\/\",\"url\":\"https:\\\/\\\/super-news.info\\\/hu\\\/jovore-is-lesz-nemzeti-konzultacio\\\/\",\"name\":\"J\u00f6v\u0151re is lesz nemzeti konzult\u00e1ci\u00f3 - Super News\",\"isPartOf\":{\"@id\":\"https:\\\/\\\/super-news.info\\\/hu\\\/#website\"},\"primaryImageOfPage\":{\"@id\":\"https:\\\/\\\/super-news.info\\\/hu\\\/jovore-is-lesz-nemzeti-konzultacio\\\/#primaryimage\"},\"image\":{\"@id\":\"https:\\\/\\\/super-news.info\\\/hu\\\/jovore-is-lesz-nemzeti-konzultacio\\\/#primaryimage\"},\"thumbnailUrl\":\"https:\\\/\\\/super-news.info\\\/hu\\\/wp-content\\\/uploads\\\/sites\\\/3\\\/2019\\\/06\\\/J\u00f6v\u0151re-is-lesz-nemzeti-konzult\u00e1ci\u00f3.jpg\",\"datePublished\":\"2019-06-20T11:40:32+00:00\",\"dateModified\":\"2019-06-20T11:40:34+00:00\",\"author\":{\"@id\":\"https:\\\/\\\/super-news.info\\\/hu\\\/#\\\/schema\\\/person\\\/2d4068cb2f39cd10008c2fce578a7356\"},\"breadcrumb\":{\"@id\":\"https:\\\/\\\/super-news.info\\\/hu\\\/jovore-is-lesz-nemzeti-konzultacio\\\/#breadcrumb\"},\"inLanguage\":\"hu\",\"potentialAction\":[{\"@type\":\"ReadAction\",\"target\":[\"https:\\\/\\\/super-news.info\\\/hu\\\/jovore-is-lesz-nemzeti-konzultacio\\\/\"]}]},{\"@type\":\"ImageObject\",\"inLanguage\":\"hu\",\"@id\":\"https:\\\/\\\/super-news.info\\\/hu\\\/jovore-is-lesz-nemzeti-konzultacio\\\/#primaryimage\",\"url\":\"https:\\\/\\\/super-news.info\\\/hu\\\/wp-content\\\/uploads\\\/sites\\\/3\\\/2019\\\/06\\\/J\u00f6v\u0151re-is-lesz-nemzeti-konzult\u00e1ci\u00f3.jpg\",\"contentUrl\":\"https:\\\/\\\/super-news.info\\\/hu\\\/wp-content\\\/uploads\\\/sites\\\/3\\\/2019\\\/06\\\/J\u00f6v\u0151re-is-lesz-nemzeti-konzult\u00e1ci\u00f3.jpg\",\"width\":1400,\"height\":933,\"caption\":\"J\u00f6v\u0151re is lesz nemzeti konzult\u00e1ci\u00f3\"},{\"@type\":\"BreadcrumbList\",\"@id\":\"https:\\\/\\\/super-news.info\\\/hu\\\/jovore-is-lesz-nemzeti-konzultacio\\\/#breadcrumb\",\"itemListElement\":[{\"@type\":\"ListItem\",\"position\":1,\"name\":\"\u0413\u043b\u0430\u0432\u043d\u0430\u044f \u0441\u0442\u0440\u0430\u043d\u0438\u0446\u0430\",\"item\":\"https:\\\/\\\/super-news.info\\\/hu\\\/\"},{\"@type\":\"ListItem\",\"position\":2,\"name\":\"J\u00f6v\u0151re is lesz nemzeti konzult\u00e1ci\u00f3\"}]},{\"@type\":\"WebSite\",\"@id\":\"https:\\\/\\\/super-news.info\\\/hu\\\/#website\",\"url\":\"https:\\\/\\\/super-news.info\\\/hu\\\/\",\"name\":\"Super News\",\"description\":\"Super News Magyarorsz\u00e1g\",\"potentialAction\":[{\"@type\":\"SearchAction\",\"target\":{\"@type\":\"EntryPoint\",\"urlTemplate\":\"https:\\\/\\\/super-news.info\\\/hu\\\/?s={search_term_string}\"},\"query-input\":{\"@type\":\"PropertyValueSpecification\",\"valueRequired\":true,\"valueName\":\"search_term_string\"}}],\"inLanguage\":\"hu\"},{\"@type\":\"Person\",\"@id\":\"https:\\\/\\\/super-news.info\\\/hu\\\/#\\\/schema\\\/person\\\/2d4068cb2f39cd10008c2fce578a7356\",\"name\":\"super-news\",\"image\":{\"@type\":\"ImageObject\",\"inLanguage\":\"hu\",\"@id\":\"https:\\\/\\\/secure.gravatar.com\\\/avatar\\\/64ebac40b93f26a154f8a9b5b6fdccfc46f442b26b3dd6756dbff3bf9dc76fd7?s=96&d=mm&r=g\",\"url\":\"https:\\\/\\\/secure.gravatar.com\\\/avatar\\\/64ebac40b93f26a154f8a9b5b6fdccfc46f442b26b3dd6756dbff3bf9dc76fd7?s=96&d=mm&r=g\",\"contentUrl\":\"https:\\\/\\\/secure.gravatar.com\\\/avatar\\\/64ebac40b93f26a154f8a9b5b6fdccfc46f442b26b3dd6756dbff3bf9dc76fd7?s=96&d=mm&r=g\",\"caption\":\"super-news\"},\"url\":\"https:\\\/\\\/super-news.info\\\/hu\\\/author\\\/pt\\\/\"}]}<\/script>\n<!-- \/ Yoast SEO plugin. -->","yoast_head_json":{"title":"J\u00f6v\u0151re is lesz nemzeti konzult\u00e1ci\u00f3 - Super News","robots":{"index":"index","follow":"follow","max-snippet":"max-snippet:-1","max-image-preview":"max-image-preview:large","max-video-preview":"max-video-preview:-1"},"canonical":"https:\/\/super-news.info\/hu\/jovore-is-lesz-nemzeti-konzultacio\/","og_locale":"hu_HU","og_type":"article","og_title":"J\u00f6v\u0151re is lesz nemzeti konzult\u00e1ci\u00f3 - Super News","og_description":"[ad_1] A korm\u00e1ny szeretn\u00e9 a nemzeti konzult\u00e1ci\u00f3kat folytatni, \u00e9s \u2013 ak\u00e1rcsak id\u00e9n \u2013 j\u00f6v\u0151re is ind\u00edt olyat, amelyik a k\u00f6vetkez\u0151 k\u00f6lts\u00e9gvet\u00e9s megalapoz\u00e1s\u00e1t k\u00e9sz\u00edti el\u0151 \u2013 mondta Rog\u00e1n Antal, a Minisztereln\u00f6ki Kabinetiroda vezet\u0151je az Orsz\u00e1ggy\u0171l\u00e9s igazs\u00e1g\u00fcgyi bizotts\u00e1g\u00e1nak cs\u00fct\u00f6rt\u00f6ki \u00fcl\u00e9s\u00e9n. A miniszter azt mondta, hogy a 2020-as k\u00f6lts\u00e9gvet\u00e9s is az emberek v\u00e9lem\u00e9ny\u00e9t figyelembe vev\u0151 csal\u00e1dv\u00e9delmi akci\u00f3terven alapszik. [&hellip;]","og_url":"https:\/\/super-news.info\/hu\/jovore-is-lesz-nemzeti-konzultacio\/","og_site_name":"Super News","article_published_time":"2019-06-20T11:40:32+00:00","article_modified_time":"2019-06-20T11:40:34+00:00","og_image":[{"width":1400,"height":933,"url":"https:\/\/super-news.info\/hu\/wp-content\/uploads\/sites\/3\/2019\/06\/J\u00f6v\u0151re-is-lesz-nemzeti-konzult\u00e1ci\u00f3.jpg","type":"image\/jpeg"}],"author":"super-news","twitter_card":"summary_large_image","twitter_misc":{"Szerz\u0151:":"super-news","Becs\u00fclt olvas\u00e1si id\u0151":"2 perc"},"schema":{"@context":"https:\/\/schema.org","@graph":[{"@type":"Article","@id":"https:\/\/super-news.info\/hu\/jovore-is-lesz-nemzeti-konzultacio\/#article","isPartOf":{"@id":"https:\/\/super-news.info\/hu\/jovore-is-lesz-nemzeti-konzultacio\/"},"author":{"name":"super-news","@id":"https:\/\/super-news.info\/hu\/#\/schema\/person\/2d4068cb2f39cd10008c2fce578a7356"},"headline":"J\u00f6v\u0151re is lesz nemzeti konzult\u00e1ci\u00f3","datePublished":"2019-06-20T11:40:32+00:00","dateModified":"2019-06-20T11:40:34+00:00","mainEntityOfPage":{"@id":"https:\/\/super-news.info\/hu\/jovore-is-lesz-nemzeti-konzultacio\/"},"wordCount":315,"commentCount":0,"image":{"@id":"https:\/\/super-news.info\/hu\/jovore-is-lesz-nemzeti-konzultacio\/#primaryimage"},"thumbnailUrl":"https:\/\/super-news.info\/hu\/wp-content\/uploads\/sites\/3\/2019\/06\/J\u00f6v\u0151re-is-lesz-nemzeti-konzult\u00e1ci\u00f3.jpg","articleSection":["P\u00c9NZ\u00dcGYI H\u00cdREK"],"inLanguage":"hu","potentialAction":[{"@type":"CommentAction","name":"Comment","target":["https:\/\/super-news.info\/hu\/jovore-is-lesz-nemzeti-konzultacio\/#respond"]}]},{"@type":"WebPage","@id":"https:\/\/super-news.info\/hu\/jovore-is-lesz-nemzeti-konzultacio\/","url":"https:\/\/super-news.info\/hu\/jovore-is-lesz-nemzeti-konzultacio\/","name":"J\u00f6v\u0151re is lesz nemzeti konzult\u00e1ci\u00f3 - Super News","isPartOf":{"@id":"https:\/\/super-news.info\/hu\/#website"},"primaryImageOfPage":{"@id":"https:\/\/super-news.info\/hu\/jovore-is-lesz-nemzeti-konzultacio\/#primaryimage"},"image":{"@id":"https:\/\/super-news.info\/hu\/jovore-is-lesz-nemzeti-konzultacio\/#primaryimage"},"thumbnailUrl":"https:\/\/super-news.info\/hu\/wp-content\/uploads\/sites\/3\/2019\/06\/J\u00f6v\u0151re-is-lesz-nemzeti-konzult\u00e1ci\u00f3.jpg","datePublished":"2019-06-20T11:40:32+00:00","dateModified":"2019-06-20T11:40:34+00:00","author":{"@id":"https:\/\/super-news.info\/hu\/#\/schema\/person\/2d4068cb2f39cd10008c2fce578a7356"},"breadcrumb":{"@id":"https:\/\/super-news.info\/hu\/jovore-is-lesz-nemzeti-konzultacio\/#breadcrumb"},"inLanguage":"hu","potentialAction":[{"@type":"ReadAction","target":["https:\/\/super-news.info\/hu\/jovore-is-lesz-nemzeti-konzultacio\/"]}]},{"@type":"ImageObject","inLanguage":"hu","@id":"https:\/\/super-news.info\/hu\/jovore-is-lesz-nemzeti-konzultacio\/#primaryimage","url":"https:\/\/super-news.info\/hu\/wp-content\/uploads\/sites\/3\/2019\/06\/J\u00f6v\u0151re-is-lesz-nemzeti-konzult\u00e1ci\u00f3.jpg","contentUrl":"https:\/\/super-news.info\/hu\/wp-content\/uploads\/sites\/3\/2019\/06\/J\u00f6v\u0151re-is-lesz-nemzeti-konzult\u00e1ci\u00f3.jpg","width":1400,"height":933,"caption":"J\u00f6v\u0151re is lesz nemzeti konzult\u00e1ci\u00f3"},{"@type":"BreadcrumbList","@id":"https:\/\/super-news.info\/hu\/jovore-is-lesz-nemzeti-konzultacio\/#breadcrumb","itemListElement":[{"@type":"ListItem","position":1,"name":"\u0413\u043b\u0430\u0432\u043d\u0430\u044f \u0441\u0442\u0440\u0430\u043d\u0438\u0446\u0430","item":"https:\/\/super-news.info\/hu\/"},{"@type":"ListItem","position":2,"name":"J\u00f6v\u0151re is lesz nemzeti konzult\u00e1ci\u00f3"}]},{"@type":"WebSite","@id":"https:\/\/super-news.info\/hu\/#website","url":"https:\/\/super-news.info\/hu\/","name":"Super News","description":"Super News Magyarorsz\u00e1g","potentialAction":[{"@type":"SearchAction","target":{"@type":"EntryPoint","urlTemplate":"https:\/\/super-news.info\/hu\/?s={search_term_string}"},"query-input":{"@type":"PropertyValueSpecification","valueRequired":true,"valueName":"search_term_string"}}],"inLanguage":"hu"},{"@type":"Person","@id":"https:\/\/super-news.info\/hu\/#\/schema\/person\/2d4068cb2f39cd10008c2fce578a7356","name":"super-news","image":{"@type":"ImageObject","inLanguage":"hu","@id":"https:\/\/secure.gravatar.com\/avatar\/64ebac40b93f26a154f8a9b5b6fdccfc46f442b26b3dd6756dbff3bf9dc76fd7?s=96&d=mm&r=g","url":"https:\/\/secure.gravatar.com\/avatar\/64ebac40b93f26a154f8a9b5b6fdccfc46f442b26b3dd6756dbff3bf9dc76fd7?s=96&d=mm&r=g","contentUrl":"https:\/\/secure.gravatar.com\/avatar\/64ebac40b93f26a154f8a9b5b6fdccfc46f442b26b3dd6756dbff3bf9dc76fd7?s=96&d=mm&r=g","caption":"super-news"},"url":"https:\/\/super-news.info\/hu\/author\/pt\/"}]}},"_links":{"self":[{"href":"https:\/\/super-news.info\/hu\/wp-json\/wp\/v2\/posts\/4465","targetHints":{"allow":["GET"]}}],"collection":[{"href":"https:\/\/super-news.info\/hu\/wp-json\/wp\/v2\/posts"}],"about":[{"href":"https:\/\/super-news.info\/hu\/wp-json\/wp\/v2\/types\/post"}],"author":[{"embeddable":true,"href":"https:\/\/super-news.info\/hu\/wp-json\/wp\/v2\/users\/2"}],"replies":[{"embeddable":true,"href":"https:\/\/super-news.info\/hu\/wp-json\/wp\/v2\/comments?post=4465"}],"version-history":[{"count":1,"href":"https:\/\/super-news.info\/hu\/wp-json\/wp\/v2\/posts\/4465\/revisions"}],"predecessor-version":[{"id":4467,"href":"https:\/\/super-news.info\/hu\/wp-json\/wp\/v2\/posts\/4465\/revisions\/4467"}],"wp:featuredmedia":[{"embeddable":true,"href":"https:\/\/super-news.info\/hu\/wp-json\/wp\/v2\/media\/4466"}],"wp:attachment":[{"href":"https:\/\/super-news.info\/hu\/wp-json\/wp\/v2\/media?parent=4465"}],"wp:term":[{"taxonomy":"category","embeddable":true,"href":"https:\/\/super-news.info\/hu\/wp-json\/wp\/v2\/categories?post=4465"},{"taxonomy":"post_tag","embeddable":true,"href":"https:\/\/super-news.info\/hu\/wp-json\/wp\/v2\/tags?post=4465"}],"curies":[{"name":"wp","href":"https:\/\/api.w.org\/{rel}","templated":true}]}}