{"id":4459,"date":"2019-06-20T12:55:24","date_gmt":"2019-06-20T09:55:24","guid":{"rendered":"https:\/\/super-news.info\/hu\/az-uzleti-koroket-nem-teszi-boldogga-a-nagyratoro-torvenytervezet\/"},"modified":"2019-06-20T12:55:25","modified_gmt":"2019-06-20T09:55:25","slug":"az-uzleti-koroket-nem-teszi-boldogga-a-nagyratoro-torvenytervezet","status":"publish","type":"post","link":"https:\/\/super-news.info\/hu\/az-uzleti-koroket-nem-teszi-boldogga-a-nagyratoro-torvenytervezet\/","title":{"rendered":"Az \u00fczleti k\u00f6r\u00f6ket nem teszi boldogg\u00e1 a nagyrat\u00f6r\u0151 t\u00f6rv\u00e9nytervezet"},"content":{"rendered":"<p> [ad_1]<br \/>\n<\/p>\n<p>\n\t\t\t\t\t\t\t\tNagyrat\u00f6r\u0151 t\u00f6rv\u00e9nytervezetet fogadtak el a New York-i t\u00f6rv\u00e9nyhoz\u00f3k az \u00e9ghajlatv\u00e1ltoz\u00e1s elleni k\u00fczdelem jegy\u00e9ben cs\u00fct\u00f6rt\u00f6k hajnalban, amelynek c\u00e9lja, hogy 2050-ig null\u00e1ra cs\u00f6kkents\u00e9k az \u00fcvegh\u00e1zhat\u00e1st okoz\u00f3 g\u00e1zok kibocs\u00e1t\u00e1s\u00e1t.\t\t\t\t\t\t\t<\/p>\n<div>\n<p>A tervezet 104 t\u00e1mogat\u00f3 \u00e9s 35 ellenszavazatot kapott. T\u00f6rv\u00e9nyer\u0151re emelked\u00e9s\u00e9hez Andrew Cuomo New York-i korm\u00e1nyz\u00f3 ellenjegyz\u00e9se sz\u00fcks\u00e9ges. Cuomo elk\u00f6telezett h\u00edve az \u00e9ghajlatv\u00e1ltoz\u00e1s elleni k\u00fczdelemnek.<\/p>\n<div id=\"attachment_1582712\" style=\"width: 1410px\" class=\"wp-caption alignnone\">\n<p class=\"wp-caption-text\">A jogszab\u00e1ly t\u00f6rv\u00e9nyer\u0151re emelked\u00e9se eset\u00e9n New York lenne a m\u00e1sodik \u00e1llam, ahol a sz\u00e9nmentes gazdas\u00e1g kialak\u00edt\u00e1sa politikailag defini\u00e1lt c\u00e9l.<br \/>Fot\u00f3: qz.com<\/p>\n<\/div>\n<p>Az \u00fagynevezett \u00e9ghajlat- \u00e9s k\u00f6z\u00f6ss\u00e9gv\u00e9delmi t\u00f6rv\u00e9ny elk\u00e9pzel\u00e9sei szerint 2030-ig 40 sz\u00e1zal\u00e9kkal kellene cs\u00f6kkenteni a k\u00e1rosanyag-kibocs\u00e1t\u00e1st, 2040-ig pedig teljesen \u00e1t kellene \u00e1llni a meg\u00fajul\u00f3 energiaforr\u00e1sokra az \u00e1ramtermel\u00e9sben. Szak\u00e9rt\u0151k szerint a nagyrat\u00f6r\u0151 c\u00e9lok el\u00e9r\u00e9s\u00e9hez sz\u00fcks\u00e9g lehet a benzinmotoros j\u00e1rm\u0171vek \u00e9s az olajkaz\u00e1nok teljes kiiktat\u00e1s\u00e1ra, valamint f\u00e1k \u00fcltet\u00e9s\u00e9re \u00e9s a l\u00e1pos ter\u00fcletek helyre\u00e1ll\u00edt\u00e1s\u00e1ra.<\/p>\n<div class=\"aframe aframe-half float-right clearfix\"><strong>\u00c9vi 8 milli\u00f3 tonna m\u0171anyaghullad\u00e9k ker\u00fcl a vil\u00e1g \u00f3ce\u00e1njaiba<\/strong><\/p>\n<p>A G20-ak k\u00f6rnyezetv\u00e9delmi miniszterei Jap\u00e1nban tartott tal\u00e1lkoz\u00f3jukon meg\u00e1llapodtak a tengerek m\u0171anyaghullad\u00e9k-szennyez\u00e9s\u00e9nek kezel\u00e9s\u00e9hez sz\u00fcks\u00e9ges int\u00e9zked\u00e9sek bevezet\u00e9s\u00e9nek \u00e9s alkalmaz\u00e1s\u00e1nak glob\u00e1lis hat\u00f3k\u00f6r\u0171 keretrendszer\u00e9ben. B\u0151vebben&gt;&gt;&gt;<\/p>\n<\/div>\n<p>A jogszab\u00e1ly t\u00f6rv\u00e9nyer\u0151re emelked\u00e9se eset\u00e9n New York lenne a m\u00e1sodik \u00e1llam, ahol a sz\u00e9nmentes gazdas\u00e1g kialak\u00edt\u00e1sa politikailag defini\u00e1lt c\u00e9l. Az els\u0151 ilyen \u00e1llam Kalifornia, ahol tavaly c\u00e9lul t\u0171zt\u00e9k ki a sz\u00e9nmentes gazdas\u00e1g l\u00e9trehoz\u00e1s\u00e1t 2045-ig.<\/p>\n<p>\u00dczleti k\u00f6r\u00f6k szerint a z\u00e9r\u00f3 k\u00e1rosanyag-kibocs\u00e1t\u00e1s nem megval\u00f3s\u00edthat\u00f3. A gazdas\u00e1gi szf\u00e9ra k\u00e9pvisel\u0151i azt is kifog\u00e1solt\u00e1k, hogy az \u00faj New York-i szab\u00e1lyoz\u00e1s munkahelyek megsz\u0171n\u00e9s\u00e9hez vezet.<\/p>\n<p>Steve Englebright k\u00e9pvisel\u0151 ezzel szemben r\u00e1mutatott: New York p\u00e9ld\u00e1ja m\u00e1sokat is cselekv\u00e9sre buzd\u00edthat.<\/p>\n<blockquote>\n<p>\u201eEz azt jelenti, hogy az orsz\u00e1gunkban megfigyelhet\u0151 tudom\u00e1nyellenes hangulat \u00e9s Washington tam\u00e1skod\u00e1sa ellen\u00e9re az \u00e1llamok utat mutathatnak\u201d<\/p>\n<\/blockquote>\n<p>\u2013 tette hozz\u00e1.<\/p>\n<p>Donald Trump amerikai eln\u00f6k 2017-ben bejelentette, hogy kil\u00e9p a p\u00e1rizsi kl\u00edmaegyezm\u00e9nyb\u0151l, mert szerinte t\u00fal sokba ker\u00fcl az Egyes\u00fclt \u00c1llamoknak. Trump a hagyom\u00e1nyos, fosszilis energiahordoz\u00f3k h\u00edve, \u00e9s sokat enyh\u00edtett el\u0151dje, Barack Obama \u00e1ltal \u00e9letbe l\u00e9ptetett szigor\u00fa k\u00f6rnyezetv\u00e9delmi szab\u00e1lyoz\u00e1sokon. Ennek ellen\u00e9re t\u00f6bb demokrata vezet\u00e9s\u0171 \u00e1llam \u00e9s v\u00e1ros jelezte, hogy a washingtoni ir\u00e1nyvonallal szembemenve mindent megtesz a glob\u00e1lis felmeleged\u00e9s megf\u00e9kez\u00e9s\u00e9\u00e9rt.<\/p>\n<\/p><\/div>\n<p><script>\n    window.fbAsyncInit = function() {\n        FB.init({\n            appId      : \"204760236815359\",\n            xfbml      : true,\n            version    : \"v2.12\"\n        });\n        FB.AppEvents.logPageView();\n    };<\/p>\n<p>    (function(d, s, id){\n        var js, fjs = d.getElementsByTagName(s)[0];\n        if (d.getElementById(id)) {return;}\n        js = d.createElement(s); js.id = id;\n        js.src = \"http:\/\/connect.facebook.net\/hu_HU\/sdk.js\";\n        fjs.parentNode.insertBefore(js, fjs);\n    }(document, \"script\", \"facebook-jssdk\"));\n<\/script><br \/>\n<br \/>[ad_2]<br \/>\n<br \/><a href=\"https:\/\/www.vg.hu\/kozelet\/torveny-1582706\/\">Source link <\/a><\/p>\n","protected":false},"excerpt":{"rendered":"<p>[ad_1] Nagyrat\u00f6r\u0151 t\u00f6rv\u00e9nytervezetet fogadtak el a New York-i t\u00f6rv\u00e9nyhoz\u00f3k az \u00e9ghajlatv\u00e1ltoz\u00e1s elleni k\u00fczdelem jegy\u00e9ben cs\u00fct\u00f6rt\u00f6k hajnalban, amelynek c\u00e9lja, hogy 2050-ig null\u00e1ra cs\u00f6kkents\u00e9k az \u00fcvegh\u00e1zhat\u00e1st okoz\u00f3 g\u00e1zok kibocs\u00e1t\u00e1s\u00e1t. A tervezet 104 t\u00e1mogat\u00f3 \u00e9s 35 ellenszavazatot kapott. T\u00f6rv\u00e9nyer\u0151re emelked\u00e9s\u00e9hez Andrew Cuomo New York-i korm\u00e1nyz\u00f3 ellenjegyz\u00e9se sz\u00fcks\u00e9ges. Cuomo elk\u00f6telezett h\u00edve az \u00e9ghajlatv\u00e1ltoz\u00e1s elleni k\u00fczdelemnek. A jogszab\u00e1ly t\u00f6rv\u00e9nyer\u0151re emelked\u00e9se [&hellip;]<\/p>\n","protected":false},"author":2,"featured_media":4460,"comment_status":"open","ping_status":"open","sticky":false,"template":"","format":"standard","meta":{"footnotes":""},"categories":[1],"tags":[],"class_list":["post-4459","post","type-post","status-publish","format-standard","has-post-thumbnail","hentry","category-penzugyi-hirek"],"yoast_head":"<!-- This site is optimized with the Yoast SEO plugin v27.4 - https:\/\/yoast.com\/product\/yoast-seo-wordpress\/ -->\n<title>Az \u00fczleti k\u00f6r\u00f6ket nem teszi boldogg\u00e1 a nagyrat\u00f6r\u0151 t\u00f6rv\u00e9nytervezet - Super News<\/title>\n<meta name=\"robots\" content=\"index, follow, max-snippet:-1, max-image-preview:large, max-video-preview:-1\" \/>\n<link rel=\"canonical\" href=\"https:\/\/super-news.info\/hu\/az-uzleti-koroket-nem-teszi-boldogga-a-nagyratoro-torvenytervezet\/\" \/>\n<meta property=\"og:locale\" content=\"hu_HU\" \/>\n<meta property=\"og:type\" content=\"article\" \/>\n<meta property=\"og:title\" content=\"Az \u00fczleti k\u00f6r\u00f6ket nem teszi boldogg\u00e1 a nagyrat\u00f6r\u0151 t\u00f6rv\u00e9nytervezet - Super News\" \/>\n<meta property=\"og:description\" content=\"[ad_1] Nagyrat\u00f6r\u0151 t\u00f6rv\u00e9nytervezetet fogadtak el a New York-i t\u00f6rv\u00e9nyhoz\u00f3k az \u00e9ghajlatv\u00e1ltoz\u00e1s elleni k\u00fczdelem jegy\u00e9ben cs\u00fct\u00f6rt\u00f6k hajnalban, amelynek c\u00e9lja, hogy 2050-ig null\u00e1ra cs\u00f6kkents\u00e9k az \u00fcvegh\u00e1zhat\u00e1st okoz\u00f3 g\u00e1zok kibocs\u00e1t\u00e1s\u00e1t. A tervezet 104 t\u00e1mogat\u00f3 \u00e9s 35 ellenszavazatot kapott. T\u00f6rv\u00e9nyer\u0151re emelked\u00e9s\u00e9hez Andrew Cuomo New York-i korm\u00e1nyz\u00f3 ellenjegyz\u00e9se sz\u00fcks\u00e9ges. Cuomo elk\u00f6telezett h\u00edve az \u00e9ghajlatv\u00e1ltoz\u00e1s elleni k\u00fczdelemnek. A jogszab\u00e1ly t\u00f6rv\u00e9nyer\u0151re emelked\u00e9se [&hellip;]\" \/>\n<meta property=\"og:url\" content=\"https:\/\/super-news.info\/hu\/az-uzleti-koroket-nem-teszi-boldogga-a-nagyratoro-torvenytervezet\/\" \/>\n<meta property=\"og:site_name\" content=\"Super News\" \/>\n<meta property=\"article:published_time\" content=\"2019-06-20T09:55:24+00:00\" \/>\n<meta property=\"article:modified_time\" content=\"2019-06-20T09:55:25+00:00\" \/>\n<meta property=\"og:image\" content=\"https:\/\/super-news.info\/hu\/wp-content\/uploads\/sites\/3\/2019\/06\/Az-\u00fczleti-k\u00f6r\u00f6ket-nem-teszi-boldogg\u00e1-a-nagyrat\u00f6r\u0151-t\u00f6rv\u00e9nytervezet.jpg\" \/>\n\t<meta property=\"og:image:width\" content=\"1400\" \/>\n\t<meta property=\"og:image:height\" content=\"788\" \/>\n\t<meta property=\"og:image:type\" content=\"image\/jpeg\" \/>\n<meta name=\"author\" content=\"super-news\" \/>\n<meta name=\"twitter:card\" content=\"summary_large_image\" \/>\n<meta name=\"twitter:label1\" content=\"Szerz\u0151:\" \/>\n\t<meta name=\"twitter:data1\" content=\"super-news\" \/>\n\t<meta name=\"twitter:label2\" content=\"Becs\u00fclt olvas\u00e1si id\u0151\" \/>\n\t<meta name=\"twitter:data2\" content=\"3 perc\" \/>\n<script type=\"application\/ld+json\" class=\"yoast-schema-graph\">{\"@context\":\"https:\\\/\\\/schema.org\",\"@graph\":[{\"@type\":\"Article\",\"@id\":\"https:\\\/\\\/super-news.info\\\/hu\\\/az-uzleti-koroket-nem-teszi-boldogga-a-nagyratoro-torvenytervezet\\\/#article\",\"isPartOf\":{\"@id\":\"https:\\\/\\\/super-news.info\\\/hu\\\/az-uzleti-koroket-nem-teszi-boldogga-a-nagyratoro-torvenytervezet\\\/\"},\"author\":{\"name\":\"super-news\",\"@id\":\"https:\\\/\\\/super-news.info\\\/hu\\\/#\\\/schema\\\/person\\\/2d4068cb2f39cd10008c2fce578a7356\"},\"headline\":\"Az \u00fczleti k\u00f6r\u00f6ket nem teszi boldogg\u00e1 a nagyrat\u00f6r\u0151 t\u00f6rv\u00e9nytervezet\",\"datePublished\":\"2019-06-20T09:55:24+00:00\",\"dateModified\":\"2019-06-20T09:55:25+00:00\",\"mainEntityOfPage\":{\"@id\":\"https:\\\/\\\/super-news.info\\\/hu\\\/az-uzleti-koroket-nem-teszi-boldogga-a-nagyratoro-torvenytervezet\\\/\"},\"wordCount\":519,\"commentCount\":0,\"image\":{\"@id\":\"https:\\\/\\\/super-news.info\\\/hu\\\/az-uzleti-koroket-nem-teszi-boldogga-a-nagyratoro-torvenytervezet\\\/#primaryimage\"},\"thumbnailUrl\":\"https:\\\/\\\/super-news.info\\\/hu\\\/wp-content\\\/uploads\\\/sites\\\/3\\\/2019\\\/06\\\/Az-\u00fczleti-k\u00f6r\u00f6ket-nem-teszi-boldogg\u00e1-a-nagyrat\u00f6r\u0151-t\u00f6rv\u00e9nytervezet.jpg\",\"articleSection\":[\"P\u00c9NZ\u00dcGYI H\u00cdREK\"],\"inLanguage\":\"hu\",\"potentialAction\":[{\"@type\":\"CommentAction\",\"name\":\"Comment\",\"target\":[\"https:\\\/\\\/super-news.info\\\/hu\\\/az-uzleti-koroket-nem-teszi-boldogga-a-nagyratoro-torvenytervezet\\\/#respond\"]}]},{\"@type\":\"WebPage\",\"@id\":\"https:\\\/\\\/super-news.info\\\/hu\\\/az-uzleti-koroket-nem-teszi-boldogga-a-nagyratoro-torvenytervezet\\\/\",\"url\":\"https:\\\/\\\/super-news.info\\\/hu\\\/az-uzleti-koroket-nem-teszi-boldogga-a-nagyratoro-torvenytervezet\\\/\",\"name\":\"Az \u00fczleti k\u00f6r\u00f6ket nem teszi boldogg\u00e1 a nagyrat\u00f6r\u0151 t\u00f6rv\u00e9nytervezet - Super News\",\"isPartOf\":{\"@id\":\"https:\\\/\\\/super-news.info\\\/hu\\\/#website\"},\"primaryImageOfPage\":{\"@id\":\"https:\\\/\\\/super-news.info\\\/hu\\\/az-uzleti-koroket-nem-teszi-boldogga-a-nagyratoro-torvenytervezet\\\/#primaryimage\"},\"image\":{\"@id\":\"https:\\\/\\\/super-news.info\\\/hu\\\/az-uzleti-koroket-nem-teszi-boldogga-a-nagyratoro-torvenytervezet\\\/#primaryimage\"},\"thumbnailUrl\":\"https:\\\/\\\/super-news.info\\\/hu\\\/wp-content\\\/uploads\\\/sites\\\/3\\\/2019\\\/06\\\/Az-\u00fczleti-k\u00f6r\u00f6ket-nem-teszi-boldogg\u00e1-a-nagyrat\u00f6r\u0151-t\u00f6rv\u00e9nytervezet.jpg\",\"datePublished\":\"2019-06-20T09:55:24+00:00\",\"dateModified\":\"2019-06-20T09:55:25+00:00\",\"author\":{\"@id\":\"https:\\\/\\\/super-news.info\\\/hu\\\/#\\\/schema\\\/person\\\/2d4068cb2f39cd10008c2fce578a7356\"},\"breadcrumb\":{\"@id\":\"https:\\\/\\\/super-news.info\\\/hu\\\/az-uzleti-koroket-nem-teszi-boldogga-a-nagyratoro-torvenytervezet\\\/#breadcrumb\"},\"inLanguage\":\"hu\",\"potentialAction\":[{\"@type\":\"ReadAction\",\"target\":[\"https:\\\/\\\/super-news.info\\\/hu\\\/az-uzleti-koroket-nem-teszi-boldogga-a-nagyratoro-torvenytervezet\\\/\"]}]},{\"@type\":\"ImageObject\",\"inLanguage\":\"hu\",\"@id\":\"https:\\\/\\\/super-news.info\\\/hu\\\/az-uzleti-koroket-nem-teszi-boldogga-a-nagyratoro-torvenytervezet\\\/#primaryimage\",\"url\":\"https:\\\/\\\/super-news.info\\\/hu\\\/wp-content\\\/uploads\\\/sites\\\/3\\\/2019\\\/06\\\/Az-\u00fczleti-k\u00f6r\u00f6ket-nem-teszi-boldogg\u00e1-a-nagyrat\u00f6r\u0151-t\u00f6rv\u00e9nytervezet.jpg\",\"contentUrl\":\"https:\\\/\\\/super-news.info\\\/hu\\\/wp-content\\\/uploads\\\/sites\\\/3\\\/2019\\\/06\\\/Az-\u00fczleti-k\u00f6r\u00f6ket-nem-teszi-boldogg\u00e1-a-nagyrat\u00f6r\u0151-t\u00f6rv\u00e9nytervezet.jpg\",\"width\":1400,\"height\":788,\"caption\":\"Az \u00fczleti k\u00f6r\u00f6ket nem teszi boldogg\u00e1 a nagyrat\u00f6r\u0151 t\u00f6rv\u00e9nytervezet\"},{\"@type\":\"BreadcrumbList\",\"@id\":\"https:\\\/\\\/super-news.info\\\/hu\\\/az-uzleti-koroket-nem-teszi-boldogga-a-nagyratoro-torvenytervezet\\\/#breadcrumb\",\"itemListElement\":[{\"@type\":\"ListItem\",\"position\":1,\"name\":\"\u0413\u043b\u0430\u0432\u043d\u0430\u044f \u0441\u0442\u0440\u0430\u043d\u0438\u0446\u0430\",\"item\":\"https:\\\/\\\/super-news.info\\\/hu\\\/\"},{\"@type\":\"ListItem\",\"position\":2,\"name\":\"Az \u00fczleti k\u00f6r\u00f6ket nem teszi boldogg\u00e1 a nagyrat\u00f6r\u0151 t\u00f6rv\u00e9nytervezet\"}]},{\"@type\":\"WebSite\",\"@id\":\"https:\\\/\\\/super-news.info\\\/hu\\\/#website\",\"url\":\"https:\\\/\\\/super-news.info\\\/hu\\\/\",\"name\":\"Super News\",\"description\":\"Super News Magyarorsz\u00e1g\",\"potentialAction\":[{\"@type\":\"SearchAction\",\"target\":{\"@type\":\"EntryPoint\",\"urlTemplate\":\"https:\\\/\\\/super-news.info\\\/hu\\\/?s={search_term_string}\"},\"query-input\":{\"@type\":\"PropertyValueSpecification\",\"valueRequired\":true,\"valueName\":\"search_term_string\"}}],\"inLanguage\":\"hu\"},{\"@type\":\"Person\",\"@id\":\"https:\\\/\\\/super-news.info\\\/hu\\\/#\\\/schema\\\/person\\\/2d4068cb2f39cd10008c2fce578a7356\",\"name\":\"super-news\",\"image\":{\"@type\":\"ImageObject\",\"inLanguage\":\"hu\",\"@id\":\"https:\\\/\\\/secure.gravatar.com\\\/avatar\\\/64ebac40b93f26a154f8a9b5b6fdccfc46f442b26b3dd6756dbff3bf9dc76fd7?s=96&d=mm&r=g\",\"url\":\"https:\\\/\\\/secure.gravatar.com\\\/avatar\\\/64ebac40b93f26a154f8a9b5b6fdccfc46f442b26b3dd6756dbff3bf9dc76fd7?s=96&d=mm&r=g\",\"contentUrl\":\"https:\\\/\\\/secure.gravatar.com\\\/avatar\\\/64ebac40b93f26a154f8a9b5b6fdccfc46f442b26b3dd6756dbff3bf9dc76fd7?s=96&d=mm&r=g\",\"caption\":\"super-news\"},\"url\":\"https:\\\/\\\/super-news.info\\\/hu\\\/author\\\/pt\\\/\"}]}<\/script>\n<!-- \/ Yoast SEO plugin. -->","yoast_head_json":{"title":"Az \u00fczleti k\u00f6r\u00f6ket nem teszi boldogg\u00e1 a nagyrat\u00f6r\u0151 t\u00f6rv\u00e9nytervezet - Super News","robots":{"index":"index","follow":"follow","max-snippet":"max-snippet:-1","max-image-preview":"max-image-preview:large","max-video-preview":"max-video-preview:-1"},"canonical":"https:\/\/super-news.info\/hu\/az-uzleti-koroket-nem-teszi-boldogga-a-nagyratoro-torvenytervezet\/","og_locale":"hu_HU","og_type":"article","og_title":"Az \u00fczleti k\u00f6r\u00f6ket nem teszi boldogg\u00e1 a nagyrat\u00f6r\u0151 t\u00f6rv\u00e9nytervezet - Super News","og_description":"[ad_1] Nagyrat\u00f6r\u0151 t\u00f6rv\u00e9nytervezetet fogadtak el a New York-i t\u00f6rv\u00e9nyhoz\u00f3k az \u00e9ghajlatv\u00e1ltoz\u00e1s elleni k\u00fczdelem jegy\u00e9ben cs\u00fct\u00f6rt\u00f6k hajnalban, amelynek c\u00e9lja, hogy 2050-ig null\u00e1ra cs\u00f6kkents\u00e9k az \u00fcvegh\u00e1zhat\u00e1st okoz\u00f3 g\u00e1zok kibocs\u00e1t\u00e1s\u00e1t. A tervezet 104 t\u00e1mogat\u00f3 \u00e9s 35 ellenszavazatot kapott. T\u00f6rv\u00e9nyer\u0151re emelked\u00e9s\u00e9hez Andrew Cuomo New York-i korm\u00e1nyz\u00f3 ellenjegyz\u00e9se sz\u00fcks\u00e9ges. Cuomo elk\u00f6telezett h\u00edve az \u00e9ghajlatv\u00e1ltoz\u00e1s elleni k\u00fczdelemnek. A jogszab\u00e1ly t\u00f6rv\u00e9nyer\u0151re emelked\u00e9se [&hellip;]","og_url":"https:\/\/super-news.info\/hu\/az-uzleti-koroket-nem-teszi-boldogga-a-nagyratoro-torvenytervezet\/","og_site_name":"Super News","article_published_time":"2019-06-20T09:55:24+00:00","article_modified_time":"2019-06-20T09:55:25+00:00","og_image":[{"width":1400,"height":788,"url":"https:\/\/super-news.info\/hu\/wp-content\/uploads\/sites\/3\/2019\/06\/Az-\u00fczleti-k\u00f6r\u00f6ket-nem-teszi-boldogg\u00e1-a-nagyrat\u00f6r\u0151-t\u00f6rv\u00e9nytervezet.jpg","type":"image\/jpeg"}],"author":"super-news","twitter_card":"summary_large_image","twitter_misc":{"Szerz\u0151:":"super-news","Becs\u00fclt olvas\u00e1si id\u0151":"3 perc"},"schema":{"@context":"https:\/\/schema.org","@graph":[{"@type":"Article","@id":"https:\/\/super-news.info\/hu\/az-uzleti-koroket-nem-teszi-boldogga-a-nagyratoro-torvenytervezet\/#article","isPartOf":{"@id":"https:\/\/super-news.info\/hu\/az-uzleti-koroket-nem-teszi-boldogga-a-nagyratoro-torvenytervezet\/"},"author":{"name":"super-news","@id":"https:\/\/super-news.info\/hu\/#\/schema\/person\/2d4068cb2f39cd10008c2fce578a7356"},"headline":"Az \u00fczleti k\u00f6r\u00f6ket nem teszi boldogg\u00e1 a nagyrat\u00f6r\u0151 t\u00f6rv\u00e9nytervezet","datePublished":"2019-06-20T09:55:24+00:00","dateModified":"2019-06-20T09:55:25+00:00","mainEntityOfPage":{"@id":"https:\/\/super-news.info\/hu\/az-uzleti-koroket-nem-teszi-boldogga-a-nagyratoro-torvenytervezet\/"},"wordCount":519,"commentCount":0,"image":{"@id":"https:\/\/super-news.info\/hu\/az-uzleti-koroket-nem-teszi-boldogga-a-nagyratoro-torvenytervezet\/#primaryimage"},"thumbnailUrl":"https:\/\/super-news.info\/hu\/wp-content\/uploads\/sites\/3\/2019\/06\/Az-\u00fczleti-k\u00f6r\u00f6ket-nem-teszi-boldogg\u00e1-a-nagyrat\u00f6r\u0151-t\u00f6rv\u00e9nytervezet.jpg","articleSection":["P\u00c9NZ\u00dcGYI H\u00cdREK"],"inLanguage":"hu","potentialAction":[{"@type":"CommentAction","name":"Comment","target":["https:\/\/super-news.info\/hu\/az-uzleti-koroket-nem-teszi-boldogga-a-nagyratoro-torvenytervezet\/#respond"]}]},{"@type":"WebPage","@id":"https:\/\/super-news.info\/hu\/az-uzleti-koroket-nem-teszi-boldogga-a-nagyratoro-torvenytervezet\/","url":"https:\/\/super-news.info\/hu\/az-uzleti-koroket-nem-teszi-boldogga-a-nagyratoro-torvenytervezet\/","name":"Az \u00fczleti k\u00f6r\u00f6ket nem teszi boldogg\u00e1 a nagyrat\u00f6r\u0151 t\u00f6rv\u00e9nytervezet - Super News","isPartOf":{"@id":"https:\/\/super-news.info\/hu\/#website"},"primaryImageOfPage":{"@id":"https:\/\/super-news.info\/hu\/az-uzleti-koroket-nem-teszi-boldogga-a-nagyratoro-torvenytervezet\/#primaryimage"},"image":{"@id":"https:\/\/super-news.info\/hu\/az-uzleti-koroket-nem-teszi-boldogga-a-nagyratoro-torvenytervezet\/#primaryimage"},"thumbnailUrl":"https:\/\/super-news.info\/hu\/wp-content\/uploads\/sites\/3\/2019\/06\/Az-\u00fczleti-k\u00f6r\u00f6ket-nem-teszi-boldogg\u00e1-a-nagyrat\u00f6r\u0151-t\u00f6rv\u00e9nytervezet.jpg","datePublished":"2019-06-20T09:55:24+00:00","dateModified":"2019-06-20T09:55:25+00:00","author":{"@id":"https:\/\/super-news.info\/hu\/#\/schema\/person\/2d4068cb2f39cd10008c2fce578a7356"},"breadcrumb":{"@id":"https:\/\/super-news.info\/hu\/az-uzleti-koroket-nem-teszi-boldogga-a-nagyratoro-torvenytervezet\/#breadcrumb"},"inLanguage":"hu","potentialAction":[{"@type":"ReadAction","target":["https:\/\/super-news.info\/hu\/az-uzleti-koroket-nem-teszi-boldogga-a-nagyratoro-torvenytervezet\/"]}]},{"@type":"ImageObject","inLanguage":"hu","@id":"https:\/\/super-news.info\/hu\/az-uzleti-koroket-nem-teszi-boldogga-a-nagyratoro-torvenytervezet\/#primaryimage","url":"https:\/\/super-news.info\/hu\/wp-content\/uploads\/sites\/3\/2019\/06\/Az-\u00fczleti-k\u00f6r\u00f6ket-nem-teszi-boldogg\u00e1-a-nagyrat\u00f6r\u0151-t\u00f6rv\u00e9nytervezet.jpg","contentUrl":"https:\/\/super-news.info\/hu\/wp-content\/uploads\/sites\/3\/2019\/06\/Az-\u00fczleti-k\u00f6r\u00f6ket-nem-teszi-boldogg\u00e1-a-nagyrat\u00f6r\u0151-t\u00f6rv\u00e9nytervezet.jpg","width":1400,"height":788,"caption":"Az \u00fczleti k\u00f6r\u00f6ket nem teszi boldogg\u00e1 a nagyrat\u00f6r\u0151 t\u00f6rv\u00e9nytervezet"},{"@type":"BreadcrumbList","@id":"https:\/\/super-news.info\/hu\/az-uzleti-koroket-nem-teszi-boldogga-a-nagyratoro-torvenytervezet\/#breadcrumb","itemListElement":[{"@type":"ListItem","position":1,"name":"\u0413\u043b\u0430\u0432\u043d\u0430\u044f \u0441\u0442\u0440\u0430\u043d\u0438\u0446\u0430","item":"https:\/\/super-news.info\/hu\/"},{"@type":"ListItem","position":2,"name":"Az \u00fczleti k\u00f6r\u00f6ket nem teszi boldogg\u00e1 a nagyrat\u00f6r\u0151 t\u00f6rv\u00e9nytervezet"}]},{"@type":"WebSite","@id":"https:\/\/super-news.info\/hu\/#website","url":"https:\/\/super-news.info\/hu\/","name":"Super News","description":"Super News Magyarorsz\u00e1g","potentialAction":[{"@type":"SearchAction","target":{"@type":"EntryPoint","urlTemplate":"https:\/\/super-news.info\/hu\/?s={search_term_string}"},"query-input":{"@type":"PropertyValueSpecification","valueRequired":true,"valueName":"search_term_string"}}],"inLanguage":"hu"},{"@type":"Person","@id":"https:\/\/super-news.info\/hu\/#\/schema\/person\/2d4068cb2f39cd10008c2fce578a7356","name":"super-news","image":{"@type":"ImageObject","inLanguage":"hu","@id":"https:\/\/secure.gravatar.com\/avatar\/64ebac40b93f26a154f8a9b5b6fdccfc46f442b26b3dd6756dbff3bf9dc76fd7?s=96&d=mm&r=g","url":"https:\/\/secure.gravatar.com\/avatar\/64ebac40b93f26a154f8a9b5b6fdccfc46f442b26b3dd6756dbff3bf9dc76fd7?s=96&d=mm&r=g","contentUrl":"https:\/\/secure.gravatar.com\/avatar\/64ebac40b93f26a154f8a9b5b6fdccfc46f442b26b3dd6756dbff3bf9dc76fd7?s=96&d=mm&r=g","caption":"super-news"},"url":"https:\/\/super-news.info\/hu\/author\/pt\/"}]}},"_links":{"self":[{"href":"https:\/\/super-news.info\/hu\/wp-json\/wp\/v2\/posts\/4459","targetHints":{"allow":["GET"]}}],"collection":[{"href":"https:\/\/super-news.info\/hu\/wp-json\/wp\/v2\/posts"}],"about":[{"href":"https:\/\/super-news.info\/hu\/wp-json\/wp\/v2\/types\/post"}],"author":[{"embeddable":true,"href":"https:\/\/super-news.info\/hu\/wp-json\/wp\/v2\/users\/2"}],"replies":[{"embeddable":true,"href":"https:\/\/super-news.info\/hu\/wp-json\/wp\/v2\/comments?post=4459"}],"version-history":[{"count":1,"href":"https:\/\/super-news.info\/hu\/wp-json\/wp\/v2\/posts\/4459\/revisions"}],"predecessor-version":[{"id":4461,"href":"https:\/\/super-news.info\/hu\/wp-json\/wp\/v2\/posts\/4459\/revisions\/4461"}],"wp:featuredmedia":[{"embeddable":true,"href":"https:\/\/super-news.info\/hu\/wp-json\/wp\/v2\/media\/4460"}],"wp:attachment":[{"href":"https:\/\/super-news.info\/hu\/wp-json\/wp\/v2\/media?parent=4459"}],"wp:term":[{"taxonomy":"category","embeddable":true,"href":"https:\/\/super-news.info\/hu\/wp-json\/wp\/v2\/categories?post=4459"},{"taxonomy":"post_tag","embeddable":true,"href":"https:\/\/super-news.info\/hu\/wp-json\/wp\/v2\/tags?post=4459"}],"curies":[{"name":"wp","href":"https:\/\/api.w.org\/{rel}","templated":true}]}}