{"id":4453,"date":"2019-06-20T12:00:02","date_gmt":"2019-06-20T09:00:02","guid":{"rendered":"https:\/\/super-news.info\/hu\/amerikai-ensz-nagykovetjelolt-a-klimavaltozas-valos-veszely\/"},"modified":"2019-06-20T12:00:04","modified_gmt":"2019-06-20T09:00:04","slug":"amerikai-ensz-nagykovetjelolt-a-klimavaltozas-valos-veszely","status":"publish","type":"post","link":"https:\/\/super-news.info\/hu\/amerikai-ensz-nagykovetjelolt-a-klimavaltozas-valos-veszely\/","title":{"rendered":"Amerikai ENSZ-nagyk\u00f6vetjel\u00f6lt: a kl\u00edmav\u00e1ltoz\u00e1s \u201eval\u00f3s vesz\u00e9ly\u201d"},"content":{"rendered":"<p> [ad_1]<br \/>\n<\/p>\n<p>\n\t\t\t\t\t\t\t\tA kl\u00edmav\u00e1ltoz\u00e1s \u201eval\u00f3s vesz\u00e9ly\u201d \u2013 jelentette ki szerdai szen\u00e1tusi bizotts\u00e1gi meghallgat\u00e1s\u00e1n Kelly Knight Craft, aki Donald Trump amerikai eln\u00f6k \u00faj jel\u00f6ltje az ENSZ-nagyk\u00f6veti posztra.\t\t\t\t\t\t\t<\/p>\n<div>\n<p>Craft, aki jelenleg az Egyes\u00fclt \u00c1llamok kanadai nagyk\u00f6vete, a szen\u00e1tus k\u00fcl\u00fcgyi bizotts\u00e1ga el\u0151tt hangs\u00falyozta, hogy szerinte az emberi viselked\u00e9s igenis hozz\u00e1j\u00e1rul a kl\u00edmav\u00e1ltoz\u00e1shoz, amellyel okvetlen\u00fcl foglalkoznia kell minden orsz\u00e1gnak.<\/p>\n<p>Hozz\u00e1tette ugyanakkor, hogy az Egyes\u00fclt \u00c1llamoknak nem szabad \u201ear\u00e1nytalanul nagy terhet\u201d v\u00e1llalnia az \u00e9ghajlatv\u00e1ltoz\u00e1s k\u00f6vetkezm\u00e9nyeinek elh\u00e1r\u00edt\u00e1s\u00e1ban,<\/p>\n<p>nem szabad olyan int\u00e9zked\u00e9seket hoznia, amelyek vesz\u00e9lybe sodorhatj\u00e1k a gazdas\u00e1g n\u00f6veked\u00e9s\u00e9t. Azzal \u00e9rvelt, hogy a k\u00e9t legnagyobb k\u00e1rosanyag-kibocs\u00e1t\u00f3 orsz\u00e1got, K\u00edn\u00e1t \u00e9s Indi\u00e1t senki nem k\u00e9rte, hogy az Egyes\u00fclt \u00c1llamokhoz hasonl\u00f3 m\u00e9rt\u00e9k\u0171 terhet v\u00e1llaljon a kl\u00edmav\u00e1ltoz\u00e1s elleni k\u00fczdelemben.<\/p>\n<blockquote>\n<p>Tiszt\u00e1ban vagyok azon tudom\u00e1nyos eredm\u00e9nyek j\u00f3 r\u00e9sz\u00e9vel, amelyek a kl\u00edmav\u00e1ltoz\u00e1sra \u00e9s az embernek a kl\u00edmav\u00e1ltoz\u00e1sban j\u00e1tszott szerep\u00e9re vonatkoznak, \u00e9s ha megszavazz\u00e1k jel\u00f6lts\u00e9gemet, a kl\u00edmav\u00e1ltoz\u00e1s elleni k\u00fczdelem sz\u00f3sz\u00f3l\u00f3ja leszek<\/p>\n<\/blockquote>\n<p>\u2013 fogalmazott a nagyk\u00f6vetjel\u00f6lt.<\/p>\n<div id=\"attachment_1582421\" style=\"width: 1410px\" class=\"wp-caption alignnone\">\n<p class=\"wp-caption-text\">Fot\u00f3: Ron Sachs \/ Consolidated\/dpa\/AFP<\/p>\n<\/div>\n<p>Ezzel l\u00e9nyeg\u00e9ben azoknak az aggodalmaikat hangoztat\u00f3 demokrata p\u00e1rti szen\u00e1toroknak v\u00e1laszolt, akik kifog\u00e1solt\u00e1k, hogy kor\u00e1bban v\u00e9delm\u00e9be vette a kl\u00edmav\u00e1ltoz\u00e1ssal kapcsolatban szkeptikus \u00e1ll\u00e1spontot. A demokrata politikusok felvetett\u00e9k azt is, hogy Craftnak \u00e9s f\u00e9rj\u00e9nek jelent\u0151s \u00e9rdekelts\u00e9gei vannak fosszilis f\u0171t\u0151anyagokkal foglalkoz\u00f3 ipar\u00e1gakban, \u00e9s Joe Craft az egyik legnagyobb amerikai sz\u00e9nkitermel\u0151 v\u00e1llalat igazgat\u00f3ja.<\/p>\n<p>A Trump-korm\u00e1nyzatot eddig er\u0151teljes b\u00edr\u00e1latok \u00e9rt\u00e9k mind k\u00f6rnyezetv\u00e9d\u0151k, mind pedig tud\u00f3sok r\u00e9sz\u00e9r\u0151l, mivel feloldotta az \u00fcvegh\u00e1zhat\u00e1st kiv\u00e1lt\u00f3 g\u00e1zok visszafog\u00e1s\u00e1t c\u00e9lz\u00f3 szab\u00e1lyokat,<\/p>\n<p>tov\u00e1bb\u00e1 bejelentette kil\u00e9p\u00e9s\u00e9t a p\u00e1rizsi kl\u00edmaegyezm\u00e9nyb\u0151l. Kelly Knight Craft a meghallgat\u00e1son kifejtette, hogy a j\u00f6v\u0151re v\u00e1rhat\u00f3 kil\u00e9p\u00e9s a p\u00e1rizsi egyezm\u00e9nyb\u0151l nem jelenti azt, hogy Washington lemondott volna a kl\u00edmav\u00e1ltoz\u00e1s elleni k\u00fczdelemben v\u00e1llalt vezet\u0151 szerep\u00e9r\u0151l.<\/p>\n<blockquote>\n<p>Nincs sz\u00fcks\u00e9g\u00fcnk tags\u00e1gra ahhoz, hogy \u00e9lj\u00fcnk vezet\u0151 szerep\u00fcnkkel<\/p>\n<\/blockquote>\n<p>\u2013 mondta a jel\u00f6lt.<\/p>\n<p>Craft Nikki Haley ENSZ-nagyk\u00f6vetet k\u00f6vetn\u00e9 a poszton. Haley tavaly decemberben mondott le. Donald Trump jel\u00f6ltje el\u0151sz\u00f6r Heather Nauert, a k\u00fcl\u00fcgyminiszt\u00e9rium sz\u00f3viv\u0151je volt, \u0151 azonban csal\u00e1di okokra hivatkozva visszal\u00e9pett a jel\u00f6lts\u00e9gt\u0151l.<\/p>\n<\/p><\/div>\n<p><script>\n    window.fbAsyncInit = function() {\n        FB.init({\n            appId      : \"204760236815359\",\n            xfbml      : true,\n            version    : \"v2.12\"\n        });\n        FB.AppEvents.logPageView();\n    };<\/p>\n<p>    (function(d, s, id){\n        var js, fjs = d.getElementsByTagName(s)[0];\n        if (d.getElementById(id)) {return;}\n        js = d.createElement(s); js.id = id;\n        js.src = \"http:\/\/connect.facebook.net\/hu_HU\/sdk.js\";\n        fjs.parentNode.insertBefore(js, fjs);\n    }(document, \"script\", \"facebook-jssdk\"));\n<\/script><br \/>\n<br \/>[ad_2]<br \/>\n<br \/><a href=\"https:\/\/www.vg.hu\/kozelet\/kornyezetvedelem\/amerikai-ensz-nagykovetjelolt-a-klimavaltozas-valos-veszely-1582403\/\">Source link <\/a><\/p>\n","protected":false},"excerpt":{"rendered":"<p>[ad_1] A kl\u00edmav\u00e1ltoz\u00e1s \u201eval\u00f3s vesz\u00e9ly\u201d \u2013 jelentette ki szerdai szen\u00e1tusi bizotts\u00e1gi meghallgat\u00e1s\u00e1n Kelly Knight Craft, aki Donald Trump amerikai eln\u00f6k \u00faj jel\u00f6ltje az ENSZ-nagyk\u00f6veti posztra. Craft, aki jelenleg az Egyes\u00fclt \u00c1llamok kanadai nagyk\u00f6vete, a szen\u00e1tus k\u00fcl\u00fcgyi bizotts\u00e1ga el\u0151tt hangs\u00falyozta, hogy szerinte az emberi viselked\u00e9s igenis hozz\u00e1j\u00e1rul a kl\u00edmav\u00e1ltoz\u00e1shoz, amellyel okvetlen\u00fcl foglalkoznia kell minden orsz\u00e1gnak. Hozz\u00e1tette [&hellip;]<\/p>\n","protected":false},"author":2,"featured_media":4454,"comment_status":"open","ping_status":"open","sticky":false,"template":"","format":"standard","meta":{"footnotes":""},"categories":[1],"tags":[],"class_list":["post-4453","post","type-post","status-publish","format-standard","has-post-thumbnail","hentry","category-penzugyi-hirek"],"yoast_head":"<!-- This site is optimized with the Yoast SEO plugin v27.4 - https:\/\/yoast.com\/product\/yoast-seo-wordpress\/ -->\n<title>Amerikai ENSZ-nagyk\u00f6vetjel\u00f6lt: a kl\u00edmav\u00e1ltoz\u00e1s \u201eval\u00f3s vesz\u00e9ly\u201d - Super News<\/title>\n<meta name=\"robots\" content=\"index, follow, max-snippet:-1, max-image-preview:large, max-video-preview:-1\" \/>\n<link rel=\"canonical\" href=\"https:\/\/super-news.info\/hu\/amerikai-ensz-nagykovetjelolt-a-klimavaltozas-valos-veszely\/\" \/>\n<meta property=\"og:locale\" content=\"hu_HU\" \/>\n<meta property=\"og:type\" content=\"article\" \/>\n<meta property=\"og:title\" content=\"Amerikai ENSZ-nagyk\u00f6vetjel\u00f6lt: a kl\u00edmav\u00e1ltoz\u00e1s \u201eval\u00f3s vesz\u00e9ly\u201d - Super News\" \/>\n<meta property=\"og:description\" content=\"[ad_1] A kl\u00edmav\u00e1ltoz\u00e1s \u201eval\u00f3s vesz\u00e9ly\u201d \u2013 jelentette ki szerdai szen\u00e1tusi bizotts\u00e1gi meghallgat\u00e1s\u00e1n Kelly Knight Craft, aki Donald Trump amerikai eln\u00f6k \u00faj jel\u00f6ltje az ENSZ-nagyk\u00f6veti posztra. Craft, aki jelenleg az Egyes\u00fclt \u00c1llamok kanadai nagyk\u00f6vete, a szen\u00e1tus k\u00fcl\u00fcgyi bizotts\u00e1ga el\u0151tt hangs\u00falyozta, hogy szerinte az emberi viselked\u00e9s igenis hozz\u00e1j\u00e1rul a kl\u00edmav\u00e1ltoz\u00e1shoz, amellyel okvetlen\u00fcl foglalkoznia kell minden orsz\u00e1gnak. Hozz\u00e1tette [&hellip;]\" \/>\n<meta property=\"og:url\" content=\"https:\/\/super-news.info\/hu\/amerikai-ensz-nagykovetjelolt-a-klimavaltozas-valos-veszely\/\" \/>\n<meta property=\"og:site_name\" content=\"Super News\" \/>\n<meta property=\"article:published_time\" content=\"2019-06-20T09:00:02+00:00\" \/>\n<meta property=\"article:modified_time\" content=\"2019-06-20T09:00:04+00:00\" \/>\n<meta property=\"og:image\" content=\"https:\/\/super-news.info\/hu\/wp-content\/uploads\/sites\/3\/2019\/06\/Amerikai-ENSZ-nagyk\u00f6vetjel\u00f6lt-a-kl\u00edmav\u00e1ltoz\u00e1s-\u201eval\u00f3s-vesz\u00e9ly\u201d.jpg\" \/>\n\t<meta property=\"og:image:width\" content=\"1400\" \/>\n\t<meta property=\"og:image:height\" content=\"1043\" \/>\n\t<meta property=\"og:image:type\" content=\"image\/jpeg\" \/>\n<meta name=\"author\" content=\"super-news\" \/>\n<meta name=\"twitter:card\" content=\"summary_large_image\" \/>\n<meta name=\"twitter:label1\" content=\"Szerz\u0151:\" \/>\n\t<meta name=\"twitter:data1\" content=\"super-news\" \/>\n\t<meta name=\"twitter:label2\" content=\"Becs\u00fclt olvas\u00e1si id\u0151\" \/>\n\t<meta name=\"twitter:data2\" content=\"2 perc\" \/>\n<script type=\"application\/ld+json\" class=\"yoast-schema-graph\">{\"@context\":\"https:\\\/\\\/schema.org\",\"@graph\":[{\"@type\":\"Article\",\"@id\":\"https:\\\/\\\/super-news.info\\\/hu\\\/amerikai-ensz-nagykovetjelolt-a-klimavaltozas-valos-veszely\\\/#article\",\"isPartOf\":{\"@id\":\"https:\\\/\\\/super-news.info\\\/hu\\\/amerikai-ensz-nagykovetjelolt-a-klimavaltozas-valos-veszely\\\/\"},\"author\":{\"name\":\"super-news\",\"@id\":\"https:\\\/\\\/super-news.info\\\/hu\\\/#\\\/schema\\\/person\\\/2d4068cb2f39cd10008c2fce578a7356\"},\"headline\":\"Amerikai ENSZ-nagyk\u00f6vetjel\u00f6lt: a kl\u00edmav\u00e1ltoz\u00e1s \u201eval\u00f3s vesz\u00e9ly\u201d\",\"datePublished\":\"2019-06-20T09:00:02+00:00\",\"dateModified\":\"2019-06-20T09:00:04+00:00\",\"mainEntityOfPage\":{\"@id\":\"https:\\\/\\\/super-news.info\\\/hu\\\/amerikai-ensz-nagykovetjelolt-a-klimavaltozas-valos-veszely\\\/\"},\"wordCount\":482,\"commentCount\":0,\"image\":{\"@id\":\"https:\\\/\\\/super-news.info\\\/hu\\\/amerikai-ensz-nagykovetjelolt-a-klimavaltozas-valos-veszely\\\/#primaryimage\"},\"thumbnailUrl\":\"https:\\\/\\\/super-news.info\\\/hu\\\/wp-content\\\/uploads\\\/sites\\\/3\\\/2019\\\/06\\\/Amerikai-ENSZ-nagyk\u00f6vetjel\u00f6lt-a-kl\u00edmav\u00e1ltoz\u00e1s-\u201eval\u00f3s-vesz\u00e9ly\u201d.jpg\",\"articleSection\":[\"P\u00c9NZ\u00dcGYI H\u00cdREK\"],\"inLanguage\":\"hu\",\"potentialAction\":[{\"@type\":\"CommentAction\",\"name\":\"Comment\",\"target\":[\"https:\\\/\\\/super-news.info\\\/hu\\\/amerikai-ensz-nagykovetjelolt-a-klimavaltozas-valos-veszely\\\/#respond\"]}]},{\"@type\":\"WebPage\",\"@id\":\"https:\\\/\\\/super-news.info\\\/hu\\\/amerikai-ensz-nagykovetjelolt-a-klimavaltozas-valos-veszely\\\/\",\"url\":\"https:\\\/\\\/super-news.info\\\/hu\\\/amerikai-ensz-nagykovetjelolt-a-klimavaltozas-valos-veszely\\\/\",\"name\":\"Amerikai ENSZ-nagyk\u00f6vetjel\u00f6lt: a kl\u00edmav\u00e1ltoz\u00e1s \u201eval\u00f3s vesz\u00e9ly\u201d - Super News\",\"isPartOf\":{\"@id\":\"https:\\\/\\\/super-news.info\\\/hu\\\/#website\"},\"primaryImageOfPage\":{\"@id\":\"https:\\\/\\\/super-news.info\\\/hu\\\/amerikai-ensz-nagykovetjelolt-a-klimavaltozas-valos-veszely\\\/#primaryimage\"},\"image\":{\"@id\":\"https:\\\/\\\/super-news.info\\\/hu\\\/amerikai-ensz-nagykovetjelolt-a-klimavaltozas-valos-veszely\\\/#primaryimage\"},\"thumbnailUrl\":\"https:\\\/\\\/super-news.info\\\/hu\\\/wp-content\\\/uploads\\\/sites\\\/3\\\/2019\\\/06\\\/Amerikai-ENSZ-nagyk\u00f6vetjel\u00f6lt-a-kl\u00edmav\u00e1ltoz\u00e1s-\u201eval\u00f3s-vesz\u00e9ly\u201d.jpg\",\"datePublished\":\"2019-06-20T09:00:02+00:00\",\"dateModified\":\"2019-06-20T09:00:04+00:00\",\"author\":{\"@id\":\"https:\\\/\\\/super-news.info\\\/hu\\\/#\\\/schema\\\/person\\\/2d4068cb2f39cd10008c2fce578a7356\"},\"breadcrumb\":{\"@id\":\"https:\\\/\\\/super-news.info\\\/hu\\\/amerikai-ensz-nagykovetjelolt-a-klimavaltozas-valos-veszely\\\/#breadcrumb\"},\"inLanguage\":\"hu\",\"potentialAction\":[{\"@type\":\"ReadAction\",\"target\":[\"https:\\\/\\\/super-news.info\\\/hu\\\/amerikai-ensz-nagykovetjelolt-a-klimavaltozas-valos-veszely\\\/\"]}]},{\"@type\":\"ImageObject\",\"inLanguage\":\"hu\",\"@id\":\"https:\\\/\\\/super-news.info\\\/hu\\\/amerikai-ensz-nagykovetjelolt-a-klimavaltozas-valos-veszely\\\/#primaryimage\",\"url\":\"https:\\\/\\\/super-news.info\\\/hu\\\/wp-content\\\/uploads\\\/sites\\\/3\\\/2019\\\/06\\\/Amerikai-ENSZ-nagyk\u00f6vetjel\u00f6lt-a-kl\u00edmav\u00e1ltoz\u00e1s-\u201eval\u00f3s-vesz\u00e9ly\u201d.jpg\",\"contentUrl\":\"https:\\\/\\\/super-news.info\\\/hu\\\/wp-content\\\/uploads\\\/sites\\\/3\\\/2019\\\/06\\\/Amerikai-ENSZ-nagyk\u00f6vetjel\u00f6lt-a-kl\u00edmav\u00e1ltoz\u00e1s-\u201eval\u00f3s-vesz\u00e9ly\u201d.jpg\",\"width\":1400,\"height\":1043,\"caption\":\"Amerikai ENSZ-nagyk\u00f6vetjel\u00f6lt: a kl\u00edmav\u00e1ltoz\u00e1s \u201eval\u00f3s vesz\u00e9ly\u201d\"},{\"@type\":\"BreadcrumbList\",\"@id\":\"https:\\\/\\\/super-news.info\\\/hu\\\/amerikai-ensz-nagykovetjelolt-a-klimavaltozas-valos-veszely\\\/#breadcrumb\",\"itemListElement\":[{\"@type\":\"ListItem\",\"position\":1,\"name\":\"\u0413\u043b\u0430\u0432\u043d\u0430\u044f \u0441\u0442\u0440\u0430\u043d\u0438\u0446\u0430\",\"item\":\"https:\\\/\\\/super-news.info\\\/hu\\\/\"},{\"@type\":\"ListItem\",\"position\":2,\"name\":\"Amerikai ENSZ-nagyk\u00f6vetjel\u00f6lt: a kl\u00edmav\u00e1ltoz\u00e1s \u201eval\u00f3s vesz\u00e9ly\u201d\"}]},{\"@type\":\"WebSite\",\"@id\":\"https:\\\/\\\/super-news.info\\\/hu\\\/#website\",\"url\":\"https:\\\/\\\/super-news.info\\\/hu\\\/\",\"name\":\"Super News\",\"description\":\"Super News Magyarorsz\u00e1g\",\"potentialAction\":[{\"@type\":\"SearchAction\",\"target\":{\"@type\":\"EntryPoint\",\"urlTemplate\":\"https:\\\/\\\/super-news.info\\\/hu\\\/?s={search_term_string}\"},\"query-input\":{\"@type\":\"PropertyValueSpecification\",\"valueRequired\":true,\"valueName\":\"search_term_string\"}}],\"inLanguage\":\"hu\"},{\"@type\":\"Person\",\"@id\":\"https:\\\/\\\/super-news.info\\\/hu\\\/#\\\/schema\\\/person\\\/2d4068cb2f39cd10008c2fce578a7356\",\"name\":\"super-news\",\"image\":{\"@type\":\"ImageObject\",\"inLanguage\":\"hu\",\"@id\":\"https:\\\/\\\/secure.gravatar.com\\\/avatar\\\/64ebac40b93f26a154f8a9b5b6fdccfc46f442b26b3dd6756dbff3bf9dc76fd7?s=96&d=mm&r=g\",\"url\":\"https:\\\/\\\/secure.gravatar.com\\\/avatar\\\/64ebac40b93f26a154f8a9b5b6fdccfc46f442b26b3dd6756dbff3bf9dc76fd7?s=96&d=mm&r=g\",\"contentUrl\":\"https:\\\/\\\/secure.gravatar.com\\\/avatar\\\/64ebac40b93f26a154f8a9b5b6fdccfc46f442b26b3dd6756dbff3bf9dc76fd7?s=96&d=mm&r=g\",\"caption\":\"super-news\"},\"url\":\"https:\\\/\\\/super-news.info\\\/hu\\\/author\\\/pt\\\/\"}]}<\/script>\n<!-- \/ Yoast SEO plugin. -->","yoast_head_json":{"title":"Amerikai ENSZ-nagyk\u00f6vetjel\u00f6lt: a kl\u00edmav\u00e1ltoz\u00e1s \u201eval\u00f3s vesz\u00e9ly\u201d - Super News","robots":{"index":"index","follow":"follow","max-snippet":"max-snippet:-1","max-image-preview":"max-image-preview:large","max-video-preview":"max-video-preview:-1"},"canonical":"https:\/\/super-news.info\/hu\/amerikai-ensz-nagykovetjelolt-a-klimavaltozas-valos-veszely\/","og_locale":"hu_HU","og_type":"article","og_title":"Amerikai ENSZ-nagyk\u00f6vetjel\u00f6lt: a kl\u00edmav\u00e1ltoz\u00e1s \u201eval\u00f3s vesz\u00e9ly\u201d - Super News","og_description":"[ad_1] A kl\u00edmav\u00e1ltoz\u00e1s \u201eval\u00f3s vesz\u00e9ly\u201d \u2013 jelentette ki szerdai szen\u00e1tusi bizotts\u00e1gi meghallgat\u00e1s\u00e1n Kelly Knight Craft, aki Donald Trump amerikai eln\u00f6k \u00faj jel\u00f6ltje az ENSZ-nagyk\u00f6veti posztra. Craft, aki jelenleg az Egyes\u00fclt \u00c1llamok kanadai nagyk\u00f6vete, a szen\u00e1tus k\u00fcl\u00fcgyi bizotts\u00e1ga el\u0151tt hangs\u00falyozta, hogy szerinte az emberi viselked\u00e9s igenis hozz\u00e1j\u00e1rul a kl\u00edmav\u00e1ltoz\u00e1shoz, amellyel okvetlen\u00fcl foglalkoznia kell minden orsz\u00e1gnak. Hozz\u00e1tette [&hellip;]","og_url":"https:\/\/super-news.info\/hu\/amerikai-ensz-nagykovetjelolt-a-klimavaltozas-valos-veszely\/","og_site_name":"Super News","article_published_time":"2019-06-20T09:00:02+00:00","article_modified_time":"2019-06-20T09:00:04+00:00","og_image":[{"width":1400,"height":1043,"url":"https:\/\/super-news.info\/hu\/wp-content\/uploads\/sites\/3\/2019\/06\/Amerikai-ENSZ-nagyk\u00f6vetjel\u00f6lt-a-kl\u00edmav\u00e1ltoz\u00e1s-\u201eval\u00f3s-vesz\u00e9ly\u201d.jpg","type":"image\/jpeg"}],"author":"super-news","twitter_card":"summary_large_image","twitter_misc":{"Szerz\u0151:":"super-news","Becs\u00fclt olvas\u00e1si id\u0151":"2 perc"},"schema":{"@context":"https:\/\/schema.org","@graph":[{"@type":"Article","@id":"https:\/\/super-news.info\/hu\/amerikai-ensz-nagykovetjelolt-a-klimavaltozas-valos-veszely\/#article","isPartOf":{"@id":"https:\/\/super-news.info\/hu\/amerikai-ensz-nagykovetjelolt-a-klimavaltozas-valos-veszely\/"},"author":{"name":"super-news","@id":"https:\/\/super-news.info\/hu\/#\/schema\/person\/2d4068cb2f39cd10008c2fce578a7356"},"headline":"Amerikai ENSZ-nagyk\u00f6vetjel\u00f6lt: a kl\u00edmav\u00e1ltoz\u00e1s \u201eval\u00f3s vesz\u00e9ly\u201d","datePublished":"2019-06-20T09:00:02+00:00","dateModified":"2019-06-20T09:00:04+00:00","mainEntityOfPage":{"@id":"https:\/\/super-news.info\/hu\/amerikai-ensz-nagykovetjelolt-a-klimavaltozas-valos-veszely\/"},"wordCount":482,"commentCount":0,"image":{"@id":"https:\/\/super-news.info\/hu\/amerikai-ensz-nagykovetjelolt-a-klimavaltozas-valos-veszely\/#primaryimage"},"thumbnailUrl":"https:\/\/super-news.info\/hu\/wp-content\/uploads\/sites\/3\/2019\/06\/Amerikai-ENSZ-nagyk\u00f6vetjel\u00f6lt-a-kl\u00edmav\u00e1ltoz\u00e1s-\u201eval\u00f3s-vesz\u00e9ly\u201d.jpg","articleSection":["P\u00c9NZ\u00dcGYI H\u00cdREK"],"inLanguage":"hu","potentialAction":[{"@type":"CommentAction","name":"Comment","target":["https:\/\/super-news.info\/hu\/amerikai-ensz-nagykovetjelolt-a-klimavaltozas-valos-veszely\/#respond"]}]},{"@type":"WebPage","@id":"https:\/\/super-news.info\/hu\/amerikai-ensz-nagykovetjelolt-a-klimavaltozas-valos-veszely\/","url":"https:\/\/super-news.info\/hu\/amerikai-ensz-nagykovetjelolt-a-klimavaltozas-valos-veszely\/","name":"Amerikai ENSZ-nagyk\u00f6vetjel\u00f6lt: a kl\u00edmav\u00e1ltoz\u00e1s \u201eval\u00f3s vesz\u00e9ly\u201d - Super News","isPartOf":{"@id":"https:\/\/super-news.info\/hu\/#website"},"primaryImageOfPage":{"@id":"https:\/\/super-news.info\/hu\/amerikai-ensz-nagykovetjelolt-a-klimavaltozas-valos-veszely\/#primaryimage"},"image":{"@id":"https:\/\/super-news.info\/hu\/amerikai-ensz-nagykovetjelolt-a-klimavaltozas-valos-veszely\/#primaryimage"},"thumbnailUrl":"https:\/\/super-news.info\/hu\/wp-content\/uploads\/sites\/3\/2019\/06\/Amerikai-ENSZ-nagyk\u00f6vetjel\u00f6lt-a-kl\u00edmav\u00e1ltoz\u00e1s-\u201eval\u00f3s-vesz\u00e9ly\u201d.jpg","datePublished":"2019-06-20T09:00:02+00:00","dateModified":"2019-06-20T09:00:04+00:00","author":{"@id":"https:\/\/super-news.info\/hu\/#\/schema\/person\/2d4068cb2f39cd10008c2fce578a7356"},"breadcrumb":{"@id":"https:\/\/super-news.info\/hu\/amerikai-ensz-nagykovetjelolt-a-klimavaltozas-valos-veszely\/#breadcrumb"},"inLanguage":"hu","potentialAction":[{"@type":"ReadAction","target":["https:\/\/super-news.info\/hu\/amerikai-ensz-nagykovetjelolt-a-klimavaltozas-valos-veszely\/"]}]},{"@type":"ImageObject","inLanguage":"hu","@id":"https:\/\/super-news.info\/hu\/amerikai-ensz-nagykovetjelolt-a-klimavaltozas-valos-veszely\/#primaryimage","url":"https:\/\/super-news.info\/hu\/wp-content\/uploads\/sites\/3\/2019\/06\/Amerikai-ENSZ-nagyk\u00f6vetjel\u00f6lt-a-kl\u00edmav\u00e1ltoz\u00e1s-\u201eval\u00f3s-vesz\u00e9ly\u201d.jpg","contentUrl":"https:\/\/super-news.info\/hu\/wp-content\/uploads\/sites\/3\/2019\/06\/Amerikai-ENSZ-nagyk\u00f6vetjel\u00f6lt-a-kl\u00edmav\u00e1ltoz\u00e1s-\u201eval\u00f3s-vesz\u00e9ly\u201d.jpg","width":1400,"height":1043,"caption":"Amerikai ENSZ-nagyk\u00f6vetjel\u00f6lt: a kl\u00edmav\u00e1ltoz\u00e1s \u201eval\u00f3s vesz\u00e9ly\u201d"},{"@type":"BreadcrumbList","@id":"https:\/\/super-news.info\/hu\/amerikai-ensz-nagykovetjelolt-a-klimavaltozas-valos-veszely\/#breadcrumb","itemListElement":[{"@type":"ListItem","position":1,"name":"\u0413\u043b\u0430\u0432\u043d\u0430\u044f \u0441\u0442\u0440\u0430\u043d\u0438\u0446\u0430","item":"https:\/\/super-news.info\/hu\/"},{"@type":"ListItem","position":2,"name":"Amerikai ENSZ-nagyk\u00f6vetjel\u00f6lt: a kl\u00edmav\u00e1ltoz\u00e1s \u201eval\u00f3s vesz\u00e9ly\u201d"}]},{"@type":"WebSite","@id":"https:\/\/super-news.info\/hu\/#website","url":"https:\/\/super-news.info\/hu\/","name":"Super News","description":"Super News Magyarorsz\u00e1g","potentialAction":[{"@type":"SearchAction","target":{"@type":"EntryPoint","urlTemplate":"https:\/\/super-news.info\/hu\/?s={search_term_string}"},"query-input":{"@type":"PropertyValueSpecification","valueRequired":true,"valueName":"search_term_string"}}],"inLanguage":"hu"},{"@type":"Person","@id":"https:\/\/super-news.info\/hu\/#\/schema\/person\/2d4068cb2f39cd10008c2fce578a7356","name":"super-news","image":{"@type":"ImageObject","inLanguage":"hu","@id":"https:\/\/secure.gravatar.com\/avatar\/64ebac40b93f26a154f8a9b5b6fdccfc46f442b26b3dd6756dbff3bf9dc76fd7?s=96&d=mm&r=g","url":"https:\/\/secure.gravatar.com\/avatar\/64ebac40b93f26a154f8a9b5b6fdccfc46f442b26b3dd6756dbff3bf9dc76fd7?s=96&d=mm&r=g","contentUrl":"https:\/\/secure.gravatar.com\/avatar\/64ebac40b93f26a154f8a9b5b6fdccfc46f442b26b3dd6756dbff3bf9dc76fd7?s=96&d=mm&r=g","caption":"super-news"},"url":"https:\/\/super-news.info\/hu\/author\/pt\/"}]}},"_links":{"self":[{"href":"https:\/\/super-news.info\/hu\/wp-json\/wp\/v2\/posts\/4453","targetHints":{"allow":["GET"]}}],"collection":[{"href":"https:\/\/super-news.info\/hu\/wp-json\/wp\/v2\/posts"}],"about":[{"href":"https:\/\/super-news.info\/hu\/wp-json\/wp\/v2\/types\/post"}],"author":[{"embeddable":true,"href":"https:\/\/super-news.info\/hu\/wp-json\/wp\/v2\/users\/2"}],"replies":[{"embeddable":true,"href":"https:\/\/super-news.info\/hu\/wp-json\/wp\/v2\/comments?post=4453"}],"version-history":[{"count":1,"href":"https:\/\/super-news.info\/hu\/wp-json\/wp\/v2\/posts\/4453\/revisions"}],"predecessor-version":[{"id":4455,"href":"https:\/\/super-news.info\/hu\/wp-json\/wp\/v2\/posts\/4453\/revisions\/4455"}],"wp:featuredmedia":[{"embeddable":true,"href":"https:\/\/super-news.info\/hu\/wp-json\/wp\/v2\/media\/4454"}],"wp:attachment":[{"href":"https:\/\/super-news.info\/hu\/wp-json\/wp\/v2\/media?parent=4453"}],"wp:term":[{"taxonomy":"category","embeddable":true,"href":"https:\/\/super-news.info\/hu\/wp-json\/wp\/v2\/categories?post=4453"},{"taxonomy":"post_tag","embeddable":true,"href":"https:\/\/super-news.info\/hu\/wp-json\/wp\/v2\/tags?post=4453"}],"curies":[{"name":"wp","href":"https:\/\/api.w.org\/{rel}","templated":true}]}}