{"id":4450,"date":"2019-06-20T11:00:32","date_gmt":"2019-06-20T08:00:32","guid":{"rendered":"https:\/\/super-news.info\/hu\/maradtak-meg-azonositatlan-ugyfelek-vilaggazdasag\/"},"modified":"2019-06-20T11:00:33","modified_gmt":"2019-06-20T08:00:33","slug":"maradtak-meg-azonositatlan-ugyfelek-vilaggazdasag","status":"publish","type":"post","link":"https:\/\/super-news.info\/hu\/maradtak-meg-azonositatlan-ugyfelek-vilaggazdasag\/","title":{"rendered":"Maradtak m\u00e9g azonos\u00edtatlan \u00fcgyfelek | Vil\u00e1ggazdas\u00e1g"},"content":{"rendered":"<p> [ad_1]<br \/>\n<\/p>\n<p>\n\t\t\t\t\t\t\t\tJ\u00fanius 26-ig kell a br\u00f3kerc\u00e9gek \u00fcgyfeleinek eleget tenni\u00fck az ism\u00e9telt azonos\u00edt\u00e1si, adatszolg\u00e1ltat\u00e1si k\u00f6telezetts\u00e9g\u00fcknek. A mag\u00e1nszem\u00e9lyek dolga egyszer\u0171bb, a v\u00e1llalati \u00e9s k\u00fclf\u00f6ldi \u00fcgyfelekre \u00f6sszetettebb proced\u00fara v\u00e1r.\t\t\t\t\t\t\t<\/p>\n<div>\n<p>Egy het\u00fck maradt a br\u00f3kerc\u00e9gek \u00fcgyfeleinek arra, hogy eleget tegyenek a t\u00f6rv\u00e9nyben el\u0151\u00edrt azonos\u00edt\u00e1si k\u00f6telezetts\u00e9g\u00fcknek, m\u00e1sk\u00fcl\u00f6nben nem f\u00e9rhetnek hozz\u00e1 az \u00e9rt\u00e9kpap\u00edrsz\u00e1ml\u00e1ikhoz. A mag\u00e1nszem\u00e9lyek dolga egyszer\u0171bb, a v\u00e1llalati \u00fcgyfeleknek \u00e9s a hazai br\u00f3kerc\u00e9gek k\u00fclf\u00f6ldi klienseinek \u00f6sszetettebb proced\u00far\u00e1n kell \u00e1tesni\u00fck.<\/p>\n<div id=\"attachment_1582118\" style=\"width: 1034px\" class=\"wp-caption alignnone\">\n<p class=\"wp-caption-text\">Fot\u00f3: VG \/ M\u00f3ricz-Sabj\u00e1n Simon<\/p>\n<\/div>\n<p>Ismert, hogy id\u00e9n j\u00fanius 26-ig minden p\u00e9nz\u00fcgyi int\u00e9zm\u00e9nynek el kell v\u00e9geznie azoknak az \u00fcgyfeleknek a teljes k\u00f6r\u0171 \u00e1tvil\u00e1g\u00edt\u00e1s\u00e1t, akikkel 2017 j\u00faniusa el\u0151tt k\u00f6t\u00f6ttek szerz\u0151d\u00e9st. A k\u00f6telezetts\u00e9g teljes\u00edt\u00e9s\u00e9re a k\u00e9t \u00e9ve hat\u00e1lyos p\u00e9nzmos\u00e1s \u00e9s terrorizmusfinansz\u00edroz\u00e1s (Pmt.) elleni t\u00f6rv\u00e9ny el\u0151\u00edr\u00e1sa miatt van sz\u00fcks\u00e9g. Ahogy a Magyar Nemzeti Bank t\u00e1j\u00e9koztat\u00f3j\u00e1b\u00f3l kider\u00fcl, a p\u00e9nz\u00fcgyi int\u00e9zm\u00e9nyek az azonos\u00edt\u00e1s hi\u00e1ny\u00e1ban nem teljes\u00edthetik az \u00fcgyfelek megb\u00edz\u00e1sait. T\u00f6bb hazai br\u00f3kerc\u00e9g honlapja kiemelt hely\u00e9n igyekszik eml\u00e9keztetni az \u00fcgyfeleit az egy\u00e9bk\u00e9nt t\u00f6bbf\u00e9le m\u00f3don elv\u00e9gezhet\u0151 k\u00f6telezetts\u00e9gre. A Vil\u00e1ggazdas\u00e1g arra volt k\u00edv\u00e1ncsi, hogy a hazai br\u00f3kerc\u00e9gekn\u00e9l l\u00e9v\u0151 \u00fcgyfelek a hat\u00e1rid\u0151 lej\u00e1rta el\u0151tt kevesebb mint egy h\u00e9ttel milyen ar\u00e1nyban estek t\u00fal a megism\u00e9telt \u00e1tvil\u00e1g\u00edt\u00e1son. K\u00f6rk\u00e9rd\u00e9s\u00fcnkre az Equilor Befektet\u00e9si Zrt. azt v\u00e1laszolta, hogy az akt\u00edv \u00fcgyfelei nagy r\u00e9sze m\u00e1r eleget tett az adatszolg\u00e1ltat\u00e1snak, a nyilatkozatok megt\u00e9tele, az adategyeztet\u00e9sek folyamatosan haladnak. \u201eA jogi szem\u00e9lyek eset\u00e9ben az adatszolg\u00e1ltat\u00e1s bonyolultabb, \u00e9s a megadand\u00f3 adatok k\u00f6re is sz\u00e9lesebb. A k\u00fclf\u00f6ldi \u00fcgyfelekn\u00e9l bizonyos esetekben a sztenderdt\u0151l elt\u00e9r\u0151 elj\u00e1r\u00e1sokra ker\u00fcl sor\u201d \u2013 f\u0171zt\u00e9k hozz\u00e1 \u00edr\u00e1sos v\u00e1laszukban.<\/p>\n<p style=\"text-align: right;\"><em>A teljes cikk a Vil\u00e1ggazdas\u00e1g cs\u00fct\u00f6rt\u00f6ki sz\u00e1m\u00e1ban olvashat\u00f3.<\/em><\/p>\n<\/p><\/div>\n<p><script>\n    window.fbAsyncInit = function() {\n        FB.init({\n            appId      : \"204760236815359\",\n            xfbml      : true,\n            version    : \"v2.12\"\n        });\n        FB.AppEvents.logPageView();\n    };<\/p>\n<p>    (function(d, s, id){\n        var js, fjs = d.getElementsByTagName(s)[0];\n        if (d.getElementById(id)) {return;}\n        js = d.createElement(s); js.id = id;\n        js.src = \"http:\/\/connect.facebook.net\/hu_HU\/sdk.js\";\n        fjs.parentNode.insertBefore(js, fjs);\n    }(document, \"script\", \"facebook-jssdk\"));\n<\/script><br \/>\n<br \/>[ad_2]<br \/>\n<br \/><a href=\"https:\/\/www.vg.hu\/penzugy\/tozsde\/maradtak-meg-azonositatlan-ugyfelek-2-1582112\/\">Source link <\/a><\/p>\n","protected":false},"excerpt":{"rendered":"<p>[ad_1] J\u00fanius 26-ig kell a br\u00f3kerc\u00e9gek \u00fcgyfeleinek eleget tenni\u00fck az ism\u00e9telt azonos\u00edt\u00e1si, adatszolg\u00e1ltat\u00e1si k\u00f6telezetts\u00e9g\u00fcknek. A mag\u00e1nszem\u00e9lyek dolga egyszer\u0171bb, a v\u00e1llalati \u00e9s k\u00fclf\u00f6ldi \u00fcgyfelekre \u00f6sszetettebb proced\u00fara v\u00e1r. Egy het\u00fck maradt a br\u00f3kerc\u00e9gek \u00fcgyfeleinek arra, hogy eleget tegyenek a t\u00f6rv\u00e9nyben el\u0151\u00edrt azonos\u00edt\u00e1si k\u00f6telezetts\u00e9g\u00fcknek, m\u00e1sk\u00fcl\u00f6nben nem f\u00e9rhetnek hozz\u00e1 az \u00e9rt\u00e9kpap\u00edrsz\u00e1ml\u00e1ikhoz. A mag\u00e1nszem\u00e9lyek dolga egyszer\u0171bb, a v\u00e1llalati \u00fcgyfeleknek \u00e9s [&hellip;]<\/p>\n","protected":false},"author":2,"featured_media":4451,"comment_status":"open","ping_status":"open","sticky":false,"template":"","format":"standard","meta":{"footnotes":""},"categories":[1],"tags":[],"class_list":["post-4450","post","type-post","status-publish","format-standard","has-post-thumbnail","hentry","category-penzugyi-hirek"],"yoast_head":"<!-- This site is optimized with the Yoast SEO plugin v27.4 - https:\/\/yoast.com\/product\/yoast-seo-wordpress\/ -->\n<title>Maradtak m\u00e9g azonos\u00edtatlan \u00fcgyfelek | Vil\u00e1ggazdas\u00e1g - Super News<\/title>\n<meta name=\"robots\" content=\"index, follow, max-snippet:-1, max-image-preview:large, max-video-preview:-1\" \/>\n<link rel=\"canonical\" href=\"https:\/\/super-news.info\/hu\/maradtak-meg-azonositatlan-ugyfelek-vilaggazdasag\/\" \/>\n<meta property=\"og:locale\" content=\"hu_HU\" \/>\n<meta property=\"og:type\" content=\"article\" \/>\n<meta property=\"og:title\" content=\"Maradtak m\u00e9g azonos\u00edtatlan \u00fcgyfelek | Vil\u00e1ggazdas\u00e1g - Super News\" \/>\n<meta property=\"og:description\" content=\"[ad_1] J\u00fanius 26-ig kell a br\u00f3kerc\u00e9gek \u00fcgyfeleinek eleget tenni\u00fck az ism\u00e9telt azonos\u00edt\u00e1si, adatszolg\u00e1ltat\u00e1si k\u00f6telezetts\u00e9g\u00fcknek. A mag\u00e1nszem\u00e9lyek dolga egyszer\u0171bb, a v\u00e1llalati \u00e9s k\u00fclf\u00f6ldi \u00fcgyfelekre \u00f6sszetettebb proced\u00fara v\u00e1r. Egy het\u00fck maradt a br\u00f3kerc\u00e9gek \u00fcgyfeleinek arra, hogy eleget tegyenek a t\u00f6rv\u00e9nyben el\u0151\u00edrt azonos\u00edt\u00e1si k\u00f6telezetts\u00e9g\u00fcknek, m\u00e1sk\u00fcl\u00f6nben nem f\u00e9rhetnek hozz\u00e1 az \u00e9rt\u00e9kpap\u00edrsz\u00e1ml\u00e1ikhoz. A mag\u00e1nszem\u00e9lyek dolga egyszer\u0171bb, a v\u00e1llalati \u00fcgyfeleknek \u00e9s [&hellip;]\" \/>\n<meta property=\"og:url\" content=\"https:\/\/super-news.info\/hu\/maradtak-meg-azonositatlan-ugyfelek-vilaggazdasag\/\" \/>\n<meta property=\"og:site_name\" content=\"Super News\" \/>\n<meta property=\"article:published_time\" content=\"2019-06-20T08:00:32+00:00\" \/>\n<meta property=\"article:modified_time\" content=\"2019-06-20T08:00:33+00:00\" \/>\n<meta property=\"og:image\" content=\"https:\/\/super-news.info\/hu\/wp-content\/uploads\/sites\/3\/2019\/06\/Maradtak-m\u00e9g-azonos\u00edtatlan-\u00fcgyfelek-Vil\u00e1ggazdas\u00e1g.jpg\" \/>\n\t<meta property=\"og:image:width\" content=\"1024\" \/>\n\t<meta property=\"og:image:height\" content=\"682\" \/>\n\t<meta property=\"og:image:type\" content=\"image\/jpeg\" \/>\n<meta name=\"author\" content=\"super-news\" \/>\n<meta name=\"twitter:card\" content=\"summary_large_image\" \/>\n<meta name=\"twitter:label1\" content=\"Szerz\u0151:\" \/>\n\t<meta name=\"twitter:data1\" content=\"super-news\" \/>\n\t<meta name=\"twitter:label2\" content=\"Becs\u00fclt olvas\u00e1si id\u0151\" \/>\n\t<meta name=\"twitter:data2\" content=\"2 perc\" \/>\n<script type=\"application\/ld+json\" class=\"yoast-schema-graph\">{\"@context\":\"https:\\\/\\\/schema.org\",\"@graph\":[{\"@type\":\"Article\",\"@id\":\"https:\\\/\\\/super-news.info\\\/hu\\\/maradtak-meg-azonositatlan-ugyfelek-vilaggazdasag\\\/#article\",\"isPartOf\":{\"@id\":\"https:\\\/\\\/super-news.info\\\/hu\\\/maradtak-meg-azonositatlan-ugyfelek-vilaggazdasag\\\/\"},\"author\":{\"name\":\"super-news\",\"@id\":\"https:\\\/\\\/super-news.info\\\/hu\\\/#\\\/schema\\\/person\\\/2d4068cb2f39cd10008c2fce578a7356\"},\"headline\":\"Maradtak m\u00e9g azonos\u00edtatlan \u00fcgyfelek | Vil\u00e1ggazdas\u00e1g\",\"datePublished\":\"2019-06-20T08:00:32+00:00\",\"dateModified\":\"2019-06-20T08:00:33+00:00\",\"mainEntityOfPage\":{\"@id\":\"https:\\\/\\\/super-news.info\\\/hu\\\/maradtak-meg-azonositatlan-ugyfelek-vilaggazdasag\\\/\"},\"wordCount\":415,\"commentCount\":0,\"image\":{\"@id\":\"https:\\\/\\\/super-news.info\\\/hu\\\/maradtak-meg-azonositatlan-ugyfelek-vilaggazdasag\\\/#primaryimage\"},\"thumbnailUrl\":\"https:\\\/\\\/super-news.info\\\/hu\\\/wp-content\\\/uploads\\\/sites\\\/3\\\/2019\\\/06\\\/Maradtak-m\u00e9g-azonos\u00edtatlan-\u00fcgyfelek-Vil\u00e1ggazdas\u00e1g.jpg\",\"articleSection\":[\"P\u00c9NZ\u00dcGYI H\u00cdREK\"],\"inLanguage\":\"hu\",\"potentialAction\":[{\"@type\":\"CommentAction\",\"name\":\"Comment\",\"target\":[\"https:\\\/\\\/super-news.info\\\/hu\\\/maradtak-meg-azonositatlan-ugyfelek-vilaggazdasag\\\/#respond\"]}]},{\"@type\":\"WebPage\",\"@id\":\"https:\\\/\\\/super-news.info\\\/hu\\\/maradtak-meg-azonositatlan-ugyfelek-vilaggazdasag\\\/\",\"url\":\"https:\\\/\\\/super-news.info\\\/hu\\\/maradtak-meg-azonositatlan-ugyfelek-vilaggazdasag\\\/\",\"name\":\"Maradtak m\u00e9g azonos\u00edtatlan \u00fcgyfelek | Vil\u00e1ggazdas\u00e1g - Super News\",\"isPartOf\":{\"@id\":\"https:\\\/\\\/super-news.info\\\/hu\\\/#website\"},\"primaryImageOfPage\":{\"@id\":\"https:\\\/\\\/super-news.info\\\/hu\\\/maradtak-meg-azonositatlan-ugyfelek-vilaggazdasag\\\/#primaryimage\"},\"image\":{\"@id\":\"https:\\\/\\\/super-news.info\\\/hu\\\/maradtak-meg-azonositatlan-ugyfelek-vilaggazdasag\\\/#primaryimage\"},\"thumbnailUrl\":\"https:\\\/\\\/super-news.info\\\/hu\\\/wp-content\\\/uploads\\\/sites\\\/3\\\/2019\\\/06\\\/Maradtak-m\u00e9g-azonos\u00edtatlan-\u00fcgyfelek-Vil\u00e1ggazdas\u00e1g.jpg\",\"datePublished\":\"2019-06-20T08:00:32+00:00\",\"dateModified\":\"2019-06-20T08:00:33+00:00\",\"author\":{\"@id\":\"https:\\\/\\\/super-news.info\\\/hu\\\/#\\\/schema\\\/person\\\/2d4068cb2f39cd10008c2fce578a7356\"},\"breadcrumb\":{\"@id\":\"https:\\\/\\\/super-news.info\\\/hu\\\/maradtak-meg-azonositatlan-ugyfelek-vilaggazdasag\\\/#breadcrumb\"},\"inLanguage\":\"hu\",\"potentialAction\":[{\"@type\":\"ReadAction\",\"target\":[\"https:\\\/\\\/super-news.info\\\/hu\\\/maradtak-meg-azonositatlan-ugyfelek-vilaggazdasag\\\/\"]}]},{\"@type\":\"ImageObject\",\"inLanguage\":\"hu\",\"@id\":\"https:\\\/\\\/super-news.info\\\/hu\\\/maradtak-meg-azonositatlan-ugyfelek-vilaggazdasag\\\/#primaryimage\",\"url\":\"https:\\\/\\\/super-news.info\\\/hu\\\/wp-content\\\/uploads\\\/sites\\\/3\\\/2019\\\/06\\\/Maradtak-m\u00e9g-azonos\u00edtatlan-\u00fcgyfelek-Vil\u00e1ggazdas\u00e1g.jpg\",\"contentUrl\":\"https:\\\/\\\/super-news.info\\\/hu\\\/wp-content\\\/uploads\\\/sites\\\/3\\\/2019\\\/06\\\/Maradtak-m\u00e9g-azonos\u00edtatlan-\u00fcgyfelek-Vil\u00e1ggazdas\u00e1g.jpg\",\"width\":1024,\"height\":682,\"caption\":\"Maradtak m\u00e9g azonos\u00edtatlan \u00fcgyfelek | Vil\u00e1ggazdas\u00e1g\"},{\"@type\":\"BreadcrumbList\",\"@id\":\"https:\\\/\\\/super-news.info\\\/hu\\\/maradtak-meg-azonositatlan-ugyfelek-vilaggazdasag\\\/#breadcrumb\",\"itemListElement\":[{\"@type\":\"ListItem\",\"position\":1,\"name\":\"\u0413\u043b\u0430\u0432\u043d\u0430\u044f \u0441\u0442\u0440\u0430\u043d\u0438\u0446\u0430\",\"item\":\"https:\\\/\\\/super-news.info\\\/hu\\\/\"},{\"@type\":\"ListItem\",\"position\":2,\"name\":\"Maradtak m\u00e9g azonos\u00edtatlan \u00fcgyfelek | Vil\u00e1ggazdas\u00e1g\"}]},{\"@type\":\"WebSite\",\"@id\":\"https:\\\/\\\/super-news.info\\\/hu\\\/#website\",\"url\":\"https:\\\/\\\/super-news.info\\\/hu\\\/\",\"name\":\"Super News\",\"description\":\"Super News Magyarorsz\u00e1g\",\"potentialAction\":[{\"@type\":\"SearchAction\",\"target\":{\"@type\":\"EntryPoint\",\"urlTemplate\":\"https:\\\/\\\/super-news.info\\\/hu\\\/?s={search_term_string}\"},\"query-input\":{\"@type\":\"PropertyValueSpecification\",\"valueRequired\":true,\"valueName\":\"search_term_string\"}}],\"inLanguage\":\"hu\"},{\"@type\":\"Person\",\"@id\":\"https:\\\/\\\/super-news.info\\\/hu\\\/#\\\/schema\\\/person\\\/2d4068cb2f39cd10008c2fce578a7356\",\"name\":\"super-news\",\"image\":{\"@type\":\"ImageObject\",\"inLanguage\":\"hu\",\"@id\":\"https:\\\/\\\/secure.gravatar.com\\\/avatar\\\/64ebac40b93f26a154f8a9b5b6fdccfc46f442b26b3dd6756dbff3bf9dc76fd7?s=96&d=mm&r=g\",\"url\":\"https:\\\/\\\/secure.gravatar.com\\\/avatar\\\/64ebac40b93f26a154f8a9b5b6fdccfc46f442b26b3dd6756dbff3bf9dc76fd7?s=96&d=mm&r=g\",\"contentUrl\":\"https:\\\/\\\/secure.gravatar.com\\\/avatar\\\/64ebac40b93f26a154f8a9b5b6fdccfc46f442b26b3dd6756dbff3bf9dc76fd7?s=96&d=mm&r=g\",\"caption\":\"super-news\"},\"url\":\"https:\\\/\\\/super-news.info\\\/hu\\\/author\\\/pt\\\/\"}]}<\/script>\n<!-- \/ Yoast SEO plugin. -->","yoast_head_json":{"title":"Maradtak m\u00e9g azonos\u00edtatlan \u00fcgyfelek | Vil\u00e1ggazdas\u00e1g - Super News","robots":{"index":"index","follow":"follow","max-snippet":"max-snippet:-1","max-image-preview":"max-image-preview:large","max-video-preview":"max-video-preview:-1"},"canonical":"https:\/\/super-news.info\/hu\/maradtak-meg-azonositatlan-ugyfelek-vilaggazdasag\/","og_locale":"hu_HU","og_type":"article","og_title":"Maradtak m\u00e9g azonos\u00edtatlan \u00fcgyfelek | Vil\u00e1ggazdas\u00e1g - Super News","og_description":"[ad_1] J\u00fanius 26-ig kell a br\u00f3kerc\u00e9gek \u00fcgyfeleinek eleget tenni\u00fck az ism\u00e9telt azonos\u00edt\u00e1si, adatszolg\u00e1ltat\u00e1si k\u00f6telezetts\u00e9g\u00fcknek. A mag\u00e1nszem\u00e9lyek dolga egyszer\u0171bb, a v\u00e1llalati \u00e9s k\u00fclf\u00f6ldi \u00fcgyfelekre \u00f6sszetettebb proced\u00fara v\u00e1r. Egy het\u00fck maradt a br\u00f3kerc\u00e9gek \u00fcgyfeleinek arra, hogy eleget tegyenek a t\u00f6rv\u00e9nyben el\u0151\u00edrt azonos\u00edt\u00e1si k\u00f6telezetts\u00e9g\u00fcknek, m\u00e1sk\u00fcl\u00f6nben nem f\u00e9rhetnek hozz\u00e1 az \u00e9rt\u00e9kpap\u00edrsz\u00e1ml\u00e1ikhoz. A mag\u00e1nszem\u00e9lyek dolga egyszer\u0171bb, a v\u00e1llalati \u00fcgyfeleknek \u00e9s [&hellip;]","og_url":"https:\/\/super-news.info\/hu\/maradtak-meg-azonositatlan-ugyfelek-vilaggazdasag\/","og_site_name":"Super News","article_published_time":"2019-06-20T08:00:32+00:00","article_modified_time":"2019-06-20T08:00:33+00:00","og_image":[{"width":1024,"height":682,"url":"https:\/\/super-news.info\/hu\/wp-content\/uploads\/sites\/3\/2019\/06\/Maradtak-m\u00e9g-azonos\u00edtatlan-\u00fcgyfelek-Vil\u00e1ggazdas\u00e1g.jpg","type":"image\/jpeg"}],"author":"super-news","twitter_card":"summary_large_image","twitter_misc":{"Szerz\u0151:":"super-news","Becs\u00fclt olvas\u00e1si id\u0151":"2 perc"},"schema":{"@context":"https:\/\/schema.org","@graph":[{"@type":"Article","@id":"https:\/\/super-news.info\/hu\/maradtak-meg-azonositatlan-ugyfelek-vilaggazdasag\/#article","isPartOf":{"@id":"https:\/\/super-news.info\/hu\/maradtak-meg-azonositatlan-ugyfelek-vilaggazdasag\/"},"author":{"name":"super-news","@id":"https:\/\/super-news.info\/hu\/#\/schema\/person\/2d4068cb2f39cd10008c2fce578a7356"},"headline":"Maradtak m\u00e9g azonos\u00edtatlan \u00fcgyfelek | Vil\u00e1ggazdas\u00e1g","datePublished":"2019-06-20T08:00:32+00:00","dateModified":"2019-06-20T08:00:33+00:00","mainEntityOfPage":{"@id":"https:\/\/super-news.info\/hu\/maradtak-meg-azonositatlan-ugyfelek-vilaggazdasag\/"},"wordCount":415,"commentCount":0,"image":{"@id":"https:\/\/super-news.info\/hu\/maradtak-meg-azonositatlan-ugyfelek-vilaggazdasag\/#primaryimage"},"thumbnailUrl":"https:\/\/super-news.info\/hu\/wp-content\/uploads\/sites\/3\/2019\/06\/Maradtak-m\u00e9g-azonos\u00edtatlan-\u00fcgyfelek-Vil\u00e1ggazdas\u00e1g.jpg","articleSection":["P\u00c9NZ\u00dcGYI H\u00cdREK"],"inLanguage":"hu","potentialAction":[{"@type":"CommentAction","name":"Comment","target":["https:\/\/super-news.info\/hu\/maradtak-meg-azonositatlan-ugyfelek-vilaggazdasag\/#respond"]}]},{"@type":"WebPage","@id":"https:\/\/super-news.info\/hu\/maradtak-meg-azonositatlan-ugyfelek-vilaggazdasag\/","url":"https:\/\/super-news.info\/hu\/maradtak-meg-azonositatlan-ugyfelek-vilaggazdasag\/","name":"Maradtak m\u00e9g azonos\u00edtatlan \u00fcgyfelek | Vil\u00e1ggazdas\u00e1g - Super News","isPartOf":{"@id":"https:\/\/super-news.info\/hu\/#website"},"primaryImageOfPage":{"@id":"https:\/\/super-news.info\/hu\/maradtak-meg-azonositatlan-ugyfelek-vilaggazdasag\/#primaryimage"},"image":{"@id":"https:\/\/super-news.info\/hu\/maradtak-meg-azonositatlan-ugyfelek-vilaggazdasag\/#primaryimage"},"thumbnailUrl":"https:\/\/super-news.info\/hu\/wp-content\/uploads\/sites\/3\/2019\/06\/Maradtak-m\u00e9g-azonos\u00edtatlan-\u00fcgyfelek-Vil\u00e1ggazdas\u00e1g.jpg","datePublished":"2019-06-20T08:00:32+00:00","dateModified":"2019-06-20T08:00:33+00:00","author":{"@id":"https:\/\/super-news.info\/hu\/#\/schema\/person\/2d4068cb2f39cd10008c2fce578a7356"},"breadcrumb":{"@id":"https:\/\/super-news.info\/hu\/maradtak-meg-azonositatlan-ugyfelek-vilaggazdasag\/#breadcrumb"},"inLanguage":"hu","potentialAction":[{"@type":"ReadAction","target":["https:\/\/super-news.info\/hu\/maradtak-meg-azonositatlan-ugyfelek-vilaggazdasag\/"]}]},{"@type":"ImageObject","inLanguage":"hu","@id":"https:\/\/super-news.info\/hu\/maradtak-meg-azonositatlan-ugyfelek-vilaggazdasag\/#primaryimage","url":"https:\/\/super-news.info\/hu\/wp-content\/uploads\/sites\/3\/2019\/06\/Maradtak-m\u00e9g-azonos\u00edtatlan-\u00fcgyfelek-Vil\u00e1ggazdas\u00e1g.jpg","contentUrl":"https:\/\/super-news.info\/hu\/wp-content\/uploads\/sites\/3\/2019\/06\/Maradtak-m\u00e9g-azonos\u00edtatlan-\u00fcgyfelek-Vil\u00e1ggazdas\u00e1g.jpg","width":1024,"height":682,"caption":"Maradtak m\u00e9g azonos\u00edtatlan \u00fcgyfelek | Vil\u00e1ggazdas\u00e1g"},{"@type":"BreadcrumbList","@id":"https:\/\/super-news.info\/hu\/maradtak-meg-azonositatlan-ugyfelek-vilaggazdasag\/#breadcrumb","itemListElement":[{"@type":"ListItem","position":1,"name":"\u0413\u043b\u0430\u0432\u043d\u0430\u044f \u0441\u0442\u0440\u0430\u043d\u0438\u0446\u0430","item":"https:\/\/super-news.info\/hu\/"},{"@type":"ListItem","position":2,"name":"Maradtak m\u00e9g azonos\u00edtatlan \u00fcgyfelek | Vil\u00e1ggazdas\u00e1g"}]},{"@type":"WebSite","@id":"https:\/\/super-news.info\/hu\/#website","url":"https:\/\/super-news.info\/hu\/","name":"Super News","description":"Super News Magyarorsz\u00e1g","potentialAction":[{"@type":"SearchAction","target":{"@type":"EntryPoint","urlTemplate":"https:\/\/super-news.info\/hu\/?s={search_term_string}"},"query-input":{"@type":"PropertyValueSpecification","valueRequired":true,"valueName":"search_term_string"}}],"inLanguage":"hu"},{"@type":"Person","@id":"https:\/\/super-news.info\/hu\/#\/schema\/person\/2d4068cb2f39cd10008c2fce578a7356","name":"super-news","image":{"@type":"ImageObject","inLanguage":"hu","@id":"https:\/\/secure.gravatar.com\/avatar\/64ebac40b93f26a154f8a9b5b6fdccfc46f442b26b3dd6756dbff3bf9dc76fd7?s=96&d=mm&r=g","url":"https:\/\/secure.gravatar.com\/avatar\/64ebac40b93f26a154f8a9b5b6fdccfc46f442b26b3dd6756dbff3bf9dc76fd7?s=96&d=mm&r=g","contentUrl":"https:\/\/secure.gravatar.com\/avatar\/64ebac40b93f26a154f8a9b5b6fdccfc46f442b26b3dd6756dbff3bf9dc76fd7?s=96&d=mm&r=g","caption":"super-news"},"url":"https:\/\/super-news.info\/hu\/author\/pt\/"}]}},"_links":{"self":[{"href":"https:\/\/super-news.info\/hu\/wp-json\/wp\/v2\/posts\/4450","targetHints":{"allow":["GET"]}}],"collection":[{"href":"https:\/\/super-news.info\/hu\/wp-json\/wp\/v2\/posts"}],"about":[{"href":"https:\/\/super-news.info\/hu\/wp-json\/wp\/v2\/types\/post"}],"author":[{"embeddable":true,"href":"https:\/\/super-news.info\/hu\/wp-json\/wp\/v2\/users\/2"}],"replies":[{"embeddable":true,"href":"https:\/\/super-news.info\/hu\/wp-json\/wp\/v2\/comments?post=4450"}],"version-history":[{"count":1,"href":"https:\/\/super-news.info\/hu\/wp-json\/wp\/v2\/posts\/4450\/revisions"}],"predecessor-version":[{"id":4452,"href":"https:\/\/super-news.info\/hu\/wp-json\/wp\/v2\/posts\/4450\/revisions\/4452"}],"wp:featuredmedia":[{"embeddable":true,"href":"https:\/\/super-news.info\/hu\/wp-json\/wp\/v2\/media\/4451"}],"wp:attachment":[{"href":"https:\/\/super-news.info\/hu\/wp-json\/wp\/v2\/media?parent=4450"}],"wp:term":[{"taxonomy":"category","embeddable":true,"href":"https:\/\/super-news.info\/hu\/wp-json\/wp\/v2\/categories?post=4450"},{"taxonomy":"post_tag","embeddable":true,"href":"https:\/\/super-news.info\/hu\/wp-json\/wp\/v2\/tags?post=4450"}],"curies":[{"name":"wp","href":"https:\/\/api.w.org\/{rel}","templated":true}]}}