{"id":4438,"date":"2019-06-20T06:14:50","date_gmt":"2019-06-20T03:14:50","guid":{"rendered":"https:\/\/super-news.info\/hu\/budapestnek-uj-terminalra-van-szuksege\/"},"modified":"2019-06-20T06:14:51","modified_gmt":"2019-06-20T03:14:51","slug":"budapestnek-uj-terminalra-van-szuksege","status":"publish","type":"post","link":"https:\/\/super-news.info\/hu\/budapestnek-uj-terminalra-van-szuksege\/","title":{"rendered":"Budapestnek \u00faj termin\u00e1lra van sz\u00fcks\u00e9ge"},"content":{"rendered":"<p> [ad_1]<br \/>\n<br \/>Jelent\u0151s k\u00e9szp\u00e9nzmennyis\u00e9get termel a Wizz Air, \u00e1m hagyom\u00e1nyos akviz\u00edci\u00f3kban m\u00e9gsem gondolkodnak, ahogy ellens\u00e9ges felv\u00e1s\u00e1rl\u00e1st\u00f3l sem tartanak \u2013 mondta lapunknak V\u00e1radi J\u00f3zsef, a t\u00e1rsas\u00e1g alap\u00edt\u00f3 vez\u00e9rigazgat\u00f3ja, aki szerint a budapesti t\u0151zsdei megjelen\u00e9s ilyen c\u00e9gm\u00e9ret mellett nem indokolt.<br \/>\n<br \/>[ad_2]<br \/>\n<br \/><a href=\"https:\/\/www.vg.hu\/vilaggazdasag\/vilaggazdasag-tozsde\/budapestnek-uj-terminalra-van-szuksege-1580663\/\">Source link <\/a><\/p>\n","protected":false},"excerpt":{"rendered":"<p>[ad_1] Jelent\u0151s k\u00e9szp\u00e9nzmennyis\u00e9get termel a Wizz Air, \u00e1m hagyom\u00e1nyos akviz\u00edci\u00f3kban m\u00e9gsem gondolkodnak, ahogy ellens\u00e9ges felv\u00e1s\u00e1rl\u00e1st\u00f3l sem tartanak \u2013 mondta lapunknak V\u00e1radi J\u00f3zsef, a t\u00e1rsas\u00e1g alap\u00edt\u00f3 vez\u00e9rigazgat\u00f3ja, aki szerint a budapesti t\u0151zsdei megjelen\u00e9s ilyen c\u00e9gm\u00e9ret mellett nem indokolt. [ad_2] Source link<\/p>\n","protected":false},"author":2,"featured_media":300,"comment_status":"open","ping_status":"open","sticky":false,"template":"","format":"standard","meta":{"footnotes":""},"categories":[1],"tags":[],"class_list":["post-4438","post","type-post","status-publish","format-standard","has-post-thumbnail","hentry","category-penzugyi-hirek"],"yoast_head":"<!-- This site is optimized with the Yoast SEO plugin v27.4 - https:\/\/yoast.com\/product\/yoast-seo-wordpress\/ -->\n<title>Budapestnek \u00faj termin\u00e1lra van sz\u00fcks\u00e9ge - Super News<\/title>\n<meta name=\"robots\" content=\"index, follow, max-snippet:-1, max-image-preview:large, max-video-preview:-1\" \/>\n<link rel=\"canonical\" href=\"https:\/\/super-news.info\/hu\/budapestnek-uj-terminalra-van-szuksege\/\" \/>\n<meta property=\"og:locale\" content=\"hu_HU\" \/>\n<meta property=\"og:type\" content=\"article\" \/>\n<meta property=\"og:title\" content=\"Budapestnek \u00faj termin\u00e1lra van sz\u00fcks\u00e9ge - Super News\" \/>\n<meta property=\"og:description\" content=\"[ad_1] Jelent\u0151s k\u00e9szp\u00e9nzmennyis\u00e9get termel a Wizz Air, \u00e1m hagyom\u00e1nyos akviz\u00edci\u00f3kban m\u00e9gsem gondolkodnak, ahogy ellens\u00e9ges felv\u00e1s\u00e1rl\u00e1st\u00f3l sem tartanak \u2013 mondta lapunknak V\u00e1radi J\u00f3zsef, a t\u00e1rsas\u00e1g alap\u00edt\u00f3 vez\u00e9rigazgat\u00f3ja, aki szerint a budapesti t\u0151zsdei megjelen\u00e9s ilyen c\u00e9gm\u00e9ret mellett nem indokolt. [ad_2] Source link\" \/>\n<meta property=\"og:url\" content=\"https:\/\/super-news.info\/hu\/budapestnek-uj-terminalra-van-szuksege\/\" \/>\n<meta property=\"og:site_name\" content=\"Super News\" \/>\n<meta property=\"article:published_time\" content=\"2019-06-20T03:14:50+00:00\" \/>\n<meta property=\"article:modified_time\" content=\"2019-06-20T03:14:51+00:00\" \/>\n<meta property=\"og:image\" content=\"https:\/\/super-news.info\/hu\/wp-content\/uploads\/sites\/3\/2019\/04\/V\u00e1ltoz\u00f3-k\u00e9pet-mutat-az-eur\u00f3pai-keresked\u00e9s.png\" \/>\n\t<meta property=\"og:image:width\" content=\"1400\" \/>\n\t<meta property=\"og:image:height\" content=\"900\" \/>\n\t<meta property=\"og:image:type\" content=\"image\/png\" \/>\n<meta name=\"author\" content=\"super-news\" \/>\n<meta name=\"twitter:card\" content=\"summary_large_image\" \/>\n<meta name=\"twitter:label1\" content=\"Szerz\u0151:\" \/>\n\t<meta name=\"twitter:data1\" content=\"super-news\" \/>\n<script type=\"application\/ld+json\" class=\"yoast-schema-graph\">{\"@context\":\"https:\\\/\\\/schema.org\",\"@graph\":[{\"@type\":\"Article\",\"@id\":\"https:\\\/\\\/super-news.info\\\/hu\\\/budapestnek-uj-terminalra-van-szuksege\\\/#article\",\"isPartOf\":{\"@id\":\"https:\\\/\\\/super-news.info\\\/hu\\\/budapestnek-uj-terminalra-van-szuksege\\\/\"},\"author\":{\"name\":\"super-news\",\"@id\":\"https:\\\/\\\/super-news.info\\\/hu\\\/#\\\/schema\\\/person\\\/2d4068cb2f39cd10008c2fce578a7356\"},\"headline\":\"Budapestnek \u00faj termin\u00e1lra van sz\u00fcks\u00e9ge\",\"datePublished\":\"2019-06-20T03:14:50+00:00\",\"dateModified\":\"2019-06-20T03:14:51+00:00\",\"mainEntityOfPage\":{\"@id\":\"https:\\\/\\\/super-news.info\\\/hu\\\/budapestnek-uj-terminalra-van-szuksege\\\/\"},\"wordCount\":71,\"commentCount\":0,\"image\":{\"@id\":\"https:\\\/\\\/super-news.info\\\/hu\\\/budapestnek-uj-terminalra-van-szuksege\\\/#primaryimage\"},\"thumbnailUrl\":\"https:\\\/\\\/super-news.info\\\/hu\\\/wp-content\\\/uploads\\\/sites\\\/3\\\/2019\\\/04\\\/V\u00e1ltoz\u00f3-k\u00e9pet-mutat-az-eur\u00f3pai-keresked\u00e9s.png\",\"articleSection\":[\"P\u00c9NZ\u00dcGYI H\u00cdREK\"],\"inLanguage\":\"hu\",\"potentialAction\":[{\"@type\":\"CommentAction\",\"name\":\"Comment\",\"target\":[\"https:\\\/\\\/super-news.info\\\/hu\\\/budapestnek-uj-terminalra-van-szuksege\\\/#respond\"]}]},{\"@type\":\"WebPage\",\"@id\":\"https:\\\/\\\/super-news.info\\\/hu\\\/budapestnek-uj-terminalra-van-szuksege\\\/\",\"url\":\"https:\\\/\\\/super-news.info\\\/hu\\\/budapestnek-uj-terminalra-van-szuksege\\\/\",\"name\":\"Budapestnek \u00faj termin\u00e1lra van sz\u00fcks\u00e9ge - Super News\",\"isPartOf\":{\"@id\":\"https:\\\/\\\/super-news.info\\\/hu\\\/#website\"},\"primaryImageOfPage\":{\"@id\":\"https:\\\/\\\/super-news.info\\\/hu\\\/budapestnek-uj-terminalra-van-szuksege\\\/#primaryimage\"},\"image\":{\"@id\":\"https:\\\/\\\/super-news.info\\\/hu\\\/budapestnek-uj-terminalra-van-szuksege\\\/#primaryimage\"},\"thumbnailUrl\":\"https:\\\/\\\/super-news.info\\\/hu\\\/wp-content\\\/uploads\\\/sites\\\/3\\\/2019\\\/04\\\/V\u00e1ltoz\u00f3-k\u00e9pet-mutat-az-eur\u00f3pai-keresked\u00e9s.png\",\"datePublished\":\"2019-06-20T03:14:50+00:00\",\"dateModified\":\"2019-06-20T03:14:51+00:00\",\"author\":{\"@id\":\"https:\\\/\\\/super-news.info\\\/hu\\\/#\\\/schema\\\/person\\\/2d4068cb2f39cd10008c2fce578a7356\"},\"breadcrumb\":{\"@id\":\"https:\\\/\\\/super-news.info\\\/hu\\\/budapestnek-uj-terminalra-van-szuksege\\\/#breadcrumb\"},\"inLanguage\":\"hu\",\"potentialAction\":[{\"@type\":\"ReadAction\",\"target\":[\"https:\\\/\\\/super-news.info\\\/hu\\\/budapestnek-uj-terminalra-van-szuksege\\\/\"]}]},{\"@type\":\"ImageObject\",\"inLanguage\":\"hu\",\"@id\":\"https:\\\/\\\/super-news.info\\\/hu\\\/budapestnek-uj-terminalra-van-szuksege\\\/#primaryimage\",\"url\":\"https:\\\/\\\/super-news.info\\\/hu\\\/wp-content\\\/uploads\\\/sites\\\/3\\\/2019\\\/04\\\/V\u00e1ltoz\u00f3-k\u00e9pet-mutat-az-eur\u00f3pai-keresked\u00e9s.png\",\"contentUrl\":\"https:\\\/\\\/super-news.info\\\/hu\\\/wp-content\\\/uploads\\\/sites\\\/3\\\/2019\\\/04\\\/V\u00e1ltoz\u00f3-k\u00e9pet-mutat-az-eur\u00f3pai-keresked\u00e9s.png\",\"width\":1400,\"height\":900,\"caption\":\"V\u00e1ltoz\u00f3 k\u00e9pet mutat az eur\u00f3pai keresked\u00e9s\"},{\"@type\":\"BreadcrumbList\",\"@id\":\"https:\\\/\\\/super-news.info\\\/hu\\\/budapestnek-uj-terminalra-van-szuksege\\\/#breadcrumb\",\"itemListElement\":[{\"@type\":\"ListItem\",\"position\":1,\"name\":\"\u0413\u043b\u0430\u0432\u043d\u0430\u044f \u0441\u0442\u0440\u0430\u043d\u0438\u0446\u0430\",\"item\":\"https:\\\/\\\/super-news.info\\\/hu\\\/\"},{\"@type\":\"ListItem\",\"position\":2,\"name\":\"Budapestnek \u00faj termin\u00e1lra van sz\u00fcks\u00e9ge\"}]},{\"@type\":\"WebSite\",\"@id\":\"https:\\\/\\\/super-news.info\\\/hu\\\/#website\",\"url\":\"https:\\\/\\\/super-news.info\\\/hu\\\/\",\"name\":\"Super News\",\"description\":\"Super News Magyarorsz\u00e1g\",\"potentialAction\":[{\"@type\":\"SearchAction\",\"target\":{\"@type\":\"EntryPoint\",\"urlTemplate\":\"https:\\\/\\\/super-news.info\\\/hu\\\/?s={search_term_string}\"},\"query-input\":{\"@type\":\"PropertyValueSpecification\",\"valueRequired\":true,\"valueName\":\"search_term_string\"}}],\"inLanguage\":\"hu\"},{\"@type\":\"Person\",\"@id\":\"https:\\\/\\\/super-news.info\\\/hu\\\/#\\\/schema\\\/person\\\/2d4068cb2f39cd10008c2fce578a7356\",\"name\":\"super-news\",\"image\":{\"@type\":\"ImageObject\",\"inLanguage\":\"hu\",\"@id\":\"https:\\\/\\\/secure.gravatar.com\\\/avatar\\\/64ebac40b93f26a154f8a9b5b6fdccfc46f442b26b3dd6756dbff3bf9dc76fd7?s=96&d=mm&r=g\",\"url\":\"https:\\\/\\\/secure.gravatar.com\\\/avatar\\\/64ebac40b93f26a154f8a9b5b6fdccfc46f442b26b3dd6756dbff3bf9dc76fd7?s=96&d=mm&r=g\",\"contentUrl\":\"https:\\\/\\\/secure.gravatar.com\\\/avatar\\\/64ebac40b93f26a154f8a9b5b6fdccfc46f442b26b3dd6756dbff3bf9dc76fd7?s=96&d=mm&r=g\",\"caption\":\"super-news\"},\"url\":\"https:\\\/\\\/super-news.info\\\/hu\\\/author\\\/pt\\\/\"}]}<\/script>\n<!-- \/ Yoast SEO plugin. -->","yoast_head_json":{"title":"Budapestnek \u00faj termin\u00e1lra van sz\u00fcks\u00e9ge - Super News","robots":{"index":"index","follow":"follow","max-snippet":"max-snippet:-1","max-image-preview":"max-image-preview:large","max-video-preview":"max-video-preview:-1"},"canonical":"https:\/\/super-news.info\/hu\/budapestnek-uj-terminalra-van-szuksege\/","og_locale":"hu_HU","og_type":"article","og_title":"Budapestnek \u00faj termin\u00e1lra van sz\u00fcks\u00e9ge - Super News","og_description":"[ad_1] Jelent\u0151s k\u00e9szp\u00e9nzmennyis\u00e9get termel a Wizz Air, \u00e1m hagyom\u00e1nyos akviz\u00edci\u00f3kban m\u00e9gsem gondolkodnak, ahogy ellens\u00e9ges felv\u00e1s\u00e1rl\u00e1st\u00f3l sem tartanak \u2013 mondta lapunknak V\u00e1radi J\u00f3zsef, a t\u00e1rsas\u00e1g alap\u00edt\u00f3 vez\u00e9rigazgat\u00f3ja, aki szerint a budapesti t\u0151zsdei megjelen\u00e9s ilyen c\u00e9gm\u00e9ret mellett nem indokolt. [ad_2] Source link","og_url":"https:\/\/super-news.info\/hu\/budapestnek-uj-terminalra-van-szuksege\/","og_site_name":"Super News","article_published_time":"2019-06-20T03:14:50+00:00","article_modified_time":"2019-06-20T03:14:51+00:00","og_image":[{"width":1400,"height":900,"url":"https:\/\/super-news.info\/hu\/wp-content\/uploads\/sites\/3\/2019\/04\/V\u00e1ltoz\u00f3-k\u00e9pet-mutat-az-eur\u00f3pai-keresked\u00e9s.png","type":"image\/png"}],"author":"super-news","twitter_card":"summary_large_image","twitter_misc":{"Szerz\u0151:":"super-news"},"schema":{"@context":"https:\/\/schema.org","@graph":[{"@type":"Article","@id":"https:\/\/super-news.info\/hu\/budapestnek-uj-terminalra-van-szuksege\/#article","isPartOf":{"@id":"https:\/\/super-news.info\/hu\/budapestnek-uj-terminalra-van-szuksege\/"},"author":{"name":"super-news","@id":"https:\/\/super-news.info\/hu\/#\/schema\/person\/2d4068cb2f39cd10008c2fce578a7356"},"headline":"Budapestnek \u00faj termin\u00e1lra van sz\u00fcks\u00e9ge","datePublished":"2019-06-20T03:14:50+00:00","dateModified":"2019-06-20T03:14:51+00:00","mainEntityOfPage":{"@id":"https:\/\/super-news.info\/hu\/budapestnek-uj-terminalra-van-szuksege\/"},"wordCount":71,"commentCount":0,"image":{"@id":"https:\/\/super-news.info\/hu\/budapestnek-uj-terminalra-van-szuksege\/#primaryimage"},"thumbnailUrl":"https:\/\/super-news.info\/hu\/wp-content\/uploads\/sites\/3\/2019\/04\/V\u00e1ltoz\u00f3-k\u00e9pet-mutat-az-eur\u00f3pai-keresked\u00e9s.png","articleSection":["P\u00c9NZ\u00dcGYI H\u00cdREK"],"inLanguage":"hu","potentialAction":[{"@type":"CommentAction","name":"Comment","target":["https:\/\/super-news.info\/hu\/budapestnek-uj-terminalra-van-szuksege\/#respond"]}]},{"@type":"WebPage","@id":"https:\/\/super-news.info\/hu\/budapestnek-uj-terminalra-van-szuksege\/","url":"https:\/\/super-news.info\/hu\/budapestnek-uj-terminalra-van-szuksege\/","name":"Budapestnek \u00faj termin\u00e1lra van sz\u00fcks\u00e9ge - Super News","isPartOf":{"@id":"https:\/\/super-news.info\/hu\/#website"},"primaryImageOfPage":{"@id":"https:\/\/super-news.info\/hu\/budapestnek-uj-terminalra-van-szuksege\/#primaryimage"},"image":{"@id":"https:\/\/super-news.info\/hu\/budapestnek-uj-terminalra-van-szuksege\/#primaryimage"},"thumbnailUrl":"https:\/\/super-news.info\/hu\/wp-content\/uploads\/sites\/3\/2019\/04\/V\u00e1ltoz\u00f3-k\u00e9pet-mutat-az-eur\u00f3pai-keresked\u00e9s.png","datePublished":"2019-06-20T03:14:50+00:00","dateModified":"2019-06-20T03:14:51+00:00","author":{"@id":"https:\/\/super-news.info\/hu\/#\/schema\/person\/2d4068cb2f39cd10008c2fce578a7356"},"breadcrumb":{"@id":"https:\/\/super-news.info\/hu\/budapestnek-uj-terminalra-van-szuksege\/#breadcrumb"},"inLanguage":"hu","potentialAction":[{"@type":"ReadAction","target":["https:\/\/super-news.info\/hu\/budapestnek-uj-terminalra-van-szuksege\/"]}]},{"@type":"ImageObject","inLanguage":"hu","@id":"https:\/\/super-news.info\/hu\/budapestnek-uj-terminalra-van-szuksege\/#primaryimage","url":"https:\/\/super-news.info\/hu\/wp-content\/uploads\/sites\/3\/2019\/04\/V\u00e1ltoz\u00f3-k\u00e9pet-mutat-az-eur\u00f3pai-keresked\u00e9s.png","contentUrl":"https:\/\/super-news.info\/hu\/wp-content\/uploads\/sites\/3\/2019\/04\/V\u00e1ltoz\u00f3-k\u00e9pet-mutat-az-eur\u00f3pai-keresked\u00e9s.png","width":1400,"height":900,"caption":"V\u00e1ltoz\u00f3 k\u00e9pet mutat az eur\u00f3pai keresked\u00e9s"},{"@type":"BreadcrumbList","@id":"https:\/\/super-news.info\/hu\/budapestnek-uj-terminalra-van-szuksege\/#breadcrumb","itemListElement":[{"@type":"ListItem","position":1,"name":"\u0413\u043b\u0430\u0432\u043d\u0430\u044f \u0441\u0442\u0440\u0430\u043d\u0438\u0446\u0430","item":"https:\/\/super-news.info\/hu\/"},{"@type":"ListItem","position":2,"name":"Budapestnek \u00faj termin\u00e1lra van sz\u00fcks\u00e9ge"}]},{"@type":"WebSite","@id":"https:\/\/super-news.info\/hu\/#website","url":"https:\/\/super-news.info\/hu\/","name":"Super News","description":"Super News Magyarorsz\u00e1g","potentialAction":[{"@type":"SearchAction","target":{"@type":"EntryPoint","urlTemplate":"https:\/\/super-news.info\/hu\/?s={search_term_string}"},"query-input":{"@type":"PropertyValueSpecification","valueRequired":true,"valueName":"search_term_string"}}],"inLanguage":"hu"},{"@type":"Person","@id":"https:\/\/super-news.info\/hu\/#\/schema\/person\/2d4068cb2f39cd10008c2fce578a7356","name":"super-news","image":{"@type":"ImageObject","inLanguage":"hu","@id":"https:\/\/secure.gravatar.com\/avatar\/64ebac40b93f26a154f8a9b5b6fdccfc46f442b26b3dd6756dbff3bf9dc76fd7?s=96&d=mm&r=g","url":"https:\/\/secure.gravatar.com\/avatar\/64ebac40b93f26a154f8a9b5b6fdccfc46f442b26b3dd6756dbff3bf9dc76fd7?s=96&d=mm&r=g","contentUrl":"https:\/\/secure.gravatar.com\/avatar\/64ebac40b93f26a154f8a9b5b6fdccfc46f442b26b3dd6756dbff3bf9dc76fd7?s=96&d=mm&r=g","caption":"super-news"},"url":"https:\/\/super-news.info\/hu\/author\/pt\/"}]}},"_links":{"self":[{"href":"https:\/\/super-news.info\/hu\/wp-json\/wp\/v2\/posts\/4438","targetHints":{"allow":["GET"]}}],"collection":[{"href":"https:\/\/super-news.info\/hu\/wp-json\/wp\/v2\/posts"}],"about":[{"href":"https:\/\/super-news.info\/hu\/wp-json\/wp\/v2\/types\/post"}],"author":[{"embeddable":true,"href":"https:\/\/super-news.info\/hu\/wp-json\/wp\/v2\/users\/2"}],"replies":[{"embeddable":true,"href":"https:\/\/super-news.info\/hu\/wp-json\/wp\/v2\/comments?post=4438"}],"version-history":[{"count":1,"href":"https:\/\/super-news.info\/hu\/wp-json\/wp\/v2\/posts\/4438\/revisions"}],"predecessor-version":[{"id":4439,"href":"https:\/\/super-news.info\/hu\/wp-json\/wp\/v2\/posts\/4438\/revisions\/4439"}],"wp:featuredmedia":[{"embeddable":true,"href":"https:\/\/super-news.info\/hu\/wp-json\/wp\/v2\/media\/300"}],"wp:attachment":[{"href":"https:\/\/super-news.info\/hu\/wp-json\/wp\/v2\/media?parent=4438"}],"wp:term":[{"taxonomy":"category","embeddable":true,"href":"https:\/\/super-news.info\/hu\/wp-json\/wp\/v2\/categories?post=4438"},{"taxonomy":"post_tag","embeddable":true,"href":"https:\/\/super-news.info\/hu\/wp-json\/wp\/v2\/tags?post=4438"}],"curies":[{"name":"wp","href":"https:\/\/api.w.org\/{rel}","templated":true}]}}