{"id":4435,"date":"2019-06-20T02:45:09","date_gmt":"2019-06-19T23:45:09","guid":{"rendered":"https:\/\/super-news.info\/hu\/jelentosen-csokkentette-szen-es-vizlabnyomat-a-ca\/"},"modified":"2019-06-20T02:45:10","modified_gmt":"2019-06-19T23:45:10","slug":"jelentosen-csokkentette-szen-es-vizlabnyomat-a-ca","status":"publish","type":"post","link":"https:\/\/super-news.info\/hu\/jelentosen-csokkentette-szen-es-vizlabnyomat-a-ca\/","title":{"rendered":"Jelent\u0151sen cs\u00f6kkentette sz\u00e9n- \u00e9s v\u00edzl\u00e1bnyom\u00e1t a C&#038;A"},"content":{"rendered":"<p> [ad_1]<br \/>\n<\/p>\n<p>\n\t\t\t\t\t\t\t\tTavaly t\u00f6bb mint 100 ezer tonna sz\u00e9n-dioxidot \u00e9s 1 milli\u00e1rd k\u00f6bm\u00e9ter vizet takar\u00edtott meg a C&amp;A ruhaipari \u00f3ri\u00e1s a fenntarthat\u00f3bb alapanyagok beszerz\u00e9s\u00e9nek k\u00f6sz\u00f6nhet\u0151en, der\u00fcl ki a a c\u00e9g 2018-as glob\u00e1lis fenntarthat\u00f3s\u00e1gi jelent\u00e9s\u00e9b\u0151l. &#13;\n\t\t\t\t\t\t\t<\/p>\n<div>\n<p>2018-ban a C&amp;A fenntarthat\u00f3 anyagokra vonatkoz\u00f3 glob\u00e1lis strat\u00e9gi\u00e1j\u00e1nak eredm\u00e9nyek\u00e9nt \u2013 amelynek c\u00e9lja a fenntarthat\u00f3bb pamut- \u00e9s cellul\u00f3zsz\u00e1lak beszerz\u00e9se \u2013 116 000 tonna sz\u00e9ndioxid kibocs\u00e1t\u00e1s\u00e1t (mtCO2e) siker\u00fclt elker\u00fclni, ami megegyezik 70 000 szem\u00e9lyg\u00e9pkocsi \u00e9ves sz\u00e9ndioxid-kibocs\u00e1t\u00e1s\u00e1val, olvashat\u00f3 a jelent\u00e9sben. Tov\u00e1bb\u00e1 a C&amp;A megtakar\u00edtott 1 milli\u00e1rd k\u00f6bm\u00e9ter vizet is, ami 400 000 olimpiai m\u00e9ret\u0171 medence v\u00edzmennyis\u00e9g\u00e9nek felel meg, teszik hozz\u00e1.<\/p>\n<p>A jelent\u00e9sb\u0151l kider\u00fclt: a C&amp;A a fenntarthat\u00f3bb nyersanyagoknak k\u00f6sz\u00f6nhet\u0151en 2018-ban 12 sz\u00e1zal\u00e9kkal cs\u00f6kkentette glob\u00e1lis sz\u00e9ndioxid-l\u00e1bnyom\u00e1t. Jelenleg a c\u00e9g \u00e1ltal felv\u00e1s\u00e1rolt gyapot 71 sz\u00e1zal\u00e9ka m\u00e1r vagy organikus gyapot, vagy \u00fagynevezett \u201eBetter Cotton\u201d, magyarul jobb pamut \u00e9s az \u00fajrahasznos\u00edtott anyagok is egyre nagyobb szerepet j\u00e1tszanak. Eur\u00f3p\u00e1ban a C&amp;A 95 000 darab \u00fajrahasznos\u00edtott pamutot \u00e9s t\u00f6bb mint 300 000 darab \u00fajrahasznos\u00edtott poli\u00e9sztert tartalmaz\u00f3 term\u00e9ket \u00e9rt\u00e9kes\u00edtett, emelik ki.<\/p>\n<blockquote>\n<p>\u201eA kollekci\u00f3inkhoz felhaszn\u00e1lt nyersanyagok fele fenntarthat\u00f3bb forr\u00e1sb\u00f3l sz\u00e1rmazik, \u00edgy egy\u00e9rtelm\u0171en l\u00e1that\u00f3, hogy int\u00e9zked\u00e9seink hozz\u00e1j\u00e1rulnak a k\u00f6rnyezet v\u00e9delm\u00e9hez, jav\u00edtj\u00e1k a kistermel\u0151k meg\u00e9lhet\u00e9s\u00e9t \u00e9s megk\u00f6nny\u00edtik \u00fcgyfeleink sz\u00e1m\u00e1ra a fenntarthat\u00f3bb d\u00f6nt\u00e9sek meghozatal\u00e1t\u201d<\/p>\n<\/blockquote>\n<p>\u2013 mondta Jeffrey Hogue, a C&amp;A vezet\u0151 fenntarthat\u00f3s\u00e1gi tisztvisel\u0151je.<\/p>\n<div id=\"attachment_1580981\" style=\"width: 1410px\" class=\"wp-caption alignnone\">\n<p class=\"wp-caption-text\">Jeffrey Houge: egy\u00e9rtelm\u0171en l\u00e1that\u00f3, hogy int\u00e9zked\u00e9seink hozz\u00e1j\u00e1rulnak a k\u00f6rnyezet v\u00e9delm\u00e9hez<br \/>Fot\u00f3: denimsandjeans.com<\/p>\n<\/div>\n<p>A 2018-as \u00e9v az ipar\u00e1ggal folytatott szorosabb egy\u00fcttm\u0171k\u00f6d\u00e9s \u00e9ve volt a rendszerszint\u0171 v\u00e1ltoz\u00e1s megteremt\u00e9se \u00e9rdek\u00e9ben. A C&amp;A tov\u00e1bbra is akt\u00edvan r\u00e9szt vett az \u00fagynevezett \u201eACT\u201d (Action, Collaboration, Transformation \u2013 Tett, Egy\u00fcttm\u0171k\u00f6d\u00e9s, \u00c1talakul\u00e1s) kezdem\u00e9nyez\u00e9sben, amely egy \u00fatt\u00f6r\u0151, t\u00f6bb \u00e9rintett f\u00e9l k\u00f6z\u00f6tt l\u00e9trej\u00f6tt meg\u00e1llapod\u00e1s a ruh\u00e1zati dolgoz\u00f3k b\u00e9r\u00e9nek fejleszt\u00e9s\u00e9re, az Ellen MacArthur Alap\u00edtv\u00e1nnyal \u00e9s a \u201eFashion for Good\u201d szervezettel egy\u00fcttm\u0171k\u00f6d\u00e9sben a \u201ek\u00f6rk\u00f6r\u00f6s gazdas\u00e1g\u201d szeml\u00e9let t\u00e1mogat\u00e1s\u00e1ra a ruh\u00e1zati ipar\u00e1gban, valamint a C&amp;A Alap\u00edtv\u00e1nnyal egy\u00fcttm\u0171k\u00f6d\u00e9sben a rendszer- \u00e9s ipar\u00e1gszint\u0171 v\u00e1ltoz\u00e1sok el\u0151mozd\u00edt\u00e1s\u00e1ra a szoci\u00e1lis \u00e9s k\u00f6rnyezetv\u00e9delmi gyakorlatok tekintet\u00e9ben, olvashat\u00f3 a jelent\u00e9sben.<\/p>\n<p>\u201eAz ENSZ Fenntarthat\u00f3 Fejleszt\u00e9si C\u00e9ljaival \u00f6sszhangban tov\u00e1bbra is t\u00f6reksz\u00fcnk az egy\u00fcttm\u0171k\u00f6d\u00e9s \u00faj form\u00e1ira \u00e9s az innov\u00e1ci\u00f3ra annak \u00e9rdek\u00e9ben, hogy pozit\u00edv hat\u00e1st gyakoroljunk a divatiparra\u201d \u2013 id\u00e9zi a jelent\u00e9s a C&amp;A vezet\u0151 fenntarthat\u00f3s\u00e1gi tisztvisel\u0151j\u00e9t.<\/p>\n<\/p><\/div>\n<p><script>\n    window.fbAsyncInit = function() {\n        FB.init({\n            appId      : \"204760236815359\",\n            xfbml      : true,\n            version    : \"v2.12\"\n        });\n        FB.AppEvents.logPageView();\n    };<\/p>\n<p>    (function(d, s, id){\n        var js, fjs = d.getElementsByTagName(s)[0];\n        if (d.getElementById(id)) {return;}\n        js = d.createElement(s); js.id = id;\n        js.src = \"http:\/\/connect.facebook.net\/hu_HU\/sdk.js\";\n        fjs.parentNode.insertBefore(js, fjs);\n    }(document, \"script\", \"facebook-jssdk\"));\n<\/script><br \/>\n<br \/>[ad_2]<br \/>\n<br \/><a href=\"https:\/\/www.vg.hu\/kozelet\/jelentosen-csokkentette-szen-es-vizlabnyomat-a-ca-1580966\/\">Source link <\/a><\/p>\n","protected":false},"excerpt":{"rendered":"<p>[ad_1] Tavaly t\u00f6bb mint 100 ezer tonna sz\u00e9n-dioxidot \u00e9s 1 milli\u00e1rd k\u00f6bm\u00e9ter vizet takar\u00edtott meg a C&amp;A ruhaipari \u00f3ri\u00e1s a fenntarthat\u00f3bb alapanyagok beszerz\u00e9s\u00e9nek k\u00f6sz\u00f6nhet\u0151en, der\u00fcl ki a a c\u00e9g 2018-as glob\u00e1lis fenntarthat\u00f3s\u00e1gi jelent\u00e9s\u00e9b\u0151l. &#13; 2018-ban a C&amp;A fenntarthat\u00f3 anyagokra vonatkoz\u00f3 glob\u00e1lis strat\u00e9gi\u00e1j\u00e1nak eredm\u00e9nyek\u00e9nt \u2013 amelynek c\u00e9lja a fenntarthat\u00f3bb pamut- \u00e9s cellul\u00f3zsz\u00e1lak beszerz\u00e9se \u2013 116 000 [&hellip;]<\/p>\n","protected":false},"author":2,"featured_media":4436,"comment_status":"open","ping_status":"open","sticky":false,"template":"","format":"standard","meta":{"footnotes":""},"categories":[1],"tags":[],"class_list":["post-4435","post","type-post","status-publish","format-standard","has-post-thumbnail","hentry","category-penzugyi-hirek"],"yoast_head":"<!-- This site is optimized with the Yoast SEO plugin v27.4 - https:\/\/yoast.com\/product\/yoast-seo-wordpress\/ -->\n<title>Jelent\u0151sen cs\u00f6kkentette sz\u00e9n- \u00e9s v\u00edzl\u00e1bnyom\u00e1t a C&amp;A - Super News<\/title>\n<meta name=\"robots\" content=\"index, follow, max-snippet:-1, max-image-preview:large, max-video-preview:-1\" \/>\n<link rel=\"canonical\" href=\"https:\/\/super-news.info\/hu\/jelentosen-csokkentette-szen-es-vizlabnyomat-a-ca\/\" \/>\n<meta property=\"og:locale\" content=\"hu_HU\" \/>\n<meta property=\"og:type\" content=\"article\" \/>\n<meta property=\"og:title\" content=\"Jelent\u0151sen cs\u00f6kkentette sz\u00e9n- \u00e9s v\u00edzl\u00e1bnyom\u00e1t a C&amp;A - Super News\" \/>\n<meta property=\"og:description\" content=\"[ad_1] Tavaly t\u00f6bb mint 100 ezer tonna sz\u00e9n-dioxidot \u00e9s 1 milli\u00e1rd k\u00f6bm\u00e9ter vizet takar\u00edtott meg a C&amp;A ruhaipari \u00f3ri\u00e1s a fenntarthat\u00f3bb alapanyagok beszerz\u00e9s\u00e9nek k\u00f6sz\u00f6nhet\u0151en, der\u00fcl ki a a c\u00e9g 2018-as glob\u00e1lis fenntarthat\u00f3s\u00e1gi jelent\u00e9s\u00e9b\u0151l. &#013; 2018-ban a C&amp;A fenntarthat\u00f3 anyagokra vonatkoz\u00f3 glob\u00e1lis strat\u00e9gi\u00e1j\u00e1nak eredm\u00e9nyek\u00e9nt \u2013 amelynek c\u00e9lja a fenntarthat\u00f3bb pamut- \u00e9s cellul\u00f3zsz\u00e1lak beszerz\u00e9se \u2013 116 000 [&hellip;]\" \/>\n<meta property=\"og:url\" content=\"https:\/\/super-news.info\/hu\/jelentosen-csokkentette-szen-es-vizlabnyomat-a-ca\/\" \/>\n<meta property=\"og:site_name\" content=\"Super News\" \/>\n<meta property=\"article:published_time\" content=\"2019-06-19T23:45:09+00:00\" \/>\n<meta property=\"article:modified_time\" content=\"2019-06-19T23:45:10+00:00\" \/>\n<meta property=\"og:image\" content=\"https:\/\/super-news.info\/hu\/wp-content\/uploads\/sites\/3\/2019\/06\/Jelent\u0151sen-cs\u00f6kkentette-sz\u00e9n-\u00e9s-v\u00edzl\u00e1bnyom\u00e1t-a-CA.jpg\" \/>\n\t<meta property=\"og:image:width\" content=\"1400\" \/>\n\t<meta property=\"og:image:height\" content=\"933\" \/>\n\t<meta property=\"og:image:type\" content=\"image\/jpeg\" \/>\n<meta name=\"author\" content=\"super-news\" \/>\n<meta name=\"twitter:card\" content=\"summary_large_image\" \/>\n<meta name=\"twitter:label1\" content=\"Szerz\u0151:\" \/>\n\t<meta name=\"twitter:data1\" content=\"super-news\" \/>\n\t<meta name=\"twitter:label2\" content=\"Becs\u00fclt olvas\u00e1si id\u0151\" \/>\n\t<meta name=\"twitter:data2\" content=\"3 perc\" \/>\n<script type=\"application\/ld+json\" class=\"yoast-schema-graph\">{\"@context\":\"https:\\\/\\\/schema.org\",\"@graph\":[{\"@type\":\"Article\",\"@id\":\"https:\\\/\\\/super-news.info\\\/hu\\\/jelentosen-csokkentette-szen-es-vizlabnyomat-a-ca\\\/#article\",\"isPartOf\":{\"@id\":\"https:\\\/\\\/super-news.info\\\/hu\\\/jelentosen-csokkentette-szen-es-vizlabnyomat-a-ca\\\/\"},\"author\":{\"name\":\"super-news\",\"@id\":\"https:\\\/\\\/super-news.info\\\/hu\\\/#\\\/schema\\\/person\\\/2d4068cb2f39cd10008c2fce578a7356\"},\"headline\":\"Jelent\u0151sen cs\u00f6kkentette sz\u00e9n- \u00e9s v\u00edzl\u00e1bnyom\u00e1t a C&#038;A\",\"datePublished\":\"2019-06-19T23:45:09+00:00\",\"dateModified\":\"2019-06-19T23:45:10+00:00\",\"mainEntityOfPage\":{\"@id\":\"https:\\\/\\\/super-news.info\\\/hu\\\/jelentosen-csokkentette-szen-es-vizlabnyomat-a-ca\\\/\"},\"wordCount\":556,\"commentCount\":0,\"image\":{\"@id\":\"https:\\\/\\\/super-news.info\\\/hu\\\/jelentosen-csokkentette-szen-es-vizlabnyomat-a-ca\\\/#primaryimage\"},\"thumbnailUrl\":\"https:\\\/\\\/super-news.info\\\/hu\\\/wp-content\\\/uploads\\\/sites\\\/3\\\/2019\\\/06\\\/Jelent\u0151sen-cs\u00f6kkentette-sz\u00e9n-\u00e9s-v\u00edzl\u00e1bnyom\u00e1t-a-CA.jpg\",\"articleSection\":[\"P\u00c9NZ\u00dcGYI H\u00cdREK\"],\"inLanguage\":\"hu\",\"potentialAction\":[{\"@type\":\"CommentAction\",\"name\":\"Comment\",\"target\":[\"https:\\\/\\\/super-news.info\\\/hu\\\/jelentosen-csokkentette-szen-es-vizlabnyomat-a-ca\\\/#respond\"]}]},{\"@type\":\"WebPage\",\"@id\":\"https:\\\/\\\/super-news.info\\\/hu\\\/jelentosen-csokkentette-szen-es-vizlabnyomat-a-ca\\\/\",\"url\":\"https:\\\/\\\/super-news.info\\\/hu\\\/jelentosen-csokkentette-szen-es-vizlabnyomat-a-ca\\\/\",\"name\":\"Jelent\u0151sen cs\u00f6kkentette sz\u00e9n- \u00e9s v\u00edzl\u00e1bnyom\u00e1t a C&A - Super News\",\"isPartOf\":{\"@id\":\"https:\\\/\\\/super-news.info\\\/hu\\\/#website\"},\"primaryImageOfPage\":{\"@id\":\"https:\\\/\\\/super-news.info\\\/hu\\\/jelentosen-csokkentette-szen-es-vizlabnyomat-a-ca\\\/#primaryimage\"},\"image\":{\"@id\":\"https:\\\/\\\/super-news.info\\\/hu\\\/jelentosen-csokkentette-szen-es-vizlabnyomat-a-ca\\\/#primaryimage\"},\"thumbnailUrl\":\"https:\\\/\\\/super-news.info\\\/hu\\\/wp-content\\\/uploads\\\/sites\\\/3\\\/2019\\\/06\\\/Jelent\u0151sen-cs\u00f6kkentette-sz\u00e9n-\u00e9s-v\u00edzl\u00e1bnyom\u00e1t-a-CA.jpg\",\"datePublished\":\"2019-06-19T23:45:09+00:00\",\"dateModified\":\"2019-06-19T23:45:10+00:00\",\"author\":{\"@id\":\"https:\\\/\\\/super-news.info\\\/hu\\\/#\\\/schema\\\/person\\\/2d4068cb2f39cd10008c2fce578a7356\"},\"breadcrumb\":{\"@id\":\"https:\\\/\\\/super-news.info\\\/hu\\\/jelentosen-csokkentette-szen-es-vizlabnyomat-a-ca\\\/#breadcrumb\"},\"inLanguage\":\"hu\",\"potentialAction\":[{\"@type\":\"ReadAction\",\"target\":[\"https:\\\/\\\/super-news.info\\\/hu\\\/jelentosen-csokkentette-szen-es-vizlabnyomat-a-ca\\\/\"]}]},{\"@type\":\"ImageObject\",\"inLanguage\":\"hu\",\"@id\":\"https:\\\/\\\/super-news.info\\\/hu\\\/jelentosen-csokkentette-szen-es-vizlabnyomat-a-ca\\\/#primaryimage\",\"url\":\"https:\\\/\\\/super-news.info\\\/hu\\\/wp-content\\\/uploads\\\/sites\\\/3\\\/2019\\\/06\\\/Jelent\u0151sen-cs\u00f6kkentette-sz\u00e9n-\u00e9s-v\u00edzl\u00e1bnyom\u00e1t-a-CA.jpg\",\"contentUrl\":\"https:\\\/\\\/super-news.info\\\/hu\\\/wp-content\\\/uploads\\\/sites\\\/3\\\/2019\\\/06\\\/Jelent\u0151sen-cs\u00f6kkentette-sz\u00e9n-\u00e9s-v\u00edzl\u00e1bnyom\u00e1t-a-CA.jpg\",\"width\":1400,\"height\":933,\"caption\":\"Jelent\u0151sen cs\u00f6kkentette sz\u00e9n- \u00e9s v\u00edzl\u00e1bnyom\u00e1t a C&A\"},{\"@type\":\"BreadcrumbList\",\"@id\":\"https:\\\/\\\/super-news.info\\\/hu\\\/jelentosen-csokkentette-szen-es-vizlabnyomat-a-ca\\\/#breadcrumb\",\"itemListElement\":[{\"@type\":\"ListItem\",\"position\":1,\"name\":\"\u0413\u043b\u0430\u0432\u043d\u0430\u044f \u0441\u0442\u0440\u0430\u043d\u0438\u0446\u0430\",\"item\":\"https:\\\/\\\/super-news.info\\\/hu\\\/\"},{\"@type\":\"ListItem\",\"position\":2,\"name\":\"Jelent\u0151sen cs\u00f6kkentette sz\u00e9n- \u00e9s v\u00edzl\u00e1bnyom\u00e1t a C&#038;A\"}]},{\"@type\":\"WebSite\",\"@id\":\"https:\\\/\\\/super-news.info\\\/hu\\\/#website\",\"url\":\"https:\\\/\\\/super-news.info\\\/hu\\\/\",\"name\":\"Super News\",\"description\":\"Super News Magyarorsz\u00e1g\",\"potentialAction\":[{\"@type\":\"SearchAction\",\"target\":{\"@type\":\"EntryPoint\",\"urlTemplate\":\"https:\\\/\\\/super-news.info\\\/hu\\\/?s={search_term_string}\"},\"query-input\":{\"@type\":\"PropertyValueSpecification\",\"valueRequired\":true,\"valueName\":\"search_term_string\"}}],\"inLanguage\":\"hu\"},{\"@type\":\"Person\",\"@id\":\"https:\\\/\\\/super-news.info\\\/hu\\\/#\\\/schema\\\/person\\\/2d4068cb2f39cd10008c2fce578a7356\",\"name\":\"super-news\",\"image\":{\"@type\":\"ImageObject\",\"inLanguage\":\"hu\",\"@id\":\"https:\\\/\\\/secure.gravatar.com\\\/avatar\\\/64ebac40b93f26a154f8a9b5b6fdccfc46f442b26b3dd6756dbff3bf9dc76fd7?s=96&d=mm&r=g\",\"url\":\"https:\\\/\\\/secure.gravatar.com\\\/avatar\\\/64ebac40b93f26a154f8a9b5b6fdccfc46f442b26b3dd6756dbff3bf9dc76fd7?s=96&d=mm&r=g\",\"contentUrl\":\"https:\\\/\\\/secure.gravatar.com\\\/avatar\\\/64ebac40b93f26a154f8a9b5b6fdccfc46f442b26b3dd6756dbff3bf9dc76fd7?s=96&d=mm&r=g\",\"caption\":\"super-news\"},\"url\":\"https:\\\/\\\/super-news.info\\\/hu\\\/author\\\/pt\\\/\"}]}<\/script>\n<!-- \/ Yoast SEO plugin. -->","yoast_head_json":{"title":"Jelent\u0151sen cs\u00f6kkentette sz\u00e9n- \u00e9s v\u00edzl\u00e1bnyom\u00e1t a C&A - Super News","robots":{"index":"index","follow":"follow","max-snippet":"max-snippet:-1","max-image-preview":"max-image-preview:large","max-video-preview":"max-video-preview:-1"},"canonical":"https:\/\/super-news.info\/hu\/jelentosen-csokkentette-szen-es-vizlabnyomat-a-ca\/","og_locale":"hu_HU","og_type":"article","og_title":"Jelent\u0151sen cs\u00f6kkentette sz\u00e9n- \u00e9s v\u00edzl\u00e1bnyom\u00e1t a C&A - Super News","og_description":"[ad_1] Tavaly t\u00f6bb mint 100 ezer tonna sz\u00e9n-dioxidot \u00e9s 1 milli\u00e1rd k\u00f6bm\u00e9ter vizet takar\u00edtott meg a C&amp;A ruhaipari \u00f3ri\u00e1s a fenntarthat\u00f3bb alapanyagok beszerz\u00e9s\u00e9nek k\u00f6sz\u00f6nhet\u0151en, der\u00fcl ki a a c\u00e9g 2018-as glob\u00e1lis fenntarthat\u00f3s\u00e1gi jelent\u00e9s\u00e9b\u0151l. &#13; 2018-ban a C&amp;A fenntarthat\u00f3 anyagokra vonatkoz\u00f3 glob\u00e1lis strat\u00e9gi\u00e1j\u00e1nak eredm\u00e9nyek\u00e9nt \u2013 amelynek c\u00e9lja a fenntarthat\u00f3bb pamut- \u00e9s cellul\u00f3zsz\u00e1lak beszerz\u00e9se \u2013 116 000 [&hellip;]","og_url":"https:\/\/super-news.info\/hu\/jelentosen-csokkentette-szen-es-vizlabnyomat-a-ca\/","og_site_name":"Super News","article_published_time":"2019-06-19T23:45:09+00:00","article_modified_time":"2019-06-19T23:45:10+00:00","og_image":[{"width":1400,"height":933,"url":"https:\/\/super-news.info\/hu\/wp-content\/uploads\/sites\/3\/2019\/06\/Jelent\u0151sen-cs\u00f6kkentette-sz\u00e9n-\u00e9s-v\u00edzl\u00e1bnyom\u00e1t-a-CA.jpg","type":"image\/jpeg"}],"author":"super-news","twitter_card":"summary_large_image","twitter_misc":{"Szerz\u0151:":"super-news","Becs\u00fclt olvas\u00e1si id\u0151":"3 perc"},"schema":{"@context":"https:\/\/schema.org","@graph":[{"@type":"Article","@id":"https:\/\/super-news.info\/hu\/jelentosen-csokkentette-szen-es-vizlabnyomat-a-ca\/#article","isPartOf":{"@id":"https:\/\/super-news.info\/hu\/jelentosen-csokkentette-szen-es-vizlabnyomat-a-ca\/"},"author":{"name":"super-news","@id":"https:\/\/super-news.info\/hu\/#\/schema\/person\/2d4068cb2f39cd10008c2fce578a7356"},"headline":"Jelent\u0151sen cs\u00f6kkentette sz\u00e9n- \u00e9s v\u00edzl\u00e1bnyom\u00e1t a C&#038;A","datePublished":"2019-06-19T23:45:09+00:00","dateModified":"2019-06-19T23:45:10+00:00","mainEntityOfPage":{"@id":"https:\/\/super-news.info\/hu\/jelentosen-csokkentette-szen-es-vizlabnyomat-a-ca\/"},"wordCount":556,"commentCount":0,"image":{"@id":"https:\/\/super-news.info\/hu\/jelentosen-csokkentette-szen-es-vizlabnyomat-a-ca\/#primaryimage"},"thumbnailUrl":"https:\/\/super-news.info\/hu\/wp-content\/uploads\/sites\/3\/2019\/06\/Jelent\u0151sen-cs\u00f6kkentette-sz\u00e9n-\u00e9s-v\u00edzl\u00e1bnyom\u00e1t-a-CA.jpg","articleSection":["P\u00c9NZ\u00dcGYI H\u00cdREK"],"inLanguage":"hu","potentialAction":[{"@type":"CommentAction","name":"Comment","target":["https:\/\/super-news.info\/hu\/jelentosen-csokkentette-szen-es-vizlabnyomat-a-ca\/#respond"]}]},{"@type":"WebPage","@id":"https:\/\/super-news.info\/hu\/jelentosen-csokkentette-szen-es-vizlabnyomat-a-ca\/","url":"https:\/\/super-news.info\/hu\/jelentosen-csokkentette-szen-es-vizlabnyomat-a-ca\/","name":"Jelent\u0151sen cs\u00f6kkentette sz\u00e9n- \u00e9s v\u00edzl\u00e1bnyom\u00e1t a C&A - Super News","isPartOf":{"@id":"https:\/\/super-news.info\/hu\/#website"},"primaryImageOfPage":{"@id":"https:\/\/super-news.info\/hu\/jelentosen-csokkentette-szen-es-vizlabnyomat-a-ca\/#primaryimage"},"image":{"@id":"https:\/\/super-news.info\/hu\/jelentosen-csokkentette-szen-es-vizlabnyomat-a-ca\/#primaryimage"},"thumbnailUrl":"https:\/\/super-news.info\/hu\/wp-content\/uploads\/sites\/3\/2019\/06\/Jelent\u0151sen-cs\u00f6kkentette-sz\u00e9n-\u00e9s-v\u00edzl\u00e1bnyom\u00e1t-a-CA.jpg","datePublished":"2019-06-19T23:45:09+00:00","dateModified":"2019-06-19T23:45:10+00:00","author":{"@id":"https:\/\/super-news.info\/hu\/#\/schema\/person\/2d4068cb2f39cd10008c2fce578a7356"},"breadcrumb":{"@id":"https:\/\/super-news.info\/hu\/jelentosen-csokkentette-szen-es-vizlabnyomat-a-ca\/#breadcrumb"},"inLanguage":"hu","potentialAction":[{"@type":"ReadAction","target":["https:\/\/super-news.info\/hu\/jelentosen-csokkentette-szen-es-vizlabnyomat-a-ca\/"]}]},{"@type":"ImageObject","inLanguage":"hu","@id":"https:\/\/super-news.info\/hu\/jelentosen-csokkentette-szen-es-vizlabnyomat-a-ca\/#primaryimage","url":"https:\/\/super-news.info\/hu\/wp-content\/uploads\/sites\/3\/2019\/06\/Jelent\u0151sen-cs\u00f6kkentette-sz\u00e9n-\u00e9s-v\u00edzl\u00e1bnyom\u00e1t-a-CA.jpg","contentUrl":"https:\/\/super-news.info\/hu\/wp-content\/uploads\/sites\/3\/2019\/06\/Jelent\u0151sen-cs\u00f6kkentette-sz\u00e9n-\u00e9s-v\u00edzl\u00e1bnyom\u00e1t-a-CA.jpg","width":1400,"height":933,"caption":"Jelent\u0151sen cs\u00f6kkentette sz\u00e9n- \u00e9s v\u00edzl\u00e1bnyom\u00e1t a C&A"},{"@type":"BreadcrumbList","@id":"https:\/\/super-news.info\/hu\/jelentosen-csokkentette-szen-es-vizlabnyomat-a-ca\/#breadcrumb","itemListElement":[{"@type":"ListItem","position":1,"name":"\u0413\u043b\u0430\u0432\u043d\u0430\u044f \u0441\u0442\u0440\u0430\u043d\u0438\u0446\u0430","item":"https:\/\/super-news.info\/hu\/"},{"@type":"ListItem","position":2,"name":"Jelent\u0151sen cs\u00f6kkentette sz\u00e9n- \u00e9s v\u00edzl\u00e1bnyom\u00e1t a C&#038;A"}]},{"@type":"WebSite","@id":"https:\/\/super-news.info\/hu\/#website","url":"https:\/\/super-news.info\/hu\/","name":"Super News","description":"Super News Magyarorsz\u00e1g","potentialAction":[{"@type":"SearchAction","target":{"@type":"EntryPoint","urlTemplate":"https:\/\/super-news.info\/hu\/?s={search_term_string}"},"query-input":{"@type":"PropertyValueSpecification","valueRequired":true,"valueName":"search_term_string"}}],"inLanguage":"hu"},{"@type":"Person","@id":"https:\/\/super-news.info\/hu\/#\/schema\/person\/2d4068cb2f39cd10008c2fce578a7356","name":"super-news","image":{"@type":"ImageObject","inLanguage":"hu","@id":"https:\/\/secure.gravatar.com\/avatar\/64ebac40b93f26a154f8a9b5b6fdccfc46f442b26b3dd6756dbff3bf9dc76fd7?s=96&d=mm&r=g","url":"https:\/\/secure.gravatar.com\/avatar\/64ebac40b93f26a154f8a9b5b6fdccfc46f442b26b3dd6756dbff3bf9dc76fd7?s=96&d=mm&r=g","contentUrl":"https:\/\/secure.gravatar.com\/avatar\/64ebac40b93f26a154f8a9b5b6fdccfc46f442b26b3dd6756dbff3bf9dc76fd7?s=96&d=mm&r=g","caption":"super-news"},"url":"https:\/\/super-news.info\/hu\/author\/pt\/"}]}},"_links":{"self":[{"href":"https:\/\/super-news.info\/hu\/wp-json\/wp\/v2\/posts\/4435","targetHints":{"allow":["GET"]}}],"collection":[{"href":"https:\/\/super-news.info\/hu\/wp-json\/wp\/v2\/posts"}],"about":[{"href":"https:\/\/super-news.info\/hu\/wp-json\/wp\/v2\/types\/post"}],"author":[{"embeddable":true,"href":"https:\/\/super-news.info\/hu\/wp-json\/wp\/v2\/users\/2"}],"replies":[{"embeddable":true,"href":"https:\/\/super-news.info\/hu\/wp-json\/wp\/v2\/comments?post=4435"}],"version-history":[{"count":1,"href":"https:\/\/super-news.info\/hu\/wp-json\/wp\/v2\/posts\/4435\/revisions"}],"predecessor-version":[{"id":4437,"href":"https:\/\/super-news.info\/hu\/wp-json\/wp\/v2\/posts\/4435\/revisions\/4437"}],"wp:featuredmedia":[{"embeddable":true,"href":"https:\/\/super-news.info\/hu\/wp-json\/wp\/v2\/media\/4436"}],"wp:attachment":[{"href":"https:\/\/super-news.info\/hu\/wp-json\/wp\/v2\/media?parent=4435"}],"wp:term":[{"taxonomy":"category","embeddable":true,"href":"https:\/\/super-news.info\/hu\/wp-json\/wp\/v2\/categories?post=4435"},{"taxonomy":"post_tag","embeddable":true,"href":"https:\/\/super-news.info\/hu\/wp-json\/wp\/v2\/tags?post=4435"}],"curies":[{"name":"wp","href":"https:\/\/api.w.org\/{rel}","templated":true}]}}