{"id":4430,"date":"2019-06-20T00:58:44","date_gmt":"2019-06-19T21:58:44","guid":{"rendered":"https:\/\/super-news.info\/hu\/raleltek-az-eddig-ismert-legregebbi-osszeolvadt-galaxisra\/"},"modified":"2019-06-20T00:58:45","modified_gmt":"2019-06-19T21:58:45","slug":"raleltek-az-eddig-ismert-legregebbi-osszeolvadt-galaxisra","status":"publish","type":"post","link":"https:\/\/super-news.info\/hu\/raleltek-az-eddig-ismert-legregebbi-osszeolvadt-galaxisra\/","title":{"rendered":"R\u00e1leltek az eddig ismert legr\u00e9gebbi \u00f6sszeolvadt galaxisra"},"content":{"rendered":"<p> [ad_1]<br \/>\n<\/p>\n<p>\n\t\t\t\t\t\t\t\tFelfedezt\u00e9k az eddig ismert legr\u00e9gebbi \u00f6sszeolvadt galaxist az Atacamai Nagym\u00e9ret\u0171 Millim\u00e9teres\/Szubmillim\u00e9teres H\u00e1l\u00f3zat (ALMA) seg\u00edts\u00e9g\u00e9vel.\t\t\t\t\t\t\t<\/p>\n<div>\n<p>Az univerzum korai id\u0151szak\u00e1b\u00f3l, 13 milli\u00e1rd \u00e9vvel ezel\u0151ttr\u0151l sz\u00e1rmaz\u00f3 oxig\u00e9n, sz\u00e9n \u00e9s por jeleit regiszt\u00e1lt\u00e1k a B14-65666 jel\u0171 objektumn\u00e1l. Ez a legkor\u00e1bbi galaxis, ahol ennek a h\u00e1rom \u00f6sszetev\u0151nek a kombin\u00e1ci\u00f3j\u00e1t \u00e9szlelt\u00e9k. A k\u00fcl\u00f6nb\u00f6z\u0151 jelz\u00e9sek \u00f6sszehasonl\u00edt\u00e1s\u00e1val a kutat\u00f3k meg\u00e1llap\u00edtott\u00e1k, hogy a vizsg\u00e1lt galaxis val\u00f3j\u00e1ban k\u00e9t \u00f6sszeolvadt csillagrendszerb\u0151l \u00e1ll. \u00cdgy ez a valaha felfedezett legr\u00e9gebbi \u00f6sszeolvadt galaxisp\u00e1r \u2013 \u00edrja a PhysOrg tudom\u00e1nyos-ismeretterjeszt\u0151 h\u00edrport\u00e1l.<\/p>\n<p>Hasimoto Takuja, a Jap\u00e1n T\u00e1rsas\u00e1g a Tudom\u00e1ny Halad\u00e1s\u00e1\u00e9rt (JSPS) kutat\u00f3szervezet \u00e9s a Vaszeda Egyetem szak\u00e9rt\u0151je vezette kutat\u00f3csoport a Szext\u00e1ns csillagk\u00e9pben l\u00e9v\u0151, 13 milli\u00e1rd f\u00e9ny\u00e9vnyi t\u00e1vols\u00e1gra tal\u00e1lhat\u00f3, B14-65666 jel\u0171 objektumot figyelte meg. Az innen \u00e9rkez\u0151 f\u00e9nynek 13 milli\u00e1rd \u00e9vre van sz\u00fcks\u00e9ge ahhoz, hogy eljusson a F\u00f6ldre, teh\u00e1t az a k\u00e9p, amelyet most l\u00e1tnak a tud\u00f3sok a galaxisr\u00f3l, azt mutatja be, hogyan n\u00e9zett ki a csillagrendszer kevesebb mint egy milli\u00e1rd \u00e9vvel az \u0151srobban\u00e1s ut\u00e1n.<\/p>\n<p>Az ALMA, a chilei Atacama-sivatagban l\u00e9v\u0151 r\u00e1di\u00f3t\u00e1vcs\u0151-rendszer \u00e9szlelte a B14-65666 galaxisban l\u00e9v\u0151 oxig\u00e9n, sz\u00e9n \u00e9s por kibocs\u00e1totta r\u00e1di\u00f3jeleket. Ez a legkor\u00e1bbi galaxis, ahol mindh\u00e1rom ilyen jel \u00e9szlelhet\u0151.<\/p>\n<p>Az adatelemz\u00e9sekb\u0151l kider\u00fclt, hogy az oxig\u00e9n-, sz\u00e9n- \u00e9s porkibocs\u00e1t\u00e1sok k\u00e9t \u201efoltra\u201d oszthat\u00f3k. A Hubble \u0171rteleszk\u00f3p kor\u00e1bbi megfigyel\u00e9seib\u0151l kider\u00fclt, hogy a B14-65666-ban k\u00e9t csillaghalmaz van, az ALMA \u00e1ltal \u00e9szlelt jelekb\u0151l pedig kider\u00fcl, hogy a k\u00e9t folt egy rendszert alkot, de k\u00fcl\u00f6nb\u00f6z\u0151 sebess\u00e9g\u0171ek. Ez azt sugallja, hogy a k\u00e9t folt val\u00f3j\u00e1ban k\u00e9t galaxis az \u00f6sszeolvad\u00e1s \u00e1llapot\u00e1ban. Teh\u00e1t ez az olvad\u00f3 galaxisok legkor\u00e1bbi ismert p\u00e9ld\u00e1ja.<\/p>\n<div id=\"attachment_1580813\" style=\"width: 1410px\" class=\"wp-caption alignnone\">\n<p class=\"wp-caption-text\">Fot\u00f3: AFP (illusztr\u00e1ci\u00f3)<\/p>\n<\/div>\n<p>A tud\u00f3csoport becsl\u00e9se szerint a galaxis teljes csillagt\u00f6mege a Tej\u00fatrendszer t\u00f6meg\u00e9nek kevesebb, mint 10 sz\u00e1zal\u00e9ka. Ez azt jelenti, hogy a B14-65666 fejl\u0151d\u00e9se korai f\u00e1zis\u00e1ban tart.<\/p>\n<p>Fiatal kora ellen\u00e9re azonban 100-szor akt\u00edvabban termel csillagokat, mint a Tej\u00fatrendszer.<\/p>\n<p>Az ennyire akt\u00edv csillagform\u00e1l\u00e1s szint\u00e9n a galaxisok \u00f6sszeolvad\u00e1s\u00e1nak fontos jellemz\u0151je, az \u00f6ssze\u00fctk\u00f6z\u0151 galaxisokban l\u00e9v\u0151 g\u00e1zok \u00f6sszenyom\u00f3d\u00e1sa ugyanis term\u00e9szetszer\u0171en csillagform\u00e1l\u00f3d\u00e1shoz vezet.<\/p>\n<p>A galaxisok \u00f6sszeolvad\u00e1sa nagy jelent\u0151s\u00e9g\u0171 a fejl\u0151d\u00e9s\u00fck szempontj\u00e1b\u00f3l, ez\u00e9rt a csillag\u00e1szok sz\u00e1m\u00e1ra fontos ezek megismer\u00e9se.<\/p>\n<\/p><\/div>\n<p><script>\n    window.fbAsyncInit = function() {\n        FB.init({\n            appId      : \"204760236815359\",\n            xfbml      : true,\n            version    : \"v2.12\"\n        });\n        FB.AppEvents.logPageView();\n    };<\/p>\n<p>    (function(d, s, id){\n        var js, fjs = d.getElementsByTagName(s)[0];\n        if (d.getElementById(id)) {return;}\n        js = d.createElement(s); js.id = id;\n        js.src = \"http:\/\/connect.facebook.net\/hu_HU\/sdk.js\";\n        fjs.parentNode.insertBefore(js, fjs);\n    }(document, \"script\", \"facebook-jssdk\"));\n<\/script><br \/>\n<br \/>[ad_2]<br \/>\n<br \/><a href=\"https:\/\/www.vg.hu\/kozelet\/technologia-tudomany\/raleltek-az-eddig-ismert-legregebbi-osszeolvadt-galaxisra-1580762\/\">Source link <\/a><\/p>\n","protected":false},"excerpt":{"rendered":"<p>[ad_1] Felfedezt\u00e9k az eddig ismert legr\u00e9gebbi \u00f6sszeolvadt galaxist az Atacamai Nagym\u00e9ret\u0171 Millim\u00e9teres\/Szubmillim\u00e9teres H\u00e1l\u00f3zat (ALMA) seg\u00edts\u00e9g\u00e9vel. Az univerzum korai id\u0151szak\u00e1b\u00f3l, 13 milli\u00e1rd \u00e9vvel ezel\u0151ttr\u0151l sz\u00e1rmaz\u00f3 oxig\u00e9n, sz\u00e9n \u00e9s por jeleit regiszt\u00e1lt\u00e1k a B14-65666 jel\u0171 objektumn\u00e1l. Ez a legkor\u00e1bbi galaxis, ahol ennek a h\u00e1rom \u00f6sszetev\u0151nek a kombin\u00e1ci\u00f3j\u00e1t \u00e9szlelt\u00e9k. A k\u00fcl\u00f6nb\u00f6z\u0151 jelz\u00e9sek \u00f6sszehasonl\u00edt\u00e1s\u00e1val a kutat\u00f3k meg\u00e1llap\u00edtott\u00e1k, hogy a [&hellip;]<\/p>\n","protected":false},"author":2,"featured_media":4431,"comment_status":"open","ping_status":"open","sticky":false,"template":"","format":"standard","meta":{"footnotes":""},"categories":[1],"tags":[],"class_list":["post-4430","post","type-post","status-publish","format-standard","has-post-thumbnail","hentry","category-penzugyi-hirek"],"yoast_head":"<!-- This site is optimized with the Yoast SEO plugin v27.4 - https:\/\/yoast.com\/product\/yoast-seo-wordpress\/ -->\n<title>R\u00e1leltek az eddig ismert legr\u00e9gebbi \u00f6sszeolvadt galaxisra - Super News<\/title>\n<meta name=\"robots\" content=\"index, follow, max-snippet:-1, max-image-preview:large, max-video-preview:-1\" \/>\n<link rel=\"canonical\" href=\"https:\/\/super-news.info\/hu\/raleltek-az-eddig-ismert-legregebbi-osszeolvadt-galaxisra\/\" \/>\n<meta property=\"og:locale\" content=\"hu_HU\" \/>\n<meta property=\"og:type\" content=\"article\" \/>\n<meta property=\"og:title\" content=\"R\u00e1leltek az eddig ismert legr\u00e9gebbi \u00f6sszeolvadt galaxisra - Super News\" \/>\n<meta property=\"og:description\" content=\"[ad_1] Felfedezt\u00e9k az eddig ismert legr\u00e9gebbi \u00f6sszeolvadt galaxist az Atacamai Nagym\u00e9ret\u0171 Millim\u00e9teres\/Szubmillim\u00e9teres H\u00e1l\u00f3zat (ALMA) seg\u00edts\u00e9g\u00e9vel. Az univerzum korai id\u0151szak\u00e1b\u00f3l, 13 milli\u00e1rd \u00e9vvel ezel\u0151ttr\u0151l sz\u00e1rmaz\u00f3 oxig\u00e9n, sz\u00e9n \u00e9s por jeleit regiszt\u00e1lt\u00e1k a B14-65666 jel\u0171 objektumn\u00e1l. Ez a legkor\u00e1bbi galaxis, ahol ennek a h\u00e1rom \u00f6sszetev\u0151nek a kombin\u00e1ci\u00f3j\u00e1t \u00e9szlelt\u00e9k. A k\u00fcl\u00f6nb\u00f6z\u0151 jelz\u00e9sek \u00f6sszehasonl\u00edt\u00e1s\u00e1val a kutat\u00f3k meg\u00e1llap\u00edtott\u00e1k, hogy a [&hellip;]\" \/>\n<meta property=\"og:url\" content=\"https:\/\/super-news.info\/hu\/raleltek-az-eddig-ismert-legregebbi-osszeolvadt-galaxisra\/\" \/>\n<meta property=\"og:site_name\" content=\"Super News\" \/>\n<meta property=\"article:published_time\" content=\"2019-06-19T21:58:44+00:00\" \/>\n<meta property=\"article:modified_time\" content=\"2019-06-19T21:58:45+00:00\" \/>\n<meta property=\"og:image\" content=\"https:\/\/super-news.info\/hu\/wp-content\/uploads\/sites\/3\/2019\/06\/R\u00e1leltek-az-eddig-ismert-legr\u00e9gebbi-\u00f6sszeolvadt-galaxisra.jpg\" \/>\n\t<meta property=\"og:image:width\" content=\"1400\" \/>\n\t<meta property=\"og:image:height\" content=\"700\" \/>\n\t<meta property=\"og:image:type\" content=\"image\/jpeg\" \/>\n<meta name=\"author\" content=\"super-news\" \/>\n<meta name=\"twitter:card\" content=\"summary_large_image\" \/>\n<meta name=\"twitter:label1\" content=\"Szerz\u0151:\" \/>\n\t<meta name=\"twitter:data1\" content=\"super-news\" \/>\n\t<meta name=\"twitter:label2\" content=\"Becs\u00fclt olvas\u00e1si id\u0151\" \/>\n\t<meta name=\"twitter:data2\" content=\"2 perc\" \/>\n<script type=\"application\/ld+json\" class=\"yoast-schema-graph\">{\"@context\":\"https:\\\/\\\/schema.org\",\"@graph\":[{\"@type\":\"Article\",\"@id\":\"https:\\\/\\\/super-news.info\\\/hu\\\/raleltek-az-eddig-ismert-legregebbi-osszeolvadt-galaxisra\\\/#article\",\"isPartOf\":{\"@id\":\"https:\\\/\\\/super-news.info\\\/hu\\\/raleltek-az-eddig-ismert-legregebbi-osszeolvadt-galaxisra\\\/\"},\"author\":{\"name\":\"super-news\",\"@id\":\"https:\\\/\\\/super-news.info\\\/hu\\\/#\\\/schema\\\/person\\\/2d4068cb2f39cd10008c2fce578a7356\"},\"headline\":\"R\u00e1leltek az eddig ismert legr\u00e9gebbi \u00f6sszeolvadt galaxisra\",\"datePublished\":\"2019-06-19T21:58:44+00:00\",\"dateModified\":\"2019-06-19T21:58:45+00:00\",\"mainEntityOfPage\":{\"@id\":\"https:\\\/\\\/super-news.info\\\/hu\\\/raleltek-az-eddig-ismert-legregebbi-osszeolvadt-galaxisra\\\/\"},\"wordCount\":501,\"commentCount\":0,\"image\":{\"@id\":\"https:\\\/\\\/super-news.info\\\/hu\\\/raleltek-az-eddig-ismert-legregebbi-osszeolvadt-galaxisra\\\/#primaryimage\"},\"thumbnailUrl\":\"https:\\\/\\\/super-news.info\\\/hu\\\/wp-content\\\/uploads\\\/sites\\\/3\\\/2019\\\/06\\\/R\u00e1leltek-az-eddig-ismert-legr\u00e9gebbi-\u00f6sszeolvadt-galaxisra.jpg\",\"articleSection\":[\"P\u00c9NZ\u00dcGYI H\u00cdREK\"],\"inLanguage\":\"hu\",\"potentialAction\":[{\"@type\":\"CommentAction\",\"name\":\"Comment\",\"target\":[\"https:\\\/\\\/super-news.info\\\/hu\\\/raleltek-az-eddig-ismert-legregebbi-osszeolvadt-galaxisra\\\/#respond\"]}]},{\"@type\":\"WebPage\",\"@id\":\"https:\\\/\\\/super-news.info\\\/hu\\\/raleltek-az-eddig-ismert-legregebbi-osszeolvadt-galaxisra\\\/\",\"url\":\"https:\\\/\\\/super-news.info\\\/hu\\\/raleltek-az-eddig-ismert-legregebbi-osszeolvadt-galaxisra\\\/\",\"name\":\"R\u00e1leltek az eddig ismert legr\u00e9gebbi \u00f6sszeolvadt galaxisra - Super News\",\"isPartOf\":{\"@id\":\"https:\\\/\\\/super-news.info\\\/hu\\\/#website\"},\"primaryImageOfPage\":{\"@id\":\"https:\\\/\\\/super-news.info\\\/hu\\\/raleltek-az-eddig-ismert-legregebbi-osszeolvadt-galaxisra\\\/#primaryimage\"},\"image\":{\"@id\":\"https:\\\/\\\/super-news.info\\\/hu\\\/raleltek-az-eddig-ismert-legregebbi-osszeolvadt-galaxisra\\\/#primaryimage\"},\"thumbnailUrl\":\"https:\\\/\\\/super-news.info\\\/hu\\\/wp-content\\\/uploads\\\/sites\\\/3\\\/2019\\\/06\\\/R\u00e1leltek-az-eddig-ismert-legr\u00e9gebbi-\u00f6sszeolvadt-galaxisra.jpg\",\"datePublished\":\"2019-06-19T21:58:44+00:00\",\"dateModified\":\"2019-06-19T21:58:45+00:00\",\"author\":{\"@id\":\"https:\\\/\\\/super-news.info\\\/hu\\\/#\\\/schema\\\/person\\\/2d4068cb2f39cd10008c2fce578a7356\"},\"breadcrumb\":{\"@id\":\"https:\\\/\\\/super-news.info\\\/hu\\\/raleltek-az-eddig-ismert-legregebbi-osszeolvadt-galaxisra\\\/#breadcrumb\"},\"inLanguage\":\"hu\",\"potentialAction\":[{\"@type\":\"ReadAction\",\"target\":[\"https:\\\/\\\/super-news.info\\\/hu\\\/raleltek-az-eddig-ismert-legregebbi-osszeolvadt-galaxisra\\\/\"]}]},{\"@type\":\"ImageObject\",\"inLanguage\":\"hu\",\"@id\":\"https:\\\/\\\/super-news.info\\\/hu\\\/raleltek-az-eddig-ismert-legregebbi-osszeolvadt-galaxisra\\\/#primaryimage\",\"url\":\"https:\\\/\\\/super-news.info\\\/hu\\\/wp-content\\\/uploads\\\/sites\\\/3\\\/2019\\\/06\\\/R\u00e1leltek-az-eddig-ismert-legr\u00e9gebbi-\u00f6sszeolvadt-galaxisra.jpg\",\"contentUrl\":\"https:\\\/\\\/super-news.info\\\/hu\\\/wp-content\\\/uploads\\\/sites\\\/3\\\/2019\\\/06\\\/R\u00e1leltek-az-eddig-ismert-legr\u00e9gebbi-\u00f6sszeolvadt-galaxisra.jpg\",\"width\":1400,\"height\":700,\"caption\":\"R\u00e1leltek az eddig ismert legr\u00e9gebbi \u00f6sszeolvadt galaxisra\"},{\"@type\":\"BreadcrumbList\",\"@id\":\"https:\\\/\\\/super-news.info\\\/hu\\\/raleltek-az-eddig-ismert-legregebbi-osszeolvadt-galaxisra\\\/#breadcrumb\",\"itemListElement\":[{\"@type\":\"ListItem\",\"position\":1,\"name\":\"\u0413\u043b\u0430\u0432\u043d\u0430\u044f \u0441\u0442\u0440\u0430\u043d\u0438\u0446\u0430\",\"item\":\"https:\\\/\\\/super-news.info\\\/hu\\\/\"},{\"@type\":\"ListItem\",\"position\":2,\"name\":\"R\u00e1leltek az eddig ismert legr\u00e9gebbi \u00f6sszeolvadt galaxisra\"}]},{\"@type\":\"WebSite\",\"@id\":\"https:\\\/\\\/super-news.info\\\/hu\\\/#website\",\"url\":\"https:\\\/\\\/super-news.info\\\/hu\\\/\",\"name\":\"Super News\",\"description\":\"Super News Magyarorsz\u00e1g\",\"potentialAction\":[{\"@type\":\"SearchAction\",\"target\":{\"@type\":\"EntryPoint\",\"urlTemplate\":\"https:\\\/\\\/super-news.info\\\/hu\\\/?s={search_term_string}\"},\"query-input\":{\"@type\":\"PropertyValueSpecification\",\"valueRequired\":true,\"valueName\":\"search_term_string\"}}],\"inLanguage\":\"hu\"},{\"@type\":\"Person\",\"@id\":\"https:\\\/\\\/super-news.info\\\/hu\\\/#\\\/schema\\\/person\\\/2d4068cb2f39cd10008c2fce578a7356\",\"name\":\"super-news\",\"image\":{\"@type\":\"ImageObject\",\"inLanguage\":\"hu\",\"@id\":\"https:\\\/\\\/secure.gravatar.com\\\/avatar\\\/64ebac40b93f26a154f8a9b5b6fdccfc46f442b26b3dd6756dbff3bf9dc76fd7?s=96&d=mm&r=g\",\"url\":\"https:\\\/\\\/secure.gravatar.com\\\/avatar\\\/64ebac40b93f26a154f8a9b5b6fdccfc46f442b26b3dd6756dbff3bf9dc76fd7?s=96&d=mm&r=g\",\"contentUrl\":\"https:\\\/\\\/secure.gravatar.com\\\/avatar\\\/64ebac40b93f26a154f8a9b5b6fdccfc46f442b26b3dd6756dbff3bf9dc76fd7?s=96&d=mm&r=g\",\"caption\":\"super-news\"},\"url\":\"https:\\\/\\\/super-news.info\\\/hu\\\/author\\\/pt\\\/\"}]}<\/script>\n<!-- \/ Yoast SEO plugin. -->","yoast_head_json":{"title":"R\u00e1leltek az eddig ismert legr\u00e9gebbi \u00f6sszeolvadt galaxisra - Super News","robots":{"index":"index","follow":"follow","max-snippet":"max-snippet:-1","max-image-preview":"max-image-preview:large","max-video-preview":"max-video-preview:-1"},"canonical":"https:\/\/super-news.info\/hu\/raleltek-az-eddig-ismert-legregebbi-osszeolvadt-galaxisra\/","og_locale":"hu_HU","og_type":"article","og_title":"R\u00e1leltek az eddig ismert legr\u00e9gebbi \u00f6sszeolvadt galaxisra - Super News","og_description":"[ad_1] Felfedezt\u00e9k az eddig ismert legr\u00e9gebbi \u00f6sszeolvadt galaxist az Atacamai Nagym\u00e9ret\u0171 Millim\u00e9teres\/Szubmillim\u00e9teres H\u00e1l\u00f3zat (ALMA) seg\u00edts\u00e9g\u00e9vel. Az univerzum korai id\u0151szak\u00e1b\u00f3l, 13 milli\u00e1rd \u00e9vvel ezel\u0151ttr\u0151l sz\u00e1rmaz\u00f3 oxig\u00e9n, sz\u00e9n \u00e9s por jeleit regiszt\u00e1lt\u00e1k a B14-65666 jel\u0171 objektumn\u00e1l. Ez a legkor\u00e1bbi galaxis, ahol ennek a h\u00e1rom \u00f6sszetev\u0151nek a kombin\u00e1ci\u00f3j\u00e1t \u00e9szlelt\u00e9k. A k\u00fcl\u00f6nb\u00f6z\u0151 jelz\u00e9sek \u00f6sszehasonl\u00edt\u00e1s\u00e1val a kutat\u00f3k meg\u00e1llap\u00edtott\u00e1k, hogy a [&hellip;]","og_url":"https:\/\/super-news.info\/hu\/raleltek-az-eddig-ismert-legregebbi-osszeolvadt-galaxisra\/","og_site_name":"Super News","article_published_time":"2019-06-19T21:58:44+00:00","article_modified_time":"2019-06-19T21:58:45+00:00","og_image":[{"width":1400,"height":700,"url":"https:\/\/super-news.info\/hu\/wp-content\/uploads\/sites\/3\/2019\/06\/R\u00e1leltek-az-eddig-ismert-legr\u00e9gebbi-\u00f6sszeolvadt-galaxisra.jpg","type":"image\/jpeg"}],"author":"super-news","twitter_card":"summary_large_image","twitter_misc":{"Szerz\u0151:":"super-news","Becs\u00fclt olvas\u00e1si id\u0151":"2 perc"},"schema":{"@context":"https:\/\/schema.org","@graph":[{"@type":"Article","@id":"https:\/\/super-news.info\/hu\/raleltek-az-eddig-ismert-legregebbi-osszeolvadt-galaxisra\/#article","isPartOf":{"@id":"https:\/\/super-news.info\/hu\/raleltek-az-eddig-ismert-legregebbi-osszeolvadt-galaxisra\/"},"author":{"name":"super-news","@id":"https:\/\/super-news.info\/hu\/#\/schema\/person\/2d4068cb2f39cd10008c2fce578a7356"},"headline":"R\u00e1leltek az eddig ismert legr\u00e9gebbi \u00f6sszeolvadt galaxisra","datePublished":"2019-06-19T21:58:44+00:00","dateModified":"2019-06-19T21:58:45+00:00","mainEntityOfPage":{"@id":"https:\/\/super-news.info\/hu\/raleltek-az-eddig-ismert-legregebbi-osszeolvadt-galaxisra\/"},"wordCount":501,"commentCount":0,"image":{"@id":"https:\/\/super-news.info\/hu\/raleltek-az-eddig-ismert-legregebbi-osszeolvadt-galaxisra\/#primaryimage"},"thumbnailUrl":"https:\/\/super-news.info\/hu\/wp-content\/uploads\/sites\/3\/2019\/06\/R\u00e1leltek-az-eddig-ismert-legr\u00e9gebbi-\u00f6sszeolvadt-galaxisra.jpg","articleSection":["P\u00c9NZ\u00dcGYI H\u00cdREK"],"inLanguage":"hu","potentialAction":[{"@type":"CommentAction","name":"Comment","target":["https:\/\/super-news.info\/hu\/raleltek-az-eddig-ismert-legregebbi-osszeolvadt-galaxisra\/#respond"]}]},{"@type":"WebPage","@id":"https:\/\/super-news.info\/hu\/raleltek-az-eddig-ismert-legregebbi-osszeolvadt-galaxisra\/","url":"https:\/\/super-news.info\/hu\/raleltek-az-eddig-ismert-legregebbi-osszeolvadt-galaxisra\/","name":"R\u00e1leltek az eddig ismert legr\u00e9gebbi \u00f6sszeolvadt galaxisra - Super News","isPartOf":{"@id":"https:\/\/super-news.info\/hu\/#website"},"primaryImageOfPage":{"@id":"https:\/\/super-news.info\/hu\/raleltek-az-eddig-ismert-legregebbi-osszeolvadt-galaxisra\/#primaryimage"},"image":{"@id":"https:\/\/super-news.info\/hu\/raleltek-az-eddig-ismert-legregebbi-osszeolvadt-galaxisra\/#primaryimage"},"thumbnailUrl":"https:\/\/super-news.info\/hu\/wp-content\/uploads\/sites\/3\/2019\/06\/R\u00e1leltek-az-eddig-ismert-legr\u00e9gebbi-\u00f6sszeolvadt-galaxisra.jpg","datePublished":"2019-06-19T21:58:44+00:00","dateModified":"2019-06-19T21:58:45+00:00","author":{"@id":"https:\/\/super-news.info\/hu\/#\/schema\/person\/2d4068cb2f39cd10008c2fce578a7356"},"breadcrumb":{"@id":"https:\/\/super-news.info\/hu\/raleltek-az-eddig-ismert-legregebbi-osszeolvadt-galaxisra\/#breadcrumb"},"inLanguage":"hu","potentialAction":[{"@type":"ReadAction","target":["https:\/\/super-news.info\/hu\/raleltek-az-eddig-ismert-legregebbi-osszeolvadt-galaxisra\/"]}]},{"@type":"ImageObject","inLanguage":"hu","@id":"https:\/\/super-news.info\/hu\/raleltek-az-eddig-ismert-legregebbi-osszeolvadt-galaxisra\/#primaryimage","url":"https:\/\/super-news.info\/hu\/wp-content\/uploads\/sites\/3\/2019\/06\/R\u00e1leltek-az-eddig-ismert-legr\u00e9gebbi-\u00f6sszeolvadt-galaxisra.jpg","contentUrl":"https:\/\/super-news.info\/hu\/wp-content\/uploads\/sites\/3\/2019\/06\/R\u00e1leltek-az-eddig-ismert-legr\u00e9gebbi-\u00f6sszeolvadt-galaxisra.jpg","width":1400,"height":700,"caption":"R\u00e1leltek az eddig ismert legr\u00e9gebbi \u00f6sszeolvadt galaxisra"},{"@type":"BreadcrumbList","@id":"https:\/\/super-news.info\/hu\/raleltek-az-eddig-ismert-legregebbi-osszeolvadt-galaxisra\/#breadcrumb","itemListElement":[{"@type":"ListItem","position":1,"name":"\u0413\u043b\u0430\u0432\u043d\u0430\u044f \u0441\u0442\u0440\u0430\u043d\u0438\u0446\u0430","item":"https:\/\/super-news.info\/hu\/"},{"@type":"ListItem","position":2,"name":"R\u00e1leltek az eddig ismert legr\u00e9gebbi \u00f6sszeolvadt galaxisra"}]},{"@type":"WebSite","@id":"https:\/\/super-news.info\/hu\/#website","url":"https:\/\/super-news.info\/hu\/","name":"Super News","description":"Super News Magyarorsz\u00e1g","potentialAction":[{"@type":"SearchAction","target":{"@type":"EntryPoint","urlTemplate":"https:\/\/super-news.info\/hu\/?s={search_term_string}"},"query-input":{"@type":"PropertyValueSpecification","valueRequired":true,"valueName":"search_term_string"}}],"inLanguage":"hu"},{"@type":"Person","@id":"https:\/\/super-news.info\/hu\/#\/schema\/person\/2d4068cb2f39cd10008c2fce578a7356","name":"super-news","image":{"@type":"ImageObject","inLanguage":"hu","@id":"https:\/\/secure.gravatar.com\/avatar\/64ebac40b93f26a154f8a9b5b6fdccfc46f442b26b3dd6756dbff3bf9dc76fd7?s=96&d=mm&r=g","url":"https:\/\/secure.gravatar.com\/avatar\/64ebac40b93f26a154f8a9b5b6fdccfc46f442b26b3dd6756dbff3bf9dc76fd7?s=96&d=mm&r=g","contentUrl":"https:\/\/secure.gravatar.com\/avatar\/64ebac40b93f26a154f8a9b5b6fdccfc46f442b26b3dd6756dbff3bf9dc76fd7?s=96&d=mm&r=g","caption":"super-news"},"url":"https:\/\/super-news.info\/hu\/author\/pt\/"}]}},"_links":{"self":[{"href":"https:\/\/super-news.info\/hu\/wp-json\/wp\/v2\/posts\/4430","targetHints":{"allow":["GET"]}}],"collection":[{"href":"https:\/\/super-news.info\/hu\/wp-json\/wp\/v2\/posts"}],"about":[{"href":"https:\/\/super-news.info\/hu\/wp-json\/wp\/v2\/types\/post"}],"author":[{"embeddable":true,"href":"https:\/\/super-news.info\/hu\/wp-json\/wp\/v2\/users\/2"}],"replies":[{"embeddable":true,"href":"https:\/\/super-news.info\/hu\/wp-json\/wp\/v2\/comments?post=4430"}],"version-history":[{"count":1,"href":"https:\/\/super-news.info\/hu\/wp-json\/wp\/v2\/posts\/4430\/revisions"}],"predecessor-version":[{"id":4432,"href":"https:\/\/super-news.info\/hu\/wp-json\/wp\/v2\/posts\/4430\/revisions\/4432"}],"wp:featuredmedia":[{"embeddable":true,"href":"https:\/\/super-news.info\/hu\/wp-json\/wp\/v2\/media\/4431"}],"wp:attachment":[{"href":"https:\/\/super-news.info\/hu\/wp-json\/wp\/v2\/media?parent=4430"}],"wp:term":[{"taxonomy":"category","embeddable":true,"href":"https:\/\/super-news.info\/hu\/wp-json\/wp\/v2\/categories?post=4430"},{"taxonomy":"post_tag","embeddable":true,"href":"https:\/\/super-news.info\/hu\/wp-json\/wp\/v2\/tags?post=4430"}],"curies":[{"name":"wp","href":"https:\/\/api.w.org\/{rel}","templated":true}]}}