{"id":4427,"date":"2019-06-20T00:00:04","date_gmt":"2019-06-19T21:00:04","guid":{"rendered":"https:\/\/super-news.info\/hu\/iden-is-megnyiltak-az-erdei-vizi-es-kerekparos-vandortaborok\/"},"modified":"2019-06-20T00:00:05","modified_gmt":"2019-06-19T21:00:05","slug":"iden-is-megnyiltak-az-erdei-vizi-es-kerekparos-vandortaborok","status":"publish","type":"post","link":"https:\/\/super-news.info\/hu\/iden-is-megnyiltak-az-erdei-vizi-es-kerekparos-vandortaborok\/","title":{"rendered":"Id\u00e9n is megny\u00edltak az erdei, v\u00edzi \u00e9s ker\u00e9kp\u00e1ros v\u00e1ndort\u00e1borok"},"content":{"rendered":"<p> [ad_1]<br \/>\n<\/p>\n<p>\n\t\t\t\t\t\t\t\tEzen a ny\u00e1ron 19 k\u00fcl\u00f6nb\u00f6z\u0151 erdei, v\u00edzi \u00e9s ker\u00e9kp\u00e1ros v\u00e1ndort\u00e1bort szerveznek, \u00e9s t\u00f6bb mint 11 ezer di\u00e1k t\u00e1borozhat egy h\u00e9tig az orsz\u00e1gban el\u0151re kialak\u00edtott \u00fatvonalak bej\u00e1r\u00e1s\u00e1val \u2013 jelentette be szerd\u00e1n a v\u00e1ndort\u00e1borok \u00fajraind\u00edt\u00e1s\u00e1t kezdem\u00e9nyez\u0151 R\u00e9v\u00e9sz M\u00e1riusz, az akt\u00edv Magyarorsz\u00e1g\u00e9rt felel\u0151s korm\u00e1nybiztos.\t\t\t\t\t\t\t<\/p>\n<div>\n<p>R\u00e9v\u00e9sz M\u00e1riusz Nagyorosziban a P\u00e9nz\u00e1s\u00e1si Erdei Turist\u00e1zh\u00e1zn\u00e1l, az erdei v\u00e1ndort\u00e1borok egyik t\u00e1borhely\u00e9n tartott sajt\u00f3t\u00e1j\u00e9koztat\u00f3n elmondta, id\u00e9n n\u00e9gyezerrel t\u00f6bb gyerek t\u00e1borozik, mint tavaly, de az ig\u00e9nyek folyamatosan n\u0151nek, ez\u00e9rt j\u00f6v\u0151re tov\u00e1bb b\u0151v\u00edtik a lehet\u0151s\u00e9geket.<\/p>\n<p>Eml\u00e9keztetett arra, hogy<\/p>\n<p>2017-ben m\u00e9g k\u00eds\u00e9rleti jelleggel ind\u00edtottak erdei gyalogos \u00e9s v\u00edzi v\u00e1ndort\u00e1borokat, tavaly m\u00e1r ker\u00e9kp\u00e1ros t\u00e1borok is indultak, id\u00e9n pedig m\u00e1r az els\u0151 nap betelt az \u00f6sszes gyalogos erdei t\u00e1bor, \u00e9s ez t\u00f6rt\u00e9nt n\u00e9h\u00e1ny ker\u00e9kp\u00e1ros \u00e9s v\u00edzi t\u00e1borral is.<\/p>\n<p>R\u00e9v\u00e9sz M\u00e1riusz megjegyezte, ha ki kellene emelni egy programot, akkor az akt\u00edv Magyarorsz\u00e1g\u00e9rt felel\u0151s korm\u00e1nybiztosk\u00e9nt a v\u00e1ndort\u00e1borokra a legb\u00fcszk\u00e9bb.<\/p>\n<p>Az erdei v\u00e1ndort\u00e1borok szervez\u00e9s\u00e9t az Orsz\u00e1gos Erd\u00e9szeti Egyes\u00fclet koordin\u00e1lja, a programokat Zamb\u00f3 P\u00e9ter eln\u00f6k, f\u00f6ld\u00fcgyek\u00e9rt felel\u0151s \u00e1llamtitk\u00e1r ismertette.<\/p>\n<p>A kor\u00e1bbi \u00f6t \u00fatvonalhoz (Bakony, B\u00f6rzs\u00f6ny, M\u00e1tra, Mecsek \u00e9s Pilis) id\u00e9n a Zempl\u00e9n \u00e9s a Vasi-hegyh\u00e1t is t\u00e1rsul, ezeket j\u00fanius k\u00f6zep\u00e9t\u0151l augusztus v\u00e9g\u00e9ig 138 csoport j\u00e1rja be.<\/p>\n<p>A Magyar Ker\u00e9kp\u00e1ros \u00e9s Turisztikai Sz\u00f6vets\u00e9g \u00e1ltal szervezett ker\u00e9kp\u00e1ros v\u00e1ndort\u00e1borokban hat \u00fatvonalon, az Alf\u00f6ld\u00f6n, \u00c9szak-Magyarorsz\u00e1g ker\u00e9kp\u00e1ros \u00fatjain, a Fels\u0151-Tisza-vid\u00e9ken, a K\u00f6r\u00f6s\u00f6k v\u00f6lgy\u00e9ben, az \u0150rs\u00e9g-Vendvid\u00e9k-Vasi-hegyh\u00e1t \u00fatvonalain, valamint \u00fajdons\u00e1gk\u00e9nt a Balaton-felvid\u00e9ken \u00e9s a B\u00fckk-Aggteleki-hegys\u00e9gben tekerhetnek a ker\u00e9kp\u00e1roz\u00f3k.<\/p>\n<div id=\"attachment_1580711\" style=\"width: 1410px\" class=\"wp-caption alignnone\">\n<p class=\"wp-caption-text\">R\u00e9v\u00e9sz M\u00e1riusz akt\u00edv Magyarorsz\u00e1g\u00e9rt felel\u00f5s korm\u00e1nybiztos t\u00e1boroz\u00f3 di\u00e1kokkal besz\u00e9lget<br \/>Fot\u00f3: Komka P\u00e9ter \/ MTI<\/p>\n<\/div>\n<p>Beny\u00f3 Bal\u00e1zs, a sz\u00f6vets\u00e9g eln\u00f6ke elmondta azt is, hogy minden t\u00e1bor v\u00e9g\u00e9n \u00e9vr\u0151l \u00e9vre v\u00e1ltoz\u00f3 jelv\u00e9nyt adnak a r\u00e9sztvev\u0151knek.<br \/>Schmidt G\u00e1bor, a v\u00edzi v\u00e1ndort\u00e1borokat szervez\u0151 Magyar Kajak-Kenu Sz\u00f6vets\u00e9g eln\u00f6ke hozz\u00e1tette:<\/p>\n<p>a jelentkez\u0151k id\u00e9n is az Als\u00f3-Dun\u00e1n, a Mosoni-Dun\u00e1n, a Szigetk\u00f6zben, a Fels\u0151-Tisz\u00e1n, a Bodrogon \u00e9s a Dunakanyarban t\u00far\u00e1zhatnak, \u00faj helysz\u00ednk\u00e9nt pedig a Tisza-t\u00f3 kapcsol\u00f3dott be a programba.<\/p>\n<p>R\u00e9v\u00e9sz M\u00e1riusz fontos c\u00e9lnak nevezte, hogy a 13-18 \u00e9ves gyerekek a virtu\u00e1lis vil\u00e1g helyett val\u00f3s \u00e9lm\u00e9nyekhez jussanak, bar\u00e1ti k\u00f6z\u00f6ss\u00e9gben legyenek, \u00e9s kalandokat \u00e9ljenek \u00e1t. Sz\u00f3lt arr\u00f3l is, hogy az egyhetes t\u00e1bor\u00e9rt a r\u00e9sztvev\u0151knek 25 ezer forintot kell fizetni\u00fck.<\/p>\n<p>Elmondta: m\u00e1r t\u00f6bb mint 450 pedag\u00f3gus kapott t\u00faravezet\u0151i k\u00e9pz\u00e9st, \u00e9s \u00fajdons\u00e1g a fot\u00f3- \u00e9s novellap\u00e1ly\u00e1zat meghirdet\u00e9se.<\/p>\n<\/p><\/div>\n<p><script>\n    window.fbAsyncInit = function() {\n        FB.init({\n            appId      : \"204760236815359\",\n            xfbml      : true,\n            version    : \"v2.12\"\n        });\n        FB.AppEvents.logPageView();\n    };<\/p>\n<p>    (function(d, s, id){\n        var js, fjs = d.getElementsByTagName(s)[0];\n        if (d.getElementById(id)) {return;}\n        js = d.createElement(s); js.id = id;\n        js.src = \"http:\/\/connect.facebook.net\/hu_HU\/sdk.js\";\n        fjs.parentNode.insertBefore(js, fjs);\n    }(document, \"script\", \"facebook-jssdk\"));\n<\/script><br \/>\n<br \/>[ad_2]<br \/>\n<br \/><a href=\"https:\/\/www.vg.hu\/kozelet\/kozeleti-hirek\/iden-is-megnyiltak-az-erdei-vizi-es-kerekparos-vandortaborok-1580675\/\">Source link <\/a><\/p>\n","protected":false},"excerpt":{"rendered":"<p>[ad_1] Ezen a ny\u00e1ron 19 k\u00fcl\u00f6nb\u00f6z\u0151 erdei, v\u00edzi \u00e9s ker\u00e9kp\u00e1ros v\u00e1ndort\u00e1bort szerveznek, \u00e9s t\u00f6bb mint 11 ezer di\u00e1k t\u00e1borozhat egy h\u00e9tig az orsz\u00e1gban el\u0151re kialak\u00edtott \u00fatvonalak bej\u00e1r\u00e1s\u00e1val \u2013 jelentette be szerd\u00e1n a v\u00e1ndort\u00e1borok \u00fajraind\u00edt\u00e1s\u00e1t kezdem\u00e9nyez\u0151 R\u00e9v\u00e9sz M\u00e1riusz, az akt\u00edv Magyarorsz\u00e1g\u00e9rt felel\u0151s korm\u00e1nybiztos. R\u00e9v\u00e9sz M\u00e1riusz Nagyorosziban a P\u00e9nz\u00e1s\u00e1si Erdei Turist\u00e1zh\u00e1zn\u00e1l, az erdei v\u00e1ndort\u00e1borok egyik t\u00e1borhely\u00e9n tartott [&hellip;]<\/p>\n","protected":false},"author":2,"featured_media":4428,"comment_status":"open","ping_status":"open","sticky":false,"template":"","format":"standard","meta":{"footnotes":""},"categories":[1],"tags":[],"class_list":["post-4427","post","type-post","status-publish","format-standard","has-post-thumbnail","hentry","category-penzugyi-hirek"],"yoast_head":"<!-- This site is optimized with the Yoast SEO plugin v27.4 - https:\/\/yoast.com\/product\/yoast-seo-wordpress\/ -->\n<title>Id\u00e9n is megny\u00edltak az erdei, v\u00edzi \u00e9s ker\u00e9kp\u00e1ros v\u00e1ndort\u00e1borok - Super News<\/title>\n<meta name=\"robots\" content=\"index, follow, max-snippet:-1, max-image-preview:large, max-video-preview:-1\" \/>\n<link rel=\"canonical\" href=\"https:\/\/super-news.info\/hu\/iden-is-megnyiltak-az-erdei-vizi-es-kerekparos-vandortaborok\/\" \/>\n<meta property=\"og:locale\" content=\"hu_HU\" \/>\n<meta property=\"og:type\" content=\"article\" \/>\n<meta property=\"og:title\" content=\"Id\u00e9n is megny\u00edltak az erdei, v\u00edzi \u00e9s ker\u00e9kp\u00e1ros v\u00e1ndort\u00e1borok - Super News\" \/>\n<meta property=\"og:description\" content=\"[ad_1] Ezen a ny\u00e1ron 19 k\u00fcl\u00f6nb\u00f6z\u0151 erdei, v\u00edzi \u00e9s ker\u00e9kp\u00e1ros v\u00e1ndort\u00e1bort szerveznek, \u00e9s t\u00f6bb mint 11 ezer di\u00e1k t\u00e1borozhat egy h\u00e9tig az orsz\u00e1gban el\u0151re kialak\u00edtott \u00fatvonalak bej\u00e1r\u00e1s\u00e1val \u2013 jelentette be szerd\u00e1n a v\u00e1ndort\u00e1borok \u00fajraind\u00edt\u00e1s\u00e1t kezdem\u00e9nyez\u0151 R\u00e9v\u00e9sz M\u00e1riusz, az akt\u00edv Magyarorsz\u00e1g\u00e9rt felel\u0151s korm\u00e1nybiztos. R\u00e9v\u00e9sz M\u00e1riusz Nagyorosziban a P\u00e9nz\u00e1s\u00e1si Erdei Turist\u00e1zh\u00e1zn\u00e1l, az erdei v\u00e1ndort\u00e1borok egyik t\u00e1borhely\u00e9n tartott [&hellip;]\" \/>\n<meta property=\"og:url\" content=\"https:\/\/super-news.info\/hu\/iden-is-megnyiltak-az-erdei-vizi-es-kerekparos-vandortaborok\/\" \/>\n<meta property=\"og:site_name\" content=\"Super News\" \/>\n<meta property=\"article:published_time\" content=\"2019-06-19T21:00:04+00:00\" \/>\n<meta property=\"article:modified_time\" content=\"2019-06-19T21:00:05+00:00\" \/>\n<meta property=\"og:image\" content=\"https:\/\/super-news.info\/hu\/wp-content\/uploads\/sites\/3\/2019\/06\/Id\u00e9n-is-megny\u00edltak-az-erdei-v\u00edzi-\u00e9s-ker\u00e9kp\u00e1ros-v\u00e1ndort\u00e1borok.jpg\" \/>\n\t<meta property=\"og:image:width\" content=\"1400\" \/>\n\t<meta property=\"og:image:height\" content=\"932\" \/>\n\t<meta property=\"og:image:type\" content=\"image\/jpeg\" \/>\n<meta name=\"author\" content=\"super-news\" \/>\n<meta name=\"twitter:card\" content=\"summary_large_image\" \/>\n<meta name=\"twitter:label1\" content=\"Szerz\u0151:\" \/>\n\t<meta name=\"twitter:data1\" content=\"super-news\" \/>\n\t<meta name=\"twitter:label2\" content=\"Becs\u00fclt olvas\u00e1si id\u0151\" \/>\n\t<meta name=\"twitter:data2\" content=\"3 perc\" \/>\n<script type=\"application\/ld+json\" class=\"yoast-schema-graph\">{\"@context\":\"https:\\\/\\\/schema.org\",\"@graph\":[{\"@type\":\"Article\",\"@id\":\"https:\\\/\\\/super-news.info\\\/hu\\\/iden-is-megnyiltak-az-erdei-vizi-es-kerekparos-vandortaborok\\\/#article\",\"isPartOf\":{\"@id\":\"https:\\\/\\\/super-news.info\\\/hu\\\/iden-is-megnyiltak-az-erdei-vizi-es-kerekparos-vandortaborok\\\/\"},\"author\":{\"name\":\"super-news\",\"@id\":\"https:\\\/\\\/super-news.info\\\/hu\\\/#\\\/schema\\\/person\\\/2d4068cb2f39cd10008c2fce578a7356\"},\"headline\":\"Id\u00e9n is megny\u00edltak az erdei, v\u00edzi \u00e9s ker\u00e9kp\u00e1ros v\u00e1ndort\u00e1borok\",\"datePublished\":\"2019-06-19T21:00:04+00:00\",\"dateModified\":\"2019-06-19T21:00:05+00:00\",\"mainEntityOfPage\":{\"@id\":\"https:\\\/\\\/super-news.info\\\/hu\\\/iden-is-megnyiltak-az-erdei-vizi-es-kerekparos-vandortaborok\\\/\"},\"wordCount\":588,\"commentCount\":0,\"image\":{\"@id\":\"https:\\\/\\\/super-news.info\\\/hu\\\/iden-is-megnyiltak-az-erdei-vizi-es-kerekparos-vandortaborok\\\/#primaryimage\"},\"thumbnailUrl\":\"https:\\\/\\\/super-news.info\\\/hu\\\/wp-content\\\/uploads\\\/sites\\\/3\\\/2019\\\/06\\\/Id\u00e9n-is-megny\u00edltak-az-erdei-v\u00edzi-\u00e9s-ker\u00e9kp\u00e1ros-v\u00e1ndort\u00e1borok.jpg\",\"articleSection\":[\"P\u00c9NZ\u00dcGYI H\u00cdREK\"],\"inLanguage\":\"hu\",\"potentialAction\":[{\"@type\":\"CommentAction\",\"name\":\"Comment\",\"target\":[\"https:\\\/\\\/super-news.info\\\/hu\\\/iden-is-megnyiltak-az-erdei-vizi-es-kerekparos-vandortaborok\\\/#respond\"]}]},{\"@type\":\"WebPage\",\"@id\":\"https:\\\/\\\/super-news.info\\\/hu\\\/iden-is-megnyiltak-az-erdei-vizi-es-kerekparos-vandortaborok\\\/\",\"url\":\"https:\\\/\\\/super-news.info\\\/hu\\\/iden-is-megnyiltak-az-erdei-vizi-es-kerekparos-vandortaborok\\\/\",\"name\":\"Id\u00e9n is megny\u00edltak az erdei, v\u00edzi \u00e9s ker\u00e9kp\u00e1ros v\u00e1ndort\u00e1borok - Super News\",\"isPartOf\":{\"@id\":\"https:\\\/\\\/super-news.info\\\/hu\\\/#website\"},\"primaryImageOfPage\":{\"@id\":\"https:\\\/\\\/super-news.info\\\/hu\\\/iden-is-megnyiltak-az-erdei-vizi-es-kerekparos-vandortaborok\\\/#primaryimage\"},\"image\":{\"@id\":\"https:\\\/\\\/super-news.info\\\/hu\\\/iden-is-megnyiltak-az-erdei-vizi-es-kerekparos-vandortaborok\\\/#primaryimage\"},\"thumbnailUrl\":\"https:\\\/\\\/super-news.info\\\/hu\\\/wp-content\\\/uploads\\\/sites\\\/3\\\/2019\\\/06\\\/Id\u00e9n-is-megny\u00edltak-az-erdei-v\u00edzi-\u00e9s-ker\u00e9kp\u00e1ros-v\u00e1ndort\u00e1borok.jpg\",\"datePublished\":\"2019-06-19T21:00:04+00:00\",\"dateModified\":\"2019-06-19T21:00:05+00:00\",\"author\":{\"@id\":\"https:\\\/\\\/super-news.info\\\/hu\\\/#\\\/schema\\\/person\\\/2d4068cb2f39cd10008c2fce578a7356\"},\"breadcrumb\":{\"@id\":\"https:\\\/\\\/super-news.info\\\/hu\\\/iden-is-megnyiltak-az-erdei-vizi-es-kerekparos-vandortaborok\\\/#breadcrumb\"},\"inLanguage\":\"hu\",\"potentialAction\":[{\"@type\":\"ReadAction\",\"target\":[\"https:\\\/\\\/super-news.info\\\/hu\\\/iden-is-megnyiltak-az-erdei-vizi-es-kerekparos-vandortaborok\\\/\"]}]},{\"@type\":\"ImageObject\",\"inLanguage\":\"hu\",\"@id\":\"https:\\\/\\\/super-news.info\\\/hu\\\/iden-is-megnyiltak-az-erdei-vizi-es-kerekparos-vandortaborok\\\/#primaryimage\",\"url\":\"https:\\\/\\\/super-news.info\\\/hu\\\/wp-content\\\/uploads\\\/sites\\\/3\\\/2019\\\/06\\\/Id\u00e9n-is-megny\u00edltak-az-erdei-v\u00edzi-\u00e9s-ker\u00e9kp\u00e1ros-v\u00e1ndort\u00e1borok.jpg\",\"contentUrl\":\"https:\\\/\\\/super-news.info\\\/hu\\\/wp-content\\\/uploads\\\/sites\\\/3\\\/2019\\\/06\\\/Id\u00e9n-is-megny\u00edltak-az-erdei-v\u00edzi-\u00e9s-ker\u00e9kp\u00e1ros-v\u00e1ndort\u00e1borok.jpg\",\"width\":1400,\"height\":932,\"caption\":\"Id\u00e9n is megny\u00edltak az erdei, v\u00edzi \u00e9s ker\u00e9kp\u00e1ros v\u00e1ndort\u00e1borok\"},{\"@type\":\"BreadcrumbList\",\"@id\":\"https:\\\/\\\/super-news.info\\\/hu\\\/iden-is-megnyiltak-az-erdei-vizi-es-kerekparos-vandortaborok\\\/#breadcrumb\",\"itemListElement\":[{\"@type\":\"ListItem\",\"position\":1,\"name\":\"\u0413\u043b\u0430\u0432\u043d\u0430\u044f \u0441\u0442\u0440\u0430\u043d\u0438\u0446\u0430\",\"item\":\"https:\\\/\\\/super-news.info\\\/hu\\\/\"},{\"@type\":\"ListItem\",\"position\":2,\"name\":\"Id\u00e9n is megny\u00edltak az erdei, v\u00edzi \u00e9s ker\u00e9kp\u00e1ros v\u00e1ndort\u00e1borok\"}]},{\"@type\":\"WebSite\",\"@id\":\"https:\\\/\\\/super-news.info\\\/hu\\\/#website\",\"url\":\"https:\\\/\\\/super-news.info\\\/hu\\\/\",\"name\":\"Super News\",\"description\":\"Super News Magyarorsz\u00e1g\",\"potentialAction\":[{\"@type\":\"SearchAction\",\"target\":{\"@type\":\"EntryPoint\",\"urlTemplate\":\"https:\\\/\\\/super-news.info\\\/hu\\\/?s={search_term_string}\"},\"query-input\":{\"@type\":\"PropertyValueSpecification\",\"valueRequired\":true,\"valueName\":\"search_term_string\"}}],\"inLanguage\":\"hu\"},{\"@type\":\"Person\",\"@id\":\"https:\\\/\\\/super-news.info\\\/hu\\\/#\\\/schema\\\/person\\\/2d4068cb2f39cd10008c2fce578a7356\",\"name\":\"super-news\",\"image\":{\"@type\":\"ImageObject\",\"inLanguage\":\"hu\",\"@id\":\"https:\\\/\\\/secure.gravatar.com\\\/avatar\\\/64ebac40b93f26a154f8a9b5b6fdccfc46f442b26b3dd6756dbff3bf9dc76fd7?s=96&d=mm&r=g\",\"url\":\"https:\\\/\\\/secure.gravatar.com\\\/avatar\\\/64ebac40b93f26a154f8a9b5b6fdccfc46f442b26b3dd6756dbff3bf9dc76fd7?s=96&d=mm&r=g\",\"contentUrl\":\"https:\\\/\\\/secure.gravatar.com\\\/avatar\\\/64ebac40b93f26a154f8a9b5b6fdccfc46f442b26b3dd6756dbff3bf9dc76fd7?s=96&d=mm&r=g\",\"caption\":\"super-news\"},\"url\":\"https:\\\/\\\/super-news.info\\\/hu\\\/author\\\/pt\\\/\"}]}<\/script>\n<!-- \/ Yoast SEO plugin. -->","yoast_head_json":{"title":"Id\u00e9n is megny\u00edltak az erdei, v\u00edzi \u00e9s ker\u00e9kp\u00e1ros v\u00e1ndort\u00e1borok - Super News","robots":{"index":"index","follow":"follow","max-snippet":"max-snippet:-1","max-image-preview":"max-image-preview:large","max-video-preview":"max-video-preview:-1"},"canonical":"https:\/\/super-news.info\/hu\/iden-is-megnyiltak-az-erdei-vizi-es-kerekparos-vandortaborok\/","og_locale":"hu_HU","og_type":"article","og_title":"Id\u00e9n is megny\u00edltak az erdei, v\u00edzi \u00e9s ker\u00e9kp\u00e1ros v\u00e1ndort\u00e1borok - Super News","og_description":"[ad_1] Ezen a ny\u00e1ron 19 k\u00fcl\u00f6nb\u00f6z\u0151 erdei, v\u00edzi \u00e9s ker\u00e9kp\u00e1ros v\u00e1ndort\u00e1bort szerveznek, \u00e9s t\u00f6bb mint 11 ezer di\u00e1k t\u00e1borozhat egy h\u00e9tig az orsz\u00e1gban el\u0151re kialak\u00edtott \u00fatvonalak bej\u00e1r\u00e1s\u00e1val \u2013 jelentette be szerd\u00e1n a v\u00e1ndort\u00e1borok \u00fajraind\u00edt\u00e1s\u00e1t kezdem\u00e9nyez\u0151 R\u00e9v\u00e9sz M\u00e1riusz, az akt\u00edv Magyarorsz\u00e1g\u00e9rt felel\u0151s korm\u00e1nybiztos. R\u00e9v\u00e9sz M\u00e1riusz Nagyorosziban a P\u00e9nz\u00e1s\u00e1si Erdei Turist\u00e1zh\u00e1zn\u00e1l, az erdei v\u00e1ndort\u00e1borok egyik t\u00e1borhely\u00e9n tartott [&hellip;]","og_url":"https:\/\/super-news.info\/hu\/iden-is-megnyiltak-az-erdei-vizi-es-kerekparos-vandortaborok\/","og_site_name":"Super News","article_published_time":"2019-06-19T21:00:04+00:00","article_modified_time":"2019-06-19T21:00:05+00:00","og_image":[{"width":1400,"height":932,"url":"https:\/\/super-news.info\/hu\/wp-content\/uploads\/sites\/3\/2019\/06\/Id\u00e9n-is-megny\u00edltak-az-erdei-v\u00edzi-\u00e9s-ker\u00e9kp\u00e1ros-v\u00e1ndort\u00e1borok.jpg","type":"image\/jpeg"}],"author":"super-news","twitter_card":"summary_large_image","twitter_misc":{"Szerz\u0151:":"super-news","Becs\u00fclt olvas\u00e1si id\u0151":"3 perc"},"schema":{"@context":"https:\/\/schema.org","@graph":[{"@type":"Article","@id":"https:\/\/super-news.info\/hu\/iden-is-megnyiltak-az-erdei-vizi-es-kerekparos-vandortaborok\/#article","isPartOf":{"@id":"https:\/\/super-news.info\/hu\/iden-is-megnyiltak-az-erdei-vizi-es-kerekparos-vandortaborok\/"},"author":{"name":"super-news","@id":"https:\/\/super-news.info\/hu\/#\/schema\/person\/2d4068cb2f39cd10008c2fce578a7356"},"headline":"Id\u00e9n is megny\u00edltak az erdei, v\u00edzi \u00e9s ker\u00e9kp\u00e1ros v\u00e1ndort\u00e1borok","datePublished":"2019-06-19T21:00:04+00:00","dateModified":"2019-06-19T21:00:05+00:00","mainEntityOfPage":{"@id":"https:\/\/super-news.info\/hu\/iden-is-megnyiltak-az-erdei-vizi-es-kerekparos-vandortaborok\/"},"wordCount":588,"commentCount":0,"image":{"@id":"https:\/\/super-news.info\/hu\/iden-is-megnyiltak-az-erdei-vizi-es-kerekparos-vandortaborok\/#primaryimage"},"thumbnailUrl":"https:\/\/super-news.info\/hu\/wp-content\/uploads\/sites\/3\/2019\/06\/Id\u00e9n-is-megny\u00edltak-az-erdei-v\u00edzi-\u00e9s-ker\u00e9kp\u00e1ros-v\u00e1ndort\u00e1borok.jpg","articleSection":["P\u00c9NZ\u00dcGYI H\u00cdREK"],"inLanguage":"hu","potentialAction":[{"@type":"CommentAction","name":"Comment","target":["https:\/\/super-news.info\/hu\/iden-is-megnyiltak-az-erdei-vizi-es-kerekparos-vandortaborok\/#respond"]}]},{"@type":"WebPage","@id":"https:\/\/super-news.info\/hu\/iden-is-megnyiltak-az-erdei-vizi-es-kerekparos-vandortaborok\/","url":"https:\/\/super-news.info\/hu\/iden-is-megnyiltak-az-erdei-vizi-es-kerekparos-vandortaborok\/","name":"Id\u00e9n is megny\u00edltak az erdei, v\u00edzi \u00e9s ker\u00e9kp\u00e1ros v\u00e1ndort\u00e1borok - Super News","isPartOf":{"@id":"https:\/\/super-news.info\/hu\/#website"},"primaryImageOfPage":{"@id":"https:\/\/super-news.info\/hu\/iden-is-megnyiltak-az-erdei-vizi-es-kerekparos-vandortaborok\/#primaryimage"},"image":{"@id":"https:\/\/super-news.info\/hu\/iden-is-megnyiltak-az-erdei-vizi-es-kerekparos-vandortaborok\/#primaryimage"},"thumbnailUrl":"https:\/\/super-news.info\/hu\/wp-content\/uploads\/sites\/3\/2019\/06\/Id\u00e9n-is-megny\u00edltak-az-erdei-v\u00edzi-\u00e9s-ker\u00e9kp\u00e1ros-v\u00e1ndort\u00e1borok.jpg","datePublished":"2019-06-19T21:00:04+00:00","dateModified":"2019-06-19T21:00:05+00:00","author":{"@id":"https:\/\/super-news.info\/hu\/#\/schema\/person\/2d4068cb2f39cd10008c2fce578a7356"},"breadcrumb":{"@id":"https:\/\/super-news.info\/hu\/iden-is-megnyiltak-az-erdei-vizi-es-kerekparos-vandortaborok\/#breadcrumb"},"inLanguage":"hu","potentialAction":[{"@type":"ReadAction","target":["https:\/\/super-news.info\/hu\/iden-is-megnyiltak-az-erdei-vizi-es-kerekparos-vandortaborok\/"]}]},{"@type":"ImageObject","inLanguage":"hu","@id":"https:\/\/super-news.info\/hu\/iden-is-megnyiltak-az-erdei-vizi-es-kerekparos-vandortaborok\/#primaryimage","url":"https:\/\/super-news.info\/hu\/wp-content\/uploads\/sites\/3\/2019\/06\/Id\u00e9n-is-megny\u00edltak-az-erdei-v\u00edzi-\u00e9s-ker\u00e9kp\u00e1ros-v\u00e1ndort\u00e1borok.jpg","contentUrl":"https:\/\/super-news.info\/hu\/wp-content\/uploads\/sites\/3\/2019\/06\/Id\u00e9n-is-megny\u00edltak-az-erdei-v\u00edzi-\u00e9s-ker\u00e9kp\u00e1ros-v\u00e1ndort\u00e1borok.jpg","width":1400,"height":932,"caption":"Id\u00e9n is megny\u00edltak az erdei, v\u00edzi \u00e9s ker\u00e9kp\u00e1ros v\u00e1ndort\u00e1borok"},{"@type":"BreadcrumbList","@id":"https:\/\/super-news.info\/hu\/iden-is-megnyiltak-az-erdei-vizi-es-kerekparos-vandortaborok\/#breadcrumb","itemListElement":[{"@type":"ListItem","position":1,"name":"\u0413\u043b\u0430\u0432\u043d\u0430\u044f \u0441\u0442\u0440\u0430\u043d\u0438\u0446\u0430","item":"https:\/\/super-news.info\/hu\/"},{"@type":"ListItem","position":2,"name":"Id\u00e9n is megny\u00edltak az erdei, v\u00edzi \u00e9s ker\u00e9kp\u00e1ros v\u00e1ndort\u00e1borok"}]},{"@type":"WebSite","@id":"https:\/\/super-news.info\/hu\/#website","url":"https:\/\/super-news.info\/hu\/","name":"Super News","description":"Super News Magyarorsz\u00e1g","potentialAction":[{"@type":"SearchAction","target":{"@type":"EntryPoint","urlTemplate":"https:\/\/super-news.info\/hu\/?s={search_term_string}"},"query-input":{"@type":"PropertyValueSpecification","valueRequired":true,"valueName":"search_term_string"}}],"inLanguage":"hu"},{"@type":"Person","@id":"https:\/\/super-news.info\/hu\/#\/schema\/person\/2d4068cb2f39cd10008c2fce578a7356","name":"super-news","image":{"@type":"ImageObject","inLanguage":"hu","@id":"https:\/\/secure.gravatar.com\/avatar\/64ebac40b93f26a154f8a9b5b6fdccfc46f442b26b3dd6756dbff3bf9dc76fd7?s=96&d=mm&r=g","url":"https:\/\/secure.gravatar.com\/avatar\/64ebac40b93f26a154f8a9b5b6fdccfc46f442b26b3dd6756dbff3bf9dc76fd7?s=96&d=mm&r=g","contentUrl":"https:\/\/secure.gravatar.com\/avatar\/64ebac40b93f26a154f8a9b5b6fdccfc46f442b26b3dd6756dbff3bf9dc76fd7?s=96&d=mm&r=g","caption":"super-news"},"url":"https:\/\/super-news.info\/hu\/author\/pt\/"}]}},"_links":{"self":[{"href":"https:\/\/super-news.info\/hu\/wp-json\/wp\/v2\/posts\/4427","targetHints":{"allow":["GET"]}}],"collection":[{"href":"https:\/\/super-news.info\/hu\/wp-json\/wp\/v2\/posts"}],"about":[{"href":"https:\/\/super-news.info\/hu\/wp-json\/wp\/v2\/types\/post"}],"author":[{"embeddable":true,"href":"https:\/\/super-news.info\/hu\/wp-json\/wp\/v2\/users\/2"}],"replies":[{"embeddable":true,"href":"https:\/\/super-news.info\/hu\/wp-json\/wp\/v2\/comments?post=4427"}],"version-history":[{"count":1,"href":"https:\/\/super-news.info\/hu\/wp-json\/wp\/v2\/posts\/4427\/revisions"}],"predecessor-version":[{"id":4429,"href":"https:\/\/super-news.info\/hu\/wp-json\/wp\/v2\/posts\/4427\/revisions\/4429"}],"wp:featuredmedia":[{"embeddable":true,"href":"https:\/\/super-news.info\/hu\/wp-json\/wp\/v2\/media\/4428"}],"wp:attachment":[{"href":"https:\/\/super-news.info\/hu\/wp-json\/wp\/v2\/media?parent=4427"}],"wp:term":[{"taxonomy":"category","embeddable":true,"href":"https:\/\/super-news.info\/hu\/wp-json\/wp\/v2\/categories?post=4427"},{"taxonomy":"post_tag","embeddable":true,"href":"https:\/\/super-news.info\/hu\/wp-json\/wp\/v2\/tags?post=4427"}],"curies":[{"name":"wp","href":"https:\/\/api.w.org\/{rel}","templated":true}]}}