{"id":4424,"date":"2019-06-19T23:07:58","date_gmt":"2019-06-19T20:07:58","guid":{"rendered":"https:\/\/super-news.info\/hu\/borulato-a-nemet-kulugyminiszter-az-irani-helyzet-miatt\/"},"modified":"2019-06-19T23:07:59","modified_gmt":"2019-06-19T20:07:59","slug":"borulato-a-nemet-kulugyminiszter-az-irani-helyzet-miatt","status":"publish","type":"post","link":"https:\/\/super-news.info\/hu\/borulato-a-nemet-kulugyminiszter-az-irani-helyzet-miatt\/","title":{"rendered":"Bor\u00fal\u00e1t\u00f3 a n\u00e9met k\u00fcl\u00fcgyminiszter az ir\u00e1ni helyzet miatt"},"content":{"rendered":"<p> [ad_1]<br \/>\n<\/p>\n<p>\n\t\t\t\t\t\t\t\tAz ir\u00e1ni v\u00e1ls\u00e1g s\u00falyosbod\u00e1s\u00e1ra figyelmeztetett szerd\u00e1n P\u00e1rizsban Heiko Maas n\u00e9met k\u00fcl\u00fcgyminiszter.\t\t\t\t\t\t\t<\/p>\n<div>\n<p>Agg\u00f3dik a n\u00e9met k\u00fcl\u00fcgyminiszter, Heiko Maas az ir\u00e1ni helyzet miatt.<\/p>\n<blockquote>\n<p>A helyzet tov\u00e1bbra is komoly. Nem siker\u00fclt elh\u00e1r\u00edtani a h\u00e1bor\u00fas vesz\u00e9lyt a Perzsa-\u00f6b\u00f6lben<\/p>\n<\/blockquote>\n<p>\u2013 jelentette ki a n\u00e9met szoci\u00e1ldemokrata politikus, aki a nap folyam\u00e1n a francia korm\u00e1ny \u00fcl\u00e9s\u00e9n vett r\u00e9szt az \u00c9lys\u00e9e-palot\u00e1ban.<\/p>\n<p>Francia hivatali partner\u00e9vel k\u00f6z\u00f6s sajt\u00f3t\u00e1j\u00e9koztat\u00f3j\u00e1n Maas hangs\u00falyozta, hogy a k\u00e9rd\u00e9sben k\u00f6z\u00f6s francia-n\u00e9met \u00e1ll\u00e1spontot alak\u00edtottak ki. Minden \u00e9rintett f\u00e9llel, \u00edgy az Egyes\u00fclt \u00c1llamokkal is folynak megbesz\u00e9l\u00e9sek \u2013 mondta a n\u00e9met t\u00e1rcavezet\u0151, s egyben eml\u00e9keztetett, hogy nemr\u00e9g Teher\u00e1nban t\u00e1rgyalt. Hangs\u00falyozta: a v\u00e1ls\u00e1grendez\u00e9sben a diplom\u00e1cia \u00e9lvez els\u0151bbs\u00e9get alapelv\u00e9t k\u00f6vetik.<\/p>\n<div id=\"attachment_1008262\" style=\"width: 1034px\" class=\"wp-caption alignnone\">\n<p class=\"wp-caption-text\">Heiko Maas, n\u00e9met k\u00fcl\u00fcgyminiszter<br \/>Fot\u00f3: AFP<\/p>\n<\/div>\n<p>Jean-Yves Le Drian francia k\u00fcl\u00fcgyminiszter arr\u00f3l besz\u00e9lt, hogy Berlin \u00e9s P\u00e1rizs fokozza er\u0151fesz\u00edt\u00e9seit, hogy m\u00e9rs\u00e9kelje a fesz\u00fclts\u00e9get a Perzsa-\u00f6b\u00f6lben \u00e9s ezzel elker\u00fclhess\u00e9k a h\u00e1bor\u00fas helyzetet.<\/p>\n<p>Egyes\u00edteni akarjuk er\u0151fesz\u00edt\u00e9seinket, hogy megkezd\u0151dhessen egy fesz\u00fclts\u00e9gmentes\u00edt\u00e9si folyamat<\/p>\n<p>\u2013 mondta Le Drian. \u201eM\u00e9g van id\u0151 \u00e9s rem\u00e9lj\u00fck a szerepl\u0151k t\u00f6bb \u00f6nm\u00e9rs\u00e9kletet tan\u00fas\u00edtanak. M\u00e9g mindig maradt id\u0151, de m\u00e1r csak egy kev\u00e9s\u201d <b>\u2013<\/b> figyelmeztetett a francia t\u00e1rcavezet\u0151.<\/p>\n<p>Le Drian azzal kapcsolatban, hogy Teher\u00e1n h\u00e9tf\u0151n bejelentette, alacsonyan d\u00fas\u00edtott ur\u00e1nk\u00e9szlete t\u00edz napon bel\u00fcl meghaladja azt a mennyis\u00e9get, amelyet a 2015-\u00f6s t\u00f6bbhatalmi nukle\u00e1ris meg\u00e1llapod\u00e1s megenged neki, lesz\u00f6gezte: mindez nem szolg\u00e1lja az ir\u00e1ni vezet\u00e9s \u00e9rdek\u00e9t, \u00e9s nagyon aggaszt\u00f3 fejlem\u00e9ny. A k\u00fcl\u00fcgyminiszter ugyanakkor felid\u00e9zte Washington felel\u0151ss\u00e9g\u00e9t is a visz\u00e1lyban.<\/p>\n<blockquote>\n<p>Nem tartjuk j\u00f3nak az Egyes\u00fclt \u00c1llamok d\u00f6nt\u00e9s\u00e9t, hogy felmondta a meg\u00e1llapod\u00e1st \u00e9s azt sem, maxim\u00e1lis nyom\u00e1sgyakorl\u00e1si kamp\u00e1ny\u00e1val hozz\u00e1j\u00e1rul a fesz\u00fclts\u00e9ghez<\/p>\n<\/blockquote>\n<p>\u2013 tette hozz\u00e1 Le Drian.<\/p>\n<p>Haszan R\u00f3h\u00e1ni ir\u00e1ni eln\u00f6k m\u00e1jus 8-\u00e1n bejelentette, hogy orsz\u00e1ga a tov\u00e1bbiakban nem teljes\u00edti a nukle\u00e1ris meg\u00e1llapod\u00e1s egyes r\u00e9szeit, mert az Egyes\u00fclt \u00c1llamok egy \u00e9vvel kor\u00e1bban egyoldal\u00faan felmondta a szerz\u0151d\u00e9st, \u00e9s helyre\u00e1ll\u00edtotta a kor\u00e1bban felf\u00fcggesztett szankci\u00f3kat az iszl\u00e1m k\u00f6zt\u00e1rsas\u00e1ggal szemben. R\u00f3h\u00e1ni azzal fenyeget\u0151z\u00f6tt: ha a t\u00f6bbi al\u00e1\u00edr\u00f3 orsz\u00e1g \u2013 azaz Nagy-Britannia, Franciaorsz\u00e1g, N\u00e9metorsz\u00e1g, K\u00edna \u00e9s Oroszorsz\u00e1g \u2013 60 napon bel\u00fcl nem v\u00e9di meg Ir\u00e1nt az amerikai b\u00fcntet\u0151 int\u00e9zked\u00e9sekt\u0151l, akkor elkezdi az ur\u00e1nd\u00fas\u00edt\u00e1st magasabb fokon, amit a 2015-\u00f6s meg\u00e1llapod\u00e1s tilt neki. A megszabott hat\u00e1rid\u0151 j\u00falius 8-\u00e1n j\u00e1r le.<\/p>\n<div class=\"aframe\">\n<p>Az elm\u00falt id\u0151szak t\u00f6rt\u00e9n\u00e9sei \u2013 k\u00f6zt\u00fck az Om\u00e1ni-\u00f6b\u00f6lben tart\u00e1lyhaj\u00f3k ellen elk\u00f6vetett t\u00e1mad\u00e1sok \u2013 fokozt\u00e1k a fesz\u00fclts\u00e9get Ir\u00e1n \u00e9s az Egyes\u00fclt \u00c1llamok k\u00f6z\u00f6tt. Washington az iszl\u00e1m k\u00f6zt\u00e1rsas\u00e1got tette felel\u0151ss\u00e9 az incidens\u00e9rt, de Teher\u00e1n tagadta, hogy k\u00f6ze lenne ahhoz. Az amerikai v\u00e9delmi miniszt\u00e9rium az ir\u00e1ni fenyeget\u00e9sre hivatkozva h\u00e9tf\u0151n jelezte, hogy tov\u00e1bbi ezer katon\u00e1t vez\u00e9nyel a K\u00f6zel-Keletre.<\/p>\n<\/div>\n<p>\u00a0<\/p>\n<\/p><\/div>\n<p><script>\n    window.fbAsyncInit = function() {\n        FB.init({\n            appId      : \"204760236815359\",\n            xfbml      : true,\n            version    : \"v2.12\"\n        });\n        FB.AppEvents.logPageView();\n    };<\/p>\n<p>    (function(d, s, id){\n        var js, fjs = d.getElementsByTagName(s)[0];\n        if (d.getElementById(id)) {return;}\n        js = d.createElement(s); js.id = id;\n        js.src = \"http:\/\/connect.facebook.net\/hu_HU\/sdk.js\";\n        fjs.parentNode.insertBefore(js, fjs);\n    }(document, \"script\", \"facebook-jssdk\"));\n<\/script><br \/>\n<br \/>[ad_2]<br \/>\n<br \/><a href=\"https:\/\/www.vg.hu\/kozelet\/politika\/borulato-a-nemet-kulugyminiszter-az-irani-helyzet-miatt-1581179\/\">Source link <\/a><\/p>\n","protected":false},"excerpt":{"rendered":"<p>[ad_1] Az ir\u00e1ni v\u00e1ls\u00e1g s\u00falyosbod\u00e1s\u00e1ra figyelmeztetett szerd\u00e1n P\u00e1rizsban Heiko Maas n\u00e9met k\u00fcl\u00fcgyminiszter. Agg\u00f3dik a n\u00e9met k\u00fcl\u00fcgyminiszter, Heiko Maas az ir\u00e1ni helyzet miatt. A helyzet tov\u00e1bbra is komoly. Nem siker\u00fclt elh\u00e1r\u00edtani a h\u00e1bor\u00fas vesz\u00e9lyt a Perzsa-\u00f6b\u00f6lben \u2013 jelentette ki a n\u00e9met szoci\u00e1ldemokrata politikus, aki a nap folyam\u00e1n a francia korm\u00e1ny \u00fcl\u00e9s\u00e9n vett r\u00e9szt az \u00c9lys\u00e9e-palot\u00e1ban. Francia [&hellip;]<\/p>\n","protected":false},"author":2,"featured_media":4425,"comment_status":"open","ping_status":"open","sticky":false,"template":"","format":"standard","meta":{"footnotes":""},"categories":[1],"tags":[],"class_list":["post-4424","post","type-post","status-publish","format-standard","has-post-thumbnail","hentry","category-penzugyi-hirek"],"yoast_head":"<!-- This site is optimized with the Yoast SEO plugin v27.4 - https:\/\/yoast.com\/product\/yoast-seo-wordpress\/ -->\n<title>Bor\u00fal\u00e1t\u00f3 a n\u00e9met k\u00fcl\u00fcgyminiszter az ir\u00e1ni helyzet miatt - Super News<\/title>\n<meta name=\"robots\" content=\"index, follow, max-snippet:-1, max-image-preview:large, max-video-preview:-1\" \/>\n<link rel=\"canonical\" href=\"https:\/\/super-news.info\/hu\/borulato-a-nemet-kulugyminiszter-az-irani-helyzet-miatt\/\" \/>\n<meta property=\"og:locale\" content=\"hu_HU\" \/>\n<meta property=\"og:type\" content=\"article\" \/>\n<meta property=\"og:title\" content=\"Bor\u00fal\u00e1t\u00f3 a n\u00e9met k\u00fcl\u00fcgyminiszter az ir\u00e1ni helyzet miatt - Super News\" \/>\n<meta property=\"og:description\" content=\"[ad_1] Az ir\u00e1ni v\u00e1ls\u00e1g s\u00falyosbod\u00e1s\u00e1ra figyelmeztetett szerd\u00e1n P\u00e1rizsban Heiko Maas n\u00e9met k\u00fcl\u00fcgyminiszter. Agg\u00f3dik a n\u00e9met k\u00fcl\u00fcgyminiszter, Heiko Maas az ir\u00e1ni helyzet miatt. A helyzet tov\u00e1bbra is komoly. Nem siker\u00fclt elh\u00e1r\u00edtani a h\u00e1bor\u00fas vesz\u00e9lyt a Perzsa-\u00f6b\u00f6lben \u2013 jelentette ki a n\u00e9met szoci\u00e1ldemokrata politikus, aki a nap folyam\u00e1n a francia korm\u00e1ny \u00fcl\u00e9s\u00e9n vett r\u00e9szt az \u00c9lys\u00e9e-palot\u00e1ban. Francia [&hellip;]\" \/>\n<meta property=\"og:url\" content=\"https:\/\/super-news.info\/hu\/borulato-a-nemet-kulugyminiszter-az-irani-helyzet-miatt\/\" \/>\n<meta property=\"og:site_name\" content=\"Super News\" \/>\n<meta property=\"article:published_time\" content=\"2019-06-19T20:07:58+00:00\" \/>\n<meta property=\"article:modified_time\" content=\"2019-06-19T20:07:59+00:00\" \/>\n<meta property=\"og:image\" content=\"https:\/\/super-news.info\/hu\/wp-content\/uploads\/sites\/3\/2019\/06\/Bor\u00fal\u00e1t\u00f3-a-n\u00e9met-k\u00fcl\u00fcgyminiszter-az-ir\u00e1ni-helyzet-miatt.jpg\" \/>\n\t<meta property=\"og:image:width\" content=\"1024\" \/>\n\t<meta property=\"og:image:height\" content=\"682\" \/>\n\t<meta property=\"og:image:type\" content=\"image\/jpeg\" \/>\n<meta name=\"author\" content=\"super-news\" \/>\n<meta name=\"twitter:card\" content=\"summary_large_image\" \/>\n<meta name=\"twitter:label1\" content=\"Szerz\u0151:\" \/>\n\t<meta name=\"twitter:data1\" content=\"super-news\" \/>\n\t<meta name=\"twitter:label2\" content=\"Becs\u00fclt olvas\u00e1si id\u0151\" \/>\n\t<meta name=\"twitter:data2\" content=\"3 perc\" \/>\n<script type=\"application\/ld+json\" class=\"yoast-schema-graph\">{\"@context\":\"https:\\\/\\\/schema.org\",\"@graph\":[{\"@type\":\"Article\",\"@id\":\"https:\\\/\\\/super-news.info\\\/hu\\\/borulato-a-nemet-kulugyminiszter-az-irani-helyzet-miatt\\\/#article\",\"isPartOf\":{\"@id\":\"https:\\\/\\\/super-news.info\\\/hu\\\/borulato-a-nemet-kulugyminiszter-az-irani-helyzet-miatt\\\/\"},\"author\":{\"name\":\"super-news\",\"@id\":\"https:\\\/\\\/super-news.info\\\/hu\\\/#\\\/schema\\\/person\\\/2d4068cb2f39cd10008c2fce578a7356\"},\"headline\":\"Bor\u00fal\u00e1t\u00f3 a n\u00e9met k\u00fcl\u00fcgyminiszter az ir\u00e1ni helyzet miatt\",\"datePublished\":\"2019-06-19T20:07:58+00:00\",\"dateModified\":\"2019-06-19T20:07:59+00:00\",\"mainEntityOfPage\":{\"@id\":\"https:\\\/\\\/super-news.info\\\/hu\\\/borulato-a-nemet-kulugyminiszter-az-irani-helyzet-miatt\\\/\"},\"wordCount\":638,\"commentCount\":0,\"image\":{\"@id\":\"https:\\\/\\\/super-news.info\\\/hu\\\/borulato-a-nemet-kulugyminiszter-az-irani-helyzet-miatt\\\/#primaryimage\"},\"thumbnailUrl\":\"https:\\\/\\\/super-news.info\\\/hu\\\/wp-content\\\/uploads\\\/sites\\\/3\\\/2019\\\/06\\\/Bor\u00fal\u00e1t\u00f3-a-n\u00e9met-k\u00fcl\u00fcgyminiszter-az-ir\u00e1ni-helyzet-miatt.jpg\",\"articleSection\":[\"P\u00c9NZ\u00dcGYI H\u00cdREK\"],\"inLanguage\":\"hu\",\"potentialAction\":[{\"@type\":\"CommentAction\",\"name\":\"Comment\",\"target\":[\"https:\\\/\\\/super-news.info\\\/hu\\\/borulato-a-nemet-kulugyminiszter-az-irani-helyzet-miatt\\\/#respond\"]}]},{\"@type\":\"WebPage\",\"@id\":\"https:\\\/\\\/super-news.info\\\/hu\\\/borulato-a-nemet-kulugyminiszter-az-irani-helyzet-miatt\\\/\",\"url\":\"https:\\\/\\\/super-news.info\\\/hu\\\/borulato-a-nemet-kulugyminiszter-az-irani-helyzet-miatt\\\/\",\"name\":\"Bor\u00fal\u00e1t\u00f3 a n\u00e9met k\u00fcl\u00fcgyminiszter az ir\u00e1ni helyzet miatt - Super News\",\"isPartOf\":{\"@id\":\"https:\\\/\\\/super-news.info\\\/hu\\\/#website\"},\"primaryImageOfPage\":{\"@id\":\"https:\\\/\\\/super-news.info\\\/hu\\\/borulato-a-nemet-kulugyminiszter-az-irani-helyzet-miatt\\\/#primaryimage\"},\"image\":{\"@id\":\"https:\\\/\\\/super-news.info\\\/hu\\\/borulato-a-nemet-kulugyminiszter-az-irani-helyzet-miatt\\\/#primaryimage\"},\"thumbnailUrl\":\"https:\\\/\\\/super-news.info\\\/hu\\\/wp-content\\\/uploads\\\/sites\\\/3\\\/2019\\\/06\\\/Bor\u00fal\u00e1t\u00f3-a-n\u00e9met-k\u00fcl\u00fcgyminiszter-az-ir\u00e1ni-helyzet-miatt.jpg\",\"datePublished\":\"2019-06-19T20:07:58+00:00\",\"dateModified\":\"2019-06-19T20:07:59+00:00\",\"author\":{\"@id\":\"https:\\\/\\\/super-news.info\\\/hu\\\/#\\\/schema\\\/person\\\/2d4068cb2f39cd10008c2fce578a7356\"},\"breadcrumb\":{\"@id\":\"https:\\\/\\\/super-news.info\\\/hu\\\/borulato-a-nemet-kulugyminiszter-az-irani-helyzet-miatt\\\/#breadcrumb\"},\"inLanguage\":\"hu\",\"potentialAction\":[{\"@type\":\"ReadAction\",\"target\":[\"https:\\\/\\\/super-news.info\\\/hu\\\/borulato-a-nemet-kulugyminiszter-az-irani-helyzet-miatt\\\/\"]}]},{\"@type\":\"ImageObject\",\"inLanguage\":\"hu\",\"@id\":\"https:\\\/\\\/super-news.info\\\/hu\\\/borulato-a-nemet-kulugyminiszter-az-irani-helyzet-miatt\\\/#primaryimage\",\"url\":\"https:\\\/\\\/super-news.info\\\/hu\\\/wp-content\\\/uploads\\\/sites\\\/3\\\/2019\\\/06\\\/Bor\u00fal\u00e1t\u00f3-a-n\u00e9met-k\u00fcl\u00fcgyminiszter-az-ir\u00e1ni-helyzet-miatt.jpg\",\"contentUrl\":\"https:\\\/\\\/super-news.info\\\/hu\\\/wp-content\\\/uploads\\\/sites\\\/3\\\/2019\\\/06\\\/Bor\u00fal\u00e1t\u00f3-a-n\u00e9met-k\u00fcl\u00fcgyminiszter-az-ir\u00e1ni-helyzet-miatt.jpg\",\"width\":1024,\"height\":682,\"caption\":\"Bor\u00fal\u00e1t\u00f3 a n\u00e9met k\u00fcl\u00fcgyminiszter az ir\u00e1ni helyzet miatt\"},{\"@type\":\"BreadcrumbList\",\"@id\":\"https:\\\/\\\/super-news.info\\\/hu\\\/borulato-a-nemet-kulugyminiszter-az-irani-helyzet-miatt\\\/#breadcrumb\",\"itemListElement\":[{\"@type\":\"ListItem\",\"position\":1,\"name\":\"\u0413\u043b\u0430\u0432\u043d\u0430\u044f \u0441\u0442\u0440\u0430\u043d\u0438\u0446\u0430\",\"item\":\"https:\\\/\\\/super-news.info\\\/hu\\\/\"},{\"@type\":\"ListItem\",\"position\":2,\"name\":\"Bor\u00fal\u00e1t\u00f3 a n\u00e9met k\u00fcl\u00fcgyminiszter az ir\u00e1ni helyzet miatt\"}]},{\"@type\":\"WebSite\",\"@id\":\"https:\\\/\\\/super-news.info\\\/hu\\\/#website\",\"url\":\"https:\\\/\\\/super-news.info\\\/hu\\\/\",\"name\":\"Super News\",\"description\":\"Super News Magyarorsz\u00e1g\",\"potentialAction\":[{\"@type\":\"SearchAction\",\"target\":{\"@type\":\"EntryPoint\",\"urlTemplate\":\"https:\\\/\\\/super-news.info\\\/hu\\\/?s={search_term_string}\"},\"query-input\":{\"@type\":\"PropertyValueSpecification\",\"valueRequired\":true,\"valueName\":\"search_term_string\"}}],\"inLanguage\":\"hu\"},{\"@type\":\"Person\",\"@id\":\"https:\\\/\\\/super-news.info\\\/hu\\\/#\\\/schema\\\/person\\\/2d4068cb2f39cd10008c2fce578a7356\",\"name\":\"super-news\",\"image\":{\"@type\":\"ImageObject\",\"inLanguage\":\"hu\",\"@id\":\"https:\\\/\\\/secure.gravatar.com\\\/avatar\\\/64ebac40b93f26a154f8a9b5b6fdccfc46f442b26b3dd6756dbff3bf9dc76fd7?s=96&d=mm&r=g\",\"url\":\"https:\\\/\\\/secure.gravatar.com\\\/avatar\\\/64ebac40b93f26a154f8a9b5b6fdccfc46f442b26b3dd6756dbff3bf9dc76fd7?s=96&d=mm&r=g\",\"contentUrl\":\"https:\\\/\\\/secure.gravatar.com\\\/avatar\\\/64ebac40b93f26a154f8a9b5b6fdccfc46f442b26b3dd6756dbff3bf9dc76fd7?s=96&d=mm&r=g\",\"caption\":\"super-news\"},\"url\":\"https:\\\/\\\/super-news.info\\\/hu\\\/author\\\/pt\\\/\"}]}<\/script>\n<!-- \/ Yoast SEO plugin. -->","yoast_head_json":{"title":"Bor\u00fal\u00e1t\u00f3 a n\u00e9met k\u00fcl\u00fcgyminiszter az ir\u00e1ni helyzet miatt - Super News","robots":{"index":"index","follow":"follow","max-snippet":"max-snippet:-1","max-image-preview":"max-image-preview:large","max-video-preview":"max-video-preview:-1"},"canonical":"https:\/\/super-news.info\/hu\/borulato-a-nemet-kulugyminiszter-az-irani-helyzet-miatt\/","og_locale":"hu_HU","og_type":"article","og_title":"Bor\u00fal\u00e1t\u00f3 a n\u00e9met k\u00fcl\u00fcgyminiszter az ir\u00e1ni helyzet miatt - Super News","og_description":"[ad_1] Az ir\u00e1ni v\u00e1ls\u00e1g s\u00falyosbod\u00e1s\u00e1ra figyelmeztetett szerd\u00e1n P\u00e1rizsban Heiko Maas n\u00e9met k\u00fcl\u00fcgyminiszter. Agg\u00f3dik a n\u00e9met k\u00fcl\u00fcgyminiszter, Heiko Maas az ir\u00e1ni helyzet miatt. A helyzet tov\u00e1bbra is komoly. Nem siker\u00fclt elh\u00e1r\u00edtani a h\u00e1bor\u00fas vesz\u00e9lyt a Perzsa-\u00f6b\u00f6lben \u2013 jelentette ki a n\u00e9met szoci\u00e1ldemokrata politikus, aki a nap folyam\u00e1n a francia korm\u00e1ny \u00fcl\u00e9s\u00e9n vett r\u00e9szt az \u00c9lys\u00e9e-palot\u00e1ban. Francia [&hellip;]","og_url":"https:\/\/super-news.info\/hu\/borulato-a-nemet-kulugyminiszter-az-irani-helyzet-miatt\/","og_site_name":"Super News","article_published_time":"2019-06-19T20:07:58+00:00","article_modified_time":"2019-06-19T20:07:59+00:00","og_image":[{"width":1024,"height":682,"url":"https:\/\/super-news.info\/hu\/wp-content\/uploads\/sites\/3\/2019\/06\/Bor\u00fal\u00e1t\u00f3-a-n\u00e9met-k\u00fcl\u00fcgyminiszter-az-ir\u00e1ni-helyzet-miatt.jpg","type":"image\/jpeg"}],"author":"super-news","twitter_card":"summary_large_image","twitter_misc":{"Szerz\u0151:":"super-news","Becs\u00fclt olvas\u00e1si id\u0151":"3 perc"},"schema":{"@context":"https:\/\/schema.org","@graph":[{"@type":"Article","@id":"https:\/\/super-news.info\/hu\/borulato-a-nemet-kulugyminiszter-az-irani-helyzet-miatt\/#article","isPartOf":{"@id":"https:\/\/super-news.info\/hu\/borulato-a-nemet-kulugyminiszter-az-irani-helyzet-miatt\/"},"author":{"name":"super-news","@id":"https:\/\/super-news.info\/hu\/#\/schema\/person\/2d4068cb2f39cd10008c2fce578a7356"},"headline":"Bor\u00fal\u00e1t\u00f3 a n\u00e9met k\u00fcl\u00fcgyminiszter az ir\u00e1ni helyzet miatt","datePublished":"2019-06-19T20:07:58+00:00","dateModified":"2019-06-19T20:07:59+00:00","mainEntityOfPage":{"@id":"https:\/\/super-news.info\/hu\/borulato-a-nemet-kulugyminiszter-az-irani-helyzet-miatt\/"},"wordCount":638,"commentCount":0,"image":{"@id":"https:\/\/super-news.info\/hu\/borulato-a-nemet-kulugyminiszter-az-irani-helyzet-miatt\/#primaryimage"},"thumbnailUrl":"https:\/\/super-news.info\/hu\/wp-content\/uploads\/sites\/3\/2019\/06\/Bor\u00fal\u00e1t\u00f3-a-n\u00e9met-k\u00fcl\u00fcgyminiszter-az-ir\u00e1ni-helyzet-miatt.jpg","articleSection":["P\u00c9NZ\u00dcGYI H\u00cdREK"],"inLanguage":"hu","potentialAction":[{"@type":"CommentAction","name":"Comment","target":["https:\/\/super-news.info\/hu\/borulato-a-nemet-kulugyminiszter-az-irani-helyzet-miatt\/#respond"]}]},{"@type":"WebPage","@id":"https:\/\/super-news.info\/hu\/borulato-a-nemet-kulugyminiszter-az-irani-helyzet-miatt\/","url":"https:\/\/super-news.info\/hu\/borulato-a-nemet-kulugyminiszter-az-irani-helyzet-miatt\/","name":"Bor\u00fal\u00e1t\u00f3 a n\u00e9met k\u00fcl\u00fcgyminiszter az ir\u00e1ni helyzet miatt - Super News","isPartOf":{"@id":"https:\/\/super-news.info\/hu\/#website"},"primaryImageOfPage":{"@id":"https:\/\/super-news.info\/hu\/borulato-a-nemet-kulugyminiszter-az-irani-helyzet-miatt\/#primaryimage"},"image":{"@id":"https:\/\/super-news.info\/hu\/borulato-a-nemet-kulugyminiszter-az-irani-helyzet-miatt\/#primaryimage"},"thumbnailUrl":"https:\/\/super-news.info\/hu\/wp-content\/uploads\/sites\/3\/2019\/06\/Bor\u00fal\u00e1t\u00f3-a-n\u00e9met-k\u00fcl\u00fcgyminiszter-az-ir\u00e1ni-helyzet-miatt.jpg","datePublished":"2019-06-19T20:07:58+00:00","dateModified":"2019-06-19T20:07:59+00:00","author":{"@id":"https:\/\/super-news.info\/hu\/#\/schema\/person\/2d4068cb2f39cd10008c2fce578a7356"},"breadcrumb":{"@id":"https:\/\/super-news.info\/hu\/borulato-a-nemet-kulugyminiszter-az-irani-helyzet-miatt\/#breadcrumb"},"inLanguage":"hu","potentialAction":[{"@type":"ReadAction","target":["https:\/\/super-news.info\/hu\/borulato-a-nemet-kulugyminiszter-az-irani-helyzet-miatt\/"]}]},{"@type":"ImageObject","inLanguage":"hu","@id":"https:\/\/super-news.info\/hu\/borulato-a-nemet-kulugyminiszter-az-irani-helyzet-miatt\/#primaryimage","url":"https:\/\/super-news.info\/hu\/wp-content\/uploads\/sites\/3\/2019\/06\/Bor\u00fal\u00e1t\u00f3-a-n\u00e9met-k\u00fcl\u00fcgyminiszter-az-ir\u00e1ni-helyzet-miatt.jpg","contentUrl":"https:\/\/super-news.info\/hu\/wp-content\/uploads\/sites\/3\/2019\/06\/Bor\u00fal\u00e1t\u00f3-a-n\u00e9met-k\u00fcl\u00fcgyminiszter-az-ir\u00e1ni-helyzet-miatt.jpg","width":1024,"height":682,"caption":"Bor\u00fal\u00e1t\u00f3 a n\u00e9met k\u00fcl\u00fcgyminiszter az ir\u00e1ni helyzet miatt"},{"@type":"BreadcrumbList","@id":"https:\/\/super-news.info\/hu\/borulato-a-nemet-kulugyminiszter-az-irani-helyzet-miatt\/#breadcrumb","itemListElement":[{"@type":"ListItem","position":1,"name":"\u0413\u043b\u0430\u0432\u043d\u0430\u044f \u0441\u0442\u0440\u0430\u043d\u0438\u0446\u0430","item":"https:\/\/super-news.info\/hu\/"},{"@type":"ListItem","position":2,"name":"Bor\u00fal\u00e1t\u00f3 a n\u00e9met k\u00fcl\u00fcgyminiszter az ir\u00e1ni helyzet miatt"}]},{"@type":"WebSite","@id":"https:\/\/super-news.info\/hu\/#website","url":"https:\/\/super-news.info\/hu\/","name":"Super News","description":"Super News Magyarorsz\u00e1g","potentialAction":[{"@type":"SearchAction","target":{"@type":"EntryPoint","urlTemplate":"https:\/\/super-news.info\/hu\/?s={search_term_string}"},"query-input":{"@type":"PropertyValueSpecification","valueRequired":true,"valueName":"search_term_string"}}],"inLanguage":"hu"},{"@type":"Person","@id":"https:\/\/super-news.info\/hu\/#\/schema\/person\/2d4068cb2f39cd10008c2fce578a7356","name":"super-news","image":{"@type":"ImageObject","inLanguage":"hu","@id":"https:\/\/secure.gravatar.com\/avatar\/64ebac40b93f26a154f8a9b5b6fdccfc46f442b26b3dd6756dbff3bf9dc76fd7?s=96&d=mm&r=g","url":"https:\/\/secure.gravatar.com\/avatar\/64ebac40b93f26a154f8a9b5b6fdccfc46f442b26b3dd6756dbff3bf9dc76fd7?s=96&d=mm&r=g","contentUrl":"https:\/\/secure.gravatar.com\/avatar\/64ebac40b93f26a154f8a9b5b6fdccfc46f442b26b3dd6756dbff3bf9dc76fd7?s=96&d=mm&r=g","caption":"super-news"},"url":"https:\/\/super-news.info\/hu\/author\/pt\/"}]}},"_links":{"self":[{"href":"https:\/\/super-news.info\/hu\/wp-json\/wp\/v2\/posts\/4424","targetHints":{"allow":["GET"]}}],"collection":[{"href":"https:\/\/super-news.info\/hu\/wp-json\/wp\/v2\/posts"}],"about":[{"href":"https:\/\/super-news.info\/hu\/wp-json\/wp\/v2\/types\/post"}],"author":[{"embeddable":true,"href":"https:\/\/super-news.info\/hu\/wp-json\/wp\/v2\/users\/2"}],"replies":[{"embeddable":true,"href":"https:\/\/super-news.info\/hu\/wp-json\/wp\/v2\/comments?post=4424"}],"version-history":[{"count":1,"href":"https:\/\/super-news.info\/hu\/wp-json\/wp\/v2\/posts\/4424\/revisions"}],"predecessor-version":[{"id":4426,"href":"https:\/\/super-news.info\/hu\/wp-json\/wp\/v2\/posts\/4424\/revisions\/4426"}],"wp:featuredmedia":[{"embeddable":true,"href":"https:\/\/super-news.info\/hu\/wp-json\/wp\/v2\/media\/4425"}],"wp:attachment":[{"href":"https:\/\/super-news.info\/hu\/wp-json\/wp\/v2\/media?parent=4424"}],"wp:term":[{"taxonomy":"category","embeddable":true,"href":"https:\/\/super-news.info\/hu\/wp-json\/wp\/v2\/categories?post=4424"},{"taxonomy":"post_tag","embeddable":true,"href":"https:\/\/super-news.info\/hu\/wp-json\/wp\/v2\/tags?post=4424"}],"curies":[{"name":"wp","href":"https:\/\/api.w.org\/{rel}","templated":true}]}}