{"id":4421,"date":"2019-06-19T22:16:27","date_gmt":"2019-06-19T19:16:27","guid":{"rendered":"https:\/\/super-news.info\/hu\/lezartak-a-ferihegyi-repteret-vilaggazdasag\/"},"modified":"2019-06-19T22:16:28","modified_gmt":"2019-06-19T19:16:28","slug":"lezartak-a-ferihegyi-repteret-vilaggazdasag","status":"publish","type":"post","link":"https:\/\/super-news.info\/hu\/lezartak-a-ferihegyi-repteret-vilaggazdasag\/","title":{"rendered":"Lez\u00e1rt\u00e1k a ferihegyi repteret | Vil\u00e1ggazdas\u00e1g"},"content":{"rendered":"<p> [ad_1]<br \/>\n<\/p>\n<div>\n<p>Megs\u00e9r\u00fclt a fut\u00f3p\u00e1lya fel\u00fclete a budapesti rep\u00fcl\u0151t\u00e9r 13R\/31L fut\u00f3p\u00e1ly\u00e1j\u00e1n szerd\u00e1n az este 18 \u00f3ra 20 perckor, ez\u00e9rt a rep\u00fcl\u0151teret lez\u00e1rt\u00e1k \u2013 \u00edrja az AIRportal.hu. A port\u00e1l szerint<\/p>\n<p>a fut\u00f3p\u00e1ly\u00e1b\u00f3l kifordult egy betondarab, amely miatt a Wizz Air Stockholmb\u00f3l Budapestre \u00e9rkez\u0151 rep\u00fcl\u0151g\u00e9pe defektet kapott.<\/p>\n<p>Az esem\u00e9nyt k\u00f6vet\u0151en a rep\u00fcl\u0151teret el\u0151re l\u00e1that\u00f3lag este 8-ig lez\u00e1rt\u00e1k, a fut\u00f3p\u00e1ly\u00e1n gyorsjav\u00edt\u00e1st kell v\u00e9grehajtania a rept\u00e9r\u00fczemeltet\u0151nek. A rep\u00fcl\u0151t\u00e9ren ekkor 28 rep\u00fcl\u0151g\u00e9p v\u00e1rakozott a felsz\u00e1ll\u00e1sra, 10 \u00e9rkez\u0151 j\u00e1ratnak kellett kit\u00e9r\u0151 rep\u00fcl\u0151t\u00e9rre mennie.<\/p>\n<div id=\"attachment_1386250\" style=\"width: 1410px\" class=\"wp-caption aligncenter\">\n<p class=\"wp-caption-text\">Fot\u00f3: MTI\/J\u00e1szai Csaba<\/p>\n<\/div>\n<p>A Flightradar24.com radark\u00e9pe szerint t\u00f6bb Wizz Air- \u00e9s Lufthansa-j\u00e1rat mellett a Finnair, a Ryanair, a Travel Service \u00e9s az Austrian Airlines egy-egy g\u00e9pe is eddig a l\u00e9gt\u00e9rben v\u00e1rakozott, t\u00f6bbs\u00e9g\u00fck B\u00e9csben, illetve Pozsonyban sz\u00e1ll le.<\/p>\n<p>Hardy Mih\u00e1ly, a Budapest Airport sz\u00f3viv\u0151je az MTI-nek meger\u0151s\u00edtette az inform\u00e1ci\u00f3kat. Elmondta, a fel\u00faj\u00edt\u00e1s alatt l\u00e9v\u0151, 2-es p\u00e1ly\u00e1t csak cs\u00fct\u00f6rt\u00f6k\u00f6n adj\u00e1k \u00e1t, ez\u00e9rt a rep\u00fcl\u0151t\u00e9r nem tud j\u00e1ratot ind\u00edtani \u00e9s fogadni. A szakemberek m\u00e1r megkezdt\u00e9k az 1-es p\u00e1lya jav\u00edt\u00e1s\u00e1t.<\/p>\n<h3>Este 8-t\u00f3l ism\u00e9t fogad \u00e9s ind\u00edt j\u00e1ratokat a rep\u00fcl\u0151t\u00e9r<\/h3>\n<p>Befejezt\u00e9k a rendk\u00edv\u00fcli p\u00e1lyakarbantart\u00e1st a Budapest Liszt Ferenc Nemzetk\u00f6zi Rep\u00fcl\u0151t\u00e9ren, nem sokkal 20 \u00f3ra el\u0151tt a l\u00e9gikik\u00f6t\u0151 ism\u00e9t fogad \u00e9s ind\u00edt j\u00e1ratokat \u2013 k\u00f6z\u00f6lte Hardy Mih\u00e1ly, a Budapest Airport sz\u00f3viv\u0151je az MTI-vel. A rep\u00fcl\u0151t\u00e9ren 28 j\u00e1rat v\u00e1rakozik indul\u00e1sra, a Flightradar24.com radark\u00e9pe szerint a l\u00e9gt\u00e9rben 17 g\u00e9p v\u00e1rakozik landol\u00e1sra.<\/p>\n<\/p><\/div>\n<p><script>\n    window.fbAsyncInit = function() {\n        FB.init({\n            appId      : \"204760236815359\",\n            xfbml      : true,\n            version    : \"v2.12\"\n        });\n        FB.AppEvents.logPageView();\n    };<\/p>\n<p>    (function(d, s, id){\n        var js, fjs = d.getElementsByTagName(s)[0];\n        if (d.getElementById(id)) {return;}\n        js = d.createElement(s); js.id = id;\n        js.src = \"http:\/\/connect.facebook.net\/hu_HU\/sdk.js\";\n        fjs.parentNode.insertBefore(js, fjs);\n    }(document, \"script\", \"facebook-jssdk\"));\n<\/script><br \/>\n<br \/>[ad_2]<br \/>\n<br \/><a href=\"https:\/\/www.vg.hu\/kozelet\/kozeleti-hirek\/lezartak-a-ferihegyi-repteret-1581944\/\">Source link <\/a><\/p>\n","protected":false},"excerpt":{"rendered":"<p>[ad_1] Megs\u00e9r\u00fclt a fut\u00f3p\u00e1lya fel\u00fclete a budapesti rep\u00fcl\u0151t\u00e9r 13R\/31L fut\u00f3p\u00e1ly\u00e1j\u00e1n szerd\u00e1n az este 18 \u00f3ra 20 perckor, ez\u00e9rt a rep\u00fcl\u0151teret lez\u00e1rt\u00e1k \u2013 \u00edrja az AIRportal.hu. A port\u00e1l szerint a fut\u00f3p\u00e1ly\u00e1b\u00f3l kifordult egy betondarab, amely miatt a Wizz Air Stockholmb\u00f3l Budapestre \u00e9rkez\u0151 rep\u00fcl\u0151g\u00e9pe defektet kapott. Az esem\u00e9nyt k\u00f6vet\u0151en a rep\u00fcl\u0151teret el\u0151re l\u00e1that\u00f3lag este 8-ig lez\u00e1rt\u00e1k, a [&hellip;]<\/p>\n","protected":false},"author":2,"featured_media":4422,"comment_status":"open","ping_status":"open","sticky":false,"template":"","format":"standard","meta":{"footnotes":""},"categories":[1],"tags":[],"class_list":["post-4421","post","type-post","status-publish","format-standard","has-post-thumbnail","hentry","category-penzugyi-hirek"],"yoast_head":"<!-- This site is optimized with the Yoast SEO plugin v27.4 - https:\/\/yoast.com\/product\/yoast-seo-wordpress\/ -->\n<title>Lez\u00e1rt\u00e1k a ferihegyi repteret | Vil\u00e1ggazdas\u00e1g - Super News<\/title>\n<meta name=\"robots\" content=\"index, follow, max-snippet:-1, max-image-preview:large, max-video-preview:-1\" \/>\n<link rel=\"canonical\" href=\"https:\/\/super-news.info\/hu\/lezartak-a-ferihegyi-repteret-vilaggazdasag\/\" \/>\n<meta property=\"og:locale\" content=\"hu_HU\" \/>\n<meta property=\"og:type\" content=\"article\" \/>\n<meta property=\"og:title\" content=\"Lez\u00e1rt\u00e1k a ferihegyi repteret | Vil\u00e1ggazdas\u00e1g - Super News\" \/>\n<meta property=\"og:description\" content=\"[ad_1] Megs\u00e9r\u00fclt a fut\u00f3p\u00e1lya fel\u00fclete a budapesti rep\u00fcl\u0151t\u00e9r 13R\/31L fut\u00f3p\u00e1ly\u00e1j\u00e1n szerd\u00e1n az este 18 \u00f3ra 20 perckor, ez\u00e9rt a rep\u00fcl\u0151teret lez\u00e1rt\u00e1k \u2013 \u00edrja az AIRportal.hu. A port\u00e1l szerint a fut\u00f3p\u00e1ly\u00e1b\u00f3l kifordult egy betondarab, amely miatt a Wizz Air Stockholmb\u00f3l Budapestre \u00e9rkez\u0151 rep\u00fcl\u0151g\u00e9pe defektet kapott. Az esem\u00e9nyt k\u00f6vet\u0151en a rep\u00fcl\u0151teret el\u0151re l\u00e1that\u00f3lag este 8-ig lez\u00e1rt\u00e1k, a [&hellip;]\" \/>\n<meta property=\"og:url\" content=\"https:\/\/super-news.info\/hu\/lezartak-a-ferihegyi-repteret-vilaggazdasag\/\" \/>\n<meta property=\"og:site_name\" content=\"Super News\" \/>\n<meta property=\"article:published_time\" content=\"2019-06-19T19:16:27+00:00\" \/>\n<meta property=\"article:modified_time\" content=\"2019-06-19T19:16:28+00:00\" \/>\n<meta property=\"og:image\" content=\"https:\/\/super-news.info\/hu\/wp-content\/uploads\/sites\/3\/2019\/06\/Lez\u00e1rt\u00e1k-a-ferihegyi-repteret-Vil\u00e1ggazdas\u00e1g.jpg\" \/>\n\t<meta property=\"og:image:width\" content=\"1400\" \/>\n\t<meta property=\"og:image:height\" content=\"970\" \/>\n\t<meta property=\"og:image:type\" content=\"image\/jpeg\" \/>\n<meta name=\"author\" content=\"super-news\" \/>\n<meta name=\"twitter:card\" content=\"summary_large_image\" \/>\n<meta name=\"twitter:label1\" content=\"Szerz\u0151:\" \/>\n\t<meta name=\"twitter:data1\" content=\"super-news\" \/>\n\t<meta name=\"twitter:label2\" content=\"Becs\u00fclt olvas\u00e1si id\u0151\" \/>\n\t<meta name=\"twitter:data2\" content=\"2 perc\" \/>\n<script type=\"application\/ld+json\" class=\"yoast-schema-graph\">{\"@context\":\"https:\\\/\\\/schema.org\",\"@graph\":[{\"@type\":\"Article\",\"@id\":\"https:\\\/\\\/super-news.info\\\/hu\\\/lezartak-a-ferihegyi-repteret-vilaggazdasag\\\/#article\",\"isPartOf\":{\"@id\":\"https:\\\/\\\/super-news.info\\\/hu\\\/lezartak-a-ferihegyi-repteret-vilaggazdasag\\\/\"},\"author\":{\"name\":\"super-news\",\"@id\":\"https:\\\/\\\/super-news.info\\\/hu\\\/#\\\/schema\\\/person\\\/2d4068cb2f39cd10008c2fce578a7356\"},\"headline\":\"Lez\u00e1rt\u00e1k a ferihegyi repteret | Vil\u00e1ggazdas\u00e1g\",\"datePublished\":\"2019-06-19T19:16:27+00:00\",\"dateModified\":\"2019-06-19T19:16:28+00:00\",\"mainEntityOfPage\":{\"@id\":\"https:\\\/\\\/super-news.info\\\/hu\\\/lezartak-a-ferihegyi-repteret-vilaggazdasag\\\/\"},\"wordCount\":359,\"commentCount\":0,\"image\":{\"@id\":\"https:\\\/\\\/super-news.info\\\/hu\\\/lezartak-a-ferihegyi-repteret-vilaggazdasag\\\/#primaryimage\"},\"thumbnailUrl\":\"https:\\\/\\\/super-news.info\\\/hu\\\/wp-content\\\/uploads\\\/sites\\\/3\\\/2019\\\/06\\\/Lez\u00e1rt\u00e1k-a-ferihegyi-repteret-Vil\u00e1ggazdas\u00e1g.jpg\",\"articleSection\":[\"P\u00c9NZ\u00dcGYI H\u00cdREK\"],\"inLanguage\":\"hu\",\"potentialAction\":[{\"@type\":\"CommentAction\",\"name\":\"Comment\",\"target\":[\"https:\\\/\\\/super-news.info\\\/hu\\\/lezartak-a-ferihegyi-repteret-vilaggazdasag\\\/#respond\"]}]},{\"@type\":\"WebPage\",\"@id\":\"https:\\\/\\\/super-news.info\\\/hu\\\/lezartak-a-ferihegyi-repteret-vilaggazdasag\\\/\",\"url\":\"https:\\\/\\\/super-news.info\\\/hu\\\/lezartak-a-ferihegyi-repteret-vilaggazdasag\\\/\",\"name\":\"Lez\u00e1rt\u00e1k a ferihegyi repteret | Vil\u00e1ggazdas\u00e1g - Super News\",\"isPartOf\":{\"@id\":\"https:\\\/\\\/super-news.info\\\/hu\\\/#website\"},\"primaryImageOfPage\":{\"@id\":\"https:\\\/\\\/super-news.info\\\/hu\\\/lezartak-a-ferihegyi-repteret-vilaggazdasag\\\/#primaryimage\"},\"image\":{\"@id\":\"https:\\\/\\\/super-news.info\\\/hu\\\/lezartak-a-ferihegyi-repteret-vilaggazdasag\\\/#primaryimage\"},\"thumbnailUrl\":\"https:\\\/\\\/super-news.info\\\/hu\\\/wp-content\\\/uploads\\\/sites\\\/3\\\/2019\\\/06\\\/Lez\u00e1rt\u00e1k-a-ferihegyi-repteret-Vil\u00e1ggazdas\u00e1g.jpg\",\"datePublished\":\"2019-06-19T19:16:27+00:00\",\"dateModified\":\"2019-06-19T19:16:28+00:00\",\"author\":{\"@id\":\"https:\\\/\\\/super-news.info\\\/hu\\\/#\\\/schema\\\/person\\\/2d4068cb2f39cd10008c2fce578a7356\"},\"breadcrumb\":{\"@id\":\"https:\\\/\\\/super-news.info\\\/hu\\\/lezartak-a-ferihegyi-repteret-vilaggazdasag\\\/#breadcrumb\"},\"inLanguage\":\"hu\",\"potentialAction\":[{\"@type\":\"ReadAction\",\"target\":[\"https:\\\/\\\/super-news.info\\\/hu\\\/lezartak-a-ferihegyi-repteret-vilaggazdasag\\\/\"]}]},{\"@type\":\"ImageObject\",\"inLanguage\":\"hu\",\"@id\":\"https:\\\/\\\/super-news.info\\\/hu\\\/lezartak-a-ferihegyi-repteret-vilaggazdasag\\\/#primaryimage\",\"url\":\"https:\\\/\\\/super-news.info\\\/hu\\\/wp-content\\\/uploads\\\/sites\\\/3\\\/2019\\\/06\\\/Lez\u00e1rt\u00e1k-a-ferihegyi-repteret-Vil\u00e1ggazdas\u00e1g.jpg\",\"contentUrl\":\"https:\\\/\\\/super-news.info\\\/hu\\\/wp-content\\\/uploads\\\/sites\\\/3\\\/2019\\\/06\\\/Lez\u00e1rt\u00e1k-a-ferihegyi-repteret-Vil\u00e1ggazdas\u00e1g.jpg\",\"width\":1400,\"height\":970,\"caption\":\"Lez\u00e1rt\u00e1k a ferihegyi repteret | Vil\u00e1ggazdas\u00e1g\"},{\"@type\":\"BreadcrumbList\",\"@id\":\"https:\\\/\\\/super-news.info\\\/hu\\\/lezartak-a-ferihegyi-repteret-vilaggazdasag\\\/#breadcrumb\",\"itemListElement\":[{\"@type\":\"ListItem\",\"position\":1,\"name\":\"\u0413\u043b\u0430\u0432\u043d\u0430\u044f \u0441\u0442\u0440\u0430\u043d\u0438\u0446\u0430\",\"item\":\"https:\\\/\\\/super-news.info\\\/hu\\\/\"},{\"@type\":\"ListItem\",\"position\":2,\"name\":\"Lez\u00e1rt\u00e1k a ferihegyi repteret | Vil\u00e1ggazdas\u00e1g\"}]},{\"@type\":\"WebSite\",\"@id\":\"https:\\\/\\\/super-news.info\\\/hu\\\/#website\",\"url\":\"https:\\\/\\\/super-news.info\\\/hu\\\/\",\"name\":\"Super News\",\"description\":\"Super News Magyarorsz\u00e1g\",\"potentialAction\":[{\"@type\":\"SearchAction\",\"target\":{\"@type\":\"EntryPoint\",\"urlTemplate\":\"https:\\\/\\\/super-news.info\\\/hu\\\/?s={search_term_string}\"},\"query-input\":{\"@type\":\"PropertyValueSpecification\",\"valueRequired\":true,\"valueName\":\"search_term_string\"}}],\"inLanguage\":\"hu\"},{\"@type\":\"Person\",\"@id\":\"https:\\\/\\\/super-news.info\\\/hu\\\/#\\\/schema\\\/person\\\/2d4068cb2f39cd10008c2fce578a7356\",\"name\":\"super-news\",\"image\":{\"@type\":\"ImageObject\",\"inLanguage\":\"hu\",\"@id\":\"https:\\\/\\\/secure.gravatar.com\\\/avatar\\\/64ebac40b93f26a154f8a9b5b6fdccfc46f442b26b3dd6756dbff3bf9dc76fd7?s=96&d=mm&r=g\",\"url\":\"https:\\\/\\\/secure.gravatar.com\\\/avatar\\\/64ebac40b93f26a154f8a9b5b6fdccfc46f442b26b3dd6756dbff3bf9dc76fd7?s=96&d=mm&r=g\",\"contentUrl\":\"https:\\\/\\\/secure.gravatar.com\\\/avatar\\\/64ebac40b93f26a154f8a9b5b6fdccfc46f442b26b3dd6756dbff3bf9dc76fd7?s=96&d=mm&r=g\",\"caption\":\"super-news\"},\"url\":\"https:\\\/\\\/super-news.info\\\/hu\\\/author\\\/pt\\\/\"}]}<\/script>\n<!-- \/ Yoast SEO plugin. -->","yoast_head_json":{"title":"Lez\u00e1rt\u00e1k a ferihegyi repteret | Vil\u00e1ggazdas\u00e1g - Super News","robots":{"index":"index","follow":"follow","max-snippet":"max-snippet:-1","max-image-preview":"max-image-preview:large","max-video-preview":"max-video-preview:-1"},"canonical":"https:\/\/super-news.info\/hu\/lezartak-a-ferihegyi-repteret-vilaggazdasag\/","og_locale":"hu_HU","og_type":"article","og_title":"Lez\u00e1rt\u00e1k a ferihegyi repteret | Vil\u00e1ggazdas\u00e1g - Super News","og_description":"[ad_1] Megs\u00e9r\u00fclt a fut\u00f3p\u00e1lya fel\u00fclete a budapesti rep\u00fcl\u0151t\u00e9r 13R\/31L fut\u00f3p\u00e1ly\u00e1j\u00e1n szerd\u00e1n az este 18 \u00f3ra 20 perckor, ez\u00e9rt a rep\u00fcl\u0151teret lez\u00e1rt\u00e1k \u2013 \u00edrja az AIRportal.hu. A port\u00e1l szerint a fut\u00f3p\u00e1ly\u00e1b\u00f3l kifordult egy betondarab, amely miatt a Wizz Air Stockholmb\u00f3l Budapestre \u00e9rkez\u0151 rep\u00fcl\u0151g\u00e9pe defektet kapott. Az esem\u00e9nyt k\u00f6vet\u0151en a rep\u00fcl\u0151teret el\u0151re l\u00e1that\u00f3lag este 8-ig lez\u00e1rt\u00e1k, a [&hellip;]","og_url":"https:\/\/super-news.info\/hu\/lezartak-a-ferihegyi-repteret-vilaggazdasag\/","og_site_name":"Super News","article_published_time":"2019-06-19T19:16:27+00:00","article_modified_time":"2019-06-19T19:16:28+00:00","og_image":[{"width":1400,"height":970,"url":"https:\/\/super-news.info\/hu\/wp-content\/uploads\/sites\/3\/2019\/06\/Lez\u00e1rt\u00e1k-a-ferihegyi-repteret-Vil\u00e1ggazdas\u00e1g.jpg","type":"image\/jpeg"}],"author":"super-news","twitter_card":"summary_large_image","twitter_misc":{"Szerz\u0151:":"super-news","Becs\u00fclt olvas\u00e1si id\u0151":"2 perc"},"schema":{"@context":"https:\/\/schema.org","@graph":[{"@type":"Article","@id":"https:\/\/super-news.info\/hu\/lezartak-a-ferihegyi-repteret-vilaggazdasag\/#article","isPartOf":{"@id":"https:\/\/super-news.info\/hu\/lezartak-a-ferihegyi-repteret-vilaggazdasag\/"},"author":{"name":"super-news","@id":"https:\/\/super-news.info\/hu\/#\/schema\/person\/2d4068cb2f39cd10008c2fce578a7356"},"headline":"Lez\u00e1rt\u00e1k a ferihegyi repteret | Vil\u00e1ggazdas\u00e1g","datePublished":"2019-06-19T19:16:27+00:00","dateModified":"2019-06-19T19:16:28+00:00","mainEntityOfPage":{"@id":"https:\/\/super-news.info\/hu\/lezartak-a-ferihegyi-repteret-vilaggazdasag\/"},"wordCount":359,"commentCount":0,"image":{"@id":"https:\/\/super-news.info\/hu\/lezartak-a-ferihegyi-repteret-vilaggazdasag\/#primaryimage"},"thumbnailUrl":"https:\/\/super-news.info\/hu\/wp-content\/uploads\/sites\/3\/2019\/06\/Lez\u00e1rt\u00e1k-a-ferihegyi-repteret-Vil\u00e1ggazdas\u00e1g.jpg","articleSection":["P\u00c9NZ\u00dcGYI H\u00cdREK"],"inLanguage":"hu","potentialAction":[{"@type":"CommentAction","name":"Comment","target":["https:\/\/super-news.info\/hu\/lezartak-a-ferihegyi-repteret-vilaggazdasag\/#respond"]}]},{"@type":"WebPage","@id":"https:\/\/super-news.info\/hu\/lezartak-a-ferihegyi-repteret-vilaggazdasag\/","url":"https:\/\/super-news.info\/hu\/lezartak-a-ferihegyi-repteret-vilaggazdasag\/","name":"Lez\u00e1rt\u00e1k a ferihegyi repteret | Vil\u00e1ggazdas\u00e1g - Super News","isPartOf":{"@id":"https:\/\/super-news.info\/hu\/#website"},"primaryImageOfPage":{"@id":"https:\/\/super-news.info\/hu\/lezartak-a-ferihegyi-repteret-vilaggazdasag\/#primaryimage"},"image":{"@id":"https:\/\/super-news.info\/hu\/lezartak-a-ferihegyi-repteret-vilaggazdasag\/#primaryimage"},"thumbnailUrl":"https:\/\/super-news.info\/hu\/wp-content\/uploads\/sites\/3\/2019\/06\/Lez\u00e1rt\u00e1k-a-ferihegyi-repteret-Vil\u00e1ggazdas\u00e1g.jpg","datePublished":"2019-06-19T19:16:27+00:00","dateModified":"2019-06-19T19:16:28+00:00","author":{"@id":"https:\/\/super-news.info\/hu\/#\/schema\/person\/2d4068cb2f39cd10008c2fce578a7356"},"breadcrumb":{"@id":"https:\/\/super-news.info\/hu\/lezartak-a-ferihegyi-repteret-vilaggazdasag\/#breadcrumb"},"inLanguage":"hu","potentialAction":[{"@type":"ReadAction","target":["https:\/\/super-news.info\/hu\/lezartak-a-ferihegyi-repteret-vilaggazdasag\/"]}]},{"@type":"ImageObject","inLanguage":"hu","@id":"https:\/\/super-news.info\/hu\/lezartak-a-ferihegyi-repteret-vilaggazdasag\/#primaryimage","url":"https:\/\/super-news.info\/hu\/wp-content\/uploads\/sites\/3\/2019\/06\/Lez\u00e1rt\u00e1k-a-ferihegyi-repteret-Vil\u00e1ggazdas\u00e1g.jpg","contentUrl":"https:\/\/super-news.info\/hu\/wp-content\/uploads\/sites\/3\/2019\/06\/Lez\u00e1rt\u00e1k-a-ferihegyi-repteret-Vil\u00e1ggazdas\u00e1g.jpg","width":1400,"height":970,"caption":"Lez\u00e1rt\u00e1k a ferihegyi repteret | Vil\u00e1ggazdas\u00e1g"},{"@type":"BreadcrumbList","@id":"https:\/\/super-news.info\/hu\/lezartak-a-ferihegyi-repteret-vilaggazdasag\/#breadcrumb","itemListElement":[{"@type":"ListItem","position":1,"name":"\u0413\u043b\u0430\u0432\u043d\u0430\u044f \u0441\u0442\u0440\u0430\u043d\u0438\u0446\u0430","item":"https:\/\/super-news.info\/hu\/"},{"@type":"ListItem","position":2,"name":"Lez\u00e1rt\u00e1k a ferihegyi repteret | Vil\u00e1ggazdas\u00e1g"}]},{"@type":"WebSite","@id":"https:\/\/super-news.info\/hu\/#website","url":"https:\/\/super-news.info\/hu\/","name":"Super News","description":"Super News Magyarorsz\u00e1g","potentialAction":[{"@type":"SearchAction","target":{"@type":"EntryPoint","urlTemplate":"https:\/\/super-news.info\/hu\/?s={search_term_string}"},"query-input":{"@type":"PropertyValueSpecification","valueRequired":true,"valueName":"search_term_string"}}],"inLanguage":"hu"},{"@type":"Person","@id":"https:\/\/super-news.info\/hu\/#\/schema\/person\/2d4068cb2f39cd10008c2fce578a7356","name":"super-news","image":{"@type":"ImageObject","inLanguage":"hu","@id":"https:\/\/secure.gravatar.com\/avatar\/64ebac40b93f26a154f8a9b5b6fdccfc46f442b26b3dd6756dbff3bf9dc76fd7?s=96&d=mm&r=g","url":"https:\/\/secure.gravatar.com\/avatar\/64ebac40b93f26a154f8a9b5b6fdccfc46f442b26b3dd6756dbff3bf9dc76fd7?s=96&d=mm&r=g","contentUrl":"https:\/\/secure.gravatar.com\/avatar\/64ebac40b93f26a154f8a9b5b6fdccfc46f442b26b3dd6756dbff3bf9dc76fd7?s=96&d=mm&r=g","caption":"super-news"},"url":"https:\/\/super-news.info\/hu\/author\/pt\/"}]}},"_links":{"self":[{"href":"https:\/\/super-news.info\/hu\/wp-json\/wp\/v2\/posts\/4421","targetHints":{"allow":["GET"]}}],"collection":[{"href":"https:\/\/super-news.info\/hu\/wp-json\/wp\/v2\/posts"}],"about":[{"href":"https:\/\/super-news.info\/hu\/wp-json\/wp\/v2\/types\/post"}],"author":[{"embeddable":true,"href":"https:\/\/super-news.info\/hu\/wp-json\/wp\/v2\/users\/2"}],"replies":[{"embeddable":true,"href":"https:\/\/super-news.info\/hu\/wp-json\/wp\/v2\/comments?post=4421"}],"version-history":[{"count":1,"href":"https:\/\/super-news.info\/hu\/wp-json\/wp\/v2\/posts\/4421\/revisions"}],"predecessor-version":[{"id":4423,"href":"https:\/\/super-news.info\/hu\/wp-json\/wp\/v2\/posts\/4421\/revisions\/4423"}],"wp:featuredmedia":[{"embeddable":true,"href":"https:\/\/super-news.info\/hu\/wp-json\/wp\/v2\/media\/4422"}],"wp:attachment":[{"href":"https:\/\/super-news.info\/hu\/wp-json\/wp\/v2\/media?parent=4421"}],"wp:term":[{"taxonomy":"category","embeddable":true,"href":"https:\/\/super-news.info\/hu\/wp-json\/wp\/v2\/categories?post=4421"},{"taxonomy":"post_tag","embeddable":true,"href":"https:\/\/super-news.info\/hu\/wp-json\/wp\/v2\/tags?post=4421"}],"curies":[{"name":"wp","href":"https:\/\/api.w.org\/{rel}","templated":true}]}}