{"id":4410,"date":"2019-06-19T19:33:22","date_gmt":"2019-06-19T16:33:22","guid":{"rendered":"https:\/\/super-news.info\/hu\/korda-gyorgy-is-diszpolgar-lett\/"},"modified":"2019-06-19T19:33:23","modified_gmt":"2019-06-19T16:33:23","slug":"korda-gyorgy-is-diszpolgar-lett","status":"publish","type":"post","link":"https:\/\/super-news.info\/hu\/korda-gyorgy-is-diszpolgar-lett\/","title":{"rendered":"Korda Gy\u00f6rgy is d\u00edszpolg\u00e1r lett"},"content":{"rendered":"<p> [ad_1]<br \/>\n<\/p>\n<p>\n\t\t\t\t\t\t\t\tTarl\u00f3s Istv\u00e1n f\u0151polg\u00e1rmester \u00e1tadta Budapest d\u00edszpolg\u00e1ri c\u00edmeit a F\u0151v\u00e1rosi K\u00f6zgy\u0171l\u00e9s szerdai, \u00fcnnepi \u00fcl\u00e9s\u00e9n. Az elismer\u0151 c\u00edmben nyolcan r\u00e9szes\u00fcltek, akik \u201ea f\u0151v\u00e1ros \u00e9let\u00e9ben jelent\u0151s, meghat\u00e1roz\u00f3 szerepet t\u00f6ltenek be\u201e \u00e9s \u201ekiemelked\u0151 teljes\u00edtm\u00e9ny\u00fckkel Magyarorsz\u00e1gnak, Budapestnek dics\u0151s\u00e9get szereztek\u201d. &#13;\n\t\t\t\t\t\t\t<\/p>\n<div>\n<p>D\u00edszpolg\u00e1ri c\u00edmet kapott B\u00e9res Ilona Kossuth- \u00e9s Liszt Ferenc-d\u00edjas sz\u00ednm\u0171v\u00e9sz, Cs\u00f3kay Andr\u00e1s idegseb\u00e9sz, Darnyi Tam\u00e1s n\u00e9gyszeres olimpiai bajnok \u00fasz\u00f3, Hargitay Andr\u00e1s Eur\u00f3pa- \u00e9s vil\u00e1gbajnok \u00fasz\u00f3, K\u00e1llai Kiss Ern\u0151 klarin\u00e9tm\u0171v\u00e9sz \u00e9s Korda Gy\u00f6rgy el\u0151ad\u00f3m\u0171v\u00e9sz.<\/p>\n<div id=\"attachment_1580882\" style=\"width: 1410px\" class=\"wp-caption alignnone\">\n<p class=\"wp-caption-text\">Tarl\u00f3s Istv\u00e1n f\u0151polg\u00e1rmester \u00e9s Szalay-Bobrovniczky Alexandra hum\u00e1n ter\u00fclet\u00e9rt felel\u0151s f\u0151polg\u00e1rmester-helyettes \u00e1tadta a Budapest d\u00edszpolg\u00e1ri c\u00edmet B\u00e9res Ilona Kossuth- \u00e9s J\u00e1szai Mari-d\u00edjas sz\u00ednm\u0171v\u00e9sznek.<br \/>MTI\/Kosztics\u00e1k Szil\u00e1rd<\/p>\n<\/div>\n<div id=\"attachment_1580909\" style=\"width: 1410px\" class=\"wp-caption alignnone\"><img loading=\"lazy\" decoding=\"async\" class=\"size-full wp-image-1580909\" src=\"https:\/\/super-news.info\/hu\/wp-content\/uploads\/sites\/3\/2019\/06\/1560962002_143_Korda-Gyorgy-is-diszpolgar-lett.jpeg\" alt=\"\" width=\"1400\" height=\"933\"  \/><\/p>\n<p class=\"wp-caption-text\">Tarl\u00f3s Istv\u00e1n f\u0151polg\u00e1rmester \u00e9s Szalay-Bobrovniczky Alexandra hum\u00e1n ter\u00fclet\u00e9rt felel\u0151s f\u0151polg\u00e1rmester-helyettes \u00e1tadja a Budapest d\u00edszpolg\u00e1ri c\u00edmet Korda Gy\u00f6rgy el\u0151ad\u00f3m\u0171v\u00e9sznek.<br \/>MTI\/Kosztics\u00e1k Szil\u00e1rd<\/p>\n<\/div>\n<p>Az elismer\u00e9st posztumusz kapta meg Antall J\u00f3zsef, Magyarorsz\u00e1g els\u0151 szabadon v\u00e1lasztott minisztereln\u00f6ke \u00e9s Mindszenty J\u00f3zsef b\u00edboros, hercegpr\u00edm\u00e1s, esztergomi \u00e9rsek. Antall J\u00f3zsef kit\u00fcntet\u00e9s\u00e9t \u00f6zvegye, Antall J\u00f3zsefn\u00e9, Mindszenty J\u00f3zsef\u00e9t Erd\u0151 P\u00e9ter b\u00edboros, pr\u00edm\u00e1s, esztergom-budapesti \u00e9rsek vette \u00e1t.<\/p>\n<div id=\"attachment_1580885\" style=\"width: 1410px\" class=\"wp-caption alignnone\"><img loading=\"lazy\" decoding=\"async\" class=\"size-full wp-image-1580885\" src=\"https:\/\/super-news.info\/hu\/wp-content\/uploads\/sites\/3\/2019\/06\/1560962002_464_Korda-Gyorgy-is-diszpolgar-lett.jpeg\" alt=\"\" width=\"1400\" height=\"933\"  \/><\/p>\n<p class=\"wp-caption-text\">Tarl\u00f3s Istv\u00e1n f\u0151polg\u00e1rmester \u00e9s Szalay-Bobrovniczky Alexandra hum\u00e1n ter\u00fclet\u00e9rt felel\u0151s f\u0151polg\u00e1rmester-helyettes \u00e1tadja a Mindszenty J\u00f3zsef b\u00edborosnak, hercegpr\u00edm\u00e1snak, esztergomi \u00e9rseknek adom\u00e1nyozott posztumusz Budapest d\u00edszpolg\u00e1ri c\u00edmet Erd\u0151 P\u00e9ter b\u00edborosnak, esztergom-budapesti \u00e9rseknek.<br \/>MTI\/Kosztics\u00e1k Szil\u00e1rd<\/p>\n<\/div>\n<p>Tarl\u00f3s Istv\u00e1n a szabads\u00e1g napj\u00e1n tartott \u00fcnnepi \u00fcl\u00e9sen, a kit\u00fcntet\u00e9sek \u00e1tad\u00e1sa el\u0151tt \u00fagy fogalmazott: \u201ema egyszerre \u00fcnnepelj\u00fck a szovjet csapatok t\u00e1voz\u00e1s\u00e1nak \u00e9vfordul\u00f3j\u00e1t, v\u00e1rosunkat, \u00e9s annak legkiv\u00e1l\u00f3bb polg\u00e1rait\u201d.<\/p>\n<div id=\"attachment_1580879\" style=\"width: 1410px\" class=\"wp-caption alignnone\"><img loading=\"lazy\" decoding=\"async\" class=\"size-full wp-image-1580879\" src=\"https:\/\/super-news.info\/hu\/wp-content\/uploads\/sites\/3\/2019\/06\/1560962002_283_Korda-Gyorgy-is-diszpolgar-lett.jpeg\" alt=\"\" width=\"1400\" height=\"933\"  \/><\/p>\n<p class=\"wp-caption-text\">Tarl\u00f3s Istv\u00e1n f\u0151polg\u00e1rmester \u00e9s Szalay-Bobrovniczky Alexandra hum\u00e1n ter\u00fclet\u00e9rt felel\u0151s f\u0151polg\u00e1rmester-helyettes \u00e1tadja a Budapest d\u00edszpolg\u00e1ri c\u00edmet Cs\u00f3kay Andr\u00e1s idegseb\u00e9sznek.<br \/>MTI\/Kosztics\u00e1k Szil\u00e1rd<\/p>\n<\/div>\n<p>A m\u00falt \u00e1pol\u00e1s\u00e1hoz \u00e9s a j\u00f6v\u0151 \u00e9p\u00edt\u00e9s\u00e9hez p\u00e9ldak\u00e9pek kellenek, \u00e9s a kit\u00fcntetettek teljes\u00edtm\u00e9ny\u00fckkel, \u00e9letm\u0171v\u00fckkel olyan p\u00e9ldak\u00e9pekk\u00e9 v\u00e1ltak, akikre \u201eszabad, \u00e9rdemes \u00e9s kell alapozni a j\u00f6v\u0151t \u00e9p\u00edt\u0151 nemzed\u00e9knek\u201d \u2013 mondta.<\/p>\n<\/p><\/div>\n<p><script>\n    window.fbAsyncInit = function() {\n        FB.init({\n            appId      : \"204760236815359\",\n            xfbml      : true,\n            version    : \"v2.12\"\n        });\n        FB.AppEvents.logPageView();\n    };<\/p>\n<p>    (function(d, s, id){\n        var js, fjs = d.getElementsByTagName(s)[0];\n        if (d.getElementById(id)) {return;}\n        js = d.createElement(s); js.id = id;\n        js.src = \"http:\/\/connect.facebook.net\/hu_HU\/sdk.js\";\n        fjs.parentNode.insertBefore(js, fjs);\n    }(document, \"script\", \"facebook-jssdk\"));\n<\/script><br \/>\n<br \/>[ad_2]<br \/>\n<br \/><a href=\"https:\/\/www.vg.hu\/kozelet\/kozeleti-hirek\/korda-gyorgy-is-diszpolgar-lett-1580822\/\">Source link <\/a><\/p>\n","protected":false},"excerpt":{"rendered":"<p>[ad_1] Tarl\u00f3s Istv\u00e1n f\u0151polg\u00e1rmester \u00e1tadta Budapest d\u00edszpolg\u00e1ri c\u00edmeit a F\u0151v\u00e1rosi K\u00f6zgy\u0171l\u00e9s szerdai, \u00fcnnepi \u00fcl\u00e9s\u00e9n. Az elismer\u0151 c\u00edmben nyolcan r\u00e9szes\u00fcltek, akik \u201ea f\u0151v\u00e1ros \u00e9let\u00e9ben jelent\u0151s, meghat\u00e1roz\u00f3 szerepet t\u00f6ltenek be\u201e \u00e9s \u201ekiemelked\u0151 teljes\u00edtm\u00e9ny\u00fckkel Magyarorsz\u00e1gnak, Budapestnek dics\u0151s\u00e9get szereztek\u201d. &#13; D\u00edszpolg\u00e1ri c\u00edmet kapott B\u00e9res Ilona Kossuth- \u00e9s Liszt Ferenc-d\u00edjas sz\u00ednm\u0171v\u00e9sz, Cs\u00f3kay Andr\u00e1s idegseb\u00e9sz, Darnyi Tam\u00e1s n\u00e9gyszeres olimpiai bajnok \u00fasz\u00f3, [&hellip;]<\/p>\n","protected":false},"author":2,"featured_media":4411,"comment_status":"open","ping_status":"open","sticky":false,"template":"","format":"standard","meta":{"footnotes":""},"categories":[1],"tags":[],"class_list":["post-4410","post","type-post","status-publish","format-standard","has-post-thumbnail","hentry","category-penzugyi-hirek"],"yoast_head":"<!-- This site is optimized with the Yoast SEO plugin v27.4 - https:\/\/yoast.com\/product\/yoast-seo-wordpress\/ -->\n<title>Korda Gy\u00f6rgy is d\u00edszpolg\u00e1r lett - Super News<\/title>\n<meta name=\"robots\" content=\"index, follow, max-snippet:-1, max-image-preview:large, max-video-preview:-1\" \/>\n<link rel=\"canonical\" href=\"https:\/\/super-news.info\/hu\/korda-gyorgy-is-diszpolgar-lett\/\" \/>\n<meta property=\"og:locale\" content=\"hu_HU\" \/>\n<meta property=\"og:type\" content=\"article\" \/>\n<meta property=\"og:title\" content=\"Korda Gy\u00f6rgy is d\u00edszpolg\u00e1r lett - Super News\" \/>\n<meta property=\"og:description\" content=\"[ad_1] Tarl\u00f3s Istv\u00e1n f\u0151polg\u00e1rmester \u00e1tadta Budapest d\u00edszpolg\u00e1ri c\u00edmeit a F\u0151v\u00e1rosi K\u00f6zgy\u0171l\u00e9s szerdai, \u00fcnnepi \u00fcl\u00e9s\u00e9n. Az elismer\u0151 c\u00edmben nyolcan r\u00e9szes\u00fcltek, akik \u201ea f\u0151v\u00e1ros \u00e9let\u00e9ben jelent\u0151s, meghat\u00e1roz\u00f3 szerepet t\u00f6ltenek be\u201e \u00e9s \u201ekiemelked\u0151 teljes\u00edtm\u00e9ny\u00fckkel Magyarorsz\u00e1gnak, Budapestnek dics\u0151s\u00e9get szereztek\u201d. &#013; D\u00edszpolg\u00e1ri c\u00edmet kapott B\u00e9res Ilona Kossuth- \u00e9s Liszt Ferenc-d\u00edjas sz\u00ednm\u0171v\u00e9sz, Cs\u00f3kay Andr\u00e1s idegseb\u00e9sz, Darnyi Tam\u00e1s n\u00e9gyszeres olimpiai bajnok \u00fasz\u00f3, [&hellip;]\" \/>\n<meta property=\"og:url\" content=\"https:\/\/super-news.info\/hu\/korda-gyorgy-is-diszpolgar-lett\/\" \/>\n<meta property=\"og:site_name\" content=\"Super News\" \/>\n<meta property=\"article:published_time\" content=\"2019-06-19T16:33:22+00:00\" \/>\n<meta property=\"article:modified_time\" content=\"2019-06-19T16:33:23+00:00\" \/>\n<meta property=\"og:image\" content=\"https:\/\/super-news.info\/hu\/wp-content\/uploads\/sites\/3\/2019\/06\/Korda-Gy\u00f6rgy-is-d\u00edszpolg\u00e1r-lett.jpeg\" \/>\n\t<meta property=\"og:image:width\" content=\"1400\" \/>\n\t<meta property=\"og:image:height\" content=\"933\" \/>\n\t<meta property=\"og:image:type\" content=\"image\/jpeg\" \/>\n<meta name=\"author\" content=\"super-news\" \/>\n<meta name=\"twitter:card\" content=\"summary_large_image\" \/>\n<meta name=\"twitter:label1\" content=\"Szerz\u0151:\" \/>\n\t<meta name=\"twitter:data1\" content=\"super-news\" \/>\n\t<meta name=\"twitter:label2\" content=\"Becs\u00fclt olvas\u00e1si id\u0151\" \/>\n\t<meta name=\"twitter:data2\" content=\"2 perc\" \/>\n<script type=\"application\/ld+json\" class=\"yoast-schema-graph\">{\"@context\":\"https:\\\/\\\/schema.org\",\"@graph\":[{\"@type\":\"Article\",\"@id\":\"https:\\\/\\\/super-news.info\\\/hu\\\/korda-gyorgy-is-diszpolgar-lett\\\/#article\",\"isPartOf\":{\"@id\":\"https:\\\/\\\/super-news.info\\\/hu\\\/korda-gyorgy-is-diszpolgar-lett\\\/\"},\"author\":{\"name\":\"super-news\",\"@id\":\"https:\\\/\\\/super-news.info\\\/hu\\\/#\\\/schema\\\/person\\\/2d4068cb2f39cd10008c2fce578a7356\"},\"headline\":\"Korda Gy\u00f6rgy is d\u00edszpolg\u00e1r lett\",\"datePublished\":\"2019-06-19T16:33:22+00:00\",\"dateModified\":\"2019-06-19T16:33:23+00:00\",\"mainEntityOfPage\":{\"@id\":\"https:\\\/\\\/super-news.info\\\/hu\\\/korda-gyorgy-is-diszpolgar-lett\\\/\"},\"wordCount\":463,\"commentCount\":0,\"image\":{\"@id\":\"https:\\\/\\\/super-news.info\\\/hu\\\/korda-gyorgy-is-diszpolgar-lett\\\/#primaryimage\"},\"thumbnailUrl\":\"https:\\\/\\\/super-news.info\\\/hu\\\/wp-content\\\/uploads\\\/sites\\\/3\\\/2019\\\/06\\\/Korda-Gy\u00f6rgy-is-d\u00edszpolg\u00e1r-lett.jpeg\",\"articleSection\":[\"P\u00c9NZ\u00dcGYI H\u00cdREK\"],\"inLanguage\":\"hu\",\"potentialAction\":[{\"@type\":\"CommentAction\",\"name\":\"Comment\",\"target\":[\"https:\\\/\\\/super-news.info\\\/hu\\\/korda-gyorgy-is-diszpolgar-lett\\\/#respond\"]}]},{\"@type\":\"WebPage\",\"@id\":\"https:\\\/\\\/super-news.info\\\/hu\\\/korda-gyorgy-is-diszpolgar-lett\\\/\",\"url\":\"https:\\\/\\\/super-news.info\\\/hu\\\/korda-gyorgy-is-diszpolgar-lett\\\/\",\"name\":\"Korda Gy\u00f6rgy is d\u00edszpolg\u00e1r lett - Super News\",\"isPartOf\":{\"@id\":\"https:\\\/\\\/super-news.info\\\/hu\\\/#website\"},\"primaryImageOfPage\":{\"@id\":\"https:\\\/\\\/super-news.info\\\/hu\\\/korda-gyorgy-is-diszpolgar-lett\\\/#primaryimage\"},\"image\":{\"@id\":\"https:\\\/\\\/super-news.info\\\/hu\\\/korda-gyorgy-is-diszpolgar-lett\\\/#primaryimage\"},\"thumbnailUrl\":\"https:\\\/\\\/super-news.info\\\/hu\\\/wp-content\\\/uploads\\\/sites\\\/3\\\/2019\\\/06\\\/Korda-Gy\u00f6rgy-is-d\u00edszpolg\u00e1r-lett.jpeg\",\"datePublished\":\"2019-06-19T16:33:22+00:00\",\"dateModified\":\"2019-06-19T16:33:23+00:00\",\"author\":{\"@id\":\"https:\\\/\\\/super-news.info\\\/hu\\\/#\\\/schema\\\/person\\\/2d4068cb2f39cd10008c2fce578a7356\"},\"breadcrumb\":{\"@id\":\"https:\\\/\\\/super-news.info\\\/hu\\\/korda-gyorgy-is-diszpolgar-lett\\\/#breadcrumb\"},\"inLanguage\":\"hu\",\"potentialAction\":[{\"@type\":\"ReadAction\",\"target\":[\"https:\\\/\\\/super-news.info\\\/hu\\\/korda-gyorgy-is-diszpolgar-lett\\\/\"]}]},{\"@type\":\"ImageObject\",\"inLanguage\":\"hu\",\"@id\":\"https:\\\/\\\/super-news.info\\\/hu\\\/korda-gyorgy-is-diszpolgar-lett\\\/#primaryimage\",\"url\":\"https:\\\/\\\/super-news.info\\\/hu\\\/wp-content\\\/uploads\\\/sites\\\/3\\\/2019\\\/06\\\/Korda-Gy\u00f6rgy-is-d\u00edszpolg\u00e1r-lett.jpeg\",\"contentUrl\":\"https:\\\/\\\/super-news.info\\\/hu\\\/wp-content\\\/uploads\\\/sites\\\/3\\\/2019\\\/06\\\/Korda-Gy\u00f6rgy-is-d\u00edszpolg\u00e1r-lett.jpeg\",\"width\":1400,\"height\":933,\"caption\":\"Korda Gy\u00f6rgy is d\u00edszpolg\u00e1r lett\"},{\"@type\":\"BreadcrumbList\",\"@id\":\"https:\\\/\\\/super-news.info\\\/hu\\\/korda-gyorgy-is-diszpolgar-lett\\\/#breadcrumb\",\"itemListElement\":[{\"@type\":\"ListItem\",\"position\":1,\"name\":\"\u0413\u043b\u0430\u0432\u043d\u0430\u044f \u0441\u0442\u0440\u0430\u043d\u0438\u0446\u0430\",\"item\":\"https:\\\/\\\/super-news.info\\\/hu\\\/\"},{\"@type\":\"ListItem\",\"position\":2,\"name\":\"Korda Gy\u00f6rgy is d\u00edszpolg\u00e1r lett\"}]},{\"@type\":\"WebSite\",\"@id\":\"https:\\\/\\\/super-news.info\\\/hu\\\/#website\",\"url\":\"https:\\\/\\\/super-news.info\\\/hu\\\/\",\"name\":\"Super News\",\"description\":\"Super News Magyarorsz\u00e1g\",\"potentialAction\":[{\"@type\":\"SearchAction\",\"target\":{\"@type\":\"EntryPoint\",\"urlTemplate\":\"https:\\\/\\\/super-news.info\\\/hu\\\/?s={search_term_string}\"},\"query-input\":{\"@type\":\"PropertyValueSpecification\",\"valueRequired\":true,\"valueName\":\"search_term_string\"}}],\"inLanguage\":\"hu\"},{\"@type\":\"Person\",\"@id\":\"https:\\\/\\\/super-news.info\\\/hu\\\/#\\\/schema\\\/person\\\/2d4068cb2f39cd10008c2fce578a7356\",\"name\":\"super-news\",\"image\":{\"@type\":\"ImageObject\",\"inLanguage\":\"hu\",\"@id\":\"https:\\\/\\\/secure.gravatar.com\\\/avatar\\\/64ebac40b93f26a154f8a9b5b6fdccfc46f442b26b3dd6756dbff3bf9dc76fd7?s=96&d=mm&r=g\",\"url\":\"https:\\\/\\\/secure.gravatar.com\\\/avatar\\\/64ebac40b93f26a154f8a9b5b6fdccfc46f442b26b3dd6756dbff3bf9dc76fd7?s=96&d=mm&r=g\",\"contentUrl\":\"https:\\\/\\\/secure.gravatar.com\\\/avatar\\\/64ebac40b93f26a154f8a9b5b6fdccfc46f442b26b3dd6756dbff3bf9dc76fd7?s=96&d=mm&r=g\",\"caption\":\"super-news\"},\"url\":\"https:\\\/\\\/super-news.info\\\/hu\\\/author\\\/pt\\\/\"}]}<\/script>\n<!-- \/ Yoast SEO plugin. -->","yoast_head_json":{"title":"Korda Gy\u00f6rgy is d\u00edszpolg\u00e1r lett - Super News","robots":{"index":"index","follow":"follow","max-snippet":"max-snippet:-1","max-image-preview":"max-image-preview:large","max-video-preview":"max-video-preview:-1"},"canonical":"https:\/\/super-news.info\/hu\/korda-gyorgy-is-diszpolgar-lett\/","og_locale":"hu_HU","og_type":"article","og_title":"Korda Gy\u00f6rgy is d\u00edszpolg\u00e1r lett - Super News","og_description":"[ad_1] Tarl\u00f3s Istv\u00e1n f\u0151polg\u00e1rmester \u00e1tadta Budapest d\u00edszpolg\u00e1ri c\u00edmeit a F\u0151v\u00e1rosi K\u00f6zgy\u0171l\u00e9s szerdai, \u00fcnnepi \u00fcl\u00e9s\u00e9n. Az elismer\u0151 c\u00edmben nyolcan r\u00e9szes\u00fcltek, akik \u201ea f\u0151v\u00e1ros \u00e9let\u00e9ben jelent\u0151s, meghat\u00e1roz\u00f3 szerepet t\u00f6ltenek be\u201e \u00e9s \u201ekiemelked\u0151 teljes\u00edtm\u00e9ny\u00fckkel Magyarorsz\u00e1gnak, Budapestnek dics\u0151s\u00e9get szereztek\u201d. &#13; D\u00edszpolg\u00e1ri c\u00edmet kapott B\u00e9res Ilona Kossuth- \u00e9s Liszt Ferenc-d\u00edjas sz\u00ednm\u0171v\u00e9sz, Cs\u00f3kay Andr\u00e1s idegseb\u00e9sz, Darnyi Tam\u00e1s n\u00e9gyszeres olimpiai bajnok \u00fasz\u00f3, [&hellip;]","og_url":"https:\/\/super-news.info\/hu\/korda-gyorgy-is-diszpolgar-lett\/","og_site_name":"Super News","article_published_time":"2019-06-19T16:33:22+00:00","article_modified_time":"2019-06-19T16:33:23+00:00","og_image":[{"width":1400,"height":933,"url":"https:\/\/super-news.info\/hu\/wp-content\/uploads\/sites\/3\/2019\/06\/Korda-Gy\u00f6rgy-is-d\u00edszpolg\u00e1r-lett.jpeg","type":"image\/jpeg"}],"author":"super-news","twitter_card":"summary_large_image","twitter_misc":{"Szerz\u0151:":"super-news","Becs\u00fclt olvas\u00e1si id\u0151":"2 perc"},"schema":{"@context":"https:\/\/schema.org","@graph":[{"@type":"Article","@id":"https:\/\/super-news.info\/hu\/korda-gyorgy-is-diszpolgar-lett\/#article","isPartOf":{"@id":"https:\/\/super-news.info\/hu\/korda-gyorgy-is-diszpolgar-lett\/"},"author":{"name":"super-news","@id":"https:\/\/super-news.info\/hu\/#\/schema\/person\/2d4068cb2f39cd10008c2fce578a7356"},"headline":"Korda Gy\u00f6rgy is d\u00edszpolg\u00e1r lett","datePublished":"2019-06-19T16:33:22+00:00","dateModified":"2019-06-19T16:33:23+00:00","mainEntityOfPage":{"@id":"https:\/\/super-news.info\/hu\/korda-gyorgy-is-diszpolgar-lett\/"},"wordCount":463,"commentCount":0,"image":{"@id":"https:\/\/super-news.info\/hu\/korda-gyorgy-is-diszpolgar-lett\/#primaryimage"},"thumbnailUrl":"https:\/\/super-news.info\/hu\/wp-content\/uploads\/sites\/3\/2019\/06\/Korda-Gy\u00f6rgy-is-d\u00edszpolg\u00e1r-lett.jpeg","articleSection":["P\u00c9NZ\u00dcGYI H\u00cdREK"],"inLanguage":"hu","potentialAction":[{"@type":"CommentAction","name":"Comment","target":["https:\/\/super-news.info\/hu\/korda-gyorgy-is-diszpolgar-lett\/#respond"]}]},{"@type":"WebPage","@id":"https:\/\/super-news.info\/hu\/korda-gyorgy-is-diszpolgar-lett\/","url":"https:\/\/super-news.info\/hu\/korda-gyorgy-is-diszpolgar-lett\/","name":"Korda Gy\u00f6rgy is d\u00edszpolg\u00e1r lett - Super News","isPartOf":{"@id":"https:\/\/super-news.info\/hu\/#website"},"primaryImageOfPage":{"@id":"https:\/\/super-news.info\/hu\/korda-gyorgy-is-diszpolgar-lett\/#primaryimage"},"image":{"@id":"https:\/\/super-news.info\/hu\/korda-gyorgy-is-diszpolgar-lett\/#primaryimage"},"thumbnailUrl":"https:\/\/super-news.info\/hu\/wp-content\/uploads\/sites\/3\/2019\/06\/Korda-Gy\u00f6rgy-is-d\u00edszpolg\u00e1r-lett.jpeg","datePublished":"2019-06-19T16:33:22+00:00","dateModified":"2019-06-19T16:33:23+00:00","author":{"@id":"https:\/\/super-news.info\/hu\/#\/schema\/person\/2d4068cb2f39cd10008c2fce578a7356"},"breadcrumb":{"@id":"https:\/\/super-news.info\/hu\/korda-gyorgy-is-diszpolgar-lett\/#breadcrumb"},"inLanguage":"hu","potentialAction":[{"@type":"ReadAction","target":["https:\/\/super-news.info\/hu\/korda-gyorgy-is-diszpolgar-lett\/"]}]},{"@type":"ImageObject","inLanguage":"hu","@id":"https:\/\/super-news.info\/hu\/korda-gyorgy-is-diszpolgar-lett\/#primaryimage","url":"https:\/\/super-news.info\/hu\/wp-content\/uploads\/sites\/3\/2019\/06\/Korda-Gy\u00f6rgy-is-d\u00edszpolg\u00e1r-lett.jpeg","contentUrl":"https:\/\/super-news.info\/hu\/wp-content\/uploads\/sites\/3\/2019\/06\/Korda-Gy\u00f6rgy-is-d\u00edszpolg\u00e1r-lett.jpeg","width":1400,"height":933,"caption":"Korda Gy\u00f6rgy is d\u00edszpolg\u00e1r lett"},{"@type":"BreadcrumbList","@id":"https:\/\/super-news.info\/hu\/korda-gyorgy-is-diszpolgar-lett\/#breadcrumb","itemListElement":[{"@type":"ListItem","position":1,"name":"\u0413\u043b\u0430\u0432\u043d\u0430\u044f \u0441\u0442\u0440\u0430\u043d\u0438\u0446\u0430","item":"https:\/\/super-news.info\/hu\/"},{"@type":"ListItem","position":2,"name":"Korda Gy\u00f6rgy is d\u00edszpolg\u00e1r lett"}]},{"@type":"WebSite","@id":"https:\/\/super-news.info\/hu\/#website","url":"https:\/\/super-news.info\/hu\/","name":"Super News","description":"Super News Magyarorsz\u00e1g","potentialAction":[{"@type":"SearchAction","target":{"@type":"EntryPoint","urlTemplate":"https:\/\/super-news.info\/hu\/?s={search_term_string}"},"query-input":{"@type":"PropertyValueSpecification","valueRequired":true,"valueName":"search_term_string"}}],"inLanguage":"hu"},{"@type":"Person","@id":"https:\/\/super-news.info\/hu\/#\/schema\/person\/2d4068cb2f39cd10008c2fce578a7356","name":"super-news","image":{"@type":"ImageObject","inLanguage":"hu","@id":"https:\/\/secure.gravatar.com\/avatar\/64ebac40b93f26a154f8a9b5b6fdccfc46f442b26b3dd6756dbff3bf9dc76fd7?s=96&d=mm&r=g","url":"https:\/\/secure.gravatar.com\/avatar\/64ebac40b93f26a154f8a9b5b6fdccfc46f442b26b3dd6756dbff3bf9dc76fd7?s=96&d=mm&r=g","contentUrl":"https:\/\/secure.gravatar.com\/avatar\/64ebac40b93f26a154f8a9b5b6fdccfc46f442b26b3dd6756dbff3bf9dc76fd7?s=96&d=mm&r=g","caption":"super-news"},"url":"https:\/\/super-news.info\/hu\/author\/pt\/"}]}},"_links":{"self":[{"href":"https:\/\/super-news.info\/hu\/wp-json\/wp\/v2\/posts\/4410","targetHints":{"allow":["GET"]}}],"collection":[{"href":"https:\/\/super-news.info\/hu\/wp-json\/wp\/v2\/posts"}],"about":[{"href":"https:\/\/super-news.info\/hu\/wp-json\/wp\/v2\/types\/post"}],"author":[{"embeddable":true,"href":"https:\/\/super-news.info\/hu\/wp-json\/wp\/v2\/users\/2"}],"replies":[{"embeddable":true,"href":"https:\/\/super-news.info\/hu\/wp-json\/wp\/v2\/comments?post=4410"}],"version-history":[{"count":1,"href":"https:\/\/super-news.info\/hu\/wp-json\/wp\/v2\/posts\/4410\/revisions"}],"predecessor-version":[{"id":4412,"href":"https:\/\/super-news.info\/hu\/wp-json\/wp\/v2\/posts\/4410\/revisions\/4412"}],"wp:featuredmedia":[{"embeddable":true,"href":"https:\/\/super-news.info\/hu\/wp-json\/wp\/v2\/media\/4411"}],"wp:attachment":[{"href":"https:\/\/super-news.info\/hu\/wp-json\/wp\/v2\/media?parent=4410"}],"wp:term":[{"taxonomy":"category","embeddable":true,"href":"https:\/\/super-news.info\/hu\/wp-json\/wp\/v2\/categories?post=4410"},{"taxonomy":"post_tag","embeddable":true,"href":"https:\/\/super-news.info\/hu\/wp-json\/wp\/v2\/tags?post=4410"}],"curies":[{"name":"wp","href":"https:\/\/api.w.org\/{rel}","templated":true}]}}