{"id":4407,"date":"2019-06-19T18:40:42","date_gmt":"2019-06-19T15:40:42","guid":{"rendered":"https:\/\/super-news.info\/hu\/a-szovjetunio-megkerte-a-kivonulasanak-az-arat\/"},"modified":"2019-06-19T18:40:44","modified_gmt":"2019-06-19T15:40:44","slug":"a-szovjetunio-megkerte-a-kivonulasanak-az-arat","status":"publish","type":"post","link":"https:\/\/super-news.info\/hu\/a-szovjetunio-megkerte-a-kivonulasanak-az-arat\/","title":{"rendered":"A Szovjetuni\u00f3 megk\u00e9rte a kivonul\u00e1s\u00e1nak az \u00e1r\u00e1t"},"content":{"rendered":"<p> [ad_1]<br \/>\n<\/p>\n<p>\n\t\t\t\t\t\t\t\tNegyven\u00e9vnyi ideiglenes \u00e1llom\u00e1soz\u00e1s ut\u00e1n a szovjet t\u00e1rgyal\u00f3 deleg\u00e1ci\u00f3 t\u00f6bb sz\u00e1z milli\u00f3 doll\u00e1rt k\u00f6vetelt a magyar f\u00e9lt\u0151l az\u00e9rt, hogy teljesen kivonja a csapatait Magyarorsz\u00e1gr\u00f3l. Huszonnyolc \u00e9ve hagyta el az utols\u00f3 szovjet katona az orsz\u00e1got. \t\t\t\t\t\t\t<\/p>\n<div>\n<p>Pontosan huszonnyolc \u00e9ve, azaz 1991. j\u00fanius 19-\u00e9n d\u00e9lut\u00e1n h\u00e1rom ut\u00e1n Z\u00e1honyon kereszt\u00fcl hagyta el Viktor Jegorovics Silov alt\u00e1bornagy Magyarorsz\u00e1g ter\u00fclet\u00e9t. A D\u00e9li Hadseregcsoport 1990 \u00e9s 1991 k\u00f6z\u00f6tti parancsnok\u00e1nak t\u00e1voz\u00e1s\u00e1val az utols\u00f3 szovjet katona is elhagyta Magyarorsz\u00e1got, \u00e9s ezzel vissza\u00e1llt az orsz\u00e1g szuverenit\u00e1sa.<\/p>\n<h3>Negyven\u00e9vnyi ideiglenes \u00e1llom\u00e1soz\u00e1s<\/h3>\n<p>A V\u00f6r\u00f6s Hadsereg 1944. szeptember 23-\u00e1n \u00e9rte el Magyarorsz\u00e1g ter\u00fclet\u00e9t, az 1945. \u00e1prilis k\u00f6zep\u00e9ig tart\u00f3 harcok sor\u00e1n sz\u00e1llta meg az orsz\u00e1g ter\u00fclet\u00e9t. A p\u00e1rizsi b\u00e9keszerz\u0151d\u00e9s 1947. szeptember 15-ei hat\u00e1lyba l\u00e9p\u00e9s\u00e9vel \u2013 a nemzetk\u00f6zi jog szerint \u2013 Magyarorsz\u00e1g visszanyerte teljes szuverenit\u00e1s\u00e1t, a val\u00f3s\u00e1gban azonban tov\u00e1bbra is jelent\u0151s volt a szovjet csapatok jelenl\u00e9te.<\/p>\n<div id=\"attachment_1580693\" style=\"width: 1410px\" class=\"wp-caption aligncenter\">\n<p class=\"wp-caption-text\">Szovjetek a Duna partj\u00e1n<br \/>Fot\u00f3: Sputnik \/ AFP<\/p>\n<\/div>\n<p>A b\u00e9keszerz\u0151d\u00e9s 22. cikkelye szerint ugyanis a Szovjetuni\u00f3 annyi katon\u00e1t, amennyit az ausztriai szovjet megsz\u00e1ll\u00e1si \u00f6vezettel val\u00f3 kapcsolattart\u00e1shoz sz\u00fcks\u00e9gesnek l\u00e1tott,<\/p>\n<p>\u201eideiglenesen\u201d tov\u00e1bbra is magyar ter\u00fcleten \u00e1llom\u00e1soztathatott. Az 1955. m\u00e1jus 15-\u00e9n megk\u00f6t\u00f6tt osztr\u00e1k \u00e1llamszerz\u0151d\u00e9s \u00e9rtelm\u00e9ben az \u00e9v v\u00e9g\u00e9ig nem csak Ausztria, hanem Magyarorsz\u00e1g ter\u00fclet\u00e9t is el kellett volna hagyniuk a szovjet egys\u00e9geknek.<\/p>\n<p>Az egy nappal kor\u00e1bban, m\u00e1jus 14-\u00e9n al\u00e1\u00edrt Vars\u00f3i Szerz\u0151d\u00e9s kieg\u00e9sz\u00edt\u0151 egyezm\u00e9nye azonban lehet\u0151v\u00e9 tette tov\u00e1bbi magyarorsz\u00e1gi tart\u00f3zkod\u00e1sukat. Az 1956-os forradalom \u00e9s szabads\u00e1gharc lever\u00e9s\u00e9t k\u00f6vet\u0151en az 1957. m\u00e1jus 27-ei magyar\u2013szovjet egyezm\u00e9ny szab\u00e1lyozta a szovjet csapatok magyarorsz\u00e1gi jelenl\u00e9t\u00e9t.<\/p>\n<p>A N\u00e9meth-korm\u00e1ny 1990. janu\u00e1rj\u00e1ban csapatai kivon\u00e1s\u00e1ra sz\u00f3l\u00edtotta fel a Szovjetuni\u00f3t, majd Somogyi Ferenc k\u00fcl\u00fcgyi \u00e1llamtitk\u00e1r \u00e9s Ivan Aboimov k\u00fcl\u00fcgyminiszter-helyettes k\u00f6z\u00f6tt megkezd\u0151dtek a t\u00e1rgyal\u00e1sok, melyeket az ellenz\u00e9ki p\u00e1rtok fel\u00fcgyeltek. M\u00e1rcius 10-\u00e9n Moszkv\u00e1ban Horn Gyula magyar \u00e9s Eduard Sevardnadze szovjet k\u00fcl\u00fcgyminiszter \u00edrta al\u00e1 az err\u0151l sz\u00f3l\u00f3 egyezm\u00e9nyt, amely mag\u00e1ba foglalta, hogy<\/p>\n<p>a csapatok kivon\u00e1s\u00e1ra 1991. j\u00fanius 30-ig szabt\u00e1k meg a hat\u00e1rid\u0151t.<\/p>\n<p>M\u00e1rciusban els\u0151k\u00e9nt a Veszpr\u00e9m megyei Hajm\u00e1sk\u00e9rr\u0151l meg is kezd\u0151dtek orsz\u00e1gszerte a D\u00e9li Hadseregcsoport katon\u00e1inak, polg\u00e1ri alkalmazottainak, fegyvereinek kivon\u00e1sa. \u00d6sszesen:<\/p>\n<p>A magyar korm\u00e1ny 1990. janu\u00e1rj\u00e1ban csapatai kivon\u00e1s\u00e1ra sz\u00f3l\u00edtotta fel a Szovjetuni\u00f3t, m\u00e1rcius 10-\u00e9n Moszkv\u00e1ban Horn Gyula magyar \u00e9s Eduard Sevardnadze szovjet k\u00fcl\u00fcgyminiszter \u00edrta al\u00e1 az err\u0151l sz\u00f3l\u00f3 egyezm\u00e9nyt, amely mag\u00e1ba foglalta, hogy<\/p>\n<p>a csapatok kivon\u00e1s\u00e1ra 1991. j\u00fanius 30-ig szabt\u00e1k meg a hat\u00e1rid\u0151t.<\/p>\n<p>M\u00e1rciusban m\u00e1r meg is kezd\u0151dtek orsz\u00e1gszerte a D\u00e9li Hadseregcsoport katon\u00e1inak, polg\u00e1ri alkalmazottainak, fegyvereinek kivon\u00e1sa. \u00d6sszesen<\/p>\n<p>45 ezer szovjet katona hagyta el Magyarorsz\u00e1got, a mintegy 560 ezer tonn\u00e1nyi felszerel\u00e9sb\u0151l 60 ezret sz\u00e1ll\u00edtottak el, a hadsereg kivonul\u00e1s\u00e1t k\u00f6vet\u0151en hatvan laktany\u00e1t, t\u00edz l\u00e9giforgalmi b\u00e1zist \u00e9s \u00f6sszesen 5750 \u00e9p\u00fcletet hagytak maguk m\u00f6g\u00f6tt,<\/p>\n<p>a teljes kivonul\u00e1s\u00e1hoz 1352 vas\u00fati szelv\u00e9nyre volt sz\u00fcks\u00e9g.<\/p>\n<div>\n<div id=\"attachment_1580924\" style=\"width: 1410px\" class=\"wp-caption aligncenter\"><img loading=\"lazy\" decoding=\"async\" class=\"size-full wp-image-1580924\" src=\"https:\/\/super-news.info\/hu\/wp-content\/uploads\/sites\/3\/2019\/06\/1560958842_393_A-Szovjetunio-megkerte-a-kivonulasanak-az-arat.jpg\" alt=\"\" width=\"1400\" height=\"929\"\/><\/p>\n<p class=\"wp-caption-text\">Kivonul\u00f3 D\u00e9li Hadseregcsoport katon\u00e1i<br \/>Fot\u00f3: Sputnik \/ AFP<\/p>\n<\/div>\n<\/div>\n<ul>\n<li>A N\u00e9met Demokratikus K\u00f6zt\u00e1rsas\u00e1gb\u00f3l 390 ezer,<\/li>\n<li>Lengyelorsz\u00e1gb\u00f3l 56 ezer,<\/li>\n<li>Csehszlov\u00e1ki\u00e1b\u00f3l 70 ezer \u00e1llom\u00e1soz\u00f3 szovjet katon\u00e1t rendeltek vissza a Szovjetuni\u00f3ba.<\/li>\n<\/ul>\n<p>A magyarorsz\u00e1gi csapakivon\u00e1sokat a Magyar Telev\u00edzi\u00f3, amat\u0151r filmesek, Mih\u00e1lyi L\u00e1szl\u00f3 dokumentumfilmes \u00e9s a Fekete Doboz Alap\u00edtv\u00e1ny st\u00e1bja is r\u00f6gz\u00edtette.<\/p>\n<p><iframe loading=\"lazy\" width=\"267\" height=\"200\" src=\"https:\/\/www.youtube.com\/embed\/QSLYaTaVjYQ?start=11&amp;feature=oembed\" frameborder=\"0\" allow=\"accelerometer; autoplay; encrypted-media; gyroscope; picture-in-picture\" allowfullscreen=\"\"><\/iframe><\/p>\n<p>A hajm\u00e1sk\u00e9ri laktanya ki\u00fcr\u00edt\u00e9st meg\u00f6r\u00f6k\u00edt\u0151 felv\u00e9telen a k\u00f6zs\u00e9g polg\u00e1rmestere \u00edgy b\u00facs\u00fazott a szovjet katon\u00e1k el\u0151tt:<\/p>\n<blockquote>\n<p>Hajm\u00e1sk\u00e9r utols\u00f3 \u00e9vsz\u00e1zad\u00e1nak h\u00e1rom nevezetes d\u00e1tuma volt: az els\u0151 1945 vir\u00e1gvas\u00e1rnapja, amikor a szovjet csapatok a n\u00e9metekkel val\u00f3 v\u00edvott kem\u00e9ny \u00fctk\u00f6zetetek ut\u00e1n k\u00f6zs\u00e9g\u00fcnkbe bevonultak. A m\u00e1sodik nevezetes d\u00e1tum 1956. okt\u00f3ber 23-a, a m\u00e1sodik magyar szabads\u00e1gharc napja. A harmadik ez a nap, amikor b\u00facs\u00fazunk t\u0151letek.<\/p>\n<\/blockquote>\n<h3>Dr\u00e1ga mulats\u00e1g is lehetett volna<\/h3>\n<p>A rendszerv\u00e1ltoz\u00e1s hajnal\u00e1n a k\u00e1rt\u00e9r\u00edt\u00e9sr\u0151l is megkezd\u0151dtek a t\u00e1rgyal\u00e1sok a szovjet \u00e9s a magyar f\u00e9l k\u00f6z\u00f6tt:<\/p>\n<p>a Szovjetuni\u00f3 \u00f6sszesen 800 milli\u00f3 doll\u00e1rt k\u00e9rt Magyarorsz\u00e1gt\u00f3l a \u201eszovjet beruh\u00e1z\u00e1sok\u201d k\u00e1rp\u00f3tl\u00e1s\u00e1\u00e9rt cser\u00e9be.<\/p>\n<p>Matvej Burlakov t\u00e1bornok, a D\u00e9li Hadseregcsoport 1988 \u00e9s 1990 k\u00f6z\u00f6tti parancsnoka azt mondta,<\/p>\n<p>amennyiben Magyarorsz\u00e1g nem fogadja el a szovjet f\u00e9l k\u00f6vetel\u00e9seit, akkor a csapatkivon\u00e1st felf\u00fcggeszthetik<\/p>\n<p>\u2013 eml\u00e9kezett vissza Cserepes Tibor nyug\u00e1llom\u00e1ny\u00fa dand\u00e1rt\u00e1bornok kor\u00e1bban az M1-en. A szovjet f\u00e9l azt is k\u00f6z\u00f6lte, hogy r\u00e9szben ebb\u0151l az \u00f6sszegb\u0151l is akart\u00e1k a csapatkivon\u00e1s anyagi h\u00e1tt\u00e9rt biztos\u00edtani \u2013 tette hozz\u00e1 a dand\u00e1rt\u00e1bornok, aki r\u00e9szt vett a k\u00e1rp\u00f3tl\u00e1sr\u00f3l sz\u00f3l\u00f3 t\u00e1rgyal\u00e1sokban. A szovjet deleg\u00e1ci\u00f3 azzal is \u00e9rvelt, hogy t\u00f6bb mint 50 milli\u00e1rd forintnyi beruh\u00e1z\u00e1st hajtott v\u00e9gre Magyarorsz\u00e1gon, azonban a magyar f\u00e9l k\u00f6z\u00f6lte, hogy amelyre nem volt magyar enged\u00e9lyez\u00e9s, az\u00e9rt nem hajland\u00f3 fizetni.<\/p>\n<p>Cserepes elmondta, hogy a magyar f\u00e9l ugyancsak jelent\u0151s k\u00e1rp\u00f3tl\u00e1si ig\u00e9nyt ny\u00fajtott be:<\/p>\n<p>a mintegy 80 milli\u00e1rd forintnyi \u00f6sszeg t\u00f6bbek k\u00f6z\u00f6tt a k\u00f6rnyezeti k\u00e1rokb\u00f3l (60 milli\u00e1rd), az ingatlanok \u00e1llag\u00e1nak meg\u00f3v\u00e1s\u00e1nak hi\u00e1ny\u00e1b\u00f3l (14 milli\u00e1rd), a fennmarad\u00f3 \u00f6sszegek pedig egy\u00e9b k\u00e1rokoz\u00e1sokb\u00f3l tev\u0151dtek \u00f6ssze, melyet a Szovjetuni\u00f3nak kell megfizetnie.<\/p>\n<p><iframe loading=\"lazy\" width=\"356\" height=\"200\" src=\"https:\/\/www.youtube.com\/embed\/7t8roAa2tBg?feature=oembed\" frameborder=\"0\" allow=\"accelerometer; autoplay; encrypted-media; gyroscope; picture-in-picture\" allowfullscreen=\"\"><\/iframe><\/p>\n<p>A felek a k\u00f6lcs\u00f6n\u00f6s ig\u00e9nyek rendez\u00e9s\u00e9re t\u00f6bb t\u00edzezer oldalnyi dokumentumot ny\u00fajtottak be, melynek rendez\u00e9s\u00e9re m\u00e1r a kommunizmus buk\u00e1sa ut\u00e1n ker\u00fclhetett sor, a magyar deleg\u00e1ci\u00f3nak is k\u00f6sz\u00f6nhet\u0151en azonban siker\u00fclt az irre\u00e1lis szovjet k\u00f6vetel\u00e9seknek g\u00e1tat szabni.<\/p>\n<p>A rendszerv\u00e1lt\u00e1st k\u00f6vet\u0151en Borisz Jelcin orosz eln\u00f6k 1992 november\u00e9ben Budapestre l\u00e1togatott \u00e9s t\u00e1rgyalt Antal J\u00f3zsef minisztereln\u00f6kkel: el\u0151sz\u00f6r sz\u00f3ban megsz\u00fcletett egy meg\u00e1llapod\u00e1s arr\u00f3l, hogy a k\u00f6lcs\u00f6n\u00f6s ig\u00e9nyekr\u0151l lemondanak. K\u00e9s\u0151bb ezt jegyz\u0151k\u00f6nyvben is r\u00f6gz\u00edtett\u00e9k, azonban a Kreml k\u00e9s\u0151bb ennek ellen\u00e9re igyekezett a k\u00f6vetel\u00e9seit \u00e9rv\u00e9nyes\u00edteni, azonban a k\u00e1rig\u00e9nyeket v\u00e9g\u00fcl teljesen elengedte.<\/p>\n<p>A D\u00e9li hadseregcsoport Magyarorsz\u00e1gon \u00e1llom\u00e1soz\u00f3 egys\u00e9geinek hazasz\u00e1ll\u00edt\u00e1sa a tervek szerint zajlott, s\u0151t Viktor Silov hat\u00e1r\u00e1tl\u00e9p\u00e9s\u00e9re hamarabb ker\u00fclt sor, mint ahogyan azt v\u00e1rni lehetett. Az alt\u00e1bornagy v\u00e9g\u00fcl a Z\u00e1hony-csapi hat\u00e1r\u00e1llom\u00e1son, civilben hagyta el az orsz\u00e1got.<\/p>\n<p>Az 1991-es kivonul\u00e1s eml\u00e9k\u00e9re az Orsz\u00e1ggy\u0171l\u00e9s 2001-ben j\u00fanius 19-\u00e9t nemzeti eml\u00e9knapp\u00e1 nyilv\u00e1n\u00edtotta. Ehhez k\u00f6t\u0151d\u0151en j\u00fanius utols\u00f3 szombatja lett a magyar szabads\u00e1g napja.<\/p>\n<p>A szovjet hadsereg kivon\u00e1s\u00e1val 1944. m\u00e1rcius 19-e ut\u00e1n el\u0151sz\u00f6r fordult el\u0151, hogy Magyarorsz\u00e1g hat\u00e1rain bel\u00fcl csak hazai hadsereg \u00e1llom\u00e1sozott.<\/p>\n<\/p><\/div>\n<p><script>\n    window.fbAsyncInit = function() {\n        FB.init({\n            appId      : \"204760236815359\",\n            xfbml      : true,\n            version    : \"v2.12\"\n        });\n        FB.AppEvents.logPageView();\n    };<\/p>\n<p>    (function(d, s, id){\n        var js, fjs = d.getElementsByTagName(s)[0];\n        if (d.getElementById(id)) {return;}\n        js = d.createElement(s); js.id = id;\n        js.src = \"http:\/\/connect.facebook.net\/hu_HU\/sdk.js\";\n        fjs.parentNode.insertBefore(js, fjs);\n    }(document, \"script\", \"facebook-jssdk\"));\n<\/script><br \/>\n<br \/>[ad_2]<br \/>\n<br \/><a href=\"https:\/\/www.vg.hu\/kozelet\/kozeleti-hirek\/a-szovjetunio-megkerte-a-kivonulasanak-az-arat-1579733\/\">Source link <\/a><\/p>\n","protected":false},"excerpt":{"rendered":"<p>[ad_1] Negyven\u00e9vnyi ideiglenes \u00e1llom\u00e1soz\u00e1s ut\u00e1n a szovjet t\u00e1rgyal\u00f3 deleg\u00e1ci\u00f3 t\u00f6bb sz\u00e1z milli\u00f3 doll\u00e1rt k\u00f6vetelt a magyar f\u00e9lt\u0151l az\u00e9rt, hogy teljesen kivonja a csapatait Magyarorsz\u00e1gr\u00f3l. Huszonnyolc \u00e9ve hagyta el az utols\u00f3 szovjet katona az orsz\u00e1got. Pontosan huszonnyolc \u00e9ve, azaz 1991. j\u00fanius 19-\u00e9n d\u00e9lut\u00e1n h\u00e1rom ut\u00e1n Z\u00e1honyon kereszt\u00fcl hagyta el Viktor Jegorovics Silov alt\u00e1bornagy Magyarorsz\u00e1g ter\u00fclet\u00e9t. A [&hellip;]<\/p>\n","protected":false},"author":2,"featured_media":4408,"comment_status":"open","ping_status":"open","sticky":false,"template":"","format":"standard","meta":{"footnotes":""},"categories":[1],"tags":[],"class_list":["post-4407","post","type-post","status-publish","format-standard","has-post-thumbnail","hentry","category-penzugyi-hirek"],"yoast_head":"<!-- This site is optimized with the Yoast SEO plugin v27.4 - https:\/\/yoast.com\/product\/yoast-seo-wordpress\/ -->\n<title>A Szovjetuni\u00f3 megk\u00e9rte a kivonul\u00e1s\u00e1nak az \u00e1r\u00e1t - Super News<\/title>\n<meta name=\"robots\" content=\"index, follow, max-snippet:-1, max-image-preview:large, max-video-preview:-1\" \/>\n<link rel=\"canonical\" href=\"https:\/\/super-news.info\/hu\/a-szovjetunio-megkerte-a-kivonulasanak-az-arat\/\" \/>\n<meta property=\"og:locale\" content=\"hu_HU\" \/>\n<meta property=\"og:type\" content=\"article\" \/>\n<meta property=\"og:title\" content=\"A Szovjetuni\u00f3 megk\u00e9rte a kivonul\u00e1s\u00e1nak az \u00e1r\u00e1t - Super News\" \/>\n<meta property=\"og:description\" content=\"[ad_1] Negyven\u00e9vnyi ideiglenes \u00e1llom\u00e1soz\u00e1s ut\u00e1n a szovjet t\u00e1rgyal\u00f3 deleg\u00e1ci\u00f3 t\u00f6bb sz\u00e1z milli\u00f3 doll\u00e1rt k\u00f6vetelt a magyar f\u00e9lt\u0151l az\u00e9rt, hogy teljesen kivonja a csapatait Magyarorsz\u00e1gr\u00f3l. Huszonnyolc \u00e9ve hagyta el az utols\u00f3 szovjet katona az orsz\u00e1got. Pontosan huszonnyolc \u00e9ve, azaz 1991. j\u00fanius 19-\u00e9n d\u00e9lut\u00e1n h\u00e1rom ut\u00e1n Z\u00e1honyon kereszt\u00fcl hagyta el Viktor Jegorovics Silov alt\u00e1bornagy Magyarorsz\u00e1g ter\u00fclet\u00e9t. A [&hellip;]\" \/>\n<meta property=\"og:url\" content=\"https:\/\/super-news.info\/hu\/a-szovjetunio-megkerte-a-kivonulasanak-az-arat\/\" \/>\n<meta property=\"og:site_name\" content=\"Super News\" \/>\n<meta property=\"article:published_time\" content=\"2019-06-19T15:40:42+00:00\" \/>\n<meta property=\"article:modified_time\" content=\"2019-06-19T15:40:44+00:00\" \/>\n<meta property=\"og:image\" content=\"https:\/\/super-news.info\/hu\/wp-content\/uploads\/sites\/3\/2019\/06\/A-Szovjetuni\u00f3-megk\u00e9rte-a-kivonul\u00e1s\u00e1nak-az-\u00e1r\u00e1t.jpg\" \/>\n\t<meta property=\"og:image:width\" content=\"1400\" \/>\n\t<meta property=\"og:image:height\" content=\"932\" \/>\n\t<meta property=\"og:image:type\" content=\"image\/jpeg\" \/>\n<meta name=\"author\" content=\"super-news\" \/>\n<meta name=\"twitter:card\" content=\"summary_large_image\" \/>\n<meta name=\"twitter:label1\" content=\"Szerz\u0151:\" \/>\n\t<meta name=\"twitter:data1\" content=\"super-news\" \/>\n\t<meta name=\"twitter:label2\" content=\"Becs\u00fclt olvas\u00e1si id\u0151\" \/>\n\t<meta name=\"twitter:data2\" content=\"7 perc\" \/>\n<script type=\"application\/ld+json\" class=\"yoast-schema-graph\">{\"@context\":\"https:\\\/\\\/schema.org\",\"@graph\":[{\"@type\":\"Article\",\"@id\":\"https:\\\/\\\/super-news.info\\\/hu\\\/a-szovjetunio-megkerte-a-kivonulasanak-az-arat\\\/#article\",\"isPartOf\":{\"@id\":\"https:\\\/\\\/super-news.info\\\/hu\\\/a-szovjetunio-megkerte-a-kivonulasanak-az-arat\\\/\"},\"author\":{\"name\":\"super-news\",\"@id\":\"https:\\\/\\\/super-news.info\\\/hu\\\/#\\\/schema\\\/person\\\/2d4068cb2f39cd10008c2fce578a7356\"},\"headline\":\"A Szovjetuni\u00f3 megk\u00e9rte a kivonul\u00e1s\u00e1nak az \u00e1r\u00e1t\",\"datePublished\":\"2019-06-19T15:40:42+00:00\",\"dateModified\":\"2019-06-19T15:40:44+00:00\",\"mainEntityOfPage\":{\"@id\":\"https:\\\/\\\/super-news.info\\\/hu\\\/a-szovjetunio-megkerte-a-kivonulasanak-az-arat\\\/\"},\"wordCount\":1331,\"commentCount\":0,\"image\":{\"@id\":\"https:\\\/\\\/super-news.info\\\/hu\\\/a-szovjetunio-megkerte-a-kivonulasanak-az-arat\\\/#primaryimage\"},\"thumbnailUrl\":\"https:\\\/\\\/super-news.info\\\/hu\\\/wp-content\\\/uploads\\\/sites\\\/3\\\/2019\\\/06\\\/A-Szovjetuni\u00f3-megk\u00e9rte-a-kivonul\u00e1s\u00e1nak-az-\u00e1r\u00e1t.jpg\",\"articleSection\":[\"P\u00c9NZ\u00dcGYI H\u00cdREK\"],\"inLanguage\":\"hu\",\"potentialAction\":[{\"@type\":\"CommentAction\",\"name\":\"Comment\",\"target\":[\"https:\\\/\\\/super-news.info\\\/hu\\\/a-szovjetunio-megkerte-a-kivonulasanak-az-arat\\\/#respond\"]}]},{\"@type\":\"WebPage\",\"@id\":\"https:\\\/\\\/super-news.info\\\/hu\\\/a-szovjetunio-megkerte-a-kivonulasanak-az-arat\\\/\",\"url\":\"https:\\\/\\\/super-news.info\\\/hu\\\/a-szovjetunio-megkerte-a-kivonulasanak-az-arat\\\/\",\"name\":\"A Szovjetuni\u00f3 megk\u00e9rte a kivonul\u00e1s\u00e1nak az \u00e1r\u00e1t - Super News\",\"isPartOf\":{\"@id\":\"https:\\\/\\\/super-news.info\\\/hu\\\/#website\"},\"primaryImageOfPage\":{\"@id\":\"https:\\\/\\\/super-news.info\\\/hu\\\/a-szovjetunio-megkerte-a-kivonulasanak-az-arat\\\/#primaryimage\"},\"image\":{\"@id\":\"https:\\\/\\\/super-news.info\\\/hu\\\/a-szovjetunio-megkerte-a-kivonulasanak-az-arat\\\/#primaryimage\"},\"thumbnailUrl\":\"https:\\\/\\\/super-news.info\\\/hu\\\/wp-content\\\/uploads\\\/sites\\\/3\\\/2019\\\/06\\\/A-Szovjetuni\u00f3-megk\u00e9rte-a-kivonul\u00e1s\u00e1nak-az-\u00e1r\u00e1t.jpg\",\"datePublished\":\"2019-06-19T15:40:42+00:00\",\"dateModified\":\"2019-06-19T15:40:44+00:00\",\"author\":{\"@id\":\"https:\\\/\\\/super-news.info\\\/hu\\\/#\\\/schema\\\/person\\\/2d4068cb2f39cd10008c2fce578a7356\"},\"breadcrumb\":{\"@id\":\"https:\\\/\\\/super-news.info\\\/hu\\\/a-szovjetunio-megkerte-a-kivonulasanak-az-arat\\\/#breadcrumb\"},\"inLanguage\":\"hu\",\"potentialAction\":[{\"@type\":\"ReadAction\",\"target\":[\"https:\\\/\\\/super-news.info\\\/hu\\\/a-szovjetunio-megkerte-a-kivonulasanak-az-arat\\\/\"]}]},{\"@type\":\"ImageObject\",\"inLanguage\":\"hu\",\"@id\":\"https:\\\/\\\/super-news.info\\\/hu\\\/a-szovjetunio-megkerte-a-kivonulasanak-az-arat\\\/#primaryimage\",\"url\":\"https:\\\/\\\/super-news.info\\\/hu\\\/wp-content\\\/uploads\\\/sites\\\/3\\\/2019\\\/06\\\/A-Szovjetuni\u00f3-megk\u00e9rte-a-kivonul\u00e1s\u00e1nak-az-\u00e1r\u00e1t.jpg\",\"contentUrl\":\"https:\\\/\\\/super-news.info\\\/hu\\\/wp-content\\\/uploads\\\/sites\\\/3\\\/2019\\\/06\\\/A-Szovjetuni\u00f3-megk\u00e9rte-a-kivonul\u00e1s\u00e1nak-az-\u00e1r\u00e1t.jpg\",\"width\":1400,\"height\":932,\"caption\":\"A Szovjetuni\u00f3 megk\u00e9rte a kivonul\u00e1s\u00e1nak az \u00e1r\u00e1t\"},{\"@type\":\"BreadcrumbList\",\"@id\":\"https:\\\/\\\/super-news.info\\\/hu\\\/a-szovjetunio-megkerte-a-kivonulasanak-az-arat\\\/#breadcrumb\",\"itemListElement\":[{\"@type\":\"ListItem\",\"position\":1,\"name\":\"\u0413\u043b\u0430\u0432\u043d\u0430\u044f \u0441\u0442\u0440\u0430\u043d\u0438\u0446\u0430\",\"item\":\"https:\\\/\\\/super-news.info\\\/hu\\\/\"},{\"@type\":\"ListItem\",\"position\":2,\"name\":\"A Szovjetuni\u00f3 megk\u00e9rte a kivonul\u00e1s\u00e1nak az \u00e1r\u00e1t\"}]},{\"@type\":\"WebSite\",\"@id\":\"https:\\\/\\\/super-news.info\\\/hu\\\/#website\",\"url\":\"https:\\\/\\\/super-news.info\\\/hu\\\/\",\"name\":\"Super News\",\"description\":\"Super News Magyarorsz\u00e1g\",\"potentialAction\":[{\"@type\":\"SearchAction\",\"target\":{\"@type\":\"EntryPoint\",\"urlTemplate\":\"https:\\\/\\\/super-news.info\\\/hu\\\/?s={search_term_string}\"},\"query-input\":{\"@type\":\"PropertyValueSpecification\",\"valueRequired\":true,\"valueName\":\"search_term_string\"}}],\"inLanguage\":\"hu\"},{\"@type\":\"Person\",\"@id\":\"https:\\\/\\\/super-news.info\\\/hu\\\/#\\\/schema\\\/person\\\/2d4068cb2f39cd10008c2fce578a7356\",\"name\":\"super-news\",\"image\":{\"@type\":\"ImageObject\",\"inLanguage\":\"hu\",\"@id\":\"https:\\\/\\\/secure.gravatar.com\\\/avatar\\\/64ebac40b93f26a154f8a9b5b6fdccfc46f442b26b3dd6756dbff3bf9dc76fd7?s=96&d=mm&r=g\",\"url\":\"https:\\\/\\\/secure.gravatar.com\\\/avatar\\\/64ebac40b93f26a154f8a9b5b6fdccfc46f442b26b3dd6756dbff3bf9dc76fd7?s=96&d=mm&r=g\",\"contentUrl\":\"https:\\\/\\\/secure.gravatar.com\\\/avatar\\\/64ebac40b93f26a154f8a9b5b6fdccfc46f442b26b3dd6756dbff3bf9dc76fd7?s=96&d=mm&r=g\",\"caption\":\"super-news\"},\"url\":\"https:\\\/\\\/super-news.info\\\/hu\\\/author\\\/pt\\\/\"}]}<\/script>\n<!-- \/ Yoast SEO plugin. -->","yoast_head_json":{"title":"A Szovjetuni\u00f3 megk\u00e9rte a kivonul\u00e1s\u00e1nak az \u00e1r\u00e1t - Super News","robots":{"index":"index","follow":"follow","max-snippet":"max-snippet:-1","max-image-preview":"max-image-preview:large","max-video-preview":"max-video-preview:-1"},"canonical":"https:\/\/super-news.info\/hu\/a-szovjetunio-megkerte-a-kivonulasanak-az-arat\/","og_locale":"hu_HU","og_type":"article","og_title":"A Szovjetuni\u00f3 megk\u00e9rte a kivonul\u00e1s\u00e1nak az \u00e1r\u00e1t - Super News","og_description":"[ad_1] Negyven\u00e9vnyi ideiglenes \u00e1llom\u00e1soz\u00e1s ut\u00e1n a szovjet t\u00e1rgyal\u00f3 deleg\u00e1ci\u00f3 t\u00f6bb sz\u00e1z milli\u00f3 doll\u00e1rt k\u00f6vetelt a magyar f\u00e9lt\u0151l az\u00e9rt, hogy teljesen kivonja a csapatait Magyarorsz\u00e1gr\u00f3l. Huszonnyolc \u00e9ve hagyta el az utols\u00f3 szovjet katona az orsz\u00e1got. Pontosan huszonnyolc \u00e9ve, azaz 1991. j\u00fanius 19-\u00e9n d\u00e9lut\u00e1n h\u00e1rom ut\u00e1n Z\u00e1honyon kereszt\u00fcl hagyta el Viktor Jegorovics Silov alt\u00e1bornagy Magyarorsz\u00e1g ter\u00fclet\u00e9t. A [&hellip;]","og_url":"https:\/\/super-news.info\/hu\/a-szovjetunio-megkerte-a-kivonulasanak-az-arat\/","og_site_name":"Super News","article_published_time":"2019-06-19T15:40:42+00:00","article_modified_time":"2019-06-19T15:40:44+00:00","og_image":[{"width":1400,"height":932,"url":"https:\/\/super-news.info\/hu\/wp-content\/uploads\/sites\/3\/2019\/06\/A-Szovjetuni\u00f3-megk\u00e9rte-a-kivonul\u00e1s\u00e1nak-az-\u00e1r\u00e1t.jpg","type":"image\/jpeg"}],"author":"super-news","twitter_card":"summary_large_image","twitter_misc":{"Szerz\u0151:":"super-news","Becs\u00fclt olvas\u00e1si id\u0151":"7 perc"},"schema":{"@context":"https:\/\/schema.org","@graph":[{"@type":"Article","@id":"https:\/\/super-news.info\/hu\/a-szovjetunio-megkerte-a-kivonulasanak-az-arat\/#article","isPartOf":{"@id":"https:\/\/super-news.info\/hu\/a-szovjetunio-megkerte-a-kivonulasanak-az-arat\/"},"author":{"name":"super-news","@id":"https:\/\/super-news.info\/hu\/#\/schema\/person\/2d4068cb2f39cd10008c2fce578a7356"},"headline":"A Szovjetuni\u00f3 megk\u00e9rte a kivonul\u00e1s\u00e1nak az \u00e1r\u00e1t","datePublished":"2019-06-19T15:40:42+00:00","dateModified":"2019-06-19T15:40:44+00:00","mainEntityOfPage":{"@id":"https:\/\/super-news.info\/hu\/a-szovjetunio-megkerte-a-kivonulasanak-az-arat\/"},"wordCount":1331,"commentCount":0,"image":{"@id":"https:\/\/super-news.info\/hu\/a-szovjetunio-megkerte-a-kivonulasanak-az-arat\/#primaryimage"},"thumbnailUrl":"https:\/\/super-news.info\/hu\/wp-content\/uploads\/sites\/3\/2019\/06\/A-Szovjetuni\u00f3-megk\u00e9rte-a-kivonul\u00e1s\u00e1nak-az-\u00e1r\u00e1t.jpg","articleSection":["P\u00c9NZ\u00dcGYI H\u00cdREK"],"inLanguage":"hu","potentialAction":[{"@type":"CommentAction","name":"Comment","target":["https:\/\/super-news.info\/hu\/a-szovjetunio-megkerte-a-kivonulasanak-az-arat\/#respond"]}]},{"@type":"WebPage","@id":"https:\/\/super-news.info\/hu\/a-szovjetunio-megkerte-a-kivonulasanak-az-arat\/","url":"https:\/\/super-news.info\/hu\/a-szovjetunio-megkerte-a-kivonulasanak-az-arat\/","name":"A Szovjetuni\u00f3 megk\u00e9rte a kivonul\u00e1s\u00e1nak az \u00e1r\u00e1t - Super News","isPartOf":{"@id":"https:\/\/super-news.info\/hu\/#website"},"primaryImageOfPage":{"@id":"https:\/\/super-news.info\/hu\/a-szovjetunio-megkerte-a-kivonulasanak-az-arat\/#primaryimage"},"image":{"@id":"https:\/\/super-news.info\/hu\/a-szovjetunio-megkerte-a-kivonulasanak-az-arat\/#primaryimage"},"thumbnailUrl":"https:\/\/super-news.info\/hu\/wp-content\/uploads\/sites\/3\/2019\/06\/A-Szovjetuni\u00f3-megk\u00e9rte-a-kivonul\u00e1s\u00e1nak-az-\u00e1r\u00e1t.jpg","datePublished":"2019-06-19T15:40:42+00:00","dateModified":"2019-06-19T15:40:44+00:00","author":{"@id":"https:\/\/super-news.info\/hu\/#\/schema\/person\/2d4068cb2f39cd10008c2fce578a7356"},"breadcrumb":{"@id":"https:\/\/super-news.info\/hu\/a-szovjetunio-megkerte-a-kivonulasanak-az-arat\/#breadcrumb"},"inLanguage":"hu","potentialAction":[{"@type":"ReadAction","target":["https:\/\/super-news.info\/hu\/a-szovjetunio-megkerte-a-kivonulasanak-az-arat\/"]}]},{"@type":"ImageObject","inLanguage":"hu","@id":"https:\/\/super-news.info\/hu\/a-szovjetunio-megkerte-a-kivonulasanak-az-arat\/#primaryimage","url":"https:\/\/super-news.info\/hu\/wp-content\/uploads\/sites\/3\/2019\/06\/A-Szovjetuni\u00f3-megk\u00e9rte-a-kivonul\u00e1s\u00e1nak-az-\u00e1r\u00e1t.jpg","contentUrl":"https:\/\/super-news.info\/hu\/wp-content\/uploads\/sites\/3\/2019\/06\/A-Szovjetuni\u00f3-megk\u00e9rte-a-kivonul\u00e1s\u00e1nak-az-\u00e1r\u00e1t.jpg","width":1400,"height":932,"caption":"A Szovjetuni\u00f3 megk\u00e9rte a kivonul\u00e1s\u00e1nak az \u00e1r\u00e1t"},{"@type":"BreadcrumbList","@id":"https:\/\/super-news.info\/hu\/a-szovjetunio-megkerte-a-kivonulasanak-az-arat\/#breadcrumb","itemListElement":[{"@type":"ListItem","position":1,"name":"\u0413\u043b\u0430\u0432\u043d\u0430\u044f \u0441\u0442\u0440\u0430\u043d\u0438\u0446\u0430","item":"https:\/\/super-news.info\/hu\/"},{"@type":"ListItem","position":2,"name":"A Szovjetuni\u00f3 megk\u00e9rte a kivonul\u00e1s\u00e1nak az \u00e1r\u00e1t"}]},{"@type":"WebSite","@id":"https:\/\/super-news.info\/hu\/#website","url":"https:\/\/super-news.info\/hu\/","name":"Super News","description":"Super News Magyarorsz\u00e1g","potentialAction":[{"@type":"SearchAction","target":{"@type":"EntryPoint","urlTemplate":"https:\/\/super-news.info\/hu\/?s={search_term_string}"},"query-input":{"@type":"PropertyValueSpecification","valueRequired":true,"valueName":"search_term_string"}}],"inLanguage":"hu"},{"@type":"Person","@id":"https:\/\/super-news.info\/hu\/#\/schema\/person\/2d4068cb2f39cd10008c2fce578a7356","name":"super-news","image":{"@type":"ImageObject","inLanguage":"hu","@id":"https:\/\/secure.gravatar.com\/avatar\/64ebac40b93f26a154f8a9b5b6fdccfc46f442b26b3dd6756dbff3bf9dc76fd7?s=96&d=mm&r=g","url":"https:\/\/secure.gravatar.com\/avatar\/64ebac40b93f26a154f8a9b5b6fdccfc46f442b26b3dd6756dbff3bf9dc76fd7?s=96&d=mm&r=g","contentUrl":"https:\/\/secure.gravatar.com\/avatar\/64ebac40b93f26a154f8a9b5b6fdccfc46f442b26b3dd6756dbff3bf9dc76fd7?s=96&d=mm&r=g","caption":"super-news"},"url":"https:\/\/super-news.info\/hu\/author\/pt\/"}]}},"_links":{"self":[{"href":"https:\/\/super-news.info\/hu\/wp-json\/wp\/v2\/posts\/4407","targetHints":{"allow":["GET"]}}],"collection":[{"href":"https:\/\/super-news.info\/hu\/wp-json\/wp\/v2\/posts"}],"about":[{"href":"https:\/\/super-news.info\/hu\/wp-json\/wp\/v2\/types\/post"}],"author":[{"embeddable":true,"href":"https:\/\/super-news.info\/hu\/wp-json\/wp\/v2\/users\/2"}],"replies":[{"embeddable":true,"href":"https:\/\/super-news.info\/hu\/wp-json\/wp\/v2\/comments?post=4407"}],"version-history":[{"count":1,"href":"https:\/\/super-news.info\/hu\/wp-json\/wp\/v2\/posts\/4407\/revisions"}],"predecessor-version":[{"id":4409,"href":"https:\/\/super-news.info\/hu\/wp-json\/wp\/v2\/posts\/4407\/revisions\/4409"}],"wp:featuredmedia":[{"embeddable":true,"href":"https:\/\/super-news.info\/hu\/wp-json\/wp\/v2\/media\/4408"}],"wp:attachment":[{"href":"https:\/\/super-news.info\/hu\/wp-json\/wp\/v2\/media?parent=4407"}],"wp:term":[{"taxonomy":"category","embeddable":true,"href":"https:\/\/super-news.info\/hu\/wp-json\/wp\/v2\/categories?post=4407"},{"taxonomy":"post_tag","embeddable":true,"href":"https:\/\/super-news.info\/hu\/wp-json\/wp\/v2\/tags?post=4407"}],"curies":[{"name":"wp","href":"https:\/\/api.w.org\/{rel}","templated":true}]}}