{"id":4401,"date":"2019-06-19T17:47:41","date_gmt":"2019-06-19T14:47:41","guid":{"rendered":"https:\/\/super-news.info\/hu\/gyanus-korulmenyek-kozott-halt-meg-egy-ukran-politikus\/"},"modified":"2019-06-19T17:47:42","modified_gmt":"2019-06-19T14:47:42","slug":"gyanus-korulmenyek-kozott-halt-meg-egy-ukran-politikus","status":"publish","type":"post","link":"https:\/\/super-news.info\/hu\/gyanus-korulmenyek-kozott-halt-meg-egy-ukran-politikus\/","title":{"rendered":"Gyan\u00fas k\u00f6r\u00fclm\u00e9nyek k\u00f6z\u00f6tt halt meg egy ukr\u00e1n politikus"},"content":{"rendered":"<p> [ad_1]<br \/>\n<\/p>\n<p>\n\t\t\t\t\t\t\t\tL\u0151tt fejsebbel holtan tal\u00e1lt\u00e1k otthon\u00e1ban Dmitro Timcsukot, a kisebbik korm\u00e1nyp\u00e1rt, az Arszenyij Jacenyuk volt korm\u00e1nyf\u0151 vezette N\u00e9pi Front parlamenti k\u00e9pvisel\u0151j\u00e9t. A rend\u0151rs\u00e9g nem z\u00e1rja ki, hogy gyilkoss\u00e1g \u00e1ldozata lett \u2013 k\u00f6z\u00f6lte szerd\u00e1n Szerhij Knyazjev orsz\u00e1gos rend\u0151rf\u0151n\u00f6k.\t\t\t\t\t\t\t<\/p>\n<div>\n<p>Timcsuk f\u0151k\u00e9nt az Inform\u00e1ci\u00f3s Ellen\u00e1ll\u00e1s nev\u0171 ukr\u00e1n civil szervezet vezet\u0151jek\u00e9nt v\u00e1lt ismertt\u00e9 mint katonai elemz\u0151, aki rendszeresen publik\u00e1lt jelent\u00e9seket a Donyec-medencei fronton zajl\u00f3 harci esem\u00e9nyekr\u0151l. A Kreml-bar\u00e1t orosz m\u00e9dia rendszerint \u201eoroszellenesnek\u201d titul\u00e1lta.<\/p>\n<p>A 46 \u00e9ves f\u00e9rfi a feles\u00e9ge elmond\u00e1sa szerint a pisztoly\u00e1t tisztogatta, amely ek\u00f6zben els\u00fclt, \u00e9s v\u00e9letlen\u00fcl l\u0151tte f\u0151be mag\u00e1t. Mire ki\u00e9rkeztek a ment\u0151k, belehalt s\u00e9r\u00fcl\u00e9s\u00e9be.<\/p>\n<p>A rend\u0151rf\u0151n\u00f6k ugyanakkor a sajt\u00f3 k\u00e9pvisel\u0151inek azt mondta, hogy a hat\u00f3s\u00e1gok t\u00f6bb lehets\u00e9ges verzi\u00f3t is vizsg\u00e1lnak. Mivel nem volt egyed\u00fcl hal\u00e1l\u00e1nak bek\u00f6vetkeztekor, \u00edgy nem z\u00e1rj\u00e1k ki sem a baleset, sem a sz\u00e1nd\u00e9kos ember\u00f6l\u00e9s lehet\u0151s\u00e9g\u00e9t.<br \/>Volodimir Zelenszkij ukr\u00e1n eln\u00f6k kifejezte r\u00e9szv\u00e9t\u00e9t Timcsuk rokonainak \u00e9s bar\u00e1tainak.<\/p>\n<div id=\"attachment_1371199\" style=\"width: 1410px\" class=\"wp-caption alignnone\">\n<p class=\"wp-caption-text\">K\u00e9p\u00fcnk illusztr\u00e1ci\u00f3<br \/>Fot\u00f3: Michal Fludra\/NurPhoto\/AFP<\/p>\n<\/div>\n<p>A Twitteren k\u00f6zz\u00e9tett \u00fczenet\u00e9ben m\u00e9ltatta \u0151t mint hazafit, parlamenti k\u00e9pvisel\u0151t, katonatisztet, haditud\u00f3s\u00edt\u00f3t, aki az \u00e1llamf\u0151 szavai szerint a<\/p>\n<blockquote>\n<p>Kr\u00edm f\u00e9lszigeten kezd\u0151d\u00f6tt orosz agresszi\u00f3 \u00f3ta megb\u00edzhat\u00f3an tartotta az inform\u00e1ci\u00f3s frontot<\/p>\n<\/blockquote>\n<p>a megsz\u00e1ll\u00f3kkal szemben.<\/p>\n<\/p><\/div>\n<p><script>\n    window.fbAsyncInit = function() {\n        FB.init({\n            appId      : \"204760236815359\",\n            xfbml      : true,\n            version    : \"v2.12\"\n        });\n        FB.AppEvents.logPageView();\n    };<\/p>\n<p>    (function(d, s, id){\n        var js, fjs = d.getElementsByTagName(s)[0];\n        if (d.getElementById(id)) {return;}\n        js = d.createElement(s); js.id = id;\n        js.src = \"http:\/\/connect.facebook.net\/hu_HU\/sdk.js\";\n        fjs.parentNode.insertBefore(js, fjs);\n    }(document, \"script\", \"facebook-jssdk\"));\n<\/script><br \/>\n<br \/>[ad_2]<br \/>\n<br \/><a href=\"https:\/\/www.vg.hu\/mozaik\/gyanus-korulmenyek-kozott-halt-meg-egy-ukran-politikus-1580939\/\">Source link <\/a><\/p>\n","protected":false},"excerpt":{"rendered":"<p>[ad_1] L\u0151tt fejsebbel holtan tal\u00e1lt\u00e1k otthon\u00e1ban Dmitro Timcsukot, a kisebbik korm\u00e1nyp\u00e1rt, az Arszenyij Jacenyuk volt korm\u00e1nyf\u0151 vezette N\u00e9pi Front parlamenti k\u00e9pvisel\u0151j\u00e9t. A rend\u0151rs\u00e9g nem z\u00e1rja ki, hogy gyilkoss\u00e1g \u00e1ldozata lett \u2013 k\u00f6z\u00f6lte szerd\u00e1n Szerhij Knyazjev orsz\u00e1gos rend\u0151rf\u0151n\u00f6k. Timcsuk f\u0151k\u00e9nt az Inform\u00e1ci\u00f3s Ellen\u00e1ll\u00e1s nev\u0171 ukr\u00e1n civil szervezet vezet\u0151jek\u00e9nt v\u00e1lt ismertt\u00e9 mint katonai elemz\u0151, aki rendszeresen publik\u00e1lt [&hellip;]<\/p>\n","protected":false},"author":2,"featured_media":4402,"comment_status":"open","ping_status":"open","sticky":false,"template":"","format":"standard","meta":{"footnotes":""},"categories":[1],"tags":[],"class_list":["post-4401","post","type-post","status-publish","format-standard","has-post-thumbnail","hentry","category-penzugyi-hirek"],"yoast_head":"<!-- This site is optimized with the Yoast SEO plugin v27.4 - https:\/\/yoast.com\/product\/yoast-seo-wordpress\/ -->\n<title>Gyan\u00fas k\u00f6r\u00fclm\u00e9nyek k\u00f6z\u00f6tt halt meg egy ukr\u00e1n politikus - Super News<\/title>\n<meta name=\"robots\" content=\"index, follow, max-snippet:-1, max-image-preview:large, max-video-preview:-1\" \/>\n<link rel=\"canonical\" href=\"https:\/\/super-news.info\/hu\/gyanus-korulmenyek-kozott-halt-meg-egy-ukran-politikus\/\" \/>\n<meta property=\"og:locale\" content=\"hu_HU\" \/>\n<meta property=\"og:type\" content=\"article\" \/>\n<meta property=\"og:title\" content=\"Gyan\u00fas k\u00f6r\u00fclm\u00e9nyek k\u00f6z\u00f6tt halt meg egy ukr\u00e1n politikus - Super News\" \/>\n<meta property=\"og:description\" content=\"[ad_1] L\u0151tt fejsebbel holtan tal\u00e1lt\u00e1k otthon\u00e1ban Dmitro Timcsukot, a kisebbik korm\u00e1nyp\u00e1rt, az Arszenyij Jacenyuk volt korm\u00e1nyf\u0151 vezette N\u00e9pi Front parlamenti k\u00e9pvisel\u0151j\u00e9t. A rend\u0151rs\u00e9g nem z\u00e1rja ki, hogy gyilkoss\u00e1g \u00e1ldozata lett \u2013 k\u00f6z\u00f6lte szerd\u00e1n Szerhij Knyazjev orsz\u00e1gos rend\u0151rf\u0151n\u00f6k. Timcsuk f\u0151k\u00e9nt az Inform\u00e1ci\u00f3s Ellen\u00e1ll\u00e1s nev\u0171 ukr\u00e1n civil szervezet vezet\u0151jek\u00e9nt v\u00e1lt ismertt\u00e9 mint katonai elemz\u0151, aki rendszeresen publik\u00e1lt [&hellip;]\" \/>\n<meta property=\"og:url\" content=\"https:\/\/super-news.info\/hu\/gyanus-korulmenyek-kozott-halt-meg-egy-ukran-politikus\/\" \/>\n<meta property=\"og:site_name\" content=\"Super News\" \/>\n<meta property=\"article:published_time\" content=\"2019-06-19T14:47:41+00:00\" \/>\n<meta property=\"article:modified_time\" content=\"2019-06-19T14:47:42+00:00\" \/>\n<meta property=\"og:image\" content=\"https:\/\/super-news.info\/hu\/wp-content\/uploads\/sites\/3\/2019\/06\/Gyan\u00fas-k\u00f6r\u00fclm\u00e9nyek-k\u00f6z\u00f6tt-halt-meg-egy-ukr\u00e1n-politikus.jpg\" \/>\n\t<meta property=\"og:image:width\" content=\"1400\" \/>\n\t<meta property=\"og:image:height\" content=\"925\" \/>\n\t<meta property=\"og:image:type\" content=\"image\/jpeg\" \/>\n<meta name=\"author\" content=\"super-news\" \/>\n<meta name=\"twitter:card\" content=\"summary_large_image\" \/>\n<meta name=\"twitter:label1\" content=\"Szerz\u0151:\" \/>\n\t<meta name=\"twitter:data1\" content=\"super-news\" \/>\n\t<meta name=\"twitter:label2\" content=\"Becs\u00fclt olvas\u00e1si id\u0151\" \/>\n\t<meta name=\"twitter:data2\" content=\"1 perc\" \/>\n<script type=\"application\/ld+json\" class=\"yoast-schema-graph\">{\"@context\":\"https:\\\/\\\/schema.org\",\"@graph\":[{\"@type\":\"Article\",\"@id\":\"https:\\\/\\\/super-news.info\\\/hu\\\/gyanus-korulmenyek-kozott-halt-meg-egy-ukran-politikus\\\/#article\",\"isPartOf\":{\"@id\":\"https:\\\/\\\/super-news.info\\\/hu\\\/gyanus-korulmenyek-kozott-halt-meg-egy-ukran-politikus\\\/\"},\"author\":{\"name\":\"super-news\",\"@id\":\"https:\\\/\\\/super-news.info\\\/hu\\\/#\\\/schema\\\/person\\\/2d4068cb2f39cd10008c2fce578a7356\"},\"headline\":\"Gyan\u00fas k\u00f6r\u00fclm\u00e9nyek k\u00f6z\u00f6tt halt meg egy ukr\u00e1n politikus\",\"datePublished\":\"2019-06-19T14:47:41+00:00\",\"dateModified\":\"2019-06-19T14:47:42+00:00\",\"mainEntityOfPage\":{\"@id\":\"https:\\\/\\\/super-news.info\\\/hu\\\/gyanus-korulmenyek-kozott-halt-meg-egy-ukran-politikus\\\/\"},\"wordCount\":301,\"commentCount\":0,\"image\":{\"@id\":\"https:\\\/\\\/super-news.info\\\/hu\\\/gyanus-korulmenyek-kozott-halt-meg-egy-ukran-politikus\\\/#primaryimage\"},\"thumbnailUrl\":\"https:\\\/\\\/super-news.info\\\/hu\\\/wp-content\\\/uploads\\\/sites\\\/3\\\/2019\\\/06\\\/Gyan\u00fas-k\u00f6r\u00fclm\u00e9nyek-k\u00f6z\u00f6tt-halt-meg-egy-ukr\u00e1n-politikus.jpg\",\"articleSection\":[\"P\u00c9NZ\u00dcGYI H\u00cdREK\"],\"inLanguage\":\"hu\",\"potentialAction\":[{\"@type\":\"CommentAction\",\"name\":\"Comment\",\"target\":[\"https:\\\/\\\/super-news.info\\\/hu\\\/gyanus-korulmenyek-kozott-halt-meg-egy-ukran-politikus\\\/#respond\"]}]},{\"@type\":\"WebPage\",\"@id\":\"https:\\\/\\\/super-news.info\\\/hu\\\/gyanus-korulmenyek-kozott-halt-meg-egy-ukran-politikus\\\/\",\"url\":\"https:\\\/\\\/super-news.info\\\/hu\\\/gyanus-korulmenyek-kozott-halt-meg-egy-ukran-politikus\\\/\",\"name\":\"Gyan\u00fas k\u00f6r\u00fclm\u00e9nyek k\u00f6z\u00f6tt halt meg egy ukr\u00e1n politikus - Super News\",\"isPartOf\":{\"@id\":\"https:\\\/\\\/super-news.info\\\/hu\\\/#website\"},\"primaryImageOfPage\":{\"@id\":\"https:\\\/\\\/super-news.info\\\/hu\\\/gyanus-korulmenyek-kozott-halt-meg-egy-ukran-politikus\\\/#primaryimage\"},\"image\":{\"@id\":\"https:\\\/\\\/super-news.info\\\/hu\\\/gyanus-korulmenyek-kozott-halt-meg-egy-ukran-politikus\\\/#primaryimage\"},\"thumbnailUrl\":\"https:\\\/\\\/super-news.info\\\/hu\\\/wp-content\\\/uploads\\\/sites\\\/3\\\/2019\\\/06\\\/Gyan\u00fas-k\u00f6r\u00fclm\u00e9nyek-k\u00f6z\u00f6tt-halt-meg-egy-ukr\u00e1n-politikus.jpg\",\"datePublished\":\"2019-06-19T14:47:41+00:00\",\"dateModified\":\"2019-06-19T14:47:42+00:00\",\"author\":{\"@id\":\"https:\\\/\\\/super-news.info\\\/hu\\\/#\\\/schema\\\/person\\\/2d4068cb2f39cd10008c2fce578a7356\"},\"breadcrumb\":{\"@id\":\"https:\\\/\\\/super-news.info\\\/hu\\\/gyanus-korulmenyek-kozott-halt-meg-egy-ukran-politikus\\\/#breadcrumb\"},\"inLanguage\":\"hu\",\"potentialAction\":[{\"@type\":\"ReadAction\",\"target\":[\"https:\\\/\\\/super-news.info\\\/hu\\\/gyanus-korulmenyek-kozott-halt-meg-egy-ukran-politikus\\\/\"]}]},{\"@type\":\"ImageObject\",\"inLanguage\":\"hu\",\"@id\":\"https:\\\/\\\/super-news.info\\\/hu\\\/gyanus-korulmenyek-kozott-halt-meg-egy-ukran-politikus\\\/#primaryimage\",\"url\":\"https:\\\/\\\/super-news.info\\\/hu\\\/wp-content\\\/uploads\\\/sites\\\/3\\\/2019\\\/06\\\/Gyan\u00fas-k\u00f6r\u00fclm\u00e9nyek-k\u00f6z\u00f6tt-halt-meg-egy-ukr\u00e1n-politikus.jpg\",\"contentUrl\":\"https:\\\/\\\/super-news.info\\\/hu\\\/wp-content\\\/uploads\\\/sites\\\/3\\\/2019\\\/06\\\/Gyan\u00fas-k\u00f6r\u00fclm\u00e9nyek-k\u00f6z\u00f6tt-halt-meg-egy-ukr\u00e1n-politikus.jpg\",\"width\":1400,\"height\":925,\"caption\":\"Gyan\u00fas k\u00f6r\u00fclm\u00e9nyek k\u00f6z\u00f6tt halt meg egy ukr\u00e1n politikus\"},{\"@type\":\"BreadcrumbList\",\"@id\":\"https:\\\/\\\/super-news.info\\\/hu\\\/gyanus-korulmenyek-kozott-halt-meg-egy-ukran-politikus\\\/#breadcrumb\",\"itemListElement\":[{\"@type\":\"ListItem\",\"position\":1,\"name\":\"\u0413\u043b\u0430\u0432\u043d\u0430\u044f \u0441\u0442\u0440\u0430\u043d\u0438\u0446\u0430\",\"item\":\"https:\\\/\\\/super-news.info\\\/hu\\\/\"},{\"@type\":\"ListItem\",\"position\":2,\"name\":\"Gyan\u00fas k\u00f6r\u00fclm\u00e9nyek k\u00f6z\u00f6tt halt meg egy ukr\u00e1n politikus\"}]},{\"@type\":\"WebSite\",\"@id\":\"https:\\\/\\\/super-news.info\\\/hu\\\/#website\",\"url\":\"https:\\\/\\\/super-news.info\\\/hu\\\/\",\"name\":\"Super News\",\"description\":\"Super News Magyarorsz\u00e1g\",\"potentialAction\":[{\"@type\":\"SearchAction\",\"target\":{\"@type\":\"EntryPoint\",\"urlTemplate\":\"https:\\\/\\\/super-news.info\\\/hu\\\/?s={search_term_string}\"},\"query-input\":{\"@type\":\"PropertyValueSpecification\",\"valueRequired\":true,\"valueName\":\"search_term_string\"}}],\"inLanguage\":\"hu\"},{\"@type\":\"Person\",\"@id\":\"https:\\\/\\\/super-news.info\\\/hu\\\/#\\\/schema\\\/person\\\/2d4068cb2f39cd10008c2fce578a7356\",\"name\":\"super-news\",\"image\":{\"@type\":\"ImageObject\",\"inLanguage\":\"hu\",\"@id\":\"https:\\\/\\\/secure.gravatar.com\\\/avatar\\\/64ebac40b93f26a154f8a9b5b6fdccfc46f442b26b3dd6756dbff3bf9dc76fd7?s=96&d=mm&r=g\",\"url\":\"https:\\\/\\\/secure.gravatar.com\\\/avatar\\\/64ebac40b93f26a154f8a9b5b6fdccfc46f442b26b3dd6756dbff3bf9dc76fd7?s=96&d=mm&r=g\",\"contentUrl\":\"https:\\\/\\\/secure.gravatar.com\\\/avatar\\\/64ebac40b93f26a154f8a9b5b6fdccfc46f442b26b3dd6756dbff3bf9dc76fd7?s=96&d=mm&r=g\",\"caption\":\"super-news\"},\"url\":\"https:\\\/\\\/super-news.info\\\/hu\\\/author\\\/pt\\\/\"}]}<\/script>\n<!-- \/ Yoast SEO plugin. -->","yoast_head_json":{"title":"Gyan\u00fas k\u00f6r\u00fclm\u00e9nyek k\u00f6z\u00f6tt halt meg egy ukr\u00e1n politikus - Super News","robots":{"index":"index","follow":"follow","max-snippet":"max-snippet:-1","max-image-preview":"max-image-preview:large","max-video-preview":"max-video-preview:-1"},"canonical":"https:\/\/super-news.info\/hu\/gyanus-korulmenyek-kozott-halt-meg-egy-ukran-politikus\/","og_locale":"hu_HU","og_type":"article","og_title":"Gyan\u00fas k\u00f6r\u00fclm\u00e9nyek k\u00f6z\u00f6tt halt meg egy ukr\u00e1n politikus - Super News","og_description":"[ad_1] L\u0151tt fejsebbel holtan tal\u00e1lt\u00e1k otthon\u00e1ban Dmitro Timcsukot, a kisebbik korm\u00e1nyp\u00e1rt, az Arszenyij Jacenyuk volt korm\u00e1nyf\u0151 vezette N\u00e9pi Front parlamenti k\u00e9pvisel\u0151j\u00e9t. A rend\u0151rs\u00e9g nem z\u00e1rja ki, hogy gyilkoss\u00e1g \u00e1ldozata lett \u2013 k\u00f6z\u00f6lte szerd\u00e1n Szerhij Knyazjev orsz\u00e1gos rend\u0151rf\u0151n\u00f6k. Timcsuk f\u0151k\u00e9nt az Inform\u00e1ci\u00f3s Ellen\u00e1ll\u00e1s nev\u0171 ukr\u00e1n civil szervezet vezet\u0151jek\u00e9nt v\u00e1lt ismertt\u00e9 mint katonai elemz\u0151, aki rendszeresen publik\u00e1lt [&hellip;]","og_url":"https:\/\/super-news.info\/hu\/gyanus-korulmenyek-kozott-halt-meg-egy-ukran-politikus\/","og_site_name":"Super News","article_published_time":"2019-06-19T14:47:41+00:00","article_modified_time":"2019-06-19T14:47:42+00:00","og_image":[{"width":1400,"height":925,"url":"https:\/\/super-news.info\/hu\/wp-content\/uploads\/sites\/3\/2019\/06\/Gyan\u00fas-k\u00f6r\u00fclm\u00e9nyek-k\u00f6z\u00f6tt-halt-meg-egy-ukr\u00e1n-politikus.jpg","type":"image\/jpeg"}],"author":"super-news","twitter_card":"summary_large_image","twitter_misc":{"Szerz\u0151:":"super-news","Becs\u00fclt olvas\u00e1si id\u0151":"1 perc"},"schema":{"@context":"https:\/\/schema.org","@graph":[{"@type":"Article","@id":"https:\/\/super-news.info\/hu\/gyanus-korulmenyek-kozott-halt-meg-egy-ukran-politikus\/#article","isPartOf":{"@id":"https:\/\/super-news.info\/hu\/gyanus-korulmenyek-kozott-halt-meg-egy-ukran-politikus\/"},"author":{"name":"super-news","@id":"https:\/\/super-news.info\/hu\/#\/schema\/person\/2d4068cb2f39cd10008c2fce578a7356"},"headline":"Gyan\u00fas k\u00f6r\u00fclm\u00e9nyek k\u00f6z\u00f6tt halt meg egy ukr\u00e1n politikus","datePublished":"2019-06-19T14:47:41+00:00","dateModified":"2019-06-19T14:47:42+00:00","mainEntityOfPage":{"@id":"https:\/\/super-news.info\/hu\/gyanus-korulmenyek-kozott-halt-meg-egy-ukran-politikus\/"},"wordCount":301,"commentCount":0,"image":{"@id":"https:\/\/super-news.info\/hu\/gyanus-korulmenyek-kozott-halt-meg-egy-ukran-politikus\/#primaryimage"},"thumbnailUrl":"https:\/\/super-news.info\/hu\/wp-content\/uploads\/sites\/3\/2019\/06\/Gyan\u00fas-k\u00f6r\u00fclm\u00e9nyek-k\u00f6z\u00f6tt-halt-meg-egy-ukr\u00e1n-politikus.jpg","articleSection":["P\u00c9NZ\u00dcGYI H\u00cdREK"],"inLanguage":"hu","potentialAction":[{"@type":"CommentAction","name":"Comment","target":["https:\/\/super-news.info\/hu\/gyanus-korulmenyek-kozott-halt-meg-egy-ukran-politikus\/#respond"]}]},{"@type":"WebPage","@id":"https:\/\/super-news.info\/hu\/gyanus-korulmenyek-kozott-halt-meg-egy-ukran-politikus\/","url":"https:\/\/super-news.info\/hu\/gyanus-korulmenyek-kozott-halt-meg-egy-ukran-politikus\/","name":"Gyan\u00fas k\u00f6r\u00fclm\u00e9nyek k\u00f6z\u00f6tt halt meg egy ukr\u00e1n politikus - Super News","isPartOf":{"@id":"https:\/\/super-news.info\/hu\/#website"},"primaryImageOfPage":{"@id":"https:\/\/super-news.info\/hu\/gyanus-korulmenyek-kozott-halt-meg-egy-ukran-politikus\/#primaryimage"},"image":{"@id":"https:\/\/super-news.info\/hu\/gyanus-korulmenyek-kozott-halt-meg-egy-ukran-politikus\/#primaryimage"},"thumbnailUrl":"https:\/\/super-news.info\/hu\/wp-content\/uploads\/sites\/3\/2019\/06\/Gyan\u00fas-k\u00f6r\u00fclm\u00e9nyek-k\u00f6z\u00f6tt-halt-meg-egy-ukr\u00e1n-politikus.jpg","datePublished":"2019-06-19T14:47:41+00:00","dateModified":"2019-06-19T14:47:42+00:00","author":{"@id":"https:\/\/super-news.info\/hu\/#\/schema\/person\/2d4068cb2f39cd10008c2fce578a7356"},"breadcrumb":{"@id":"https:\/\/super-news.info\/hu\/gyanus-korulmenyek-kozott-halt-meg-egy-ukran-politikus\/#breadcrumb"},"inLanguage":"hu","potentialAction":[{"@type":"ReadAction","target":["https:\/\/super-news.info\/hu\/gyanus-korulmenyek-kozott-halt-meg-egy-ukran-politikus\/"]}]},{"@type":"ImageObject","inLanguage":"hu","@id":"https:\/\/super-news.info\/hu\/gyanus-korulmenyek-kozott-halt-meg-egy-ukran-politikus\/#primaryimage","url":"https:\/\/super-news.info\/hu\/wp-content\/uploads\/sites\/3\/2019\/06\/Gyan\u00fas-k\u00f6r\u00fclm\u00e9nyek-k\u00f6z\u00f6tt-halt-meg-egy-ukr\u00e1n-politikus.jpg","contentUrl":"https:\/\/super-news.info\/hu\/wp-content\/uploads\/sites\/3\/2019\/06\/Gyan\u00fas-k\u00f6r\u00fclm\u00e9nyek-k\u00f6z\u00f6tt-halt-meg-egy-ukr\u00e1n-politikus.jpg","width":1400,"height":925,"caption":"Gyan\u00fas k\u00f6r\u00fclm\u00e9nyek k\u00f6z\u00f6tt halt meg egy ukr\u00e1n politikus"},{"@type":"BreadcrumbList","@id":"https:\/\/super-news.info\/hu\/gyanus-korulmenyek-kozott-halt-meg-egy-ukran-politikus\/#breadcrumb","itemListElement":[{"@type":"ListItem","position":1,"name":"\u0413\u043b\u0430\u0432\u043d\u0430\u044f \u0441\u0442\u0440\u0430\u043d\u0438\u0446\u0430","item":"https:\/\/super-news.info\/hu\/"},{"@type":"ListItem","position":2,"name":"Gyan\u00fas k\u00f6r\u00fclm\u00e9nyek k\u00f6z\u00f6tt halt meg egy ukr\u00e1n politikus"}]},{"@type":"WebSite","@id":"https:\/\/super-news.info\/hu\/#website","url":"https:\/\/super-news.info\/hu\/","name":"Super News","description":"Super News Magyarorsz\u00e1g","potentialAction":[{"@type":"SearchAction","target":{"@type":"EntryPoint","urlTemplate":"https:\/\/super-news.info\/hu\/?s={search_term_string}"},"query-input":{"@type":"PropertyValueSpecification","valueRequired":true,"valueName":"search_term_string"}}],"inLanguage":"hu"},{"@type":"Person","@id":"https:\/\/super-news.info\/hu\/#\/schema\/person\/2d4068cb2f39cd10008c2fce578a7356","name":"super-news","image":{"@type":"ImageObject","inLanguage":"hu","@id":"https:\/\/secure.gravatar.com\/avatar\/64ebac40b93f26a154f8a9b5b6fdccfc46f442b26b3dd6756dbff3bf9dc76fd7?s=96&d=mm&r=g","url":"https:\/\/secure.gravatar.com\/avatar\/64ebac40b93f26a154f8a9b5b6fdccfc46f442b26b3dd6756dbff3bf9dc76fd7?s=96&d=mm&r=g","contentUrl":"https:\/\/secure.gravatar.com\/avatar\/64ebac40b93f26a154f8a9b5b6fdccfc46f442b26b3dd6756dbff3bf9dc76fd7?s=96&d=mm&r=g","caption":"super-news"},"url":"https:\/\/super-news.info\/hu\/author\/pt\/"}]}},"_links":{"self":[{"href":"https:\/\/super-news.info\/hu\/wp-json\/wp\/v2\/posts\/4401","targetHints":{"allow":["GET"]}}],"collection":[{"href":"https:\/\/super-news.info\/hu\/wp-json\/wp\/v2\/posts"}],"about":[{"href":"https:\/\/super-news.info\/hu\/wp-json\/wp\/v2\/types\/post"}],"author":[{"embeddable":true,"href":"https:\/\/super-news.info\/hu\/wp-json\/wp\/v2\/users\/2"}],"replies":[{"embeddable":true,"href":"https:\/\/super-news.info\/hu\/wp-json\/wp\/v2\/comments?post=4401"}],"version-history":[{"count":1,"href":"https:\/\/super-news.info\/hu\/wp-json\/wp\/v2\/posts\/4401\/revisions"}],"predecessor-version":[{"id":4403,"href":"https:\/\/super-news.info\/hu\/wp-json\/wp\/v2\/posts\/4401\/revisions\/4403"}],"wp:featuredmedia":[{"embeddable":true,"href":"https:\/\/super-news.info\/hu\/wp-json\/wp\/v2\/media\/4402"}],"wp:attachment":[{"href":"https:\/\/super-news.info\/hu\/wp-json\/wp\/v2\/media?parent=4401"}],"wp:term":[{"taxonomy":"category","embeddable":true,"href":"https:\/\/super-news.info\/hu\/wp-json\/wp\/v2\/categories?post=4401"},{"taxonomy":"post_tag","embeddable":true,"href":"https:\/\/super-news.info\/hu\/wp-json\/wp\/v2\/tags?post=4401"}],"curies":[{"name":"wp","href":"https:\/\/api.w.org\/{rel}","templated":true}]}}