{"id":4398,"date":"2019-06-19T16:55:09","date_gmt":"2019-06-19T13:55:09","guid":{"rendered":"https:\/\/super-news.info\/hu\/husz-uj-airbussal-boviti-flottajat-a-wizz-air\/"},"modified":"2019-06-19T16:55:10","modified_gmt":"2019-06-19T13:55:10","slug":"husz-uj-airbussal-boviti-flottajat-a-wizz-air","status":"publish","type":"post","link":"https:\/\/super-news.info\/hu\/husz-uj-airbussal-boviti-flottajat-a-wizz-air\/","title":{"rendered":"H\u00fasz \u00faj Airbussal b\u0151v\u00edti flott\u00e1j\u00e1t a Wizz Air"},"content":{"rendered":"<p> [ad_1]<br \/>\n<\/p>\n<p>\n\t\t\t\t\t\t\t\tH\u00fasz \u00faj Airbus A321XLR t\u00edpus\u00fa rep\u00fcl\u0151g\u00e9pet v\u00e1s\u00e1rol a Wizz Air az eur\u00f3pai rep\u00fcl\u0151g\u00e9pgy\u00e1rt\u00f3t\u00f3l, a meg\u00e1llapod\u00e1st a p\u00e1rizsi l\u00e9gi szalonon jelentett\u00e9k be \u2013 k\u00f6z\u00f6lte az Airbus az MTI-vel.\t\t\t\t\t\t\t<\/p>\n<div>\n<p>Az \u00fczletet a Wizz Air szakmai befektet\u0151j\u00e9vel, az amerikai Indigo Partnersszel k\u00f6t\u00f6tte az Airbus. Az amerikai c\u00e9g \u00f6sszesen 50 darab Airbus A321 XLR-t v\u00e1s\u00e1rol, amelyb\u0151l 32 \u00faj megrendel\u00e9s, 18 pedig a kor\u00e1bban k\u00e9rt A320neo csal\u00e1dra leadott rendel\u00e9s konvert\u00e1l\u00e1sa m\u00e1sik t\u00edpusra.<\/p>\n<p>Az Indigo Partners a Wizz Airhez 20, az amerikai Frontier-hez 18, a mexik\u00f3i JetSMART-hoz 12 \u00faj g\u00e9pet telep\u00edt majd.<\/p>\n<p>Az \u00fczlet piaci \u00e9rt\u00e9k\u00e9r\u0151l a gy\u00e1rt\u00f3 nem k\u00f6z\u00f6lt adatokat, \u00e9s azt sem tudni, hogy mikor \u00e9rkezhetnek meg az els\u0151 p\u00e9ld\u00e1nyok.<\/p>\n<div id=\"attachment_1012308\" style=\"width: 1410px\" class=\"wp-caption alignnone\">\n<p class=\"wp-caption-text\">V\u00e1radi J\u00f3zsef, a Wizz Air vez\u00e9rigazgat\u00f3ja<br \/>Fot\u00f3: Mohai Bal\u00e1zs \/ MTI<\/p>\n<\/div>\n<p>Az Airbus a p\u00e1rizsi l\u00e9gi szalonon jelentette be, hogy elind\u00edtja az A321XLR t\u00edpus kifejleszt\u00e9s\u00e9t, amely az A321ne\u00f3hoz k\u00e9pest nagyobb, 8700 kilom\u00e9teres hat\u00f3t\u00e1vols\u00e1ggal rendelkezik, ezzel m\u00e1r hossz\u00fat\u00e1v\u00fa j\u00e1ratokat is teljes\u00edteni lehet.<\/p>\n<p>A gy\u00e1rt\u00f3 eddig 150 p\u00e9ld\u00e1nyra gy\u0171jt\u00f6tt be megrendel\u00e9st a t\u00edpusra egyebek k\u00f6zt a Qantast\u00f3l, az Iberi\u00e1t\u00f3l, az Air Lingust\u00f3l \u00e9s a magyar sz\u00e1rmaz\u00e1s\u00fa Steven Udvar-H\u00e1zy \u00e1ltal birtokolt ALC l\u00edzingc\u00e9gt\u0151l.<\/p>\n<p>Az airportal.hu helysz\u00edni tud\u00f3s\u00edt\u00e1sa szerint V\u00e1radi J\u00f3zsef, a Wizz Air vez\u00e9rigazgat\u00f3ja a meg\u00e1llapod\u00e1s bejelent\u00e9sekor azt mondta, a dubaji \u00e9s asztanai \u00fatvonalaik sikeresek, ez\u00e9rt egy keskenyt\u00f6rzs\u0171, de hossz\u00fat\u00e1v\u00fa j\u00e1ratokat teljes\u00edt\u0151 g\u00e9ppel a jelenlegi \u00fczleti modellt k\u00f6vetve tudnak majd \u00fajabb \u00fatvonalakat nyitni.<\/p>\n<p>V\u00e1radi J\u00f3zsef kor\u00e1bban t\u00f6bbsz\u00f6r is kiz\u00e1rta, hogy a Wizz Air bel\u00e9pjen a hossz\u00fat\u00e1v\u00fa j\u00e1ratok piac\u00e1ra, mert a t\u00e1rsas\u00e1g \u00fczleti modellj\u00e9be nem f\u00e9r bele ezen j\u00e1ratok \u00fczemeltet\u00e9se. Most az \u00e1ltaluk is haszn\u00e1lt Airbus A320-as csal\u00e1d tov\u00e1bbi hat\u00f3t\u00e1vols\u00e1g-n\u00f6vel\u00e9se teremtett \u00faj helyzetet.<\/p>\n<\/p><\/div>\n<p><script>\n    window.fbAsyncInit = function() {\n        FB.init({\n            appId      : \"204760236815359\",\n            xfbml      : true,\n            version    : \"v2.12\"\n        });\n        FB.AppEvents.logPageView();\n    };<\/p>\n<p>    (function(d, s, id){\n        var js, fjs = d.getElementsByTagName(s)[0];\n        if (d.getElementById(id)) {return;}\n        js = d.createElement(s); js.id = id;\n        js.src = \"http:\/\/connect.facebook.net\/hu_HU\/sdk.js\";\n        fjs.parentNode.insertBefore(js, fjs);\n    }(document, \"script\", \"facebook-jssdk\"));\n<\/script><br \/>\n<br \/>[ad_2]<br \/>\n<br \/><a href=\"https:\/\/www.vg.hu\/vallalatok\/kozlekedes\/husz-uj-airbussal-boviti-flottajat-a-wizz-air-1580057\/\">Source link <\/a><\/p>\n","protected":false},"excerpt":{"rendered":"<p>[ad_1] H\u00fasz \u00faj Airbus A321XLR t\u00edpus\u00fa rep\u00fcl\u0151g\u00e9pet v\u00e1s\u00e1rol a Wizz Air az eur\u00f3pai rep\u00fcl\u0151g\u00e9pgy\u00e1rt\u00f3t\u00f3l, a meg\u00e1llapod\u00e1st a p\u00e1rizsi l\u00e9gi szalonon jelentett\u00e9k be \u2013 k\u00f6z\u00f6lte az Airbus az MTI-vel. Az \u00fczletet a Wizz Air szakmai befektet\u0151j\u00e9vel, az amerikai Indigo Partnersszel k\u00f6t\u00f6tte az Airbus. Az amerikai c\u00e9g \u00f6sszesen 50 darab Airbus A321 XLR-t v\u00e1s\u00e1rol, amelyb\u0151l 32 \u00faj [&hellip;]<\/p>\n","protected":false},"author":2,"featured_media":4399,"comment_status":"open","ping_status":"open","sticky":false,"template":"","format":"standard","meta":{"footnotes":""},"categories":[1],"tags":[],"class_list":["post-4398","post","type-post","status-publish","format-standard","has-post-thumbnail","hentry","category-penzugyi-hirek"],"yoast_head":"<!-- This site is optimized with the Yoast SEO plugin v27.4 - https:\/\/yoast.com\/product\/yoast-seo-wordpress\/ -->\n<title>H\u00fasz \u00faj Airbussal b\u0151v\u00edti flott\u00e1j\u00e1t a Wizz Air - Super News<\/title>\n<meta name=\"robots\" content=\"index, follow, max-snippet:-1, max-image-preview:large, max-video-preview:-1\" \/>\n<link rel=\"canonical\" href=\"https:\/\/super-news.info\/hu\/husz-uj-airbussal-boviti-flottajat-a-wizz-air\/\" \/>\n<meta property=\"og:locale\" content=\"hu_HU\" \/>\n<meta property=\"og:type\" content=\"article\" \/>\n<meta property=\"og:title\" content=\"H\u00fasz \u00faj Airbussal b\u0151v\u00edti flott\u00e1j\u00e1t a Wizz Air - Super News\" \/>\n<meta property=\"og:description\" content=\"[ad_1] H\u00fasz \u00faj Airbus A321XLR t\u00edpus\u00fa rep\u00fcl\u0151g\u00e9pet v\u00e1s\u00e1rol a Wizz Air az eur\u00f3pai rep\u00fcl\u0151g\u00e9pgy\u00e1rt\u00f3t\u00f3l, a meg\u00e1llapod\u00e1st a p\u00e1rizsi l\u00e9gi szalonon jelentett\u00e9k be \u2013 k\u00f6z\u00f6lte az Airbus az MTI-vel. Az \u00fczletet a Wizz Air szakmai befektet\u0151j\u00e9vel, az amerikai Indigo Partnersszel k\u00f6t\u00f6tte az Airbus. Az amerikai c\u00e9g \u00f6sszesen 50 darab Airbus A321 XLR-t v\u00e1s\u00e1rol, amelyb\u0151l 32 \u00faj [&hellip;]\" \/>\n<meta property=\"og:url\" content=\"https:\/\/super-news.info\/hu\/husz-uj-airbussal-boviti-flottajat-a-wizz-air\/\" \/>\n<meta property=\"og:site_name\" content=\"Super News\" \/>\n<meta property=\"article:published_time\" content=\"2019-06-19T13:55:09+00:00\" \/>\n<meta property=\"article:modified_time\" content=\"2019-06-19T13:55:10+00:00\" \/>\n<meta property=\"og:image\" content=\"https:\/\/super-news.info\/hu\/wp-content\/uploads\/sites\/3\/2019\/06\/H\u00fasz-\u00faj-Airbussal-b\u0151v\u00edti-flott\u00e1j\u00e1t-a-Wizz-Air.jpg\" \/>\n\t<meta property=\"og:image:width\" content=\"1400\" \/>\n\t<meta property=\"og:image:height\" content=\"949\" \/>\n\t<meta property=\"og:image:type\" content=\"image\/jpeg\" \/>\n<meta name=\"author\" content=\"super-news\" \/>\n<meta name=\"twitter:card\" content=\"summary_large_image\" \/>\n<meta name=\"twitter:label1\" content=\"Szerz\u0151:\" \/>\n\t<meta name=\"twitter:data1\" content=\"super-news\" \/>\n\t<meta name=\"twitter:label2\" content=\"Becs\u00fclt olvas\u00e1si id\u0151\" \/>\n\t<meta name=\"twitter:data2\" content=\"2 perc\" \/>\n<script type=\"application\/ld+json\" class=\"yoast-schema-graph\">{\"@context\":\"https:\\\/\\\/schema.org\",\"@graph\":[{\"@type\":\"Article\",\"@id\":\"https:\\\/\\\/super-news.info\\\/hu\\\/husz-uj-airbussal-boviti-flottajat-a-wizz-air\\\/#article\",\"isPartOf\":{\"@id\":\"https:\\\/\\\/super-news.info\\\/hu\\\/husz-uj-airbussal-boviti-flottajat-a-wizz-air\\\/\"},\"author\":{\"name\":\"super-news\",\"@id\":\"https:\\\/\\\/super-news.info\\\/hu\\\/#\\\/schema\\\/person\\\/2d4068cb2f39cd10008c2fce578a7356\"},\"headline\":\"H\u00fasz \u00faj Airbussal b\u0151v\u00edti flott\u00e1j\u00e1t a Wizz Air\",\"datePublished\":\"2019-06-19T13:55:09+00:00\",\"dateModified\":\"2019-06-19T13:55:10+00:00\",\"mainEntityOfPage\":{\"@id\":\"https:\\\/\\\/super-news.info\\\/hu\\\/husz-uj-airbussal-boviti-flottajat-a-wizz-air\\\/\"},\"wordCount\":400,\"commentCount\":0,\"image\":{\"@id\":\"https:\\\/\\\/super-news.info\\\/hu\\\/husz-uj-airbussal-boviti-flottajat-a-wizz-air\\\/#primaryimage\"},\"thumbnailUrl\":\"https:\\\/\\\/super-news.info\\\/hu\\\/wp-content\\\/uploads\\\/sites\\\/3\\\/2019\\\/06\\\/H\u00fasz-\u00faj-Airbussal-b\u0151v\u00edti-flott\u00e1j\u00e1t-a-Wizz-Air.jpg\",\"articleSection\":[\"P\u00c9NZ\u00dcGYI H\u00cdREK\"],\"inLanguage\":\"hu\",\"potentialAction\":[{\"@type\":\"CommentAction\",\"name\":\"Comment\",\"target\":[\"https:\\\/\\\/super-news.info\\\/hu\\\/husz-uj-airbussal-boviti-flottajat-a-wizz-air\\\/#respond\"]}]},{\"@type\":\"WebPage\",\"@id\":\"https:\\\/\\\/super-news.info\\\/hu\\\/husz-uj-airbussal-boviti-flottajat-a-wizz-air\\\/\",\"url\":\"https:\\\/\\\/super-news.info\\\/hu\\\/husz-uj-airbussal-boviti-flottajat-a-wizz-air\\\/\",\"name\":\"H\u00fasz \u00faj Airbussal b\u0151v\u00edti flott\u00e1j\u00e1t a Wizz Air - Super News\",\"isPartOf\":{\"@id\":\"https:\\\/\\\/super-news.info\\\/hu\\\/#website\"},\"primaryImageOfPage\":{\"@id\":\"https:\\\/\\\/super-news.info\\\/hu\\\/husz-uj-airbussal-boviti-flottajat-a-wizz-air\\\/#primaryimage\"},\"image\":{\"@id\":\"https:\\\/\\\/super-news.info\\\/hu\\\/husz-uj-airbussal-boviti-flottajat-a-wizz-air\\\/#primaryimage\"},\"thumbnailUrl\":\"https:\\\/\\\/super-news.info\\\/hu\\\/wp-content\\\/uploads\\\/sites\\\/3\\\/2019\\\/06\\\/H\u00fasz-\u00faj-Airbussal-b\u0151v\u00edti-flott\u00e1j\u00e1t-a-Wizz-Air.jpg\",\"datePublished\":\"2019-06-19T13:55:09+00:00\",\"dateModified\":\"2019-06-19T13:55:10+00:00\",\"author\":{\"@id\":\"https:\\\/\\\/super-news.info\\\/hu\\\/#\\\/schema\\\/person\\\/2d4068cb2f39cd10008c2fce578a7356\"},\"breadcrumb\":{\"@id\":\"https:\\\/\\\/super-news.info\\\/hu\\\/husz-uj-airbussal-boviti-flottajat-a-wizz-air\\\/#breadcrumb\"},\"inLanguage\":\"hu\",\"potentialAction\":[{\"@type\":\"ReadAction\",\"target\":[\"https:\\\/\\\/super-news.info\\\/hu\\\/husz-uj-airbussal-boviti-flottajat-a-wizz-air\\\/\"]}]},{\"@type\":\"ImageObject\",\"inLanguage\":\"hu\",\"@id\":\"https:\\\/\\\/super-news.info\\\/hu\\\/husz-uj-airbussal-boviti-flottajat-a-wizz-air\\\/#primaryimage\",\"url\":\"https:\\\/\\\/super-news.info\\\/hu\\\/wp-content\\\/uploads\\\/sites\\\/3\\\/2019\\\/06\\\/H\u00fasz-\u00faj-Airbussal-b\u0151v\u00edti-flott\u00e1j\u00e1t-a-Wizz-Air.jpg\",\"contentUrl\":\"https:\\\/\\\/super-news.info\\\/hu\\\/wp-content\\\/uploads\\\/sites\\\/3\\\/2019\\\/06\\\/H\u00fasz-\u00faj-Airbussal-b\u0151v\u00edti-flott\u00e1j\u00e1t-a-Wizz-Air.jpg\",\"width\":1400,\"height\":949,\"caption\":\"H\u00fasz \u00faj Airbussal b\u0151v\u00edti flott\u00e1j\u00e1t a Wizz Air\"},{\"@type\":\"BreadcrumbList\",\"@id\":\"https:\\\/\\\/super-news.info\\\/hu\\\/husz-uj-airbussal-boviti-flottajat-a-wizz-air\\\/#breadcrumb\",\"itemListElement\":[{\"@type\":\"ListItem\",\"position\":1,\"name\":\"\u0413\u043b\u0430\u0432\u043d\u0430\u044f \u0441\u0442\u0440\u0430\u043d\u0438\u0446\u0430\",\"item\":\"https:\\\/\\\/super-news.info\\\/hu\\\/\"},{\"@type\":\"ListItem\",\"position\":2,\"name\":\"H\u00fasz \u00faj Airbussal b\u0151v\u00edti flott\u00e1j\u00e1t a Wizz Air\"}]},{\"@type\":\"WebSite\",\"@id\":\"https:\\\/\\\/super-news.info\\\/hu\\\/#website\",\"url\":\"https:\\\/\\\/super-news.info\\\/hu\\\/\",\"name\":\"Super News\",\"description\":\"Super News Magyarorsz\u00e1g\",\"potentialAction\":[{\"@type\":\"SearchAction\",\"target\":{\"@type\":\"EntryPoint\",\"urlTemplate\":\"https:\\\/\\\/super-news.info\\\/hu\\\/?s={search_term_string}\"},\"query-input\":{\"@type\":\"PropertyValueSpecification\",\"valueRequired\":true,\"valueName\":\"search_term_string\"}}],\"inLanguage\":\"hu\"},{\"@type\":\"Person\",\"@id\":\"https:\\\/\\\/super-news.info\\\/hu\\\/#\\\/schema\\\/person\\\/2d4068cb2f39cd10008c2fce578a7356\",\"name\":\"super-news\",\"image\":{\"@type\":\"ImageObject\",\"inLanguage\":\"hu\",\"@id\":\"https:\\\/\\\/secure.gravatar.com\\\/avatar\\\/64ebac40b93f26a154f8a9b5b6fdccfc46f442b26b3dd6756dbff3bf9dc76fd7?s=96&d=mm&r=g\",\"url\":\"https:\\\/\\\/secure.gravatar.com\\\/avatar\\\/64ebac40b93f26a154f8a9b5b6fdccfc46f442b26b3dd6756dbff3bf9dc76fd7?s=96&d=mm&r=g\",\"contentUrl\":\"https:\\\/\\\/secure.gravatar.com\\\/avatar\\\/64ebac40b93f26a154f8a9b5b6fdccfc46f442b26b3dd6756dbff3bf9dc76fd7?s=96&d=mm&r=g\",\"caption\":\"super-news\"},\"url\":\"https:\\\/\\\/super-news.info\\\/hu\\\/author\\\/pt\\\/\"}]}<\/script>\n<!-- \/ Yoast SEO plugin. -->","yoast_head_json":{"title":"H\u00fasz \u00faj Airbussal b\u0151v\u00edti flott\u00e1j\u00e1t a Wizz Air - Super News","robots":{"index":"index","follow":"follow","max-snippet":"max-snippet:-1","max-image-preview":"max-image-preview:large","max-video-preview":"max-video-preview:-1"},"canonical":"https:\/\/super-news.info\/hu\/husz-uj-airbussal-boviti-flottajat-a-wizz-air\/","og_locale":"hu_HU","og_type":"article","og_title":"H\u00fasz \u00faj Airbussal b\u0151v\u00edti flott\u00e1j\u00e1t a Wizz Air - Super News","og_description":"[ad_1] H\u00fasz \u00faj Airbus A321XLR t\u00edpus\u00fa rep\u00fcl\u0151g\u00e9pet v\u00e1s\u00e1rol a Wizz Air az eur\u00f3pai rep\u00fcl\u0151g\u00e9pgy\u00e1rt\u00f3t\u00f3l, a meg\u00e1llapod\u00e1st a p\u00e1rizsi l\u00e9gi szalonon jelentett\u00e9k be \u2013 k\u00f6z\u00f6lte az Airbus az MTI-vel. Az \u00fczletet a Wizz Air szakmai befektet\u0151j\u00e9vel, az amerikai Indigo Partnersszel k\u00f6t\u00f6tte az Airbus. Az amerikai c\u00e9g \u00f6sszesen 50 darab Airbus A321 XLR-t v\u00e1s\u00e1rol, amelyb\u0151l 32 \u00faj [&hellip;]","og_url":"https:\/\/super-news.info\/hu\/husz-uj-airbussal-boviti-flottajat-a-wizz-air\/","og_site_name":"Super News","article_published_time":"2019-06-19T13:55:09+00:00","article_modified_time":"2019-06-19T13:55:10+00:00","og_image":[{"width":1400,"height":949,"url":"https:\/\/super-news.info\/hu\/wp-content\/uploads\/sites\/3\/2019\/06\/H\u00fasz-\u00faj-Airbussal-b\u0151v\u00edti-flott\u00e1j\u00e1t-a-Wizz-Air.jpg","type":"image\/jpeg"}],"author":"super-news","twitter_card":"summary_large_image","twitter_misc":{"Szerz\u0151:":"super-news","Becs\u00fclt olvas\u00e1si id\u0151":"2 perc"},"schema":{"@context":"https:\/\/schema.org","@graph":[{"@type":"Article","@id":"https:\/\/super-news.info\/hu\/husz-uj-airbussal-boviti-flottajat-a-wizz-air\/#article","isPartOf":{"@id":"https:\/\/super-news.info\/hu\/husz-uj-airbussal-boviti-flottajat-a-wizz-air\/"},"author":{"name":"super-news","@id":"https:\/\/super-news.info\/hu\/#\/schema\/person\/2d4068cb2f39cd10008c2fce578a7356"},"headline":"H\u00fasz \u00faj Airbussal b\u0151v\u00edti flott\u00e1j\u00e1t a Wizz Air","datePublished":"2019-06-19T13:55:09+00:00","dateModified":"2019-06-19T13:55:10+00:00","mainEntityOfPage":{"@id":"https:\/\/super-news.info\/hu\/husz-uj-airbussal-boviti-flottajat-a-wizz-air\/"},"wordCount":400,"commentCount":0,"image":{"@id":"https:\/\/super-news.info\/hu\/husz-uj-airbussal-boviti-flottajat-a-wizz-air\/#primaryimage"},"thumbnailUrl":"https:\/\/super-news.info\/hu\/wp-content\/uploads\/sites\/3\/2019\/06\/H\u00fasz-\u00faj-Airbussal-b\u0151v\u00edti-flott\u00e1j\u00e1t-a-Wizz-Air.jpg","articleSection":["P\u00c9NZ\u00dcGYI H\u00cdREK"],"inLanguage":"hu","potentialAction":[{"@type":"CommentAction","name":"Comment","target":["https:\/\/super-news.info\/hu\/husz-uj-airbussal-boviti-flottajat-a-wizz-air\/#respond"]}]},{"@type":"WebPage","@id":"https:\/\/super-news.info\/hu\/husz-uj-airbussal-boviti-flottajat-a-wizz-air\/","url":"https:\/\/super-news.info\/hu\/husz-uj-airbussal-boviti-flottajat-a-wizz-air\/","name":"H\u00fasz \u00faj Airbussal b\u0151v\u00edti flott\u00e1j\u00e1t a Wizz Air - Super News","isPartOf":{"@id":"https:\/\/super-news.info\/hu\/#website"},"primaryImageOfPage":{"@id":"https:\/\/super-news.info\/hu\/husz-uj-airbussal-boviti-flottajat-a-wizz-air\/#primaryimage"},"image":{"@id":"https:\/\/super-news.info\/hu\/husz-uj-airbussal-boviti-flottajat-a-wizz-air\/#primaryimage"},"thumbnailUrl":"https:\/\/super-news.info\/hu\/wp-content\/uploads\/sites\/3\/2019\/06\/H\u00fasz-\u00faj-Airbussal-b\u0151v\u00edti-flott\u00e1j\u00e1t-a-Wizz-Air.jpg","datePublished":"2019-06-19T13:55:09+00:00","dateModified":"2019-06-19T13:55:10+00:00","author":{"@id":"https:\/\/super-news.info\/hu\/#\/schema\/person\/2d4068cb2f39cd10008c2fce578a7356"},"breadcrumb":{"@id":"https:\/\/super-news.info\/hu\/husz-uj-airbussal-boviti-flottajat-a-wizz-air\/#breadcrumb"},"inLanguage":"hu","potentialAction":[{"@type":"ReadAction","target":["https:\/\/super-news.info\/hu\/husz-uj-airbussal-boviti-flottajat-a-wizz-air\/"]}]},{"@type":"ImageObject","inLanguage":"hu","@id":"https:\/\/super-news.info\/hu\/husz-uj-airbussal-boviti-flottajat-a-wizz-air\/#primaryimage","url":"https:\/\/super-news.info\/hu\/wp-content\/uploads\/sites\/3\/2019\/06\/H\u00fasz-\u00faj-Airbussal-b\u0151v\u00edti-flott\u00e1j\u00e1t-a-Wizz-Air.jpg","contentUrl":"https:\/\/super-news.info\/hu\/wp-content\/uploads\/sites\/3\/2019\/06\/H\u00fasz-\u00faj-Airbussal-b\u0151v\u00edti-flott\u00e1j\u00e1t-a-Wizz-Air.jpg","width":1400,"height":949,"caption":"H\u00fasz \u00faj Airbussal b\u0151v\u00edti flott\u00e1j\u00e1t a Wizz Air"},{"@type":"BreadcrumbList","@id":"https:\/\/super-news.info\/hu\/husz-uj-airbussal-boviti-flottajat-a-wizz-air\/#breadcrumb","itemListElement":[{"@type":"ListItem","position":1,"name":"\u0413\u043b\u0430\u0432\u043d\u0430\u044f \u0441\u0442\u0440\u0430\u043d\u0438\u0446\u0430","item":"https:\/\/super-news.info\/hu\/"},{"@type":"ListItem","position":2,"name":"H\u00fasz \u00faj Airbussal b\u0151v\u00edti flott\u00e1j\u00e1t a Wizz Air"}]},{"@type":"WebSite","@id":"https:\/\/super-news.info\/hu\/#website","url":"https:\/\/super-news.info\/hu\/","name":"Super News","description":"Super News Magyarorsz\u00e1g","potentialAction":[{"@type":"SearchAction","target":{"@type":"EntryPoint","urlTemplate":"https:\/\/super-news.info\/hu\/?s={search_term_string}"},"query-input":{"@type":"PropertyValueSpecification","valueRequired":true,"valueName":"search_term_string"}}],"inLanguage":"hu"},{"@type":"Person","@id":"https:\/\/super-news.info\/hu\/#\/schema\/person\/2d4068cb2f39cd10008c2fce578a7356","name":"super-news","image":{"@type":"ImageObject","inLanguage":"hu","@id":"https:\/\/secure.gravatar.com\/avatar\/64ebac40b93f26a154f8a9b5b6fdccfc46f442b26b3dd6756dbff3bf9dc76fd7?s=96&d=mm&r=g","url":"https:\/\/secure.gravatar.com\/avatar\/64ebac40b93f26a154f8a9b5b6fdccfc46f442b26b3dd6756dbff3bf9dc76fd7?s=96&d=mm&r=g","contentUrl":"https:\/\/secure.gravatar.com\/avatar\/64ebac40b93f26a154f8a9b5b6fdccfc46f442b26b3dd6756dbff3bf9dc76fd7?s=96&d=mm&r=g","caption":"super-news"},"url":"https:\/\/super-news.info\/hu\/author\/pt\/"}]}},"_links":{"self":[{"href":"https:\/\/super-news.info\/hu\/wp-json\/wp\/v2\/posts\/4398","targetHints":{"allow":["GET"]}}],"collection":[{"href":"https:\/\/super-news.info\/hu\/wp-json\/wp\/v2\/posts"}],"about":[{"href":"https:\/\/super-news.info\/hu\/wp-json\/wp\/v2\/types\/post"}],"author":[{"embeddable":true,"href":"https:\/\/super-news.info\/hu\/wp-json\/wp\/v2\/users\/2"}],"replies":[{"embeddable":true,"href":"https:\/\/super-news.info\/hu\/wp-json\/wp\/v2\/comments?post=4398"}],"version-history":[{"count":1,"href":"https:\/\/super-news.info\/hu\/wp-json\/wp\/v2\/posts\/4398\/revisions"}],"predecessor-version":[{"id":4400,"href":"https:\/\/super-news.info\/hu\/wp-json\/wp\/v2\/posts\/4398\/revisions\/4400"}],"wp:featuredmedia":[{"embeddable":true,"href":"https:\/\/super-news.info\/hu\/wp-json\/wp\/v2\/media\/4399"}],"wp:attachment":[{"href":"https:\/\/super-news.info\/hu\/wp-json\/wp\/v2\/media?parent=4398"}],"wp:term":[{"taxonomy":"category","embeddable":true,"href":"https:\/\/super-news.info\/hu\/wp-json\/wp\/v2\/categories?post=4398"},{"taxonomy":"post_tag","embeddable":true,"href":"https:\/\/super-news.info\/hu\/wp-json\/wp\/v2\/tags?post=4398"}],"curies":[{"name":"wp","href":"https:\/\/api.w.org\/{rel}","templated":true}]}}