{"id":4395,"date":"2019-06-19T16:03:15","date_gmt":"2019-06-19T13:03:15","guid":{"rendered":"https:\/\/super-news.info\/hu\/europa-liga-tovabbjutas-eseten-az-as-romaval-talalkozik-a-debrecen\/"},"modified":"2019-06-19T16:03:16","modified_gmt":"2019-06-19T13:03:16","slug":"europa-liga-tovabbjutas-eseten-az-as-romaval-talalkozik-a-debrecen","status":"publish","type":"post","link":"https:\/\/super-news.info\/hu\/europa-liga-tovabbjutas-eseten-az-as-romaval-talalkozik-a-debrecen\/","title":{"rendered":"Eur\u00f3pa-liga: tov\u00e1bbjut\u00e1s eset\u00e9n az AS Rom\u00e1val tal\u00e1lkozik a Debrecen"},"content":{"rendered":"<p> [ad_1]<br \/>\n<\/p>\n<p>\n\t\t\t\t\t\t\t\tSzerd\u00e1n megtartotta az UEFA az Eur\u00f3pa-liga m\u00e1sodik selejtez\u0151s k\u00f6r\u00e9nek sorsol\u00e1s\u00e1t is. \t\t\t\t\t\t\t<\/p>\n<div>\n<p>A nem bajnoki \u00e1g sorsol\u00e1s\u00e1n kider\u00fclt, hogy a sz\u00e9kesfeh\u00e9rv\u00e1riak az izlandi Breidablik \u00e9s a liechtensteini FC Vaduz p\u00e1rharc gy\u0151ztes\u00e9vel tal\u00e1lkozhatnak, ha nyernek a montenegr\u00f3i FK Zeta ellen. Ha a Debrecen kiejti az alb\u00e1n Kukesit, akkor az AS Roma csapat\u00e1val fut \u00f6ssze a gyepen.<\/p>\n<p>A Budapest Honv\u00e9d a Zalgiris elleni siker eset\u00e9n az azeri Sabail FK \u00e9s a rom\u00e1n-Universitatea Craiova \u00f6sszecsap\u00e1s gy\u0151ztes\u00e9vel harcol majd.<\/p>\n<div id=\"attachment_1580684\" style=\"width: 1410px\" class=\"wp-caption alignnone\">\n<p class=\"wp-caption-text\">A R\u00f3ma j\u00f6het az El-selejtez\u0151 2. k\u00f6r\u00e9ben<br \/>Fot\u00f3: dvsc.hu<\/p>\n<\/div>\n<p>Mint arr\u00f3l kor\u00e1bban besz\u00e1moltunk, a MOL Feh\u00e9rv\u00e1r FC montenegr\u00f3i, a Debrecen alb\u00e1n, a Budapest Honv\u00e9d pedig litv\u00e1n ellenfelet kapott a labdar\u00fag\u00f3 Eur\u00f3pa-liga-selejtez\u0151 els\u0151 fordul\u00f3j\u00e1nak keddi sorsol\u00e1s\u00e1n.<\/p>\n<p>A sz\u00e9kesfeh\u00e9rv\u00e1riak az FK Zeta, a hajd\u00fas\u00e1giak az FK Kuk\u00ebsi, a f\u0151v\u00e1rosiak pedig az FK Zalgiris Vilnius csapat\u00e1val tal\u00e1lkoznak.<\/p>\n<p>A p\u00e1rharcok els\u0151 m\u00e9rk\u0151z\u00e9seit j\u00falius 11-\u00e9n, a visszav\u00e1g\u00f3kat egy h\u00e9ttel k\u00e9s\u0151bb rendezik. A DVSC \u00e9s a Honv\u00e9d hazai p\u00e1ly\u00e1n, a MOL Feh\u00e9rv\u00e1r FC pedig idegenben kezd.<\/p>\n<\/p><\/div>\n<p><script>\n    window.fbAsyncInit = function() {\n        FB.init({\n            appId      : \"204760236815359\",\n            xfbml      : true,\n            version    : \"v2.12\"\n        });\n        FB.AppEvents.logPageView();\n    };<\/p>\n<p>    (function(d, s, id){\n        var js, fjs = d.getElementsByTagName(s)[0];\n        if (d.getElementById(id)) {return;}\n        js = d.createElement(s); js.id = id;\n        js.src = \"http:\/\/connect.facebook.net\/hu_HU\/sdk.js\";\n        fjs.parentNode.insertBefore(js, fjs);\n    }(document, \"script\", \"facebook-jssdk\"));\n<\/script><br \/>\n<br \/>[ad_2]<br \/>\n<br \/><a href=\"https:\/\/www.vg.hu\/kozelet\/kozeleti-hirek\/europa-liga-tovabbjutas-eseten-az-as-romaval-talalkozik-a-debrecen-1580582\/\">Source link <\/a><\/p>\n","protected":false},"excerpt":{"rendered":"<p>[ad_1] Szerd\u00e1n megtartotta az UEFA az Eur\u00f3pa-liga m\u00e1sodik selejtez\u0151s k\u00f6r\u00e9nek sorsol\u00e1s\u00e1t is. A nem bajnoki \u00e1g sorsol\u00e1s\u00e1n kider\u00fclt, hogy a sz\u00e9kesfeh\u00e9rv\u00e1riak az izlandi Breidablik \u00e9s a liechtensteini FC Vaduz p\u00e1rharc gy\u0151ztes\u00e9vel tal\u00e1lkozhatnak, ha nyernek a montenegr\u00f3i FK Zeta ellen. Ha a Debrecen kiejti az alb\u00e1n Kukesit, akkor az AS Roma csapat\u00e1val fut \u00f6ssze a gyepen. [&hellip;]<\/p>\n","protected":false},"author":2,"featured_media":4396,"comment_status":"open","ping_status":"open","sticky":false,"template":"","format":"standard","meta":{"footnotes":""},"categories":[1],"tags":[],"class_list":["post-4395","post","type-post","status-publish","format-standard","has-post-thumbnail","hentry","category-penzugyi-hirek"],"yoast_head":"<!-- This site is optimized with the Yoast SEO plugin v27.4 - https:\/\/yoast.com\/product\/yoast-seo-wordpress\/ -->\n<title>Eur\u00f3pa-liga: tov\u00e1bbjut\u00e1s eset\u00e9n az AS Rom\u00e1val tal\u00e1lkozik a Debrecen - Super News<\/title>\n<meta name=\"robots\" content=\"index, follow, max-snippet:-1, max-image-preview:large, max-video-preview:-1\" \/>\n<link rel=\"canonical\" href=\"https:\/\/super-news.info\/hu\/europa-liga-tovabbjutas-eseten-az-as-romaval-talalkozik-a-debrecen\/\" \/>\n<meta property=\"og:locale\" content=\"hu_HU\" \/>\n<meta property=\"og:type\" content=\"article\" \/>\n<meta property=\"og:title\" content=\"Eur\u00f3pa-liga: tov\u00e1bbjut\u00e1s eset\u00e9n az AS Rom\u00e1val tal\u00e1lkozik a Debrecen - Super News\" \/>\n<meta property=\"og:description\" content=\"[ad_1] Szerd\u00e1n megtartotta az UEFA az Eur\u00f3pa-liga m\u00e1sodik selejtez\u0151s k\u00f6r\u00e9nek sorsol\u00e1s\u00e1t is. A nem bajnoki \u00e1g sorsol\u00e1s\u00e1n kider\u00fclt, hogy a sz\u00e9kesfeh\u00e9rv\u00e1riak az izlandi Breidablik \u00e9s a liechtensteini FC Vaduz p\u00e1rharc gy\u0151ztes\u00e9vel tal\u00e1lkozhatnak, ha nyernek a montenegr\u00f3i FK Zeta ellen. Ha a Debrecen kiejti az alb\u00e1n Kukesit, akkor az AS Roma csapat\u00e1val fut \u00f6ssze a gyepen. [&hellip;]\" \/>\n<meta property=\"og:url\" content=\"https:\/\/super-news.info\/hu\/europa-liga-tovabbjutas-eseten-az-as-romaval-talalkozik-a-debrecen\/\" \/>\n<meta property=\"og:site_name\" content=\"Super News\" \/>\n<meta property=\"article:published_time\" content=\"2019-06-19T13:03:15+00:00\" \/>\n<meta property=\"article:modified_time\" content=\"2019-06-19T13:03:16+00:00\" \/>\n<meta property=\"og:image\" content=\"https:\/\/super-news.info\/hu\/wp-content\/uploads\/sites\/3\/2019\/06\/Eur\u00f3pa-liga-tov\u00e1bbjut\u00e1s-eset\u00e9n-az-AS-Rom\u00e1val-tal\u00e1lkozik-a-Debrecen.jpg\" \/>\n\t<meta property=\"og:image:width\" content=\"1400\" \/>\n\t<meta property=\"og:image:height\" content=\"934\" \/>\n\t<meta property=\"og:image:type\" content=\"image\/jpeg\" \/>\n<meta name=\"author\" content=\"super-news\" \/>\n<meta name=\"twitter:card\" content=\"summary_large_image\" \/>\n<meta name=\"twitter:label1\" content=\"Szerz\u0151:\" \/>\n\t<meta name=\"twitter:data1\" content=\"super-news\" \/>\n\t<meta name=\"twitter:label2\" content=\"Becs\u00fclt olvas\u00e1si id\u0151\" \/>\n\t<meta name=\"twitter:data2\" content=\"1 perc\" \/>\n<script type=\"application\/ld+json\" class=\"yoast-schema-graph\">{\"@context\":\"https:\\\/\\\/schema.org\",\"@graph\":[{\"@type\":\"Article\",\"@id\":\"https:\\\/\\\/super-news.info\\\/hu\\\/europa-liga-tovabbjutas-eseten-az-as-romaval-talalkozik-a-debrecen\\\/#article\",\"isPartOf\":{\"@id\":\"https:\\\/\\\/super-news.info\\\/hu\\\/europa-liga-tovabbjutas-eseten-az-as-romaval-talalkozik-a-debrecen\\\/\"},\"author\":{\"name\":\"super-news\",\"@id\":\"https:\\\/\\\/super-news.info\\\/hu\\\/#\\\/schema\\\/person\\\/2d4068cb2f39cd10008c2fce578a7356\"},\"headline\":\"Eur\u00f3pa-liga: tov\u00e1bbjut\u00e1s eset\u00e9n az AS Rom\u00e1val tal\u00e1lkozik a Debrecen\",\"datePublished\":\"2019-06-19T13:03:15+00:00\",\"dateModified\":\"2019-06-19T13:03:16+00:00\",\"mainEntityOfPage\":{\"@id\":\"https:\\\/\\\/super-news.info\\\/hu\\\/europa-liga-tovabbjutas-eseten-az-as-romaval-talalkozik-a-debrecen\\\/\"},\"wordCount\":244,\"commentCount\":0,\"image\":{\"@id\":\"https:\\\/\\\/super-news.info\\\/hu\\\/europa-liga-tovabbjutas-eseten-az-as-romaval-talalkozik-a-debrecen\\\/#primaryimage\"},\"thumbnailUrl\":\"https:\\\/\\\/super-news.info\\\/hu\\\/wp-content\\\/uploads\\\/sites\\\/3\\\/2019\\\/06\\\/Eur\u00f3pa-liga-tov\u00e1bbjut\u00e1s-eset\u00e9n-az-AS-Rom\u00e1val-tal\u00e1lkozik-a-Debrecen.jpg\",\"articleSection\":[\"P\u00c9NZ\u00dcGYI H\u00cdREK\"],\"inLanguage\":\"hu\",\"potentialAction\":[{\"@type\":\"CommentAction\",\"name\":\"Comment\",\"target\":[\"https:\\\/\\\/super-news.info\\\/hu\\\/europa-liga-tovabbjutas-eseten-az-as-romaval-talalkozik-a-debrecen\\\/#respond\"]}]},{\"@type\":\"WebPage\",\"@id\":\"https:\\\/\\\/super-news.info\\\/hu\\\/europa-liga-tovabbjutas-eseten-az-as-romaval-talalkozik-a-debrecen\\\/\",\"url\":\"https:\\\/\\\/super-news.info\\\/hu\\\/europa-liga-tovabbjutas-eseten-az-as-romaval-talalkozik-a-debrecen\\\/\",\"name\":\"Eur\u00f3pa-liga: tov\u00e1bbjut\u00e1s eset\u00e9n az AS Rom\u00e1val tal\u00e1lkozik a Debrecen - Super News\",\"isPartOf\":{\"@id\":\"https:\\\/\\\/super-news.info\\\/hu\\\/#website\"},\"primaryImageOfPage\":{\"@id\":\"https:\\\/\\\/super-news.info\\\/hu\\\/europa-liga-tovabbjutas-eseten-az-as-romaval-talalkozik-a-debrecen\\\/#primaryimage\"},\"image\":{\"@id\":\"https:\\\/\\\/super-news.info\\\/hu\\\/europa-liga-tovabbjutas-eseten-az-as-romaval-talalkozik-a-debrecen\\\/#primaryimage\"},\"thumbnailUrl\":\"https:\\\/\\\/super-news.info\\\/hu\\\/wp-content\\\/uploads\\\/sites\\\/3\\\/2019\\\/06\\\/Eur\u00f3pa-liga-tov\u00e1bbjut\u00e1s-eset\u00e9n-az-AS-Rom\u00e1val-tal\u00e1lkozik-a-Debrecen.jpg\",\"datePublished\":\"2019-06-19T13:03:15+00:00\",\"dateModified\":\"2019-06-19T13:03:16+00:00\",\"author\":{\"@id\":\"https:\\\/\\\/super-news.info\\\/hu\\\/#\\\/schema\\\/person\\\/2d4068cb2f39cd10008c2fce578a7356\"},\"breadcrumb\":{\"@id\":\"https:\\\/\\\/super-news.info\\\/hu\\\/europa-liga-tovabbjutas-eseten-az-as-romaval-talalkozik-a-debrecen\\\/#breadcrumb\"},\"inLanguage\":\"hu\",\"potentialAction\":[{\"@type\":\"ReadAction\",\"target\":[\"https:\\\/\\\/super-news.info\\\/hu\\\/europa-liga-tovabbjutas-eseten-az-as-romaval-talalkozik-a-debrecen\\\/\"]}]},{\"@type\":\"ImageObject\",\"inLanguage\":\"hu\",\"@id\":\"https:\\\/\\\/super-news.info\\\/hu\\\/europa-liga-tovabbjutas-eseten-az-as-romaval-talalkozik-a-debrecen\\\/#primaryimage\",\"url\":\"https:\\\/\\\/super-news.info\\\/hu\\\/wp-content\\\/uploads\\\/sites\\\/3\\\/2019\\\/06\\\/Eur\u00f3pa-liga-tov\u00e1bbjut\u00e1s-eset\u00e9n-az-AS-Rom\u00e1val-tal\u00e1lkozik-a-Debrecen.jpg\",\"contentUrl\":\"https:\\\/\\\/super-news.info\\\/hu\\\/wp-content\\\/uploads\\\/sites\\\/3\\\/2019\\\/06\\\/Eur\u00f3pa-liga-tov\u00e1bbjut\u00e1s-eset\u00e9n-az-AS-Rom\u00e1val-tal\u00e1lkozik-a-Debrecen.jpg\",\"width\":1400,\"height\":934,\"caption\":\"Eur\u00f3pa-liga: tov\u00e1bbjut\u00e1s eset\u00e9n az AS Rom\u00e1val tal\u00e1lkozik a Debrecen\"},{\"@type\":\"BreadcrumbList\",\"@id\":\"https:\\\/\\\/super-news.info\\\/hu\\\/europa-liga-tovabbjutas-eseten-az-as-romaval-talalkozik-a-debrecen\\\/#breadcrumb\",\"itemListElement\":[{\"@type\":\"ListItem\",\"position\":1,\"name\":\"\u0413\u043b\u0430\u0432\u043d\u0430\u044f \u0441\u0442\u0440\u0430\u043d\u0438\u0446\u0430\",\"item\":\"https:\\\/\\\/super-news.info\\\/hu\\\/\"},{\"@type\":\"ListItem\",\"position\":2,\"name\":\"Eur\u00f3pa-liga: tov\u00e1bbjut\u00e1s eset\u00e9n az AS Rom\u00e1val tal\u00e1lkozik a Debrecen\"}]},{\"@type\":\"WebSite\",\"@id\":\"https:\\\/\\\/super-news.info\\\/hu\\\/#website\",\"url\":\"https:\\\/\\\/super-news.info\\\/hu\\\/\",\"name\":\"Super News\",\"description\":\"Super News Magyarorsz\u00e1g\",\"potentialAction\":[{\"@type\":\"SearchAction\",\"target\":{\"@type\":\"EntryPoint\",\"urlTemplate\":\"https:\\\/\\\/super-news.info\\\/hu\\\/?s={search_term_string}\"},\"query-input\":{\"@type\":\"PropertyValueSpecification\",\"valueRequired\":true,\"valueName\":\"search_term_string\"}}],\"inLanguage\":\"hu\"},{\"@type\":\"Person\",\"@id\":\"https:\\\/\\\/super-news.info\\\/hu\\\/#\\\/schema\\\/person\\\/2d4068cb2f39cd10008c2fce578a7356\",\"name\":\"super-news\",\"image\":{\"@type\":\"ImageObject\",\"inLanguage\":\"hu\",\"@id\":\"https:\\\/\\\/secure.gravatar.com\\\/avatar\\\/64ebac40b93f26a154f8a9b5b6fdccfc46f442b26b3dd6756dbff3bf9dc76fd7?s=96&d=mm&r=g\",\"url\":\"https:\\\/\\\/secure.gravatar.com\\\/avatar\\\/64ebac40b93f26a154f8a9b5b6fdccfc46f442b26b3dd6756dbff3bf9dc76fd7?s=96&d=mm&r=g\",\"contentUrl\":\"https:\\\/\\\/secure.gravatar.com\\\/avatar\\\/64ebac40b93f26a154f8a9b5b6fdccfc46f442b26b3dd6756dbff3bf9dc76fd7?s=96&d=mm&r=g\",\"caption\":\"super-news\"},\"url\":\"https:\\\/\\\/super-news.info\\\/hu\\\/author\\\/pt\\\/\"}]}<\/script>\n<!-- \/ Yoast SEO plugin. -->","yoast_head_json":{"title":"Eur\u00f3pa-liga: tov\u00e1bbjut\u00e1s eset\u00e9n az AS Rom\u00e1val tal\u00e1lkozik a Debrecen - Super News","robots":{"index":"index","follow":"follow","max-snippet":"max-snippet:-1","max-image-preview":"max-image-preview:large","max-video-preview":"max-video-preview:-1"},"canonical":"https:\/\/super-news.info\/hu\/europa-liga-tovabbjutas-eseten-az-as-romaval-talalkozik-a-debrecen\/","og_locale":"hu_HU","og_type":"article","og_title":"Eur\u00f3pa-liga: tov\u00e1bbjut\u00e1s eset\u00e9n az AS Rom\u00e1val tal\u00e1lkozik a Debrecen - Super News","og_description":"[ad_1] Szerd\u00e1n megtartotta az UEFA az Eur\u00f3pa-liga m\u00e1sodik selejtez\u0151s k\u00f6r\u00e9nek sorsol\u00e1s\u00e1t is. A nem bajnoki \u00e1g sorsol\u00e1s\u00e1n kider\u00fclt, hogy a sz\u00e9kesfeh\u00e9rv\u00e1riak az izlandi Breidablik \u00e9s a liechtensteini FC Vaduz p\u00e1rharc gy\u0151ztes\u00e9vel tal\u00e1lkozhatnak, ha nyernek a montenegr\u00f3i FK Zeta ellen. Ha a Debrecen kiejti az alb\u00e1n Kukesit, akkor az AS Roma csapat\u00e1val fut \u00f6ssze a gyepen. [&hellip;]","og_url":"https:\/\/super-news.info\/hu\/europa-liga-tovabbjutas-eseten-az-as-romaval-talalkozik-a-debrecen\/","og_site_name":"Super News","article_published_time":"2019-06-19T13:03:15+00:00","article_modified_time":"2019-06-19T13:03:16+00:00","og_image":[{"width":1400,"height":934,"url":"https:\/\/super-news.info\/hu\/wp-content\/uploads\/sites\/3\/2019\/06\/Eur\u00f3pa-liga-tov\u00e1bbjut\u00e1s-eset\u00e9n-az-AS-Rom\u00e1val-tal\u00e1lkozik-a-Debrecen.jpg","type":"image\/jpeg"}],"author":"super-news","twitter_card":"summary_large_image","twitter_misc":{"Szerz\u0151:":"super-news","Becs\u00fclt olvas\u00e1si id\u0151":"1 perc"},"schema":{"@context":"https:\/\/schema.org","@graph":[{"@type":"Article","@id":"https:\/\/super-news.info\/hu\/europa-liga-tovabbjutas-eseten-az-as-romaval-talalkozik-a-debrecen\/#article","isPartOf":{"@id":"https:\/\/super-news.info\/hu\/europa-liga-tovabbjutas-eseten-az-as-romaval-talalkozik-a-debrecen\/"},"author":{"name":"super-news","@id":"https:\/\/super-news.info\/hu\/#\/schema\/person\/2d4068cb2f39cd10008c2fce578a7356"},"headline":"Eur\u00f3pa-liga: tov\u00e1bbjut\u00e1s eset\u00e9n az AS Rom\u00e1val tal\u00e1lkozik a Debrecen","datePublished":"2019-06-19T13:03:15+00:00","dateModified":"2019-06-19T13:03:16+00:00","mainEntityOfPage":{"@id":"https:\/\/super-news.info\/hu\/europa-liga-tovabbjutas-eseten-az-as-romaval-talalkozik-a-debrecen\/"},"wordCount":244,"commentCount":0,"image":{"@id":"https:\/\/super-news.info\/hu\/europa-liga-tovabbjutas-eseten-az-as-romaval-talalkozik-a-debrecen\/#primaryimage"},"thumbnailUrl":"https:\/\/super-news.info\/hu\/wp-content\/uploads\/sites\/3\/2019\/06\/Eur\u00f3pa-liga-tov\u00e1bbjut\u00e1s-eset\u00e9n-az-AS-Rom\u00e1val-tal\u00e1lkozik-a-Debrecen.jpg","articleSection":["P\u00c9NZ\u00dcGYI H\u00cdREK"],"inLanguage":"hu","potentialAction":[{"@type":"CommentAction","name":"Comment","target":["https:\/\/super-news.info\/hu\/europa-liga-tovabbjutas-eseten-az-as-romaval-talalkozik-a-debrecen\/#respond"]}]},{"@type":"WebPage","@id":"https:\/\/super-news.info\/hu\/europa-liga-tovabbjutas-eseten-az-as-romaval-talalkozik-a-debrecen\/","url":"https:\/\/super-news.info\/hu\/europa-liga-tovabbjutas-eseten-az-as-romaval-talalkozik-a-debrecen\/","name":"Eur\u00f3pa-liga: tov\u00e1bbjut\u00e1s eset\u00e9n az AS Rom\u00e1val tal\u00e1lkozik a Debrecen - Super News","isPartOf":{"@id":"https:\/\/super-news.info\/hu\/#website"},"primaryImageOfPage":{"@id":"https:\/\/super-news.info\/hu\/europa-liga-tovabbjutas-eseten-az-as-romaval-talalkozik-a-debrecen\/#primaryimage"},"image":{"@id":"https:\/\/super-news.info\/hu\/europa-liga-tovabbjutas-eseten-az-as-romaval-talalkozik-a-debrecen\/#primaryimage"},"thumbnailUrl":"https:\/\/super-news.info\/hu\/wp-content\/uploads\/sites\/3\/2019\/06\/Eur\u00f3pa-liga-tov\u00e1bbjut\u00e1s-eset\u00e9n-az-AS-Rom\u00e1val-tal\u00e1lkozik-a-Debrecen.jpg","datePublished":"2019-06-19T13:03:15+00:00","dateModified":"2019-06-19T13:03:16+00:00","author":{"@id":"https:\/\/super-news.info\/hu\/#\/schema\/person\/2d4068cb2f39cd10008c2fce578a7356"},"breadcrumb":{"@id":"https:\/\/super-news.info\/hu\/europa-liga-tovabbjutas-eseten-az-as-romaval-talalkozik-a-debrecen\/#breadcrumb"},"inLanguage":"hu","potentialAction":[{"@type":"ReadAction","target":["https:\/\/super-news.info\/hu\/europa-liga-tovabbjutas-eseten-az-as-romaval-talalkozik-a-debrecen\/"]}]},{"@type":"ImageObject","inLanguage":"hu","@id":"https:\/\/super-news.info\/hu\/europa-liga-tovabbjutas-eseten-az-as-romaval-talalkozik-a-debrecen\/#primaryimage","url":"https:\/\/super-news.info\/hu\/wp-content\/uploads\/sites\/3\/2019\/06\/Eur\u00f3pa-liga-tov\u00e1bbjut\u00e1s-eset\u00e9n-az-AS-Rom\u00e1val-tal\u00e1lkozik-a-Debrecen.jpg","contentUrl":"https:\/\/super-news.info\/hu\/wp-content\/uploads\/sites\/3\/2019\/06\/Eur\u00f3pa-liga-tov\u00e1bbjut\u00e1s-eset\u00e9n-az-AS-Rom\u00e1val-tal\u00e1lkozik-a-Debrecen.jpg","width":1400,"height":934,"caption":"Eur\u00f3pa-liga: tov\u00e1bbjut\u00e1s eset\u00e9n az AS Rom\u00e1val tal\u00e1lkozik a Debrecen"},{"@type":"BreadcrumbList","@id":"https:\/\/super-news.info\/hu\/europa-liga-tovabbjutas-eseten-az-as-romaval-talalkozik-a-debrecen\/#breadcrumb","itemListElement":[{"@type":"ListItem","position":1,"name":"\u0413\u043b\u0430\u0432\u043d\u0430\u044f \u0441\u0442\u0440\u0430\u043d\u0438\u0446\u0430","item":"https:\/\/super-news.info\/hu\/"},{"@type":"ListItem","position":2,"name":"Eur\u00f3pa-liga: tov\u00e1bbjut\u00e1s eset\u00e9n az AS Rom\u00e1val tal\u00e1lkozik a Debrecen"}]},{"@type":"WebSite","@id":"https:\/\/super-news.info\/hu\/#website","url":"https:\/\/super-news.info\/hu\/","name":"Super News","description":"Super News Magyarorsz\u00e1g","potentialAction":[{"@type":"SearchAction","target":{"@type":"EntryPoint","urlTemplate":"https:\/\/super-news.info\/hu\/?s={search_term_string}"},"query-input":{"@type":"PropertyValueSpecification","valueRequired":true,"valueName":"search_term_string"}}],"inLanguage":"hu"},{"@type":"Person","@id":"https:\/\/super-news.info\/hu\/#\/schema\/person\/2d4068cb2f39cd10008c2fce578a7356","name":"super-news","image":{"@type":"ImageObject","inLanguage":"hu","@id":"https:\/\/secure.gravatar.com\/avatar\/64ebac40b93f26a154f8a9b5b6fdccfc46f442b26b3dd6756dbff3bf9dc76fd7?s=96&d=mm&r=g","url":"https:\/\/secure.gravatar.com\/avatar\/64ebac40b93f26a154f8a9b5b6fdccfc46f442b26b3dd6756dbff3bf9dc76fd7?s=96&d=mm&r=g","contentUrl":"https:\/\/secure.gravatar.com\/avatar\/64ebac40b93f26a154f8a9b5b6fdccfc46f442b26b3dd6756dbff3bf9dc76fd7?s=96&d=mm&r=g","caption":"super-news"},"url":"https:\/\/super-news.info\/hu\/author\/pt\/"}]}},"_links":{"self":[{"href":"https:\/\/super-news.info\/hu\/wp-json\/wp\/v2\/posts\/4395","targetHints":{"allow":["GET"]}}],"collection":[{"href":"https:\/\/super-news.info\/hu\/wp-json\/wp\/v2\/posts"}],"about":[{"href":"https:\/\/super-news.info\/hu\/wp-json\/wp\/v2\/types\/post"}],"author":[{"embeddable":true,"href":"https:\/\/super-news.info\/hu\/wp-json\/wp\/v2\/users\/2"}],"replies":[{"embeddable":true,"href":"https:\/\/super-news.info\/hu\/wp-json\/wp\/v2\/comments?post=4395"}],"version-history":[{"count":1,"href":"https:\/\/super-news.info\/hu\/wp-json\/wp\/v2\/posts\/4395\/revisions"}],"predecessor-version":[{"id":4397,"href":"https:\/\/super-news.info\/hu\/wp-json\/wp\/v2\/posts\/4395\/revisions\/4397"}],"wp:featuredmedia":[{"embeddable":true,"href":"https:\/\/super-news.info\/hu\/wp-json\/wp\/v2\/media\/4396"}],"wp:attachment":[{"href":"https:\/\/super-news.info\/hu\/wp-json\/wp\/v2\/media?parent=4395"}],"wp:term":[{"taxonomy":"category","embeddable":true,"href":"https:\/\/super-news.info\/hu\/wp-json\/wp\/v2\/categories?post=4395"},{"taxonomy":"post_tag","embeddable":true,"href":"https:\/\/super-news.info\/hu\/wp-json\/wp\/v2\/tags?post=4395"}],"curies":[{"name":"wp","href":"https:\/\/api.w.org\/{rel}","templated":true}]}}