{"id":4389,"date":"2019-06-19T15:08:30","date_gmt":"2019-06-19T12:08:30","guid":{"rendered":"https:\/\/super-news.info\/hu\/rekordalacsony-a-diakhitel1-kamata-vilaggazdasag\/"},"modified":"2019-06-19T15:08:31","modified_gmt":"2019-06-19T12:08:31","slug":"rekordalacsony-a-diakhitel1-kamata-vilaggazdasag","status":"publish","type":"post","link":"https:\/\/super-news.info\/hu\/rekordalacsony-a-diakhitel1-kamata-vilaggazdasag\/","title":{"rendered":"Rekordalacsony a Di\u00e1khitel1 kamata | Vil\u00e1ggazdas\u00e1g"},"content":{"rendered":"<p> [ad_1]<br \/>\n<\/p>\n<p>\n\t\t\t\t\t\t\t\tA szabad felhaszn\u00e1l\u00e1s\u00fa Di\u00e1khitel1 kamat\u00e1t 1,99 sz\u00e1zal\u00e9kra cs\u00f6kkentette az el\u0151z\u0151 f\u00e9l\u00e9vi 2,2 sz\u00e1zal\u00e9kr\u00f3l a j\u00falius 1-j\u00e9t\u0151l december 31-ig tart\u00f3 id\u0151szakra a Di\u00e1khitel K\u00f6zpont Zrt. \u2013 jelentette be Magyar P\u00e9ter, a t\u00e1rsas\u00e1g \u00faj vez\u00e9rigazgat\u00f3ja szerd\u00e1n Budapesten sajt\u00f3t\u00e1j\u00e9koztat\u00f3n. \t\t\t\t\t\t\t<\/p>\n<div>\n<p>A k\u00e9pz\u00e9si k\u00f6lts\u00e9gre haszn\u00e1lhat\u00f3 Di\u00e1khitel2 az \u00e1llami kamatt\u00e1mogat\u00e1snak k\u00f6sz\u00f6nhet\u0151en v\u00e1ltozatlanul 0 sz\u00e1zal\u00e9kos kamattal vehet\u0151 fel \u2013 mondta.<\/p>\n<p>A Di\u00e1khitel1 konstrukci\u00f3 eset\u00e9ben havi 15 \u00e9s 70 ezer forint k\u00f6z\u00f6tti \u00f6sszeg ig\u00e9nyelhet\u0151, a kiz\u00e1r\u00f3lag k\u00e9pz\u00e9si d\u00edjra ford\u00edthat\u00f3 Di\u00e1khitel2 felvehet\u0151 \u00f6sszeg\u00e9nek maximuma az adott k\u00e9pz\u00e9sre meghirdetett \u00f6nk\u00f6lts\u00e9gi d\u00edj \u2013 tette hozz\u00e1.<\/p>\n<p>A vez\u00e9rigazgat\u00f3 hangs\u00falyozta, hogy az eddigi legkedvez\u0151bb felt\u00e9telekkel ig\u00e9nyelhet\u0151 a szabad felhaszn\u00e1l\u00e1s\u00fa di\u00e1khitel, a kihirdetett kamatm\u00e9rt\u00e9k rekord alacsony.<\/p>\n<div id=\"attachment_1316635\" style=\"width: 1290px\" class=\"wp-caption alignnone\">\n<p class=\"wp-caption-text\">Fot\u00f3: Pixabay<\/p>\n<\/div>\n<p>Sipos-Tompa Levente, a tulajdonosi jogokat gyakorl\u00f3 Magyar Fejleszt\u00e9si Bank Zrt. eln\u00f6k-vez\u00e9rigazgat\u00f3ja kiemelte, hogy a k\u00e9pz\u00e9s t\u00e1mogat\u00e1sa mellett a di\u00e1khitel a p\u00e9nz\u00fcgyi tudatoss\u00e1g er\u0151s\u00edt\u00e9s\u00e9ben is fontos szerepet j\u00e1tszik, a konstrukci\u00f3t ig\u00e9nybe vev\u0151k els\u0151 komoly p\u00e9nz\u00fcgyi d\u00f6nt\u00e9s\u00fcket hozz\u00e1k meg.<\/p>\n<p>Az eln\u00f6k-vez\u00e9rigazgat\u00f3 kit\u00e9rt arra: az MFB csoport kiemelt c\u00e9lja, hogy olyan gazdas\u00e1gi szerepl\u0151knek ny\u00fajtson finansz\u00edroz\u00e1si lehet\u0151s\u00e9get, amelyek fejleszt\u00e9seikhez nem jutnak megfelel\u0151 forr\u00e1sokhoz a piacon.<\/p>\n<p>Sipos-Tompa Levente ugyanakkor hangs\u00falyozta, hogy a gazdas\u00e1gi fejl\u0151d\u00e9s\u00e9hez, a v\u00e1llalkoz\u00e1sok eredm\u00e9nyes \u00e9s hat\u00e9kony m\u0171k\u00f6d\u00e9s\u00e9hez sz\u00fcks\u00e9ges a tud\u00e1s, amit megfelel\u0151 k\u00e9pz\u00e9ssel lehet megszerezni; ennek finansz\u00edroz\u00e1s\u00e1hoz ny\u00fajt seg\u00edts\u00e9get a di\u00e1khitel.<\/p>\n<p>Magyar P\u00e9ter felid\u00e9zte, hogy a 2001 \u00f3ta m\u0171k\u00f6d\u0151 di\u00e1khitel-konstrukci\u00f3t mintegy 400 ezer hallgat\u00f3 vette ig\u00e9nybe. Egy felm\u00e9r\u00e9s sor\u00e1n 52 sz\u00e1zal\u00e9kuk mondta azt, hogy a di\u00e1khitel n\u00e9lk\u00fcl nem tudta volna elkezdeni, folytatni vagy befejezni tanulm\u00e1nyait.<\/p>\n<p>A Di\u00e1khitel K\u00f6zpont a 18 \u00e9v alatt t\u00f6bb mint 363 ezer hallgat\u00f3val k\u00f6t\u00f6tt Di\u00e1khitel1 szerz\u0151d\u00e9st 310 milli\u00e1rd forintot meghalad\u00f3 \u00e9rt\u00e9kben, Di\u00e1khitel2 szerz\u0151d\u00e9st pedig csaknem 37 ezer hallgat\u00f3val t\u00f6bb mint 36 milli\u00e1rd forint \u00e9rt\u00e9kben.<\/p>\n<p>A vez\u00e9rigazgat\u00f3 a szabad felhaszn\u00e1l\u00e1s\u00fa di\u00e1khitellel kapcsolatban egyebek mellett kiemelte, hogy k\u00fclf\u00f6ldi r\u00e9sztanulm\u00e1nyokra is k\u00f6lthet\u0151, rugalmasan t\u00f6rleszthet\u0151, el\u0151t\u00f6rleszt\u00e9se ingyenes.<\/p>\n<p>A Di\u00e1khitel2 csak magyarorsz\u00e1gi tanulm\u00e1nyokra ford\u00edthat\u00f3, a k\u00e9pz\u00e9si k\u00f6lts\u00e9g eg\u00e9sz\u00e9t fedezheti, \u00e9s t\u00f6rleszt\u00e9se szint\u00e9n rugalmas.<\/p>\n<p>Magyar P\u00e9ter kiemelte azt is, hogy okt\u00f3ber 1-t\u0151l \u00faj term\u00e9ket vezetnek be, amelyet azok vehetnek ig\u00e9nybe, akik nem rendelkeznek a diplomaszerz\u00e9shez sz\u00fcks\u00e9ges nyelvvizsg\u00e1val.<\/p>\n<p>Tavaly a Di\u00e1khitel K\u00f6zpont \u00f6sszesen 13,7 milli\u00e1rd forint \u00f6sszeg\u0171 hitelt ny\u00fajtott. A Di\u00e1khitel1 konstrukci\u00f3t 6 sz\u00e1zal\u00e9kkal t\u00f6bben, a Di\u00e1khitel2 konstrukci\u00f3t 34 sz\u00e1zal\u00e9kkal t\u00f6bben ig\u00e9nyelt\u00e9k, mint 2017-ben.<\/p>\n<\/p><\/div>\n<p><script>\n    window.fbAsyncInit = function() {\n        FB.init({\n            appId      : \"204760236815359\",\n            xfbml      : true,\n            version    : \"v2.12\"\n        });\n        FB.AppEvents.logPageView();\n    };<\/p>\n<p>    (function(d, s, id){\n        var js, fjs = d.getElementsByTagName(s)[0];\n        if (d.getElementById(id)) {return;}\n        js = d.createElement(s); js.id = id;\n        js.src = \"http:\/\/connect.facebook.net\/hu_HU\/sdk.js\";\n        fjs.parentNode.insertBefore(js, fjs);\n    }(document, \"script\", \"facebook-jssdk\"));\n<\/script><br \/>\n<br \/>[ad_2]<br \/>\n<br \/><a href=\"https:\/\/www.vg.hu\/kozelet\/kozeleti-hirek\/rekordalacsony-a-diakhitel1-kamata-1580279\/\">Source link <\/a><\/p>\n","protected":false},"excerpt":{"rendered":"<p>[ad_1] A szabad felhaszn\u00e1l\u00e1s\u00fa Di\u00e1khitel1 kamat\u00e1t 1,99 sz\u00e1zal\u00e9kra cs\u00f6kkentette az el\u0151z\u0151 f\u00e9l\u00e9vi 2,2 sz\u00e1zal\u00e9kr\u00f3l a j\u00falius 1-j\u00e9t\u0151l december 31-ig tart\u00f3 id\u0151szakra a Di\u00e1khitel K\u00f6zpont Zrt. \u2013 jelentette be Magyar P\u00e9ter, a t\u00e1rsas\u00e1g \u00faj vez\u00e9rigazgat\u00f3ja szerd\u00e1n Budapesten sajt\u00f3t\u00e1j\u00e9koztat\u00f3n. A k\u00e9pz\u00e9si k\u00f6lts\u00e9gre haszn\u00e1lhat\u00f3 Di\u00e1khitel2 az \u00e1llami kamatt\u00e1mogat\u00e1snak k\u00f6sz\u00f6nhet\u0151en v\u00e1ltozatlanul 0 sz\u00e1zal\u00e9kos kamattal vehet\u0151 fel \u2013 mondta. A [&hellip;]<\/p>\n","protected":false},"author":2,"featured_media":4390,"comment_status":"open","ping_status":"open","sticky":false,"template":"","format":"standard","meta":{"footnotes":""},"categories":[1],"tags":[],"class_list":["post-4389","post","type-post","status-publish","format-standard","has-post-thumbnail","hentry","category-penzugyi-hirek"],"yoast_head":"<!-- This site is optimized with the Yoast SEO plugin v27.4 - https:\/\/yoast.com\/product\/yoast-seo-wordpress\/ -->\n<title>Rekordalacsony a Di\u00e1khitel1 kamata | Vil\u00e1ggazdas\u00e1g - Super News<\/title>\n<meta name=\"robots\" content=\"index, follow, max-snippet:-1, max-image-preview:large, max-video-preview:-1\" \/>\n<link rel=\"canonical\" href=\"https:\/\/super-news.info\/hu\/rekordalacsony-a-diakhitel1-kamata-vilaggazdasag\/\" \/>\n<meta property=\"og:locale\" content=\"hu_HU\" \/>\n<meta property=\"og:type\" content=\"article\" \/>\n<meta property=\"og:title\" content=\"Rekordalacsony a Di\u00e1khitel1 kamata | Vil\u00e1ggazdas\u00e1g - Super News\" \/>\n<meta property=\"og:description\" content=\"[ad_1] A szabad felhaszn\u00e1l\u00e1s\u00fa Di\u00e1khitel1 kamat\u00e1t 1,99 sz\u00e1zal\u00e9kra cs\u00f6kkentette az el\u0151z\u0151 f\u00e9l\u00e9vi 2,2 sz\u00e1zal\u00e9kr\u00f3l a j\u00falius 1-j\u00e9t\u0151l december 31-ig tart\u00f3 id\u0151szakra a Di\u00e1khitel K\u00f6zpont Zrt. \u2013 jelentette be Magyar P\u00e9ter, a t\u00e1rsas\u00e1g \u00faj vez\u00e9rigazgat\u00f3ja szerd\u00e1n Budapesten sajt\u00f3t\u00e1j\u00e9koztat\u00f3n. A k\u00e9pz\u00e9si k\u00f6lts\u00e9gre haszn\u00e1lhat\u00f3 Di\u00e1khitel2 az \u00e1llami kamatt\u00e1mogat\u00e1snak k\u00f6sz\u00f6nhet\u0151en v\u00e1ltozatlanul 0 sz\u00e1zal\u00e9kos kamattal vehet\u0151 fel \u2013 mondta. A [&hellip;]\" \/>\n<meta property=\"og:url\" content=\"https:\/\/super-news.info\/hu\/rekordalacsony-a-diakhitel1-kamata-vilaggazdasag\/\" \/>\n<meta property=\"og:site_name\" content=\"Super News\" \/>\n<meta property=\"article:published_time\" content=\"2019-06-19T12:08:30+00:00\" \/>\n<meta property=\"article:modified_time\" content=\"2019-06-19T12:08:31+00:00\" \/>\n<meta property=\"og:image\" content=\"https:\/\/super-news.info\/hu\/wp-content\/uploads\/sites\/3\/2019\/06\/Rekordalacsony-a-Di\u00e1khitel1-kamata-Vil\u00e1ggazdas\u00e1g.jpg\" \/>\n\t<meta property=\"og:image:width\" content=\"1280\" \/>\n\t<meta property=\"og:image:height\" content=\"853\" \/>\n\t<meta property=\"og:image:type\" content=\"image\/jpeg\" \/>\n<meta name=\"author\" content=\"super-news\" \/>\n<meta name=\"twitter:card\" content=\"summary_large_image\" \/>\n<meta name=\"twitter:label1\" content=\"Szerz\u0151:\" \/>\n\t<meta name=\"twitter:data1\" content=\"super-news\" \/>\n\t<meta name=\"twitter:label2\" content=\"Becs\u00fclt olvas\u00e1si id\u0151\" \/>\n\t<meta name=\"twitter:data2\" content=\"3 perc\" \/>\n<script type=\"application\/ld+json\" class=\"yoast-schema-graph\">{\"@context\":\"https:\\\/\\\/schema.org\",\"@graph\":[{\"@type\":\"Article\",\"@id\":\"https:\\\/\\\/super-news.info\\\/hu\\\/rekordalacsony-a-diakhitel1-kamata-vilaggazdasag\\\/#article\",\"isPartOf\":{\"@id\":\"https:\\\/\\\/super-news.info\\\/hu\\\/rekordalacsony-a-diakhitel1-kamata-vilaggazdasag\\\/\"},\"author\":{\"name\":\"super-news\",\"@id\":\"https:\\\/\\\/super-news.info\\\/hu\\\/#\\\/schema\\\/person\\\/2d4068cb2f39cd10008c2fce578a7356\"},\"headline\":\"Rekordalacsony a Di\u00e1khitel1 kamata | Vil\u00e1ggazdas\u00e1g\",\"datePublished\":\"2019-06-19T12:08:30+00:00\",\"dateModified\":\"2019-06-19T12:08:31+00:00\",\"mainEntityOfPage\":{\"@id\":\"https:\\\/\\\/super-news.info\\\/hu\\\/rekordalacsony-a-diakhitel1-kamata-vilaggazdasag\\\/\"},\"wordCount\":556,\"commentCount\":0,\"image\":{\"@id\":\"https:\\\/\\\/super-news.info\\\/hu\\\/rekordalacsony-a-diakhitel1-kamata-vilaggazdasag\\\/#primaryimage\"},\"thumbnailUrl\":\"https:\\\/\\\/super-news.info\\\/hu\\\/wp-content\\\/uploads\\\/sites\\\/3\\\/2019\\\/06\\\/Rekordalacsony-a-Di\u00e1khitel1-kamata-Vil\u00e1ggazdas\u00e1g.jpg\",\"articleSection\":[\"P\u00c9NZ\u00dcGYI H\u00cdREK\"],\"inLanguage\":\"hu\",\"potentialAction\":[{\"@type\":\"CommentAction\",\"name\":\"Comment\",\"target\":[\"https:\\\/\\\/super-news.info\\\/hu\\\/rekordalacsony-a-diakhitel1-kamata-vilaggazdasag\\\/#respond\"]}]},{\"@type\":\"WebPage\",\"@id\":\"https:\\\/\\\/super-news.info\\\/hu\\\/rekordalacsony-a-diakhitel1-kamata-vilaggazdasag\\\/\",\"url\":\"https:\\\/\\\/super-news.info\\\/hu\\\/rekordalacsony-a-diakhitel1-kamata-vilaggazdasag\\\/\",\"name\":\"Rekordalacsony a Di\u00e1khitel1 kamata | Vil\u00e1ggazdas\u00e1g - Super News\",\"isPartOf\":{\"@id\":\"https:\\\/\\\/super-news.info\\\/hu\\\/#website\"},\"primaryImageOfPage\":{\"@id\":\"https:\\\/\\\/super-news.info\\\/hu\\\/rekordalacsony-a-diakhitel1-kamata-vilaggazdasag\\\/#primaryimage\"},\"image\":{\"@id\":\"https:\\\/\\\/super-news.info\\\/hu\\\/rekordalacsony-a-diakhitel1-kamata-vilaggazdasag\\\/#primaryimage\"},\"thumbnailUrl\":\"https:\\\/\\\/super-news.info\\\/hu\\\/wp-content\\\/uploads\\\/sites\\\/3\\\/2019\\\/06\\\/Rekordalacsony-a-Di\u00e1khitel1-kamata-Vil\u00e1ggazdas\u00e1g.jpg\",\"datePublished\":\"2019-06-19T12:08:30+00:00\",\"dateModified\":\"2019-06-19T12:08:31+00:00\",\"author\":{\"@id\":\"https:\\\/\\\/super-news.info\\\/hu\\\/#\\\/schema\\\/person\\\/2d4068cb2f39cd10008c2fce578a7356\"},\"breadcrumb\":{\"@id\":\"https:\\\/\\\/super-news.info\\\/hu\\\/rekordalacsony-a-diakhitel1-kamata-vilaggazdasag\\\/#breadcrumb\"},\"inLanguage\":\"hu\",\"potentialAction\":[{\"@type\":\"ReadAction\",\"target\":[\"https:\\\/\\\/super-news.info\\\/hu\\\/rekordalacsony-a-diakhitel1-kamata-vilaggazdasag\\\/\"]}]},{\"@type\":\"ImageObject\",\"inLanguage\":\"hu\",\"@id\":\"https:\\\/\\\/super-news.info\\\/hu\\\/rekordalacsony-a-diakhitel1-kamata-vilaggazdasag\\\/#primaryimage\",\"url\":\"https:\\\/\\\/super-news.info\\\/hu\\\/wp-content\\\/uploads\\\/sites\\\/3\\\/2019\\\/06\\\/Rekordalacsony-a-Di\u00e1khitel1-kamata-Vil\u00e1ggazdas\u00e1g.jpg\",\"contentUrl\":\"https:\\\/\\\/super-news.info\\\/hu\\\/wp-content\\\/uploads\\\/sites\\\/3\\\/2019\\\/06\\\/Rekordalacsony-a-Di\u00e1khitel1-kamata-Vil\u00e1ggazdas\u00e1g.jpg\",\"width\":1280,\"height\":853,\"caption\":\"Rekordalacsony a Di\u00e1khitel1 kamata | Vil\u00e1ggazdas\u00e1g\"},{\"@type\":\"BreadcrumbList\",\"@id\":\"https:\\\/\\\/super-news.info\\\/hu\\\/rekordalacsony-a-diakhitel1-kamata-vilaggazdasag\\\/#breadcrumb\",\"itemListElement\":[{\"@type\":\"ListItem\",\"position\":1,\"name\":\"\u0413\u043b\u0430\u0432\u043d\u0430\u044f \u0441\u0442\u0440\u0430\u043d\u0438\u0446\u0430\",\"item\":\"https:\\\/\\\/super-news.info\\\/hu\\\/\"},{\"@type\":\"ListItem\",\"position\":2,\"name\":\"Rekordalacsony a Di\u00e1khitel1 kamata | Vil\u00e1ggazdas\u00e1g\"}]},{\"@type\":\"WebSite\",\"@id\":\"https:\\\/\\\/super-news.info\\\/hu\\\/#website\",\"url\":\"https:\\\/\\\/super-news.info\\\/hu\\\/\",\"name\":\"Super News\",\"description\":\"Super News Magyarorsz\u00e1g\",\"potentialAction\":[{\"@type\":\"SearchAction\",\"target\":{\"@type\":\"EntryPoint\",\"urlTemplate\":\"https:\\\/\\\/super-news.info\\\/hu\\\/?s={search_term_string}\"},\"query-input\":{\"@type\":\"PropertyValueSpecification\",\"valueRequired\":true,\"valueName\":\"search_term_string\"}}],\"inLanguage\":\"hu\"},{\"@type\":\"Person\",\"@id\":\"https:\\\/\\\/super-news.info\\\/hu\\\/#\\\/schema\\\/person\\\/2d4068cb2f39cd10008c2fce578a7356\",\"name\":\"super-news\",\"image\":{\"@type\":\"ImageObject\",\"inLanguage\":\"hu\",\"@id\":\"https:\\\/\\\/secure.gravatar.com\\\/avatar\\\/64ebac40b93f26a154f8a9b5b6fdccfc46f442b26b3dd6756dbff3bf9dc76fd7?s=96&d=mm&r=g\",\"url\":\"https:\\\/\\\/secure.gravatar.com\\\/avatar\\\/64ebac40b93f26a154f8a9b5b6fdccfc46f442b26b3dd6756dbff3bf9dc76fd7?s=96&d=mm&r=g\",\"contentUrl\":\"https:\\\/\\\/secure.gravatar.com\\\/avatar\\\/64ebac40b93f26a154f8a9b5b6fdccfc46f442b26b3dd6756dbff3bf9dc76fd7?s=96&d=mm&r=g\",\"caption\":\"super-news\"},\"url\":\"https:\\\/\\\/super-news.info\\\/hu\\\/author\\\/pt\\\/\"}]}<\/script>\n<!-- \/ Yoast SEO plugin. -->","yoast_head_json":{"title":"Rekordalacsony a Di\u00e1khitel1 kamata | Vil\u00e1ggazdas\u00e1g - Super News","robots":{"index":"index","follow":"follow","max-snippet":"max-snippet:-1","max-image-preview":"max-image-preview:large","max-video-preview":"max-video-preview:-1"},"canonical":"https:\/\/super-news.info\/hu\/rekordalacsony-a-diakhitel1-kamata-vilaggazdasag\/","og_locale":"hu_HU","og_type":"article","og_title":"Rekordalacsony a Di\u00e1khitel1 kamata | Vil\u00e1ggazdas\u00e1g - Super News","og_description":"[ad_1] A szabad felhaszn\u00e1l\u00e1s\u00fa Di\u00e1khitel1 kamat\u00e1t 1,99 sz\u00e1zal\u00e9kra cs\u00f6kkentette az el\u0151z\u0151 f\u00e9l\u00e9vi 2,2 sz\u00e1zal\u00e9kr\u00f3l a j\u00falius 1-j\u00e9t\u0151l december 31-ig tart\u00f3 id\u0151szakra a Di\u00e1khitel K\u00f6zpont Zrt. \u2013 jelentette be Magyar P\u00e9ter, a t\u00e1rsas\u00e1g \u00faj vez\u00e9rigazgat\u00f3ja szerd\u00e1n Budapesten sajt\u00f3t\u00e1j\u00e9koztat\u00f3n. A k\u00e9pz\u00e9si k\u00f6lts\u00e9gre haszn\u00e1lhat\u00f3 Di\u00e1khitel2 az \u00e1llami kamatt\u00e1mogat\u00e1snak k\u00f6sz\u00f6nhet\u0151en v\u00e1ltozatlanul 0 sz\u00e1zal\u00e9kos kamattal vehet\u0151 fel \u2013 mondta. A [&hellip;]","og_url":"https:\/\/super-news.info\/hu\/rekordalacsony-a-diakhitel1-kamata-vilaggazdasag\/","og_site_name":"Super News","article_published_time":"2019-06-19T12:08:30+00:00","article_modified_time":"2019-06-19T12:08:31+00:00","og_image":[{"width":1280,"height":853,"url":"https:\/\/super-news.info\/hu\/wp-content\/uploads\/sites\/3\/2019\/06\/Rekordalacsony-a-Di\u00e1khitel1-kamata-Vil\u00e1ggazdas\u00e1g.jpg","type":"image\/jpeg"}],"author":"super-news","twitter_card":"summary_large_image","twitter_misc":{"Szerz\u0151:":"super-news","Becs\u00fclt olvas\u00e1si id\u0151":"3 perc"},"schema":{"@context":"https:\/\/schema.org","@graph":[{"@type":"Article","@id":"https:\/\/super-news.info\/hu\/rekordalacsony-a-diakhitel1-kamata-vilaggazdasag\/#article","isPartOf":{"@id":"https:\/\/super-news.info\/hu\/rekordalacsony-a-diakhitel1-kamata-vilaggazdasag\/"},"author":{"name":"super-news","@id":"https:\/\/super-news.info\/hu\/#\/schema\/person\/2d4068cb2f39cd10008c2fce578a7356"},"headline":"Rekordalacsony a Di\u00e1khitel1 kamata | Vil\u00e1ggazdas\u00e1g","datePublished":"2019-06-19T12:08:30+00:00","dateModified":"2019-06-19T12:08:31+00:00","mainEntityOfPage":{"@id":"https:\/\/super-news.info\/hu\/rekordalacsony-a-diakhitel1-kamata-vilaggazdasag\/"},"wordCount":556,"commentCount":0,"image":{"@id":"https:\/\/super-news.info\/hu\/rekordalacsony-a-diakhitel1-kamata-vilaggazdasag\/#primaryimage"},"thumbnailUrl":"https:\/\/super-news.info\/hu\/wp-content\/uploads\/sites\/3\/2019\/06\/Rekordalacsony-a-Di\u00e1khitel1-kamata-Vil\u00e1ggazdas\u00e1g.jpg","articleSection":["P\u00c9NZ\u00dcGYI H\u00cdREK"],"inLanguage":"hu","potentialAction":[{"@type":"CommentAction","name":"Comment","target":["https:\/\/super-news.info\/hu\/rekordalacsony-a-diakhitel1-kamata-vilaggazdasag\/#respond"]}]},{"@type":"WebPage","@id":"https:\/\/super-news.info\/hu\/rekordalacsony-a-diakhitel1-kamata-vilaggazdasag\/","url":"https:\/\/super-news.info\/hu\/rekordalacsony-a-diakhitel1-kamata-vilaggazdasag\/","name":"Rekordalacsony a Di\u00e1khitel1 kamata | Vil\u00e1ggazdas\u00e1g - Super News","isPartOf":{"@id":"https:\/\/super-news.info\/hu\/#website"},"primaryImageOfPage":{"@id":"https:\/\/super-news.info\/hu\/rekordalacsony-a-diakhitel1-kamata-vilaggazdasag\/#primaryimage"},"image":{"@id":"https:\/\/super-news.info\/hu\/rekordalacsony-a-diakhitel1-kamata-vilaggazdasag\/#primaryimage"},"thumbnailUrl":"https:\/\/super-news.info\/hu\/wp-content\/uploads\/sites\/3\/2019\/06\/Rekordalacsony-a-Di\u00e1khitel1-kamata-Vil\u00e1ggazdas\u00e1g.jpg","datePublished":"2019-06-19T12:08:30+00:00","dateModified":"2019-06-19T12:08:31+00:00","author":{"@id":"https:\/\/super-news.info\/hu\/#\/schema\/person\/2d4068cb2f39cd10008c2fce578a7356"},"breadcrumb":{"@id":"https:\/\/super-news.info\/hu\/rekordalacsony-a-diakhitel1-kamata-vilaggazdasag\/#breadcrumb"},"inLanguage":"hu","potentialAction":[{"@type":"ReadAction","target":["https:\/\/super-news.info\/hu\/rekordalacsony-a-diakhitel1-kamata-vilaggazdasag\/"]}]},{"@type":"ImageObject","inLanguage":"hu","@id":"https:\/\/super-news.info\/hu\/rekordalacsony-a-diakhitel1-kamata-vilaggazdasag\/#primaryimage","url":"https:\/\/super-news.info\/hu\/wp-content\/uploads\/sites\/3\/2019\/06\/Rekordalacsony-a-Di\u00e1khitel1-kamata-Vil\u00e1ggazdas\u00e1g.jpg","contentUrl":"https:\/\/super-news.info\/hu\/wp-content\/uploads\/sites\/3\/2019\/06\/Rekordalacsony-a-Di\u00e1khitel1-kamata-Vil\u00e1ggazdas\u00e1g.jpg","width":1280,"height":853,"caption":"Rekordalacsony a Di\u00e1khitel1 kamata | Vil\u00e1ggazdas\u00e1g"},{"@type":"BreadcrumbList","@id":"https:\/\/super-news.info\/hu\/rekordalacsony-a-diakhitel1-kamata-vilaggazdasag\/#breadcrumb","itemListElement":[{"@type":"ListItem","position":1,"name":"\u0413\u043b\u0430\u0432\u043d\u0430\u044f \u0441\u0442\u0440\u0430\u043d\u0438\u0446\u0430","item":"https:\/\/super-news.info\/hu\/"},{"@type":"ListItem","position":2,"name":"Rekordalacsony a Di\u00e1khitel1 kamata | Vil\u00e1ggazdas\u00e1g"}]},{"@type":"WebSite","@id":"https:\/\/super-news.info\/hu\/#website","url":"https:\/\/super-news.info\/hu\/","name":"Super News","description":"Super News Magyarorsz\u00e1g","potentialAction":[{"@type":"SearchAction","target":{"@type":"EntryPoint","urlTemplate":"https:\/\/super-news.info\/hu\/?s={search_term_string}"},"query-input":{"@type":"PropertyValueSpecification","valueRequired":true,"valueName":"search_term_string"}}],"inLanguage":"hu"},{"@type":"Person","@id":"https:\/\/super-news.info\/hu\/#\/schema\/person\/2d4068cb2f39cd10008c2fce578a7356","name":"super-news","image":{"@type":"ImageObject","inLanguage":"hu","@id":"https:\/\/secure.gravatar.com\/avatar\/64ebac40b93f26a154f8a9b5b6fdccfc46f442b26b3dd6756dbff3bf9dc76fd7?s=96&d=mm&r=g","url":"https:\/\/secure.gravatar.com\/avatar\/64ebac40b93f26a154f8a9b5b6fdccfc46f442b26b3dd6756dbff3bf9dc76fd7?s=96&d=mm&r=g","contentUrl":"https:\/\/secure.gravatar.com\/avatar\/64ebac40b93f26a154f8a9b5b6fdccfc46f442b26b3dd6756dbff3bf9dc76fd7?s=96&d=mm&r=g","caption":"super-news"},"url":"https:\/\/super-news.info\/hu\/author\/pt\/"}]}},"_links":{"self":[{"href":"https:\/\/super-news.info\/hu\/wp-json\/wp\/v2\/posts\/4389","targetHints":{"allow":["GET"]}}],"collection":[{"href":"https:\/\/super-news.info\/hu\/wp-json\/wp\/v2\/posts"}],"about":[{"href":"https:\/\/super-news.info\/hu\/wp-json\/wp\/v2\/types\/post"}],"author":[{"embeddable":true,"href":"https:\/\/super-news.info\/hu\/wp-json\/wp\/v2\/users\/2"}],"replies":[{"embeddable":true,"href":"https:\/\/super-news.info\/hu\/wp-json\/wp\/v2\/comments?post=4389"}],"version-history":[{"count":1,"href":"https:\/\/super-news.info\/hu\/wp-json\/wp\/v2\/posts\/4389\/revisions"}],"predecessor-version":[{"id":4391,"href":"https:\/\/super-news.info\/hu\/wp-json\/wp\/v2\/posts\/4389\/revisions\/4391"}],"wp:featuredmedia":[{"embeddable":true,"href":"https:\/\/super-news.info\/hu\/wp-json\/wp\/v2\/media\/4390"}],"wp:attachment":[{"href":"https:\/\/super-news.info\/hu\/wp-json\/wp\/v2\/media?parent=4389"}],"wp:term":[{"taxonomy":"category","embeddable":true,"href":"https:\/\/super-news.info\/hu\/wp-json\/wp\/v2\/categories?post=4389"},{"taxonomy":"post_tag","embeddable":true,"href":"https:\/\/super-news.info\/hu\/wp-json\/wp\/v2\/tags?post=4389"}],"curies":[{"name":"wp","href":"https:\/\/api.w.org\/{rel}","templated":true}]}}