{"id":4366,"date":"2019-06-19T09:28:45","date_gmt":"2019-06-19T06:28:45","guid":{"rendered":"https:\/\/super-news.info\/hu\/brexit-nem-cel-a-rendezetlen-kilepes\/"},"modified":"2019-06-19T09:28:47","modified_gmt":"2019-06-19T06:28:47","slug":"brexit-nem-cel-a-rendezetlen-kilepes","status":"publish","type":"post","link":"https:\/\/super-news.info\/hu\/brexit-nem-cel-a-rendezetlen-kilepes\/","title":{"rendered":"Brexit: nem c\u00e9l a rendezetlen kil\u00e9p\u00e9s"},"content":{"rendered":"<p> [ad_1]<br \/>\n<\/p>\n<p>\n\t\t\t\t\t\t\t\tBoris Johnson volt brit k\u00fcl\u00fcgyminiszter szerint sem \u0151, sem a korm\u00e1nyz\u00f3 brit Konzervat\u00edv P\u00e1rt vezet\u0151i tiszts\u00e9g\u00e9re p\u00e1ly\u00e1z\u00f3 t\u00f6bbi jel\u00f6lt nem t\u00f6rekszik arra, hogy az Egyes\u00fclt Kir\u00e1lys\u00e1g meg\u00e1llapod\u00e1s n\u00e9lk\u00fcl, rendezetlen m\u00f3don l\u00e9pjen ki az Eur\u00f3pai Uni\u00f3b\u00f3l.\t\t\t\t\t\t\t<\/p>\n<div>\n<p>Boris Johnson \u2013 a tory kem\u00e9nyvonalas Brexit-t\u00e1bor frontembere \u2013 a BBC telev\u00edzi\u00f3 kedd esti vitam\u0171sor\u00e1ban vett r\u00e9szt azzal a m\u00e1sik n\u00e9gy ut\u00f3djel\u00f6lttel egy\u00fctt, aki a vezet\u0151v\u00e1laszt\u00e1si folyamat kedden tartott m\u00e1sodik frakci\u00f3szavaz\u00e1si fordul\u00f3ja ut\u00e1n versenyben maradt.<\/p>\n<p>A m\u00e1sodik fordul\u00f3ban \u2013 amelyben a 313 f\u0151s als\u00f3h\u00e1zi konzervat\u00edv frakci\u00f3b\u00f3l minimum 33 k\u00e9pvisel\u0151 voks\u00e1ra volt sz\u00fcks\u00e9g a bennmarad\u00e1shoz \u2013 Boris Johnson a mez\u0151ny \u00e9l\u00e9n v\u00e9gzett 126 szavazattal.<\/p>\n<p>Jeremy Hunt jelenlegi k\u00fcl\u00fcgyminiszter 46, Michael Gove k\u00f6rnyezetv\u00e9delmi miniszter 41, Rory Stewart nemzetk\u00f6zi fejleszt\u00e9si miniszter 37, Sajid Javid bel\u00fcgyminiszter \u00e9ppen 33 szavazatot gy\u0171jt\u00f6tt.<\/p>\n<div id=\"attachment_631621\" style=\"width: 1410px\" class=\"wp-caption aligncenter\">\n<p class=\"wp-caption-text\">Boris Johnson<br \/>Fot\u00f3: AFP<\/p>\n<\/div>\n<p>Az als\u00f3h\u00e1zi szavaz\u00e1s ut\u00e1n, kedd este tartott BBC-vitam\u0171sorban \u2013 amelyben a jel\u00f6ltek t\u00f6bb n\u00e9z\u0151 vide\u00f3kapcsolaton \u00e1t feltett k\u00e9rd\u00e9seire v\u00e1laszoltak \u2013 Johnson kijelentette: senki nem akar meg\u00e1llapod\u00e1s n\u00e9lk\u00fcli, rendezetlen Brexitet, de a helyes elj\u00e1r\u00e1s az, ha az orsz\u00e1g erre a lehet\u0151s\u00e9gre is felk\u00e9sz\u00fcl.<\/p>\n<p>Jeremy Hunt ezzel egyet\u00e9rtett, de kijelentette:<\/p>\n<p>ha \u0151 lesz a k\u00f6vetkez\u0151 brit minisztereln\u00f6k, \u00e9s \u00fagy l\u00e1tja, hogy a Brexit jelenleg \u00e9rv\u00e9nyes okt\u00f3ber 31-i hat\u00e1rnapj\u00e1ig semmi es\u00e9ly a londoni als\u00f3h\u00e1z \u00e1ltal eddig h\u00e1romszor elutas\u00edtott kil\u00e9p\u00e9si felt\u00e9telrendszer m\u00f3dos\u00edt\u00e1s\u00e1ra, akkor \u0151 k\u00e9sz lenne meg\u00e1llapod\u00e1s n\u00e9lk\u00fcl kivezetni az orsz\u00e1got az Eur\u00f3pai Uni\u00f3b\u00f3l.<\/p>\n<p>Sajid Javid is azt a v\u00e9lem\u00e9ny\u00e9t hangoztatta, hogy az okt\u00f3ber 31-i Brexit-hat\u00e1rid\u0151t tartani kell. \u201eSz\u00fcks\u00e9g van egy hat\u00e1rid\u0151re, mivel ez mindenki figyelm\u00e9t a feladatra \u00f6sszpontos\u00edtja\u201d \u2013 fogalmazott.<\/p>\n<p>Boris Johnson szerint az okt\u00f3ber 31-i hat\u00e1rid\u0151 \u201eegy\u00e9rtelm\u0171en tarhat\u00f3\u201d, \u00e9s be is kell tartani, mivel Nagy-Britannia a kil\u00e9p\u00e9s eredeti, m\u00e1rcius v\u00e9gi hat\u00e1ridej\u00e9t m\u00e1r elszalasztotta, \u00e9s m\u00e9g egy halaszt\u00e1s eset\u00e9n a k\u00f6zv\u00e9lem\u00e9ny \u201eegyre nagyobb \u00e9rtetlens\u00e9ggel\u201d szeml\u00e9ln\u00e9, hogy mi t\u00f6rt\u00e9nik.<\/p>\n<p>Michael Gove ugyanakkor kijelentette: az \u201e\u00f6nk\u00e9nyesen kijel\u00f6lt\u201d hat\u00e1rid\u0151k \u00e1ltal\u00e1ban a sz\u00e1nd\u00e9kolttal ellent\u00e9tes hat\u00e1s\u00faak.<\/p>\n<p>Hozz\u00e1tette: ha \u0151t v\u00e1lasztj\u00e1k a Konzervat\u00edv P\u00e1rt k\u00f6vetkez\u0151 vezet\u0151j\u00e9v\u00e9 \u00e9s \u00edgy a k\u00f6vetkez\u0151 brit minisztereln\u00f6kk\u00e9, nem tartan\u00e1 probl\u00e9m\u00e1nak az okt\u00f3ber 31-i Brexit-hat\u00e1rid\u0151 \u201en\u00e9h\u00e1ny napos\u201d t\u00fall\u00e9p\u00e9s\u00e9t, ha csak ennyi hi\u00e1nyozna az \u00faj Brexit-meg\u00e1llapod\u00e1shoz.<\/p>\n<div id=\"attachment_1566356\" style=\"width: 1410px\" class=\"wp-caption aligncenter\"><img loading=\"lazy\" decoding=\"async\" class=\"size-full wp-image-1566356\" src=\"https:\/\/super-news.info\/hu\/wp-content\/uploads\/sites\/3\/2019\/06\/Brexit-nem-cel-a-rendezetlen-kilepes.jpg\" alt=\"\" width=\"1400\" height=\"933\"  \/><\/p>\n<p class=\"wp-caption-text\">Fot\u00f3: AFP<\/p>\n<\/div>\n<p>\u201eA futballm\u00e9rk\u0151z\u00e9seken is n\u00e9ha a hosszabb\u00edt\u00e1sban l\u00f6vik a gy\u0151ztes g\u00f3lt\u201d \u2013 fogalmazott a k\u00f6rnyezetv\u00e9delmi miniszter.<\/p>\n<p>Jeremy Hunt k\u00fcl\u00fcgyminiszter megism\u00e9telte azt a kor\u00e1bban is hangoztatott n\u00e9zet\u00e9t, hogy megfelel\u0151 brit javaslat eset\u00e9n az Eur\u00f3pai Uni\u00f3 hajland\u00f3 lenne \u00fajrat\u00e1rgyalni a Brexit-egyezm\u00e9nycsomagot.<\/p>\n<p>Az Eur\u00f3pai Bizotts\u00e1g azonban t\u00f6bbsz\u00f6r is hat\u00e1rozottan lesz\u00f6gezte, hogy nem lehets\u00e9ges a kil\u00e9p\u00e9si egyezs\u00e9gr\u0151l folytatott, a felt\u00e9telrendszert r\u00f6gz\u00edt\u0151 meg\u00e1llapod\u00e1s novemberi al\u00e1\u00edr\u00e1s\u00e1val lez\u00e1rt t\u00e1rgyal\u00e1sok \u00fajraind\u00edt\u00e1sa.<\/p>\n<p>Rory Stewart, a legink\u00e1bb EU-p\u00e1rti vezet\u0151jel\u00f6lt volt az egyetlen a kedd esti vit\u00e1ban, aki \u2013 eddig is vallott \u00e1ll\u00e1spontj\u00e1hoz h\u00edven \u2013 hat\u00e1rozottan kiz\u00e1rta a meg\u00e1llapod\u00e1s n\u00e9lk\u00fcli Brexitet. A nemzetk\u00f6zi fejleszt\u00e9si miniszter szerint \u201ek\u00e1rokat okozna \u00e9s felesleges lenne\u201d a rendezetlen kil\u00e9p\u00e9s az EU-b\u00f3l. Hozz\u00e1tette:<\/p>\n<p>versenyt\u00e1rsai nem tudj\u00e1k megmagyar\u00e1zni, hogy mik\u00e9pp l\u00e9ptetn\u00e9k ki az orsz\u00e1got meg\u00e1llapod\u00e1s n\u00e9lk\u00fcl az uni\u00f3b\u00f3l a londoni parlament hozz\u00e1j\u00e1rul\u00e1sa n\u00e9lk\u00fcl.<\/p>\n<p>Az als\u00f3h\u00e1zi k\u00e9pvisel\u0151k t\u00f6bbs\u00e9ge egy\u00e9rtelm\u0171en ellenzi a meg\u00e1llapod\u00e1s n\u00e9lk\u00fcli Brexitet, \u00e9s ezt az elm\u00falt hetekben t\u00f6bb szavaz\u00e1son is kifejez\u00e9sre juttatta.<\/p>\n<\/p><\/div>\n<p><script>\n    window.fbAsyncInit = function() {\n        FB.init({\n            appId      : \"204760236815359\",\n            xfbml      : true,\n            version    : \"v2.12\"\n        });\n        FB.AppEvents.logPageView();\n    };<\/p>\n<p>    (function(d, s, id){\n        var js, fjs = d.getElementsByTagName(s)[0];\n        if (d.getElementById(id)) {return;}\n        js = d.createElement(s); js.id = id;\n        js.src = \"http:\/\/connect.facebook.net\/hu_HU\/sdk.js\";\n        fjs.parentNode.insertBefore(js, fjs);\n    }(document, \"script\", \"facebook-jssdk\"));\n<\/script><br \/>\n<br \/>[ad_2]<br \/>\n<br \/><a href=\"https:\/\/www.vg.hu\/kozelet\/politika\/brexit-nem-cel-a-rendezetlen-kilepes-1579412\/\">Source link <\/a><\/p>\n","protected":false},"excerpt":{"rendered":"<p>[ad_1] Boris Johnson volt brit k\u00fcl\u00fcgyminiszter szerint sem \u0151, sem a korm\u00e1nyz\u00f3 brit Konzervat\u00edv P\u00e1rt vezet\u0151i tiszts\u00e9g\u00e9re p\u00e1ly\u00e1z\u00f3 t\u00f6bbi jel\u00f6lt nem t\u00f6rekszik arra, hogy az Egyes\u00fclt Kir\u00e1lys\u00e1g meg\u00e1llapod\u00e1s n\u00e9lk\u00fcl, rendezetlen m\u00f3don l\u00e9pjen ki az Eur\u00f3pai Uni\u00f3b\u00f3l. Boris Johnson \u2013 a tory kem\u00e9nyvonalas Brexit-t\u00e1bor frontembere \u2013 a BBC telev\u00edzi\u00f3 kedd esti vitam\u0171sor\u00e1ban vett r\u00e9szt azzal a [&hellip;]<\/p>\n","protected":false},"author":2,"featured_media":4367,"comment_status":"open","ping_status":"open","sticky":false,"template":"","format":"standard","meta":{"footnotes":""},"categories":[1],"tags":[],"class_list":["post-4366","post","type-post","status-publish","format-standard","has-post-thumbnail","hentry","category-penzugyi-hirek"],"yoast_head":"<!-- This site is optimized with the Yoast SEO plugin v27.4 - https:\/\/yoast.com\/product\/yoast-seo-wordpress\/ -->\n<title>Brexit: nem c\u00e9l a rendezetlen kil\u00e9p\u00e9s - Super News<\/title>\n<meta name=\"robots\" content=\"index, follow, max-snippet:-1, max-image-preview:large, max-video-preview:-1\" \/>\n<link rel=\"canonical\" href=\"https:\/\/super-news.info\/hu\/brexit-nem-cel-a-rendezetlen-kilepes\/\" \/>\n<meta property=\"og:locale\" content=\"hu_HU\" \/>\n<meta property=\"og:type\" content=\"article\" \/>\n<meta property=\"og:title\" content=\"Brexit: nem c\u00e9l a rendezetlen kil\u00e9p\u00e9s - Super News\" \/>\n<meta property=\"og:description\" content=\"[ad_1] Boris Johnson volt brit k\u00fcl\u00fcgyminiszter szerint sem \u0151, sem a korm\u00e1nyz\u00f3 brit Konzervat\u00edv P\u00e1rt vezet\u0151i tiszts\u00e9g\u00e9re p\u00e1ly\u00e1z\u00f3 t\u00f6bbi jel\u00f6lt nem t\u00f6rekszik arra, hogy az Egyes\u00fclt Kir\u00e1lys\u00e1g meg\u00e1llapod\u00e1s n\u00e9lk\u00fcl, rendezetlen m\u00f3don l\u00e9pjen ki az Eur\u00f3pai Uni\u00f3b\u00f3l. Boris Johnson \u2013 a tory kem\u00e9nyvonalas Brexit-t\u00e1bor frontembere \u2013 a BBC telev\u00edzi\u00f3 kedd esti vitam\u0171sor\u00e1ban vett r\u00e9szt azzal a [&hellip;]\" \/>\n<meta property=\"og:url\" content=\"https:\/\/super-news.info\/hu\/brexit-nem-cel-a-rendezetlen-kilepes\/\" \/>\n<meta property=\"og:site_name\" content=\"Super News\" \/>\n<meta property=\"article:published_time\" content=\"2019-06-19T06:28:45+00:00\" \/>\n<meta property=\"article:modified_time\" content=\"2019-06-19T06:28:47+00:00\" \/>\n<meta property=\"og:image\" content=\"https:\/\/super-news.info\/hu\/wp-content\/uploads\/sites\/3\/2019\/06\/Brexit-nem-c\u00e9l-a-rendezetlen-kil\u00e9p\u00e9s.jpg\" \/>\n\t<meta property=\"og:image:width\" content=\"1400\" \/>\n\t<meta property=\"og:image:height\" content=\"933\" \/>\n\t<meta property=\"og:image:type\" content=\"image\/jpeg\" \/>\n<meta name=\"author\" content=\"super-news\" \/>\n<meta name=\"twitter:card\" content=\"summary_large_image\" \/>\n<meta name=\"twitter:label1\" content=\"Szerz\u0151:\" \/>\n\t<meta name=\"twitter:data1\" content=\"super-news\" \/>\n\t<meta name=\"twitter:label2\" content=\"Becs\u00fclt olvas\u00e1si id\u0151\" \/>\n\t<meta name=\"twitter:data2\" content=\"4 perc\" \/>\n<script type=\"application\/ld+json\" class=\"yoast-schema-graph\">{\"@context\":\"https:\\\/\\\/schema.org\",\"@graph\":[{\"@type\":\"Article\",\"@id\":\"https:\\\/\\\/super-news.info\\\/hu\\\/brexit-nem-cel-a-rendezetlen-kilepes\\\/#article\",\"isPartOf\":{\"@id\":\"https:\\\/\\\/super-news.info\\\/hu\\\/brexit-nem-cel-a-rendezetlen-kilepes\\\/\"},\"author\":{\"name\":\"super-news\",\"@id\":\"https:\\\/\\\/super-news.info\\\/hu\\\/#\\\/schema\\\/person\\\/2d4068cb2f39cd10008c2fce578a7356\"},\"headline\":\"Brexit: nem c\u00e9l a rendezetlen kil\u00e9p\u00e9s\",\"datePublished\":\"2019-06-19T06:28:45+00:00\",\"dateModified\":\"2019-06-19T06:28:47+00:00\",\"mainEntityOfPage\":{\"@id\":\"https:\\\/\\\/super-news.info\\\/hu\\\/brexit-nem-cel-a-rendezetlen-kilepes\\\/\"},\"wordCount\":750,\"commentCount\":0,\"image\":{\"@id\":\"https:\\\/\\\/super-news.info\\\/hu\\\/brexit-nem-cel-a-rendezetlen-kilepes\\\/#primaryimage\"},\"thumbnailUrl\":\"https:\\\/\\\/super-news.info\\\/hu\\\/wp-content\\\/uploads\\\/sites\\\/3\\\/2019\\\/06\\\/Brexit-nem-c\u00e9l-a-rendezetlen-kil\u00e9p\u00e9s.jpg\",\"articleSection\":[\"P\u00c9NZ\u00dcGYI H\u00cdREK\"],\"inLanguage\":\"hu\",\"potentialAction\":[{\"@type\":\"CommentAction\",\"name\":\"Comment\",\"target\":[\"https:\\\/\\\/super-news.info\\\/hu\\\/brexit-nem-cel-a-rendezetlen-kilepes\\\/#respond\"]}]},{\"@type\":\"WebPage\",\"@id\":\"https:\\\/\\\/super-news.info\\\/hu\\\/brexit-nem-cel-a-rendezetlen-kilepes\\\/\",\"url\":\"https:\\\/\\\/super-news.info\\\/hu\\\/brexit-nem-cel-a-rendezetlen-kilepes\\\/\",\"name\":\"Brexit: nem c\u00e9l a rendezetlen kil\u00e9p\u00e9s - Super News\",\"isPartOf\":{\"@id\":\"https:\\\/\\\/super-news.info\\\/hu\\\/#website\"},\"primaryImageOfPage\":{\"@id\":\"https:\\\/\\\/super-news.info\\\/hu\\\/brexit-nem-cel-a-rendezetlen-kilepes\\\/#primaryimage\"},\"image\":{\"@id\":\"https:\\\/\\\/super-news.info\\\/hu\\\/brexit-nem-cel-a-rendezetlen-kilepes\\\/#primaryimage\"},\"thumbnailUrl\":\"https:\\\/\\\/super-news.info\\\/hu\\\/wp-content\\\/uploads\\\/sites\\\/3\\\/2019\\\/06\\\/Brexit-nem-c\u00e9l-a-rendezetlen-kil\u00e9p\u00e9s.jpg\",\"datePublished\":\"2019-06-19T06:28:45+00:00\",\"dateModified\":\"2019-06-19T06:28:47+00:00\",\"author\":{\"@id\":\"https:\\\/\\\/super-news.info\\\/hu\\\/#\\\/schema\\\/person\\\/2d4068cb2f39cd10008c2fce578a7356\"},\"breadcrumb\":{\"@id\":\"https:\\\/\\\/super-news.info\\\/hu\\\/brexit-nem-cel-a-rendezetlen-kilepes\\\/#breadcrumb\"},\"inLanguage\":\"hu\",\"potentialAction\":[{\"@type\":\"ReadAction\",\"target\":[\"https:\\\/\\\/super-news.info\\\/hu\\\/brexit-nem-cel-a-rendezetlen-kilepes\\\/\"]}]},{\"@type\":\"ImageObject\",\"inLanguage\":\"hu\",\"@id\":\"https:\\\/\\\/super-news.info\\\/hu\\\/brexit-nem-cel-a-rendezetlen-kilepes\\\/#primaryimage\",\"url\":\"https:\\\/\\\/super-news.info\\\/hu\\\/wp-content\\\/uploads\\\/sites\\\/3\\\/2019\\\/06\\\/Brexit-nem-c\u00e9l-a-rendezetlen-kil\u00e9p\u00e9s.jpg\",\"contentUrl\":\"https:\\\/\\\/super-news.info\\\/hu\\\/wp-content\\\/uploads\\\/sites\\\/3\\\/2019\\\/06\\\/Brexit-nem-c\u00e9l-a-rendezetlen-kil\u00e9p\u00e9s.jpg\",\"width\":1400,\"height\":933,\"caption\":\"Brexit: nem c\u00e9l a rendezetlen kil\u00e9p\u00e9s\"},{\"@type\":\"BreadcrumbList\",\"@id\":\"https:\\\/\\\/super-news.info\\\/hu\\\/brexit-nem-cel-a-rendezetlen-kilepes\\\/#breadcrumb\",\"itemListElement\":[{\"@type\":\"ListItem\",\"position\":1,\"name\":\"\u0413\u043b\u0430\u0432\u043d\u0430\u044f \u0441\u0442\u0440\u0430\u043d\u0438\u0446\u0430\",\"item\":\"https:\\\/\\\/super-news.info\\\/hu\\\/\"},{\"@type\":\"ListItem\",\"position\":2,\"name\":\"Brexit: nem c\u00e9l a rendezetlen kil\u00e9p\u00e9s\"}]},{\"@type\":\"WebSite\",\"@id\":\"https:\\\/\\\/super-news.info\\\/hu\\\/#website\",\"url\":\"https:\\\/\\\/super-news.info\\\/hu\\\/\",\"name\":\"Super News\",\"description\":\"Super News Magyarorsz\u00e1g\",\"potentialAction\":[{\"@type\":\"SearchAction\",\"target\":{\"@type\":\"EntryPoint\",\"urlTemplate\":\"https:\\\/\\\/super-news.info\\\/hu\\\/?s={search_term_string}\"},\"query-input\":{\"@type\":\"PropertyValueSpecification\",\"valueRequired\":true,\"valueName\":\"search_term_string\"}}],\"inLanguage\":\"hu\"},{\"@type\":\"Person\",\"@id\":\"https:\\\/\\\/super-news.info\\\/hu\\\/#\\\/schema\\\/person\\\/2d4068cb2f39cd10008c2fce578a7356\",\"name\":\"super-news\",\"image\":{\"@type\":\"ImageObject\",\"inLanguage\":\"hu\",\"@id\":\"https:\\\/\\\/secure.gravatar.com\\\/avatar\\\/64ebac40b93f26a154f8a9b5b6fdccfc46f442b26b3dd6756dbff3bf9dc76fd7?s=96&d=mm&r=g\",\"url\":\"https:\\\/\\\/secure.gravatar.com\\\/avatar\\\/64ebac40b93f26a154f8a9b5b6fdccfc46f442b26b3dd6756dbff3bf9dc76fd7?s=96&d=mm&r=g\",\"contentUrl\":\"https:\\\/\\\/secure.gravatar.com\\\/avatar\\\/64ebac40b93f26a154f8a9b5b6fdccfc46f442b26b3dd6756dbff3bf9dc76fd7?s=96&d=mm&r=g\",\"caption\":\"super-news\"},\"url\":\"https:\\\/\\\/super-news.info\\\/hu\\\/author\\\/pt\\\/\"}]}<\/script>\n<!-- \/ Yoast SEO plugin. -->","yoast_head_json":{"title":"Brexit: nem c\u00e9l a rendezetlen kil\u00e9p\u00e9s - Super News","robots":{"index":"index","follow":"follow","max-snippet":"max-snippet:-1","max-image-preview":"max-image-preview:large","max-video-preview":"max-video-preview:-1"},"canonical":"https:\/\/super-news.info\/hu\/brexit-nem-cel-a-rendezetlen-kilepes\/","og_locale":"hu_HU","og_type":"article","og_title":"Brexit: nem c\u00e9l a rendezetlen kil\u00e9p\u00e9s - Super News","og_description":"[ad_1] Boris Johnson volt brit k\u00fcl\u00fcgyminiszter szerint sem \u0151, sem a korm\u00e1nyz\u00f3 brit Konzervat\u00edv P\u00e1rt vezet\u0151i tiszts\u00e9g\u00e9re p\u00e1ly\u00e1z\u00f3 t\u00f6bbi jel\u00f6lt nem t\u00f6rekszik arra, hogy az Egyes\u00fclt Kir\u00e1lys\u00e1g meg\u00e1llapod\u00e1s n\u00e9lk\u00fcl, rendezetlen m\u00f3don l\u00e9pjen ki az Eur\u00f3pai Uni\u00f3b\u00f3l. Boris Johnson \u2013 a tory kem\u00e9nyvonalas Brexit-t\u00e1bor frontembere \u2013 a BBC telev\u00edzi\u00f3 kedd esti vitam\u0171sor\u00e1ban vett r\u00e9szt azzal a [&hellip;]","og_url":"https:\/\/super-news.info\/hu\/brexit-nem-cel-a-rendezetlen-kilepes\/","og_site_name":"Super News","article_published_time":"2019-06-19T06:28:45+00:00","article_modified_time":"2019-06-19T06:28:47+00:00","og_image":[{"width":1400,"height":933,"url":"https:\/\/super-news.info\/hu\/wp-content\/uploads\/sites\/3\/2019\/06\/Brexit-nem-c\u00e9l-a-rendezetlen-kil\u00e9p\u00e9s.jpg","type":"image\/jpeg"}],"author":"super-news","twitter_card":"summary_large_image","twitter_misc":{"Szerz\u0151:":"super-news","Becs\u00fclt olvas\u00e1si id\u0151":"4 perc"},"schema":{"@context":"https:\/\/schema.org","@graph":[{"@type":"Article","@id":"https:\/\/super-news.info\/hu\/brexit-nem-cel-a-rendezetlen-kilepes\/#article","isPartOf":{"@id":"https:\/\/super-news.info\/hu\/brexit-nem-cel-a-rendezetlen-kilepes\/"},"author":{"name":"super-news","@id":"https:\/\/super-news.info\/hu\/#\/schema\/person\/2d4068cb2f39cd10008c2fce578a7356"},"headline":"Brexit: nem c\u00e9l a rendezetlen kil\u00e9p\u00e9s","datePublished":"2019-06-19T06:28:45+00:00","dateModified":"2019-06-19T06:28:47+00:00","mainEntityOfPage":{"@id":"https:\/\/super-news.info\/hu\/brexit-nem-cel-a-rendezetlen-kilepes\/"},"wordCount":750,"commentCount":0,"image":{"@id":"https:\/\/super-news.info\/hu\/brexit-nem-cel-a-rendezetlen-kilepes\/#primaryimage"},"thumbnailUrl":"https:\/\/super-news.info\/hu\/wp-content\/uploads\/sites\/3\/2019\/06\/Brexit-nem-c\u00e9l-a-rendezetlen-kil\u00e9p\u00e9s.jpg","articleSection":["P\u00c9NZ\u00dcGYI H\u00cdREK"],"inLanguage":"hu","potentialAction":[{"@type":"CommentAction","name":"Comment","target":["https:\/\/super-news.info\/hu\/brexit-nem-cel-a-rendezetlen-kilepes\/#respond"]}]},{"@type":"WebPage","@id":"https:\/\/super-news.info\/hu\/brexit-nem-cel-a-rendezetlen-kilepes\/","url":"https:\/\/super-news.info\/hu\/brexit-nem-cel-a-rendezetlen-kilepes\/","name":"Brexit: nem c\u00e9l a rendezetlen kil\u00e9p\u00e9s - Super News","isPartOf":{"@id":"https:\/\/super-news.info\/hu\/#website"},"primaryImageOfPage":{"@id":"https:\/\/super-news.info\/hu\/brexit-nem-cel-a-rendezetlen-kilepes\/#primaryimage"},"image":{"@id":"https:\/\/super-news.info\/hu\/brexit-nem-cel-a-rendezetlen-kilepes\/#primaryimage"},"thumbnailUrl":"https:\/\/super-news.info\/hu\/wp-content\/uploads\/sites\/3\/2019\/06\/Brexit-nem-c\u00e9l-a-rendezetlen-kil\u00e9p\u00e9s.jpg","datePublished":"2019-06-19T06:28:45+00:00","dateModified":"2019-06-19T06:28:47+00:00","author":{"@id":"https:\/\/super-news.info\/hu\/#\/schema\/person\/2d4068cb2f39cd10008c2fce578a7356"},"breadcrumb":{"@id":"https:\/\/super-news.info\/hu\/brexit-nem-cel-a-rendezetlen-kilepes\/#breadcrumb"},"inLanguage":"hu","potentialAction":[{"@type":"ReadAction","target":["https:\/\/super-news.info\/hu\/brexit-nem-cel-a-rendezetlen-kilepes\/"]}]},{"@type":"ImageObject","inLanguage":"hu","@id":"https:\/\/super-news.info\/hu\/brexit-nem-cel-a-rendezetlen-kilepes\/#primaryimage","url":"https:\/\/super-news.info\/hu\/wp-content\/uploads\/sites\/3\/2019\/06\/Brexit-nem-c\u00e9l-a-rendezetlen-kil\u00e9p\u00e9s.jpg","contentUrl":"https:\/\/super-news.info\/hu\/wp-content\/uploads\/sites\/3\/2019\/06\/Brexit-nem-c\u00e9l-a-rendezetlen-kil\u00e9p\u00e9s.jpg","width":1400,"height":933,"caption":"Brexit: nem c\u00e9l a rendezetlen kil\u00e9p\u00e9s"},{"@type":"BreadcrumbList","@id":"https:\/\/super-news.info\/hu\/brexit-nem-cel-a-rendezetlen-kilepes\/#breadcrumb","itemListElement":[{"@type":"ListItem","position":1,"name":"\u0413\u043b\u0430\u0432\u043d\u0430\u044f \u0441\u0442\u0440\u0430\u043d\u0438\u0446\u0430","item":"https:\/\/super-news.info\/hu\/"},{"@type":"ListItem","position":2,"name":"Brexit: nem c\u00e9l a rendezetlen kil\u00e9p\u00e9s"}]},{"@type":"WebSite","@id":"https:\/\/super-news.info\/hu\/#website","url":"https:\/\/super-news.info\/hu\/","name":"Super News","description":"Super News Magyarorsz\u00e1g","potentialAction":[{"@type":"SearchAction","target":{"@type":"EntryPoint","urlTemplate":"https:\/\/super-news.info\/hu\/?s={search_term_string}"},"query-input":{"@type":"PropertyValueSpecification","valueRequired":true,"valueName":"search_term_string"}}],"inLanguage":"hu"},{"@type":"Person","@id":"https:\/\/super-news.info\/hu\/#\/schema\/person\/2d4068cb2f39cd10008c2fce578a7356","name":"super-news","image":{"@type":"ImageObject","inLanguage":"hu","@id":"https:\/\/secure.gravatar.com\/avatar\/64ebac40b93f26a154f8a9b5b6fdccfc46f442b26b3dd6756dbff3bf9dc76fd7?s=96&d=mm&r=g","url":"https:\/\/secure.gravatar.com\/avatar\/64ebac40b93f26a154f8a9b5b6fdccfc46f442b26b3dd6756dbff3bf9dc76fd7?s=96&d=mm&r=g","contentUrl":"https:\/\/secure.gravatar.com\/avatar\/64ebac40b93f26a154f8a9b5b6fdccfc46f442b26b3dd6756dbff3bf9dc76fd7?s=96&d=mm&r=g","caption":"super-news"},"url":"https:\/\/super-news.info\/hu\/author\/pt\/"}]}},"_links":{"self":[{"href":"https:\/\/super-news.info\/hu\/wp-json\/wp\/v2\/posts\/4366","targetHints":{"allow":["GET"]}}],"collection":[{"href":"https:\/\/super-news.info\/hu\/wp-json\/wp\/v2\/posts"}],"about":[{"href":"https:\/\/super-news.info\/hu\/wp-json\/wp\/v2\/types\/post"}],"author":[{"embeddable":true,"href":"https:\/\/super-news.info\/hu\/wp-json\/wp\/v2\/users\/2"}],"replies":[{"embeddable":true,"href":"https:\/\/super-news.info\/hu\/wp-json\/wp\/v2\/comments?post=4366"}],"version-history":[{"count":1,"href":"https:\/\/super-news.info\/hu\/wp-json\/wp\/v2\/posts\/4366\/revisions"}],"predecessor-version":[{"id":4368,"href":"https:\/\/super-news.info\/hu\/wp-json\/wp\/v2\/posts\/4366\/revisions\/4368"}],"wp:featuredmedia":[{"embeddable":true,"href":"https:\/\/super-news.info\/hu\/wp-json\/wp\/v2\/media\/4367"}],"wp:attachment":[{"href":"https:\/\/super-news.info\/hu\/wp-json\/wp\/v2\/media?parent=4366"}],"wp:term":[{"taxonomy":"category","embeddable":true,"href":"https:\/\/super-news.info\/hu\/wp-json\/wp\/v2\/categories?post=4366"},{"taxonomy":"post_tag","embeddable":true,"href":"https:\/\/super-news.info\/hu\/wp-json\/wp\/v2\/tags?post=4366"}],"curies":[{"name":"wp","href":"https:\/\/api.w.org\/{rel}","templated":true}]}}