{"id":4349,"date":"2019-06-18T22:47:25","date_gmt":"2019-06-18T19:47:25","guid":{"rendered":"https:\/\/super-news.info\/hu\/az-emberkozpontu-novekedes-fele-vilaggazdasag\/"},"modified":"2019-06-18T22:47:26","modified_gmt":"2019-06-18T19:47:26","slug":"az-emberkozpontu-novekedes-fele-vilaggazdasag","status":"publish","type":"post","link":"https:\/\/super-news.info\/hu\/az-emberkozpontu-novekedes-fele-vilaggazdasag\/","title":{"rendered":"Az emberk\u00f6zpont\u00fa n\u00f6veked\u00e9s fel\u00e9 | Vil\u00e1ggazdas\u00e1g"},"content":{"rendered":"<p> [ad_1]<br \/>\n<\/p>\n<div>\n<p>Lassul a n\u00f6veked\u00e9s Eur\u00f3p\u00e1ban, az Egyes\u00fclt \u00c1llamokban, K\u00edn\u00e1ban, Jap\u00e1nban \u00e9s m\u00e1s vezet\u0151 gazdas\u00e1gokban, ahogy az a Nemzetk\u00f6zi Valutaalap \u00e9s a vil\u00e1gbank nemr\u00e9giben megjelent, az idei \u00e9vre vonatkoz\u00f3 glob\u00e1lis el\u0151rejelz\u00e9seib\u0151l is kider\u00fclt, amelyeket j\u00f3csk\u00e1n lefel\u00e9 m\u00f3dos\u00edtottak. Ugyanakkor a politikai \u00e9s az \u00fczleti \u00e9let vezet\u0151i tudj\u00e1k:<\/p>\n<p>t\u00f6bbet kell tenni\u00fck az\u00e9rt, hogy felk\u00e9sz\u00edts\u00e9k a munkav\u00e1llal\u00f3kat a n\u00f6vekv\u0151 automatiz\u00e1ci\u00f3, a stagn\u00e1l\u00f3 b\u00e9rek, az egyre jobban terjed\u0151 r\u00e9szmunkaid\u0151s, meghat\u00e1rozott ideig tart\u00f3, \u00e1tmeneti foglalkoztat\u00e1s korszak\u00e1ra.<\/p>\n<p>Ez a k\u00e9t kih\u00edv\u00e1s \u2013 a gazdas\u00e1gi n\u00f6veked\u00e9s \u00fajj\u00e1\u00e9leszt\u00e9se \u00e9s az embereknek a j\u00f6v\u0151 munkaer\u0151piac\u00e1ra val\u00f3 felk\u00e9sz\u00edt\u00e9se \u2013 \u00f6sszekapcsol\u00f3dik, de nem felt\u00e9tlen\u00fcl abban a hagyom\u00e1nyos \u00e9rtelemben, hogy a makrogazdas\u00e1gi \u00e9l\u00e9nk\u00edt\u00e9s vagy a javul\u00f3 hat\u00e9konys\u00e1g jelenti a legjobb m\u00f3dj\u00e1t a munkalehet\u0151s\u00e9gek teremt\u00e9s\u00e9nek \u00e9s az \u00e9letsz\u00ednvonal emel\u00e9s\u00e9nek. Az elm\u00falt \u00e9vtizedek tapasztalatai azt mutatj\u00e1k, hogy a n\u00f6veked\u00e9s \u00f6nmag\u00e1ban nem elegend\u0151 a megn\u00f6vekedett egyenl\u0151tlens\u00e9g \u00e9s a munka \u00e1talakul\u00e1s\u00e1hoz kapcsol\u00f3d\u00f3 bizonytalans\u00e1g cs\u00f6kkent\u00e9s\u00e9hez. Tov\u00e1bb\u00e1 a magas ad\u00f3ss\u00e1gszintek \u00e9s a t\u00f6rt\u00e9nelmileg alacsony szint\u0171 kamatok miatt a politikai d\u00f6nt\u00e9shoz\u00f3knak kevesebb hagyom\u00e1nyos eszk\u00f6z\u00fck maradt a gazdas\u00e1g \u00e9l\u00e9nk\u00edt\u00e9s\u00e9re egy \u00fajabb recesszi\u00f3 eset\u00e9n.<\/p>\n<p>Ebben az \u00faj id\u0151szakban a korm\u00e1nyzatoknak \u00e9s az \u00fczleti \u00e9let vezet\u0151inek a n\u00f6veked\u00e9s \u00e9s a munkaer\u0151piac k\u00f6z\u00f6tti kapcsolatot ellenkez\u0151 ir\u00e1nyb\u00f3l kell megvizsg\u00e1lniuk. Ez azt jelenti, hogy<\/p>\n<p>az egyes orsz\u00e1gok a t\u00e1rsadalmi szerz\u0151d\u00e9seik jav\u00edt\u00e1s\u00e1val \u00e9s polg\u00e1raiknak a munka vil\u00e1g\u00e1ra t\u00f6rt\u00e9n\u0151 jobb felk\u00e9sz\u00edt\u00e9s\u00e9vel tudj\u00e1k a leghat\u00e9konyabb m\u00f3don er\u0151s\u00edteni a gazdas\u00e1gi n\u00f6veked\u00e9st \u00e9s a fejl\u0151d\u00e9st.<\/p>\n<p>Erre a konkl\u00fazi\u00f3ra jutott nemr\u00e9giben a Glob\u00e1lis Bizotts\u00e1g a Munka J\u00f6v\u0151j\u00e9r\u0151l elnevez\u00e9s\u0171, a Nemzetk\u00f6zi Munka\u00fcgyi Szervezet (ILO) szervez\u00e9s\u00e9ben l\u00e9trej\u00f6tt f\u00fcggetlen test\u00fclet, amelynek t\u00e1rseln\u00f6ki posztjait Cyril Ramaphosa d\u00e9l-afrikai \u00e1llamf\u0151 \u00e9s Stefan L\u00f6fven sv\u00e9d korm\u00e1nyf\u0151 t\u00f6lti be.<\/p>\n<p>A bizotts\u00e1g h\u00e1rom gyakorlati l\u00e9p\u00e9sre tett javaslatot \u2013 amelyek mindegyike arr\u00f3l is sz\u00f3l, hogy t\u00f6bbet kell inveszt\u00e1lni az emberekbe \u2013, amivel az orsz\u00e1gok egyszerre er\u0151s\u00edthetik a t\u00e1rsadalmi inkl\u00fazi\u00f3t \u00e9s a gazdas\u00e1gi n\u00f6veked\u00e9st. Az emberekbe t\u00f6rt\u00e9n\u0151 nagyobb m\u00e9rt\u00e9k\u0171 befektet\u00e9s nem csak az egyes orsz\u00e1gok t\u00e1rsadalmi szerz\u0151d\u00e9seinek \u2013 gyors technol\u00f3giai v\u00e1ltoz\u00e1sok kor\u00e1ban t\u00f6rt\u00e9n\u0151 \u2013 er\u0151s\u00edt\u00e9se miatt fontos. Ez egy \u00faj, emberk\u00f6zpont\u00fabb n\u00f6veked\u00e9si \u00e9s fejl\u0151d\u00e9si modell b\u00e1zis\u00e1t jelentheti, amely a rem\u00e9nyek szerint fenntarthatja a vil\u00e1ggazdas\u00e1g lend\u00fclet\u00e9t egy olyan id\u0151szakban, amikor folyamatosan vesz\u00edt erej\u00e9b\u0151l az a k\u00e9t n\u00f6veked\u00e9si motor \u2013 a rendk\u00edv\u00fcli m\u00e9rt\u00e9k\u0171 makrogazdas\u00e1gi \u00e9l\u00e9nk\u00edt\u00e9s \u00e9s az exportvez\u00e9relt ipari termel\u00e9s \u2013, amelyre sok orsz\u00e1g t\u00e1maszkodott \u00e9veken, ak\u00e1r \u00e9vtizedeken \u00e1t.<\/p>\n<div id=\"attachment_1577543\" style=\"width: 1410px\" class=\"wp-caption aligncenter\">\n<p class=\"wp-caption-text\">Fot\u00f3: Shutterstock<\/p>\n<\/div>\n<p>A bizotts\u00e1g els\u0151 javaslata szerint<\/p>\n<p>az orsz\u00e1goknak n\u00f6velni\u00fck kellene az \u00e1llami \u00e9s mag\u00e1nbefektet\u00e9seket a saj\u00e1t polg\u00e1raik k\u00e9pess\u00e9geinek er\u0151s\u00edt\u00e9se \u00e9rdek\u00e9ben, ami a legfontosabb m\u00f3dja a termel\u00e9kenys\u00e9gi n\u00f6veked\u00e9s tart\u00f3s emel\u00e9s\u00e9nek.<\/p>\n<p>N\u00e9h\u00e1ny korm\u00e1nyzat nem fektet elegend\u0151 forr\u00e1st az oktat\u00e1s min\u0151s\u00e9g\u00e9be \u00e9s a k\u00e9pz\u00e9sek fejleszt\u00e9s\u00e9be. A politikai d\u00f6nt\u00e9shoz\u00f3knak azonban minden\u00fctt a vil\u00e1gon t\u00f6bbet kell tenni\u00fck e t\u00e9ren, ahogy a n\u00e9pess\u00e9g \u00e9letkori v\u00e1ltoz\u00e1sai \u00e9s az automatiz\u00e1ci\u00f3 sz\u00e9tbomlasztja a feldolgoz\u00f3ipart (amelyre a fejl\u0151d\u0151 gazdas\u00e1gok hagyom\u00e1nyosan t\u00e1maszkodtak az iparos\u00edt\u00e1s sor\u00e1n) \u00e9s a szolg\u00e1ltat\u00f3 szektort (ahol a foglalkoztat\u00e1s koncentr\u00e1l\u00f3dik a fejlett gazdas\u00e1gok k\u00f6r\u00e9ben). A bizotts\u00e1g ez\u00e9rt arra sz\u00f3l\u00edtotta fel az orsz\u00e1gokat, hogy \u00e9p\u00edtsenek ki egy egys\u00e9ges keretrendszert az \u00e9lethosszig tart\u00f3 tanul\u00e1s t\u00e1mogat\u00e1s\u00e1ra. Ez mag\u00e1ban foglalja az er\u0151sebb \u00e9s jobban finansz\u00edrozott munkaer\u0151piaci k\u00e9pz\u00e9seket, kiigaz\u00edt\u00f3 int\u00e9zked\u00e9seket, a kib\u0151v\u00edtett \u00e1llami foglalkoztat\u00e1si szolg\u00e1ltat\u00e1sokat \u00e9s az egys\u00e9ges szoci\u00e1lis v\u00e9d\u0151h\u00e1l\u00f3 rendszer\u00e9t.<\/p>\n<p>M\u00e1sodsorban a korm\u00e1nyzatoknak a munkaad\u00f3i, munkav\u00e1llal\u00f3i szervezetekkel egy\u00fctt jav\u00edtaniuk kellene a munka vil\u00e1g\u00e1val kapcsolatos nemzeti szab\u00e1lyoz\u00e1sokat \u00e9s int\u00e9zm\u00e9nyeket. Ezek kihatnak a munkalehet\u0151s\u00e9gek mennyis\u00e9g\u00e9re, eloszl\u00e1s\u00e1ra, valamint a b\u00e9rez\u00e9sre, \u00e9s \u00edgy a v\u00e1s\u00e1rl\u00f3er\u0151, valamint az aggreg\u00e1lt kereslet szintj\u00e9re is. A bizotts\u00e1g emellett k\u00fcl\u00f6n felsz\u00f3l\u00edtott az egys\u00e9ges munkagarancia l\u00e9trehoz\u00e1s\u00e1ra, amelynek \u00e9rtelm\u00e9ben minden munkav\u00e1llal\u00f3 \u2013 f\u00fcggetlen\u00fcl a szerz\u0151d\u00e9ses viszony\u00e1t\u00f3l vagy foglalkoztatotti st\u00e1tusz\u00e1t\u00f3l \u2013 \u00e9lvezn\u00e9 az alapvet\u0151 jogokat, \u00edgy a \u201emegfelel\u0151 szint\u0171, m\u00e9lt\u00e1nyos b\u00e9rez\u00e9st\u201d \u2013 ahogy az az ILO alapokm\u00e1ny\u00e1ban sz\u00e1z \u00e9vvel ezel\u0151tt le lett fektetve \u2013, a munka\u00f3r\u00e1k maxim\u00e1l\u00e1s\u00e1t \u00e9s a munkahelyi eg\u00e9szs\u00e9g \u00e9s biztons\u00e1g v\u00e9delm\u00e9t.<\/p>\n<p>A munkav\u00e1llal\u00f3k \u00e9s a munkaad\u00f3k struktur\u00e1lt szoci\u00e1lis dial\u00f3gus keret\u00e9ben t\u00f6rt\u00e9n\u0151 kollekt\u00edv k\u00e9pviselet\u00e9t \u00e1llami k\u00f6zj\u00f3k\u00e9nt kellene biztos\u00edtani, \u00e9s ezt a korm\u00e1nyzati int\u00e9zked\u00e9seknek akt\u00edvan er\u0151s\u00edteni\u00fck kellene.<\/p>\n<p>A sz\u00fcl\u0151ket megillet\u0151 p\u00f3tszabads\u00e1gt\u00f3l kezdve az \u00e1llami szolg\u00e1ltat\u00e1sokig olyan int\u00e9zked\u00e9sekre van sz\u00fcks\u00e9g, amelyek b\u00e1tor\u00edtj\u00e1k az otthoni gyermeknevel\u00e9s megoszt\u00e1s\u00e1t a nemi egyenl\u0151s\u00e9g munkahelyeken val\u00f3 el\u0151seg\u00edt\u00e9se \u00e9rdek\u00e9ben. A n\u0151k hangj\u00e1nak \u00e9s vezet\u0151 szerep\u00e9nek er\u0151s\u00edt\u00e9se, a munkahelyi er\u0151szak \u00e9s zaklat\u00e1s cs\u00f6kkent\u00e9se \u00e9s a b\u00e9rez\u00e9s \u00e1tl\u00e1that\u00f3s\u00e1g\u00e1nak biztos\u00edt\u00e1sa fontos t\u00e9nyez\u0151 ebb\u0151l a szempontb\u00f3l.<\/p>\n<p>Harmadsorban az orsz\u00e1goknak n\u00f6velni\u00fck kellene az \u00e1llami \u00e9s mag\u00e1nberuh\u00e1z\u00e1sokat olyan munkaintenz\u00edv gazdas\u00e1gi szektorokban, amelyek a t\u00e1rsadalom sz\u00e1m\u00e1ra kiterjedtebb hasznot hoznak.<\/p>\n<p>Ebbe beletartozik a fenntarthat\u00f3 v\u00edz\u00fcgyi, energetikai, digit\u00e1lis \u00e9s k\u00f6zleked\u00e9si infrastrukt\u00fara, az eg\u00e9szs\u00e9g\u00fcgyi \u00e9s szoci\u00e1lis ell\u00e1t\u00e1si \u00e1gazat, a vid\u00e9ki gazdas\u00e1g \u00e9s az oktat\u00e1s-k\u00e9pz\u00e9s ter\u00fclete.<\/p>\n<p>A v\u00e1llalatfejleszt\u00e9ssel \u00e9s fenntarthat\u00f3 fejl\u0151d\u00e9ssel foglalkoz\u00f3 bizotts\u00e1g (Business and Sustainable Development Commission) sz\u00e1m\u00edt\u00e1sai szerint az ENSZ fenntarthat\u00f3 fejl\u0151d\u00e9si c\u00e9ljainak el\u00e9r\u00e9se 12 ezermilli\u00e1rd doll\u00e1ros piaci lehet\u0151s\u00e9get gener\u00e1lhat n\u00e9gy ter\u00fcleten \u2013 az \u00e9lelmiszeripar \u00e9s a mez\u0151gazdas\u00e1g; a v\u00e1ro\u00adsok; az energetika; valamint az eg\u00e9szs\u00e9g\u00fcgy ter\u00e9n \u2013, \u00e9s 380 milli\u00f3 munkahelyet hozhat l\u00e9tre 2030-ra. Ezen lehet\u0151s\u00e9gek kihaszn\u00e1l\u00e1sa seg\u00edtheti az orsz\u00e1gokat az automatiz\u00e1ci\u00f3 \u00e9s a gazdas\u00e1gi integr\u00e1ci\u00f3 \u2013 munkahelyek megsz\u0171n\u00e9s\u00e9t okoz\u00f3 \u00e9s potenci\u00e1lis keresletcs\u00f6kkent\u0151 \u2013 hat\u00e1sainak kompenz\u00e1l\u00e1s\u00e1ban.<br \/>Ez a h\u00e1rom l\u00e9p\u00e9s minden orsz\u00e1g sz\u00e1m\u00e1ra \u2013 f\u00fcggetlen\u00fcl a gazdas\u00e1gi fejletts\u00e9g\u00fck szintj\u00e9t\u0151l \u2013 strat\u00e9giak\u00e9nt szolg\u00e1l arra, hogy er\u0151s\u00edts\u00e9k a t\u00e1rsadalmi igazs\u00e1goss\u00e1got \u00e9s a gazdas\u00e1gi n\u00f6veked\u00e9st, valamint kiterjesztett m\u00f3don a politikai int\u00e9zm\u00e9nyekbe vetett hitet is.<\/p>\n<p>Egy \u00e9vtizeddel ezel\u0151tt, a p\u00e9nz\u00fcgyi v\u00e1ls\u00e1g tet\u0151pontj\u00e1n a G20-orsz\u00e1gok vezet\u0151i elk\u00f6telezt\u00e9k magukat amellett, hogy egy kiegyens\u00falyozottabb \u00e9s fenntarthat\u00f3bb n\u00f6veked\u00e9si modellt \u00e9p\u00edtenek ki, amely tekintettel van a m\u00faltban elk\u00f6vetett szakpolitikai t\u00e9ved\u00e9sekb\u0151l \u00e9s gazdas\u00e1gi egyens\u00falytalans\u00e1gb\u00f3l levonhat\u00f3 tanuls\u00e1gokra. A vil\u00e1g az\u00f3ta alig haladt el\u0151re ennek a c\u00e9lnak a megval\u00f3s\u00edt\u00e1sa ter\u00e9n. A k\u00f6vetend\u0151 \u00fat azonban egy\u00e9rtelm\u0171: folyamatos, megn\u00f6velt befektet\u00e9sekre van sz\u00fcks\u00e9g az emberek k\u00e9pz\u00e9se, v\u00e1s\u00e1rl\u00f3ereje \u00e9s munkalehet\u0151s\u00e9gei ter\u00e9n.<\/p>\n<p>Copyright: Project Syndicate, 2019<br \/>www.project-syndicate.org<\/p>\n<\/p><\/div>\n<p><script>\n    window.fbAsyncInit = function() {\n        FB.init({\n            appId      : \"204760236815359\",\n            xfbml      : true,\n            version    : \"v2.12\"\n        });\n        FB.AppEvents.logPageView();\n    };<\/p>\n<p>    (function(d, s, id){\n        var js, fjs = d.getElementsByTagName(s)[0];\n        if (d.getElementById(id)) {return;}\n        js = d.createElement(s); js.id = id;\n        js.src = \"http:\/\/connect.facebook.net\/hu_HU\/sdk.js\";\n        fjs.parentNode.insertBefore(js, fjs);\n    }(document, \"script\", \"facebook-jssdk\"));\n<\/script><br \/>\n<br \/>[ad_2]<br \/>\n<br \/><a href=\"https:\/\/www.vg.hu\/velemeny\/publicisztika\/az-emberkozpontu-novekedes-fele-2-1577519\/\">Source link <\/a><\/p>\n","protected":false},"excerpt":{"rendered":"<p>[ad_1] Lassul a n\u00f6veked\u00e9s Eur\u00f3p\u00e1ban, az Egyes\u00fclt \u00c1llamokban, K\u00edn\u00e1ban, Jap\u00e1nban \u00e9s m\u00e1s vezet\u0151 gazdas\u00e1gokban, ahogy az a Nemzetk\u00f6zi Valutaalap \u00e9s a vil\u00e1gbank nemr\u00e9giben megjelent, az idei \u00e9vre vonatkoz\u00f3 glob\u00e1lis el\u0151rejelz\u00e9seib\u0151l is kider\u00fclt, amelyeket j\u00f3csk\u00e1n lefel\u00e9 m\u00f3dos\u00edtottak. Ugyanakkor a politikai \u00e9s az \u00fczleti \u00e9let vezet\u0151i tudj\u00e1k: t\u00f6bbet kell tenni\u00fck az\u00e9rt, hogy felk\u00e9sz\u00edts\u00e9k a munkav\u00e1llal\u00f3kat a n\u00f6vekv\u0151 [&hellip;]<\/p>\n","protected":false},"author":2,"featured_media":4350,"comment_status":"open","ping_status":"open","sticky":false,"template":"","format":"standard","meta":{"footnotes":""},"categories":[1],"tags":[],"class_list":["post-4349","post","type-post","status-publish","format-standard","has-post-thumbnail","hentry","category-penzugyi-hirek"],"yoast_head":"<!-- This site is optimized with the Yoast SEO plugin v27.4 - https:\/\/yoast.com\/product\/yoast-seo-wordpress\/ -->\n<title>Az emberk\u00f6zpont\u00fa n\u00f6veked\u00e9s fel\u00e9 | Vil\u00e1ggazdas\u00e1g - Super News<\/title>\n<meta name=\"robots\" content=\"index, follow, max-snippet:-1, max-image-preview:large, max-video-preview:-1\" \/>\n<link rel=\"canonical\" href=\"https:\/\/super-news.info\/hu\/az-emberkozpontu-novekedes-fele-vilaggazdasag\/\" \/>\n<meta property=\"og:locale\" content=\"hu_HU\" \/>\n<meta property=\"og:type\" content=\"article\" \/>\n<meta property=\"og:title\" content=\"Az emberk\u00f6zpont\u00fa n\u00f6veked\u00e9s fel\u00e9 | Vil\u00e1ggazdas\u00e1g - Super News\" \/>\n<meta property=\"og:description\" content=\"[ad_1] Lassul a n\u00f6veked\u00e9s Eur\u00f3p\u00e1ban, az Egyes\u00fclt \u00c1llamokban, K\u00edn\u00e1ban, Jap\u00e1nban \u00e9s m\u00e1s vezet\u0151 gazdas\u00e1gokban, ahogy az a Nemzetk\u00f6zi Valutaalap \u00e9s a vil\u00e1gbank nemr\u00e9giben megjelent, az idei \u00e9vre vonatkoz\u00f3 glob\u00e1lis el\u0151rejelz\u00e9seib\u0151l is kider\u00fclt, amelyeket j\u00f3csk\u00e1n lefel\u00e9 m\u00f3dos\u00edtottak. Ugyanakkor a politikai \u00e9s az \u00fczleti \u00e9let vezet\u0151i tudj\u00e1k: t\u00f6bbet kell tenni\u00fck az\u00e9rt, hogy felk\u00e9sz\u00edts\u00e9k a munkav\u00e1llal\u00f3kat a n\u00f6vekv\u0151 [&hellip;]\" \/>\n<meta property=\"og:url\" content=\"https:\/\/super-news.info\/hu\/az-emberkozpontu-novekedes-fele-vilaggazdasag\/\" \/>\n<meta property=\"og:site_name\" content=\"Super News\" \/>\n<meta property=\"article:published_time\" content=\"2019-06-18T19:47:25+00:00\" \/>\n<meta property=\"article:modified_time\" content=\"2019-06-18T19:47:26+00:00\" \/>\n<meta property=\"og:image\" content=\"https:\/\/super-news.info\/hu\/wp-content\/uploads\/sites\/3\/2019\/06\/Az-emberk\u00f6zpont\u00fa-n\u00f6veked\u00e9s-fel\u00e9-Vil\u00e1ggazdas\u00e1g.jpg\" \/>\n\t<meta property=\"og:image:width\" content=\"1400\" \/>\n\t<meta property=\"og:image:height\" content=\"788\" \/>\n\t<meta property=\"og:image:type\" content=\"image\/jpeg\" \/>\n<meta name=\"author\" content=\"super-news\" \/>\n<meta name=\"twitter:card\" content=\"summary_large_image\" \/>\n<meta name=\"twitter:label1\" content=\"Szerz\u0151:\" \/>\n\t<meta name=\"twitter:data1\" content=\"super-news\" \/>\n\t<meta name=\"twitter:label2\" content=\"Becs\u00fclt olvas\u00e1si id\u0151\" \/>\n\t<meta name=\"twitter:data2\" content=\"7 perc\" \/>\n<script type=\"application\/ld+json\" class=\"yoast-schema-graph\">{\"@context\":\"https:\\\/\\\/schema.org\",\"@graph\":[{\"@type\":\"Article\",\"@id\":\"https:\\\/\\\/super-news.info\\\/hu\\\/az-emberkozpontu-novekedes-fele-vilaggazdasag\\\/#article\",\"isPartOf\":{\"@id\":\"https:\\\/\\\/super-news.info\\\/hu\\\/az-emberkozpontu-novekedes-fele-vilaggazdasag\\\/\"},\"author\":{\"name\":\"super-news\",\"@id\":\"https:\\\/\\\/super-news.info\\\/hu\\\/#\\\/schema\\\/person\\\/2d4068cb2f39cd10008c2fce578a7356\"},\"headline\":\"Az emberk\u00f6zpont\u00fa n\u00f6veked\u00e9s fel\u00e9 | Vil\u00e1ggazdas\u00e1g\",\"datePublished\":\"2019-06-18T19:47:25+00:00\",\"dateModified\":\"2019-06-18T19:47:26+00:00\",\"mainEntityOfPage\":{\"@id\":\"https:\\\/\\\/super-news.info\\\/hu\\\/az-emberkozpontu-novekedes-fele-vilaggazdasag\\\/\"},\"wordCount\":1474,\"commentCount\":0,\"image\":{\"@id\":\"https:\\\/\\\/super-news.info\\\/hu\\\/az-emberkozpontu-novekedes-fele-vilaggazdasag\\\/#primaryimage\"},\"thumbnailUrl\":\"https:\\\/\\\/super-news.info\\\/hu\\\/wp-content\\\/uploads\\\/sites\\\/3\\\/2019\\\/06\\\/Az-emberk\u00f6zpont\u00fa-n\u00f6veked\u00e9s-fel\u00e9-Vil\u00e1ggazdas\u00e1g.jpg\",\"articleSection\":[\"P\u00c9NZ\u00dcGYI H\u00cdREK\"],\"inLanguage\":\"hu\",\"potentialAction\":[{\"@type\":\"CommentAction\",\"name\":\"Comment\",\"target\":[\"https:\\\/\\\/super-news.info\\\/hu\\\/az-emberkozpontu-novekedes-fele-vilaggazdasag\\\/#respond\"]}]},{\"@type\":\"WebPage\",\"@id\":\"https:\\\/\\\/super-news.info\\\/hu\\\/az-emberkozpontu-novekedes-fele-vilaggazdasag\\\/\",\"url\":\"https:\\\/\\\/super-news.info\\\/hu\\\/az-emberkozpontu-novekedes-fele-vilaggazdasag\\\/\",\"name\":\"Az emberk\u00f6zpont\u00fa n\u00f6veked\u00e9s fel\u00e9 | Vil\u00e1ggazdas\u00e1g - Super News\",\"isPartOf\":{\"@id\":\"https:\\\/\\\/super-news.info\\\/hu\\\/#website\"},\"primaryImageOfPage\":{\"@id\":\"https:\\\/\\\/super-news.info\\\/hu\\\/az-emberkozpontu-novekedes-fele-vilaggazdasag\\\/#primaryimage\"},\"image\":{\"@id\":\"https:\\\/\\\/super-news.info\\\/hu\\\/az-emberkozpontu-novekedes-fele-vilaggazdasag\\\/#primaryimage\"},\"thumbnailUrl\":\"https:\\\/\\\/super-news.info\\\/hu\\\/wp-content\\\/uploads\\\/sites\\\/3\\\/2019\\\/06\\\/Az-emberk\u00f6zpont\u00fa-n\u00f6veked\u00e9s-fel\u00e9-Vil\u00e1ggazdas\u00e1g.jpg\",\"datePublished\":\"2019-06-18T19:47:25+00:00\",\"dateModified\":\"2019-06-18T19:47:26+00:00\",\"author\":{\"@id\":\"https:\\\/\\\/super-news.info\\\/hu\\\/#\\\/schema\\\/person\\\/2d4068cb2f39cd10008c2fce578a7356\"},\"breadcrumb\":{\"@id\":\"https:\\\/\\\/super-news.info\\\/hu\\\/az-emberkozpontu-novekedes-fele-vilaggazdasag\\\/#breadcrumb\"},\"inLanguage\":\"hu\",\"potentialAction\":[{\"@type\":\"ReadAction\",\"target\":[\"https:\\\/\\\/super-news.info\\\/hu\\\/az-emberkozpontu-novekedes-fele-vilaggazdasag\\\/\"]}]},{\"@type\":\"ImageObject\",\"inLanguage\":\"hu\",\"@id\":\"https:\\\/\\\/super-news.info\\\/hu\\\/az-emberkozpontu-novekedes-fele-vilaggazdasag\\\/#primaryimage\",\"url\":\"https:\\\/\\\/super-news.info\\\/hu\\\/wp-content\\\/uploads\\\/sites\\\/3\\\/2019\\\/06\\\/Az-emberk\u00f6zpont\u00fa-n\u00f6veked\u00e9s-fel\u00e9-Vil\u00e1ggazdas\u00e1g.jpg\",\"contentUrl\":\"https:\\\/\\\/super-news.info\\\/hu\\\/wp-content\\\/uploads\\\/sites\\\/3\\\/2019\\\/06\\\/Az-emberk\u00f6zpont\u00fa-n\u00f6veked\u00e9s-fel\u00e9-Vil\u00e1ggazdas\u00e1g.jpg\",\"width\":1400,\"height\":788,\"caption\":\"Az emberk\u00f6zpont\u00fa n\u00f6veked\u00e9s fel\u00e9 | Vil\u00e1ggazdas\u00e1g\"},{\"@type\":\"BreadcrumbList\",\"@id\":\"https:\\\/\\\/super-news.info\\\/hu\\\/az-emberkozpontu-novekedes-fele-vilaggazdasag\\\/#breadcrumb\",\"itemListElement\":[{\"@type\":\"ListItem\",\"position\":1,\"name\":\"\u0413\u043b\u0430\u0432\u043d\u0430\u044f \u0441\u0442\u0440\u0430\u043d\u0438\u0446\u0430\",\"item\":\"https:\\\/\\\/super-news.info\\\/hu\\\/\"},{\"@type\":\"ListItem\",\"position\":2,\"name\":\"Az emberk\u00f6zpont\u00fa n\u00f6veked\u00e9s fel\u00e9 | Vil\u00e1ggazdas\u00e1g\"}]},{\"@type\":\"WebSite\",\"@id\":\"https:\\\/\\\/super-news.info\\\/hu\\\/#website\",\"url\":\"https:\\\/\\\/super-news.info\\\/hu\\\/\",\"name\":\"Super News\",\"description\":\"Super News Magyarorsz\u00e1g\",\"potentialAction\":[{\"@type\":\"SearchAction\",\"target\":{\"@type\":\"EntryPoint\",\"urlTemplate\":\"https:\\\/\\\/super-news.info\\\/hu\\\/?s={search_term_string}\"},\"query-input\":{\"@type\":\"PropertyValueSpecification\",\"valueRequired\":true,\"valueName\":\"search_term_string\"}}],\"inLanguage\":\"hu\"},{\"@type\":\"Person\",\"@id\":\"https:\\\/\\\/super-news.info\\\/hu\\\/#\\\/schema\\\/person\\\/2d4068cb2f39cd10008c2fce578a7356\",\"name\":\"super-news\",\"image\":{\"@type\":\"ImageObject\",\"inLanguage\":\"hu\",\"@id\":\"https:\\\/\\\/secure.gravatar.com\\\/avatar\\\/64ebac40b93f26a154f8a9b5b6fdccfc46f442b26b3dd6756dbff3bf9dc76fd7?s=96&d=mm&r=g\",\"url\":\"https:\\\/\\\/secure.gravatar.com\\\/avatar\\\/64ebac40b93f26a154f8a9b5b6fdccfc46f442b26b3dd6756dbff3bf9dc76fd7?s=96&d=mm&r=g\",\"contentUrl\":\"https:\\\/\\\/secure.gravatar.com\\\/avatar\\\/64ebac40b93f26a154f8a9b5b6fdccfc46f442b26b3dd6756dbff3bf9dc76fd7?s=96&d=mm&r=g\",\"caption\":\"super-news\"},\"url\":\"https:\\\/\\\/super-news.info\\\/hu\\\/author\\\/pt\\\/\"}]}<\/script>\n<!-- \/ Yoast SEO plugin. -->","yoast_head_json":{"title":"Az emberk\u00f6zpont\u00fa n\u00f6veked\u00e9s fel\u00e9 | Vil\u00e1ggazdas\u00e1g - Super News","robots":{"index":"index","follow":"follow","max-snippet":"max-snippet:-1","max-image-preview":"max-image-preview:large","max-video-preview":"max-video-preview:-1"},"canonical":"https:\/\/super-news.info\/hu\/az-emberkozpontu-novekedes-fele-vilaggazdasag\/","og_locale":"hu_HU","og_type":"article","og_title":"Az emberk\u00f6zpont\u00fa n\u00f6veked\u00e9s fel\u00e9 | Vil\u00e1ggazdas\u00e1g - Super News","og_description":"[ad_1] Lassul a n\u00f6veked\u00e9s Eur\u00f3p\u00e1ban, az Egyes\u00fclt \u00c1llamokban, K\u00edn\u00e1ban, Jap\u00e1nban \u00e9s m\u00e1s vezet\u0151 gazdas\u00e1gokban, ahogy az a Nemzetk\u00f6zi Valutaalap \u00e9s a vil\u00e1gbank nemr\u00e9giben megjelent, az idei \u00e9vre vonatkoz\u00f3 glob\u00e1lis el\u0151rejelz\u00e9seib\u0151l is kider\u00fclt, amelyeket j\u00f3csk\u00e1n lefel\u00e9 m\u00f3dos\u00edtottak. Ugyanakkor a politikai \u00e9s az \u00fczleti \u00e9let vezet\u0151i tudj\u00e1k: t\u00f6bbet kell tenni\u00fck az\u00e9rt, hogy felk\u00e9sz\u00edts\u00e9k a munkav\u00e1llal\u00f3kat a n\u00f6vekv\u0151 [&hellip;]","og_url":"https:\/\/super-news.info\/hu\/az-emberkozpontu-novekedes-fele-vilaggazdasag\/","og_site_name":"Super News","article_published_time":"2019-06-18T19:47:25+00:00","article_modified_time":"2019-06-18T19:47:26+00:00","og_image":[{"width":1400,"height":788,"url":"https:\/\/super-news.info\/hu\/wp-content\/uploads\/sites\/3\/2019\/06\/Az-emberk\u00f6zpont\u00fa-n\u00f6veked\u00e9s-fel\u00e9-Vil\u00e1ggazdas\u00e1g.jpg","type":"image\/jpeg"}],"author":"super-news","twitter_card":"summary_large_image","twitter_misc":{"Szerz\u0151:":"super-news","Becs\u00fclt olvas\u00e1si id\u0151":"7 perc"},"schema":{"@context":"https:\/\/schema.org","@graph":[{"@type":"Article","@id":"https:\/\/super-news.info\/hu\/az-emberkozpontu-novekedes-fele-vilaggazdasag\/#article","isPartOf":{"@id":"https:\/\/super-news.info\/hu\/az-emberkozpontu-novekedes-fele-vilaggazdasag\/"},"author":{"name":"super-news","@id":"https:\/\/super-news.info\/hu\/#\/schema\/person\/2d4068cb2f39cd10008c2fce578a7356"},"headline":"Az emberk\u00f6zpont\u00fa n\u00f6veked\u00e9s fel\u00e9 | Vil\u00e1ggazdas\u00e1g","datePublished":"2019-06-18T19:47:25+00:00","dateModified":"2019-06-18T19:47:26+00:00","mainEntityOfPage":{"@id":"https:\/\/super-news.info\/hu\/az-emberkozpontu-novekedes-fele-vilaggazdasag\/"},"wordCount":1474,"commentCount":0,"image":{"@id":"https:\/\/super-news.info\/hu\/az-emberkozpontu-novekedes-fele-vilaggazdasag\/#primaryimage"},"thumbnailUrl":"https:\/\/super-news.info\/hu\/wp-content\/uploads\/sites\/3\/2019\/06\/Az-emberk\u00f6zpont\u00fa-n\u00f6veked\u00e9s-fel\u00e9-Vil\u00e1ggazdas\u00e1g.jpg","articleSection":["P\u00c9NZ\u00dcGYI H\u00cdREK"],"inLanguage":"hu","potentialAction":[{"@type":"CommentAction","name":"Comment","target":["https:\/\/super-news.info\/hu\/az-emberkozpontu-novekedes-fele-vilaggazdasag\/#respond"]}]},{"@type":"WebPage","@id":"https:\/\/super-news.info\/hu\/az-emberkozpontu-novekedes-fele-vilaggazdasag\/","url":"https:\/\/super-news.info\/hu\/az-emberkozpontu-novekedes-fele-vilaggazdasag\/","name":"Az emberk\u00f6zpont\u00fa n\u00f6veked\u00e9s fel\u00e9 | Vil\u00e1ggazdas\u00e1g - Super News","isPartOf":{"@id":"https:\/\/super-news.info\/hu\/#website"},"primaryImageOfPage":{"@id":"https:\/\/super-news.info\/hu\/az-emberkozpontu-novekedes-fele-vilaggazdasag\/#primaryimage"},"image":{"@id":"https:\/\/super-news.info\/hu\/az-emberkozpontu-novekedes-fele-vilaggazdasag\/#primaryimage"},"thumbnailUrl":"https:\/\/super-news.info\/hu\/wp-content\/uploads\/sites\/3\/2019\/06\/Az-emberk\u00f6zpont\u00fa-n\u00f6veked\u00e9s-fel\u00e9-Vil\u00e1ggazdas\u00e1g.jpg","datePublished":"2019-06-18T19:47:25+00:00","dateModified":"2019-06-18T19:47:26+00:00","author":{"@id":"https:\/\/super-news.info\/hu\/#\/schema\/person\/2d4068cb2f39cd10008c2fce578a7356"},"breadcrumb":{"@id":"https:\/\/super-news.info\/hu\/az-emberkozpontu-novekedes-fele-vilaggazdasag\/#breadcrumb"},"inLanguage":"hu","potentialAction":[{"@type":"ReadAction","target":["https:\/\/super-news.info\/hu\/az-emberkozpontu-novekedes-fele-vilaggazdasag\/"]}]},{"@type":"ImageObject","inLanguage":"hu","@id":"https:\/\/super-news.info\/hu\/az-emberkozpontu-novekedes-fele-vilaggazdasag\/#primaryimage","url":"https:\/\/super-news.info\/hu\/wp-content\/uploads\/sites\/3\/2019\/06\/Az-emberk\u00f6zpont\u00fa-n\u00f6veked\u00e9s-fel\u00e9-Vil\u00e1ggazdas\u00e1g.jpg","contentUrl":"https:\/\/super-news.info\/hu\/wp-content\/uploads\/sites\/3\/2019\/06\/Az-emberk\u00f6zpont\u00fa-n\u00f6veked\u00e9s-fel\u00e9-Vil\u00e1ggazdas\u00e1g.jpg","width":1400,"height":788,"caption":"Az emberk\u00f6zpont\u00fa n\u00f6veked\u00e9s fel\u00e9 | Vil\u00e1ggazdas\u00e1g"},{"@type":"BreadcrumbList","@id":"https:\/\/super-news.info\/hu\/az-emberkozpontu-novekedes-fele-vilaggazdasag\/#breadcrumb","itemListElement":[{"@type":"ListItem","position":1,"name":"\u0413\u043b\u0430\u0432\u043d\u0430\u044f \u0441\u0442\u0440\u0430\u043d\u0438\u0446\u0430","item":"https:\/\/super-news.info\/hu\/"},{"@type":"ListItem","position":2,"name":"Az emberk\u00f6zpont\u00fa n\u00f6veked\u00e9s fel\u00e9 | Vil\u00e1ggazdas\u00e1g"}]},{"@type":"WebSite","@id":"https:\/\/super-news.info\/hu\/#website","url":"https:\/\/super-news.info\/hu\/","name":"Super News","description":"Super News Magyarorsz\u00e1g","potentialAction":[{"@type":"SearchAction","target":{"@type":"EntryPoint","urlTemplate":"https:\/\/super-news.info\/hu\/?s={search_term_string}"},"query-input":{"@type":"PropertyValueSpecification","valueRequired":true,"valueName":"search_term_string"}}],"inLanguage":"hu"},{"@type":"Person","@id":"https:\/\/super-news.info\/hu\/#\/schema\/person\/2d4068cb2f39cd10008c2fce578a7356","name":"super-news","image":{"@type":"ImageObject","inLanguage":"hu","@id":"https:\/\/secure.gravatar.com\/avatar\/64ebac40b93f26a154f8a9b5b6fdccfc46f442b26b3dd6756dbff3bf9dc76fd7?s=96&d=mm&r=g","url":"https:\/\/secure.gravatar.com\/avatar\/64ebac40b93f26a154f8a9b5b6fdccfc46f442b26b3dd6756dbff3bf9dc76fd7?s=96&d=mm&r=g","contentUrl":"https:\/\/secure.gravatar.com\/avatar\/64ebac40b93f26a154f8a9b5b6fdccfc46f442b26b3dd6756dbff3bf9dc76fd7?s=96&d=mm&r=g","caption":"super-news"},"url":"https:\/\/super-news.info\/hu\/author\/pt\/"}]}},"_links":{"self":[{"href":"https:\/\/super-news.info\/hu\/wp-json\/wp\/v2\/posts\/4349","targetHints":{"allow":["GET"]}}],"collection":[{"href":"https:\/\/super-news.info\/hu\/wp-json\/wp\/v2\/posts"}],"about":[{"href":"https:\/\/super-news.info\/hu\/wp-json\/wp\/v2\/types\/post"}],"author":[{"embeddable":true,"href":"https:\/\/super-news.info\/hu\/wp-json\/wp\/v2\/users\/2"}],"replies":[{"embeddable":true,"href":"https:\/\/super-news.info\/hu\/wp-json\/wp\/v2\/comments?post=4349"}],"version-history":[{"count":1,"href":"https:\/\/super-news.info\/hu\/wp-json\/wp\/v2\/posts\/4349\/revisions"}],"predecessor-version":[{"id":4351,"href":"https:\/\/super-news.info\/hu\/wp-json\/wp\/v2\/posts\/4349\/revisions\/4351"}],"wp:featuredmedia":[{"embeddable":true,"href":"https:\/\/super-news.info\/hu\/wp-json\/wp\/v2\/media\/4350"}],"wp:attachment":[{"href":"https:\/\/super-news.info\/hu\/wp-json\/wp\/v2\/media?parent=4349"}],"wp:term":[{"taxonomy":"category","embeddable":true,"href":"https:\/\/super-news.info\/hu\/wp-json\/wp\/v2\/categories?post=4349"},{"taxonomy":"post_tag","embeddable":true,"href":"https:\/\/super-news.info\/hu\/wp-json\/wp\/v2\/tags?post=4349"}],"curies":[{"name":"wp","href":"https:\/\/api.w.org\/{rel}","templated":true}]}}