{"id":4340,"date":"2019-06-18T21:00:28","date_gmt":"2019-06-18T18:00:28","guid":{"rendered":"https:\/\/super-news.info\/hu\/elment-peppa-neni-116-eves-volt\/"},"modified":"2019-06-18T21:00:29","modified_gmt":"2019-06-18T18:00:29","slug":"elment-peppa-neni-116-eves-volt","status":"publish","type":"post","link":"https:\/\/super-news.info\/hu\/elment-peppa-neni-116-eves-volt\/","title":{"rendered":"Elment \u201ePeppa n\u00e9ni\u201d, 116 \u00e9ves volt"},"content":{"rendered":"<p> [ad_1]<br \/>\n<\/p>\n<div>\n<p>Nonna Peppa, vagyis Peppa n\u00e9ni, ahogy a k\u00f6z\u00f6ss\u00e9g nevezte, kedd hajnalban Foggia megye Poggio Imperiale faluj\u00e1ban, sz\u00fcl\u0151i h\u00e1z\u00e1ban halt meg, ahov\u00e1 t\u00edz nappal kor\u00e1bban vitt\u00e9k, amikor az eg\u00e9szs\u00e9ge gyors roml\u00e1snak indult. Addig le\u00e1nya apricenai h\u00e1z\u00e1ban \u00e9lt.<\/p>\n<blockquote>\n<p>\u201eSajn\u00e1ljuk, ugyanakkor megtiszteltet\u00e9s is, hogy egy faluban \u00e9lt\u00fcnk vele\u201d<\/p>\n<\/blockquote>\n<p>\u2013 mondta Alfonso D\u2019Aloisio, a falu polg\u00e1rmestere, aki gy\u00e1sza kifejez\u00e9s\u00e9\u00fcl Facebook-profilk\u00e9p\u00e9t feket\u00e9re v\u00e1ltoztatta.<\/p>\n<p>2012-ben Nonna Pepp\u00e1nak tiszteletbeli polg\u00e1rmesteri c\u00edmet adom\u00e1nyoztak. Robucci 1903. m\u00e1rcius 20-\u00e1n sz\u00fcletett, k\u00e9t vil\u00e1gh\u00e1bor\u00fat is t\u00fal\u00e9lt.<\/p>\n<div id=\"attachment_1577399\" style=\"width: 706px\" class=\"wp-caption aligncenter\">\n<p class=\"wp-caption-text\">Giuseppina Robucci a sz\u00fcl\u0151i h\u00e1z\u00e1ban hunyt el. <br \/>Fot\u00f3: this-is-italy.com<\/p>\n<\/div>\n<p>F\u00e9rj\u00e9vel egy\u00fctt \u00e9veken \u00e1t a kis pugliai falu k\u00e1v\u00e9h\u00e1z\u00e1t vezett\u00e9k. H\u00e1rom fiuk \u00e9s k\u00e9t l\u00e1nyuk, kilenc unok\u00e1juk \u00e9s 16 d\u00e9dunok\u00e1juk sz\u00fcletett.<\/p>\n<p>Az amerikai Gerentology Research Group id\u0151skutat\u00f3 csoport Robuccit a legid\u0151sebb \u00e9l\u0151 embereket sz\u00e1mon tart\u00f3 list\u00e1j\u00e1n a jap\u00e1n az 1903. janu\u00e1r 2-\u00e1n sz\u00fcletett Tanaka Kane ut\u00e1n m\u00e1sodiknak t\u00fcntette fel.<\/p>\n<p>A vil\u00e1g legid\u0151sebb embere hossz\u00fa id\u0151n \u00e1t az olasz Emma Morano volt, aki 2017. \u00e1prilis\u00e1ban, 117 \u00e9vesen halt meg. \u0150t k\u00f6vette a 2017 szeptember\u00e9ben, szint\u00e9n 117 \u00e9vesen elhunyt jamaicai Violet Brown.<\/p>\n<\/p><\/div>\n<p><script>\n    window.fbAsyncInit = function() {\n        FB.init({\n            appId      : \"204760236815359\",\n            xfbml      : true,\n            version    : \"v2.12\"\n        });\n        FB.AppEvents.logPageView();\n    };<\/p>\n<p>    (function(d, s, id){\n        var js, fjs = d.getElementsByTagName(s)[0];\n        if (d.getElementById(id)) {return;}\n        js = d.createElement(s); js.id = id;\n        js.src = \"http:\/\/connect.facebook.net\/hu_HU\/sdk.js\";\n        fjs.parentNode.insertBefore(js, fjs);\n    }(document, \"script\", \"facebook-jssdk\"));\n<\/script><br \/>\n<br \/>[ad_2]<br \/>\n<br \/><a href=\"https:\/\/www.vg.hu\/kozelet\/kozeleti-hirek\/elment-peppa-neni-116-eves-volt-1577381\/\">Source link <\/a><\/p>\n","protected":false},"excerpt":{"rendered":"<p>[ad_1] Nonna Peppa, vagyis Peppa n\u00e9ni, ahogy a k\u00f6z\u00f6ss\u00e9g nevezte, kedd hajnalban Foggia megye Poggio Imperiale faluj\u00e1ban, sz\u00fcl\u0151i h\u00e1z\u00e1ban halt meg, ahov\u00e1 t\u00edz nappal kor\u00e1bban vitt\u00e9k, amikor az eg\u00e9szs\u00e9ge gyors roml\u00e1snak indult. Addig le\u00e1nya apricenai h\u00e1z\u00e1ban \u00e9lt. \u201eSajn\u00e1ljuk, ugyanakkor megtiszteltet\u00e9s is, hogy egy faluban \u00e9lt\u00fcnk vele\u201d \u2013 mondta Alfonso D\u2019Aloisio, a falu polg\u00e1rmestere, aki gy\u00e1sza [&hellip;]<\/p>\n","protected":false},"author":2,"featured_media":4341,"comment_status":"open","ping_status":"open","sticky":false,"template":"","format":"standard","meta":{"footnotes":""},"categories":[1],"tags":[],"class_list":["post-4340","post","type-post","status-publish","format-standard","has-post-thumbnail","hentry","category-penzugyi-hirek"],"yoast_head":"<!-- This site is optimized with the Yoast SEO plugin v27.4 - https:\/\/yoast.com\/product\/yoast-seo-wordpress\/ -->\n<title>Elment \u201ePeppa n\u00e9ni\u201d, 116 \u00e9ves volt - Super News<\/title>\n<meta name=\"robots\" content=\"index, follow, max-snippet:-1, max-image-preview:large, max-video-preview:-1\" \/>\n<link rel=\"canonical\" href=\"https:\/\/super-news.info\/hu\/elment-peppa-neni-116-eves-volt\/\" \/>\n<meta property=\"og:locale\" content=\"hu_HU\" \/>\n<meta property=\"og:type\" content=\"article\" \/>\n<meta property=\"og:title\" content=\"Elment \u201ePeppa n\u00e9ni\u201d, 116 \u00e9ves volt - Super News\" \/>\n<meta property=\"og:description\" content=\"[ad_1] Nonna Peppa, vagyis Peppa n\u00e9ni, ahogy a k\u00f6z\u00f6ss\u00e9g nevezte, kedd hajnalban Foggia megye Poggio Imperiale faluj\u00e1ban, sz\u00fcl\u0151i h\u00e1z\u00e1ban halt meg, ahov\u00e1 t\u00edz nappal kor\u00e1bban vitt\u00e9k, amikor az eg\u00e9szs\u00e9ge gyors roml\u00e1snak indult. Addig le\u00e1nya apricenai h\u00e1z\u00e1ban \u00e9lt. \u201eSajn\u00e1ljuk, ugyanakkor megtiszteltet\u00e9s is, hogy egy faluban \u00e9lt\u00fcnk vele\u201d \u2013 mondta Alfonso D\u2019Aloisio, a falu polg\u00e1rmestere, aki gy\u00e1sza [&hellip;]\" \/>\n<meta property=\"og:url\" content=\"https:\/\/super-news.info\/hu\/elment-peppa-neni-116-eves-volt\/\" \/>\n<meta property=\"og:site_name\" content=\"Super News\" \/>\n<meta property=\"article:published_time\" content=\"2019-06-18T18:00:28+00:00\" \/>\n<meta property=\"article:modified_time\" content=\"2019-06-18T18:00:29+00:00\" \/>\n<meta property=\"og:image\" content=\"https:\/\/super-news.info\/hu\/wp-content\/uploads\/sites\/3\/2019\/06\/Elment-\u201ePeppa-n\u00e9ni\u201d-116-\u00e9ves-volt.jpg\" \/>\n\t<meta property=\"og:image:width\" content=\"696\" \/>\n\t<meta property=\"og:image:height\" content=\"391\" \/>\n\t<meta property=\"og:image:type\" content=\"image\/jpeg\" \/>\n<meta name=\"author\" content=\"super-news\" \/>\n<meta name=\"twitter:card\" content=\"summary_large_image\" \/>\n<meta name=\"twitter:label1\" content=\"Szerz\u0151:\" \/>\n\t<meta name=\"twitter:data1\" content=\"super-news\" \/>\n\t<meta name=\"twitter:label2\" content=\"Becs\u00fclt olvas\u00e1si id\u0151\" \/>\n\t<meta name=\"twitter:data2\" content=\"1 perc\" \/>\n<script type=\"application\/ld+json\" class=\"yoast-schema-graph\">{\"@context\":\"https:\\\/\\\/schema.org\",\"@graph\":[{\"@type\":\"Article\",\"@id\":\"https:\\\/\\\/super-news.info\\\/hu\\\/elment-peppa-neni-116-eves-volt\\\/#article\",\"isPartOf\":{\"@id\":\"https:\\\/\\\/super-news.info\\\/hu\\\/elment-peppa-neni-116-eves-volt\\\/\"},\"author\":{\"name\":\"super-news\",\"@id\":\"https:\\\/\\\/super-news.info\\\/hu\\\/#\\\/schema\\\/person\\\/2d4068cb2f39cd10008c2fce578a7356\"},\"headline\":\"Elment \u201ePeppa n\u00e9ni\u201d, 116 \u00e9ves volt\",\"datePublished\":\"2019-06-18T18:00:28+00:00\",\"dateModified\":\"2019-06-18T18:00:29+00:00\",\"mainEntityOfPage\":{\"@id\":\"https:\\\/\\\/super-news.info\\\/hu\\\/elment-peppa-neni-116-eves-volt\\\/\"},\"wordCount\":247,\"commentCount\":0,\"image\":{\"@id\":\"https:\\\/\\\/super-news.info\\\/hu\\\/elment-peppa-neni-116-eves-volt\\\/#primaryimage\"},\"thumbnailUrl\":\"https:\\\/\\\/super-news.info\\\/hu\\\/wp-content\\\/uploads\\\/sites\\\/3\\\/2019\\\/06\\\/Elment-\u201ePeppa-n\u00e9ni\u201d-116-\u00e9ves-volt.jpg\",\"articleSection\":[\"P\u00c9NZ\u00dcGYI H\u00cdREK\"],\"inLanguage\":\"hu\",\"potentialAction\":[{\"@type\":\"CommentAction\",\"name\":\"Comment\",\"target\":[\"https:\\\/\\\/super-news.info\\\/hu\\\/elment-peppa-neni-116-eves-volt\\\/#respond\"]}]},{\"@type\":\"WebPage\",\"@id\":\"https:\\\/\\\/super-news.info\\\/hu\\\/elment-peppa-neni-116-eves-volt\\\/\",\"url\":\"https:\\\/\\\/super-news.info\\\/hu\\\/elment-peppa-neni-116-eves-volt\\\/\",\"name\":\"Elment \u201ePeppa n\u00e9ni\u201d, 116 \u00e9ves volt - Super News\",\"isPartOf\":{\"@id\":\"https:\\\/\\\/super-news.info\\\/hu\\\/#website\"},\"primaryImageOfPage\":{\"@id\":\"https:\\\/\\\/super-news.info\\\/hu\\\/elment-peppa-neni-116-eves-volt\\\/#primaryimage\"},\"image\":{\"@id\":\"https:\\\/\\\/super-news.info\\\/hu\\\/elment-peppa-neni-116-eves-volt\\\/#primaryimage\"},\"thumbnailUrl\":\"https:\\\/\\\/super-news.info\\\/hu\\\/wp-content\\\/uploads\\\/sites\\\/3\\\/2019\\\/06\\\/Elment-\u201ePeppa-n\u00e9ni\u201d-116-\u00e9ves-volt.jpg\",\"datePublished\":\"2019-06-18T18:00:28+00:00\",\"dateModified\":\"2019-06-18T18:00:29+00:00\",\"author\":{\"@id\":\"https:\\\/\\\/super-news.info\\\/hu\\\/#\\\/schema\\\/person\\\/2d4068cb2f39cd10008c2fce578a7356\"},\"breadcrumb\":{\"@id\":\"https:\\\/\\\/super-news.info\\\/hu\\\/elment-peppa-neni-116-eves-volt\\\/#breadcrumb\"},\"inLanguage\":\"hu\",\"potentialAction\":[{\"@type\":\"ReadAction\",\"target\":[\"https:\\\/\\\/super-news.info\\\/hu\\\/elment-peppa-neni-116-eves-volt\\\/\"]}]},{\"@type\":\"ImageObject\",\"inLanguage\":\"hu\",\"@id\":\"https:\\\/\\\/super-news.info\\\/hu\\\/elment-peppa-neni-116-eves-volt\\\/#primaryimage\",\"url\":\"https:\\\/\\\/super-news.info\\\/hu\\\/wp-content\\\/uploads\\\/sites\\\/3\\\/2019\\\/06\\\/Elment-\u201ePeppa-n\u00e9ni\u201d-116-\u00e9ves-volt.jpg\",\"contentUrl\":\"https:\\\/\\\/super-news.info\\\/hu\\\/wp-content\\\/uploads\\\/sites\\\/3\\\/2019\\\/06\\\/Elment-\u201ePeppa-n\u00e9ni\u201d-116-\u00e9ves-volt.jpg\",\"width\":696,\"height\":391,\"caption\":\"Elment \u201ePeppa n\u00e9ni\u201d, 116 \u00e9ves volt\"},{\"@type\":\"BreadcrumbList\",\"@id\":\"https:\\\/\\\/super-news.info\\\/hu\\\/elment-peppa-neni-116-eves-volt\\\/#breadcrumb\",\"itemListElement\":[{\"@type\":\"ListItem\",\"position\":1,\"name\":\"\u0413\u043b\u0430\u0432\u043d\u0430\u044f \u0441\u0442\u0440\u0430\u043d\u0438\u0446\u0430\",\"item\":\"https:\\\/\\\/super-news.info\\\/hu\\\/\"},{\"@type\":\"ListItem\",\"position\":2,\"name\":\"Elment \u201ePeppa n\u00e9ni\u201d, 116 \u00e9ves volt\"}]},{\"@type\":\"WebSite\",\"@id\":\"https:\\\/\\\/super-news.info\\\/hu\\\/#website\",\"url\":\"https:\\\/\\\/super-news.info\\\/hu\\\/\",\"name\":\"Super News\",\"description\":\"Super News Magyarorsz\u00e1g\",\"potentialAction\":[{\"@type\":\"SearchAction\",\"target\":{\"@type\":\"EntryPoint\",\"urlTemplate\":\"https:\\\/\\\/super-news.info\\\/hu\\\/?s={search_term_string}\"},\"query-input\":{\"@type\":\"PropertyValueSpecification\",\"valueRequired\":true,\"valueName\":\"search_term_string\"}}],\"inLanguage\":\"hu\"},{\"@type\":\"Person\",\"@id\":\"https:\\\/\\\/super-news.info\\\/hu\\\/#\\\/schema\\\/person\\\/2d4068cb2f39cd10008c2fce578a7356\",\"name\":\"super-news\",\"image\":{\"@type\":\"ImageObject\",\"inLanguage\":\"hu\",\"@id\":\"https:\\\/\\\/secure.gravatar.com\\\/avatar\\\/64ebac40b93f26a154f8a9b5b6fdccfc46f442b26b3dd6756dbff3bf9dc76fd7?s=96&d=mm&r=g\",\"url\":\"https:\\\/\\\/secure.gravatar.com\\\/avatar\\\/64ebac40b93f26a154f8a9b5b6fdccfc46f442b26b3dd6756dbff3bf9dc76fd7?s=96&d=mm&r=g\",\"contentUrl\":\"https:\\\/\\\/secure.gravatar.com\\\/avatar\\\/64ebac40b93f26a154f8a9b5b6fdccfc46f442b26b3dd6756dbff3bf9dc76fd7?s=96&d=mm&r=g\",\"caption\":\"super-news\"},\"url\":\"https:\\\/\\\/super-news.info\\\/hu\\\/author\\\/pt\\\/\"}]}<\/script>\n<!-- \/ Yoast SEO plugin. -->","yoast_head_json":{"title":"Elment \u201ePeppa n\u00e9ni\u201d, 116 \u00e9ves volt - Super News","robots":{"index":"index","follow":"follow","max-snippet":"max-snippet:-1","max-image-preview":"max-image-preview:large","max-video-preview":"max-video-preview:-1"},"canonical":"https:\/\/super-news.info\/hu\/elment-peppa-neni-116-eves-volt\/","og_locale":"hu_HU","og_type":"article","og_title":"Elment \u201ePeppa n\u00e9ni\u201d, 116 \u00e9ves volt - Super News","og_description":"[ad_1] Nonna Peppa, vagyis Peppa n\u00e9ni, ahogy a k\u00f6z\u00f6ss\u00e9g nevezte, kedd hajnalban Foggia megye Poggio Imperiale faluj\u00e1ban, sz\u00fcl\u0151i h\u00e1z\u00e1ban halt meg, ahov\u00e1 t\u00edz nappal kor\u00e1bban vitt\u00e9k, amikor az eg\u00e9szs\u00e9ge gyors roml\u00e1snak indult. Addig le\u00e1nya apricenai h\u00e1z\u00e1ban \u00e9lt. \u201eSajn\u00e1ljuk, ugyanakkor megtiszteltet\u00e9s is, hogy egy faluban \u00e9lt\u00fcnk vele\u201d \u2013 mondta Alfonso D\u2019Aloisio, a falu polg\u00e1rmestere, aki gy\u00e1sza [&hellip;]","og_url":"https:\/\/super-news.info\/hu\/elment-peppa-neni-116-eves-volt\/","og_site_name":"Super News","article_published_time":"2019-06-18T18:00:28+00:00","article_modified_time":"2019-06-18T18:00:29+00:00","og_image":[{"width":696,"height":391,"url":"https:\/\/super-news.info\/hu\/wp-content\/uploads\/sites\/3\/2019\/06\/Elment-\u201ePeppa-n\u00e9ni\u201d-116-\u00e9ves-volt.jpg","type":"image\/jpeg"}],"author":"super-news","twitter_card":"summary_large_image","twitter_misc":{"Szerz\u0151:":"super-news","Becs\u00fclt olvas\u00e1si id\u0151":"1 perc"},"schema":{"@context":"https:\/\/schema.org","@graph":[{"@type":"Article","@id":"https:\/\/super-news.info\/hu\/elment-peppa-neni-116-eves-volt\/#article","isPartOf":{"@id":"https:\/\/super-news.info\/hu\/elment-peppa-neni-116-eves-volt\/"},"author":{"name":"super-news","@id":"https:\/\/super-news.info\/hu\/#\/schema\/person\/2d4068cb2f39cd10008c2fce578a7356"},"headline":"Elment \u201ePeppa n\u00e9ni\u201d, 116 \u00e9ves volt","datePublished":"2019-06-18T18:00:28+00:00","dateModified":"2019-06-18T18:00:29+00:00","mainEntityOfPage":{"@id":"https:\/\/super-news.info\/hu\/elment-peppa-neni-116-eves-volt\/"},"wordCount":247,"commentCount":0,"image":{"@id":"https:\/\/super-news.info\/hu\/elment-peppa-neni-116-eves-volt\/#primaryimage"},"thumbnailUrl":"https:\/\/super-news.info\/hu\/wp-content\/uploads\/sites\/3\/2019\/06\/Elment-\u201ePeppa-n\u00e9ni\u201d-116-\u00e9ves-volt.jpg","articleSection":["P\u00c9NZ\u00dcGYI H\u00cdREK"],"inLanguage":"hu","potentialAction":[{"@type":"CommentAction","name":"Comment","target":["https:\/\/super-news.info\/hu\/elment-peppa-neni-116-eves-volt\/#respond"]}]},{"@type":"WebPage","@id":"https:\/\/super-news.info\/hu\/elment-peppa-neni-116-eves-volt\/","url":"https:\/\/super-news.info\/hu\/elment-peppa-neni-116-eves-volt\/","name":"Elment \u201ePeppa n\u00e9ni\u201d, 116 \u00e9ves volt - Super News","isPartOf":{"@id":"https:\/\/super-news.info\/hu\/#website"},"primaryImageOfPage":{"@id":"https:\/\/super-news.info\/hu\/elment-peppa-neni-116-eves-volt\/#primaryimage"},"image":{"@id":"https:\/\/super-news.info\/hu\/elment-peppa-neni-116-eves-volt\/#primaryimage"},"thumbnailUrl":"https:\/\/super-news.info\/hu\/wp-content\/uploads\/sites\/3\/2019\/06\/Elment-\u201ePeppa-n\u00e9ni\u201d-116-\u00e9ves-volt.jpg","datePublished":"2019-06-18T18:00:28+00:00","dateModified":"2019-06-18T18:00:29+00:00","author":{"@id":"https:\/\/super-news.info\/hu\/#\/schema\/person\/2d4068cb2f39cd10008c2fce578a7356"},"breadcrumb":{"@id":"https:\/\/super-news.info\/hu\/elment-peppa-neni-116-eves-volt\/#breadcrumb"},"inLanguage":"hu","potentialAction":[{"@type":"ReadAction","target":["https:\/\/super-news.info\/hu\/elment-peppa-neni-116-eves-volt\/"]}]},{"@type":"ImageObject","inLanguage":"hu","@id":"https:\/\/super-news.info\/hu\/elment-peppa-neni-116-eves-volt\/#primaryimage","url":"https:\/\/super-news.info\/hu\/wp-content\/uploads\/sites\/3\/2019\/06\/Elment-\u201ePeppa-n\u00e9ni\u201d-116-\u00e9ves-volt.jpg","contentUrl":"https:\/\/super-news.info\/hu\/wp-content\/uploads\/sites\/3\/2019\/06\/Elment-\u201ePeppa-n\u00e9ni\u201d-116-\u00e9ves-volt.jpg","width":696,"height":391,"caption":"Elment \u201ePeppa n\u00e9ni\u201d, 116 \u00e9ves volt"},{"@type":"BreadcrumbList","@id":"https:\/\/super-news.info\/hu\/elment-peppa-neni-116-eves-volt\/#breadcrumb","itemListElement":[{"@type":"ListItem","position":1,"name":"\u0413\u043b\u0430\u0432\u043d\u0430\u044f \u0441\u0442\u0440\u0430\u043d\u0438\u0446\u0430","item":"https:\/\/super-news.info\/hu\/"},{"@type":"ListItem","position":2,"name":"Elment \u201ePeppa n\u00e9ni\u201d, 116 \u00e9ves volt"}]},{"@type":"WebSite","@id":"https:\/\/super-news.info\/hu\/#website","url":"https:\/\/super-news.info\/hu\/","name":"Super News","description":"Super News Magyarorsz\u00e1g","potentialAction":[{"@type":"SearchAction","target":{"@type":"EntryPoint","urlTemplate":"https:\/\/super-news.info\/hu\/?s={search_term_string}"},"query-input":{"@type":"PropertyValueSpecification","valueRequired":true,"valueName":"search_term_string"}}],"inLanguage":"hu"},{"@type":"Person","@id":"https:\/\/super-news.info\/hu\/#\/schema\/person\/2d4068cb2f39cd10008c2fce578a7356","name":"super-news","image":{"@type":"ImageObject","inLanguage":"hu","@id":"https:\/\/secure.gravatar.com\/avatar\/64ebac40b93f26a154f8a9b5b6fdccfc46f442b26b3dd6756dbff3bf9dc76fd7?s=96&d=mm&r=g","url":"https:\/\/secure.gravatar.com\/avatar\/64ebac40b93f26a154f8a9b5b6fdccfc46f442b26b3dd6756dbff3bf9dc76fd7?s=96&d=mm&r=g","contentUrl":"https:\/\/secure.gravatar.com\/avatar\/64ebac40b93f26a154f8a9b5b6fdccfc46f442b26b3dd6756dbff3bf9dc76fd7?s=96&d=mm&r=g","caption":"super-news"},"url":"https:\/\/super-news.info\/hu\/author\/pt\/"}]}},"_links":{"self":[{"href":"https:\/\/super-news.info\/hu\/wp-json\/wp\/v2\/posts\/4340","targetHints":{"allow":["GET"]}}],"collection":[{"href":"https:\/\/super-news.info\/hu\/wp-json\/wp\/v2\/posts"}],"about":[{"href":"https:\/\/super-news.info\/hu\/wp-json\/wp\/v2\/types\/post"}],"author":[{"embeddable":true,"href":"https:\/\/super-news.info\/hu\/wp-json\/wp\/v2\/users\/2"}],"replies":[{"embeddable":true,"href":"https:\/\/super-news.info\/hu\/wp-json\/wp\/v2\/comments?post=4340"}],"version-history":[{"count":1,"href":"https:\/\/super-news.info\/hu\/wp-json\/wp\/v2\/posts\/4340\/revisions"}],"predecessor-version":[{"id":4342,"href":"https:\/\/super-news.info\/hu\/wp-json\/wp\/v2\/posts\/4340\/revisions\/4342"}],"wp:featuredmedia":[{"embeddable":true,"href":"https:\/\/super-news.info\/hu\/wp-json\/wp\/v2\/media\/4341"}],"wp:attachment":[{"href":"https:\/\/super-news.info\/hu\/wp-json\/wp\/v2\/media?parent=4340"}],"wp:term":[{"taxonomy":"category","embeddable":true,"href":"https:\/\/super-news.info\/hu\/wp-json\/wp\/v2\/categories?post=4340"},{"taxonomy":"post_tag","embeddable":true,"href":"https:\/\/super-news.info\/hu\/wp-json\/wp\/v2\/tags?post=4340"}],"curies":[{"name":"wp","href":"https:\/\/api.w.org\/{rel}","templated":true}]}}