{"id":4326,"date":"2019-06-18T17:30:04","date_gmt":"2019-06-18T14:30:04","guid":{"rendered":"https:\/\/super-news.info\/hu\/biztositott-az-ellatas-az-ozdi-idosek-otthonaban-a-hajnali-tuzeset-utan\/"},"modified":"2019-06-18T17:30:05","modified_gmt":"2019-06-18T14:30:05","slug":"biztositott-az-ellatas-az-ozdi-idosek-otthonaban-a-hajnali-tuzeset-utan","status":"publish","type":"post","link":"https:\/\/super-news.info\/hu\/biztositott-az-ellatas-az-ozdi-idosek-otthonaban-a-hajnali-tuzeset-utan\/","title":{"rendered":"Biztos\u00edtott az ell\u00e1t\u00e1s az \u00f3zdi id\u0151sek otthon\u00e1ban a hajnali t\u0171zeset ut\u00e1n"},"content":{"rendered":"<p> [ad_1]<br \/>\n<\/p>\n<p>\n\t\t\t\t\t\t\t\tZavartalan az ell\u00e1t\u00e1s \u00d3zdon abban az id\u0151sek otthon\u00e1ban, ahol kedd hajnalban eddig ismeretlen okb\u00f3l t\u0171z \u00fct\u00f6tt ki. Az int\u00e9zm\u00e9nyb\u0151l senkit sem kellett kik\u00f6lt\u00f6ztetni, az ott \u00e9l\u0151 140 id\u0151s ember ell\u00e1t\u00e1s\u00e1t az int\u00e9zm\u00e9ny biztos\u00edtja \u2013 k\u00f6z\u00f6lte az Emberi Er\u0151forr\u00e1sok Miniszt\u00e9riuma (Emmi) d\u00e9lut\u00e1n. \t\t\t\t\t\t\t<\/p>\n<div>\n<p>Kigyulladt egy id\u0151seket gondoz\u00f3 otthon egyik szob\u00e1ja \u00d3zdon kedd reggel, a t\u00e1j\u00e9koztat\u00e1s eml\u00e9keztet arra, hogy<\/p>\n<p>a t\u0171zesetben egy ember \u00e9let\u00e9t vesztette, \u00e9s jelenleg 11 s\u00e9r\u00fcltet k\u00f3rh\u00e1zban kezelnek, \u00e1llapotuk stabil.<\/p>\n<p>A t\u00e1rca r\u00e9szv\u00e9t\u00e9t fejezi ki az elhunyt gondozott hozz\u00e1tartoz\u00f3inak.<\/p>\n<p>A t\u0171z miatt az \u00e9p\u00fclet els\u0151 emelet\u00e9n h\u00e1rom szob\u00e1t kellett lez\u00e1rni, de az int\u00e9zm\u00e9ny tov\u00e1bbi r\u00e9sz\u00e9ben biztos\u00edtott a folyamatos m\u0171k\u00f6d\u00e9s \u2013 olvashat\u00f3 az Emmi k\u00f6zlem\u00e9ny\u00e9ben.<\/p>\n<div id=\"attachment_1502875\" style=\"width: 1034px\" class=\"wp-caption alignnone\">\n<p class=\"wp-caption-text\">Fot\u00f3: Bruz\u00e1k No\u00e9mi \/ MTI \/A fot\u00f3 illusztr\u00e1ci\u00f3\/<\/p>\n<\/div>\n<p>A miniszt\u00e9rium tudatta azt is, hogy F\u00fcl\u00f6p Attila szoci\u00e1lis \u00fcgyek\u00e9rt felel\u0151s \u00e1llamtitk\u00e1r \u00d3zdra utazott, hogy a helysz\u00ednen t\u00e1j\u00e9koz\u00f3djon \u00e9s felm\u00e9rje, mire van sz\u00fcks\u00e9ge az int\u00e9zm\u00e9nynek a gondozottak tov\u00e1bbi zavartalan ell\u00e1t\u00e1s\u00e1hoz.<\/p>\n<\/p><\/div>\n<p><script>\n    window.fbAsyncInit = function() {\n        FB.init({\n            appId      : \"204760236815359\",\n            xfbml      : true,\n            version    : \"v2.12\"\n        });\n        FB.AppEvents.logPageView();\n    };<\/p>\n<p>    (function(d, s, id){\n        var js, fjs = d.getElementsByTagName(s)[0];\n        if (d.getElementById(id)) {return;}\n        js = d.createElement(s); js.id = id;\n        js.src = \"http:\/\/connect.facebook.net\/hu_HU\/sdk.js\";\n        fjs.parentNode.insertBefore(js, fjs);\n    }(document, \"script\", \"facebook-jssdk\"));\n<\/script><br \/>\n<br \/>[ad_2]<br \/>\n<br \/><a href=\"https:\/\/www.vg.hu\/kozelet\/kozeleti-hirek\/biztositott-az-ellatas-az-ozdi-idosek-otthonaban-a-hajnali-tuzeset-utan-1578002\/\">Source link <\/a><\/p>\n","protected":false},"excerpt":{"rendered":"<p>[ad_1] Zavartalan az ell\u00e1t\u00e1s \u00d3zdon abban az id\u0151sek otthon\u00e1ban, ahol kedd hajnalban eddig ismeretlen okb\u00f3l t\u0171z \u00fct\u00f6tt ki. Az int\u00e9zm\u00e9nyb\u0151l senkit sem kellett kik\u00f6lt\u00f6ztetni, az ott \u00e9l\u0151 140 id\u0151s ember ell\u00e1t\u00e1s\u00e1t az int\u00e9zm\u00e9ny biztos\u00edtja \u2013 k\u00f6z\u00f6lte az Emberi Er\u0151forr\u00e1sok Miniszt\u00e9riuma (Emmi) d\u00e9lut\u00e1n. Kigyulladt egy id\u0151seket gondoz\u00f3 otthon egyik szob\u00e1ja \u00d3zdon kedd reggel, a t\u00e1j\u00e9koztat\u00e1s eml\u00e9keztet [&hellip;]<\/p>\n","protected":false},"author":2,"featured_media":4327,"comment_status":"open","ping_status":"open","sticky":false,"template":"","format":"standard","meta":{"footnotes":""},"categories":[1],"tags":[],"class_list":["post-4326","post","type-post","status-publish","format-standard","has-post-thumbnail","hentry","category-penzugyi-hirek"],"yoast_head":"<!-- This site is optimized with the Yoast SEO plugin v27.4 - https:\/\/yoast.com\/product\/yoast-seo-wordpress\/ -->\n<title>Biztos\u00edtott az ell\u00e1t\u00e1s az \u00f3zdi id\u0151sek otthon\u00e1ban a hajnali t\u0171zeset ut\u00e1n - Super News<\/title>\n<meta name=\"robots\" content=\"index, follow, max-snippet:-1, max-image-preview:large, max-video-preview:-1\" \/>\n<link rel=\"canonical\" href=\"https:\/\/super-news.info\/hu\/biztositott-az-ellatas-az-ozdi-idosek-otthonaban-a-hajnali-tuzeset-utan\/\" \/>\n<meta property=\"og:locale\" content=\"hu_HU\" \/>\n<meta property=\"og:type\" content=\"article\" \/>\n<meta property=\"og:title\" content=\"Biztos\u00edtott az ell\u00e1t\u00e1s az \u00f3zdi id\u0151sek otthon\u00e1ban a hajnali t\u0171zeset ut\u00e1n - Super News\" \/>\n<meta property=\"og:description\" content=\"[ad_1] Zavartalan az ell\u00e1t\u00e1s \u00d3zdon abban az id\u0151sek otthon\u00e1ban, ahol kedd hajnalban eddig ismeretlen okb\u00f3l t\u0171z \u00fct\u00f6tt ki. Az int\u00e9zm\u00e9nyb\u0151l senkit sem kellett kik\u00f6lt\u00f6ztetni, az ott \u00e9l\u0151 140 id\u0151s ember ell\u00e1t\u00e1s\u00e1t az int\u00e9zm\u00e9ny biztos\u00edtja \u2013 k\u00f6z\u00f6lte az Emberi Er\u0151forr\u00e1sok Miniszt\u00e9riuma (Emmi) d\u00e9lut\u00e1n. Kigyulladt egy id\u0151seket gondoz\u00f3 otthon egyik szob\u00e1ja \u00d3zdon kedd reggel, a t\u00e1j\u00e9koztat\u00e1s eml\u00e9keztet [&hellip;]\" \/>\n<meta property=\"og:url\" content=\"https:\/\/super-news.info\/hu\/biztositott-az-ellatas-az-ozdi-idosek-otthonaban-a-hajnali-tuzeset-utan\/\" \/>\n<meta property=\"og:site_name\" content=\"Super News\" \/>\n<meta property=\"article:published_time\" content=\"2019-06-18T14:30:04+00:00\" \/>\n<meta property=\"article:modified_time\" content=\"2019-06-18T14:30:05+00:00\" \/>\n<meta property=\"og:image\" content=\"https:\/\/super-news.info\/hu\/wp-content\/uploads\/sites\/3\/2019\/06\/Biztos\u00edtott-az-ell\u00e1t\u00e1s-az-\u00f3zdi-id\u0151sek-otthon\u00e1ban-a-hajnali-t\u0171zeset.jpg\" \/>\n\t<meta property=\"og:image:width\" content=\"1024\" \/>\n\t<meta property=\"og:image:height\" content=\"693\" \/>\n\t<meta property=\"og:image:type\" content=\"image\/jpeg\" \/>\n<meta name=\"author\" content=\"super-news\" \/>\n<meta name=\"twitter:card\" content=\"summary_large_image\" \/>\n<meta name=\"twitter:label1\" content=\"Szerz\u0151:\" \/>\n\t<meta name=\"twitter:data1\" content=\"super-news\" \/>\n\t<meta name=\"twitter:label2\" content=\"Becs\u00fclt olvas\u00e1si id\u0151\" \/>\n\t<meta name=\"twitter:data2\" content=\"1 perc\" \/>\n<script type=\"application\/ld+json\" class=\"yoast-schema-graph\">{\"@context\":\"https:\\\/\\\/schema.org\",\"@graph\":[{\"@type\":\"Article\",\"@id\":\"https:\\\/\\\/super-news.info\\\/hu\\\/biztositott-az-ellatas-az-ozdi-idosek-otthonaban-a-hajnali-tuzeset-utan\\\/#article\",\"isPartOf\":{\"@id\":\"https:\\\/\\\/super-news.info\\\/hu\\\/biztositott-az-ellatas-az-ozdi-idosek-otthonaban-a-hajnali-tuzeset-utan\\\/\"},\"author\":{\"name\":\"super-news\",\"@id\":\"https:\\\/\\\/super-news.info\\\/hu\\\/#\\\/schema\\\/person\\\/2d4068cb2f39cd10008c2fce578a7356\"},\"headline\":\"Biztos\u00edtott az ell\u00e1t\u00e1s az \u00f3zdi id\u0151sek otthon\u00e1ban a hajnali t\u0171zeset ut\u00e1n\",\"datePublished\":\"2019-06-18T14:30:04+00:00\",\"dateModified\":\"2019-06-18T14:30:05+00:00\",\"mainEntityOfPage\":{\"@id\":\"https:\\\/\\\/super-news.info\\\/hu\\\/biztositott-az-ellatas-az-ozdi-idosek-otthonaban-a-hajnali-tuzeset-utan\\\/\"},\"wordCount\":244,\"commentCount\":0,\"image\":{\"@id\":\"https:\\\/\\\/super-news.info\\\/hu\\\/biztositott-az-ellatas-az-ozdi-idosek-otthonaban-a-hajnali-tuzeset-utan\\\/#primaryimage\"},\"thumbnailUrl\":\"https:\\\/\\\/super-news.info\\\/hu\\\/wp-content\\\/uploads\\\/sites\\\/3\\\/2019\\\/06\\\/Biztos\u00edtott-az-ell\u00e1t\u00e1s-az-\u00f3zdi-id\u0151sek-otthon\u00e1ban-a-hajnali-t\u0171zeset.jpg\",\"articleSection\":[\"P\u00c9NZ\u00dcGYI H\u00cdREK\"],\"inLanguage\":\"hu\",\"potentialAction\":[{\"@type\":\"CommentAction\",\"name\":\"Comment\",\"target\":[\"https:\\\/\\\/super-news.info\\\/hu\\\/biztositott-az-ellatas-az-ozdi-idosek-otthonaban-a-hajnali-tuzeset-utan\\\/#respond\"]}]},{\"@type\":\"WebPage\",\"@id\":\"https:\\\/\\\/super-news.info\\\/hu\\\/biztositott-az-ellatas-az-ozdi-idosek-otthonaban-a-hajnali-tuzeset-utan\\\/\",\"url\":\"https:\\\/\\\/super-news.info\\\/hu\\\/biztositott-az-ellatas-az-ozdi-idosek-otthonaban-a-hajnali-tuzeset-utan\\\/\",\"name\":\"Biztos\u00edtott az ell\u00e1t\u00e1s az \u00f3zdi id\u0151sek otthon\u00e1ban a hajnali t\u0171zeset ut\u00e1n - Super News\",\"isPartOf\":{\"@id\":\"https:\\\/\\\/super-news.info\\\/hu\\\/#website\"},\"primaryImageOfPage\":{\"@id\":\"https:\\\/\\\/super-news.info\\\/hu\\\/biztositott-az-ellatas-az-ozdi-idosek-otthonaban-a-hajnali-tuzeset-utan\\\/#primaryimage\"},\"image\":{\"@id\":\"https:\\\/\\\/super-news.info\\\/hu\\\/biztositott-az-ellatas-az-ozdi-idosek-otthonaban-a-hajnali-tuzeset-utan\\\/#primaryimage\"},\"thumbnailUrl\":\"https:\\\/\\\/super-news.info\\\/hu\\\/wp-content\\\/uploads\\\/sites\\\/3\\\/2019\\\/06\\\/Biztos\u00edtott-az-ell\u00e1t\u00e1s-az-\u00f3zdi-id\u0151sek-otthon\u00e1ban-a-hajnali-t\u0171zeset.jpg\",\"datePublished\":\"2019-06-18T14:30:04+00:00\",\"dateModified\":\"2019-06-18T14:30:05+00:00\",\"author\":{\"@id\":\"https:\\\/\\\/super-news.info\\\/hu\\\/#\\\/schema\\\/person\\\/2d4068cb2f39cd10008c2fce578a7356\"},\"breadcrumb\":{\"@id\":\"https:\\\/\\\/super-news.info\\\/hu\\\/biztositott-az-ellatas-az-ozdi-idosek-otthonaban-a-hajnali-tuzeset-utan\\\/#breadcrumb\"},\"inLanguage\":\"hu\",\"potentialAction\":[{\"@type\":\"ReadAction\",\"target\":[\"https:\\\/\\\/super-news.info\\\/hu\\\/biztositott-az-ellatas-az-ozdi-idosek-otthonaban-a-hajnali-tuzeset-utan\\\/\"]}]},{\"@type\":\"ImageObject\",\"inLanguage\":\"hu\",\"@id\":\"https:\\\/\\\/super-news.info\\\/hu\\\/biztositott-az-ellatas-az-ozdi-idosek-otthonaban-a-hajnali-tuzeset-utan\\\/#primaryimage\",\"url\":\"https:\\\/\\\/super-news.info\\\/hu\\\/wp-content\\\/uploads\\\/sites\\\/3\\\/2019\\\/06\\\/Biztos\u00edtott-az-ell\u00e1t\u00e1s-az-\u00f3zdi-id\u0151sek-otthon\u00e1ban-a-hajnali-t\u0171zeset.jpg\",\"contentUrl\":\"https:\\\/\\\/super-news.info\\\/hu\\\/wp-content\\\/uploads\\\/sites\\\/3\\\/2019\\\/06\\\/Biztos\u00edtott-az-ell\u00e1t\u00e1s-az-\u00f3zdi-id\u0151sek-otthon\u00e1ban-a-hajnali-t\u0171zeset.jpg\",\"width\":1024,\"height\":693,\"caption\":\"Biztos\u00edtott az ell\u00e1t\u00e1s az \u00f3zdi id\u0151sek otthon\u00e1ban a hajnali t\u0171zeset ut\u00e1n\"},{\"@type\":\"BreadcrumbList\",\"@id\":\"https:\\\/\\\/super-news.info\\\/hu\\\/biztositott-az-ellatas-az-ozdi-idosek-otthonaban-a-hajnali-tuzeset-utan\\\/#breadcrumb\",\"itemListElement\":[{\"@type\":\"ListItem\",\"position\":1,\"name\":\"\u0413\u043b\u0430\u0432\u043d\u0430\u044f \u0441\u0442\u0440\u0430\u043d\u0438\u0446\u0430\",\"item\":\"https:\\\/\\\/super-news.info\\\/hu\\\/\"},{\"@type\":\"ListItem\",\"position\":2,\"name\":\"Biztos\u00edtott az ell\u00e1t\u00e1s az \u00f3zdi id\u0151sek otthon\u00e1ban a hajnali t\u0171zeset ut\u00e1n\"}]},{\"@type\":\"WebSite\",\"@id\":\"https:\\\/\\\/super-news.info\\\/hu\\\/#website\",\"url\":\"https:\\\/\\\/super-news.info\\\/hu\\\/\",\"name\":\"Super News\",\"description\":\"Super News Magyarorsz\u00e1g\",\"potentialAction\":[{\"@type\":\"SearchAction\",\"target\":{\"@type\":\"EntryPoint\",\"urlTemplate\":\"https:\\\/\\\/super-news.info\\\/hu\\\/?s={search_term_string}\"},\"query-input\":{\"@type\":\"PropertyValueSpecification\",\"valueRequired\":true,\"valueName\":\"search_term_string\"}}],\"inLanguage\":\"hu\"},{\"@type\":\"Person\",\"@id\":\"https:\\\/\\\/super-news.info\\\/hu\\\/#\\\/schema\\\/person\\\/2d4068cb2f39cd10008c2fce578a7356\",\"name\":\"super-news\",\"image\":{\"@type\":\"ImageObject\",\"inLanguage\":\"hu\",\"@id\":\"https:\\\/\\\/secure.gravatar.com\\\/avatar\\\/64ebac40b93f26a154f8a9b5b6fdccfc46f442b26b3dd6756dbff3bf9dc76fd7?s=96&d=mm&r=g\",\"url\":\"https:\\\/\\\/secure.gravatar.com\\\/avatar\\\/64ebac40b93f26a154f8a9b5b6fdccfc46f442b26b3dd6756dbff3bf9dc76fd7?s=96&d=mm&r=g\",\"contentUrl\":\"https:\\\/\\\/secure.gravatar.com\\\/avatar\\\/64ebac40b93f26a154f8a9b5b6fdccfc46f442b26b3dd6756dbff3bf9dc76fd7?s=96&d=mm&r=g\",\"caption\":\"super-news\"},\"url\":\"https:\\\/\\\/super-news.info\\\/hu\\\/author\\\/pt\\\/\"}]}<\/script>\n<!-- \/ Yoast SEO plugin. -->","yoast_head_json":{"title":"Biztos\u00edtott az ell\u00e1t\u00e1s az \u00f3zdi id\u0151sek otthon\u00e1ban a hajnali t\u0171zeset ut\u00e1n - Super News","robots":{"index":"index","follow":"follow","max-snippet":"max-snippet:-1","max-image-preview":"max-image-preview:large","max-video-preview":"max-video-preview:-1"},"canonical":"https:\/\/super-news.info\/hu\/biztositott-az-ellatas-az-ozdi-idosek-otthonaban-a-hajnali-tuzeset-utan\/","og_locale":"hu_HU","og_type":"article","og_title":"Biztos\u00edtott az ell\u00e1t\u00e1s az \u00f3zdi id\u0151sek otthon\u00e1ban a hajnali t\u0171zeset ut\u00e1n - Super News","og_description":"[ad_1] Zavartalan az ell\u00e1t\u00e1s \u00d3zdon abban az id\u0151sek otthon\u00e1ban, ahol kedd hajnalban eddig ismeretlen okb\u00f3l t\u0171z \u00fct\u00f6tt ki. Az int\u00e9zm\u00e9nyb\u0151l senkit sem kellett kik\u00f6lt\u00f6ztetni, az ott \u00e9l\u0151 140 id\u0151s ember ell\u00e1t\u00e1s\u00e1t az int\u00e9zm\u00e9ny biztos\u00edtja \u2013 k\u00f6z\u00f6lte az Emberi Er\u0151forr\u00e1sok Miniszt\u00e9riuma (Emmi) d\u00e9lut\u00e1n. Kigyulladt egy id\u0151seket gondoz\u00f3 otthon egyik szob\u00e1ja \u00d3zdon kedd reggel, a t\u00e1j\u00e9koztat\u00e1s eml\u00e9keztet [&hellip;]","og_url":"https:\/\/super-news.info\/hu\/biztositott-az-ellatas-az-ozdi-idosek-otthonaban-a-hajnali-tuzeset-utan\/","og_site_name":"Super News","article_published_time":"2019-06-18T14:30:04+00:00","article_modified_time":"2019-06-18T14:30:05+00:00","og_image":[{"width":1024,"height":693,"url":"https:\/\/super-news.info\/hu\/wp-content\/uploads\/sites\/3\/2019\/06\/Biztos\u00edtott-az-ell\u00e1t\u00e1s-az-\u00f3zdi-id\u0151sek-otthon\u00e1ban-a-hajnali-t\u0171zeset.jpg","type":"image\/jpeg"}],"author":"super-news","twitter_card":"summary_large_image","twitter_misc":{"Szerz\u0151:":"super-news","Becs\u00fclt olvas\u00e1si id\u0151":"1 perc"},"schema":{"@context":"https:\/\/schema.org","@graph":[{"@type":"Article","@id":"https:\/\/super-news.info\/hu\/biztositott-az-ellatas-az-ozdi-idosek-otthonaban-a-hajnali-tuzeset-utan\/#article","isPartOf":{"@id":"https:\/\/super-news.info\/hu\/biztositott-az-ellatas-az-ozdi-idosek-otthonaban-a-hajnali-tuzeset-utan\/"},"author":{"name":"super-news","@id":"https:\/\/super-news.info\/hu\/#\/schema\/person\/2d4068cb2f39cd10008c2fce578a7356"},"headline":"Biztos\u00edtott az ell\u00e1t\u00e1s az \u00f3zdi id\u0151sek otthon\u00e1ban a hajnali t\u0171zeset ut\u00e1n","datePublished":"2019-06-18T14:30:04+00:00","dateModified":"2019-06-18T14:30:05+00:00","mainEntityOfPage":{"@id":"https:\/\/super-news.info\/hu\/biztositott-az-ellatas-az-ozdi-idosek-otthonaban-a-hajnali-tuzeset-utan\/"},"wordCount":244,"commentCount":0,"image":{"@id":"https:\/\/super-news.info\/hu\/biztositott-az-ellatas-az-ozdi-idosek-otthonaban-a-hajnali-tuzeset-utan\/#primaryimage"},"thumbnailUrl":"https:\/\/super-news.info\/hu\/wp-content\/uploads\/sites\/3\/2019\/06\/Biztos\u00edtott-az-ell\u00e1t\u00e1s-az-\u00f3zdi-id\u0151sek-otthon\u00e1ban-a-hajnali-t\u0171zeset.jpg","articleSection":["P\u00c9NZ\u00dcGYI H\u00cdREK"],"inLanguage":"hu","potentialAction":[{"@type":"CommentAction","name":"Comment","target":["https:\/\/super-news.info\/hu\/biztositott-az-ellatas-az-ozdi-idosek-otthonaban-a-hajnali-tuzeset-utan\/#respond"]}]},{"@type":"WebPage","@id":"https:\/\/super-news.info\/hu\/biztositott-az-ellatas-az-ozdi-idosek-otthonaban-a-hajnali-tuzeset-utan\/","url":"https:\/\/super-news.info\/hu\/biztositott-az-ellatas-az-ozdi-idosek-otthonaban-a-hajnali-tuzeset-utan\/","name":"Biztos\u00edtott az ell\u00e1t\u00e1s az \u00f3zdi id\u0151sek otthon\u00e1ban a hajnali t\u0171zeset ut\u00e1n - Super News","isPartOf":{"@id":"https:\/\/super-news.info\/hu\/#website"},"primaryImageOfPage":{"@id":"https:\/\/super-news.info\/hu\/biztositott-az-ellatas-az-ozdi-idosek-otthonaban-a-hajnali-tuzeset-utan\/#primaryimage"},"image":{"@id":"https:\/\/super-news.info\/hu\/biztositott-az-ellatas-az-ozdi-idosek-otthonaban-a-hajnali-tuzeset-utan\/#primaryimage"},"thumbnailUrl":"https:\/\/super-news.info\/hu\/wp-content\/uploads\/sites\/3\/2019\/06\/Biztos\u00edtott-az-ell\u00e1t\u00e1s-az-\u00f3zdi-id\u0151sek-otthon\u00e1ban-a-hajnali-t\u0171zeset.jpg","datePublished":"2019-06-18T14:30:04+00:00","dateModified":"2019-06-18T14:30:05+00:00","author":{"@id":"https:\/\/super-news.info\/hu\/#\/schema\/person\/2d4068cb2f39cd10008c2fce578a7356"},"breadcrumb":{"@id":"https:\/\/super-news.info\/hu\/biztositott-az-ellatas-az-ozdi-idosek-otthonaban-a-hajnali-tuzeset-utan\/#breadcrumb"},"inLanguage":"hu","potentialAction":[{"@type":"ReadAction","target":["https:\/\/super-news.info\/hu\/biztositott-az-ellatas-az-ozdi-idosek-otthonaban-a-hajnali-tuzeset-utan\/"]}]},{"@type":"ImageObject","inLanguage":"hu","@id":"https:\/\/super-news.info\/hu\/biztositott-az-ellatas-az-ozdi-idosek-otthonaban-a-hajnali-tuzeset-utan\/#primaryimage","url":"https:\/\/super-news.info\/hu\/wp-content\/uploads\/sites\/3\/2019\/06\/Biztos\u00edtott-az-ell\u00e1t\u00e1s-az-\u00f3zdi-id\u0151sek-otthon\u00e1ban-a-hajnali-t\u0171zeset.jpg","contentUrl":"https:\/\/super-news.info\/hu\/wp-content\/uploads\/sites\/3\/2019\/06\/Biztos\u00edtott-az-ell\u00e1t\u00e1s-az-\u00f3zdi-id\u0151sek-otthon\u00e1ban-a-hajnali-t\u0171zeset.jpg","width":1024,"height":693,"caption":"Biztos\u00edtott az ell\u00e1t\u00e1s az \u00f3zdi id\u0151sek otthon\u00e1ban a hajnali t\u0171zeset ut\u00e1n"},{"@type":"BreadcrumbList","@id":"https:\/\/super-news.info\/hu\/biztositott-az-ellatas-az-ozdi-idosek-otthonaban-a-hajnali-tuzeset-utan\/#breadcrumb","itemListElement":[{"@type":"ListItem","position":1,"name":"\u0413\u043b\u0430\u0432\u043d\u0430\u044f \u0441\u0442\u0440\u0430\u043d\u0438\u0446\u0430","item":"https:\/\/super-news.info\/hu\/"},{"@type":"ListItem","position":2,"name":"Biztos\u00edtott az ell\u00e1t\u00e1s az \u00f3zdi id\u0151sek otthon\u00e1ban a hajnali t\u0171zeset ut\u00e1n"}]},{"@type":"WebSite","@id":"https:\/\/super-news.info\/hu\/#website","url":"https:\/\/super-news.info\/hu\/","name":"Super News","description":"Super News Magyarorsz\u00e1g","potentialAction":[{"@type":"SearchAction","target":{"@type":"EntryPoint","urlTemplate":"https:\/\/super-news.info\/hu\/?s={search_term_string}"},"query-input":{"@type":"PropertyValueSpecification","valueRequired":true,"valueName":"search_term_string"}}],"inLanguage":"hu"},{"@type":"Person","@id":"https:\/\/super-news.info\/hu\/#\/schema\/person\/2d4068cb2f39cd10008c2fce578a7356","name":"super-news","image":{"@type":"ImageObject","inLanguage":"hu","@id":"https:\/\/secure.gravatar.com\/avatar\/64ebac40b93f26a154f8a9b5b6fdccfc46f442b26b3dd6756dbff3bf9dc76fd7?s=96&d=mm&r=g","url":"https:\/\/secure.gravatar.com\/avatar\/64ebac40b93f26a154f8a9b5b6fdccfc46f442b26b3dd6756dbff3bf9dc76fd7?s=96&d=mm&r=g","contentUrl":"https:\/\/secure.gravatar.com\/avatar\/64ebac40b93f26a154f8a9b5b6fdccfc46f442b26b3dd6756dbff3bf9dc76fd7?s=96&d=mm&r=g","caption":"super-news"},"url":"https:\/\/super-news.info\/hu\/author\/pt\/"}]}},"_links":{"self":[{"href":"https:\/\/super-news.info\/hu\/wp-json\/wp\/v2\/posts\/4326","targetHints":{"allow":["GET"]}}],"collection":[{"href":"https:\/\/super-news.info\/hu\/wp-json\/wp\/v2\/posts"}],"about":[{"href":"https:\/\/super-news.info\/hu\/wp-json\/wp\/v2\/types\/post"}],"author":[{"embeddable":true,"href":"https:\/\/super-news.info\/hu\/wp-json\/wp\/v2\/users\/2"}],"replies":[{"embeddable":true,"href":"https:\/\/super-news.info\/hu\/wp-json\/wp\/v2\/comments?post=4326"}],"version-history":[{"count":1,"href":"https:\/\/super-news.info\/hu\/wp-json\/wp\/v2\/posts\/4326\/revisions"}],"predecessor-version":[{"id":4328,"href":"https:\/\/super-news.info\/hu\/wp-json\/wp\/v2\/posts\/4326\/revisions\/4328"}],"wp:featuredmedia":[{"embeddable":true,"href":"https:\/\/super-news.info\/hu\/wp-json\/wp\/v2\/media\/4327"}],"wp:attachment":[{"href":"https:\/\/super-news.info\/hu\/wp-json\/wp\/v2\/media?parent=4326"}],"wp:term":[{"taxonomy":"category","embeddable":true,"href":"https:\/\/super-news.info\/hu\/wp-json\/wp\/v2\/categories?post=4326"},{"taxonomy":"post_tag","embeddable":true,"href":"https:\/\/super-news.info\/hu\/wp-json\/wp\/v2\/tags?post=4326"}],"curies":[{"name":"wp","href":"https:\/\/api.w.org\/{rel}","templated":true}]}}