{"id":4320,"date":"2019-06-18T16:37:58","date_gmt":"2019-06-18T13:37:58","guid":{"rendered":"https:\/\/super-news.info\/hu\/jo-lesz-figyelni-ha-babavaro-hitelre-van-szukseg\/"},"modified":"2019-06-18T16:38:00","modified_gmt":"2019-06-18T13:38:00","slug":"jo-lesz-figyelni-ha-babavaro-hitelre-van-szukseg","status":"publish","type":"post","link":"https:\/\/super-news.info\/hu\/jo-lesz-figyelni-ha-babavaro-hitelre-van-szukseg\/","title":{"rendered":"J\u00f3 lesz figyelni, ha babav\u00e1r\u00f3 hitelre van sz\u00fcks\u00e9g"},"content":{"rendered":"<p> [ad_1]<br \/>\n<\/p>\n<p>\n\t\t\t\t\t\t\t\tJ\u00falius 1-\u00e9t\u0151l el\u00e9rhet\u0151v\u00e9 v\u00e1lik a p\u00e9nzint\u00e9zetekben a babav\u00e1r\u00f3 hitel, amelynek keret\u00e9n bel\u00fcl ak\u00e1r 10 milli\u00f3 forint \u00f6sszeg\u0171, szabadon felhaszn\u00e1lhat\u00f3, kamatt\u00e1mogatott hitelhez juthatnak a fiatal h\u00e1zasp\u00e1rok. A felt\u00e9telek azonban \u2013 kisebb nagyobb m\u00e9rt\u00e9kben \u2013 minden bankn\u00e1l elt\u00e9rnek egym\u00e1st\u00f3l, a bank360.hu most ezeket vette g\u00f3rcs\u0151 al\u00e1.\t\t\t\t\t\t\t<\/p>\n<div>\n<p>A szakport\u00e1l felh\u00edvja r\u00e1 a figyelmet, hogy egyes p\u00e9nzint\u00e9zetek m\u00e1s \u00e9s m\u00e1s felt\u00e9teleket szabnak majd a hitelfelvev\u0151knek. Eszerint \u2013 mint \u00f6sszegeznek \u2013, bankonk\u00e9nt v\u00e1ltozhat a minim\u00e1lisan elv\u00e1rt j\u00f6vedelem szintje, a legr\u00f6videbb futamid\u0151, a hitelig\u00e9nyl\u00e9s als\u00f3 korhat\u00e1ra, a futamid\u0151 v\u00e9g\u00e9re bet\u00f6lt\u00f6tt fels\u0151 korhat\u00e1r, vagy az igen fontosnak mondhat\u00f3 indul\u00f3 kedvezm\u00e9nyek nagys\u00e1ga. Nem utols\u00f3 sorban az \u00fagynevezett \u201escoringban\u201d , (ez az a rendszer, ami alapj\u00e1n a bankok min\u0151s\u00edtik a az \u00fcgyfeleket \u2013 a szerk.) is elt\u00e9r\u00e9sek mutatkozhatnak.<\/p>\n<p>Kit\u00e9rnek r\u00e1, a hitelb\u00edr\u00e1lat a bank hat\u00e1sk\u00f6r\u00e9be tartozik, \u00edgy a siker szempontj\u00e1b\u00f3l d\u00f6nt\u0151 t\u00e9nyez\u0151 lehet, hogy melyik p\u00e9nzint\u00e9zethez fordul az \u00fcgyf\u00e9l \u00e9s ott milyen elv\u00e1r\u00e1soknak kell megfelelnie. Mint \u00edrj\u00e1k, a bankok k\u00fcl\u00f6nb\u00f6z\u0151 m\u00f3don vizsg\u00e1lj\u00e1k majd a j\u00f6vedelmet, egyes p\u00e9nzint\u00e9zetekn\u00e9l k\u00fcl\u00f6n-k\u00fcl\u00f6n, m\u00e1shol egy\u00fctt sz\u00e1molj\u00e1k majd a h\u00e1zast\u00e1rsak bev\u00e9teleit, megint m\u00e1shol pedig mindk\u00e9t sz\u00e1m\u00edt\u00e1sra lesz lehet\u0151s\u00e9g.<\/p>\n<div id=\"attachment_1525877\" style=\"width: 1010px\" class=\"wp-caption alignnone\">\n<p class=\"wp-caption-text\">Jelent\u0151s seg\u00edts\u00e9g a Babav\u00e1r\u00f3, de \u00e9rdemes k\u00f6r\u00fcltekint\u0151nek lenni a sz\u00e1munka megfelel\u0151 hitelint\u00e9zet kiv\u00e1laszt\u00e1sakor<br \/>Fot\u00f3: Shutterstock<\/p>\n<\/div>\n<p>Az Erste Bankn\u00e1l a h\u00e1zast\u00e1rsak egy\u00fcttes elv\u00e1rt j\u00f6vedelme legal\u00e1bb 160 000 forintnak kell, hogy legyen. Az OTP Bank eset\u00e9ben a f\u00e9rjt\u0151l \u00e9s a feles\u00e9gt\u0151l is legal\u00e1bb 75 000 Ft nett\u00f3 j\u00f6vedelmet az elv\u00e1rt. A Budapest Bankn\u00e1l k\u00fcl\u00f6n-k\u00fcl\u00f6n el kell \u00e9rni a mindenkori minim\u00e1lb\u00e9rt (99 085 Ft), vagy ha csak az egyik f\u00e9l igazol j\u00f6vedelmet, akkor 130 000 forintra van sz\u00fcks\u00e9g. Az MKB Bank-n\u00e1l a j\u00f6vedelemar\u00e1nyos t\u00f6rleszt\u0151r\u00e9szlet mutat\u00f3 sz\u00e1m\u00edt\u00e1s\u00e1ra vonatkoz\u00f3 felt\u00e9teleknek kell megfelelni. A Sberbankban a mindenkori minim\u00e1lb\u00e9rt (99 085 Ft) kell igazolnia az egyik f\u00e9lnek, m\u00edg a Takar\u00e9k Csoportn\u00e1l egy\u00fcttesen legal\u00e1bb 150 000 forintot kell igazolni.<\/p>\n<p>Az ig\u00e9nyelhet\u0151 legalacsonyabb hitel\u00f6sszegr\u0151l is sz\u00f3 van a bank360 kimutat\u00e1s\u00e1ban. Ennek megfelel\u0151en az Erste Bankn\u00e1l \u00e9s a takar\u00e9k Csoportn\u00e1l 2 milli\u00f3, az OTP Bankn\u00e1l, a Budapest Bankn\u00e1l \u00e9s az MKB-n\u00e1l 1 milli\u00f3, a Sberbankn\u00e1l 300 ezer forint a kiindul\u00e1si hitel\u00f6sszeg.<\/p>\n<p>A rendeletben meghat\u00e1rozott szab\u00e1lyok \u00e9rtelm\u00e9ben 18 \u00e9v a legals\u00f3 korhat\u00e1r, amelyt\u0151l ig\u00e9nyelhetik a h\u00e1zast\u00e1rsak a k\u00f6lcs\u00f6nt, de a bankok ett\u0151l elt\u00e9rhetnek felfel\u00e9. Az Erste Bankn\u00e1l \u00e9s az MKB-n\u00e1l a 23-at, az OTP Bankn\u00e1l, a K&amp;H Bankn\u00e1l, a Sberbankn\u00e1l, valamint a Takar\u00e9k Csoportn\u00e1l pedig a 18. \u00e9let\u00e9vet kell bet\u00f6ltetni.<\/p>\n<h3>Fels\u0151 korhat\u00e1r a futamid\u0151 v\u00e9g\u00e9n<\/h3>\n<p>N\u0151k eset\u00e9ben a rendelet egy\u00e9rtelm\u0171en hat\u00e1roz err\u0151l: 41. \u00e9let\u00e9vet nem t\u00f6ltheti be a feles\u00e9g. F\u00e9rfiak eset\u00e9ben ugyanakkor nincs ilyen kik\u00f6t\u00e9s, azonban a p\u00e9nzint\u00e9zetek itt is elt\u00e9r\u0151 m\u00f3don j\u00e1rhatnak el az ig\u00e9nyl\u0151kn\u00e9l. T\u00f6bb p\u00e9nzint\u00e9zet is meghat\u00e1rozta, hogy mi lehet az az \u00e9letkor, amelyet a futamid\u0151 v\u00e9g\u00e9n nem l\u00e9phet \u00e1t az ig\u00e9nyl\u0151 h\u00e1zast\u00e1rs f\u00e9rfi tagja. A Bank360 inform\u00e1ci\u00f3i alapj\u00e1n p\u00e9ld\u00e1ul kider\u00fcl, hogy lesz olyan bank, ahol 20 \u00e9ves futamid\u0151t felt\u00e9telezve csak \u00fagy lehet sikeres az ig\u00e9nyl\u00e9s, ha a f\u00e9rj az ig\u00e9nyl\u00e9skor m\u00e9g nem t\u00f6lt\u00f6tte be az 50 \u00e9vet. Az al\u00e1bbi fels\u0151 korhat\u00e1r vonatkozik majd a f\u00e9rfiakra:<\/p>\n<ul>\n<li>Erste Bank: 70 \u00e9v<\/li>\n<li>Budapest Bank: 75 \u00e9v<\/li>\n<li>K&amp;H Bank: 75 \u00e9v<\/li>\n<li>MKB Bank: a hagyom\u00e1nyos hitelez\u00e9si felt\u00e9teleknek megfelel\u0151en<\/li>\n<li>Sberbank: nincs fels\u0151 hat\u00e1r meg\u00e1llap\u00edtva<\/li>\n<li>Takar\u00e9k Csoport: nincs fels\u0151 hat\u00e1r meg\u00e1llap\u00edtva<\/li>\n<li>Legr\u00f6videbb v\u00e1laszthat\u00f3 futamid\u0151<\/li>\n<li>Erste Bank: 60 h\u00f3nap<\/li>\n<li>OTP Bank: 64 h\u00f3nap<\/li>\n<li>Budapest Bank: 60 h\u00f3nap<\/li>\n<\/ul>\n<div class=\"aframe\">\n<h3>Mir\u0151l sz\u00f3l a babav\u00e1r\u00f3?<\/h3>\n<p>A Babav\u00e1r\u00f3 T\u00e1mogat\u00e1s 2019. j\u00falius 1-t\u0151l lesz ig\u00e9nyelhet\u0151 \u00e9s legk\u00e9s\u0151bb 2022. december 31-ig lehet majd megk\u00f6tni a hitel ig\u00e9nybev\u00e9tel\u00e9hez sz\u00fcks\u00e9ges meg\u00e1llapod\u00e1st. A szabad felhaszn\u00e1l\u00e1s\u00fa szem\u00e9lyi hitel \u00f6sszege maximum 10 milli\u00f3 forint lehet. A hitel kamatmentesen ig\u00e9nyelhet\u0151, \u00e9s nem sz\u00fcks\u00e9ges hozz\u00e1 semmilyen ingatlanfedezet. A hitel kamatmentess\u00e9 t\u00e9tel\u00e9re van lehet\u0151s\u00e9g minden gyermekn\u00e9l, m\u00e1r a 12 hetes magzatn\u00e1l is. Amennyiben a hitel felv\u00e9telekor fenn\u00e1ll a terhess\u00e9g egy 12 hetes magzattal, ak\u00e1r a teljes (maximum 20 \u00e9ves futamid\u0151 alatt) kamatmentes hitelk\u00e9nt vehet\u0151 ig\u00e9nybe a t\u00e1mogat\u00e1s. A hitel saj\u00e1toss\u00e1ga, hogy ak\u00e1r a teljes tartoz\u00e1s elengedhetik, hiszen a hitelfelv\u00e9telt k\u00f6vet\u0151en sz\u00fcletett (vagy \u00f6r\u00f6kbefogadott) m\u00e1sodik gyermek \u00e9rkez\u00e9se ut\u00e1n az aktu\u00e1lis tartoz\u00e1s 30 sz\u00e1zal\u00e9k\u00e1t, a harmadik gyermek \u00e9rkez\u00e9se ut\u00e1n az aktu\u00e1lis fenn\u00e1ll\u00f3 tartoz\u00e1s 100 sz\u00e1zal\u00e9k\u00e1t elengedik. Ha nem siker\u00fcl a gyermekv\u00e1llal\u00e1s, akkor a hitel piaci hitell\u00e9 alakul, \u00e9s az ig\u00e9nybe vett kamatt\u00e1mogat\u00e1s \u00f6sszeget egy \u00f6sszegben vissza kell fizetni.<\/p>\n<\/div>\n<p>\u00a0<\/p>\n<\/p><\/div>\n<p><script>\n    window.fbAsyncInit = function() {\n        FB.init({\n            appId      : \"204760236815359\",\n            xfbml      : true,\n            version    : \"v2.12\"\n        });\n        FB.AppEvents.logPageView();\n    };<\/p>\n<p>    (function(d, s, id){\n        var js, fjs = d.getElementsByTagName(s)[0];\n        if (d.getElementById(id)) {return;}\n        js = d.createElement(s); js.id = id;\n        js.src = \"http:\/\/connect.facebook.net\/hu_HU\/sdk.js\";\n        fjs.parentNode.insertBefore(js, fjs);\n    }(document, \"script\", \"facebook-jssdk\"));\n<\/script><br \/>\n<br \/>[ad_2]<br \/>\n<br \/><a href=\"https:\/\/www.vg.hu\/penzugy\/hitel\/jo-lesz-figyelni-ha-babavaro-hitelre-van-szukseg-1577693\/\">Source link <\/a><\/p>\n","protected":false},"excerpt":{"rendered":"<p>[ad_1] J\u00falius 1-\u00e9t\u0151l el\u00e9rhet\u0151v\u00e9 v\u00e1lik a p\u00e9nzint\u00e9zetekben a babav\u00e1r\u00f3 hitel, amelynek keret\u00e9n bel\u00fcl ak\u00e1r 10 milli\u00f3 forint \u00f6sszeg\u0171, szabadon felhaszn\u00e1lhat\u00f3, kamatt\u00e1mogatott hitelhez juthatnak a fiatal h\u00e1zasp\u00e1rok. A felt\u00e9telek azonban \u2013 kisebb nagyobb m\u00e9rt\u00e9kben \u2013 minden bankn\u00e1l elt\u00e9rnek egym\u00e1st\u00f3l, a bank360.hu most ezeket vette g\u00f3rcs\u0151 al\u00e1. A szakport\u00e1l felh\u00edvja r\u00e1 a figyelmet, hogy egyes p\u00e9nzint\u00e9zetek m\u00e1s [&hellip;]<\/p>\n","protected":false},"author":2,"featured_media":4321,"comment_status":"open","ping_status":"open","sticky":false,"template":"","format":"standard","meta":{"footnotes":""},"categories":[1],"tags":[],"class_list":["post-4320","post","type-post","status-publish","format-standard","has-post-thumbnail","hentry","category-penzugyi-hirek"],"yoast_head":"<!-- This site is optimized with the Yoast SEO plugin v27.4 - https:\/\/yoast.com\/product\/yoast-seo-wordpress\/ -->\n<title>J\u00f3 lesz figyelni, ha babav\u00e1r\u00f3 hitelre van sz\u00fcks\u00e9g - Super News<\/title>\n<meta name=\"robots\" content=\"index, follow, max-snippet:-1, max-image-preview:large, max-video-preview:-1\" \/>\n<link rel=\"canonical\" href=\"https:\/\/super-news.info\/hu\/jo-lesz-figyelni-ha-babavaro-hitelre-van-szukseg\/\" \/>\n<meta property=\"og:locale\" content=\"hu_HU\" \/>\n<meta property=\"og:type\" content=\"article\" \/>\n<meta property=\"og:title\" content=\"J\u00f3 lesz figyelni, ha babav\u00e1r\u00f3 hitelre van sz\u00fcks\u00e9g - Super News\" \/>\n<meta property=\"og:description\" content=\"[ad_1] J\u00falius 1-\u00e9t\u0151l el\u00e9rhet\u0151v\u00e9 v\u00e1lik a p\u00e9nzint\u00e9zetekben a babav\u00e1r\u00f3 hitel, amelynek keret\u00e9n bel\u00fcl ak\u00e1r 10 milli\u00f3 forint \u00f6sszeg\u0171, szabadon felhaszn\u00e1lhat\u00f3, kamatt\u00e1mogatott hitelhez juthatnak a fiatal h\u00e1zasp\u00e1rok. A felt\u00e9telek azonban \u2013 kisebb nagyobb m\u00e9rt\u00e9kben \u2013 minden bankn\u00e1l elt\u00e9rnek egym\u00e1st\u00f3l, a bank360.hu most ezeket vette g\u00f3rcs\u0151 al\u00e1. A szakport\u00e1l felh\u00edvja r\u00e1 a figyelmet, hogy egyes p\u00e9nzint\u00e9zetek m\u00e1s [&hellip;]\" \/>\n<meta property=\"og:url\" content=\"https:\/\/super-news.info\/hu\/jo-lesz-figyelni-ha-babavaro-hitelre-van-szukseg\/\" \/>\n<meta property=\"og:site_name\" content=\"Super News\" \/>\n<meta property=\"article:published_time\" content=\"2019-06-18T13:37:58+00:00\" \/>\n<meta property=\"article:modified_time\" content=\"2019-06-18T13:38:00+00:00\" \/>\n<meta property=\"og:image\" content=\"https:\/\/super-news.info\/hu\/wp-content\/uploads\/sites\/3\/2019\/06\/J\u00f3-lesz-figyelni-ha-babav\u00e1r\u00f3-hitelre-van-sz\u00fcks\u00e9g.jpg\" \/>\n\t<meta property=\"og:image:width\" content=\"1000\" \/>\n\t<meta property=\"og:image:height\" content=\"667\" \/>\n\t<meta property=\"og:image:type\" content=\"image\/jpeg\" \/>\n<meta name=\"author\" content=\"super-news\" \/>\n<meta name=\"twitter:card\" content=\"summary_large_image\" \/>\n<meta name=\"twitter:label1\" content=\"Szerz\u0151:\" \/>\n\t<meta name=\"twitter:data1\" content=\"super-news\" \/>\n\t<meta name=\"twitter:label2\" content=\"Becs\u00fclt olvas\u00e1si id\u0151\" \/>\n\t<meta name=\"twitter:data2\" content=\"5 perc\" \/>\n<script type=\"application\/ld+json\" class=\"yoast-schema-graph\">{\"@context\":\"https:\\\/\\\/schema.org\",\"@graph\":[{\"@type\":\"Article\",\"@id\":\"https:\\\/\\\/super-news.info\\\/hu\\\/jo-lesz-figyelni-ha-babavaro-hitelre-van-szukseg\\\/#article\",\"isPartOf\":{\"@id\":\"https:\\\/\\\/super-news.info\\\/hu\\\/jo-lesz-figyelni-ha-babavaro-hitelre-van-szukseg\\\/\"},\"author\":{\"name\":\"super-news\",\"@id\":\"https:\\\/\\\/super-news.info\\\/hu\\\/#\\\/schema\\\/person\\\/2d4068cb2f39cd10008c2fce578a7356\"},\"headline\":\"J\u00f3 lesz figyelni, ha babav\u00e1r\u00f3 hitelre van sz\u00fcks\u00e9g\",\"datePublished\":\"2019-06-18T13:37:58+00:00\",\"dateModified\":\"2019-06-18T13:38:00+00:00\",\"mainEntityOfPage\":{\"@id\":\"https:\\\/\\\/super-news.info\\\/hu\\\/jo-lesz-figyelni-ha-babavaro-hitelre-van-szukseg\\\/\"},\"wordCount\":968,\"commentCount\":0,\"image\":{\"@id\":\"https:\\\/\\\/super-news.info\\\/hu\\\/jo-lesz-figyelni-ha-babavaro-hitelre-van-szukseg\\\/#primaryimage\"},\"thumbnailUrl\":\"https:\\\/\\\/super-news.info\\\/hu\\\/wp-content\\\/uploads\\\/sites\\\/3\\\/2019\\\/06\\\/J\u00f3-lesz-figyelni-ha-babav\u00e1r\u00f3-hitelre-van-sz\u00fcks\u00e9g.jpg\",\"articleSection\":[\"P\u00c9NZ\u00dcGYI H\u00cdREK\"],\"inLanguage\":\"hu\",\"potentialAction\":[{\"@type\":\"CommentAction\",\"name\":\"Comment\",\"target\":[\"https:\\\/\\\/super-news.info\\\/hu\\\/jo-lesz-figyelni-ha-babavaro-hitelre-van-szukseg\\\/#respond\"]}]},{\"@type\":\"WebPage\",\"@id\":\"https:\\\/\\\/super-news.info\\\/hu\\\/jo-lesz-figyelni-ha-babavaro-hitelre-van-szukseg\\\/\",\"url\":\"https:\\\/\\\/super-news.info\\\/hu\\\/jo-lesz-figyelni-ha-babavaro-hitelre-van-szukseg\\\/\",\"name\":\"J\u00f3 lesz figyelni, ha babav\u00e1r\u00f3 hitelre van sz\u00fcks\u00e9g - Super News\",\"isPartOf\":{\"@id\":\"https:\\\/\\\/super-news.info\\\/hu\\\/#website\"},\"primaryImageOfPage\":{\"@id\":\"https:\\\/\\\/super-news.info\\\/hu\\\/jo-lesz-figyelni-ha-babavaro-hitelre-van-szukseg\\\/#primaryimage\"},\"image\":{\"@id\":\"https:\\\/\\\/super-news.info\\\/hu\\\/jo-lesz-figyelni-ha-babavaro-hitelre-van-szukseg\\\/#primaryimage\"},\"thumbnailUrl\":\"https:\\\/\\\/super-news.info\\\/hu\\\/wp-content\\\/uploads\\\/sites\\\/3\\\/2019\\\/06\\\/J\u00f3-lesz-figyelni-ha-babav\u00e1r\u00f3-hitelre-van-sz\u00fcks\u00e9g.jpg\",\"datePublished\":\"2019-06-18T13:37:58+00:00\",\"dateModified\":\"2019-06-18T13:38:00+00:00\",\"author\":{\"@id\":\"https:\\\/\\\/super-news.info\\\/hu\\\/#\\\/schema\\\/person\\\/2d4068cb2f39cd10008c2fce578a7356\"},\"breadcrumb\":{\"@id\":\"https:\\\/\\\/super-news.info\\\/hu\\\/jo-lesz-figyelni-ha-babavaro-hitelre-van-szukseg\\\/#breadcrumb\"},\"inLanguage\":\"hu\",\"potentialAction\":[{\"@type\":\"ReadAction\",\"target\":[\"https:\\\/\\\/super-news.info\\\/hu\\\/jo-lesz-figyelni-ha-babavaro-hitelre-van-szukseg\\\/\"]}]},{\"@type\":\"ImageObject\",\"inLanguage\":\"hu\",\"@id\":\"https:\\\/\\\/super-news.info\\\/hu\\\/jo-lesz-figyelni-ha-babavaro-hitelre-van-szukseg\\\/#primaryimage\",\"url\":\"https:\\\/\\\/super-news.info\\\/hu\\\/wp-content\\\/uploads\\\/sites\\\/3\\\/2019\\\/06\\\/J\u00f3-lesz-figyelni-ha-babav\u00e1r\u00f3-hitelre-van-sz\u00fcks\u00e9g.jpg\",\"contentUrl\":\"https:\\\/\\\/super-news.info\\\/hu\\\/wp-content\\\/uploads\\\/sites\\\/3\\\/2019\\\/06\\\/J\u00f3-lesz-figyelni-ha-babav\u00e1r\u00f3-hitelre-van-sz\u00fcks\u00e9g.jpg\",\"width\":1000,\"height\":667,\"caption\":\"J\u00f3 lesz figyelni, ha babav\u00e1r\u00f3 hitelre van sz\u00fcks\u00e9g\"},{\"@type\":\"BreadcrumbList\",\"@id\":\"https:\\\/\\\/super-news.info\\\/hu\\\/jo-lesz-figyelni-ha-babavaro-hitelre-van-szukseg\\\/#breadcrumb\",\"itemListElement\":[{\"@type\":\"ListItem\",\"position\":1,\"name\":\"\u0413\u043b\u0430\u0432\u043d\u0430\u044f \u0441\u0442\u0440\u0430\u043d\u0438\u0446\u0430\",\"item\":\"https:\\\/\\\/super-news.info\\\/hu\\\/\"},{\"@type\":\"ListItem\",\"position\":2,\"name\":\"J\u00f3 lesz figyelni, ha babav\u00e1r\u00f3 hitelre van sz\u00fcks\u00e9g\"}]},{\"@type\":\"WebSite\",\"@id\":\"https:\\\/\\\/super-news.info\\\/hu\\\/#website\",\"url\":\"https:\\\/\\\/super-news.info\\\/hu\\\/\",\"name\":\"Super News\",\"description\":\"Super News Magyarorsz\u00e1g\",\"potentialAction\":[{\"@type\":\"SearchAction\",\"target\":{\"@type\":\"EntryPoint\",\"urlTemplate\":\"https:\\\/\\\/super-news.info\\\/hu\\\/?s={search_term_string}\"},\"query-input\":{\"@type\":\"PropertyValueSpecification\",\"valueRequired\":true,\"valueName\":\"search_term_string\"}}],\"inLanguage\":\"hu\"},{\"@type\":\"Person\",\"@id\":\"https:\\\/\\\/super-news.info\\\/hu\\\/#\\\/schema\\\/person\\\/2d4068cb2f39cd10008c2fce578a7356\",\"name\":\"super-news\",\"image\":{\"@type\":\"ImageObject\",\"inLanguage\":\"hu\",\"@id\":\"https:\\\/\\\/secure.gravatar.com\\\/avatar\\\/64ebac40b93f26a154f8a9b5b6fdccfc46f442b26b3dd6756dbff3bf9dc76fd7?s=96&d=mm&r=g\",\"url\":\"https:\\\/\\\/secure.gravatar.com\\\/avatar\\\/64ebac40b93f26a154f8a9b5b6fdccfc46f442b26b3dd6756dbff3bf9dc76fd7?s=96&d=mm&r=g\",\"contentUrl\":\"https:\\\/\\\/secure.gravatar.com\\\/avatar\\\/64ebac40b93f26a154f8a9b5b6fdccfc46f442b26b3dd6756dbff3bf9dc76fd7?s=96&d=mm&r=g\",\"caption\":\"super-news\"},\"url\":\"https:\\\/\\\/super-news.info\\\/hu\\\/author\\\/pt\\\/\"}]}<\/script>\n<!-- \/ Yoast SEO plugin. -->","yoast_head_json":{"title":"J\u00f3 lesz figyelni, ha babav\u00e1r\u00f3 hitelre van sz\u00fcks\u00e9g - Super News","robots":{"index":"index","follow":"follow","max-snippet":"max-snippet:-1","max-image-preview":"max-image-preview:large","max-video-preview":"max-video-preview:-1"},"canonical":"https:\/\/super-news.info\/hu\/jo-lesz-figyelni-ha-babavaro-hitelre-van-szukseg\/","og_locale":"hu_HU","og_type":"article","og_title":"J\u00f3 lesz figyelni, ha babav\u00e1r\u00f3 hitelre van sz\u00fcks\u00e9g - Super News","og_description":"[ad_1] J\u00falius 1-\u00e9t\u0151l el\u00e9rhet\u0151v\u00e9 v\u00e1lik a p\u00e9nzint\u00e9zetekben a babav\u00e1r\u00f3 hitel, amelynek keret\u00e9n bel\u00fcl ak\u00e1r 10 milli\u00f3 forint \u00f6sszeg\u0171, szabadon felhaszn\u00e1lhat\u00f3, kamatt\u00e1mogatott hitelhez juthatnak a fiatal h\u00e1zasp\u00e1rok. A felt\u00e9telek azonban \u2013 kisebb nagyobb m\u00e9rt\u00e9kben \u2013 minden bankn\u00e1l elt\u00e9rnek egym\u00e1st\u00f3l, a bank360.hu most ezeket vette g\u00f3rcs\u0151 al\u00e1. A szakport\u00e1l felh\u00edvja r\u00e1 a figyelmet, hogy egyes p\u00e9nzint\u00e9zetek m\u00e1s [&hellip;]","og_url":"https:\/\/super-news.info\/hu\/jo-lesz-figyelni-ha-babavaro-hitelre-van-szukseg\/","og_site_name":"Super News","article_published_time":"2019-06-18T13:37:58+00:00","article_modified_time":"2019-06-18T13:38:00+00:00","og_image":[{"width":1000,"height":667,"url":"https:\/\/super-news.info\/hu\/wp-content\/uploads\/sites\/3\/2019\/06\/J\u00f3-lesz-figyelni-ha-babav\u00e1r\u00f3-hitelre-van-sz\u00fcks\u00e9g.jpg","type":"image\/jpeg"}],"author":"super-news","twitter_card":"summary_large_image","twitter_misc":{"Szerz\u0151:":"super-news","Becs\u00fclt olvas\u00e1si id\u0151":"5 perc"},"schema":{"@context":"https:\/\/schema.org","@graph":[{"@type":"Article","@id":"https:\/\/super-news.info\/hu\/jo-lesz-figyelni-ha-babavaro-hitelre-van-szukseg\/#article","isPartOf":{"@id":"https:\/\/super-news.info\/hu\/jo-lesz-figyelni-ha-babavaro-hitelre-van-szukseg\/"},"author":{"name":"super-news","@id":"https:\/\/super-news.info\/hu\/#\/schema\/person\/2d4068cb2f39cd10008c2fce578a7356"},"headline":"J\u00f3 lesz figyelni, ha babav\u00e1r\u00f3 hitelre van sz\u00fcks\u00e9g","datePublished":"2019-06-18T13:37:58+00:00","dateModified":"2019-06-18T13:38:00+00:00","mainEntityOfPage":{"@id":"https:\/\/super-news.info\/hu\/jo-lesz-figyelni-ha-babavaro-hitelre-van-szukseg\/"},"wordCount":968,"commentCount":0,"image":{"@id":"https:\/\/super-news.info\/hu\/jo-lesz-figyelni-ha-babavaro-hitelre-van-szukseg\/#primaryimage"},"thumbnailUrl":"https:\/\/super-news.info\/hu\/wp-content\/uploads\/sites\/3\/2019\/06\/J\u00f3-lesz-figyelni-ha-babav\u00e1r\u00f3-hitelre-van-sz\u00fcks\u00e9g.jpg","articleSection":["P\u00c9NZ\u00dcGYI H\u00cdREK"],"inLanguage":"hu","potentialAction":[{"@type":"CommentAction","name":"Comment","target":["https:\/\/super-news.info\/hu\/jo-lesz-figyelni-ha-babavaro-hitelre-van-szukseg\/#respond"]}]},{"@type":"WebPage","@id":"https:\/\/super-news.info\/hu\/jo-lesz-figyelni-ha-babavaro-hitelre-van-szukseg\/","url":"https:\/\/super-news.info\/hu\/jo-lesz-figyelni-ha-babavaro-hitelre-van-szukseg\/","name":"J\u00f3 lesz figyelni, ha babav\u00e1r\u00f3 hitelre van sz\u00fcks\u00e9g - Super News","isPartOf":{"@id":"https:\/\/super-news.info\/hu\/#website"},"primaryImageOfPage":{"@id":"https:\/\/super-news.info\/hu\/jo-lesz-figyelni-ha-babavaro-hitelre-van-szukseg\/#primaryimage"},"image":{"@id":"https:\/\/super-news.info\/hu\/jo-lesz-figyelni-ha-babavaro-hitelre-van-szukseg\/#primaryimage"},"thumbnailUrl":"https:\/\/super-news.info\/hu\/wp-content\/uploads\/sites\/3\/2019\/06\/J\u00f3-lesz-figyelni-ha-babav\u00e1r\u00f3-hitelre-van-sz\u00fcks\u00e9g.jpg","datePublished":"2019-06-18T13:37:58+00:00","dateModified":"2019-06-18T13:38:00+00:00","author":{"@id":"https:\/\/super-news.info\/hu\/#\/schema\/person\/2d4068cb2f39cd10008c2fce578a7356"},"breadcrumb":{"@id":"https:\/\/super-news.info\/hu\/jo-lesz-figyelni-ha-babavaro-hitelre-van-szukseg\/#breadcrumb"},"inLanguage":"hu","potentialAction":[{"@type":"ReadAction","target":["https:\/\/super-news.info\/hu\/jo-lesz-figyelni-ha-babavaro-hitelre-van-szukseg\/"]}]},{"@type":"ImageObject","inLanguage":"hu","@id":"https:\/\/super-news.info\/hu\/jo-lesz-figyelni-ha-babavaro-hitelre-van-szukseg\/#primaryimage","url":"https:\/\/super-news.info\/hu\/wp-content\/uploads\/sites\/3\/2019\/06\/J\u00f3-lesz-figyelni-ha-babav\u00e1r\u00f3-hitelre-van-sz\u00fcks\u00e9g.jpg","contentUrl":"https:\/\/super-news.info\/hu\/wp-content\/uploads\/sites\/3\/2019\/06\/J\u00f3-lesz-figyelni-ha-babav\u00e1r\u00f3-hitelre-van-sz\u00fcks\u00e9g.jpg","width":1000,"height":667,"caption":"J\u00f3 lesz figyelni, ha babav\u00e1r\u00f3 hitelre van sz\u00fcks\u00e9g"},{"@type":"BreadcrumbList","@id":"https:\/\/super-news.info\/hu\/jo-lesz-figyelni-ha-babavaro-hitelre-van-szukseg\/#breadcrumb","itemListElement":[{"@type":"ListItem","position":1,"name":"\u0413\u043b\u0430\u0432\u043d\u0430\u044f \u0441\u0442\u0440\u0430\u043d\u0438\u0446\u0430","item":"https:\/\/super-news.info\/hu\/"},{"@type":"ListItem","position":2,"name":"J\u00f3 lesz figyelni, ha babav\u00e1r\u00f3 hitelre van sz\u00fcks\u00e9g"}]},{"@type":"WebSite","@id":"https:\/\/super-news.info\/hu\/#website","url":"https:\/\/super-news.info\/hu\/","name":"Super News","description":"Super News Magyarorsz\u00e1g","potentialAction":[{"@type":"SearchAction","target":{"@type":"EntryPoint","urlTemplate":"https:\/\/super-news.info\/hu\/?s={search_term_string}"},"query-input":{"@type":"PropertyValueSpecification","valueRequired":true,"valueName":"search_term_string"}}],"inLanguage":"hu"},{"@type":"Person","@id":"https:\/\/super-news.info\/hu\/#\/schema\/person\/2d4068cb2f39cd10008c2fce578a7356","name":"super-news","image":{"@type":"ImageObject","inLanguage":"hu","@id":"https:\/\/secure.gravatar.com\/avatar\/64ebac40b93f26a154f8a9b5b6fdccfc46f442b26b3dd6756dbff3bf9dc76fd7?s=96&d=mm&r=g","url":"https:\/\/secure.gravatar.com\/avatar\/64ebac40b93f26a154f8a9b5b6fdccfc46f442b26b3dd6756dbff3bf9dc76fd7?s=96&d=mm&r=g","contentUrl":"https:\/\/secure.gravatar.com\/avatar\/64ebac40b93f26a154f8a9b5b6fdccfc46f442b26b3dd6756dbff3bf9dc76fd7?s=96&d=mm&r=g","caption":"super-news"},"url":"https:\/\/super-news.info\/hu\/author\/pt\/"}]}},"_links":{"self":[{"href":"https:\/\/super-news.info\/hu\/wp-json\/wp\/v2\/posts\/4320","targetHints":{"allow":["GET"]}}],"collection":[{"href":"https:\/\/super-news.info\/hu\/wp-json\/wp\/v2\/posts"}],"about":[{"href":"https:\/\/super-news.info\/hu\/wp-json\/wp\/v2\/types\/post"}],"author":[{"embeddable":true,"href":"https:\/\/super-news.info\/hu\/wp-json\/wp\/v2\/users\/2"}],"replies":[{"embeddable":true,"href":"https:\/\/super-news.info\/hu\/wp-json\/wp\/v2\/comments?post=4320"}],"version-history":[{"count":1,"href":"https:\/\/super-news.info\/hu\/wp-json\/wp\/v2\/posts\/4320\/revisions"}],"predecessor-version":[{"id":4322,"href":"https:\/\/super-news.info\/hu\/wp-json\/wp\/v2\/posts\/4320\/revisions\/4322"}],"wp:featuredmedia":[{"embeddable":true,"href":"https:\/\/super-news.info\/hu\/wp-json\/wp\/v2\/media\/4321"}],"wp:attachment":[{"href":"https:\/\/super-news.info\/hu\/wp-json\/wp\/v2\/media?parent=4320"}],"wp:term":[{"taxonomy":"category","embeddable":true,"href":"https:\/\/super-news.info\/hu\/wp-json\/wp\/v2\/categories?post=4320"},{"taxonomy":"post_tag","embeddable":true,"href":"https:\/\/super-news.info\/hu\/wp-json\/wp\/v2\/tags?post=4320"}],"curies":[{"name":"wp","href":"https:\/\/api.w.org\/{rel}","templated":true}]}}