{"id":4308,"date":"2019-06-18T13:52:30","date_gmt":"2019-06-18T10:52:30","guid":{"rendered":"https:\/\/super-news.info\/hu\/mnb-alig-ketezer-bankfiok-maradt\/"},"modified":"2019-06-18T13:52:31","modified_gmt":"2019-06-18T10:52:31","slug":"mnb-alig-ketezer-bankfiok-maradt","status":"publish","type":"post","link":"https:\/\/super-news.info\/hu\/mnb-alig-ketezer-bankfiok-maradt\/","title":{"rendered":"MNB: alig k\u00e9tezer bankfi\u00f3k maradt"},"content":{"rendered":"<p> [ad_1]<br \/>\n<\/p>\n<p>\n\t\t\t\t\t\t\t\tB\u0151 k\u00e9tezresre zsugorodott a hazai hitelint\u00e9zetek fi\u00f3kh\u00e1l\u00f3zata az els\u0151 negyed\u00e9vre, de az alkalmazottak sz\u00e1ma n\u0151tt.\t\t\t\t\t\t\t<\/p>\n<div>\n<p>Sok\u00e9ves m\u00e9lypontra zsugorodott a hitelint\u00e9zeti szektor fi\u00f3kh\u00e1l\u00f3zata az els\u0151 negyed\u00e9v v\u00e9g\u00e9re:<\/p>\n<p>a Magyar Nemzeti Bank (MNB) adatai szerint m\u00e1rciusban 2007 \u00e9rt\u00e9kes\u00edt\u00e9si egys\u00e9g m\u0171k\u00f6d\u00f6tt orsz\u00e1gszerte, 15,9 sz\u00e1zal\u00e9kkal \u2013 nagyj\u00e1b\u00f3l 380-nal \u2013 kevesebb az egy \u00e9vvel kor\u00e1bbin\u00e1l. Ezzel folytat\u00f3dott az \u00e9vek \u00f3ta tart\u00f3 trend, h\u00e1rom \u00e9ve m\u00e9g csaknem 2800, 2014 elej\u00e9n pedig 3200 egys\u00e9g volt.<\/p>\n<p>Az elm\u00falt \u00e9vekben t\u00f6bb t\u00e9nyez\u0151 is seg\u00edtette a fi\u00f3kh\u00e1l\u00f3zat zsugorod\u00e1s\u00e1t:<\/p>\n<p>az elektronikus szolg\u00e1ltat\u00e1sok el\u0151ret\u00f6r\u00e9s\u00e9vel az \u00fcgyfelek egyre kevesebb banki m\u0171veletet int\u00e9znek szem\u00e9lyesen, \u00e9s \u2013 r\u00e9szben ebb\u0151l k\u00f6vetkez\u0151en \u2013, mivel a fi\u00f3kok \u00fczemeltet\u00e9se igen jelent\u0151s t\u00e9tel, a hitelint\u00e9zetek rendszeresen monitorozz\u00e1k a h\u00e1l\u00f3zataikat.<\/p>\n<p>M\u00e1rpedig a rent\u00e1bilis m\u0171k\u00f6d\u00e9s fenntart\u00e1sa, a k\u00f6lts\u00e9gek cs\u00f6kkent\u00e9se a h\u00e1l\u00f3zat fokozatos zsugorod\u00e1s\u00e1val j\u00e1r. A cs\u00f6kken\u0151 fi\u00f3ksz\u00e1mmal \u00e1t is alakult az \u00e9rt\u00e9kes\u00edt\u00e9si egys\u00e9gek szerepe: a napi, pap\u00edralap\u00fa m\u0171veletekr\u0151l egyre ink\u00e1bb az automatiz\u00e1lt folyamatokra, a tan\u00e1csad\u00e1sra helyez\u0151dik a hangs\u00faly.<\/p>\n<div id=\"attachment_1576895\" style=\"width: 1410px\" class=\"wp-caption aligncenter\">\n<p class=\"wp-caption-text\">Fot\u00f3: M\u00f3ricz-Sabj\u00e1n Simon \/ VG<\/p>\n<\/div>\n<p>Azzal egy\u00fctt viszont, hogy zsugorodik a hitelint\u00e9zetek fizikai \u00e9rt\u00e9kes\u00edt\u00e9si h\u00e1l\u00f3zata, az alkalmazottaik sz\u00e1ma lassan, de szinte t\u00f6retlen\u00fcl n\u00f6vekedett az elm\u00falt \u00e9vekben. A jegybank adatai szerint az els\u0151 negyed\u00e9vben az \u00e1tlagos \u00e1llom\u00e1nyi l\u00e9tsz\u00e1m meghaladta a 39,5 ezret, ami hozz\u00e1vet\u0151leg 350 f\u0151s \u2013 0,8 sz\u00e1zal\u00e9kos \u2013 b\u0151v\u00fcl\u00e9s az egy \u00e9vvel kor\u00e1bbihoz viszony\u00edtva.<\/p>\n<p style=\"text-align: right;\"><em>A teljes cikk a keddi Vil\u00e1ggazdas\u00e1gban olvashat\u00f3<\/em><\/p>\n<\/p><\/div>\n<p><script>\n    window.fbAsyncInit = function() {\n        FB.init({\n            appId      : \"204760236815359\",\n            xfbml      : true,\n            version    : \"v2.12\"\n        });\n        FB.AppEvents.logPageView();\n    };<\/p>\n<p>    (function(d, s, id){\n        var js, fjs = d.getElementsByTagName(s)[0];\n        if (d.getElementById(id)) {return;}\n        js = d.createElement(s); js.id = id;\n        js.src = \"http:\/\/connect.facebook.net\/hu_HU\/sdk.js\";\n        fjs.parentNode.insertBefore(js, fjs);\n    }(document, \"script\", \"facebook-jssdk\"));\n<\/script><br \/>\n<br \/>[ad_2]<br \/>\n<br \/><a href=\"https:\/\/www.vg.hu\/penzugy\/penzugyi-hirek\/mnb-alig-ketezer-bankfiok-maradt-2-1576886\/\">Source link <\/a><\/p>\n","protected":false},"excerpt":{"rendered":"<p>[ad_1] B\u0151 k\u00e9tezresre zsugorodott a hazai hitelint\u00e9zetek fi\u00f3kh\u00e1l\u00f3zata az els\u0151 negyed\u00e9vre, de az alkalmazottak sz\u00e1ma n\u0151tt. Sok\u00e9ves m\u00e9lypontra zsugorodott a hitelint\u00e9zeti szektor fi\u00f3kh\u00e1l\u00f3zata az els\u0151 negyed\u00e9v v\u00e9g\u00e9re: a Magyar Nemzeti Bank (MNB) adatai szerint m\u00e1rciusban 2007 \u00e9rt\u00e9kes\u00edt\u00e9si egys\u00e9g m\u0171k\u00f6d\u00f6tt orsz\u00e1gszerte, 15,9 sz\u00e1zal\u00e9kkal \u2013 nagyj\u00e1b\u00f3l 380-nal \u2013 kevesebb az egy \u00e9vvel kor\u00e1bbin\u00e1l. Ezzel folytat\u00f3dott az \u00e9vek [&hellip;]<\/p>\n","protected":false},"author":2,"featured_media":4309,"comment_status":"open","ping_status":"open","sticky":false,"template":"","format":"standard","meta":{"footnotes":""},"categories":[1],"tags":[],"class_list":["post-4308","post","type-post","status-publish","format-standard","has-post-thumbnail","hentry","category-penzugyi-hirek"],"yoast_head":"<!-- This site is optimized with the Yoast SEO plugin v27.4 - https:\/\/yoast.com\/product\/yoast-seo-wordpress\/ -->\n<title>MNB: alig k\u00e9tezer bankfi\u00f3k maradt - Super News<\/title>\n<meta name=\"robots\" content=\"index, follow, max-snippet:-1, max-image-preview:large, max-video-preview:-1\" \/>\n<link rel=\"canonical\" href=\"https:\/\/super-news.info\/hu\/mnb-alig-ketezer-bankfiok-maradt\/\" \/>\n<meta property=\"og:locale\" content=\"hu_HU\" \/>\n<meta property=\"og:type\" content=\"article\" \/>\n<meta property=\"og:title\" content=\"MNB: alig k\u00e9tezer bankfi\u00f3k maradt - Super News\" \/>\n<meta property=\"og:description\" content=\"[ad_1] B\u0151 k\u00e9tezresre zsugorodott a hazai hitelint\u00e9zetek fi\u00f3kh\u00e1l\u00f3zata az els\u0151 negyed\u00e9vre, de az alkalmazottak sz\u00e1ma n\u0151tt. Sok\u00e9ves m\u00e9lypontra zsugorodott a hitelint\u00e9zeti szektor fi\u00f3kh\u00e1l\u00f3zata az els\u0151 negyed\u00e9v v\u00e9g\u00e9re: a Magyar Nemzeti Bank (MNB) adatai szerint m\u00e1rciusban 2007 \u00e9rt\u00e9kes\u00edt\u00e9si egys\u00e9g m\u0171k\u00f6d\u00f6tt orsz\u00e1gszerte, 15,9 sz\u00e1zal\u00e9kkal \u2013 nagyj\u00e1b\u00f3l 380-nal \u2013 kevesebb az egy \u00e9vvel kor\u00e1bbin\u00e1l. Ezzel folytat\u00f3dott az \u00e9vek [&hellip;]\" \/>\n<meta property=\"og:url\" content=\"https:\/\/super-news.info\/hu\/mnb-alig-ketezer-bankfiok-maradt\/\" \/>\n<meta property=\"og:site_name\" content=\"Super News\" \/>\n<meta property=\"article:published_time\" content=\"2019-06-18T10:52:30+00:00\" \/>\n<meta property=\"article:modified_time\" content=\"2019-06-18T10:52:31+00:00\" \/>\n<meta property=\"og:image\" content=\"https:\/\/super-news.info\/hu\/wp-content\/uploads\/sites\/3\/2019\/06\/MNB-alig-k\u00e9tezer-bankfi\u00f3k-maradt.jpg\" \/>\n\t<meta property=\"og:image:width\" content=\"1400\" \/>\n\t<meta property=\"og:image:height\" content=\"933\" \/>\n\t<meta property=\"og:image:type\" content=\"image\/jpeg\" \/>\n<meta name=\"author\" content=\"super-news\" \/>\n<meta name=\"twitter:card\" content=\"summary_large_image\" \/>\n<meta name=\"twitter:label1\" content=\"Szerz\u0151:\" \/>\n\t<meta name=\"twitter:data1\" content=\"super-news\" \/>\n\t<meta name=\"twitter:label2\" content=\"Becs\u00fclt olvas\u00e1si id\u0151\" \/>\n\t<meta name=\"twitter:data2\" content=\"2 perc\" \/>\n<script type=\"application\/ld+json\" class=\"yoast-schema-graph\">{\"@context\":\"https:\\\/\\\/schema.org\",\"@graph\":[{\"@type\":\"Article\",\"@id\":\"https:\\\/\\\/super-news.info\\\/hu\\\/mnb-alig-ketezer-bankfiok-maradt\\\/#article\",\"isPartOf\":{\"@id\":\"https:\\\/\\\/super-news.info\\\/hu\\\/mnb-alig-ketezer-bankfiok-maradt\\\/\"},\"author\":{\"name\":\"super-news\",\"@id\":\"https:\\\/\\\/super-news.info\\\/hu\\\/#\\\/schema\\\/person\\\/2d4068cb2f39cd10008c2fce578a7356\"},\"headline\":\"MNB: alig k\u00e9tezer bankfi\u00f3k maradt\",\"datePublished\":\"2019-06-18T10:52:30+00:00\",\"dateModified\":\"2019-06-18T10:52:31+00:00\",\"mainEntityOfPage\":{\"@id\":\"https:\\\/\\\/super-news.info\\\/hu\\\/mnb-alig-ketezer-bankfiok-maradt\\\/\"},\"wordCount\":332,\"commentCount\":0,\"image\":{\"@id\":\"https:\\\/\\\/super-news.info\\\/hu\\\/mnb-alig-ketezer-bankfiok-maradt\\\/#primaryimage\"},\"thumbnailUrl\":\"https:\\\/\\\/super-news.info\\\/hu\\\/wp-content\\\/uploads\\\/sites\\\/3\\\/2019\\\/06\\\/MNB-alig-k\u00e9tezer-bankfi\u00f3k-maradt.jpg\",\"articleSection\":[\"P\u00c9NZ\u00dcGYI H\u00cdREK\"],\"inLanguage\":\"hu\",\"potentialAction\":[{\"@type\":\"CommentAction\",\"name\":\"Comment\",\"target\":[\"https:\\\/\\\/super-news.info\\\/hu\\\/mnb-alig-ketezer-bankfiok-maradt\\\/#respond\"]}]},{\"@type\":\"WebPage\",\"@id\":\"https:\\\/\\\/super-news.info\\\/hu\\\/mnb-alig-ketezer-bankfiok-maradt\\\/\",\"url\":\"https:\\\/\\\/super-news.info\\\/hu\\\/mnb-alig-ketezer-bankfiok-maradt\\\/\",\"name\":\"MNB: alig k\u00e9tezer bankfi\u00f3k maradt - Super News\",\"isPartOf\":{\"@id\":\"https:\\\/\\\/super-news.info\\\/hu\\\/#website\"},\"primaryImageOfPage\":{\"@id\":\"https:\\\/\\\/super-news.info\\\/hu\\\/mnb-alig-ketezer-bankfiok-maradt\\\/#primaryimage\"},\"image\":{\"@id\":\"https:\\\/\\\/super-news.info\\\/hu\\\/mnb-alig-ketezer-bankfiok-maradt\\\/#primaryimage\"},\"thumbnailUrl\":\"https:\\\/\\\/super-news.info\\\/hu\\\/wp-content\\\/uploads\\\/sites\\\/3\\\/2019\\\/06\\\/MNB-alig-k\u00e9tezer-bankfi\u00f3k-maradt.jpg\",\"datePublished\":\"2019-06-18T10:52:30+00:00\",\"dateModified\":\"2019-06-18T10:52:31+00:00\",\"author\":{\"@id\":\"https:\\\/\\\/super-news.info\\\/hu\\\/#\\\/schema\\\/person\\\/2d4068cb2f39cd10008c2fce578a7356\"},\"breadcrumb\":{\"@id\":\"https:\\\/\\\/super-news.info\\\/hu\\\/mnb-alig-ketezer-bankfiok-maradt\\\/#breadcrumb\"},\"inLanguage\":\"hu\",\"potentialAction\":[{\"@type\":\"ReadAction\",\"target\":[\"https:\\\/\\\/super-news.info\\\/hu\\\/mnb-alig-ketezer-bankfiok-maradt\\\/\"]}]},{\"@type\":\"ImageObject\",\"inLanguage\":\"hu\",\"@id\":\"https:\\\/\\\/super-news.info\\\/hu\\\/mnb-alig-ketezer-bankfiok-maradt\\\/#primaryimage\",\"url\":\"https:\\\/\\\/super-news.info\\\/hu\\\/wp-content\\\/uploads\\\/sites\\\/3\\\/2019\\\/06\\\/MNB-alig-k\u00e9tezer-bankfi\u00f3k-maradt.jpg\",\"contentUrl\":\"https:\\\/\\\/super-news.info\\\/hu\\\/wp-content\\\/uploads\\\/sites\\\/3\\\/2019\\\/06\\\/MNB-alig-k\u00e9tezer-bankfi\u00f3k-maradt.jpg\",\"width\":1400,\"height\":933,\"caption\":\"MNB: alig k\u00e9tezer bankfi\u00f3k maradt\"},{\"@type\":\"BreadcrumbList\",\"@id\":\"https:\\\/\\\/super-news.info\\\/hu\\\/mnb-alig-ketezer-bankfiok-maradt\\\/#breadcrumb\",\"itemListElement\":[{\"@type\":\"ListItem\",\"position\":1,\"name\":\"\u0413\u043b\u0430\u0432\u043d\u0430\u044f \u0441\u0442\u0440\u0430\u043d\u0438\u0446\u0430\",\"item\":\"https:\\\/\\\/super-news.info\\\/hu\\\/\"},{\"@type\":\"ListItem\",\"position\":2,\"name\":\"MNB: alig k\u00e9tezer bankfi\u00f3k maradt\"}]},{\"@type\":\"WebSite\",\"@id\":\"https:\\\/\\\/super-news.info\\\/hu\\\/#website\",\"url\":\"https:\\\/\\\/super-news.info\\\/hu\\\/\",\"name\":\"Super News\",\"description\":\"Super News Magyarorsz\u00e1g\",\"potentialAction\":[{\"@type\":\"SearchAction\",\"target\":{\"@type\":\"EntryPoint\",\"urlTemplate\":\"https:\\\/\\\/super-news.info\\\/hu\\\/?s={search_term_string}\"},\"query-input\":{\"@type\":\"PropertyValueSpecification\",\"valueRequired\":true,\"valueName\":\"search_term_string\"}}],\"inLanguage\":\"hu\"},{\"@type\":\"Person\",\"@id\":\"https:\\\/\\\/super-news.info\\\/hu\\\/#\\\/schema\\\/person\\\/2d4068cb2f39cd10008c2fce578a7356\",\"name\":\"super-news\",\"image\":{\"@type\":\"ImageObject\",\"inLanguage\":\"hu\",\"@id\":\"https:\\\/\\\/secure.gravatar.com\\\/avatar\\\/64ebac40b93f26a154f8a9b5b6fdccfc46f442b26b3dd6756dbff3bf9dc76fd7?s=96&d=mm&r=g\",\"url\":\"https:\\\/\\\/secure.gravatar.com\\\/avatar\\\/64ebac40b93f26a154f8a9b5b6fdccfc46f442b26b3dd6756dbff3bf9dc76fd7?s=96&d=mm&r=g\",\"contentUrl\":\"https:\\\/\\\/secure.gravatar.com\\\/avatar\\\/64ebac40b93f26a154f8a9b5b6fdccfc46f442b26b3dd6756dbff3bf9dc76fd7?s=96&d=mm&r=g\",\"caption\":\"super-news\"},\"url\":\"https:\\\/\\\/super-news.info\\\/hu\\\/author\\\/pt\\\/\"}]}<\/script>\n<!-- \/ Yoast SEO plugin. -->","yoast_head_json":{"title":"MNB: alig k\u00e9tezer bankfi\u00f3k maradt - Super News","robots":{"index":"index","follow":"follow","max-snippet":"max-snippet:-1","max-image-preview":"max-image-preview:large","max-video-preview":"max-video-preview:-1"},"canonical":"https:\/\/super-news.info\/hu\/mnb-alig-ketezer-bankfiok-maradt\/","og_locale":"hu_HU","og_type":"article","og_title":"MNB: alig k\u00e9tezer bankfi\u00f3k maradt - Super News","og_description":"[ad_1] B\u0151 k\u00e9tezresre zsugorodott a hazai hitelint\u00e9zetek fi\u00f3kh\u00e1l\u00f3zata az els\u0151 negyed\u00e9vre, de az alkalmazottak sz\u00e1ma n\u0151tt. Sok\u00e9ves m\u00e9lypontra zsugorodott a hitelint\u00e9zeti szektor fi\u00f3kh\u00e1l\u00f3zata az els\u0151 negyed\u00e9v v\u00e9g\u00e9re: a Magyar Nemzeti Bank (MNB) adatai szerint m\u00e1rciusban 2007 \u00e9rt\u00e9kes\u00edt\u00e9si egys\u00e9g m\u0171k\u00f6d\u00f6tt orsz\u00e1gszerte, 15,9 sz\u00e1zal\u00e9kkal \u2013 nagyj\u00e1b\u00f3l 380-nal \u2013 kevesebb az egy \u00e9vvel kor\u00e1bbin\u00e1l. Ezzel folytat\u00f3dott az \u00e9vek [&hellip;]","og_url":"https:\/\/super-news.info\/hu\/mnb-alig-ketezer-bankfiok-maradt\/","og_site_name":"Super News","article_published_time":"2019-06-18T10:52:30+00:00","article_modified_time":"2019-06-18T10:52:31+00:00","og_image":[{"width":1400,"height":933,"url":"https:\/\/super-news.info\/hu\/wp-content\/uploads\/sites\/3\/2019\/06\/MNB-alig-k\u00e9tezer-bankfi\u00f3k-maradt.jpg","type":"image\/jpeg"}],"author":"super-news","twitter_card":"summary_large_image","twitter_misc":{"Szerz\u0151:":"super-news","Becs\u00fclt olvas\u00e1si id\u0151":"2 perc"},"schema":{"@context":"https:\/\/schema.org","@graph":[{"@type":"Article","@id":"https:\/\/super-news.info\/hu\/mnb-alig-ketezer-bankfiok-maradt\/#article","isPartOf":{"@id":"https:\/\/super-news.info\/hu\/mnb-alig-ketezer-bankfiok-maradt\/"},"author":{"name":"super-news","@id":"https:\/\/super-news.info\/hu\/#\/schema\/person\/2d4068cb2f39cd10008c2fce578a7356"},"headline":"MNB: alig k\u00e9tezer bankfi\u00f3k maradt","datePublished":"2019-06-18T10:52:30+00:00","dateModified":"2019-06-18T10:52:31+00:00","mainEntityOfPage":{"@id":"https:\/\/super-news.info\/hu\/mnb-alig-ketezer-bankfiok-maradt\/"},"wordCount":332,"commentCount":0,"image":{"@id":"https:\/\/super-news.info\/hu\/mnb-alig-ketezer-bankfiok-maradt\/#primaryimage"},"thumbnailUrl":"https:\/\/super-news.info\/hu\/wp-content\/uploads\/sites\/3\/2019\/06\/MNB-alig-k\u00e9tezer-bankfi\u00f3k-maradt.jpg","articleSection":["P\u00c9NZ\u00dcGYI H\u00cdREK"],"inLanguage":"hu","potentialAction":[{"@type":"CommentAction","name":"Comment","target":["https:\/\/super-news.info\/hu\/mnb-alig-ketezer-bankfiok-maradt\/#respond"]}]},{"@type":"WebPage","@id":"https:\/\/super-news.info\/hu\/mnb-alig-ketezer-bankfiok-maradt\/","url":"https:\/\/super-news.info\/hu\/mnb-alig-ketezer-bankfiok-maradt\/","name":"MNB: alig k\u00e9tezer bankfi\u00f3k maradt - Super News","isPartOf":{"@id":"https:\/\/super-news.info\/hu\/#website"},"primaryImageOfPage":{"@id":"https:\/\/super-news.info\/hu\/mnb-alig-ketezer-bankfiok-maradt\/#primaryimage"},"image":{"@id":"https:\/\/super-news.info\/hu\/mnb-alig-ketezer-bankfiok-maradt\/#primaryimage"},"thumbnailUrl":"https:\/\/super-news.info\/hu\/wp-content\/uploads\/sites\/3\/2019\/06\/MNB-alig-k\u00e9tezer-bankfi\u00f3k-maradt.jpg","datePublished":"2019-06-18T10:52:30+00:00","dateModified":"2019-06-18T10:52:31+00:00","author":{"@id":"https:\/\/super-news.info\/hu\/#\/schema\/person\/2d4068cb2f39cd10008c2fce578a7356"},"breadcrumb":{"@id":"https:\/\/super-news.info\/hu\/mnb-alig-ketezer-bankfiok-maradt\/#breadcrumb"},"inLanguage":"hu","potentialAction":[{"@type":"ReadAction","target":["https:\/\/super-news.info\/hu\/mnb-alig-ketezer-bankfiok-maradt\/"]}]},{"@type":"ImageObject","inLanguage":"hu","@id":"https:\/\/super-news.info\/hu\/mnb-alig-ketezer-bankfiok-maradt\/#primaryimage","url":"https:\/\/super-news.info\/hu\/wp-content\/uploads\/sites\/3\/2019\/06\/MNB-alig-k\u00e9tezer-bankfi\u00f3k-maradt.jpg","contentUrl":"https:\/\/super-news.info\/hu\/wp-content\/uploads\/sites\/3\/2019\/06\/MNB-alig-k\u00e9tezer-bankfi\u00f3k-maradt.jpg","width":1400,"height":933,"caption":"MNB: alig k\u00e9tezer bankfi\u00f3k maradt"},{"@type":"BreadcrumbList","@id":"https:\/\/super-news.info\/hu\/mnb-alig-ketezer-bankfiok-maradt\/#breadcrumb","itemListElement":[{"@type":"ListItem","position":1,"name":"\u0413\u043b\u0430\u0432\u043d\u0430\u044f \u0441\u0442\u0440\u0430\u043d\u0438\u0446\u0430","item":"https:\/\/super-news.info\/hu\/"},{"@type":"ListItem","position":2,"name":"MNB: alig k\u00e9tezer bankfi\u00f3k maradt"}]},{"@type":"WebSite","@id":"https:\/\/super-news.info\/hu\/#website","url":"https:\/\/super-news.info\/hu\/","name":"Super News","description":"Super News Magyarorsz\u00e1g","potentialAction":[{"@type":"SearchAction","target":{"@type":"EntryPoint","urlTemplate":"https:\/\/super-news.info\/hu\/?s={search_term_string}"},"query-input":{"@type":"PropertyValueSpecification","valueRequired":true,"valueName":"search_term_string"}}],"inLanguage":"hu"},{"@type":"Person","@id":"https:\/\/super-news.info\/hu\/#\/schema\/person\/2d4068cb2f39cd10008c2fce578a7356","name":"super-news","image":{"@type":"ImageObject","inLanguage":"hu","@id":"https:\/\/secure.gravatar.com\/avatar\/64ebac40b93f26a154f8a9b5b6fdccfc46f442b26b3dd6756dbff3bf9dc76fd7?s=96&d=mm&r=g","url":"https:\/\/secure.gravatar.com\/avatar\/64ebac40b93f26a154f8a9b5b6fdccfc46f442b26b3dd6756dbff3bf9dc76fd7?s=96&d=mm&r=g","contentUrl":"https:\/\/secure.gravatar.com\/avatar\/64ebac40b93f26a154f8a9b5b6fdccfc46f442b26b3dd6756dbff3bf9dc76fd7?s=96&d=mm&r=g","caption":"super-news"},"url":"https:\/\/super-news.info\/hu\/author\/pt\/"}]}},"_links":{"self":[{"href":"https:\/\/super-news.info\/hu\/wp-json\/wp\/v2\/posts\/4308","targetHints":{"allow":["GET"]}}],"collection":[{"href":"https:\/\/super-news.info\/hu\/wp-json\/wp\/v2\/posts"}],"about":[{"href":"https:\/\/super-news.info\/hu\/wp-json\/wp\/v2\/types\/post"}],"author":[{"embeddable":true,"href":"https:\/\/super-news.info\/hu\/wp-json\/wp\/v2\/users\/2"}],"replies":[{"embeddable":true,"href":"https:\/\/super-news.info\/hu\/wp-json\/wp\/v2\/comments?post=4308"}],"version-history":[{"count":1,"href":"https:\/\/super-news.info\/hu\/wp-json\/wp\/v2\/posts\/4308\/revisions"}],"predecessor-version":[{"id":4310,"href":"https:\/\/super-news.info\/hu\/wp-json\/wp\/v2\/posts\/4308\/revisions\/4310"}],"wp:featuredmedia":[{"embeddable":true,"href":"https:\/\/super-news.info\/hu\/wp-json\/wp\/v2\/media\/4309"}],"wp:attachment":[{"href":"https:\/\/super-news.info\/hu\/wp-json\/wp\/v2\/media?parent=4308"}],"wp:term":[{"taxonomy":"category","embeddable":true,"href":"https:\/\/super-news.info\/hu\/wp-json\/wp\/v2\/categories?post=4308"},{"taxonomy":"post_tag","embeddable":true,"href":"https:\/\/super-news.info\/hu\/wp-json\/wp\/v2\/tags?post=4308"}],"curies":[{"name":"wp","href":"https:\/\/api.w.org\/{rel}","templated":true}]}}