{"id":4296,"date":"2019-06-18T11:07:51","date_gmt":"2019-06-18T08:07:51","guid":{"rendered":"https:\/\/super-news.info\/hu\/kanada-hadat-uzen-az-urszemetnek\/"},"modified":"2019-06-18T11:07:52","modified_gmt":"2019-06-18T08:07:52","slug":"kanada-hadat-uzen-az-urszemetnek","status":"publish","type":"post","link":"https:\/\/super-news.info\/hu\/kanada-hadat-uzen-az-urszemetnek\/","title":{"rendered":"Kanada hadat \u00fczen az \u0171rszem\u00e9tnek"},"content":{"rendered":"<p> [ad_1]<br \/>\n<\/p>\n<p>\n\t\t\t\t\t\t\t\tA F\u00f6ld k\u00f6r\u00fcl kering\u0151 vesz\u00e9lyes \u0171rhullad\u00e9kok val\u00f3s idej\u0171 megfigyel\u00e9s\u00e9re fejleszt rendszert egy kanadai startup, hogy elker\u00fclhet\u0151 legyen a m\u0171holdak \u00e9s az \u0171rszem\u00e9t \u00fctk\u00f6z\u00e9se. Az innov\u00e1ci\u00f3 ir\u00e1nt a korm\u00e1nyzati \u00e9s a mag\u00e1nszf\u00e9ra is \u00e9rdekl\u0151dik.\t\t\t\t\t\t\t<\/p>\n<div>\n<p lang=\"zxx\">A kanadai korm\u00e1ny szerz\u0151d\u00e9sek\u00e9rt felel\u0151s szerve meg\u00e1llapodott a NorthStar Earth and Space adatc\u00e9g projektj\u00e9nek t\u00e1mogat\u00e1s\u00e1r\u00f3l. A v\u00e1llalat a mesters\u00e9ges intelligencia \u00e9s a big data elemz\u00e9s eszk\u00f6zeivel val\u00f3s id\u0151ben monitorozn\u00e1 az \u0171rhullad\u00e9kok \u00e9s a F\u00f6ld k\u00f6r\u00fcl kering\u0151 egy\u00e9b t\u00e1rgyak helyzet\u00e9t, \u00edgy el\u0151zn\u00e9 meg az egyre ink\u00e1bb szaporod\u00f3 \u0171rszem\u00e9t \u00e9s a tudom\u00e1nyos \u00e9s kereskedelmi szatellitek \u00fctk\u00f6z\u00e9s\u00e9t.<\/p>\n<p>A qu\u00e9beci startup a kanadai korm\u00e1ny t\u00e1mogat\u00e1s\u00e1val szolg\u00e1ltat\u00e1si meg\u00e1llapod\u00e1sokr\u00f3l t\u00e1rgyalhat m\u00e1sok mellett az Egyes\u00fclt \u00c1llamokkal \u00e9s Nagy-Britanni\u00e1val<\/p>\n<p lang=\"zxx\">\u2013 mondta a Reutersnak Stewart Bain, a NorthStar vez\u00e9rigazgat\u00f3ja. A t\u00e1mogat\u00e1si szerz\u0151d\u00e9st a tegnap kezd\u0151d\u00f6tt Nemzetk\u00f6zi P\u00e1rizsi Air Show-n \u00edrj\u00e1k al\u00e1. A projektet nagy nemzetk\u00f6zi \u00e9rdekl\u0151d\u00e9s k\u00eds\u00e9ri, mivel ahogy egyre nagyobb az aktivit\u00e1s az \u0171rben, \u00fagy er\u0151s\u00f6dnek az aggodalmak a bolyg\u00f3nk k\u00f6r\u00fcl kering\u0151 mintegy 600 ezerre becs\u00fclt \u0171rhullad\u00e9k miatt, amelyek potenci\u00e1lis vesz\u00e9lyt jelentenek a m\u0171holdakra.<\/p>\n<div id=\"attachment_1576724\" style=\"width: 1410px\" class=\"wp-caption aligncenter\">\n<p class=\"wp-caption-text\">Fot\u00f3: Shutterstock<\/p>\n<\/div>\n<p lang=\"zxx\">Az Egyes\u00fclt \u00c1llamok \u00e9s t\u00f6bb orsz\u00e1g korm\u00e1nya ez\u00e9rt m\u00e1r most is gy\u0171jt adatokat ezekr\u0151l a vil\u00e1g\u0171rben kering\u0151 t\u00e1rgyakr\u00f3l, de ezzel p\u00e1rhuzamosan rohamosan n\u0151 az ig\u00e9ny a majdnem val\u00f3s idej\u0171, kereskedelmileg hozz\u00e1f\u00e9rhet\u0151 inform\u00e1ci\u00f3kra is. Egyes szak\u00e9rt\u0151i becsl\u00e9sek szerint az \u00faj \u0171rgazdas\u00e1g ak\u00e1r \u00e9vi ezermilli\u00e1rd doll\u00e1rt is termelhet.<\/p>\n<blockquote>\n<p lang=\"zxx\">A mostani meg\u00e1llapod\u00e1s komoly lehet\u0151s\u00e9g sz\u00e1munkra, hogy az Egyes\u00fclt \u00c1llamokkal \u00e9s Nagy-Britanni\u00e1val egy\u00fcttm\u0171k\u00f6dve elind\u00edtsuk a szolg\u00e1ltat\u00e1sunkat<\/p>\n<\/blockquote>\n<p lang=\"zxx\">\u2013 mondta Bain a Reuters\u00adnak, hozz\u00e1t\u00e9ve, hogy a kanadai \u00e9s a qu\u00e9beci korm\u00e1ny eddig m\u00e1r 13-13 milli\u00f3 amerikai doll\u00e1rt fektetett a projektbe.<\/p>\n<p style=\"text-align: right;\"><em>A teljes cikk a keddi Vil\u00e1ggazdas\u00e1gban olvashat\u00f3<\/em><\/p>\n<\/p><\/div>\n<p><script>\n    window.fbAsyncInit = function() {\n        FB.init({\n            appId      : \"204760236815359\",\n            xfbml      : true,\n            version    : \"v2.12\"\n        });\n        FB.AppEvents.logPageView();\n    };<\/p>\n<p>    (function(d, s, id){\n        var js, fjs = d.getElementsByTagName(s)[0];\n        if (d.getElementById(id)) {return;}\n        js = d.createElement(s); js.id = id;\n        js.src = \"http:\/\/connect.facebook.net\/hu_HU\/sdk.js\";\n        fjs.parentNode.insertBefore(js, fjs);\n    }(document, \"script\", \"facebook-jssdk\"));\n<\/script><br \/>\n<br \/>[ad_2]<br \/>\n<br \/><a href=\"https:\/\/www.vg.hu\/kozelet\/technologia-tudomany\/kanada-hadat-uzen-az-urszemetnek-2-1576712\/\">Source link <\/a><\/p>\n","protected":false},"excerpt":{"rendered":"<p>[ad_1] A F\u00f6ld k\u00f6r\u00fcl kering\u0151 vesz\u00e9lyes \u0171rhullad\u00e9kok val\u00f3s idej\u0171 megfigyel\u00e9s\u00e9re fejleszt rendszert egy kanadai startup, hogy elker\u00fclhet\u0151 legyen a m\u0171holdak \u00e9s az \u0171rszem\u00e9t \u00fctk\u00f6z\u00e9se. Az innov\u00e1ci\u00f3 ir\u00e1nt a korm\u00e1nyzati \u00e9s a mag\u00e1nszf\u00e9ra is \u00e9rdekl\u0151dik. A kanadai korm\u00e1ny szerz\u0151d\u00e9sek\u00e9rt felel\u0151s szerve meg\u00e1llapodott a NorthStar Earth and Space adatc\u00e9g projektj\u00e9nek t\u00e1mogat\u00e1s\u00e1r\u00f3l. A v\u00e1llalat a mesters\u00e9ges intelligencia \u00e9s [&hellip;]<\/p>\n","protected":false},"author":2,"featured_media":4297,"comment_status":"open","ping_status":"open","sticky":false,"template":"","format":"standard","meta":{"footnotes":""},"categories":[1],"tags":[],"class_list":["post-4296","post","type-post","status-publish","format-standard","has-post-thumbnail","hentry","category-penzugyi-hirek"],"yoast_head":"<!-- This site is optimized with the Yoast SEO plugin v27.4 - https:\/\/yoast.com\/product\/yoast-seo-wordpress\/ -->\n<title>Kanada hadat \u00fczen az \u0171rszem\u00e9tnek - Super News<\/title>\n<meta name=\"robots\" content=\"index, follow, max-snippet:-1, max-image-preview:large, max-video-preview:-1\" \/>\n<link rel=\"canonical\" href=\"https:\/\/super-news.info\/hu\/kanada-hadat-uzen-az-urszemetnek\/\" \/>\n<meta property=\"og:locale\" content=\"hu_HU\" \/>\n<meta property=\"og:type\" content=\"article\" \/>\n<meta property=\"og:title\" content=\"Kanada hadat \u00fczen az \u0171rszem\u00e9tnek - Super News\" \/>\n<meta property=\"og:description\" content=\"[ad_1] A F\u00f6ld k\u00f6r\u00fcl kering\u0151 vesz\u00e9lyes \u0171rhullad\u00e9kok val\u00f3s idej\u0171 megfigyel\u00e9s\u00e9re fejleszt rendszert egy kanadai startup, hogy elker\u00fclhet\u0151 legyen a m\u0171holdak \u00e9s az \u0171rszem\u00e9t \u00fctk\u00f6z\u00e9se. Az innov\u00e1ci\u00f3 ir\u00e1nt a korm\u00e1nyzati \u00e9s a mag\u00e1nszf\u00e9ra is \u00e9rdekl\u0151dik. A kanadai korm\u00e1ny szerz\u0151d\u00e9sek\u00e9rt felel\u0151s szerve meg\u00e1llapodott a NorthStar Earth and Space adatc\u00e9g projektj\u00e9nek t\u00e1mogat\u00e1s\u00e1r\u00f3l. A v\u00e1llalat a mesters\u00e9ges intelligencia \u00e9s [&hellip;]\" \/>\n<meta property=\"og:url\" content=\"https:\/\/super-news.info\/hu\/kanada-hadat-uzen-az-urszemetnek\/\" \/>\n<meta property=\"og:site_name\" content=\"Super News\" \/>\n<meta property=\"article:published_time\" content=\"2019-06-18T08:07:51+00:00\" \/>\n<meta property=\"article:modified_time\" content=\"2019-06-18T08:07:52+00:00\" \/>\n<meta property=\"og:image\" content=\"https:\/\/super-news.info\/hu\/wp-content\/uploads\/sites\/3\/2019\/06\/Kanada-hadat-\u00fczen-az-\u0171rszem\u00e9tnek.jpg\" \/>\n\t<meta property=\"og:image:width\" content=\"1400\" \/>\n\t<meta property=\"og:image:height\" content=\"787\" \/>\n\t<meta property=\"og:image:type\" content=\"image\/jpeg\" \/>\n<meta name=\"author\" content=\"super-news\" \/>\n<meta name=\"twitter:card\" content=\"summary_large_image\" \/>\n<meta name=\"twitter:label1\" content=\"Szerz\u0151:\" \/>\n\t<meta name=\"twitter:data1\" content=\"super-news\" \/>\n\t<meta name=\"twitter:label2\" content=\"Becs\u00fclt olvas\u00e1si id\u0151\" \/>\n\t<meta name=\"twitter:data2\" content=\"2 perc\" \/>\n<script type=\"application\/ld+json\" class=\"yoast-schema-graph\">{\"@context\":\"https:\\\/\\\/schema.org\",\"@graph\":[{\"@type\":\"Article\",\"@id\":\"https:\\\/\\\/super-news.info\\\/hu\\\/kanada-hadat-uzen-az-urszemetnek\\\/#article\",\"isPartOf\":{\"@id\":\"https:\\\/\\\/super-news.info\\\/hu\\\/kanada-hadat-uzen-az-urszemetnek\\\/\"},\"author\":{\"name\":\"super-news\",\"@id\":\"https:\\\/\\\/super-news.info\\\/hu\\\/#\\\/schema\\\/person\\\/2d4068cb2f39cd10008c2fce578a7356\"},\"headline\":\"Kanada hadat \u00fczen az \u0171rszem\u00e9tnek\",\"datePublished\":\"2019-06-18T08:07:51+00:00\",\"dateModified\":\"2019-06-18T08:07:52+00:00\",\"mainEntityOfPage\":{\"@id\":\"https:\\\/\\\/super-news.info\\\/hu\\\/kanada-hadat-uzen-az-urszemetnek\\\/\"},\"wordCount\":399,\"commentCount\":0,\"image\":{\"@id\":\"https:\\\/\\\/super-news.info\\\/hu\\\/kanada-hadat-uzen-az-urszemetnek\\\/#primaryimage\"},\"thumbnailUrl\":\"https:\\\/\\\/super-news.info\\\/hu\\\/wp-content\\\/uploads\\\/sites\\\/3\\\/2019\\\/06\\\/Kanada-hadat-\u00fczen-az-\u0171rszem\u00e9tnek.jpg\",\"articleSection\":[\"P\u00c9NZ\u00dcGYI H\u00cdREK\"],\"inLanguage\":\"hu\",\"potentialAction\":[{\"@type\":\"CommentAction\",\"name\":\"Comment\",\"target\":[\"https:\\\/\\\/super-news.info\\\/hu\\\/kanada-hadat-uzen-az-urszemetnek\\\/#respond\"]}]},{\"@type\":\"WebPage\",\"@id\":\"https:\\\/\\\/super-news.info\\\/hu\\\/kanada-hadat-uzen-az-urszemetnek\\\/\",\"url\":\"https:\\\/\\\/super-news.info\\\/hu\\\/kanada-hadat-uzen-az-urszemetnek\\\/\",\"name\":\"Kanada hadat \u00fczen az \u0171rszem\u00e9tnek - Super News\",\"isPartOf\":{\"@id\":\"https:\\\/\\\/super-news.info\\\/hu\\\/#website\"},\"primaryImageOfPage\":{\"@id\":\"https:\\\/\\\/super-news.info\\\/hu\\\/kanada-hadat-uzen-az-urszemetnek\\\/#primaryimage\"},\"image\":{\"@id\":\"https:\\\/\\\/super-news.info\\\/hu\\\/kanada-hadat-uzen-az-urszemetnek\\\/#primaryimage\"},\"thumbnailUrl\":\"https:\\\/\\\/super-news.info\\\/hu\\\/wp-content\\\/uploads\\\/sites\\\/3\\\/2019\\\/06\\\/Kanada-hadat-\u00fczen-az-\u0171rszem\u00e9tnek.jpg\",\"datePublished\":\"2019-06-18T08:07:51+00:00\",\"dateModified\":\"2019-06-18T08:07:52+00:00\",\"author\":{\"@id\":\"https:\\\/\\\/super-news.info\\\/hu\\\/#\\\/schema\\\/person\\\/2d4068cb2f39cd10008c2fce578a7356\"},\"breadcrumb\":{\"@id\":\"https:\\\/\\\/super-news.info\\\/hu\\\/kanada-hadat-uzen-az-urszemetnek\\\/#breadcrumb\"},\"inLanguage\":\"hu\",\"potentialAction\":[{\"@type\":\"ReadAction\",\"target\":[\"https:\\\/\\\/super-news.info\\\/hu\\\/kanada-hadat-uzen-az-urszemetnek\\\/\"]}]},{\"@type\":\"ImageObject\",\"inLanguage\":\"hu\",\"@id\":\"https:\\\/\\\/super-news.info\\\/hu\\\/kanada-hadat-uzen-az-urszemetnek\\\/#primaryimage\",\"url\":\"https:\\\/\\\/super-news.info\\\/hu\\\/wp-content\\\/uploads\\\/sites\\\/3\\\/2019\\\/06\\\/Kanada-hadat-\u00fczen-az-\u0171rszem\u00e9tnek.jpg\",\"contentUrl\":\"https:\\\/\\\/super-news.info\\\/hu\\\/wp-content\\\/uploads\\\/sites\\\/3\\\/2019\\\/06\\\/Kanada-hadat-\u00fczen-az-\u0171rszem\u00e9tnek.jpg\",\"width\":1400,\"height\":787,\"caption\":\"Kanada hadat \u00fczen az \u0171rszem\u00e9tnek\"},{\"@type\":\"BreadcrumbList\",\"@id\":\"https:\\\/\\\/super-news.info\\\/hu\\\/kanada-hadat-uzen-az-urszemetnek\\\/#breadcrumb\",\"itemListElement\":[{\"@type\":\"ListItem\",\"position\":1,\"name\":\"\u0413\u043b\u0430\u0432\u043d\u0430\u044f \u0441\u0442\u0440\u0430\u043d\u0438\u0446\u0430\",\"item\":\"https:\\\/\\\/super-news.info\\\/hu\\\/\"},{\"@type\":\"ListItem\",\"position\":2,\"name\":\"Kanada hadat \u00fczen az \u0171rszem\u00e9tnek\"}]},{\"@type\":\"WebSite\",\"@id\":\"https:\\\/\\\/super-news.info\\\/hu\\\/#website\",\"url\":\"https:\\\/\\\/super-news.info\\\/hu\\\/\",\"name\":\"Super News\",\"description\":\"Super News Magyarorsz\u00e1g\",\"potentialAction\":[{\"@type\":\"SearchAction\",\"target\":{\"@type\":\"EntryPoint\",\"urlTemplate\":\"https:\\\/\\\/super-news.info\\\/hu\\\/?s={search_term_string}\"},\"query-input\":{\"@type\":\"PropertyValueSpecification\",\"valueRequired\":true,\"valueName\":\"search_term_string\"}}],\"inLanguage\":\"hu\"},{\"@type\":\"Person\",\"@id\":\"https:\\\/\\\/super-news.info\\\/hu\\\/#\\\/schema\\\/person\\\/2d4068cb2f39cd10008c2fce578a7356\",\"name\":\"super-news\",\"image\":{\"@type\":\"ImageObject\",\"inLanguage\":\"hu\",\"@id\":\"https:\\\/\\\/secure.gravatar.com\\\/avatar\\\/64ebac40b93f26a154f8a9b5b6fdccfc46f442b26b3dd6756dbff3bf9dc76fd7?s=96&d=mm&r=g\",\"url\":\"https:\\\/\\\/secure.gravatar.com\\\/avatar\\\/64ebac40b93f26a154f8a9b5b6fdccfc46f442b26b3dd6756dbff3bf9dc76fd7?s=96&d=mm&r=g\",\"contentUrl\":\"https:\\\/\\\/secure.gravatar.com\\\/avatar\\\/64ebac40b93f26a154f8a9b5b6fdccfc46f442b26b3dd6756dbff3bf9dc76fd7?s=96&d=mm&r=g\",\"caption\":\"super-news\"},\"url\":\"https:\\\/\\\/super-news.info\\\/hu\\\/author\\\/pt\\\/\"}]}<\/script>\n<!-- \/ Yoast SEO plugin. -->","yoast_head_json":{"title":"Kanada hadat \u00fczen az \u0171rszem\u00e9tnek - Super News","robots":{"index":"index","follow":"follow","max-snippet":"max-snippet:-1","max-image-preview":"max-image-preview:large","max-video-preview":"max-video-preview:-1"},"canonical":"https:\/\/super-news.info\/hu\/kanada-hadat-uzen-az-urszemetnek\/","og_locale":"hu_HU","og_type":"article","og_title":"Kanada hadat \u00fczen az \u0171rszem\u00e9tnek - Super News","og_description":"[ad_1] A F\u00f6ld k\u00f6r\u00fcl kering\u0151 vesz\u00e9lyes \u0171rhullad\u00e9kok val\u00f3s idej\u0171 megfigyel\u00e9s\u00e9re fejleszt rendszert egy kanadai startup, hogy elker\u00fclhet\u0151 legyen a m\u0171holdak \u00e9s az \u0171rszem\u00e9t \u00fctk\u00f6z\u00e9se. Az innov\u00e1ci\u00f3 ir\u00e1nt a korm\u00e1nyzati \u00e9s a mag\u00e1nszf\u00e9ra is \u00e9rdekl\u0151dik. A kanadai korm\u00e1ny szerz\u0151d\u00e9sek\u00e9rt felel\u0151s szerve meg\u00e1llapodott a NorthStar Earth and Space adatc\u00e9g projektj\u00e9nek t\u00e1mogat\u00e1s\u00e1r\u00f3l. A v\u00e1llalat a mesters\u00e9ges intelligencia \u00e9s [&hellip;]","og_url":"https:\/\/super-news.info\/hu\/kanada-hadat-uzen-az-urszemetnek\/","og_site_name":"Super News","article_published_time":"2019-06-18T08:07:51+00:00","article_modified_time":"2019-06-18T08:07:52+00:00","og_image":[{"width":1400,"height":787,"url":"https:\/\/super-news.info\/hu\/wp-content\/uploads\/sites\/3\/2019\/06\/Kanada-hadat-\u00fczen-az-\u0171rszem\u00e9tnek.jpg","type":"image\/jpeg"}],"author":"super-news","twitter_card":"summary_large_image","twitter_misc":{"Szerz\u0151:":"super-news","Becs\u00fclt olvas\u00e1si id\u0151":"2 perc"},"schema":{"@context":"https:\/\/schema.org","@graph":[{"@type":"Article","@id":"https:\/\/super-news.info\/hu\/kanada-hadat-uzen-az-urszemetnek\/#article","isPartOf":{"@id":"https:\/\/super-news.info\/hu\/kanada-hadat-uzen-az-urszemetnek\/"},"author":{"name":"super-news","@id":"https:\/\/super-news.info\/hu\/#\/schema\/person\/2d4068cb2f39cd10008c2fce578a7356"},"headline":"Kanada hadat \u00fczen az \u0171rszem\u00e9tnek","datePublished":"2019-06-18T08:07:51+00:00","dateModified":"2019-06-18T08:07:52+00:00","mainEntityOfPage":{"@id":"https:\/\/super-news.info\/hu\/kanada-hadat-uzen-az-urszemetnek\/"},"wordCount":399,"commentCount":0,"image":{"@id":"https:\/\/super-news.info\/hu\/kanada-hadat-uzen-az-urszemetnek\/#primaryimage"},"thumbnailUrl":"https:\/\/super-news.info\/hu\/wp-content\/uploads\/sites\/3\/2019\/06\/Kanada-hadat-\u00fczen-az-\u0171rszem\u00e9tnek.jpg","articleSection":["P\u00c9NZ\u00dcGYI H\u00cdREK"],"inLanguage":"hu","potentialAction":[{"@type":"CommentAction","name":"Comment","target":["https:\/\/super-news.info\/hu\/kanada-hadat-uzen-az-urszemetnek\/#respond"]}]},{"@type":"WebPage","@id":"https:\/\/super-news.info\/hu\/kanada-hadat-uzen-az-urszemetnek\/","url":"https:\/\/super-news.info\/hu\/kanada-hadat-uzen-az-urszemetnek\/","name":"Kanada hadat \u00fczen az \u0171rszem\u00e9tnek - Super News","isPartOf":{"@id":"https:\/\/super-news.info\/hu\/#website"},"primaryImageOfPage":{"@id":"https:\/\/super-news.info\/hu\/kanada-hadat-uzen-az-urszemetnek\/#primaryimage"},"image":{"@id":"https:\/\/super-news.info\/hu\/kanada-hadat-uzen-az-urszemetnek\/#primaryimage"},"thumbnailUrl":"https:\/\/super-news.info\/hu\/wp-content\/uploads\/sites\/3\/2019\/06\/Kanada-hadat-\u00fczen-az-\u0171rszem\u00e9tnek.jpg","datePublished":"2019-06-18T08:07:51+00:00","dateModified":"2019-06-18T08:07:52+00:00","author":{"@id":"https:\/\/super-news.info\/hu\/#\/schema\/person\/2d4068cb2f39cd10008c2fce578a7356"},"breadcrumb":{"@id":"https:\/\/super-news.info\/hu\/kanada-hadat-uzen-az-urszemetnek\/#breadcrumb"},"inLanguage":"hu","potentialAction":[{"@type":"ReadAction","target":["https:\/\/super-news.info\/hu\/kanada-hadat-uzen-az-urszemetnek\/"]}]},{"@type":"ImageObject","inLanguage":"hu","@id":"https:\/\/super-news.info\/hu\/kanada-hadat-uzen-az-urszemetnek\/#primaryimage","url":"https:\/\/super-news.info\/hu\/wp-content\/uploads\/sites\/3\/2019\/06\/Kanada-hadat-\u00fczen-az-\u0171rszem\u00e9tnek.jpg","contentUrl":"https:\/\/super-news.info\/hu\/wp-content\/uploads\/sites\/3\/2019\/06\/Kanada-hadat-\u00fczen-az-\u0171rszem\u00e9tnek.jpg","width":1400,"height":787,"caption":"Kanada hadat \u00fczen az \u0171rszem\u00e9tnek"},{"@type":"BreadcrumbList","@id":"https:\/\/super-news.info\/hu\/kanada-hadat-uzen-az-urszemetnek\/#breadcrumb","itemListElement":[{"@type":"ListItem","position":1,"name":"\u0413\u043b\u0430\u0432\u043d\u0430\u044f \u0441\u0442\u0440\u0430\u043d\u0438\u0446\u0430","item":"https:\/\/super-news.info\/hu\/"},{"@type":"ListItem","position":2,"name":"Kanada hadat \u00fczen az \u0171rszem\u00e9tnek"}]},{"@type":"WebSite","@id":"https:\/\/super-news.info\/hu\/#website","url":"https:\/\/super-news.info\/hu\/","name":"Super News","description":"Super News Magyarorsz\u00e1g","potentialAction":[{"@type":"SearchAction","target":{"@type":"EntryPoint","urlTemplate":"https:\/\/super-news.info\/hu\/?s={search_term_string}"},"query-input":{"@type":"PropertyValueSpecification","valueRequired":true,"valueName":"search_term_string"}}],"inLanguage":"hu"},{"@type":"Person","@id":"https:\/\/super-news.info\/hu\/#\/schema\/person\/2d4068cb2f39cd10008c2fce578a7356","name":"super-news","image":{"@type":"ImageObject","inLanguage":"hu","@id":"https:\/\/secure.gravatar.com\/avatar\/64ebac40b93f26a154f8a9b5b6fdccfc46f442b26b3dd6756dbff3bf9dc76fd7?s=96&d=mm&r=g","url":"https:\/\/secure.gravatar.com\/avatar\/64ebac40b93f26a154f8a9b5b6fdccfc46f442b26b3dd6756dbff3bf9dc76fd7?s=96&d=mm&r=g","contentUrl":"https:\/\/secure.gravatar.com\/avatar\/64ebac40b93f26a154f8a9b5b6fdccfc46f442b26b3dd6756dbff3bf9dc76fd7?s=96&d=mm&r=g","caption":"super-news"},"url":"https:\/\/super-news.info\/hu\/author\/pt\/"}]}},"_links":{"self":[{"href":"https:\/\/super-news.info\/hu\/wp-json\/wp\/v2\/posts\/4296","targetHints":{"allow":["GET"]}}],"collection":[{"href":"https:\/\/super-news.info\/hu\/wp-json\/wp\/v2\/posts"}],"about":[{"href":"https:\/\/super-news.info\/hu\/wp-json\/wp\/v2\/types\/post"}],"author":[{"embeddable":true,"href":"https:\/\/super-news.info\/hu\/wp-json\/wp\/v2\/users\/2"}],"replies":[{"embeddable":true,"href":"https:\/\/super-news.info\/hu\/wp-json\/wp\/v2\/comments?post=4296"}],"version-history":[{"count":1,"href":"https:\/\/super-news.info\/hu\/wp-json\/wp\/v2\/posts\/4296\/revisions"}],"predecessor-version":[{"id":4298,"href":"https:\/\/super-news.info\/hu\/wp-json\/wp\/v2\/posts\/4296\/revisions\/4298"}],"wp:featuredmedia":[{"embeddable":true,"href":"https:\/\/super-news.info\/hu\/wp-json\/wp\/v2\/media\/4297"}],"wp:attachment":[{"href":"https:\/\/super-news.info\/hu\/wp-json\/wp\/v2\/media?parent=4296"}],"wp:term":[{"taxonomy":"category","embeddable":true,"href":"https:\/\/super-news.info\/hu\/wp-json\/wp\/v2\/categories?post=4296"},{"taxonomy":"post_tag","embeddable":true,"href":"https:\/\/super-news.info\/hu\/wp-json\/wp\/v2\/tags?post=4296"}],"curies":[{"name":"wp","href":"https:\/\/api.w.org\/{rel}","templated":true}]}}