{"id":4285,"date":"2019-06-18T08:23:53","date_gmt":"2019-06-18T05:23:53","guid":{"rendered":"https:\/\/super-news.info\/hu\/hamarosan-a-4ig-lehet-a-legnagyobb-magyar-informatikai-tarsasag\/"},"modified":"2019-06-18T08:23:55","modified_gmt":"2019-06-18T05:23:55","slug":"hamarosan-a-4ig-lehet-a-legnagyobb-magyar-informatikai-tarsasag","status":"publish","type":"post","link":"https:\/\/super-news.info\/hu\/hamarosan-a-4ig-lehet-a-legnagyobb-magyar-informatikai-tarsasag\/","title":{"rendered":"Hamarosan a 4iG lehet a legnagyobb magyar informatikai t\u00e1rsas\u00e1g"},"content":{"rendered":"<p> [ad_1]<br \/>\n<\/p>\n<p>\n\t\t\t\t\t\t\t\t\u00d3ri\u00e1si potenci\u00e1lt l\u00e1t az ipar\u00e1gban J\u00e1szai Gell\u00e9rt, ez\u00e9rt d\u00f6nt\u00f6tt \u00fagy, hogy ir\u00e1ny\u00edt\u00f3i jogot szerez a 4iG-ban. Az \u00fczletember szerint a pletyk\u00e1k ellen\u00e9re M\u00e9sz\u00e1ros L\u0151rinccel a bar\u00e1ts\u00e1guk v\u00e1ltozatlan, \u00e9s tov\u00e1bbra is \u00fczleti t\u00e1rsak maradnak. J\u00e1szai terve, hogy a 4iG-b\u00f3l piacvezet\u0151 t\u00e1rsas\u00e1got \u00e9p\u00edtsen, amihez akviz\u00edci\u00f3kon kereszt\u00fcl vezet majd az \u00fat.\t\t\t\t\t\t\t<\/p>\n<div>\n<p align=\"justify\"><strong>Mi\u00e9rt d\u00f6nt\u00f6tt \u00fagy, hogy megv\u00e1s\u00e1rolja a 4iG-t?<\/strong><\/p>\n<p align=\"justify\">Az informatika sikerre van \u00edt\u00e9lve, a j\u00f6v\u0151 ipar\u00e1ga. Az IT \u00e9s a digitaliz\u00e1ci\u00f3 m\u00e1r most is meghat\u00e1rozza a mindennapjainkat, a priv\u00e1t szf\u00e9r\u00e1t\u00f3l az \u00fczleti \u00e9letig bez\u00e1r\u00f3lag, ami a j\u00f6v\u0151ben csak hatv\u00e1nyoz\u00f3dik majd. A leginnovat\u00edvabb, a legnagyobb fejl\u0151d\u00e9s el\u0151tt \u00e1ll\u00f3 szektor, teh\u00e1t befektet\u0151i szemmel nem volt neh\u00e9z d\u00f6nt\u00e9s a r\u00e9szesed\u00e9sszerz\u00e9s.<\/p>\n<p align=\"justify\"><strong>A piacon olyan pletyk\u00e1t is lehetett hallani, hogy megromlott a kapcsolata M\u00e9sz\u00e1ros L\u0151rinccel, ez\u00e9rt t\u00e1vozott az Opus-Konzum \u00e9l\u00e9r\u0151l. Van mindennek b\u00e1rmi val\u00f3s\u00e1galapja?<\/strong><\/p>\n<p align=\"justify\">Sz\u00f3 sincs err\u0151l. M\u00e9sz\u00e1ros L\u0151rinccel a bar\u00e1ts\u00e1gunk v\u00e1ltozatlan, a munka-, illetve az \u00fczleti kapcsolatunk alakult \u00e1t, ami egy term\u00e9szetes folyamat r\u00e9sze. M\u00e1r tavaly, amikor a c\u00e9gcsoport j\u00f6v\u0151j\u00e9r\u0151l besz\u00e9lgett\u00fcnk, t\u00f6bbsz\u00f6r sz\u00f3ba ker\u00fclt az IT mint ipar\u00e1g, amelyben mindketten \u00f3ri\u00e1si potenci\u00e1lt l\u00e1tunk. Felsz\u00ednre ker\u00fclt ugyanakkor az ehhez kapcsol\u00f3d\u00f3 rengeteg feladat is. Az ezzel j\u00e1r\u00f3 felel\u0151ss\u00e9get pedig csak \u00fagy tudtam felv\u00e1llalni, ha teljes eg\u00e9sz\u00e9ben erre a feladatra koncentr\u00e1lhatok. Sz\u00e1momra az is fontos motiv\u00e1ci\u00f3 volt, hogy tulajdont szerezhetek a v\u00e1llalatban. Ennek megval\u00f3s\u00edt\u00e1sa, a felt\u00e9telrendszer kialak\u00edt\u00e1sa egy hosszabb folyamat volt.<\/p>\n<div id=\"attachment_1576256\" style=\"width: 1410px\" class=\"wp-caption aligncenter\">\n<p class=\"wp-caption-text\">J\u00e1szai Gell\u00e9rt terve, hogy a 4iG-b\u00f3l piacvezet\u0151 t\u00e1rsas\u00e1got \u00e9p\u00edtsen, amihez akviz\u00edci\u00f3kon kereszt\u00fcl vezet majd az \u00fat<br \/>Fot\u00f3: M\u00f3ricz-Sabj\u00e1n Simon<\/p>\n<\/div>\n<p align=\"justify\"><strong>Tov\u00e1bbi r\u00e9szesed\u00e9s megszerez\u00e9s\u00e9t is tervezi az Opus-Konzum csoportt\u00f3l?<\/strong><\/p>\n<p align=\"justify\">Nincs ilyen terv. A befoly\u00e1sszerz\u00e9s jogi \u00e9rtelemben vett els\u0151 l\u00e9p\u00e9se a tegnap bejelentett 32,02 sz\u00e1zal\u00e9kos tulajdonszerz\u00e9sem volt, amit a k\u00f6telez\u0151 nyilv\u00e1nos v\u00e9teli aj\u00e1nlat k\u00f6vet, \u00e9s a folyamatot meg\u00e1llapod\u00e1sunk szerint egy tov\u00e1bbi, 8,2 sz\u00e1zal\u00e9kos r\u00e9szv\u00e9nycsomag megv\u00e9tele z\u00e1rja.<\/p>\n<p align=\"justify\"><strong>Arra sincs forgat\u00f3k\u00f6nyv, hogy az Opus-Konzum csoport teljesen kisz\u00e1ll a 4iG-b\u00f3l?<\/strong><\/p>\n<p align=\"justify\">Nem mer\u00fclt fel, hogy M\u00e9sz\u00e1ros \u00far megv\u00e1lna a r\u00e9szesed\u00e9s\u00e9t\u0151l, az Opus \u00e9s a Konzum PE Mag\u00e1nt\u0151kealap r\u00e9v\u00e9n tov\u00e1bbra is tulajdonos marad a t\u00e1rsas\u00e1gban. Teh\u00e1t t\u00e1rsak maradunk az \u00fczletben, de a megszerzett r\u00e9szv\u00e9nycsomagokkal \u00f6n\u00e1ll\u00f3an ir\u00e1ny\u00edtom a c\u00e9get.<\/p>\n<p align=\"justify\"><strong>Milyen reakci\u00f3ra sz\u00e1m\u00edt a r\u00e9szv\u00e9nyesek r\u00e9sz\u00e9r\u0151l a k\u00f6telez\u0151 v\u00e9teli aj\u00e1nlat kapcs\u00e1n?<\/strong><\/p>\n<p align=\"justify\">A jelenlegi \u00e1rfolyam mellett t\u00fal sok racionalit\u00e1s nem lenne abban, ha valaki v\u00e9telre aj\u00e1nlan\u00e1 a r\u00e9szv\u00e9nyeit. Ez az \u00f6sszeg a jogszab\u00e1lyi el\u0151\u00edr\u00e1sok alapj\u00e1n alakult ki. Az \u00f6t\u00f6d\u00f6l\u00e9s ut\u00e1ni \u00e1rfolyamon sz\u00e1molva a 180 napos mozg\u00f3\u00e1tlagb\u00f3l ad\u00f3dik a hozz\u00e1vet\u0151legesen 676 forint. Emellett t\u00f6retlen a hitem azzal kapcsolatban is, hogy a befektet\u0151k \u00e9rt\u00e9kelik az eddigi munk\u00e1nkat, \u00e9s vel\u00fcnk tartanak a tov\u00e1bbiakban is.<\/p>\n<p align=\"justify\"><strong>Lesznek \u00e9rdemi v\u00e1ltoz\u00e1sok a c\u00e9g vezet\u00e9s\u00e9ben?<\/strong><\/p>\n<p align=\"justify\">Az a csapat, amely ma a 4iG menedzsmentj\u00e9t k\u00e9pezi, egy igen j\u00f3 b\u00e1zis. Ezt kell majd tov\u00e1bbfejleszteni ahhoz, hogy el\u00e9rj\u00fck a kit\u0171z\u00f6tt c\u00e9lokat. Azokra mindenk\u00e9ppen sz\u00e1m\u00edtok, akik m\u00e1r ma is a v\u00e1llalat szakmai vezet\u0151i.<\/p>\n<p style=\"text-align: right;\" align=\"justify\"><em>A teljes interj\u00fa a keddi Vil\u00e1ggazdas\u00e1gban olvashat\u00f3<\/em><\/p>\n<\/p><\/div>\n<p><script>\n    window.fbAsyncInit = function() {\n        FB.init({\n            appId      : \"204760236815359\",\n            xfbml      : true,\n            version    : \"v2.12\"\n        });\n        FB.AppEvents.logPageView();\n    };<\/p>\n<p>    (function(d, s, id){\n        var js, fjs = d.getElementsByTagName(s)[0];\n        if (d.getElementById(id)) {return;}\n        js = d.createElement(s); js.id = id;\n        js.src = \"http:\/\/connect.facebook.net\/hu_HU\/sdk.js\";\n        fjs.parentNode.insertBefore(js, fjs);\n    }(document, \"script\", \"facebook-jssdk\"));\n<\/script><br \/>\n<br \/>[ad_2]<br \/>\n<br \/><a href=\"https:\/\/www.vg.hu\/velemeny\/interju\/hamarosan-a-4ig-lehet-a-legnagyobb-magyar-informatikai-tarsasag-2-1576466\/\">Source link <\/a><\/p>\n","protected":false},"excerpt":{"rendered":"<p>[ad_1] \u00d3ri\u00e1si potenci\u00e1lt l\u00e1t az ipar\u00e1gban J\u00e1szai Gell\u00e9rt, ez\u00e9rt d\u00f6nt\u00f6tt \u00fagy, hogy ir\u00e1ny\u00edt\u00f3i jogot szerez a 4iG-ban. Az \u00fczletember szerint a pletyk\u00e1k ellen\u00e9re M\u00e9sz\u00e1ros L\u0151rinccel a bar\u00e1ts\u00e1guk v\u00e1ltozatlan, \u00e9s tov\u00e1bbra is \u00fczleti t\u00e1rsak maradnak. J\u00e1szai terve, hogy a 4iG-b\u00f3l piacvezet\u0151 t\u00e1rsas\u00e1got \u00e9p\u00edtsen, amihez akviz\u00edci\u00f3kon kereszt\u00fcl vezet majd az \u00fat. Mi\u00e9rt d\u00f6nt\u00f6tt \u00fagy, hogy megv\u00e1s\u00e1rolja a [&hellip;]<\/p>\n","protected":false},"author":2,"featured_media":4286,"comment_status":"open","ping_status":"open","sticky":false,"template":"","format":"standard","meta":{"footnotes":""},"categories":[1],"tags":[],"class_list":["post-4285","post","type-post","status-publish","format-standard","has-post-thumbnail","hentry","category-penzugyi-hirek"],"yoast_head":"<!-- This site is optimized with the Yoast SEO plugin v27.4 - https:\/\/yoast.com\/product\/yoast-seo-wordpress\/ -->\n<title>Hamarosan a 4iG lehet a legnagyobb magyar informatikai t\u00e1rsas\u00e1g - Super News<\/title>\n<meta name=\"robots\" content=\"index, follow, max-snippet:-1, max-image-preview:large, max-video-preview:-1\" \/>\n<link rel=\"canonical\" href=\"https:\/\/super-news.info\/hu\/hamarosan-a-4ig-lehet-a-legnagyobb-magyar-informatikai-tarsasag\/\" \/>\n<meta property=\"og:locale\" content=\"hu_HU\" \/>\n<meta property=\"og:type\" content=\"article\" \/>\n<meta property=\"og:title\" content=\"Hamarosan a 4iG lehet a legnagyobb magyar informatikai t\u00e1rsas\u00e1g - Super News\" \/>\n<meta property=\"og:description\" content=\"[ad_1] \u00d3ri\u00e1si potenci\u00e1lt l\u00e1t az ipar\u00e1gban J\u00e1szai Gell\u00e9rt, ez\u00e9rt d\u00f6nt\u00f6tt \u00fagy, hogy ir\u00e1ny\u00edt\u00f3i jogot szerez a 4iG-ban. Az \u00fczletember szerint a pletyk\u00e1k ellen\u00e9re M\u00e9sz\u00e1ros L\u0151rinccel a bar\u00e1ts\u00e1guk v\u00e1ltozatlan, \u00e9s tov\u00e1bbra is \u00fczleti t\u00e1rsak maradnak. J\u00e1szai terve, hogy a 4iG-b\u00f3l piacvezet\u0151 t\u00e1rsas\u00e1got \u00e9p\u00edtsen, amihez akviz\u00edci\u00f3kon kereszt\u00fcl vezet majd az \u00fat. Mi\u00e9rt d\u00f6nt\u00f6tt \u00fagy, hogy megv\u00e1s\u00e1rolja a [&hellip;]\" \/>\n<meta property=\"og:url\" content=\"https:\/\/super-news.info\/hu\/hamarosan-a-4ig-lehet-a-legnagyobb-magyar-informatikai-tarsasag\/\" \/>\n<meta property=\"og:site_name\" content=\"Super News\" \/>\n<meta property=\"article:published_time\" content=\"2019-06-18T05:23:53+00:00\" \/>\n<meta property=\"article:modified_time\" content=\"2019-06-18T05:23:55+00:00\" \/>\n<meta property=\"og:image\" content=\"https:\/\/super-news.info\/hu\/wp-content\/uploads\/sites\/3\/2019\/06\/Hamarosan-a-4iG-lehet-a-legnagyobb-magyar-informatikai-t\u00e1rsas\u00e1g.jpg\" \/>\n\t<meta property=\"og:image:width\" content=\"1400\" \/>\n\t<meta property=\"og:image:height\" content=\"933\" \/>\n\t<meta property=\"og:image:type\" content=\"image\/jpeg\" \/>\n<meta name=\"author\" content=\"super-news\" \/>\n<meta name=\"twitter:card\" content=\"summary_large_image\" \/>\n<meta name=\"twitter:label1\" content=\"Szerz\u0151:\" \/>\n\t<meta name=\"twitter:data1\" content=\"super-news\" \/>\n\t<meta name=\"twitter:label2\" content=\"Becs\u00fclt olvas\u00e1si id\u0151\" \/>\n\t<meta name=\"twitter:data2\" content=\"3 perc\" \/>\n<script type=\"application\/ld+json\" class=\"yoast-schema-graph\">{\"@context\":\"https:\\\/\\\/schema.org\",\"@graph\":[{\"@type\":\"Article\",\"@id\":\"https:\\\/\\\/super-news.info\\\/hu\\\/hamarosan-a-4ig-lehet-a-legnagyobb-magyar-informatikai-tarsasag\\\/#article\",\"isPartOf\":{\"@id\":\"https:\\\/\\\/super-news.info\\\/hu\\\/hamarosan-a-4ig-lehet-a-legnagyobb-magyar-informatikai-tarsasag\\\/\"},\"author\":{\"name\":\"super-news\",\"@id\":\"https:\\\/\\\/super-news.info\\\/hu\\\/#\\\/schema\\\/person\\\/2d4068cb2f39cd10008c2fce578a7356\"},\"headline\":\"Hamarosan a 4iG lehet a legnagyobb magyar informatikai t\u00e1rsas\u00e1g\",\"datePublished\":\"2019-06-18T05:23:53+00:00\",\"dateModified\":\"2019-06-18T05:23:55+00:00\",\"mainEntityOfPage\":{\"@id\":\"https:\\\/\\\/super-news.info\\\/hu\\\/hamarosan-a-4ig-lehet-a-legnagyobb-magyar-informatikai-tarsasag\\\/\"},\"wordCount\":692,\"commentCount\":0,\"image\":{\"@id\":\"https:\\\/\\\/super-news.info\\\/hu\\\/hamarosan-a-4ig-lehet-a-legnagyobb-magyar-informatikai-tarsasag\\\/#primaryimage\"},\"thumbnailUrl\":\"https:\\\/\\\/super-news.info\\\/hu\\\/wp-content\\\/uploads\\\/sites\\\/3\\\/2019\\\/06\\\/Hamarosan-a-4iG-lehet-a-legnagyobb-magyar-informatikai-t\u00e1rsas\u00e1g.jpg\",\"articleSection\":[\"P\u00c9NZ\u00dcGYI H\u00cdREK\"],\"inLanguage\":\"hu\",\"potentialAction\":[{\"@type\":\"CommentAction\",\"name\":\"Comment\",\"target\":[\"https:\\\/\\\/super-news.info\\\/hu\\\/hamarosan-a-4ig-lehet-a-legnagyobb-magyar-informatikai-tarsasag\\\/#respond\"]}]},{\"@type\":\"WebPage\",\"@id\":\"https:\\\/\\\/super-news.info\\\/hu\\\/hamarosan-a-4ig-lehet-a-legnagyobb-magyar-informatikai-tarsasag\\\/\",\"url\":\"https:\\\/\\\/super-news.info\\\/hu\\\/hamarosan-a-4ig-lehet-a-legnagyobb-magyar-informatikai-tarsasag\\\/\",\"name\":\"Hamarosan a 4iG lehet a legnagyobb magyar informatikai t\u00e1rsas\u00e1g - Super News\",\"isPartOf\":{\"@id\":\"https:\\\/\\\/super-news.info\\\/hu\\\/#website\"},\"primaryImageOfPage\":{\"@id\":\"https:\\\/\\\/super-news.info\\\/hu\\\/hamarosan-a-4ig-lehet-a-legnagyobb-magyar-informatikai-tarsasag\\\/#primaryimage\"},\"image\":{\"@id\":\"https:\\\/\\\/super-news.info\\\/hu\\\/hamarosan-a-4ig-lehet-a-legnagyobb-magyar-informatikai-tarsasag\\\/#primaryimage\"},\"thumbnailUrl\":\"https:\\\/\\\/super-news.info\\\/hu\\\/wp-content\\\/uploads\\\/sites\\\/3\\\/2019\\\/06\\\/Hamarosan-a-4iG-lehet-a-legnagyobb-magyar-informatikai-t\u00e1rsas\u00e1g.jpg\",\"datePublished\":\"2019-06-18T05:23:53+00:00\",\"dateModified\":\"2019-06-18T05:23:55+00:00\",\"author\":{\"@id\":\"https:\\\/\\\/super-news.info\\\/hu\\\/#\\\/schema\\\/person\\\/2d4068cb2f39cd10008c2fce578a7356\"},\"breadcrumb\":{\"@id\":\"https:\\\/\\\/super-news.info\\\/hu\\\/hamarosan-a-4ig-lehet-a-legnagyobb-magyar-informatikai-tarsasag\\\/#breadcrumb\"},\"inLanguage\":\"hu\",\"potentialAction\":[{\"@type\":\"ReadAction\",\"target\":[\"https:\\\/\\\/super-news.info\\\/hu\\\/hamarosan-a-4ig-lehet-a-legnagyobb-magyar-informatikai-tarsasag\\\/\"]}]},{\"@type\":\"ImageObject\",\"inLanguage\":\"hu\",\"@id\":\"https:\\\/\\\/super-news.info\\\/hu\\\/hamarosan-a-4ig-lehet-a-legnagyobb-magyar-informatikai-tarsasag\\\/#primaryimage\",\"url\":\"https:\\\/\\\/super-news.info\\\/hu\\\/wp-content\\\/uploads\\\/sites\\\/3\\\/2019\\\/06\\\/Hamarosan-a-4iG-lehet-a-legnagyobb-magyar-informatikai-t\u00e1rsas\u00e1g.jpg\",\"contentUrl\":\"https:\\\/\\\/super-news.info\\\/hu\\\/wp-content\\\/uploads\\\/sites\\\/3\\\/2019\\\/06\\\/Hamarosan-a-4iG-lehet-a-legnagyobb-magyar-informatikai-t\u00e1rsas\u00e1g.jpg\",\"width\":1400,\"height\":933,\"caption\":\"Hamarosan a 4iG lehet a legnagyobb magyar informatikai t\u00e1rsas\u00e1g\"},{\"@type\":\"BreadcrumbList\",\"@id\":\"https:\\\/\\\/super-news.info\\\/hu\\\/hamarosan-a-4ig-lehet-a-legnagyobb-magyar-informatikai-tarsasag\\\/#breadcrumb\",\"itemListElement\":[{\"@type\":\"ListItem\",\"position\":1,\"name\":\"\u0413\u043b\u0430\u0432\u043d\u0430\u044f \u0441\u0442\u0440\u0430\u043d\u0438\u0446\u0430\",\"item\":\"https:\\\/\\\/super-news.info\\\/hu\\\/\"},{\"@type\":\"ListItem\",\"position\":2,\"name\":\"Hamarosan a 4iG lehet a legnagyobb magyar informatikai t\u00e1rsas\u00e1g\"}]},{\"@type\":\"WebSite\",\"@id\":\"https:\\\/\\\/super-news.info\\\/hu\\\/#website\",\"url\":\"https:\\\/\\\/super-news.info\\\/hu\\\/\",\"name\":\"Super News\",\"description\":\"Super News Magyarorsz\u00e1g\",\"potentialAction\":[{\"@type\":\"SearchAction\",\"target\":{\"@type\":\"EntryPoint\",\"urlTemplate\":\"https:\\\/\\\/super-news.info\\\/hu\\\/?s={search_term_string}\"},\"query-input\":{\"@type\":\"PropertyValueSpecification\",\"valueRequired\":true,\"valueName\":\"search_term_string\"}}],\"inLanguage\":\"hu\"},{\"@type\":\"Person\",\"@id\":\"https:\\\/\\\/super-news.info\\\/hu\\\/#\\\/schema\\\/person\\\/2d4068cb2f39cd10008c2fce578a7356\",\"name\":\"super-news\",\"image\":{\"@type\":\"ImageObject\",\"inLanguage\":\"hu\",\"@id\":\"https:\\\/\\\/secure.gravatar.com\\\/avatar\\\/64ebac40b93f26a154f8a9b5b6fdccfc46f442b26b3dd6756dbff3bf9dc76fd7?s=96&d=mm&r=g\",\"url\":\"https:\\\/\\\/secure.gravatar.com\\\/avatar\\\/64ebac40b93f26a154f8a9b5b6fdccfc46f442b26b3dd6756dbff3bf9dc76fd7?s=96&d=mm&r=g\",\"contentUrl\":\"https:\\\/\\\/secure.gravatar.com\\\/avatar\\\/64ebac40b93f26a154f8a9b5b6fdccfc46f442b26b3dd6756dbff3bf9dc76fd7?s=96&d=mm&r=g\",\"caption\":\"super-news\"},\"url\":\"https:\\\/\\\/super-news.info\\\/hu\\\/author\\\/pt\\\/\"}]}<\/script>\n<!-- \/ Yoast SEO plugin. -->","yoast_head_json":{"title":"Hamarosan a 4iG lehet a legnagyobb magyar informatikai t\u00e1rsas\u00e1g - Super News","robots":{"index":"index","follow":"follow","max-snippet":"max-snippet:-1","max-image-preview":"max-image-preview:large","max-video-preview":"max-video-preview:-1"},"canonical":"https:\/\/super-news.info\/hu\/hamarosan-a-4ig-lehet-a-legnagyobb-magyar-informatikai-tarsasag\/","og_locale":"hu_HU","og_type":"article","og_title":"Hamarosan a 4iG lehet a legnagyobb magyar informatikai t\u00e1rsas\u00e1g - Super News","og_description":"[ad_1] \u00d3ri\u00e1si potenci\u00e1lt l\u00e1t az ipar\u00e1gban J\u00e1szai Gell\u00e9rt, ez\u00e9rt d\u00f6nt\u00f6tt \u00fagy, hogy ir\u00e1ny\u00edt\u00f3i jogot szerez a 4iG-ban. Az \u00fczletember szerint a pletyk\u00e1k ellen\u00e9re M\u00e9sz\u00e1ros L\u0151rinccel a bar\u00e1ts\u00e1guk v\u00e1ltozatlan, \u00e9s tov\u00e1bbra is \u00fczleti t\u00e1rsak maradnak. J\u00e1szai terve, hogy a 4iG-b\u00f3l piacvezet\u0151 t\u00e1rsas\u00e1got \u00e9p\u00edtsen, amihez akviz\u00edci\u00f3kon kereszt\u00fcl vezet majd az \u00fat. Mi\u00e9rt d\u00f6nt\u00f6tt \u00fagy, hogy megv\u00e1s\u00e1rolja a [&hellip;]","og_url":"https:\/\/super-news.info\/hu\/hamarosan-a-4ig-lehet-a-legnagyobb-magyar-informatikai-tarsasag\/","og_site_name":"Super News","article_published_time":"2019-06-18T05:23:53+00:00","article_modified_time":"2019-06-18T05:23:55+00:00","og_image":[{"width":1400,"height":933,"url":"https:\/\/super-news.info\/hu\/wp-content\/uploads\/sites\/3\/2019\/06\/Hamarosan-a-4iG-lehet-a-legnagyobb-magyar-informatikai-t\u00e1rsas\u00e1g.jpg","type":"image\/jpeg"}],"author":"super-news","twitter_card":"summary_large_image","twitter_misc":{"Szerz\u0151:":"super-news","Becs\u00fclt olvas\u00e1si id\u0151":"3 perc"},"schema":{"@context":"https:\/\/schema.org","@graph":[{"@type":"Article","@id":"https:\/\/super-news.info\/hu\/hamarosan-a-4ig-lehet-a-legnagyobb-magyar-informatikai-tarsasag\/#article","isPartOf":{"@id":"https:\/\/super-news.info\/hu\/hamarosan-a-4ig-lehet-a-legnagyobb-magyar-informatikai-tarsasag\/"},"author":{"name":"super-news","@id":"https:\/\/super-news.info\/hu\/#\/schema\/person\/2d4068cb2f39cd10008c2fce578a7356"},"headline":"Hamarosan a 4iG lehet a legnagyobb magyar informatikai t\u00e1rsas\u00e1g","datePublished":"2019-06-18T05:23:53+00:00","dateModified":"2019-06-18T05:23:55+00:00","mainEntityOfPage":{"@id":"https:\/\/super-news.info\/hu\/hamarosan-a-4ig-lehet-a-legnagyobb-magyar-informatikai-tarsasag\/"},"wordCount":692,"commentCount":0,"image":{"@id":"https:\/\/super-news.info\/hu\/hamarosan-a-4ig-lehet-a-legnagyobb-magyar-informatikai-tarsasag\/#primaryimage"},"thumbnailUrl":"https:\/\/super-news.info\/hu\/wp-content\/uploads\/sites\/3\/2019\/06\/Hamarosan-a-4iG-lehet-a-legnagyobb-magyar-informatikai-t\u00e1rsas\u00e1g.jpg","articleSection":["P\u00c9NZ\u00dcGYI H\u00cdREK"],"inLanguage":"hu","potentialAction":[{"@type":"CommentAction","name":"Comment","target":["https:\/\/super-news.info\/hu\/hamarosan-a-4ig-lehet-a-legnagyobb-magyar-informatikai-tarsasag\/#respond"]}]},{"@type":"WebPage","@id":"https:\/\/super-news.info\/hu\/hamarosan-a-4ig-lehet-a-legnagyobb-magyar-informatikai-tarsasag\/","url":"https:\/\/super-news.info\/hu\/hamarosan-a-4ig-lehet-a-legnagyobb-magyar-informatikai-tarsasag\/","name":"Hamarosan a 4iG lehet a legnagyobb magyar informatikai t\u00e1rsas\u00e1g - Super News","isPartOf":{"@id":"https:\/\/super-news.info\/hu\/#website"},"primaryImageOfPage":{"@id":"https:\/\/super-news.info\/hu\/hamarosan-a-4ig-lehet-a-legnagyobb-magyar-informatikai-tarsasag\/#primaryimage"},"image":{"@id":"https:\/\/super-news.info\/hu\/hamarosan-a-4ig-lehet-a-legnagyobb-magyar-informatikai-tarsasag\/#primaryimage"},"thumbnailUrl":"https:\/\/super-news.info\/hu\/wp-content\/uploads\/sites\/3\/2019\/06\/Hamarosan-a-4iG-lehet-a-legnagyobb-magyar-informatikai-t\u00e1rsas\u00e1g.jpg","datePublished":"2019-06-18T05:23:53+00:00","dateModified":"2019-06-18T05:23:55+00:00","author":{"@id":"https:\/\/super-news.info\/hu\/#\/schema\/person\/2d4068cb2f39cd10008c2fce578a7356"},"breadcrumb":{"@id":"https:\/\/super-news.info\/hu\/hamarosan-a-4ig-lehet-a-legnagyobb-magyar-informatikai-tarsasag\/#breadcrumb"},"inLanguage":"hu","potentialAction":[{"@type":"ReadAction","target":["https:\/\/super-news.info\/hu\/hamarosan-a-4ig-lehet-a-legnagyobb-magyar-informatikai-tarsasag\/"]}]},{"@type":"ImageObject","inLanguage":"hu","@id":"https:\/\/super-news.info\/hu\/hamarosan-a-4ig-lehet-a-legnagyobb-magyar-informatikai-tarsasag\/#primaryimage","url":"https:\/\/super-news.info\/hu\/wp-content\/uploads\/sites\/3\/2019\/06\/Hamarosan-a-4iG-lehet-a-legnagyobb-magyar-informatikai-t\u00e1rsas\u00e1g.jpg","contentUrl":"https:\/\/super-news.info\/hu\/wp-content\/uploads\/sites\/3\/2019\/06\/Hamarosan-a-4iG-lehet-a-legnagyobb-magyar-informatikai-t\u00e1rsas\u00e1g.jpg","width":1400,"height":933,"caption":"Hamarosan a 4iG lehet a legnagyobb magyar informatikai t\u00e1rsas\u00e1g"},{"@type":"BreadcrumbList","@id":"https:\/\/super-news.info\/hu\/hamarosan-a-4ig-lehet-a-legnagyobb-magyar-informatikai-tarsasag\/#breadcrumb","itemListElement":[{"@type":"ListItem","position":1,"name":"\u0413\u043b\u0430\u0432\u043d\u0430\u044f \u0441\u0442\u0440\u0430\u043d\u0438\u0446\u0430","item":"https:\/\/super-news.info\/hu\/"},{"@type":"ListItem","position":2,"name":"Hamarosan a 4iG lehet a legnagyobb magyar informatikai t\u00e1rsas\u00e1g"}]},{"@type":"WebSite","@id":"https:\/\/super-news.info\/hu\/#website","url":"https:\/\/super-news.info\/hu\/","name":"Super News","description":"Super News Magyarorsz\u00e1g","potentialAction":[{"@type":"SearchAction","target":{"@type":"EntryPoint","urlTemplate":"https:\/\/super-news.info\/hu\/?s={search_term_string}"},"query-input":{"@type":"PropertyValueSpecification","valueRequired":true,"valueName":"search_term_string"}}],"inLanguage":"hu"},{"@type":"Person","@id":"https:\/\/super-news.info\/hu\/#\/schema\/person\/2d4068cb2f39cd10008c2fce578a7356","name":"super-news","image":{"@type":"ImageObject","inLanguage":"hu","@id":"https:\/\/secure.gravatar.com\/avatar\/64ebac40b93f26a154f8a9b5b6fdccfc46f442b26b3dd6756dbff3bf9dc76fd7?s=96&d=mm&r=g","url":"https:\/\/secure.gravatar.com\/avatar\/64ebac40b93f26a154f8a9b5b6fdccfc46f442b26b3dd6756dbff3bf9dc76fd7?s=96&d=mm&r=g","contentUrl":"https:\/\/secure.gravatar.com\/avatar\/64ebac40b93f26a154f8a9b5b6fdccfc46f442b26b3dd6756dbff3bf9dc76fd7?s=96&d=mm&r=g","caption":"super-news"},"url":"https:\/\/super-news.info\/hu\/author\/pt\/"}]}},"_links":{"self":[{"href":"https:\/\/super-news.info\/hu\/wp-json\/wp\/v2\/posts\/4285","targetHints":{"allow":["GET"]}}],"collection":[{"href":"https:\/\/super-news.info\/hu\/wp-json\/wp\/v2\/posts"}],"about":[{"href":"https:\/\/super-news.info\/hu\/wp-json\/wp\/v2\/types\/post"}],"author":[{"embeddable":true,"href":"https:\/\/super-news.info\/hu\/wp-json\/wp\/v2\/users\/2"}],"replies":[{"embeddable":true,"href":"https:\/\/super-news.info\/hu\/wp-json\/wp\/v2\/comments?post=4285"}],"version-history":[{"count":1,"href":"https:\/\/super-news.info\/hu\/wp-json\/wp\/v2\/posts\/4285\/revisions"}],"predecessor-version":[{"id":4287,"href":"https:\/\/super-news.info\/hu\/wp-json\/wp\/v2\/posts\/4285\/revisions\/4287"}],"wp:featuredmedia":[{"embeddable":true,"href":"https:\/\/super-news.info\/hu\/wp-json\/wp\/v2\/media\/4286"}],"wp:attachment":[{"href":"https:\/\/super-news.info\/hu\/wp-json\/wp\/v2\/media?parent=4285"}],"wp:term":[{"taxonomy":"category","embeddable":true,"href":"https:\/\/super-news.info\/hu\/wp-json\/wp\/v2\/categories?post=4285"},{"taxonomy":"post_tag","embeddable":true,"href":"https:\/\/super-news.info\/hu\/wp-json\/wp\/v2\/tags?post=4285"}],"curies":[{"name":"wp","href":"https:\/\/api.w.org\/{rel}","templated":true}]}}