{"id":4271,"date":"2019-06-17T23:24:12","date_gmt":"2019-06-17T20:24:12","guid":{"rendered":"https:\/\/super-news.info\/hu\/az-oroszok-nem-zarjak-ki-az-ujabb-hideghaboru-lehetoseget\/"},"modified":"2019-06-17T23:24:14","modified_gmt":"2019-06-17T20:24:14","slug":"az-oroszok-nem-zarjak-ki-az-ujabb-hideghaboru-lehetoseget","status":"publish","type":"post","link":"https:\/\/super-news.info\/hu\/az-oroszok-nem-zarjak-ki-az-ujabb-hideghaboru-lehetoseget\/","title":{"rendered":"Az oroszok nem z\u00e1rj\u00e1k ki az \u00fajabb hidegh\u00e1bor\u00fa lehet\u0151s\u00e9g\u00e9t"},"content":{"rendered":"<p> [ad_1]<br \/>\n<\/p>\n<p>\n\t\t\t\t\t\t\t\tElm\u00e9letileg fenn\u00e1ll a kiberh\u00e1bor\u00fa lehet\u0151s\u00e9ge az Egyes\u00fclt \u00c1llamok \u00e9s Oroszorsz\u00e1g k\u00f6z\u00f6tt \u2013 jelentette ki h\u00e9tf\u0151n Dmitrij Peszkov, a Kreml sz\u00f3viv\u0151je arra a The New York Times c\u00edm\u0171 amerikai napilapban k\u00e9t napja k\u00f6z\u00f6lt \u00e9rtes\u00fcl\u00e9s\u00e9re reag\u00e1lva, amely szerint legk\u00e9s\u0151bb 2012 \u00f3ta fel\u00e9l\u00e9nk\u00fclt az amerikai szakszolg\u00e1latok azon t\u00f6rekv\u00e9se, hogy v\u00edrust juttassanak be az orosz energiarendszerbe.\t\t\t\t\t\t\t<\/p>\n<div>\n<p>Donald Trumpamerikai eln\u00f6k a h\u00edrt val\u00f3tlannak min\u0151s\u00edtette, \u00e9s egy\u00fattal \u201evirtu\u00e1lis haza\u00e1rul\u00e1ssal\u201d v\u00e1dolta meg a lap szerkeszt\u0151s\u00e9g\u00e9t, amely v\u00e1laszul azt \u00e1ll\u00edtotta, hogy a korm\u00e1nyzat illet\u00e9kesei a k\u00f6zl\u00e9s el\u0151tt l\u00e1tt\u00e1k a sajt\u00f3ba ker\u00fcl\u0151 anyagot.<\/p>\n<p>Peszkov eml\u00e9keztetett Trump \u201ekategorikus c\u00e1folat\u00e1ra\u201d, de hozz\u00e1tette:<\/p>\n<blockquote>\n<p>Felt\u00e9ve, hogy valamif\u00e9le \u00e1llami szolg\u00e1latok foglalkoznak ezzel, nem t\u00e1j\u00e9koztatva err\u0151l az \u00e1llamf\u0151t, akkor ez az inform\u00e1ci\u00f3 k\u00e9ts\u00e9gtelen\u00fcl (\u2026) az Oroszorsz\u00e1ggal szembeni kiberh\u00e1bor\u00fas l\u00e9p\u00e9sek \u00f6sszes ism\u00e9rv\u00e9nek elm\u00e9leti megl\u00e9t\u00e9r\u0151l tan\u00faskodik.<\/p>\n<\/blockquote>\n<p>A sz\u00f3viv\u0151 eml\u00e9keztetett r\u00e1, hogy Vlagyimir Putyin orosz eln\u00f6k t\u00f6bb alkalommal is nemzetk\u00f6zi \u00f6sszefog\u00e1st s\u00fcrgetett a kiberb\u0171n\u00f6z\u00e9s ellen. Sajn\u00e1lkoz\u00e1s\u00e1t fejezte ki amiatt, hogy ezekre a javaslatokra amerikai r\u00e9szr\u0151l sose reag\u00e1ltak. Peszkov szerint az orosz gazdas\u00e1g t\u00f6bb strat\u00e9giai ter\u00fclet\u00e9t \u00e9rt\u00e9k m\u00e1r k\u00fclf\u00f6ldr\u0151l ind\u00edtott kibert\u00e1mad\u00e1sok, ezek ellen az illet\u00e9kes szolg\u00e1latok felvett\u00e9k a k\u00fczdelmet.<\/p>\n<div id=\"attachment_999670\" style=\"width: 1410px\" class=\"wp-caption aligncenter\">\n<p class=\"wp-caption-text\">Donald Trump amerikai eln\u00f6k (b) \u00e9s Vlagyimir Putyin eln\u00f6k orosz \u00e1llamf\u0151<br \/>Fot\u00f3: MTI\/AP\/Lehtikuva\/Jussi Nukari<\/p>\n<\/div>\n<p>Mint mondta, amerikai r\u00e9szr\u0151l mindeddig nem \u00e9rkezett arra vonatkoz\u00f3 javaslat, hogy Putyin \u00e9s Trump k\u00fcl\u00f6n is megbesz\u00e9l\u00e9st folytasson a G20-csoport j\u00fanius v\u00e9g\u00e9n Oszak\u00e1ban tartand\u00f3 cs\u00facstal\u00e1lkoz\u00f3j\u00e1n. Peszkov ugyanakkor nem z\u00e1rta ki annak lehet\u0151s\u00e9g\u00e9t, hogy a k\u00e9t vezet\u0151 a cs\u00facstal\u00e1lkoz\u00f3 alkalm\u00e1val ha nem is \u00fcl t\u00e1rgyal\u00f3asztalhoz, de sz\u00f3t v\u00e1lt egym\u00e1ssal.<\/p>\n<p>Nem k\u00edv\u00e1nta komment\u00e1lni a The Guardian brit lapnak azt a h\u00e9tf\u0151n publik\u00e1lt \u00e9rtes\u00fcl\u00e9s\u00e9t, amely szerint Theresa May t\u00e1voz\u00f3 brit minisztereln\u00f6k Oszak\u00e1ban tal\u00e1lkozni k\u00edv\u00e1n Putyinnal \u00e9s fel akarja \u201eolvasztani\u201d a k\u00e9t orsz\u00e1g k\u00f6z\u00f6tti fagyos viszonyt.<\/p>\n<p>Peszkov szerint ezzel kapcsolatban az orosz eln\u00f6ki hivatalhoz semmilyen konkr\u00e9t \u00e9rtes\u00edt\u00e9s nem \u00e9rkezett. Eml\u00e9keztetett r\u00e1, hogy Putyin brit \u00fczletembereket fogadva arr\u00f3l besz\u00e9lt, hogy a kapcsolatok jelenlegi \u201eabszurd\u201d helyzete nem haszn\u00e1l egyik f\u00e9l gazdas\u00e1gi \u00e9rdekeinek sem.<\/p>\n<\/p><\/div>\n<p><script>\n    window.fbAsyncInit = function() {\n        FB.init({\n            appId      : \"204760236815359\",\n            xfbml      : true,\n            version    : \"v2.12\"\n        });\n        FB.AppEvents.logPageView();\n    };<\/p>\n<p>    (function(d, s, id){\n        var js, fjs = d.getElementsByTagName(s)[0];\n        if (d.getElementById(id)) {return;}\n        js = d.createElement(s); js.id = id;\n        js.src = \"http:\/\/connect.facebook.net\/hu_HU\/sdk.js\";\n        fjs.parentNode.insertBefore(js, fjs);\n    }(document, \"script\", \"facebook-jssdk\"));\n<\/script><br \/>\n<br \/>[ad_2]<br \/>\n<br \/><a href=\"https:\/\/www.vg.hu\/vallalatok\/infokommunikacio\/az-oroszok-nem-zarjak-ki-az-ujabb-hideghaboru-lehetoseget-1575416\/\">Source link <\/a><\/p>\n","protected":false},"excerpt":{"rendered":"<p>[ad_1] Elm\u00e9letileg fenn\u00e1ll a kiberh\u00e1bor\u00fa lehet\u0151s\u00e9ge az Egyes\u00fclt \u00c1llamok \u00e9s Oroszorsz\u00e1g k\u00f6z\u00f6tt \u2013 jelentette ki h\u00e9tf\u0151n Dmitrij Peszkov, a Kreml sz\u00f3viv\u0151je arra a The New York Times c\u00edm\u0171 amerikai napilapban k\u00e9t napja k\u00f6z\u00f6lt \u00e9rtes\u00fcl\u00e9s\u00e9re reag\u00e1lva, amely szerint legk\u00e9s\u0151bb 2012 \u00f3ta fel\u00e9l\u00e9nk\u00fclt az amerikai szakszolg\u00e1latok azon t\u00f6rekv\u00e9se, hogy v\u00edrust juttassanak be az orosz energiarendszerbe. Donald Trumpamerikai [&hellip;]<\/p>\n","protected":false},"author":2,"featured_media":4272,"comment_status":"open","ping_status":"open","sticky":false,"template":"","format":"standard","meta":{"footnotes":""},"categories":[1],"tags":[],"class_list":["post-4271","post","type-post","status-publish","format-standard","has-post-thumbnail","hentry","category-penzugyi-hirek"],"yoast_head":"<!-- This site is optimized with the Yoast SEO plugin v27.4 - https:\/\/yoast.com\/product\/yoast-seo-wordpress\/ -->\n<title>Az oroszok nem z\u00e1rj\u00e1k ki az \u00fajabb hidegh\u00e1bor\u00fa lehet\u0151s\u00e9g\u00e9t - Super News<\/title>\n<meta name=\"robots\" content=\"index, follow, max-snippet:-1, max-image-preview:large, max-video-preview:-1\" \/>\n<link rel=\"canonical\" href=\"https:\/\/super-news.info\/hu\/az-oroszok-nem-zarjak-ki-az-ujabb-hideghaboru-lehetoseget\/\" \/>\n<meta property=\"og:locale\" content=\"hu_HU\" \/>\n<meta property=\"og:type\" content=\"article\" \/>\n<meta property=\"og:title\" content=\"Az oroszok nem z\u00e1rj\u00e1k ki az \u00fajabb hidegh\u00e1bor\u00fa lehet\u0151s\u00e9g\u00e9t - Super News\" \/>\n<meta property=\"og:description\" content=\"[ad_1] Elm\u00e9letileg fenn\u00e1ll a kiberh\u00e1bor\u00fa lehet\u0151s\u00e9ge az Egyes\u00fclt \u00c1llamok \u00e9s Oroszorsz\u00e1g k\u00f6z\u00f6tt \u2013 jelentette ki h\u00e9tf\u0151n Dmitrij Peszkov, a Kreml sz\u00f3viv\u0151je arra a The New York Times c\u00edm\u0171 amerikai napilapban k\u00e9t napja k\u00f6z\u00f6lt \u00e9rtes\u00fcl\u00e9s\u00e9re reag\u00e1lva, amely szerint legk\u00e9s\u0151bb 2012 \u00f3ta fel\u00e9l\u00e9nk\u00fclt az amerikai szakszolg\u00e1latok azon t\u00f6rekv\u00e9se, hogy v\u00edrust juttassanak be az orosz energiarendszerbe. Donald Trumpamerikai [&hellip;]\" \/>\n<meta property=\"og:url\" content=\"https:\/\/super-news.info\/hu\/az-oroszok-nem-zarjak-ki-az-ujabb-hideghaboru-lehetoseget\/\" \/>\n<meta property=\"og:site_name\" content=\"Super News\" \/>\n<meta property=\"article:published_time\" content=\"2019-06-17T20:24:12+00:00\" \/>\n<meta property=\"article:modified_time\" content=\"2019-06-17T20:24:14+00:00\" \/>\n<meta property=\"og:image\" content=\"https:\/\/super-news.info\/hu\/wp-content\/uploads\/sites\/3\/2019\/06\/Az-oroszok-nem-z\u00e1rj\u00e1k-ki-az-\u00fajabb-hidegh\u00e1bor\u00fa-lehet\u0151s\u00e9g\u00e9t.jpg\" \/>\n\t<meta property=\"og:image:width\" content=\"1400\" \/>\n\t<meta property=\"og:image:height\" content=\"932\" \/>\n\t<meta property=\"og:image:type\" content=\"image\/jpeg\" \/>\n<meta name=\"author\" content=\"super-news\" \/>\n<meta name=\"twitter:card\" content=\"summary_large_image\" \/>\n<meta name=\"twitter:label1\" content=\"Szerz\u0151:\" \/>\n\t<meta name=\"twitter:data1\" content=\"super-news\" \/>\n\t<meta name=\"twitter:label2\" content=\"Becs\u00fclt olvas\u00e1si id\u0151\" \/>\n\t<meta name=\"twitter:data2\" content=\"2 perc\" \/>\n<script type=\"application\/ld+json\" class=\"yoast-schema-graph\">{\"@context\":\"https:\\\/\\\/schema.org\",\"@graph\":[{\"@type\":\"Article\",\"@id\":\"https:\\\/\\\/super-news.info\\\/hu\\\/az-oroszok-nem-zarjak-ki-az-ujabb-hideghaboru-lehetoseget\\\/#article\",\"isPartOf\":{\"@id\":\"https:\\\/\\\/super-news.info\\\/hu\\\/az-oroszok-nem-zarjak-ki-az-ujabb-hideghaboru-lehetoseget\\\/\"},\"author\":{\"name\":\"super-news\",\"@id\":\"https:\\\/\\\/super-news.info\\\/hu\\\/#\\\/schema\\\/person\\\/2d4068cb2f39cd10008c2fce578a7356\"},\"headline\":\"Az oroszok nem z\u00e1rj\u00e1k ki az \u00fajabb hidegh\u00e1bor\u00fa lehet\u0151s\u00e9g\u00e9t\",\"datePublished\":\"2019-06-17T20:24:12+00:00\",\"dateModified\":\"2019-06-17T20:24:14+00:00\",\"mainEntityOfPage\":{\"@id\":\"https:\\\/\\\/super-news.info\\\/hu\\\/az-oroszok-nem-zarjak-ki-az-ujabb-hideghaboru-lehetoseget\\\/\"},\"wordCount\":493,\"commentCount\":0,\"image\":{\"@id\":\"https:\\\/\\\/super-news.info\\\/hu\\\/az-oroszok-nem-zarjak-ki-az-ujabb-hideghaboru-lehetoseget\\\/#primaryimage\"},\"thumbnailUrl\":\"https:\\\/\\\/super-news.info\\\/hu\\\/wp-content\\\/uploads\\\/sites\\\/3\\\/2019\\\/06\\\/Az-oroszok-nem-z\u00e1rj\u00e1k-ki-az-\u00fajabb-hidegh\u00e1bor\u00fa-lehet\u0151s\u00e9g\u00e9t.jpg\",\"articleSection\":[\"P\u00c9NZ\u00dcGYI H\u00cdREK\"],\"inLanguage\":\"hu\",\"potentialAction\":[{\"@type\":\"CommentAction\",\"name\":\"Comment\",\"target\":[\"https:\\\/\\\/super-news.info\\\/hu\\\/az-oroszok-nem-zarjak-ki-az-ujabb-hideghaboru-lehetoseget\\\/#respond\"]}]},{\"@type\":\"WebPage\",\"@id\":\"https:\\\/\\\/super-news.info\\\/hu\\\/az-oroszok-nem-zarjak-ki-az-ujabb-hideghaboru-lehetoseget\\\/\",\"url\":\"https:\\\/\\\/super-news.info\\\/hu\\\/az-oroszok-nem-zarjak-ki-az-ujabb-hideghaboru-lehetoseget\\\/\",\"name\":\"Az oroszok nem z\u00e1rj\u00e1k ki az \u00fajabb hidegh\u00e1bor\u00fa lehet\u0151s\u00e9g\u00e9t - Super News\",\"isPartOf\":{\"@id\":\"https:\\\/\\\/super-news.info\\\/hu\\\/#website\"},\"primaryImageOfPage\":{\"@id\":\"https:\\\/\\\/super-news.info\\\/hu\\\/az-oroszok-nem-zarjak-ki-az-ujabb-hideghaboru-lehetoseget\\\/#primaryimage\"},\"image\":{\"@id\":\"https:\\\/\\\/super-news.info\\\/hu\\\/az-oroszok-nem-zarjak-ki-az-ujabb-hideghaboru-lehetoseget\\\/#primaryimage\"},\"thumbnailUrl\":\"https:\\\/\\\/super-news.info\\\/hu\\\/wp-content\\\/uploads\\\/sites\\\/3\\\/2019\\\/06\\\/Az-oroszok-nem-z\u00e1rj\u00e1k-ki-az-\u00fajabb-hidegh\u00e1bor\u00fa-lehet\u0151s\u00e9g\u00e9t.jpg\",\"datePublished\":\"2019-06-17T20:24:12+00:00\",\"dateModified\":\"2019-06-17T20:24:14+00:00\",\"author\":{\"@id\":\"https:\\\/\\\/super-news.info\\\/hu\\\/#\\\/schema\\\/person\\\/2d4068cb2f39cd10008c2fce578a7356\"},\"breadcrumb\":{\"@id\":\"https:\\\/\\\/super-news.info\\\/hu\\\/az-oroszok-nem-zarjak-ki-az-ujabb-hideghaboru-lehetoseget\\\/#breadcrumb\"},\"inLanguage\":\"hu\",\"potentialAction\":[{\"@type\":\"ReadAction\",\"target\":[\"https:\\\/\\\/super-news.info\\\/hu\\\/az-oroszok-nem-zarjak-ki-az-ujabb-hideghaboru-lehetoseget\\\/\"]}]},{\"@type\":\"ImageObject\",\"inLanguage\":\"hu\",\"@id\":\"https:\\\/\\\/super-news.info\\\/hu\\\/az-oroszok-nem-zarjak-ki-az-ujabb-hideghaboru-lehetoseget\\\/#primaryimage\",\"url\":\"https:\\\/\\\/super-news.info\\\/hu\\\/wp-content\\\/uploads\\\/sites\\\/3\\\/2019\\\/06\\\/Az-oroszok-nem-z\u00e1rj\u00e1k-ki-az-\u00fajabb-hidegh\u00e1bor\u00fa-lehet\u0151s\u00e9g\u00e9t.jpg\",\"contentUrl\":\"https:\\\/\\\/super-news.info\\\/hu\\\/wp-content\\\/uploads\\\/sites\\\/3\\\/2019\\\/06\\\/Az-oroszok-nem-z\u00e1rj\u00e1k-ki-az-\u00fajabb-hidegh\u00e1bor\u00fa-lehet\u0151s\u00e9g\u00e9t.jpg\",\"width\":1400,\"height\":932,\"caption\":\"Az oroszok nem z\u00e1rj\u00e1k ki az \u00fajabb hidegh\u00e1bor\u00fa lehet\u0151s\u00e9g\u00e9t\"},{\"@type\":\"BreadcrumbList\",\"@id\":\"https:\\\/\\\/super-news.info\\\/hu\\\/az-oroszok-nem-zarjak-ki-az-ujabb-hideghaboru-lehetoseget\\\/#breadcrumb\",\"itemListElement\":[{\"@type\":\"ListItem\",\"position\":1,\"name\":\"\u0413\u043b\u0430\u0432\u043d\u0430\u044f \u0441\u0442\u0440\u0430\u043d\u0438\u0446\u0430\",\"item\":\"https:\\\/\\\/super-news.info\\\/hu\\\/\"},{\"@type\":\"ListItem\",\"position\":2,\"name\":\"Az oroszok nem z\u00e1rj\u00e1k ki az \u00fajabb hidegh\u00e1bor\u00fa lehet\u0151s\u00e9g\u00e9t\"}]},{\"@type\":\"WebSite\",\"@id\":\"https:\\\/\\\/super-news.info\\\/hu\\\/#website\",\"url\":\"https:\\\/\\\/super-news.info\\\/hu\\\/\",\"name\":\"Super News\",\"description\":\"Super News Magyarorsz\u00e1g\",\"potentialAction\":[{\"@type\":\"SearchAction\",\"target\":{\"@type\":\"EntryPoint\",\"urlTemplate\":\"https:\\\/\\\/super-news.info\\\/hu\\\/?s={search_term_string}\"},\"query-input\":{\"@type\":\"PropertyValueSpecification\",\"valueRequired\":true,\"valueName\":\"search_term_string\"}}],\"inLanguage\":\"hu\"},{\"@type\":\"Person\",\"@id\":\"https:\\\/\\\/super-news.info\\\/hu\\\/#\\\/schema\\\/person\\\/2d4068cb2f39cd10008c2fce578a7356\",\"name\":\"super-news\",\"image\":{\"@type\":\"ImageObject\",\"inLanguage\":\"hu\",\"@id\":\"https:\\\/\\\/secure.gravatar.com\\\/avatar\\\/64ebac40b93f26a154f8a9b5b6fdccfc46f442b26b3dd6756dbff3bf9dc76fd7?s=96&d=mm&r=g\",\"url\":\"https:\\\/\\\/secure.gravatar.com\\\/avatar\\\/64ebac40b93f26a154f8a9b5b6fdccfc46f442b26b3dd6756dbff3bf9dc76fd7?s=96&d=mm&r=g\",\"contentUrl\":\"https:\\\/\\\/secure.gravatar.com\\\/avatar\\\/64ebac40b93f26a154f8a9b5b6fdccfc46f442b26b3dd6756dbff3bf9dc76fd7?s=96&d=mm&r=g\",\"caption\":\"super-news\"},\"url\":\"https:\\\/\\\/super-news.info\\\/hu\\\/author\\\/pt\\\/\"}]}<\/script>\n<!-- \/ Yoast SEO plugin. -->","yoast_head_json":{"title":"Az oroszok nem z\u00e1rj\u00e1k ki az \u00fajabb hidegh\u00e1bor\u00fa lehet\u0151s\u00e9g\u00e9t - Super News","robots":{"index":"index","follow":"follow","max-snippet":"max-snippet:-1","max-image-preview":"max-image-preview:large","max-video-preview":"max-video-preview:-1"},"canonical":"https:\/\/super-news.info\/hu\/az-oroszok-nem-zarjak-ki-az-ujabb-hideghaboru-lehetoseget\/","og_locale":"hu_HU","og_type":"article","og_title":"Az oroszok nem z\u00e1rj\u00e1k ki az \u00fajabb hidegh\u00e1bor\u00fa lehet\u0151s\u00e9g\u00e9t - Super News","og_description":"[ad_1] Elm\u00e9letileg fenn\u00e1ll a kiberh\u00e1bor\u00fa lehet\u0151s\u00e9ge az Egyes\u00fclt \u00c1llamok \u00e9s Oroszorsz\u00e1g k\u00f6z\u00f6tt \u2013 jelentette ki h\u00e9tf\u0151n Dmitrij Peszkov, a Kreml sz\u00f3viv\u0151je arra a The New York Times c\u00edm\u0171 amerikai napilapban k\u00e9t napja k\u00f6z\u00f6lt \u00e9rtes\u00fcl\u00e9s\u00e9re reag\u00e1lva, amely szerint legk\u00e9s\u0151bb 2012 \u00f3ta fel\u00e9l\u00e9nk\u00fclt az amerikai szakszolg\u00e1latok azon t\u00f6rekv\u00e9se, hogy v\u00edrust juttassanak be az orosz energiarendszerbe. Donald Trumpamerikai [&hellip;]","og_url":"https:\/\/super-news.info\/hu\/az-oroszok-nem-zarjak-ki-az-ujabb-hideghaboru-lehetoseget\/","og_site_name":"Super News","article_published_time":"2019-06-17T20:24:12+00:00","article_modified_time":"2019-06-17T20:24:14+00:00","og_image":[{"width":1400,"height":932,"url":"https:\/\/super-news.info\/hu\/wp-content\/uploads\/sites\/3\/2019\/06\/Az-oroszok-nem-z\u00e1rj\u00e1k-ki-az-\u00fajabb-hidegh\u00e1bor\u00fa-lehet\u0151s\u00e9g\u00e9t.jpg","type":"image\/jpeg"}],"author":"super-news","twitter_card":"summary_large_image","twitter_misc":{"Szerz\u0151:":"super-news","Becs\u00fclt olvas\u00e1si id\u0151":"2 perc"},"schema":{"@context":"https:\/\/schema.org","@graph":[{"@type":"Article","@id":"https:\/\/super-news.info\/hu\/az-oroszok-nem-zarjak-ki-az-ujabb-hideghaboru-lehetoseget\/#article","isPartOf":{"@id":"https:\/\/super-news.info\/hu\/az-oroszok-nem-zarjak-ki-az-ujabb-hideghaboru-lehetoseget\/"},"author":{"name":"super-news","@id":"https:\/\/super-news.info\/hu\/#\/schema\/person\/2d4068cb2f39cd10008c2fce578a7356"},"headline":"Az oroszok nem z\u00e1rj\u00e1k ki az \u00fajabb hidegh\u00e1bor\u00fa lehet\u0151s\u00e9g\u00e9t","datePublished":"2019-06-17T20:24:12+00:00","dateModified":"2019-06-17T20:24:14+00:00","mainEntityOfPage":{"@id":"https:\/\/super-news.info\/hu\/az-oroszok-nem-zarjak-ki-az-ujabb-hideghaboru-lehetoseget\/"},"wordCount":493,"commentCount":0,"image":{"@id":"https:\/\/super-news.info\/hu\/az-oroszok-nem-zarjak-ki-az-ujabb-hideghaboru-lehetoseget\/#primaryimage"},"thumbnailUrl":"https:\/\/super-news.info\/hu\/wp-content\/uploads\/sites\/3\/2019\/06\/Az-oroszok-nem-z\u00e1rj\u00e1k-ki-az-\u00fajabb-hidegh\u00e1bor\u00fa-lehet\u0151s\u00e9g\u00e9t.jpg","articleSection":["P\u00c9NZ\u00dcGYI H\u00cdREK"],"inLanguage":"hu","potentialAction":[{"@type":"CommentAction","name":"Comment","target":["https:\/\/super-news.info\/hu\/az-oroszok-nem-zarjak-ki-az-ujabb-hideghaboru-lehetoseget\/#respond"]}]},{"@type":"WebPage","@id":"https:\/\/super-news.info\/hu\/az-oroszok-nem-zarjak-ki-az-ujabb-hideghaboru-lehetoseget\/","url":"https:\/\/super-news.info\/hu\/az-oroszok-nem-zarjak-ki-az-ujabb-hideghaboru-lehetoseget\/","name":"Az oroszok nem z\u00e1rj\u00e1k ki az \u00fajabb hidegh\u00e1bor\u00fa lehet\u0151s\u00e9g\u00e9t - Super News","isPartOf":{"@id":"https:\/\/super-news.info\/hu\/#website"},"primaryImageOfPage":{"@id":"https:\/\/super-news.info\/hu\/az-oroszok-nem-zarjak-ki-az-ujabb-hideghaboru-lehetoseget\/#primaryimage"},"image":{"@id":"https:\/\/super-news.info\/hu\/az-oroszok-nem-zarjak-ki-az-ujabb-hideghaboru-lehetoseget\/#primaryimage"},"thumbnailUrl":"https:\/\/super-news.info\/hu\/wp-content\/uploads\/sites\/3\/2019\/06\/Az-oroszok-nem-z\u00e1rj\u00e1k-ki-az-\u00fajabb-hidegh\u00e1bor\u00fa-lehet\u0151s\u00e9g\u00e9t.jpg","datePublished":"2019-06-17T20:24:12+00:00","dateModified":"2019-06-17T20:24:14+00:00","author":{"@id":"https:\/\/super-news.info\/hu\/#\/schema\/person\/2d4068cb2f39cd10008c2fce578a7356"},"breadcrumb":{"@id":"https:\/\/super-news.info\/hu\/az-oroszok-nem-zarjak-ki-az-ujabb-hideghaboru-lehetoseget\/#breadcrumb"},"inLanguage":"hu","potentialAction":[{"@type":"ReadAction","target":["https:\/\/super-news.info\/hu\/az-oroszok-nem-zarjak-ki-az-ujabb-hideghaboru-lehetoseget\/"]}]},{"@type":"ImageObject","inLanguage":"hu","@id":"https:\/\/super-news.info\/hu\/az-oroszok-nem-zarjak-ki-az-ujabb-hideghaboru-lehetoseget\/#primaryimage","url":"https:\/\/super-news.info\/hu\/wp-content\/uploads\/sites\/3\/2019\/06\/Az-oroszok-nem-z\u00e1rj\u00e1k-ki-az-\u00fajabb-hidegh\u00e1bor\u00fa-lehet\u0151s\u00e9g\u00e9t.jpg","contentUrl":"https:\/\/super-news.info\/hu\/wp-content\/uploads\/sites\/3\/2019\/06\/Az-oroszok-nem-z\u00e1rj\u00e1k-ki-az-\u00fajabb-hidegh\u00e1bor\u00fa-lehet\u0151s\u00e9g\u00e9t.jpg","width":1400,"height":932,"caption":"Az oroszok nem z\u00e1rj\u00e1k ki az \u00fajabb hidegh\u00e1bor\u00fa lehet\u0151s\u00e9g\u00e9t"},{"@type":"BreadcrumbList","@id":"https:\/\/super-news.info\/hu\/az-oroszok-nem-zarjak-ki-az-ujabb-hideghaboru-lehetoseget\/#breadcrumb","itemListElement":[{"@type":"ListItem","position":1,"name":"\u0413\u043b\u0430\u0432\u043d\u0430\u044f \u0441\u0442\u0440\u0430\u043d\u0438\u0446\u0430","item":"https:\/\/super-news.info\/hu\/"},{"@type":"ListItem","position":2,"name":"Az oroszok nem z\u00e1rj\u00e1k ki az \u00fajabb hidegh\u00e1bor\u00fa lehet\u0151s\u00e9g\u00e9t"}]},{"@type":"WebSite","@id":"https:\/\/super-news.info\/hu\/#website","url":"https:\/\/super-news.info\/hu\/","name":"Super News","description":"Super News Magyarorsz\u00e1g","potentialAction":[{"@type":"SearchAction","target":{"@type":"EntryPoint","urlTemplate":"https:\/\/super-news.info\/hu\/?s={search_term_string}"},"query-input":{"@type":"PropertyValueSpecification","valueRequired":true,"valueName":"search_term_string"}}],"inLanguage":"hu"},{"@type":"Person","@id":"https:\/\/super-news.info\/hu\/#\/schema\/person\/2d4068cb2f39cd10008c2fce578a7356","name":"super-news","image":{"@type":"ImageObject","inLanguage":"hu","@id":"https:\/\/secure.gravatar.com\/avatar\/64ebac40b93f26a154f8a9b5b6fdccfc46f442b26b3dd6756dbff3bf9dc76fd7?s=96&d=mm&r=g","url":"https:\/\/secure.gravatar.com\/avatar\/64ebac40b93f26a154f8a9b5b6fdccfc46f442b26b3dd6756dbff3bf9dc76fd7?s=96&d=mm&r=g","contentUrl":"https:\/\/secure.gravatar.com\/avatar\/64ebac40b93f26a154f8a9b5b6fdccfc46f442b26b3dd6756dbff3bf9dc76fd7?s=96&d=mm&r=g","caption":"super-news"},"url":"https:\/\/super-news.info\/hu\/author\/pt\/"}]}},"_links":{"self":[{"href":"https:\/\/super-news.info\/hu\/wp-json\/wp\/v2\/posts\/4271","targetHints":{"allow":["GET"]}}],"collection":[{"href":"https:\/\/super-news.info\/hu\/wp-json\/wp\/v2\/posts"}],"about":[{"href":"https:\/\/super-news.info\/hu\/wp-json\/wp\/v2\/types\/post"}],"author":[{"embeddable":true,"href":"https:\/\/super-news.info\/hu\/wp-json\/wp\/v2\/users\/2"}],"replies":[{"embeddable":true,"href":"https:\/\/super-news.info\/hu\/wp-json\/wp\/v2\/comments?post=4271"}],"version-history":[{"count":1,"href":"https:\/\/super-news.info\/hu\/wp-json\/wp\/v2\/posts\/4271\/revisions"}],"predecessor-version":[{"id":4273,"href":"https:\/\/super-news.info\/hu\/wp-json\/wp\/v2\/posts\/4271\/revisions\/4273"}],"wp:featuredmedia":[{"embeddable":true,"href":"https:\/\/super-news.info\/hu\/wp-json\/wp\/v2\/media\/4272"}],"wp:attachment":[{"href":"https:\/\/super-news.info\/hu\/wp-json\/wp\/v2\/media?parent=4271"}],"wp:term":[{"taxonomy":"category","embeddable":true,"href":"https:\/\/super-news.info\/hu\/wp-json\/wp\/v2\/categories?post=4271"},{"taxonomy":"post_tag","embeddable":true,"href":"https:\/\/super-news.info\/hu\/wp-json\/wp\/v2\/tags?post=4271"}],"curies":[{"name":"wp","href":"https:\/\/api.w.org\/{rel}","templated":true}]}}