{"id":4266,"date":"2019-06-17T21:39:28","date_gmt":"2019-06-17T18:39:28","guid":{"rendered":"https:\/\/super-news.info\/hu\/mar-greengo-val-is-eljuthatunk-ferihegyre\/"},"modified":"2019-06-17T21:39:30","modified_gmt":"2019-06-17T18:39:30","slug":"mar-greengo-val-is-eljuthatunk-ferihegyre","status":"publish","type":"post","link":"https:\/\/super-news.info\/hu\/mar-greengo-val-is-eljuthatunk-ferihegyre\/","title":{"rendered":"M\u00e1r GreenGo-val is eljuthatunk Ferihegyre"},"content":{"rendered":"<p> [ad_1]<br \/>\n<\/p>\n<p>\n\t\t\t\t\t\t\t\tRept\u00e9ri fel\u00e1r n\u00e9lk\u00fcl vezeti be a Ferihegyre tart\u00f3knak sz\u00e1nt ter\u00fcletb\u0151v\u00edt\u00e9s\u00e9t a GreenGo, Budapest egyetlen e-aut\u00f3megoszt\u00f3ja. Ezzel egyid\u0151ben 6 \u00faj saj\u00e1t t\u00f6lt\u0151pontot is \u00e1tad ugyanitt a kiz\u00e1r\u00f3lag elektromos aut\u00f3s flott\u00e1j\u00fa car sharing c\u00e9g.\t\t\t\t\t\t\t<\/p>\n<div>\n<p>A GreenGo \u00faj ter\u00fcletb\u0151v\u00edt\u00e9s\u00e9t az Airport Hotel Budapest VIP parkol\u00f3j\u00e1ban \u00e9s egy\u00fcttm\u0171k\u00f6d\u00e9s\u00e9ben alak\u00edtott\u00e1k ki, a Budapest Liszt Ferenc Nemzetk\u00f6zi Rep\u00fcl\u0151t\u00e9r termin\u00e1ljait\u00f3l 5 percre. A GreenGo dedik\u00e1lt parkol\u00f3j\u00e1b\u00f3l mintegy 30 m\u00e1sodperces s\u00e9ta ut\u00e1n a GreenGoval \u00e9rkez\u0151ket ingyenes transzferek viszik \u00e1t az \u00e1ltaluk megjel\u00f6lt termin\u00e1l bej\u00e1rat\u00e1hoz. Ugyan\u00edgy \u00e9rkez\u00e9skor a termin\u00e1lhoz h\u00edvhat\u00f3 transzferrel sz\u00e1ll\u00edtj\u00e1k az utasokat a GreenGo parkol\u00f3j\u00e1ba.<\/p>\n<p>A ny\u00e1ri utaz\u00e1si szezon miatt az els\u0151 id\u0151szakban, augusztus v\u00e9g\u00e9ig a rept\u00e9ri kimenetel\u00e9rt nem sz\u00e1m\u00edt fel k\u00fcl\u00f6nd\u00edjat a szolg\u00e1ltat\u00f3.<\/p>\n<div id=\"attachment_1380916\" style=\"width: 1249px\" class=\"wp-caption aligncenter\">\n<p class=\"wp-caption-text\">Fot\u00f3: GreenGo<\/p>\n<\/div>\n<p>\u201eR\u00e9g\u00f3ta kerest\u00fck a megold\u00e1st a rept\u00e9rre\/rept\u00e9rr\u0151l val\u00f3 greeng\u00f3z\u00e1sra, ami egyszerre k\u00e9nyelmes az \u00fcgyf\u00e9l sz\u00e1m\u00e1ra, azaz nem kell h\u00f3ban-fagyban-es\u0151ben a csomagokkal s\u00e9t\u00e1lni \u00e9s flotta szempontj\u00e1b\u00f3l is fenntarthat\u00f3 \u2013 mondta el Michaletzky B\u00e1lint, a GreenGo \u00fcgyvezet\u0151je. Hozz\u00e1tette, a most indul\u00f3 transzferes megold\u00e1suk ezeket teljes m\u00e9rt\u00e9kben teljes\u00edti, hiszen minim\u00e1lis t\u00e1vols\u00e1got kell s\u00e9t\u00e1lni \u00e9s 6 \u00faj t\u00f6lt\u0151pontot is \u00fczembe helyeznek ugyanitt, \u00edgy a felhaszn\u00e1l\u00f3k is t\u00f6lt\u0151re tehetik b\u00e9rl\u00e9s\u00fck lez\u00e1r\u00e1sakor a GreenG\u00f3kat. Emellett a 30 sz\u00e1zal\u00e9k alatti t\u00f6lt\u00f6tts\u00e9g\u0171 aut\u00f3k t\u00f6lt\u00e9s\u00e9\u00e9rt b\u00f3nuszperceket adnak felhaszn\u00e1l\u00f3inknak.<\/p>\n<div class=\"aframe\">\n<p>A Liszt Ferenc Nemzetk\u00f6zi Rep\u00fcl\u0151t\u00e9rre is kiterjeszti a Limo aut\u00f3megoszt\u00f3 szolg\u00e1ltat\u00e1si ter\u00fclet\u00e9t a Mol, a d\u00f6nt\u00e9st az aut\u00f3megoszt\u00f3 szolg\u00e1ltat\u00e1ssal \u00e9l\u0151 felhaszn\u00e1l\u00f3k visszajelz\u00e9sei alapj\u00e1n hozta meg a c\u00e9g. A rept\u00e9ren tal\u00e1lhat\u00f3 bel\u00e9ptet\u0151rendszer felismeri az aut\u00f3k rendsz\u00e1m\u00e1t, \u00e9s automatikusan be- \u00e9s kiengedi a j\u00e1rm\u0171veket. A felhaszn\u00e1l\u00f3k a szolg\u00e1ltat\u00e1st a norm\u00e1l percd\u00edjakon fel\u00fcl 1 990 forintos rept\u00e9ri d\u00edj\u00e9rt vehetik ig\u00e9nybe, amely automatikusan hozz\u00e1ad\u00f3dik az utaz\u00e1s v\u00e9g\u00f6sszeg\u00e9hez.<\/p>\n<\/div>\n<p>\u00a0<\/p>\n<\/p><\/div>\n<p><script>\n    window.fbAsyncInit = function() {\n        FB.init({\n            appId      : \"204760236815359\",\n            xfbml      : true,\n            version    : \"v2.12\"\n        });\n        FB.AppEvents.logPageView();\n    };<\/p>\n<p>    (function(d, s, id){\n        var js, fjs = d.getElementsByTagName(s)[0];\n        if (d.getElementById(id)) {return;}\n        js = d.createElement(s); js.id = id;\n        js.src = \"http:\/\/connect.facebook.net\/hu_HU\/sdk.js\";\n        fjs.parentNode.insertBefore(js, fjs);\n    }(document, \"script\", \"facebook-jssdk\"));\n<\/script><br \/>\n<br \/>[ad_2]<br \/>\n<br \/><a href=\"https:\/\/www.vg.hu\/vallalatok\/kozlekedes\/mar-greengo-val-is-eljuthatunk-ferihegyre-1575155\/\">Source link <\/a><\/p>\n","protected":false},"excerpt":{"rendered":"<p>[ad_1] Rept\u00e9ri fel\u00e1r n\u00e9lk\u00fcl vezeti be a Ferihegyre tart\u00f3knak sz\u00e1nt ter\u00fcletb\u0151v\u00edt\u00e9s\u00e9t a GreenGo, Budapest egyetlen e-aut\u00f3megoszt\u00f3ja. Ezzel egyid\u0151ben 6 \u00faj saj\u00e1t t\u00f6lt\u0151pontot is \u00e1tad ugyanitt a kiz\u00e1r\u00f3lag elektromos aut\u00f3s flott\u00e1j\u00fa car sharing c\u00e9g. A GreenGo \u00faj ter\u00fcletb\u0151v\u00edt\u00e9s\u00e9t az Airport Hotel Budapest VIP parkol\u00f3j\u00e1ban \u00e9s egy\u00fcttm\u0171k\u00f6d\u00e9s\u00e9ben alak\u00edtott\u00e1k ki, a Budapest Liszt Ferenc Nemzetk\u00f6zi Rep\u00fcl\u0151t\u00e9r termin\u00e1ljait\u00f3l 5 [&hellip;]<\/p>\n","protected":false},"author":2,"featured_media":4267,"comment_status":"open","ping_status":"open","sticky":false,"template":"","format":"standard","meta":{"footnotes":""},"categories":[1],"tags":[],"class_list":["post-4266","post","type-post","status-publish","format-standard","has-post-thumbnail","hentry","category-penzugyi-hirek"],"yoast_head":"<!-- This site is optimized with the Yoast SEO plugin v27.4 - https:\/\/yoast.com\/product\/yoast-seo-wordpress\/ -->\n<title>M\u00e1r GreenGo-val is eljuthatunk Ferihegyre - Super News<\/title>\n<meta name=\"robots\" content=\"index, follow, max-snippet:-1, max-image-preview:large, max-video-preview:-1\" \/>\n<link rel=\"canonical\" href=\"https:\/\/super-news.info\/hu\/mar-greengo-val-is-eljuthatunk-ferihegyre\/\" \/>\n<meta property=\"og:locale\" content=\"hu_HU\" \/>\n<meta property=\"og:type\" content=\"article\" \/>\n<meta property=\"og:title\" content=\"M\u00e1r GreenGo-val is eljuthatunk Ferihegyre - Super News\" \/>\n<meta property=\"og:description\" content=\"[ad_1] Rept\u00e9ri fel\u00e1r n\u00e9lk\u00fcl vezeti be a Ferihegyre tart\u00f3knak sz\u00e1nt ter\u00fcletb\u0151v\u00edt\u00e9s\u00e9t a GreenGo, Budapest egyetlen e-aut\u00f3megoszt\u00f3ja. Ezzel egyid\u0151ben 6 \u00faj saj\u00e1t t\u00f6lt\u0151pontot is \u00e1tad ugyanitt a kiz\u00e1r\u00f3lag elektromos aut\u00f3s flott\u00e1j\u00fa car sharing c\u00e9g. A GreenGo \u00faj ter\u00fcletb\u0151v\u00edt\u00e9s\u00e9t az Airport Hotel Budapest VIP parkol\u00f3j\u00e1ban \u00e9s egy\u00fcttm\u0171k\u00f6d\u00e9s\u00e9ben alak\u00edtott\u00e1k ki, a Budapest Liszt Ferenc Nemzetk\u00f6zi Rep\u00fcl\u0151t\u00e9r termin\u00e1ljait\u00f3l 5 [&hellip;]\" \/>\n<meta property=\"og:url\" content=\"https:\/\/super-news.info\/hu\/mar-greengo-val-is-eljuthatunk-ferihegyre\/\" \/>\n<meta property=\"og:site_name\" content=\"Super News\" \/>\n<meta property=\"article:published_time\" content=\"2019-06-17T18:39:28+00:00\" \/>\n<meta property=\"article:modified_time\" content=\"2019-06-17T18:39:30+00:00\" \/>\n<meta property=\"og:image\" content=\"https:\/\/super-news.info\/hu\/wp-content\/uploads\/sites\/3\/2019\/06\/M\u00e1r-GreenGo-val-is-eljuthatunk-Ferihegyre.jpg\" \/>\n\t<meta property=\"og:image:width\" content=\"1239\" \/>\n\t<meta property=\"og:image:height\" content=\"696\" \/>\n\t<meta property=\"og:image:type\" content=\"image\/jpeg\" \/>\n<meta name=\"author\" content=\"super-news\" \/>\n<meta name=\"twitter:card\" content=\"summary_large_image\" \/>\n<meta name=\"twitter:label1\" content=\"Szerz\u0151:\" \/>\n\t<meta name=\"twitter:data1\" content=\"super-news\" \/>\n\t<meta name=\"twitter:label2\" content=\"Becs\u00fclt olvas\u00e1si id\u0151\" \/>\n\t<meta name=\"twitter:data2\" content=\"2 perc\" \/>\n<script type=\"application\/ld+json\" class=\"yoast-schema-graph\">{\"@context\":\"https:\\\/\\\/schema.org\",\"@graph\":[{\"@type\":\"Article\",\"@id\":\"https:\\\/\\\/super-news.info\\\/hu\\\/mar-greengo-val-is-eljuthatunk-ferihegyre\\\/#article\",\"isPartOf\":{\"@id\":\"https:\\\/\\\/super-news.info\\\/hu\\\/mar-greengo-val-is-eljuthatunk-ferihegyre\\\/\"},\"author\":{\"name\":\"super-news\",\"@id\":\"https:\\\/\\\/super-news.info\\\/hu\\\/#\\\/schema\\\/person\\\/2d4068cb2f39cd10008c2fce578a7356\"},\"headline\":\"M\u00e1r GreenGo-val is eljuthatunk Ferihegyre\",\"datePublished\":\"2019-06-17T18:39:28+00:00\",\"dateModified\":\"2019-06-17T18:39:30+00:00\",\"mainEntityOfPage\":{\"@id\":\"https:\\\/\\\/super-news.info\\\/hu\\\/mar-greengo-val-is-eljuthatunk-ferihegyre\\\/\"},\"wordCount\":429,\"commentCount\":0,\"image\":{\"@id\":\"https:\\\/\\\/super-news.info\\\/hu\\\/mar-greengo-val-is-eljuthatunk-ferihegyre\\\/#primaryimage\"},\"thumbnailUrl\":\"https:\\\/\\\/super-news.info\\\/hu\\\/wp-content\\\/uploads\\\/sites\\\/3\\\/2019\\\/06\\\/M\u00e1r-GreenGo-val-is-eljuthatunk-Ferihegyre.jpg\",\"articleSection\":[\"P\u00c9NZ\u00dcGYI H\u00cdREK\"],\"inLanguage\":\"hu\",\"potentialAction\":[{\"@type\":\"CommentAction\",\"name\":\"Comment\",\"target\":[\"https:\\\/\\\/super-news.info\\\/hu\\\/mar-greengo-val-is-eljuthatunk-ferihegyre\\\/#respond\"]}]},{\"@type\":\"WebPage\",\"@id\":\"https:\\\/\\\/super-news.info\\\/hu\\\/mar-greengo-val-is-eljuthatunk-ferihegyre\\\/\",\"url\":\"https:\\\/\\\/super-news.info\\\/hu\\\/mar-greengo-val-is-eljuthatunk-ferihegyre\\\/\",\"name\":\"M\u00e1r GreenGo-val is eljuthatunk Ferihegyre - Super News\",\"isPartOf\":{\"@id\":\"https:\\\/\\\/super-news.info\\\/hu\\\/#website\"},\"primaryImageOfPage\":{\"@id\":\"https:\\\/\\\/super-news.info\\\/hu\\\/mar-greengo-val-is-eljuthatunk-ferihegyre\\\/#primaryimage\"},\"image\":{\"@id\":\"https:\\\/\\\/super-news.info\\\/hu\\\/mar-greengo-val-is-eljuthatunk-ferihegyre\\\/#primaryimage\"},\"thumbnailUrl\":\"https:\\\/\\\/super-news.info\\\/hu\\\/wp-content\\\/uploads\\\/sites\\\/3\\\/2019\\\/06\\\/M\u00e1r-GreenGo-val-is-eljuthatunk-Ferihegyre.jpg\",\"datePublished\":\"2019-06-17T18:39:28+00:00\",\"dateModified\":\"2019-06-17T18:39:30+00:00\",\"author\":{\"@id\":\"https:\\\/\\\/super-news.info\\\/hu\\\/#\\\/schema\\\/person\\\/2d4068cb2f39cd10008c2fce578a7356\"},\"breadcrumb\":{\"@id\":\"https:\\\/\\\/super-news.info\\\/hu\\\/mar-greengo-val-is-eljuthatunk-ferihegyre\\\/#breadcrumb\"},\"inLanguage\":\"hu\",\"potentialAction\":[{\"@type\":\"ReadAction\",\"target\":[\"https:\\\/\\\/super-news.info\\\/hu\\\/mar-greengo-val-is-eljuthatunk-ferihegyre\\\/\"]}]},{\"@type\":\"ImageObject\",\"inLanguage\":\"hu\",\"@id\":\"https:\\\/\\\/super-news.info\\\/hu\\\/mar-greengo-val-is-eljuthatunk-ferihegyre\\\/#primaryimage\",\"url\":\"https:\\\/\\\/super-news.info\\\/hu\\\/wp-content\\\/uploads\\\/sites\\\/3\\\/2019\\\/06\\\/M\u00e1r-GreenGo-val-is-eljuthatunk-Ferihegyre.jpg\",\"contentUrl\":\"https:\\\/\\\/super-news.info\\\/hu\\\/wp-content\\\/uploads\\\/sites\\\/3\\\/2019\\\/06\\\/M\u00e1r-GreenGo-val-is-eljuthatunk-Ferihegyre.jpg\",\"width\":1239,\"height\":696,\"caption\":\"M\u00e1r GreenGo-val is eljuthatunk Ferihegyre\"},{\"@type\":\"BreadcrumbList\",\"@id\":\"https:\\\/\\\/super-news.info\\\/hu\\\/mar-greengo-val-is-eljuthatunk-ferihegyre\\\/#breadcrumb\",\"itemListElement\":[{\"@type\":\"ListItem\",\"position\":1,\"name\":\"\u0413\u043b\u0430\u0432\u043d\u0430\u044f \u0441\u0442\u0440\u0430\u043d\u0438\u0446\u0430\",\"item\":\"https:\\\/\\\/super-news.info\\\/hu\\\/\"},{\"@type\":\"ListItem\",\"position\":2,\"name\":\"M\u00e1r GreenGo-val is eljuthatunk Ferihegyre\"}]},{\"@type\":\"WebSite\",\"@id\":\"https:\\\/\\\/super-news.info\\\/hu\\\/#website\",\"url\":\"https:\\\/\\\/super-news.info\\\/hu\\\/\",\"name\":\"Super News\",\"description\":\"Super News Magyarorsz\u00e1g\",\"potentialAction\":[{\"@type\":\"SearchAction\",\"target\":{\"@type\":\"EntryPoint\",\"urlTemplate\":\"https:\\\/\\\/super-news.info\\\/hu\\\/?s={search_term_string}\"},\"query-input\":{\"@type\":\"PropertyValueSpecification\",\"valueRequired\":true,\"valueName\":\"search_term_string\"}}],\"inLanguage\":\"hu\"},{\"@type\":\"Person\",\"@id\":\"https:\\\/\\\/super-news.info\\\/hu\\\/#\\\/schema\\\/person\\\/2d4068cb2f39cd10008c2fce578a7356\",\"name\":\"super-news\",\"image\":{\"@type\":\"ImageObject\",\"inLanguage\":\"hu\",\"@id\":\"https:\\\/\\\/secure.gravatar.com\\\/avatar\\\/64ebac40b93f26a154f8a9b5b6fdccfc46f442b26b3dd6756dbff3bf9dc76fd7?s=96&d=mm&r=g\",\"url\":\"https:\\\/\\\/secure.gravatar.com\\\/avatar\\\/64ebac40b93f26a154f8a9b5b6fdccfc46f442b26b3dd6756dbff3bf9dc76fd7?s=96&d=mm&r=g\",\"contentUrl\":\"https:\\\/\\\/secure.gravatar.com\\\/avatar\\\/64ebac40b93f26a154f8a9b5b6fdccfc46f442b26b3dd6756dbff3bf9dc76fd7?s=96&d=mm&r=g\",\"caption\":\"super-news\"},\"url\":\"https:\\\/\\\/super-news.info\\\/hu\\\/author\\\/pt\\\/\"}]}<\/script>\n<!-- \/ Yoast SEO plugin. -->","yoast_head_json":{"title":"M\u00e1r GreenGo-val is eljuthatunk Ferihegyre - Super News","robots":{"index":"index","follow":"follow","max-snippet":"max-snippet:-1","max-image-preview":"max-image-preview:large","max-video-preview":"max-video-preview:-1"},"canonical":"https:\/\/super-news.info\/hu\/mar-greengo-val-is-eljuthatunk-ferihegyre\/","og_locale":"hu_HU","og_type":"article","og_title":"M\u00e1r GreenGo-val is eljuthatunk Ferihegyre - Super News","og_description":"[ad_1] Rept\u00e9ri fel\u00e1r n\u00e9lk\u00fcl vezeti be a Ferihegyre tart\u00f3knak sz\u00e1nt ter\u00fcletb\u0151v\u00edt\u00e9s\u00e9t a GreenGo, Budapest egyetlen e-aut\u00f3megoszt\u00f3ja. Ezzel egyid\u0151ben 6 \u00faj saj\u00e1t t\u00f6lt\u0151pontot is \u00e1tad ugyanitt a kiz\u00e1r\u00f3lag elektromos aut\u00f3s flott\u00e1j\u00fa car sharing c\u00e9g. A GreenGo \u00faj ter\u00fcletb\u0151v\u00edt\u00e9s\u00e9t az Airport Hotel Budapest VIP parkol\u00f3j\u00e1ban \u00e9s egy\u00fcttm\u0171k\u00f6d\u00e9s\u00e9ben alak\u00edtott\u00e1k ki, a Budapest Liszt Ferenc Nemzetk\u00f6zi Rep\u00fcl\u0151t\u00e9r termin\u00e1ljait\u00f3l 5 [&hellip;]","og_url":"https:\/\/super-news.info\/hu\/mar-greengo-val-is-eljuthatunk-ferihegyre\/","og_site_name":"Super News","article_published_time":"2019-06-17T18:39:28+00:00","article_modified_time":"2019-06-17T18:39:30+00:00","og_image":[{"width":1239,"height":696,"url":"https:\/\/super-news.info\/hu\/wp-content\/uploads\/sites\/3\/2019\/06\/M\u00e1r-GreenGo-val-is-eljuthatunk-Ferihegyre.jpg","type":"image\/jpeg"}],"author":"super-news","twitter_card":"summary_large_image","twitter_misc":{"Szerz\u0151:":"super-news","Becs\u00fclt olvas\u00e1si id\u0151":"2 perc"},"schema":{"@context":"https:\/\/schema.org","@graph":[{"@type":"Article","@id":"https:\/\/super-news.info\/hu\/mar-greengo-val-is-eljuthatunk-ferihegyre\/#article","isPartOf":{"@id":"https:\/\/super-news.info\/hu\/mar-greengo-val-is-eljuthatunk-ferihegyre\/"},"author":{"name":"super-news","@id":"https:\/\/super-news.info\/hu\/#\/schema\/person\/2d4068cb2f39cd10008c2fce578a7356"},"headline":"M\u00e1r GreenGo-val is eljuthatunk Ferihegyre","datePublished":"2019-06-17T18:39:28+00:00","dateModified":"2019-06-17T18:39:30+00:00","mainEntityOfPage":{"@id":"https:\/\/super-news.info\/hu\/mar-greengo-val-is-eljuthatunk-ferihegyre\/"},"wordCount":429,"commentCount":0,"image":{"@id":"https:\/\/super-news.info\/hu\/mar-greengo-val-is-eljuthatunk-ferihegyre\/#primaryimage"},"thumbnailUrl":"https:\/\/super-news.info\/hu\/wp-content\/uploads\/sites\/3\/2019\/06\/M\u00e1r-GreenGo-val-is-eljuthatunk-Ferihegyre.jpg","articleSection":["P\u00c9NZ\u00dcGYI H\u00cdREK"],"inLanguage":"hu","potentialAction":[{"@type":"CommentAction","name":"Comment","target":["https:\/\/super-news.info\/hu\/mar-greengo-val-is-eljuthatunk-ferihegyre\/#respond"]}]},{"@type":"WebPage","@id":"https:\/\/super-news.info\/hu\/mar-greengo-val-is-eljuthatunk-ferihegyre\/","url":"https:\/\/super-news.info\/hu\/mar-greengo-val-is-eljuthatunk-ferihegyre\/","name":"M\u00e1r GreenGo-val is eljuthatunk Ferihegyre - Super News","isPartOf":{"@id":"https:\/\/super-news.info\/hu\/#website"},"primaryImageOfPage":{"@id":"https:\/\/super-news.info\/hu\/mar-greengo-val-is-eljuthatunk-ferihegyre\/#primaryimage"},"image":{"@id":"https:\/\/super-news.info\/hu\/mar-greengo-val-is-eljuthatunk-ferihegyre\/#primaryimage"},"thumbnailUrl":"https:\/\/super-news.info\/hu\/wp-content\/uploads\/sites\/3\/2019\/06\/M\u00e1r-GreenGo-val-is-eljuthatunk-Ferihegyre.jpg","datePublished":"2019-06-17T18:39:28+00:00","dateModified":"2019-06-17T18:39:30+00:00","author":{"@id":"https:\/\/super-news.info\/hu\/#\/schema\/person\/2d4068cb2f39cd10008c2fce578a7356"},"breadcrumb":{"@id":"https:\/\/super-news.info\/hu\/mar-greengo-val-is-eljuthatunk-ferihegyre\/#breadcrumb"},"inLanguage":"hu","potentialAction":[{"@type":"ReadAction","target":["https:\/\/super-news.info\/hu\/mar-greengo-val-is-eljuthatunk-ferihegyre\/"]}]},{"@type":"ImageObject","inLanguage":"hu","@id":"https:\/\/super-news.info\/hu\/mar-greengo-val-is-eljuthatunk-ferihegyre\/#primaryimage","url":"https:\/\/super-news.info\/hu\/wp-content\/uploads\/sites\/3\/2019\/06\/M\u00e1r-GreenGo-val-is-eljuthatunk-Ferihegyre.jpg","contentUrl":"https:\/\/super-news.info\/hu\/wp-content\/uploads\/sites\/3\/2019\/06\/M\u00e1r-GreenGo-val-is-eljuthatunk-Ferihegyre.jpg","width":1239,"height":696,"caption":"M\u00e1r GreenGo-val is eljuthatunk Ferihegyre"},{"@type":"BreadcrumbList","@id":"https:\/\/super-news.info\/hu\/mar-greengo-val-is-eljuthatunk-ferihegyre\/#breadcrumb","itemListElement":[{"@type":"ListItem","position":1,"name":"\u0413\u043b\u0430\u0432\u043d\u0430\u044f \u0441\u0442\u0440\u0430\u043d\u0438\u0446\u0430","item":"https:\/\/super-news.info\/hu\/"},{"@type":"ListItem","position":2,"name":"M\u00e1r GreenGo-val is eljuthatunk Ferihegyre"}]},{"@type":"WebSite","@id":"https:\/\/super-news.info\/hu\/#website","url":"https:\/\/super-news.info\/hu\/","name":"Super News","description":"Super News Magyarorsz\u00e1g","potentialAction":[{"@type":"SearchAction","target":{"@type":"EntryPoint","urlTemplate":"https:\/\/super-news.info\/hu\/?s={search_term_string}"},"query-input":{"@type":"PropertyValueSpecification","valueRequired":true,"valueName":"search_term_string"}}],"inLanguage":"hu"},{"@type":"Person","@id":"https:\/\/super-news.info\/hu\/#\/schema\/person\/2d4068cb2f39cd10008c2fce578a7356","name":"super-news","image":{"@type":"ImageObject","inLanguage":"hu","@id":"https:\/\/secure.gravatar.com\/avatar\/64ebac40b93f26a154f8a9b5b6fdccfc46f442b26b3dd6756dbff3bf9dc76fd7?s=96&d=mm&r=g","url":"https:\/\/secure.gravatar.com\/avatar\/64ebac40b93f26a154f8a9b5b6fdccfc46f442b26b3dd6756dbff3bf9dc76fd7?s=96&d=mm&r=g","contentUrl":"https:\/\/secure.gravatar.com\/avatar\/64ebac40b93f26a154f8a9b5b6fdccfc46f442b26b3dd6756dbff3bf9dc76fd7?s=96&d=mm&r=g","caption":"super-news"},"url":"https:\/\/super-news.info\/hu\/author\/pt\/"}]}},"_links":{"self":[{"href":"https:\/\/super-news.info\/hu\/wp-json\/wp\/v2\/posts\/4266","targetHints":{"allow":["GET"]}}],"collection":[{"href":"https:\/\/super-news.info\/hu\/wp-json\/wp\/v2\/posts"}],"about":[{"href":"https:\/\/super-news.info\/hu\/wp-json\/wp\/v2\/types\/post"}],"author":[{"embeddable":true,"href":"https:\/\/super-news.info\/hu\/wp-json\/wp\/v2\/users\/2"}],"replies":[{"embeddable":true,"href":"https:\/\/super-news.info\/hu\/wp-json\/wp\/v2\/comments?post=4266"}],"version-history":[{"count":1,"href":"https:\/\/super-news.info\/hu\/wp-json\/wp\/v2\/posts\/4266\/revisions"}],"predecessor-version":[{"id":4268,"href":"https:\/\/super-news.info\/hu\/wp-json\/wp\/v2\/posts\/4266\/revisions\/4268"}],"wp:featuredmedia":[{"embeddable":true,"href":"https:\/\/super-news.info\/hu\/wp-json\/wp\/v2\/media\/4267"}],"wp:attachment":[{"href":"https:\/\/super-news.info\/hu\/wp-json\/wp\/v2\/media?parent=4266"}],"wp:term":[{"taxonomy":"category","embeddable":true,"href":"https:\/\/super-news.info\/hu\/wp-json\/wp\/v2\/categories?post=4266"},{"taxonomy":"post_tag","embeddable":true,"href":"https:\/\/super-news.info\/hu\/wp-json\/wp\/v2\/tags?post=4266"}],"curies":[{"name":"wp","href":"https:\/\/api.w.org\/{rel}","templated":true}]}}