{"id":4253,"date":"2019-06-17T18:00:58","date_gmt":"2019-06-17T15:00:58","guid":{"rendered":"https:\/\/super-news.info\/hu\/szazezer-hektaron-kezdodik-el-a-szunyogirtas\/"},"modified":"2019-06-17T18:00:58","modified_gmt":"2019-06-17T15:00:58","slug":"szazezer-hektaron-kezdodik-el-a-szunyogirtas","status":"publish","type":"post","link":"https:\/\/super-news.info\/hu\/szazezer-hektaron-kezdodik-el-a-szunyogirtas\/","title":{"rendered":"Sz\u00e1zezer hekt\u00e1ron kezd\u0151dik el a sz\u00fanyogirt\u00e1s"},"content":{"rendered":"<p> [ad_1]<br \/>\n<\/p>\n<div>\n<p>A foly\u00f3kon levonult \u00e1rhull\u00e1m, az es\u0151s m\u00e1jus \u00e9s a hirtelen j\u00f6tt meleg miatt orsz\u00e1gos sz\u00fanyoginv\u00e1zi\u00f3r\u00f3l lehet besz\u00e9lni. Nehez\u00edtette a sz\u00fanyoggy\u00e9r\u00edt\u00e9st a m\u00falt szerd\u00e1t\u00f3l vas\u00e1rnapig tart\u00f3 h\u0151s\u00e9g, amely miatt a l\u00e9gi permetez\u00e9sek t\u00f6bbs\u00e9g\u00e9t le kellett \u00e1ll\u00edtani, mivel nagy melegben a sz\u00fanyogok t\u00f6bbs\u00e9ge a k\u00e9s\u0151i \u00f3r\u00e1kig megb\u00fajik a n\u00f6v\u00e9nyzetben, a rep\u00fcl\u00e9si szab\u00e1lyok viszont az \u00e9jszakai munkav\u00e9gz\u00e9st nem engedik meg \u2013 olvashat\u00f3 az Orsz\u00e1gos Katasztr\u00f3fav\u00e9delmi F\u0151igazgat\u00f3s\u00e1g (OKF) k\u00f6zlem\u00e9ny\u00e9ben.<\/p>\n<p>T\u00f6bb telep\u00fcl\u00e9sen is elmaradt a l\u00e9gi sz\u00fanyoggy\u00e9r\u00edt\u00e9s a Dunakanyarban, Csongr\u00e1d megy\u00e9ben, Kaposv\u00e1rn\u00e1l \u00e9s a Balaton partj\u00e1n. A f\u00f6ldi kezel\u00e9seket minden tervezett ter\u00fcleten siker\u00fclt elv\u00e9gezni, \u00edgy a Szigetk\u00f6zben, a Dunakanyarban \u00e9s a f\u0151v\u00e1ros kijel\u00f6lt ker\u00fcleteiben, valamint Csongr\u00e1d megy\u00e9ben \u00e9s a Csepel-sziget telep\u00fcl\u00e9sein k\u00e9s\u0151bbi kezd\u00e9ssel ugyan, de megvoltak a kezel\u00e9sek. A Duna \u00e9s a Tisza \u00e1rter\u00fcletein visszamaradt vizekben biol\u00f3giai l\u00e1rvagy\u00e9r\u00edt\u00e9seket is v\u00e9geztek.<\/p>\n<p>Az OKF k\u00f6zl\u00e9se szerint<\/p>\n<p>\u00e1prilis 30-a \u00f3ta eddig 300 telep\u00fcl\u00e9sen, 158 ezer hekt\u00e1ron l\u00e9ptek fel a sz\u00fanyogok ellen. Ezen a h\u00e9ten 436 telep\u00fcl\u00e9sen, \u00f6sszesen 100 ezer hekt\u00e1ron lesz irt\u00e1s.<\/p>\n<div id=\"attachment_1044390\" style=\"width: 1290px\" class=\"wp-caption aligncenter\">\n<p class=\"wp-caption-text\">Fot\u00f3: Pixabay<\/p>\n<\/div>\n<p>A k\u00f6vetkez\u0151 hetekben tov\u00e1bbra is er\u0151s, n\u00e9hol extr\u00e9m sz\u00fanyog\u00e1rtalommal kell sz\u00e1molni. A katasztr\u00f3fav\u00e9delem a legfert\u0151z\u00f6ttebb ter\u00fcleteken folyamatosan szervezi a v\u00e9dekez\u00e9si munk\u00e1latokat.<\/p>\n<p>A k\u00f6vetkez\u0151 napokban h\u00e9t budapesti ker\u00fcletben, a Duna-menti telep\u00fcl\u00e9seken, Fej\u00e9r, Tolna \u00e9s B\u00e1cs-Kiskun megy\u00e9ben permetezik a v\u00e9rsz\u00edv\u00f3kat. Folytat\u00f3dik a munka a Szigetk\u00f6zben, Baja \u00e9s Moh\u00e1cs t\u00e9rs\u00e9g\u00e9ben, valamint a Tisza-t\u00f3n\u00e1l is.<\/p>\n<p>Kiterjedt v\u00e9dekez\u00e9s lesz a h\u00e9ten Szabolcs-Szatm\u00e1r-Bereg \u00e9s Vas megy\u00e9ben, valamint a Dr\u00e1va ment\u00e9n. Az el\u0151z\u0151 h\u00e9ten elmaradt l\u00e9gi kezel\u00e9sek p\u00f3tl\u00e1s\u00e1r\u00f3l a h\u00e9t eleji rovarszak\u00e9rt\u0151i felm\u00e9r\u00e9sek alapj\u00e1n d\u00f6ntenek a szakemberek, vagyis a tervezett program b\u0151v\u00fclhet. Az \u00e9rintett \u00f6nkorm\u00e1nyzatok minden esetben egyedi \u00e9rtes\u00edt\u00e9st kapnak a sz\u00fanyoggy\u00e9r\u00edt\u00e9s idej\u00e9r\u0151l.<\/p>\n<p>Az elm\u00falt h\u00e9ten t\u00f6bb sz\u00e1z, sz\u00fanyogirt\u00e1s vonatkoz\u00f3 k\u00e9relem \u00e9rkezett a katasztr\u00f3fav\u00e9delemhez, ezek elb\u00edr\u00e1l\u00e1sa folyamatos. Az, hogy melyik telep\u00fcl\u00e9sen mikor permeteznek, el\u00e9rhet\u0151 a katasztr\u00f3fav\u00e9delem oldal\u00e1n a heti programok men\u00fcpontn\u00e1l.<\/p>\n<h3>Itthon is megjelent a tigrissz\u00fanyog<\/h3>\n<p>Magyarorsz\u00e1gon is megjelent az \u00e1zsiai tigrissz\u00fanyog (m\u00e1s n\u00e9ven \u00e1zsiai zebrasz\u00fanyog); a rovar sz\u00e1mos fert\u0151z\u0151 betegs\u00e9g potenci\u00e1lis terjeszt\u0151je \u2013 figyelmeztet a Magyar Tudom\u00e1nyos Akad\u00e9mia (MTA) \u00d6kol\u00f3giai Kutat\u00f3k\u00f6zpontja.<\/p>\n<p>Magyarorsz\u00e1gr\u00f3l 2014-r\u0151l van adat a tigrissz\u00fanyogr\u00f3l Baja mell\u0151l, 2015-ben a d\u00e9li-d\u00e9lnyugati hat\u00e1r ment\u00e9n a nagyobb kamionforgalm\u00fa utak mellett vizsg\u00e1lt\u00e1k az invaz\u00edv cs\u00edp\u0151sz\u00fanyog fajokat \u00e9s n\u00e9gy telep\u00fcl\u00e9s mellett tudtak a kutat\u00f3k zebrasz\u00fanyogot azonos\u00edtani.<\/p>\n<p>Magyarorsz\u00e1gon ny\u00e1ron behurcolt p\u00e9ld\u00e1nyokkal lehet tal\u00e1lkozni, ezek azonban m\u00e9g nem k\u00e9peznek stabil popul\u00e1ci\u00f3kat, azaz nagy val\u00f3sz\u00edn\u0171s\u00e9ggel nem \u00e9lik t\u00fal a hideg teleket \u2013 olvashat\u00f3 az \u00f6sszegz\u00e9sben.<\/p>\n<p>Az \u00e1zsiai tigrissz\u00fanyog akt\u00edvan cs\u00edpi az embert, a h\u00e1zi \u00e9s vad\u00e1llatokat, k\u00e9t\u00e9lt\u0171eket, h\u00fcll\u0151ket \u00e9s madarakat. Legal\u00e1bb 22 f\u00e9le v\u00edrust terjeszthet, ezek k\u00f6z\u00fcl Eur\u00f3p\u00e1ban ebb\u0151l a cs\u00edp\u0151sz\u00fanyogb\u00f3l m\u00e1r kimutatt\u00e1k a s\u00e1rgal\u00e1z v\u00edrus\u00e1t, a nyugat-n\u00edlusi v\u00edrust, a jap\u00e1n encephalitis v\u00edrus\u00e1t, tov\u00e1bb\u00e1 potenci\u00e1lis terjeszt\u0151je a zika v\u00edrusnak is.<\/p>\n<\/p><\/div>\n<p><script>\n    window.fbAsyncInit = function() {\n        FB.init({\n            appId      : \"204760236815359\",\n            xfbml      : true,\n            version    : \"v2.12\"\n        });\n        FB.AppEvents.logPageView();\n    };<\/p>\n<p>    (function(d, s, id){\n        var js, fjs = d.getElementsByTagName(s)[0];\n        if (d.getElementById(id)) {return;}\n        js = d.createElement(s); js.id = id;\n        js.src = \"http:\/\/connect.facebook.net\/hu_HU\/sdk.js\";\n        fjs.parentNode.insertBefore(js, fjs);\n    }(document, \"script\", \"facebook-jssdk\"));\n<\/script><br \/>\n<br \/>[ad_2]<br \/>\n<br \/><a href=\"https:\/\/www.vg.hu\/kozelet\/kozeleti-hirek\/szazezer-hektaron-kezdodik-el-a-szunyogirtas-1574576\/\">Source link <\/a><\/p>\n","protected":false},"excerpt":{"rendered":"<p>[ad_1] A foly\u00f3kon levonult \u00e1rhull\u00e1m, az es\u0151s m\u00e1jus \u00e9s a hirtelen j\u00f6tt meleg miatt orsz\u00e1gos sz\u00fanyoginv\u00e1zi\u00f3r\u00f3l lehet besz\u00e9lni. Nehez\u00edtette a sz\u00fanyoggy\u00e9r\u00edt\u00e9st a m\u00falt szerd\u00e1t\u00f3l vas\u00e1rnapig tart\u00f3 h\u0151s\u00e9g, amely miatt a l\u00e9gi permetez\u00e9sek t\u00f6bbs\u00e9g\u00e9t le kellett \u00e1ll\u00edtani, mivel nagy melegben a sz\u00fanyogok t\u00f6bbs\u00e9ge a k\u00e9s\u0151i \u00f3r\u00e1kig megb\u00fajik a n\u00f6v\u00e9nyzetben, a rep\u00fcl\u00e9si szab\u00e1lyok viszont az \u00e9jszakai munkav\u00e9gz\u00e9st [&hellip;]<\/p>\n","protected":false},"author":2,"featured_media":4139,"comment_status":"open","ping_status":"open","sticky":false,"template":"","format":"standard","meta":{"footnotes":""},"categories":[1],"tags":[],"class_list":["post-4253","post","type-post","status-publish","format-standard","has-post-thumbnail","hentry","category-penzugyi-hirek"],"yoast_head":"<!-- This site is optimized with the Yoast SEO plugin v27.4 - https:\/\/yoast.com\/product\/yoast-seo-wordpress\/ -->\n<title>Sz\u00e1zezer hekt\u00e1ron kezd\u0151dik el a sz\u00fanyogirt\u00e1s - Super News<\/title>\n<meta name=\"robots\" content=\"index, follow, max-snippet:-1, max-image-preview:large, max-video-preview:-1\" \/>\n<link rel=\"canonical\" href=\"https:\/\/super-news.info\/hu\/szazezer-hektaron-kezdodik-el-a-szunyogirtas\/\" \/>\n<meta property=\"og:locale\" content=\"hu_HU\" \/>\n<meta property=\"og:type\" content=\"article\" \/>\n<meta property=\"og:title\" content=\"Sz\u00e1zezer hekt\u00e1ron kezd\u0151dik el a sz\u00fanyogirt\u00e1s - Super News\" \/>\n<meta property=\"og:description\" content=\"[ad_1] A foly\u00f3kon levonult \u00e1rhull\u00e1m, az es\u0151s m\u00e1jus \u00e9s a hirtelen j\u00f6tt meleg miatt orsz\u00e1gos sz\u00fanyoginv\u00e1zi\u00f3r\u00f3l lehet besz\u00e9lni. Nehez\u00edtette a sz\u00fanyoggy\u00e9r\u00edt\u00e9st a m\u00falt szerd\u00e1t\u00f3l vas\u00e1rnapig tart\u00f3 h\u0151s\u00e9g, amely miatt a l\u00e9gi permetez\u00e9sek t\u00f6bbs\u00e9g\u00e9t le kellett \u00e1ll\u00edtani, mivel nagy melegben a sz\u00fanyogok t\u00f6bbs\u00e9ge a k\u00e9s\u0151i \u00f3r\u00e1kig megb\u00fajik a n\u00f6v\u00e9nyzetben, a rep\u00fcl\u00e9si szab\u00e1lyok viszont az \u00e9jszakai munkav\u00e9gz\u00e9st [&hellip;]\" \/>\n<meta property=\"og:url\" content=\"https:\/\/super-news.info\/hu\/szazezer-hektaron-kezdodik-el-a-szunyogirtas\/\" \/>\n<meta property=\"og:site_name\" content=\"Super News\" \/>\n<meta property=\"article:published_time\" content=\"2019-06-17T15:00:58+00:00\" \/>\n<meta property=\"og:image\" content=\"https:\/\/super-news.info\/hu\/wp-content\/uploads\/sites\/3\/2019\/06\/Akkora-a-balatoni-sz\u00fanyoginv\u00e1zi\u00f3-hogy-soron-k\u00edv\u00fcli-irt\u00e1sra-van-sz\u00fcks\u00e9g.jpg\" \/>\n\t<meta property=\"og:image:width\" content=\"1280\" \/>\n\t<meta property=\"og:image:height\" content=\"847\" \/>\n\t<meta property=\"og:image:type\" content=\"image\/jpeg\" \/>\n<meta name=\"author\" content=\"super-news\" \/>\n<meta name=\"twitter:card\" content=\"summary_large_image\" \/>\n<meta name=\"twitter:label1\" content=\"Szerz\u0151:\" \/>\n\t<meta name=\"twitter:data1\" content=\"super-news\" \/>\n\t<meta name=\"twitter:label2\" content=\"Becs\u00fclt olvas\u00e1si id\u0151\" \/>\n\t<meta name=\"twitter:data2\" content=\"3 perc\" \/>\n<script type=\"application\/ld+json\" class=\"yoast-schema-graph\">{\"@context\":\"https:\\\/\\\/schema.org\",\"@graph\":[{\"@type\":\"Article\",\"@id\":\"https:\\\/\\\/super-news.info\\\/hu\\\/szazezer-hektaron-kezdodik-el-a-szunyogirtas\\\/#article\",\"isPartOf\":{\"@id\":\"https:\\\/\\\/super-news.info\\\/hu\\\/szazezer-hektaron-kezdodik-el-a-szunyogirtas\\\/\"},\"author\":{\"name\":\"super-news\",\"@id\":\"https:\\\/\\\/super-news.info\\\/hu\\\/#\\\/schema\\\/person\\\/2d4068cb2f39cd10008c2fce578a7356\"},\"headline\":\"Sz\u00e1zezer hekt\u00e1ron kezd\u0151dik el a sz\u00fanyogirt\u00e1s\",\"datePublished\":\"2019-06-17T15:00:58+00:00\",\"mainEntityOfPage\":{\"@id\":\"https:\\\/\\\/super-news.info\\\/hu\\\/szazezer-hektaron-kezdodik-el-a-szunyogirtas\\\/\"},\"wordCount\":700,\"commentCount\":0,\"image\":{\"@id\":\"https:\\\/\\\/super-news.info\\\/hu\\\/szazezer-hektaron-kezdodik-el-a-szunyogirtas\\\/#primaryimage\"},\"thumbnailUrl\":\"https:\\\/\\\/super-news.info\\\/hu\\\/wp-content\\\/uploads\\\/sites\\\/3\\\/2019\\\/06\\\/Akkora-a-balatoni-sz\u00fanyoginv\u00e1zi\u00f3-hogy-soron-k\u00edv\u00fcli-irt\u00e1sra-van-sz\u00fcks\u00e9g.jpg\",\"articleSection\":[\"P\u00c9NZ\u00dcGYI H\u00cdREK\"],\"inLanguage\":\"hu\",\"potentialAction\":[{\"@type\":\"CommentAction\",\"name\":\"Comment\",\"target\":[\"https:\\\/\\\/super-news.info\\\/hu\\\/szazezer-hektaron-kezdodik-el-a-szunyogirtas\\\/#respond\"]}]},{\"@type\":\"WebPage\",\"@id\":\"https:\\\/\\\/super-news.info\\\/hu\\\/szazezer-hektaron-kezdodik-el-a-szunyogirtas\\\/\",\"url\":\"https:\\\/\\\/super-news.info\\\/hu\\\/szazezer-hektaron-kezdodik-el-a-szunyogirtas\\\/\",\"name\":\"Sz\u00e1zezer hekt\u00e1ron kezd\u0151dik el a sz\u00fanyogirt\u00e1s - Super News\",\"isPartOf\":{\"@id\":\"https:\\\/\\\/super-news.info\\\/hu\\\/#website\"},\"primaryImageOfPage\":{\"@id\":\"https:\\\/\\\/super-news.info\\\/hu\\\/szazezer-hektaron-kezdodik-el-a-szunyogirtas\\\/#primaryimage\"},\"image\":{\"@id\":\"https:\\\/\\\/super-news.info\\\/hu\\\/szazezer-hektaron-kezdodik-el-a-szunyogirtas\\\/#primaryimage\"},\"thumbnailUrl\":\"https:\\\/\\\/super-news.info\\\/hu\\\/wp-content\\\/uploads\\\/sites\\\/3\\\/2019\\\/06\\\/Akkora-a-balatoni-sz\u00fanyoginv\u00e1zi\u00f3-hogy-soron-k\u00edv\u00fcli-irt\u00e1sra-van-sz\u00fcks\u00e9g.jpg\",\"datePublished\":\"2019-06-17T15:00:58+00:00\",\"author\":{\"@id\":\"https:\\\/\\\/super-news.info\\\/hu\\\/#\\\/schema\\\/person\\\/2d4068cb2f39cd10008c2fce578a7356\"},\"breadcrumb\":{\"@id\":\"https:\\\/\\\/super-news.info\\\/hu\\\/szazezer-hektaron-kezdodik-el-a-szunyogirtas\\\/#breadcrumb\"},\"inLanguage\":\"hu\",\"potentialAction\":[{\"@type\":\"ReadAction\",\"target\":[\"https:\\\/\\\/super-news.info\\\/hu\\\/szazezer-hektaron-kezdodik-el-a-szunyogirtas\\\/\"]}]},{\"@type\":\"ImageObject\",\"inLanguage\":\"hu\",\"@id\":\"https:\\\/\\\/super-news.info\\\/hu\\\/szazezer-hektaron-kezdodik-el-a-szunyogirtas\\\/#primaryimage\",\"url\":\"https:\\\/\\\/super-news.info\\\/hu\\\/wp-content\\\/uploads\\\/sites\\\/3\\\/2019\\\/06\\\/Akkora-a-balatoni-sz\u00fanyoginv\u00e1zi\u00f3-hogy-soron-k\u00edv\u00fcli-irt\u00e1sra-van-sz\u00fcks\u00e9g.jpg\",\"contentUrl\":\"https:\\\/\\\/super-news.info\\\/hu\\\/wp-content\\\/uploads\\\/sites\\\/3\\\/2019\\\/06\\\/Akkora-a-balatoni-sz\u00fanyoginv\u00e1zi\u00f3-hogy-soron-k\u00edv\u00fcli-irt\u00e1sra-van-sz\u00fcks\u00e9g.jpg\",\"width\":1280,\"height\":847,\"caption\":\"Akkora a balatoni sz\u00fanyoginv\u00e1zi\u00f3, hogy soron k\u00edv\u00fcli irt\u00e1sra van sz\u00fcks\u00e9g\"},{\"@type\":\"BreadcrumbList\",\"@id\":\"https:\\\/\\\/super-news.info\\\/hu\\\/szazezer-hektaron-kezdodik-el-a-szunyogirtas\\\/#breadcrumb\",\"itemListElement\":[{\"@type\":\"ListItem\",\"position\":1,\"name\":\"\u0413\u043b\u0430\u0432\u043d\u0430\u044f \u0441\u0442\u0440\u0430\u043d\u0438\u0446\u0430\",\"item\":\"https:\\\/\\\/super-news.info\\\/hu\\\/\"},{\"@type\":\"ListItem\",\"position\":2,\"name\":\"Sz\u00e1zezer hekt\u00e1ron kezd\u0151dik el a sz\u00fanyogirt\u00e1s\"}]},{\"@type\":\"WebSite\",\"@id\":\"https:\\\/\\\/super-news.info\\\/hu\\\/#website\",\"url\":\"https:\\\/\\\/super-news.info\\\/hu\\\/\",\"name\":\"Super News\",\"description\":\"Super News Magyarorsz\u00e1g\",\"potentialAction\":[{\"@type\":\"SearchAction\",\"target\":{\"@type\":\"EntryPoint\",\"urlTemplate\":\"https:\\\/\\\/super-news.info\\\/hu\\\/?s={search_term_string}\"},\"query-input\":{\"@type\":\"PropertyValueSpecification\",\"valueRequired\":true,\"valueName\":\"search_term_string\"}}],\"inLanguage\":\"hu\"},{\"@type\":\"Person\",\"@id\":\"https:\\\/\\\/super-news.info\\\/hu\\\/#\\\/schema\\\/person\\\/2d4068cb2f39cd10008c2fce578a7356\",\"name\":\"super-news\",\"image\":{\"@type\":\"ImageObject\",\"inLanguage\":\"hu\",\"@id\":\"https:\\\/\\\/secure.gravatar.com\\\/avatar\\\/64ebac40b93f26a154f8a9b5b6fdccfc46f442b26b3dd6756dbff3bf9dc76fd7?s=96&d=mm&r=g\",\"url\":\"https:\\\/\\\/secure.gravatar.com\\\/avatar\\\/64ebac40b93f26a154f8a9b5b6fdccfc46f442b26b3dd6756dbff3bf9dc76fd7?s=96&d=mm&r=g\",\"contentUrl\":\"https:\\\/\\\/secure.gravatar.com\\\/avatar\\\/64ebac40b93f26a154f8a9b5b6fdccfc46f442b26b3dd6756dbff3bf9dc76fd7?s=96&d=mm&r=g\",\"caption\":\"super-news\"},\"url\":\"https:\\\/\\\/super-news.info\\\/hu\\\/author\\\/pt\\\/\"}]}<\/script>\n<!-- \/ Yoast SEO plugin. -->","yoast_head_json":{"title":"Sz\u00e1zezer hekt\u00e1ron kezd\u0151dik el a sz\u00fanyogirt\u00e1s - Super News","robots":{"index":"index","follow":"follow","max-snippet":"max-snippet:-1","max-image-preview":"max-image-preview:large","max-video-preview":"max-video-preview:-1"},"canonical":"https:\/\/super-news.info\/hu\/szazezer-hektaron-kezdodik-el-a-szunyogirtas\/","og_locale":"hu_HU","og_type":"article","og_title":"Sz\u00e1zezer hekt\u00e1ron kezd\u0151dik el a sz\u00fanyogirt\u00e1s - Super News","og_description":"[ad_1] A foly\u00f3kon levonult \u00e1rhull\u00e1m, az es\u0151s m\u00e1jus \u00e9s a hirtelen j\u00f6tt meleg miatt orsz\u00e1gos sz\u00fanyoginv\u00e1zi\u00f3r\u00f3l lehet besz\u00e9lni. Nehez\u00edtette a sz\u00fanyoggy\u00e9r\u00edt\u00e9st a m\u00falt szerd\u00e1t\u00f3l vas\u00e1rnapig tart\u00f3 h\u0151s\u00e9g, amely miatt a l\u00e9gi permetez\u00e9sek t\u00f6bbs\u00e9g\u00e9t le kellett \u00e1ll\u00edtani, mivel nagy melegben a sz\u00fanyogok t\u00f6bbs\u00e9ge a k\u00e9s\u0151i \u00f3r\u00e1kig megb\u00fajik a n\u00f6v\u00e9nyzetben, a rep\u00fcl\u00e9si szab\u00e1lyok viszont az \u00e9jszakai munkav\u00e9gz\u00e9st [&hellip;]","og_url":"https:\/\/super-news.info\/hu\/szazezer-hektaron-kezdodik-el-a-szunyogirtas\/","og_site_name":"Super News","article_published_time":"2019-06-17T15:00:58+00:00","og_image":[{"width":1280,"height":847,"url":"https:\/\/super-news.info\/hu\/wp-content\/uploads\/sites\/3\/2019\/06\/Akkora-a-balatoni-sz\u00fanyoginv\u00e1zi\u00f3-hogy-soron-k\u00edv\u00fcli-irt\u00e1sra-van-sz\u00fcks\u00e9g.jpg","type":"image\/jpeg"}],"author":"super-news","twitter_card":"summary_large_image","twitter_misc":{"Szerz\u0151:":"super-news","Becs\u00fclt olvas\u00e1si id\u0151":"3 perc"},"schema":{"@context":"https:\/\/schema.org","@graph":[{"@type":"Article","@id":"https:\/\/super-news.info\/hu\/szazezer-hektaron-kezdodik-el-a-szunyogirtas\/#article","isPartOf":{"@id":"https:\/\/super-news.info\/hu\/szazezer-hektaron-kezdodik-el-a-szunyogirtas\/"},"author":{"name":"super-news","@id":"https:\/\/super-news.info\/hu\/#\/schema\/person\/2d4068cb2f39cd10008c2fce578a7356"},"headline":"Sz\u00e1zezer hekt\u00e1ron kezd\u0151dik el a sz\u00fanyogirt\u00e1s","datePublished":"2019-06-17T15:00:58+00:00","mainEntityOfPage":{"@id":"https:\/\/super-news.info\/hu\/szazezer-hektaron-kezdodik-el-a-szunyogirtas\/"},"wordCount":700,"commentCount":0,"image":{"@id":"https:\/\/super-news.info\/hu\/szazezer-hektaron-kezdodik-el-a-szunyogirtas\/#primaryimage"},"thumbnailUrl":"https:\/\/super-news.info\/hu\/wp-content\/uploads\/sites\/3\/2019\/06\/Akkora-a-balatoni-sz\u00fanyoginv\u00e1zi\u00f3-hogy-soron-k\u00edv\u00fcli-irt\u00e1sra-van-sz\u00fcks\u00e9g.jpg","articleSection":["P\u00c9NZ\u00dcGYI H\u00cdREK"],"inLanguage":"hu","potentialAction":[{"@type":"CommentAction","name":"Comment","target":["https:\/\/super-news.info\/hu\/szazezer-hektaron-kezdodik-el-a-szunyogirtas\/#respond"]}]},{"@type":"WebPage","@id":"https:\/\/super-news.info\/hu\/szazezer-hektaron-kezdodik-el-a-szunyogirtas\/","url":"https:\/\/super-news.info\/hu\/szazezer-hektaron-kezdodik-el-a-szunyogirtas\/","name":"Sz\u00e1zezer hekt\u00e1ron kezd\u0151dik el a sz\u00fanyogirt\u00e1s - Super News","isPartOf":{"@id":"https:\/\/super-news.info\/hu\/#website"},"primaryImageOfPage":{"@id":"https:\/\/super-news.info\/hu\/szazezer-hektaron-kezdodik-el-a-szunyogirtas\/#primaryimage"},"image":{"@id":"https:\/\/super-news.info\/hu\/szazezer-hektaron-kezdodik-el-a-szunyogirtas\/#primaryimage"},"thumbnailUrl":"https:\/\/super-news.info\/hu\/wp-content\/uploads\/sites\/3\/2019\/06\/Akkora-a-balatoni-sz\u00fanyoginv\u00e1zi\u00f3-hogy-soron-k\u00edv\u00fcli-irt\u00e1sra-van-sz\u00fcks\u00e9g.jpg","datePublished":"2019-06-17T15:00:58+00:00","author":{"@id":"https:\/\/super-news.info\/hu\/#\/schema\/person\/2d4068cb2f39cd10008c2fce578a7356"},"breadcrumb":{"@id":"https:\/\/super-news.info\/hu\/szazezer-hektaron-kezdodik-el-a-szunyogirtas\/#breadcrumb"},"inLanguage":"hu","potentialAction":[{"@type":"ReadAction","target":["https:\/\/super-news.info\/hu\/szazezer-hektaron-kezdodik-el-a-szunyogirtas\/"]}]},{"@type":"ImageObject","inLanguage":"hu","@id":"https:\/\/super-news.info\/hu\/szazezer-hektaron-kezdodik-el-a-szunyogirtas\/#primaryimage","url":"https:\/\/super-news.info\/hu\/wp-content\/uploads\/sites\/3\/2019\/06\/Akkora-a-balatoni-sz\u00fanyoginv\u00e1zi\u00f3-hogy-soron-k\u00edv\u00fcli-irt\u00e1sra-van-sz\u00fcks\u00e9g.jpg","contentUrl":"https:\/\/super-news.info\/hu\/wp-content\/uploads\/sites\/3\/2019\/06\/Akkora-a-balatoni-sz\u00fanyoginv\u00e1zi\u00f3-hogy-soron-k\u00edv\u00fcli-irt\u00e1sra-van-sz\u00fcks\u00e9g.jpg","width":1280,"height":847,"caption":"Akkora a balatoni sz\u00fanyoginv\u00e1zi\u00f3, hogy soron k\u00edv\u00fcli irt\u00e1sra van sz\u00fcks\u00e9g"},{"@type":"BreadcrumbList","@id":"https:\/\/super-news.info\/hu\/szazezer-hektaron-kezdodik-el-a-szunyogirtas\/#breadcrumb","itemListElement":[{"@type":"ListItem","position":1,"name":"\u0413\u043b\u0430\u0432\u043d\u0430\u044f \u0441\u0442\u0440\u0430\u043d\u0438\u0446\u0430","item":"https:\/\/super-news.info\/hu\/"},{"@type":"ListItem","position":2,"name":"Sz\u00e1zezer hekt\u00e1ron kezd\u0151dik el a sz\u00fanyogirt\u00e1s"}]},{"@type":"WebSite","@id":"https:\/\/super-news.info\/hu\/#website","url":"https:\/\/super-news.info\/hu\/","name":"Super News","description":"Super News Magyarorsz\u00e1g","potentialAction":[{"@type":"SearchAction","target":{"@type":"EntryPoint","urlTemplate":"https:\/\/super-news.info\/hu\/?s={search_term_string}"},"query-input":{"@type":"PropertyValueSpecification","valueRequired":true,"valueName":"search_term_string"}}],"inLanguage":"hu"},{"@type":"Person","@id":"https:\/\/super-news.info\/hu\/#\/schema\/person\/2d4068cb2f39cd10008c2fce578a7356","name":"super-news","image":{"@type":"ImageObject","inLanguage":"hu","@id":"https:\/\/secure.gravatar.com\/avatar\/64ebac40b93f26a154f8a9b5b6fdccfc46f442b26b3dd6756dbff3bf9dc76fd7?s=96&d=mm&r=g","url":"https:\/\/secure.gravatar.com\/avatar\/64ebac40b93f26a154f8a9b5b6fdccfc46f442b26b3dd6756dbff3bf9dc76fd7?s=96&d=mm&r=g","contentUrl":"https:\/\/secure.gravatar.com\/avatar\/64ebac40b93f26a154f8a9b5b6fdccfc46f442b26b3dd6756dbff3bf9dc76fd7?s=96&d=mm&r=g","caption":"super-news"},"url":"https:\/\/super-news.info\/hu\/author\/pt\/"}]}},"_links":{"self":[{"href":"https:\/\/super-news.info\/hu\/wp-json\/wp\/v2\/posts\/4253","targetHints":{"allow":["GET"]}}],"collection":[{"href":"https:\/\/super-news.info\/hu\/wp-json\/wp\/v2\/posts"}],"about":[{"href":"https:\/\/super-news.info\/hu\/wp-json\/wp\/v2\/types\/post"}],"author":[{"embeddable":true,"href":"https:\/\/super-news.info\/hu\/wp-json\/wp\/v2\/users\/2"}],"replies":[{"embeddable":true,"href":"https:\/\/super-news.info\/hu\/wp-json\/wp\/v2\/comments?post=4253"}],"version-history":[{"count":1,"href":"https:\/\/super-news.info\/hu\/wp-json\/wp\/v2\/posts\/4253\/revisions"}],"predecessor-version":[{"id":4254,"href":"https:\/\/super-news.info\/hu\/wp-json\/wp\/v2\/posts\/4253\/revisions\/4254"}],"wp:featuredmedia":[{"embeddable":true,"href":"https:\/\/super-news.info\/hu\/wp-json\/wp\/v2\/media\/4139"}],"wp:attachment":[{"href":"https:\/\/super-news.info\/hu\/wp-json\/wp\/v2\/media?parent=4253"}],"wp:term":[{"taxonomy":"category","embeddable":true,"href":"https:\/\/super-news.info\/hu\/wp-json\/wp\/v2\/categories?post=4253"},{"taxonomy":"post_tag","embeddable":true,"href":"https:\/\/super-news.info\/hu\/wp-json\/wp\/v2\/tags?post=4253"}],"curies":[{"name":"wp","href":"https:\/\/api.w.org\/{rel}","templated":true}]}}