{"id":4241,"date":"2019-06-17T15:18:42","date_gmt":"2019-06-17T12:18:42","guid":{"rendered":"https:\/\/super-news.info\/hu\/a-vartnal-is-gyorsabban-zuhannak-a-beruhazasok-nagy-britanniaban\/"},"modified":"2019-06-17T15:18:43","modified_gmt":"2019-06-17T12:18:43","slug":"a-vartnal-is-gyorsabban-zuhannak-a-beruhazasok-nagy-britanniaban","status":"publish","type":"post","link":"https:\/\/super-news.info\/hu\/a-vartnal-is-gyorsabban-zuhannak-a-beruhazasok-nagy-britanniaban\/","title":{"rendered":"A v\u00e1rtn\u00e1l is gyorsabban zuhannak a beruh\u00e1z\u00e1sok Nagy-Britanni\u00e1ban"},"content":{"rendered":"<p> [ad_1]<br \/>\n<\/p>\n<div>\n<p>Rontotta a k\u00f6vetkez\u0151 k\u00e9t \u00e9v brit gazdas\u00e1gi n\u00f6veked\u00e9sre \u00e9s a beruh\u00e1z\u00e1sok idei visszaes\u00e9s\u00e9nek \u00fctem\u00e9re adott el\u0151rejelz\u00e9seit a Brit Kereskedelmi Kamar\u00e1k sz\u00f6vets\u00e9ge (BCC), els\u0151sorban a brit EU-tags\u00e1g megsz\u0171n\u00e9se k\u00f6r\u00fcl folytat\u00f3d\u00f3 bizonytalans\u00e1gokkal indokolva a fel\u00fclvizsg\u00e1latot.<\/p>\n<div id=\"attachment_969566\" style=\"width: 1410px\" class=\"wp-caption aligncenter\">\n<p class=\"wp-caption-text\">Fot\u00f3: AFP<\/p>\n<\/div>\n<p>A brit \u00fczleti v\u00e1llalkoz\u00e1sok \u00e9rdekk\u00e9pviselet\u00e9t ell\u00e1t\u00f3 szervezet h\u00e9tf\u0151n ismertetett progn\u00f3zisa szerint<\/p>\n<p>a brit hazai \u00f6sszterm\u00e9k 2019 eg\u00e9sz\u00e9ben 1,3 sz\u00e1zal\u00e9kkal n\u00f6vekszik. Ez minim\u00e1lisan jobb az eddigi progn\u00f3zisn\u00e1l, amely 1,2 sz\u00e1zal\u00e9kos idei n\u00f6veked\u00e9st val\u00f3sz\u00edn\u0171s\u00edtett, de ennek is a Brexit-bizonytalans\u00e1g miatt megindult \u00fczleti k\u00e9szletfelhalmoz\u00e1s az oka.<\/p>\n<p>A kamara \u00faj el\u0151rejelz\u00e9se szerint azonban a brit gazdas\u00e1g 2020-ban alig 1 sz\u00e1zal\u00e9kkal n\u00f6vekszik az eddig v\u00e1rt 1,3 sz\u00e1zal\u00e9k helyett. A sz\u00f6vets\u00e9g a 2021-re sz\u00f3l\u00f3 n\u00f6veked\u00e9si progn\u00f3zist is rontotta, 1,4 sz\u00e1zal\u00e9kr\u00f3l 1,2 sz\u00e1zal\u00e9kra.<\/p>\n<p>Az el\u0151rejelz\u00e9s a brit \u00fczleti szektorban v\u00e9grehajtott idei beruh\u00e1z\u00e1sok \u00e9rt\u00e9k\u00e9nek 1,3 sz\u00e1zal\u00e9kos visszaes\u00e9s\u00e9t j\u00f3solja a kor\u00e1bbi progn\u00f3zisban szerepl\u0151 1 sz\u00e1zal\u00e9kos m\u00ednusz helyett.<\/p>\n<\/p><\/div>\n<p><script>\n    window.fbAsyncInit = function() {\n        FB.init({\n            appId      : \"204760236815359\",\n            xfbml      : true,\n            version    : \"v2.12\"\n        });\n        FB.AppEvents.logPageView();\n    };<\/p>\n<p>    (function(d, s, id){\n        var js, fjs = d.getElementsByTagName(s)[0];\n        if (d.getElementById(id)) {return;}\n        js = d.createElement(s); js.id = id;\n        js.src = \"http:\/\/connect.facebook.net\/hu_HU\/sdk.js\";\n        fjs.parentNode.insertBefore(js, fjs);\n    }(document, \"script\", \"facebook-jssdk\"));\n<\/script><br \/>\n<br \/>[ad_2]<br \/>\n<br \/><a href=\"https:\/\/www.vg.hu\/gazdasag\/gazdasagi-hirek\/a-vartnal-is-gyorsabban-zuhannak-a-beruhazasok-nagy-britanniaban-1574720\/\">Source link <\/a><\/p>\n","protected":false},"excerpt":{"rendered":"<p>[ad_1] Rontotta a k\u00f6vetkez\u0151 k\u00e9t \u00e9v brit gazdas\u00e1gi n\u00f6veked\u00e9sre \u00e9s a beruh\u00e1z\u00e1sok idei visszaes\u00e9s\u00e9nek \u00fctem\u00e9re adott el\u0151rejelz\u00e9seit a Brit Kereskedelmi Kamar\u00e1k sz\u00f6vets\u00e9ge (BCC), els\u0151sorban a brit EU-tags\u00e1g megsz\u0171n\u00e9se k\u00f6r\u00fcl folytat\u00f3d\u00f3 bizonytalans\u00e1gokkal indokolva a fel\u00fclvizsg\u00e1latot. Fot\u00f3: AFP A brit \u00fczleti v\u00e1llalkoz\u00e1sok \u00e9rdekk\u00e9pviselet\u00e9t ell\u00e1t\u00f3 szervezet h\u00e9tf\u0151n ismertetett progn\u00f3zisa szerint a brit hazai \u00f6sszterm\u00e9k 2019 eg\u00e9sz\u00e9ben 1,3 sz\u00e1zal\u00e9kkal [&hellip;]<\/p>\n","protected":false},"author":2,"featured_media":4242,"comment_status":"open","ping_status":"open","sticky":false,"template":"","format":"standard","meta":{"footnotes":""},"categories":[1],"tags":[],"class_list":["post-4241","post","type-post","status-publish","format-standard","has-post-thumbnail","hentry","category-penzugyi-hirek"],"yoast_head":"<!-- This site is optimized with the Yoast SEO plugin v27.4 - https:\/\/yoast.com\/product\/yoast-seo-wordpress\/ -->\n<title>A v\u00e1rtn\u00e1l is gyorsabban zuhannak a beruh\u00e1z\u00e1sok Nagy-Britanni\u00e1ban - Super News<\/title>\n<meta name=\"robots\" content=\"index, follow, max-snippet:-1, max-image-preview:large, max-video-preview:-1\" \/>\n<link rel=\"canonical\" href=\"https:\/\/super-news.info\/hu\/a-vartnal-is-gyorsabban-zuhannak-a-beruhazasok-nagy-britanniaban\/\" \/>\n<meta property=\"og:locale\" content=\"hu_HU\" \/>\n<meta property=\"og:type\" content=\"article\" \/>\n<meta property=\"og:title\" content=\"A v\u00e1rtn\u00e1l is gyorsabban zuhannak a beruh\u00e1z\u00e1sok Nagy-Britanni\u00e1ban - Super News\" \/>\n<meta property=\"og:description\" content=\"[ad_1] Rontotta a k\u00f6vetkez\u0151 k\u00e9t \u00e9v brit gazdas\u00e1gi n\u00f6veked\u00e9sre \u00e9s a beruh\u00e1z\u00e1sok idei visszaes\u00e9s\u00e9nek \u00fctem\u00e9re adott el\u0151rejelz\u00e9seit a Brit Kereskedelmi Kamar\u00e1k sz\u00f6vets\u00e9ge (BCC), els\u0151sorban a brit EU-tags\u00e1g megsz\u0171n\u00e9se k\u00f6r\u00fcl folytat\u00f3d\u00f3 bizonytalans\u00e1gokkal indokolva a fel\u00fclvizsg\u00e1latot. Fot\u00f3: AFP A brit \u00fczleti v\u00e1llalkoz\u00e1sok \u00e9rdekk\u00e9pviselet\u00e9t ell\u00e1t\u00f3 szervezet h\u00e9tf\u0151n ismertetett progn\u00f3zisa szerint a brit hazai \u00f6sszterm\u00e9k 2019 eg\u00e9sz\u00e9ben 1,3 sz\u00e1zal\u00e9kkal [&hellip;]\" \/>\n<meta property=\"og:url\" content=\"https:\/\/super-news.info\/hu\/a-vartnal-is-gyorsabban-zuhannak-a-beruhazasok-nagy-britanniaban\/\" \/>\n<meta property=\"og:site_name\" content=\"Super News\" \/>\n<meta property=\"article:published_time\" content=\"2019-06-17T12:18:42+00:00\" \/>\n<meta property=\"article:modified_time\" content=\"2019-06-17T12:18:43+00:00\" \/>\n<meta property=\"og:image\" content=\"https:\/\/super-news.info\/hu\/wp-content\/uploads\/sites\/3\/2019\/06\/A-v\u00e1rtn\u00e1l-is-gyorsabban-zuhannak-a-beruh\u00e1z\u00e1sok-Nagy-Britanni\u00e1ban.jpg\" \/>\n\t<meta property=\"og:image:width\" content=\"1400\" \/>\n\t<meta property=\"og:image:height\" content=\"933\" \/>\n\t<meta property=\"og:image:type\" content=\"image\/jpeg\" \/>\n<meta name=\"author\" content=\"super-news\" \/>\n<meta name=\"twitter:card\" content=\"summary_large_image\" \/>\n<meta name=\"twitter:label1\" content=\"Szerz\u0151:\" \/>\n\t<meta name=\"twitter:data1\" content=\"super-news\" \/>\n\t<meta name=\"twitter:label2\" content=\"Becs\u00fclt olvas\u00e1si id\u0151\" \/>\n\t<meta name=\"twitter:data2\" content=\"1 perc\" \/>\n<script type=\"application\/ld+json\" class=\"yoast-schema-graph\">{\"@context\":\"https:\\\/\\\/schema.org\",\"@graph\":[{\"@type\":\"Article\",\"@id\":\"https:\\\/\\\/super-news.info\\\/hu\\\/a-vartnal-is-gyorsabban-zuhannak-a-beruhazasok-nagy-britanniaban\\\/#article\",\"isPartOf\":{\"@id\":\"https:\\\/\\\/super-news.info\\\/hu\\\/a-vartnal-is-gyorsabban-zuhannak-a-beruhazasok-nagy-britanniaban\\\/\"},\"author\":{\"name\":\"super-news\",\"@id\":\"https:\\\/\\\/super-news.info\\\/hu\\\/#\\\/schema\\\/person\\\/2d4068cb2f39cd10008c2fce578a7356\"},\"headline\":\"A v\u00e1rtn\u00e1l is gyorsabban zuhannak a beruh\u00e1z\u00e1sok Nagy-Britanni\u00e1ban\",\"datePublished\":\"2019-06-17T12:18:42+00:00\",\"dateModified\":\"2019-06-17T12:18:43+00:00\",\"mainEntityOfPage\":{\"@id\":\"https:\\\/\\\/super-news.info\\\/hu\\\/a-vartnal-is-gyorsabban-zuhannak-a-beruhazasok-nagy-britanniaban\\\/\"},\"wordCount\":231,\"commentCount\":0,\"image\":{\"@id\":\"https:\\\/\\\/super-news.info\\\/hu\\\/a-vartnal-is-gyorsabban-zuhannak-a-beruhazasok-nagy-britanniaban\\\/#primaryimage\"},\"thumbnailUrl\":\"https:\\\/\\\/super-news.info\\\/hu\\\/wp-content\\\/uploads\\\/sites\\\/3\\\/2019\\\/06\\\/A-v\u00e1rtn\u00e1l-is-gyorsabban-zuhannak-a-beruh\u00e1z\u00e1sok-Nagy-Britanni\u00e1ban.jpg\",\"articleSection\":[\"P\u00c9NZ\u00dcGYI H\u00cdREK\"],\"inLanguage\":\"hu\",\"potentialAction\":[{\"@type\":\"CommentAction\",\"name\":\"Comment\",\"target\":[\"https:\\\/\\\/super-news.info\\\/hu\\\/a-vartnal-is-gyorsabban-zuhannak-a-beruhazasok-nagy-britanniaban\\\/#respond\"]}]},{\"@type\":\"WebPage\",\"@id\":\"https:\\\/\\\/super-news.info\\\/hu\\\/a-vartnal-is-gyorsabban-zuhannak-a-beruhazasok-nagy-britanniaban\\\/\",\"url\":\"https:\\\/\\\/super-news.info\\\/hu\\\/a-vartnal-is-gyorsabban-zuhannak-a-beruhazasok-nagy-britanniaban\\\/\",\"name\":\"A v\u00e1rtn\u00e1l is gyorsabban zuhannak a beruh\u00e1z\u00e1sok Nagy-Britanni\u00e1ban - Super News\",\"isPartOf\":{\"@id\":\"https:\\\/\\\/super-news.info\\\/hu\\\/#website\"},\"primaryImageOfPage\":{\"@id\":\"https:\\\/\\\/super-news.info\\\/hu\\\/a-vartnal-is-gyorsabban-zuhannak-a-beruhazasok-nagy-britanniaban\\\/#primaryimage\"},\"image\":{\"@id\":\"https:\\\/\\\/super-news.info\\\/hu\\\/a-vartnal-is-gyorsabban-zuhannak-a-beruhazasok-nagy-britanniaban\\\/#primaryimage\"},\"thumbnailUrl\":\"https:\\\/\\\/super-news.info\\\/hu\\\/wp-content\\\/uploads\\\/sites\\\/3\\\/2019\\\/06\\\/A-v\u00e1rtn\u00e1l-is-gyorsabban-zuhannak-a-beruh\u00e1z\u00e1sok-Nagy-Britanni\u00e1ban.jpg\",\"datePublished\":\"2019-06-17T12:18:42+00:00\",\"dateModified\":\"2019-06-17T12:18:43+00:00\",\"author\":{\"@id\":\"https:\\\/\\\/super-news.info\\\/hu\\\/#\\\/schema\\\/person\\\/2d4068cb2f39cd10008c2fce578a7356\"},\"breadcrumb\":{\"@id\":\"https:\\\/\\\/super-news.info\\\/hu\\\/a-vartnal-is-gyorsabban-zuhannak-a-beruhazasok-nagy-britanniaban\\\/#breadcrumb\"},\"inLanguage\":\"hu\",\"potentialAction\":[{\"@type\":\"ReadAction\",\"target\":[\"https:\\\/\\\/super-news.info\\\/hu\\\/a-vartnal-is-gyorsabban-zuhannak-a-beruhazasok-nagy-britanniaban\\\/\"]}]},{\"@type\":\"ImageObject\",\"inLanguage\":\"hu\",\"@id\":\"https:\\\/\\\/super-news.info\\\/hu\\\/a-vartnal-is-gyorsabban-zuhannak-a-beruhazasok-nagy-britanniaban\\\/#primaryimage\",\"url\":\"https:\\\/\\\/super-news.info\\\/hu\\\/wp-content\\\/uploads\\\/sites\\\/3\\\/2019\\\/06\\\/A-v\u00e1rtn\u00e1l-is-gyorsabban-zuhannak-a-beruh\u00e1z\u00e1sok-Nagy-Britanni\u00e1ban.jpg\",\"contentUrl\":\"https:\\\/\\\/super-news.info\\\/hu\\\/wp-content\\\/uploads\\\/sites\\\/3\\\/2019\\\/06\\\/A-v\u00e1rtn\u00e1l-is-gyorsabban-zuhannak-a-beruh\u00e1z\u00e1sok-Nagy-Britanni\u00e1ban.jpg\",\"width\":1400,\"height\":933,\"caption\":\"A v\u00e1rtn\u00e1l is gyorsabban zuhannak a beruh\u00e1z\u00e1sok Nagy-Britanni\u00e1ban\"},{\"@type\":\"BreadcrumbList\",\"@id\":\"https:\\\/\\\/super-news.info\\\/hu\\\/a-vartnal-is-gyorsabban-zuhannak-a-beruhazasok-nagy-britanniaban\\\/#breadcrumb\",\"itemListElement\":[{\"@type\":\"ListItem\",\"position\":1,\"name\":\"\u0413\u043b\u0430\u0432\u043d\u0430\u044f \u0441\u0442\u0440\u0430\u043d\u0438\u0446\u0430\",\"item\":\"https:\\\/\\\/super-news.info\\\/hu\\\/\"},{\"@type\":\"ListItem\",\"position\":2,\"name\":\"A v\u00e1rtn\u00e1l is gyorsabban zuhannak a beruh\u00e1z\u00e1sok Nagy-Britanni\u00e1ban\"}]},{\"@type\":\"WebSite\",\"@id\":\"https:\\\/\\\/super-news.info\\\/hu\\\/#website\",\"url\":\"https:\\\/\\\/super-news.info\\\/hu\\\/\",\"name\":\"Super News\",\"description\":\"Super News Magyarorsz\u00e1g\",\"potentialAction\":[{\"@type\":\"SearchAction\",\"target\":{\"@type\":\"EntryPoint\",\"urlTemplate\":\"https:\\\/\\\/super-news.info\\\/hu\\\/?s={search_term_string}\"},\"query-input\":{\"@type\":\"PropertyValueSpecification\",\"valueRequired\":true,\"valueName\":\"search_term_string\"}}],\"inLanguage\":\"hu\"},{\"@type\":\"Person\",\"@id\":\"https:\\\/\\\/super-news.info\\\/hu\\\/#\\\/schema\\\/person\\\/2d4068cb2f39cd10008c2fce578a7356\",\"name\":\"super-news\",\"image\":{\"@type\":\"ImageObject\",\"inLanguage\":\"hu\",\"@id\":\"https:\\\/\\\/secure.gravatar.com\\\/avatar\\\/64ebac40b93f26a154f8a9b5b6fdccfc46f442b26b3dd6756dbff3bf9dc76fd7?s=96&d=mm&r=g\",\"url\":\"https:\\\/\\\/secure.gravatar.com\\\/avatar\\\/64ebac40b93f26a154f8a9b5b6fdccfc46f442b26b3dd6756dbff3bf9dc76fd7?s=96&d=mm&r=g\",\"contentUrl\":\"https:\\\/\\\/secure.gravatar.com\\\/avatar\\\/64ebac40b93f26a154f8a9b5b6fdccfc46f442b26b3dd6756dbff3bf9dc76fd7?s=96&d=mm&r=g\",\"caption\":\"super-news\"},\"url\":\"https:\\\/\\\/super-news.info\\\/hu\\\/author\\\/pt\\\/\"}]}<\/script>\n<!-- \/ Yoast SEO plugin. -->","yoast_head_json":{"title":"A v\u00e1rtn\u00e1l is gyorsabban zuhannak a beruh\u00e1z\u00e1sok Nagy-Britanni\u00e1ban - Super News","robots":{"index":"index","follow":"follow","max-snippet":"max-snippet:-1","max-image-preview":"max-image-preview:large","max-video-preview":"max-video-preview:-1"},"canonical":"https:\/\/super-news.info\/hu\/a-vartnal-is-gyorsabban-zuhannak-a-beruhazasok-nagy-britanniaban\/","og_locale":"hu_HU","og_type":"article","og_title":"A v\u00e1rtn\u00e1l is gyorsabban zuhannak a beruh\u00e1z\u00e1sok Nagy-Britanni\u00e1ban - Super News","og_description":"[ad_1] Rontotta a k\u00f6vetkez\u0151 k\u00e9t \u00e9v brit gazdas\u00e1gi n\u00f6veked\u00e9sre \u00e9s a beruh\u00e1z\u00e1sok idei visszaes\u00e9s\u00e9nek \u00fctem\u00e9re adott el\u0151rejelz\u00e9seit a Brit Kereskedelmi Kamar\u00e1k sz\u00f6vets\u00e9ge (BCC), els\u0151sorban a brit EU-tags\u00e1g megsz\u0171n\u00e9se k\u00f6r\u00fcl folytat\u00f3d\u00f3 bizonytalans\u00e1gokkal indokolva a fel\u00fclvizsg\u00e1latot. Fot\u00f3: AFP A brit \u00fczleti v\u00e1llalkoz\u00e1sok \u00e9rdekk\u00e9pviselet\u00e9t ell\u00e1t\u00f3 szervezet h\u00e9tf\u0151n ismertetett progn\u00f3zisa szerint a brit hazai \u00f6sszterm\u00e9k 2019 eg\u00e9sz\u00e9ben 1,3 sz\u00e1zal\u00e9kkal [&hellip;]","og_url":"https:\/\/super-news.info\/hu\/a-vartnal-is-gyorsabban-zuhannak-a-beruhazasok-nagy-britanniaban\/","og_site_name":"Super News","article_published_time":"2019-06-17T12:18:42+00:00","article_modified_time":"2019-06-17T12:18:43+00:00","og_image":[{"width":1400,"height":933,"url":"https:\/\/super-news.info\/hu\/wp-content\/uploads\/sites\/3\/2019\/06\/A-v\u00e1rtn\u00e1l-is-gyorsabban-zuhannak-a-beruh\u00e1z\u00e1sok-Nagy-Britanni\u00e1ban.jpg","type":"image\/jpeg"}],"author":"super-news","twitter_card":"summary_large_image","twitter_misc":{"Szerz\u0151:":"super-news","Becs\u00fclt olvas\u00e1si id\u0151":"1 perc"},"schema":{"@context":"https:\/\/schema.org","@graph":[{"@type":"Article","@id":"https:\/\/super-news.info\/hu\/a-vartnal-is-gyorsabban-zuhannak-a-beruhazasok-nagy-britanniaban\/#article","isPartOf":{"@id":"https:\/\/super-news.info\/hu\/a-vartnal-is-gyorsabban-zuhannak-a-beruhazasok-nagy-britanniaban\/"},"author":{"name":"super-news","@id":"https:\/\/super-news.info\/hu\/#\/schema\/person\/2d4068cb2f39cd10008c2fce578a7356"},"headline":"A v\u00e1rtn\u00e1l is gyorsabban zuhannak a beruh\u00e1z\u00e1sok Nagy-Britanni\u00e1ban","datePublished":"2019-06-17T12:18:42+00:00","dateModified":"2019-06-17T12:18:43+00:00","mainEntityOfPage":{"@id":"https:\/\/super-news.info\/hu\/a-vartnal-is-gyorsabban-zuhannak-a-beruhazasok-nagy-britanniaban\/"},"wordCount":231,"commentCount":0,"image":{"@id":"https:\/\/super-news.info\/hu\/a-vartnal-is-gyorsabban-zuhannak-a-beruhazasok-nagy-britanniaban\/#primaryimage"},"thumbnailUrl":"https:\/\/super-news.info\/hu\/wp-content\/uploads\/sites\/3\/2019\/06\/A-v\u00e1rtn\u00e1l-is-gyorsabban-zuhannak-a-beruh\u00e1z\u00e1sok-Nagy-Britanni\u00e1ban.jpg","articleSection":["P\u00c9NZ\u00dcGYI H\u00cdREK"],"inLanguage":"hu","potentialAction":[{"@type":"CommentAction","name":"Comment","target":["https:\/\/super-news.info\/hu\/a-vartnal-is-gyorsabban-zuhannak-a-beruhazasok-nagy-britanniaban\/#respond"]}]},{"@type":"WebPage","@id":"https:\/\/super-news.info\/hu\/a-vartnal-is-gyorsabban-zuhannak-a-beruhazasok-nagy-britanniaban\/","url":"https:\/\/super-news.info\/hu\/a-vartnal-is-gyorsabban-zuhannak-a-beruhazasok-nagy-britanniaban\/","name":"A v\u00e1rtn\u00e1l is gyorsabban zuhannak a beruh\u00e1z\u00e1sok Nagy-Britanni\u00e1ban - Super News","isPartOf":{"@id":"https:\/\/super-news.info\/hu\/#website"},"primaryImageOfPage":{"@id":"https:\/\/super-news.info\/hu\/a-vartnal-is-gyorsabban-zuhannak-a-beruhazasok-nagy-britanniaban\/#primaryimage"},"image":{"@id":"https:\/\/super-news.info\/hu\/a-vartnal-is-gyorsabban-zuhannak-a-beruhazasok-nagy-britanniaban\/#primaryimage"},"thumbnailUrl":"https:\/\/super-news.info\/hu\/wp-content\/uploads\/sites\/3\/2019\/06\/A-v\u00e1rtn\u00e1l-is-gyorsabban-zuhannak-a-beruh\u00e1z\u00e1sok-Nagy-Britanni\u00e1ban.jpg","datePublished":"2019-06-17T12:18:42+00:00","dateModified":"2019-06-17T12:18:43+00:00","author":{"@id":"https:\/\/super-news.info\/hu\/#\/schema\/person\/2d4068cb2f39cd10008c2fce578a7356"},"breadcrumb":{"@id":"https:\/\/super-news.info\/hu\/a-vartnal-is-gyorsabban-zuhannak-a-beruhazasok-nagy-britanniaban\/#breadcrumb"},"inLanguage":"hu","potentialAction":[{"@type":"ReadAction","target":["https:\/\/super-news.info\/hu\/a-vartnal-is-gyorsabban-zuhannak-a-beruhazasok-nagy-britanniaban\/"]}]},{"@type":"ImageObject","inLanguage":"hu","@id":"https:\/\/super-news.info\/hu\/a-vartnal-is-gyorsabban-zuhannak-a-beruhazasok-nagy-britanniaban\/#primaryimage","url":"https:\/\/super-news.info\/hu\/wp-content\/uploads\/sites\/3\/2019\/06\/A-v\u00e1rtn\u00e1l-is-gyorsabban-zuhannak-a-beruh\u00e1z\u00e1sok-Nagy-Britanni\u00e1ban.jpg","contentUrl":"https:\/\/super-news.info\/hu\/wp-content\/uploads\/sites\/3\/2019\/06\/A-v\u00e1rtn\u00e1l-is-gyorsabban-zuhannak-a-beruh\u00e1z\u00e1sok-Nagy-Britanni\u00e1ban.jpg","width":1400,"height":933,"caption":"A v\u00e1rtn\u00e1l is gyorsabban zuhannak a beruh\u00e1z\u00e1sok Nagy-Britanni\u00e1ban"},{"@type":"BreadcrumbList","@id":"https:\/\/super-news.info\/hu\/a-vartnal-is-gyorsabban-zuhannak-a-beruhazasok-nagy-britanniaban\/#breadcrumb","itemListElement":[{"@type":"ListItem","position":1,"name":"\u0413\u043b\u0430\u0432\u043d\u0430\u044f \u0441\u0442\u0440\u0430\u043d\u0438\u0446\u0430","item":"https:\/\/super-news.info\/hu\/"},{"@type":"ListItem","position":2,"name":"A v\u00e1rtn\u00e1l is gyorsabban zuhannak a beruh\u00e1z\u00e1sok Nagy-Britanni\u00e1ban"}]},{"@type":"WebSite","@id":"https:\/\/super-news.info\/hu\/#website","url":"https:\/\/super-news.info\/hu\/","name":"Super News","description":"Super News Magyarorsz\u00e1g","potentialAction":[{"@type":"SearchAction","target":{"@type":"EntryPoint","urlTemplate":"https:\/\/super-news.info\/hu\/?s={search_term_string}"},"query-input":{"@type":"PropertyValueSpecification","valueRequired":true,"valueName":"search_term_string"}}],"inLanguage":"hu"},{"@type":"Person","@id":"https:\/\/super-news.info\/hu\/#\/schema\/person\/2d4068cb2f39cd10008c2fce578a7356","name":"super-news","image":{"@type":"ImageObject","inLanguage":"hu","@id":"https:\/\/secure.gravatar.com\/avatar\/64ebac40b93f26a154f8a9b5b6fdccfc46f442b26b3dd6756dbff3bf9dc76fd7?s=96&d=mm&r=g","url":"https:\/\/secure.gravatar.com\/avatar\/64ebac40b93f26a154f8a9b5b6fdccfc46f442b26b3dd6756dbff3bf9dc76fd7?s=96&d=mm&r=g","contentUrl":"https:\/\/secure.gravatar.com\/avatar\/64ebac40b93f26a154f8a9b5b6fdccfc46f442b26b3dd6756dbff3bf9dc76fd7?s=96&d=mm&r=g","caption":"super-news"},"url":"https:\/\/super-news.info\/hu\/author\/pt\/"}]}},"_links":{"self":[{"href":"https:\/\/super-news.info\/hu\/wp-json\/wp\/v2\/posts\/4241","targetHints":{"allow":["GET"]}}],"collection":[{"href":"https:\/\/super-news.info\/hu\/wp-json\/wp\/v2\/posts"}],"about":[{"href":"https:\/\/super-news.info\/hu\/wp-json\/wp\/v2\/types\/post"}],"author":[{"embeddable":true,"href":"https:\/\/super-news.info\/hu\/wp-json\/wp\/v2\/users\/2"}],"replies":[{"embeddable":true,"href":"https:\/\/super-news.info\/hu\/wp-json\/wp\/v2\/comments?post=4241"}],"version-history":[{"count":1,"href":"https:\/\/super-news.info\/hu\/wp-json\/wp\/v2\/posts\/4241\/revisions"}],"predecessor-version":[{"id":4243,"href":"https:\/\/super-news.info\/hu\/wp-json\/wp\/v2\/posts\/4241\/revisions\/4243"}],"wp:featuredmedia":[{"embeddable":true,"href":"https:\/\/super-news.info\/hu\/wp-json\/wp\/v2\/media\/4242"}],"wp:attachment":[{"href":"https:\/\/super-news.info\/hu\/wp-json\/wp\/v2\/media?parent=4241"}],"wp:term":[{"taxonomy":"category","embeddable":true,"href":"https:\/\/super-news.info\/hu\/wp-json\/wp\/v2\/categories?post=4241"},{"taxonomy":"post_tag","embeddable":true,"href":"https:\/\/super-news.info\/hu\/wp-json\/wp\/v2\/tags?post=4241"}],"curies":[{"name":"wp","href":"https:\/\/api.w.org\/{rel}","templated":true}]}}