{"id":4238,"date":"2019-06-17T14:25:24","date_gmt":"2019-06-17T11:25:24","guid":{"rendered":"https:\/\/super-news.info\/hu\/svajcban-is-perelhetnek-a-hozzatartozok-a-hableany-katasztrofa-miatt\/"},"modified":"2019-06-17T14:25:25","modified_gmt":"2019-06-17T11:25:25","slug":"svajcban-is-perelhetnek-a-hozzatartozok-a-hableany-katasztrofa-miatt","status":"publish","type":"post","link":"https:\/\/super-news.info\/hu\/svajcban-is-perelhetnek-a-hozzatartozok-a-hableany-katasztrofa-miatt\/","title":{"rendered":"Sv\u00e1jcban is perelhetnek a hozz\u00e1tartoz\u00f3k a Hable\u00e1ny-katasztr\u00f3fa miatt"},"content":{"rendered":"<p> [ad_1]<br \/>\n<\/p>\n<div>\n<p>Sv\u00e1jcban perelhetnek k\u00e1rt\u00e9r\u00edt\u00e9s\u00e9rt a Hable\u00e1ny-katasztr\u00f3fa \u00e1ldozatainak hozz\u00e1tartoz\u00f3i \u2013 \u00edrja a Magyar Nemzet. Borb\u00e9ly Zolt\u00e1n, a Hable\u00e1ny \u00fczemeltet\u0151je, a Panorama Deck Kft. oldal\u00e1n s\u00e9rtetti k\u00e9pvisel\u0151k\u00e9nt fell\u00e9p\u0151 \u00fcgyv\u00e9d azt mondta, hogy a hal\u00e1los k\u00f6zleked\u00e9si baleset \u00fcgy\u00e9ben eddig<\/p>\n<p>maximum t\u00edzmilli\u00f3 forint k\u00e1rt\u00e9r\u00edt\u00e9st \u00edt\u00e9ltek meg a hozz\u00e1tartoz\u00f3k sz\u00e1m\u00e1ra idehaza, de a sv\u00e1jci \u00e9s amerikai b\u00edr\u00f3s\u00e1gokon nagys\u00e1grendekkel nagyobb k\u00e1rt\u00e9r\u00edt\u00e9s \u00e9rhet\u0151 el.<\/p>\n<p>A lap szerint ez\u00e9rt biztosra vehet\u0151, hogy a d\u00e9l-koreai \u00e1ldozatok hozz\u00e1tartoz\u00f3i sv\u00e1jci vagy amerikai v\u00e1lasztott b\u00edr\u00f3s\u00e1ghoz fordulnak k\u00e1rt\u00e9r\u00edt\u00e9si ig\u00e9ny\u00fckkel, erre pedig a Viking Sigyn \u00fczemeltet\u0151j\u00e9nek sv\u00e1jci sz\u00e9khelye is feljogos\u00edtja \u0151ket. A sv\u00e1jci vagy amerikai b\u00edr\u00f3s\u00e1ghoz val\u00f3 fordul\u00e1sra a magyar \u00e1ldozatok hozz\u00e1tartoz\u00f3inak is megvan a lehet\u0151s\u00e9g\u00fck, annak ellen\u00e9re, hogy magyar \u00e1llampolg\u00e1rok voltak az elhunytak, \u00e9s a b\u00fcntet\u0151elj\u00e1r\u00e1s is a magyar jogrend szerint zajlik.<\/p>\n<div id=\"attachment_1550549\" style=\"width: 1347px\" class=\"wp-caption aligncenter\">\n<p class=\"wp-caption-text\">Fot\u00f3: MTI\/Balogh Zolt\u00e1n<\/p>\n<\/div>\n<p>Az el\u0151zetes nyomozati adatok \u00e9s a Viking Sigyn ukr\u00e1n kapit\u00e1nya elleni gyan\u00fas\u00edt\u00e1s a lap szerint tartalmazza, hogy a sv\u00e1jci z\u00e1szl\u00f3 alatt haj\u00f3z\u00f3 Sigyn an\u00e9lk\u00fcl, hogy szem\u00e9lyzete felvette volna a Hable\u00e1ny szem\u00e9lyzet\u00e9vel a kapcsolatot, el\u0151zte a magyar s\u00e9tahaj\u00f3t, amit utol\u00e9rt, a tatj\u00e1t megl\u00f6kte, majd maga al\u00e1 gy\u0171rte, \u00e9s a v\u00edz al\u00e1 s\u00fcllyedt Hable\u00e1nyt legal\u00e1bb egyszer megforgatta a tengelye k\u00f6r\u00fcl.<\/p>\n<p>K\u00f6zben a b\u00fcntet\u0151elj\u00e1r\u00e1s mellett \u00fajabb vizsg\u00e1lat indult,<\/p>\n<p>a Hable\u00e1ny kapit\u00e1nya \u00e9s matr\u00f3za hal\u00e1la ugyanis munkahelyi balesetnek min\u0151s\u00fcl, \u00e9s a munkav\u00e9delmi el\u0151\u00edr\u00e1sok szerint az illet\u00e9kes f\u0151v\u00e1rosi korm\u00e1nyhivatalhoz tartoz\u00f3 munkav\u00e9delmi \u00e9s munka\u00fcgyi oszt\u00e1ly feladata a t\u00f6rt\u00e9ntek teljes k\u00f6r\u0171 vizsg\u00e1lata, a felel\u0151ss\u00e9g meg\u00e1llap\u00edt\u00e1sa.<\/p>\n<p>A haj\u00f3trag\u00e9dia h\u00e1rom d\u00e9l-koreai \u00e1ldozat\u00e1nak holttest\u00e9t tov\u00e1bbra sem tal\u00e1lt\u00e1k meg. Pedig a kutat\u00f3egys\u00e9gek minden emberileg megtehet\u0151t elk\u00f6vetnek, napkelt\u00e9t\u0151l napnyugt\u00e1ig sz\u00fcnet n\u00e9lk\u00fcl folytatj\u00e1k a keres\u00e9st a foly\u00f3n Budapestt\u0151l d\u00e9lre, a Moh\u00e1cs alatti magyar\u2013szerb\u2013horv\u00e1t v\u00edzihat\u00e1rig.<\/p>\n<\/p><\/div>\n<p><script>\n    window.fbAsyncInit = function() {\n        FB.init({\n            appId      : \"204760236815359\",\n            xfbml      : true,\n            version    : \"v2.12\"\n        });\n        FB.AppEvents.logPageView();\n    };<\/p>\n<p>    (function(d, s, id){\n        var js, fjs = d.getElementsByTagName(s)[0];\n        if (d.getElementById(id)) {return;}\n        js = d.createElement(s); js.id = id;\n        js.src = \"http:\/\/connect.facebook.net\/hu_HU\/sdk.js\";\n        fjs.parentNode.insertBefore(js, fjs);\n    }(document, \"script\", \"facebook-jssdk\"));\n<\/script><br \/>\n<br \/>[ad_2]<br \/>\n<br \/><a href=\"https:\/\/www.vg.hu\/kozelet\/kozeleti-hirek\/svajcban-is-perelhetnek-a-hozzatartozok-a-hableany-katasztrofa-miatt-1574360\/\">Source link <\/a><\/p>\n","protected":false},"excerpt":{"rendered":"<p>[ad_1] Sv\u00e1jcban perelhetnek k\u00e1rt\u00e9r\u00edt\u00e9s\u00e9rt a Hable\u00e1ny-katasztr\u00f3fa \u00e1ldozatainak hozz\u00e1tartoz\u00f3i \u2013 \u00edrja a Magyar Nemzet. Borb\u00e9ly Zolt\u00e1n, a Hable\u00e1ny \u00fczemeltet\u0151je, a Panorama Deck Kft. oldal\u00e1n s\u00e9rtetti k\u00e9pvisel\u0151k\u00e9nt fell\u00e9p\u0151 \u00fcgyv\u00e9d azt mondta, hogy a hal\u00e1los k\u00f6zleked\u00e9si baleset \u00fcgy\u00e9ben eddig maximum t\u00edzmilli\u00f3 forint k\u00e1rt\u00e9r\u00edt\u00e9st \u00edt\u00e9ltek meg a hozz\u00e1tartoz\u00f3k sz\u00e1m\u00e1ra idehaza, de a sv\u00e1jci \u00e9s amerikai b\u00edr\u00f3s\u00e1gokon nagys\u00e1grendekkel nagyobb k\u00e1rt\u00e9r\u00edt\u00e9s [&hellip;]<\/p>\n","protected":false},"author":2,"featured_media":4239,"comment_status":"open","ping_status":"open","sticky":false,"template":"","format":"standard","meta":{"footnotes":""},"categories":[1],"tags":[],"class_list":["post-4238","post","type-post","status-publish","format-standard","has-post-thumbnail","hentry","category-penzugyi-hirek"],"yoast_head":"<!-- This site is optimized with the Yoast SEO plugin v27.4 - https:\/\/yoast.com\/product\/yoast-seo-wordpress\/ -->\n<title>Sv\u00e1jcban is perelhetnek a hozz\u00e1tartoz\u00f3k a Hable\u00e1ny-katasztr\u00f3fa miatt - Super News<\/title>\n<meta name=\"robots\" content=\"index, follow, max-snippet:-1, max-image-preview:large, max-video-preview:-1\" \/>\n<link rel=\"canonical\" href=\"https:\/\/super-news.info\/hu\/svajcban-is-perelhetnek-a-hozzatartozok-a-hableany-katasztrofa-miatt\/\" \/>\n<meta property=\"og:locale\" content=\"hu_HU\" \/>\n<meta property=\"og:type\" content=\"article\" \/>\n<meta property=\"og:title\" content=\"Sv\u00e1jcban is perelhetnek a hozz\u00e1tartoz\u00f3k a Hable\u00e1ny-katasztr\u00f3fa miatt - Super News\" \/>\n<meta property=\"og:description\" content=\"[ad_1] Sv\u00e1jcban perelhetnek k\u00e1rt\u00e9r\u00edt\u00e9s\u00e9rt a Hable\u00e1ny-katasztr\u00f3fa \u00e1ldozatainak hozz\u00e1tartoz\u00f3i \u2013 \u00edrja a Magyar Nemzet. Borb\u00e9ly Zolt\u00e1n, a Hable\u00e1ny \u00fczemeltet\u0151je, a Panorama Deck Kft. oldal\u00e1n s\u00e9rtetti k\u00e9pvisel\u0151k\u00e9nt fell\u00e9p\u0151 \u00fcgyv\u00e9d azt mondta, hogy a hal\u00e1los k\u00f6zleked\u00e9si baleset \u00fcgy\u00e9ben eddig maximum t\u00edzmilli\u00f3 forint k\u00e1rt\u00e9r\u00edt\u00e9st \u00edt\u00e9ltek meg a hozz\u00e1tartoz\u00f3k sz\u00e1m\u00e1ra idehaza, de a sv\u00e1jci \u00e9s amerikai b\u00edr\u00f3s\u00e1gokon nagys\u00e1grendekkel nagyobb k\u00e1rt\u00e9r\u00edt\u00e9s [&hellip;]\" \/>\n<meta property=\"og:url\" content=\"https:\/\/super-news.info\/hu\/svajcban-is-perelhetnek-a-hozzatartozok-a-hableany-katasztrofa-miatt\/\" \/>\n<meta property=\"og:site_name\" content=\"Super News\" \/>\n<meta property=\"article:published_time\" content=\"2019-06-17T11:25:24+00:00\" \/>\n<meta property=\"article:modified_time\" content=\"2019-06-17T11:25:25+00:00\" \/>\n<meta property=\"og:image\" content=\"https:\/\/super-news.info\/hu\/wp-content\/uploads\/sites\/3\/2019\/06\/Sv\u00e1jcban-is-perelhetnek-a-hozz\u00e1tartoz\u00f3k-a-Hable\u00e1ny-katasztr\u00f3fa-miatt.jpg\" \/>\n\t<meta property=\"og:image:width\" content=\"1337\" \/>\n\t<meta property=\"og:image:height\" content=\"752\" \/>\n\t<meta property=\"og:image:type\" content=\"image\/jpeg\" \/>\n<meta name=\"author\" content=\"super-news\" \/>\n<meta name=\"twitter:card\" content=\"summary_large_image\" \/>\n<meta name=\"twitter:label1\" content=\"Szerz\u0151:\" \/>\n\t<meta name=\"twitter:data1\" content=\"super-news\" \/>\n\t<meta name=\"twitter:label2\" content=\"Becs\u00fclt olvas\u00e1si id\u0151\" \/>\n\t<meta name=\"twitter:data2\" content=\"2 perc\" \/>\n<script type=\"application\/ld+json\" class=\"yoast-schema-graph\">{\"@context\":\"https:\\\/\\\/schema.org\",\"@graph\":[{\"@type\":\"Article\",\"@id\":\"https:\\\/\\\/super-news.info\\\/hu\\\/svajcban-is-perelhetnek-a-hozzatartozok-a-hableany-katasztrofa-miatt\\\/#article\",\"isPartOf\":{\"@id\":\"https:\\\/\\\/super-news.info\\\/hu\\\/svajcban-is-perelhetnek-a-hozzatartozok-a-hableany-katasztrofa-miatt\\\/\"},\"author\":{\"name\":\"super-news\",\"@id\":\"https:\\\/\\\/super-news.info\\\/hu\\\/#\\\/schema\\\/person\\\/2d4068cb2f39cd10008c2fce578a7356\"},\"headline\":\"Sv\u00e1jcban is perelhetnek a hozz\u00e1tartoz\u00f3k a Hable\u00e1ny-katasztr\u00f3fa miatt\",\"datePublished\":\"2019-06-17T11:25:24+00:00\",\"dateModified\":\"2019-06-17T11:25:25+00:00\",\"mainEntityOfPage\":{\"@id\":\"https:\\\/\\\/super-news.info\\\/hu\\\/svajcban-is-perelhetnek-a-hozzatartozok-a-hableany-katasztrofa-miatt\\\/\"},\"wordCount\":439,\"commentCount\":0,\"image\":{\"@id\":\"https:\\\/\\\/super-news.info\\\/hu\\\/svajcban-is-perelhetnek-a-hozzatartozok-a-hableany-katasztrofa-miatt\\\/#primaryimage\"},\"thumbnailUrl\":\"https:\\\/\\\/super-news.info\\\/hu\\\/wp-content\\\/uploads\\\/sites\\\/3\\\/2019\\\/06\\\/Sv\u00e1jcban-is-perelhetnek-a-hozz\u00e1tartoz\u00f3k-a-Hable\u00e1ny-katasztr\u00f3fa-miatt.jpg\",\"articleSection\":[\"P\u00c9NZ\u00dcGYI H\u00cdREK\"],\"inLanguage\":\"hu\",\"potentialAction\":[{\"@type\":\"CommentAction\",\"name\":\"Comment\",\"target\":[\"https:\\\/\\\/super-news.info\\\/hu\\\/svajcban-is-perelhetnek-a-hozzatartozok-a-hableany-katasztrofa-miatt\\\/#respond\"]}]},{\"@type\":\"WebPage\",\"@id\":\"https:\\\/\\\/super-news.info\\\/hu\\\/svajcban-is-perelhetnek-a-hozzatartozok-a-hableany-katasztrofa-miatt\\\/\",\"url\":\"https:\\\/\\\/super-news.info\\\/hu\\\/svajcban-is-perelhetnek-a-hozzatartozok-a-hableany-katasztrofa-miatt\\\/\",\"name\":\"Sv\u00e1jcban is perelhetnek a hozz\u00e1tartoz\u00f3k a Hable\u00e1ny-katasztr\u00f3fa miatt - Super News\",\"isPartOf\":{\"@id\":\"https:\\\/\\\/super-news.info\\\/hu\\\/#website\"},\"primaryImageOfPage\":{\"@id\":\"https:\\\/\\\/super-news.info\\\/hu\\\/svajcban-is-perelhetnek-a-hozzatartozok-a-hableany-katasztrofa-miatt\\\/#primaryimage\"},\"image\":{\"@id\":\"https:\\\/\\\/super-news.info\\\/hu\\\/svajcban-is-perelhetnek-a-hozzatartozok-a-hableany-katasztrofa-miatt\\\/#primaryimage\"},\"thumbnailUrl\":\"https:\\\/\\\/super-news.info\\\/hu\\\/wp-content\\\/uploads\\\/sites\\\/3\\\/2019\\\/06\\\/Sv\u00e1jcban-is-perelhetnek-a-hozz\u00e1tartoz\u00f3k-a-Hable\u00e1ny-katasztr\u00f3fa-miatt.jpg\",\"datePublished\":\"2019-06-17T11:25:24+00:00\",\"dateModified\":\"2019-06-17T11:25:25+00:00\",\"author\":{\"@id\":\"https:\\\/\\\/super-news.info\\\/hu\\\/#\\\/schema\\\/person\\\/2d4068cb2f39cd10008c2fce578a7356\"},\"breadcrumb\":{\"@id\":\"https:\\\/\\\/super-news.info\\\/hu\\\/svajcban-is-perelhetnek-a-hozzatartozok-a-hableany-katasztrofa-miatt\\\/#breadcrumb\"},\"inLanguage\":\"hu\",\"potentialAction\":[{\"@type\":\"ReadAction\",\"target\":[\"https:\\\/\\\/super-news.info\\\/hu\\\/svajcban-is-perelhetnek-a-hozzatartozok-a-hableany-katasztrofa-miatt\\\/\"]}]},{\"@type\":\"ImageObject\",\"inLanguage\":\"hu\",\"@id\":\"https:\\\/\\\/super-news.info\\\/hu\\\/svajcban-is-perelhetnek-a-hozzatartozok-a-hableany-katasztrofa-miatt\\\/#primaryimage\",\"url\":\"https:\\\/\\\/super-news.info\\\/hu\\\/wp-content\\\/uploads\\\/sites\\\/3\\\/2019\\\/06\\\/Sv\u00e1jcban-is-perelhetnek-a-hozz\u00e1tartoz\u00f3k-a-Hable\u00e1ny-katasztr\u00f3fa-miatt.jpg\",\"contentUrl\":\"https:\\\/\\\/super-news.info\\\/hu\\\/wp-content\\\/uploads\\\/sites\\\/3\\\/2019\\\/06\\\/Sv\u00e1jcban-is-perelhetnek-a-hozz\u00e1tartoz\u00f3k-a-Hable\u00e1ny-katasztr\u00f3fa-miatt.jpg\",\"width\":1337,\"height\":752,\"caption\":\"Sv\u00e1jcban is perelhetnek a hozz\u00e1tartoz\u00f3k a Hable\u00e1ny-katasztr\u00f3fa miatt\"},{\"@type\":\"BreadcrumbList\",\"@id\":\"https:\\\/\\\/super-news.info\\\/hu\\\/svajcban-is-perelhetnek-a-hozzatartozok-a-hableany-katasztrofa-miatt\\\/#breadcrumb\",\"itemListElement\":[{\"@type\":\"ListItem\",\"position\":1,\"name\":\"\u0413\u043b\u0430\u0432\u043d\u0430\u044f \u0441\u0442\u0440\u0430\u043d\u0438\u0446\u0430\",\"item\":\"https:\\\/\\\/super-news.info\\\/hu\\\/\"},{\"@type\":\"ListItem\",\"position\":2,\"name\":\"Sv\u00e1jcban is perelhetnek a hozz\u00e1tartoz\u00f3k a Hable\u00e1ny-katasztr\u00f3fa miatt\"}]},{\"@type\":\"WebSite\",\"@id\":\"https:\\\/\\\/super-news.info\\\/hu\\\/#website\",\"url\":\"https:\\\/\\\/super-news.info\\\/hu\\\/\",\"name\":\"Super News\",\"description\":\"Super News Magyarorsz\u00e1g\",\"potentialAction\":[{\"@type\":\"SearchAction\",\"target\":{\"@type\":\"EntryPoint\",\"urlTemplate\":\"https:\\\/\\\/super-news.info\\\/hu\\\/?s={search_term_string}\"},\"query-input\":{\"@type\":\"PropertyValueSpecification\",\"valueRequired\":true,\"valueName\":\"search_term_string\"}}],\"inLanguage\":\"hu\"},{\"@type\":\"Person\",\"@id\":\"https:\\\/\\\/super-news.info\\\/hu\\\/#\\\/schema\\\/person\\\/2d4068cb2f39cd10008c2fce578a7356\",\"name\":\"super-news\",\"image\":{\"@type\":\"ImageObject\",\"inLanguage\":\"hu\",\"@id\":\"https:\\\/\\\/secure.gravatar.com\\\/avatar\\\/64ebac40b93f26a154f8a9b5b6fdccfc46f442b26b3dd6756dbff3bf9dc76fd7?s=96&d=mm&r=g\",\"url\":\"https:\\\/\\\/secure.gravatar.com\\\/avatar\\\/64ebac40b93f26a154f8a9b5b6fdccfc46f442b26b3dd6756dbff3bf9dc76fd7?s=96&d=mm&r=g\",\"contentUrl\":\"https:\\\/\\\/secure.gravatar.com\\\/avatar\\\/64ebac40b93f26a154f8a9b5b6fdccfc46f442b26b3dd6756dbff3bf9dc76fd7?s=96&d=mm&r=g\",\"caption\":\"super-news\"},\"url\":\"https:\\\/\\\/super-news.info\\\/hu\\\/author\\\/pt\\\/\"}]}<\/script>\n<!-- \/ Yoast SEO plugin. -->","yoast_head_json":{"title":"Sv\u00e1jcban is perelhetnek a hozz\u00e1tartoz\u00f3k a Hable\u00e1ny-katasztr\u00f3fa miatt - Super News","robots":{"index":"index","follow":"follow","max-snippet":"max-snippet:-1","max-image-preview":"max-image-preview:large","max-video-preview":"max-video-preview:-1"},"canonical":"https:\/\/super-news.info\/hu\/svajcban-is-perelhetnek-a-hozzatartozok-a-hableany-katasztrofa-miatt\/","og_locale":"hu_HU","og_type":"article","og_title":"Sv\u00e1jcban is perelhetnek a hozz\u00e1tartoz\u00f3k a Hable\u00e1ny-katasztr\u00f3fa miatt - Super News","og_description":"[ad_1] Sv\u00e1jcban perelhetnek k\u00e1rt\u00e9r\u00edt\u00e9s\u00e9rt a Hable\u00e1ny-katasztr\u00f3fa \u00e1ldozatainak hozz\u00e1tartoz\u00f3i \u2013 \u00edrja a Magyar Nemzet. Borb\u00e9ly Zolt\u00e1n, a Hable\u00e1ny \u00fczemeltet\u0151je, a Panorama Deck Kft. oldal\u00e1n s\u00e9rtetti k\u00e9pvisel\u0151k\u00e9nt fell\u00e9p\u0151 \u00fcgyv\u00e9d azt mondta, hogy a hal\u00e1los k\u00f6zleked\u00e9si baleset \u00fcgy\u00e9ben eddig maximum t\u00edzmilli\u00f3 forint k\u00e1rt\u00e9r\u00edt\u00e9st \u00edt\u00e9ltek meg a hozz\u00e1tartoz\u00f3k sz\u00e1m\u00e1ra idehaza, de a sv\u00e1jci \u00e9s amerikai b\u00edr\u00f3s\u00e1gokon nagys\u00e1grendekkel nagyobb k\u00e1rt\u00e9r\u00edt\u00e9s [&hellip;]","og_url":"https:\/\/super-news.info\/hu\/svajcban-is-perelhetnek-a-hozzatartozok-a-hableany-katasztrofa-miatt\/","og_site_name":"Super News","article_published_time":"2019-06-17T11:25:24+00:00","article_modified_time":"2019-06-17T11:25:25+00:00","og_image":[{"width":1337,"height":752,"url":"https:\/\/super-news.info\/hu\/wp-content\/uploads\/sites\/3\/2019\/06\/Sv\u00e1jcban-is-perelhetnek-a-hozz\u00e1tartoz\u00f3k-a-Hable\u00e1ny-katasztr\u00f3fa-miatt.jpg","type":"image\/jpeg"}],"author":"super-news","twitter_card":"summary_large_image","twitter_misc":{"Szerz\u0151:":"super-news","Becs\u00fclt olvas\u00e1si id\u0151":"2 perc"},"schema":{"@context":"https:\/\/schema.org","@graph":[{"@type":"Article","@id":"https:\/\/super-news.info\/hu\/svajcban-is-perelhetnek-a-hozzatartozok-a-hableany-katasztrofa-miatt\/#article","isPartOf":{"@id":"https:\/\/super-news.info\/hu\/svajcban-is-perelhetnek-a-hozzatartozok-a-hableany-katasztrofa-miatt\/"},"author":{"name":"super-news","@id":"https:\/\/super-news.info\/hu\/#\/schema\/person\/2d4068cb2f39cd10008c2fce578a7356"},"headline":"Sv\u00e1jcban is perelhetnek a hozz\u00e1tartoz\u00f3k a Hable\u00e1ny-katasztr\u00f3fa miatt","datePublished":"2019-06-17T11:25:24+00:00","dateModified":"2019-06-17T11:25:25+00:00","mainEntityOfPage":{"@id":"https:\/\/super-news.info\/hu\/svajcban-is-perelhetnek-a-hozzatartozok-a-hableany-katasztrofa-miatt\/"},"wordCount":439,"commentCount":0,"image":{"@id":"https:\/\/super-news.info\/hu\/svajcban-is-perelhetnek-a-hozzatartozok-a-hableany-katasztrofa-miatt\/#primaryimage"},"thumbnailUrl":"https:\/\/super-news.info\/hu\/wp-content\/uploads\/sites\/3\/2019\/06\/Sv\u00e1jcban-is-perelhetnek-a-hozz\u00e1tartoz\u00f3k-a-Hable\u00e1ny-katasztr\u00f3fa-miatt.jpg","articleSection":["P\u00c9NZ\u00dcGYI H\u00cdREK"],"inLanguage":"hu","potentialAction":[{"@type":"CommentAction","name":"Comment","target":["https:\/\/super-news.info\/hu\/svajcban-is-perelhetnek-a-hozzatartozok-a-hableany-katasztrofa-miatt\/#respond"]}]},{"@type":"WebPage","@id":"https:\/\/super-news.info\/hu\/svajcban-is-perelhetnek-a-hozzatartozok-a-hableany-katasztrofa-miatt\/","url":"https:\/\/super-news.info\/hu\/svajcban-is-perelhetnek-a-hozzatartozok-a-hableany-katasztrofa-miatt\/","name":"Sv\u00e1jcban is perelhetnek a hozz\u00e1tartoz\u00f3k a Hable\u00e1ny-katasztr\u00f3fa miatt - Super News","isPartOf":{"@id":"https:\/\/super-news.info\/hu\/#website"},"primaryImageOfPage":{"@id":"https:\/\/super-news.info\/hu\/svajcban-is-perelhetnek-a-hozzatartozok-a-hableany-katasztrofa-miatt\/#primaryimage"},"image":{"@id":"https:\/\/super-news.info\/hu\/svajcban-is-perelhetnek-a-hozzatartozok-a-hableany-katasztrofa-miatt\/#primaryimage"},"thumbnailUrl":"https:\/\/super-news.info\/hu\/wp-content\/uploads\/sites\/3\/2019\/06\/Sv\u00e1jcban-is-perelhetnek-a-hozz\u00e1tartoz\u00f3k-a-Hable\u00e1ny-katasztr\u00f3fa-miatt.jpg","datePublished":"2019-06-17T11:25:24+00:00","dateModified":"2019-06-17T11:25:25+00:00","author":{"@id":"https:\/\/super-news.info\/hu\/#\/schema\/person\/2d4068cb2f39cd10008c2fce578a7356"},"breadcrumb":{"@id":"https:\/\/super-news.info\/hu\/svajcban-is-perelhetnek-a-hozzatartozok-a-hableany-katasztrofa-miatt\/#breadcrumb"},"inLanguage":"hu","potentialAction":[{"@type":"ReadAction","target":["https:\/\/super-news.info\/hu\/svajcban-is-perelhetnek-a-hozzatartozok-a-hableany-katasztrofa-miatt\/"]}]},{"@type":"ImageObject","inLanguage":"hu","@id":"https:\/\/super-news.info\/hu\/svajcban-is-perelhetnek-a-hozzatartozok-a-hableany-katasztrofa-miatt\/#primaryimage","url":"https:\/\/super-news.info\/hu\/wp-content\/uploads\/sites\/3\/2019\/06\/Sv\u00e1jcban-is-perelhetnek-a-hozz\u00e1tartoz\u00f3k-a-Hable\u00e1ny-katasztr\u00f3fa-miatt.jpg","contentUrl":"https:\/\/super-news.info\/hu\/wp-content\/uploads\/sites\/3\/2019\/06\/Sv\u00e1jcban-is-perelhetnek-a-hozz\u00e1tartoz\u00f3k-a-Hable\u00e1ny-katasztr\u00f3fa-miatt.jpg","width":1337,"height":752,"caption":"Sv\u00e1jcban is perelhetnek a hozz\u00e1tartoz\u00f3k a Hable\u00e1ny-katasztr\u00f3fa miatt"},{"@type":"BreadcrumbList","@id":"https:\/\/super-news.info\/hu\/svajcban-is-perelhetnek-a-hozzatartozok-a-hableany-katasztrofa-miatt\/#breadcrumb","itemListElement":[{"@type":"ListItem","position":1,"name":"\u0413\u043b\u0430\u0432\u043d\u0430\u044f \u0441\u0442\u0440\u0430\u043d\u0438\u0446\u0430","item":"https:\/\/super-news.info\/hu\/"},{"@type":"ListItem","position":2,"name":"Sv\u00e1jcban is perelhetnek a hozz\u00e1tartoz\u00f3k a Hable\u00e1ny-katasztr\u00f3fa miatt"}]},{"@type":"WebSite","@id":"https:\/\/super-news.info\/hu\/#website","url":"https:\/\/super-news.info\/hu\/","name":"Super News","description":"Super News Magyarorsz\u00e1g","potentialAction":[{"@type":"SearchAction","target":{"@type":"EntryPoint","urlTemplate":"https:\/\/super-news.info\/hu\/?s={search_term_string}"},"query-input":{"@type":"PropertyValueSpecification","valueRequired":true,"valueName":"search_term_string"}}],"inLanguage":"hu"},{"@type":"Person","@id":"https:\/\/super-news.info\/hu\/#\/schema\/person\/2d4068cb2f39cd10008c2fce578a7356","name":"super-news","image":{"@type":"ImageObject","inLanguage":"hu","@id":"https:\/\/secure.gravatar.com\/avatar\/64ebac40b93f26a154f8a9b5b6fdccfc46f442b26b3dd6756dbff3bf9dc76fd7?s=96&d=mm&r=g","url":"https:\/\/secure.gravatar.com\/avatar\/64ebac40b93f26a154f8a9b5b6fdccfc46f442b26b3dd6756dbff3bf9dc76fd7?s=96&d=mm&r=g","contentUrl":"https:\/\/secure.gravatar.com\/avatar\/64ebac40b93f26a154f8a9b5b6fdccfc46f442b26b3dd6756dbff3bf9dc76fd7?s=96&d=mm&r=g","caption":"super-news"},"url":"https:\/\/super-news.info\/hu\/author\/pt\/"}]}},"_links":{"self":[{"href":"https:\/\/super-news.info\/hu\/wp-json\/wp\/v2\/posts\/4238","targetHints":{"allow":["GET"]}}],"collection":[{"href":"https:\/\/super-news.info\/hu\/wp-json\/wp\/v2\/posts"}],"about":[{"href":"https:\/\/super-news.info\/hu\/wp-json\/wp\/v2\/types\/post"}],"author":[{"embeddable":true,"href":"https:\/\/super-news.info\/hu\/wp-json\/wp\/v2\/users\/2"}],"replies":[{"embeddable":true,"href":"https:\/\/super-news.info\/hu\/wp-json\/wp\/v2\/comments?post=4238"}],"version-history":[{"count":1,"href":"https:\/\/super-news.info\/hu\/wp-json\/wp\/v2\/posts\/4238\/revisions"}],"predecessor-version":[{"id":4240,"href":"https:\/\/super-news.info\/hu\/wp-json\/wp\/v2\/posts\/4238\/revisions\/4240"}],"wp:featuredmedia":[{"embeddable":true,"href":"https:\/\/super-news.info\/hu\/wp-json\/wp\/v2\/media\/4239"}],"wp:attachment":[{"href":"https:\/\/super-news.info\/hu\/wp-json\/wp\/v2\/media?parent=4238"}],"wp:term":[{"taxonomy":"category","embeddable":true,"href":"https:\/\/super-news.info\/hu\/wp-json\/wp\/v2\/categories?post=4238"},{"taxonomy":"post_tag","embeddable":true,"href":"https:\/\/super-news.info\/hu\/wp-json\/wp\/v2\/tags?post=4238"}],"curies":[{"name":"wp","href":"https:\/\/api.w.org\/{rel}","templated":true}]}}