{"id":4220,"date":"2019-06-17T10:43:30","date_gmt":"2019-06-17T07:43:30","guid":{"rendered":"https:\/\/super-news.info\/hu\/fakat-dontott-ki-a-vihar-ket-utcat-is-elontott-a-viz\/"},"modified":"2019-06-17T10:43:31","modified_gmt":"2019-06-17T07:43:31","slug":"fakat-dontott-ki-a-vihar-ket-utcat-is-elontott-a-viz","status":"publish","type":"post","link":"https:\/\/super-news.info\/hu\/fakat-dontott-ki-a-vihar-ket-utcat-is-elontott-a-viz\/","title":{"rendered":"F\u00e1kat d\u00f6nt\u00f6tt ki a vihar, k\u00e9t utc\u00e1t is el\u00f6nt\u00f6tt a v\u00edz"},"content":{"rendered":"<p> [ad_1]<br \/>\n<\/p>\n<div>\n<p>Huszonh\u00e9tszer riasztott\u00e1k Szabolcs-Szatm\u00e1r-Bereg megye t\u0171zolt\u00f3it a vas\u00e1rnapi vihar miatt \u2013 k\u00f6z\u00f6lte a t\u00e9rs\u00e9gi katasztr\u00f3fav\u00e9delmi igazgat\u00f3s\u00e1g megb\u00edzott sz\u00f3viv\u0151je.<\/p>\n<p>Ny\u00edregyh\u00e1z\u00e1n, \u00c9rpatakon, Tiszavasv\u00e1riban, Kisar \u00e9s Feh\u00e9rgyarmat k\u00f6z\u00f6tt, valamint F\u00e1bi\u00e1nh\u00e1za \u00e9s M\u00e9rk k\u00f6z\u00f6tt \u00fattestre d\u0151lt f\u00e1t t\u00e1vol\u00edtottak el. Tiszal\u00f6k\u00f6n egy nagy fa\u00e1g d\u00f6nt\u00f6tt ki betonoszlopot, amely r\u00e1esett egy szem\u00e9lyaut\u00f3ra, Tyukodn\u00e1l pedig telefonoszlopot t\u00f6rt kett\u00e9 \u00e9s telefonvezet\u00e9ket szak\u00edtott le egy fa.<\/p>\n<p>A pinc\u00e9kben \u00f6sszegy\u0171lt csapad\u00e9kv\u00edz szivatty\u00faz\u00e1s\u00e1hoz k\u00e9rt\u00e9k a t\u0171zolt\u00f3k seg\u00edts\u00e9g\u00e9t Rakamazon, Bujon, Bals\u00e1n, K\u00e1lm\u00e1nh\u00e1z\u00e1n \u00e9s \u00dajfeh\u00e9rt\u00f3n. Rakamazon az \u00fattesten \u00e1tfoly\u00f3 csapad\u00e9kv\u00edzben akadt el egy aut\u00f3, Ny\u00edregyh\u00e1z\u00e1n pedig munkag\u00f6d\u00f6rbe szakadt szem\u00e9lyg\u00e9pkocsit szabad\u00edtottak ki a t\u0171zolt\u00f3k.<\/p>\n<div id=\"attachment_936438\" style=\"width: 1410px\" class=\"wp-caption aligncenter\">\n<p class=\"wp-caption-text\">Fot\u00f3: AFP<\/p>\n<\/div>\n<p>Az es\u0151z\u00e9s miatt k\u00e9t utc\u00e1t is el\u00f6nt\u00f6tt a S\u00fari-patak Bakonycserny\u00e9n. A S\u00fari-patak magas v\u00edz\u00e1ll\u00e1sa miatt a J\u00f3zsef Attila utc\u00e1t \u00e9s a T\u00e1ncsics Mih\u00e1ly utc\u00e1t el\u00f6nt\u00f6tte a v\u00edz Bakonycserny\u00e9n \u2013 k\u00f6z\u00f6lte a Fej\u00e9r Megyei Katasztr\u00f3fav\u00e9delmi Igazgat\u00f3s\u00e1g h\u00e9tf\u0151 reggel. A helysz\u00ednen vannak a sz\u00e9kesfeh\u00e9rv\u00e1ri \u00e9s a m\u00f3ri t\u0171zolt\u00f3k, akik megkezdt\u00e9k az ingatlanokban az \u00e9rt\u00e9kt\u00e1rgyak, valamint a kis\u00e1llatok ment\u00e9s\u00e9t \u2013 \u00edrt\u00e1k.<\/p>\n<\/p><\/div>\n<p><script>\n    window.fbAsyncInit = function() {\n        FB.init({\n            appId      : \"204760236815359\",\n            xfbml      : true,\n            version    : \"v2.12\"\n        });\n        FB.AppEvents.logPageView();\n    };<\/p>\n<p>    (function(d, s, id){\n        var js, fjs = d.getElementsByTagName(s)[0];\n        if (d.getElementById(id)) {return;}\n        js = d.createElement(s); js.id = id;\n        js.src = \"http:\/\/connect.facebook.net\/hu_HU\/sdk.js\";\n        fjs.parentNode.insertBefore(js, fjs);\n    }(document, \"script\", \"facebook-jssdk\"));\n<\/script><br \/>\n<br \/>[ad_2]<br \/>\n<br \/><a href=\"https:\/\/www.vg.hu\/kozelet\/kozeleti-hirek\/fakat-dontott-ki-a-vihar-ket-utcat-is-elontott-a-viz-1573976\/\">Source link <\/a><\/p>\n","protected":false},"excerpt":{"rendered":"<p>[ad_1] Huszonh\u00e9tszer riasztott\u00e1k Szabolcs-Szatm\u00e1r-Bereg megye t\u0171zolt\u00f3it a vas\u00e1rnapi vihar miatt \u2013 k\u00f6z\u00f6lte a t\u00e9rs\u00e9gi katasztr\u00f3fav\u00e9delmi igazgat\u00f3s\u00e1g megb\u00edzott sz\u00f3viv\u0151je. Ny\u00edregyh\u00e1z\u00e1n, \u00c9rpatakon, Tiszavasv\u00e1riban, Kisar \u00e9s Feh\u00e9rgyarmat k\u00f6z\u00f6tt, valamint F\u00e1bi\u00e1nh\u00e1za \u00e9s M\u00e9rk k\u00f6z\u00f6tt \u00fattestre d\u0151lt f\u00e1t t\u00e1vol\u00edtottak el. Tiszal\u00f6k\u00f6n egy nagy fa\u00e1g d\u00f6nt\u00f6tt ki betonoszlopot, amely r\u00e1esett egy szem\u00e9lyaut\u00f3ra, Tyukodn\u00e1l pedig telefonoszlopot t\u00f6rt kett\u00e9 \u00e9s telefonvezet\u00e9ket szak\u00edtott le [&hellip;]<\/p>\n","protected":false},"author":2,"featured_media":4221,"comment_status":"open","ping_status":"open","sticky":false,"template":"","format":"standard","meta":{"footnotes":""},"categories":[1],"tags":[],"class_list":["post-4220","post","type-post","status-publish","format-standard","has-post-thumbnail","hentry","category-penzugyi-hirek"],"yoast_head":"<!-- This site is optimized with the Yoast SEO plugin v27.4 - https:\/\/yoast.com\/product\/yoast-seo-wordpress\/ -->\n<title>F\u00e1kat d\u00f6nt\u00f6tt ki a vihar, k\u00e9t utc\u00e1t is el\u00f6nt\u00f6tt a v\u00edz - Super News<\/title>\n<meta name=\"robots\" content=\"index, follow, max-snippet:-1, max-image-preview:large, max-video-preview:-1\" \/>\n<link rel=\"canonical\" href=\"https:\/\/super-news.info\/hu\/fakat-dontott-ki-a-vihar-ket-utcat-is-elontott-a-viz\/\" \/>\n<meta property=\"og:locale\" content=\"hu_HU\" \/>\n<meta property=\"og:type\" content=\"article\" \/>\n<meta property=\"og:title\" content=\"F\u00e1kat d\u00f6nt\u00f6tt ki a vihar, k\u00e9t utc\u00e1t is el\u00f6nt\u00f6tt a v\u00edz - Super News\" \/>\n<meta property=\"og:description\" content=\"[ad_1] Huszonh\u00e9tszer riasztott\u00e1k Szabolcs-Szatm\u00e1r-Bereg megye t\u0171zolt\u00f3it a vas\u00e1rnapi vihar miatt \u2013 k\u00f6z\u00f6lte a t\u00e9rs\u00e9gi katasztr\u00f3fav\u00e9delmi igazgat\u00f3s\u00e1g megb\u00edzott sz\u00f3viv\u0151je. Ny\u00edregyh\u00e1z\u00e1n, \u00c9rpatakon, Tiszavasv\u00e1riban, Kisar \u00e9s Feh\u00e9rgyarmat k\u00f6z\u00f6tt, valamint F\u00e1bi\u00e1nh\u00e1za \u00e9s M\u00e9rk k\u00f6z\u00f6tt \u00fattestre d\u0151lt f\u00e1t t\u00e1vol\u00edtottak el. Tiszal\u00f6k\u00f6n egy nagy fa\u00e1g d\u00f6nt\u00f6tt ki betonoszlopot, amely r\u00e1esett egy szem\u00e9lyaut\u00f3ra, Tyukodn\u00e1l pedig telefonoszlopot t\u00f6rt kett\u00e9 \u00e9s telefonvezet\u00e9ket szak\u00edtott le [&hellip;]\" \/>\n<meta property=\"og:url\" content=\"https:\/\/super-news.info\/hu\/fakat-dontott-ki-a-vihar-ket-utcat-is-elontott-a-viz\/\" \/>\n<meta property=\"og:site_name\" content=\"Super News\" \/>\n<meta property=\"article:published_time\" content=\"2019-06-17T07:43:30+00:00\" \/>\n<meta property=\"article:modified_time\" content=\"2019-06-17T07:43:31+00:00\" \/>\n<meta property=\"og:image\" content=\"https:\/\/super-news.info\/hu\/wp-content\/uploads\/sites\/3\/2019\/06\/F\u00e1kat-d\u00f6nt\u00f6tt-ki-a-vihar-k\u00e9t-utc\u00e1t-is-el\u00f6nt\u00f6tt-a.jpg\" \/>\n\t<meta property=\"og:image:width\" content=\"1400\" \/>\n\t<meta property=\"og:image:height\" content=\"930\" \/>\n\t<meta property=\"og:image:type\" content=\"image\/jpeg\" \/>\n<meta name=\"author\" content=\"super-news\" \/>\n<meta name=\"twitter:card\" content=\"summary_large_image\" \/>\n<meta name=\"twitter:label1\" content=\"Szerz\u0151:\" \/>\n\t<meta name=\"twitter:data1\" content=\"super-news\" \/>\n\t<meta name=\"twitter:label2\" content=\"Becs\u00fclt olvas\u00e1si id\u0151\" \/>\n\t<meta name=\"twitter:data2\" content=\"1 perc\" \/>\n<script type=\"application\/ld+json\" class=\"yoast-schema-graph\">{\"@context\":\"https:\\\/\\\/schema.org\",\"@graph\":[{\"@type\":\"Article\",\"@id\":\"https:\\\/\\\/super-news.info\\\/hu\\\/fakat-dontott-ki-a-vihar-ket-utcat-is-elontott-a-viz\\\/#article\",\"isPartOf\":{\"@id\":\"https:\\\/\\\/super-news.info\\\/hu\\\/fakat-dontott-ki-a-vihar-ket-utcat-is-elontott-a-viz\\\/\"},\"author\":{\"name\":\"super-news\",\"@id\":\"https:\\\/\\\/super-news.info\\\/hu\\\/#\\\/schema\\\/person\\\/2d4068cb2f39cd10008c2fce578a7356\"},\"headline\":\"F\u00e1kat d\u00f6nt\u00f6tt ki a vihar, k\u00e9t utc\u00e1t is el\u00f6nt\u00f6tt a v\u00edz\",\"datePublished\":\"2019-06-17T07:43:30+00:00\",\"dateModified\":\"2019-06-17T07:43:31+00:00\",\"mainEntityOfPage\":{\"@id\":\"https:\\\/\\\/super-news.info\\\/hu\\\/fakat-dontott-ki-a-vihar-ket-utcat-is-elontott-a-viz\\\/\"},\"wordCount\":291,\"commentCount\":0,\"image\":{\"@id\":\"https:\\\/\\\/super-news.info\\\/hu\\\/fakat-dontott-ki-a-vihar-ket-utcat-is-elontott-a-viz\\\/#primaryimage\"},\"thumbnailUrl\":\"https:\\\/\\\/super-news.info\\\/hu\\\/wp-content\\\/uploads\\\/sites\\\/3\\\/2019\\\/06\\\/F\u00e1kat-d\u00f6nt\u00f6tt-ki-a-vihar-k\u00e9t-utc\u00e1t-is-el\u00f6nt\u00f6tt-a.jpg\",\"articleSection\":[\"P\u00c9NZ\u00dcGYI H\u00cdREK\"],\"inLanguage\":\"hu\",\"potentialAction\":[{\"@type\":\"CommentAction\",\"name\":\"Comment\",\"target\":[\"https:\\\/\\\/super-news.info\\\/hu\\\/fakat-dontott-ki-a-vihar-ket-utcat-is-elontott-a-viz\\\/#respond\"]}]},{\"@type\":\"WebPage\",\"@id\":\"https:\\\/\\\/super-news.info\\\/hu\\\/fakat-dontott-ki-a-vihar-ket-utcat-is-elontott-a-viz\\\/\",\"url\":\"https:\\\/\\\/super-news.info\\\/hu\\\/fakat-dontott-ki-a-vihar-ket-utcat-is-elontott-a-viz\\\/\",\"name\":\"F\u00e1kat d\u00f6nt\u00f6tt ki a vihar, k\u00e9t utc\u00e1t is el\u00f6nt\u00f6tt a v\u00edz - Super News\",\"isPartOf\":{\"@id\":\"https:\\\/\\\/super-news.info\\\/hu\\\/#website\"},\"primaryImageOfPage\":{\"@id\":\"https:\\\/\\\/super-news.info\\\/hu\\\/fakat-dontott-ki-a-vihar-ket-utcat-is-elontott-a-viz\\\/#primaryimage\"},\"image\":{\"@id\":\"https:\\\/\\\/super-news.info\\\/hu\\\/fakat-dontott-ki-a-vihar-ket-utcat-is-elontott-a-viz\\\/#primaryimage\"},\"thumbnailUrl\":\"https:\\\/\\\/super-news.info\\\/hu\\\/wp-content\\\/uploads\\\/sites\\\/3\\\/2019\\\/06\\\/F\u00e1kat-d\u00f6nt\u00f6tt-ki-a-vihar-k\u00e9t-utc\u00e1t-is-el\u00f6nt\u00f6tt-a.jpg\",\"datePublished\":\"2019-06-17T07:43:30+00:00\",\"dateModified\":\"2019-06-17T07:43:31+00:00\",\"author\":{\"@id\":\"https:\\\/\\\/super-news.info\\\/hu\\\/#\\\/schema\\\/person\\\/2d4068cb2f39cd10008c2fce578a7356\"},\"breadcrumb\":{\"@id\":\"https:\\\/\\\/super-news.info\\\/hu\\\/fakat-dontott-ki-a-vihar-ket-utcat-is-elontott-a-viz\\\/#breadcrumb\"},\"inLanguage\":\"hu\",\"potentialAction\":[{\"@type\":\"ReadAction\",\"target\":[\"https:\\\/\\\/super-news.info\\\/hu\\\/fakat-dontott-ki-a-vihar-ket-utcat-is-elontott-a-viz\\\/\"]}]},{\"@type\":\"ImageObject\",\"inLanguage\":\"hu\",\"@id\":\"https:\\\/\\\/super-news.info\\\/hu\\\/fakat-dontott-ki-a-vihar-ket-utcat-is-elontott-a-viz\\\/#primaryimage\",\"url\":\"https:\\\/\\\/super-news.info\\\/hu\\\/wp-content\\\/uploads\\\/sites\\\/3\\\/2019\\\/06\\\/F\u00e1kat-d\u00f6nt\u00f6tt-ki-a-vihar-k\u00e9t-utc\u00e1t-is-el\u00f6nt\u00f6tt-a.jpg\",\"contentUrl\":\"https:\\\/\\\/super-news.info\\\/hu\\\/wp-content\\\/uploads\\\/sites\\\/3\\\/2019\\\/06\\\/F\u00e1kat-d\u00f6nt\u00f6tt-ki-a-vihar-k\u00e9t-utc\u00e1t-is-el\u00f6nt\u00f6tt-a.jpg\",\"width\":1400,\"height\":930,\"caption\":\"F\u00e1kat d\u00f6nt\u00f6tt ki a vihar, k\u00e9t utc\u00e1t is el\u00f6nt\u00f6tt a v\u00edz\"},{\"@type\":\"BreadcrumbList\",\"@id\":\"https:\\\/\\\/super-news.info\\\/hu\\\/fakat-dontott-ki-a-vihar-ket-utcat-is-elontott-a-viz\\\/#breadcrumb\",\"itemListElement\":[{\"@type\":\"ListItem\",\"position\":1,\"name\":\"\u0413\u043b\u0430\u0432\u043d\u0430\u044f \u0441\u0442\u0440\u0430\u043d\u0438\u0446\u0430\",\"item\":\"https:\\\/\\\/super-news.info\\\/hu\\\/\"},{\"@type\":\"ListItem\",\"position\":2,\"name\":\"F\u00e1kat d\u00f6nt\u00f6tt ki a vihar, k\u00e9t utc\u00e1t is el\u00f6nt\u00f6tt a v\u00edz\"}]},{\"@type\":\"WebSite\",\"@id\":\"https:\\\/\\\/super-news.info\\\/hu\\\/#website\",\"url\":\"https:\\\/\\\/super-news.info\\\/hu\\\/\",\"name\":\"Super News\",\"description\":\"Super News Magyarorsz\u00e1g\",\"potentialAction\":[{\"@type\":\"SearchAction\",\"target\":{\"@type\":\"EntryPoint\",\"urlTemplate\":\"https:\\\/\\\/super-news.info\\\/hu\\\/?s={search_term_string}\"},\"query-input\":{\"@type\":\"PropertyValueSpecification\",\"valueRequired\":true,\"valueName\":\"search_term_string\"}}],\"inLanguage\":\"hu\"},{\"@type\":\"Person\",\"@id\":\"https:\\\/\\\/super-news.info\\\/hu\\\/#\\\/schema\\\/person\\\/2d4068cb2f39cd10008c2fce578a7356\",\"name\":\"super-news\",\"image\":{\"@type\":\"ImageObject\",\"inLanguage\":\"hu\",\"@id\":\"https:\\\/\\\/secure.gravatar.com\\\/avatar\\\/64ebac40b93f26a154f8a9b5b6fdccfc46f442b26b3dd6756dbff3bf9dc76fd7?s=96&d=mm&r=g\",\"url\":\"https:\\\/\\\/secure.gravatar.com\\\/avatar\\\/64ebac40b93f26a154f8a9b5b6fdccfc46f442b26b3dd6756dbff3bf9dc76fd7?s=96&d=mm&r=g\",\"contentUrl\":\"https:\\\/\\\/secure.gravatar.com\\\/avatar\\\/64ebac40b93f26a154f8a9b5b6fdccfc46f442b26b3dd6756dbff3bf9dc76fd7?s=96&d=mm&r=g\",\"caption\":\"super-news\"},\"url\":\"https:\\\/\\\/super-news.info\\\/hu\\\/author\\\/pt\\\/\"}]}<\/script>\n<!-- \/ Yoast SEO plugin. -->","yoast_head_json":{"title":"F\u00e1kat d\u00f6nt\u00f6tt ki a vihar, k\u00e9t utc\u00e1t is el\u00f6nt\u00f6tt a v\u00edz - Super News","robots":{"index":"index","follow":"follow","max-snippet":"max-snippet:-1","max-image-preview":"max-image-preview:large","max-video-preview":"max-video-preview:-1"},"canonical":"https:\/\/super-news.info\/hu\/fakat-dontott-ki-a-vihar-ket-utcat-is-elontott-a-viz\/","og_locale":"hu_HU","og_type":"article","og_title":"F\u00e1kat d\u00f6nt\u00f6tt ki a vihar, k\u00e9t utc\u00e1t is el\u00f6nt\u00f6tt a v\u00edz - Super News","og_description":"[ad_1] Huszonh\u00e9tszer riasztott\u00e1k Szabolcs-Szatm\u00e1r-Bereg megye t\u0171zolt\u00f3it a vas\u00e1rnapi vihar miatt \u2013 k\u00f6z\u00f6lte a t\u00e9rs\u00e9gi katasztr\u00f3fav\u00e9delmi igazgat\u00f3s\u00e1g megb\u00edzott sz\u00f3viv\u0151je. Ny\u00edregyh\u00e1z\u00e1n, \u00c9rpatakon, Tiszavasv\u00e1riban, Kisar \u00e9s Feh\u00e9rgyarmat k\u00f6z\u00f6tt, valamint F\u00e1bi\u00e1nh\u00e1za \u00e9s M\u00e9rk k\u00f6z\u00f6tt \u00fattestre d\u0151lt f\u00e1t t\u00e1vol\u00edtottak el. Tiszal\u00f6k\u00f6n egy nagy fa\u00e1g d\u00f6nt\u00f6tt ki betonoszlopot, amely r\u00e1esett egy szem\u00e9lyaut\u00f3ra, Tyukodn\u00e1l pedig telefonoszlopot t\u00f6rt kett\u00e9 \u00e9s telefonvezet\u00e9ket szak\u00edtott le [&hellip;]","og_url":"https:\/\/super-news.info\/hu\/fakat-dontott-ki-a-vihar-ket-utcat-is-elontott-a-viz\/","og_site_name":"Super News","article_published_time":"2019-06-17T07:43:30+00:00","article_modified_time":"2019-06-17T07:43:31+00:00","og_image":[{"width":1400,"height":930,"url":"https:\/\/super-news.info\/hu\/wp-content\/uploads\/sites\/3\/2019\/06\/F\u00e1kat-d\u00f6nt\u00f6tt-ki-a-vihar-k\u00e9t-utc\u00e1t-is-el\u00f6nt\u00f6tt-a.jpg","type":"image\/jpeg"}],"author":"super-news","twitter_card":"summary_large_image","twitter_misc":{"Szerz\u0151:":"super-news","Becs\u00fclt olvas\u00e1si id\u0151":"1 perc"},"schema":{"@context":"https:\/\/schema.org","@graph":[{"@type":"Article","@id":"https:\/\/super-news.info\/hu\/fakat-dontott-ki-a-vihar-ket-utcat-is-elontott-a-viz\/#article","isPartOf":{"@id":"https:\/\/super-news.info\/hu\/fakat-dontott-ki-a-vihar-ket-utcat-is-elontott-a-viz\/"},"author":{"name":"super-news","@id":"https:\/\/super-news.info\/hu\/#\/schema\/person\/2d4068cb2f39cd10008c2fce578a7356"},"headline":"F\u00e1kat d\u00f6nt\u00f6tt ki a vihar, k\u00e9t utc\u00e1t is el\u00f6nt\u00f6tt a v\u00edz","datePublished":"2019-06-17T07:43:30+00:00","dateModified":"2019-06-17T07:43:31+00:00","mainEntityOfPage":{"@id":"https:\/\/super-news.info\/hu\/fakat-dontott-ki-a-vihar-ket-utcat-is-elontott-a-viz\/"},"wordCount":291,"commentCount":0,"image":{"@id":"https:\/\/super-news.info\/hu\/fakat-dontott-ki-a-vihar-ket-utcat-is-elontott-a-viz\/#primaryimage"},"thumbnailUrl":"https:\/\/super-news.info\/hu\/wp-content\/uploads\/sites\/3\/2019\/06\/F\u00e1kat-d\u00f6nt\u00f6tt-ki-a-vihar-k\u00e9t-utc\u00e1t-is-el\u00f6nt\u00f6tt-a.jpg","articleSection":["P\u00c9NZ\u00dcGYI H\u00cdREK"],"inLanguage":"hu","potentialAction":[{"@type":"CommentAction","name":"Comment","target":["https:\/\/super-news.info\/hu\/fakat-dontott-ki-a-vihar-ket-utcat-is-elontott-a-viz\/#respond"]}]},{"@type":"WebPage","@id":"https:\/\/super-news.info\/hu\/fakat-dontott-ki-a-vihar-ket-utcat-is-elontott-a-viz\/","url":"https:\/\/super-news.info\/hu\/fakat-dontott-ki-a-vihar-ket-utcat-is-elontott-a-viz\/","name":"F\u00e1kat d\u00f6nt\u00f6tt ki a vihar, k\u00e9t utc\u00e1t is el\u00f6nt\u00f6tt a v\u00edz - Super News","isPartOf":{"@id":"https:\/\/super-news.info\/hu\/#website"},"primaryImageOfPage":{"@id":"https:\/\/super-news.info\/hu\/fakat-dontott-ki-a-vihar-ket-utcat-is-elontott-a-viz\/#primaryimage"},"image":{"@id":"https:\/\/super-news.info\/hu\/fakat-dontott-ki-a-vihar-ket-utcat-is-elontott-a-viz\/#primaryimage"},"thumbnailUrl":"https:\/\/super-news.info\/hu\/wp-content\/uploads\/sites\/3\/2019\/06\/F\u00e1kat-d\u00f6nt\u00f6tt-ki-a-vihar-k\u00e9t-utc\u00e1t-is-el\u00f6nt\u00f6tt-a.jpg","datePublished":"2019-06-17T07:43:30+00:00","dateModified":"2019-06-17T07:43:31+00:00","author":{"@id":"https:\/\/super-news.info\/hu\/#\/schema\/person\/2d4068cb2f39cd10008c2fce578a7356"},"breadcrumb":{"@id":"https:\/\/super-news.info\/hu\/fakat-dontott-ki-a-vihar-ket-utcat-is-elontott-a-viz\/#breadcrumb"},"inLanguage":"hu","potentialAction":[{"@type":"ReadAction","target":["https:\/\/super-news.info\/hu\/fakat-dontott-ki-a-vihar-ket-utcat-is-elontott-a-viz\/"]}]},{"@type":"ImageObject","inLanguage":"hu","@id":"https:\/\/super-news.info\/hu\/fakat-dontott-ki-a-vihar-ket-utcat-is-elontott-a-viz\/#primaryimage","url":"https:\/\/super-news.info\/hu\/wp-content\/uploads\/sites\/3\/2019\/06\/F\u00e1kat-d\u00f6nt\u00f6tt-ki-a-vihar-k\u00e9t-utc\u00e1t-is-el\u00f6nt\u00f6tt-a.jpg","contentUrl":"https:\/\/super-news.info\/hu\/wp-content\/uploads\/sites\/3\/2019\/06\/F\u00e1kat-d\u00f6nt\u00f6tt-ki-a-vihar-k\u00e9t-utc\u00e1t-is-el\u00f6nt\u00f6tt-a.jpg","width":1400,"height":930,"caption":"F\u00e1kat d\u00f6nt\u00f6tt ki a vihar, k\u00e9t utc\u00e1t is el\u00f6nt\u00f6tt a v\u00edz"},{"@type":"BreadcrumbList","@id":"https:\/\/super-news.info\/hu\/fakat-dontott-ki-a-vihar-ket-utcat-is-elontott-a-viz\/#breadcrumb","itemListElement":[{"@type":"ListItem","position":1,"name":"\u0413\u043b\u0430\u0432\u043d\u0430\u044f \u0441\u0442\u0440\u0430\u043d\u0438\u0446\u0430","item":"https:\/\/super-news.info\/hu\/"},{"@type":"ListItem","position":2,"name":"F\u00e1kat d\u00f6nt\u00f6tt ki a vihar, k\u00e9t utc\u00e1t is el\u00f6nt\u00f6tt a v\u00edz"}]},{"@type":"WebSite","@id":"https:\/\/super-news.info\/hu\/#website","url":"https:\/\/super-news.info\/hu\/","name":"Super News","description":"Super News Magyarorsz\u00e1g","potentialAction":[{"@type":"SearchAction","target":{"@type":"EntryPoint","urlTemplate":"https:\/\/super-news.info\/hu\/?s={search_term_string}"},"query-input":{"@type":"PropertyValueSpecification","valueRequired":true,"valueName":"search_term_string"}}],"inLanguage":"hu"},{"@type":"Person","@id":"https:\/\/super-news.info\/hu\/#\/schema\/person\/2d4068cb2f39cd10008c2fce578a7356","name":"super-news","image":{"@type":"ImageObject","inLanguage":"hu","@id":"https:\/\/secure.gravatar.com\/avatar\/64ebac40b93f26a154f8a9b5b6fdccfc46f442b26b3dd6756dbff3bf9dc76fd7?s=96&d=mm&r=g","url":"https:\/\/secure.gravatar.com\/avatar\/64ebac40b93f26a154f8a9b5b6fdccfc46f442b26b3dd6756dbff3bf9dc76fd7?s=96&d=mm&r=g","contentUrl":"https:\/\/secure.gravatar.com\/avatar\/64ebac40b93f26a154f8a9b5b6fdccfc46f442b26b3dd6756dbff3bf9dc76fd7?s=96&d=mm&r=g","caption":"super-news"},"url":"https:\/\/super-news.info\/hu\/author\/pt\/"}]}},"_links":{"self":[{"href":"https:\/\/super-news.info\/hu\/wp-json\/wp\/v2\/posts\/4220","targetHints":{"allow":["GET"]}}],"collection":[{"href":"https:\/\/super-news.info\/hu\/wp-json\/wp\/v2\/posts"}],"about":[{"href":"https:\/\/super-news.info\/hu\/wp-json\/wp\/v2\/types\/post"}],"author":[{"embeddable":true,"href":"https:\/\/super-news.info\/hu\/wp-json\/wp\/v2\/users\/2"}],"replies":[{"embeddable":true,"href":"https:\/\/super-news.info\/hu\/wp-json\/wp\/v2\/comments?post=4220"}],"version-history":[{"count":1,"href":"https:\/\/super-news.info\/hu\/wp-json\/wp\/v2\/posts\/4220\/revisions"}],"predecessor-version":[{"id":4222,"href":"https:\/\/super-news.info\/hu\/wp-json\/wp\/v2\/posts\/4220\/revisions\/4222"}],"wp:featuredmedia":[{"embeddable":true,"href":"https:\/\/super-news.info\/hu\/wp-json\/wp\/v2\/media\/4221"}],"wp:attachment":[{"href":"https:\/\/super-news.info\/hu\/wp-json\/wp\/v2\/media?parent=4220"}],"wp:term":[{"taxonomy":"category","embeddable":true,"href":"https:\/\/super-news.info\/hu\/wp-json\/wp\/v2\/categories?post=4220"},{"taxonomy":"post_tag","embeddable":true,"href":"https:\/\/super-news.info\/hu\/wp-json\/wp\/v2\/tags?post=4220"}],"curies":[{"name":"wp","href":"https:\/\/api.w.org\/{rel}","templated":true}]}}