{"id":4156,"date":"2019-06-15T22:33:26","date_gmt":"2019-06-15T19:33:26","guid":{"rendered":"https:\/\/super-news.info\/hu\/iran-nem-tagit-keszek-folytatni-az-atomalku-felmondasat\/"},"modified":"2019-06-15T22:33:26","modified_gmt":"2019-06-15T19:33:26","slug":"iran-nem-tagit-keszek-folytatni-az-atomalku-felmondasat","status":"publish","type":"post","link":"https:\/\/super-news.info\/hu\/iran-nem-tagit-keszek-folytatni-az-atomalku-felmondasat\/","title":{"rendered":"Ir\u00e1n nem t\u00e1g\u00edt: k\u00e9szek folytatni az atomalku felmond\u00e1s\u00e1t"},"content":{"rendered":"<p> [ad_1]<br \/>\n<\/p>\n<p>\n\t\t\t\t\t\t\t\tIr\u00e1n folytatja a nagyhatalmakkal 2015-ben megk\u00f6t\u00f6tt nukle\u00e1ris meg\u00e1llapod\u00e1sa el\u0151\u00edr\u00e1sainak fokozatos felmond\u00e1s\u00e1t, ha nem kap \u201epozit\u00edv jelz\u00e9seket\u201d a t\u00f6bbi al\u00e1\u00edr\u00f3t\u00f3l \u2013 jelentette ki Haszan R\u00f3h\u00e1ni ir\u00e1ni eln\u00f6k szombaton az \u00c1zsiai Egy\u00fcttm\u0171k\u00f6d\u00e9si \u00e9s Bizalomer\u0151s\u00edt\u0151 Konferencia dusanbei cs\u00facstal\u00e1lkoz\u00f3j\u00e1n.\t\t\t\t\t\t\t<\/p>\n<div>\n<p>R\u00f3h\u00e1ni m\u00e1jusban k\u00f6z\u00f6lte el\u0151sz\u00f6r, hogy Ir\u00e1n megkezdi az atommeg\u00e1llapod\u00e1s r\u00e9szleges felmond\u00e1s\u00e1t amiatt, hogy az Egyes\u00fclt \u00c1llamok tavaly egyoldal\u00faan teljesen felmondta azt a maga r\u00e9sz\u00e9r\u0151l, \u00e9s \u00fajra szankci\u00f3kat vezetett be Ir\u00e1n ellen. Hozz\u00e1tette akkor, hogy ha a t\u00f6bbi al\u00e1\u00edr\u00f3 orsz\u00e1g 60 napon bel\u00fcl nem v\u00e9di meg Ir\u00e1nt az amerikai szankci\u00f3kt\u00f3l, akkor az orsz\u00e1g elkezdi az ur\u00e1nd\u00fas\u00edt\u00e1st egy magasabb fokon, amit a 2015-\u00f6s meg\u00e1llapod\u00e1s tilt neki.<\/p>\n<blockquote>\n<p>Nyilv\u00e1nval\u00f3, hogy Ir\u00e1n egyoldal\u00faan nem ragaszkodhat a meg\u00e1llapod\u00e1s betart\u00e1s\u00e1hoz. Minden al\u00e1\u00edr\u00f3nak hozz\u00e1 kell j\u00e1rulnia annak helyre\u00e1ll\u00edt\u00e1s\u00e1hoz<\/p>\n<\/blockquote>\n<p>\u2013 mondta az ir\u00e1ni eln\u00f6k Dusanb\u00e9ban. Arr\u00f3l nem besz\u00e9lt, hogy milyen pozit\u00edv jelz\u00e9seket szeretne l\u00e1tni, illetve, hogy Teher\u00e1n mely el\u0151\u00edr\u00e1sait mondan\u00e1 fel a szerz\u0151d\u00e9snek, amelyet az Egyes\u00fclt \u00c1llamokkal, Oroszorsz\u00e1ggal, K\u00edn\u00e1val, Franciaorsz\u00e1ggal, Nagy-Britanni\u00e1val \u00e9s N\u00e9metorsz\u00e1ggal k\u00f6t\u00f6tt meg.<\/p>\n<div id=\"attachment_855879\" style=\"width: 1410px\" class=\"wp-caption alignnone\">\n<p class=\"wp-caption-text\">Haszan R\u00f3h\u00e1ni, Ir\u00e1n eln\u00f6ke<br \/>Fot\u00f3: AFP<\/p>\n<\/div>\n<p>A Donald Trump eln\u00f6k vezette amerikai korm\u00e1ny az\u00e9rt mondta fel a szerz\u0151d\u00e9st, mert szerinte Ir\u00e1n nem tartja be. Teher\u00e1n tagadta, hogy ne tartan\u00e1 be.<\/p>\n<p>Az eur\u00f3pai al\u00e1\u00edr\u00f3k mindeddig azt hangoztatt\u00e1k, hogy fenn akarj\u00e1k tartani a meg\u00e1llapod\u00e1st, viszont ezen orsz\u00e1gok t\u00f6bb c\u00e9ge az Egyes\u00fclt \u00c1llamok p\u00e9nz\u00fcgyi nyom\u00e1s\u00e1ra m\u00e1r felmondta az egy\u00fcttm\u0171k\u00f6d\u00e9st Teher\u00e1nnal.<\/p>\n<\/p><\/div>\n<p><script>\n    window.fbAsyncInit = function() {\n        FB.init({\n            appId      : \"204760236815359\",\n            xfbml      : true,\n            version    : \"v2.12\"\n        });\n        FB.AppEvents.logPageView();\n    };<\/p>\n<p>    (function(d, s, id){\n        var js, fjs = d.getElementsByTagName(s)[0];\n        if (d.getElementById(id)) {return;}\n        js = d.createElement(s); js.id = id;\n        js.src = \"http:\/\/connect.facebook.net\/hu_HU\/sdk.js\";\n        fjs.parentNode.insertBefore(js, fjs);\n    }(document, \"script\", \"facebook-jssdk\"));\n<\/script><br \/>\n<br \/>[ad_2]<br \/>\n<br \/><a href=\"https:\/\/www.vg.hu\/kozelet\/politika\/iran-nem-tagit-keszek-folytatni-az-atomalku-felmondasat-1571813\/\">Source link <\/a><\/p>\n","protected":false},"excerpt":{"rendered":"<p>[ad_1] Ir\u00e1n folytatja a nagyhatalmakkal 2015-ben megk\u00f6t\u00f6tt nukle\u00e1ris meg\u00e1llapod\u00e1sa el\u0151\u00edr\u00e1sainak fokozatos felmond\u00e1s\u00e1t, ha nem kap \u201epozit\u00edv jelz\u00e9seket\u201d a t\u00f6bbi al\u00e1\u00edr\u00f3t\u00f3l \u2013 jelentette ki Haszan R\u00f3h\u00e1ni ir\u00e1ni eln\u00f6k szombaton az \u00c1zsiai Egy\u00fcttm\u0171k\u00f6d\u00e9si \u00e9s Bizalomer\u0151s\u00edt\u0151 Konferencia dusanbei cs\u00facstal\u00e1lkoz\u00f3j\u00e1n. R\u00f3h\u00e1ni m\u00e1jusban k\u00f6z\u00f6lte el\u0151sz\u00f6r, hogy Ir\u00e1n megkezdi az atommeg\u00e1llapod\u00e1s r\u00e9szleges felmond\u00e1s\u00e1t amiatt, hogy az Egyes\u00fclt \u00c1llamok tavaly egyoldal\u00faan teljesen [&hellip;]<\/p>\n","protected":false},"author":2,"featured_media":1799,"comment_status":"open","ping_status":"open","sticky":false,"template":"","format":"standard","meta":{"footnotes":""},"categories":[1],"tags":[],"class_list":["post-4156","post","type-post","status-publish","format-standard","has-post-thumbnail","hentry","category-penzugyi-hirek"],"yoast_head":"<!-- This site is optimized with the Yoast SEO plugin v27.4 - https:\/\/yoast.com\/product\/yoast-seo-wordpress\/ -->\n<title>Ir\u00e1n nem t\u00e1g\u00edt: k\u00e9szek folytatni az atomalku felmond\u00e1s\u00e1t - Super News<\/title>\n<meta name=\"robots\" content=\"index, follow, max-snippet:-1, max-image-preview:large, max-video-preview:-1\" \/>\n<link rel=\"canonical\" href=\"https:\/\/super-news.info\/hu\/iran-nem-tagit-keszek-folytatni-az-atomalku-felmondasat\/\" \/>\n<meta property=\"og:locale\" content=\"hu_HU\" \/>\n<meta property=\"og:type\" content=\"article\" \/>\n<meta property=\"og:title\" content=\"Ir\u00e1n nem t\u00e1g\u00edt: k\u00e9szek folytatni az atomalku felmond\u00e1s\u00e1t - Super News\" \/>\n<meta property=\"og:description\" content=\"[ad_1] Ir\u00e1n folytatja a nagyhatalmakkal 2015-ben megk\u00f6t\u00f6tt nukle\u00e1ris meg\u00e1llapod\u00e1sa el\u0151\u00edr\u00e1sainak fokozatos felmond\u00e1s\u00e1t, ha nem kap \u201epozit\u00edv jelz\u00e9seket\u201d a t\u00f6bbi al\u00e1\u00edr\u00f3t\u00f3l \u2013 jelentette ki Haszan R\u00f3h\u00e1ni ir\u00e1ni eln\u00f6k szombaton az \u00c1zsiai Egy\u00fcttm\u0171k\u00f6d\u00e9si \u00e9s Bizalomer\u0151s\u00edt\u0151 Konferencia dusanbei cs\u00facstal\u00e1lkoz\u00f3j\u00e1n. R\u00f3h\u00e1ni m\u00e1jusban k\u00f6z\u00f6lte el\u0151sz\u00f6r, hogy Ir\u00e1n megkezdi az atommeg\u00e1llapod\u00e1s r\u00e9szleges felmond\u00e1s\u00e1t amiatt, hogy az Egyes\u00fclt \u00c1llamok tavaly egyoldal\u00faan teljesen [&hellip;]\" \/>\n<meta property=\"og:url\" content=\"https:\/\/super-news.info\/hu\/iran-nem-tagit-keszek-folytatni-az-atomalku-felmondasat\/\" \/>\n<meta property=\"og:site_name\" content=\"Super News\" \/>\n<meta property=\"article:published_time\" content=\"2019-06-15T19:33:26+00:00\" \/>\n<meta property=\"og:image\" content=\"https:\/\/super-news.info\/hu\/wp-content\/uploads\/sites\/3\/2019\/05\/Ir\u00e1n-nem-enged-a-nemzetk\u00f6zi-nyom\u00e1snak.jpg\" \/>\n\t<meta property=\"og:image:width\" content=\"1400\" \/>\n\t<meta property=\"og:image:height\" content=\"906\" \/>\n\t<meta property=\"og:image:type\" content=\"image\/jpeg\" \/>\n<meta name=\"author\" content=\"super-news\" \/>\n<meta name=\"twitter:card\" content=\"summary_large_image\" \/>\n<meta name=\"twitter:label1\" content=\"Szerz\u0151:\" \/>\n\t<meta name=\"twitter:data1\" content=\"super-news\" \/>\n\t<meta name=\"twitter:label2\" content=\"Becs\u00fclt olvas\u00e1si id\u0151\" \/>\n\t<meta name=\"twitter:data2\" content=\"2 perc\" \/>\n<script type=\"application\/ld+json\" class=\"yoast-schema-graph\">{\"@context\":\"https:\\\/\\\/schema.org\",\"@graph\":[{\"@type\":\"Article\",\"@id\":\"https:\\\/\\\/super-news.info\\\/hu\\\/iran-nem-tagit-keszek-folytatni-az-atomalku-felmondasat\\\/#article\",\"isPartOf\":{\"@id\":\"https:\\\/\\\/super-news.info\\\/hu\\\/iran-nem-tagit-keszek-folytatni-az-atomalku-felmondasat\\\/\"},\"author\":{\"name\":\"super-news\",\"@id\":\"https:\\\/\\\/super-news.info\\\/hu\\\/#\\\/schema\\\/person\\\/2d4068cb2f39cd10008c2fce578a7356\"},\"headline\":\"Ir\u00e1n nem t\u00e1g\u00edt: k\u00e9szek folytatni az atomalku felmond\u00e1s\u00e1t\",\"datePublished\":\"2019-06-15T19:33:26+00:00\",\"mainEntityOfPage\":{\"@id\":\"https:\\\/\\\/super-news.info\\\/hu\\\/iran-nem-tagit-keszek-folytatni-az-atomalku-felmondasat\\\/\"},\"wordCount\":358,\"commentCount\":0,\"image\":{\"@id\":\"https:\\\/\\\/super-news.info\\\/hu\\\/iran-nem-tagit-keszek-folytatni-az-atomalku-felmondasat\\\/#primaryimage\"},\"thumbnailUrl\":\"https:\\\/\\\/super-news.info\\\/hu\\\/wp-content\\\/uploads\\\/sites\\\/3\\\/2019\\\/05\\\/Ir\u00e1n-nem-enged-a-nemzetk\u00f6zi-nyom\u00e1snak.jpg\",\"articleSection\":[\"P\u00c9NZ\u00dcGYI H\u00cdREK\"],\"inLanguage\":\"hu\",\"potentialAction\":[{\"@type\":\"CommentAction\",\"name\":\"Comment\",\"target\":[\"https:\\\/\\\/super-news.info\\\/hu\\\/iran-nem-tagit-keszek-folytatni-az-atomalku-felmondasat\\\/#respond\"]}]},{\"@type\":\"WebPage\",\"@id\":\"https:\\\/\\\/super-news.info\\\/hu\\\/iran-nem-tagit-keszek-folytatni-az-atomalku-felmondasat\\\/\",\"url\":\"https:\\\/\\\/super-news.info\\\/hu\\\/iran-nem-tagit-keszek-folytatni-az-atomalku-felmondasat\\\/\",\"name\":\"Ir\u00e1n nem t\u00e1g\u00edt: k\u00e9szek folytatni az atomalku felmond\u00e1s\u00e1t - Super News\",\"isPartOf\":{\"@id\":\"https:\\\/\\\/super-news.info\\\/hu\\\/#website\"},\"primaryImageOfPage\":{\"@id\":\"https:\\\/\\\/super-news.info\\\/hu\\\/iran-nem-tagit-keszek-folytatni-az-atomalku-felmondasat\\\/#primaryimage\"},\"image\":{\"@id\":\"https:\\\/\\\/super-news.info\\\/hu\\\/iran-nem-tagit-keszek-folytatni-az-atomalku-felmondasat\\\/#primaryimage\"},\"thumbnailUrl\":\"https:\\\/\\\/super-news.info\\\/hu\\\/wp-content\\\/uploads\\\/sites\\\/3\\\/2019\\\/05\\\/Ir\u00e1n-nem-enged-a-nemzetk\u00f6zi-nyom\u00e1snak.jpg\",\"datePublished\":\"2019-06-15T19:33:26+00:00\",\"author\":{\"@id\":\"https:\\\/\\\/super-news.info\\\/hu\\\/#\\\/schema\\\/person\\\/2d4068cb2f39cd10008c2fce578a7356\"},\"breadcrumb\":{\"@id\":\"https:\\\/\\\/super-news.info\\\/hu\\\/iran-nem-tagit-keszek-folytatni-az-atomalku-felmondasat\\\/#breadcrumb\"},\"inLanguage\":\"hu\",\"potentialAction\":[{\"@type\":\"ReadAction\",\"target\":[\"https:\\\/\\\/super-news.info\\\/hu\\\/iran-nem-tagit-keszek-folytatni-az-atomalku-felmondasat\\\/\"]}]},{\"@type\":\"ImageObject\",\"inLanguage\":\"hu\",\"@id\":\"https:\\\/\\\/super-news.info\\\/hu\\\/iran-nem-tagit-keszek-folytatni-az-atomalku-felmondasat\\\/#primaryimage\",\"url\":\"https:\\\/\\\/super-news.info\\\/hu\\\/wp-content\\\/uploads\\\/sites\\\/3\\\/2019\\\/05\\\/Ir\u00e1n-nem-enged-a-nemzetk\u00f6zi-nyom\u00e1snak.jpg\",\"contentUrl\":\"https:\\\/\\\/super-news.info\\\/hu\\\/wp-content\\\/uploads\\\/sites\\\/3\\\/2019\\\/05\\\/Ir\u00e1n-nem-enged-a-nemzetk\u00f6zi-nyom\u00e1snak.jpg\",\"width\":1400,\"height\":906,\"caption\":\"Ir\u00e1n nem enged a nemzetk\u00f6zi nyom\u00e1snak\"},{\"@type\":\"BreadcrumbList\",\"@id\":\"https:\\\/\\\/super-news.info\\\/hu\\\/iran-nem-tagit-keszek-folytatni-az-atomalku-felmondasat\\\/#breadcrumb\",\"itemListElement\":[{\"@type\":\"ListItem\",\"position\":1,\"name\":\"\u0413\u043b\u0430\u0432\u043d\u0430\u044f \u0441\u0442\u0440\u0430\u043d\u0438\u0446\u0430\",\"item\":\"https:\\\/\\\/super-news.info\\\/hu\\\/\"},{\"@type\":\"ListItem\",\"position\":2,\"name\":\"Ir\u00e1n nem t\u00e1g\u00edt: k\u00e9szek folytatni az atomalku felmond\u00e1s\u00e1t\"}]},{\"@type\":\"WebSite\",\"@id\":\"https:\\\/\\\/super-news.info\\\/hu\\\/#website\",\"url\":\"https:\\\/\\\/super-news.info\\\/hu\\\/\",\"name\":\"Super News\",\"description\":\"Super News Magyarorsz\u00e1g\",\"potentialAction\":[{\"@type\":\"SearchAction\",\"target\":{\"@type\":\"EntryPoint\",\"urlTemplate\":\"https:\\\/\\\/super-news.info\\\/hu\\\/?s={search_term_string}\"},\"query-input\":{\"@type\":\"PropertyValueSpecification\",\"valueRequired\":true,\"valueName\":\"search_term_string\"}}],\"inLanguage\":\"hu\"},{\"@type\":\"Person\",\"@id\":\"https:\\\/\\\/super-news.info\\\/hu\\\/#\\\/schema\\\/person\\\/2d4068cb2f39cd10008c2fce578a7356\",\"name\":\"super-news\",\"image\":{\"@type\":\"ImageObject\",\"inLanguage\":\"hu\",\"@id\":\"https:\\\/\\\/secure.gravatar.com\\\/avatar\\\/64ebac40b93f26a154f8a9b5b6fdccfc46f442b26b3dd6756dbff3bf9dc76fd7?s=96&d=mm&r=g\",\"url\":\"https:\\\/\\\/secure.gravatar.com\\\/avatar\\\/64ebac40b93f26a154f8a9b5b6fdccfc46f442b26b3dd6756dbff3bf9dc76fd7?s=96&d=mm&r=g\",\"contentUrl\":\"https:\\\/\\\/secure.gravatar.com\\\/avatar\\\/64ebac40b93f26a154f8a9b5b6fdccfc46f442b26b3dd6756dbff3bf9dc76fd7?s=96&d=mm&r=g\",\"caption\":\"super-news\"},\"url\":\"https:\\\/\\\/super-news.info\\\/hu\\\/author\\\/pt\\\/\"}]}<\/script>\n<!-- \/ Yoast SEO plugin. -->","yoast_head_json":{"title":"Ir\u00e1n nem t\u00e1g\u00edt: k\u00e9szek folytatni az atomalku felmond\u00e1s\u00e1t - Super News","robots":{"index":"index","follow":"follow","max-snippet":"max-snippet:-1","max-image-preview":"max-image-preview:large","max-video-preview":"max-video-preview:-1"},"canonical":"https:\/\/super-news.info\/hu\/iran-nem-tagit-keszek-folytatni-az-atomalku-felmondasat\/","og_locale":"hu_HU","og_type":"article","og_title":"Ir\u00e1n nem t\u00e1g\u00edt: k\u00e9szek folytatni az atomalku felmond\u00e1s\u00e1t - Super News","og_description":"[ad_1] Ir\u00e1n folytatja a nagyhatalmakkal 2015-ben megk\u00f6t\u00f6tt nukle\u00e1ris meg\u00e1llapod\u00e1sa el\u0151\u00edr\u00e1sainak fokozatos felmond\u00e1s\u00e1t, ha nem kap \u201epozit\u00edv jelz\u00e9seket\u201d a t\u00f6bbi al\u00e1\u00edr\u00f3t\u00f3l \u2013 jelentette ki Haszan R\u00f3h\u00e1ni ir\u00e1ni eln\u00f6k szombaton az \u00c1zsiai Egy\u00fcttm\u0171k\u00f6d\u00e9si \u00e9s Bizalomer\u0151s\u00edt\u0151 Konferencia dusanbei cs\u00facstal\u00e1lkoz\u00f3j\u00e1n. R\u00f3h\u00e1ni m\u00e1jusban k\u00f6z\u00f6lte el\u0151sz\u00f6r, hogy Ir\u00e1n megkezdi az atommeg\u00e1llapod\u00e1s r\u00e9szleges felmond\u00e1s\u00e1t amiatt, hogy az Egyes\u00fclt \u00c1llamok tavaly egyoldal\u00faan teljesen [&hellip;]","og_url":"https:\/\/super-news.info\/hu\/iran-nem-tagit-keszek-folytatni-az-atomalku-felmondasat\/","og_site_name":"Super News","article_published_time":"2019-06-15T19:33:26+00:00","og_image":[{"width":1400,"height":906,"url":"https:\/\/super-news.info\/hu\/wp-content\/uploads\/sites\/3\/2019\/05\/Ir\u00e1n-nem-enged-a-nemzetk\u00f6zi-nyom\u00e1snak.jpg","type":"image\/jpeg"}],"author":"super-news","twitter_card":"summary_large_image","twitter_misc":{"Szerz\u0151:":"super-news","Becs\u00fclt olvas\u00e1si id\u0151":"2 perc"},"schema":{"@context":"https:\/\/schema.org","@graph":[{"@type":"Article","@id":"https:\/\/super-news.info\/hu\/iran-nem-tagit-keszek-folytatni-az-atomalku-felmondasat\/#article","isPartOf":{"@id":"https:\/\/super-news.info\/hu\/iran-nem-tagit-keszek-folytatni-az-atomalku-felmondasat\/"},"author":{"name":"super-news","@id":"https:\/\/super-news.info\/hu\/#\/schema\/person\/2d4068cb2f39cd10008c2fce578a7356"},"headline":"Ir\u00e1n nem t\u00e1g\u00edt: k\u00e9szek folytatni az atomalku felmond\u00e1s\u00e1t","datePublished":"2019-06-15T19:33:26+00:00","mainEntityOfPage":{"@id":"https:\/\/super-news.info\/hu\/iran-nem-tagit-keszek-folytatni-az-atomalku-felmondasat\/"},"wordCount":358,"commentCount":0,"image":{"@id":"https:\/\/super-news.info\/hu\/iran-nem-tagit-keszek-folytatni-az-atomalku-felmondasat\/#primaryimage"},"thumbnailUrl":"https:\/\/super-news.info\/hu\/wp-content\/uploads\/sites\/3\/2019\/05\/Ir\u00e1n-nem-enged-a-nemzetk\u00f6zi-nyom\u00e1snak.jpg","articleSection":["P\u00c9NZ\u00dcGYI H\u00cdREK"],"inLanguage":"hu","potentialAction":[{"@type":"CommentAction","name":"Comment","target":["https:\/\/super-news.info\/hu\/iran-nem-tagit-keszek-folytatni-az-atomalku-felmondasat\/#respond"]}]},{"@type":"WebPage","@id":"https:\/\/super-news.info\/hu\/iran-nem-tagit-keszek-folytatni-az-atomalku-felmondasat\/","url":"https:\/\/super-news.info\/hu\/iran-nem-tagit-keszek-folytatni-az-atomalku-felmondasat\/","name":"Ir\u00e1n nem t\u00e1g\u00edt: k\u00e9szek folytatni az atomalku felmond\u00e1s\u00e1t - Super News","isPartOf":{"@id":"https:\/\/super-news.info\/hu\/#website"},"primaryImageOfPage":{"@id":"https:\/\/super-news.info\/hu\/iran-nem-tagit-keszek-folytatni-az-atomalku-felmondasat\/#primaryimage"},"image":{"@id":"https:\/\/super-news.info\/hu\/iran-nem-tagit-keszek-folytatni-az-atomalku-felmondasat\/#primaryimage"},"thumbnailUrl":"https:\/\/super-news.info\/hu\/wp-content\/uploads\/sites\/3\/2019\/05\/Ir\u00e1n-nem-enged-a-nemzetk\u00f6zi-nyom\u00e1snak.jpg","datePublished":"2019-06-15T19:33:26+00:00","author":{"@id":"https:\/\/super-news.info\/hu\/#\/schema\/person\/2d4068cb2f39cd10008c2fce578a7356"},"breadcrumb":{"@id":"https:\/\/super-news.info\/hu\/iran-nem-tagit-keszek-folytatni-az-atomalku-felmondasat\/#breadcrumb"},"inLanguage":"hu","potentialAction":[{"@type":"ReadAction","target":["https:\/\/super-news.info\/hu\/iran-nem-tagit-keszek-folytatni-az-atomalku-felmondasat\/"]}]},{"@type":"ImageObject","inLanguage":"hu","@id":"https:\/\/super-news.info\/hu\/iran-nem-tagit-keszek-folytatni-az-atomalku-felmondasat\/#primaryimage","url":"https:\/\/super-news.info\/hu\/wp-content\/uploads\/sites\/3\/2019\/05\/Ir\u00e1n-nem-enged-a-nemzetk\u00f6zi-nyom\u00e1snak.jpg","contentUrl":"https:\/\/super-news.info\/hu\/wp-content\/uploads\/sites\/3\/2019\/05\/Ir\u00e1n-nem-enged-a-nemzetk\u00f6zi-nyom\u00e1snak.jpg","width":1400,"height":906,"caption":"Ir\u00e1n nem enged a nemzetk\u00f6zi nyom\u00e1snak"},{"@type":"BreadcrumbList","@id":"https:\/\/super-news.info\/hu\/iran-nem-tagit-keszek-folytatni-az-atomalku-felmondasat\/#breadcrumb","itemListElement":[{"@type":"ListItem","position":1,"name":"\u0413\u043b\u0430\u0432\u043d\u0430\u044f \u0441\u0442\u0440\u0430\u043d\u0438\u0446\u0430","item":"https:\/\/super-news.info\/hu\/"},{"@type":"ListItem","position":2,"name":"Ir\u00e1n nem t\u00e1g\u00edt: k\u00e9szek folytatni az atomalku felmond\u00e1s\u00e1t"}]},{"@type":"WebSite","@id":"https:\/\/super-news.info\/hu\/#website","url":"https:\/\/super-news.info\/hu\/","name":"Super News","description":"Super News Magyarorsz\u00e1g","potentialAction":[{"@type":"SearchAction","target":{"@type":"EntryPoint","urlTemplate":"https:\/\/super-news.info\/hu\/?s={search_term_string}"},"query-input":{"@type":"PropertyValueSpecification","valueRequired":true,"valueName":"search_term_string"}}],"inLanguage":"hu"},{"@type":"Person","@id":"https:\/\/super-news.info\/hu\/#\/schema\/person\/2d4068cb2f39cd10008c2fce578a7356","name":"super-news","image":{"@type":"ImageObject","inLanguage":"hu","@id":"https:\/\/secure.gravatar.com\/avatar\/64ebac40b93f26a154f8a9b5b6fdccfc46f442b26b3dd6756dbff3bf9dc76fd7?s=96&d=mm&r=g","url":"https:\/\/secure.gravatar.com\/avatar\/64ebac40b93f26a154f8a9b5b6fdccfc46f442b26b3dd6756dbff3bf9dc76fd7?s=96&d=mm&r=g","contentUrl":"https:\/\/secure.gravatar.com\/avatar\/64ebac40b93f26a154f8a9b5b6fdccfc46f442b26b3dd6756dbff3bf9dc76fd7?s=96&d=mm&r=g","caption":"super-news"},"url":"https:\/\/super-news.info\/hu\/author\/pt\/"}]}},"_links":{"self":[{"href":"https:\/\/super-news.info\/hu\/wp-json\/wp\/v2\/posts\/4156","targetHints":{"allow":["GET"]}}],"collection":[{"href":"https:\/\/super-news.info\/hu\/wp-json\/wp\/v2\/posts"}],"about":[{"href":"https:\/\/super-news.info\/hu\/wp-json\/wp\/v2\/types\/post"}],"author":[{"embeddable":true,"href":"https:\/\/super-news.info\/hu\/wp-json\/wp\/v2\/users\/2"}],"replies":[{"embeddable":true,"href":"https:\/\/super-news.info\/hu\/wp-json\/wp\/v2\/comments?post=4156"}],"version-history":[{"count":1,"href":"https:\/\/super-news.info\/hu\/wp-json\/wp\/v2\/posts\/4156\/revisions"}],"predecessor-version":[{"id":4157,"href":"https:\/\/super-news.info\/hu\/wp-json\/wp\/v2\/posts\/4156\/revisions\/4157"}],"wp:featuredmedia":[{"embeddable":true,"href":"https:\/\/super-news.info\/hu\/wp-json\/wp\/v2\/media\/1799"}],"wp:attachment":[{"href":"https:\/\/super-news.info\/hu\/wp-json\/wp\/v2\/media?parent=4156"}],"wp:term":[{"taxonomy":"category","embeddable":true,"href":"https:\/\/super-news.info\/hu\/wp-json\/wp\/v2\/categories?post=4156"},{"taxonomy":"post_tag","embeddable":true,"href":"https:\/\/super-news.info\/hu\/wp-json\/wp\/v2\/tags?post=4156"}],"curies":[{"name":"wp","href":"https:\/\/api.w.org\/{rel}","templated":true}]}}