{"id":4152,"date":"2019-06-15T20:49:13","date_gmt":"2019-06-15T17:49:13","guid":{"rendered":"https:\/\/super-news.info\/hu\/teljesen-lezartak-a-87-es-foutat-koszegen\/"},"modified":"2019-06-15T20:49:14","modified_gmt":"2019-06-15T17:49:14","slug":"teljesen-lezartak-a-87-es-foutat-koszegen","status":"publish","type":"post","link":"https:\/\/super-news.info\/hu\/teljesen-lezartak-a-87-es-foutat-koszegen\/","title":{"rendered":"Teljesen lez\u00e1rt\u00e1k a 87-es f\u0151utat K\u0151szegen"},"content":{"rendered":"<p> [ad_1]<br \/>\n<\/p>\n<div>\n<p>Teljesen lez\u00e1rt\u00e1k a 87-es f\u0151utat egy kid\u0151lt fa miatt szombat d\u00e9lut\u00e1n K\u0151szegen, a magyar-osztr\u00e1k hat\u00e1r k\u00f6zel\u00e9ben \u2013 k\u00f6z\u00f6lte a Vas Megyei Rend\u0151r-f\u0151kapit\u00e1nys\u00e1g a rend\u0151rs\u00e9g honlapj\u00e1n.<\/p>\n<p>A k\u00f6zlem\u00e9ny szerint a fa mag\u00e1val r\u00e1ntott egy villanyoszlopot, ez\u00e9rt kellett lez\u00e1rni a f\u0151utat a 49. kilom\u00e9terszelv\u00e9nyben.<\/p>\n<p>A rend\u0151r\u00f6k a forgalmat a v\u00e1roson kereszt\u00fcl terelik.<\/p>\n<p><strong>Friss\u00edt\u00e9s<\/strong>: \u00fajra j\u00e1rhat\u00f3 a 87-es f\u0151\u00fat K\u0151szeg t\u00e9rs\u00e9g\u00e9ben \u2013 k\u00f6z\u00f6lte a Vas Megyei Rend\u0151r-f\u0151kapit\u00e1nys\u00e1g szombaton a rend\u0151rs\u00e9g honlapj\u00e1n.<\/p>\n<\/p><\/div>\n<p><script>\n    window.fbAsyncInit = function() {\n        FB.init({\n            appId      : \"204760236815359\",\n            xfbml      : true,\n            version    : \"v2.12\"\n        });\n        FB.AppEvents.logPageView();\n    };<\/p>\n<p>    (function(d, s, id){\n        var js, fjs = d.getElementsByTagName(s)[0];\n        if (d.getElementById(id)) {return;}\n        js = d.createElement(s); js.id = id;\n        js.src = \"http:\/\/connect.facebook.net\/hu_HU\/sdk.js\";\n        fjs.parentNode.insertBefore(js, fjs);\n    }(document, \"script\", \"facebook-jssdk\"));\n<\/script><br \/>\n<br \/>[ad_2]<br \/>\n<br \/><a href=\"https:\/\/www.vg.hu\/vallalatok\/kozlekedes\/teljesen-lezartak-a-87-es-foutat-koszegen-1571852\/\">Source link <\/a><\/p>\n","protected":false},"excerpt":{"rendered":"<p>[ad_1] Teljesen lez\u00e1rt\u00e1k a 87-es f\u0151utat egy kid\u0151lt fa miatt szombat d\u00e9lut\u00e1n K\u0151szegen, a magyar-osztr\u00e1k hat\u00e1r k\u00f6zel\u00e9ben \u2013 k\u00f6z\u00f6lte a Vas Megyei Rend\u0151r-f\u0151kapit\u00e1nys\u00e1g a rend\u0151rs\u00e9g honlapj\u00e1n. A k\u00f6zlem\u00e9ny szerint a fa mag\u00e1val r\u00e1ntott egy villanyoszlopot, ez\u00e9rt kellett lez\u00e1rni a f\u0151utat a 49. kilom\u00e9terszelv\u00e9nyben. A rend\u0151r\u00f6k a forgalmat a v\u00e1roson kereszt\u00fcl terelik. Friss\u00edt\u00e9s: \u00fajra j\u00e1rhat\u00f3 a [&hellip;]<\/p>\n","protected":false},"author":2,"featured_media":300,"comment_status":"open","ping_status":"open","sticky":false,"template":"","format":"standard","meta":{"footnotes":""},"categories":[1],"tags":[],"class_list":["post-4152","post","type-post","status-publish","format-standard","has-post-thumbnail","hentry","category-penzugyi-hirek"],"yoast_head":"<!-- This site is optimized with the Yoast SEO plugin v27.4 - https:\/\/yoast.com\/product\/yoast-seo-wordpress\/ -->\n<title>Teljesen lez\u00e1rt\u00e1k a 87-es f\u0151utat K\u0151szegen - Super News<\/title>\n<meta name=\"robots\" content=\"index, follow, max-snippet:-1, max-image-preview:large, max-video-preview:-1\" \/>\n<link rel=\"canonical\" href=\"https:\/\/super-news.info\/hu\/teljesen-lezartak-a-87-es-foutat-koszegen\/\" \/>\n<meta property=\"og:locale\" content=\"hu_HU\" \/>\n<meta property=\"og:type\" content=\"article\" \/>\n<meta property=\"og:title\" content=\"Teljesen lez\u00e1rt\u00e1k a 87-es f\u0151utat K\u0151szegen - Super News\" \/>\n<meta property=\"og:description\" content=\"[ad_1] Teljesen lez\u00e1rt\u00e1k a 87-es f\u0151utat egy kid\u0151lt fa miatt szombat d\u00e9lut\u00e1n K\u0151szegen, a magyar-osztr\u00e1k hat\u00e1r k\u00f6zel\u00e9ben \u2013 k\u00f6z\u00f6lte a Vas Megyei Rend\u0151r-f\u0151kapit\u00e1nys\u00e1g a rend\u0151rs\u00e9g honlapj\u00e1n. A k\u00f6zlem\u00e9ny szerint a fa mag\u00e1val r\u00e1ntott egy villanyoszlopot, ez\u00e9rt kellett lez\u00e1rni a f\u0151utat a 49. kilom\u00e9terszelv\u00e9nyben. A rend\u0151r\u00f6k a forgalmat a v\u00e1roson kereszt\u00fcl terelik. Friss\u00edt\u00e9s: \u00fajra j\u00e1rhat\u00f3 a [&hellip;]\" \/>\n<meta property=\"og:url\" content=\"https:\/\/super-news.info\/hu\/teljesen-lezartak-a-87-es-foutat-koszegen\/\" \/>\n<meta property=\"og:site_name\" content=\"Super News\" \/>\n<meta property=\"article:published_time\" content=\"2019-06-15T17:49:13+00:00\" \/>\n<meta property=\"article:modified_time\" content=\"2019-06-15T17:49:14+00:00\" \/>\n<meta property=\"og:image\" content=\"https:\/\/super-news.info\/hu\/wp-content\/uploads\/sites\/3\/2019\/04\/V\u00e1ltoz\u00f3-k\u00e9pet-mutat-az-eur\u00f3pai-keresked\u00e9s.png\" \/>\n\t<meta property=\"og:image:width\" content=\"1400\" \/>\n\t<meta property=\"og:image:height\" content=\"900\" \/>\n\t<meta property=\"og:image:type\" content=\"image\/png\" \/>\n<meta name=\"author\" content=\"super-news\" \/>\n<meta name=\"twitter:card\" content=\"summary_large_image\" \/>\n<meta name=\"twitter:label1\" content=\"Szerz\u0151:\" \/>\n\t<meta name=\"twitter:data1\" content=\"super-news\" \/>\n\t<meta name=\"twitter:label2\" content=\"Becs\u00fclt olvas\u00e1si id\u0151\" \/>\n\t<meta name=\"twitter:data2\" content=\"1 perc\" \/>\n<script type=\"application\/ld+json\" class=\"yoast-schema-graph\">{\"@context\":\"https:\\\/\\\/schema.org\",\"@graph\":[{\"@type\":\"Article\",\"@id\":\"https:\\\/\\\/super-news.info\\\/hu\\\/teljesen-lezartak-a-87-es-foutat-koszegen\\\/#article\",\"isPartOf\":{\"@id\":\"https:\\\/\\\/super-news.info\\\/hu\\\/teljesen-lezartak-a-87-es-foutat-koszegen\\\/\"},\"author\":{\"name\":\"super-news\",\"@id\":\"https:\\\/\\\/super-news.info\\\/hu\\\/#\\\/schema\\\/person\\\/2d4068cb2f39cd10008c2fce578a7356\"},\"headline\":\"Teljesen lez\u00e1rt\u00e1k a 87-es f\u0151utat K\u0151szegen\",\"datePublished\":\"2019-06-15T17:49:13+00:00\",\"dateModified\":\"2019-06-15T17:49:14+00:00\",\"mainEntityOfPage\":{\"@id\":\"https:\\\/\\\/super-news.info\\\/hu\\\/teljesen-lezartak-a-87-es-foutat-koszegen\\\/\"},\"wordCount\":129,\"commentCount\":0,\"image\":{\"@id\":\"https:\\\/\\\/super-news.info\\\/hu\\\/teljesen-lezartak-a-87-es-foutat-koszegen\\\/#primaryimage\"},\"thumbnailUrl\":\"https:\\\/\\\/super-news.info\\\/hu\\\/wp-content\\\/uploads\\\/sites\\\/3\\\/2019\\\/04\\\/V\u00e1ltoz\u00f3-k\u00e9pet-mutat-az-eur\u00f3pai-keresked\u00e9s.png\",\"articleSection\":[\"P\u00c9NZ\u00dcGYI H\u00cdREK\"],\"inLanguage\":\"hu\",\"potentialAction\":[{\"@type\":\"CommentAction\",\"name\":\"Comment\",\"target\":[\"https:\\\/\\\/super-news.info\\\/hu\\\/teljesen-lezartak-a-87-es-foutat-koszegen\\\/#respond\"]}]},{\"@type\":\"WebPage\",\"@id\":\"https:\\\/\\\/super-news.info\\\/hu\\\/teljesen-lezartak-a-87-es-foutat-koszegen\\\/\",\"url\":\"https:\\\/\\\/super-news.info\\\/hu\\\/teljesen-lezartak-a-87-es-foutat-koszegen\\\/\",\"name\":\"Teljesen lez\u00e1rt\u00e1k a 87-es f\u0151utat K\u0151szegen - Super News\",\"isPartOf\":{\"@id\":\"https:\\\/\\\/super-news.info\\\/hu\\\/#website\"},\"primaryImageOfPage\":{\"@id\":\"https:\\\/\\\/super-news.info\\\/hu\\\/teljesen-lezartak-a-87-es-foutat-koszegen\\\/#primaryimage\"},\"image\":{\"@id\":\"https:\\\/\\\/super-news.info\\\/hu\\\/teljesen-lezartak-a-87-es-foutat-koszegen\\\/#primaryimage\"},\"thumbnailUrl\":\"https:\\\/\\\/super-news.info\\\/hu\\\/wp-content\\\/uploads\\\/sites\\\/3\\\/2019\\\/04\\\/V\u00e1ltoz\u00f3-k\u00e9pet-mutat-az-eur\u00f3pai-keresked\u00e9s.png\",\"datePublished\":\"2019-06-15T17:49:13+00:00\",\"dateModified\":\"2019-06-15T17:49:14+00:00\",\"author\":{\"@id\":\"https:\\\/\\\/super-news.info\\\/hu\\\/#\\\/schema\\\/person\\\/2d4068cb2f39cd10008c2fce578a7356\"},\"breadcrumb\":{\"@id\":\"https:\\\/\\\/super-news.info\\\/hu\\\/teljesen-lezartak-a-87-es-foutat-koszegen\\\/#breadcrumb\"},\"inLanguage\":\"hu\",\"potentialAction\":[{\"@type\":\"ReadAction\",\"target\":[\"https:\\\/\\\/super-news.info\\\/hu\\\/teljesen-lezartak-a-87-es-foutat-koszegen\\\/\"]}]},{\"@type\":\"ImageObject\",\"inLanguage\":\"hu\",\"@id\":\"https:\\\/\\\/super-news.info\\\/hu\\\/teljesen-lezartak-a-87-es-foutat-koszegen\\\/#primaryimage\",\"url\":\"https:\\\/\\\/super-news.info\\\/hu\\\/wp-content\\\/uploads\\\/sites\\\/3\\\/2019\\\/04\\\/V\u00e1ltoz\u00f3-k\u00e9pet-mutat-az-eur\u00f3pai-keresked\u00e9s.png\",\"contentUrl\":\"https:\\\/\\\/super-news.info\\\/hu\\\/wp-content\\\/uploads\\\/sites\\\/3\\\/2019\\\/04\\\/V\u00e1ltoz\u00f3-k\u00e9pet-mutat-az-eur\u00f3pai-keresked\u00e9s.png\",\"width\":1400,\"height\":900,\"caption\":\"V\u00e1ltoz\u00f3 k\u00e9pet mutat az eur\u00f3pai keresked\u00e9s\"},{\"@type\":\"BreadcrumbList\",\"@id\":\"https:\\\/\\\/super-news.info\\\/hu\\\/teljesen-lezartak-a-87-es-foutat-koszegen\\\/#breadcrumb\",\"itemListElement\":[{\"@type\":\"ListItem\",\"position\":1,\"name\":\"\u0413\u043b\u0430\u0432\u043d\u0430\u044f \u0441\u0442\u0440\u0430\u043d\u0438\u0446\u0430\",\"item\":\"https:\\\/\\\/super-news.info\\\/hu\\\/\"},{\"@type\":\"ListItem\",\"position\":2,\"name\":\"Teljesen lez\u00e1rt\u00e1k a 87-es f\u0151utat K\u0151szegen\"}]},{\"@type\":\"WebSite\",\"@id\":\"https:\\\/\\\/super-news.info\\\/hu\\\/#website\",\"url\":\"https:\\\/\\\/super-news.info\\\/hu\\\/\",\"name\":\"Super News\",\"description\":\"Super News Magyarorsz\u00e1g\",\"potentialAction\":[{\"@type\":\"SearchAction\",\"target\":{\"@type\":\"EntryPoint\",\"urlTemplate\":\"https:\\\/\\\/super-news.info\\\/hu\\\/?s={search_term_string}\"},\"query-input\":{\"@type\":\"PropertyValueSpecification\",\"valueRequired\":true,\"valueName\":\"search_term_string\"}}],\"inLanguage\":\"hu\"},{\"@type\":\"Person\",\"@id\":\"https:\\\/\\\/super-news.info\\\/hu\\\/#\\\/schema\\\/person\\\/2d4068cb2f39cd10008c2fce578a7356\",\"name\":\"super-news\",\"image\":{\"@type\":\"ImageObject\",\"inLanguage\":\"hu\",\"@id\":\"https:\\\/\\\/secure.gravatar.com\\\/avatar\\\/64ebac40b93f26a154f8a9b5b6fdccfc46f442b26b3dd6756dbff3bf9dc76fd7?s=96&d=mm&r=g\",\"url\":\"https:\\\/\\\/secure.gravatar.com\\\/avatar\\\/64ebac40b93f26a154f8a9b5b6fdccfc46f442b26b3dd6756dbff3bf9dc76fd7?s=96&d=mm&r=g\",\"contentUrl\":\"https:\\\/\\\/secure.gravatar.com\\\/avatar\\\/64ebac40b93f26a154f8a9b5b6fdccfc46f442b26b3dd6756dbff3bf9dc76fd7?s=96&d=mm&r=g\",\"caption\":\"super-news\"},\"url\":\"https:\\\/\\\/super-news.info\\\/hu\\\/author\\\/pt\\\/\"}]}<\/script>\n<!-- \/ Yoast SEO plugin. -->","yoast_head_json":{"title":"Teljesen lez\u00e1rt\u00e1k a 87-es f\u0151utat K\u0151szegen - Super News","robots":{"index":"index","follow":"follow","max-snippet":"max-snippet:-1","max-image-preview":"max-image-preview:large","max-video-preview":"max-video-preview:-1"},"canonical":"https:\/\/super-news.info\/hu\/teljesen-lezartak-a-87-es-foutat-koszegen\/","og_locale":"hu_HU","og_type":"article","og_title":"Teljesen lez\u00e1rt\u00e1k a 87-es f\u0151utat K\u0151szegen - Super News","og_description":"[ad_1] Teljesen lez\u00e1rt\u00e1k a 87-es f\u0151utat egy kid\u0151lt fa miatt szombat d\u00e9lut\u00e1n K\u0151szegen, a magyar-osztr\u00e1k hat\u00e1r k\u00f6zel\u00e9ben \u2013 k\u00f6z\u00f6lte a Vas Megyei Rend\u0151r-f\u0151kapit\u00e1nys\u00e1g a rend\u0151rs\u00e9g honlapj\u00e1n. A k\u00f6zlem\u00e9ny szerint a fa mag\u00e1val r\u00e1ntott egy villanyoszlopot, ez\u00e9rt kellett lez\u00e1rni a f\u0151utat a 49. kilom\u00e9terszelv\u00e9nyben. A rend\u0151r\u00f6k a forgalmat a v\u00e1roson kereszt\u00fcl terelik. Friss\u00edt\u00e9s: \u00fajra j\u00e1rhat\u00f3 a [&hellip;]","og_url":"https:\/\/super-news.info\/hu\/teljesen-lezartak-a-87-es-foutat-koszegen\/","og_site_name":"Super News","article_published_time":"2019-06-15T17:49:13+00:00","article_modified_time":"2019-06-15T17:49:14+00:00","og_image":[{"width":1400,"height":900,"url":"https:\/\/super-news.info\/hu\/wp-content\/uploads\/sites\/3\/2019\/04\/V\u00e1ltoz\u00f3-k\u00e9pet-mutat-az-eur\u00f3pai-keresked\u00e9s.png","type":"image\/png"}],"author":"super-news","twitter_card":"summary_large_image","twitter_misc":{"Szerz\u0151:":"super-news","Becs\u00fclt olvas\u00e1si id\u0151":"1 perc"},"schema":{"@context":"https:\/\/schema.org","@graph":[{"@type":"Article","@id":"https:\/\/super-news.info\/hu\/teljesen-lezartak-a-87-es-foutat-koszegen\/#article","isPartOf":{"@id":"https:\/\/super-news.info\/hu\/teljesen-lezartak-a-87-es-foutat-koszegen\/"},"author":{"name":"super-news","@id":"https:\/\/super-news.info\/hu\/#\/schema\/person\/2d4068cb2f39cd10008c2fce578a7356"},"headline":"Teljesen lez\u00e1rt\u00e1k a 87-es f\u0151utat K\u0151szegen","datePublished":"2019-06-15T17:49:13+00:00","dateModified":"2019-06-15T17:49:14+00:00","mainEntityOfPage":{"@id":"https:\/\/super-news.info\/hu\/teljesen-lezartak-a-87-es-foutat-koszegen\/"},"wordCount":129,"commentCount":0,"image":{"@id":"https:\/\/super-news.info\/hu\/teljesen-lezartak-a-87-es-foutat-koszegen\/#primaryimage"},"thumbnailUrl":"https:\/\/super-news.info\/hu\/wp-content\/uploads\/sites\/3\/2019\/04\/V\u00e1ltoz\u00f3-k\u00e9pet-mutat-az-eur\u00f3pai-keresked\u00e9s.png","articleSection":["P\u00c9NZ\u00dcGYI H\u00cdREK"],"inLanguage":"hu","potentialAction":[{"@type":"CommentAction","name":"Comment","target":["https:\/\/super-news.info\/hu\/teljesen-lezartak-a-87-es-foutat-koszegen\/#respond"]}]},{"@type":"WebPage","@id":"https:\/\/super-news.info\/hu\/teljesen-lezartak-a-87-es-foutat-koszegen\/","url":"https:\/\/super-news.info\/hu\/teljesen-lezartak-a-87-es-foutat-koszegen\/","name":"Teljesen lez\u00e1rt\u00e1k a 87-es f\u0151utat K\u0151szegen - Super News","isPartOf":{"@id":"https:\/\/super-news.info\/hu\/#website"},"primaryImageOfPage":{"@id":"https:\/\/super-news.info\/hu\/teljesen-lezartak-a-87-es-foutat-koszegen\/#primaryimage"},"image":{"@id":"https:\/\/super-news.info\/hu\/teljesen-lezartak-a-87-es-foutat-koszegen\/#primaryimage"},"thumbnailUrl":"https:\/\/super-news.info\/hu\/wp-content\/uploads\/sites\/3\/2019\/04\/V\u00e1ltoz\u00f3-k\u00e9pet-mutat-az-eur\u00f3pai-keresked\u00e9s.png","datePublished":"2019-06-15T17:49:13+00:00","dateModified":"2019-06-15T17:49:14+00:00","author":{"@id":"https:\/\/super-news.info\/hu\/#\/schema\/person\/2d4068cb2f39cd10008c2fce578a7356"},"breadcrumb":{"@id":"https:\/\/super-news.info\/hu\/teljesen-lezartak-a-87-es-foutat-koszegen\/#breadcrumb"},"inLanguage":"hu","potentialAction":[{"@type":"ReadAction","target":["https:\/\/super-news.info\/hu\/teljesen-lezartak-a-87-es-foutat-koszegen\/"]}]},{"@type":"ImageObject","inLanguage":"hu","@id":"https:\/\/super-news.info\/hu\/teljesen-lezartak-a-87-es-foutat-koszegen\/#primaryimage","url":"https:\/\/super-news.info\/hu\/wp-content\/uploads\/sites\/3\/2019\/04\/V\u00e1ltoz\u00f3-k\u00e9pet-mutat-az-eur\u00f3pai-keresked\u00e9s.png","contentUrl":"https:\/\/super-news.info\/hu\/wp-content\/uploads\/sites\/3\/2019\/04\/V\u00e1ltoz\u00f3-k\u00e9pet-mutat-az-eur\u00f3pai-keresked\u00e9s.png","width":1400,"height":900,"caption":"V\u00e1ltoz\u00f3 k\u00e9pet mutat az eur\u00f3pai keresked\u00e9s"},{"@type":"BreadcrumbList","@id":"https:\/\/super-news.info\/hu\/teljesen-lezartak-a-87-es-foutat-koszegen\/#breadcrumb","itemListElement":[{"@type":"ListItem","position":1,"name":"\u0413\u043b\u0430\u0432\u043d\u0430\u044f \u0441\u0442\u0440\u0430\u043d\u0438\u0446\u0430","item":"https:\/\/super-news.info\/hu\/"},{"@type":"ListItem","position":2,"name":"Teljesen lez\u00e1rt\u00e1k a 87-es f\u0151utat K\u0151szegen"}]},{"@type":"WebSite","@id":"https:\/\/super-news.info\/hu\/#website","url":"https:\/\/super-news.info\/hu\/","name":"Super News","description":"Super News Magyarorsz\u00e1g","potentialAction":[{"@type":"SearchAction","target":{"@type":"EntryPoint","urlTemplate":"https:\/\/super-news.info\/hu\/?s={search_term_string}"},"query-input":{"@type":"PropertyValueSpecification","valueRequired":true,"valueName":"search_term_string"}}],"inLanguage":"hu"},{"@type":"Person","@id":"https:\/\/super-news.info\/hu\/#\/schema\/person\/2d4068cb2f39cd10008c2fce578a7356","name":"super-news","image":{"@type":"ImageObject","inLanguage":"hu","@id":"https:\/\/secure.gravatar.com\/avatar\/64ebac40b93f26a154f8a9b5b6fdccfc46f442b26b3dd6756dbff3bf9dc76fd7?s=96&d=mm&r=g","url":"https:\/\/secure.gravatar.com\/avatar\/64ebac40b93f26a154f8a9b5b6fdccfc46f442b26b3dd6756dbff3bf9dc76fd7?s=96&d=mm&r=g","contentUrl":"https:\/\/secure.gravatar.com\/avatar\/64ebac40b93f26a154f8a9b5b6fdccfc46f442b26b3dd6756dbff3bf9dc76fd7?s=96&d=mm&r=g","caption":"super-news"},"url":"https:\/\/super-news.info\/hu\/author\/pt\/"}]}},"_links":{"self":[{"href":"https:\/\/super-news.info\/hu\/wp-json\/wp\/v2\/posts\/4152","targetHints":{"allow":["GET"]}}],"collection":[{"href":"https:\/\/super-news.info\/hu\/wp-json\/wp\/v2\/posts"}],"about":[{"href":"https:\/\/super-news.info\/hu\/wp-json\/wp\/v2\/types\/post"}],"author":[{"embeddable":true,"href":"https:\/\/super-news.info\/hu\/wp-json\/wp\/v2\/users\/2"}],"replies":[{"embeddable":true,"href":"https:\/\/super-news.info\/hu\/wp-json\/wp\/v2\/comments?post=4152"}],"version-history":[{"count":1,"href":"https:\/\/super-news.info\/hu\/wp-json\/wp\/v2\/posts\/4152\/revisions"}],"predecessor-version":[{"id":4153,"href":"https:\/\/super-news.info\/hu\/wp-json\/wp\/v2\/posts\/4152\/revisions\/4153"}],"wp:featuredmedia":[{"embeddable":true,"href":"https:\/\/super-news.info\/hu\/wp-json\/wp\/v2\/media\/300"}],"wp:attachment":[{"href":"https:\/\/super-news.info\/hu\/wp-json\/wp\/v2\/media?parent=4152"}],"wp:term":[{"taxonomy":"category","embeddable":true,"href":"https:\/\/super-news.info\/hu\/wp-json\/wp\/v2\/categories?post=4152"},{"taxonomy":"post_tag","embeddable":true,"href":"https:\/\/super-news.info\/hu\/wp-json\/wp\/v2\/tags?post=4152"}],"curies":[{"name":"wp","href":"https:\/\/api.w.org\/{rel}","templated":true}]}}