{"id":4149,"date":"2019-06-15T19:54:40","date_gmt":"2019-06-15T16:54:40","guid":{"rendered":"https:\/\/super-news.info\/hu\/tovabb-emelkedik-az-apolok-bere\/"},"modified":"2019-06-15T19:54:41","modified_gmt":"2019-06-15T16:54:41","slug":"tovabb-emelkedik-az-apolok-bere","status":"publish","type":"post","link":"https:\/\/super-news.info\/hu\/tovabb-emelkedik-az-apolok-bere\/","title":{"rendered":"Tov\u00e1bb emelkedik az \u00e1pol\u00f3k b\u00e9re"},"content":{"rendered":"<p> [ad_1]<br \/>\n<\/p>\n<p>\n\t\t\t\t\t\t\t\tJ\u00falius 1-j\u00e9vel nyolc sz\u00e1zal\u00e9kkal emelkedik az eg\u00e9szs\u00e9g\u00fcgyi szakdolgoz\u00f3k \u00e9s v\u00e9d\u0151n\u0151k alapb\u00e9re \u2013 jelentette be az eg\u00e9szs\u00e9g\u00fcgy\u00e9rt felel\u0151s \u00e1llamtitk\u00e1r szombaton sajt\u00f3t\u00e1j\u00e9koztat\u00f3n, Budapesten.\t\t\t\t\t\t\t<\/p>\n<div>\n<p>Horv\u00e1th Ildik\u00f3 elmondta, ez az emel\u00e9s a 2016-ban kezd\u0151d\u00f6tt t\u00f6bbl\u00e9pcs\u0151s b\u00e9remel\u00e9si program folytat\u00e1sa, \u00e9s t\u00f6bb mint 78 ezer szakdolgoz\u00f3t \u00e9s 4400 v\u00e9d\u0151n\u0151t \u00e9rint.<\/p>\n<p>K\u00f6z\u00f6lte,<\/p>\n<p>a korm\u00e1ny 2016-2018-ban 129 milli\u00e1rd forintot ford\u00edtott a szakdolgoz\u00f3i b\u00e9remel\u00e9sekre, az idei emel\u00e9s fedezete 14 milli\u00e1rd forint, j\u00f6v\u0151re pedig 82 milli\u00e1rd forint lesz.<\/p>\n<p>Horv\u00e1th Ildik\u00f3 kit\u00e9rt arra, hogy a j\u00faliusi b\u00e9remel\u00e9s vonatkozik az \u00e1llami, \u00f6nkorm\u00e1nyzati \u00e9s egyh\u00e1zi fenntart\u00e1s\u00fa int\u00e9zm\u00e9nyekben dolgoz\u00f3kra, valamint az Orsz\u00e1gos Ment\u0151szolg\u00e1latn\u00e1l \u00e9s az Orsz\u00e1gos V\u00e9rell\u00e1t\u00f3 Szolg\u00e1latn\u00e1l dolgoz\u00f3kra is.<br \/>Kiemelte, a korm\u00e1ny elk\u00f6telezett abban, hogy az eg\u00e9szs\u00e9g\u00fcgyben dolgoz\u00f3k megbecs\u00fclts\u00e9ge, t\u00e1rsadalmi elismerts\u00e9ge javuljon. Ezen a ter\u00fcleten 2010 \u00f3ta sokat tett a korm\u00e1ny, ennek a megbecs\u00fcl\u00e9snek az egyik fontos eleme a b\u00e9remel\u00e9s.<\/p>\n<div id=\"attachment_1571834\" style=\"width: 1410px\" class=\"wp-caption alignnone\">\n<p class=\"wp-caption-text\">MTI\/Rosta Tibor<br \/>Fot\u00f3: Rosta Tibor \/ MTI<\/p>\n<\/div>\n<p>Az \u00e1llamtitk\u00e1r ismertette a tov\u00e1bbi b\u00e9remel\u00e9si f\u00e1zisokat:<\/p>\n<p>a mostani b\u00e9remel\u00e9sen t\u00fal 2020 janu\u00e1rj\u00e1ban 14 sz\u00e1zal\u00e9kos, november\u00e9ben \u00fajabb 20 sz\u00e1zal\u00e9kos, v\u00e9g\u00fcl 2022 janu\u00e1rj\u00e1ban tov\u00e1bbi 30 sz\u00e1zal\u00e9kos eg\u00e9szs\u00e9g\u00fcgyi szakdolgoz\u00f3i b\u00e9remel\u00e9s lesz. Ezzel a 2016-os szinthez k\u00e9pest 2,5-szeres\u00e9re fog emelkedni a szakdolgoz\u00f3k b\u00e9re 2022-re \u2013 tette hozz\u00e1.<\/p>\n<p>P\u00e9ldak\u00e9nt elmondta, egy 19-21 \u00e9ves jogviszonnyal rendelkez\u0151, OKJ-s v\u00e9gzetts\u00e9g\u0171, E7-es fizet\u00e9si oszt\u00e1lyba sorolt \u00e1pol\u00f3 \u00e1tlagkeresete a mostani 334 550 forintr\u00f3l j\u00faliust\u00f3l 361 314 forintra emelkedik, 2022 janu\u00e1rj\u00e1t\u00f3l pedig 575 539 forintra.<br \/>Az \u00e1llamtitk\u00e1r \u00fagy v\u00e9lte, hogy a b\u00e9remel\u00e9sekkel, valamint a munka- \u00e9s \u00e9letk\u00f6r\u00fclm\u00e9nyek jav\u00edt\u00e1s\u00e1t seg\u00edt\u0151 int\u00e9zked\u00e9sekkel siker\u00fcl az eg\u00e9szs\u00e9g\u00fcgyben dolgoz\u00f3k megbecs\u00fclts\u00e9g\u00e9t er\u0151s\u00edteni.<\/p>\n<\/p><\/div>\n<p><script>\n    window.fbAsyncInit = function() {\n        FB.init({\n            appId      : \"204760236815359\",\n            xfbml      : true,\n            version    : \"v2.12\"\n        });\n        FB.AppEvents.logPageView();\n    };<\/p>\n<p>    (function(d, s, id){\n        var js, fjs = d.getElementsByTagName(s)[0];\n        if (d.getElementById(id)) {return;}\n        js = d.createElement(s); js.id = id;\n        js.src = \"http:\/\/connect.facebook.net\/hu_HU\/sdk.js\";\n        fjs.parentNode.insertBefore(js, fjs);\n    }(document, \"script\", \"facebook-jssdk\"));\n<\/script><br \/>\n<br \/>[ad_2]<br \/>\n<br \/><a href=\"https:\/\/www.vg.hu\/kozelet\/egeszsegugy-kozelet\/tovabb-emelkedik-az-apolok-bere-1571831\/\">Source link <\/a><\/p>\n","protected":false},"excerpt":{"rendered":"<p>[ad_1] J\u00falius 1-j\u00e9vel nyolc sz\u00e1zal\u00e9kkal emelkedik az eg\u00e9szs\u00e9g\u00fcgyi szakdolgoz\u00f3k \u00e9s v\u00e9d\u0151n\u0151k alapb\u00e9re \u2013 jelentette be az eg\u00e9szs\u00e9g\u00fcgy\u00e9rt felel\u0151s \u00e1llamtitk\u00e1r szombaton sajt\u00f3t\u00e1j\u00e9koztat\u00f3n, Budapesten. Horv\u00e1th Ildik\u00f3 elmondta, ez az emel\u00e9s a 2016-ban kezd\u0151d\u00f6tt t\u00f6bbl\u00e9pcs\u0151s b\u00e9remel\u00e9si program folytat\u00e1sa, \u00e9s t\u00f6bb mint 78 ezer szakdolgoz\u00f3t \u00e9s 4400 v\u00e9d\u0151n\u0151t \u00e9rint. K\u00f6z\u00f6lte, a korm\u00e1ny 2016-2018-ban 129 milli\u00e1rd forintot ford\u00edtott a szakdolgoz\u00f3i [&hellip;]<\/p>\n","protected":false},"author":2,"featured_media":4150,"comment_status":"open","ping_status":"open","sticky":false,"template":"","format":"standard","meta":{"footnotes":""},"categories":[1],"tags":[],"class_list":["post-4149","post","type-post","status-publish","format-standard","has-post-thumbnail","hentry","category-penzugyi-hirek"],"yoast_head":"<!-- This site is optimized with the Yoast SEO plugin v27.4 - https:\/\/yoast.com\/product\/yoast-seo-wordpress\/ -->\n<title>Tov\u00e1bb emelkedik az \u00e1pol\u00f3k b\u00e9re - Super News<\/title>\n<meta name=\"robots\" content=\"index, follow, max-snippet:-1, max-image-preview:large, max-video-preview:-1\" \/>\n<link rel=\"canonical\" href=\"https:\/\/super-news.info\/hu\/tovabb-emelkedik-az-apolok-bere\/\" \/>\n<meta property=\"og:locale\" content=\"hu_HU\" \/>\n<meta property=\"og:type\" content=\"article\" \/>\n<meta property=\"og:title\" content=\"Tov\u00e1bb emelkedik az \u00e1pol\u00f3k b\u00e9re - Super News\" \/>\n<meta property=\"og:description\" content=\"[ad_1] J\u00falius 1-j\u00e9vel nyolc sz\u00e1zal\u00e9kkal emelkedik az eg\u00e9szs\u00e9g\u00fcgyi szakdolgoz\u00f3k \u00e9s v\u00e9d\u0151n\u0151k alapb\u00e9re \u2013 jelentette be az eg\u00e9szs\u00e9g\u00fcgy\u00e9rt felel\u0151s \u00e1llamtitk\u00e1r szombaton sajt\u00f3t\u00e1j\u00e9koztat\u00f3n, Budapesten. Horv\u00e1th Ildik\u00f3 elmondta, ez az emel\u00e9s a 2016-ban kezd\u0151d\u00f6tt t\u00f6bbl\u00e9pcs\u0151s b\u00e9remel\u00e9si program folytat\u00e1sa, \u00e9s t\u00f6bb mint 78 ezer szakdolgoz\u00f3t \u00e9s 4400 v\u00e9d\u0151n\u0151t \u00e9rint. K\u00f6z\u00f6lte, a korm\u00e1ny 2016-2018-ban 129 milli\u00e1rd forintot ford\u00edtott a szakdolgoz\u00f3i [&hellip;]\" \/>\n<meta property=\"og:url\" content=\"https:\/\/super-news.info\/hu\/tovabb-emelkedik-az-apolok-bere\/\" \/>\n<meta property=\"og:site_name\" content=\"Super News\" \/>\n<meta property=\"article:published_time\" content=\"2019-06-15T16:54:40+00:00\" \/>\n<meta property=\"article:modified_time\" content=\"2019-06-15T16:54:41+00:00\" \/>\n<meta property=\"og:image\" content=\"https:\/\/super-news.info\/hu\/wp-content\/uploads\/sites\/3\/2019\/06\/Tov\u00e1bb-emelkedik-az-\u00e1pol\u00f3k-b\u00e9re.jpg\" \/>\n\t<meta property=\"og:image:width\" content=\"1400\" \/>\n\t<meta property=\"og:image:height\" content=\"933\" \/>\n\t<meta property=\"og:image:type\" content=\"image\/jpeg\" \/>\n<meta name=\"author\" content=\"super-news\" \/>\n<meta name=\"twitter:card\" content=\"summary_large_image\" \/>\n<meta name=\"twitter:label1\" content=\"Szerz\u0151:\" \/>\n\t<meta name=\"twitter:data1\" content=\"super-news\" \/>\n\t<meta name=\"twitter:label2\" content=\"Becs\u00fclt olvas\u00e1si id\u0151\" \/>\n\t<meta name=\"twitter:data2\" content=\"2 perc\" \/>\n<script type=\"application\/ld+json\" class=\"yoast-schema-graph\">{\"@context\":\"https:\\\/\\\/schema.org\",\"@graph\":[{\"@type\":\"Article\",\"@id\":\"https:\\\/\\\/super-news.info\\\/hu\\\/tovabb-emelkedik-az-apolok-bere\\\/#article\",\"isPartOf\":{\"@id\":\"https:\\\/\\\/super-news.info\\\/hu\\\/tovabb-emelkedik-az-apolok-bere\\\/\"},\"author\":{\"name\":\"super-news\",\"@id\":\"https:\\\/\\\/super-news.info\\\/hu\\\/#\\\/schema\\\/person\\\/2d4068cb2f39cd10008c2fce578a7356\"},\"headline\":\"Tov\u00e1bb emelkedik az \u00e1pol\u00f3k b\u00e9re\",\"datePublished\":\"2019-06-15T16:54:40+00:00\",\"dateModified\":\"2019-06-15T16:54:41+00:00\",\"mainEntityOfPage\":{\"@id\":\"https:\\\/\\\/super-news.info\\\/hu\\\/tovabb-emelkedik-az-apolok-bere\\\/\"},\"wordCount\":377,\"commentCount\":0,\"image\":{\"@id\":\"https:\\\/\\\/super-news.info\\\/hu\\\/tovabb-emelkedik-az-apolok-bere\\\/#primaryimage\"},\"thumbnailUrl\":\"https:\\\/\\\/super-news.info\\\/hu\\\/wp-content\\\/uploads\\\/sites\\\/3\\\/2019\\\/06\\\/Tov\u00e1bb-emelkedik-az-\u00e1pol\u00f3k-b\u00e9re.jpg\",\"articleSection\":[\"P\u00c9NZ\u00dcGYI H\u00cdREK\"],\"inLanguage\":\"hu\",\"potentialAction\":[{\"@type\":\"CommentAction\",\"name\":\"Comment\",\"target\":[\"https:\\\/\\\/super-news.info\\\/hu\\\/tovabb-emelkedik-az-apolok-bere\\\/#respond\"]}]},{\"@type\":\"WebPage\",\"@id\":\"https:\\\/\\\/super-news.info\\\/hu\\\/tovabb-emelkedik-az-apolok-bere\\\/\",\"url\":\"https:\\\/\\\/super-news.info\\\/hu\\\/tovabb-emelkedik-az-apolok-bere\\\/\",\"name\":\"Tov\u00e1bb emelkedik az \u00e1pol\u00f3k b\u00e9re - Super News\",\"isPartOf\":{\"@id\":\"https:\\\/\\\/super-news.info\\\/hu\\\/#website\"},\"primaryImageOfPage\":{\"@id\":\"https:\\\/\\\/super-news.info\\\/hu\\\/tovabb-emelkedik-az-apolok-bere\\\/#primaryimage\"},\"image\":{\"@id\":\"https:\\\/\\\/super-news.info\\\/hu\\\/tovabb-emelkedik-az-apolok-bere\\\/#primaryimage\"},\"thumbnailUrl\":\"https:\\\/\\\/super-news.info\\\/hu\\\/wp-content\\\/uploads\\\/sites\\\/3\\\/2019\\\/06\\\/Tov\u00e1bb-emelkedik-az-\u00e1pol\u00f3k-b\u00e9re.jpg\",\"datePublished\":\"2019-06-15T16:54:40+00:00\",\"dateModified\":\"2019-06-15T16:54:41+00:00\",\"author\":{\"@id\":\"https:\\\/\\\/super-news.info\\\/hu\\\/#\\\/schema\\\/person\\\/2d4068cb2f39cd10008c2fce578a7356\"},\"breadcrumb\":{\"@id\":\"https:\\\/\\\/super-news.info\\\/hu\\\/tovabb-emelkedik-az-apolok-bere\\\/#breadcrumb\"},\"inLanguage\":\"hu\",\"potentialAction\":[{\"@type\":\"ReadAction\",\"target\":[\"https:\\\/\\\/super-news.info\\\/hu\\\/tovabb-emelkedik-az-apolok-bere\\\/\"]}]},{\"@type\":\"ImageObject\",\"inLanguage\":\"hu\",\"@id\":\"https:\\\/\\\/super-news.info\\\/hu\\\/tovabb-emelkedik-az-apolok-bere\\\/#primaryimage\",\"url\":\"https:\\\/\\\/super-news.info\\\/hu\\\/wp-content\\\/uploads\\\/sites\\\/3\\\/2019\\\/06\\\/Tov\u00e1bb-emelkedik-az-\u00e1pol\u00f3k-b\u00e9re.jpg\",\"contentUrl\":\"https:\\\/\\\/super-news.info\\\/hu\\\/wp-content\\\/uploads\\\/sites\\\/3\\\/2019\\\/06\\\/Tov\u00e1bb-emelkedik-az-\u00e1pol\u00f3k-b\u00e9re.jpg\",\"width\":1400,\"height\":933,\"caption\":\"Tov\u00e1bb emelkedik az \u00e1pol\u00f3k b\u00e9re\"},{\"@type\":\"BreadcrumbList\",\"@id\":\"https:\\\/\\\/super-news.info\\\/hu\\\/tovabb-emelkedik-az-apolok-bere\\\/#breadcrumb\",\"itemListElement\":[{\"@type\":\"ListItem\",\"position\":1,\"name\":\"\u0413\u043b\u0430\u0432\u043d\u0430\u044f \u0441\u0442\u0440\u0430\u043d\u0438\u0446\u0430\",\"item\":\"https:\\\/\\\/super-news.info\\\/hu\\\/\"},{\"@type\":\"ListItem\",\"position\":2,\"name\":\"Tov\u00e1bb emelkedik az \u00e1pol\u00f3k b\u00e9re\"}]},{\"@type\":\"WebSite\",\"@id\":\"https:\\\/\\\/super-news.info\\\/hu\\\/#website\",\"url\":\"https:\\\/\\\/super-news.info\\\/hu\\\/\",\"name\":\"Super News\",\"description\":\"Super News Magyarorsz\u00e1g\",\"potentialAction\":[{\"@type\":\"SearchAction\",\"target\":{\"@type\":\"EntryPoint\",\"urlTemplate\":\"https:\\\/\\\/super-news.info\\\/hu\\\/?s={search_term_string}\"},\"query-input\":{\"@type\":\"PropertyValueSpecification\",\"valueRequired\":true,\"valueName\":\"search_term_string\"}}],\"inLanguage\":\"hu\"},{\"@type\":\"Person\",\"@id\":\"https:\\\/\\\/super-news.info\\\/hu\\\/#\\\/schema\\\/person\\\/2d4068cb2f39cd10008c2fce578a7356\",\"name\":\"super-news\",\"image\":{\"@type\":\"ImageObject\",\"inLanguage\":\"hu\",\"@id\":\"https:\\\/\\\/secure.gravatar.com\\\/avatar\\\/64ebac40b93f26a154f8a9b5b6fdccfc46f442b26b3dd6756dbff3bf9dc76fd7?s=96&d=mm&r=g\",\"url\":\"https:\\\/\\\/secure.gravatar.com\\\/avatar\\\/64ebac40b93f26a154f8a9b5b6fdccfc46f442b26b3dd6756dbff3bf9dc76fd7?s=96&d=mm&r=g\",\"contentUrl\":\"https:\\\/\\\/secure.gravatar.com\\\/avatar\\\/64ebac40b93f26a154f8a9b5b6fdccfc46f442b26b3dd6756dbff3bf9dc76fd7?s=96&d=mm&r=g\",\"caption\":\"super-news\"},\"url\":\"https:\\\/\\\/super-news.info\\\/hu\\\/author\\\/pt\\\/\"}]}<\/script>\n<!-- \/ Yoast SEO plugin. -->","yoast_head_json":{"title":"Tov\u00e1bb emelkedik az \u00e1pol\u00f3k b\u00e9re - Super News","robots":{"index":"index","follow":"follow","max-snippet":"max-snippet:-1","max-image-preview":"max-image-preview:large","max-video-preview":"max-video-preview:-1"},"canonical":"https:\/\/super-news.info\/hu\/tovabb-emelkedik-az-apolok-bere\/","og_locale":"hu_HU","og_type":"article","og_title":"Tov\u00e1bb emelkedik az \u00e1pol\u00f3k b\u00e9re - Super News","og_description":"[ad_1] J\u00falius 1-j\u00e9vel nyolc sz\u00e1zal\u00e9kkal emelkedik az eg\u00e9szs\u00e9g\u00fcgyi szakdolgoz\u00f3k \u00e9s v\u00e9d\u0151n\u0151k alapb\u00e9re \u2013 jelentette be az eg\u00e9szs\u00e9g\u00fcgy\u00e9rt felel\u0151s \u00e1llamtitk\u00e1r szombaton sajt\u00f3t\u00e1j\u00e9koztat\u00f3n, Budapesten. Horv\u00e1th Ildik\u00f3 elmondta, ez az emel\u00e9s a 2016-ban kezd\u0151d\u00f6tt t\u00f6bbl\u00e9pcs\u0151s b\u00e9remel\u00e9si program folytat\u00e1sa, \u00e9s t\u00f6bb mint 78 ezer szakdolgoz\u00f3t \u00e9s 4400 v\u00e9d\u0151n\u0151t \u00e9rint. K\u00f6z\u00f6lte, a korm\u00e1ny 2016-2018-ban 129 milli\u00e1rd forintot ford\u00edtott a szakdolgoz\u00f3i [&hellip;]","og_url":"https:\/\/super-news.info\/hu\/tovabb-emelkedik-az-apolok-bere\/","og_site_name":"Super News","article_published_time":"2019-06-15T16:54:40+00:00","article_modified_time":"2019-06-15T16:54:41+00:00","og_image":[{"width":1400,"height":933,"url":"https:\/\/super-news.info\/hu\/wp-content\/uploads\/sites\/3\/2019\/06\/Tov\u00e1bb-emelkedik-az-\u00e1pol\u00f3k-b\u00e9re.jpg","type":"image\/jpeg"}],"author":"super-news","twitter_card":"summary_large_image","twitter_misc":{"Szerz\u0151:":"super-news","Becs\u00fclt olvas\u00e1si id\u0151":"2 perc"},"schema":{"@context":"https:\/\/schema.org","@graph":[{"@type":"Article","@id":"https:\/\/super-news.info\/hu\/tovabb-emelkedik-az-apolok-bere\/#article","isPartOf":{"@id":"https:\/\/super-news.info\/hu\/tovabb-emelkedik-az-apolok-bere\/"},"author":{"name":"super-news","@id":"https:\/\/super-news.info\/hu\/#\/schema\/person\/2d4068cb2f39cd10008c2fce578a7356"},"headline":"Tov\u00e1bb emelkedik az \u00e1pol\u00f3k b\u00e9re","datePublished":"2019-06-15T16:54:40+00:00","dateModified":"2019-06-15T16:54:41+00:00","mainEntityOfPage":{"@id":"https:\/\/super-news.info\/hu\/tovabb-emelkedik-az-apolok-bere\/"},"wordCount":377,"commentCount":0,"image":{"@id":"https:\/\/super-news.info\/hu\/tovabb-emelkedik-az-apolok-bere\/#primaryimage"},"thumbnailUrl":"https:\/\/super-news.info\/hu\/wp-content\/uploads\/sites\/3\/2019\/06\/Tov\u00e1bb-emelkedik-az-\u00e1pol\u00f3k-b\u00e9re.jpg","articleSection":["P\u00c9NZ\u00dcGYI H\u00cdREK"],"inLanguage":"hu","potentialAction":[{"@type":"CommentAction","name":"Comment","target":["https:\/\/super-news.info\/hu\/tovabb-emelkedik-az-apolok-bere\/#respond"]}]},{"@type":"WebPage","@id":"https:\/\/super-news.info\/hu\/tovabb-emelkedik-az-apolok-bere\/","url":"https:\/\/super-news.info\/hu\/tovabb-emelkedik-az-apolok-bere\/","name":"Tov\u00e1bb emelkedik az \u00e1pol\u00f3k b\u00e9re - Super News","isPartOf":{"@id":"https:\/\/super-news.info\/hu\/#website"},"primaryImageOfPage":{"@id":"https:\/\/super-news.info\/hu\/tovabb-emelkedik-az-apolok-bere\/#primaryimage"},"image":{"@id":"https:\/\/super-news.info\/hu\/tovabb-emelkedik-az-apolok-bere\/#primaryimage"},"thumbnailUrl":"https:\/\/super-news.info\/hu\/wp-content\/uploads\/sites\/3\/2019\/06\/Tov\u00e1bb-emelkedik-az-\u00e1pol\u00f3k-b\u00e9re.jpg","datePublished":"2019-06-15T16:54:40+00:00","dateModified":"2019-06-15T16:54:41+00:00","author":{"@id":"https:\/\/super-news.info\/hu\/#\/schema\/person\/2d4068cb2f39cd10008c2fce578a7356"},"breadcrumb":{"@id":"https:\/\/super-news.info\/hu\/tovabb-emelkedik-az-apolok-bere\/#breadcrumb"},"inLanguage":"hu","potentialAction":[{"@type":"ReadAction","target":["https:\/\/super-news.info\/hu\/tovabb-emelkedik-az-apolok-bere\/"]}]},{"@type":"ImageObject","inLanguage":"hu","@id":"https:\/\/super-news.info\/hu\/tovabb-emelkedik-az-apolok-bere\/#primaryimage","url":"https:\/\/super-news.info\/hu\/wp-content\/uploads\/sites\/3\/2019\/06\/Tov\u00e1bb-emelkedik-az-\u00e1pol\u00f3k-b\u00e9re.jpg","contentUrl":"https:\/\/super-news.info\/hu\/wp-content\/uploads\/sites\/3\/2019\/06\/Tov\u00e1bb-emelkedik-az-\u00e1pol\u00f3k-b\u00e9re.jpg","width":1400,"height":933,"caption":"Tov\u00e1bb emelkedik az \u00e1pol\u00f3k b\u00e9re"},{"@type":"BreadcrumbList","@id":"https:\/\/super-news.info\/hu\/tovabb-emelkedik-az-apolok-bere\/#breadcrumb","itemListElement":[{"@type":"ListItem","position":1,"name":"\u0413\u043b\u0430\u0432\u043d\u0430\u044f \u0441\u0442\u0440\u0430\u043d\u0438\u0446\u0430","item":"https:\/\/super-news.info\/hu\/"},{"@type":"ListItem","position":2,"name":"Tov\u00e1bb emelkedik az \u00e1pol\u00f3k b\u00e9re"}]},{"@type":"WebSite","@id":"https:\/\/super-news.info\/hu\/#website","url":"https:\/\/super-news.info\/hu\/","name":"Super News","description":"Super News Magyarorsz\u00e1g","potentialAction":[{"@type":"SearchAction","target":{"@type":"EntryPoint","urlTemplate":"https:\/\/super-news.info\/hu\/?s={search_term_string}"},"query-input":{"@type":"PropertyValueSpecification","valueRequired":true,"valueName":"search_term_string"}}],"inLanguage":"hu"},{"@type":"Person","@id":"https:\/\/super-news.info\/hu\/#\/schema\/person\/2d4068cb2f39cd10008c2fce578a7356","name":"super-news","image":{"@type":"ImageObject","inLanguage":"hu","@id":"https:\/\/secure.gravatar.com\/avatar\/64ebac40b93f26a154f8a9b5b6fdccfc46f442b26b3dd6756dbff3bf9dc76fd7?s=96&d=mm&r=g","url":"https:\/\/secure.gravatar.com\/avatar\/64ebac40b93f26a154f8a9b5b6fdccfc46f442b26b3dd6756dbff3bf9dc76fd7?s=96&d=mm&r=g","contentUrl":"https:\/\/secure.gravatar.com\/avatar\/64ebac40b93f26a154f8a9b5b6fdccfc46f442b26b3dd6756dbff3bf9dc76fd7?s=96&d=mm&r=g","caption":"super-news"},"url":"https:\/\/super-news.info\/hu\/author\/pt\/"}]}},"_links":{"self":[{"href":"https:\/\/super-news.info\/hu\/wp-json\/wp\/v2\/posts\/4149","targetHints":{"allow":["GET"]}}],"collection":[{"href":"https:\/\/super-news.info\/hu\/wp-json\/wp\/v2\/posts"}],"about":[{"href":"https:\/\/super-news.info\/hu\/wp-json\/wp\/v2\/types\/post"}],"author":[{"embeddable":true,"href":"https:\/\/super-news.info\/hu\/wp-json\/wp\/v2\/users\/2"}],"replies":[{"embeddable":true,"href":"https:\/\/super-news.info\/hu\/wp-json\/wp\/v2\/comments?post=4149"}],"version-history":[{"count":1,"href":"https:\/\/super-news.info\/hu\/wp-json\/wp\/v2\/posts\/4149\/revisions"}],"predecessor-version":[{"id":4151,"href":"https:\/\/super-news.info\/hu\/wp-json\/wp\/v2\/posts\/4149\/revisions\/4151"}],"wp:featuredmedia":[{"embeddable":true,"href":"https:\/\/super-news.info\/hu\/wp-json\/wp\/v2\/media\/4150"}],"wp:attachment":[{"href":"https:\/\/super-news.info\/hu\/wp-json\/wp\/v2\/media?parent=4149"}],"wp:term":[{"taxonomy":"category","embeddable":true,"href":"https:\/\/super-news.info\/hu\/wp-json\/wp\/v2\/categories?post=4149"},{"taxonomy":"post_tag","embeddable":true,"href":"https:\/\/super-news.info\/hu\/wp-json\/wp\/v2\/tags?post=4149"}],"curies":[{"name":"wp","href":"https:\/\/api.w.org\/{rel}","templated":true}]}}