{"id":4144,"date":"2019-06-15T18:06:50","date_gmt":"2019-06-15T15:06:50","guid":{"rendered":"https:\/\/super-news.info\/hu\/beiktattak-hivatalaba-szlovakia-uj-koztarsasagi-elnoket\/"},"modified":"2019-06-15T18:06:51","modified_gmt":"2019-06-15T15:06:51","slug":"beiktattak-hivatalaba-szlovakia-uj-koztarsasagi-elnoket","status":"publish","type":"post","link":"https:\/\/super-news.info\/hu\/beiktattak-hivatalaba-szlovakia-uj-koztarsasagi-elnoket\/","title":{"rendered":"Beiktatt\u00e1k hivatal\u00e1ba Szlov\u00e1kia \u00faj k\u00f6zt\u00e1rsas\u00e1gi eln\u00f6k\u00e9t"},"content":{"rendered":"<p> [ad_1]<br \/>\n<\/p>\n<p>\n\t\t\t\t\t\t\t\tBeiktatt\u00e1k hivatal\u00e1ba Szlov\u00e1kia \u00faj k\u00f6zt\u00e1rsas\u00e1gi eln\u00f6k\u00e9t szombaton Pozsonyban. Zuzana Caputov\u00e1 szem\u00e9ly\u00e9ben el\u0151sz\u00f6r ker\u00fclt n\u0151 az \u00e1llamf\u0151i tiszts\u00e9gbe.\t\t\t\t\t\t\t<\/p>\n<div>\n<p>A liber\u00e1lis politikus Andrej Kisk\u00e1t v\u00e1ltotta fel az orsz\u00e1g \u00e9l\u00e9n. Kiska kor\u00e1bban bejelentette, hogy p\u00e1rtot alap\u00edt \u00e9s tov\u00e1bbra is akt\u00edv k\u00edv\u00e1n maradni a szlov\u00e1kiai politikai \u00e9letben.<\/p>\n<p>A m\u00e1rciusban \u00e1llamf\u0151v\u00e9 v\u00e1lasztott Caputov\u00e1 az orsz\u00e1g legf\u0151bb k\u00f6zjogi m\u00e9lt\u00f3s\u00e1gai, a korm\u00e1ny \u00e9s a t\u00f6bbi d\u00edszvend\u00e9g jelenl\u00e9t\u00e9ben a parlamentnek a pozsonyi Vigad\u00f3ban tartott \u00fcnnepi \u00fcl\u00e9s\u00e9n az alkotm\u00e1nyb\u00edr\u00f3s\u00e1g eln\u00f6ke el\u0151tt tette le a hivatali esk\u00fct.<\/p>\n<p>Az \u00fcnnep\u00e9lyes esk\u00fct\u00e9tel \u00e9s a himnusz elhangz\u00e1sa ut\u00e1n az \u00faj \u00e1llamf\u0151 besz\u00e9det mondott. Lesz\u00f6gezte: minden szlov\u00e1k \u00e1llampolg\u00e1r eln\u00f6ke akar lenni.<\/p>\n<blockquote>\n<p>T\u00f6r\u0151dni fogok a szlov\u00e1k nemzet, a nemzeti kisebbs\u00e9gek \u00e9s a Szlov\u00e1k K\u00f6zt\u00e1rsas\u00e1gban \u00e9l\u0151 etnikai csoportok j\u00f3l\u00e9t\u00e9vel. Feladataimat a polg\u00e1rok \u00e9rdekeit szem el\u0151tt tartva fogom ell\u00e1tni, meg\u0151rz\u00f6m \u00e9s megv\u00e9dem az alkotm\u00e1nyt \u00e9s a t\u00f6rv\u00e9nyeket<\/p>\n<\/blockquote>\n<p>\u2013 jelentette ki az \u00faj eln\u00f6k.<\/p>\n<div id=\"attachment_1571918\" style=\"width: 1410px\" class=\"wp-caption alignnone\">\n<p class=\"wp-caption-text\">Fot\u00f3: Jakub Gavlak \/ MTI\/EPA<\/p>\n<\/div>\n<blockquote>\n<p>Nem korm\u00e1nyozni j\u00f6ttem, hanem szolg\u00e1lni az embereket, Szlov\u00e1kia \u00e1llampolg\u00e1rait<\/p>\n<\/blockquote>\n<p>\u2013 h\u00fazta al\u00e1.<br \/>Hangs\u00falyozta: nem fogja megengedni, hogy d\u00f6nt\u00e9seit b\u00e1rki k\u00edv\u00fclr\u0151l befoly\u00e1solja, szabadon fog d\u00f6nteni.<\/p>\n<blockquote>\n<p>Az egyetlen utas\u00edt\u00e1s, amelyet \u00e1llamf\u0151k\u00e9nt tiszteletben fogok tartani, az az, amelyet az alkotm\u00e1ny dikt\u00e1l!<\/p>\n<\/blockquote>\n<p>\u2013 mutatott r\u00e1 Zuzana Caputov\u00e1.<\/p>\n<p>A beiktat\u00e1si cerem\u00f3nia ut\u00e1n az \u00faj \u00e1llamf\u0151 a Szent M\u00e1rton d\u00f3mban, az egykori koron\u00e1z\u00f3 templomban h\u00e1laad\u00f3 szentmis\u00e9n vett r\u00e9szt, majd a Grassalkovich-palot\u00e1ban jelk\u00e9pesen gyakorlatilag is \u00e1tvette az eln\u00f6ki hivatal ir\u00e1ny\u00edt\u00e1s\u00e1t.<\/p>\n<p>A szlov\u00e1kiai politik\u00e1ban \u00fajoncnak sz\u00e1m\u00edt\u00f3 Zuzana Caputov\u00e1 a m\u00e1rciusi \u00e1llamf\u0151v\u00e1laszt\u00e1s m\u00e1sodik k\u00f6r\u00e9ben szerezte meg a gy\u0151zelmet az \u00e9rv\u00e9nyes szavazatok 58,4 sz\u00e1zal\u00e9k\u00e1val. Ellenfele, Maros Sefcovic, a korm\u00e1nyz\u00f3 Ir\u00e1ny-Szoci\u00e1ldemokr\u00e1cia (Smer-SD) jel\u00f6ltje, a voksok 41,59 sz\u00e1zal\u00e9k\u00e1t kapta meg. Caputov\u00e1 sorrendben Szlov\u00e1kia \u00f6t\u00f6dik \u2013 egyben negyedik k\u00f6zvetlen\u00fcl megv\u00e1lasztott \u2013 \u00e1llamf\u0151je.<\/p>\n<p>Zuzana Caputov\u00e1 1973. j\u00fanius 21-\u00e9n Pozsonyban sz\u00fcletett. Negyven\u00f6t \u00e9vesen \u0151 a legfiatalabb szem\u00e9ly, akit k\u00f6zt\u00e1rsas\u00e1gi eln\u00f6kk\u00e9 v\u00e1lasztottak Szlov\u00e1ki\u00e1ban.<\/p>\n<p>Jog\u00e1szdiplom\u00e1j\u00e1t 1996-ban sz\u00fcl\u0151v\u00e1ros\u00e1ban szerezte, majd a f\u0151v\u00e1roshoz k\u00f6zeli Bazinban (Pezinok) telepedett le \u00e9s dolgozott jog\u00e1szk\u00e9nt. Nagyon akt\u00edv volt a polg\u00e1ri, civil szektorban, els\u0151sorban a k\u00f6rnyezetv\u00e9delem ter\u00e9n, ami\u00e9rt 2016-ban Goldman-d\u00edjat kapott. 2017-ben bel\u00e9pett az akkor form\u00e1l\u00f3d\u00f3 Progressz\u00edv Szlov\u00e1kia parlamenten k\u00edv\u00fcli p\u00e1rtba, amelynek 2018-ban aleln\u00f6ke lett. Err\u0151l a tiszts\u00e9g\u00e9r\u0151l az eln\u00f6kv\u00e1laszt\u00e1si kamp\u00e1ny elej\u00e9n lemondott.<\/p>\n<p>Caputov\u00e1 2018 szeptember\u00e9ben elv\u00e1lt, k\u00e9t tin\u00e9dzser kor\u00fa l\u00e1nya vele \u00e9l. 2019 febru\u00e1rj\u00e1ban nyilv\u00e1noss\u00e1gra hozta, hogy \u00faj \u00e9lett\u00e1rsa Peter Konecny zen\u00e9sz \u00e9s k\u00e9pz\u0151m\u0171v\u00e9sz, aki ezut\u00e1n k\u00f6zszerepl\u00e9sei sor\u00e1n is \u00e1lland\u00f3 k\u00eds\u00e9r\u0151je lett.<\/p>\n<p>Az eln\u00f6kv\u00e1laszt\u00e1si kamp\u00e1nyban Caputov\u00e1 a magyarok \u00e1ltal lakott r\u00e9gi\u00f3kat is megl\u00e1togatta, \u00e9s kijelentette, hogy nemzetis\u00e9gre val\u00f3 tekintet n\u00e9lk\u00fcl minden szlov\u00e1k \u00e1llampolg\u00e1r eln\u00f6ke akar lenni.<\/p>\n<p>N\u00e9zetei a nemzetis\u00e9gi k\u00e9rd\u00e9sben nem ismeretesek. A k\u00f6zelm\u00faltban azonban k\u00f6z\u00f6lte, hogy v\u00e1laszt\u00e1si \u00edg\u00e9ret\u00e9hez h\u00edven a j\u00f6v\u0151ben szeretne szorosabban egy\u00fcttm\u0171k\u00f6dni az orsz\u00e1gban \u00e9l\u0151 nemzeti kisebbs\u00e9gekkel is, ez\u00e9rt soraikb\u00f3l egy h\u00e9ttag\u00fa kisebbs\u00e9gi tan\u00e1csad\u00f3i test\u00fcletet hoz l\u00e9tre. Ezzel a t\u00e9m\u00e1val kor\u00e1bban a szlov\u00e1k \u00e1llamf\u0151k nem foglalkoztak.<\/p>\n<p>A szlov\u00e1k k\u00f6zt\u00e1rsas\u00e1gi eln\u00f6k megb\u00edzat\u00e1sa \u00f6t \u00e9vre sz\u00f3l, jogk\u00f6rei meglehet\u0151sen korl\u00e1tozottak. Az eln\u00f6k a t\u00f6rv\u00e9nyalkot\u00e1si folyamatban v\u00e9t\u00f3joggal rendelkezik, a gyakorlatban azonban eddig igen ritk\u00e1n esett meg, hogy az \u00e1ltala kifog\u00e1solt jogszab\u00e1lyokat a parlament ne szavazta volna meg \u00fajra.<\/p>\n<p>Zuzana Caputov\u00e1 m\u00e1r kor\u00e1bban bejelentette, hogy els\u0151 k\u00fclf\u00f6ldi \u00fatja j\u00fanius 20-\u00e1n Pr\u00e1g\u00e1ba fog vezetni.<\/p>\n<p>A cseh \u00e9s szlov\u00e1k politikusokn\u00e1l hagyom\u00e1ny, hogy els\u0151 hivatalos k\u00fclf\u00f6ldi \u00fatjuk a szomsz\u00e9dos orsz\u00e1gbeli partner\u00fckh\u00f6z vezet.<br \/>Csehorsz\u00e1g \u00e9s Szlov\u00e1kia 1918 \u00e9s 1992 k\u00f6z\u00f6tt Csehszlov\u00e1kia n\u00e9ven egy \u00e1llamot alkotott.<\/p>\n<\/p><\/div>\n<p><script>\n    window.fbAsyncInit = function() {\n        FB.init({\n            appId      : \"204760236815359\",\n            xfbml      : true,\n            version    : \"v2.12\"\n        });\n        FB.AppEvents.logPageView();\n    };<\/p>\n<p>    (function(d, s, id){\n        var js, fjs = d.getElementsByTagName(s)[0];\n        if (d.getElementById(id)) {return;}\n        js = d.createElement(s); js.id = id;\n        js.src = \"http:\/\/connect.facebook.net\/hu_HU\/sdk.js\";\n        fjs.parentNode.insertBefore(js, fjs);\n    }(document, \"script\", \"facebook-jssdk\"));\n<\/script><br \/>\n<br \/>[ad_2]<br \/>\n<br \/><a href=\"https:\/\/www.vg.hu\/kozelet\/politika\/beiktattak-hivatalaba-szlovakia-uj-koztarsasagi-elnoket-1571912\/\">Source link <\/a><\/p>\n","protected":false},"excerpt":{"rendered":"<p>[ad_1] Beiktatt\u00e1k hivatal\u00e1ba Szlov\u00e1kia \u00faj k\u00f6zt\u00e1rsas\u00e1gi eln\u00f6k\u00e9t szombaton Pozsonyban. Zuzana Caputov\u00e1 szem\u00e9ly\u00e9ben el\u0151sz\u00f6r ker\u00fclt n\u0151 az \u00e1llamf\u0151i tiszts\u00e9gbe. A liber\u00e1lis politikus Andrej Kisk\u00e1t v\u00e1ltotta fel az orsz\u00e1g \u00e9l\u00e9n. Kiska kor\u00e1bban bejelentette, hogy p\u00e1rtot alap\u00edt \u00e9s tov\u00e1bbra is akt\u00edv k\u00edv\u00e1n maradni a szlov\u00e1kiai politikai \u00e9letben. A m\u00e1rciusban \u00e1llamf\u0151v\u00e9 v\u00e1lasztott Caputov\u00e1 az orsz\u00e1g legf\u0151bb k\u00f6zjogi m\u00e9lt\u00f3s\u00e1gai, a [&hellip;]<\/p>\n","protected":false},"author":2,"featured_media":4145,"comment_status":"open","ping_status":"open","sticky":false,"template":"","format":"standard","meta":{"footnotes":""},"categories":[1],"tags":[],"class_list":["post-4144","post","type-post","status-publish","format-standard","has-post-thumbnail","hentry","category-penzugyi-hirek"],"yoast_head":"<!-- This site is optimized with the Yoast SEO plugin v27.4 - https:\/\/yoast.com\/product\/yoast-seo-wordpress\/ -->\n<title>Beiktatt\u00e1k hivatal\u00e1ba Szlov\u00e1kia \u00faj k\u00f6zt\u00e1rsas\u00e1gi eln\u00f6k\u00e9t - Super News<\/title>\n<meta name=\"robots\" content=\"index, follow, max-snippet:-1, max-image-preview:large, max-video-preview:-1\" \/>\n<link rel=\"canonical\" href=\"https:\/\/super-news.info\/hu\/beiktattak-hivatalaba-szlovakia-uj-koztarsasagi-elnoket\/\" \/>\n<meta property=\"og:locale\" content=\"hu_HU\" \/>\n<meta property=\"og:type\" content=\"article\" \/>\n<meta property=\"og:title\" content=\"Beiktatt\u00e1k hivatal\u00e1ba Szlov\u00e1kia \u00faj k\u00f6zt\u00e1rsas\u00e1gi eln\u00f6k\u00e9t - Super News\" \/>\n<meta property=\"og:description\" content=\"[ad_1] Beiktatt\u00e1k hivatal\u00e1ba Szlov\u00e1kia \u00faj k\u00f6zt\u00e1rsas\u00e1gi eln\u00f6k\u00e9t szombaton Pozsonyban. Zuzana Caputov\u00e1 szem\u00e9ly\u00e9ben el\u0151sz\u00f6r ker\u00fclt n\u0151 az \u00e1llamf\u0151i tiszts\u00e9gbe. A liber\u00e1lis politikus Andrej Kisk\u00e1t v\u00e1ltotta fel az orsz\u00e1g \u00e9l\u00e9n. Kiska kor\u00e1bban bejelentette, hogy p\u00e1rtot alap\u00edt \u00e9s tov\u00e1bbra is akt\u00edv k\u00edv\u00e1n maradni a szlov\u00e1kiai politikai \u00e9letben. A m\u00e1rciusban \u00e1llamf\u0151v\u00e9 v\u00e1lasztott Caputov\u00e1 az orsz\u00e1g legf\u0151bb k\u00f6zjogi m\u00e9lt\u00f3s\u00e1gai, a [&hellip;]\" \/>\n<meta property=\"og:url\" content=\"https:\/\/super-news.info\/hu\/beiktattak-hivatalaba-szlovakia-uj-koztarsasagi-elnoket\/\" \/>\n<meta property=\"og:site_name\" content=\"Super News\" \/>\n<meta property=\"article:published_time\" content=\"2019-06-15T15:06:50+00:00\" \/>\n<meta property=\"article:modified_time\" content=\"2019-06-15T15:06:51+00:00\" \/>\n<meta property=\"og:image\" content=\"https:\/\/super-news.info\/hu\/wp-content\/uploads\/sites\/3\/2019\/06\/Beiktatt\u00e1k-hivatal\u00e1ba-Szlov\u00e1kia-\u00faj-k\u00f6zt\u00e1rsas\u00e1gi-eln\u00f6k\u00e9t.jpg\" \/>\n\t<meta property=\"og:image:width\" content=\"1400\" \/>\n\t<meta property=\"og:image:height\" content=\"933\" \/>\n\t<meta property=\"og:image:type\" content=\"image\/jpeg\" \/>\n<meta name=\"author\" content=\"super-news\" \/>\n<meta name=\"twitter:card\" content=\"summary_large_image\" \/>\n<meta name=\"twitter:label1\" content=\"Szerz\u0151:\" \/>\n\t<meta name=\"twitter:data1\" content=\"super-news\" \/>\n\t<meta name=\"twitter:label2\" content=\"Becs\u00fclt olvas\u00e1si id\u0151\" \/>\n\t<meta name=\"twitter:data2\" content=\"4 perc\" \/>\n<script type=\"application\/ld+json\" class=\"yoast-schema-graph\">{\"@context\":\"https:\\\/\\\/schema.org\",\"@graph\":[{\"@type\":\"Article\",\"@id\":\"https:\\\/\\\/super-news.info\\\/hu\\\/beiktattak-hivatalaba-szlovakia-uj-koztarsasagi-elnoket\\\/#article\",\"isPartOf\":{\"@id\":\"https:\\\/\\\/super-news.info\\\/hu\\\/beiktattak-hivatalaba-szlovakia-uj-koztarsasagi-elnoket\\\/\"},\"author\":{\"name\":\"super-news\",\"@id\":\"https:\\\/\\\/super-news.info\\\/hu\\\/#\\\/schema\\\/person\\\/2d4068cb2f39cd10008c2fce578a7356\"},\"headline\":\"Beiktatt\u00e1k hivatal\u00e1ba Szlov\u00e1kia \u00faj k\u00f6zt\u00e1rsas\u00e1gi eln\u00f6k\u00e9t\",\"datePublished\":\"2019-06-15T15:06:50+00:00\",\"dateModified\":\"2019-06-15T15:06:51+00:00\",\"mainEntityOfPage\":{\"@id\":\"https:\\\/\\\/super-news.info\\\/hu\\\/beiktattak-hivatalaba-szlovakia-uj-koztarsasagi-elnoket\\\/\"},\"wordCount\":824,\"commentCount\":0,\"image\":{\"@id\":\"https:\\\/\\\/super-news.info\\\/hu\\\/beiktattak-hivatalaba-szlovakia-uj-koztarsasagi-elnoket\\\/#primaryimage\"},\"thumbnailUrl\":\"https:\\\/\\\/super-news.info\\\/hu\\\/wp-content\\\/uploads\\\/sites\\\/3\\\/2019\\\/06\\\/Beiktatt\u00e1k-hivatal\u00e1ba-Szlov\u00e1kia-\u00faj-k\u00f6zt\u00e1rsas\u00e1gi-eln\u00f6k\u00e9t.jpg\",\"articleSection\":[\"P\u00c9NZ\u00dcGYI H\u00cdREK\"],\"inLanguage\":\"hu\",\"potentialAction\":[{\"@type\":\"CommentAction\",\"name\":\"Comment\",\"target\":[\"https:\\\/\\\/super-news.info\\\/hu\\\/beiktattak-hivatalaba-szlovakia-uj-koztarsasagi-elnoket\\\/#respond\"]}]},{\"@type\":\"WebPage\",\"@id\":\"https:\\\/\\\/super-news.info\\\/hu\\\/beiktattak-hivatalaba-szlovakia-uj-koztarsasagi-elnoket\\\/\",\"url\":\"https:\\\/\\\/super-news.info\\\/hu\\\/beiktattak-hivatalaba-szlovakia-uj-koztarsasagi-elnoket\\\/\",\"name\":\"Beiktatt\u00e1k hivatal\u00e1ba Szlov\u00e1kia \u00faj k\u00f6zt\u00e1rsas\u00e1gi eln\u00f6k\u00e9t - Super News\",\"isPartOf\":{\"@id\":\"https:\\\/\\\/super-news.info\\\/hu\\\/#website\"},\"primaryImageOfPage\":{\"@id\":\"https:\\\/\\\/super-news.info\\\/hu\\\/beiktattak-hivatalaba-szlovakia-uj-koztarsasagi-elnoket\\\/#primaryimage\"},\"image\":{\"@id\":\"https:\\\/\\\/super-news.info\\\/hu\\\/beiktattak-hivatalaba-szlovakia-uj-koztarsasagi-elnoket\\\/#primaryimage\"},\"thumbnailUrl\":\"https:\\\/\\\/super-news.info\\\/hu\\\/wp-content\\\/uploads\\\/sites\\\/3\\\/2019\\\/06\\\/Beiktatt\u00e1k-hivatal\u00e1ba-Szlov\u00e1kia-\u00faj-k\u00f6zt\u00e1rsas\u00e1gi-eln\u00f6k\u00e9t.jpg\",\"datePublished\":\"2019-06-15T15:06:50+00:00\",\"dateModified\":\"2019-06-15T15:06:51+00:00\",\"author\":{\"@id\":\"https:\\\/\\\/super-news.info\\\/hu\\\/#\\\/schema\\\/person\\\/2d4068cb2f39cd10008c2fce578a7356\"},\"breadcrumb\":{\"@id\":\"https:\\\/\\\/super-news.info\\\/hu\\\/beiktattak-hivatalaba-szlovakia-uj-koztarsasagi-elnoket\\\/#breadcrumb\"},\"inLanguage\":\"hu\",\"potentialAction\":[{\"@type\":\"ReadAction\",\"target\":[\"https:\\\/\\\/super-news.info\\\/hu\\\/beiktattak-hivatalaba-szlovakia-uj-koztarsasagi-elnoket\\\/\"]}]},{\"@type\":\"ImageObject\",\"inLanguage\":\"hu\",\"@id\":\"https:\\\/\\\/super-news.info\\\/hu\\\/beiktattak-hivatalaba-szlovakia-uj-koztarsasagi-elnoket\\\/#primaryimage\",\"url\":\"https:\\\/\\\/super-news.info\\\/hu\\\/wp-content\\\/uploads\\\/sites\\\/3\\\/2019\\\/06\\\/Beiktatt\u00e1k-hivatal\u00e1ba-Szlov\u00e1kia-\u00faj-k\u00f6zt\u00e1rsas\u00e1gi-eln\u00f6k\u00e9t.jpg\",\"contentUrl\":\"https:\\\/\\\/super-news.info\\\/hu\\\/wp-content\\\/uploads\\\/sites\\\/3\\\/2019\\\/06\\\/Beiktatt\u00e1k-hivatal\u00e1ba-Szlov\u00e1kia-\u00faj-k\u00f6zt\u00e1rsas\u00e1gi-eln\u00f6k\u00e9t.jpg\",\"width\":1400,\"height\":933,\"caption\":\"Beiktatt\u00e1k hivatal\u00e1ba Szlov\u00e1kia \u00faj k\u00f6zt\u00e1rsas\u00e1gi eln\u00f6k\u00e9t\"},{\"@type\":\"BreadcrumbList\",\"@id\":\"https:\\\/\\\/super-news.info\\\/hu\\\/beiktattak-hivatalaba-szlovakia-uj-koztarsasagi-elnoket\\\/#breadcrumb\",\"itemListElement\":[{\"@type\":\"ListItem\",\"position\":1,\"name\":\"\u0413\u043b\u0430\u0432\u043d\u0430\u044f \u0441\u0442\u0440\u0430\u043d\u0438\u0446\u0430\",\"item\":\"https:\\\/\\\/super-news.info\\\/hu\\\/\"},{\"@type\":\"ListItem\",\"position\":2,\"name\":\"Beiktatt\u00e1k hivatal\u00e1ba Szlov\u00e1kia \u00faj k\u00f6zt\u00e1rsas\u00e1gi eln\u00f6k\u00e9t\"}]},{\"@type\":\"WebSite\",\"@id\":\"https:\\\/\\\/super-news.info\\\/hu\\\/#website\",\"url\":\"https:\\\/\\\/super-news.info\\\/hu\\\/\",\"name\":\"Super News\",\"description\":\"Super News Magyarorsz\u00e1g\",\"potentialAction\":[{\"@type\":\"SearchAction\",\"target\":{\"@type\":\"EntryPoint\",\"urlTemplate\":\"https:\\\/\\\/super-news.info\\\/hu\\\/?s={search_term_string}\"},\"query-input\":{\"@type\":\"PropertyValueSpecification\",\"valueRequired\":true,\"valueName\":\"search_term_string\"}}],\"inLanguage\":\"hu\"},{\"@type\":\"Person\",\"@id\":\"https:\\\/\\\/super-news.info\\\/hu\\\/#\\\/schema\\\/person\\\/2d4068cb2f39cd10008c2fce578a7356\",\"name\":\"super-news\",\"image\":{\"@type\":\"ImageObject\",\"inLanguage\":\"hu\",\"@id\":\"https:\\\/\\\/secure.gravatar.com\\\/avatar\\\/64ebac40b93f26a154f8a9b5b6fdccfc46f442b26b3dd6756dbff3bf9dc76fd7?s=96&d=mm&r=g\",\"url\":\"https:\\\/\\\/secure.gravatar.com\\\/avatar\\\/64ebac40b93f26a154f8a9b5b6fdccfc46f442b26b3dd6756dbff3bf9dc76fd7?s=96&d=mm&r=g\",\"contentUrl\":\"https:\\\/\\\/secure.gravatar.com\\\/avatar\\\/64ebac40b93f26a154f8a9b5b6fdccfc46f442b26b3dd6756dbff3bf9dc76fd7?s=96&d=mm&r=g\",\"caption\":\"super-news\"},\"url\":\"https:\\\/\\\/super-news.info\\\/hu\\\/author\\\/pt\\\/\"}]}<\/script>\n<!-- \/ Yoast SEO plugin. -->","yoast_head_json":{"title":"Beiktatt\u00e1k hivatal\u00e1ba Szlov\u00e1kia \u00faj k\u00f6zt\u00e1rsas\u00e1gi eln\u00f6k\u00e9t - Super News","robots":{"index":"index","follow":"follow","max-snippet":"max-snippet:-1","max-image-preview":"max-image-preview:large","max-video-preview":"max-video-preview:-1"},"canonical":"https:\/\/super-news.info\/hu\/beiktattak-hivatalaba-szlovakia-uj-koztarsasagi-elnoket\/","og_locale":"hu_HU","og_type":"article","og_title":"Beiktatt\u00e1k hivatal\u00e1ba Szlov\u00e1kia \u00faj k\u00f6zt\u00e1rsas\u00e1gi eln\u00f6k\u00e9t - Super News","og_description":"[ad_1] Beiktatt\u00e1k hivatal\u00e1ba Szlov\u00e1kia \u00faj k\u00f6zt\u00e1rsas\u00e1gi eln\u00f6k\u00e9t szombaton Pozsonyban. Zuzana Caputov\u00e1 szem\u00e9ly\u00e9ben el\u0151sz\u00f6r ker\u00fclt n\u0151 az \u00e1llamf\u0151i tiszts\u00e9gbe. A liber\u00e1lis politikus Andrej Kisk\u00e1t v\u00e1ltotta fel az orsz\u00e1g \u00e9l\u00e9n. Kiska kor\u00e1bban bejelentette, hogy p\u00e1rtot alap\u00edt \u00e9s tov\u00e1bbra is akt\u00edv k\u00edv\u00e1n maradni a szlov\u00e1kiai politikai \u00e9letben. A m\u00e1rciusban \u00e1llamf\u0151v\u00e9 v\u00e1lasztott Caputov\u00e1 az orsz\u00e1g legf\u0151bb k\u00f6zjogi m\u00e9lt\u00f3s\u00e1gai, a [&hellip;]","og_url":"https:\/\/super-news.info\/hu\/beiktattak-hivatalaba-szlovakia-uj-koztarsasagi-elnoket\/","og_site_name":"Super News","article_published_time":"2019-06-15T15:06:50+00:00","article_modified_time":"2019-06-15T15:06:51+00:00","og_image":[{"width":1400,"height":933,"url":"https:\/\/super-news.info\/hu\/wp-content\/uploads\/sites\/3\/2019\/06\/Beiktatt\u00e1k-hivatal\u00e1ba-Szlov\u00e1kia-\u00faj-k\u00f6zt\u00e1rsas\u00e1gi-eln\u00f6k\u00e9t.jpg","type":"image\/jpeg"}],"author":"super-news","twitter_card":"summary_large_image","twitter_misc":{"Szerz\u0151:":"super-news","Becs\u00fclt olvas\u00e1si id\u0151":"4 perc"},"schema":{"@context":"https:\/\/schema.org","@graph":[{"@type":"Article","@id":"https:\/\/super-news.info\/hu\/beiktattak-hivatalaba-szlovakia-uj-koztarsasagi-elnoket\/#article","isPartOf":{"@id":"https:\/\/super-news.info\/hu\/beiktattak-hivatalaba-szlovakia-uj-koztarsasagi-elnoket\/"},"author":{"name":"super-news","@id":"https:\/\/super-news.info\/hu\/#\/schema\/person\/2d4068cb2f39cd10008c2fce578a7356"},"headline":"Beiktatt\u00e1k hivatal\u00e1ba Szlov\u00e1kia \u00faj k\u00f6zt\u00e1rsas\u00e1gi eln\u00f6k\u00e9t","datePublished":"2019-06-15T15:06:50+00:00","dateModified":"2019-06-15T15:06:51+00:00","mainEntityOfPage":{"@id":"https:\/\/super-news.info\/hu\/beiktattak-hivatalaba-szlovakia-uj-koztarsasagi-elnoket\/"},"wordCount":824,"commentCount":0,"image":{"@id":"https:\/\/super-news.info\/hu\/beiktattak-hivatalaba-szlovakia-uj-koztarsasagi-elnoket\/#primaryimage"},"thumbnailUrl":"https:\/\/super-news.info\/hu\/wp-content\/uploads\/sites\/3\/2019\/06\/Beiktatt\u00e1k-hivatal\u00e1ba-Szlov\u00e1kia-\u00faj-k\u00f6zt\u00e1rsas\u00e1gi-eln\u00f6k\u00e9t.jpg","articleSection":["P\u00c9NZ\u00dcGYI H\u00cdREK"],"inLanguage":"hu","potentialAction":[{"@type":"CommentAction","name":"Comment","target":["https:\/\/super-news.info\/hu\/beiktattak-hivatalaba-szlovakia-uj-koztarsasagi-elnoket\/#respond"]}]},{"@type":"WebPage","@id":"https:\/\/super-news.info\/hu\/beiktattak-hivatalaba-szlovakia-uj-koztarsasagi-elnoket\/","url":"https:\/\/super-news.info\/hu\/beiktattak-hivatalaba-szlovakia-uj-koztarsasagi-elnoket\/","name":"Beiktatt\u00e1k hivatal\u00e1ba Szlov\u00e1kia \u00faj k\u00f6zt\u00e1rsas\u00e1gi eln\u00f6k\u00e9t - Super News","isPartOf":{"@id":"https:\/\/super-news.info\/hu\/#website"},"primaryImageOfPage":{"@id":"https:\/\/super-news.info\/hu\/beiktattak-hivatalaba-szlovakia-uj-koztarsasagi-elnoket\/#primaryimage"},"image":{"@id":"https:\/\/super-news.info\/hu\/beiktattak-hivatalaba-szlovakia-uj-koztarsasagi-elnoket\/#primaryimage"},"thumbnailUrl":"https:\/\/super-news.info\/hu\/wp-content\/uploads\/sites\/3\/2019\/06\/Beiktatt\u00e1k-hivatal\u00e1ba-Szlov\u00e1kia-\u00faj-k\u00f6zt\u00e1rsas\u00e1gi-eln\u00f6k\u00e9t.jpg","datePublished":"2019-06-15T15:06:50+00:00","dateModified":"2019-06-15T15:06:51+00:00","author":{"@id":"https:\/\/super-news.info\/hu\/#\/schema\/person\/2d4068cb2f39cd10008c2fce578a7356"},"breadcrumb":{"@id":"https:\/\/super-news.info\/hu\/beiktattak-hivatalaba-szlovakia-uj-koztarsasagi-elnoket\/#breadcrumb"},"inLanguage":"hu","potentialAction":[{"@type":"ReadAction","target":["https:\/\/super-news.info\/hu\/beiktattak-hivatalaba-szlovakia-uj-koztarsasagi-elnoket\/"]}]},{"@type":"ImageObject","inLanguage":"hu","@id":"https:\/\/super-news.info\/hu\/beiktattak-hivatalaba-szlovakia-uj-koztarsasagi-elnoket\/#primaryimage","url":"https:\/\/super-news.info\/hu\/wp-content\/uploads\/sites\/3\/2019\/06\/Beiktatt\u00e1k-hivatal\u00e1ba-Szlov\u00e1kia-\u00faj-k\u00f6zt\u00e1rsas\u00e1gi-eln\u00f6k\u00e9t.jpg","contentUrl":"https:\/\/super-news.info\/hu\/wp-content\/uploads\/sites\/3\/2019\/06\/Beiktatt\u00e1k-hivatal\u00e1ba-Szlov\u00e1kia-\u00faj-k\u00f6zt\u00e1rsas\u00e1gi-eln\u00f6k\u00e9t.jpg","width":1400,"height":933,"caption":"Beiktatt\u00e1k hivatal\u00e1ba Szlov\u00e1kia \u00faj k\u00f6zt\u00e1rsas\u00e1gi eln\u00f6k\u00e9t"},{"@type":"BreadcrumbList","@id":"https:\/\/super-news.info\/hu\/beiktattak-hivatalaba-szlovakia-uj-koztarsasagi-elnoket\/#breadcrumb","itemListElement":[{"@type":"ListItem","position":1,"name":"\u0413\u043b\u0430\u0432\u043d\u0430\u044f \u0441\u0442\u0440\u0430\u043d\u0438\u0446\u0430","item":"https:\/\/super-news.info\/hu\/"},{"@type":"ListItem","position":2,"name":"Beiktatt\u00e1k hivatal\u00e1ba Szlov\u00e1kia \u00faj k\u00f6zt\u00e1rsas\u00e1gi eln\u00f6k\u00e9t"}]},{"@type":"WebSite","@id":"https:\/\/super-news.info\/hu\/#website","url":"https:\/\/super-news.info\/hu\/","name":"Super News","description":"Super News Magyarorsz\u00e1g","potentialAction":[{"@type":"SearchAction","target":{"@type":"EntryPoint","urlTemplate":"https:\/\/super-news.info\/hu\/?s={search_term_string}"},"query-input":{"@type":"PropertyValueSpecification","valueRequired":true,"valueName":"search_term_string"}}],"inLanguage":"hu"},{"@type":"Person","@id":"https:\/\/super-news.info\/hu\/#\/schema\/person\/2d4068cb2f39cd10008c2fce578a7356","name":"super-news","image":{"@type":"ImageObject","inLanguage":"hu","@id":"https:\/\/secure.gravatar.com\/avatar\/64ebac40b93f26a154f8a9b5b6fdccfc46f442b26b3dd6756dbff3bf9dc76fd7?s=96&d=mm&r=g","url":"https:\/\/secure.gravatar.com\/avatar\/64ebac40b93f26a154f8a9b5b6fdccfc46f442b26b3dd6756dbff3bf9dc76fd7?s=96&d=mm&r=g","contentUrl":"https:\/\/secure.gravatar.com\/avatar\/64ebac40b93f26a154f8a9b5b6fdccfc46f442b26b3dd6756dbff3bf9dc76fd7?s=96&d=mm&r=g","caption":"super-news"},"url":"https:\/\/super-news.info\/hu\/author\/pt\/"}]}},"_links":{"self":[{"href":"https:\/\/super-news.info\/hu\/wp-json\/wp\/v2\/posts\/4144","targetHints":{"allow":["GET"]}}],"collection":[{"href":"https:\/\/super-news.info\/hu\/wp-json\/wp\/v2\/posts"}],"about":[{"href":"https:\/\/super-news.info\/hu\/wp-json\/wp\/v2\/types\/post"}],"author":[{"embeddable":true,"href":"https:\/\/super-news.info\/hu\/wp-json\/wp\/v2\/users\/2"}],"replies":[{"embeddable":true,"href":"https:\/\/super-news.info\/hu\/wp-json\/wp\/v2\/comments?post=4144"}],"version-history":[{"count":1,"href":"https:\/\/super-news.info\/hu\/wp-json\/wp\/v2\/posts\/4144\/revisions"}],"predecessor-version":[{"id":4146,"href":"https:\/\/super-news.info\/hu\/wp-json\/wp\/v2\/posts\/4144\/revisions\/4146"}],"wp:featuredmedia":[{"embeddable":true,"href":"https:\/\/super-news.info\/hu\/wp-json\/wp\/v2\/media\/4145"}],"wp:attachment":[{"href":"https:\/\/super-news.info\/hu\/wp-json\/wp\/v2\/media?parent=4144"}],"wp:term":[{"taxonomy":"category","embeddable":true,"href":"https:\/\/super-news.info\/hu\/wp-json\/wp\/v2\/categories?post=4144"},{"taxonomy":"post_tag","embeddable":true,"href":"https:\/\/super-news.info\/hu\/wp-json\/wp\/v2\/tags?post=4144"}],"curies":[{"name":"wp","href":"https:\/\/api.w.org\/{rel}","templated":true}]}}