{"id":4135,"date":"2019-06-15T16:22:06","date_gmt":"2019-06-15T13:22:06","guid":{"rendered":"https:\/\/super-news.info\/hu\/elhunyt-franco-zeffirelli-vilaggazdasag\/"},"modified":"2019-06-15T16:22:07","modified_gmt":"2019-06-15T13:22:07","slug":"elhunyt-franco-zeffirelli-vilaggazdasag","status":"publish","type":"post","link":"https:\/\/super-news.info\/hu\/elhunyt-franco-zeffirelli-vilaggazdasag\/","title":{"rendered":"Elhunyt Franco Zeffirelli | Vil\u00e1ggazdas\u00e1g"},"content":{"rendered":"<p> [ad_1]<br \/>\n<\/p>\n<p>\n\t\t\t\t\t\t\t\tFebru\u00e1r 12-\u00e9n volt 96 \u00e9ves a szombaton elhunyt Franco Zeffirelli olasz rendez\u0151, aki a film, a sz\u00ednh\u00e1z \u00e9s az opera vil\u00e1g\u00e1ban is maradand\u00f3t alkotott \u00e9s legink\u00e1bb l\u00e1tv\u00e1nyos Shakespeare-adapt\u00e1ci\u00f3ir\u00f3l ismert.\t\t\t\t\t\t\t<\/p>\n<div>\n<p>Egy f\u00e9rjes asszony \u00e9s egy n\u0151s f\u00e9rfi h\u00e1zass\u00e1gon k\u00edv\u00fcli gyermekek\u00e9nt l\u00e1tta meg a vil\u00e1got Firenz\u00e9ben 1923-ban, egyes kutat\u00e1sok szerint Leonardo de Vinci lesz\u00e1rmazottja. Mivel anyja a v\u00e9r szerinti apa vezet\u00e9knev\u00e9t nem adhatta a kisfi\u00fanak, Mozart Idomeneo c\u00edm\u0171 oper\u00e1j\u00e1nak Zeffiretti c\u00edm\u0171 \u00e1ri\u00e1j\u00e1t v\u00e1lasztotta, ezt \u00edrt\u00e1k el anyak\u00f6nyvez\u00e9skor. A firenzei egyetem \u00e9p\u00edt\u00e9szeti kar\u00e1ra iratkozott be, a m\u00e1sodik vil\u00e1gh\u00e1bor\u00fa alatt partiz\u00e1nk\u00e9nt harcolt, majd brit katon\u00e1k tolm\u00e1csa lett.<\/p>\n<p>A h\u00e1bor\u00fa ut\u00e1n folytatta ugyan tanulm\u00e1nyait, de \u00e9rdekl\u0151d\u00e9se a m\u0171v\u00e9szetek ir\u00e1ny\u00e1ba fordult, els\u0151sorban a Laurence Olivier rendez\u00e9s\u00e9ben \u00e9s f\u0151szerepl\u00e9s\u00e9vel k\u00e9sz\u00fclt V. Henrik c\u00edm\u0171 film hat\u00e1s\u00e1ra.<\/p>\n<p>Sz\u00edn\u00e9szkedett, volt d\u00edszlet\u00e9p\u00edt\u0151 \u00e9s d\u00edszletfest\u0151, \u00e9s \u00e9letre sz\u00f3l\u00f3 bar\u00e1ts\u00e1g sz\u00f6v\u0151d\u00f6tt k\u00f6zte \u00e9s Luchino Visconti k\u00f6z\u00f6tt, akinek 1948-ban asszisztense lett a Vihar el\u0151tt forgat\u00e1s\u00e1n. (Zeffirelli 2006-ban megjelent \u00f6n\u00e9letrajz\u00e1ban vallott el\u0151sz\u00f6r ny\u00edltan homoszexualit\u00e1s\u00e1r\u00f3l, Visconti ir\u00e1nti szerelm\u00e9r\u0151l).<\/p>\n<p>Zeffirellit, aki k\u00f6zrem\u0171k\u00f6d\u00f6tt Roberto Rossellini \u00e9s Vittorio De Sica filmjeiben is, alapvet\u0151en a klasszikus zene \u00e9s irodalom \u00e9rdekelte. 1952-ben nagy sikerrel vitte sz\u00ednre Rossini Olasz n\u0151 Alg\u00edrban c\u00edm\u0171 m\u0171v\u00e9t a mil\u00e1n\u00f3i Scal\u00e1ban (ahol az id\u0151k sor\u00e1n 21 oper\u00e1t mutattak be d\u00edszleteivel). P\u00e1lyafut\u00e1sa sor\u00e1n negyven oper\u00e1t rendezett, k\u00f6zt\u00fck Verdit\u0151l a Traviat\u00e1t \u00e9s az Aid\u00e1t, Donizetti Lammermoori Luci\u00e1j\u00e1t, a Boh\u00e9m\u00e9letet Puccinit\u0151l, Wagner-m\u0171vet viszont soha, mert csak a bel canto vil\u00e1g\u00e1t \u00e9rezte k\u00f6zel mag\u00e1hoz. 1964-ben a londoni Royal Opera House-ban Maria Callas \u00e9s Tito Gobbi f\u0151szerepl\u00e9s\u00e9vel \u00e1ll\u00edtotta sz\u00ednpadra a Tosc\u00e1t, s m\u00e9g ugyanabban az \u00e9vben P\u00e1rizsban, szint\u00e9n Callasszal a Norm\u00e1t.<\/p>\n<div id=\"attachment_1571873\" style=\"width: 1410px\" class=\"wp-caption alignnone\">\n<p class=\"wp-caption-text\">MTI\/EPA\/ANSA\/Alessandro Di Meo<br \/>Fot\u00f3: Alessandro Di Meo \/ MTI\/EPA\/ANSA<\/p>\n<\/div>\n<p>A New York-i Metropolitanben \u00e9vekig reperto\u00e1ron volt az \u00e1ltala meg\u00e1lmodott Boh\u00e9m\u00e9let, Tosca, Turandot \u00e9s Don Giovanni. T\u00f6bb klasszikus oper\u00e1t meg is filmes\u00edtett, a Traviata l\u00e1tv\u00e1nyterv\u00e9t 1982-ben jel\u00f6lt\u00e9k Oscar-d\u00edjra, majd megkapta a brit filmakad\u00e9mia Bafta-d\u00edj\u00e1t. Sz\u00ednh\u00e1zban Shakespeare-dr\u00e1m\u00e1kat ugyan\u00fagy rendezett, mint Tennessee Williams-m\u0171veket, \u00e9s ahogy filmjeiben, itt is sokszor maga tervezte a d\u00edszletet \u00e9s a jelmezt. 1962-ben a R\u00f3me\u00f3 \u00e9s J\u00falia amerikai sz\u00ednrevitel\u00e9\u00e9rt speci\u00e1lis Tony-d\u00edjat vehetett \u00e1t.<\/p>\n<p>Zeffirelli \u201eShakespeare-specialista\u201d filmesk\u00e9nt ismert.<\/p>\n<p>Els\u0151 j\u00e1t\u00e9kfilmje 1967-ben A makrancos h\u00f6lgy alapj\u00e1n k\u00e9sz\u00fclt, Elizabeth Taylorral \u00e9s Richard Burtonnel a f\u0151szerepben (a szerepre eredetileg Sophia Lorent \u00e9s Marcello Mastroiannit n\u00e9zt\u00e9k ki). Az egy \u00e9vvel k\u00e9s\u0151bbi R\u00f3me\u00f3 \u00e9s J\u00falia t\u00f6bb tabut is megt\u00f6rt: \u0151 volt az els\u0151, aki val\u00f3ban tin\u00e9dzserekkel j\u00e1tszatta a darab szerint tizen\u00e9ves veronai szerelmeseket, \u00e9s egy meztelen jelenetet is beillesztett a filmbe. A rendez\u00e9s\u00e9rt Oscar-d\u00edjra jel\u00f6lt\u00e9k.<\/p>\n<p>Az 1973-ban Assisi Szent Ferenc \u00e9let\u00e9r\u0151l k\u00e9sz\u00fclt Napfiv\u00e9r, Holdn\u0151v\u00e9r sokak szerint minden id\u0151k egyik legszebb vall\u00e1sos t\u00e1rgy\u00fa filmje,<\/p>\n<p>melyben aff\u00e9le vir\u00e1ggyerekk\u00e9nt mutatta be a rendalap\u00edt\u00f3t, a zen\u00e9t is a hippib\u00e1lv\u00e1ny Donovan \u00edrta \u00e9s adta el\u0151 (a folytat\u00e1st H\u00e1rom fiv\u00e9r c\u00edmmel 2005-ben forgatta).<\/p>\n<p><iframe loading=\"lazy\" width=\"267\" height=\"200\" src=\"https:\/\/www.youtube.com\/embed\/QQ80Zj3Oqkc?feature=oembed\" frameborder=\"0\" allow=\"accelerometer; autoplay; encrypted-media; gyroscope; picture-in-picture\" allowfullscreen=\"\"><\/iframe><\/p>\n<p>A N\u00e1z\u00e1reti J\u00e9zus, melynek telev\u00edzi\u00f3s \u00e9s filmv\u00e1ltozata is k\u00e9sz\u00fclt, t\u00e9mav\u00e1laszt\u00e1s\u00e1val is vit\u00e1kat gerjesztett, a v\u00e9geredm\u00e9ny azonban a bibliai t\u00e9ma egyik legpontosabb filmes feldolgoz\u00e1sa lett.<\/p>\n<p>Az Amerik\u00e1ban k\u00e9sz\u00fclt A bajnok egy fi\u00e1\u00e9rt k\u00fczd\u0151 apa dr\u00e1m\u00e1ja, az \u00e9rzelemt\u0151l tel\u00edtett, hol idillikus, hol sokkol\u00f3 filmet sokan szentimentalizmussal v\u00e1dolt\u00e1k. Ezt k\u00f6vette a V\u00e9gtelen szerelem c\u00edm\u0171 modern R\u00f3me\u00f3 \u00e9s J\u00falia-t\u00f6rt\u00e9net, amely v\u00e9g\u00fcl p\u00e9nz\u00fcgyi fiask\u00f3nak bizonyult.<\/p>\n<p>Vit\u00e1kat kavart Hamlet-adapt\u00e1ci\u00f3ja is, mert a c\u00edmszerepre a kor\u00e1bbi akci\u00f3h\u0151s Mel Gibsont v\u00e1lasztotta.<\/p>\n<p>V\u00e1szonra vitte Charlotte Bronte Jane Eyre c\u00edm\u0171 reg\u00e9ny\u00e9t, az Egy ap\u00e1ca szerelme c\u00edm\u0171 filmben egy csal\u00e1di k\u00e9nyszer miatt kolostorba vonult fiatal l\u00e1ny t\u00f6rt\u00e9net\u00e9t mes\u00e9lte el, az \u00f6n\u00e9letrajzi elemekkel \u00e1tsz\u0151tt Tea Mussolinivel c\u00edm\u0171 filmdr\u00e1m\u00e1ja a fasizmus id\u0151szak\u00e1ban j\u00e1tsz\u00f3dik. Sok\u00e1ig tervezte, hogy operafilmet forgat az \u00fcnnepelt szopr\u00e1n Maria Callasszal, aki k\u00f6zeli bar\u00e1tja volt \u00e9s t\u00f6bb oper\u00e1ban is instru\u00e1lta. V\u00e9g\u00fcl 2002-ben rendezett szomork\u00e1s hangulat\u00fa filmet a d\u00edv\u00e1r\u00f3l: a Mind\u00f6r\u00f6kk\u00e9 Callas a t\u00f6r\u00e9keny \u00e9s sebezhet\u0151 embert mutatja be \u00e9let\u00e9nek v\u00e1ls\u00e1ghelyzet\u00e9ben, amikor hangja m\u00e1r nem az igazi.<\/p>\n<p>Zeffirellit eg\u00e9sz p\u00e1lyafut\u00e1sa sor\u00e1n az \u00f6r\u00f6k \u00e9rt\u00e9kek vonzott\u00e1k, a kult\u00fara magva, amely nincs kit\u00e9ve korok divatj\u00e1nak. Filmjei egyed\u00fcl\u00e1ll\u00f3 eszt\u00e9tikumukkal ny\u0171g\u00f6znek le:<\/p>\n<p>minden helysz\u00edn\u00fck fest\u0151i \u00e9s korh\u0171, ak\u00e1r \u00f3don kast\u00e9lyr\u00f3l vagy ap\u00e1caz\u00e1rd\u00e1r\u00f3l van sz\u00f3, d\u00edszletei k\u00fcl\u00f6nlegesek, a jelmezek pomp\u00e1sak, a l\u00e1tv\u00e1ny pedig leny\u0171g\u00f6z\u0151. Alkot\u00e1saiban az \u00e9rzelem \u00e1llt a k\u00f6z\u00e9ppontban, h\u0151sei a boldogs\u00e1g ut\u00e1n kutattak, a vall\u00e1si \u00e9s t\u00e1rsadalmi bez\u00e1rts\u00e1gb\u00f3l kerest\u00e9k a kiutat.<\/p>\n<p>A sokoldal\u00fa m\u0171v\u00e9sz a politik\u00e1t\u00f3l sem tartotta mag\u00e1t t\u00e1vol. 1994 \u00e9s 2001 k\u00f6z\u00f6tt az olasz szen\u00e1tus tagja volt Berlusconi p\u00e1rtja, a Forza Italia k\u00e9pviselet\u00e9ben. A m\u00e9lyen vall\u00e1sos rendez\u0151 2007-ben XVI. Benedek p\u00e1pa filmes konzult\u00e1nsa lett.<\/p>\n<p>T\u00f6bb filmes kit\u00fcntet\u00e9se mellett \u0151 volt az els\u0151 olasz \u00e1llampolg\u00e1r, aki 2004-ben megkapta a brit birodalmi rend tiszteletbeli parancsnoka c\u00edmet. 1996-ban a m\u0171v\u00e9szetek\u00e9rt tett szolg\u00e1latai\u00e9rt a kenti egyetem kit\u00fcntet\u00e9s\u00e9t vehette \u00e1t.<\/p>\n<p>2017 \u0151sz\u00e9n sz\u00fcl\u0151v\u00e1ros\u00e1ban, Firenz\u00e9ben megny\u00edlt a nev\u00e9t visel\u0151 kultur\u00e1lis k\u00f6zpont, amelyben \u00e1lland\u00f3 ki\u00e1ll\u00edt\u00e1s mutatja be munk\u00e1ss\u00e1g\u00e1t, t\u00f6bb sz\u00e1z d\u00edszletterv\u00e9t, h\u00edres oper\u00e1k d\u00edszleteit, sz\u00ednpadi jelmezeit, s \u0151rzi szem\u00e9lyes k\u00f6nyvt\u00e1r\u00e1t. Az int\u00e9zm\u00e9ny emellett konferenci\u00e1k, filmbemutat\u00f3k, sz\u00ednm\u0171v\u00e9szeti, rendez\u0151i \u00e9s d\u00edszlettervez\u0151i kurzusok helysz\u00ednek\u00e9nt m\u0171k\u00f6dik.<\/p>\n<\/p><\/div>\n<p><script>\n    window.fbAsyncInit = function() {\n        FB.init({\n            appId      : \"204760236815359\",\n            xfbml      : true,\n            version    : \"v2.12\"\n        });\n        FB.AppEvents.logPageView();\n    };<\/p>\n<p>    (function(d, s, id){\n        var js, fjs = d.getElementsByTagName(s)[0];\n        if (d.getElementById(id)) {return;}\n        js = d.createElement(s); js.id = id;\n        js.src = \"http:\/\/connect.facebook.net\/hu_HU\/sdk.js\";\n        fjs.parentNode.insertBefore(js, fjs);\n    }(document, \"script\", \"facebook-jssdk\"));\n<\/script><br \/>\n<br \/>[ad_2]<br \/>\n<br \/><a href=\"https:\/\/www.vg.hu\/kozelet\/kultura\/elhunyt-franco-zeffirelli-1571870\/\">Source link <\/a><\/p>\n","protected":false},"excerpt":{"rendered":"<p>[ad_1] Febru\u00e1r 12-\u00e9n volt 96 \u00e9ves a szombaton elhunyt Franco Zeffirelli olasz rendez\u0151, aki a film, a sz\u00ednh\u00e1z \u00e9s az opera vil\u00e1g\u00e1ban is maradand\u00f3t alkotott \u00e9s legink\u00e1bb l\u00e1tv\u00e1nyos Shakespeare-adapt\u00e1ci\u00f3ir\u00f3l ismert. Egy f\u00e9rjes asszony \u00e9s egy n\u0151s f\u00e9rfi h\u00e1zass\u00e1gon k\u00edv\u00fcli gyermekek\u00e9nt l\u00e1tta meg a vil\u00e1got Firenz\u00e9ben 1923-ban, egyes kutat\u00e1sok szerint Leonardo de Vinci lesz\u00e1rmazottja. Mivel anyja [&hellip;]<\/p>\n","protected":false},"author":2,"featured_media":4136,"comment_status":"open","ping_status":"open","sticky":false,"template":"","format":"standard","meta":{"footnotes":""},"categories":[1],"tags":[],"class_list":["post-4135","post","type-post","status-publish","format-standard","has-post-thumbnail","hentry","category-penzugyi-hirek"],"yoast_head":"<!-- This site is optimized with the Yoast SEO plugin v27.4 - https:\/\/yoast.com\/product\/yoast-seo-wordpress\/ -->\n<title>Elhunyt Franco Zeffirelli | Vil\u00e1ggazdas\u00e1g - Super News<\/title>\n<meta name=\"robots\" content=\"index, follow, max-snippet:-1, max-image-preview:large, max-video-preview:-1\" \/>\n<link rel=\"canonical\" href=\"https:\/\/super-news.info\/hu\/elhunyt-franco-zeffirelli-vilaggazdasag\/\" \/>\n<meta property=\"og:locale\" content=\"hu_HU\" \/>\n<meta property=\"og:type\" content=\"article\" \/>\n<meta property=\"og:title\" content=\"Elhunyt Franco Zeffirelli | Vil\u00e1ggazdas\u00e1g - Super News\" \/>\n<meta property=\"og:description\" content=\"[ad_1] Febru\u00e1r 12-\u00e9n volt 96 \u00e9ves a szombaton elhunyt Franco Zeffirelli olasz rendez\u0151, aki a film, a sz\u00ednh\u00e1z \u00e9s az opera vil\u00e1g\u00e1ban is maradand\u00f3t alkotott \u00e9s legink\u00e1bb l\u00e1tv\u00e1nyos Shakespeare-adapt\u00e1ci\u00f3ir\u00f3l ismert. Egy f\u00e9rjes asszony \u00e9s egy n\u0151s f\u00e9rfi h\u00e1zass\u00e1gon k\u00edv\u00fcli gyermekek\u00e9nt l\u00e1tta meg a vil\u00e1got Firenz\u00e9ben 1923-ban, egyes kutat\u00e1sok szerint Leonardo de Vinci lesz\u00e1rmazottja. Mivel anyja [&hellip;]\" \/>\n<meta property=\"og:url\" content=\"https:\/\/super-news.info\/hu\/elhunyt-franco-zeffirelli-vilaggazdasag\/\" \/>\n<meta property=\"og:site_name\" content=\"Super News\" \/>\n<meta property=\"article:published_time\" content=\"2019-06-15T13:22:06+00:00\" \/>\n<meta property=\"article:modified_time\" content=\"2019-06-15T13:22:07+00:00\" \/>\n<meta property=\"og:image\" content=\"https:\/\/super-news.info\/hu\/wp-content\/uploads\/sites\/3\/2019\/06\/Elhunyt-Franco-Zeffirelli-Vil\u00e1ggazdas\u00e1g.jpg\" \/>\n\t<meta property=\"og:image:width\" content=\"1400\" \/>\n\t<meta property=\"og:image:height\" content=\"950\" \/>\n\t<meta property=\"og:image:type\" content=\"image\/jpeg\" \/>\n<meta name=\"author\" content=\"super-news\" \/>\n<meta name=\"twitter:card\" content=\"summary_large_image\" \/>\n<meta name=\"twitter:label1\" content=\"Szerz\u0151:\" \/>\n\t<meta name=\"twitter:data1\" content=\"super-news\" \/>\n\t<meta name=\"twitter:label2\" content=\"Becs\u00fclt olvas\u00e1si id\u0151\" \/>\n\t<meta name=\"twitter:data2\" content=\"6 perc\" \/>\n<script type=\"application\/ld+json\" class=\"yoast-schema-graph\">{\"@context\":\"https:\\\/\\\/schema.org\",\"@graph\":[{\"@type\":\"Article\",\"@id\":\"https:\\\/\\\/super-news.info\\\/hu\\\/elhunyt-franco-zeffirelli-vilaggazdasag\\\/#article\",\"isPartOf\":{\"@id\":\"https:\\\/\\\/super-news.info\\\/hu\\\/elhunyt-franco-zeffirelli-vilaggazdasag\\\/\"},\"author\":{\"name\":\"super-news\",\"@id\":\"https:\\\/\\\/super-news.info\\\/hu\\\/#\\\/schema\\\/person\\\/2d4068cb2f39cd10008c2fce578a7356\"},\"headline\":\"Elhunyt Franco Zeffirelli | Vil\u00e1ggazdas\u00e1g\",\"datePublished\":\"2019-06-15T13:22:06+00:00\",\"dateModified\":\"2019-06-15T13:22:07+00:00\",\"mainEntityOfPage\":{\"@id\":\"https:\\\/\\\/super-news.info\\\/hu\\\/elhunyt-franco-zeffirelli-vilaggazdasag\\\/\"},\"wordCount\":1188,\"commentCount\":0,\"image\":{\"@id\":\"https:\\\/\\\/super-news.info\\\/hu\\\/elhunyt-franco-zeffirelli-vilaggazdasag\\\/#primaryimage\"},\"thumbnailUrl\":\"https:\\\/\\\/super-news.info\\\/hu\\\/wp-content\\\/uploads\\\/sites\\\/3\\\/2019\\\/06\\\/Elhunyt-Franco-Zeffirelli-Vil\u00e1ggazdas\u00e1g.jpg\",\"articleSection\":[\"P\u00c9NZ\u00dcGYI H\u00cdREK\"],\"inLanguage\":\"hu\",\"potentialAction\":[{\"@type\":\"CommentAction\",\"name\":\"Comment\",\"target\":[\"https:\\\/\\\/super-news.info\\\/hu\\\/elhunyt-franco-zeffirelli-vilaggazdasag\\\/#respond\"]}]},{\"@type\":\"WebPage\",\"@id\":\"https:\\\/\\\/super-news.info\\\/hu\\\/elhunyt-franco-zeffirelli-vilaggazdasag\\\/\",\"url\":\"https:\\\/\\\/super-news.info\\\/hu\\\/elhunyt-franco-zeffirelli-vilaggazdasag\\\/\",\"name\":\"Elhunyt Franco Zeffirelli | Vil\u00e1ggazdas\u00e1g - Super News\",\"isPartOf\":{\"@id\":\"https:\\\/\\\/super-news.info\\\/hu\\\/#website\"},\"primaryImageOfPage\":{\"@id\":\"https:\\\/\\\/super-news.info\\\/hu\\\/elhunyt-franco-zeffirelli-vilaggazdasag\\\/#primaryimage\"},\"image\":{\"@id\":\"https:\\\/\\\/super-news.info\\\/hu\\\/elhunyt-franco-zeffirelli-vilaggazdasag\\\/#primaryimage\"},\"thumbnailUrl\":\"https:\\\/\\\/super-news.info\\\/hu\\\/wp-content\\\/uploads\\\/sites\\\/3\\\/2019\\\/06\\\/Elhunyt-Franco-Zeffirelli-Vil\u00e1ggazdas\u00e1g.jpg\",\"datePublished\":\"2019-06-15T13:22:06+00:00\",\"dateModified\":\"2019-06-15T13:22:07+00:00\",\"author\":{\"@id\":\"https:\\\/\\\/super-news.info\\\/hu\\\/#\\\/schema\\\/person\\\/2d4068cb2f39cd10008c2fce578a7356\"},\"breadcrumb\":{\"@id\":\"https:\\\/\\\/super-news.info\\\/hu\\\/elhunyt-franco-zeffirelli-vilaggazdasag\\\/#breadcrumb\"},\"inLanguage\":\"hu\",\"potentialAction\":[{\"@type\":\"ReadAction\",\"target\":[\"https:\\\/\\\/super-news.info\\\/hu\\\/elhunyt-franco-zeffirelli-vilaggazdasag\\\/\"]}]},{\"@type\":\"ImageObject\",\"inLanguage\":\"hu\",\"@id\":\"https:\\\/\\\/super-news.info\\\/hu\\\/elhunyt-franco-zeffirelli-vilaggazdasag\\\/#primaryimage\",\"url\":\"https:\\\/\\\/super-news.info\\\/hu\\\/wp-content\\\/uploads\\\/sites\\\/3\\\/2019\\\/06\\\/Elhunyt-Franco-Zeffirelli-Vil\u00e1ggazdas\u00e1g.jpg\",\"contentUrl\":\"https:\\\/\\\/super-news.info\\\/hu\\\/wp-content\\\/uploads\\\/sites\\\/3\\\/2019\\\/06\\\/Elhunyt-Franco-Zeffirelli-Vil\u00e1ggazdas\u00e1g.jpg\",\"width\":1400,\"height\":950,\"caption\":\"Elhunyt Franco Zeffirelli | Vil\u00e1ggazdas\u00e1g\"},{\"@type\":\"BreadcrumbList\",\"@id\":\"https:\\\/\\\/super-news.info\\\/hu\\\/elhunyt-franco-zeffirelli-vilaggazdasag\\\/#breadcrumb\",\"itemListElement\":[{\"@type\":\"ListItem\",\"position\":1,\"name\":\"\u0413\u043b\u0430\u0432\u043d\u0430\u044f \u0441\u0442\u0440\u0430\u043d\u0438\u0446\u0430\",\"item\":\"https:\\\/\\\/super-news.info\\\/hu\\\/\"},{\"@type\":\"ListItem\",\"position\":2,\"name\":\"Elhunyt Franco Zeffirelli | Vil\u00e1ggazdas\u00e1g\"}]},{\"@type\":\"WebSite\",\"@id\":\"https:\\\/\\\/super-news.info\\\/hu\\\/#website\",\"url\":\"https:\\\/\\\/super-news.info\\\/hu\\\/\",\"name\":\"Super News\",\"description\":\"Super News Magyarorsz\u00e1g\",\"potentialAction\":[{\"@type\":\"SearchAction\",\"target\":{\"@type\":\"EntryPoint\",\"urlTemplate\":\"https:\\\/\\\/super-news.info\\\/hu\\\/?s={search_term_string}\"},\"query-input\":{\"@type\":\"PropertyValueSpecification\",\"valueRequired\":true,\"valueName\":\"search_term_string\"}}],\"inLanguage\":\"hu\"},{\"@type\":\"Person\",\"@id\":\"https:\\\/\\\/super-news.info\\\/hu\\\/#\\\/schema\\\/person\\\/2d4068cb2f39cd10008c2fce578a7356\",\"name\":\"super-news\",\"image\":{\"@type\":\"ImageObject\",\"inLanguage\":\"hu\",\"@id\":\"https:\\\/\\\/secure.gravatar.com\\\/avatar\\\/64ebac40b93f26a154f8a9b5b6fdccfc46f442b26b3dd6756dbff3bf9dc76fd7?s=96&d=mm&r=g\",\"url\":\"https:\\\/\\\/secure.gravatar.com\\\/avatar\\\/64ebac40b93f26a154f8a9b5b6fdccfc46f442b26b3dd6756dbff3bf9dc76fd7?s=96&d=mm&r=g\",\"contentUrl\":\"https:\\\/\\\/secure.gravatar.com\\\/avatar\\\/64ebac40b93f26a154f8a9b5b6fdccfc46f442b26b3dd6756dbff3bf9dc76fd7?s=96&d=mm&r=g\",\"caption\":\"super-news\"},\"url\":\"https:\\\/\\\/super-news.info\\\/hu\\\/author\\\/pt\\\/\"}]}<\/script>\n<!-- \/ Yoast SEO plugin. -->","yoast_head_json":{"title":"Elhunyt Franco Zeffirelli | Vil\u00e1ggazdas\u00e1g - Super News","robots":{"index":"index","follow":"follow","max-snippet":"max-snippet:-1","max-image-preview":"max-image-preview:large","max-video-preview":"max-video-preview:-1"},"canonical":"https:\/\/super-news.info\/hu\/elhunyt-franco-zeffirelli-vilaggazdasag\/","og_locale":"hu_HU","og_type":"article","og_title":"Elhunyt Franco Zeffirelli | Vil\u00e1ggazdas\u00e1g - Super News","og_description":"[ad_1] Febru\u00e1r 12-\u00e9n volt 96 \u00e9ves a szombaton elhunyt Franco Zeffirelli olasz rendez\u0151, aki a film, a sz\u00ednh\u00e1z \u00e9s az opera vil\u00e1g\u00e1ban is maradand\u00f3t alkotott \u00e9s legink\u00e1bb l\u00e1tv\u00e1nyos Shakespeare-adapt\u00e1ci\u00f3ir\u00f3l ismert. Egy f\u00e9rjes asszony \u00e9s egy n\u0151s f\u00e9rfi h\u00e1zass\u00e1gon k\u00edv\u00fcli gyermekek\u00e9nt l\u00e1tta meg a vil\u00e1got Firenz\u00e9ben 1923-ban, egyes kutat\u00e1sok szerint Leonardo de Vinci lesz\u00e1rmazottja. Mivel anyja [&hellip;]","og_url":"https:\/\/super-news.info\/hu\/elhunyt-franco-zeffirelli-vilaggazdasag\/","og_site_name":"Super News","article_published_time":"2019-06-15T13:22:06+00:00","article_modified_time":"2019-06-15T13:22:07+00:00","og_image":[{"width":1400,"height":950,"url":"https:\/\/super-news.info\/hu\/wp-content\/uploads\/sites\/3\/2019\/06\/Elhunyt-Franco-Zeffirelli-Vil\u00e1ggazdas\u00e1g.jpg","type":"image\/jpeg"}],"author":"super-news","twitter_card":"summary_large_image","twitter_misc":{"Szerz\u0151:":"super-news","Becs\u00fclt olvas\u00e1si id\u0151":"6 perc"},"schema":{"@context":"https:\/\/schema.org","@graph":[{"@type":"Article","@id":"https:\/\/super-news.info\/hu\/elhunyt-franco-zeffirelli-vilaggazdasag\/#article","isPartOf":{"@id":"https:\/\/super-news.info\/hu\/elhunyt-franco-zeffirelli-vilaggazdasag\/"},"author":{"name":"super-news","@id":"https:\/\/super-news.info\/hu\/#\/schema\/person\/2d4068cb2f39cd10008c2fce578a7356"},"headline":"Elhunyt Franco Zeffirelli | Vil\u00e1ggazdas\u00e1g","datePublished":"2019-06-15T13:22:06+00:00","dateModified":"2019-06-15T13:22:07+00:00","mainEntityOfPage":{"@id":"https:\/\/super-news.info\/hu\/elhunyt-franco-zeffirelli-vilaggazdasag\/"},"wordCount":1188,"commentCount":0,"image":{"@id":"https:\/\/super-news.info\/hu\/elhunyt-franco-zeffirelli-vilaggazdasag\/#primaryimage"},"thumbnailUrl":"https:\/\/super-news.info\/hu\/wp-content\/uploads\/sites\/3\/2019\/06\/Elhunyt-Franco-Zeffirelli-Vil\u00e1ggazdas\u00e1g.jpg","articleSection":["P\u00c9NZ\u00dcGYI H\u00cdREK"],"inLanguage":"hu","potentialAction":[{"@type":"CommentAction","name":"Comment","target":["https:\/\/super-news.info\/hu\/elhunyt-franco-zeffirelli-vilaggazdasag\/#respond"]}]},{"@type":"WebPage","@id":"https:\/\/super-news.info\/hu\/elhunyt-franco-zeffirelli-vilaggazdasag\/","url":"https:\/\/super-news.info\/hu\/elhunyt-franco-zeffirelli-vilaggazdasag\/","name":"Elhunyt Franco Zeffirelli | Vil\u00e1ggazdas\u00e1g - Super News","isPartOf":{"@id":"https:\/\/super-news.info\/hu\/#website"},"primaryImageOfPage":{"@id":"https:\/\/super-news.info\/hu\/elhunyt-franco-zeffirelli-vilaggazdasag\/#primaryimage"},"image":{"@id":"https:\/\/super-news.info\/hu\/elhunyt-franco-zeffirelli-vilaggazdasag\/#primaryimage"},"thumbnailUrl":"https:\/\/super-news.info\/hu\/wp-content\/uploads\/sites\/3\/2019\/06\/Elhunyt-Franco-Zeffirelli-Vil\u00e1ggazdas\u00e1g.jpg","datePublished":"2019-06-15T13:22:06+00:00","dateModified":"2019-06-15T13:22:07+00:00","author":{"@id":"https:\/\/super-news.info\/hu\/#\/schema\/person\/2d4068cb2f39cd10008c2fce578a7356"},"breadcrumb":{"@id":"https:\/\/super-news.info\/hu\/elhunyt-franco-zeffirelli-vilaggazdasag\/#breadcrumb"},"inLanguage":"hu","potentialAction":[{"@type":"ReadAction","target":["https:\/\/super-news.info\/hu\/elhunyt-franco-zeffirelli-vilaggazdasag\/"]}]},{"@type":"ImageObject","inLanguage":"hu","@id":"https:\/\/super-news.info\/hu\/elhunyt-franco-zeffirelli-vilaggazdasag\/#primaryimage","url":"https:\/\/super-news.info\/hu\/wp-content\/uploads\/sites\/3\/2019\/06\/Elhunyt-Franco-Zeffirelli-Vil\u00e1ggazdas\u00e1g.jpg","contentUrl":"https:\/\/super-news.info\/hu\/wp-content\/uploads\/sites\/3\/2019\/06\/Elhunyt-Franco-Zeffirelli-Vil\u00e1ggazdas\u00e1g.jpg","width":1400,"height":950,"caption":"Elhunyt Franco Zeffirelli | Vil\u00e1ggazdas\u00e1g"},{"@type":"BreadcrumbList","@id":"https:\/\/super-news.info\/hu\/elhunyt-franco-zeffirelli-vilaggazdasag\/#breadcrumb","itemListElement":[{"@type":"ListItem","position":1,"name":"\u0413\u043b\u0430\u0432\u043d\u0430\u044f \u0441\u0442\u0440\u0430\u043d\u0438\u0446\u0430","item":"https:\/\/super-news.info\/hu\/"},{"@type":"ListItem","position":2,"name":"Elhunyt Franco Zeffirelli | Vil\u00e1ggazdas\u00e1g"}]},{"@type":"WebSite","@id":"https:\/\/super-news.info\/hu\/#website","url":"https:\/\/super-news.info\/hu\/","name":"Super News","description":"Super News Magyarorsz\u00e1g","potentialAction":[{"@type":"SearchAction","target":{"@type":"EntryPoint","urlTemplate":"https:\/\/super-news.info\/hu\/?s={search_term_string}"},"query-input":{"@type":"PropertyValueSpecification","valueRequired":true,"valueName":"search_term_string"}}],"inLanguage":"hu"},{"@type":"Person","@id":"https:\/\/super-news.info\/hu\/#\/schema\/person\/2d4068cb2f39cd10008c2fce578a7356","name":"super-news","image":{"@type":"ImageObject","inLanguage":"hu","@id":"https:\/\/secure.gravatar.com\/avatar\/64ebac40b93f26a154f8a9b5b6fdccfc46f442b26b3dd6756dbff3bf9dc76fd7?s=96&d=mm&r=g","url":"https:\/\/secure.gravatar.com\/avatar\/64ebac40b93f26a154f8a9b5b6fdccfc46f442b26b3dd6756dbff3bf9dc76fd7?s=96&d=mm&r=g","contentUrl":"https:\/\/secure.gravatar.com\/avatar\/64ebac40b93f26a154f8a9b5b6fdccfc46f442b26b3dd6756dbff3bf9dc76fd7?s=96&d=mm&r=g","caption":"super-news"},"url":"https:\/\/super-news.info\/hu\/author\/pt\/"}]}},"_links":{"self":[{"href":"https:\/\/super-news.info\/hu\/wp-json\/wp\/v2\/posts\/4135","targetHints":{"allow":["GET"]}}],"collection":[{"href":"https:\/\/super-news.info\/hu\/wp-json\/wp\/v2\/posts"}],"about":[{"href":"https:\/\/super-news.info\/hu\/wp-json\/wp\/v2\/types\/post"}],"author":[{"embeddable":true,"href":"https:\/\/super-news.info\/hu\/wp-json\/wp\/v2\/users\/2"}],"replies":[{"embeddable":true,"href":"https:\/\/super-news.info\/hu\/wp-json\/wp\/v2\/comments?post=4135"}],"version-history":[{"count":1,"href":"https:\/\/super-news.info\/hu\/wp-json\/wp\/v2\/posts\/4135\/revisions"}],"predecessor-version":[{"id":4137,"href":"https:\/\/super-news.info\/hu\/wp-json\/wp\/v2\/posts\/4135\/revisions\/4137"}],"wp:featuredmedia":[{"embeddable":true,"href":"https:\/\/super-news.info\/hu\/wp-json\/wp\/v2\/media\/4136"}],"wp:attachment":[{"href":"https:\/\/super-news.info\/hu\/wp-json\/wp\/v2\/media?parent=4135"}],"wp:term":[{"taxonomy":"category","embeddable":true,"href":"https:\/\/super-news.info\/hu\/wp-json\/wp\/v2\/categories?post=4135"},{"taxonomy":"post_tag","embeddable":true,"href":"https:\/\/super-news.info\/hu\/wp-json\/wp\/v2\/tags?post=4135"}],"curies":[{"name":"wp","href":"https:\/\/api.w.org\/{rel}","templated":true}]}}