{"id":4132,"date":"2019-06-15T15:23:54","date_gmt":"2019-06-15T12:23:54","guid":{"rendered":"https:\/\/super-news.info\/hu\/felporgott-az-uditok-sorok-es-jegkremek-forgalma-a-hoseg-miatt\/"},"modified":"2019-06-15T15:23:55","modified_gmt":"2019-06-15T12:23:55","slug":"felporgott-az-uditok-sorok-es-jegkremek-forgalma-a-hoseg-miatt","status":"publish","type":"post","link":"https:\/\/super-news.info\/hu\/felporgott-az-uditok-sorok-es-jegkremek-forgalma-a-hoseg-miatt\/","title":{"rendered":"Felp\u00f6rg\u00f6tt az \u00fcd\u00edt\u0151k, s\u00f6r\u00f6k \u00e9s j\u00e9gkr\u00e9mek forgalma a h\u0151s\u00e9g miatt"},"content":{"rendered":"<p> [ad_1]<br \/>\n<\/p>\n<p>\n\t\t\t\t\t\t\t\tJelent\u0151sen megn\u0151tt az elm\u00falt napokban az \u00e1sv\u00e1nyvizek, \u00fcd\u00edt\u0151k, s\u00f6r\u00f6k \u00e9s j\u00e9gkr\u00e9mek forgalma a h\u0151s\u00e9g miatt az \u00e1ruh\u00e1zl\u00e1ncok szerint.\t\t\t\t\t\t\t<\/p>\n<div>\n<p>Fodor Attila, a CBA Kereskedelmi Kft. kommunik\u00e1ci\u00f3s igazgat\u00f3ja elmondta:<\/p>\n<p>az elm\u00falt napokban \u00e1sv\u00e1nyv\u00edzb\u0151l t\u00f6bb mint dupl\u00e1ja, \u00fcd\u00edt\u0151b\u0151l, s\u00f6rb\u0151l \u00e9s j\u00e9gkr\u00e9mb\u0151l pedig csaknem 50 sz\u00e1zal\u00e9kkal t\u00f6bb fogyott, mint egy \u00e1tlagos h\u0151m\u00e9rs\u00e9klet\u0171 ny\u00e1ri napon.<\/p>\n<p>Az \u00fczletl\u00e1nc sz\u00e1m\u00edt arra, hogy a k\u00e1nikula er\u0151s\u00f6d\u00e9s\u00e9vel e term\u00e9kek forgalma tov\u00e1bb emelkedik.<\/p>\n<p>A kommunik\u00e1ci\u00f3s igazgat\u00f3 szerint ell\u00e1t\u00e1si gondok nincsenek,<\/p>\n<p>a CBA \u00fczletei felk\u00e9sz\u00fcltek a megn\u00f6vekedett keresletre.<br \/>A h\u0151s\u00e9g \u00e9rz\u00e9kelhet\u0151 v\u00e1ltoz\u00e1st okozott a v\u00e1s\u00e1rl\u00f3i szok\u00e1sokban is, er\u0151sebbek lettek a reggeli \u00e9s a kora d\u00e9lel\u0151tti, illetve a k\u00e9s\u0151 d\u00e9lut\u00e1ni \u00e9s az esti \u00f3r\u00e1k, viszont a d\u00e9li id\u0151szakban visszaesik a forgalom az \u00fczletekben \u2013 jelezte Fodor Attila.<\/p>\n<p>A Tesco-Global \u00c1ruh\u00e1zak Zrt. kifejtette, hogy a tavalyi trendeket is figyelembe v\u00e9ve k\u00e9sz\u00fcltek az idei szezonra, \u00edgy m\u00e1r a meglehet\u0151sen es\u0151s m\u00e1jusra nagyobb k\u00e9szleteket halmoztak fel az \u00e9rintett term\u00e9kekb\u0151l.<\/p>\n<p>A Tesco \u00e1ruh\u00e1zaiban is azt tapasztalj\u00e1k, hogy az id\u0151j\u00e1r\u00e1s er\u0151sen befoly\u00e1solja a forgalom alakul\u00e1s\u00e1t. Az extr\u00e9m meleg miatt az \u00e1sv\u00e1nyvizek \u00e9s az \u00fcd\u00edt\u0151k forgalma t\u00f6bb mint negyed\u00e9vel n\u0151tt az el\u0151z\u0151 hetihez k\u00e9pest, fagylaltokb\u00f3l \u00e9s j\u00e9gkr\u00e9mekb\u0151l k\u00e9tszer annyi fogyott, mint a m\u00falt h\u00e9ten.<\/p>\n<p>A h\u0171t\u00f6tt tejitalok forgalma 80, a grillsajtok\u00e9 50, a szezon\u00e1lis sert\u00e9s \u00e9s baromfih\u00fasok\u00e9 60, a virslik\u00e9 pedig 50 sz\u00e1zal\u00e9kkal haladta meg az el\u0151z\u0151 hetit.<\/p>\n<p>Az Auchan Magyarorsz\u00e1g Kft. t\u00e1j\u00e9koztat\u00e1sa szerint a h\u00e9t nagyon meleg napjaiban az \u00e1sv\u00e1nyvizek, \u00fcd\u00edt\u0151k, s\u00f6r\u00f6k, fagylaltok, j\u00e9gkock\u00e1k, valamint a medenc\u00e9k, k\u00fclt\u00e9ri ny\u00e1ri j\u00e1t\u00e9kok \u00e9s a kerti b\u00fatorok forgalma ugrott meg kiemelked\u0151en. Ezekb\u0151l a term\u00e9kekb\u0151l az el\u0151z\u0151 h\u00e9thez viszony\u00edtva 50 sz\u00e1zal\u00e9kkal t\u00f6bbet adtak el.<\/p>\n<p>A v\u00e1llalat minden esetben t\u00f6rekszik arra, hogy a keresett term\u00e9kek rendelkez\u00e9sre \u00e1lljanak \u00e1ruh\u00e1zaiban. Ennek \u00e9rdek\u00e9ben t\u00f6bb sz\u00e1ll\u00edt\u00f3val is egy\u00fcttm\u0171k\u00f6dnek, \u00e9s ha sz\u00fcks\u00e9ges, helyettes\u00edt\u0151 term\u00e9kekkel fedik le a k\u00edn\u00e1latot \u2013 k\u00f6z\u00f6lt\u00e9k.<\/p>\n<p>A Spar Magyarorsz\u00e1g Kereskedelmi Kft. szint\u00e9n azt jelezte, hogy a megn\u00f6vekedett keresletet kezelni tudja a t\u00e1rsas\u00e1g logisztikai rendszere \u00e9s \u00fczleth\u00e1l\u00f3zata.<\/p>\n<div id=\"attachment_535455\" style=\"width: 1310px\" class=\"wp-caption alignnone\">\n<p class=\"wp-caption-text\">Fot\u00f3: Tekn\u0151s Mikl\u00f3s<\/p>\n<\/div>\n<p>A Spar t\u00e1j\u00e9koztat\u00e1sa szerint \u00fcd\u00edt\u0151kb\u0151l a ny\u00e1ri id\u0151szakban 25-30 sz\u00e1zal\u00e9kkal t\u00f6bb fogy, mint szezonon k\u00edv\u00fcl. A j\u00e9gkr\u00e9m szezon\u00e1lis cikk, amib\u0151l a ny\u00e1r kiv\u00e9tel\u00e9vel a t\u00f6bbi \u00e9vszakban drasztikusan kevesebbet vesznek.<\/p>\n<p>A m\u00e1rciushoz viszony\u00edtva egy ny\u00e1ri h\u00f3napban 6-10-szeres mennyis\u00e9g fogy a j\u00e9gkr\u00e9m kateg\u00f3ri\u00e1ba tartoz\u00f3 term\u00e9kekb\u0151l. Az idei szezon j\u00f3val gyeng\u00e9bben indult a szokatlanul es\u0151s \u00e9s hideg m\u00e1jus miatt.<\/p>\n<p>A s\u00f6r\u00f6kn\u00e9l egysz\u00e1mjegy\u0171 n\u00f6veked\u00e9st prognosztiz\u00e1lnak erre az \u00e9vre, kiemelt\u00e9k ugyanakkor, hogy folytat\u00f3dott az elmozdul\u00e1s a min\u0151s\u00e9gi \u00e9s az \u00edzes\u00edtett term\u00e9kek ir\u00e1ny\u00e1ba.<\/p>\n<\/p><\/div>\n<p><script>\n    window.fbAsyncInit = function() {\n        FB.init({\n            appId      : \"204760236815359\",\n            xfbml      : true,\n            version    : \"v2.12\"\n        });\n        FB.AppEvents.logPageView();\n    };<\/p>\n<p>    (function(d, s, id){\n        var js, fjs = d.getElementsByTagName(s)[0];\n        if (d.getElementById(id)) {return;}\n        js = d.createElement(s); js.id = id;\n        js.src = \"http:\/\/connect.facebook.net\/hu_HU\/sdk.js\";\n        fjs.parentNode.insertBefore(js, fjs);\n    }(document, \"script\", \"facebook-jssdk\"));\n<\/script><br \/>\n<br \/>[ad_2]<br \/>\n<br \/><a href=\"https:\/\/www.vg.hu\/vallalatok\/kereskedelem\/felporgott-az-uditok-sorok-es-jegkremek-forgalma-a-hoseg-miatt-1571825\/\">Source link <\/a><\/p>\n","protected":false},"excerpt":{"rendered":"<p>[ad_1] Jelent\u0151sen megn\u0151tt az elm\u00falt napokban az \u00e1sv\u00e1nyvizek, \u00fcd\u00edt\u0151k, s\u00f6r\u00f6k \u00e9s j\u00e9gkr\u00e9mek forgalma a h\u0151s\u00e9g miatt az \u00e1ruh\u00e1zl\u00e1ncok szerint. Fodor Attila, a CBA Kereskedelmi Kft. kommunik\u00e1ci\u00f3s igazgat\u00f3ja elmondta: az elm\u00falt napokban \u00e1sv\u00e1nyv\u00edzb\u0151l t\u00f6bb mint dupl\u00e1ja, \u00fcd\u00edt\u0151b\u0151l, s\u00f6rb\u0151l \u00e9s j\u00e9gkr\u00e9mb\u0151l pedig csaknem 50 sz\u00e1zal\u00e9kkal t\u00f6bb fogyott, mint egy \u00e1tlagos h\u0151m\u00e9rs\u00e9klet\u0171 ny\u00e1ri napon. Az \u00fczletl\u00e1nc sz\u00e1m\u00edt arra, [&hellip;]<\/p>\n","protected":false},"author":2,"featured_media":4133,"comment_status":"open","ping_status":"open","sticky":false,"template":"","format":"standard","meta":{"footnotes":""},"categories":[1],"tags":[],"class_list":["post-4132","post","type-post","status-publish","format-standard","has-post-thumbnail","hentry","category-penzugyi-hirek"],"yoast_head":"<!-- This site is optimized with the Yoast SEO plugin v27.4 - https:\/\/yoast.com\/product\/yoast-seo-wordpress\/ -->\n<title>Felp\u00f6rg\u00f6tt az \u00fcd\u00edt\u0151k, s\u00f6r\u00f6k \u00e9s j\u00e9gkr\u00e9mek forgalma a h\u0151s\u00e9g miatt - Super News<\/title>\n<meta name=\"robots\" content=\"index, follow, max-snippet:-1, max-image-preview:large, max-video-preview:-1\" \/>\n<link rel=\"canonical\" href=\"https:\/\/super-news.info\/hu\/felporgott-az-uditok-sorok-es-jegkremek-forgalma-a-hoseg-miatt\/\" \/>\n<meta property=\"og:locale\" content=\"hu_HU\" \/>\n<meta property=\"og:type\" content=\"article\" \/>\n<meta property=\"og:title\" content=\"Felp\u00f6rg\u00f6tt az \u00fcd\u00edt\u0151k, s\u00f6r\u00f6k \u00e9s j\u00e9gkr\u00e9mek forgalma a h\u0151s\u00e9g miatt - Super News\" \/>\n<meta property=\"og:description\" content=\"[ad_1] Jelent\u0151sen megn\u0151tt az elm\u00falt napokban az \u00e1sv\u00e1nyvizek, \u00fcd\u00edt\u0151k, s\u00f6r\u00f6k \u00e9s j\u00e9gkr\u00e9mek forgalma a h\u0151s\u00e9g miatt az \u00e1ruh\u00e1zl\u00e1ncok szerint. Fodor Attila, a CBA Kereskedelmi Kft. kommunik\u00e1ci\u00f3s igazgat\u00f3ja elmondta: az elm\u00falt napokban \u00e1sv\u00e1nyv\u00edzb\u0151l t\u00f6bb mint dupl\u00e1ja, \u00fcd\u00edt\u0151b\u0151l, s\u00f6rb\u0151l \u00e9s j\u00e9gkr\u00e9mb\u0151l pedig csaknem 50 sz\u00e1zal\u00e9kkal t\u00f6bb fogyott, mint egy \u00e1tlagos h\u0151m\u00e9rs\u00e9klet\u0171 ny\u00e1ri napon. Az \u00fczletl\u00e1nc sz\u00e1m\u00edt arra, [&hellip;]\" \/>\n<meta property=\"og:url\" content=\"https:\/\/super-news.info\/hu\/felporgott-az-uditok-sorok-es-jegkremek-forgalma-a-hoseg-miatt\/\" \/>\n<meta property=\"og:site_name\" content=\"Super News\" \/>\n<meta property=\"article:published_time\" content=\"2019-06-15T12:23:54+00:00\" \/>\n<meta property=\"article:modified_time\" content=\"2019-06-15T12:23:55+00:00\" \/>\n<meta property=\"og:image\" content=\"https:\/\/super-news.info\/hu\/wp-content\/uploads\/sites\/3\/2019\/06\/Felp\u00f6rg\u00f6tt-az-\u00fcd\u00edt\u0151k-s\u00f6r\u00f6k-\u00e9s-j\u00e9gkr\u00e9mek-forgalma-a-h\u0151s\u00e9g-miatt.jpg\" \/>\n\t<meta property=\"og:image:width\" content=\"1300\" \/>\n\t<meta property=\"og:image:height\" content=\"865\" \/>\n\t<meta property=\"og:image:type\" content=\"image\/jpeg\" \/>\n<meta name=\"author\" content=\"super-news\" \/>\n<meta name=\"twitter:card\" content=\"summary_large_image\" \/>\n<meta name=\"twitter:label1\" content=\"Szerz\u0151:\" \/>\n\t<meta name=\"twitter:data1\" content=\"super-news\" \/>\n\t<meta name=\"twitter:label2\" content=\"Becs\u00fclt olvas\u00e1si id\u0151\" \/>\n\t<meta name=\"twitter:data2\" content=\"3 perc\" \/>\n<script type=\"application\/ld+json\" class=\"yoast-schema-graph\">{\"@context\":\"https:\\\/\\\/schema.org\",\"@graph\":[{\"@type\":\"Article\",\"@id\":\"https:\\\/\\\/super-news.info\\\/hu\\\/felporgott-az-uditok-sorok-es-jegkremek-forgalma-a-hoseg-miatt\\\/#article\",\"isPartOf\":{\"@id\":\"https:\\\/\\\/super-news.info\\\/hu\\\/felporgott-az-uditok-sorok-es-jegkremek-forgalma-a-hoseg-miatt\\\/\"},\"author\":{\"name\":\"super-news\",\"@id\":\"https:\\\/\\\/super-news.info\\\/hu\\\/#\\\/schema\\\/person\\\/2d4068cb2f39cd10008c2fce578a7356\"},\"headline\":\"Felp\u00f6rg\u00f6tt az \u00fcd\u00edt\u0151k, s\u00f6r\u00f6k \u00e9s j\u00e9gkr\u00e9mek forgalma a h\u0151s\u00e9g miatt\",\"datePublished\":\"2019-06-15T12:23:54+00:00\",\"dateModified\":\"2019-06-15T12:23:55+00:00\",\"mainEntityOfPage\":{\"@id\":\"https:\\\/\\\/super-news.info\\\/hu\\\/felporgott-az-uditok-sorok-es-jegkremek-forgalma-a-hoseg-miatt\\\/\"},\"wordCount\":629,\"commentCount\":0,\"image\":{\"@id\":\"https:\\\/\\\/super-news.info\\\/hu\\\/felporgott-az-uditok-sorok-es-jegkremek-forgalma-a-hoseg-miatt\\\/#primaryimage\"},\"thumbnailUrl\":\"https:\\\/\\\/super-news.info\\\/hu\\\/wp-content\\\/uploads\\\/sites\\\/3\\\/2019\\\/06\\\/Felp\u00f6rg\u00f6tt-az-\u00fcd\u00edt\u0151k-s\u00f6r\u00f6k-\u00e9s-j\u00e9gkr\u00e9mek-forgalma-a-h\u0151s\u00e9g-miatt.jpg\",\"articleSection\":[\"P\u00c9NZ\u00dcGYI H\u00cdREK\"],\"inLanguage\":\"hu\",\"potentialAction\":[{\"@type\":\"CommentAction\",\"name\":\"Comment\",\"target\":[\"https:\\\/\\\/super-news.info\\\/hu\\\/felporgott-az-uditok-sorok-es-jegkremek-forgalma-a-hoseg-miatt\\\/#respond\"]}]},{\"@type\":\"WebPage\",\"@id\":\"https:\\\/\\\/super-news.info\\\/hu\\\/felporgott-az-uditok-sorok-es-jegkremek-forgalma-a-hoseg-miatt\\\/\",\"url\":\"https:\\\/\\\/super-news.info\\\/hu\\\/felporgott-az-uditok-sorok-es-jegkremek-forgalma-a-hoseg-miatt\\\/\",\"name\":\"Felp\u00f6rg\u00f6tt az \u00fcd\u00edt\u0151k, s\u00f6r\u00f6k \u00e9s j\u00e9gkr\u00e9mek forgalma a h\u0151s\u00e9g miatt - Super News\",\"isPartOf\":{\"@id\":\"https:\\\/\\\/super-news.info\\\/hu\\\/#website\"},\"primaryImageOfPage\":{\"@id\":\"https:\\\/\\\/super-news.info\\\/hu\\\/felporgott-az-uditok-sorok-es-jegkremek-forgalma-a-hoseg-miatt\\\/#primaryimage\"},\"image\":{\"@id\":\"https:\\\/\\\/super-news.info\\\/hu\\\/felporgott-az-uditok-sorok-es-jegkremek-forgalma-a-hoseg-miatt\\\/#primaryimage\"},\"thumbnailUrl\":\"https:\\\/\\\/super-news.info\\\/hu\\\/wp-content\\\/uploads\\\/sites\\\/3\\\/2019\\\/06\\\/Felp\u00f6rg\u00f6tt-az-\u00fcd\u00edt\u0151k-s\u00f6r\u00f6k-\u00e9s-j\u00e9gkr\u00e9mek-forgalma-a-h\u0151s\u00e9g-miatt.jpg\",\"datePublished\":\"2019-06-15T12:23:54+00:00\",\"dateModified\":\"2019-06-15T12:23:55+00:00\",\"author\":{\"@id\":\"https:\\\/\\\/super-news.info\\\/hu\\\/#\\\/schema\\\/person\\\/2d4068cb2f39cd10008c2fce578a7356\"},\"breadcrumb\":{\"@id\":\"https:\\\/\\\/super-news.info\\\/hu\\\/felporgott-az-uditok-sorok-es-jegkremek-forgalma-a-hoseg-miatt\\\/#breadcrumb\"},\"inLanguage\":\"hu\",\"potentialAction\":[{\"@type\":\"ReadAction\",\"target\":[\"https:\\\/\\\/super-news.info\\\/hu\\\/felporgott-az-uditok-sorok-es-jegkremek-forgalma-a-hoseg-miatt\\\/\"]}]},{\"@type\":\"ImageObject\",\"inLanguage\":\"hu\",\"@id\":\"https:\\\/\\\/super-news.info\\\/hu\\\/felporgott-az-uditok-sorok-es-jegkremek-forgalma-a-hoseg-miatt\\\/#primaryimage\",\"url\":\"https:\\\/\\\/super-news.info\\\/hu\\\/wp-content\\\/uploads\\\/sites\\\/3\\\/2019\\\/06\\\/Felp\u00f6rg\u00f6tt-az-\u00fcd\u00edt\u0151k-s\u00f6r\u00f6k-\u00e9s-j\u00e9gkr\u00e9mek-forgalma-a-h\u0151s\u00e9g-miatt.jpg\",\"contentUrl\":\"https:\\\/\\\/super-news.info\\\/hu\\\/wp-content\\\/uploads\\\/sites\\\/3\\\/2019\\\/06\\\/Felp\u00f6rg\u00f6tt-az-\u00fcd\u00edt\u0151k-s\u00f6r\u00f6k-\u00e9s-j\u00e9gkr\u00e9mek-forgalma-a-h\u0151s\u00e9g-miatt.jpg\",\"width\":1300,\"height\":865,\"caption\":\"Felp\u00f6rg\u00f6tt az \u00fcd\u00edt\u0151k, s\u00f6r\u00f6k \u00e9s j\u00e9gkr\u00e9mek forgalma a h\u0151s\u00e9g miatt\"},{\"@type\":\"BreadcrumbList\",\"@id\":\"https:\\\/\\\/super-news.info\\\/hu\\\/felporgott-az-uditok-sorok-es-jegkremek-forgalma-a-hoseg-miatt\\\/#breadcrumb\",\"itemListElement\":[{\"@type\":\"ListItem\",\"position\":1,\"name\":\"\u0413\u043b\u0430\u0432\u043d\u0430\u044f \u0441\u0442\u0440\u0430\u043d\u0438\u0446\u0430\",\"item\":\"https:\\\/\\\/super-news.info\\\/hu\\\/\"},{\"@type\":\"ListItem\",\"position\":2,\"name\":\"Felp\u00f6rg\u00f6tt az \u00fcd\u00edt\u0151k, s\u00f6r\u00f6k \u00e9s j\u00e9gkr\u00e9mek forgalma a h\u0151s\u00e9g miatt\"}]},{\"@type\":\"WebSite\",\"@id\":\"https:\\\/\\\/super-news.info\\\/hu\\\/#website\",\"url\":\"https:\\\/\\\/super-news.info\\\/hu\\\/\",\"name\":\"Super News\",\"description\":\"Super News Magyarorsz\u00e1g\",\"potentialAction\":[{\"@type\":\"SearchAction\",\"target\":{\"@type\":\"EntryPoint\",\"urlTemplate\":\"https:\\\/\\\/super-news.info\\\/hu\\\/?s={search_term_string}\"},\"query-input\":{\"@type\":\"PropertyValueSpecification\",\"valueRequired\":true,\"valueName\":\"search_term_string\"}}],\"inLanguage\":\"hu\"},{\"@type\":\"Person\",\"@id\":\"https:\\\/\\\/super-news.info\\\/hu\\\/#\\\/schema\\\/person\\\/2d4068cb2f39cd10008c2fce578a7356\",\"name\":\"super-news\",\"image\":{\"@type\":\"ImageObject\",\"inLanguage\":\"hu\",\"@id\":\"https:\\\/\\\/secure.gravatar.com\\\/avatar\\\/64ebac40b93f26a154f8a9b5b6fdccfc46f442b26b3dd6756dbff3bf9dc76fd7?s=96&d=mm&r=g\",\"url\":\"https:\\\/\\\/secure.gravatar.com\\\/avatar\\\/64ebac40b93f26a154f8a9b5b6fdccfc46f442b26b3dd6756dbff3bf9dc76fd7?s=96&d=mm&r=g\",\"contentUrl\":\"https:\\\/\\\/secure.gravatar.com\\\/avatar\\\/64ebac40b93f26a154f8a9b5b6fdccfc46f442b26b3dd6756dbff3bf9dc76fd7?s=96&d=mm&r=g\",\"caption\":\"super-news\"},\"url\":\"https:\\\/\\\/super-news.info\\\/hu\\\/author\\\/pt\\\/\"}]}<\/script>\n<!-- \/ Yoast SEO plugin. -->","yoast_head_json":{"title":"Felp\u00f6rg\u00f6tt az \u00fcd\u00edt\u0151k, s\u00f6r\u00f6k \u00e9s j\u00e9gkr\u00e9mek forgalma a h\u0151s\u00e9g miatt - Super News","robots":{"index":"index","follow":"follow","max-snippet":"max-snippet:-1","max-image-preview":"max-image-preview:large","max-video-preview":"max-video-preview:-1"},"canonical":"https:\/\/super-news.info\/hu\/felporgott-az-uditok-sorok-es-jegkremek-forgalma-a-hoseg-miatt\/","og_locale":"hu_HU","og_type":"article","og_title":"Felp\u00f6rg\u00f6tt az \u00fcd\u00edt\u0151k, s\u00f6r\u00f6k \u00e9s j\u00e9gkr\u00e9mek forgalma a h\u0151s\u00e9g miatt - Super News","og_description":"[ad_1] Jelent\u0151sen megn\u0151tt az elm\u00falt napokban az \u00e1sv\u00e1nyvizek, \u00fcd\u00edt\u0151k, s\u00f6r\u00f6k \u00e9s j\u00e9gkr\u00e9mek forgalma a h\u0151s\u00e9g miatt az \u00e1ruh\u00e1zl\u00e1ncok szerint. Fodor Attila, a CBA Kereskedelmi Kft. kommunik\u00e1ci\u00f3s igazgat\u00f3ja elmondta: az elm\u00falt napokban \u00e1sv\u00e1nyv\u00edzb\u0151l t\u00f6bb mint dupl\u00e1ja, \u00fcd\u00edt\u0151b\u0151l, s\u00f6rb\u0151l \u00e9s j\u00e9gkr\u00e9mb\u0151l pedig csaknem 50 sz\u00e1zal\u00e9kkal t\u00f6bb fogyott, mint egy \u00e1tlagos h\u0151m\u00e9rs\u00e9klet\u0171 ny\u00e1ri napon. Az \u00fczletl\u00e1nc sz\u00e1m\u00edt arra, [&hellip;]","og_url":"https:\/\/super-news.info\/hu\/felporgott-az-uditok-sorok-es-jegkremek-forgalma-a-hoseg-miatt\/","og_site_name":"Super News","article_published_time":"2019-06-15T12:23:54+00:00","article_modified_time":"2019-06-15T12:23:55+00:00","og_image":[{"width":1300,"height":865,"url":"https:\/\/super-news.info\/hu\/wp-content\/uploads\/sites\/3\/2019\/06\/Felp\u00f6rg\u00f6tt-az-\u00fcd\u00edt\u0151k-s\u00f6r\u00f6k-\u00e9s-j\u00e9gkr\u00e9mek-forgalma-a-h\u0151s\u00e9g-miatt.jpg","type":"image\/jpeg"}],"author":"super-news","twitter_card":"summary_large_image","twitter_misc":{"Szerz\u0151:":"super-news","Becs\u00fclt olvas\u00e1si id\u0151":"3 perc"},"schema":{"@context":"https:\/\/schema.org","@graph":[{"@type":"Article","@id":"https:\/\/super-news.info\/hu\/felporgott-az-uditok-sorok-es-jegkremek-forgalma-a-hoseg-miatt\/#article","isPartOf":{"@id":"https:\/\/super-news.info\/hu\/felporgott-az-uditok-sorok-es-jegkremek-forgalma-a-hoseg-miatt\/"},"author":{"name":"super-news","@id":"https:\/\/super-news.info\/hu\/#\/schema\/person\/2d4068cb2f39cd10008c2fce578a7356"},"headline":"Felp\u00f6rg\u00f6tt az \u00fcd\u00edt\u0151k, s\u00f6r\u00f6k \u00e9s j\u00e9gkr\u00e9mek forgalma a h\u0151s\u00e9g miatt","datePublished":"2019-06-15T12:23:54+00:00","dateModified":"2019-06-15T12:23:55+00:00","mainEntityOfPage":{"@id":"https:\/\/super-news.info\/hu\/felporgott-az-uditok-sorok-es-jegkremek-forgalma-a-hoseg-miatt\/"},"wordCount":629,"commentCount":0,"image":{"@id":"https:\/\/super-news.info\/hu\/felporgott-az-uditok-sorok-es-jegkremek-forgalma-a-hoseg-miatt\/#primaryimage"},"thumbnailUrl":"https:\/\/super-news.info\/hu\/wp-content\/uploads\/sites\/3\/2019\/06\/Felp\u00f6rg\u00f6tt-az-\u00fcd\u00edt\u0151k-s\u00f6r\u00f6k-\u00e9s-j\u00e9gkr\u00e9mek-forgalma-a-h\u0151s\u00e9g-miatt.jpg","articleSection":["P\u00c9NZ\u00dcGYI H\u00cdREK"],"inLanguage":"hu","potentialAction":[{"@type":"CommentAction","name":"Comment","target":["https:\/\/super-news.info\/hu\/felporgott-az-uditok-sorok-es-jegkremek-forgalma-a-hoseg-miatt\/#respond"]}]},{"@type":"WebPage","@id":"https:\/\/super-news.info\/hu\/felporgott-az-uditok-sorok-es-jegkremek-forgalma-a-hoseg-miatt\/","url":"https:\/\/super-news.info\/hu\/felporgott-az-uditok-sorok-es-jegkremek-forgalma-a-hoseg-miatt\/","name":"Felp\u00f6rg\u00f6tt az \u00fcd\u00edt\u0151k, s\u00f6r\u00f6k \u00e9s j\u00e9gkr\u00e9mek forgalma a h\u0151s\u00e9g miatt - Super News","isPartOf":{"@id":"https:\/\/super-news.info\/hu\/#website"},"primaryImageOfPage":{"@id":"https:\/\/super-news.info\/hu\/felporgott-az-uditok-sorok-es-jegkremek-forgalma-a-hoseg-miatt\/#primaryimage"},"image":{"@id":"https:\/\/super-news.info\/hu\/felporgott-az-uditok-sorok-es-jegkremek-forgalma-a-hoseg-miatt\/#primaryimage"},"thumbnailUrl":"https:\/\/super-news.info\/hu\/wp-content\/uploads\/sites\/3\/2019\/06\/Felp\u00f6rg\u00f6tt-az-\u00fcd\u00edt\u0151k-s\u00f6r\u00f6k-\u00e9s-j\u00e9gkr\u00e9mek-forgalma-a-h\u0151s\u00e9g-miatt.jpg","datePublished":"2019-06-15T12:23:54+00:00","dateModified":"2019-06-15T12:23:55+00:00","author":{"@id":"https:\/\/super-news.info\/hu\/#\/schema\/person\/2d4068cb2f39cd10008c2fce578a7356"},"breadcrumb":{"@id":"https:\/\/super-news.info\/hu\/felporgott-az-uditok-sorok-es-jegkremek-forgalma-a-hoseg-miatt\/#breadcrumb"},"inLanguage":"hu","potentialAction":[{"@type":"ReadAction","target":["https:\/\/super-news.info\/hu\/felporgott-az-uditok-sorok-es-jegkremek-forgalma-a-hoseg-miatt\/"]}]},{"@type":"ImageObject","inLanguage":"hu","@id":"https:\/\/super-news.info\/hu\/felporgott-az-uditok-sorok-es-jegkremek-forgalma-a-hoseg-miatt\/#primaryimage","url":"https:\/\/super-news.info\/hu\/wp-content\/uploads\/sites\/3\/2019\/06\/Felp\u00f6rg\u00f6tt-az-\u00fcd\u00edt\u0151k-s\u00f6r\u00f6k-\u00e9s-j\u00e9gkr\u00e9mek-forgalma-a-h\u0151s\u00e9g-miatt.jpg","contentUrl":"https:\/\/super-news.info\/hu\/wp-content\/uploads\/sites\/3\/2019\/06\/Felp\u00f6rg\u00f6tt-az-\u00fcd\u00edt\u0151k-s\u00f6r\u00f6k-\u00e9s-j\u00e9gkr\u00e9mek-forgalma-a-h\u0151s\u00e9g-miatt.jpg","width":1300,"height":865,"caption":"Felp\u00f6rg\u00f6tt az \u00fcd\u00edt\u0151k, s\u00f6r\u00f6k \u00e9s j\u00e9gkr\u00e9mek forgalma a h\u0151s\u00e9g miatt"},{"@type":"BreadcrumbList","@id":"https:\/\/super-news.info\/hu\/felporgott-az-uditok-sorok-es-jegkremek-forgalma-a-hoseg-miatt\/#breadcrumb","itemListElement":[{"@type":"ListItem","position":1,"name":"\u0413\u043b\u0430\u0432\u043d\u0430\u044f \u0441\u0442\u0440\u0430\u043d\u0438\u0446\u0430","item":"https:\/\/super-news.info\/hu\/"},{"@type":"ListItem","position":2,"name":"Felp\u00f6rg\u00f6tt az \u00fcd\u00edt\u0151k, s\u00f6r\u00f6k \u00e9s j\u00e9gkr\u00e9mek forgalma a h\u0151s\u00e9g miatt"}]},{"@type":"WebSite","@id":"https:\/\/super-news.info\/hu\/#website","url":"https:\/\/super-news.info\/hu\/","name":"Super News","description":"Super News Magyarorsz\u00e1g","potentialAction":[{"@type":"SearchAction","target":{"@type":"EntryPoint","urlTemplate":"https:\/\/super-news.info\/hu\/?s={search_term_string}"},"query-input":{"@type":"PropertyValueSpecification","valueRequired":true,"valueName":"search_term_string"}}],"inLanguage":"hu"},{"@type":"Person","@id":"https:\/\/super-news.info\/hu\/#\/schema\/person\/2d4068cb2f39cd10008c2fce578a7356","name":"super-news","image":{"@type":"ImageObject","inLanguage":"hu","@id":"https:\/\/secure.gravatar.com\/avatar\/64ebac40b93f26a154f8a9b5b6fdccfc46f442b26b3dd6756dbff3bf9dc76fd7?s=96&d=mm&r=g","url":"https:\/\/secure.gravatar.com\/avatar\/64ebac40b93f26a154f8a9b5b6fdccfc46f442b26b3dd6756dbff3bf9dc76fd7?s=96&d=mm&r=g","contentUrl":"https:\/\/secure.gravatar.com\/avatar\/64ebac40b93f26a154f8a9b5b6fdccfc46f442b26b3dd6756dbff3bf9dc76fd7?s=96&d=mm&r=g","caption":"super-news"},"url":"https:\/\/super-news.info\/hu\/author\/pt\/"}]}},"_links":{"self":[{"href":"https:\/\/super-news.info\/hu\/wp-json\/wp\/v2\/posts\/4132","targetHints":{"allow":["GET"]}}],"collection":[{"href":"https:\/\/super-news.info\/hu\/wp-json\/wp\/v2\/posts"}],"about":[{"href":"https:\/\/super-news.info\/hu\/wp-json\/wp\/v2\/types\/post"}],"author":[{"embeddable":true,"href":"https:\/\/super-news.info\/hu\/wp-json\/wp\/v2\/users\/2"}],"replies":[{"embeddable":true,"href":"https:\/\/super-news.info\/hu\/wp-json\/wp\/v2\/comments?post=4132"}],"version-history":[{"count":1,"href":"https:\/\/super-news.info\/hu\/wp-json\/wp\/v2\/posts\/4132\/revisions"}],"predecessor-version":[{"id":4134,"href":"https:\/\/super-news.info\/hu\/wp-json\/wp\/v2\/posts\/4132\/revisions\/4134"}],"wp:featuredmedia":[{"embeddable":true,"href":"https:\/\/super-news.info\/hu\/wp-json\/wp\/v2\/media\/4133"}],"wp:attachment":[{"href":"https:\/\/super-news.info\/hu\/wp-json\/wp\/v2\/media?parent=4132"}],"wp:term":[{"taxonomy":"category","embeddable":true,"href":"https:\/\/super-news.info\/hu\/wp-json\/wp\/v2\/categories?post=4132"},{"taxonomy":"post_tag","embeddable":true,"href":"https:\/\/super-news.info\/hu\/wp-json\/wp\/v2\/tags?post=4132"}],"curies":[{"name":"wp","href":"https:\/\/api.w.org\/{rel}","templated":true}]}}