{"id":3415,"date":"2019-06-05T01:25:12","date_gmt":"2019-06-04T22:25:12","guid":{"rendered":"https:\/\/super-news.info\/hu\/babis-a-cseh-allam-destabilizaciojara-hajt-az-unio\/"},"modified":"2019-06-05T01:25:13","modified_gmt":"2019-06-04T22:25:13","slug":"babis-a-cseh-allam-destabilizaciojara-hajt-az-unio","status":"publish","type":"post","link":"https:\/\/super-news.info\/hu\/babis-a-cseh-allam-destabilizaciojara-hajt-az-unio\/","title":{"rendered":"Babis: a cseh \u00e1llam destabiliz\u00e1ci\u00f3j\u00e1ra hajt az uni\u00f3"},"content":{"rendered":"<p> [ad_1]<br \/>\n<\/p>\n<p>\n\t\t\t\t\t\t\t\tCsehorsz\u00e1g \u00e9s a cseh \u00e9rdekek elleni t\u00e1mad\u00e1snak, az \u00e1llam destabiliz\u00e1ci\u00f3j\u00e1ra ir\u00e1nyul\u00f3 k\u00eds\u00e9rletnek min\u0151s\u00edtette Andrej Babis cseh korm\u00e1nyf\u0151 kedden az Eur\u00f3pai Bizotts\u00e1g k\u00f6nyvvizsg\u00e1l\u00f3i jelent\u00e9s\u00e9t, amely \u00f6sszef\u00e9rhetetlens\u00e9get \u00e1llap\u00edtott meg politikai \u00e9s gazdas\u00e1gi tev\u00e9kenys\u00e9ge k\u00f6z\u00f6tt.\t\t\t\t\t\t\t<\/p>\n<div>\n<p>\u201eM\u00e9g egyszer: a vitathat\u00f3 k\u00f6nyvvizsg\u00e1l\u00f3i jelent\u00e9s t\u00e1mad\u00e1s a Cseh K\u00f6zt\u00e1rsas\u00e1g ellen, \u00e9s \u00fajra megism\u00e9tlem, hogy semmit sem fogunk visszafizetni\u201d \u2013 jelentette ki Babis a k\u00e9pvisel\u0151h\u00e1zban kedden Pr\u00e1g\u00e1ban. Hangs\u00falyozta: nincs \u00f6sszef\u00e9rhetetlens\u00e9gi helyzetben, mert c\u00e9geit, az Agrofert holdingot 2017 febru\u00e1rj\u00e1ban az \u00e9rv\u00e9nyes t\u00f6rv\u00e9ny \u00e9rtelm\u00e9ben vagyonkezel\u0151 alapokba helyezte.<\/p>\n<p>Az Eur\u00f3pai Bizotts\u00e1g m\u00falt h\u00e9t v\u00e9g\u00e9n nyilv\u00e1noss\u00e1gra ker\u00fclt jelent\u00e9se szerint az Agrofertnek juttatott t\u00e1mogat\u00e1sok az\u00e9rt s\u00e9rtik az \u00e9rv\u00e9nyes t\u00f6rv\u00e9nyeket \u00e9s el\u0151\u00edr\u00e1sokat, mert Andrej Babisnak tov\u00e1bbra is befoly\u00e1sa van egykori c\u00e9g\u00e9re, korm\u00e1nyf\u0151k\u00e9nt befoly\u00e1solni tudja \u00e9s befoly\u00e1solja az uni\u00f3s t\u00e1mogat\u00e1sok sz\u00e9toszt\u00e1s\u00e1t.<\/p>\n<p>Babis szerint az Eur\u00f3pai Bizotts\u00e1g semmif\u00e9le bizony\u00edt\u00e9kot nem mutatott fel arra n\u00e9zve, hogy korm\u00e1nyf\u0151k\u00e9nt befoly\u00e1soln\u00e1 az eur\u00f3pai p\u00e9nzek sz\u00e9toszt\u00e1s\u00e1t.<\/p>\n<p>\u201eBolond is lenn\u00e9k, ha ezt tenn\u00e9m\u201d \u2013 jegyezte meg a korm\u00e1nyf\u0151.<\/p>\n<div id=\"attachment_855771\" style=\"width: 1410px\" class=\"wp-caption aligncenter\">\n<p class=\"wp-caption-text\">Andrej Babis, Csehorsz\u00e1g korm\u00e1nyf\u0151je<br \/>Fot\u00f3: AFP<\/p>\n<\/div>\n<p>A minisztereln\u00f6k besz\u00e9d\u00e9ben ism\u00e9t \u00e9lesen b\u00edr\u00e1lta a Transparency International civil szervezetet \u00e9s az ellenz\u00e9ki Cseh Kal\u00f3zok p\u00e1rtot, amelyek tavaly Babis \u00fcgy\u00e9t Br\u00fcsszel el\u00e9 vitt\u00e9k.<\/p>\n<p>Az Eur\u00f3pai Bizotts\u00e1g szerint, amennyiben bebizonyosodn\u00e1nak a k\u00f6nyvvizsg\u00e1l\u00f3i jelent\u00e9sben foglaltak, Csehorsz\u00e1gnak mintegy 451 milli\u00f3 koron\u00e1t (5,86 milli\u00e1rd forint) kellene visszafizetnie az Eur\u00f3pai Uni\u00f3nak. Ez az a p\u00e9nzt, amelyet kor\u00e1bban az Andrej Babis tulajdon\u00e1ban l\u00e9v\u0151 Agrofert holding c\u00e9gei kaptak.<\/p>\n<p>A cseh p\u00e9nz\u00fcgyminiszt\u00e9rium p\u00e9nteken azt k\u00f6z\u00f6lte, hogy el\u0151zetes angol nyelv\u0171 jelent\u00e9sr\u0151l van sz\u00f3, amely m\u00e9g nem v\u00e9gleges. A t\u00e1rca csak azut\u00e1n k\u00edv\u00e1n reag\u00e1lni, hogy megkapja a dokumentum v\u00e9gs\u0151 cseh nyelv\u0171 v\u00e1ltozat\u00e1t.<\/p>\n<p>Andrej Babis 2014 \u00f3ta tagja a cseh korm\u00e1nynak, \u00e9s hogy politikai szerepv\u00e1llal\u00e1sa ne \u00fctk\u00f6zz\u00f6n a cseh \u00f6sszef\u00e9rhetetlens\u00e9gi t\u00f6rv\u00e9nyekbe, vagyon\u00e1t 2017 elej\u00e9n k\u00e9t vagyonkezel\u0151 alapba helyezte el. Ez akkor megfelelt az EU-el\u0151\u00edr\u00e1sainak is, de ezek 2018 nyar\u00e1n megszigorodtak, \u00e9s Babis az\u00f3ta \u00e1ll\u00edt\u00f3lag ism\u00e9t \u00f6sszef\u00e9rhetetlens\u00e9gi helyzetbe ker\u00fclt.<\/p>\n<p>Az ellenz\u00e9knek nincs programja \u00e9s nincs is m\u00e1s t\u00e9m\u00e1ja, mint az Agrofert \u00e9s a G\u00f3lyaf\u00e9szek \u2013 jelentette ki Babis. Ez ut\u00f3bbiban a rend\u0151rs\u00e9g n\u00e9h\u00e1ny hete azt javasolta az \u00e1llam\u00fcgy\u00e9szs\u00e9gnek, hogy emeljen v\u00e1dat Babis ellen az uni\u00f3s t\u00e1mogat\u00e1sokkal val\u00f3 vissza\u00e9l\u00e9s miatt.<\/p>\n<p>Az Agrofert holding Csehorsz\u00e1g egyik legnagyobb ag\u00e1ripari, \u00e9lelmiszeripari \u00e9s vegyipari c\u00e9ge, amely t\u00f6bb mint 33 ezer embernek ad munk\u00e1t. Andrej Babis pedig Csehorsz\u00e1g m\u00e1sodik leggazdagabb embere.<\/p>\n<p>A G\u00f3lyaf\u00e9szek-botr\u00e1ny h\u00e1tter\u00e9ben az \u00e1ll, hogy az ilyen nev\u0171 szabadid\u0151k\u00f6zpontot \u00e9p\u00edttet\u0151 c\u00e9g kor\u00e1bban az Agrofert holdinghoz tartozott, amelynek egyetlen tulajdonosa Babis volt.<\/p>\n<p>A szabadid\u0151k\u00f6zpont \u00e9p\u00edt\u00e9skor, 2007-2008-ban azonban a c\u00e9g ismeretlen tulajdonba ker\u00fclt, \u00e9s kisebb v\u00e1llalkoz\u00e1sk\u00e9nt jogosults\u00e1got szerzett az ilyen v\u00e1llalatok sz\u00e1m\u00e1ra ki\u00edrt EU-t\u00e1mogat\u00e1sra. Amennyiben a G\u00f3lyaf\u00e9szek az Agrofert r\u00e9sze maradt volna, nagyv\u00e1llalatk\u00e9nt nagy val\u00f3sz\u00edn\u0171s\u00e9ggel nem kapott volna uni\u00f3s t\u00e1mogat\u00e1st.<\/p>\n<div id=\"attachment_513636\" style=\"width: 1410px\" class=\"wp-caption aligncenter\"><img loading=\"lazy\" decoding=\"async\" class=\"size-full wp-image-513636\" src=\"https:\/\/super-news.info\/hu\/wp-content\/uploads\/sites\/3\/2019\/06\/1559687112_30_Babis-a-cseh-allam-destabilizaciojara-hajt-az-unio.jpg\" alt=\"\" width=\"1400\" height=\"952\"  \/><\/p>\n<p class=\"wp-caption-text\">Andrej Babis <br \/>Fot\u00f3: AFP<\/p>\n<\/div>\n<p>Az ellenz\u00e9k az uni\u00f3s p\u00e9nzekkel val\u00f3 vissza\u00e9l\u00e9s gyan\u00faja, valamint az \u00f6sszef\u00e9rhetetlens\u00e9g miatt kitart\u00f3an Andrej Babis lemond\u00e1s\u00e1t k\u00f6veteli, amit a korm\u00e1nyf\u0151 hat\u00e1rozottan elutas\u00edt.<\/p>\n<p>Babis lemond\u00e1s\u00e1t \u00e9s t\u00e1voz\u00e1s\u00e1t a k\u00f6z\u00e9letb\u0151l a civil szf\u00e9ra egy r\u00e9sze is k\u00f6veteli.<\/p>\n<p>M\u00e1sf\u00e9l h\u00f3napja keddenk\u00e9nt Pr\u00e1g\u00e1ban t\u00edzezrek t\u00fcntetnek Andrej Babis, valamint Marie Benesov\u00e1 \u00faj igazs\u00e1g\u00fcgyi miniszter ellen. A tiltakoz\u00e1sok konkr\u00e9t oka, hogy az ellenz\u00e9k \u00e9s a cseh sajt\u00f3 t\u00f6bbs\u00e9ge att\u00f3l tart, Marie Benesov\u00e1 miniszteri kinevez\u00e9s\u00e9nek legf\u0151bb c\u00e9lja nyom\u00e1st gyakorolni Pavel Zeman f\u0151\u00e1llam\u00fcgy\u00e9szre, akinek d\u00f6ntenie kell a korm\u00e1nyf\u0151 elleni esetleges v\u00e1demel\u00e9sr\u0151l a G\u00f3lyaf\u00e9szek-\u00fcgyben. Benesov\u00e1 \u00e1prilis v\u00e9g\u00e9n lett az igazs\u00e1g\u00fcgyi t\u00e1rca \u00faj vezet\u0151je, miut\u00e1n el\u0151dje saj\u00e1t k\u00e9r\u00e9s\u00e9re t\u00e1vozott.<\/p>\n<p>A rend\u0151rs\u00e9g \u00e1prilis k\u00f6zep\u00e9n az \u00fcgyben v\u00e1demel\u00e9st javasolt Babis ellen az f\u0151\u00e1llam\u00fcgy\u00e9sznek, \u0151 azonban m\u00e9g nem nyilatkozott.<\/p>\n<\/p><\/div>\n<p><script>\n    window.fbAsyncInit = function() {\n        FB.init({\n            appId      : \"204760236815359\",\n            xfbml      : true,\n            version    : \"v2.12\"\n        });\n        FB.AppEvents.logPageView();\n    };<\/p>\n<p>    (function(d, s, id){\n        var js, fjs = d.getElementsByTagName(s)[0];\n        if (d.getElementById(id)) {return;}\n        js = d.createElement(s); js.id = id;\n        js.src = \"http:\/\/connect.facebook.net\/hu_HU\/sdk.js\";\n        fjs.parentNode.insertBefore(js, fjs);\n    }(document, \"script\", \"facebook-jssdk\"));\n<\/script><br \/>\n<br \/>[ad_2]<br \/>\n<br \/><a href=\"https:\/\/www.vg.hu\/gazdasag\/gazdasagpolitika\/babis-a-cseh-allam-destabilizaciojara-hajt-az-unio-1552148\/\">Source link <\/a><\/p>\n","protected":false},"excerpt":{"rendered":"<p>[ad_1] Csehorsz\u00e1g \u00e9s a cseh \u00e9rdekek elleni t\u00e1mad\u00e1snak, az \u00e1llam destabiliz\u00e1ci\u00f3j\u00e1ra ir\u00e1nyul\u00f3 k\u00eds\u00e9rletnek min\u0151s\u00edtette Andrej Babis cseh korm\u00e1nyf\u0151 kedden az Eur\u00f3pai Bizotts\u00e1g k\u00f6nyvvizsg\u00e1l\u00f3i jelent\u00e9s\u00e9t, amely \u00f6sszef\u00e9rhetetlens\u00e9get \u00e1llap\u00edtott meg politikai \u00e9s gazdas\u00e1gi tev\u00e9kenys\u00e9ge k\u00f6z\u00f6tt. \u201eM\u00e9g egyszer: a vitathat\u00f3 k\u00f6nyvvizsg\u00e1l\u00f3i jelent\u00e9s t\u00e1mad\u00e1s a Cseh K\u00f6zt\u00e1rsas\u00e1g ellen, \u00e9s \u00fajra megism\u00e9tlem, hogy semmit sem fogunk visszafizetni\u201d \u2013 jelentette ki [&hellip;]<\/p>\n","protected":false},"author":2,"featured_media":3416,"comment_status":"open","ping_status":"open","sticky":false,"template":"","format":"standard","meta":{"footnotes":""},"categories":[1],"tags":[],"class_list":["post-3415","post","type-post","status-publish","format-standard","has-post-thumbnail","hentry","category-penzugyi-hirek"],"yoast_head":"<!-- This site is optimized with the Yoast SEO plugin v27.4 - https:\/\/yoast.com\/product\/yoast-seo-wordpress\/ -->\n<title>Babis: a cseh \u00e1llam destabiliz\u00e1ci\u00f3j\u00e1ra hajt az uni\u00f3 - Super News<\/title>\n<meta name=\"robots\" content=\"index, follow, max-snippet:-1, max-image-preview:large, max-video-preview:-1\" \/>\n<link rel=\"canonical\" href=\"https:\/\/super-news.info\/hu\/babis-a-cseh-allam-destabilizaciojara-hajt-az-unio\/\" \/>\n<meta property=\"og:locale\" content=\"hu_HU\" \/>\n<meta property=\"og:type\" content=\"article\" \/>\n<meta property=\"og:title\" content=\"Babis: a cseh \u00e1llam destabiliz\u00e1ci\u00f3j\u00e1ra hajt az uni\u00f3 - Super News\" \/>\n<meta property=\"og:description\" content=\"[ad_1] Csehorsz\u00e1g \u00e9s a cseh \u00e9rdekek elleni t\u00e1mad\u00e1snak, az \u00e1llam destabiliz\u00e1ci\u00f3j\u00e1ra ir\u00e1nyul\u00f3 k\u00eds\u00e9rletnek min\u0151s\u00edtette Andrej Babis cseh korm\u00e1nyf\u0151 kedden az Eur\u00f3pai Bizotts\u00e1g k\u00f6nyvvizsg\u00e1l\u00f3i jelent\u00e9s\u00e9t, amely \u00f6sszef\u00e9rhetetlens\u00e9get \u00e1llap\u00edtott meg politikai \u00e9s gazdas\u00e1gi tev\u00e9kenys\u00e9ge k\u00f6z\u00f6tt. \u201eM\u00e9g egyszer: a vitathat\u00f3 k\u00f6nyvvizsg\u00e1l\u00f3i jelent\u00e9s t\u00e1mad\u00e1s a Cseh K\u00f6zt\u00e1rsas\u00e1g ellen, \u00e9s \u00fajra megism\u00e9tlem, hogy semmit sem fogunk visszafizetni\u201d \u2013 jelentette ki [&hellip;]\" \/>\n<meta property=\"og:url\" content=\"https:\/\/super-news.info\/hu\/babis-a-cseh-allam-destabilizaciojara-hajt-az-unio\/\" \/>\n<meta property=\"og:site_name\" content=\"Super News\" \/>\n<meta property=\"article:published_time\" content=\"2019-06-04T22:25:12+00:00\" \/>\n<meta property=\"article:modified_time\" content=\"2019-06-04T22:25:13+00:00\" \/>\n<meta property=\"og:image\" content=\"https:\/\/super-news.info\/hu\/wp-content\/uploads\/sites\/3\/2019\/06\/Babis-a-cseh-\u00e1llam-destabiliz\u00e1ci\u00f3j\u00e1ra-hajt-az-uni\u00f3.jpg\" \/>\n\t<meta property=\"og:image:width\" content=\"1400\" \/>\n\t<meta property=\"og:image:height\" content=\"1009\" \/>\n\t<meta property=\"og:image:type\" content=\"image\/jpeg\" \/>\n<meta name=\"author\" content=\"super-news\" \/>\n<meta name=\"twitter:card\" content=\"summary_large_image\" \/>\n<meta name=\"twitter:label1\" content=\"Szerz\u0151:\" \/>\n\t<meta name=\"twitter:data1\" content=\"super-news\" \/>\n\t<meta name=\"twitter:label2\" content=\"Becs\u00fclt olvas\u00e1si id\u0151\" \/>\n\t<meta name=\"twitter:data2\" content=\"4 perc\" \/>\n<script type=\"application\/ld+json\" class=\"yoast-schema-graph\">{\"@context\":\"https:\\\/\\\/schema.org\",\"@graph\":[{\"@type\":\"Article\",\"@id\":\"https:\\\/\\\/super-news.info\\\/hu\\\/babis-a-cseh-allam-destabilizaciojara-hajt-az-unio\\\/#article\",\"isPartOf\":{\"@id\":\"https:\\\/\\\/super-news.info\\\/hu\\\/babis-a-cseh-allam-destabilizaciojara-hajt-az-unio\\\/\"},\"author\":{\"name\":\"super-news\",\"@id\":\"https:\\\/\\\/super-news.info\\\/hu\\\/#\\\/schema\\\/person\\\/2d4068cb2f39cd10008c2fce578a7356\"},\"headline\":\"Babis: a cseh \u00e1llam destabiliz\u00e1ci\u00f3j\u00e1ra hajt az uni\u00f3\",\"datePublished\":\"2019-06-04T22:25:12+00:00\",\"dateModified\":\"2019-06-04T22:25:13+00:00\",\"mainEntityOfPage\":{\"@id\":\"https:\\\/\\\/super-news.info\\\/hu\\\/babis-a-cseh-allam-destabilizaciojara-hajt-az-unio\\\/\"},\"wordCount\":863,\"commentCount\":0,\"image\":{\"@id\":\"https:\\\/\\\/super-news.info\\\/hu\\\/babis-a-cseh-allam-destabilizaciojara-hajt-az-unio\\\/#primaryimage\"},\"thumbnailUrl\":\"https:\\\/\\\/super-news.info\\\/hu\\\/wp-content\\\/uploads\\\/sites\\\/3\\\/2019\\\/06\\\/Babis-a-cseh-\u00e1llam-destabiliz\u00e1ci\u00f3j\u00e1ra-hajt-az-uni\u00f3.jpg\",\"articleSection\":[\"P\u00c9NZ\u00dcGYI H\u00cdREK\"],\"inLanguage\":\"hu\",\"potentialAction\":[{\"@type\":\"CommentAction\",\"name\":\"Comment\",\"target\":[\"https:\\\/\\\/super-news.info\\\/hu\\\/babis-a-cseh-allam-destabilizaciojara-hajt-az-unio\\\/#respond\"]}]},{\"@type\":\"WebPage\",\"@id\":\"https:\\\/\\\/super-news.info\\\/hu\\\/babis-a-cseh-allam-destabilizaciojara-hajt-az-unio\\\/\",\"url\":\"https:\\\/\\\/super-news.info\\\/hu\\\/babis-a-cseh-allam-destabilizaciojara-hajt-az-unio\\\/\",\"name\":\"Babis: a cseh \u00e1llam destabiliz\u00e1ci\u00f3j\u00e1ra hajt az uni\u00f3 - Super News\",\"isPartOf\":{\"@id\":\"https:\\\/\\\/super-news.info\\\/hu\\\/#website\"},\"primaryImageOfPage\":{\"@id\":\"https:\\\/\\\/super-news.info\\\/hu\\\/babis-a-cseh-allam-destabilizaciojara-hajt-az-unio\\\/#primaryimage\"},\"image\":{\"@id\":\"https:\\\/\\\/super-news.info\\\/hu\\\/babis-a-cseh-allam-destabilizaciojara-hajt-az-unio\\\/#primaryimage\"},\"thumbnailUrl\":\"https:\\\/\\\/super-news.info\\\/hu\\\/wp-content\\\/uploads\\\/sites\\\/3\\\/2019\\\/06\\\/Babis-a-cseh-\u00e1llam-destabiliz\u00e1ci\u00f3j\u00e1ra-hajt-az-uni\u00f3.jpg\",\"datePublished\":\"2019-06-04T22:25:12+00:00\",\"dateModified\":\"2019-06-04T22:25:13+00:00\",\"author\":{\"@id\":\"https:\\\/\\\/super-news.info\\\/hu\\\/#\\\/schema\\\/person\\\/2d4068cb2f39cd10008c2fce578a7356\"},\"breadcrumb\":{\"@id\":\"https:\\\/\\\/super-news.info\\\/hu\\\/babis-a-cseh-allam-destabilizaciojara-hajt-az-unio\\\/#breadcrumb\"},\"inLanguage\":\"hu\",\"potentialAction\":[{\"@type\":\"ReadAction\",\"target\":[\"https:\\\/\\\/super-news.info\\\/hu\\\/babis-a-cseh-allam-destabilizaciojara-hajt-az-unio\\\/\"]}]},{\"@type\":\"ImageObject\",\"inLanguage\":\"hu\",\"@id\":\"https:\\\/\\\/super-news.info\\\/hu\\\/babis-a-cseh-allam-destabilizaciojara-hajt-az-unio\\\/#primaryimage\",\"url\":\"https:\\\/\\\/super-news.info\\\/hu\\\/wp-content\\\/uploads\\\/sites\\\/3\\\/2019\\\/06\\\/Babis-a-cseh-\u00e1llam-destabiliz\u00e1ci\u00f3j\u00e1ra-hajt-az-uni\u00f3.jpg\",\"contentUrl\":\"https:\\\/\\\/super-news.info\\\/hu\\\/wp-content\\\/uploads\\\/sites\\\/3\\\/2019\\\/06\\\/Babis-a-cseh-\u00e1llam-destabiliz\u00e1ci\u00f3j\u00e1ra-hajt-az-uni\u00f3.jpg\",\"width\":1400,\"height\":1009,\"caption\":\"Babis: a cseh \u00e1llam destabiliz\u00e1ci\u00f3j\u00e1ra hajt az uni\u00f3\"},{\"@type\":\"BreadcrumbList\",\"@id\":\"https:\\\/\\\/super-news.info\\\/hu\\\/babis-a-cseh-allam-destabilizaciojara-hajt-az-unio\\\/#breadcrumb\",\"itemListElement\":[{\"@type\":\"ListItem\",\"position\":1,\"name\":\"\u0413\u043b\u0430\u0432\u043d\u0430\u044f \u0441\u0442\u0440\u0430\u043d\u0438\u0446\u0430\",\"item\":\"https:\\\/\\\/super-news.info\\\/hu\\\/\"},{\"@type\":\"ListItem\",\"position\":2,\"name\":\"Babis: a cseh \u00e1llam destabiliz\u00e1ci\u00f3j\u00e1ra hajt az uni\u00f3\"}]},{\"@type\":\"WebSite\",\"@id\":\"https:\\\/\\\/super-news.info\\\/hu\\\/#website\",\"url\":\"https:\\\/\\\/super-news.info\\\/hu\\\/\",\"name\":\"Super News\",\"description\":\"Super News Magyarorsz\u00e1g\",\"potentialAction\":[{\"@type\":\"SearchAction\",\"target\":{\"@type\":\"EntryPoint\",\"urlTemplate\":\"https:\\\/\\\/super-news.info\\\/hu\\\/?s={search_term_string}\"},\"query-input\":{\"@type\":\"PropertyValueSpecification\",\"valueRequired\":true,\"valueName\":\"search_term_string\"}}],\"inLanguage\":\"hu\"},{\"@type\":\"Person\",\"@id\":\"https:\\\/\\\/super-news.info\\\/hu\\\/#\\\/schema\\\/person\\\/2d4068cb2f39cd10008c2fce578a7356\",\"name\":\"super-news\",\"image\":{\"@type\":\"ImageObject\",\"inLanguage\":\"hu\",\"@id\":\"https:\\\/\\\/secure.gravatar.com\\\/avatar\\\/64ebac40b93f26a154f8a9b5b6fdccfc46f442b26b3dd6756dbff3bf9dc76fd7?s=96&d=mm&r=g\",\"url\":\"https:\\\/\\\/secure.gravatar.com\\\/avatar\\\/64ebac40b93f26a154f8a9b5b6fdccfc46f442b26b3dd6756dbff3bf9dc76fd7?s=96&d=mm&r=g\",\"contentUrl\":\"https:\\\/\\\/secure.gravatar.com\\\/avatar\\\/64ebac40b93f26a154f8a9b5b6fdccfc46f442b26b3dd6756dbff3bf9dc76fd7?s=96&d=mm&r=g\",\"caption\":\"super-news\"},\"url\":\"https:\\\/\\\/super-news.info\\\/hu\\\/author\\\/pt\\\/\"}]}<\/script>\n<!-- \/ Yoast SEO plugin. -->","yoast_head_json":{"title":"Babis: a cseh \u00e1llam destabiliz\u00e1ci\u00f3j\u00e1ra hajt az uni\u00f3 - Super News","robots":{"index":"index","follow":"follow","max-snippet":"max-snippet:-1","max-image-preview":"max-image-preview:large","max-video-preview":"max-video-preview:-1"},"canonical":"https:\/\/super-news.info\/hu\/babis-a-cseh-allam-destabilizaciojara-hajt-az-unio\/","og_locale":"hu_HU","og_type":"article","og_title":"Babis: a cseh \u00e1llam destabiliz\u00e1ci\u00f3j\u00e1ra hajt az uni\u00f3 - Super News","og_description":"[ad_1] Csehorsz\u00e1g \u00e9s a cseh \u00e9rdekek elleni t\u00e1mad\u00e1snak, az \u00e1llam destabiliz\u00e1ci\u00f3j\u00e1ra ir\u00e1nyul\u00f3 k\u00eds\u00e9rletnek min\u0151s\u00edtette Andrej Babis cseh korm\u00e1nyf\u0151 kedden az Eur\u00f3pai Bizotts\u00e1g k\u00f6nyvvizsg\u00e1l\u00f3i jelent\u00e9s\u00e9t, amely \u00f6sszef\u00e9rhetetlens\u00e9get \u00e1llap\u00edtott meg politikai \u00e9s gazdas\u00e1gi tev\u00e9kenys\u00e9ge k\u00f6z\u00f6tt. \u201eM\u00e9g egyszer: a vitathat\u00f3 k\u00f6nyvvizsg\u00e1l\u00f3i jelent\u00e9s t\u00e1mad\u00e1s a Cseh K\u00f6zt\u00e1rsas\u00e1g ellen, \u00e9s \u00fajra megism\u00e9tlem, hogy semmit sem fogunk visszafizetni\u201d \u2013 jelentette ki [&hellip;]","og_url":"https:\/\/super-news.info\/hu\/babis-a-cseh-allam-destabilizaciojara-hajt-az-unio\/","og_site_name":"Super News","article_published_time":"2019-06-04T22:25:12+00:00","article_modified_time":"2019-06-04T22:25:13+00:00","og_image":[{"width":1400,"height":1009,"url":"https:\/\/super-news.info\/hu\/wp-content\/uploads\/sites\/3\/2019\/06\/Babis-a-cseh-\u00e1llam-destabiliz\u00e1ci\u00f3j\u00e1ra-hajt-az-uni\u00f3.jpg","type":"image\/jpeg"}],"author":"super-news","twitter_card":"summary_large_image","twitter_misc":{"Szerz\u0151:":"super-news","Becs\u00fclt olvas\u00e1si id\u0151":"4 perc"},"schema":{"@context":"https:\/\/schema.org","@graph":[{"@type":"Article","@id":"https:\/\/super-news.info\/hu\/babis-a-cseh-allam-destabilizaciojara-hajt-az-unio\/#article","isPartOf":{"@id":"https:\/\/super-news.info\/hu\/babis-a-cseh-allam-destabilizaciojara-hajt-az-unio\/"},"author":{"name":"super-news","@id":"https:\/\/super-news.info\/hu\/#\/schema\/person\/2d4068cb2f39cd10008c2fce578a7356"},"headline":"Babis: a cseh \u00e1llam destabiliz\u00e1ci\u00f3j\u00e1ra hajt az uni\u00f3","datePublished":"2019-06-04T22:25:12+00:00","dateModified":"2019-06-04T22:25:13+00:00","mainEntityOfPage":{"@id":"https:\/\/super-news.info\/hu\/babis-a-cseh-allam-destabilizaciojara-hajt-az-unio\/"},"wordCount":863,"commentCount":0,"image":{"@id":"https:\/\/super-news.info\/hu\/babis-a-cseh-allam-destabilizaciojara-hajt-az-unio\/#primaryimage"},"thumbnailUrl":"https:\/\/super-news.info\/hu\/wp-content\/uploads\/sites\/3\/2019\/06\/Babis-a-cseh-\u00e1llam-destabiliz\u00e1ci\u00f3j\u00e1ra-hajt-az-uni\u00f3.jpg","articleSection":["P\u00c9NZ\u00dcGYI H\u00cdREK"],"inLanguage":"hu","potentialAction":[{"@type":"CommentAction","name":"Comment","target":["https:\/\/super-news.info\/hu\/babis-a-cseh-allam-destabilizaciojara-hajt-az-unio\/#respond"]}]},{"@type":"WebPage","@id":"https:\/\/super-news.info\/hu\/babis-a-cseh-allam-destabilizaciojara-hajt-az-unio\/","url":"https:\/\/super-news.info\/hu\/babis-a-cseh-allam-destabilizaciojara-hajt-az-unio\/","name":"Babis: a cseh \u00e1llam destabiliz\u00e1ci\u00f3j\u00e1ra hajt az uni\u00f3 - Super News","isPartOf":{"@id":"https:\/\/super-news.info\/hu\/#website"},"primaryImageOfPage":{"@id":"https:\/\/super-news.info\/hu\/babis-a-cseh-allam-destabilizaciojara-hajt-az-unio\/#primaryimage"},"image":{"@id":"https:\/\/super-news.info\/hu\/babis-a-cseh-allam-destabilizaciojara-hajt-az-unio\/#primaryimage"},"thumbnailUrl":"https:\/\/super-news.info\/hu\/wp-content\/uploads\/sites\/3\/2019\/06\/Babis-a-cseh-\u00e1llam-destabiliz\u00e1ci\u00f3j\u00e1ra-hajt-az-uni\u00f3.jpg","datePublished":"2019-06-04T22:25:12+00:00","dateModified":"2019-06-04T22:25:13+00:00","author":{"@id":"https:\/\/super-news.info\/hu\/#\/schema\/person\/2d4068cb2f39cd10008c2fce578a7356"},"breadcrumb":{"@id":"https:\/\/super-news.info\/hu\/babis-a-cseh-allam-destabilizaciojara-hajt-az-unio\/#breadcrumb"},"inLanguage":"hu","potentialAction":[{"@type":"ReadAction","target":["https:\/\/super-news.info\/hu\/babis-a-cseh-allam-destabilizaciojara-hajt-az-unio\/"]}]},{"@type":"ImageObject","inLanguage":"hu","@id":"https:\/\/super-news.info\/hu\/babis-a-cseh-allam-destabilizaciojara-hajt-az-unio\/#primaryimage","url":"https:\/\/super-news.info\/hu\/wp-content\/uploads\/sites\/3\/2019\/06\/Babis-a-cseh-\u00e1llam-destabiliz\u00e1ci\u00f3j\u00e1ra-hajt-az-uni\u00f3.jpg","contentUrl":"https:\/\/super-news.info\/hu\/wp-content\/uploads\/sites\/3\/2019\/06\/Babis-a-cseh-\u00e1llam-destabiliz\u00e1ci\u00f3j\u00e1ra-hajt-az-uni\u00f3.jpg","width":1400,"height":1009,"caption":"Babis: a cseh \u00e1llam destabiliz\u00e1ci\u00f3j\u00e1ra hajt az uni\u00f3"},{"@type":"BreadcrumbList","@id":"https:\/\/super-news.info\/hu\/babis-a-cseh-allam-destabilizaciojara-hajt-az-unio\/#breadcrumb","itemListElement":[{"@type":"ListItem","position":1,"name":"\u0413\u043b\u0430\u0432\u043d\u0430\u044f \u0441\u0442\u0440\u0430\u043d\u0438\u0446\u0430","item":"https:\/\/super-news.info\/hu\/"},{"@type":"ListItem","position":2,"name":"Babis: a cseh \u00e1llam destabiliz\u00e1ci\u00f3j\u00e1ra hajt az uni\u00f3"}]},{"@type":"WebSite","@id":"https:\/\/super-news.info\/hu\/#website","url":"https:\/\/super-news.info\/hu\/","name":"Super News","description":"Super News Magyarorsz\u00e1g","potentialAction":[{"@type":"SearchAction","target":{"@type":"EntryPoint","urlTemplate":"https:\/\/super-news.info\/hu\/?s={search_term_string}"},"query-input":{"@type":"PropertyValueSpecification","valueRequired":true,"valueName":"search_term_string"}}],"inLanguage":"hu"},{"@type":"Person","@id":"https:\/\/super-news.info\/hu\/#\/schema\/person\/2d4068cb2f39cd10008c2fce578a7356","name":"super-news","image":{"@type":"ImageObject","inLanguage":"hu","@id":"https:\/\/secure.gravatar.com\/avatar\/64ebac40b93f26a154f8a9b5b6fdccfc46f442b26b3dd6756dbff3bf9dc76fd7?s=96&d=mm&r=g","url":"https:\/\/secure.gravatar.com\/avatar\/64ebac40b93f26a154f8a9b5b6fdccfc46f442b26b3dd6756dbff3bf9dc76fd7?s=96&d=mm&r=g","contentUrl":"https:\/\/secure.gravatar.com\/avatar\/64ebac40b93f26a154f8a9b5b6fdccfc46f442b26b3dd6756dbff3bf9dc76fd7?s=96&d=mm&r=g","caption":"super-news"},"url":"https:\/\/super-news.info\/hu\/author\/pt\/"}]}},"_links":{"self":[{"href":"https:\/\/super-news.info\/hu\/wp-json\/wp\/v2\/posts\/3415","targetHints":{"allow":["GET"]}}],"collection":[{"href":"https:\/\/super-news.info\/hu\/wp-json\/wp\/v2\/posts"}],"about":[{"href":"https:\/\/super-news.info\/hu\/wp-json\/wp\/v2\/types\/post"}],"author":[{"embeddable":true,"href":"https:\/\/super-news.info\/hu\/wp-json\/wp\/v2\/users\/2"}],"replies":[{"embeddable":true,"href":"https:\/\/super-news.info\/hu\/wp-json\/wp\/v2\/comments?post=3415"}],"version-history":[{"count":1,"href":"https:\/\/super-news.info\/hu\/wp-json\/wp\/v2\/posts\/3415\/revisions"}],"predecessor-version":[{"id":3417,"href":"https:\/\/super-news.info\/hu\/wp-json\/wp\/v2\/posts\/3415\/revisions\/3417"}],"wp:featuredmedia":[{"embeddable":true,"href":"https:\/\/super-news.info\/hu\/wp-json\/wp\/v2\/media\/3416"}],"wp:attachment":[{"href":"https:\/\/super-news.info\/hu\/wp-json\/wp\/v2\/media?parent=3415"}],"wp:term":[{"taxonomy":"category","embeddable":true,"href":"https:\/\/super-news.info\/hu\/wp-json\/wp\/v2\/categories?post=3415"},{"taxonomy":"post_tag","embeddable":true,"href":"https:\/\/super-news.info\/hu\/wp-json\/wp\/v2\/tags?post=3415"}],"curies":[{"name":"wp","href":"https:\/\/api.w.org\/{rel}","templated":true}]}}