{"id":3412,"date":"2019-06-05T00:18:48","date_gmt":"2019-06-04T21:18:48","guid":{"rendered":"https:\/\/super-news.info\/hu\/mark-zuckerberg-a-szomszedok-reme\/"},"modified":"2019-06-05T00:18:49","modified_gmt":"2019-06-04T21:18:49","slug":"mark-zuckerberg-a-szomszedok-reme","status":"publish","type":"post","link":"https:\/\/super-news.info\/hu\/mark-zuckerberg-a-szomszedok-reme\/","title":{"rendered":"Mark Zuckerberg a szomsz\u00e9dok r\u00e9me"},"content":{"rendered":"<p> [ad_1]<br \/>\n<\/p>\n<p>\n\t\t\t\t\t\t\t\tSorra v\u00e1s\u00e1rolja az ingatlanokat a Facebook alap\u00edt\u00f3ja. Im\u00e1dja Kaliforni\u00e1t, de ha tehetn\u00e9, eg\u00e9sz Hawaii-t megvenn\u00e9. Amerre viszont felbukkan, a szomsz\u00e9dok kik\u00e9sz\u00fclnek.\t\t\t\t\t\t\t<\/p>\n<div>\n<p>K\u00f6zel 60 milli\u00f3 doll\u00e1r\u00e9rt (k\u00f6r\u00fclbel\u00fcl 17 milli\u00e1rd forint) v\u00e1s\u00e1rolt k\u00e9t ingatlant a Tahoe-t\u00f3n\u00e1l Mark Zuckerberg. A Facebook CEO-j\u00e1t nem kell f\u00e9lteni, b\u0151ven van mit a tejbe apr\u00edtania, a Forbes idei \u00f6ssze\u00e1ll\u00edt\u00e1sa szerint k\u00f6r\u00fclbel\u00fcl 67,3 milli\u00e1rd doll\u00e1ros vagyona van. Annak ellen\u00e9re, hogy a tavalyi Camridge Analytica-botr\u00e1ny alaposan megcinc\u00e1lta a Facebook r\u00e9szv\u00e9nyeket,<\/p>\n<p>Zuckerberg m\u00e9g \u00edgy is a vil\u00e1g nyolcadik leggazdagabb embere.<\/p>\n<p>A Facebook sz\u00fcl\u0151atyja az erd\u0151 k\u00f6zep\u00e9n tal\u00e1lhat\u00f3 h\u00e1z\u00e1val meglehet\u0151sen illusztris t\u00e1rsas\u00e1gba ker\u00fclt, szomsz\u00e9dj\u00e1ban \u00e9l ugyanis Bill Packard, a Hewlett Packard alap\u00edt\u00f3j\u00e1nak csal\u00e1dja.<\/p>\n<p>A k\u00e9t \u00faj h\u00e1zzal Zuckerberg ingatlangy\u0171jtem\u00e9nye meglehet\u0151sen tekint\u00e9lyesre duzzadt. Jelenleg 10 h\u00e1z tulajdonosa, t\u00f6bbek k\u00f6z\u00f6tt Palo Alt\u00f3ban, Kauain, Sierra Nevad\u00e1ban \u00e9s San Francisc\u00f3ban is meg tud sz\u00e1llni, ha \u00fagy hozza az \u00e9let.<\/p>\n<div id=\"attachment_1551800\" style=\"width: 1030px\" class=\"wp-caption aligncenter\">\n<p class=\"wp-caption-text\">A Tahoe-t\u00f3n\u00e1l l\u00e9v\u0151 h\u00e1z<br \/>Fot\u00f3: thisis50.com<\/p>\n<\/div>\n<h3>Ter\u00fcletfoglal\u00e1s<\/h3>\n<p>Jelenlegi lakhely\u00e9t 2011 m\u00e1jus\u00e1ban v\u00e1s\u00e1rolta, a 7 milli\u00f3 doll\u00e1r (k\u00f6r\u00fclbel\u00fcl 2 milli\u00e1rd forint) \u00e9rt\u00e9k\u0171 h\u00e1z Palo Alt\u00f3ban, a Crescent Park v\u00e1rosr\u00e9szben tal\u00e1lhat\u00f3. Azzal ellent\u00e9tben, amit elk\u00e9pzel\u00fcnk r\u00f3la \u00e9s ig\u00e9nyeir\u0151l, nem egy kacsal\u00e1bon forg\u00f3 palot\u00e1r\u00f3l van sz\u00f3. Sok szt\u00e1r 10-15 h\u00e1l\u00f3szob\u00e1s luxusingatlanban tal\u00e1l otthonra, ehhez k\u00e9pest Zuckerberg kifejezetten szer\u00e9nyen \u00e9l, a h\u00e1zban \u201emind\u00f6ssze\u201d 5-5 h\u00e1l\u00f3- \u00e9s f\u00fcrd\u0151szoba tal\u00e1lhat\u00f3. A technika viszont otthon is mindenn\u00e9l fontosabb, a Facebook-tulaj egy nagyon komoly mesters\u00e9ges intelligencia asszisztenssel tuningolta fel h\u00e1z\u00e1t.<\/p>\n<p><iframe loading=\"lazy\" width=\"356\" height=\"200\" src=\"https:\/\/www.youtube.com\/embed\/ZGLPxEv_EWo?feature=oembed\" frameborder=\"0\" allow=\"accelerometer; autoplay; encrypted-media; gyroscope; picture-in-picture\" allowfullscreen=\"\"><\/iframe><\/p>\n<p>A saj\u00e1t fejleszt\u00e9s\u0171 applik\u00e1ci\u00f3t <em>Jarvisnak<\/em> nevezte el, \u00e9s minden t\u00falz\u00e1s n\u00e9lk\u00fcl mondhatjuk, hogy negyedik csal\u00e1dtagnak sz\u00e1m\u00edt a Zuckerberg-h\u00e1zban. A Morgan Freeman hangj\u00e1n megsz\u00f3lal\u00f3 AI-asszisztens a csal\u00e1d eg\u00e9sz napj\u00e1t le tudja menedzselni, de n\u00e9zz\u00fck meg konkr\u00e9tabban, hogy mire k\u00e9pes Jarvis:<\/p>\n<ul>\n<li>id\u0151re elk\u00e9sz\u00edti a reggelit,<\/li>\n<li>sz\u00f3rakoztatja a gyereket, am\u00edg \u00e9bred\u00e9s ut\u00e1n nem \u00e9rnek be hozz\u00e1 a sz\u00fclei,<\/li>\n<li>kontroll\u00e1lja a h\u00e1z h\u0151m\u00e9rs\u00e9klet\u00e9t \u00e9s a f\u00e9nyer\u0151t,<\/li>\n<li>hangulathoz ill\u0151 zen\u00e9t v\u00e1logat,<\/li>\n<li>biztons\u00e1gi rendszerk\u00e9nt funkcion\u00e1l,<\/li>\n<li>nyelvet tan\u00edt.<\/li>\n<\/ul>\n<p>A jelens\u00e9g k\u00e9ts\u00e9gtelen\u00fcl legviccesebb r\u00e9sze az, hogy amikor Zuckerbergnek nincs kedve Jarvisszal besz\u00e9lni, akkor a messenger bot seg\u00edts\u00e9g\u00e9vel, egyszer\u0171en csak chatelnek egym\u00e1ssal.<\/p>\n<div id=\"attachment_1551821\" style=\"width: 930px\" class=\"wp-caption aligncenter\"><img loading=\"lazy\" decoding=\"async\" class=\"size-full wp-image-1551821\" src=\"https:\/\/super-news.info\/hu\/wp-content\/uploads\/sites\/3\/2019\/06\/1559683128_782_Mark-Zuckerberg-a-szomszedok-reme.jpg\" alt=\"\" width=\"920\" height=\"552\"  \/><\/p>\n<p class=\"wp-caption-text\">Zuckerberg jelenlegi lakhelye Palo Alt\u00f3ban<br \/>Fot\u00f3: corbinarts.com<\/p>\n<\/div>\n<p>A techguru m\u00e9g 2012-ben kezdte felv\u00e1s\u00e1rolni a szomsz\u00e9dos ingatlanokat Palo Alt\u00f3ban \u2013 a k\u00f6rny\u00e9ken n\u00e9gyet is \u2013 \u00e1m a 43 milli\u00f3 doll\u00e1ros beruh\u00e1z\u00e1s rengeteg h\u00e1tul\u00fct\u0151vel j\u00e1rt. Miut\u00e1n felv\u00e1s\u00e1rolta a szomsz\u00e9dok h\u00e1zait, az eredeti tulajok visszab\u00e9relt\u00e9k t\u0151le az ingatlanokat. Ez eleinte j\u00f3l is m\u0171k\u00f6d\u00f6tt, azonban amikor Zuckerberg azzal \u00e1llt el\u0151, hogy a h\u00e1zakat egyt\u0151l egyig lebontja, \u00e9s 2016-ban \u00fajakat \u00e9p\u00edttet helyett\u00fck, a v\u00e1ros lak\u00f3i nemet mondtak az aj\u00e1nlatra. Az \u00faj terv \u00edgy az lett, hogy nem \u00fajj\u00e1\u00e9p\u00edti, hanem fel\u00faj\u00edtja \u0151ket \u2013 erre m\u00e1r \u00e1ld\u00e1sukat adt\u00e1k a helyiek.<\/p>\n<h3>San Francisc\u00f3ban is kik\u00e9sz\u00edtette a szomsz\u00e9dokat<\/h3>\n<p>M\u00e9g 2013-ban tov\u00e1bb b\u0151v\u00fclt az ingatlanbirodalom. A Facebook tulaja San Francisc\u00f3ban 10 milli\u00f3 doll\u00e1r\u00e9rt (2,8 milli\u00e1rd forint) v\u00e1s\u00e1rolt meg egy 510 n\u00e9gyzetm\u00e9teres h\u00e1zat. A fel\u00faj\u00edt\u00e1s k\u00f6zel m\u00e1sf\u00e9l \u00e9vig tartott, \u00e9s tov\u00e1bbi 1,6 milli\u00f3 doll\u00e1rt \u00e1ldozott r\u00e1.<\/p>\n<p>A Noe Valley \u00e9s Mission District k\u00f6z\u00f6tt tal\u00e1lhat\u00f3 h\u00e1z 1928-ban \u00e9p\u00fclt, egy ingatlanos szakember elmond\u00e1sa szerint ezen a k\u00f6rny\u00e9ken nem igen tal\u00e1lni milli\u00e1rdosokat.<\/p>\n<p>A szomsz\u00e9dok itt is kiborultak a vil\u00e1g egyik leggazdagabb embere miatt, a fel\u00faj\u00edt\u00e1sok sor\u00e1n ugyanis olyan szinten elbarik\u00e1dozt\u00e1k \u00e9s telepakolt\u00e1k a k\u00f6rny\u00e9ket, hogy egyszer\u0171en k\u00e9ptelens\u00e9g volt a k\u00f6zelben parkolni.<\/p>\n<h3>F\u00e9l Hawaii-t felv\u00e1s\u00e1rolta m\u00e1r<\/h3>\n<p>Egy \u00e9vet sem v\u00e1rt Zuckerberg a terjeszked\u00e9ssel, 2014-ben Kauai sziget\u00e9n 100 milli\u00f3 doll\u00e1rt (28,6 milli\u00e1rd forint) fizetett k\u00e9t v\u00edzparti telek\u00e9rt. A Business Insider szerint a k\u00e9t ter\u00fclet \u00f6sszesen 750 hekt\u00e1rt \u00f6lel fel a Hawaii-i \u00f3ce\u00e1npart egyik elszigetelt r\u00e9sz\u00e9n. A milli\u00e1rdos \u00e9s feles\u00e9ge, Priscilla Chan annyira beleszerettek a k\u00f6rny\u00e9k term\u00e9szetes sz\u00e9ps\u00e9gbe, hogy 2017-ben megv\u00e1s\u00e1roltak egy \u00fajabb ter\u00fcletet, ez\u00fattal 89 hekt\u00e1rt t\u00f6bb mint 45 milli\u00f3 doll\u00e1r\u00e9rt.<\/p>\n<p>A megszerzett ter\u00fclet egy egykori cukorn\u00e1d \u00fcltetv\u00e9ny, ahol enged\u00e9lyt kapott 80 lak\u00f3\u00e9p\u00fclet fel\u00e9p\u00edt\u00e9s\u00e9re, \u0151 azonban csak egyetlen 560 n\u00e9gyzetm\u00e9teres h\u00e1zat h\u00fazott fel.<\/p>\n<div id=\"attachment_1551857\" style=\"width: 894px\" class=\"wp-caption aligncenter\"><img loading=\"lazy\" decoding=\"async\" class=\"size-full wp-image-1551857\" src=\"https:\/\/super-news.info\/hu\/wp-content\/uploads\/sites\/3\/2019\/06\/1559683128_4_Mark-Zuckerberg-a-szomszedok-reme.jpg\" alt=\"\" width=\"884\" height=\"663\"  \/><\/p>\n<p class=\"wp-caption-text\">A h\u00e1zasp\u00e1r Hawaii szerelmese, \u00edgy m\u00e1r ezt a ter\u00fcletet is megszerezt\u00e9k<br \/>Fot\u00f3: mukeshbalani.wordpress.com<\/p>\n<\/div>\n<p>A ter\u00fcleten egy k\u00f6zel 1 kilom\u00e9teres feh\u00e9r homokos part tal\u00e1lhat\u00f3, \u00edgy nem csoda, hogy a h\u00e1zasp\u00e1r nem tudott betelni a hellyel: Mark Zuckerberg 2018-ban tov\u00e1bbi ter\u00fcleteket szerzett meg, \u00e1m a m\u00e9g nagyobb terjeszked\u00e9snek jogi akad\u00e1lyok szabtak g\u00e1tat.<\/p>\n<p>A Pila\u2019a Beach-en m\u00e1r \u00edgy is 82 sz\u00e1zal\u00e9kos r\u00e9szesed\u00e9se van.<\/p>\n<h3>Nincs ok az aggodalomra<\/h3>\n<p>A vil\u00e1g nyolcadik leggazdagabb embere teh\u00e1t b\u0151szen ser\u00e9nykedik az ingatlanpiacon, s ha a helyzet \u00edgy folytat\u00f3dik, akkor a j\u00f6v\u0151ben sincs mi miatt agg\u00f3dnia. Mi\u00f3ta 2012-ben a Facebook t\u0151zsd\u00e9re l\u00e9pett, az\u00f3ta \u00e9vente \u00e1tlagosan 9 milli\u00e1rd doll\u00e1rral n\u00f6vekedett a v\u00e1llalat vagyona.<\/p>\n<p>A 16 milli\u00e1rdos c\u00e9g\u00e9rt\u00e9kkel a Facebook IPO-ja a legmagasabb, amit technol\u00f3giai c\u00e9g valaha mag\u00e1\u00e9nak tudhatott. A v\u00e1llalat r\u00e9szv\u00e9nyeinek 408 sz\u00e1zal\u00e9kos emelked\u00e9s\u00e9vel pedig 550 milli\u00e1rd doll\u00e1rt \u00e9r a c\u00e9g piaci kapitaliz\u00e1ci\u00f3ja.<\/p>\n<p>Szint\u00e9n a Business Insider sz\u00e1molt be arr\u00f3l, hogy Mark Zuckerberg 15 milli\u00e1rd doll\u00e1rt keresett annak ellen\u00e9re, hogy a Cambridge Analytica-botr\u00e1ny sosem l\u00e1tott m\u00e9lys\u00e9gbe tasz\u00edtotta a Facebookot. Ha pedig valamennyi amerikai honfit\u00e1rs\u00e1nak \u2013 nagyj\u00e1b\u00f3l 330 milli\u00f3an \u00e9lnek az USA-ban \u2013 adna 100 doll\u00e1rt, m\u00e9g akkor is megmaradna a vagyona fele.<\/p>\n<\/p><\/div>\n<p><script>\n    window.fbAsyncInit = function() {\n        FB.init({\n            appId      : \"204760236815359\",\n            xfbml      : true,\n            version    : \"v2.12\"\n        });\n        FB.AppEvents.logPageView();\n    };<\/p>\n<p>    (function(d, s, id){\n        var js, fjs = d.getElementsByTagName(s)[0];\n        if (d.getElementById(id)) {return;}\n        js = d.createElement(s); js.id = id;\n        js.src = \"http:\/\/connect.facebook.net\/hu_HU\/sdk.js\";\n        fjs.parentNode.insertBefore(js, fjs);\n    }(document, \"script\", \"facebook-jssdk\"));\n<\/script><br \/>\n<br \/>[ad_2]<br \/>\n<br \/><a href=\"https:\/\/www.vg.hu\/vallalatok\/ingatlan\/mark-zuckerberg-a-szomszedok-reme-1551533\/\">Source link <\/a><\/p>\n","protected":false},"excerpt":{"rendered":"<p>[ad_1] Sorra v\u00e1s\u00e1rolja az ingatlanokat a Facebook alap\u00edt\u00f3ja. Im\u00e1dja Kaliforni\u00e1t, de ha tehetn\u00e9, eg\u00e9sz Hawaii-t megvenn\u00e9. Amerre viszont felbukkan, a szomsz\u00e9dok kik\u00e9sz\u00fclnek. K\u00f6zel 60 milli\u00f3 doll\u00e1r\u00e9rt (k\u00f6r\u00fclbel\u00fcl 17 milli\u00e1rd forint) v\u00e1s\u00e1rolt k\u00e9t ingatlant a Tahoe-t\u00f3n\u00e1l Mark Zuckerberg. A Facebook CEO-j\u00e1t nem kell f\u00e9lteni, b\u0151ven van mit a tejbe apr\u00edtania, a Forbes idei \u00f6ssze\u00e1ll\u00edt\u00e1sa szerint k\u00f6r\u00fclbel\u00fcl [&hellip;]<\/p>\n","protected":false},"author":2,"featured_media":3413,"comment_status":"open","ping_status":"open","sticky":false,"template":"","format":"standard","meta":{"footnotes":""},"categories":[1],"tags":[],"class_list":["post-3412","post","type-post","status-publish","format-standard","has-post-thumbnail","hentry","category-penzugyi-hirek"],"yoast_head":"<!-- This site is optimized with the Yoast SEO plugin v27.4 - https:\/\/yoast.com\/product\/yoast-seo-wordpress\/ -->\n<title>Mark Zuckerberg a szomsz\u00e9dok r\u00e9me - Super News<\/title>\n<meta name=\"robots\" content=\"index, follow, max-snippet:-1, max-image-preview:large, max-video-preview:-1\" \/>\n<link rel=\"canonical\" href=\"https:\/\/super-news.info\/hu\/mark-zuckerberg-a-szomszedok-reme\/\" \/>\n<meta property=\"og:locale\" content=\"hu_HU\" \/>\n<meta property=\"og:type\" content=\"article\" \/>\n<meta property=\"og:title\" content=\"Mark Zuckerberg a szomsz\u00e9dok r\u00e9me - Super News\" \/>\n<meta property=\"og:description\" content=\"[ad_1] Sorra v\u00e1s\u00e1rolja az ingatlanokat a Facebook alap\u00edt\u00f3ja. Im\u00e1dja Kaliforni\u00e1t, de ha tehetn\u00e9, eg\u00e9sz Hawaii-t megvenn\u00e9. Amerre viszont felbukkan, a szomsz\u00e9dok kik\u00e9sz\u00fclnek. K\u00f6zel 60 milli\u00f3 doll\u00e1r\u00e9rt (k\u00f6r\u00fclbel\u00fcl 17 milli\u00e1rd forint) v\u00e1s\u00e1rolt k\u00e9t ingatlant a Tahoe-t\u00f3n\u00e1l Mark Zuckerberg. A Facebook CEO-j\u00e1t nem kell f\u00e9lteni, b\u0151ven van mit a tejbe apr\u00edtania, a Forbes idei \u00f6ssze\u00e1ll\u00edt\u00e1sa szerint k\u00f6r\u00fclbel\u00fcl [&hellip;]\" \/>\n<meta property=\"og:url\" content=\"https:\/\/super-news.info\/hu\/mark-zuckerberg-a-szomszedok-reme\/\" \/>\n<meta property=\"og:site_name\" content=\"Super News\" \/>\n<meta property=\"article:published_time\" content=\"2019-06-04T21:18:48+00:00\" \/>\n<meta property=\"article:modified_time\" content=\"2019-06-04T21:18:49+00:00\" \/>\n<meta property=\"og:image\" content=\"https:\/\/super-news.info\/hu\/wp-content\/uploads\/sites\/3\/2019\/06\/Mark-Zuckerberg-a-szomsz\u00e9dok-r\u00e9me.jpg\" \/>\n\t<meta property=\"og:image:width\" content=\"1020\" \/>\n\t<meta property=\"og:image:height\" content=\"679\" \/>\n\t<meta property=\"og:image:type\" content=\"image\/jpeg\" \/>\n<meta name=\"author\" content=\"super-news\" \/>\n<meta name=\"twitter:card\" content=\"summary_large_image\" \/>\n<meta name=\"twitter:label1\" content=\"Szerz\u0151:\" \/>\n\t<meta name=\"twitter:data1\" content=\"super-news\" \/>\n\t<meta name=\"twitter:label2\" content=\"Becs\u00fclt olvas\u00e1si id\u0151\" \/>\n\t<meta name=\"twitter:data2\" content=\"6 perc\" \/>\n<script type=\"application\/ld+json\" class=\"yoast-schema-graph\">{\"@context\":\"https:\\\/\\\/schema.org\",\"@graph\":[{\"@type\":\"Article\",\"@id\":\"https:\\\/\\\/super-news.info\\\/hu\\\/mark-zuckerberg-a-szomszedok-reme\\\/#article\",\"isPartOf\":{\"@id\":\"https:\\\/\\\/super-news.info\\\/hu\\\/mark-zuckerberg-a-szomszedok-reme\\\/\"},\"author\":{\"name\":\"super-news\",\"@id\":\"https:\\\/\\\/super-news.info\\\/hu\\\/#\\\/schema\\\/person\\\/2d4068cb2f39cd10008c2fce578a7356\"},\"headline\":\"Mark Zuckerberg a szomsz\u00e9dok r\u00e9me\",\"datePublished\":\"2019-06-04T21:18:48+00:00\",\"dateModified\":\"2019-06-04T21:18:49+00:00\",\"mainEntityOfPage\":{\"@id\":\"https:\\\/\\\/super-news.info\\\/hu\\\/mark-zuckerberg-a-szomszedok-reme\\\/\"},\"wordCount\":1138,\"commentCount\":0,\"image\":{\"@id\":\"https:\\\/\\\/super-news.info\\\/hu\\\/mark-zuckerberg-a-szomszedok-reme\\\/#primaryimage\"},\"thumbnailUrl\":\"https:\\\/\\\/super-news.info\\\/hu\\\/wp-content\\\/uploads\\\/sites\\\/3\\\/2019\\\/06\\\/Mark-Zuckerberg-a-szomsz\u00e9dok-r\u00e9me.jpg\",\"articleSection\":[\"P\u00c9NZ\u00dcGYI H\u00cdREK\"],\"inLanguage\":\"hu\",\"potentialAction\":[{\"@type\":\"CommentAction\",\"name\":\"Comment\",\"target\":[\"https:\\\/\\\/super-news.info\\\/hu\\\/mark-zuckerberg-a-szomszedok-reme\\\/#respond\"]}]},{\"@type\":\"WebPage\",\"@id\":\"https:\\\/\\\/super-news.info\\\/hu\\\/mark-zuckerberg-a-szomszedok-reme\\\/\",\"url\":\"https:\\\/\\\/super-news.info\\\/hu\\\/mark-zuckerberg-a-szomszedok-reme\\\/\",\"name\":\"Mark Zuckerberg a szomsz\u00e9dok r\u00e9me - Super News\",\"isPartOf\":{\"@id\":\"https:\\\/\\\/super-news.info\\\/hu\\\/#website\"},\"primaryImageOfPage\":{\"@id\":\"https:\\\/\\\/super-news.info\\\/hu\\\/mark-zuckerberg-a-szomszedok-reme\\\/#primaryimage\"},\"image\":{\"@id\":\"https:\\\/\\\/super-news.info\\\/hu\\\/mark-zuckerberg-a-szomszedok-reme\\\/#primaryimage\"},\"thumbnailUrl\":\"https:\\\/\\\/super-news.info\\\/hu\\\/wp-content\\\/uploads\\\/sites\\\/3\\\/2019\\\/06\\\/Mark-Zuckerberg-a-szomsz\u00e9dok-r\u00e9me.jpg\",\"datePublished\":\"2019-06-04T21:18:48+00:00\",\"dateModified\":\"2019-06-04T21:18:49+00:00\",\"author\":{\"@id\":\"https:\\\/\\\/super-news.info\\\/hu\\\/#\\\/schema\\\/person\\\/2d4068cb2f39cd10008c2fce578a7356\"},\"breadcrumb\":{\"@id\":\"https:\\\/\\\/super-news.info\\\/hu\\\/mark-zuckerberg-a-szomszedok-reme\\\/#breadcrumb\"},\"inLanguage\":\"hu\",\"potentialAction\":[{\"@type\":\"ReadAction\",\"target\":[\"https:\\\/\\\/super-news.info\\\/hu\\\/mark-zuckerberg-a-szomszedok-reme\\\/\"]}]},{\"@type\":\"ImageObject\",\"inLanguage\":\"hu\",\"@id\":\"https:\\\/\\\/super-news.info\\\/hu\\\/mark-zuckerberg-a-szomszedok-reme\\\/#primaryimage\",\"url\":\"https:\\\/\\\/super-news.info\\\/hu\\\/wp-content\\\/uploads\\\/sites\\\/3\\\/2019\\\/06\\\/Mark-Zuckerberg-a-szomsz\u00e9dok-r\u00e9me.jpg\",\"contentUrl\":\"https:\\\/\\\/super-news.info\\\/hu\\\/wp-content\\\/uploads\\\/sites\\\/3\\\/2019\\\/06\\\/Mark-Zuckerberg-a-szomsz\u00e9dok-r\u00e9me.jpg\",\"width\":1020,\"height\":679,\"caption\":\"Mark Zuckerberg a szomsz\u00e9dok r\u00e9me\"},{\"@type\":\"BreadcrumbList\",\"@id\":\"https:\\\/\\\/super-news.info\\\/hu\\\/mark-zuckerberg-a-szomszedok-reme\\\/#breadcrumb\",\"itemListElement\":[{\"@type\":\"ListItem\",\"position\":1,\"name\":\"\u0413\u043b\u0430\u0432\u043d\u0430\u044f \u0441\u0442\u0440\u0430\u043d\u0438\u0446\u0430\",\"item\":\"https:\\\/\\\/super-news.info\\\/hu\\\/\"},{\"@type\":\"ListItem\",\"position\":2,\"name\":\"Mark Zuckerberg a szomsz\u00e9dok r\u00e9me\"}]},{\"@type\":\"WebSite\",\"@id\":\"https:\\\/\\\/super-news.info\\\/hu\\\/#website\",\"url\":\"https:\\\/\\\/super-news.info\\\/hu\\\/\",\"name\":\"Super News\",\"description\":\"Super News Magyarorsz\u00e1g\",\"potentialAction\":[{\"@type\":\"SearchAction\",\"target\":{\"@type\":\"EntryPoint\",\"urlTemplate\":\"https:\\\/\\\/super-news.info\\\/hu\\\/?s={search_term_string}\"},\"query-input\":{\"@type\":\"PropertyValueSpecification\",\"valueRequired\":true,\"valueName\":\"search_term_string\"}}],\"inLanguage\":\"hu\"},{\"@type\":\"Person\",\"@id\":\"https:\\\/\\\/super-news.info\\\/hu\\\/#\\\/schema\\\/person\\\/2d4068cb2f39cd10008c2fce578a7356\",\"name\":\"super-news\",\"image\":{\"@type\":\"ImageObject\",\"inLanguage\":\"hu\",\"@id\":\"https:\\\/\\\/secure.gravatar.com\\\/avatar\\\/64ebac40b93f26a154f8a9b5b6fdccfc46f442b26b3dd6756dbff3bf9dc76fd7?s=96&d=mm&r=g\",\"url\":\"https:\\\/\\\/secure.gravatar.com\\\/avatar\\\/64ebac40b93f26a154f8a9b5b6fdccfc46f442b26b3dd6756dbff3bf9dc76fd7?s=96&d=mm&r=g\",\"contentUrl\":\"https:\\\/\\\/secure.gravatar.com\\\/avatar\\\/64ebac40b93f26a154f8a9b5b6fdccfc46f442b26b3dd6756dbff3bf9dc76fd7?s=96&d=mm&r=g\",\"caption\":\"super-news\"},\"url\":\"https:\\\/\\\/super-news.info\\\/hu\\\/author\\\/pt\\\/\"}]}<\/script>\n<!-- \/ Yoast SEO plugin. -->","yoast_head_json":{"title":"Mark Zuckerberg a szomsz\u00e9dok r\u00e9me - Super News","robots":{"index":"index","follow":"follow","max-snippet":"max-snippet:-1","max-image-preview":"max-image-preview:large","max-video-preview":"max-video-preview:-1"},"canonical":"https:\/\/super-news.info\/hu\/mark-zuckerberg-a-szomszedok-reme\/","og_locale":"hu_HU","og_type":"article","og_title":"Mark Zuckerberg a szomsz\u00e9dok r\u00e9me - Super News","og_description":"[ad_1] Sorra v\u00e1s\u00e1rolja az ingatlanokat a Facebook alap\u00edt\u00f3ja. Im\u00e1dja Kaliforni\u00e1t, de ha tehetn\u00e9, eg\u00e9sz Hawaii-t megvenn\u00e9. Amerre viszont felbukkan, a szomsz\u00e9dok kik\u00e9sz\u00fclnek. K\u00f6zel 60 milli\u00f3 doll\u00e1r\u00e9rt (k\u00f6r\u00fclbel\u00fcl 17 milli\u00e1rd forint) v\u00e1s\u00e1rolt k\u00e9t ingatlant a Tahoe-t\u00f3n\u00e1l Mark Zuckerberg. A Facebook CEO-j\u00e1t nem kell f\u00e9lteni, b\u0151ven van mit a tejbe apr\u00edtania, a Forbes idei \u00f6ssze\u00e1ll\u00edt\u00e1sa szerint k\u00f6r\u00fclbel\u00fcl [&hellip;]","og_url":"https:\/\/super-news.info\/hu\/mark-zuckerberg-a-szomszedok-reme\/","og_site_name":"Super News","article_published_time":"2019-06-04T21:18:48+00:00","article_modified_time":"2019-06-04T21:18:49+00:00","og_image":[{"width":1020,"height":679,"url":"https:\/\/super-news.info\/hu\/wp-content\/uploads\/sites\/3\/2019\/06\/Mark-Zuckerberg-a-szomsz\u00e9dok-r\u00e9me.jpg","type":"image\/jpeg"}],"author":"super-news","twitter_card":"summary_large_image","twitter_misc":{"Szerz\u0151:":"super-news","Becs\u00fclt olvas\u00e1si id\u0151":"6 perc"},"schema":{"@context":"https:\/\/schema.org","@graph":[{"@type":"Article","@id":"https:\/\/super-news.info\/hu\/mark-zuckerberg-a-szomszedok-reme\/#article","isPartOf":{"@id":"https:\/\/super-news.info\/hu\/mark-zuckerberg-a-szomszedok-reme\/"},"author":{"name":"super-news","@id":"https:\/\/super-news.info\/hu\/#\/schema\/person\/2d4068cb2f39cd10008c2fce578a7356"},"headline":"Mark Zuckerberg a szomsz\u00e9dok r\u00e9me","datePublished":"2019-06-04T21:18:48+00:00","dateModified":"2019-06-04T21:18:49+00:00","mainEntityOfPage":{"@id":"https:\/\/super-news.info\/hu\/mark-zuckerberg-a-szomszedok-reme\/"},"wordCount":1138,"commentCount":0,"image":{"@id":"https:\/\/super-news.info\/hu\/mark-zuckerberg-a-szomszedok-reme\/#primaryimage"},"thumbnailUrl":"https:\/\/super-news.info\/hu\/wp-content\/uploads\/sites\/3\/2019\/06\/Mark-Zuckerberg-a-szomsz\u00e9dok-r\u00e9me.jpg","articleSection":["P\u00c9NZ\u00dcGYI H\u00cdREK"],"inLanguage":"hu","potentialAction":[{"@type":"CommentAction","name":"Comment","target":["https:\/\/super-news.info\/hu\/mark-zuckerberg-a-szomszedok-reme\/#respond"]}]},{"@type":"WebPage","@id":"https:\/\/super-news.info\/hu\/mark-zuckerberg-a-szomszedok-reme\/","url":"https:\/\/super-news.info\/hu\/mark-zuckerberg-a-szomszedok-reme\/","name":"Mark Zuckerberg a szomsz\u00e9dok r\u00e9me - Super News","isPartOf":{"@id":"https:\/\/super-news.info\/hu\/#website"},"primaryImageOfPage":{"@id":"https:\/\/super-news.info\/hu\/mark-zuckerberg-a-szomszedok-reme\/#primaryimage"},"image":{"@id":"https:\/\/super-news.info\/hu\/mark-zuckerberg-a-szomszedok-reme\/#primaryimage"},"thumbnailUrl":"https:\/\/super-news.info\/hu\/wp-content\/uploads\/sites\/3\/2019\/06\/Mark-Zuckerberg-a-szomsz\u00e9dok-r\u00e9me.jpg","datePublished":"2019-06-04T21:18:48+00:00","dateModified":"2019-06-04T21:18:49+00:00","author":{"@id":"https:\/\/super-news.info\/hu\/#\/schema\/person\/2d4068cb2f39cd10008c2fce578a7356"},"breadcrumb":{"@id":"https:\/\/super-news.info\/hu\/mark-zuckerberg-a-szomszedok-reme\/#breadcrumb"},"inLanguage":"hu","potentialAction":[{"@type":"ReadAction","target":["https:\/\/super-news.info\/hu\/mark-zuckerberg-a-szomszedok-reme\/"]}]},{"@type":"ImageObject","inLanguage":"hu","@id":"https:\/\/super-news.info\/hu\/mark-zuckerberg-a-szomszedok-reme\/#primaryimage","url":"https:\/\/super-news.info\/hu\/wp-content\/uploads\/sites\/3\/2019\/06\/Mark-Zuckerberg-a-szomsz\u00e9dok-r\u00e9me.jpg","contentUrl":"https:\/\/super-news.info\/hu\/wp-content\/uploads\/sites\/3\/2019\/06\/Mark-Zuckerberg-a-szomsz\u00e9dok-r\u00e9me.jpg","width":1020,"height":679,"caption":"Mark Zuckerberg a szomsz\u00e9dok r\u00e9me"},{"@type":"BreadcrumbList","@id":"https:\/\/super-news.info\/hu\/mark-zuckerberg-a-szomszedok-reme\/#breadcrumb","itemListElement":[{"@type":"ListItem","position":1,"name":"\u0413\u043b\u0430\u0432\u043d\u0430\u044f \u0441\u0442\u0440\u0430\u043d\u0438\u0446\u0430","item":"https:\/\/super-news.info\/hu\/"},{"@type":"ListItem","position":2,"name":"Mark Zuckerberg a szomsz\u00e9dok r\u00e9me"}]},{"@type":"WebSite","@id":"https:\/\/super-news.info\/hu\/#website","url":"https:\/\/super-news.info\/hu\/","name":"Super News","description":"Super News Magyarorsz\u00e1g","potentialAction":[{"@type":"SearchAction","target":{"@type":"EntryPoint","urlTemplate":"https:\/\/super-news.info\/hu\/?s={search_term_string}"},"query-input":{"@type":"PropertyValueSpecification","valueRequired":true,"valueName":"search_term_string"}}],"inLanguage":"hu"},{"@type":"Person","@id":"https:\/\/super-news.info\/hu\/#\/schema\/person\/2d4068cb2f39cd10008c2fce578a7356","name":"super-news","image":{"@type":"ImageObject","inLanguage":"hu","@id":"https:\/\/secure.gravatar.com\/avatar\/64ebac40b93f26a154f8a9b5b6fdccfc46f442b26b3dd6756dbff3bf9dc76fd7?s=96&d=mm&r=g","url":"https:\/\/secure.gravatar.com\/avatar\/64ebac40b93f26a154f8a9b5b6fdccfc46f442b26b3dd6756dbff3bf9dc76fd7?s=96&d=mm&r=g","contentUrl":"https:\/\/secure.gravatar.com\/avatar\/64ebac40b93f26a154f8a9b5b6fdccfc46f442b26b3dd6756dbff3bf9dc76fd7?s=96&d=mm&r=g","caption":"super-news"},"url":"https:\/\/super-news.info\/hu\/author\/pt\/"}]}},"_links":{"self":[{"href":"https:\/\/super-news.info\/hu\/wp-json\/wp\/v2\/posts\/3412","targetHints":{"allow":["GET"]}}],"collection":[{"href":"https:\/\/super-news.info\/hu\/wp-json\/wp\/v2\/posts"}],"about":[{"href":"https:\/\/super-news.info\/hu\/wp-json\/wp\/v2\/types\/post"}],"author":[{"embeddable":true,"href":"https:\/\/super-news.info\/hu\/wp-json\/wp\/v2\/users\/2"}],"replies":[{"embeddable":true,"href":"https:\/\/super-news.info\/hu\/wp-json\/wp\/v2\/comments?post=3412"}],"version-history":[{"count":1,"href":"https:\/\/super-news.info\/hu\/wp-json\/wp\/v2\/posts\/3412\/revisions"}],"predecessor-version":[{"id":3414,"href":"https:\/\/super-news.info\/hu\/wp-json\/wp\/v2\/posts\/3412\/revisions\/3414"}],"wp:featuredmedia":[{"embeddable":true,"href":"https:\/\/super-news.info\/hu\/wp-json\/wp\/v2\/media\/3413"}],"wp:attachment":[{"href":"https:\/\/super-news.info\/hu\/wp-json\/wp\/v2\/media?parent=3412"}],"wp:term":[{"taxonomy":"category","embeddable":true,"href":"https:\/\/super-news.info\/hu\/wp-json\/wp\/v2\/categories?post=3412"},{"taxonomy":"post_tag","embeddable":true,"href":"https:\/\/super-news.info\/hu\/wp-json\/wp\/v2\/tags?post=3412"}],"curies":[{"name":"wp","href":"https:\/\/api.w.org\/{rel}","templated":true}]}}