{"id":3410,"date":"2019-06-04T23:25:08","date_gmt":"2019-06-04T20:25:08","guid":{"rendered":"https:\/\/super-news.info\/hu\/koltsegvetes-2020-kiderult-hogy-ki-mennyi-penzre-szamithat\/"},"modified":"2019-06-04T23:25:09","modified_gmt":"2019-06-04T20:25:09","slug":"koltsegvetes-2020-kiderult-hogy-ki-mennyi-penzre-szamithat","status":"publish","type":"post","link":"https:\/\/super-news.info\/hu\/koltsegvetes-2020-kiderult-hogy-ki-mennyi-penzre-szamithat\/","title":{"rendered":"K\u00f6lts\u00e9gvet\u00e9s 2020: kider\u00fclt, hogy ki mennyi p\u00e9nzre sz\u00e1m\u00edthat"},"content":{"rendered":"<p> [ad_1]<br \/>\n<\/p>\n<p>\n\t\t\t\t\t\t\t\tA P\u00e9nz\u00fcgyminiszt\u00e9rium b\u00fcdzs\u00e9je cs\u00f6kken ugyan, de a csal\u00e1dok t\u00e1mogat\u00e1s\u00e1ra jelent\u0151s \u00f6sszeg jut. Az eg\u00e9szs\u00e9g\u00fcgyre j\u00f6v\u0151re t\u00f6bbet k\u00f6ltenek, m\u00edg a sportra nagyj\u00e1b\u00f3l hasonl\u00f3 \u00f6sszeget, mint id\u00e9n.\t\t\t\t\t\t\t<\/p>\n<div>\n<p>Vannak ter\u00fcletek, amelyek j\u00f3l j\u00e1rn\u00e1nak, ha elfogadn\u00e1 az Orsz\u00e1ggy\u0171l\u00e9s a j\u00f6v\u0151 \u00e9vi k\u00f6lts\u00e9gvet\u00e9st, de vannak olyanok is, akik kevesebb p\u00e9nzre sz\u00e1m\u00edthatn\u00e1nak. A VG.hu most megmutatja, hogy a fontosabb ter\u00fcleteken milyen \u00f6sszegekb\u0151l gazd\u00e1lkodhatn\u00e1nak j\u00f6v\u0151re.<\/p>\n<h3>Kevesebb p\u00e9nzhez jut a szakt\u00e1rca<\/h3>\n<p>A P\u00e9nz\u00fcgyminiszt\u00e9rium (PM) b\u00fcdzs\u00e9je j\u00f6v\u0151re 577,55 milli\u00e1rd forintra cs\u00f6kken az idei 793,9 milli\u00e1rd forintr\u00f3l, a t\u00e1rca tervezett saj\u00e1t bev\u00e9tele pedig az idei 58,99 milli\u00e1rdr\u00f3l 57,87 milli\u00e1rd forintra m\u00e9rs\u00e9kl\u0151dik a parlament honlapj\u00e1n kedden k\u00f6zz\u00e9tett, a 2020. \u00e9vi k\u00f6lts\u00e9gvet\u00e9sr\u0151l sz\u00f3l\u00f3 t\u00f6rv\u00e9nyjavaslat szerint. E szerint a p\u00e9nz\u00fcgyi t\u00e1rca m\u0171k\u00f6d\u00e9si kiad\u00e1sainak fedez\u00e9s\u00e9re az idei 682,2 milli\u00e1rd forinttal szemben 470,2 milli\u00e1rd forintot ford\u00edthat, amib\u0151l a bev\u00e9tellel fedezett \u00f6sszeg 29,04 milli\u00e1rd forint, m\u00edg id\u00e9n 45,74 milli\u00e1rd forint.<\/p>\n<p>A PM j\u00f6v\u0151re 1,48 milli\u00e1rd forint eur\u00f3pai uni\u00f3s fejleszt\u00e9si forr\u00e1s elk\u00f6lt\u00e9s\u00e9vel sz\u00e1molhat az idei 1,55 milli\u00e1rd forint ut\u00e1n \u00e9s az idei 54,7 milli\u00f3 forintos bev\u00e9tellel szemben 358 milli\u00f3 forint bev\u00e9tellel.<\/p>\n<p>A hazai beruh\u00e1z\u00e1sok kiad\u00e1si oldal\u00e1ra 105,84 milli\u00e1rd, bev\u00e9teli oldal\u00e1ra 28,47 milli\u00e1rd forintot terveztek a P\u00e9nz\u00fcgyminiszt\u00e9rium fejezetben, m\u00edg tavaly ez 110,15 milli\u00e1rd, illetve 13,2 milli\u00e1rd forint volt.<\/p>\n<p>Mag\u00e1nak a P\u00e9nz\u00fcgyminiszt\u00e9riumnak 1,08 milli\u00e1rd forint m\u0171k\u00f6d\u00e9si bev\u00e9telt ir\u00e1nyoztak el\u0151 az idei 7,54 milli\u00e1rd forint ut\u00e1n, a szem\u00e9lyi juttat\u00e1sokra az idei 10,53 milli\u00e1rd ut\u00e1n 13,03 milli\u00e1rd forintot terveztek, a dologi kiad\u00e1sokra pedig 2,36 milli\u00e1rdot az idei 2,23 milli\u00e1rd forint ut\u00e1n.<\/p>\n<div id=\"attachment_1551803\" style=\"width: 1410px\" class=\"wp-caption aligncenter\">\n<p class=\"wp-caption-text\">Varga Mih\u00e1ly p\u00e9nz\u00fcgyminiszter hivatal kevesebb p\u00e9nzre sz\u00e1m\u00edthat<br \/>Fot\u00f3: MTI\/Kov\u00e1cs Tam\u00e1s<\/p>\n<\/div>\n<p>A PM k\u00f6lts\u00e9gvet\u00e9s\u00e9ben a Nemzeti Ad\u00f3- \u00e9s V\u00e1mhivatal (NAV) j\u00f6v\u0151 \u00e9vi m\u0171k\u00f6d\u00e9si bev\u00e9teli el\u0151ir\u00e1nyzata az ideihez hasonl\u00f3an 4,89 milli\u00e1rd forint, felhalmoz\u00e1si bev\u00e9tele is hasonl\u00f3 nagys\u00e1grend\u0171, 244,9 milli\u00f3 forint. A j\u00f6v\u0151 \u00e9vi b\u00fcdzs\u00e9ben a NAV szem\u00e9lyi juttat\u00e1saira 117,23 milli\u00e1rd forintot sz\u00e1nnak, dologi kiad\u00e1saira 49,01 milli\u00e1rd forintot terveztek be, m\u00edg id\u00e9n 117,17 milli\u00e1rd, illetve 56,72 milli\u00e1rd forintot.<\/p>\n<p>A NAV beruh\u00e1z\u00e1saira az idei 11,46 milli\u00e1rd forint ut\u00e1n 8,55 milli\u00e1rd forintot, a fel\u00faj\u00edt\u00e1sokra az ideivel megegyez\u0151en 1,54 milli\u00e1rd forintot sz\u00e1nnak.<\/p>\n<p>A Magyar \u00c1llamkincst\u00e1r (M\u00c1K) m\u0171k\u00f6d\u00e9si bev\u00e9teleire az idei 26,18 milli\u00e1rd forintn\u00e1l kevesebbet, 14,6 milli\u00e1rd forintot \u00e1ll\u00edtottak be. A kincst\u00e1r szem\u00e9lyi juttat\u00e1saira sz\u00e1nt \u00f6sszeg az idei 27,09 milli\u00e1rd forintr\u00f3l 35,78 milli\u00e1rd forintra n\u0151tt, m\u00edg dologi kiad\u00e1sokra az idei 26,96 milli\u00e1rd forinttal szemben 13,96 milli\u00e1rd forint jut.<\/p>\n<p>A t\u00e1rca b\u00fcdzs\u00e9j\u00e9ben szerepel az Eur\u00f3pai T\u00e1mogat\u00e1sokat Audit\u00e1l\u00f3 F\u0151igazgat\u00f3s\u00e1g is, ennek szem\u00e9lyi juttat\u00e1sai 1,66 (id\u00e9n 1,06) milli\u00e1rd forintra r\u00fagnak, teljes m\u0171k\u00f6d\u00e9si bev\u00e9tele 2,37 (id\u00e9n 1,18) milli\u00e1rd forintot tesz ki, dologi kiad\u00e1sait 858,7 (id\u00e9n 527) milli\u00f3 forintra tervezt\u00e9k.<\/p>\n<h3>Ennyire sz\u00e1m\u00edthatnak a babav\u00e1r\u00f3k<\/h3>\n<p>A babav\u00e1r\u00f3 t\u00e1mogat\u00e1sra t\u00f6bb mint h\u00faszmilli\u00e1rd forintot, a nagycsal\u00e1dosok szem\u00e9lyg\u00e9pkocsi-szerz\u00e9si t\u00e1mogat\u00e1s\u00e1ra pedig t\u00edzmilli\u00e1rd forintot sz\u00e1n a korm\u00e1ny j\u00f6v\u0151re. A b\u00fcdzs\u00e9ben \u00faj elemk\u00e9nt jelenik meg az id\u00e9n j\u00falius elsej\u00e9t\u0151l ig\u00e9nyelhet\u0151 nagycsal\u00e1dosok szem\u00e9lyg\u00e9pkocsi-szerz\u00e9si t\u00e1mogat\u00e1sa, amelyre t\u00edzmilli\u00e1rd forintot sz\u00e1nnak \u00e9s a babav\u00e1r\u00f3 t\u00e1mogat\u00e1s, amelynek banki k\u00f6lts\u00e9gt\u00e9r\u00edt\u00e9s\u00e9re majdnem n\u00e9gymilli\u00e1rd forintot, a tartoz\u00e1sok \u2013 k\u00e9t vagy h\u00e1rom gyerek sz\u00fclet\u00e9se eset\u00e9n \u00e9rv\u00e9nyes\u00edthet\u0151 \u2013 elenged\u00e9s\u00e9re 2,2 milli\u00e1rd forintot, a kamatt\u00e1mogat\u00e1sokra pedig t\u00f6bb mint 20 milli\u00e1rd forintot ford\u00edtanak.<\/p>\n<p>Szint\u00e9n \u00faj elem a hazai b\u00f6lcs\u0151defejleszt\u00e9si program, amelyre \u00f6tmilli\u00e1rd forintot ford\u00edtanak, valamint a nem \u00e1llami fenntart\u00e1s\u00fa b\u00f6lcs\u0151d\u00e9k fejleszt\u00e9s\u00e9re sz\u00e1nt 1,5 milli\u00e1rd forintos t\u00e1mogat\u00e1s.<\/p>\n<p>A tervezet szerint ehhez az \u00e9vhez hasonl\u00f3an 2020-ban is ugyanannyit sz\u00e1n a korm\u00e1ny a Nemzeti Tehets\u00e9g programra \u00e9s az Erzs\u00e9bet-programra: el\u0151bbi ism\u00e9t mintegy 3,1 milli\u00e1rd forint, ut\u00f3bbi pedig 4,4 milli\u00e1rd forint lesz. Szint\u00e9n ugyanannyi jut csal\u00e1dpolitikai programokra, amelyekre majdnem h\u00e1rommilli\u00e1rd forintot sz\u00e1nnak, \u00e9s csal\u00e1dpolitikai c\u00e9l\u00fa p\u00e1ly\u00e1zatokra, amelyekre 65 milli\u00f3 forintot ford\u00edtanak.<\/p>\n<div id=\"attachment_1525877\" style=\"width: 1010px\" class=\"wp-caption aligncenter\"><img loading=\"lazy\" decoding=\"async\" class=\"size-full wp-image-1525877\" src=\"https:\/\/super-news.info\/hu\/wp-content\/uploads\/sites\/3\/2019\/05\/1558538295_51_A-puder-illatu-reklamok-eltorzithatjak-az-anyasagrol-alkotott-kepunket.jpg\" alt=\"\" width=\"1000\" height=\"667\"  \/><\/p>\n<p class=\"wp-caption-text\">A babav\u00e1r\u00f3 t\u00e1mogat\u00e1sra t\u00f6bb mint h\u00faszmilli\u00e1rd forintot sz\u00e1nnak<br \/>Fot\u00f3: Shutterstock<\/p>\n<\/div>\n<p>A Gyermek \u00e9s Ifj\u00fas\u00e1gi Alapprogram \u00e9s az \u00daj Nemzed\u00e9k K\u00f6zpont Nonprofit K\u00f6zhaszn\u00fa Kft. j\u00f6v\u0151 \u00e9vi t\u00e1mogat\u00e1sa megegyezik az ideivel; el\u0151bbire 80 milli\u00f3 forintot, ut\u00f3bbira 300 milli\u00f3 forintot ford\u00edtanak a javaslat szerint,<\/p>\n<p>emelkedik viszont a Csal\u00e1dbar\u00e1t Orsz\u00e1g Nonprofit Kft. t\u00e1mogat\u00e1sa, az idei 100 milli\u00f3 forintr\u00f3l 280 milli\u00f3 forintra.<\/p>\n<p>A 35 \u00e9v alattiak sikeres nyelvvizsg\u00e1j\u00e1nak t\u00e1mogat\u00e1s\u00e1ra j\u00f6v\u0151re 800 milli\u00f3 forinttal kevesebb, mintegy k\u00e9tmilli\u00e1rd forintot, a 20 \u00e9v alattiak jogos\u00edtv\u00e1nyszerz\u00e9s\u00e9nek t\u00e1mogat\u00e1s\u00e1ra pedig t\u00f6bb mint 500 milli\u00f3 forinttal kevesebbet 1,2 milli\u00e1rd forintot ir\u00e1nyoztak el\u0151.<\/p>\n<h3>Ennyit sz\u00e1nnak eg\u00e9szs\u00e9g\u00fcgyre<\/h3>\n<p>A beny\u00fajtott k\u00f6lts\u00e9gvet\u00e9si javaslat szerint az Eg\u00e9szs\u00e9gbiztos\u00edt\u00e1si Alap (E-Alap) j\u00f6v\u0151 \u00e9vi el\u0151ir\u00e1nyzata 2681,4 milli\u00e1rd forint, szemben az idei 2442 milli\u00e1rddal. Az E-Alapon bel\u00fcl \u00f6sszevont szakell\u00e1t\u00e1sra j\u00f6v\u0151re valamivel t\u00f6bb mint 932 milli\u00e1rd forint jut az idei 911,3 milli\u00e1rd forinttal szemben. N\u00e9peg\u00e9szs\u00e9g\u00fcgyi fejleszt\u00e9sre l\u00e9nyegesen t\u00f6bbet sz\u00e1nnak; j\u00f6v\u0151re 3,7 milli\u00e1rd forint jut erre a c\u00e9lra, szemben az idei 1,7 milli\u00e1rddal.<\/p>\n<p>A k\u00f6lts\u00e9gvet\u00e9si javaslat szerint a gy\u00f3gy\u00edt\u00f3-megel\u0151z\u0151 ell\u00e1t\u00e1son bel\u00fcl a h\u00e1ziorvosi, \u00fcgyeleti ell\u00e1t\u00e1sra ugyanannyit sz\u00e1n j\u00f6v\u0151re is az \u00e1llam, 139,5 milli\u00e1rd forintot. A gy\u00f3gy\u00edt\u00f3-megel\u0151z\u0151 ell\u00e1t\u00e1s c\u00e9ltartal\u00e9ka cs\u00f6kkent, j\u00f6v\u0151re erre \u00f6tmilli\u00e1rdot sz\u00e1nnak, szemben az idei 10,4 milli\u00e1rddal.<\/p>\n<p>Az eg\u00e9szs\u00e9gbiztos\u00edt\u00e1s p\u00e9nzbeli ell\u00e1t\u00e1sai k\u00f6z\u00fcl t\u00e1pp\u00e9nzre a j\u00f6v\u0151 \u00e9vi el\u0151ir\u00e1nyzat 125 milli\u00e1rd, szemben az idei 106,5 milli\u00e1rddal.<\/p>\n<p>Gy\u00f3gyszert\u00e1mogat\u00e1sra j\u00f6v\u0151re t\u00f6bb forr\u00e1st ir\u00e1nyoz el\u0151 a k\u00f6lts\u00e9gvet\u00e9s, 301,2 milli\u00e1rd forintot, szemben az idei 280,6 milli\u00e1rddal. A gy\u00f3gyszert\u00e1mogat\u00e1si c\u00e9ltartal\u00e9kot is megemeln\u00e9k, a j\u00f6v\u0151 \u00e9vi el\u0151ir\u00e1nyzat 91,7 milli\u00e1rd, m\u00edg az idei 81,7 milli\u00e1rd forint. Az egy\u00e9b gy\u00f3gy\u00e1szati seg\u00e9deszk\u00f6z t\u00e1mogat\u00e1sa is emelkedik az ideihez k\u00e9pest, az el\u0151ir\u00e1nyzat 64,6 milli\u00e1rd forint, a 2019-es 61,1 milli\u00e1rd forint volt.<\/p>\n<p>Bev\u00e9teli oldalon a szoci\u00e1lis hozz\u00e1j\u00e1rul\u00e1si ad\u00f3 E-Alapot megillet\u0151 r\u00e9sz\u00e9b\u0151l \u00e9s munk\u00e1ltat\u00f3i eg\u00e9szs\u00e9gbiztos\u00edt\u00e1si j\u00e1rul\u00e9kb\u00f3l 755,7 milli\u00e1rddal sz\u00e1molnak, szemben az idei 750,4 milli\u00e1rddal, a biztos\u00edtotti eg\u00e9szs\u00e9gbiztos\u00edt\u00e1si j\u00e1rul\u00e9k soron 1079 milli\u00e1rd bev\u00e9tel \u00e1ll )id\u00e9n ez 984,9 milli\u00e1rd).<\/p>\n<div id=\"attachment_1367413\" style=\"width: 1410px\" class=\"wp-caption aligncenter\"><img loading=\"lazy\" decoding=\"async\" class=\"size-full wp-image-1367413\" src=\"https:\/\/super-news.info\/hu\/wp-content\/uploads\/sites\/3\/2019\/06\/Koltsegvetes-2020-kiderult-hogy-ki-mennyi-penzre-szamithat.jpg\" alt=\"\" width=\"1400\" height=\"925\"  \/><\/p>\n<p class=\"wp-caption-text\">az Eg\u00e9szs\u00e9gbiztos\u00edt\u00e1si Alap j\u00f6v\u0151 \u00e9vi el\u0151ir\u00e1nyzata 2681,4 milli\u00e1rd forint<br \/>Fot\u00f3: MIT\/Krizs\u00e1n Csaba<\/p>\n<\/div>\n<p>A szerz\u0151d\u00e9sek szerinti gy\u00f3gyszergy\u00e1rt\u00f3i \u00e9s forgalmaz\u00f3i befizet\u00e9sekb\u0151l 28,1 milli\u00e1rd forint a bev\u00e9teli el\u0151ir\u00e1nyzat, szemben az idei 23,7 milli\u00e1rddal. N\u00e9peg\u00e9szs\u00e9g\u00fcgyi term\u00e9kad\u00f3b\u00f3l (chipsad\u00f3) nagyj\u00e1b\u00f3l 20 milli\u00e1rd forint t\u00f6bbletet v\u00e1r az \u00e1llam, a j\u00f6v\u0151 \u00e9vi el\u0151ir\u00e1nyzat 77,6 milli\u00e1rd.<\/p>\n<p>Az Emberi Er\u0151forr\u00e1sok Miniszt\u00e9riuma fejezet\u00e9n bel\u00fcl a gy\u00f3gy\u00edt\u00f3-megel\u0151z\u0151 ell\u00e1t\u00e1s int\u00e9zeteinek beruh\u00e1z\u00e1saira a felhalmoz\u00e1si kiad\u00e1s el\u0151ir\u00e1nyzata 5,6 milli\u00e1rd, szemben az idei 8,09 milli\u00e1rd forinttal, m\u00edg fejleszt\u00e9sre 1,2 milli\u00e1rd forint a j\u00f6v\u0151 \u00e9vi el\u0151ir\u00e1nyzat, ami megk\u00f6zel\u00edt\u0151leg megegyezik az ideivel.<\/p>\n<p>Az Eg\u00e9szs\u00e9ges Budapest Programra j\u00f6v\u0151re valamivel t\u00f6bb mint 35 milli\u00e1rd forintot sz\u00e1n a k\u00f6lts\u00e9gvet\u00e9s a tervezet szerint.<\/p>\n<p>Az eg\u00e9szs\u00e9g\u00fcgyi szakk\u00e9pz\u00e9si (rezidens) rendszer m\u0171k\u00f6d\u00e9s\u00e9nek t\u00e1mogat\u00e1s\u00e1ra nagys\u00e1grendileg ugyanannyi forr\u00e1st sz\u00e1nnak, mint id\u00e9n: 4,1 milli\u00e1rd forintot. Ment\u00e9sre az el\u0151ir\u00e1nyzat 43,3 milli\u00e1rd, szemben az idei 42,9 milli\u00e1rddal.<\/p>\n<p>A k\u00f6zponti alrendszer funkcion\u00e1lis kiad\u00e1saiban a k\u00f3rh\u00e1zi tev\u00e9kenys\u00e9gre \u00e9s szolg\u00e1ltat\u00e1sokra a j\u00f6v\u0151 \u00e9vi el\u0151ir\u00e1nyzat 2,4 milli\u00e1rd forint, szemben az idei 2,2 milli\u00e1rddal.<\/p>\n<h3>Az ideihez hasonl\u00f3 \u00f6sszeget k\u00f6ltenek a sportra<\/h3>\n<p>Tov\u00e1bbra is fontos feladatnak tartja a korm\u00e1ny a sport \u00e9s a szabadid\u0151s tev\u00e9kenys\u00e9gek t\u00e1mogat\u00e1s\u00e1t, amelyre a j\u00f6v\u0151 \u00e9vi k\u00f6lts\u00e9gvet\u00e9si javaslatban nagys\u00e1grendileg azonos \u00f6sszeget sz\u00e1n, mint az ideiben. A 2020-as k\u00f6lts\u00e9gvet\u00e9si t\u00f6rv\u00e9nyjavaslatb\u00f3l kider\u00fcl, hogy a j\u00f6v\u0151 \u00e9vi el\u0151ir\u00e1nyzat a sportra \u00e9s szabadid\u0151s tev\u00e9kenys\u00e9gekre a k\u00f6zponti alrendszer konszolid\u00e1lt funkcion\u00e1lis kiad\u00e1sai szerint 228 milli\u00e1rd forint.<\/p>\n<p>A javaslatban a legnagyobb t\u00e9telt a sport\u00e1gi fejleszt\u00e9si koncepci\u00f3k megval\u00f3s\u00edt\u00e1s\u00e1val \u00f6sszef\u00fcgg\u0151 feladatok t\u00e1mogat\u00e1sa jelenti 22,2 milli\u00e1rd forinttal.<\/p>\n<p>Versenysportra 9,8 milli\u00e1rd, a Kem\u00e9ny Ferenc sportl\u00e9tes\u00edtm\u00e9nyfejleszt\u00e9si programra 9,6 milli\u00e1rd, az orsz\u00e1gos sport\u00e1gi szaksz\u00f6vets\u00e9gek akad\u00e9mia rendszer\u00e9nek kialak\u00edt\u00e1s\u00e1ra, tov\u00e1bb\u00e1 az MLSZ feladatainak t\u00e1mogat\u00e1s\u00e1ra 9 milli\u00e1rd forint \u00e1ll rendelkez\u00e9sre.<\/p>\n<div id=\"attachment_1510411\" style=\"width: 1410px\" class=\"wp-caption aligncenter\"><img loading=\"lazy\" decoding=\"async\" class=\"size-full wp-image-1510411\" src=\"https:\/\/super-news.info\/hu\/wp-content\/uploads\/sites\/3\/2019\/06\/1559679908_20_Koltsegvetes-2020-kiderult-hogy-ki-mennyi-penzre-szamithat.jpg\" alt=\"\" width=\"1400\" height=\"933\"  \/><\/p>\n<p class=\"wp-caption-text\">Nagyobb t\u00e9tel a k\u00f6lts\u00e9gvet\u00e9sben a Hungaroring Sport Zrt. fejleszt\u00e9se<br \/>Fot\u00f3: AFP<\/p>\n<\/div>\n<p>Nagyobb t\u00e9tel a k\u00f6lts\u00e9gvet\u00e9sben a Hungaroring Sport Zrt. (14,7 milli\u00e1rd forint) fejleszt\u00e9se, valamint a sportakad\u00e9mi\u00e1k t\u00e1mogat\u00e1sa (9,8 milli\u00e1rd).<\/p>\n<p>A Bozsik Stadion fejleszt\u00e9s\u00e9re 4,1 milli\u00e1rd, a kiemelt sportegyes\u00fcletek sportl\u00e9tes\u00edtm\u00e9ny fenntart\u00e1s\u00e1nak \u00e9s \u00fczemeltet\u00e9s\u00e9nek t\u00e1mogat\u00e1s\u00e1ra 3,3 milli\u00e1rd, a versenysport \u00e9s olimpiai felk\u00e9sz\u00fcl\u00e9s szakmai t\u00e1mogat\u00e1s\u00e1ra pedig 3,1 milli\u00e1rd jut.<\/p>\n<p>Az ut\u00e1np\u00f3tl\u00e1s-nevel\u00e9si feladatokat 2,3 milli\u00e1rd, a Nemzeti Olimpiai K\u00f6zpont beruh\u00e1z\u00e1s\u00e1t 2,4 milli\u00e1rd, a Nemzeti Korcsoly\u00e1z\u00f3 K\u00f6zpont fejleszt\u00e9s\u00e9t 1 milli\u00e1rd forinttal seg\u00edti a b\u00fcdzs\u00e9.<\/p>\n<h3>N\u0151 az egyh\u00e1zi alapint\u00e9zm\u00e9nyek \u00e9s k\u00f6zgy\u0171jtem\u00e9nyek t\u00e1mogat\u00e1sa<\/h3>\n<p>Tov\u00e1bb n\u0151 az egyh\u00e1zi alapint\u00e9zm\u00e9nyek m\u0171k\u00f6d\u00e9s\u00e9re, valamint a szem\u00e9lyi j\u00f6vedelemad\u00f3 egy sz\u00e1zal\u00e9k\u00e1nak kieg\u00e9sz\u00edt\u00e9s\u00e9re ford\u00edthat\u00f3 \u00f6sszeg j\u00f6v\u0151re a k\u00f6lts\u00e9gvet\u00e9si javaslat szerint. M\u00edg 2019-ben 10,5 milli\u00e1rd forintot ford\u00edtanak erre a c\u00e9lra, 2020-ra 13,5 milli\u00e1rdot terveznek.<\/p>\n<p>A parlament honlapj\u00e1ra kedd d\u00e9lut\u00e1n felker\u00fclt k\u00f6lts\u00e9gvet\u00e9si javaslat szerint n\u0151 a rendszerv\u00e1lt\u00e1s ut\u00e1n vissza nem adott egyh\u00e1zi ingatlanok ut\u00e1ni j\u00e1rad\u00e9k is j\u00f6v\u0151re: az idei 18,7 milli\u00e1rdr\u00f3l 19,3 milli\u00e1rd forintra.<\/p>\n<p>H\u00e1rommilli\u00e1rd forintot sz\u00e1n a korm\u00e1ny j\u00f6v\u0151re az \u00fcld\u00f6z\u00f6tt kereszt\u00e9nyeket seg\u00edt\u0151 Hungary Helps programra, 300 milli\u00f3t kap a Hungary Helps \u00dcgyn\u00f6ks\u00e9g feladatainak ell\u00e1t\u00e1s\u00e1ra. Tov\u00e1bb\u00e1 920 milli\u00f3 forintot sz\u00e1nnak az \u00fcld\u00f6z\u00f6tt kereszt\u00e9nyeket seg\u00edt\u0151 \u00f6szt\u00f6nd\u00edjprogramra.<\/p>\n<p>Az ideivel szinte azonos \u00f6sszeg, 3,1 milli\u00e1rd forint jut j\u00f6v\u0151re az egyh\u00e1zi k\u00f6zgy\u0171jtem\u00e9nyek \u00e9s k\u00f6zm\u0171vel\u0151d\u00e9si int\u00e9zm\u00e9nyek t\u00e1mogat\u00e1s\u00e1ra, \u00e9s szint\u00e9n ugyanannyit, 3,6 milli\u00e1rd forintot sz\u00e1nnak a hittanoktat\u00e1s t\u00e1mogat\u00e1s\u00e1ra.<\/p>\n<div id=\"attachment_1054233\" style=\"width: 1410px\" class=\"wp-caption aligncenter\"><img loading=\"lazy\" decoding=\"async\" class=\"size-full wp-image-1054233\" src=\"https:\/\/super-news.info\/hu\/wp-content\/uploads\/sites\/3\/2019\/06\/1559679908_608_Koltsegvetes-2020-kiderult-hogy-ki-mennyi-penzre-szamithat.jpg\" alt=\"\" width=\"1400\" height=\"932\"  \/><\/p>\n<p class=\"wp-caption-text\">Tov\u00e1bb n\u0151 az egyh\u00e1zi alapint\u00e9zm\u00e9nyek m\u0171k\u00f6d\u00e9s\u00e9re, valamint a szem\u00e9lyi j\u00f6vedelemad\u00f3 egy sz\u00e1zal\u00e9k\u00e1nak kieg\u00e9sz\u00edt\u00e9s\u00e9re ford\u00edthat\u00f3 \u00f6sszeg<br \/>Fot\u00f3: AFP<\/p>\n<\/div>\n<p>A Karitat\u00edv Tan\u00e1cs tagjai az \u00e1ltaluk koordin\u00e1lt feladatok elv\u00e9gz\u00e9s\u00e9re valamivel t\u00f6bb mint egymilli\u00e1rd forintot kapnak, m\u00edg id\u00e9n 18 milli\u00f3 forintb\u00f3l gazd\u00e1lkodhattak.<\/p>\n<p>Az egyh\u00e1zi \u00e9p\u00edtett \u00f6r\u00f6ks\u00e9g v\u00e9delm\u00e9re \u00e9s egy\u00e9b beruh\u00e1z\u00e1sokra ford\u00edthat\u00f3 \u00f6sszeg \u2013 a m\u0171k\u00f6d\u00e9si \u00e9s felhalmoz\u00e1si kiad\u00e1st \u00f6sszeadva \u2013 3,89 milli\u00e1rd forint.<\/p>\n<p>Az egyh\u00e1zi k\u00f6z\u00f6ss\u00e9gi c\u00e9l\u00fa programok \u00e9s beruh\u00e1z\u00e1sok t\u00e1mogat\u00e1s\u00e1ra 810 milli\u00f3 forint jut.<\/p>\n<p>Az 5000-n\u00e9l kevesebb lakos\u00fa telep\u00fcl\u00e9seken szolg\u00e1latot teljes\u00edt\u0151 egyh\u00e1zi szem\u00e9lyek j\u00f6vedelemp\u00f3tl\u00e9k\u00e1ra j\u00f6v\u0151re is 2,6 milli\u00e1rd forintot sz\u00e1nnak, \u00e9s v\u00e1ltozatlan \u00f6sszeg, 420 milli\u00f3 forint jut a k\u00fclhonban szolg\u00e1latot teljes\u00edt\u0151k j\u00f6vedelemp\u00f3tl\u00e9k\u00e1ra is.<\/p>\n<p>A vall\u00e1si k\u00f6z\u00f6ss\u00e9gek t\u00e1mogat\u00e1s\u00e1ra 81 milli\u00f3 forintot ford\u00edtanak.<\/p>\n<h3>5,8 milli\u00e1rd jut a p\u00e1rtoknak<\/h3>\n<p>J\u00f6v\u0151re mintegy 5,78 milli\u00e1rd forintot biztos\u00edt a k\u00f6zponti b\u00fcdzs\u00e9 a p\u00e1rtok \u00e9s alap\u00edtv\u00e1nyaik gazd\u00e1lkod\u00e1s\u00e1ra a kedden beny\u00fajtott k\u00f6lts\u00e9gvet\u00e9si t\u00f6rv\u00e9nyjavaslat alapj\u00e1n. A parlamenti p\u00e1rtok k\u00f6z\u00fcl az el\u0151z\u0151 \u00e9vhez hasonl\u00f3an<\/p>\n<ul>\n<li>a Fidesz csaknem 968 milli\u00f3 forintos k\u00f6lts\u00e9gvet\u00e9si forr\u00e1sb\u00f3l gazd\u00e1lkodhat j\u00f6v\u0151re,<\/li>\n<li>a Jobbik 510 milli\u00f3,<\/li>\n<li>az MSZP 305,5 milli\u00f3,<\/li>\n<li>az LMP 218 milli\u00f3,<\/li>\n<li>a DK 207 milli\u00f3,<\/li>\n<li>a KDNP t\u00f6bb mint 180 milli\u00f3,<\/li>\n<li>a P\u00e1rbesz\u00e9d pedig 91 milli\u00f3 forintot kaphat.<\/li>\n<\/ul>\n<p>Az orsz\u00e1gos list\u00e1n mand\u00e1tumot nem szerzett p\u00e1rtok eset\u00e9ben a Momentum Mozgalom mintegy 44 milli\u00f3 forintot, a Magyar K\u00e9tfark\u00fa Kutyap\u00e1rt pedig 24,6 milli\u00f3 forintot kaphat a b\u00fcdzs\u00e9b\u0151l.<\/p>\n<p>A p\u00e1rtalap\u00edtv\u00e1nyok k\u00f6z\u00fcl a Sz\u00f6vets\u00e9g a Polg\u00e1ri Magyarorsz\u00e1g\u00e9rt Alap\u00edtv\u00e1ny (Fidesz) 1,47 milli\u00e1rd forint, a Gyarapod\u00f3 Magyarorsz\u00e1g\u00e9rt Alap\u00edtv\u00e1ny (Jobbik) 702 milli\u00f3, a T\u00e1ncsics Mih\u00e1ly Alap\u00edtv\u00e1ny (MSZP) 360 milli\u00f3, az \u00d6kopolisz Alap\u00edtv\u00e1ny (LMP) 212 milli\u00f3, az \u00daj K\u00f6zt\u00e1rsas\u00e1g\u00e9rt Alap\u00edtv\u00e1ny (DK) 194 milli\u00f3, a Barankovics Istv\u00e1n Alap\u00edtv\u00e1ny (KDNP) 150 milli\u00f3, a Meg\u00fajul\u00f3 Magyarorsz\u00e1g\u00e9rt Alap\u00edtv\u00e1ny (P\u00e1rbesz\u00e9d) pedig 27,5 milli\u00f3 forint k\u00f6lts\u00e9gvet\u00e9si t\u00e1mogat\u00e1st kap a tervek szerint. Az Ind\u00edtsuk Be Magyarorsz\u00e1got Alap\u00edtv\u00e1ny (Momentum) 74 milli\u00f3, a Savk\u00f6p\u0151 Meny\u00e9t Alap\u00edtv\u00e1ny (Magyar K\u00e9tfark\u00fa Kutya P\u00e1rt) pedig 41 milli\u00f3 forinthoz juthat.<\/p>\n<\/p><\/div>\n<p><script>\n    window.fbAsyncInit = function() {\n        FB.init({\n            appId      : \"204760236815359\",\n            xfbml      : true,\n            version    : \"v2.12\"\n        });\n        FB.AppEvents.logPageView();\n    };<\/p>\n<p>    (function(d, s, id){\n        var js, fjs = d.getElementsByTagName(s)[0];\n        if (d.getElementById(id)) {return;}\n        js = d.createElement(s); js.id = id;\n        js.src = \"http:\/\/connect.facebook.net\/hu_HU\/sdk.js\";\n        fjs.parentNode.insertBefore(js, fjs);\n    }(document, \"script\", \"facebook-jssdk\"));\n<\/script><br \/>\n<br \/>[ad_2]<br \/>\n<br \/><a href=\"https:\/\/www.vg.hu\/gazdasag\/gazdasagpolitika\/koltsegvetes-2020-kiderult-hogy-ki-mennyi-penzre-szamithat-1552394\/\">Source link <\/a><\/p>\n","protected":false},"excerpt":{"rendered":"<p>[ad_1] A P\u00e9nz\u00fcgyminiszt\u00e9rium b\u00fcdzs\u00e9je cs\u00f6kken ugyan, de a csal\u00e1dok t\u00e1mogat\u00e1s\u00e1ra jelent\u0151s \u00f6sszeg jut. Az eg\u00e9szs\u00e9g\u00fcgyre j\u00f6v\u0151re t\u00f6bbet k\u00f6ltenek, m\u00edg a sportra nagyj\u00e1b\u00f3l hasonl\u00f3 \u00f6sszeget, mint id\u00e9n. Vannak ter\u00fcletek, amelyek j\u00f3l j\u00e1rn\u00e1nak, ha elfogadn\u00e1 az Orsz\u00e1ggy\u0171l\u00e9s a j\u00f6v\u0151 \u00e9vi k\u00f6lts\u00e9gvet\u00e9st, de vannak olyanok is, akik kevesebb p\u00e9nzre sz\u00e1m\u00edthatn\u00e1nak. A VG.hu most megmutatja, hogy a fontosabb ter\u00fcleteken [&hellip;]<\/p>\n","protected":false},"author":2,"featured_media":3393,"comment_status":"open","ping_status":"open","sticky":false,"template":"","format":"standard","meta":{"footnotes":""},"categories":[1],"tags":[],"class_list":["post-3410","post","type-post","status-publish","format-standard","has-post-thumbnail","hentry","category-penzugyi-hirek"],"yoast_head":"<!-- This site is optimized with the Yoast SEO plugin v27.4 - https:\/\/yoast.com\/product\/yoast-seo-wordpress\/ -->\n<title>K\u00f6lts\u00e9gvet\u00e9s 2020: kider\u00fclt, hogy ki mennyi p\u00e9nzre sz\u00e1m\u00edthat - Super News<\/title>\n<meta name=\"robots\" content=\"index, follow, max-snippet:-1, max-image-preview:large, max-video-preview:-1\" \/>\n<link rel=\"canonical\" href=\"https:\/\/super-news.info\/hu\/koltsegvetes-2020-kiderult-hogy-ki-mennyi-penzre-szamithat\/\" \/>\n<meta property=\"og:locale\" content=\"hu_HU\" \/>\n<meta property=\"og:type\" content=\"article\" \/>\n<meta property=\"og:title\" content=\"K\u00f6lts\u00e9gvet\u00e9s 2020: kider\u00fclt, hogy ki mennyi p\u00e9nzre sz\u00e1m\u00edthat - Super News\" \/>\n<meta property=\"og:description\" content=\"[ad_1] A P\u00e9nz\u00fcgyminiszt\u00e9rium b\u00fcdzs\u00e9je cs\u00f6kken ugyan, de a csal\u00e1dok t\u00e1mogat\u00e1s\u00e1ra jelent\u0151s \u00f6sszeg jut. Az eg\u00e9szs\u00e9g\u00fcgyre j\u00f6v\u0151re t\u00f6bbet k\u00f6ltenek, m\u00edg a sportra nagyj\u00e1b\u00f3l hasonl\u00f3 \u00f6sszeget, mint id\u00e9n. Vannak ter\u00fcletek, amelyek j\u00f3l j\u00e1rn\u00e1nak, ha elfogadn\u00e1 az Orsz\u00e1ggy\u0171l\u00e9s a j\u00f6v\u0151 \u00e9vi k\u00f6lts\u00e9gvet\u00e9st, de vannak olyanok is, akik kevesebb p\u00e9nzre sz\u00e1m\u00edthatn\u00e1nak. A VG.hu most megmutatja, hogy a fontosabb ter\u00fcleteken [&hellip;]\" \/>\n<meta property=\"og:url\" content=\"https:\/\/super-news.info\/hu\/koltsegvetes-2020-kiderult-hogy-ki-mennyi-penzre-szamithat\/\" \/>\n<meta property=\"og:site_name\" content=\"Super News\" \/>\n<meta property=\"article:published_time\" content=\"2019-06-04T20:25:08+00:00\" \/>\n<meta property=\"article:modified_time\" content=\"2019-06-04T20:25:09+00:00\" \/>\n<meta property=\"og:image\" content=\"https:\/\/super-news.info\/hu\/wp-content\/uploads\/sites\/3\/2019\/06\/J\u00f6v\u0151re-is-folytat\u00f3dnak-az-ad\u00f3cs\u00f6kkent\u00e9sek.jpg\" \/>\n\t<meta property=\"og:image:width\" content=\"1400\" \/>\n\t<meta property=\"og:image:height\" content=\"787\" \/>\n\t<meta property=\"og:image:type\" content=\"image\/jpeg\" \/>\n<meta name=\"author\" content=\"super-news\" \/>\n<meta name=\"twitter:card\" content=\"summary_large_image\" \/>\n<meta name=\"twitter:label1\" content=\"Szerz\u0151:\" \/>\n\t<meta name=\"twitter:data1\" content=\"super-news\" \/>\n\t<meta name=\"twitter:label2\" content=\"Becs\u00fclt olvas\u00e1si id\u0151\" \/>\n\t<meta name=\"twitter:data2\" content=\"13 perc\" \/>\n<script type=\"application\/ld+json\" class=\"yoast-schema-graph\">{\"@context\":\"https:\\\/\\\/schema.org\",\"@graph\":[{\"@type\":\"Article\",\"@id\":\"https:\\\/\\\/super-news.info\\\/hu\\\/koltsegvetes-2020-kiderult-hogy-ki-mennyi-penzre-szamithat\\\/#article\",\"isPartOf\":{\"@id\":\"https:\\\/\\\/super-news.info\\\/hu\\\/koltsegvetes-2020-kiderult-hogy-ki-mennyi-penzre-szamithat\\\/\"},\"author\":{\"name\":\"super-news\",\"@id\":\"https:\\\/\\\/super-news.info\\\/hu\\\/#\\\/schema\\\/person\\\/2d4068cb2f39cd10008c2fce578a7356\"},\"headline\":\"K\u00f6lts\u00e9gvet\u00e9s 2020: kider\u00fclt, hogy ki mennyi p\u00e9nzre sz\u00e1m\u00edthat\",\"datePublished\":\"2019-06-04T20:25:08+00:00\",\"dateModified\":\"2019-06-04T20:25:09+00:00\",\"mainEntityOfPage\":{\"@id\":\"https:\\\/\\\/super-news.info\\\/hu\\\/koltsegvetes-2020-kiderult-hogy-ki-mennyi-penzre-szamithat\\\/\"},\"wordCount\":2521,\"commentCount\":0,\"image\":{\"@id\":\"https:\\\/\\\/super-news.info\\\/hu\\\/koltsegvetes-2020-kiderult-hogy-ki-mennyi-penzre-szamithat\\\/#primaryimage\"},\"thumbnailUrl\":\"https:\\\/\\\/super-news.info\\\/hu\\\/wp-content\\\/uploads\\\/sites\\\/3\\\/2019\\\/06\\\/J\u00f6v\u0151re-is-folytat\u00f3dnak-az-ad\u00f3cs\u00f6kkent\u00e9sek.jpg\",\"articleSection\":[\"P\u00c9NZ\u00dcGYI H\u00cdREK\"],\"inLanguage\":\"hu\",\"potentialAction\":[{\"@type\":\"CommentAction\",\"name\":\"Comment\",\"target\":[\"https:\\\/\\\/super-news.info\\\/hu\\\/koltsegvetes-2020-kiderult-hogy-ki-mennyi-penzre-szamithat\\\/#respond\"]}]},{\"@type\":\"WebPage\",\"@id\":\"https:\\\/\\\/super-news.info\\\/hu\\\/koltsegvetes-2020-kiderult-hogy-ki-mennyi-penzre-szamithat\\\/\",\"url\":\"https:\\\/\\\/super-news.info\\\/hu\\\/koltsegvetes-2020-kiderult-hogy-ki-mennyi-penzre-szamithat\\\/\",\"name\":\"K\u00f6lts\u00e9gvet\u00e9s 2020: kider\u00fclt, hogy ki mennyi p\u00e9nzre sz\u00e1m\u00edthat - Super News\",\"isPartOf\":{\"@id\":\"https:\\\/\\\/super-news.info\\\/hu\\\/#website\"},\"primaryImageOfPage\":{\"@id\":\"https:\\\/\\\/super-news.info\\\/hu\\\/koltsegvetes-2020-kiderult-hogy-ki-mennyi-penzre-szamithat\\\/#primaryimage\"},\"image\":{\"@id\":\"https:\\\/\\\/super-news.info\\\/hu\\\/koltsegvetes-2020-kiderult-hogy-ki-mennyi-penzre-szamithat\\\/#primaryimage\"},\"thumbnailUrl\":\"https:\\\/\\\/super-news.info\\\/hu\\\/wp-content\\\/uploads\\\/sites\\\/3\\\/2019\\\/06\\\/J\u00f6v\u0151re-is-folytat\u00f3dnak-az-ad\u00f3cs\u00f6kkent\u00e9sek.jpg\",\"datePublished\":\"2019-06-04T20:25:08+00:00\",\"dateModified\":\"2019-06-04T20:25:09+00:00\",\"author\":{\"@id\":\"https:\\\/\\\/super-news.info\\\/hu\\\/#\\\/schema\\\/person\\\/2d4068cb2f39cd10008c2fce578a7356\"},\"breadcrumb\":{\"@id\":\"https:\\\/\\\/super-news.info\\\/hu\\\/koltsegvetes-2020-kiderult-hogy-ki-mennyi-penzre-szamithat\\\/#breadcrumb\"},\"inLanguage\":\"hu\",\"potentialAction\":[{\"@type\":\"ReadAction\",\"target\":[\"https:\\\/\\\/super-news.info\\\/hu\\\/koltsegvetes-2020-kiderult-hogy-ki-mennyi-penzre-szamithat\\\/\"]}]},{\"@type\":\"ImageObject\",\"inLanguage\":\"hu\",\"@id\":\"https:\\\/\\\/super-news.info\\\/hu\\\/koltsegvetes-2020-kiderult-hogy-ki-mennyi-penzre-szamithat\\\/#primaryimage\",\"url\":\"https:\\\/\\\/super-news.info\\\/hu\\\/wp-content\\\/uploads\\\/sites\\\/3\\\/2019\\\/06\\\/J\u00f6v\u0151re-is-folytat\u00f3dnak-az-ad\u00f3cs\u00f6kkent\u00e9sek.jpg\",\"contentUrl\":\"https:\\\/\\\/super-news.info\\\/hu\\\/wp-content\\\/uploads\\\/sites\\\/3\\\/2019\\\/06\\\/J\u00f6v\u0151re-is-folytat\u00f3dnak-az-ad\u00f3cs\u00f6kkent\u00e9sek.jpg\",\"width\":1400,\"height\":787,\"caption\":\"J\u00f6v\u0151re is folytat\u00f3dnak az ad\u00f3cs\u00f6kkent\u00e9sek\"},{\"@type\":\"BreadcrumbList\",\"@id\":\"https:\\\/\\\/super-news.info\\\/hu\\\/koltsegvetes-2020-kiderult-hogy-ki-mennyi-penzre-szamithat\\\/#breadcrumb\",\"itemListElement\":[{\"@type\":\"ListItem\",\"position\":1,\"name\":\"\u0413\u043b\u0430\u0432\u043d\u0430\u044f \u0441\u0442\u0440\u0430\u043d\u0438\u0446\u0430\",\"item\":\"https:\\\/\\\/super-news.info\\\/hu\\\/\"},{\"@type\":\"ListItem\",\"position\":2,\"name\":\"K\u00f6lts\u00e9gvet\u00e9s 2020: kider\u00fclt, hogy ki mennyi p\u00e9nzre sz\u00e1m\u00edthat\"}]},{\"@type\":\"WebSite\",\"@id\":\"https:\\\/\\\/super-news.info\\\/hu\\\/#website\",\"url\":\"https:\\\/\\\/super-news.info\\\/hu\\\/\",\"name\":\"Super News\",\"description\":\"Super News Magyarorsz\u00e1g\",\"potentialAction\":[{\"@type\":\"SearchAction\",\"target\":{\"@type\":\"EntryPoint\",\"urlTemplate\":\"https:\\\/\\\/super-news.info\\\/hu\\\/?s={search_term_string}\"},\"query-input\":{\"@type\":\"PropertyValueSpecification\",\"valueRequired\":true,\"valueName\":\"search_term_string\"}}],\"inLanguage\":\"hu\"},{\"@type\":\"Person\",\"@id\":\"https:\\\/\\\/super-news.info\\\/hu\\\/#\\\/schema\\\/person\\\/2d4068cb2f39cd10008c2fce578a7356\",\"name\":\"super-news\",\"image\":{\"@type\":\"ImageObject\",\"inLanguage\":\"hu\",\"@id\":\"https:\\\/\\\/secure.gravatar.com\\\/avatar\\\/64ebac40b93f26a154f8a9b5b6fdccfc46f442b26b3dd6756dbff3bf9dc76fd7?s=96&d=mm&r=g\",\"url\":\"https:\\\/\\\/secure.gravatar.com\\\/avatar\\\/64ebac40b93f26a154f8a9b5b6fdccfc46f442b26b3dd6756dbff3bf9dc76fd7?s=96&d=mm&r=g\",\"contentUrl\":\"https:\\\/\\\/secure.gravatar.com\\\/avatar\\\/64ebac40b93f26a154f8a9b5b6fdccfc46f442b26b3dd6756dbff3bf9dc76fd7?s=96&d=mm&r=g\",\"caption\":\"super-news\"},\"url\":\"https:\\\/\\\/super-news.info\\\/hu\\\/author\\\/pt\\\/\"}]}<\/script>\n<!-- \/ Yoast SEO plugin. -->","yoast_head_json":{"title":"K\u00f6lts\u00e9gvet\u00e9s 2020: kider\u00fclt, hogy ki mennyi p\u00e9nzre sz\u00e1m\u00edthat - Super News","robots":{"index":"index","follow":"follow","max-snippet":"max-snippet:-1","max-image-preview":"max-image-preview:large","max-video-preview":"max-video-preview:-1"},"canonical":"https:\/\/super-news.info\/hu\/koltsegvetes-2020-kiderult-hogy-ki-mennyi-penzre-szamithat\/","og_locale":"hu_HU","og_type":"article","og_title":"K\u00f6lts\u00e9gvet\u00e9s 2020: kider\u00fclt, hogy ki mennyi p\u00e9nzre sz\u00e1m\u00edthat - Super News","og_description":"[ad_1] A P\u00e9nz\u00fcgyminiszt\u00e9rium b\u00fcdzs\u00e9je cs\u00f6kken ugyan, de a csal\u00e1dok t\u00e1mogat\u00e1s\u00e1ra jelent\u0151s \u00f6sszeg jut. Az eg\u00e9szs\u00e9g\u00fcgyre j\u00f6v\u0151re t\u00f6bbet k\u00f6ltenek, m\u00edg a sportra nagyj\u00e1b\u00f3l hasonl\u00f3 \u00f6sszeget, mint id\u00e9n. Vannak ter\u00fcletek, amelyek j\u00f3l j\u00e1rn\u00e1nak, ha elfogadn\u00e1 az Orsz\u00e1ggy\u0171l\u00e9s a j\u00f6v\u0151 \u00e9vi k\u00f6lts\u00e9gvet\u00e9st, de vannak olyanok is, akik kevesebb p\u00e9nzre sz\u00e1m\u00edthatn\u00e1nak. A VG.hu most megmutatja, hogy a fontosabb ter\u00fcleteken [&hellip;]","og_url":"https:\/\/super-news.info\/hu\/koltsegvetes-2020-kiderult-hogy-ki-mennyi-penzre-szamithat\/","og_site_name":"Super News","article_published_time":"2019-06-04T20:25:08+00:00","article_modified_time":"2019-06-04T20:25:09+00:00","og_image":[{"width":1400,"height":787,"url":"https:\/\/super-news.info\/hu\/wp-content\/uploads\/sites\/3\/2019\/06\/J\u00f6v\u0151re-is-folytat\u00f3dnak-az-ad\u00f3cs\u00f6kkent\u00e9sek.jpg","type":"image\/jpeg"}],"author":"super-news","twitter_card":"summary_large_image","twitter_misc":{"Szerz\u0151:":"super-news","Becs\u00fclt olvas\u00e1si id\u0151":"13 perc"},"schema":{"@context":"https:\/\/schema.org","@graph":[{"@type":"Article","@id":"https:\/\/super-news.info\/hu\/koltsegvetes-2020-kiderult-hogy-ki-mennyi-penzre-szamithat\/#article","isPartOf":{"@id":"https:\/\/super-news.info\/hu\/koltsegvetes-2020-kiderult-hogy-ki-mennyi-penzre-szamithat\/"},"author":{"name":"super-news","@id":"https:\/\/super-news.info\/hu\/#\/schema\/person\/2d4068cb2f39cd10008c2fce578a7356"},"headline":"K\u00f6lts\u00e9gvet\u00e9s 2020: kider\u00fclt, hogy ki mennyi p\u00e9nzre sz\u00e1m\u00edthat","datePublished":"2019-06-04T20:25:08+00:00","dateModified":"2019-06-04T20:25:09+00:00","mainEntityOfPage":{"@id":"https:\/\/super-news.info\/hu\/koltsegvetes-2020-kiderult-hogy-ki-mennyi-penzre-szamithat\/"},"wordCount":2521,"commentCount":0,"image":{"@id":"https:\/\/super-news.info\/hu\/koltsegvetes-2020-kiderult-hogy-ki-mennyi-penzre-szamithat\/#primaryimage"},"thumbnailUrl":"https:\/\/super-news.info\/hu\/wp-content\/uploads\/sites\/3\/2019\/06\/J\u00f6v\u0151re-is-folytat\u00f3dnak-az-ad\u00f3cs\u00f6kkent\u00e9sek.jpg","articleSection":["P\u00c9NZ\u00dcGYI H\u00cdREK"],"inLanguage":"hu","potentialAction":[{"@type":"CommentAction","name":"Comment","target":["https:\/\/super-news.info\/hu\/koltsegvetes-2020-kiderult-hogy-ki-mennyi-penzre-szamithat\/#respond"]}]},{"@type":"WebPage","@id":"https:\/\/super-news.info\/hu\/koltsegvetes-2020-kiderult-hogy-ki-mennyi-penzre-szamithat\/","url":"https:\/\/super-news.info\/hu\/koltsegvetes-2020-kiderult-hogy-ki-mennyi-penzre-szamithat\/","name":"K\u00f6lts\u00e9gvet\u00e9s 2020: kider\u00fclt, hogy ki mennyi p\u00e9nzre sz\u00e1m\u00edthat - Super News","isPartOf":{"@id":"https:\/\/super-news.info\/hu\/#website"},"primaryImageOfPage":{"@id":"https:\/\/super-news.info\/hu\/koltsegvetes-2020-kiderult-hogy-ki-mennyi-penzre-szamithat\/#primaryimage"},"image":{"@id":"https:\/\/super-news.info\/hu\/koltsegvetes-2020-kiderult-hogy-ki-mennyi-penzre-szamithat\/#primaryimage"},"thumbnailUrl":"https:\/\/super-news.info\/hu\/wp-content\/uploads\/sites\/3\/2019\/06\/J\u00f6v\u0151re-is-folytat\u00f3dnak-az-ad\u00f3cs\u00f6kkent\u00e9sek.jpg","datePublished":"2019-06-04T20:25:08+00:00","dateModified":"2019-06-04T20:25:09+00:00","author":{"@id":"https:\/\/super-news.info\/hu\/#\/schema\/person\/2d4068cb2f39cd10008c2fce578a7356"},"breadcrumb":{"@id":"https:\/\/super-news.info\/hu\/koltsegvetes-2020-kiderult-hogy-ki-mennyi-penzre-szamithat\/#breadcrumb"},"inLanguage":"hu","potentialAction":[{"@type":"ReadAction","target":["https:\/\/super-news.info\/hu\/koltsegvetes-2020-kiderult-hogy-ki-mennyi-penzre-szamithat\/"]}]},{"@type":"ImageObject","inLanguage":"hu","@id":"https:\/\/super-news.info\/hu\/koltsegvetes-2020-kiderult-hogy-ki-mennyi-penzre-szamithat\/#primaryimage","url":"https:\/\/super-news.info\/hu\/wp-content\/uploads\/sites\/3\/2019\/06\/J\u00f6v\u0151re-is-folytat\u00f3dnak-az-ad\u00f3cs\u00f6kkent\u00e9sek.jpg","contentUrl":"https:\/\/super-news.info\/hu\/wp-content\/uploads\/sites\/3\/2019\/06\/J\u00f6v\u0151re-is-folytat\u00f3dnak-az-ad\u00f3cs\u00f6kkent\u00e9sek.jpg","width":1400,"height":787,"caption":"J\u00f6v\u0151re is folytat\u00f3dnak az ad\u00f3cs\u00f6kkent\u00e9sek"},{"@type":"BreadcrumbList","@id":"https:\/\/super-news.info\/hu\/koltsegvetes-2020-kiderult-hogy-ki-mennyi-penzre-szamithat\/#breadcrumb","itemListElement":[{"@type":"ListItem","position":1,"name":"\u0413\u043b\u0430\u0432\u043d\u0430\u044f \u0441\u0442\u0440\u0430\u043d\u0438\u0446\u0430","item":"https:\/\/super-news.info\/hu\/"},{"@type":"ListItem","position":2,"name":"K\u00f6lts\u00e9gvet\u00e9s 2020: kider\u00fclt, hogy ki mennyi p\u00e9nzre sz\u00e1m\u00edthat"}]},{"@type":"WebSite","@id":"https:\/\/super-news.info\/hu\/#website","url":"https:\/\/super-news.info\/hu\/","name":"Super News","description":"Super News Magyarorsz\u00e1g","potentialAction":[{"@type":"SearchAction","target":{"@type":"EntryPoint","urlTemplate":"https:\/\/super-news.info\/hu\/?s={search_term_string}"},"query-input":{"@type":"PropertyValueSpecification","valueRequired":true,"valueName":"search_term_string"}}],"inLanguage":"hu"},{"@type":"Person","@id":"https:\/\/super-news.info\/hu\/#\/schema\/person\/2d4068cb2f39cd10008c2fce578a7356","name":"super-news","image":{"@type":"ImageObject","inLanguage":"hu","@id":"https:\/\/secure.gravatar.com\/avatar\/64ebac40b93f26a154f8a9b5b6fdccfc46f442b26b3dd6756dbff3bf9dc76fd7?s=96&d=mm&r=g","url":"https:\/\/secure.gravatar.com\/avatar\/64ebac40b93f26a154f8a9b5b6fdccfc46f442b26b3dd6756dbff3bf9dc76fd7?s=96&d=mm&r=g","contentUrl":"https:\/\/secure.gravatar.com\/avatar\/64ebac40b93f26a154f8a9b5b6fdccfc46f442b26b3dd6756dbff3bf9dc76fd7?s=96&d=mm&r=g","caption":"super-news"},"url":"https:\/\/super-news.info\/hu\/author\/pt\/"}]}},"_links":{"self":[{"href":"https:\/\/super-news.info\/hu\/wp-json\/wp\/v2\/posts\/3410","targetHints":{"allow":["GET"]}}],"collection":[{"href":"https:\/\/super-news.info\/hu\/wp-json\/wp\/v2\/posts"}],"about":[{"href":"https:\/\/super-news.info\/hu\/wp-json\/wp\/v2\/types\/post"}],"author":[{"embeddable":true,"href":"https:\/\/super-news.info\/hu\/wp-json\/wp\/v2\/users\/2"}],"replies":[{"embeddable":true,"href":"https:\/\/super-news.info\/hu\/wp-json\/wp\/v2\/comments?post=3410"}],"version-history":[{"count":1,"href":"https:\/\/super-news.info\/hu\/wp-json\/wp\/v2\/posts\/3410\/revisions"}],"predecessor-version":[{"id":3411,"href":"https:\/\/super-news.info\/hu\/wp-json\/wp\/v2\/posts\/3410\/revisions\/3411"}],"wp:featuredmedia":[{"embeddable":true,"href":"https:\/\/super-news.info\/hu\/wp-json\/wp\/v2\/media\/3393"}],"wp:attachment":[{"href":"https:\/\/super-news.info\/hu\/wp-json\/wp\/v2\/media?parent=3410"}],"wp:term":[{"taxonomy":"category","embeddable":true,"href":"https:\/\/super-news.info\/hu\/wp-json\/wp\/v2\/categories?post=3410"},{"taxonomy":"post_tag","embeddable":true,"href":"https:\/\/super-news.info\/hu\/wp-json\/wp\/v2\/tags?post=3410"}],"curies":[{"name":"wp","href":"https:\/\/api.w.org\/{rel}","templated":true}]}}