{"id":3401,"date":"2019-06-04T21:32:09","date_gmt":"2019-06-04T18:32:09","guid":{"rendered":"https:\/\/super-news.info\/hu\/egyre-nehezebb-felmaszni-a-vilag-tetejere\/"},"modified":"2019-06-04T21:32:10","modified_gmt":"2019-06-04T18:32:10","slug":"egyre-nehezebb-felmaszni-a-vilag-tetejere","status":"publish","type":"post","link":"https:\/\/super-news.info\/hu\/egyre-nehezebb-felmaszni-a-vilag-tetejere\/","title":{"rendered":"Egyre nehezebb felm\u00e1szni a vil\u00e1g tetej\u00e9re"},"content":{"rendered":"<p> [ad_1]<br \/>\n<\/p>\n<p>\n\t\t\t\t\t\t\t\tEgyre szennyezettebbek \u00e9s melegebbek a Mount Everest (Csomolungma) \u00e9s a k\u00f6rnyez\u0151 hegycs\u00facsok, a t\u00e9rs\u00e9gbeli gleccserek pedig olyan \u201eriaszt\u00f3 \u00fctemben\u201d olvadnak, hogy a j\u00f6v\u0151ben m\u00e9g vesz\u00e9lyesebb lesz a vil\u00e1g legmagasabb hegycs\u00facsainak megm\u00e1sz\u00e1sa \u2013 k\u00f6z\u00f6lte egy amerikai tud\u00f3s, aki t\u00e1rsaival egy\u00fctt heteken \u00e1t kutatta a h\u00f3 \u00e9s a gleccserek \u00e1llapot\u00e1t \u201ea vil\u00e1g tetej\u00e9n\u201d, a 8848 (m\u00e1s m\u00e9r\u00e9sek szerint 8850) m\u00e9teres Everest t\u00e9rs\u00e9g\u00e9ben.\t\t\t\t\t\t\t<\/p>\n<div>\n<p>A hegyekb\u0151l a nep\u00e1li f\u0151v\u00e1rosba, Katmanduba visszat\u00e9rve John All, a Western Washington Egyetem professzora elmondta, hogy sok szennyez\u0151anyagot tal\u00e1ltak m\u00e9lyen a h\u00f3ba beleiv\u00f3dva, \u00e9s meglep\u0151dtek a h\u00f3 s\u00f6t\u00e9t sz\u00edn\u00e9n, amikor fel\u00e1st\u00e1k \u00e9s \u00e1tszit\u00e1lt\u00e1k. A h\u00f3 burkot k\u00e9pez a kis szennyr\u00e9szecsk\u00e9k k\u00f6r\u00fcl, \u201ecsapd\u00e1ba ejtve\u201d \u00e9s a m\u00e9lyebb r\u00e9tegekbe sz\u00e1ll\u00edtva azokat \u2013 mondta.<\/p>\n<p>John All \u00e9s csapata a Mount Everesten \u00e9s a k\u00f6rnyez\u0151 cs\u00facsokon vizsg\u00e1lta a h\u00f3 tisztas\u00e1g\u00e1t heteken \u00e1t, a hegyek l\u00e1b\u00e1n\u00e1l pedig a n\u00f6v\u00e9nyeket elemezt\u00e9k.<\/p>\n<p>Az emelked\u0151 h\u0151m\u00e9rs\u00e9klet \u201enagyon gyorsan\u201d megolvasztja a havat \u00e9s a gleccsereket a Mount Everesten, a gleccserek \u201edr\u00e1maian\u201d h\u00faz\u00f3dnak vissza a glob\u00e1lis felmeleged\u00e9s k\u00f6vetkezt\u00e9ben. Mivel zsugorodnak, a j\u00e9gmez\u0151k a j\u00f6v\u0151ben egyre vesz\u00e9lyesebbek lesznek a hegym\u00e1sz\u00f3k sz\u00e1m\u00e1ra \u2013 fejtegette a kutat\u00f3.<\/p>\n<div id=\"attachment_904804\" style=\"width: 1410px\" class=\"wp-caption aligncenter\">\n<p class=\"wp-caption-text\">Mount Everest<br \/>Fot\u00f3: AFP<\/p>\n<\/div>\n<p>Az amerikai kutat\u00f3csoport meg akarta m\u00e1szni az Everestet \u00e9s testv\u00e9rcs\u00facs\u00e1t, a 8516 m\u00e9teres Lhoc\u00e9t, de az Everesten kialakult forgalmi torl\u00f3d\u00e1s miatt k\u00e9nytelenek voltak v\u00e1ltoztatni a terveiken. Arr\u00f3l lemondtak, hogy feljussanak az Everest cs\u00facs\u00e1ra, a Mount Everesten csak a k\u00e9t cs\u00facs legmagasabban fekv\u0151 k\u00f6z\u00f6s pontj\u00e1ig, 8000 m\u00e9terig jutottak fel, \u00e9s csak az alacsonyabb testv\u00e9rcs\u00facsot m\u00e1szt\u00e1k meg.<\/p>\n<p>M\u00e1jus 21-\u00e9n \u00e9s 22-\u00e9n hegym\u00e1sz\u00f3k sz\u00e1zai \u00e1lltak sorban, hogy feljussanak az Everest cs\u00facs\u00e1ra, p\u00e9ld\u00e1tlan torl\u00f3d\u00e1st okozva a vil\u00e1g legmagasabb hegycs\u00facs\u00e1n. John All szerint t\u00fal vesz\u00e9lyes lett volna h\u00f3mint\u00e1t gy\u0171jteni a lassan mozg\u00f3 t\u00f6megben.<\/p>\n<p>A \u201evil\u00e1g tetej\u00e9n\u201d gy\u0171jt\u00f6tt adatokat az Egyes\u00fclt \u00c1llamokba visszat\u00e9rve fogj\u00e1k elemezni, az eredm\u00e9nyekr\u0151l jelent\u00e9st tesznek k\u00f6zz\u00e9. John All \u00e9s t\u00e1rsai hasonl\u00f3 kutat\u00e1st v\u00e9geztek 2009-ben is, \u00e9s mint most elmondt\u00e1k, az elm\u00falt 10 \u00e9v alatt \u201esok minden megv\u00e1ltozott a hegyekben\u201d, \u00e9s a gleccserek hossz\u00fa t\u00e1v\u00fa fennmarad\u00e1s\u00e1t illet\u0151en \u201e\u00f6kol\u00f3giailag minden rossz ir\u00e1nyba v\u00e1ltozott\u201d.<\/p>\n<\/p><\/div>\n<p><script>\n    window.fbAsyncInit = function() {\n        FB.init({\n            appId      : \"204760236815359\",\n            xfbml      : true,\n            version    : \"v2.12\"\n        });\n        FB.AppEvents.logPageView();\n    };<\/p>\n<p>    (function(d, s, id){\n        var js, fjs = d.getElementsByTagName(s)[0];\n        if (d.getElementById(id)) {return;}\n        js = d.createElement(s); js.id = id;\n        js.src = \"http:\/\/connect.facebook.net\/hu_HU\/sdk.js\";\n        fjs.parentNode.insertBefore(js, fjs);\n    }(document, \"script\", \"facebook-jssdk\"));\n<\/script><br \/>\n<br \/>[ad_2]<br \/>\n<br \/><a href=\"https:\/\/www.vg.hu\/kozelet\/kozeleti-hirek\/egyre-nehezebb-felmaszni-a-vilag-tetejere-1552250\/\">Source link <\/a><\/p>\n","protected":false},"excerpt":{"rendered":"<p>[ad_1] Egyre szennyezettebbek \u00e9s melegebbek a Mount Everest (Csomolungma) \u00e9s a k\u00f6rnyez\u0151 hegycs\u00facsok, a t\u00e9rs\u00e9gbeli gleccserek pedig olyan \u201eriaszt\u00f3 \u00fctemben\u201d olvadnak, hogy a j\u00f6v\u0151ben m\u00e9g vesz\u00e9lyesebb lesz a vil\u00e1g legmagasabb hegycs\u00facsainak megm\u00e1sz\u00e1sa \u2013 k\u00f6z\u00f6lte egy amerikai tud\u00f3s, aki t\u00e1rsaival egy\u00fctt heteken \u00e1t kutatta a h\u00f3 \u00e9s a gleccserek \u00e1llapot\u00e1t \u201ea vil\u00e1g tetej\u00e9n\u201d, a 8848 (m\u00e1s [&hellip;]<\/p>\n","protected":false},"author":2,"featured_media":3402,"comment_status":"open","ping_status":"open","sticky":false,"template":"","format":"standard","meta":{"footnotes":""},"categories":[1],"tags":[],"class_list":["post-3401","post","type-post","status-publish","format-standard","has-post-thumbnail","hentry","category-penzugyi-hirek"],"yoast_head":"<!-- This site is optimized with the Yoast SEO plugin v27.4 - https:\/\/yoast.com\/product\/yoast-seo-wordpress\/ -->\n<title>Egyre nehezebb felm\u00e1szni a vil\u00e1g tetej\u00e9re - Super News<\/title>\n<meta name=\"robots\" content=\"index, follow, max-snippet:-1, max-image-preview:large, max-video-preview:-1\" \/>\n<link rel=\"canonical\" href=\"https:\/\/super-news.info\/hu\/egyre-nehezebb-felmaszni-a-vilag-tetejere\/\" \/>\n<meta property=\"og:locale\" content=\"hu_HU\" \/>\n<meta property=\"og:type\" content=\"article\" \/>\n<meta property=\"og:title\" content=\"Egyre nehezebb felm\u00e1szni a vil\u00e1g tetej\u00e9re - Super News\" \/>\n<meta property=\"og:description\" content=\"[ad_1] Egyre szennyezettebbek \u00e9s melegebbek a Mount Everest (Csomolungma) \u00e9s a k\u00f6rnyez\u0151 hegycs\u00facsok, a t\u00e9rs\u00e9gbeli gleccserek pedig olyan \u201eriaszt\u00f3 \u00fctemben\u201d olvadnak, hogy a j\u00f6v\u0151ben m\u00e9g vesz\u00e9lyesebb lesz a vil\u00e1g legmagasabb hegycs\u00facsainak megm\u00e1sz\u00e1sa \u2013 k\u00f6z\u00f6lte egy amerikai tud\u00f3s, aki t\u00e1rsaival egy\u00fctt heteken \u00e1t kutatta a h\u00f3 \u00e9s a gleccserek \u00e1llapot\u00e1t \u201ea vil\u00e1g tetej\u00e9n\u201d, a 8848 (m\u00e1s [&hellip;]\" \/>\n<meta property=\"og:url\" content=\"https:\/\/super-news.info\/hu\/egyre-nehezebb-felmaszni-a-vilag-tetejere\/\" \/>\n<meta property=\"og:site_name\" content=\"Super News\" \/>\n<meta property=\"article:published_time\" content=\"2019-06-04T18:32:09+00:00\" \/>\n<meta property=\"article:modified_time\" content=\"2019-06-04T18:32:10+00:00\" \/>\n<meta property=\"og:image\" content=\"https:\/\/super-news.info\/hu\/wp-content\/uploads\/sites\/3\/2019\/06\/Egyre-nehezebb-felm\u00e1szni-a-vil\u00e1g-tetej\u00e9re.jpg\" \/>\n\t<meta property=\"og:image:width\" content=\"1400\" \/>\n\t<meta property=\"og:image:height\" content=\"932\" \/>\n\t<meta property=\"og:image:type\" content=\"image\/jpeg\" \/>\n<meta name=\"author\" content=\"super-news\" \/>\n<meta name=\"twitter:card\" content=\"summary_large_image\" \/>\n<meta name=\"twitter:label1\" content=\"Szerz\u0151:\" \/>\n\t<meta name=\"twitter:data1\" content=\"super-news\" \/>\n\t<meta name=\"twitter:label2\" content=\"Becs\u00fclt olvas\u00e1si id\u0151\" \/>\n\t<meta name=\"twitter:data2\" content=\"2 perc\" \/>\n<script type=\"application\/ld+json\" class=\"yoast-schema-graph\">{\"@context\":\"https:\\\/\\\/schema.org\",\"@graph\":[{\"@type\":\"Article\",\"@id\":\"https:\\\/\\\/super-news.info\\\/hu\\\/egyre-nehezebb-felmaszni-a-vilag-tetejere\\\/#article\",\"isPartOf\":{\"@id\":\"https:\\\/\\\/super-news.info\\\/hu\\\/egyre-nehezebb-felmaszni-a-vilag-tetejere\\\/\"},\"author\":{\"name\":\"super-news\",\"@id\":\"https:\\\/\\\/super-news.info\\\/hu\\\/#\\\/schema\\\/person\\\/2d4068cb2f39cd10008c2fce578a7356\"},\"headline\":\"Egyre nehezebb felm\u00e1szni a vil\u00e1g tetej\u00e9re\",\"datePublished\":\"2019-06-04T18:32:09+00:00\",\"dateModified\":\"2019-06-04T18:32:10+00:00\",\"mainEntityOfPage\":{\"@id\":\"https:\\\/\\\/super-news.info\\\/hu\\\/egyre-nehezebb-felmaszni-a-vilag-tetejere\\\/\"},\"wordCount\":476,\"commentCount\":0,\"image\":{\"@id\":\"https:\\\/\\\/super-news.info\\\/hu\\\/egyre-nehezebb-felmaszni-a-vilag-tetejere\\\/#primaryimage\"},\"thumbnailUrl\":\"https:\\\/\\\/super-news.info\\\/hu\\\/wp-content\\\/uploads\\\/sites\\\/3\\\/2019\\\/06\\\/Egyre-nehezebb-felm\u00e1szni-a-vil\u00e1g-tetej\u00e9re.jpg\",\"articleSection\":[\"P\u00c9NZ\u00dcGYI H\u00cdREK\"],\"inLanguage\":\"hu\",\"potentialAction\":[{\"@type\":\"CommentAction\",\"name\":\"Comment\",\"target\":[\"https:\\\/\\\/super-news.info\\\/hu\\\/egyre-nehezebb-felmaszni-a-vilag-tetejere\\\/#respond\"]}]},{\"@type\":\"WebPage\",\"@id\":\"https:\\\/\\\/super-news.info\\\/hu\\\/egyre-nehezebb-felmaszni-a-vilag-tetejere\\\/\",\"url\":\"https:\\\/\\\/super-news.info\\\/hu\\\/egyre-nehezebb-felmaszni-a-vilag-tetejere\\\/\",\"name\":\"Egyre nehezebb felm\u00e1szni a vil\u00e1g tetej\u00e9re - Super News\",\"isPartOf\":{\"@id\":\"https:\\\/\\\/super-news.info\\\/hu\\\/#website\"},\"primaryImageOfPage\":{\"@id\":\"https:\\\/\\\/super-news.info\\\/hu\\\/egyre-nehezebb-felmaszni-a-vilag-tetejere\\\/#primaryimage\"},\"image\":{\"@id\":\"https:\\\/\\\/super-news.info\\\/hu\\\/egyre-nehezebb-felmaszni-a-vilag-tetejere\\\/#primaryimage\"},\"thumbnailUrl\":\"https:\\\/\\\/super-news.info\\\/hu\\\/wp-content\\\/uploads\\\/sites\\\/3\\\/2019\\\/06\\\/Egyre-nehezebb-felm\u00e1szni-a-vil\u00e1g-tetej\u00e9re.jpg\",\"datePublished\":\"2019-06-04T18:32:09+00:00\",\"dateModified\":\"2019-06-04T18:32:10+00:00\",\"author\":{\"@id\":\"https:\\\/\\\/super-news.info\\\/hu\\\/#\\\/schema\\\/person\\\/2d4068cb2f39cd10008c2fce578a7356\"},\"breadcrumb\":{\"@id\":\"https:\\\/\\\/super-news.info\\\/hu\\\/egyre-nehezebb-felmaszni-a-vilag-tetejere\\\/#breadcrumb\"},\"inLanguage\":\"hu\",\"potentialAction\":[{\"@type\":\"ReadAction\",\"target\":[\"https:\\\/\\\/super-news.info\\\/hu\\\/egyre-nehezebb-felmaszni-a-vilag-tetejere\\\/\"]}]},{\"@type\":\"ImageObject\",\"inLanguage\":\"hu\",\"@id\":\"https:\\\/\\\/super-news.info\\\/hu\\\/egyre-nehezebb-felmaszni-a-vilag-tetejere\\\/#primaryimage\",\"url\":\"https:\\\/\\\/super-news.info\\\/hu\\\/wp-content\\\/uploads\\\/sites\\\/3\\\/2019\\\/06\\\/Egyre-nehezebb-felm\u00e1szni-a-vil\u00e1g-tetej\u00e9re.jpg\",\"contentUrl\":\"https:\\\/\\\/super-news.info\\\/hu\\\/wp-content\\\/uploads\\\/sites\\\/3\\\/2019\\\/06\\\/Egyre-nehezebb-felm\u00e1szni-a-vil\u00e1g-tetej\u00e9re.jpg\",\"width\":1400,\"height\":932,\"caption\":\"Egyre nehezebb felm\u00e1szni a vil\u00e1g tetej\u00e9re\"},{\"@type\":\"BreadcrumbList\",\"@id\":\"https:\\\/\\\/super-news.info\\\/hu\\\/egyre-nehezebb-felmaszni-a-vilag-tetejere\\\/#breadcrumb\",\"itemListElement\":[{\"@type\":\"ListItem\",\"position\":1,\"name\":\"\u0413\u043b\u0430\u0432\u043d\u0430\u044f \u0441\u0442\u0440\u0430\u043d\u0438\u0446\u0430\",\"item\":\"https:\\\/\\\/super-news.info\\\/hu\\\/\"},{\"@type\":\"ListItem\",\"position\":2,\"name\":\"Egyre nehezebb felm\u00e1szni a vil\u00e1g tetej\u00e9re\"}]},{\"@type\":\"WebSite\",\"@id\":\"https:\\\/\\\/super-news.info\\\/hu\\\/#website\",\"url\":\"https:\\\/\\\/super-news.info\\\/hu\\\/\",\"name\":\"Super News\",\"description\":\"Super News Magyarorsz\u00e1g\",\"potentialAction\":[{\"@type\":\"SearchAction\",\"target\":{\"@type\":\"EntryPoint\",\"urlTemplate\":\"https:\\\/\\\/super-news.info\\\/hu\\\/?s={search_term_string}\"},\"query-input\":{\"@type\":\"PropertyValueSpecification\",\"valueRequired\":true,\"valueName\":\"search_term_string\"}}],\"inLanguage\":\"hu\"},{\"@type\":\"Person\",\"@id\":\"https:\\\/\\\/super-news.info\\\/hu\\\/#\\\/schema\\\/person\\\/2d4068cb2f39cd10008c2fce578a7356\",\"name\":\"super-news\",\"image\":{\"@type\":\"ImageObject\",\"inLanguage\":\"hu\",\"@id\":\"https:\\\/\\\/secure.gravatar.com\\\/avatar\\\/64ebac40b93f26a154f8a9b5b6fdccfc46f442b26b3dd6756dbff3bf9dc76fd7?s=96&d=mm&r=g\",\"url\":\"https:\\\/\\\/secure.gravatar.com\\\/avatar\\\/64ebac40b93f26a154f8a9b5b6fdccfc46f442b26b3dd6756dbff3bf9dc76fd7?s=96&d=mm&r=g\",\"contentUrl\":\"https:\\\/\\\/secure.gravatar.com\\\/avatar\\\/64ebac40b93f26a154f8a9b5b6fdccfc46f442b26b3dd6756dbff3bf9dc76fd7?s=96&d=mm&r=g\",\"caption\":\"super-news\"},\"url\":\"https:\\\/\\\/super-news.info\\\/hu\\\/author\\\/pt\\\/\"}]}<\/script>\n<!-- \/ Yoast SEO plugin. -->","yoast_head_json":{"title":"Egyre nehezebb felm\u00e1szni a vil\u00e1g tetej\u00e9re - Super News","robots":{"index":"index","follow":"follow","max-snippet":"max-snippet:-1","max-image-preview":"max-image-preview:large","max-video-preview":"max-video-preview:-1"},"canonical":"https:\/\/super-news.info\/hu\/egyre-nehezebb-felmaszni-a-vilag-tetejere\/","og_locale":"hu_HU","og_type":"article","og_title":"Egyre nehezebb felm\u00e1szni a vil\u00e1g tetej\u00e9re - Super News","og_description":"[ad_1] Egyre szennyezettebbek \u00e9s melegebbek a Mount Everest (Csomolungma) \u00e9s a k\u00f6rnyez\u0151 hegycs\u00facsok, a t\u00e9rs\u00e9gbeli gleccserek pedig olyan \u201eriaszt\u00f3 \u00fctemben\u201d olvadnak, hogy a j\u00f6v\u0151ben m\u00e9g vesz\u00e9lyesebb lesz a vil\u00e1g legmagasabb hegycs\u00facsainak megm\u00e1sz\u00e1sa \u2013 k\u00f6z\u00f6lte egy amerikai tud\u00f3s, aki t\u00e1rsaival egy\u00fctt heteken \u00e1t kutatta a h\u00f3 \u00e9s a gleccserek \u00e1llapot\u00e1t \u201ea vil\u00e1g tetej\u00e9n\u201d, a 8848 (m\u00e1s [&hellip;]","og_url":"https:\/\/super-news.info\/hu\/egyre-nehezebb-felmaszni-a-vilag-tetejere\/","og_site_name":"Super News","article_published_time":"2019-06-04T18:32:09+00:00","article_modified_time":"2019-06-04T18:32:10+00:00","og_image":[{"width":1400,"height":932,"url":"https:\/\/super-news.info\/hu\/wp-content\/uploads\/sites\/3\/2019\/06\/Egyre-nehezebb-felm\u00e1szni-a-vil\u00e1g-tetej\u00e9re.jpg","type":"image\/jpeg"}],"author":"super-news","twitter_card":"summary_large_image","twitter_misc":{"Szerz\u0151:":"super-news","Becs\u00fclt olvas\u00e1si id\u0151":"2 perc"},"schema":{"@context":"https:\/\/schema.org","@graph":[{"@type":"Article","@id":"https:\/\/super-news.info\/hu\/egyre-nehezebb-felmaszni-a-vilag-tetejere\/#article","isPartOf":{"@id":"https:\/\/super-news.info\/hu\/egyre-nehezebb-felmaszni-a-vilag-tetejere\/"},"author":{"name":"super-news","@id":"https:\/\/super-news.info\/hu\/#\/schema\/person\/2d4068cb2f39cd10008c2fce578a7356"},"headline":"Egyre nehezebb felm\u00e1szni a vil\u00e1g tetej\u00e9re","datePublished":"2019-06-04T18:32:09+00:00","dateModified":"2019-06-04T18:32:10+00:00","mainEntityOfPage":{"@id":"https:\/\/super-news.info\/hu\/egyre-nehezebb-felmaszni-a-vilag-tetejere\/"},"wordCount":476,"commentCount":0,"image":{"@id":"https:\/\/super-news.info\/hu\/egyre-nehezebb-felmaszni-a-vilag-tetejere\/#primaryimage"},"thumbnailUrl":"https:\/\/super-news.info\/hu\/wp-content\/uploads\/sites\/3\/2019\/06\/Egyre-nehezebb-felm\u00e1szni-a-vil\u00e1g-tetej\u00e9re.jpg","articleSection":["P\u00c9NZ\u00dcGYI H\u00cdREK"],"inLanguage":"hu","potentialAction":[{"@type":"CommentAction","name":"Comment","target":["https:\/\/super-news.info\/hu\/egyre-nehezebb-felmaszni-a-vilag-tetejere\/#respond"]}]},{"@type":"WebPage","@id":"https:\/\/super-news.info\/hu\/egyre-nehezebb-felmaszni-a-vilag-tetejere\/","url":"https:\/\/super-news.info\/hu\/egyre-nehezebb-felmaszni-a-vilag-tetejere\/","name":"Egyre nehezebb felm\u00e1szni a vil\u00e1g tetej\u00e9re - Super News","isPartOf":{"@id":"https:\/\/super-news.info\/hu\/#website"},"primaryImageOfPage":{"@id":"https:\/\/super-news.info\/hu\/egyre-nehezebb-felmaszni-a-vilag-tetejere\/#primaryimage"},"image":{"@id":"https:\/\/super-news.info\/hu\/egyre-nehezebb-felmaszni-a-vilag-tetejere\/#primaryimage"},"thumbnailUrl":"https:\/\/super-news.info\/hu\/wp-content\/uploads\/sites\/3\/2019\/06\/Egyre-nehezebb-felm\u00e1szni-a-vil\u00e1g-tetej\u00e9re.jpg","datePublished":"2019-06-04T18:32:09+00:00","dateModified":"2019-06-04T18:32:10+00:00","author":{"@id":"https:\/\/super-news.info\/hu\/#\/schema\/person\/2d4068cb2f39cd10008c2fce578a7356"},"breadcrumb":{"@id":"https:\/\/super-news.info\/hu\/egyre-nehezebb-felmaszni-a-vilag-tetejere\/#breadcrumb"},"inLanguage":"hu","potentialAction":[{"@type":"ReadAction","target":["https:\/\/super-news.info\/hu\/egyre-nehezebb-felmaszni-a-vilag-tetejere\/"]}]},{"@type":"ImageObject","inLanguage":"hu","@id":"https:\/\/super-news.info\/hu\/egyre-nehezebb-felmaszni-a-vilag-tetejere\/#primaryimage","url":"https:\/\/super-news.info\/hu\/wp-content\/uploads\/sites\/3\/2019\/06\/Egyre-nehezebb-felm\u00e1szni-a-vil\u00e1g-tetej\u00e9re.jpg","contentUrl":"https:\/\/super-news.info\/hu\/wp-content\/uploads\/sites\/3\/2019\/06\/Egyre-nehezebb-felm\u00e1szni-a-vil\u00e1g-tetej\u00e9re.jpg","width":1400,"height":932,"caption":"Egyre nehezebb felm\u00e1szni a vil\u00e1g tetej\u00e9re"},{"@type":"BreadcrumbList","@id":"https:\/\/super-news.info\/hu\/egyre-nehezebb-felmaszni-a-vilag-tetejere\/#breadcrumb","itemListElement":[{"@type":"ListItem","position":1,"name":"\u0413\u043b\u0430\u0432\u043d\u0430\u044f \u0441\u0442\u0440\u0430\u043d\u0438\u0446\u0430","item":"https:\/\/super-news.info\/hu\/"},{"@type":"ListItem","position":2,"name":"Egyre nehezebb felm\u00e1szni a vil\u00e1g tetej\u00e9re"}]},{"@type":"WebSite","@id":"https:\/\/super-news.info\/hu\/#website","url":"https:\/\/super-news.info\/hu\/","name":"Super News","description":"Super News Magyarorsz\u00e1g","potentialAction":[{"@type":"SearchAction","target":{"@type":"EntryPoint","urlTemplate":"https:\/\/super-news.info\/hu\/?s={search_term_string}"},"query-input":{"@type":"PropertyValueSpecification","valueRequired":true,"valueName":"search_term_string"}}],"inLanguage":"hu"},{"@type":"Person","@id":"https:\/\/super-news.info\/hu\/#\/schema\/person\/2d4068cb2f39cd10008c2fce578a7356","name":"super-news","image":{"@type":"ImageObject","inLanguage":"hu","@id":"https:\/\/secure.gravatar.com\/avatar\/64ebac40b93f26a154f8a9b5b6fdccfc46f442b26b3dd6756dbff3bf9dc76fd7?s=96&d=mm&r=g","url":"https:\/\/secure.gravatar.com\/avatar\/64ebac40b93f26a154f8a9b5b6fdccfc46f442b26b3dd6756dbff3bf9dc76fd7?s=96&d=mm&r=g","contentUrl":"https:\/\/secure.gravatar.com\/avatar\/64ebac40b93f26a154f8a9b5b6fdccfc46f442b26b3dd6756dbff3bf9dc76fd7?s=96&d=mm&r=g","caption":"super-news"},"url":"https:\/\/super-news.info\/hu\/author\/pt\/"}]}},"_links":{"self":[{"href":"https:\/\/super-news.info\/hu\/wp-json\/wp\/v2\/posts\/3401","targetHints":{"allow":["GET"]}}],"collection":[{"href":"https:\/\/super-news.info\/hu\/wp-json\/wp\/v2\/posts"}],"about":[{"href":"https:\/\/super-news.info\/hu\/wp-json\/wp\/v2\/types\/post"}],"author":[{"embeddable":true,"href":"https:\/\/super-news.info\/hu\/wp-json\/wp\/v2\/users\/2"}],"replies":[{"embeddable":true,"href":"https:\/\/super-news.info\/hu\/wp-json\/wp\/v2\/comments?post=3401"}],"version-history":[{"count":1,"href":"https:\/\/super-news.info\/hu\/wp-json\/wp\/v2\/posts\/3401\/revisions"}],"predecessor-version":[{"id":3403,"href":"https:\/\/super-news.info\/hu\/wp-json\/wp\/v2\/posts\/3401\/revisions\/3403"}],"wp:featuredmedia":[{"embeddable":true,"href":"https:\/\/super-news.info\/hu\/wp-json\/wp\/v2\/media\/3402"}],"wp:attachment":[{"href":"https:\/\/super-news.info\/hu\/wp-json\/wp\/v2\/media?parent=3401"}],"wp:term":[{"taxonomy":"category","embeddable":true,"href":"https:\/\/super-news.info\/hu\/wp-json\/wp\/v2\/categories?post=3401"},{"taxonomy":"post_tag","embeddable":true,"href":"https:\/\/super-news.info\/hu\/wp-json\/wp\/v2\/tags?post=3401"}],"curies":[{"name":"wp","href":"https:\/\/api.w.org\/{rel}","templated":true}]}}