{"id":3398,"date":"2019-06-04T20:35:35","date_gmt":"2019-06-04T17:35:35","guid":{"rendered":"https:\/\/super-news.info\/hu\/lassan-magasabb-az-indiai-szemethegy-mint-a-tadzs-mahal\/"},"modified":"2019-06-04T20:35:38","modified_gmt":"2019-06-04T17:35:38","slug":"lassan-magasabb-az-indiai-szemethegy-mint-a-tadzs-mahal","status":"publish","type":"post","link":"https:\/\/super-news.info\/hu\/lassan-magasabb-az-indiai-szemethegy-mint-a-tadzs-mahal\/","title":{"rendered":"Lassan magasabb az indiai szem\u00e9thegy, mint a T\u00e1dzs Mahal"},"content":{"rendered":"<p> [ad_1]<br \/>\n<\/p>\n<p>\n\t\t\t\t\t\t\t\tM\u00e1r mintegy 60 m\u00e9ter magas az indiai f\u0151v\u00e1ros, \u00dajdelhi keleti peremv\u00e1ros\u00e1ban elter\u00fcl\u0151 szem\u00e9thegy, amely j\u00f6v\u0151re magasabb lesz mint az orsz\u00e1g ikonikus m\u0171eml\u00e9ke.\t\t\t\t\t\t\t<\/p>\n<div>\n<p>A G\u00e1zipurban l\u00e9v\u0151, t\u00f6bb mint 40 futballp\u00e1ly\u00e1nyi ter\u00fcleten h\u00faz\u00f3d\u00f3 szem\u00e9tlerak\u00f3 \u00e9vente mintegy 10 m\u00e9terrel n\u00f6vekszik. Ar\u00fan Kumar Kelet-Delhi t\u00e9rs\u00e9g\u00e9rt felel\u0151s f\u0151m\u00e9rn\u00f6k szerint ha a jelenlegi trend folytat\u00f3dik, j\u00f6v\u0151re magasabb lesz, mint a 73 m\u00e9teres T\u00e1dzs Mahal.<\/p>\n<p>Az indiai legfels\u0151 b\u00edr\u00f3s\u00e1g tavaly m\u00e1r arra figyelmeztetett, hogy hamarosan v\u00f6r\u00f6s l\u00e1mp\u00e1kat kell fel\u00e1ll\u00edtani k\u00f6r\u00fcl\u00f6tte a rep\u00fcl\u0151g\u00e9pek figyelmeztet\u00e9s\u00e9re.<\/p>\n<p>A g\u00e1zipuri szem\u00e9tlerak\u00f3t 1984-ben nyitott\u00e1k meg \u00e9s 2002-re el\u00e9rte kapacit\u00e1sa hat\u00e1r\u00e1t, ekkor be kellett volna z\u00e1rni. \u00c1m az\u00f3ta is t\u00f6bb sz\u00e1z teheraut\u00f3 \u00e9rkezik naponta az indiai f\u0151v\u00e1rosban \u00f6sszegy\u0171jt\u00f6tt szem\u00e9ttel.<\/p>\n<blockquote>\n<p>Naponta mintegy k\u00e9tezer tonna szemetet raknak le G\u00e1zipurban<\/p>\n<\/blockquote>\n<p>\u2013 mondta az indiai f\u0151v\u00e1ros \u00f6nkorm\u00e1nyzat\u00e1nak egyik illet\u00e9kese.<\/p>\n<div id=\"attachment_1552322\" style=\"width: 1410px\" class=\"wp-caption aligncenter\">\n<p class=\"wp-caption-text\">Fot\u00f3: AFP<\/p>\n<\/div>\n<p>2018-ban a szem\u00e9thegy egy r\u00e9sze leomlott a heves es\u0151z\u00e9sek k\u00f6vetkezt\u00e9ben meg\u00f6lve k\u00e9t embert. B\u00e1r akkor betiltott\u00e1k a szem\u00e9tlerak\u00e1st, az int\u00e9zked\u00e9s csak n\u00e9h\u00e1ny napig tartott, mert a hat\u00f3s\u00e1gok nem tal\u00e1ltak alternat\u00edv\u00e1t a szem\u00e9tlerak\u00e1sra.<\/p>\n<p>A szem\u00e9thegyb\u0151l kisziv\u00e1rg\u00f3 met\u00e1ng\u00e1z rendszeresen okoz t\u00fczeket, amelyek elolt\u00e1sa napokba telik.<\/p>\n<p>S\u00e1mbhavi Sukla, az \u00fajdelhi tudom\u00e1nyos \u00e9s k\u00f6rnyezetkutat\u00f3 k\u00f6zpont kutat\u00f3ja szerint a met\u00e1nsziv\u00e1rg\u00e1s ak\u00e1r hal\u00e1los is lehet, ha a l\u00e9gk\u00f6rbe vegy\u00fcl. A szem\u00e9tlerak\u00f3b\u00f3l fekete m\u00e9rgez\u0151 folyad\u00e9k folyik ki a helyi csatorn\u00e1ba. \u201eEzt mind meg kell \u00e1ll\u00edtani, mivel a folyamatos szem\u00e9tlerak\u00e1s s\u00falyosan szennyezi a leveg\u0151t \u00e9s a talajvizet\u201d \u2013 k\u00f6z\u00f6lte Csitra Mukerdzsi, a Csinta k\u00f6rnyezetv\u00e9d\u0151 csoport igazgat\u00f3ja. Helyi lakosok szerint a szem\u00e9tlerak\u00f3 k\u00f6rzet\u00e9ben szinte lehetetlen leveg\u0151t venni. Sokan el is k\u00f6lt\u00f6znek a t\u00e9rs\u00e9gb\u0151l.<\/p>\n<p>Egy minapi tanulm\u00e1ny szerint a szem\u00e9tlerak\u00f3 \u00f6tkilom\u00e9teres k\u00f6rzetben vesz\u00e9lyezteti az emberek eg\u00e9szs\u00e9g\u00e9t, r\u00e1kot okozhat.<\/p>\n<p>A lakosok szerint nem jelent megold\u00e1st a szem\u00e9tlerak\u00f3 mellett l\u00e9tes\u00fclt, szem\u00e9tb\u0151l energi\u00e1t el\u0151\u00e1ll\u00edt\u00f3 \u00fczem, mivel a szem\u00e9t el\u00e9get\u00e9se nyom\u00e1n keletkez\u0151 f\u00fcst szint\u00e9n m\u00e9rgez\u0151. Egy helyi orvos elmondta, hogy naponta mintegy 70 embert, k\u00f6zt\u00fck gyermekeket kezel l\u00e9gz\u0151szervi \u00e9s gyomorb\u00e1ntalmakkal, amelyeket a szennyvezett leveg\u0151 okoz.<\/p>\n<p>Az indiai v\u00e1rosok a vil\u00e1g legnagyobb szem\u00e9ttermel\u0151i, \u00e9vente mintegy 62 milli\u00f3 szemetet gener\u00e1lnak, ami 2030-ra a 165 milli\u00f3 tonn\u00e1t is el\u00e9rheti a korm\u00e1ny el\u0151rejelz\u00e9sei szerint.<\/p>\n<\/p><\/div>\n<p><script>\n    window.fbAsyncInit = function() {\n        FB.init({\n            appId      : \"204760236815359\",\n            xfbml      : true,\n            version    : \"v2.12\"\n        });\n        FB.AppEvents.logPageView();\n    };<\/p>\n<p>    (function(d, s, id){\n        var js, fjs = d.getElementsByTagName(s)[0];\n        if (d.getElementById(id)) {return;}\n        js = d.createElement(s); js.id = id;\n        js.src = \"http:\/\/connect.facebook.net\/hu_HU\/sdk.js\";\n        fjs.parentNode.insertBefore(js, fjs);\n    }(document, \"script\", \"facebook-jssdk\"));\n<\/script><br \/>\n<br \/>[ad_2]<br \/>\n<br \/><a href=\"https:\/\/www.vg.hu\/kozelet\/kornyezetvedelem\/lassan-magasabb-az-indiai-szemethegy-mint-a-tadzs-mahal-1552313\/\">Source link <\/a><\/p>\n","protected":false},"excerpt":{"rendered":"<p>[ad_1] M\u00e1r mintegy 60 m\u00e9ter magas az indiai f\u0151v\u00e1ros, \u00dajdelhi keleti peremv\u00e1ros\u00e1ban elter\u00fcl\u0151 szem\u00e9thegy, amely j\u00f6v\u0151re magasabb lesz mint az orsz\u00e1g ikonikus m\u0171eml\u00e9ke. A G\u00e1zipurban l\u00e9v\u0151, t\u00f6bb mint 40 futballp\u00e1ly\u00e1nyi ter\u00fcleten h\u00faz\u00f3d\u00f3 szem\u00e9tlerak\u00f3 \u00e9vente mintegy 10 m\u00e9terrel n\u00f6vekszik. Ar\u00fan Kumar Kelet-Delhi t\u00e9rs\u00e9g\u00e9rt felel\u0151s f\u0151m\u00e9rn\u00f6k szerint ha a jelenlegi trend folytat\u00f3dik, j\u00f6v\u0151re magasabb lesz, mint a [&hellip;]<\/p>\n","protected":false},"author":2,"featured_media":3399,"comment_status":"open","ping_status":"open","sticky":false,"template":"","format":"standard","meta":{"footnotes":""},"categories":[1],"tags":[],"class_list":["post-3398","post","type-post","status-publish","format-standard","has-post-thumbnail","hentry","category-penzugyi-hirek"],"yoast_head":"<!-- This site is optimized with the Yoast SEO plugin v27.4 - https:\/\/yoast.com\/product\/yoast-seo-wordpress\/ -->\n<title>Lassan magasabb az indiai szem\u00e9thegy, mint a T\u00e1dzs Mahal - Super News<\/title>\n<meta name=\"robots\" content=\"index, follow, max-snippet:-1, max-image-preview:large, max-video-preview:-1\" \/>\n<link rel=\"canonical\" href=\"https:\/\/super-news.info\/hu\/lassan-magasabb-az-indiai-szemethegy-mint-a-tadzs-mahal\/\" \/>\n<meta property=\"og:locale\" content=\"hu_HU\" \/>\n<meta property=\"og:type\" content=\"article\" \/>\n<meta property=\"og:title\" content=\"Lassan magasabb az indiai szem\u00e9thegy, mint a T\u00e1dzs Mahal - Super News\" \/>\n<meta property=\"og:description\" content=\"[ad_1] M\u00e1r mintegy 60 m\u00e9ter magas az indiai f\u0151v\u00e1ros, \u00dajdelhi keleti peremv\u00e1ros\u00e1ban elter\u00fcl\u0151 szem\u00e9thegy, amely j\u00f6v\u0151re magasabb lesz mint az orsz\u00e1g ikonikus m\u0171eml\u00e9ke. A G\u00e1zipurban l\u00e9v\u0151, t\u00f6bb mint 40 futballp\u00e1ly\u00e1nyi ter\u00fcleten h\u00faz\u00f3d\u00f3 szem\u00e9tlerak\u00f3 \u00e9vente mintegy 10 m\u00e9terrel n\u00f6vekszik. Ar\u00fan Kumar Kelet-Delhi t\u00e9rs\u00e9g\u00e9rt felel\u0151s f\u0151m\u00e9rn\u00f6k szerint ha a jelenlegi trend folytat\u00f3dik, j\u00f6v\u0151re magasabb lesz, mint a [&hellip;]\" \/>\n<meta property=\"og:url\" content=\"https:\/\/super-news.info\/hu\/lassan-magasabb-az-indiai-szemethegy-mint-a-tadzs-mahal\/\" \/>\n<meta property=\"og:site_name\" content=\"Super News\" \/>\n<meta property=\"article:published_time\" content=\"2019-06-04T17:35:35+00:00\" \/>\n<meta property=\"article:modified_time\" content=\"2019-06-04T17:35:38+00:00\" \/>\n<meta property=\"og:image\" content=\"https:\/\/super-news.info\/hu\/wp-content\/uploads\/sites\/3\/2019\/06\/Lassan-magasabb-az-indiai-szem\u00e9thegy-mint-a-T\u00e1dzs-Mahal.jpg\" \/>\n\t<meta property=\"og:image:width\" content=\"1400\" \/>\n\t<meta property=\"og:image:height\" content=\"1050\" \/>\n\t<meta property=\"og:image:type\" content=\"image\/jpeg\" \/>\n<meta name=\"author\" content=\"super-news\" \/>\n<meta name=\"twitter:card\" content=\"summary_large_image\" \/>\n<meta name=\"twitter:label1\" content=\"Szerz\u0151:\" \/>\n\t<meta name=\"twitter:data1\" content=\"super-news\" \/>\n\t<meta name=\"twitter:label2\" content=\"Becs\u00fclt olvas\u00e1si id\u0151\" \/>\n\t<meta name=\"twitter:data2\" content=\"3 perc\" \/>\n<script type=\"application\/ld+json\" class=\"yoast-schema-graph\">{\"@context\":\"https:\\\/\\\/schema.org\",\"@graph\":[{\"@type\":\"Article\",\"@id\":\"https:\\\/\\\/super-news.info\\\/hu\\\/lassan-magasabb-az-indiai-szemethegy-mint-a-tadzs-mahal\\\/#article\",\"isPartOf\":{\"@id\":\"https:\\\/\\\/super-news.info\\\/hu\\\/lassan-magasabb-az-indiai-szemethegy-mint-a-tadzs-mahal\\\/\"},\"author\":{\"name\":\"super-news\",\"@id\":\"https:\\\/\\\/super-news.info\\\/hu\\\/#\\\/schema\\\/person\\\/2d4068cb2f39cd10008c2fce578a7356\"},\"headline\":\"Lassan magasabb az indiai szem\u00e9thegy, mint a T\u00e1dzs Mahal\",\"datePublished\":\"2019-06-04T17:35:35+00:00\",\"dateModified\":\"2019-06-04T17:35:38+00:00\",\"mainEntityOfPage\":{\"@id\":\"https:\\\/\\\/super-news.info\\\/hu\\\/lassan-magasabb-az-indiai-szemethegy-mint-a-tadzs-mahal\\\/\"},\"wordCount\":512,\"commentCount\":0,\"image\":{\"@id\":\"https:\\\/\\\/super-news.info\\\/hu\\\/lassan-magasabb-az-indiai-szemethegy-mint-a-tadzs-mahal\\\/#primaryimage\"},\"thumbnailUrl\":\"https:\\\/\\\/super-news.info\\\/hu\\\/wp-content\\\/uploads\\\/sites\\\/3\\\/2019\\\/06\\\/Lassan-magasabb-az-indiai-szem\u00e9thegy-mint-a-T\u00e1dzs-Mahal.jpg\",\"articleSection\":[\"P\u00c9NZ\u00dcGYI H\u00cdREK\"],\"inLanguage\":\"hu\",\"potentialAction\":[{\"@type\":\"CommentAction\",\"name\":\"Comment\",\"target\":[\"https:\\\/\\\/super-news.info\\\/hu\\\/lassan-magasabb-az-indiai-szemethegy-mint-a-tadzs-mahal\\\/#respond\"]}]},{\"@type\":\"WebPage\",\"@id\":\"https:\\\/\\\/super-news.info\\\/hu\\\/lassan-magasabb-az-indiai-szemethegy-mint-a-tadzs-mahal\\\/\",\"url\":\"https:\\\/\\\/super-news.info\\\/hu\\\/lassan-magasabb-az-indiai-szemethegy-mint-a-tadzs-mahal\\\/\",\"name\":\"Lassan magasabb az indiai szem\u00e9thegy, mint a T\u00e1dzs Mahal - Super News\",\"isPartOf\":{\"@id\":\"https:\\\/\\\/super-news.info\\\/hu\\\/#website\"},\"primaryImageOfPage\":{\"@id\":\"https:\\\/\\\/super-news.info\\\/hu\\\/lassan-magasabb-az-indiai-szemethegy-mint-a-tadzs-mahal\\\/#primaryimage\"},\"image\":{\"@id\":\"https:\\\/\\\/super-news.info\\\/hu\\\/lassan-magasabb-az-indiai-szemethegy-mint-a-tadzs-mahal\\\/#primaryimage\"},\"thumbnailUrl\":\"https:\\\/\\\/super-news.info\\\/hu\\\/wp-content\\\/uploads\\\/sites\\\/3\\\/2019\\\/06\\\/Lassan-magasabb-az-indiai-szem\u00e9thegy-mint-a-T\u00e1dzs-Mahal.jpg\",\"datePublished\":\"2019-06-04T17:35:35+00:00\",\"dateModified\":\"2019-06-04T17:35:38+00:00\",\"author\":{\"@id\":\"https:\\\/\\\/super-news.info\\\/hu\\\/#\\\/schema\\\/person\\\/2d4068cb2f39cd10008c2fce578a7356\"},\"breadcrumb\":{\"@id\":\"https:\\\/\\\/super-news.info\\\/hu\\\/lassan-magasabb-az-indiai-szemethegy-mint-a-tadzs-mahal\\\/#breadcrumb\"},\"inLanguage\":\"hu\",\"potentialAction\":[{\"@type\":\"ReadAction\",\"target\":[\"https:\\\/\\\/super-news.info\\\/hu\\\/lassan-magasabb-az-indiai-szemethegy-mint-a-tadzs-mahal\\\/\"]}]},{\"@type\":\"ImageObject\",\"inLanguage\":\"hu\",\"@id\":\"https:\\\/\\\/super-news.info\\\/hu\\\/lassan-magasabb-az-indiai-szemethegy-mint-a-tadzs-mahal\\\/#primaryimage\",\"url\":\"https:\\\/\\\/super-news.info\\\/hu\\\/wp-content\\\/uploads\\\/sites\\\/3\\\/2019\\\/06\\\/Lassan-magasabb-az-indiai-szem\u00e9thegy-mint-a-T\u00e1dzs-Mahal.jpg\",\"contentUrl\":\"https:\\\/\\\/super-news.info\\\/hu\\\/wp-content\\\/uploads\\\/sites\\\/3\\\/2019\\\/06\\\/Lassan-magasabb-az-indiai-szem\u00e9thegy-mint-a-T\u00e1dzs-Mahal.jpg\",\"width\":1400,\"height\":1050,\"caption\":\"Lassan magasabb az indiai szem\u00e9thegy, mint a T\u00e1dzs Mahal\"},{\"@type\":\"BreadcrumbList\",\"@id\":\"https:\\\/\\\/super-news.info\\\/hu\\\/lassan-magasabb-az-indiai-szemethegy-mint-a-tadzs-mahal\\\/#breadcrumb\",\"itemListElement\":[{\"@type\":\"ListItem\",\"position\":1,\"name\":\"\u0413\u043b\u0430\u0432\u043d\u0430\u044f \u0441\u0442\u0440\u0430\u043d\u0438\u0446\u0430\",\"item\":\"https:\\\/\\\/super-news.info\\\/hu\\\/\"},{\"@type\":\"ListItem\",\"position\":2,\"name\":\"Lassan magasabb az indiai szem\u00e9thegy, mint a T\u00e1dzs Mahal\"}]},{\"@type\":\"WebSite\",\"@id\":\"https:\\\/\\\/super-news.info\\\/hu\\\/#website\",\"url\":\"https:\\\/\\\/super-news.info\\\/hu\\\/\",\"name\":\"Super News\",\"description\":\"Super News Magyarorsz\u00e1g\",\"potentialAction\":[{\"@type\":\"SearchAction\",\"target\":{\"@type\":\"EntryPoint\",\"urlTemplate\":\"https:\\\/\\\/super-news.info\\\/hu\\\/?s={search_term_string}\"},\"query-input\":{\"@type\":\"PropertyValueSpecification\",\"valueRequired\":true,\"valueName\":\"search_term_string\"}}],\"inLanguage\":\"hu\"},{\"@type\":\"Person\",\"@id\":\"https:\\\/\\\/super-news.info\\\/hu\\\/#\\\/schema\\\/person\\\/2d4068cb2f39cd10008c2fce578a7356\",\"name\":\"super-news\",\"image\":{\"@type\":\"ImageObject\",\"inLanguage\":\"hu\",\"@id\":\"https:\\\/\\\/secure.gravatar.com\\\/avatar\\\/64ebac40b93f26a154f8a9b5b6fdccfc46f442b26b3dd6756dbff3bf9dc76fd7?s=96&d=mm&r=g\",\"url\":\"https:\\\/\\\/secure.gravatar.com\\\/avatar\\\/64ebac40b93f26a154f8a9b5b6fdccfc46f442b26b3dd6756dbff3bf9dc76fd7?s=96&d=mm&r=g\",\"contentUrl\":\"https:\\\/\\\/secure.gravatar.com\\\/avatar\\\/64ebac40b93f26a154f8a9b5b6fdccfc46f442b26b3dd6756dbff3bf9dc76fd7?s=96&d=mm&r=g\",\"caption\":\"super-news\"},\"url\":\"https:\\\/\\\/super-news.info\\\/hu\\\/author\\\/pt\\\/\"}]}<\/script>\n<!-- \/ Yoast SEO plugin. -->","yoast_head_json":{"title":"Lassan magasabb az indiai szem\u00e9thegy, mint a T\u00e1dzs Mahal - Super News","robots":{"index":"index","follow":"follow","max-snippet":"max-snippet:-1","max-image-preview":"max-image-preview:large","max-video-preview":"max-video-preview:-1"},"canonical":"https:\/\/super-news.info\/hu\/lassan-magasabb-az-indiai-szemethegy-mint-a-tadzs-mahal\/","og_locale":"hu_HU","og_type":"article","og_title":"Lassan magasabb az indiai szem\u00e9thegy, mint a T\u00e1dzs Mahal - Super News","og_description":"[ad_1] M\u00e1r mintegy 60 m\u00e9ter magas az indiai f\u0151v\u00e1ros, \u00dajdelhi keleti peremv\u00e1ros\u00e1ban elter\u00fcl\u0151 szem\u00e9thegy, amely j\u00f6v\u0151re magasabb lesz mint az orsz\u00e1g ikonikus m\u0171eml\u00e9ke. A G\u00e1zipurban l\u00e9v\u0151, t\u00f6bb mint 40 futballp\u00e1ly\u00e1nyi ter\u00fcleten h\u00faz\u00f3d\u00f3 szem\u00e9tlerak\u00f3 \u00e9vente mintegy 10 m\u00e9terrel n\u00f6vekszik. Ar\u00fan Kumar Kelet-Delhi t\u00e9rs\u00e9g\u00e9rt felel\u0151s f\u0151m\u00e9rn\u00f6k szerint ha a jelenlegi trend folytat\u00f3dik, j\u00f6v\u0151re magasabb lesz, mint a [&hellip;]","og_url":"https:\/\/super-news.info\/hu\/lassan-magasabb-az-indiai-szemethegy-mint-a-tadzs-mahal\/","og_site_name":"Super News","article_published_time":"2019-06-04T17:35:35+00:00","article_modified_time":"2019-06-04T17:35:38+00:00","og_image":[{"width":1400,"height":1050,"url":"https:\/\/super-news.info\/hu\/wp-content\/uploads\/sites\/3\/2019\/06\/Lassan-magasabb-az-indiai-szem\u00e9thegy-mint-a-T\u00e1dzs-Mahal.jpg","type":"image\/jpeg"}],"author":"super-news","twitter_card":"summary_large_image","twitter_misc":{"Szerz\u0151:":"super-news","Becs\u00fclt olvas\u00e1si id\u0151":"3 perc"},"schema":{"@context":"https:\/\/schema.org","@graph":[{"@type":"Article","@id":"https:\/\/super-news.info\/hu\/lassan-magasabb-az-indiai-szemethegy-mint-a-tadzs-mahal\/#article","isPartOf":{"@id":"https:\/\/super-news.info\/hu\/lassan-magasabb-az-indiai-szemethegy-mint-a-tadzs-mahal\/"},"author":{"name":"super-news","@id":"https:\/\/super-news.info\/hu\/#\/schema\/person\/2d4068cb2f39cd10008c2fce578a7356"},"headline":"Lassan magasabb az indiai szem\u00e9thegy, mint a T\u00e1dzs Mahal","datePublished":"2019-06-04T17:35:35+00:00","dateModified":"2019-06-04T17:35:38+00:00","mainEntityOfPage":{"@id":"https:\/\/super-news.info\/hu\/lassan-magasabb-az-indiai-szemethegy-mint-a-tadzs-mahal\/"},"wordCount":512,"commentCount":0,"image":{"@id":"https:\/\/super-news.info\/hu\/lassan-magasabb-az-indiai-szemethegy-mint-a-tadzs-mahal\/#primaryimage"},"thumbnailUrl":"https:\/\/super-news.info\/hu\/wp-content\/uploads\/sites\/3\/2019\/06\/Lassan-magasabb-az-indiai-szem\u00e9thegy-mint-a-T\u00e1dzs-Mahal.jpg","articleSection":["P\u00c9NZ\u00dcGYI H\u00cdREK"],"inLanguage":"hu","potentialAction":[{"@type":"CommentAction","name":"Comment","target":["https:\/\/super-news.info\/hu\/lassan-magasabb-az-indiai-szemethegy-mint-a-tadzs-mahal\/#respond"]}]},{"@type":"WebPage","@id":"https:\/\/super-news.info\/hu\/lassan-magasabb-az-indiai-szemethegy-mint-a-tadzs-mahal\/","url":"https:\/\/super-news.info\/hu\/lassan-magasabb-az-indiai-szemethegy-mint-a-tadzs-mahal\/","name":"Lassan magasabb az indiai szem\u00e9thegy, mint a T\u00e1dzs Mahal - Super News","isPartOf":{"@id":"https:\/\/super-news.info\/hu\/#website"},"primaryImageOfPage":{"@id":"https:\/\/super-news.info\/hu\/lassan-magasabb-az-indiai-szemethegy-mint-a-tadzs-mahal\/#primaryimage"},"image":{"@id":"https:\/\/super-news.info\/hu\/lassan-magasabb-az-indiai-szemethegy-mint-a-tadzs-mahal\/#primaryimage"},"thumbnailUrl":"https:\/\/super-news.info\/hu\/wp-content\/uploads\/sites\/3\/2019\/06\/Lassan-magasabb-az-indiai-szem\u00e9thegy-mint-a-T\u00e1dzs-Mahal.jpg","datePublished":"2019-06-04T17:35:35+00:00","dateModified":"2019-06-04T17:35:38+00:00","author":{"@id":"https:\/\/super-news.info\/hu\/#\/schema\/person\/2d4068cb2f39cd10008c2fce578a7356"},"breadcrumb":{"@id":"https:\/\/super-news.info\/hu\/lassan-magasabb-az-indiai-szemethegy-mint-a-tadzs-mahal\/#breadcrumb"},"inLanguage":"hu","potentialAction":[{"@type":"ReadAction","target":["https:\/\/super-news.info\/hu\/lassan-magasabb-az-indiai-szemethegy-mint-a-tadzs-mahal\/"]}]},{"@type":"ImageObject","inLanguage":"hu","@id":"https:\/\/super-news.info\/hu\/lassan-magasabb-az-indiai-szemethegy-mint-a-tadzs-mahal\/#primaryimage","url":"https:\/\/super-news.info\/hu\/wp-content\/uploads\/sites\/3\/2019\/06\/Lassan-magasabb-az-indiai-szem\u00e9thegy-mint-a-T\u00e1dzs-Mahal.jpg","contentUrl":"https:\/\/super-news.info\/hu\/wp-content\/uploads\/sites\/3\/2019\/06\/Lassan-magasabb-az-indiai-szem\u00e9thegy-mint-a-T\u00e1dzs-Mahal.jpg","width":1400,"height":1050,"caption":"Lassan magasabb az indiai szem\u00e9thegy, mint a T\u00e1dzs Mahal"},{"@type":"BreadcrumbList","@id":"https:\/\/super-news.info\/hu\/lassan-magasabb-az-indiai-szemethegy-mint-a-tadzs-mahal\/#breadcrumb","itemListElement":[{"@type":"ListItem","position":1,"name":"\u0413\u043b\u0430\u0432\u043d\u0430\u044f \u0441\u0442\u0440\u0430\u043d\u0438\u0446\u0430","item":"https:\/\/super-news.info\/hu\/"},{"@type":"ListItem","position":2,"name":"Lassan magasabb az indiai szem\u00e9thegy, mint a T\u00e1dzs Mahal"}]},{"@type":"WebSite","@id":"https:\/\/super-news.info\/hu\/#website","url":"https:\/\/super-news.info\/hu\/","name":"Super News","description":"Super News Magyarorsz\u00e1g","potentialAction":[{"@type":"SearchAction","target":{"@type":"EntryPoint","urlTemplate":"https:\/\/super-news.info\/hu\/?s={search_term_string}"},"query-input":{"@type":"PropertyValueSpecification","valueRequired":true,"valueName":"search_term_string"}}],"inLanguage":"hu"},{"@type":"Person","@id":"https:\/\/super-news.info\/hu\/#\/schema\/person\/2d4068cb2f39cd10008c2fce578a7356","name":"super-news","image":{"@type":"ImageObject","inLanguage":"hu","@id":"https:\/\/secure.gravatar.com\/avatar\/64ebac40b93f26a154f8a9b5b6fdccfc46f442b26b3dd6756dbff3bf9dc76fd7?s=96&d=mm&r=g","url":"https:\/\/secure.gravatar.com\/avatar\/64ebac40b93f26a154f8a9b5b6fdccfc46f442b26b3dd6756dbff3bf9dc76fd7?s=96&d=mm&r=g","contentUrl":"https:\/\/secure.gravatar.com\/avatar\/64ebac40b93f26a154f8a9b5b6fdccfc46f442b26b3dd6756dbff3bf9dc76fd7?s=96&d=mm&r=g","caption":"super-news"},"url":"https:\/\/super-news.info\/hu\/author\/pt\/"}]}},"_links":{"self":[{"href":"https:\/\/super-news.info\/hu\/wp-json\/wp\/v2\/posts\/3398","targetHints":{"allow":["GET"]}}],"collection":[{"href":"https:\/\/super-news.info\/hu\/wp-json\/wp\/v2\/posts"}],"about":[{"href":"https:\/\/super-news.info\/hu\/wp-json\/wp\/v2\/types\/post"}],"author":[{"embeddable":true,"href":"https:\/\/super-news.info\/hu\/wp-json\/wp\/v2\/users\/2"}],"replies":[{"embeddable":true,"href":"https:\/\/super-news.info\/hu\/wp-json\/wp\/v2\/comments?post=3398"}],"version-history":[{"count":1,"href":"https:\/\/super-news.info\/hu\/wp-json\/wp\/v2\/posts\/3398\/revisions"}],"predecessor-version":[{"id":3400,"href":"https:\/\/super-news.info\/hu\/wp-json\/wp\/v2\/posts\/3398\/revisions\/3400"}],"wp:featuredmedia":[{"embeddable":true,"href":"https:\/\/super-news.info\/hu\/wp-json\/wp\/v2\/media\/3399"}],"wp:attachment":[{"href":"https:\/\/super-news.info\/hu\/wp-json\/wp\/v2\/media?parent=3398"}],"wp:term":[{"taxonomy":"category","embeddable":true,"href":"https:\/\/super-news.info\/hu\/wp-json\/wp\/v2\/categories?post=3398"},{"taxonomy":"post_tag","embeddable":true,"href":"https:\/\/super-news.info\/hu\/wp-json\/wp\/v2\/tags?post=3398"}],"curies":[{"name":"wp","href":"https:\/\/api.w.org\/{rel}","templated":true}]}}