{"id":3392,"date":"2019-06-04T19:33:46","date_gmt":"2019-06-04T16:33:46","guid":{"rendered":"https:\/\/super-news.info\/hu\/jovore-is-folytatodnak-az-adocsokkentesek\/"},"modified":"2019-06-04T19:33:47","modified_gmt":"2019-06-04T16:33:47","slug":"jovore-is-folytatodnak-az-adocsokkentesek","status":"publish","type":"post","link":"https:\/\/super-news.info\/hu\/jovore-is-folytatodnak-az-adocsokkentesek\/","title":{"rendered":"J\u00f6v\u0151re is folytat\u00f3dnak az ad\u00f3cs\u00f6kkent\u00e9sek"},"content":{"rendered":"<p> [ad_1]<br \/>\n<\/p>\n<p>\n\t\t\t\t\t\t\t\tA csal\u00e1dv\u00e9delmi \u00e9s a gazdas\u00e1gv\u00e9delmi akci\u00f3val \u00f6sszhangban j\u00f6v\u0151re is folytat\u00f3dik az ad\u00f3- \u00e9s adminisztr\u00e1ci\u00f3 cs\u00f6kkent\u00e9s \u2013 ezt tartalmazza a kedden az Orsz\u00e1ggy\u0171l\u00e9s el\u00e9 ker\u00fcl\u0151 j\u00f6v\u0151 \u00e9vi ad\u00f3t\u00f6rv\u00e9nyr\u0151l sz\u00f3l\u00f3 javaslat. Az ad\u00f3rendszer alapjai v\u00e1ltozatlanok, a csal\u00e1di ad\u00f3rendszer megtart\u00e1sa, a n\u00e9gygyermekes any\u00e1k \u00e9lethosszig tart\u00f3 szja-mentess\u00e9g\u00e9nek bevezet\u00e9se mellett a gazdas\u00e1g minden szerepl\u0151j\u00e9nek k\u00f6nnyebb lesz 2020-ban. Cs\u00f6kken a kisv\u00e1llalati ad\u00f3, a sz\u00e1ll\u00e1shely \u00e1f\u00e1ja, nem kell rekl\u00e1mad\u00f3t fizetni, \u00e9s a felt\u00f6lt\u00e9si k\u00f6telezetts\u00e9ggel egy\u00fctt n\u00e9gy ad\u00f3fajta megsz\u0171nik.\t\t\t\t\t\t\t<\/p>\n<div>\n<p>A javaslat tartalmazza t\u00f6bbek k\u00f6z\u00f6tt a csal\u00e1dv\u00e9delmi akci\u00f3terv egyik legnagyobb v\u00edvm\u00e1ny\u00e1nak, a n\u00e9gygyermekes any\u00e1k \u00e9lethosszig tart\u00f3 szja-mentess\u00e9g\u00e9nek a r\u00e9szletszab\u00e1lyait is. E szerint 2020. janu\u00e1r 1-t\u0151l azok az \u00e9desany\u00e1k, akik legal\u00e1bb n\u00e9gy gyermeket sz\u00fcltek vagy fogadtak \u00f6r\u00f6kbe, \u00e9s azokat saj\u00e1t h\u00e1ztart\u00e1sukban nevelt\u00e9k a fizet\u00e9s\u00fckb\u0151l 15 sz\u00e1zal\u00e9kkal t\u00f6bbet vihetnek haza, amely \u00f6sszess\u00e9g\u00e9ben 22 milli\u00e1rd forintot hagy a nagycsal\u00e1dosokn\u00e1l. Az ad\u00f3rendszer alapja tov\u00e1bbra is Eur\u00f3pa egyik legalacsonyabb (15 sz\u00e1zal\u00e9k) szem\u00e9lyi j\u00f6vedelemad\u00f3 kulcs\u00e1n \u00e9s a csal\u00e1di ad\u00f3kedvezm\u00e9nyen alapul, ez ut\u00f3bbi 380 milli\u00e1rd forintot hagy j\u00f6v\u0151re a gyermekes csal\u00e1dokn\u00e1l \u2013 \u00edrja k\u00f6zlem\u00e9ny\u00e9ben a P\u00e9nz\u00fcgyminiszt\u00e9rium.<\/p>\n<p>E szerint a magyar v\u00e1llalkoz\u00e1sok tov\u00e1bbra is Eur\u00f3pa legalacsonyabb t\u00e1rsas\u00e1gi ad\u00f3j\u00e1t (9 sz\u00e1zal\u00e9k) fizetik \u00e9s a gazdas\u00e1gv\u00e9delmi akci\u00f3terv sz\u00e1mos pontja szint\u00e9n szerepel a jogszab\u00e1ly-tervezetben.<\/p>\n<ul>\n<li>J\u00f6v\u0151re 13-r\u00f3l 12 sz\u00e1zal\u00e9kra m\u00e9rs\u00e9kl\u0151dik a kisv\u00e1llalati ad\u00f3 m\u00e9rt\u00e9ke.<\/li>\n<li>Megsz\u0171nik az ad\u00f3felt\u00f6lt\u00e9s t\u00e1rsas\u00e1gi ad\u00f3ban, innov\u00e1ci\u00f3s j\u00e1rul\u00e9kban \u00e9s energiaell\u00e1t\u00f3k j\u00f6vedelemad\u00f3j\u00e1ban, \u00e1tmenetileg nulla sz\u00e1zal\u00e9kra cs\u00f6kken a rekl\u00e1mad\u00f3 kulcsa, mik\u00f6zben a sz\u00e1ll\u00e1shely-szolg\u00e1ltat\u00e1sok \u00e1f\u00e1ja \u2013 a 4 sz\u00e1zal\u00e9kos turisztikai fejleszt\u00e9si hozz\u00e1j\u00e1rul\u00e1s bevezet\u00e9se mellett \u2013 18 sz\u00e1zal\u00e9kr\u00f3l 5 sz\u00e1zal\u00e9kra v\u00e1ltozik.<\/li>\n<li>Megsz\u0171nik az egyszer\u0171s\u00edtett v\u00e1llalkoz\u00f3i ad\u00f3, \u00e9s a j\u00f6v\u0151re n\u00e9zve kedvez\u0151bb\u00e9 v\u00e1lnak a fejleszt\u00e9si ad\u00f3kedvezm\u00e9ny szab\u00e1lyai.<\/li>\n<\/ul>\n<p>Csak ezek az int\u00e9zked\u00e9sek \u00f6sszess\u00e9g\u00e9ben 50 milli\u00e1rd forintot hagynak a v\u00e1llalkoz\u00e1sokn\u00e1l.<\/p>\n<div id=\"attachment_1551803\" style=\"width: 1410px\" class=\"wp-caption aligncenter\">\n<p class=\"wp-caption-text\">Varga Mih\u00e1ly p\u00e9nz\u00fcgyminiszter<br \/>Fot\u00f3: MTI\/Kov\u00e1cs Tam\u00e1s<\/p>\n<\/div>\n<p>A P\u00e9nz\u00fcgyminiszt\u00e9rium szerint olcs\u00f3bb lehet a csekkbefizet\u00e9s is. A csekkes \u00e1tutal\u00e1sok ugyanis 20 ezer forintig illet\u00e9kmentesek lesznek, tov\u00e1bb\u00e1 itt is \u00e9rv\u00e9nyes lesz a 6 ezer forintos illet\u00e9kmaximum. Az alacsony ad\u00f3k Magyarorsz\u00e1gra vonzhatnak sz\u00e1mos nemzetk\u00f6zi sportszervezetet is. A magyarorsz\u00e1gi sz\u00e9khelyet v\u00e1laszt\u00f3 nemzetk\u00f6zi sportszervezeteknek a munkav\u00e1llal\u00f3ik ut\u00e1n mind\u00f6ssze 15 sz\u00e1zal\u00e9k ad\u00f3t (ekhot) kell fizetni\u00fck, illetve a sportdiplom\u00e1cia k\u00f6r\u00e9be sorolhat\u00f3 juttat\u00e1saik ad\u00f3mentesek lesznek. Az ide k\u00f6lt\u00f6z\u0151 sz\u00f6vets\u00e9gek sz\u00e1mos konferenci\u00e1t, sportrendezv\u00e9nyt hozhatnak m\u00e9g haz\u00e1nkba, amely nemcsak a hazai gdp-t \u00e9s turizmust n\u00f6velik, hanem egyre t\u00f6bb embert inspir\u00e1lhatnak a sportol\u00e1sra \u00e9s az eg\u00e9szs\u00e9ges \u00e9letm\u00f3dra.<\/p>\n<p>A gazdas\u00e1gv\u00e9delmi akci\u00f3terv egyszer\u0171s\u00edt\u00e9sre vonatkoz\u00f3 k\u00e9t pontj\u00e1nak a r\u00e9szletszab\u00e1lyai is szerepelnek a t\u00f6rv\u00e9nyjavaslatban.<\/p>\n<p>A felt\u00f6lt\u00e9si k\u00f6telezetts\u00e9g megsz\u00fcntet\u00e9se \u2013 az adminisztr\u00e1ci\u00f3s terhek cs\u00f6kkent\u00e9se mellett \u2013 150-170 milli\u00e1rd forintot hagyhat minden \u00e9vben \u00f6t h\u00f3nappal tov\u00e1bb a gazdas\u00e1g szerepl\u0151in\u00e9l \u2013 \u00edrja a szakt\u00e1rca k\u00f6zlem\u00e9nye, mely hozz\u00e1teszi: nagy k\u00f6nnyebbs\u00e9get hoz, hogy n\u00e9gy ad\u00f3fajta sz\u0171nik meg 2020-t\u00f3l. Ha az Orsz\u00e1ggy\u0171l\u00e9s megszavazza a t\u00f6rv\u00e9nyjavaslatot az egyre cs\u00f6kken\u0151 tagl\u00e9tsz\u00e1m\u00fa egyszer\u0171s\u00edtett v\u00e1llalkoz\u00f3i ad\u00f3 (eva) megsz\u0171nik, a nyugd\u00edjj\u00e1rul\u00e9k, a term\u00e9szetbeni eg\u00e9szs\u00e9gbiztos\u00edt\u00e1si j\u00e1rul\u00e9k, a p\u00e9nzbeli eg\u00e9szs\u00e9gbiztos\u00edt\u00e1si j\u00e1rul\u00e9k \u00e9s a munkaer\u0151piaci j\u00e1rul\u00e9k pedig \u00f6sszeolvad, \u00e9s j\u00f6v\u0151re m\u00e1r egy ad\u00f3fajtak\u00e9nt kell nyilv\u00e1ntartani.<\/p>\n<p>Az egyszer\u0171s\u00edt\u00e9sek a mez\u0151gazdas\u00e1gi \u0151stermel\u0151ket is \u00e9rintik, t\u00f6bbs\u00e9g\u00fck mentes\u00fcl a szoci\u00e1lis hozz\u00e1j\u00e1rul\u00e1si ad\u00f3 negyed\u00e9venk\u00e9nti bevall\u00e1si \u00e9s ad\u00f3el\u0151leg-fizet\u00e9si k\u00f6telezetts\u00e9ge al\u00f3l. M\u00e9g t\u00f6bb k\u00fclf\u00f6ldi befektet\u0151-csoportot vonzhatnak haz\u00e1nkba az egyszer\u0171s\u00edt\u00e9sek a csoportos t\u00e1rsas\u00e1gi alanyis\u00e1g szab\u00e1lyoz\u00e1sban. A k\u00f6nny\u00edt\u00e9sek szerint pl. a csoporttagoknak nem kell azonos p\u00e9nznemben vezetni a k\u00f6nyveiket, \u00e9s jelent\u0151sen cs\u00f6kken a nyilatkozatok sz\u00e1ma is. Emellett egyszer\u0171s\u00f6dnek a kamatlevon\u00e1sra, az ad\u00f3kedvezm\u00e9nyekre \u00e9s az ad\u00f3felaj\u00e1nl\u00e1sra vonatkoz\u00f3 szab\u00e1lyok.<\/p>\n<div id=\"attachment_1542419\" style=\"width: 1410px\" class=\"wp-caption aligncenter\"><img loading=\"lazy\" decoding=\"async\" class=\"size-full wp-image-1542419\" src=\"https:\/\/super-news.info\/hu\/wp-content\/uploads\/sites\/3\/2019\/06\/1559666026_368_Jovore-is-folytatodnak-az-adocsokkentesek.jpg\" alt=\"\" width=\"1400\" height=\"920\"  \/><\/p>\n<p class=\"wp-caption-text\">Varga Mih\u00e1ly<br \/>Fot\u00f3: MTI\/Illy\u00e9s Tibor<\/p>\n<\/div>\n<p>A kedden beny\u00fajtott, hosszabb t\u00f6rv\u00e9nyjavaslatban az uni\u00f3s ir\u00e1nyelvek, szab\u00e1lyok \u00e1t\u00fcltet\u00e9se szerepel. Az ir\u00e1nyelveknek val\u00f3 megfelel\u00e9s mellett a f\u0151 c\u00e9l az volt, hogy az \u00e1t\u00fcltet\u00e9s lehet\u0151s\u00e9g szerint jav\u00edtsa a magyar v\u00e1llalkoz\u00e1sok versenyk\u00e9pess\u00e9g\u00e9t.<\/p>\n<blockquote>\n<p>A piaci ig\u00e9nyeknek is megfelel\u0151 szab\u00e1lyoz\u00e1s kialak\u00edt\u00e1s\u00e1ban az Ad\u00f3-Tan\u00e1cskoz\u00e1son r\u00e9sztvev\u0151 legnagyobb szak\u00e9rtelemmel \u00e9s \u00fcgyf\u00e9lk\u00f6rrel rendelkez\u0151 ad\u00f3z\u00e1si szakemberek is r\u00e9szt vettek<\/p>\n<\/blockquote>\n<p>\u2013 \u00edrja a PM. Szerint\u00fck kedvez\u0151 v\u00e1ltoz\u00e1s az is, hogy a behajthatatlan vev\u0151k\u00f6vetel\u00e9sekre jut\u00f3 \u00e1fa szigor\u00fa keretek k\u00f6z\u00f6tt visszaig\u00e9nyelhet\u0151v\u00e9 v\u00e1lik. Vagyis meghat\u00e1rozott felt\u00e9telek fenn\u00e1ll\u00e1sa eset\u00e9n azt az \u00e1f\u00e1t lehet visszak\u00e9rni, amelyet a v\u00e1llalkoz\u00f3 \u00fagy fizetett meg az ad\u00f3hivatalnak, hogy azt a vev\u0151 neki nem fizette meg.<\/p>\n<p>Uni\u00f3s k\u00f6telezetts\u00e9g miatt ker\u00fclt be a t\u00f6rv\u00e9nyjavaslatba a cigaretta j\u00f6ved\u00e9ki ad\u00f3m\u00e9rt\u00e9k\u00e9t meghat\u00e1roz\u00f3 utols\u00f3 h\u00e1rom l\u00e9p\u00e9s, amellyel a tervek szerint 2021-re el\u00e9rj\u00fck az el\u0151\u00edrt uni\u00f3s minimum ad\u00f3 szintj\u00e9t.<\/p>\n<\/p><\/div>\n<p><script>\n    window.fbAsyncInit = function() {\n        FB.init({\n            appId      : \"204760236815359\",\n            xfbml      : true,\n            version    : \"v2.12\"\n        });\n        FB.AppEvents.logPageView();\n    };<\/p>\n<p>    (function(d, s, id){\n        var js, fjs = d.getElementsByTagName(s)[0];\n        if (d.getElementById(id)) {return;}\n        js = d.createElement(s); js.id = id;\n        js.src = \"http:\/\/connect.facebook.net\/hu_HU\/sdk.js\";\n        fjs.parentNode.insertBefore(js, fjs);\n    }(document, \"script\", \"facebook-jssdk\"));\n<\/script><br \/>\n<br \/>[ad_2]<br \/>\n<br \/><a href=\"https:\/\/www.vg.hu\/gazdasag\/gazdasagpolitika\/jovore-is-folytatodnak-az-adocsokkentesek-1552331\/\">Source link <\/a><\/p>\n","protected":false},"excerpt":{"rendered":"<p>[ad_1] A csal\u00e1dv\u00e9delmi \u00e9s a gazdas\u00e1gv\u00e9delmi akci\u00f3val \u00f6sszhangban j\u00f6v\u0151re is folytat\u00f3dik az ad\u00f3- \u00e9s adminisztr\u00e1ci\u00f3 cs\u00f6kkent\u00e9s \u2013 ezt tartalmazza a kedden az Orsz\u00e1ggy\u0171l\u00e9s el\u00e9 ker\u00fcl\u0151 j\u00f6v\u0151 \u00e9vi ad\u00f3t\u00f6rv\u00e9nyr\u0151l sz\u00f3l\u00f3 javaslat. Az ad\u00f3rendszer alapjai v\u00e1ltozatlanok, a csal\u00e1di ad\u00f3rendszer megtart\u00e1sa, a n\u00e9gygyermekes any\u00e1k \u00e9lethosszig tart\u00f3 szja-mentess\u00e9g\u00e9nek bevezet\u00e9se mellett a gazdas\u00e1g minden szerepl\u0151j\u00e9nek k\u00f6nnyebb lesz 2020-ban. Cs\u00f6kken a [&hellip;]<\/p>\n","protected":false},"author":2,"featured_media":3393,"comment_status":"open","ping_status":"open","sticky":false,"template":"","format":"standard","meta":{"footnotes":""},"categories":[1],"tags":[],"class_list":["post-3392","post","type-post","status-publish","format-standard","has-post-thumbnail","hentry","category-penzugyi-hirek"],"yoast_head":"<!-- This site is optimized with the Yoast SEO plugin v27.4 - https:\/\/yoast.com\/product\/yoast-seo-wordpress\/ -->\n<title>J\u00f6v\u0151re is folytat\u00f3dnak az ad\u00f3cs\u00f6kkent\u00e9sek - Super News<\/title>\n<meta name=\"robots\" content=\"index, follow, max-snippet:-1, max-image-preview:large, max-video-preview:-1\" \/>\n<link rel=\"canonical\" href=\"https:\/\/super-news.info\/hu\/jovore-is-folytatodnak-az-adocsokkentesek\/\" \/>\n<meta property=\"og:locale\" content=\"hu_HU\" \/>\n<meta property=\"og:type\" content=\"article\" \/>\n<meta property=\"og:title\" content=\"J\u00f6v\u0151re is folytat\u00f3dnak az ad\u00f3cs\u00f6kkent\u00e9sek - Super News\" \/>\n<meta property=\"og:description\" content=\"[ad_1] A csal\u00e1dv\u00e9delmi \u00e9s a gazdas\u00e1gv\u00e9delmi akci\u00f3val \u00f6sszhangban j\u00f6v\u0151re is folytat\u00f3dik az ad\u00f3- \u00e9s adminisztr\u00e1ci\u00f3 cs\u00f6kkent\u00e9s \u2013 ezt tartalmazza a kedden az Orsz\u00e1ggy\u0171l\u00e9s el\u00e9 ker\u00fcl\u0151 j\u00f6v\u0151 \u00e9vi ad\u00f3t\u00f6rv\u00e9nyr\u0151l sz\u00f3l\u00f3 javaslat. Az ad\u00f3rendszer alapjai v\u00e1ltozatlanok, a csal\u00e1di ad\u00f3rendszer megtart\u00e1sa, a n\u00e9gygyermekes any\u00e1k \u00e9lethosszig tart\u00f3 szja-mentess\u00e9g\u00e9nek bevezet\u00e9se mellett a gazdas\u00e1g minden szerepl\u0151j\u00e9nek k\u00f6nnyebb lesz 2020-ban. Cs\u00f6kken a [&hellip;]\" \/>\n<meta property=\"og:url\" content=\"https:\/\/super-news.info\/hu\/jovore-is-folytatodnak-az-adocsokkentesek\/\" \/>\n<meta property=\"og:site_name\" content=\"Super News\" \/>\n<meta property=\"article:published_time\" content=\"2019-06-04T16:33:46+00:00\" \/>\n<meta property=\"article:modified_time\" content=\"2019-06-04T16:33:47+00:00\" \/>\n<meta property=\"og:image\" content=\"https:\/\/super-news.info\/hu\/wp-content\/uploads\/sites\/3\/2019\/06\/J\u00f6v\u0151re-is-folytat\u00f3dnak-az-ad\u00f3cs\u00f6kkent\u00e9sek.jpg\" \/>\n\t<meta property=\"og:image:width\" content=\"1400\" \/>\n\t<meta property=\"og:image:height\" content=\"787\" \/>\n\t<meta property=\"og:image:type\" content=\"image\/jpeg\" \/>\n<meta name=\"author\" content=\"super-news\" \/>\n<meta name=\"twitter:card\" content=\"summary_large_image\" \/>\n<meta name=\"twitter:label1\" content=\"Szerz\u0151:\" \/>\n\t<meta name=\"twitter:data1\" content=\"super-news\" \/>\n\t<meta name=\"twitter:label2\" content=\"Becs\u00fclt olvas\u00e1si id\u0151\" \/>\n\t<meta name=\"twitter:data2\" content=\"5 perc\" \/>\n<script type=\"application\/ld+json\" class=\"yoast-schema-graph\">{\"@context\":\"https:\\\/\\\/schema.org\",\"@graph\":[{\"@type\":\"Article\",\"@id\":\"https:\\\/\\\/super-news.info\\\/hu\\\/jovore-is-folytatodnak-az-adocsokkentesek\\\/#article\",\"isPartOf\":{\"@id\":\"https:\\\/\\\/super-news.info\\\/hu\\\/jovore-is-folytatodnak-az-adocsokkentesek\\\/\"},\"author\":{\"name\":\"super-news\",\"@id\":\"https:\\\/\\\/super-news.info\\\/hu\\\/#\\\/schema\\\/person\\\/2d4068cb2f39cd10008c2fce578a7356\"},\"headline\":\"J\u00f6v\u0151re is folytat\u00f3dnak az ad\u00f3cs\u00f6kkent\u00e9sek\",\"datePublished\":\"2019-06-04T16:33:46+00:00\",\"dateModified\":\"2019-06-04T16:33:47+00:00\",\"mainEntityOfPage\":{\"@id\":\"https:\\\/\\\/super-news.info\\\/hu\\\/jovore-is-folytatodnak-az-adocsokkentesek\\\/\"},\"wordCount\":1087,\"commentCount\":0,\"image\":{\"@id\":\"https:\\\/\\\/super-news.info\\\/hu\\\/jovore-is-folytatodnak-az-adocsokkentesek\\\/#primaryimage\"},\"thumbnailUrl\":\"https:\\\/\\\/super-news.info\\\/hu\\\/wp-content\\\/uploads\\\/sites\\\/3\\\/2019\\\/06\\\/J\u00f6v\u0151re-is-folytat\u00f3dnak-az-ad\u00f3cs\u00f6kkent\u00e9sek.jpg\",\"articleSection\":[\"P\u00c9NZ\u00dcGYI H\u00cdREK\"],\"inLanguage\":\"hu\",\"potentialAction\":[{\"@type\":\"CommentAction\",\"name\":\"Comment\",\"target\":[\"https:\\\/\\\/super-news.info\\\/hu\\\/jovore-is-folytatodnak-az-adocsokkentesek\\\/#respond\"]}]},{\"@type\":\"WebPage\",\"@id\":\"https:\\\/\\\/super-news.info\\\/hu\\\/jovore-is-folytatodnak-az-adocsokkentesek\\\/\",\"url\":\"https:\\\/\\\/super-news.info\\\/hu\\\/jovore-is-folytatodnak-az-adocsokkentesek\\\/\",\"name\":\"J\u00f6v\u0151re is folytat\u00f3dnak az ad\u00f3cs\u00f6kkent\u00e9sek - Super News\",\"isPartOf\":{\"@id\":\"https:\\\/\\\/super-news.info\\\/hu\\\/#website\"},\"primaryImageOfPage\":{\"@id\":\"https:\\\/\\\/super-news.info\\\/hu\\\/jovore-is-folytatodnak-az-adocsokkentesek\\\/#primaryimage\"},\"image\":{\"@id\":\"https:\\\/\\\/super-news.info\\\/hu\\\/jovore-is-folytatodnak-az-adocsokkentesek\\\/#primaryimage\"},\"thumbnailUrl\":\"https:\\\/\\\/super-news.info\\\/hu\\\/wp-content\\\/uploads\\\/sites\\\/3\\\/2019\\\/06\\\/J\u00f6v\u0151re-is-folytat\u00f3dnak-az-ad\u00f3cs\u00f6kkent\u00e9sek.jpg\",\"datePublished\":\"2019-06-04T16:33:46+00:00\",\"dateModified\":\"2019-06-04T16:33:47+00:00\",\"author\":{\"@id\":\"https:\\\/\\\/super-news.info\\\/hu\\\/#\\\/schema\\\/person\\\/2d4068cb2f39cd10008c2fce578a7356\"},\"breadcrumb\":{\"@id\":\"https:\\\/\\\/super-news.info\\\/hu\\\/jovore-is-folytatodnak-az-adocsokkentesek\\\/#breadcrumb\"},\"inLanguage\":\"hu\",\"potentialAction\":[{\"@type\":\"ReadAction\",\"target\":[\"https:\\\/\\\/super-news.info\\\/hu\\\/jovore-is-folytatodnak-az-adocsokkentesek\\\/\"]}]},{\"@type\":\"ImageObject\",\"inLanguage\":\"hu\",\"@id\":\"https:\\\/\\\/super-news.info\\\/hu\\\/jovore-is-folytatodnak-az-adocsokkentesek\\\/#primaryimage\",\"url\":\"https:\\\/\\\/super-news.info\\\/hu\\\/wp-content\\\/uploads\\\/sites\\\/3\\\/2019\\\/06\\\/J\u00f6v\u0151re-is-folytat\u00f3dnak-az-ad\u00f3cs\u00f6kkent\u00e9sek.jpg\",\"contentUrl\":\"https:\\\/\\\/super-news.info\\\/hu\\\/wp-content\\\/uploads\\\/sites\\\/3\\\/2019\\\/06\\\/J\u00f6v\u0151re-is-folytat\u00f3dnak-az-ad\u00f3cs\u00f6kkent\u00e9sek.jpg\",\"width\":1400,\"height\":787,\"caption\":\"J\u00f6v\u0151re is folytat\u00f3dnak az ad\u00f3cs\u00f6kkent\u00e9sek\"},{\"@type\":\"BreadcrumbList\",\"@id\":\"https:\\\/\\\/super-news.info\\\/hu\\\/jovore-is-folytatodnak-az-adocsokkentesek\\\/#breadcrumb\",\"itemListElement\":[{\"@type\":\"ListItem\",\"position\":1,\"name\":\"\u0413\u043b\u0430\u0432\u043d\u0430\u044f \u0441\u0442\u0440\u0430\u043d\u0438\u0446\u0430\",\"item\":\"https:\\\/\\\/super-news.info\\\/hu\\\/\"},{\"@type\":\"ListItem\",\"position\":2,\"name\":\"J\u00f6v\u0151re is folytat\u00f3dnak az ad\u00f3cs\u00f6kkent\u00e9sek\"}]},{\"@type\":\"WebSite\",\"@id\":\"https:\\\/\\\/super-news.info\\\/hu\\\/#website\",\"url\":\"https:\\\/\\\/super-news.info\\\/hu\\\/\",\"name\":\"Super News\",\"description\":\"Super News Magyarorsz\u00e1g\",\"potentialAction\":[{\"@type\":\"SearchAction\",\"target\":{\"@type\":\"EntryPoint\",\"urlTemplate\":\"https:\\\/\\\/super-news.info\\\/hu\\\/?s={search_term_string}\"},\"query-input\":{\"@type\":\"PropertyValueSpecification\",\"valueRequired\":true,\"valueName\":\"search_term_string\"}}],\"inLanguage\":\"hu\"},{\"@type\":\"Person\",\"@id\":\"https:\\\/\\\/super-news.info\\\/hu\\\/#\\\/schema\\\/person\\\/2d4068cb2f39cd10008c2fce578a7356\",\"name\":\"super-news\",\"image\":{\"@type\":\"ImageObject\",\"inLanguage\":\"hu\",\"@id\":\"https:\\\/\\\/secure.gravatar.com\\\/avatar\\\/64ebac40b93f26a154f8a9b5b6fdccfc46f442b26b3dd6756dbff3bf9dc76fd7?s=96&d=mm&r=g\",\"url\":\"https:\\\/\\\/secure.gravatar.com\\\/avatar\\\/64ebac40b93f26a154f8a9b5b6fdccfc46f442b26b3dd6756dbff3bf9dc76fd7?s=96&d=mm&r=g\",\"contentUrl\":\"https:\\\/\\\/secure.gravatar.com\\\/avatar\\\/64ebac40b93f26a154f8a9b5b6fdccfc46f442b26b3dd6756dbff3bf9dc76fd7?s=96&d=mm&r=g\",\"caption\":\"super-news\"},\"url\":\"https:\\\/\\\/super-news.info\\\/hu\\\/author\\\/pt\\\/\"}]}<\/script>\n<!-- \/ Yoast SEO plugin. -->","yoast_head_json":{"title":"J\u00f6v\u0151re is folytat\u00f3dnak az ad\u00f3cs\u00f6kkent\u00e9sek - Super News","robots":{"index":"index","follow":"follow","max-snippet":"max-snippet:-1","max-image-preview":"max-image-preview:large","max-video-preview":"max-video-preview:-1"},"canonical":"https:\/\/super-news.info\/hu\/jovore-is-folytatodnak-az-adocsokkentesek\/","og_locale":"hu_HU","og_type":"article","og_title":"J\u00f6v\u0151re is folytat\u00f3dnak az ad\u00f3cs\u00f6kkent\u00e9sek - Super News","og_description":"[ad_1] A csal\u00e1dv\u00e9delmi \u00e9s a gazdas\u00e1gv\u00e9delmi akci\u00f3val \u00f6sszhangban j\u00f6v\u0151re is folytat\u00f3dik az ad\u00f3- \u00e9s adminisztr\u00e1ci\u00f3 cs\u00f6kkent\u00e9s \u2013 ezt tartalmazza a kedden az Orsz\u00e1ggy\u0171l\u00e9s el\u00e9 ker\u00fcl\u0151 j\u00f6v\u0151 \u00e9vi ad\u00f3t\u00f6rv\u00e9nyr\u0151l sz\u00f3l\u00f3 javaslat. Az ad\u00f3rendszer alapjai v\u00e1ltozatlanok, a csal\u00e1di ad\u00f3rendszer megtart\u00e1sa, a n\u00e9gygyermekes any\u00e1k \u00e9lethosszig tart\u00f3 szja-mentess\u00e9g\u00e9nek bevezet\u00e9se mellett a gazdas\u00e1g minden szerepl\u0151j\u00e9nek k\u00f6nnyebb lesz 2020-ban. Cs\u00f6kken a [&hellip;]","og_url":"https:\/\/super-news.info\/hu\/jovore-is-folytatodnak-az-adocsokkentesek\/","og_site_name":"Super News","article_published_time":"2019-06-04T16:33:46+00:00","article_modified_time":"2019-06-04T16:33:47+00:00","og_image":[{"width":1400,"height":787,"url":"https:\/\/super-news.info\/hu\/wp-content\/uploads\/sites\/3\/2019\/06\/J\u00f6v\u0151re-is-folytat\u00f3dnak-az-ad\u00f3cs\u00f6kkent\u00e9sek.jpg","type":"image\/jpeg"}],"author":"super-news","twitter_card":"summary_large_image","twitter_misc":{"Szerz\u0151:":"super-news","Becs\u00fclt olvas\u00e1si id\u0151":"5 perc"},"schema":{"@context":"https:\/\/schema.org","@graph":[{"@type":"Article","@id":"https:\/\/super-news.info\/hu\/jovore-is-folytatodnak-az-adocsokkentesek\/#article","isPartOf":{"@id":"https:\/\/super-news.info\/hu\/jovore-is-folytatodnak-az-adocsokkentesek\/"},"author":{"name":"super-news","@id":"https:\/\/super-news.info\/hu\/#\/schema\/person\/2d4068cb2f39cd10008c2fce578a7356"},"headline":"J\u00f6v\u0151re is folytat\u00f3dnak az ad\u00f3cs\u00f6kkent\u00e9sek","datePublished":"2019-06-04T16:33:46+00:00","dateModified":"2019-06-04T16:33:47+00:00","mainEntityOfPage":{"@id":"https:\/\/super-news.info\/hu\/jovore-is-folytatodnak-az-adocsokkentesek\/"},"wordCount":1087,"commentCount":0,"image":{"@id":"https:\/\/super-news.info\/hu\/jovore-is-folytatodnak-az-adocsokkentesek\/#primaryimage"},"thumbnailUrl":"https:\/\/super-news.info\/hu\/wp-content\/uploads\/sites\/3\/2019\/06\/J\u00f6v\u0151re-is-folytat\u00f3dnak-az-ad\u00f3cs\u00f6kkent\u00e9sek.jpg","articleSection":["P\u00c9NZ\u00dcGYI H\u00cdREK"],"inLanguage":"hu","potentialAction":[{"@type":"CommentAction","name":"Comment","target":["https:\/\/super-news.info\/hu\/jovore-is-folytatodnak-az-adocsokkentesek\/#respond"]}]},{"@type":"WebPage","@id":"https:\/\/super-news.info\/hu\/jovore-is-folytatodnak-az-adocsokkentesek\/","url":"https:\/\/super-news.info\/hu\/jovore-is-folytatodnak-az-adocsokkentesek\/","name":"J\u00f6v\u0151re is folytat\u00f3dnak az ad\u00f3cs\u00f6kkent\u00e9sek - Super News","isPartOf":{"@id":"https:\/\/super-news.info\/hu\/#website"},"primaryImageOfPage":{"@id":"https:\/\/super-news.info\/hu\/jovore-is-folytatodnak-az-adocsokkentesek\/#primaryimage"},"image":{"@id":"https:\/\/super-news.info\/hu\/jovore-is-folytatodnak-az-adocsokkentesek\/#primaryimage"},"thumbnailUrl":"https:\/\/super-news.info\/hu\/wp-content\/uploads\/sites\/3\/2019\/06\/J\u00f6v\u0151re-is-folytat\u00f3dnak-az-ad\u00f3cs\u00f6kkent\u00e9sek.jpg","datePublished":"2019-06-04T16:33:46+00:00","dateModified":"2019-06-04T16:33:47+00:00","author":{"@id":"https:\/\/super-news.info\/hu\/#\/schema\/person\/2d4068cb2f39cd10008c2fce578a7356"},"breadcrumb":{"@id":"https:\/\/super-news.info\/hu\/jovore-is-folytatodnak-az-adocsokkentesek\/#breadcrumb"},"inLanguage":"hu","potentialAction":[{"@type":"ReadAction","target":["https:\/\/super-news.info\/hu\/jovore-is-folytatodnak-az-adocsokkentesek\/"]}]},{"@type":"ImageObject","inLanguage":"hu","@id":"https:\/\/super-news.info\/hu\/jovore-is-folytatodnak-az-adocsokkentesek\/#primaryimage","url":"https:\/\/super-news.info\/hu\/wp-content\/uploads\/sites\/3\/2019\/06\/J\u00f6v\u0151re-is-folytat\u00f3dnak-az-ad\u00f3cs\u00f6kkent\u00e9sek.jpg","contentUrl":"https:\/\/super-news.info\/hu\/wp-content\/uploads\/sites\/3\/2019\/06\/J\u00f6v\u0151re-is-folytat\u00f3dnak-az-ad\u00f3cs\u00f6kkent\u00e9sek.jpg","width":1400,"height":787,"caption":"J\u00f6v\u0151re is folytat\u00f3dnak az ad\u00f3cs\u00f6kkent\u00e9sek"},{"@type":"BreadcrumbList","@id":"https:\/\/super-news.info\/hu\/jovore-is-folytatodnak-az-adocsokkentesek\/#breadcrumb","itemListElement":[{"@type":"ListItem","position":1,"name":"\u0413\u043b\u0430\u0432\u043d\u0430\u044f \u0441\u0442\u0440\u0430\u043d\u0438\u0446\u0430","item":"https:\/\/super-news.info\/hu\/"},{"@type":"ListItem","position":2,"name":"J\u00f6v\u0151re is folytat\u00f3dnak az ad\u00f3cs\u00f6kkent\u00e9sek"}]},{"@type":"WebSite","@id":"https:\/\/super-news.info\/hu\/#website","url":"https:\/\/super-news.info\/hu\/","name":"Super News","description":"Super News Magyarorsz\u00e1g","potentialAction":[{"@type":"SearchAction","target":{"@type":"EntryPoint","urlTemplate":"https:\/\/super-news.info\/hu\/?s={search_term_string}"},"query-input":{"@type":"PropertyValueSpecification","valueRequired":true,"valueName":"search_term_string"}}],"inLanguage":"hu"},{"@type":"Person","@id":"https:\/\/super-news.info\/hu\/#\/schema\/person\/2d4068cb2f39cd10008c2fce578a7356","name":"super-news","image":{"@type":"ImageObject","inLanguage":"hu","@id":"https:\/\/secure.gravatar.com\/avatar\/64ebac40b93f26a154f8a9b5b6fdccfc46f442b26b3dd6756dbff3bf9dc76fd7?s=96&d=mm&r=g","url":"https:\/\/secure.gravatar.com\/avatar\/64ebac40b93f26a154f8a9b5b6fdccfc46f442b26b3dd6756dbff3bf9dc76fd7?s=96&d=mm&r=g","contentUrl":"https:\/\/secure.gravatar.com\/avatar\/64ebac40b93f26a154f8a9b5b6fdccfc46f442b26b3dd6756dbff3bf9dc76fd7?s=96&d=mm&r=g","caption":"super-news"},"url":"https:\/\/super-news.info\/hu\/author\/pt\/"}]}},"_links":{"self":[{"href":"https:\/\/super-news.info\/hu\/wp-json\/wp\/v2\/posts\/3392","targetHints":{"allow":["GET"]}}],"collection":[{"href":"https:\/\/super-news.info\/hu\/wp-json\/wp\/v2\/posts"}],"about":[{"href":"https:\/\/super-news.info\/hu\/wp-json\/wp\/v2\/types\/post"}],"author":[{"embeddable":true,"href":"https:\/\/super-news.info\/hu\/wp-json\/wp\/v2\/users\/2"}],"replies":[{"embeddable":true,"href":"https:\/\/super-news.info\/hu\/wp-json\/wp\/v2\/comments?post=3392"}],"version-history":[{"count":1,"href":"https:\/\/super-news.info\/hu\/wp-json\/wp\/v2\/posts\/3392\/revisions"}],"predecessor-version":[{"id":3394,"href":"https:\/\/super-news.info\/hu\/wp-json\/wp\/v2\/posts\/3392\/revisions\/3394"}],"wp:featuredmedia":[{"embeddable":true,"href":"https:\/\/super-news.info\/hu\/wp-json\/wp\/v2\/media\/3393"}],"wp:attachment":[{"href":"https:\/\/super-news.info\/hu\/wp-json\/wp\/v2\/media?parent=3392"}],"wp:term":[{"taxonomy":"category","embeddable":true,"href":"https:\/\/super-news.info\/hu\/wp-json\/wp\/v2\/categories?post=3392"},{"taxonomy":"post_tag","embeddable":true,"href":"https:\/\/super-news.info\/hu\/wp-json\/wp\/v2\/tags?post=3392"}],"curies":[{"name":"wp","href":"https:\/\/api.w.org\/{rel}","templated":true}]}}